{"id":93411,"date":"2018-10-01T00:00:00","date_gmt":"2018-10-01T02:00:00","guid":{"rendered":"http:\/\/pre.boxrepsol.com\/sin-categorizar\/kunii-garcia-pons-bertelle-se-reparten-las-victorias-jerez\/"},"modified":"2024-05-22T08:45:06","modified_gmt":"2024-05-22T10:45:06","slug":"kunii-garcia-pons-bertelle-se-reparten-las-victorias-jerez","status":"publish","type":"post","link":"https:\/\/www.boxrepsol.com\/es\/sin-categorizar\/kunii-garcia-pons-bertelle-se-reparten-las-victorias-jerez\/","title":{"rendered":"Kunii, Garc\u00eda, Pons y Bertelle se reparten las victorias en Jerez"},"content":{"rendered":"<p><strong>Yuki Kunii<\/strong> ha logrado su primera victoria en una primera e intensa carrera de Moto3, que se ha saldado con un incidente m\u00faltiple en la \u00faltima curva protagonizado por Ogura, Garc\u00eda y Pagliani.<\/p>\n<p>En la segunda manga del Mundial Junior, el ganador ha sido <strong>Sergio Garc\u00eda<\/strong>.<\/p>\n<p>Tras su paso por <a href=\"https:\/\/www.boxrepsol.com\/es\/motogp\/jerez-mucho-mas-la-capital-mundial-del-motociclismo\/\">Jerez<\/a>, <strong>Ra\u00fal Fern\u00e1ndez<\/strong>, aumenta en cuatro puntos \u201332 ahora\u2013 su ventaja al frente del campeonato.<\/p>\n<p>La \u00fanica carrera del Campeonato Europeo de Moto2, ha concluido con una c\u00f3moda victoria de <strong>Edgar Pons<\/strong>.<\/p>\n<p>Con este resultado, el piloto catal\u00e1n se coloca segundo de la clasificaci\u00f3n general a 47 puntos del primer clasificado, <strong>Jesko Raffin<\/strong>.<\/p>\n<p><strong>Matteo Bertelle<\/strong> se ha impuesto en las dos carreras de la European Talent Cup; ambas mangas se han decidido por menos de 10 mil\u00e9simas.<\/p>\n<p>Al frente de la clasificaci\u00f3n general, <strong>Xavier Artigas<\/strong> deshace el empate a puntos que manten\u00eda con Matteo Patacca y se coloca l\u00edder, con 21 puntos de ventaja.<\/p>\n<p><a href=\"https:\/\/bxrepsol.s3.eu-west-1.amazonaws.com\/static\/2022\/08\/05061657\/00_pilotos_fim_cev_repsol_rodando_en_pista_grupo_motos.jpg\" \n   title=\"Grupo de pilotos rodando en carrera en el FIM CEV Repsol\" \n   data-gallery-thumbnail=\"https:\/\/bxrepsol.s3.eu-west-1.amazonaws.com\/static\/2022\/08\/05061657\/00_pilotos_fim_cev_repsol_rodando_en_pista_grupo_motos.jpg\"\n   data-gallery><\/p>\n<figure>\n        <picture style=\"padding-bottom: 66.666666666667%; background-image: url(https:\/\/bxrepsol.s3.eu-west-1.amazonaws.com\/static\/2022\/08\/05061657\/00_pilotos_fim_cev_repsol_rodando_en_pista_grupo_motos.jpg);\">\n            <img decoding=\"async\" src=\"https:\/\/bxrepsol.s3.eu-west-1.amazonaws.com\/static\/2022\/08\/05061657\/00_pilotos_fim_cev_repsol_rodando_en_pista_grupo_motos.jpg\"><br \/>\n            <img itemprop=\"image\"\n                data-srcset=\"https:\/\/bxrepsol.s3.eu-west-1.amazonaws.com\/static\/2022\/08\/05061657\/00_pilotos_fim_cev_repsol_rodando_en_pista_grupo_motos.jpg 480w, https:\/\/bxrepsol.s3.eu-west-1.amazonaws.com\/static\/2022\/08\/05061657\/00_pilotos_fim_cev_repsol_rodando_en_pista_grupo_motos.jpg 600w, https:\/\/bxrepsol.s3.eu-west-1.amazonaws.com\/static\/2022\/08\/05061657\/00_pilotos_fim_cev_repsol_rodando_en_pista_grupo_motos.jpg 900w\"\n                data-src=\"https:\/\/bxrepsol.s3.eu-west-1.amazonaws.com\/static\/2022\/08\/05061657\/00_pilotos_fim_cev_repsol_rodando_en_pista_grupo_motos.jpg\"\n                alt=\"Grupo de pilotos rodando en carrera en el FIM CEV Repsol\"\n                title=\"Grupo de pilotos rodando en carrera en el FIM CEV Repsol\"\/><br \/>\n            <noscript><img decoding=\"async\" src=\"https:\/\/bxrepsol.s3.eu-west-1.amazonaws.com\/static\/2022\/08\/05061657\/00_pilotos_fim_cev_repsol_rodando_en_pista_grupo_motos.jpg\" alt=\"Grupo de pilotos rodando en carrera en el FIM CEV Repsol\"><\/noscript>\n        <\/picture><figcaption>Grupo de pilotos rodando en carrera en el FIM CEV Repsol<\/figcaption><\/figure>\n<p><\/a><\/p>\n<h3><strong>Yiku Kunii &#8211; Ganador de la 1\u00aa carrera de Moto3<\/strong><\/h3>\n<p><em>\u201cAl principio el grupo delantero ha abierto un peque\u00f1o hueco, as\u00ed que he tirado al m\u00e1ximo para intentar darles caza. Finalmente, Pagliani, Fern\u00e1ndez y yo hemos conseguido contactar con ellos, creando un grupo de cinco pilotos. En la \u00faltima curva de la \u00faltima vuelta, los tres pilotos de delante se han ido al suelo y eso me ha dado a m\u00ed la victoria. Estoy muy contento, quiero dar las gracias a todo mi equipo y a todos los que me han ayudado\u201d.<\/em><\/p>\n<h3><strong>Sergio Garc\u00eda\u00a0&#8211; Ganador de la 2\u00aa carrera de Moto3<\/strong><\/h3>\n<p><em>\u201cHa sido una carrera muy complicada y muy dura por las altas temperaturas. Aun as\u00ed, hemos hecho un gran trabajo. He sabido mantener la concentraci\u00f3n y al final, he podido adelantar a Ogura y conseguir esta victoria. Quiero dedicarle esta carrera a mi amigo Andreas P\u00e9rez que siempre estar\u00e1 con nosotros\u201d.<\/em><\/p>\n<h3><strong>Edgar Pons <\/strong><strong>&#8211; Ganador de la carrera de Moto2<\/strong><\/h3>\n<p><em>\u201cHa sido un fin de semana muy bueno. En los entrenamientos ten\u00edamos un poco m\u00e1s de ritmo que los dem\u00e1s, as\u00ed que en carrera nuestro objetivo era intentar salir primeros y tirar. Finalmente, ha sido as\u00ed; me he escapado en la primera vuelta pero no ha sido f\u00e1cil, ya que el resto de pilotos ven\u00edan empujando fuerte. Al final, los neum\u00e1ticos se han gastado un poco y era dif\u00edcil controlar la derrapada entrando y saliendo de las curvas. Pero he conseguido mantener la distancia con el segundo, Jesko Raffin, y ganar la carrera. Quiero dar las gracias al equipo y toda la gente que est\u00e1 detr\u00e1s de m\u00ed\u201d.<\/em><\/p>\n<h3><strong>Matteo Bertelle &#8211;\u00a0<\/strong><strong>Ganador de la 1\u00aa carrera de la European Talent Cup<\/strong><\/h3>\n<p><em>\u201cHa sido una primera manga muy dura porque hac\u00eda much\u00edsimo calor. Adem\u00e1s, ha sido una carrera en grupo y hemos estado luchando desde la primera hasta la \u00faltima vuelta. Estoy muy contento por esta victoria, quiero dar las gracias a mis padres y a todo el equipo por haberme ayudado a conseguirla\u201d.<\/em><\/p>\n<h3><strong>Matteo Bertelle &#8211;\u00a0<\/strong><strong>Ganador de la 2\u00aa carrera de la European Talent Cup<\/strong><\/h3>\n<p><em>\u201cEstoy muy contento por haber conseguido esta segunda victoria. Hemos hecho un gran trabajo, a pesar de que ha sido una carrera muy dura por el calor. Quiero darle las gracias a mi equipo porque la moto ha funcionado muy bien y me he sentido muy c\u00f3modo tanto en la primera como en la segunda carrera\u201d.<\/em><\/p>\n","protected":false},"excerpt":{"rendered":"<p>Yuki Kunii y Sergio Garc\u00eda, en el Mundial Junior, Edgar Pons, en Moto2, y Matteo Bertelle, en las dos mangas de la ETC, suben a lo m\u00e1s alto del podio en la sexta cita del FIM CEV Repsol.<\/p>\n","protected":false},"author":43146,"featured_media":59473,"comment_status":"open","ping_status":"open","sticky":false,"template":"","format":"standard","meta":{"footnotes":""},"categories":[1],"tags":[130],"class_list":["post-93411","post","type-post","status-publish","format-standard","hentry","category-sin-categorizar","tag-otros-eventos-y-competiciones"],"yoast_head":"<!-- This site is optimized with the Yoast SEO plugin v27.3 - https:\/\/yoast.com\/product\/yoast-seo-wordpress\/ -->\n<title>Kunii, Garc\u00eda, Pons y Bertelle se reparten las victorias en Jerez - Box Repsol<\/title>\n<meta name=\"description\" content=\"Yuki Kunii y Sergio Garc\u00eda, en el Mundial Junior, Edgar Pons, en Moto2, y Matteo Bertelle, en las dos mangas de la ETC se reparten las victorias en Jerez.\" \/>\n<link rel=\"canonical\" href=\"https:\/\/www.boxrepsol.com\/es\/sin-categorizar\/kunii-garcia-pons-bertelle-se-reparten-las-victorias-jerez\/\" \/>\n<meta property=\"og:locale\" content=\"es_ES\" \/>\n<meta property=\"og:type\" content=\"article\" \/>\n<meta property=\"og:title\" content=\"Kunii, Garc\u00eda, Pons y Bertelle se reparten las victorias en Jerez - Box Repsol\" \/>\n<meta property=\"og:description\" content=\"Yuki Kunii y Sergio Garc\u00eda, en el Mundial Junior, Edgar Pons, en Moto2, y Matteo Bertelle, en las dos mangas de la ETC se reparten las victorias en Jerez.\" \/>\n<meta property=\"og:url\" content=\"https:\/\/www.boxrepsol.com\/es\/sin-categorizar\/kunii-garcia-pons-bertelle-se-reparten-las-victorias-jerez\/\" \/>\n<meta property=\"og:site_name\" content=\"Box Repsol\" \/>\n<meta property=\"article:publisher\" content=\"https:\/\/www.facebook.com\/BoxRepsol\" \/>\n<meta property=\"article:author\" content=\"https:\/\/www.facebook.com\/BoxRepsol\/\" \/>\n<meta property=\"article:published_time\" content=\"2018-10-01T02:00:00+00:00\" \/>\n<meta property=\"article:modified_time\" content=\"2024-05-22T10:45:06+00:00\" \/>\n<meta property=\"og:image\" content=\"https:\/\/bxrepsol.s3.eu-west-1.amazonaws.com\/static\/2022\/08\/29082837\/00_podio_fim_cev_repsol_motociclismo_-pilotos_jerez.jpg\" \/>\n\t<meta property=\"og:image:width\" content=\"1280\" \/>\n\t<meta property=\"og:image:height\" content=\"600\" \/>\n\t<meta property=\"og:image:type\" content=\"image\/jpeg\" \/>\n<meta name=\"author\" content=\"Redacci\u00f3n Box Repsol\" \/>\n<meta name=\"twitter:card\" content=\"summary_large_image\" \/>\n<meta name=\"twitter:creator\" content=\"@https:\/\/twitter.com\/box_repsol\" \/>\n<meta name=\"twitter:site\" content=\"@box_repsol\" \/>\n<meta name=\"twitter:label1\" content=\"Written by\" \/>\n\t<meta name=\"twitter:data1\" content=\"Redacci\u00f3n Box Repsol\" \/>\n\t<meta name=\"twitter:label2\" content=\"Est. reading time\" \/>\n\t<meta name=\"twitter:data2\" content=\"3 minutos\" \/>\n<script type=\"application\/ld+json\" class=\"yoast-schema-graph\">{\"@context\":\"https:\\\/\\\/schema.org\",\"@graph\":[{\"@type\":\"Article\",\"@id\":\"https:\\\/\\\/www.boxrepsol.com\\\/es\\\/sin-categorizar\\\/kunii-garcia-pons-bertelle-se-reparten-las-victorias-jerez\\\/#article\",\"isPartOf\":{\"@id\":\"https:\\\/\\\/www.boxrepsol.com\\\/es\\\/sin-categorizar\\\/kunii-garcia-pons-bertelle-se-reparten-las-victorias-jerez\\\/\"},\"author\":{\"name\":\"Redacci\u00f3n Box Repsol\",\"@id\":\"https:\\\/\\\/www.boxrepsol.com\\\/es\\\/#\\\/schema\\\/person\\\/c5c2138f2cca251b0ad92b7086bb60b7\"},\"headline\":\"Kunii, Garc\u00eda, Pons y Bertelle se reparten las victorias en Jerez\",\"datePublished\":\"2018-10-01T02:00:00+00:00\",\"dateModified\":\"2024-05-22T10:45:06+00:00\",\"mainEntityOfPage\":{\"@id\":\"https:\\\/\\\/www.boxrepsol.com\\\/es\\\/sin-categorizar\\\/kunii-garcia-pons-bertelle-se-reparten-las-victorias-jerez\\\/\"},\"wordCount\":603,\"commentCount\":0,\"publisher\":{\"@id\":\"https:\\\/\\\/www.boxrepsol.com\\\/es\\\/#organization\"},\"image\":{\"@id\":\"https:\\\/\\\/www.boxrepsol.com\\\/es\\\/sin-categorizar\\\/kunii-garcia-pons-bertelle-se-reparten-las-victorias-jerez\\\/#primaryimage\"},\"thumbnailUrl\":\"https:\\\/\\\/bxrepsol.s3.eu-west-1.amazonaws.com\\\/static\\\/2022\\\/08\\\/29082837\\\/00_podio_fim_cev_repsol_motociclismo_-pilotos_jerez.jpg\",\"keywords\":[\"otros eventos y competiciones\"],\"articleSection\":[\"Sin categorizar\"],\"inLanguage\":\"es\",\"potentialAction\":[{\"@type\":\"CommentAction\",\"name\":\"Comment\",\"target\":[\"https:\\\/\\\/www.boxrepsol.com\\\/es\\\/sin-categorizar\\\/kunii-garcia-pons-bertelle-se-reparten-las-victorias-jerez\\\/#respond\"]}]},{\"@type\":\"WebPage\",\"@id\":\"https:\\\/\\\/www.boxrepsol.com\\\/es\\\/sin-categorizar\\\/kunii-garcia-pons-bertelle-se-reparten-las-victorias-jerez\\\/\",\"url\":\"https:\\\/\\\/www.boxrepsol.com\\\/es\\\/sin-categorizar\\\/kunii-garcia-pons-bertelle-se-reparten-las-victorias-jerez\\\/\",\"name\":\"Kunii, Garc\u00eda, Pons y Bertelle se reparten las victorias en Jerez - Box Repsol\",\"isPartOf\":{\"@id\":\"https:\\\/\\\/www.boxrepsol.com\\\/es\\\/#website\"},\"primaryImageOfPage\":{\"@id\":\"https:\\\/\\\/www.boxrepsol.com\\\/es\\\/sin-categorizar\\\/kunii-garcia-pons-bertelle-se-reparten-las-victorias-jerez\\\/#primaryimage\"},\"image\":{\"@id\":\"https:\\\/\\\/www.boxrepsol.com\\\/es\\\/sin-categorizar\\\/kunii-garcia-pons-bertelle-se-reparten-las-victorias-jerez\\\/#primaryimage\"},\"thumbnailUrl\":\"https:\\\/\\\/bxrepsol.s3.eu-west-1.amazonaws.com\\\/static\\\/2022\\\/08\\\/29082837\\\/00_podio_fim_cev_repsol_motociclismo_-pilotos_jerez.jpg\",\"datePublished\":\"2018-10-01T02:00:00+00:00\",\"dateModified\":\"2024-05-22T10:45:06+00:00\",\"description\":\"Yuki Kunii y Sergio Garc\u00eda, en el Mundial Junior, Edgar Pons, en Moto2, y Matteo Bertelle, en las dos mangas de la ETC se reparten las victorias en Jerez.\",\"breadcrumb\":{\"@id\":\"https:\\\/\\\/www.boxrepsol.com\\\/es\\\/sin-categorizar\\\/kunii-garcia-pons-bertelle-se-reparten-las-victorias-jerez\\\/#breadcrumb\"},\"inLanguage\":\"es\",\"potentialAction\":[{\"@type\":\"ReadAction\",\"target\":[\"https:\\\/\\\/www.boxrepsol.com\\\/es\\\/sin-categorizar\\\/kunii-garcia-pons-bertelle-se-reparten-las-victorias-jerez\\\/\"]}]},{\"@type\":\"ImageObject\",\"inLanguage\":\"es\",\"@id\":\"https:\\\/\\\/www.boxrepsol.com\\\/es\\\/sin-categorizar\\\/kunii-garcia-pons-bertelle-se-reparten-las-victorias-jerez\\\/#primaryimage\",\"url\":\"https:\\\/\\\/bxrepsol.s3.eu-west-1.amazonaws.com\\\/static\\\/2022\\\/08\\\/29082837\\\/00_podio_fim_cev_repsol_motociclismo_-pilotos_jerez.jpg\",\"contentUrl\":\"https:\\\/\\\/bxrepsol.s3.eu-west-1.amazonaws.com\\\/static\\\/2022\\\/08\\\/29082837\\\/00_podio_fim_cev_repsol_motociclismo_-pilotos_jerez.jpg\",\"width\":1280,\"height\":600,\"caption\":\"Podio del FIM CEV Repsol\"},{\"@type\":\"BreadcrumbList\",\"@id\":\"https:\\\/\\\/www.boxrepsol.com\\\/es\\\/sin-categorizar\\\/kunii-garcia-pons-bertelle-se-reparten-las-victorias-jerez\\\/#breadcrumb\",\"itemListElement\":[{\"@type\":\"ListItem\",\"position\":1,\"name\":\"Home\",\"item\":\"https:\\\/\\\/www.boxrepsol.com\\\/es\\\/\"},{\"@type\":\"ListItem\",\"position\":2,\"name\":\"Kunii, Garc\u00eda, Pons y Bertelle se reparten las victorias en Jerez\"}]},{\"@type\":\"WebSite\",\"@id\":\"https:\\\/\\\/www.boxrepsol.com\\\/es\\\/#website\",\"url\":\"https:\\\/\\\/www.boxrepsol.com\\\/es\\\/\",\"name\":\"Box Repsol\",\"description\":\"Box Repsol Site\",\"publisher\":{\"@id\":\"https:\\\/\\\/www.boxrepsol.com\\\/es\\\/#organization\"},\"potentialAction\":[{\"@type\":\"SearchAction\",\"target\":{\"@type\":\"EntryPoint\",\"urlTemplate\":\"https:\\\/\\\/www.boxrepsol.com\\\/es\\\/?s={search_term_string}\"},\"query-input\":{\"@type\":\"PropertyValueSpecification\",\"valueRequired\":true,\"valueName\":\"search_term_string\"}}],\"inLanguage\":\"es\"},{\"@type\":\"Organization\",\"@id\":\"https:\\\/\\\/www.boxrepsol.com\\\/es\\\/#organization\",\"name\":\"Box Repsol\",\"url\":\"https:\\\/\\\/www.boxrepsol.com\\\/es\\\/\",\"logo\":{\"@type\":\"ImageObject\",\"inLanguage\":\"es\",\"@id\":\"https:\\\/\\\/www.boxrepsol.com\\\/es\\\/#\\\/schema\\\/logo\\\/image\\\/\",\"url\":\"https:\\\/\\\/bxrepsol.s3.eu-west-1.amazonaws.com\\\/static\\\/2025\\\/07\\\/30083337\\\/favicon-96x96-1.png\",\"contentUrl\":\"https:\\\/\\\/bxrepsol.s3.eu-west-1.amazonaws.com\\\/static\\\/2025\\\/07\\\/30083337\\\/favicon-96x96-1.png\",\"width\":96,\"height\":96,\"caption\":\"Box Repsol\"},\"image\":{\"@id\":\"https:\\\/\\\/www.boxrepsol.com\\\/es\\\/#\\\/schema\\\/logo\\\/image\\\/\"},\"sameAs\":[\"https:\\\/\\\/www.facebook.com\\\/BoxRepsol\",\"https:\\\/\\\/x.com\\\/box_repsol\",\"http:\\\/\\\/instagram.com\\\/box_repsol\",\"https:\\\/\\\/www.youtube.com\\\/user\\\/RepsolCompeticion\",\"https:\\\/\\\/www.flickr.com\\\/photos\\\/box_repsol\\\/\"]},{\"@type\":\"Person\",\"@id\":\"https:\\\/\\\/www.boxrepsol.com\\\/es\\\/#\\\/schema\\\/person\\\/c5c2138f2cca251b0ad92b7086bb60b7\",\"name\":\"Redacci\u00f3n Box Repsol\",\"image\":{\"@type\":\"ImageObject\",\"inLanguage\":\"es\",\"@id\":\"https:\\\/\\\/secure.gravatar.com\\\/avatar\\\/adf7b77e38b4419baf32c7e9c21dde01f4e40df611f0978e3006fc4ba0aaab7e?s=96&d=mm&r=g\",\"url\":\"https:\\\/\\\/secure.gravatar.com\\\/avatar\\\/adf7b77e38b4419baf32c7e9c21dde01f4e40df611f0978e3006fc4ba0aaab7e?s=96&d=mm&r=g\",\"contentUrl\":\"https:\\\/\\\/secure.gravatar.com\\\/avatar\\\/adf7b77e38b4419baf32c7e9c21dde01f4e40df611f0978e3006fc4ba0aaab7e?s=96&d=mm&r=g\",\"caption\":\"Redacci\u00f3n Box Repsol\"},\"description\":\"Box Repsol lo forma un equipo de periodistas, community managers, dise\u00f1adores y fot\u00f3grafos con m\u00e1s de 20 a\u00f1os de experiencia en el mundo del motorsport. Hemos vivido el primer mundial de un espa\u00f1ol en la categor\u00eda reina de motociclismo con \u00c1lex Crivill\u00e9, estuvimos en las victorias de Pedrosa y los t\u00edtulos de M\u00e1rquez, acompa\u00f1amos en \u00c1frica a Nani Roma y Marc Coma en sus conquistas del Dakar y hemos vibrado con los t\u00edtulos de Toni Bou en Trial. Adem\u00e1s, en nuestro equipo contamos con expertos en el mundo de las dos y cuatro ruedas tanto de la calle y las carreteras, como de los circuitos. Periodistas que han trabajado en revistas y publicaciones para hacerte llegar desde rutas y consejos de mantenimiento, a curiosidades y trucos de pilotaje.\",\"sameAs\":[\"https:\\\/\\\/www.facebook.com\\\/BoxRepsol\\\/\",\"https:\\\/\\\/www.instagram.com\\\/box_repsol\\\/\",\"https:\\\/\\\/x.com\\\/https:\\\/\\\/twitter.com\\\/box_repsol\",\"https:\\\/\\\/www.youtube.com\\\/@Boxrepsol\"],\"url\":\"https:\\\/\\\/www.boxrepsol.com\\\/es\\\/author\\\/redaccion-box-repsol\\\/\"}]}<\/script>\n<!-- \/ Yoast SEO plugin. -->","yoast_head_json":{"title":"Kunii, Garc\u00eda, Pons y Bertelle se reparten las victorias en Jerez - Box Repsol","description":"Yuki Kunii y Sergio Garc\u00eda, en el Mundial Junior, Edgar Pons, en Moto2, y Matteo Bertelle, en las dos mangas de la ETC se reparten las victorias en Jerez.","canonical":"https:\/\/www.boxrepsol.com\/es\/sin-categorizar\/kunii-garcia-pons-bertelle-se-reparten-las-victorias-jerez\/","og_locale":"es_ES","og_type":"article","og_title":"Kunii, Garc\u00eda, Pons y Bertelle se reparten las victorias en Jerez - Box Repsol","og_description":"Yuki Kunii y Sergio Garc\u00eda, en el Mundial Junior, Edgar Pons, en Moto2, y Matteo Bertelle, en las dos mangas de la ETC se reparten las victorias en Jerez.","og_url":"https:\/\/www.boxrepsol.com\/es\/sin-categorizar\/kunii-garcia-pons-bertelle-se-reparten-las-victorias-jerez\/","og_site_name":"Box Repsol","article_publisher":"https:\/\/www.facebook.com\/BoxRepsol","article_author":"https:\/\/www.facebook.com\/BoxRepsol\/","article_published_time":"2018-10-01T02:00:00+00:00","article_modified_time":"2024-05-22T10:45:06+00:00","og_image":[{"width":1280,"height":600,"url":"https:\/\/bxrepsol.s3.eu-west-1.amazonaws.com\/static\/2022\/08\/29082837\/00_podio_fim_cev_repsol_motociclismo_-pilotos_jerez.jpg","type":"image\/jpeg"}],"author":"Redacci\u00f3n Box Repsol","twitter_card":"summary_large_image","twitter_creator":"@https:\/\/twitter.com\/box_repsol","twitter_site":"@box_repsol","twitter_misc":{"Written by":"Redacci\u00f3n Box Repsol","Est. reading time":"3 minutos"},"schema":{"@context":"https:\/\/schema.org","@graph":[{"@type":"Article","@id":"https:\/\/www.boxrepsol.com\/es\/sin-categorizar\/kunii-garcia-pons-bertelle-se-reparten-las-victorias-jerez\/#article","isPartOf":{"@id":"https:\/\/www.boxrepsol.com\/es\/sin-categorizar\/kunii-garcia-pons-bertelle-se-reparten-las-victorias-jerez\/"},"author":{"name":"Redacci\u00f3n Box Repsol","@id":"https:\/\/www.boxrepsol.com\/es\/#\/schema\/person\/c5c2138f2cca251b0ad92b7086bb60b7"},"headline":"Kunii, Garc\u00eda, Pons y Bertelle se reparten las victorias en Jerez","datePublished":"2018-10-01T02:00:00+00:00","dateModified":"2024-05-22T10:45:06+00:00","mainEntityOfPage":{"@id":"https:\/\/www.boxrepsol.com\/es\/sin-categorizar\/kunii-garcia-pons-bertelle-se-reparten-las-victorias-jerez\/"},"wordCount":603,"commentCount":0,"publisher":{"@id":"https:\/\/www.boxrepsol.com\/es\/#organization"},"image":{"@id":"https:\/\/www.boxrepsol.com\/es\/sin-categorizar\/kunii-garcia-pons-bertelle-se-reparten-las-victorias-jerez\/#primaryimage"},"thumbnailUrl":"https:\/\/bxrepsol.s3.eu-west-1.amazonaws.com\/static\/2022\/08\/29082837\/00_podio_fim_cev_repsol_motociclismo_-pilotos_jerez.jpg","keywords":["otros eventos y competiciones"],"articleSection":["Sin categorizar"],"inLanguage":"es","potentialAction":[{"@type":"CommentAction","name":"Comment","target":["https:\/\/www.boxrepsol.com\/es\/sin-categorizar\/kunii-garcia-pons-bertelle-se-reparten-las-victorias-jerez\/#respond"]}]},{"@type":"WebPage","@id":"https:\/\/www.boxrepsol.com\/es\/sin-categorizar\/kunii-garcia-pons-bertelle-se-reparten-las-victorias-jerez\/","url":"https:\/\/www.boxrepsol.com\/es\/sin-categorizar\/kunii-garcia-pons-bertelle-se-reparten-las-victorias-jerez\/","name":"Kunii, Garc\u00eda, Pons y Bertelle se reparten las victorias en Jerez - Box Repsol","isPartOf":{"@id":"https:\/\/www.boxrepsol.com\/es\/#website"},"primaryImageOfPage":{"@id":"https:\/\/www.boxrepsol.com\/es\/sin-categorizar\/kunii-garcia-pons-bertelle-se-reparten-las-victorias-jerez\/#primaryimage"},"image":{"@id":"https:\/\/www.boxrepsol.com\/es\/sin-categorizar\/kunii-garcia-pons-bertelle-se-reparten-las-victorias-jerez\/#primaryimage"},"thumbnailUrl":"https:\/\/bxrepsol.s3.eu-west-1.amazonaws.com\/static\/2022\/08\/29082837\/00_podio_fim_cev_repsol_motociclismo_-pilotos_jerez.jpg","datePublished":"2018-10-01T02:00:00+00:00","dateModified":"2024-05-22T10:45:06+00:00","description":"Yuki Kunii y Sergio Garc\u00eda, en el Mundial Junior, Edgar Pons, en Moto2, y Matteo Bertelle, en las dos mangas de la ETC se reparten las victorias en Jerez.","breadcrumb":{"@id":"https:\/\/www.boxrepsol.com\/es\/sin-categorizar\/kunii-garcia-pons-bertelle-se-reparten-las-victorias-jerez\/#breadcrumb"},"inLanguage":"es","potentialAction":[{"@type":"ReadAction","target":["https:\/\/www.boxrepsol.com\/es\/sin-categorizar\/kunii-garcia-pons-bertelle-se-reparten-las-victorias-jerez\/"]}]},{"@type":"ImageObject","inLanguage":"es","@id":"https:\/\/www.boxrepsol.com\/es\/sin-categorizar\/kunii-garcia-pons-bertelle-se-reparten-las-victorias-jerez\/#primaryimage","url":"https:\/\/bxrepsol.s3.eu-west-1.amazonaws.com\/static\/2022\/08\/29082837\/00_podio_fim_cev_repsol_motociclismo_-pilotos_jerez.jpg","contentUrl":"https:\/\/bxrepsol.s3.eu-west-1.amazonaws.com\/static\/2022\/08\/29082837\/00_podio_fim_cev_repsol_motociclismo_-pilotos_jerez.jpg","width":1280,"height":600,"caption":"Podio del FIM CEV Repsol"},{"@type":"BreadcrumbList","@id":"https:\/\/www.boxrepsol.com\/es\/sin-categorizar\/kunii-garcia-pons-bertelle-se-reparten-las-victorias-jerez\/#breadcrumb","itemListElement":[{"@type":"ListItem","position":1,"name":"Home","item":"https:\/\/www.boxrepsol.com\/es\/"},{"@type":"ListItem","position":2,"name":"Kunii, Garc\u00eda, Pons y Bertelle se reparten las victorias en Jerez"}]},{"@type":"WebSite","@id":"https:\/\/www.boxrepsol.com\/es\/#website","url":"https:\/\/www.boxrepsol.com\/es\/","name":"Box Repsol","description":"Box Repsol Site","publisher":{"@id":"https:\/\/www.boxrepsol.com\/es\/#organization"},"potentialAction":[{"@type":"SearchAction","target":{"@type":"EntryPoint","urlTemplate":"https:\/\/www.boxrepsol.com\/es\/?s={search_term_string}"},"query-input":{"@type":"PropertyValueSpecification","valueRequired":true,"valueName":"search_term_string"}}],"inLanguage":"es"},{"@type":"Organization","@id":"https:\/\/www.boxrepsol.com\/es\/#organization","name":"Box Repsol","url":"https:\/\/www.boxrepsol.com\/es\/","logo":{"@type":"ImageObject","inLanguage":"es","@id":"https:\/\/www.boxrepsol.com\/es\/#\/schema\/logo\/image\/","url":"https:\/\/bxrepsol.s3.eu-west-1.amazonaws.com\/static\/2025\/07\/30083337\/favicon-96x96-1.png","contentUrl":"https:\/\/bxrepsol.s3.eu-west-1.amazonaws.com\/static\/2025\/07\/30083337\/favicon-96x96-1.png","width":96,"height":96,"caption":"Box Repsol"},"image":{"@id":"https:\/\/www.boxrepsol.com\/es\/#\/schema\/logo\/image\/"},"sameAs":["https:\/\/www.facebook.com\/BoxRepsol","https:\/\/x.com\/box_repsol","http:\/\/instagram.com\/box_repsol","https:\/\/www.youtube.com\/user\/RepsolCompeticion","https:\/\/www.flickr.com\/photos\/box_repsol\/"]},{"@type":"Person","@id":"https:\/\/www.boxrepsol.com\/es\/#\/schema\/person\/c5c2138f2cca251b0ad92b7086bb60b7","name":"Redacci\u00f3n Box Repsol","image":{"@type":"ImageObject","inLanguage":"es","@id":"https:\/\/secure.gravatar.com\/avatar\/adf7b77e38b4419baf32c7e9c21dde01f4e40df611f0978e3006fc4ba0aaab7e?s=96&d=mm&r=g","url":"https:\/\/secure.gravatar.com\/avatar\/adf7b77e38b4419baf32c7e9c21dde01f4e40df611f0978e3006fc4ba0aaab7e?s=96&d=mm&r=g","contentUrl":"https:\/\/secure.gravatar.com\/avatar\/adf7b77e38b4419baf32c7e9c21dde01f4e40df611f0978e3006fc4ba0aaab7e?s=96&d=mm&r=g","caption":"Redacci\u00f3n Box Repsol"},"description":"Box Repsol lo forma un equipo de periodistas, community managers, dise\u00f1adores y fot\u00f3grafos con m\u00e1s de 20 a\u00f1os de experiencia en el mundo del motorsport. Hemos vivido el primer mundial de un espa\u00f1ol en la categor\u00eda reina de motociclismo con \u00c1lex Crivill\u00e9, estuvimos en las victorias de Pedrosa y los t\u00edtulos de M\u00e1rquez, acompa\u00f1amos en \u00c1frica a Nani Roma y Marc Coma en sus conquistas del Dakar y hemos vibrado con los t\u00edtulos de Toni Bou en Trial. Adem\u00e1s, en nuestro equipo contamos con expertos en el mundo de las dos y cuatro ruedas tanto de la calle y las carreteras, como de los circuitos. Periodistas que han trabajado en revistas y publicaciones para hacerte llegar desde rutas y consejos de mantenimiento, a curiosidades y trucos de pilotaje.","sameAs":["https:\/\/www.facebook.com\/BoxRepsol\/","https:\/\/www.instagram.com\/box_repsol\/","https:\/\/x.com\/https:\/\/twitter.com\/box_repsol","https:\/\/www.youtube.com\/@Boxrepsol"],"url":"https:\/\/www.boxrepsol.com\/es\/author\/redaccion-box-repsol\/"}]}},"_links":{"self":[{"href":"https:\/\/www.boxrepsol.com\/es\/wp-json\/wp\/v2\/posts\/93411","targetHints":{"allow":["GET"]}}],"collection":[{"href":"https:\/\/www.boxrepsol.com\/es\/wp-json\/wp\/v2\/posts"}],"about":[{"href":"https:\/\/www.boxrepsol.com\/es\/wp-json\/wp\/v2\/types\/post"}],"author":[{"embeddable":true,"href":"https:\/\/www.boxrepsol.com\/es\/wp-json\/wp\/v2\/users\/43146"}],"replies":[{"embeddable":true,"href":"https:\/\/www.boxrepsol.com\/es\/wp-json\/wp\/v2\/comments?post=93411"}],"version-history":[{"count":1,"href":"https:\/\/www.boxrepsol.com\/es\/wp-json\/wp\/v2\/posts\/93411\/revisions"}],"predecessor-version":[{"id":93412,"href":"https:\/\/www.boxrepsol.com\/es\/wp-json\/wp\/v2\/posts\/93411\/revisions\/93412"}],"wp:featuredmedia":[{"embeddable":true,"href":"https:\/\/www.boxrepsol.com\/es\/wp-json\/wp\/v2\/media\/59473"}],"wp:attachment":[{"href":"https:\/\/www.boxrepsol.com\/es\/wp-json\/wp\/v2\/media?parent=93411"}],"wp:term":[{"taxonomy":"category","embeddable":true,"href":"https:\/\/www.boxrepsol.com\/es\/wp-json\/wp\/v2\/categories?post=93411"},{"taxonomy":"post_tag","embeddable":true,"href":"https:\/\/www.boxrepsol.com\/es\/wp-json\/wp\/v2\/tags?post=93411"}],"curies":[{"name":"wp","href":"https:\/\/api.w.org\/{rel}","templated":true}]}}