{"id":93393,"date":"2018-09-23T00:00:00","date_gmt":"2018-09-23T02:00:00","guid":{"rendered":"http:\/\/pre.boxrepsol.com\/sin-categorizar\/victoria-de-marquez-en-aragon-marc-triunfa-ante-los-suyos\/"},"modified":"2024-05-22T08:50:32","modified_gmt":"2024-05-22T10:50:32","slug":"victoria-de-marquez-en-aragon-marc-triunfa-ante-los-suyos","status":"publish","type":"post","link":"https:\/\/www.boxrepsol.com\/es\/motogp\/victoria-de-marquez-en-aragon-marc-triunfa-ante-los-suyos\/","title":{"rendered":"Marc M\u00e1rquez triunfa ante los suyos"},"content":{"rendered":"<p>M\u00e1rquez y Dovizioso han ofrecido un <strong>espectacular duelo<\/strong>, con numerosos adelantamientos que han durado hasta tres vueltas del final, cuando el piloto del equipo Repsol Honda ha tomado la cabeza y no la ha dejado hasta la bandera de cuadros.<\/p>\n<p>El l\u00edder del Mundial de MotoGP ha logrado su <strong>tercera victoria consecutiva en MotorLand<\/strong> Arag\u00f3n y aumenta hasta 72 puntos su ventaja al frente de la clasificaci\u00f3n general, cuando quedan 125 en juego.<\/p>\n<p>Dani Pedrosa termina quinto y <strong>afianza el liderato del equipo<\/strong> Repsol Honda en la clasificaci\u00f3n por equipos.<\/p>\n<h3>GP de Arag\u00f3n 2018 &#8211; Marc M\u00e1rquez y Dani Pedrosa<\/h3>\n<h4><a href=\"https:\/\/twitter.com\/hashtag\/MM93?src=hash\">#MM93<\/a><\/h4>\n<p><strong>Una apuesta arriesgada. <\/strong><em>Esta ma\u00f1ana me he despertado con la idea de que hoy pod\u00eda tomar alg\u00fan riesgo. Durante el fin de semana, no me hab\u00eda sentido completamente c\u00f3modo con el neum\u00e1tico duro trasero, as\u00ed que despu\u00e9s del\u00a0warm-up\u00a0he dicho a mi equipo que quer\u00eda utilizar el compuesto blando. Eso ha iniciado muchas reuniones y discusiones, pero al final he ganado la carrera porque he podido convencer a mi box de jug\u00e1rnosla. Ha sido la elecci\u00f3n correcta. <\/em><\/p>\n<p><em><strong>Carrera<\/strong>. He hecho una buena salida, pero poco despu\u00e9s casi me caigo al pasar por una zona sucia de la pista; he tenido que soltar los frenos e irme un poco largo. No he sabido hasta el final que Lorenzo se hab\u00eda ca\u00eddo. En cualquier caso, ha sido una lucha intensa con Dovizioso y tambi\u00e9n con Iannone. Dura, pero dentro de los l\u00edmites; esto es MotoGP y es con lo que los fans disfrutan.<\/em><\/p>\n<p><strong>La versi\u00f3n m\u00e1s inspirada de Marc. <\/strong><em>MotorLand Arag\u00f3n es uno de mis circuitos favoritos, me gusta mucho correr aqu\u00ed durante el fin de semana, aunque la presi\u00f3n sea elevada, con los eventos, la gente y todas las cosas que hay que hacer cada d\u00eda. Es algo bueno, pero tambi\u00e9n exigente; aunque he conseguido mantener la concentraci\u00f3n, trabajar bien con el equipo y finalmente acabar con la racha de las Ducati. <\/em><\/p>\n<p><strong>M\u00fasica y calma. <\/strong><em>Esta ma\u00f1ana he escuchado la canci\u00f3n \u201cIn my feelings\u201d, de Drake, y en la vuelta de honor me ha venido a la cabeza; ha sido fant\u00e1stico. Ahora m\u00e1s que nunca es el momento de mantener la calma y gestionar bien cada fin de semana de carreras, porque quiero ganar el Mundial y para conseguirlo, debes estar totalmente concentrado.<\/em><\/p>\n<hr \/>\n<h3><a href=\"https:\/\/twitter.com\/hashtag\/DP26?src=hash\">#DP26<\/a><\/h3>\n<p><strong>Una mejora constante.<\/strong><em> Hoy hemos podido ser m\u00e1s competitivos que en otras carreras y estar m\u00e1s cerca del grupo delantero. Desafortunadamente, creo que la clave ha estado en la elecci\u00f3n del neum\u00e1tico. Es una l\u00e1stima, porque mi pilotaje y mi ritmo eran buenos, pero no hab\u00eda tanto agarre en la pista, por lo que el neum\u00e1tico trasero no ten\u00eda la misma adherencia que en los entrenamientos. <\/em><\/p>\n<p><em>Quiz\u00e1s el compuesto blando se hubiera adaptado mejor a las condiciones del asfalto. Perd\u00eda algunas d\u00e9cimas cada vuelta y no he podido engancharme al resto de pilotos, si no, hoy podr\u00edamos haber luchado por terminar en el podio u optado a la victoria. Paso a paso estamos mejorando un poco; veremos si podemos ir m\u00e1s r\u00e1pido en la pr\u00f3xima carrera<\/em><\/p>\n","protected":false},"excerpt":{"rendered":"<p>El piloto del equipo Repsol Honda suma su sexto triunfo de la temporada y ampl\u00eda su ventaja en el Mundial. Su compa\u00f1ero, Dani Pedrosa, termina quinto.<\/p>\n","protected":false},"author":43146,"featured_media":59352,"comment_status":"open","ping_status":"open","sticky":false,"template":"","format":"standard","meta":{"footnotes":""},"categories":[4],"tags":[141],"class_list":["post-93393","post","type-post","status-publish","format-standard","hentry","category-motogp","tag-motogp-aragon"],"yoast_head":"<!-- This site is optimized with the Yoast SEO plugin v27.3 - https:\/\/yoast.com\/product\/yoast-seo-wordpress\/ -->\n<title>Marc M\u00e1rquez triunfa ante los suyos - Box Repsol<\/title>\n<meta name=\"description\" content=\"El piloto del equipo Repsol Honda suma su sexto triunfo de la temporada y ampl\u00eda su ventaja en el Mundial. Su compa\u00f1ero, Dani Pedrosa, termina quinto.\" \/>\n<link rel=\"canonical\" href=\"https:\/\/www.boxrepsol.com\/es\/motogp\/victoria-de-marquez-en-aragon-marc-triunfa-ante-los-suyos\/\" \/>\n<meta property=\"og:locale\" content=\"es_ES\" \/>\n<meta property=\"og:type\" content=\"article\" \/>\n<meta property=\"og:title\" content=\"Marc M\u00e1rquez triunfa ante los suyos - Box Repsol\" \/>\n<meta property=\"og:description\" content=\"El piloto del equipo Repsol Honda suma su sexto triunfo de la temporada y ampl\u00eda su ventaja en el Mundial. Su compa\u00f1ero, Dani Pedrosa, termina quinto.\" \/>\n<meta property=\"og:url\" content=\"https:\/\/www.boxrepsol.com\/es\/motogp\/victoria-de-marquez-en-aragon-marc-triunfa-ante-los-suyos\/\" \/>\n<meta property=\"og:site_name\" content=\"Box Repsol\" \/>\n<meta property=\"article:publisher\" content=\"https:\/\/www.facebook.com\/BoxRepsol\" \/>\n<meta property=\"article:author\" content=\"https:\/\/www.facebook.com\/BoxRepsol\/\" \/>\n<meta property=\"article:published_time\" content=\"2018-09-23T02:00:00+00:00\" \/>\n<meta property=\"article:modified_time\" content=\"2024-05-22T10:50:32+00:00\" \/>\n<meta property=\"og:image\" content=\"https:\/\/bxrepsol.s3.eu-west-1.amazonaws.com\/static\/2022\/08\/29082725\/02_marc_marquez_lengua_aragon_gp_93_motogp_repsol_honda_motorland.jpg\" \/>\n\t<meta property=\"og:image:width\" content=\"1280\" \/>\n\t<meta property=\"og:image:height\" content=\"600\" \/>\n\t<meta property=\"og:image:type\" content=\"image\/jpeg\" \/>\n<meta name=\"author\" content=\"Redacci\u00f3n Box Repsol\" \/>\n<meta name=\"twitter:card\" content=\"summary_large_image\" \/>\n<meta name=\"twitter:creator\" content=\"@https:\/\/twitter.com\/box_repsol\" \/>\n<meta name=\"twitter:site\" content=\"@box_repsol\" \/>\n<meta name=\"twitter:label1\" content=\"Written by\" \/>\n\t<meta name=\"twitter:data1\" content=\"Redacci\u00f3n Box Repsol\" \/>\n\t<meta name=\"twitter:label2\" content=\"Est. reading time\" \/>\n\t<meta name=\"twitter:data2\" content=\"3 minutos\" \/>\n<script type=\"application\/ld+json\" class=\"yoast-schema-graph\">{\"@context\":\"https:\\\/\\\/schema.org\",\"@graph\":[{\"@type\":\"Article\",\"@id\":\"https:\\\/\\\/www.boxrepsol.com\\\/es\\\/motogp\\\/victoria-de-marquez-en-aragon-marc-triunfa-ante-los-suyos\\\/#article\",\"isPartOf\":{\"@id\":\"https:\\\/\\\/www.boxrepsol.com\\\/es\\\/motogp\\\/victoria-de-marquez-en-aragon-marc-triunfa-ante-los-suyos\\\/\"},\"author\":{\"name\":\"Redacci\u00f3n Box Repsol\",\"@id\":\"https:\\\/\\\/www.boxrepsol.com\\\/es\\\/#\\\/schema\\\/person\\\/c5c2138f2cca251b0ad92b7086bb60b7\"},\"headline\":\"Marc M\u00e1rquez triunfa ante los suyos\",\"datePublished\":\"2018-09-23T02:00:00+00:00\",\"dateModified\":\"2024-05-22T10:50:32+00:00\",\"mainEntityOfPage\":{\"@id\":\"https:\\\/\\\/www.boxrepsol.com\\\/es\\\/motogp\\\/victoria-de-marquez-en-aragon-marc-triunfa-ante-los-suyos\\\/\"},\"wordCount\":564,\"commentCount\":0,\"publisher\":{\"@id\":\"https:\\\/\\\/www.boxrepsol.com\\\/es\\\/#organization\"},\"image\":{\"@id\":\"https:\\\/\\\/www.boxrepsol.com\\\/es\\\/motogp\\\/victoria-de-marquez-en-aragon-marc-triunfa-ante-los-suyos\\\/#primaryimage\"},\"thumbnailUrl\":\"https:\\\/\\\/bxrepsol.s3.eu-west-1.amazonaws.com\\\/static\\\/2022\\\/08\\\/29082725\\\/02_marc_marquez_lengua_aragon_gp_93_motogp_repsol_honda_motorland.jpg\",\"keywords\":[\"MotoGP Arag\u00f3n\"],\"articleSection\":[\"MotoGP\"],\"inLanguage\":\"es\",\"potentialAction\":[{\"@type\":\"CommentAction\",\"name\":\"Comment\",\"target\":[\"https:\\\/\\\/www.boxrepsol.com\\\/es\\\/motogp\\\/victoria-de-marquez-en-aragon-marc-triunfa-ante-los-suyos\\\/#respond\"]}]},{\"@type\":\"WebPage\",\"@id\":\"https:\\\/\\\/www.boxrepsol.com\\\/es\\\/motogp\\\/victoria-de-marquez-en-aragon-marc-triunfa-ante-los-suyos\\\/\",\"url\":\"https:\\\/\\\/www.boxrepsol.com\\\/es\\\/motogp\\\/victoria-de-marquez-en-aragon-marc-triunfa-ante-los-suyos\\\/\",\"name\":\"Marc M\u00e1rquez triunfa ante los suyos - Box Repsol\",\"isPartOf\":{\"@id\":\"https:\\\/\\\/www.boxrepsol.com\\\/es\\\/#website\"},\"primaryImageOfPage\":{\"@id\":\"https:\\\/\\\/www.boxrepsol.com\\\/es\\\/motogp\\\/victoria-de-marquez-en-aragon-marc-triunfa-ante-los-suyos\\\/#primaryimage\"},\"image\":{\"@id\":\"https:\\\/\\\/www.boxrepsol.com\\\/es\\\/motogp\\\/victoria-de-marquez-en-aragon-marc-triunfa-ante-los-suyos\\\/#primaryimage\"},\"thumbnailUrl\":\"https:\\\/\\\/bxrepsol.s3.eu-west-1.amazonaws.com\\\/static\\\/2022\\\/08\\\/29082725\\\/02_marc_marquez_lengua_aragon_gp_93_motogp_repsol_honda_motorland.jpg\",\"datePublished\":\"2018-09-23T02:00:00+00:00\",\"dateModified\":\"2024-05-22T10:50:32+00:00\",\"description\":\"El piloto del equipo Repsol Honda suma su sexto triunfo de la temporada y ampl\u00eda su ventaja en el Mundial. Su compa\u00f1ero, Dani Pedrosa, termina quinto.\",\"breadcrumb\":{\"@id\":\"https:\\\/\\\/www.boxrepsol.com\\\/es\\\/motogp\\\/victoria-de-marquez-en-aragon-marc-triunfa-ante-los-suyos\\\/#breadcrumb\"},\"inLanguage\":\"es\",\"potentialAction\":[{\"@type\":\"ReadAction\",\"target\":[\"https:\\\/\\\/www.boxrepsol.com\\\/es\\\/motogp\\\/victoria-de-marquez-en-aragon-marc-triunfa-ante-los-suyos\\\/\"]}]},{\"@type\":\"ImageObject\",\"inLanguage\":\"es\",\"@id\":\"https:\\\/\\\/www.boxrepsol.com\\\/es\\\/motogp\\\/victoria-de-marquez-en-aragon-marc-triunfa-ante-los-suyos\\\/#primaryimage\",\"url\":\"https:\\\/\\\/bxrepsol.s3.eu-west-1.amazonaws.com\\\/static\\\/2022\\\/08\\\/29082725\\\/02_marc_marquez_lengua_aragon_gp_93_motogp_repsol_honda_motorland.jpg\",\"contentUrl\":\"https:\\\/\\\/bxrepsol.s3.eu-west-1.amazonaws.com\\\/static\\\/2022\\\/08\\\/29082725\\\/02_marc_marquez_lengua_aragon_gp_93_motogp_repsol_honda_motorland.jpg\",\"width\":1280,\"height\":600,\"caption\":\"Marc celebra sacando la lengua junto a su casco\"},{\"@type\":\"BreadcrumbList\",\"@id\":\"https:\\\/\\\/www.boxrepsol.com\\\/es\\\/motogp\\\/victoria-de-marquez-en-aragon-marc-triunfa-ante-los-suyos\\\/#breadcrumb\",\"itemListElement\":[{\"@type\":\"ListItem\",\"position\":1,\"name\":\"Home\",\"item\":\"https:\\\/\\\/www.boxrepsol.com\\\/es\\\/\"},{\"@type\":\"ListItem\",\"position\":2,\"name\":\"Marc M\u00e1rquez triunfa ante los suyos\"}]},{\"@type\":\"WebSite\",\"@id\":\"https:\\\/\\\/www.boxrepsol.com\\\/es\\\/#website\",\"url\":\"https:\\\/\\\/www.boxrepsol.com\\\/es\\\/\",\"name\":\"Box Repsol\",\"description\":\"Box Repsol Site\",\"publisher\":{\"@id\":\"https:\\\/\\\/www.boxrepsol.com\\\/es\\\/#organization\"},\"potentialAction\":[{\"@type\":\"SearchAction\",\"target\":{\"@type\":\"EntryPoint\",\"urlTemplate\":\"https:\\\/\\\/www.boxrepsol.com\\\/es\\\/?s={search_term_string}\"},\"query-input\":{\"@type\":\"PropertyValueSpecification\",\"valueRequired\":true,\"valueName\":\"search_term_string\"}}],\"inLanguage\":\"es\"},{\"@type\":\"Organization\",\"@id\":\"https:\\\/\\\/www.boxrepsol.com\\\/es\\\/#organization\",\"name\":\"Box Repsol\",\"url\":\"https:\\\/\\\/www.boxrepsol.com\\\/es\\\/\",\"logo\":{\"@type\":\"ImageObject\",\"inLanguage\":\"es\",\"@id\":\"https:\\\/\\\/www.boxrepsol.com\\\/es\\\/#\\\/schema\\\/logo\\\/image\\\/\",\"url\":\"https:\\\/\\\/bxrepsol.s3.eu-west-1.amazonaws.com\\\/static\\\/2025\\\/07\\\/30083337\\\/favicon-96x96-1.png\",\"contentUrl\":\"https:\\\/\\\/bxrepsol.s3.eu-west-1.amazonaws.com\\\/static\\\/2025\\\/07\\\/30083337\\\/favicon-96x96-1.png\",\"width\":96,\"height\":96,\"caption\":\"Box Repsol\"},\"image\":{\"@id\":\"https:\\\/\\\/www.boxrepsol.com\\\/es\\\/#\\\/schema\\\/logo\\\/image\\\/\"},\"sameAs\":[\"https:\\\/\\\/www.facebook.com\\\/BoxRepsol\",\"https:\\\/\\\/x.com\\\/box_repsol\",\"http:\\\/\\\/instagram.com\\\/box_repsol\",\"https:\\\/\\\/www.youtube.com\\\/user\\\/RepsolCompeticion\",\"https:\\\/\\\/www.flickr.com\\\/photos\\\/box_repsol\\\/\"]},{\"@type\":\"Person\",\"@id\":\"https:\\\/\\\/www.boxrepsol.com\\\/es\\\/#\\\/schema\\\/person\\\/c5c2138f2cca251b0ad92b7086bb60b7\",\"name\":\"Redacci\u00f3n Box Repsol\",\"image\":{\"@type\":\"ImageObject\",\"inLanguage\":\"es\",\"@id\":\"https:\\\/\\\/secure.gravatar.com\\\/avatar\\\/adf7b77e38b4419baf32c7e9c21dde01f4e40df611f0978e3006fc4ba0aaab7e?s=96&d=mm&r=g\",\"url\":\"https:\\\/\\\/secure.gravatar.com\\\/avatar\\\/adf7b77e38b4419baf32c7e9c21dde01f4e40df611f0978e3006fc4ba0aaab7e?s=96&d=mm&r=g\",\"contentUrl\":\"https:\\\/\\\/secure.gravatar.com\\\/avatar\\\/adf7b77e38b4419baf32c7e9c21dde01f4e40df611f0978e3006fc4ba0aaab7e?s=96&d=mm&r=g\",\"caption\":\"Redacci\u00f3n Box Repsol\"},\"description\":\"Box Repsol lo forma un equipo de periodistas, community managers, dise\u00f1adores y fot\u00f3grafos con m\u00e1s de 20 a\u00f1os de experiencia en el mundo del motorsport. Hemos vivido el primer mundial de un espa\u00f1ol en la categor\u00eda reina de motociclismo con \u00c1lex Crivill\u00e9, estuvimos en las victorias de Pedrosa y los t\u00edtulos de M\u00e1rquez, acompa\u00f1amos en \u00c1frica a Nani Roma y Marc Coma en sus conquistas del Dakar y hemos vibrado con los t\u00edtulos de Toni Bou en Trial. Adem\u00e1s, en nuestro equipo contamos con expertos en el mundo de las dos y cuatro ruedas tanto de la calle y las carreteras, como de los circuitos. Periodistas que han trabajado en revistas y publicaciones para hacerte llegar desde rutas y consejos de mantenimiento, a curiosidades y trucos de pilotaje.\",\"sameAs\":[\"https:\\\/\\\/www.facebook.com\\\/BoxRepsol\\\/\",\"https:\\\/\\\/www.instagram.com\\\/box_repsol\\\/\",\"https:\\\/\\\/x.com\\\/https:\\\/\\\/twitter.com\\\/box_repsol\",\"https:\\\/\\\/www.youtube.com\\\/@Boxrepsol\"],\"url\":\"https:\\\/\\\/www.boxrepsol.com\\\/es\\\/author\\\/redaccion-box-repsol\\\/\"}]}<\/script>\n<!-- \/ Yoast SEO plugin. -->","yoast_head_json":{"title":"Marc M\u00e1rquez triunfa ante los suyos - Box Repsol","description":"El piloto del equipo Repsol Honda suma su sexto triunfo de la temporada y ampl\u00eda su ventaja en el Mundial. Su compa\u00f1ero, Dani Pedrosa, termina quinto.","canonical":"https:\/\/www.boxrepsol.com\/es\/motogp\/victoria-de-marquez-en-aragon-marc-triunfa-ante-los-suyos\/","og_locale":"es_ES","og_type":"article","og_title":"Marc M\u00e1rquez triunfa ante los suyos - Box Repsol","og_description":"El piloto del equipo Repsol Honda suma su sexto triunfo de la temporada y ampl\u00eda su ventaja en el Mundial. Su compa\u00f1ero, Dani Pedrosa, termina quinto.","og_url":"https:\/\/www.boxrepsol.com\/es\/motogp\/victoria-de-marquez-en-aragon-marc-triunfa-ante-los-suyos\/","og_site_name":"Box Repsol","article_publisher":"https:\/\/www.facebook.com\/BoxRepsol","article_author":"https:\/\/www.facebook.com\/BoxRepsol\/","article_published_time":"2018-09-23T02:00:00+00:00","article_modified_time":"2024-05-22T10:50:32+00:00","og_image":[{"width":1280,"height":600,"url":"https:\/\/bxrepsol.s3.eu-west-1.amazonaws.com\/static\/2022\/08\/29082725\/02_marc_marquez_lengua_aragon_gp_93_motogp_repsol_honda_motorland.jpg","type":"image\/jpeg"}],"author":"Redacci\u00f3n Box Repsol","twitter_card":"summary_large_image","twitter_creator":"@https:\/\/twitter.com\/box_repsol","twitter_site":"@box_repsol","twitter_misc":{"Written by":"Redacci\u00f3n Box Repsol","Est. reading time":"3 minutos"},"schema":{"@context":"https:\/\/schema.org","@graph":[{"@type":"Article","@id":"https:\/\/www.boxrepsol.com\/es\/motogp\/victoria-de-marquez-en-aragon-marc-triunfa-ante-los-suyos\/#article","isPartOf":{"@id":"https:\/\/www.boxrepsol.com\/es\/motogp\/victoria-de-marquez-en-aragon-marc-triunfa-ante-los-suyos\/"},"author":{"name":"Redacci\u00f3n Box Repsol","@id":"https:\/\/www.boxrepsol.com\/es\/#\/schema\/person\/c5c2138f2cca251b0ad92b7086bb60b7"},"headline":"Marc M\u00e1rquez triunfa ante los suyos","datePublished":"2018-09-23T02:00:00+00:00","dateModified":"2024-05-22T10:50:32+00:00","mainEntityOfPage":{"@id":"https:\/\/www.boxrepsol.com\/es\/motogp\/victoria-de-marquez-en-aragon-marc-triunfa-ante-los-suyos\/"},"wordCount":564,"commentCount":0,"publisher":{"@id":"https:\/\/www.boxrepsol.com\/es\/#organization"},"image":{"@id":"https:\/\/www.boxrepsol.com\/es\/motogp\/victoria-de-marquez-en-aragon-marc-triunfa-ante-los-suyos\/#primaryimage"},"thumbnailUrl":"https:\/\/bxrepsol.s3.eu-west-1.amazonaws.com\/static\/2022\/08\/29082725\/02_marc_marquez_lengua_aragon_gp_93_motogp_repsol_honda_motorland.jpg","keywords":["MotoGP Arag\u00f3n"],"articleSection":["MotoGP"],"inLanguage":"es","potentialAction":[{"@type":"CommentAction","name":"Comment","target":["https:\/\/www.boxrepsol.com\/es\/motogp\/victoria-de-marquez-en-aragon-marc-triunfa-ante-los-suyos\/#respond"]}]},{"@type":"WebPage","@id":"https:\/\/www.boxrepsol.com\/es\/motogp\/victoria-de-marquez-en-aragon-marc-triunfa-ante-los-suyos\/","url":"https:\/\/www.boxrepsol.com\/es\/motogp\/victoria-de-marquez-en-aragon-marc-triunfa-ante-los-suyos\/","name":"Marc M\u00e1rquez triunfa ante los suyos - Box Repsol","isPartOf":{"@id":"https:\/\/www.boxrepsol.com\/es\/#website"},"primaryImageOfPage":{"@id":"https:\/\/www.boxrepsol.com\/es\/motogp\/victoria-de-marquez-en-aragon-marc-triunfa-ante-los-suyos\/#primaryimage"},"image":{"@id":"https:\/\/www.boxrepsol.com\/es\/motogp\/victoria-de-marquez-en-aragon-marc-triunfa-ante-los-suyos\/#primaryimage"},"thumbnailUrl":"https:\/\/bxrepsol.s3.eu-west-1.amazonaws.com\/static\/2022\/08\/29082725\/02_marc_marquez_lengua_aragon_gp_93_motogp_repsol_honda_motorland.jpg","datePublished":"2018-09-23T02:00:00+00:00","dateModified":"2024-05-22T10:50:32+00:00","description":"El piloto del equipo Repsol Honda suma su sexto triunfo de la temporada y ampl\u00eda su ventaja en el Mundial. Su compa\u00f1ero, Dani Pedrosa, termina quinto.","breadcrumb":{"@id":"https:\/\/www.boxrepsol.com\/es\/motogp\/victoria-de-marquez-en-aragon-marc-triunfa-ante-los-suyos\/#breadcrumb"},"inLanguage":"es","potentialAction":[{"@type":"ReadAction","target":["https:\/\/www.boxrepsol.com\/es\/motogp\/victoria-de-marquez-en-aragon-marc-triunfa-ante-los-suyos\/"]}]},{"@type":"ImageObject","inLanguage":"es","@id":"https:\/\/www.boxrepsol.com\/es\/motogp\/victoria-de-marquez-en-aragon-marc-triunfa-ante-los-suyos\/#primaryimage","url":"https:\/\/bxrepsol.s3.eu-west-1.amazonaws.com\/static\/2022\/08\/29082725\/02_marc_marquez_lengua_aragon_gp_93_motogp_repsol_honda_motorland.jpg","contentUrl":"https:\/\/bxrepsol.s3.eu-west-1.amazonaws.com\/static\/2022\/08\/29082725\/02_marc_marquez_lengua_aragon_gp_93_motogp_repsol_honda_motorland.jpg","width":1280,"height":600,"caption":"Marc celebra sacando la lengua junto a su casco"},{"@type":"BreadcrumbList","@id":"https:\/\/www.boxrepsol.com\/es\/motogp\/victoria-de-marquez-en-aragon-marc-triunfa-ante-los-suyos\/#breadcrumb","itemListElement":[{"@type":"ListItem","position":1,"name":"Home","item":"https:\/\/www.boxrepsol.com\/es\/"},{"@type":"ListItem","position":2,"name":"Marc M\u00e1rquez triunfa ante los suyos"}]},{"@type":"WebSite","@id":"https:\/\/www.boxrepsol.com\/es\/#website","url":"https:\/\/www.boxrepsol.com\/es\/","name":"Box Repsol","description":"Box Repsol Site","publisher":{"@id":"https:\/\/www.boxrepsol.com\/es\/#organization"},"potentialAction":[{"@type":"SearchAction","target":{"@type":"EntryPoint","urlTemplate":"https:\/\/www.boxrepsol.com\/es\/?s={search_term_string}"},"query-input":{"@type":"PropertyValueSpecification","valueRequired":true,"valueName":"search_term_string"}}],"inLanguage":"es"},{"@type":"Organization","@id":"https:\/\/www.boxrepsol.com\/es\/#organization","name":"Box Repsol","url":"https:\/\/www.boxrepsol.com\/es\/","logo":{"@type":"ImageObject","inLanguage":"es","@id":"https:\/\/www.boxrepsol.com\/es\/#\/schema\/logo\/image\/","url":"https:\/\/bxrepsol.s3.eu-west-1.amazonaws.com\/static\/2025\/07\/30083337\/favicon-96x96-1.png","contentUrl":"https:\/\/bxrepsol.s3.eu-west-1.amazonaws.com\/static\/2025\/07\/30083337\/favicon-96x96-1.png","width":96,"height":96,"caption":"Box Repsol"},"image":{"@id":"https:\/\/www.boxrepsol.com\/es\/#\/schema\/logo\/image\/"},"sameAs":["https:\/\/www.facebook.com\/BoxRepsol","https:\/\/x.com\/box_repsol","http:\/\/instagram.com\/box_repsol","https:\/\/www.youtube.com\/user\/RepsolCompeticion","https:\/\/www.flickr.com\/photos\/box_repsol\/"]},{"@type":"Person","@id":"https:\/\/www.boxrepsol.com\/es\/#\/schema\/person\/c5c2138f2cca251b0ad92b7086bb60b7","name":"Redacci\u00f3n Box Repsol","image":{"@type":"ImageObject","inLanguage":"es","@id":"https:\/\/secure.gravatar.com\/avatar\/adf7b77e38b4419baf32c7e9c21dde01f4e40df611f0978e3006fc4ba0aaab7e?s=96&d=mm&r=g","url":"https:\/\/secure.gravatar.com\/avatar\/adf7b77e38b4419baf32c7e9c21dde01f4e40df611f0978e3006fc4ba0aaab7e?s=96&d=mm&r=g","contentUrl":"https:\/\/secure.gravatar.com\/avatar\/adf7b77e38b4419baf32c7e9c21dde01f4e40df611f0978e3006fc4ba0aaab7e?s=96&d=mm&r=g","caption":"Redacci\u00f3n Box Repsol"},"description":"Box Repsol lo forma un equipo de periodistas, community managers, dise\u00f1adores y fot\u00f3grafos con m\u00e1s de 20 a\u00f1os de experiencia en el mundo del motorsport. Hemos vivido el primer mundial de un espa\u00f1ol en la categor\u00eda reina de motociclismo con \u00c1lex Crivill\u00e9, estuvimos en las victorias de Pedrosa y los t\u00edtulos de M\u00e1rquez, acompa\u00f1amos en \u00c1frica a Nani Roma y Marc Coma en sus conquistas del Dakar y hemos vibrado con los t\u00edtulos de Toni Bou en Trial. Adem\u00e1s, en nuestro equipo contamos con expertos en el mundo de las dos y cuatro ruedas tanto de la calle y las carreteras, como de los circuitos. Periodistas que han trabajado en revistas y publicaciones para hacerte llegar desde rutas y consejos de mantenimiento, a curiosidades y trucos de pilotaje.","sameAs":["https:\/\/www.facebook.com\/BoxRepsol\/","https:\/\/www.instagram.com\/box_repsol\/","https:\/\/x.com\/https:\/\/twitter.com\/box_repsol","https:\/\/www.youtube.com\/@Boxrepsol"],"url":"https:\/\/www.boxrepsol.com\/es\/author\/redaccion-box-repsol\/"}]}},"_links":{"self":[{"href":"https:\/\/www.boxrepsol.com\/es\/wp-json\/wp\/v2\/posts\/93393","targetHints":{"allow":["GET"]}}],"collection":[{"href":"https:\/\/www.boxrepsol.com\/es\/wp-json\/wp\/v2\/posts"}],"about":[{"href":"https:\/\/www.boxrepsol.com\/es\/wp-json\/wp\/v2\/types\/post"}],"author":[{"embeddable":true,"href":"https:\/\/www.boxrepsol.com\/es\/wp-json\/wp\/v2\/users\/43146"}],"replies":[{"embeddable":true,"href":"https:\/\/www.boxrepsol.com\/es\/wp-json\/wp\/v2\/comments?post=93393"}],"version-history":[{"count":1,"href":"https:\/\/www.boxrepsol.com\/es\/wp-json\/wp\/v2\/posts\/93393\/revisions"}],"predecessor-version":[{"id":116593,"href":"https:\/\/www.boxrepsol.com\/es\/wp-json\/wp\/v2\/posts\/93393\/revisions\/116593"}],"wp:featuredmedia":[{"embeddable":true,"href":"https:\/\/www.boxrepsol.com\/es\/wp-json\/wp\/v2\/media\/59352"}],"wp:attachment":[{"href":"https:\/\/www.boxrepsol.com\/es\/wp-json\/wp\/v2\/media?parent=93393"}],"wp:term":[{"taxonomy":"category","embeddable":true,"href":"https:\/\/www.boxrepsol.com\/es\/wp-json\/wp\/v2\/categories?post=93393"},{"taxonomy":"post_tag","embeddable":true,"href":"https:\/\/www.boxrepsol.com\/es\/wp-json\/wp\/v2\/tags?post=93393"}],"curies":[{"name":"wp","href":"https:\/\/api.w.org\/{rel}","templated":true}]}}