{"id":93391,"date":"2018-09-22T00:00:00","date_gmt":"2018-09-22T02:00:00","guid":{"rendered":"http:\/\/pre.boxrepsol.com\/sin-categorizar\/marquez-acaricia-la-pole-pedrosa-saldra-desde-la-segunda-linea\/"},"modified":"2024-05-22T08:50:48","modified_gmt":"2024-05-22T10:50:48","slug":"marquez-acaricia-la-pole-pedrosa-saldra-desde-la-segunda-linea","status":"publish","type":"post","link":"https:\/\/www.boxrepsol.com\/es\/motogp\/marquez-acaricia-la-pole-pedrosa-saldra-desde-la-segunda-linea\/","title":{"rendered":"M\u00e1rquez acaricia la \u2018pole\u2019 y Pedrosa saldr\u00e1 desde la segunda l\u00ednea"},"content":{"rendered":"<p>Marc M\u00e1rquez ha sido quinto en el FP3 y s\u00e9ptimo en el FP4, en el que ha tenido una ca\u00edda sin consecuencias en la curva 7.<\/p>\n<p>El vigente l\u00edder del Mundial de MotoGP<strong> ha liderado la primera mitad del entrenamiento<\/strong> cronometrado, pero no ha mejorado con su segundo neum\u00e1tico y se ha quedado a 79 mil\u00e9simas del mejor tiempo.<\/p>\n<p>Dani Pedrosa, sexto en el FP3 y octavo en el FP4, ha logrado la sexta posici\u00f3n en la sesi\u00f3n cronometrada, a <strong>apenas tres d\u00e9cimas<\/strong> de la\u00a0<em>pole position<\/em>.<\/p>\n<h3>GP Aragon 2018 &#8211; Clasificatoria<\/h3>\n<h3><a href=\"https:\/\/twitter.com\/hashtag\/MM93?src=hash\">#MM93<\/a><\/h3>\n<p><em><strong>Competici\u00f3n apretada por la pole.<\/strong> Hoy he podido luchar por la\u00a0pole, pero los tiempos est\u00e1n muy apretados. Aqu\u00ed el rebufo es muy importante. Como ten\u00eda el mejor tiempo tras la primera salida, he esperado un poco para apretar en el \u00faltimo intento. En mi \u00faltima vuelta, ven\u00eda muy r\u00e1pido detr\u00e1s de Dovizioso, pero he cometido un par de errores, uno en particular en la curva 12. He perdido un poco la trazada y ah\u00ed se han acabado mis opciones. <\/em><\/p>\n<p><strong>Objetivo conseguido.<\/strong><em> De todos modos, nuestro objetivo era estar en primera l\u00ednea y lo hemos conseguido. Parece que de nuevo los candidatos somos las Ducati y yo, como en las \u00faltimas carreras, as\u00ed que\u00a0 veremos c\u00f3mo va ma\u00f1ana. <\/em><\/p>\n<p><strong>Rodando al l\u00edmite.<\/strong> <em>He tenido una ca\u00edda en el FP4 porque he frenado un poco tarde, pero hasta ese momento nuestro ritmo con neum\u00e1ticos usados era competitivo y eso es algo positivo. Adem\u00e1s, ha sido una buena advertencia, ya que he encontrado d\u00f3nde est\u00e1 el l\u00edmite en esa curva. Ser\u00e1 una carrera muy larga, pero estamos ah\u00ed; tambi\u00e9n me he sentido c\u00f3modo con la moto en las otras sesiones, as\u00ed que ma\u00f1ana, si es posible, lucharemos hasta el final.<\/em><\/p>\n<hr \/>\n<h3><a href=\"https:\/\/twitter.com\/hashtag\/MM93?src=hash\">#DP26<\/a><\/h3>\n<p><strong>Apostando por una buena salida.<\/strong><em> Los tiempos de delante han sido muy ajustados y el m\u00ednimo error pod\u00eda costarte perder dos o tres posiciones. Aqu\u00ed es importante estar al menos en las dos primeras filas, porque la primera frenada est\u00e1 muy cerca y complica un poco las cosas. <\/em><\/p>\n<p><strong>Confiado. <\/strong><em>Necesitamos empezar bien y encontrar una buena trazada entre la primera y la segunda curva. Todav\u00eda no sabemos qu\u00e9 ritmo habr\u00e1 ma\u00f1ana, pero en general el nuestro ha sido mejor de lo habitual, as\u00ed que intentaremos ajustar un poco m\u00e1s algunas cosas y veremos c\u00f3mo va.<\/em><\/p>\n","protected":false},"excerpt":{"rendered":"<p>Los pilotos del equipo Repsol Honda han terminado una ajustada sesi\u00f3n cronometrada con M\u00e1rquez tercero, a menos de una d\u00e9cima del m\u00e1s r\u00e1pido, y Pedrosa, sexto a tres d\u00e9cimas.<\/p>\n","protected":false},"author":43146,"featured_media":59346,"comment_status":"open","ping_status":"open","sticky":false,"template":"","format":"standard","meta":{"footnotes":""},"categories":[4],"tags":[141],"class_list":["post-93391","post","type-post","status-publish","format-standard","hentry","category-motogp","tag-motogp-aragon"],"yoast_head":"<!-- This site is optimized with the Yoast SEO plugin v27.3 - https:\/\/yoast.com\/product\/yoast-seo-wordpress\/ -->\n<title>GP de Arag\u00f3n Q2: M\u00e1rquez acaricia la \u2018pole\u2019 y Pedrosa saldr\u00e1 desde la segunda l\u00ednea<\/title>\n<meta name=\"description\" content=\"Los pilotos del equipo Repsol Honda han terminado una ajustada sesi\u00f3n cronometrada con M\u00e1rquez tercero, a menos de una d\u00e9cima del m\u00e1s r\u00e1pido.\" \/>\n<link rel=\"canonical\" href=\"https:\/\/www.boxrepsol.com\/es\/motogp\/marquez-acaricia-la-pole-pedrosa-saldra-desde-la-segunda-linea\/\" \/>\n<meta property=\"og:locale\" content=\"es_ES\" \/>\n<meta property=\"og:type\" content=\"article\" \/>\n<meta property=\"og:title\" content=\"GP de Arag\u00f3n Q2: M\u00e1rquez acaricia la \u2018pole\u2019 y Pedrosa saldr\u00e1 desde la segunda l\u00ednea\" \/>\n<meta property=\"og:description\" content=\"Los pilotos del equipo Repsol Honda han terminado una ajustada sesi\u00f3n cronometrada con M\u00e1rquez tercero, a menos de una d\u00e9cima del m\u00e1s r\u00e1pido.\" \/>\n<meta property=\"og:url\" content=\"https:\/\/www.boxrepsol.com\/es\/motogp\/marquez-acaricia-la-pole-pedrosa-saldra-desde-la-segunda-linea\/\" \/>\n<meta property=\"og:site_name\" content=\"Box Repsol\" \/>\n<meta property=\"article:publisher\" content=\"https:\/\/www.facebook.com\/BoxRepsol\" \/>\n<meta property=\"article:author\" content=\"https:\/\/www.facebook.com\/BoxRepsol\/\" \/>\n<meta property=\"article:published_time\" content=\"2018-09-22T02:00:00+00:00\" \/>\n<meta property=\"article:modified_time\" content=\"2024-05-22T10:50:48+00:00\" \/>\n<meta property=\"og:image\" content=\"https:\/\/bxrepsol.s3.eu-west-1.amazonaws.com\/static\/2022\/08\/29082722\/01_Marc_marquez_gp_aragon_q2.jpg\" \/>\n\t<meta property=\"og:image:width\" content=\"1280\" \/>\n\t<meta property=\"og:image:height\" content=\"600\" \/>\n\t<meta property=\"og:image:type\" content=\"image\/jpeg\" \/>\n<meta name=\"author\" content=\"Redacci\u00f3n Box Repsol\" \/>\n<meta name=\"twitter:card\" content=\"summary_large_image\" \/>\n<meta name=\"twitter:creator\" content=\"@https:\/\/twitter.com\/box_repsol\" \/>\n<meta name=\"twitter:site\" content=\"@box_repsol\" \/>\n<meta name=\"twitter:label1\" content=\"Written by\" \/>\n\t<meta name=\"twitter:data1\" content=\"Redacci\u00f3n Box Repsol\" \/>\n\t<meta name=\"twitter:label2\" content=\"Est. reading time\" \/>\n\t<meta name=\"twitter:data2\" content=\"2 minutos\" \/>\n<script type=\"application\/ld+json\" class=\"yoast-schema-graph\">{\"@context\":\"https:\\\/\\\/schema.org\",\"@graph\":[{\"@type\":\"Article\",\"@id\":\"https:\\\/\\\/www.boxrepsol.com\\\/es\\\/motogp\\\/marquez-acaricia-la-pole-pedrosa-saldra-desde-la-segunda-linea\\\/#article\",\"isPartOf\":{\"@id\":\"https:\\\/\\\/www.boxrepsol.com\\\/es\\\/motogp\\\/marquez-acaricia-la-pole-pedrosa-saldra-desde-la-segunda-linea\\\/\"},\"author\":{\"name\":\"Redacci\u00f3n Box Repsol\",\"@id\":\"https:\\\/\\\/www.boxrepsol.com\\\/es\\\/#\\\/schema\\\/person\\\/c5c2138f2cca251b0ad92b7086bb60b7\"},\"headline\":\"M\u00e1rquez acaricia la \u2018pole\u2019 y Pedrosa saldr\u00e1 desde la segunda l\u00ednea\",\"datePublished\":\"2018-09-22T02:00:00+00:00\",\"dateModified\":\"2024-05-22T10:50:48+00:00\",\"mainEntityOfPage\":{\"@id\":\"https:\\\/\\\/www.boxrepsol.com\\\/es\\\/motogp\\\/marquez-acaricia-la-pole-pedrosa-saldra-desde-la-segunda-linea\\\/\"},\"wordCount\":428,\"commentCount\":0,\"publisher\":{\"@id\":\"https:\\\/\\\/www.boxrepsol.com\\\/es\\\/#organization\"},\"image\":{\"@id\":\"https:\\\/\\\/www.boxrepsol.com\\\/es\\\/motogp\\\/marquez-acaricia-la-pole-pedrosa-saldra-desde-la-segunda-linea\\\/#primaryimage\"},\"thumbnailUrl\":\"https:\\\/\\\/bxrepsol.s3.eu-west-1.amazonaws.com\\\/static\\\/2022\\\/08\\\/29082722\\\/01_Marc_marquez_gp_aragon_q2.jpg\",\"keywords\":[\"MotoGP Arag\u00f3n\"],\"articleSection\":[\"MotoGP\"],\"inLanguage\":\"es\",\"potentialAction\":[{\"@type\":\"CommentAction\",\"name\":\"Comment\",\"target\":[\"https:\\\/\\\/www.boxrepsol.com\\\/es\\\/motogp\\\/marquez-acaricia-la-pole-pedrosa-saldra-desde-la-segunda-linea\\\/#respond\"]}]},{\"@type\":\"WebPage\",\"@id\":\"https:\\\/\\\/www.boxrepsol.com\\\/es\\\/motogp\\\/marquez-acaricia-la-pole-pedrosa-saldra-desde-la-segunda-linea\\\/\",\"url\":\"https:\\\/\\\/www.boxrepsol.com\\\/es\\\/motogp\\\/marquez-acaricia-la-pole-pedrosa-saldra-desde-la-segunda-linea\\\/\",\"name\":\"GP de Arag\u00f3n Q2: M\u00e1rquez acaricia la \u2018pole\u2019 y Pedrosa saldr\u00e1 desde la segunda l\u00ednea\",\"isPartOf\":{\"@id\":\"https:\\\/\\\/www.boxrepsol.com\\\/es\\\/#website\"},\"primaryImageOfPage\":{\"@id\":\"https:\\\/\\\/www.boxrepsol.com\\\/es\\\/motogp\\\/marquez-acaricia-la-pole-pedrosa-saldra-desde-la-segunda-linea\\\/#primaryimage\"},\"image\":{\"@id\":\"https:\\\/\\\/www.boxrepsol.com\\\/es\\\/motogp\\\/marquez-acaricia-la-pole-pedrosa-saldra-desde-la-segunda-linea\\\/#primaryimage\"},\"thumbnailUrl\":\"https:\\\/\\\/bxrepsol.s3.eu-west-1.amazonaws.com\\\/static\\\/2022\\\/08\\\/29082722\\\/01_Marc_marquez_gp_aragon_q2.jpg\",\"datePublished\":\"2018-09-22T02:00:00+00:00\",\"dateModified\":\"2024-05-22T10:50:48+00:00\",\"description\":\"Los pilotos del equipo Repsol Honda han terminado una ajustada sesi\u00f3n cronometrada con M\u00e1rquez tercero, a menos de una d\u00e9cima del m\u00e1s r\u00e1pido.\",\"breadcrumb\":{\"@id\":\"https:\\\/\\\/www.boxrepsol.com\\\/es\\\/motogp\\\/marquez-acaricia-la-pole-pedrosa-saldra-desde-la-segunda-linea\\\/#breadcrumb\"},\"inLanguage\":\"es\",\"potentialAction\":[{\"@type\":\"ReadAction\",\"target\":[\"https:\\\/\\\/www.boxrepsol.com\\\/es\\\/motogp\\\/marquez-acaricia-la-pole-pedrosa-saldra-desde-la-segunda-linea\\\/\"]}]},{\"@type\":\"ImageObject\",\"inLanguage\":\"es\",\"@id\":\"https:\\\/\\\/www.boxrepsol.com\\\/es\\\/motogp\\\/marquez-acaricia-la-pole-pedrosa-saldra-desde-la-segunda-linea\\\/#primaryimage\",\"url\":\"https:\\\/\\\/bxrepsol.s3.eu-west-1.amazonaws.com\\\/static\\\/2022\\\/08\\\/29082722\\\/01_Marc_marquez_gp_aragon_q2.jpg\",\"contentUrl\":\"https:\\\/\\\/bxrepsol.s3.eu-west-1.amazonaws.com\\\/static\\\/2022\\\/08\\\/29082722\\\/01_Marc_marquez_gp_aragon_q2.jpg\",\"width\":1280,\"height\":600,\"caption\":\"Marc m\u00e1rquez sobre su RC213V levantando el brazo\"},{\"@type\":\"BreadcrumbList\",\"@id\":\"https:\\\/\\\/www.boxrepsol.com\\\/es\\\/motogp\\\/marquez-acaricia-la-pole-pedrosa-saldra-desde-la-segunda-linea\\\/#breadcrumb\",\"itemListElement\":[{\"@type\":\"ListItem\",\"position\":1,\"name\":\"Home\",\"item\":\"https:\\\/\\\/www.boxrepsol.com\\\/es\\\/\"},{\"@type\":\"ListItem\",\"position\":2,\"name\":\"M\u00e1rquez acaricia la \u2018pole\u2019 y Pedrosa saldr\u00e1 desde la segunda l\u00ednea\"}]},{\"@type\":\"WebSite\",\"@id\":\"https:\\\/\\\/www.boxrepsol.com\\\/es\\\/#website\",\"url\":\"https:\\\/\\\/www.boxrepsol.com\\\/es\\\/\",\"name\":\"Box Repsol\",\"description\":\"Box Repsol Site\",\"publisher\":{\"@id\":\"https:\\\/\\\/www.boxrepsol.com\\\/es\\\/#organization\"},\"potentialAction\":[{\"@type\":\"SearchAction\",\"target\":{\"@type\":\"EntryPoint\",\"urlTemplate\":\"https:\\\/\\\/www.boxrepsol.com\\\/es\\\/?s={search_term_string}\"},\"query-input\":{\"@type\":\"PropertyValueSpecification\",\"valueRequired\":true,\"valueName\":\"search_term_string\"}}],\"inLanguage\":\"es\"},{\"@type\":\"Organization\",\"@id\":\"https:\\\/\\\/www.boxrepsol.com\\\/es\\\/#organization\",\"name\":\"Box Repsol\",\"url\":\"https:\\\/\\\/www.boxrepsol.com\\\/es\\\/\",\"logo\":{\"@type\":\"ImageObject\",\"inLanguage\":\"es\",\"@id\":\"https:\\\/\\\/www.boxrepsol.com\\\/es\\\/#\\\/schema\\\/logo\\\/image\\\/\",\"url\":\"https:\\\/\\\/bxrepsol.s3.eu-west-1.amazonaws.com\\\/static\\\/2025\\\/07\\\/30083337\\\/favicon-96x96-1.png\",\"contentUrl\":\"https:\\\/\\\/bxrepsol.s3.eu-west-1.amazonaws.com\\\/static\\\/2025\\\/07\\\/30083337\\\/favicon-96x96-1.png\",\"width\":96,\"height\":96,\"caption\":\"Box Repsol\"},\"image\":{\"@id\":\"https:\\\/\\\/www.boxrepsol.com\\\/es\\\/#\\\/schema\\\/logo\\\/image\\\/\"},\"sameAs\":[\"https:\\\/\\\/www.facebook.com\\\/BoxRepsol\",\"https:\\\/\\\/x.com\\\/box_repsol\",\"http:\\\/\\\/instagram.com\\\/box_repsol\",\"https:\\\/\\\/www.youtube.com\\\/user\\\/RepsolCompeticion\",\"https:\\\/\\\/www.flickr.com\\\/photos\\\/box_repsol\\\/\"]},{\"@type\":\"Person\",\"@id\":\"https:\\\/\\\/www.boxrepsol.com\\\/es\\\/#\\\/schema\\\/person\\\/c5c2138f2cca251b0ad92b7086bb60b7\",\"name\":\"Redacci\u00f3n Box Repsol\",\"image\":{\"@type\":\"ImageObject\",\"inLanguage\":\"es\",\"@id\":\"https:\\\/\\\/secure.gravatar.com\\\/avatar\\\/adf7b77e38b4419baf32c7e9c21dde01f4e40df611f0978e3006fc4ba0aaab7e?s=96&d=mm&r=g\",\"url\":\"https:\\\/\\\/secure.gravatar.com\\\/avatar\\\/adf7b77e38b4419baf32c7e9c21dde01f4e40df611f0978e3006fc4ba0aaab7e?s=96&d=mm&r=g\",\"contentUrl\":\"https:\\\/\\\/secure.gravatar.com\\\/avatar\\\/adf7b77e38b4419baf32c7e9c21dde01f4e40df611f0978e3006fc4ba0aaab7e?s=96&d=mm&r=g\",\"caption\":\"Redacci\u00f3n Box Repsol\"},\"description\":\"Box Repsol lo forma un equipo de periodistas, community managers, dise\u00f1adores y fot\u00f3grafos con m\u00e1s de 20 a\u00f1os de experiencia en el mundo del motorsport. Hemos vivido el primer mundial de un espa\u00f1ol en la categor\u00eda reina de motociclismo con \u00c1lex Crivill\u00e9, estuvimos en las victorias de Pedrosa y los t\u00edtulos de M\u00e1rquez, acompa\u00f1amos en \u00c1frica a Nani Roma y Marc Coma en sus conquistas del Dakar y hemos vibrado con los t\u00edtulos de Toni Bou en Trial. Adem\u00e1s, en nuestro equipo contamos con expertos en el mundo de las dos y cuatro ruedas tanto de la calle y las carreteras, como de los circuitos. Periodistas que han trabajado en revistas y publicaciones para hacerte llegar desde rutas y consejos de mantenimiento, a curiosidades y trucos de pilotaje.\",\"sameAs\":[\"https:\\\/\\\/www.facebook.com\\\/BoxRepsol\\\/\",\"https:\\\/\\\/www.instagram.com\\\/box_repsol\\\/\",\"https:\\\/\\\/x.com\\\/https:\\\/\\\/twitter.com\\\/box_repsol\",\"https:\\\/\\\/www.youtube.com\\\/@Boxrepsol\"],\"url\":\"https:\\\/\\\/www.boxrepsol.com\\\/es\\\/author\\\/redaccion-box-repsol\\\/\"}]}<\/script>\n<!-- \/ Yoast SEO plugin. -->","yoast_head_json":{"title":"GP de Arag\u00f3n Q2: M\u00e1rquez acaricia la \u2018pole\u2019 y Pedrosa saldr\u00e1 desde la segunda l\u00ednea","description":"Los pilotos del equipo Repsol Honda han terminado una ajustada sesi\u00f3n cronometrada con M\u00e1rquez tercero, a menos de una d\u00e9cima del m\u00e1s r\u00e1pido.","canonical":"https:\/\/www.boxrepsol.com\/es\/motogp\/marquez-acaricia-la-pole-pedrosa-saldra-desde-la-segunda-linea\/","og_locale":"es_ES","og_type":"article","og_title":"GP de Arag\u00f3n Q2: M\u00e1rquez acaricia la \u2018pole\u2019 y Pedrosa saldr\u00e1 desde la segunda l\u00ednea","og_description":"Los pilotos del equipo Repsol Honda han terminado una ajustada sesi\u00f3n cronometrada con M\u00e1rquez tercero, a menos de una d\u00e9cima del m\u00e1s r\u00e1pido.","og_url":"https:\/\/www.boxrepsol.com\/es\/motogp\/marquez-acaricia-la-pole-pedrosa-saldra-desde-la-segunda-linea\/","og_site_name":"Box Repsol","article_publisher":"https:\/\/www.facebook.com\/BoxRepsol","article_author":"https:\/\/www.facebook.com\/BoxRepsol\/","article_published_time":"2018-09-22T02:00:00+00:00","article_modified_time":"2024-05-22T10:50:48+00:00","og_image":[{"width":1280,"height":600,"url":"https:\/\/bxrepsol.s3.eu-west-1.amazonaws.com\/static\/2022\/08\/29082722\/01_Marc_marquez_gp_aragon_q2.jpg","type":"image\/jpeg"}],"author":"Redacci\u00f3n Box Repsol","twitter_card":"summary_large_image","twitter_creator":"@https:\/\/twitter.com\/box_repsol","twitter_site":"@box_repsol","twitter_misc":{"Written by":"Redacci\u00f3n Box Repsol","Est. reading time":"2 minutos"},"schema":{"@context":"https:\/\/schema.org","@graph":[{"@type":"Article","@id":"https:\/\/www.boxrepsol.com\/es\/motogp\/marquez-acaricia-la-pole-pedrosa-saldra-desde-la-segunda-linea\/#article","isPartOf":{"@id":"https:\/\/www.boxrepsol.com\/es\/motogp\/marquez-acaricia-la-pole-pedrosa-saldra-desde-la-segunda-linea\/"},"author":{"name":"Redacci\u00f3n Box Repsol","@id":"https:\/\/www.boxrepsol.com\/es\/#\/schema\/person\/c5c2138f2cca251b0ad92b7086bb60b7"},"headline":"M\u00e1rquez acaricia la \u2018pole\u2019 y Pedrosa saldr\u00e1 desde la segunda l\u00ednea","datePublished":"2018-09-22T02:00:00+00:00","dateModified":"2024-05-22T10:50:48+00:00","mainEntityOfPage":{"@id":"https:\/\/www.boxrepsol.com\/es\/motogp\/marquez-acaricia-la-pole-pedrosa-saldra-desde-la-segunda-linea\/"},"wordCount":428,"commentCount":0,"publisher":{"@id":"https:\/\/www.boxrepsol.com\/es\/#organization"},"image":{"@id":"https:\/\/www.boxrepsol.com\/es\/motogp\/marquez-acaricia-la-pole-pedrosa-saldra-desde-la-segunda-linea\/#primaryimage"},"thumbnailUrl":"https:\/\/bxrepsol.s3.eu-west-1.amazonaws.com\/static\/2022\/08\/29082722\/01_Marc_marquez_gp_aragon_q2.jpg","keywords":["MotoGP Arag\u00f3n"],"articleSection":["MotoGP"],"inLanguage":"es","potentialAction":[{"@type":"CommentAction","name":"Comment","target":["https:\/\/www.boxrepsol.com\/es\/motogp\/marquez-acaricia-la-pole-pedrosa-saldra-desde-la-segunda-linea\/#respond"]}]},{"@type":"WebPage","@id":"https:\/\/www.boxrepsol.com\/es\/motogp\/marquez-acaricia-la-pole-pedrosa-saldra-desde-la-segunda-linea\/","url":"https:\/\/www.boxrepsol.com\/es\/motogp\/marquez-acaricia-la-pole-pedrosa-saldra-desde-la-segunda-linea\/","name":"GP de Arag\u00f3n Q2: M\u00e1rquez acaricia la \u2018pole\u2019 y Pedrosa saldr\u00e1 desde la segunda l\u00ednea","isPartOf":{"@id":"https:\/\/www.boxrepsol.com\/es\/#website"},"primaryImageOfPage":{"@id":"https:\/\/www.boxrepsol.com\/es\/motogp\/marquez-acaricia-la-pole-pedrosa-saldra-desde-la-segunda-linea\/#primaryimage"},"image":{"@id":"https:\/\/www.boxrepsol.com\/es\/motogp\/marquez-acaricia-la-pole-pedrosa-saldra-desde-la-segunda-linea\/#primaryimage"},"thumbnailUrl":"https:\/\/bxrepsol.s3.eu-west-1.amazonaws.com\/static\/2022\/08\/29082722\/01_Marc_marquez_gp_aragon_q2.jpg","datePublished":"2018-09-22T02:00:00+00:00","dateModified":"2024-05-22T10:50:48+00:00","description":"Los pilotos del equipo Repsol Honda han terminado una ajustada sesi\u00f3n cronometrada con M\u00e1rquez tercero, a menos de una d\u00e9cima del m\u00e1s r\u00e1pido.","breadcrumb":{"@id":"https:\/\/www.boxrepsol.com\/es\/motogp\/marquez-acaricia-la-pole-pedrosa-saldra-desde-la-segunda-linea\/#breadcrumb"},"inLanguage":"es","potentialAction":[{"@type":"ReadAction","target":["https:\/\/www.boxrepsol.com\/es\/motogp\/marquez-acaricia-la-pole-pedrosa-saldra-desde-la-segunda-linea\/"]}]},{"@type":"ImageObject","inLanguage":"es","@id":"https:\/\/www.boxrepsol.com\/es\/motogp\/marquez-acaricia-la-pole-pedrosa-saldra-desde-la-segunda-linea\/#primaryimage","url":"https:\/\/bxrepsol.s3.eu-west-1.amazonaws.com\/static\/2022\/08\/29082722\/01_Marc_marquez_gp_aragon_q2.jpg","contentUrl":"https:\/\/bxrepsol.s3.eu-west-1.amazonaws.com\/static\/2022\/08\/29082722\/01_Marc_marquez_gp_aragon_q2.jpg","width":1280,"height":600,"caption":"Marc m\u00e1rquez sobre su RC213V levantando el brazo"},{"@type":"BreadcrumbList","@id":"https:\/\/www.boxrepsol.com\/es\/motogp\/marquez-acaricia-la-pole-pedrosa-saldra-desde-la-segunda-linea\/#breadcrumb","itemListElement":[{"@type":"ListItem","position":1,"name":"Home","item":"https:\/\/www.boxrepsol.com\/es\/"},{"@type":"ListItem","position":2,"name":"M\u00e1rquez acaricia la \u2018pole\u2019 y Pedrosa saldr\u00e1 desde la segunda l\u00ednea"}]},{"@type":"WebSite","@id":"https:\/\/www.boxrepsol.com\/es\/#website","url":"https:\/\/www.boxrepsol.com\/es\/","name":"Box Repsol","description":"Box Repsol Site","publisher":{"@id":"https:\/\/www.boxrepsol.com\/es\/#organization"},"potentialAction":[{"@type":"SearchAction","target":{"@type":"EntryPoint","urlTemplate":"https:\/\/www.boxrepsol.com\/es\/?s={search_term_string}"},"query-input":{"@type":"PropertyValueSpecification","valueRequired":true,"valueName":"search_term_string"}}],"inLanguage":"es"},{"@type":"Organization","@id":"https:\/\/www.boxrepsol.com\/es\/#organization","name":"Box Repsol","url":"https:\/\/www.boxrepsol.com\/es\/","logo":{"@type":"ImageObject","inLanguage":"es","@id":"https:\/\/www.boxrepsol.com\/es\/#\/schema\/logo\/image\/","url":"https:\/\/bxrepsol.s3.eu-west-1.amazonaws.com\/static\/2025\/07\/30083337\/favicon-96x96-1.png","contentUrl":"https:\/\/bxrepsol.s3.eu-west-1.amazonaws.com\/static\/2025\/07\/30083337\/favicon-96x96-1.png","width":96,"height":96,"caption":"Box Repsol"},"image":{"@id":"https:\/\/www.boxrepsol.com\/es\/#\/schema\/logo\/image\/"},"sameAs":["https:\/\/www.facebook.com\/BoxRepsol","https:\/\/x.com\/box_repsol","http:\/\/instagram.com\/box_repsol","https:\/\/www.youtube.com\/user\/RepsolCompeticion","https:\/\/www.flickr.com\/photos\/box_repsol\/"]},{"@type":"Person","@id":"https:\/\/www.boxrepsol.com\/es\/#\/schema\/person\/c5c2138f2cca251b0ad92b7086bb60b7","name":"Redacci\u00f3n Box Repsol","image":{"@type":"ImageObject","inLanguage":"es","@id":"https:\/\/secure.gravatar.com\/avatar\/adf7b77e38b4419baf32c7e9c21dde01f4e40df611f0978e3006fc4ba0aaab7e?s=96&d=mm&r=g","url":"https:\/\/secure.gravatar.com\/avatar\/adf7b77e38b4419baf32c7e9c21dde01f4e40df611f0978e3006fc4ba0aaab7e?s=96&d=mm&r=g","contentUrl":"https:\/\/secure.gravatar.com\/avatar\/adf7b77e38b4419baf32c7e9c21dde01f4e40df611f0978e3006fc4ba0aaab7e?s=96&d=mm&r=g","caption":"Redacci\u00f3n Box Repsol"},"description":"Box Repsol lo forma un equipo de periodistas, community managers, dise\u00f1adores y fot\u00f3grafos con m\u00e1s de 20 a\u00f1os de experiencia en el mundo del motorsport. Hemos vivido el primer mundial de un espa\u00f1ol en la categor\u00eda reina de motociclismo con \u00c1lex Crivill\u00e9, estuvimos en las victorias de Pedrosa y los t\u00edtulos de M\u00e1rquez, acompa\u00f1amos en \u00c1frica a Nani Roma y Marc Coma en sus conquistas del Dakar y hemos vibrado con los t\u00edtulos de Toni Bou en Trial. Adem\u00e1s, en nuestro equipo contamos con expertos en el mundo de las dos y cuatro ruedas tanto de la calle y las carreteras, como de los circuitos. Periodistas que han trabajado en revistas y publicaciones para hacerte llegar desde rutas y consejos de mantenimiento, a curiosidades y trucos de pilotaje.","sameAs":["https:\/\/www.facebook.com\/BoxRepsol\/","https:\/\/www.instagram.com\/box_repsol\/","https:\/\/x.com\/https:\/\/twitter.com\/box_repsol","https:\/\/www.youtube.com\/@Boxrepsol"],"url":"https:\/\/www.boxrepsol.com\/es\/author\/redaccion-box-repsol\/"}]}},"_links":{"self":[{"href":"https:\/\/www.boxrepsol.com\/es\/wp-json\/wp\/v2\/posts\/93391","targetHints":{"allow":["GET"]}}],"collection":[{"href":"https:\/\/www.boxrepsol.com\/es\/wp-json\/wp\/v2\/posts"}],"about":[{"href":"https:\/\/www.boxrepsol.com\/es\/wp-json\/wp\/v2\/types\/post"}],"author":[{"embeddable":true,"href":"https:\/\/www.boxrepsol.com\/es\/wp-json\/wp\/v2\/users\/43146"}],"replies":[{"embeddable":true,"href":"https:\/\/www.boxrepsol.com\/es\/wp-json\/wp\/v2\/comments?post=93391"}],"version-history":[{"count":1,"href":"https:\/\/www.boxrepsol.com\/es\/wp-json\/wp\/v2\/posts\/93391\/revisions"}],"predecessor-version":[{"id":116594,"href":"https:\/\/www.boxrepsol.com\/es\/wp-json\/wp\/v2\/posts\/93391\/revisions\/116594"}],"wp:featuredmedia":[{"embeddable":true,"href":"https:\/\/www.boxrepsol.com\/es\/wp-json\/wp\/v2\/media\/59346"}],"wp:attachment":[{"href":"https:\/\/www.boxrepsol.com\/es\/wp-json\/wp\/v2\/media?parent=93391"}],"wp:term":[{"taxonomy":"category","embeddable":true,"href":"https:\/\/www.boxrepsol.com\/es\/wp-json\/wp\/v2\/categories?post=93391"},{"taxonomy":"post_tag","embeddable":true,"href":"https:\/\/www.boxrepsol.com\/es\/wp-json\/wp\/v2\/tags?post=93391"}],"curies":[{"name":"wp","href":"https:\/\/api.w.org\/{rel}","templated":true}]}}