{"id":93386,"date":"2018-09-20T00:00:00","date_gmt":"2018-09-20T02:00:00","guid":{"rendered":"http:\/\/pre.boxrepsol.com\/sin-categorizar\/las-mejores-carreras-repsol-honda-motorland-aragon\/"},"modified":"2024-05-22T08:51:38","modified_gmt":"2024-05-22T10:51:38","slug":"las-mejores-carreras-repsol-honda-motorland-aragon","status":"publish","type":"post","link":"https:\/\/www.boxrepsol.com\/es\/motogp\/las-mejores-carreras-repsol-honda-motorland-aragon\/","title":{"rendered":"Las mejores carreras de Repsol Honda en MotorLand Arag\u00f3n"},"content":{"rendered":"<blockquote><p>\n\t<a href=\"http:\/\/twitter.com\/share?text=%C2%BFY+t%C3%BA%3F+%C2%BFCu%C3%A1l+dir%C3%ADas+que+es+la+mejor+carrera+en+MotorLand+Arag%C3%B3n%3F&#038;url=https%3A%2F%2Fwww.boxrepsol.com%2Fes%2Fmotogp%2Flas-mejores-carreras-repsol-honda-motorland-aragon%2F\" target=\"_blank\" rel=\"noopener\"><\/p>\n<p>\u00bfY t\u00fa? \u00bfCu\u00e1l dir\u00edas que es la mejor carrera en MotorLand Arag\u00f3n?<\/p>\n<p>\t<\/a>\n<\/p><\/blockquote>\n<h3><strong>2011 Dominio de Stoner y Pedrosa<\/strong><\/h3>\n<p>El GP de Arag\u00f3n de 2011 se sald\u00f3 con un memorable doblete de\u00a0 <strong>Casey Stoner<\/strong> y <strong>Dani Pedrosa<\/strong>. Los dos pilotos se pusieron en cabeza dominando completamente la carrera de principio a fin con un dise\u00f1o \u00fanico de David Delf\u00edn en el carenado de las motos.<\/p>\n<p>El australiano consigui\u00f3 la pole y el samur\u00e1i sal\u00eda en segundo lugar, posiciones que mantuvieron durante toda la carrera. Esta victoria fue un <strong>ejemplo del pilotaje de Casey<\/strong> que aquel a\u00f1o gan\u00f3 el Mundial para el Equipo Repsol Honda.<\/p>\n<p><a href=\"https:\/\/bxrepsol.s3.eu-west-1.amazonaws.com\/static\/2022\/08\/05043812\/01_casey_stoner_dani_pedrosa_motogp_podio_champan_david_delfin_diseno.jpg\" \n   title=\"Casey Stoner y Dani Pedrosa en podio con dise\u00f1o especial lanzando champ\u00e1n\" \n   data-gallery-thumbnail=\"https:\/\/bxrepsol.s3.eu-west-1.amazonaws.com\/static\/2022\/08\/05043812\/01_casey_stoner_dani_pedrosa_motogp_podio_champan_david_delfin_diseno.jpg\"\n   data-gallery><\/p>\n<figure>\n        <picture style=\"padding-bottom: 66.666666666667%; background-image: url(https:\/\/bxrepsol.s3.eu-west-1.amazonaws.com\/static\/2022\/08\/05043812\/01_casey_stoner_dani_pedrosa_motogp_podio_champan_david_delfin_diseno.jpg);\">\n            <img decoding=\"async\" src=\"https:\/\/bxrepsol.s3.eu-west-1.amazonaws.com\/static\/2022\/08\/05043812\/01_casey_stoner_dani_pedrosa_motogp_podio_champan_david_delfin_diseno.jpg\"><br \/>\n            <img itemprop=\"image\"\n                data-srcset=\"https:\/\/bxrepsol.s3.eu-west-1.amazonaws.com\/static\/2022\/08\/05043812\/01_casey_stoner_dani_pedrosa_motogp_podio_champan_david_delfin_diseno.jpg 480w, https:\/\/bxrepsol.s3.eu-west-1.amazonaws.com\/static\/2022\/08\/05043812\/01_casey_stoner_dani_pedrosa_motogp_podio_champan_david_delfin_diseno.jpg 600w, https:\/\/bxrepsol.s3.eu-west-1.amazonaws.com\/static\/2022\/08\/05043812\/01_casey_stoner_dani_pedrosa_motogp_podio_champan_david_delfin_diseno.jpg 900w\"\n                data-src=\"https:\/\/bxrepsol.s3.eu-west-1.amazonaws.com\/static\/2022\/08\/05043812\/01_casey_stoner_dani_pedrosa_motogp_podio_champan_david_delfin_diseno.jpg\"\n                alt=\"Casey Stoner y Dani Pedrosa en podio con dise\u00f1o especial lanzando champ\u00e1n\"\n                title=\"Casey Stoner y Dani Pedrosa en el podio de MotorLand\"\/><br \/>\n            <noscript><img decoding=\"async\" src=\"https:\/\/bxrepsol.s3.eu-west-1.amazonaws.com\/static\/2022\/08\/05043812\/01_casey_stoner_dani_pedrosa_motogp_podio_champan_david_delfin_diseno.jpg\" alt=\"Casey Stoner y Dani Pedrosa en podio con dise\u00f1o especial lanzando champ\u00e1n\"><\/noscript>\n        <\/picture><figcaption>Casey Stoner y Dani Pedrosa en podio con dise\u00f1o especial lanzando champ\u00e1n<\/figcaption><\/figure>\n<p><\/a><\/p>\n<h3><strong>2012 La precisi\u00f3n legendaria del Samur\u00e1i<\/strong><\/h3>\n<p>En 2012 fuimos testigos del talento ya legendario de <strong>Dani Pedrosa<\/strong>, quien <strong>domin\u00f3 en aquella temporada el trazado aragon\u00e9s sin oposici\u00f3n<\/strong>. Tras tomar la cabeza de carrera en la vuelta 7, el 26 se mantuvo liderando hasta el final, aumentando el tiempo con sus competidores vuelta tras vuelta.<\/p>\n<p>Nuestro samur\u00e1i cruz\u00f3 la meta a 6,4 segundos del segundo clasificado, demostrando que ten\u00eda m\u00e1s ritmo que nadie. <strong>Jonathan Rea<\/strong> que sustitu\u00eda a un <strong>lesionado<\/strong> <strong>Casey Stoner<\/strong>, acab\u00f3 la carrera en un nada despreciable <strong>s\u00e9ptimo puesto<\/strong>, convirtiendo aquel GP en un d\u00eda de celebraci\u00f3n para el Equipo.<\/p>\n<p><a href=\"https:\/\/bxrepsol.s3.eu-west-1.amazonaws.com\/static\/2022\/08\/05061419\/02_dani_pedrosa_celebracion_motogp_motorland.jpg\" \n   title=\"Dani Pedrosa tras la victoria en el GP de Arag\u00f3n en 2012\" \n   data-gallery-thumbnail=\"https:\/\/bxrepsol.s3.eu-west-1.amazonaws.com\/static\/2022\/08\/05061419\/02_dani_pedrosa_celebracion_motogp_motorland.jpg\"\n   data-gallery><\/p>\n<figure>\n        <picture style=\"padding-bottom: 66.666666666667%; background-image: url(https:\/\/bxrepsol.s3.eu-west-1.amazonaws.com\/static\/2022\/08\/05061419\/02_dani_pedrosa_celebracion_motogp_motorland.jpg);\">\n            <img decoding=\"async\" src=\"https:\/\/bxrepsol.s3.eu-west-1.amazonaws.com\/static\/2022\/08\/05061419\/02_dani_pedrosa_celebracion_motogp_motorland.jpg\"><br \/>\n            <img itemprop=\"image\"\n                data-srcset=\"https:\/\/bxrepsol.s3.eu-west-1.amazonaws.com\/static\/2022\/08\/05061419\/02_dani_pedrosa_celebracion_motogp_motorland.jpg 480w, https:\/\/bxrepsol.s3.eu-west-1.amazonaws.com\/static\/2022\/08\/05061419\/02_dani_pedrosa_celebracion_motogp_motorland.jpg 600w, https:\/\/bxrepsol.s3.eu-west-1.amazonaws.com\/static\/2022\/08\/05061419\/02_dani_pedrosa_celebracion_motogp_motorland.jpg 900w, https:\/\/bxrepsol.s3.eu-west-1.amazonaws.com\/static\/2022\/08\/05061419\/02_dani_pedrosa_celebracion_motogp_motorland.jpg 1280w\"\n                data-src=\"https:\/\/bxrepsol.s3.eu-west-1.amazonaws.com\/static\/2022\/08\/05061419\/02_dani_pedrosa_celebracion_motogp_motorland.jpg\"\n                alt=\"Dani Pedrosa tras la victoria en el GP de Arag\u00f3n en 2012\"\n                title=\"Dani Pedrosa celebrando su victoria de  2012 en MotorLand\"\/><br \/>\n            <noscript><img decoding=\"async\" src=\"https:\/\/bxrepsol.s3.eu-west-1.amazonaws.com\/static\/2022\/08\/05061419\/02_dani_pedrosa_celebracion_motogp_motorland.jpg\" alt=\"Dani Pedrosa tras la victoria en el GP de Arag\u00f3n en 2012\"><\/noscript>\n        <\/picture><figcaption>Dani Pedrosa tras la victoria en el GP de Arag\u00f3n en 2012<\/figcaption><\/figure>\n<p><\/a><\/p>\n<h3><strong>2016 Peleada victoria de Marc M\u00e1rquez<\/strong><\/h3>\n<p>2016 ser\u00e1 recordado como un a\u00f1o trepidante en la competici\u00f3n. Con 9 vencedores diferentes en toda la temporada, cada carrera estaba llena inc\u00f3gnitas y cualquiera parec\u00eda que pod\u00eda dar la sorpresa y ganar. <strong>Marc M\u00e1rquez<\/strong> se las vio en el grupo de cabeza con dos de los pesos pesados, Valentino Rossi y el campe\u00f3n del a\u00f1o anterior, Jorge Lorenzo. A la contienda se les sumaban Maverick Vi\u00f1ales y\u00a0 Andrea Dovizioso. Marc tom\u00f3 la delantera en la vuelta 12 y no la volvi\u00f3 a soltar mientras que <strong>Dani consegu\u00eda un sexto puesto<\/strong> tras su victoria en San Marino.<\/p>\n<p><a href=\"https:\/\/bxrepsol.s3.eu-west-1.amazonaws.com\/static\/2022\/08\/05061420\/03_Marc_marquez_celebrando_bandera_93_motorland.jpg\" \n   title=\"Marc M\u00e1rquez celebrando con su bandera del 93 y los comisarios de pista\" \n   data-gallery-thumbnail=\"https:\/\/bxrepsol.s3.eu-west-1.amazonaws.com\/static\/2022\/08\/05061420\/03_Marc_marquez_celebrando_bandera_93_motorland.jpg\"\n   data-gallery><\/p>\n<figure>\n        <picture style=\"padding-bottom: 66.72%; background-image: url(https:\/\/bxrepsol.s3.eu-west-1.amazonaws.com\/static\/2022\/08\/05061420\/03_Marc_marquez_celebrando_bandera_93_motorland.jpg);\">\n            <img decoding=\"async\" src=\"https:\/\/bxrepsol.s3.eu-west-1.amazonaws.com\/static\/2022\/08\/05061420\/03_Marc_marquez_celebrando_bandera_93_motorland.jpg\"><br \/>\n            <img itemprop=\"image\"\n                data-srcset=\"https:\/\/bxrepsol.s3.eu-west-1.amazonaws.com\/static\/2022\/08\/05061420\/03_Marc_marquez_celebrando_bandera_93_motorland.jpg 480w, https:\/\/bxrepsol.s3.eu-west-1.amazonaws.com\/static\/2022\/08\/05061420\/03_Marc_marquez_celebrando_bandera_93_motorland.jpg 600w, https:\/\/bxrepsol.s3.eu-west-1.amazonaws.com\/static\/2022\/08\/05061420\/03_Marc_marquez_celebrando_bandera_93_motorland.jpg 900w\"\n                data-src=\"https:\/\/bxrepsol.s3.eu-west-1.amazonaws.com\/static\/2022\/08\/05061420\/03_Marc_marquez_celebrando_bandera_93_motorland.jpg\"\n                alt=\"Marc M\u00e1rquez celebrando con su bandera del 93 y los comisarios de pista\"\n                title=\"Marc M\u00e1rquez celebra su victoria en MotorLand en 2013\"\/><br \/>\n            <noscript><img decoding=\"async\" src=\"https:\/\/bxrepsol.s3.eu-west-1.amazonaws.com\/static\/2022\/08\/05061420\/03_Marc_marquez_celebrando_bandera_93_motorland.jpg\" alt=\"Marc M\u00e1rquez celebrando con su bandera del 93 y los comisarios de pista\"><\/noscript>\n        <\/picture><figcaption>Marc M\u00e1rquez celebrando con su bandera del 93 y los comisarios de pista<\/figcaption><\/figure>\n<p><\/a><\/p>\n<h3><strong>2017 Trabajado doblete de Marc y Dani<\/strong><\/h3>\n<p>Una carrera para el recuerdo en el que <strong>Marc fue adelantando a sus competidores en la \u00faltima curva vuelta tras vuelta<\/strong>. Las Ducati de Lorenzo y Dovizioso eran r\u00e1pidas, as\u00ed como la Yamaha de Maverick, pero a partir de la vuelta 16, M\u00e1rquez hab\u00eda conseguido la cabeza de carrera y no iba a abandonar esa posici\u00f3n. Mientras <strong>Pedrosa<\/strong> <strong>que hab\u00eda salido sexto, escalaba posiciones<\/strong> en busca de un merecido segundo puesto. As\u00ed el equipo lograba uno de los <a href=\"https:\/\/www.boxrepsol.com\/es\/motogp\/marc-marquez-y-dani-pedrosa-en-2017-dobletes-inolvidables\/\"><strong>dobletes m\u00e1s celebrados del Equipo Repsol Honda<\/strong> <\/a>de los \u00faltimos tiempos, con sus fans apoy\u00e1ndolos en el propio circuito.<\/p>\n<p><a href=\"https:\/\/bxrepsol.s3.eu-west-1.amazonaws.com\/static\/2022\/08\/05061421\/04_marc_y_dani_doblete_motorland_aragon_2017.jpg\" \n   title=\"Marc y Dani celebran con el equipo el doblete en el GP de Arag\u00f3n\" \n   data-gallery-thumbnail=\"https:\/\/bxrepsol.s3.eu-west-1.amazonaws.com\/static\/2022\/08\/05061421\/04_marc_y_dani_doblete_motorland_aragon_2017.jpg\"\n   data-gallery><\/p>\n<figure>\n        <picture style=\"padding-bottom: 66.666666666667%; background-image: url(https:\/\/bxrepsol.s3.eu-west-1.amazonaws.com\/static\/2022\/08\/05061421\/04_marc_y_dani_doblete_motorland_aragon_2017.jpg);\">\n            <img decoding=\"async\" src=\"https:\/\/bxrepsol.s3.eu-west-1.amazonaws.com\/static\/2022\/08\/05061421\/04_marc_y_dani_doblete_motorland_aragon_2017.jpg\"><br \/>\n            <img itemprop=\"image\"\n                data-srcset=\"https:\/\/bxrepsol.s3.eu-west-1.amazonaws.com\/static\/2022\/08\/05061421\/04_marc_y_dani_doblete_motorland_aragon_2017.jpg 480w, https:\/\/bxrepsol.s3.eu-west-1.amazonaws.com\/static\/2022\/08\/05061421\/04_marc_y_dani_doblete_motorland_aragon_2017.jpg 600w, https:\/\/bxrepsol.s3.eu-west-1.amazonaws.com\/static\/2022\/08\/05061421\/04_marc_y_dani_doblete_motorland_aragon_2017.jpg 900w, https:\/\/bxrepsol.s3.eu-west-1.amazonaws.com\/static\/2022\/08\/05061421\/04_marc_y_dani_doblete_motorland_aragon_2017.jpg 1280w\"\n                data-src=\"https:\/\/bxrepsol.s3.eu-west-1.amazonaws.com\/static\/2022\/08\/05061421\/04_marc_y_dani_doblete_motorland_aragon_2017.jpg\"\n                alt=\"Marc y Dani celebran con el equipo el doblete en el GP de Arag\u00f3n\"\n                title=\"Marc y Dani doblete en MotorLand 2017\"\/><br \/>\n            <noscript><img decoding=\"async\" src=\"https:\/\/bxrepsol.s3.eu-west-1.amazonaws.com\/static\/2022\/08\/05061421\/04_marc_y_dani_doblete_motorland_aragon_2017.jpg\" alt=\"Marc y Dani celebran con el equipo el doblete en el GP de Arag\u00f3n\"><\/noscript>\n        <\/picture><figcaption>Marc y Dani celebran con el equipo el doblete en el GP de Arag\u00f3n<\/figcaption><\/figure>\n<p><\/a><\/p>\n<p>\u00bfY t\u00fa? \u00bfcu\u00e1l dir\u00edas que es la mejor carrera en MotorLand Arag\u00f3n?<\/p>\n","protected":false},"excerpt":{"rendered":"<p>No es ning\u00fan secreto que el circuito de Alca\u00f1iz es uno de los favoritos de todos los pilotos Repsol Honda, al menos de aquellos que han formado parte del equipo desde 2010, a\u00f1o en el que se estren\u00f3 MotorLand en el calendario del Mundial.<\/p>\n","protected":false},"author":43146,"featured_media":59326,"comment_status":"open","ping_status":"open","sticky":false,"template":"","format":"standard","meta":{"footnotes":""},"categories":[4],"tags":[141],"class_list":["post-93386","post","type-post","status-publish","format-standard","hentry","category-motogp","tag-motogp-aragon"],"yoast_head":"<!-- This site is optimized with the Yoast SEO plugin v27.3 - https:\/\/yoast.com\/product\/yoast-seo-wordpress\/ -->\n<title>Las mejores carreras de Repsol Honda en MotorLand Arag\u00f3n - Box Repsol<\/title>\n<meta name=\"description\" content=\"No es ning\u00fan secreto que el circuito de MotorLand Arag\u00f3n es uno de los favoritos de todos los pilotos Repsol Honda\" \/>\n<link rel=\"canonical\" href=\"https:\/\/www.boxrepsol.com\/es\/motogp\/las-mejores-carreras-repsol-honda-motorland-aragon\/\" \/>\n<meta property=\"og:locale\" content=\"es_ES\" \/>\n<meta property=\"og:type\" content=\"article\" \/>\n<meta property=\"og:title\" content=\"Las mejores carreras de Repsol Honda en MotorLand Arag\u00f3n - Box Repsol\" \/>\n<meta property=\"og:description\" content=\"No es ning\u00fan secreto que el circuito de MotorLand Arag\u00f3n es uno de los favoritos de todos los pilotos Repsol Honda\" \/>\n<meta property=\"og:url\" content=\"https:\/\/www.boxrepsol.com\/es\/motogp\/las-mejores-carreras-repsol-honda-motorland-aragon\/\" \/>\n<meta property=\"og:site_name\" content=\"Box Repsol\" \/>\n<meta property=\"article:publisher\" content=\"https:\/\/www.facebook.com\/BoxRepsol\" \/>\n<meta property=\"article:author\" content=\"https:\/\/www.facebook.com\/BoxRepsol\/\" \/>\n<meta property=\"article:published_time\" content=\"2018-09-20T02:00:00+00:00\" \/>\n<meta property=\"article:modified_time\" content=\"2024-05-22T10:51:38+00:00\" \/>\n<meta property=\"og:image\" content=\"https:\/\/bxrepsol.s3.eu-west-1.amazonaws.com\/static\/2022\/08\/29082711\/00_motoroland_motogp_marc_marquez_dani_pedrosa_repsol_honda.jpg\" \/>\n\t<meta property=\"og:image:width\" content=\"1280\" \/>\n\t<meta property=\"og:image:height\" content=\"600\" \/>\n\t<meta property=\"og:image:type\" content=\"image\/jpeg\" \/>\n<meta name=\"author\" content=\"Redacci\u00f3n Box Repsol\" \/>\n<meta name=\"twitter:card\" content=\"summary_large_image\" \/>\n<meta name=\"twitter:creator\" content=\"@https:\/\/twitter.com\/box_repsol\" \/>\n<meta name=\"twitter:site\" content=\"@box_repsol\" \/>\n<meta name=\"twitter:label1\" content=\"Written by\" \/>\n\t<meta name=\"twitter:data1\" content=\"Redacci\u00f3n Box Repsol\" \/>\n\t<meta name=\"twitter:label2\" content=\"Est. reading time\" \/>\n\t<meta name=\"twitter:data2\" content=\"3 minutos\" \/>\n<script type=\"application\/ld+json\" class=\"yoast-schema-graph\">{\"@context\":\"https:\\\/\\\/schema.org\",\"@graph\":[{\"@type\":\"Article\",\"@id\":\"https:\\\/\\\/www.boxrepsol.com\\\/es\\\/motogp\\\/las-mejores-carreras-repsol-honda-motorland-aragon\\\/#article\",\"isPartOf\":{\"@id\":\"https:\\\/\\\/www.boxrepsol.com\\\/es\\\/motogp\\\/las-mejores-carreras-repsol-honda-motorland-aragon\\\/\"},\"author\":{\"name\":\"Redacci\u00f3n Box Repsol\",\"@id\":\"https:\\\/\\\/www.boxrepsol.com\\\/es\\\/#\\\/schema\\\/person\\\/c5c2138f2cca251b0ad92b7086bb60b7\"},\"headline\":\"Las mejores carreras de Repsol Honda en MotorLand Arag\u00f3n\",\"datePublished\":\"2018-09-20T02:00:00+00:00\",\"dateModified\":\"2024-05-22T10:51:38+00:00\",\"mainEntityOfPage\":{\"@id\":\"https:\\\/\\\/www.boxrepsol.com\\\/es\\\/motogp\\\/las-mejores-carreras-repsol-honda-motorland-aragon\\\/\"},\"wordCount\":515,\"commentCount\":0,\"publisher\":{\"@id\":\"https:\\\/\\\/www.boxrepsol.com\\\/es\\\/#organization\"},\"image\":{\"@id\":\"https:\\\/\\\/www.boxrepsol.com\\\/es\\\/motogp\\\/las-mejores-carreras-repsol-honda-motorland-aragon\\\/#primaryimage\"},\"thumbnailUrl\":\"https:\\\/\\\/bxrepsol.s3.eu-west-1.amazonaws.com\\\/static\\\/2022\\\/08\\\/29082711\\\/00_motoroland_motogp_marc_marquez_dani_pedrosa_repsol_honda.jpg\",\"keywords\":[\"MotoGP Arag\u00f3n\"],\"articleSection\":[\"MotoGP\"],\"inLanguage\":\"es\",\"potentialAction\":[{\"@type\":\"CommentAction\",\"name\":\"Comment\",\"target\":[\"https:\\\/\\\/www.boxrepsol.com\\\/es\\\/motogp\\\/las-mejores-carreras-repsol-honda-motorland-aragon\\\/#respond\"]}]},{\"@type\":\"WebPage\",\"@id\":\"https:\\\/\\\/www.boxrepsol.com\\\/es\\\/motogp\\\/las-mejores-carreras-repsol-honda-motorland-aragon\\\/\",\"url\":\"https:\\\/\\\/www.boxrepsol.com\\\/es\\\/motogp\\\/las-mejores-carreras-repsol-honda-motorland-aragon\\\/\",\"name\":\"Las mejores carreras de Repsol Honda en MotorLand Arag\u00f3n - Box Repsol\",\"isPartOf\":{\"@id\":\"https:\\\/\\\/www.boxrepsol.com\\\/es\\\/#website\"},\"primaryImageOfPage\":{\"@id\":\"https:\\\/\\\/www.boxrepsol.com\\\/es\\\/motogp\\\/las-mejores-carreras-repsol-honda-motorland-aragon\\\/#primaryimage\"},\"image\":{\"@id\":\"https:\\\/\\\/www.boxrepsol.com\\\/es\\\/motogp\\\/las-mejores-carreras-repsol-honda-motorland-aragon\\\/#primaryimage\"},\"thumbnailUrl\":\"https:\\\/\\\/bxrepsol.s3.eu-west-1.amazonaws.com\\\/static\\\/2022\\\/08\\\/29082711\\\/00_motoroland_motogp_marc_marquez_dani_pedrosa_repsol_honda.jpg\",\"datePublished\":\"2018-09-20T02:00:00+00:00\",\"dateModified\":\"2024-05-22T10:51:38+00:00\",\"description\":\"No es ning\u00fan secreto que el circuito de MotorLand Arag\u00f3n es uno de los favoritos de todos los pilotos Repsol Honda\",\"breadcrumb\":{\"@id\":\"https:\\\/\\\/www.boxrepsol.com\\\/es\\\/motogp\\\/las-mejores-carreras-repsol-honda-motorland-aragon\\\/#breadcrumb\"},\"inLanguage\":\"es\",\"potentialAction\":[{\"@type\":\"ReadAction\",\"target\":[\"https:\\\/\\\/www.boxrepsol.com\\\/es\\\/motogp\\\/las-mejores-carreras-repsol-honda-motorland-aragon\\\/\"]}]},{\"@type\":\"ImageObject\",\"inLanguage\":\"es\",\"@id\":\"https:\\\/\\\/www.boxrepsol.com\\\/es\\\/motogp\\\/las-mejores-carreras-repsol-honda-motorland-aragon\\\/#primaryimage\",\"url\":\"https:\\\/\\\/bxrepsol.s3.eu-west-1.amazonaws.com\\\/static\\\/2022\\\/08\\\/29082711\\\/00_motoroland_motogp_marc_marquez_dani_pedrosa_repsol_honda.jpg\",\"contentUrl\":\"https:\\\/\\\/bxrepsol.s3.eu-west-1.amazonaws.com\\\/static\\\/2022\\\/08\\\/29082711\\\/00_motoroland_motogp_marc_marquez_dani_pedrosa_repsol_honda.jpg\",\"width\":1280,\"height\":600,\"caption\":\"Marc M\u00e1rquez y Dani Pedrosa trazando la curva del muro de Motorland\"},{\"@type\":\"BreadcrumbList\",\"@id\":\"https:\\\/\\\/www.boxrepsol.com\\\/es\\\/motogp\\\/las-mejores-carreras-repsol-honda-motorland-aragon\\\/#breadcrumb\",\"itemListElement\":[{\"@type\":\"ListItem\",\"position\":1,\"name\":\"Home\",\"item\":\"https:\\\/\\\/www.boxrepsol.com\\\/es\\\/\"},{\"@type\":\"ListItem\",\"position\":2,\"name\":\"Las mejores carreras de Repsol Honda en MotorLand Arag\u00f3n\"}]},{\"@type\":\"WebSite\",\"@id\":\"https:\\\/\\\/www.boxrepsol.com\\\/es\\\/#website\",\"url\":\"https:\\\/\\\/www.boxrepsol.com\\\/es\\\/\",\"name\":\"Box Repsol\",\"description\":\"Box Repsol Site\",\"publisher\":{\"@id\":\"https:\\\/\\\/www.boxrepsol.com\\\/es\\\/#organization\"},\"potentialAction\":[{\"@type\":\"SearchAction\",\"target\":{\"@type\":\"EntryPoint\",\"urlTemplate\":\"https:\\\/\\\/www.boxrepsol.com\\\/es\\\/?s={search_term_string}\"},\"query-input\":{\"@type\":\"PropertyValueSpecification\",\"valueRequired\":true,\"valueName\":\"search_term_string\"}}],\"inLanguage\":\"es\"},{\"@type\":\"Organization\",\"@id\":\"https:\\\/\\\/www.boxrepsol.com\\\/es\\\/#organization\",\"name\":\"Box Repsol\",\"url\":\"https:\\\/\\\/www.boxrepsol.com\\\/es\\\/\",\"logo\":{\"@type\":\"ImageObject\",\"inLanguage\":\"es\",\"@id\":\"https:\\\/\\\/www.boxrepsol.com\\\/es\\\/#\\\/schema\\\/logo\\\/image\\\/\",\"url\":\"https:\\\/\\\/bxrepsol.s3.eu-west-1.amazonaws.com\\\/static\\\/2025\\\/07\\\/30083337\\\/favicon-96x96-1.png\",\"contentUrl\":\"https:\\\/\\\/bxrepsol.s3.eu-west-1.amazonaws.com\\\/static\\\/2025\\\/07\\\/30083337\\\/favicon-96x96-1.png\",\"width\":96,\"height\":96,\"caption\":\"Box Repsol\"},\"image\":{\"@id\":\"https:\\\/\\\/www.boxrepsol.com\\\/es\\\/#\\\/schema\\\/logo\\\/image\\\/\"},\"sameAs\":[\"https:\\\/\\\/www.facebook.com\\\/BoxRepsol\",\"https:\\\/\\\/x.com\\\/box_repsol\",\"http:\\\/\\\/instagram.com\\\/box_repsol\",\"https:\\\/\\\/www.youtube.com\\\/user\\\/RepsolCompeticion\",\"https:\\\/\\\/www.flickr.com\\\/photos\\\/box_repsol\\\/\"]},{\"@type\":\"Person\",\"@id\":\"https:\\\/\\\/www.boxrepsol.com\\\/es\\\/#\\\/schema\\\/person\\\/c5c2138f2cca251b0ad92b7086bb60b7\",\"name\":\"Redacci\u00f3n Box Repsol\",\"image\":{\"@type\":\"ImageObject\",\"inLanguage\":\"es\",\"@id\":\"https:\\\/\\\/secure.gravatar.com\\\/avatar\\\/adf7b77e38b4419baf32c7e9c21dde01f4e40df611f0978e3006fc4ba0aaab7e?s=96&d=mm&r=g\",\"url\":\"https:\\\/\\\/secure.gravatar.com\\\/avatar\\\/adf7b77e38b4419baf32c7e9c21dde01f4e40df611f0978e3006fc4ba0aaab7e?s=96&d=mm&r=g\",\"contentUrl\":\"https:\\\/\\\/secure.gravatar.com\\\/avatar\\\/adf7b77e38b4419baf32c7e9c21dde01f4e40df611f0978e3006fc4ba0aaab7e?s=96&d=mm&r=g\",\"caption\":\"Redacci\u00f3n Box Repsol\"},\"description\":\"Box Repsol lo forma un equipo de periodistas, community managers, dise\u00f1adores y fot\u00f3grafos con m\u00e1s de 20 a\u00f1os de experiencia en el mundo del motorsport. Hemos vivido el primer mundial de un espa\u00f1ol en la categor\u00eda reina de motociclismo con \u00c1lex Crivill\u00e9, estuvimos en las victorias de Pedrosa y los t\u00edtulos de M\u00e1rquez, acompa\u00f1amos en \u00c1frica a Nani Roma y Marc Coma en sus conquistas del Dakar y hemos vibrado con los t\u00edtulos de Toni Bou en Trial. Adem\u00e1s, en nuestro equipo contamos con expertos en el mundo de las dos y cuatro ruedas tanto de la calle y las carreteras, como de los circuitos. Periodistas que han trabajado en revistas y publicaciones para hacerte llegar desde rutas y consejos de mantenimiento, a curiosidades y trucos de pilotaje.\",\"sameAs\":[\"https:\\\/\\\/www.facebook.com\\\/BoxRepsol\\\/\",\"https:\\\/\\\/www.instagram.com\\\/box_repsol\\\/\",\"https:\\\/\\\/x.com\\\/https:\\\/\\\/twitter.com\\\/box_repsol\",\"https:\\\/\\\/www.youtube.com\\\/@Boxrepsol\"],\"url\":\"https:\\\/\\\/www.boxrepsol.com\\\/es\\\/author\\\/redaccion-box-repsol\\\/\"}]}<\/script>\n<!-- \/ Yoast SEO plugin. -->","yoast_head_json":{"title":"Las mejores carreras de Repsol Honda en MotorLand Arag\u00f3n - Box Repsol","description":"No es ning\u00fan secreto que el circuito de MotorLand Arag\u00f3n es uno de los favoritos de todos los pilotos Repsol Honda","canonical":"https:\/\/www.boxrepsol.com\/es\/motogp\/las-mejores-carreras-repsol-honda-motorland-aragon\/","og_locale":"es_ES","og_type":"article","og_title":"Las mejores carreras de Repsol Honda en MotorLand Arag\u00f3n - Box Repsol","og_description":"No es ning\u00fan secreto que el circuito de MotorLand Arag\u00f3n es uno de los favoritos de todos los pilotos Repsol Honda","og_url":"https:\/\/www.boxrepsol.com\/es\/motogp\/las-mejores-carreras-repsol-honda-motorland-aragon\/","og_site_name":"Box Repsol","article_publisher":"https:\/\/www.facebook.com\/BoxRepsol","article_author":"https:\/\/www.facebook.com\/BoxRepsol\/","article_published_time":"2018-09-20T02:00:00+00:00","article_modified_time":"2024-05-22T10:51:38+00:00","og_image":[{"width":1280,"height":600,"url":"https:\/\/bxrepsol.s3.eu-west-1.amazonaws.com\/static\/2022\/08\/29082711\/00_motoroland_motogp_marc_marquez_dani_pedrosa_repsol_honda.jpg","type":"image\/jpeg"}],"author":"Redacci\u00f3n Box Repsol","twitter_card":"summary_large_image","twitter_creator":"@https:\/\/twitter.com\/box_repsol","twitter_site":"@box_repsol","twitter_misc":{"Written by":"Redacci\u00f3n Box Repsol","Est. reading time":"3 minutos"},"schema":{"@context":"https:\/\/schema.org","@graph":[{"@type":"Article","@id":"https:\/\/www.boxrepsol.com\/es\/motogp\/las-mejores-carreras-repsol-honda-motorland-aragon\/#article","isPartOf":{"@id":"https:\/\/www.boxrepsol.com\/es\/motogp\/las-mejores-carreras-repsol-honda-motorland-aragon\/"},"author":{"name":"Redacci\u00f3n Box Repsol","@id":"https:\/\/www.boxrepsol.com\/es\/#\/schema\/person\/c5c2138f2cca251b0ad92b7086bb60b7"},"headline":"Las mejores carreras de Repsol Honda en MotorLand Arag\u00f3n","datePublished":"2018-09-20T02:00:00+00:00","dateModified":"2024-05-22T10:51:38+00:00","mainEntityOfPage":{"@id":"https:\/\/www.boxrepsol.com\/es\/motogp\/las-mejores-carreras-repsol-honda-motorland-aragon\/"},"wordCount":515,"commentCount":0,"publisher":{"@id":"https:\/\/www.boxrepsol.com\/es\/#organization"},"image":{"@id":"https:\/\/www.boxrepsol.com\/es\/motogp\/las-mejores-carreras-repsol-honda-motorland-aragon\/#primaryimage"},"thumbnailUrl":"https:\/\/bxrepsol.s3.eu-west-1.amazonaws.com\/static\/2022\/08\/29082711\/00_motoroland_motogp_marc_marquez_dani_pedrosa_repsol_honda.jpg","keywords":["MotoGP Arag\u00f3n"],"articleSection":["MotoGP"],"inLanguage":"es","potentialAction":[{"@type":"CommentAction","name":"Comment","target":["https:\/\/www.boxrepsol.com\/es\/motogp\/las-mejores-carreras-repsol-honda-motorland-aragon\/#respond"]}]},{"@type":"WebPage","@id":"https:\/\/www.boxrepsol.com\/es\/motogp\/las-mejores-carreras-repsol-honda-motorland-aragon\/","url":"https:\/\/www.boxrepsol.com\/es\/motogp\/las-mejores-carreras-repsol-honda-motorland-aragon\/","name":"Las mejores carreras de Repsol Honda en MotorLand Arag\u00f3n - Box Repsol","isPartOf":{"@id":"https:\/\/www.boxrepsol.com\/es\/#website"},"primaryImageOfPage":{"@id":"https:\/\/www.boxrepsol.com\/es\/motogp\/las-mejores-carreras-repsol-honda-motorland-aragon\/#primaryimage"},"image":{"@id":"https:\/\/www.boxrepsol.com\/es\/motogp\/las-mejores-carreras-repsol-honda-motorland-aragon\/#primaryimage"},"thumbnailUrl":"https:\/\/bxrepsol.s3.eu-west-1.amazonaws.com\/static\/2022\/08\/29082711\/00_motoroland_motogp_marc_marquez_dani_pedrosa_repsol_honda.jpg","datePublished":"2018-09-20T02:00:00+00:00","dateModified":"2024-05-22T10:51:38+00:00","description":"No es ning\u00fan secreto que el circuito de MotorLand Arag\u00f3n es uno de los favoritos de todos los pilotos Repsol Honda","breadcrumb":{"@id":"https:\/\/www.boxrepsol.com\/es\/motogp\/las-mejores-carreras-repsol-honda-motorland-aragon\/#breadcrumb"},"inLanguage":"es","potentialAction":[{"@type":"ReadAction","target":["https:\/\/www.boxrepsol.com\/es\/motogp\/las-mejores-carreras-repsol-honda-motorland-aragon\/"]}]},{"@type":"ImageObject","inLanguage":"es","@id":"https:\/\/www.boxrepsol.com\/es\/motogp\/las-mejores-carreras-repsol-honda-motorland-aragon\/#primaryimage","url":"https:\/\/bxrepsol.s3.eu-west-1.amazonaws.com\/static\/2022\/08\/29082711\/00_motoroland_motogp_marc_marquez_dani_pedrosa_repsol_honda.jpg","contentUrl":"https:\/\/bxrepsol.s3.eu-west-1.amazonaws.com\/static\/2022\/08\/29082711\/00_motoroland_motogp_marc_marquez_dani_pedrosa_repsol_honda.jpg","width":1280,"height":600,"caption":"Marc M\u00e1rquez y Dani Pedrosa trazando la curva del muro de Motorland"},{"@type":"BreadcrumbList","@id":"https:\/\/www.boxrepsol.com\/es\/motogp\/las-mejores-carreras-repsol-honda-motorland-aragon\/#breadcrumb","itemListElement":[{"@type":"ListItem","position":1,"name":"Home","item":"https:\/\/www.boxrepsol.com\/es\/"},{"@type":"ListItem","position":2,"name":"Las mejores carreras de Repsol Honda en MotorLand Arag\u00f3n"}]},{"@type":"WebSite","@id":"https:\/\/www.boxrepsol.com\/es\/#website","url":"https:\/\/www.boxrepsol.com\/es\/","name":"Box Repsol","description":"Box Repsol Site","publisher":{"@id":"https:\/\/www.boxrepsol.com\/es\/#organization"},"potentialAction":[{"@type":"SearchAction","target":{"@type":"EntryPoint","urlTemplate":"https:\/\/www.boxrepsol.com\/es\/?s={search_term_string}"},"query-input":{"@type":"PropertyValueSpecification","valueRequired":true,"valueName":"search_term_string"}}],"inLanguage":"es"},{"@type":"Organization","@id":"https:\/\/www.boxrepsol.com\/es\/#organization","name":"Box Repsol","url":"https:\/\/www.boxrepsol.com\/es\/","logo":{"@type":"ImageObject","inLanguage":"es","@id":"https:\/\/www.boxrepsol.com\/es\/#\/schema\/logo\/image\/","url":"https:\/\/bxrepsol.s3.eu-west-1.amazonaws.com\/static\/2025\/07\/30083337\/favicon-96x96-1.png","contentUrl":"https:\/\/bxrepsol.s3.eu-west-1.amazonaws.com\/static\/2025\/07\/30083337\/favicon-96x96-1.png","width":96,"height":96,"caption":"Box Repsol"},"image":{"@id":"https:\/\/www.boxrepsol.com\/es\/#\/schema\/logo\/image\/"},"sameAs":["https:\/\/www.facebook.com\/BoxRepsol","https:\/\/x.com\/box_repsol","http:\/\/instagram.com\/box_repsol","https:\/\/www.youtube.com\/user\/RepsolCompeticion","https:\/\/www.flickr.com\/photos\/box_repsol\/"]},{"@type":"Person","@id":"https:\/\/www.boxrepsol.com\/es\/#\/schema\/person\/c5c2138f2cca251b0ad92b7086bb60b7","name":"Redacci\u00f3n Box Repsol","image":{"@type":"ImageObject","inLanguage":"es","@id":"https:\/\/secure.gravatar.com\/avatar\/adf7b77e38b4419baf32c7e9c21dde01f4e40df611f0978e3006fc4ba0aaab7e?s=96&d=mm&r=g","url":"https:\/\/secure.gravatar.com\/avatar\/adf7b77e38b4419baf32c7e9c21dde01f4e40df611f0978e3006fc4ba0aaab7e?s=96&d=mm&r=g","contentUrl":"https:\/\/secure.gravatar.com\/avatar\/adf7b77e38b4419baf32c7e9c21dde01f4e40df611f0978e3006fc4ba0aaab7e?s=96&d=mm&r=g","caption":"Redacci\u00f3n Box Repsol"},"description":"Box Repsol lo forma un equipo de periodistas, community managers, dise\u00f1adores y fot\u00f3grafos con m\u00e1s de 20 a\u00f1os de experiencia en el mundo del motorsport. Hemos vivido el primer mundial de un espa\u00f1ol en la categor\u00eda reina de motociclismo con \u00c1lex Crivill\u00e9, estuvimos en las victorias de Pedrosa y los t\u00edtulos de M\u00e1rquez, acompa\u00f1amos en \u00c1frica a Nani Roma y Marc Coma en sus conquistas del Dakar y hemos vibrado con los t\u00edtulos de Toni Bou en Trial. Adem\u00e1s, en nuestro equipo contamos con expertos en el mundo de las dos y cuatro ruedas tanto de la calle y las carreteras, como de los circuitos. Periodistas que han trabajado en revistas y publicaciones para hacerte llegar desde rutas y consejos de mantenimiento, a curiosidades y trucos de pilotaje.","sameAs":["https:\/\/www.facebook.com\/BoxRepsol\/","https:\/\/www.instagram.com\/box_repsol\/","https:\/\/x.com\/https:\/\/twitter.com\/box_repsol","https:\/\/www.youtube.com\/@Boxrepsol"],"url":"https:\/\/www.boxrepsol.com\/es\/author\/redaccion-box-repsol\/"}]}},"_links":{"self":[{"href":"https:\/\/www.boxrepsol.com\/es\/wp-json\/wp\/v2\/posts\/93386","targetHints":{"allow":["GET"]}}],"collection":[{"href":"https:\/\/www.boxrepsol.com\/es\/wp-json\/wp\/v2\/posts"}],"about":[{"href":"https:\/\/www.boxrepsol.com\/es\/wp-json\/wp\/v2\/types\/post"}],"author":[{"embeddable":true,"href":"https:\/\/www.boxrepsol.com\/es\/wp-json\/wp\/v2\/users\/43146"}],"replies":[{"embeddable":true,"href":"https:\/\/www.boxrepsol.com\/es\/wp-json\/wp\/v2\/comments?post=93386"}],"version-history":[{"count":1,"href":"https:\/\/www.boxrepsol.com\/es\/wp-json\/wp\/v2\/posts\/93386\/revisions"}],"predecessor-version":[{"id":93387,"href":"https:\/\/www.boxrepsol.com\/es\/wp-json\/wp\/v2\/posts\/93386\/revisions\/93387"}],"wp:featuredmedia":[{"embeddable":true,"href":"https:\/\/www.boxrepsol.com\/es\/wp-json\/wp\/v2\/media\/59326"}],"wp:attachment":[{"href":"https:\/\/www.boxrepsol.com\/es\/wp-json\/wp\/v2\/media?parent=93386"}],"wp:term":[{"taxonomy":"category","embeddable":true,"href":"https:\/\/www.boxrepsol.com\/es\/wp-json\/wp\/v2\/categories?post=93386"},{"taxonomy":"post_tag","embeddable":true,"href":"https:\/\/www.boxrepsol.com\/es\/wp-json\/wp\/v2\/tags?post=93386"}],"curies":[{"name":"wp","href":"https:\/\/api.w.org\/{rel}","templated":true}]}}