{"id":93383,"date":"2018-09-19T00:00:00","date_gmt":"2018-09-19T02:00:00","guid":{"rendered":"http:\/\/pre.boxrepsol.com\/sin-categorizar\/toni-bou-marc-no-limites\/"},"modified":"2024-05-22T08:52:07","modified_gmt":"2024-05-22T10:52:07","slug":"toni-bou-marc-no-limites","status":"publish","type":"post","link":"https:\/\/www.boxrepsol.com\/es\/motogp\/toni-bou-marc-no-limites\/","title":{"rendered":"Toni Bou: \u201cMarc no tiene l\u00edmites\u201d"},"content":{"rendered":"<p><em>Toni Bou contin\u00faa haciendo historia tras conseguir su vig\u00e9simo cuarto Mundial de Trial\u00a0 \u2013doce en la especialidad bajo techo y doce en la modalidad al aire libre\u2013\u00ad\u00ad. El pluricampe\u00f3n del Mundo, un apasionado de la velocidad, sigue con inter\u00e9s lo que sucede en MotoGP y se declara gran admirador de los pilotos Repsol, Marc M\u00e1rquez y Dani Pedrosa, que este fin de semana tienen un nuevo reto en casa, en el circuito MotorLand Arag\u00f3n.<\/em><\/p>\n<p><strong>Como piloto del equipo Repsol Honda, durante el a\u00f1o asistes a varios eventos con Marc M\u00e1rquez y Dani Pedrosa. Con tu calendario, \u00bftienes tiempo para ver sus carreras?<\/strong><\/p>\n<p>S\u00ed, siempre que puedo veo todas las carreras de MotoGP y sigo al equipo Repsol Honda. Si no puedo seguir alguna prueba, porque estoy fuera, intento dejarlo grabado para verlo cuando llegue a casa, porque soy un gran aficionado.<\/p>\n<p><strong>\u00bfDesde cu\u00e1ndo sigues la velocidad? \u00bfQui\u00e9nes eran tus pilotos favoritos cuando eras ni\u00f1o?<\/strong><\/p>\n<p>Toda la vida he seguido la velocidad, siento pasi\u00f3n por todo lo que tiene motor. He seguido a varios pilotos y hab\u00eda muchos muy buenos de los que me encantaba su estilo de pilotaje. Si me tuviera que decantar por uno, me quedar\u00eda con la \u00faltima \u00e9poca y escoger\u00eda a Marc [M\u00e1rquez].<\/p>\n<blockquote><p>\n\t<a href=\"http:\/\/twitter.com\/share?text=%22Pedrosa+es+un+piloto+incre%C3%ADble%2C+con+una+t%C3%A9cnica+como+nadie+y%2C+cuando+tiene+la+moto+en+su+sitio%2C+es+inalcanzable%22&#038;url=https%3A%2F%2Fwww.boxrepsol.com%2Fes%2Fmotogp%2Ftoni-bou-marc-no-limites%2F\" target=\"_blank\" rel=\"noopener\"><\/p>\n<p>\u00abPedrosa es un piloto incre\u00edble, con una t\u00e9cnica como nadie y, cuando tiene la moto en su sitio, es inalcanzable\u00bb<\/p>\n<p>\t<\/a>\n<\/p><\/blockquote>\n<p><strong>Marc tiene 67 puntos de ventaja y quedan 6 ggpp. \u00bfCu\u00e1l crees que ha sido la clave para conseguir este margen?<\/strong><\/p>\n<p>La clave de Marc este a\u00f1o ha sido su regularidad, no caerse, estar siempre en pista, ser competitivo y acabar todas las carreras. Si no puedes ganar, lo mejor es estar en el podio y eso es lo que ha hecho Marc en muchas ocasiones. Esa ha sido la clave en una temporada tan igualada, lo que le ha hecho marcar una gran diferencia de puntos respecto a sus rivales.<\/p>\n<p><strong>\u00bfC\u00f3mo crees que deber\u00e1 afrontar este tramo final de la temporada para intentar revalidar el t\u00edtulo?<\/strong><\/p>\n<p>Es complicado, porque me imagino que \u00e9l tendr\u00e1 muchas ganas de sumar m\u00e1s victorias. Est\u00e1 claro que lo primero es el campeonato y conseguir el t\u00edtulo; una vez lo tenga, puede arriesgar m\u00e1s y caerse las veces que quiera para ganar carreras, pero ahora tiene que seguir en esta l\u00ednea. Si puede ganar, mejor que mejor, pero si no lo logra, tiene que intentar estar lo m\u00e1s arriba posible y, por el momento, lo est\u00e1 haciendo s\u00faper bien.<\/p>\n<p><a href=\"https:\/\/bxrepsol.s3.eu-west-1.amazonaws.com\/static\/2022\/08\/05061414\/01_toni_bou_dani_pedrosa_repsol_honda_trial_trialeros_por_1_dia.jpg\" \n   title=\"Toni Bou y Dani Pedrosa con indumentaria de trial\" \n   data-gallery-thumbnail=\"https:\/\/bxrepsol.s3.eu-west-1.amazonaws.com\/static\/2022\/08\/05061414\/01_toni_bou_dani_pedrosa_repsol_honda_trial_trialeros_por_1_dia.jpg\"\n   data-gallery><\/p>\n<figure>\n        <picture style=\"padding-bottom: 67.368421052632%; background-image: url(https:\/\/bxrepsol.s3.eu-west-1.amazonaws.com\/static\/2022\/08\/05061414\/01_toni_bou_dani_pedrosa_repsol_honda_trial_trialeros_por_1_dia.jpg);\">\n            <img decoding=\"async\" src=\"https:\/\/bxrepsol.s3.eu-west-1.amazonaws.com\/static\/2022\/08\/05061414\/01_toni_bou_dani_pedrosa_repsol_honda_trial_trialeros_por_1_dia.jpg\"><br \/>\n            <img itemprop=\"image\"\n                data-srcset=\"https:\/\/bxrepsol.s3.eu-west-1.amazonaws.com\/static\/2022\/08\/05061414\/01_toni_bou_dani_pedrosa_repsol_honda_trial_trialeros_por_1_dia.jpg 480w, https:\/\/bxrepsol.s3.eu-west-1.amazonaws.com\/static\/2022\/08\/05061414\/01_toni_bou_dani_pedrosa_repsol_honda_trial_trialeros_por_1_dia.jpg 600w, https:\/\/bxrepsol.s3.eu-west-1.amazonaws.com\/static\/2022\/08\/05061414\/01_toni_bou_dani_pedrosa_repsol_honda_trial_trialeros_por_1_dia.jpg 900w, https:\/\/bxrepsol.s3.eu-west-1.amazonaws.com\/static\/2022\/08\/05061414\/01_toni_bou_dani_pedrosa_repsol_honda_trial_trialeros_por_1_dia.jpg 1280w\"\n                data-src=\"https:\/\/bxrepsol.s3.eu-west-1.amazonaws.com\/static\/2022\/08\/05061414\/01_toni_bou_dani_pedrosa_repsol_honda_trial_trialeros_por_1_dia.jpg\"\n                alt=\"Toni Bou y Dani Pedrosa con indumentaria de trial\"\n                title=\"Toni Bou junto a Dani Pedrosa\"\/><br \/>\n            <noscript><img decoding=\"async\" src=\"https:\/\/bxrepsol.s3.eu-west-1.amazonaws.com\/static\/2022\/08\/05061414\/01_toni_bou_dani_pedrosa_repsol_honda_trial_trialeros_por_1_dia.jpg\" alt=\"Toni Bou y Dani Pedrosa con indumentaria de trial\"><\/noscript>\n        <\/picture><figcaption>Toni Bou y Dani Pedrosa con indumentaria de trial<\/figcaption><\/figure>\n<p><\/a><\/p>\n<p><strong>\u00bfViste la carrera de Misano? \u00bfQu\u00e9 te pareci\u00f3 la actuaci\u00f3n de Marc y las dos Ducati, y los numerosos adelantamientos entre Marc y Jorge?<\/strong><\/p>\n<p>S\u00ed que la vi y disfrut\u00e9 mucho. Creo que las Ducati est\u00e1n en un grand\u00edsimo momento. Cuando hay dos pilotos del mismo equipo delante, eso confirma que tienen una moto muy competitiva. Marc hizo una carrera muy inteligente, luchando con Jorge [Lorenzo] durante muchas vueltas. Al final, Lorenzo parec\u00eda que ten\u00eda algo m\u00e1s, pero se vio que iba muy al l\u00edmite cuando se cay\u00f3. \u2018Dovi\u2019 hizo una carrera buen\u00edsima y Marc fue s\u00faper inteligente. Esperemos que haya m\u00e1s como \u00e9sta y que Marc acabe delante.<\/p>\n<p><strong>Desde 2007, cuando debutaste con el equipo Repsol Honda, has coincidido en numerosas ocasiones con Dani, que lleg\u00f3 al equipo un a\u00f1o antes que t\u00fa y se retirar\u00e1 al finalizar esta temporada. \u00bfQu\u00e9 destacar\u00edas de su carrera deportiva?<\/strong><\/p>\n<p>De Dani [Pedrosa] destacar\u00eda muchas cosas; por encima de todo, es una persona incre\u00edble. Siempre que hemos tenido la ocasi\u00f3n de estar juntos, he disfrutado de muy buenos momentos con \u00e9l. Deportivamente, Pedrosa es un grand\u00edsimo piloto, con una t\u00e9cnica como nadie y, cuando tiene la moto en su sitio, es inalcanzable. La altura y el cuerpo que tiene le han condicionado un poco, ya que cuando la moto tiene alg\u00fan problema o le cuesta calentar el neum\u00e1tico, le es muy dif\u00edcil solucionarlo. Pero con la t\u00e9cnica que tiene, lo ha conseguido suplir durante much\u00edsimos a\u00f1os y marcar una \u00e9poca en MotoGP.<\/p>\n<p><strong>Hace unos a\u00f1os tuviste la oportunidad de rodar con la MotoGP de Dani Pedrosa, \u00bfc\u00f3mo recuerdas tu experiencia con la velocidad y con una moto de MotoGP?<\/strong><\/p>\n<p>Fue una experiencia inolvidable, las sensaciones de velocidad y sobre todo de frenada, me sorprendieron much\u00edsimo; adem\u00e1s de lo bien que va la moto. No hab\u00eda cogido nunca una moto de carretera y pude tocar rodilla a la segunda o a la tercera curva, ya que la moto te lo permite. Me dio la sensaci\u00f3n de que era una m\u00e1quina peque\u00f1a para la potencia que tiene; no soy muy grande y me costaba acoplarme. Pero sin duda, me impact\u00f3 mucho la aceleraci\u00f3n y la frenada.<\/p>\n<p><strong>\u00bfCrees que dos deportes tan dispares como MotoGP y TrialGP, tienen puntos en com\u00fan? \u00bfQu\u00e9 har\u00eda Toni Bou en MotoGP, crees que ser\u00edas competitivo?<\/strong><\/p>\n<p>Todos los deportes tienen cosas en com\u00fan y m\u00e1s si son de motor. \u00bfSer\u00eda competitivo? Eso es muy dif\u00edcil de saber; si tuviera la t\u00e9cnica seguro, ya que mi car\u00e1cter es cien por cien competitivo y luchar\u00eda para dar el m\u00e1ximo siempre. Pero solo he pilotado una vez en moto de carretera y fue con la MotoGP de Dani. Experiment\u00e9 unas sensaciones incre\u00edbles, pero estaba muy lejos de ser competitivo. Necesitar\u00eda mucho tiempo, pero creo que podr\u00eda llegar a disfrutar de este deporte.<\/p>\n<p><strong>Tus 24 t\u00edtulos a los 32 a\u00f1os son un hito dif\u00edcilmente igualable, pero con 25 a\u00f1os, Marc ya ha sumado 6 Mundiales. \u00bfD\u00f3nde crees que puede llegar?<\/strong><\/p>\n<p>Marc no tiene l\u00edmites; ni \u00e9l mismo sabe hasta d\u00f3nde es capaz de llegar. Marca una diferencia incre\u00edble y tiene un plus que los dem\u00e1s no tienen; va a costar mucho que alguien domine el campeonato como lo est\u00e1 haciendo Marc. No recuerdo a ning\u00fan piloto que haya conseguido lo que ha hecho \u00e9l. Cuando ha tenido la mejor moto, como en 2014, ha arrasado y cuando no, era incre\u00edble ver c\u00f3mo echaba el resto. Puede conseguir much\u00edsimos t\u00edtulos; su l\u00edmite solo lo sabremos en el futuro.<\/p>\n","protected":false},"excerpt":{"rendered":"<p>Toni Bou, veinticuatro veces Campe\u00f3n del Mundo de Trial, sigue con atenci\u00f3n a sus compa\u00f1eros del equipo Repsol Honda en el Mundial de MotoGP.<\/p>\n","protected":false},"author":43146,"featured_media":59317,"comment_status":"open","ping_status":"open","sticky":false,"template":"","format":"standard","meta":{"footnotes":""},"categories":[4],"tags":[21],"class_list":["post-93383","post","type-post","status-publish","format-standard","hentry","category-motogp","tag-toni-bou"],"yoast_head":"<!-- This site is optimized with the Yoast SEO plugin v27.3 - https:\/\/yoast.com\/product\/yoast-seo-wordpress\/ -->\n<title>Toni Bou sobre Marc M\u00e1rquez: &quot;No tiene l\u00edmites&quot;<\/title>\n<meta name=\"description\" content=\"Toni Bou, veinticuatro veces Campe\u00f3n del Mundo de Trial, sigue con atenci\u00f3n a sus compa\u00f1eros del equipo Repsol Honda en el Mundial de MotoGP.\" \/>\n<link rel=\"canonical\" href=\"https:\/\/www.boxrepsol.com\/es\/motogp\/toni-bou-marc-no-limites\/\" \/>\n<meta property=\"og:locale\" content=\"es_ES\" \/>\n<meta property=\"og:type\" content=\"article\" \/>\n<meta property=\"og:title\" content=\"Toni Bou sobre Marc M\u00e1rquez: &quot;No tiene l\u00edmites&quot;\" \/>\n<meta property=\"og:description\" content=\"Toni Bou, veinticuatro veces Campe\u00f3n del Mundo de Trial, sigue con atenci\u00f3n a sus compa\u00f1eros del equipo Repsol Honda en el Mundial de MotoGP.\" \/>\n<meta property=\"og:url\" content=\"https:\/\/www.boxrepsol.com\/es\/motogp\/toni-bou-marc-no-limites\/\" \/>\n<meta property=\"og:site_name\" content=\"Box Repsol\" \/>\n<meta property=\"article:publisher\" content=\"https:\/\/www.facebook.com\/BoxRepsol\" \/>\n<meta property=\"article:author\" content=\"https:\/\/www.facebook.com\/BoxRepsol\/\" \/>\n<meta property=\"article:published_time\" content=\"2018-09-19T02:00:00+00:00\" \/>\n<meta property=\"article:modified_time\" content=\"2024-05-22T10:52:07+00:00\" \/>\n<meta property=\"og:image\" content=\"https:\/\/bxrepsol.s3.eu-west-1.amazonaws.com\/static\/2022\/08\/29082706\/00_toni_bou_marc_marquez_motogp_dani_pedrosa_trial_24_mundiales_repsol_honda.jpg\" \/>\n\t<meta property=\"og:image:width\" content=\"1280\" \/>\n\t<meta property=\"og:image:height\" content=\"600\" \/>\n\t<meta property=\"og:image:type\" content=\"image\/jpeg\" \/>\n<meta name=\"author\" content=\"Redacci\u00f3n Box Repsol\" \/>\n<meta name=\"twitter:card\" content=\"summary_large_image\" \/>\n<meta name=\"twitter:creator\" content=\"@https:\/\/twitter.com\/box_repsol\" \/>\n<meta name=\"twitter:site\" content=\"@box_repsol\" \/>\n<meta name=\"twitter:label1\" content=\"Written by\" \/>\n\t<meta name=\"twitter:data1\" content=\"Redacci\u00f3n Box Repsol\" \/>\n\t<meta name=\"twitter:label2\" content=\"Est. reading time\" \/>\n\t<meta name=\"twitter:data2\" content=\"5 minutos\" \/>\n<script type=\"application\/ld+json\" class=\"yoast-schema-graph\">{\"@context\":\"https:\\\/\\\/schema.org\",\"@graph\":[{\"@type\":\"Article\",\"@id\":\"https:\\\/\\\/www.boxrepsol.com\\\/es\\\/motogp\\\/toni-bou-marc-no-limites\\\/#article\",\"isPartOf\":{\"@id\":\"https:\\\/\\\/www.boxrepsol.com\\\/es\\\/motogp\\\/toni-bou-marc-no-limites\\\/\"},\"author\":{\"name\":\"Redacci\u00f3n Box Repsol\",\"@id\":\"https:\\\/\\\/www.boxrepsol.com\\\/es\\\/#\\\/schema\\\/person\\\/c5c2138f2cca251b0ad92b7086bb60b7\"},\"headline\":\"Toni Bou: \u201cMarc no tiene l\u00edmites\u201d\",\"datePublished\":\"2018-09-19T02:00:00+00:00\",\"dateModified\":\"2024-05-22T10:52:07+00:00\",\"mainEntityOfPage\":{\"@id\":\"https:\\\/\\\/www.boxrepsol.com\\\/es\\\/motogp\\\/toni-bou-marc-no-limites\\\/\"},\"wordCount\":1090,\"commentCount\":0,\"publisher\":{\"@id\":\"https:\\\/\\\/www.boxrepsol.com\\\/es\\\/#organization\"},\"image\":{\"@id\":\"https:\\\/\\\/www.boxrepsol.com\\\/es\\\/motogp\\\/toni-bou-marc-no-limites\\\/#primaryimage\"},\"thumbnailUrl\":\"https:\\\/\\\/bxrepsol.s3.eu-west-1.amazonaws.com\\\/static\\\/2022\\\/08\\\/29082706\\\/00_toni_bou_marc_marquez_motogp_dani_pedrosa_trial_24_mundiales_repsol_honda.jpg\",\"keywords\":[\"Toni Bou\"],\"articleSection\":[\"MotoGP\"],\"inLanguage\":\"es\",\"potentialAction\":[{\"@type\":\"CommentAction\",\"name\":\"Comment\",\"target\":[\"https:\\\/\\\/www.boxrepsol.com\\\/es\\\/motogp\\\/toni-bou-marc-no-limites\\\/#respond\"]}]},{\"@type\":\"WebPage\",\"@id\":\"https:\\\/\\\/www.boxrepsol.com\\\/es\\\/motogp\\\/toni-bou-marc-no-limites\\\/\",\"url\":\"https:\\\/\\\/www.boxrepsol.com\\\/es\\\/motogp\\\/toni-bou-marc-no-limites\\\/\",\"name\":\"Toni Bou sobre Marc M\u00e1rquez: \\\"No tiene l\u00edmites\\\"\",\"isPartOf\":{\"@id\":\"https:\\\/\\\/www.boxrepsol.com\\\/es\\\/#website\"},\"primaryImageOfPage\":{\"@id\":\"https:\\\/\\\/www.boxrepsol.com\\\/es\\\/motogp\\\/toni-bou-marc-no-limites\\\/#primaryimage\"},\"image\":{\"@id\":\"https:\\\/\\\/www.boxrepsol.com\\\/es\\\/motogp\\\/toni-bou-marc-no-limites\\\/#primaryimage\"},\"thumbnailUrl\":\"https:\\\/\\\/bxrepsol.s3.eu-west-1.amazonaws.com\\\/static\\\/2022\\\/08\\\/29082706\\\/00_toni_bou_marc_marquez_motogp_dani_pedrosa_trial_24_mundiales_repsol_honda.jpg\",\"datePublished\":\"2018-09-19T02:00:00+00:00\",\"dateModified\":\"2024-05-22T10:52:07+00:00\",\"description\":\"Toni Bou, veinticuatro veces Campe\u00f3n del Mundo de Trial, sigue con atenci\u00f3n a sus compa\u00f1eros del equipo Repsol Honda en el Mundial de MotoGP.\",\"breadcrumb\":{\"@id\":\"https:\\\/\\\/www.boxrepsol.com\\\/es\\\/motogp\\\/toni-bou-marc-no-limites\\\/#breadcrumb\"},\"inLanguage\":\"es\",\"potentialAction\":[{\"@type\":\"ReadAction\",\"target\":[\"https:\\\/\\\/www.boxrepsol.com\\\/es\\\/motogp\\\/toni-bou-marc-no-limites\\\/\"]}]},{\"@type\":\"ImageObject\",\"inLanguage\":\"es\",\"@id\":\"https:\\\/\\\/www.boxrepsol.com\\\/es\\\/motogp\\\/toni-bou-marc-no-limites\\\/#primaryimage\",\"url\":\"https:\\\/\\\/bxrepsol.s3.eu-west-1.amazonaws.com\\\/static\\\/2022\\\/08\\\/29082706\\\/00_toni_bou_marc_marquez_motogp_dani_pedrosa_trial_24_mundiales_repsol_honda.jpg\",\"contentUrl\":\"https:\\\/\\\/bxrepsol.s3.eu-west-1.amazonaws.com\\\/static\\\/2022\\\/08\\\/29082706\\\/00_toni_bou_marc_marquez_motogp_dani_pedrosa_trial_24_mundiales_repsol_honda.jpg\",\"width\":1280,\"height\":600,\"caption\":\"Toni Bou con Marc M\u00e1rquez en la parrilla de salida\"},{\"@type\":\"BreadcrumbList\",\"@id\":\"https:\\\/\\\/www.boxrepsol.com\\\/es\\\/motogp\\\/toni-bou-marc-no-limites\\\/#breadcrumb\",\"itemListElement\":[{\"@type\":\"ListItem\",\"position\":1,\"name\":\"Home\",\"item\":\"https:\\\/\\\/www.boxrepsol.com\\\/es\\\/\"},{\"@type\":\"ListItem\",\"position\":2,\"name\":\"Toni Bou: \u201cMarc no tiene l\u00edmites\u201d\"}]},{\"@type\":\"WebSite\",\"@id\":\"https:\\\/\\\/www.boxrepsol.com\\\/es\\\/#website\",\"url\":\"https:\\\/\\\/www.boxrepsol.com\\\/es\\\/\",\"name\":\"Box Repsol\",\"description\":\"Box Repsol Site\",\"publisher\":{\"@id\":\"https:\\\/\\\/www.boxrepsol.com\\\/es\\\/#organization\"},\"potentialAction\":[{\"@type\":\"SearchAction\",\"target\":{\"@type\":\"EntryPoint\",\"urlTemplate\":\"https:\\\/\\\/www.boxrepsol.com\\\/es\\\/?s={search_term_string}\"},\"query-input\":{\"@type\":\"PropertyValueSpecification\",\"valueRequired\":true,\"valueName\":\"search_term_string\"}}],\"inLanguage\":\"es\"},{\"@type\":\"Organization\",\"@id\":\"https:\\\/\\\/www.boxrepsol.com\\\/es\\\/#organization\",\"name\":\"Box Repsol\",\"url\":\"https:\\\/\\\/www.boxrepsol.com\\\/es\\\/\",\"logo\":{\"@type\":\"ImageObject\",\"inLanguage\":\"es\",\"@id\":\"https:\\\/\\\/www.boxrepsol.com\\\/es\\\/#\\\/schema\\\/logo\\\/image\\\/\",\"url\":\"https:\\\/\\\/bxrepsol.s3.eu-west-1.amazonaws.com\\\/static\\\/2025\\\/07\\\/30083337\\\/favicon-96x96-1.png\",\"contentUrl\":\"https:\\\/\\\/bxrepsol.s3.eu-west-1.amazonaws.com\\\/static\\\/2025\\\/07\\\/30083337\\\/favicon-96x96-1.png\",\"width\":96,\"height\":96,\"caption\":\"Box Repsol\"},\"image\":{\"@id\":\"https:\\\/\\\/www.boxrepsol.com\\\/es\\\/#\\\/schema\\\/logo\\\/image\\\/\"},\"sameAs\":[\"https:\\\/\\\/www.facebook.com\\\/BoxRepsol\",\"https:\\\/\\\/x.com\\\/box_repsol\",\"http:\\\/\\\/instagram.com\\\/box_repsol\",\"https:\\\/\\\/www.youtube.com\\\/user\\\/RepsolCompeticion\",\"https:\\\/\\\/www.flickr.com\\\/photos\\\/box_repsol\\\/\"]},{\"@type\":\"Person\",\"@id\":\"https:\\\/\\\/www.boxrepsol.com\\\/es\\\/#\\\/schema\\\/person\\\/c5c2138f2cca251b0ad92b7086bb60b7\",\"name\":\"Redacci\u00f3n Box Repsol\",\"image\":{\"@type\":\"ImageObject\",\"inLanguage\":\"es\",\"@id\":\"https:\\\/\\\/secure.gravatar.com\\\/avatar\\\/adf7b77e38b4419baf32c7e9c21dde01f4e40df611f0978e3006fc4ba0aaab7e?s=96&d=mm&r=g\",\"url\":\"https:\\\/\\\/secure.gravatar.com\\\/avatar\\\/adf7b77e38b4419baf32c7e9c21dde01f4e40df611f0978e3006fc4ba0aaab7e?s=96&d=mm&r=g\",\"contentUrl\":\"https:\\\/\\\/secure.gravatar.com\\\/avatar\\\/adf7b77e38b4419baf32c7e9c21dde01f4e40df611f0978e3006fc4ba0aaab7e?s=96&d=mm&r=g\",\"caption\":\"Redacci\u00f3n Box Repsol\"},\"description\":\"Box Repsol lo forma un equipo de periodistas, community managers, dise\u00f1adores y fot\u00f3grafos con m\u00e1s de 20 a\u00f1os de experiencia en el mundo del motorsport. Hemos vivido el primer mundial de un espa\u00f1ol en la categor\u00eda reina de motociclismo con \u00c1lex Crivill\u00e9, estuvimos en las victorias de Pedrosa y los t\u00edtulos de M\u00e1rquez, acompa\u00f1amos en \u00c1frica a Nani Roma y Marc Coma en sus conquistas del Dakar y hemos vibrado con los t\u00edtulos de Toni Bou en Trial. Adem\u00e1s, en nuestro equipo contamos con expertos en el mundo de las dos y cuatro ruedas tanto de la calle y las carreteras, como de los circuitos. Periodistas que han trabajado en revistas y publicaciones para hacerte llegar desde rutas y consejos de mantenimiento, a curiosidades y trucos de pilotaje.\",\"sameAs\":[\"https:\\\/\\\/www.facebook.com\\\/BoxRepsol\\\/\",\"https:\\\/\\\/www.instagram.com\\\/box_repsol\\\/\",\"https:\\\/\\\/x.com\\\/https:\\\/\\\/twitter.com\\\/box_repsol\",\"https:\\\/\\\/www.youtube.com\\\/@Boxrepsol\"],\"url\":\"https:\\\/\\\/www.boxrepsol.com\\\/es\\\/author\\\/redaccion-box-repsol\\\/\"}]}<\/script>\n<!-- \/ Yoast SEO plugin. -->","yoast_head_json":{"title":"Toni Bou sobre Marc M\u00e1rquez: \"No tiene l\u00edmites\"","description":"Toni Bou, veinticuatro veces Campe\u00f3n del Mundo de Trial, sigue con atenci\u00f3n a sus compa\u00f1eros del equipo Repsol Honda en el Mundial de MotoGP.","canonical":"https:\/\/www.boxrepsol.com\/es\/motogp\/toni-bou-marc-no-limites\/","og_locale":"es_ES","og_type":"article","og_title":"Toni Bou sobre Marc M\u00e1rquez: \"No tiene l\u00edmites\"","og_description":"Toni Bou, veinticuatro veces Campe\u00f3n del Mundo de Trial, sigue con atenci\u00f3n a sus compa\u00f1eros del equipo Repsol Honda en el Mundial de MotoGP.","og_url":"https:\/\/www.boxrepsol.com\/es\/motogp\/toni-bou-marc-no-limites\/","og_site_name":"Box Repsol","article_publisher":"https:\/\/www.facebook.com\/BoxRepsol","article_author":"https:\/\/www.facebook.com\/BoxRepsol\/","article_published_time":"2018-09-19T02:00:00+00:00","article_modified_time":"2024-05-22T10:52:07+00:00","og_image":[{"width":1280,"height":600,"url":"https:\/\/bxrepsol.s3.eu-west-1.amazonaws.com\/static\/2022\/08\/29082706\/00_toni_bou_marc_marquez_motogp_dani_pedrosa_trial_24_mundiales_repsol_honda.jpg","type":"image\/jpeg"}],"author":"Redacci\u00f3n Box Repsol","twitter_card":"summary_large_image","twitter_creator":"@https:\/\/twitter.com\/box_repsol","twitter_site":"@box_repsol","twitter_misc":{"Written by":"Redacci\u00f3n Box Repsol","Est. reading time":"5 minutos"},"schema":{"@context":"https:\/\/schema.org","@graph":[{"@type":"Article","@id":"https:\/\/www.boxrepsol.com\/es\/motogp\/toni-bou-marc-no-limites\/#article","isPartOf":{"@id":"https:\/\/www.boxrepsol.com\/es\/motogp\/toni-bou-marc-no-limites\/"},"author":{"name":"Redacci\u00f3n Box Repsol","@id":"https:\/\/www.boxrepsol.com\/es\/#\/schema\/person\/c5c2138f2cca251b0ad92b7086bb60b7"},"headline":"Toni Bou: \u201cMarc no tiene l\u00edmites\u201d","datePublished":"2018-09-19T02:00:00+00:00","dateModified":"2024-05-22T10:52:07+00:00","mainEntityOfPage":{"@id":"https:\/\/www.boxrepsol.com\/es\/motogp\/toni-bou-marc-no-limites\/"},"wordCount":1090,"commentCount":0,"publisher":{"@id":"https:\/\/www.boxrepsol.com\/es\/#organization"},"image":{"@id":"https:\/\/www.boxrepsol.com\/es\/motogp\/toni-bou-marc-no-limites\/#primaryimage"},"thumbnailUrl":"https:\/\/bxrepsol.s3.eu-west-1.amazonaws.com\/static\/2022\/08\/29082706\/00_toni_bou_marc_marquez_motogp_dani_pedrosa_trial_24_mundiales_repsol_honda.jpg","keywords":["Toni Bou"],"articleSection":["MotoGP"],"inLanguage":"es","potentialAction":[{"@type":"CommentAction","name":"Comment","target":["https:\/\/www.boxrepsol.com\/es\/motogp\/toni-bou-marc-no-limites\/#respond"]}]},{"@type":"WebPage","@id":"https:\/\/www.boxrepsol.com\/es\/motogp\/toni-bou-marc-no-limites\/","url":"https:\/\/www.boxrepsol.com\/es\/motogp\/toni-bou-marc-no-limites\/","name":"Toni Bou sobre Marc M\u00e1rquez: \"No tiene l\u00edmites\"","isPartOf":{"@id":"https:\/\/www.boxrepsol.com\/es\/#website"},"primaryImageOfPage":{"@id":"https:\/\/www.boxrepsol.com\/es\/motogp\/toni-bou-marc-no-limites\/#primaryimage"},"image":{"@id":"https:\/\/www.boxrepsol.com\/es\/motogp\/toni-bou-marc-no-limites\/#primaryimage"},"thumbnailUrl":"https:\/\/bxrepsol.s3.eu-west-1.amazonaws.com\/static\/2022\/08\/29082706\/00_toni_bou_marc_marquez_motogp_dani_pedrosa_trial_24_mundiales_repsol_honda.jpg","datePublished":"2018-09-19T02:00:00+00:00","dateModified":"2024-05-22T10:52:07+00:00","description":"Toni Bou, veinticuatro veces Campe\u00f3n del Mundo de Trial, sigue con atenci\u00f3n a sus compa\u00f1eros del equipo Repsol Honda en el Mundial de MotoGP.","breadcrumb":{"@id":"https:\/\/www.boxrepsol.com\/es\/motogp\/toni-bou-marc-no-limites\/#breadcrumb"},"inLanguage":"es","potentialAction":[{"@type":"ReadAction","target":["https:\/\/www.boxrepsol.com\/es\/motogp\/toni-bou-marc-no-limites\/"]}]},{"@type":"ImageObject","inLanguage":"es","@id":"https:\/\/www.boxrepsol.com\/es\/motogp\/toni-bou-marc-no-limites\/#primaryimage","url":"https:\/\/bxrepsol.s3.eu-west-1.amazonaws.com\/static\/2022\/08\/29082706\/00_toni_bou_marc_marquez_motogp_dani_pedrosa_trial_24_mundiales_repsol_honda.jpg","contentUrl":"https:\/\/bxrepsol.s3.eu-west-1.amazonaws.com\/static\/2022\/08\/29082706\/00_toni_bou_marc_marquez_motogp_dani_pedrosa_trial_24_mundiales_repsol_honda.jpg","width":1280,"height":600,"caption":"Toni Bou con Marc M\u00e1rquez en la parrilla de salida"},{"@type":"BreadcrumbList","@id":"https:\/\/www.boxrepsol.com\/es\/motogp\/toni-bou-marc-no-limites\/#breadcrumb","itemListElement":[{"@type":"ListItem","position":1,"name":"Home","item":"https:\/\/www.boxrepsol.com\/es\/"},{"@type":"ListItem","position":2,"name":"Toni Bou: \u201cMarc no tiene l\u00edmites\u201d"}]},{"@type":"WebSite","@id":"https:\/\/www.boxrepsol.com\/es\/#website","url":"https:\/\/www.boxrepsol.com\/es\/","name":"Box Repsol","description":"Box Repsol Site","publisher":{"@id":"https:\/\/www.boxrepsol.com\/es\/#organization"},"potentialAction":[{"@type":"SearchAction","target":{"@type":"EntryPoint","urlTemplate":"https:\/\/www.boxrepsol.com\/es\/?s={search_term_string}"},"query-input":{"@type":"PropertyValueSpecification","valueRequired":true,"valueName":"search_term_string"}}],"inLanguage":"es"},{"@type":"Organization","@id":"https:\/\/www.boxrepsol.com\/es\/#organization","name":"Box Repsol","url":"https:\/\/www.boxrepsol.com\/es\/","logo":{"@type":"ImageObject","inLanguage":"es","@id":"https:\/\/www.boxrepsol.com\/es\/#\/schema\/logo\/image\/","url":"https:\/\/bxrepsol.s3.eu-west-1.amazonaws.com\/static\/2025\/07\/30083337\/favicon-96x96-1.png","contentUrl":"https:\/\/bxrepsol.s3.eu-west-1.amazonaws.com\/static\/2025\/07\/30083337\/favicon-96x96-1.png","width":96,"height":96,"caption":"Box Repsol"},"image":{"@id":"https:\/\/www.boxrepsol.com\/es\/#\/schema\/logo\/image\/"},"sameAs":["https:\/\/www.facebook.com\/BoxRepsol","https:\/\/x.com\/box_repsol","http:\/\/instagram.com\/box_repsol","https:\/\/www.youtube.com\/user\/RepsolCompeticion","https:\/\/www.flickr.com\/photos\/box_repsol\/"]},{"@type":"Person","@id":"https:\/\/www.boxrepsol.com\/es\/#\/schema\/person\/c5c2138f2cca251b0ad92b7086bb60b7","name":"Redacci\u00f3n Box Repsol","image":{"@type":"ImageObject","inLanguage":"es","@id":"https:\/\/secure.gravatar.com\/avatar\/adf7b77e38b4419baf32c7e9c21dde01f4e40df611f0978e3006fc4ba0aaab7e?s=96&d=mm&r=g","url":"https:\/\/secure.gravatar.com\/avatar\/adf7b77e38b4419baf32c7e9c21dde01f4e40df611f0978e3006fc4ba0aaab7e?s=96&d=mm&r=g","contentUrl":"https:\/\/secure.gravatar.com\/avatar\/adf7b77e38b4419baf32c7e9c21dde01f4e40df611f0978e3006fc4ba0aaab7e?s=96&d=mm&r=g","caption":"Redacci\u00f3n Box Repsol"},"description":"Box Repsol lo forma un equipo de periodistas, community managers, dise\u00f1adores y fot\u00f3grafos con m\u00e1s de 20 a\u00f1os de experiencia en el mundo del motorsport. Hemos vivido el primer mundial de un espa\u00f1ol en la categor\u00eda reina de motociclismo con \u00c1lex Crivill\u00e9, estuvimos en las victorias de Pedrosa y los t\u00edtulos de M\u00e1rquez, acompa\u00f1amos en \u00c1frica a Nani Roma y Marc Coma en sus conquistas del Dakar y hemos vibrado con los t\u00edtulos de Toni Bou en Trial. Adem\u00e1s, en nuestro equipo contamos con expertos en el mundo de las dos y cuatro ruedas tanto de la calle y las carreteras, como de los circuitos. Periodistas que han trabajado en revistas y publicaciones para hacerte llegar desde rutas y consejos de mantenimiento, a curiosidades y trucos de pilotaje.","sameAs":["https:\/\/www.facebook.com\/BoxRepsol\/","https:\/\/www.instagram.com\/box_repsol\/","https:\/\/x.com\/https:\/\/twitter.com\/box_repsol","https:\/\/www.youtube.com\/@Boxrepsol"],"url":"https:\/\/www.boxrepsol.com\/es\/author\/redaccion-box-repsol\/"}]}},"_links":{"self":[{"href":"https:\/\/www.boxrepsol.com\/es\/wp-json\/wp\/v2\/posts\/93383","targetHints":{"allow":["GET"]}}],"collection":[{"href":"https:\/\/www.boxrepsol.com\/es\/wp-json\/wp\/v2\/posts"}],"about":[{"href":"https:\/\/www.boxrepsol.com\/es\/wp-json\/wp\/v2\/types\/post"}],"author":[{"embeddable":true,"href":"https:\/\/www.boxrepsol.com\/es\/wp-json\/wp\/v2\/users\/43146"}],"replies":[{"embeddable":true,"href":"https:\/\/www.boxrepsol.com\/es\/wp-json\/wp\/v2\/comments?post=93383"}],"version-history":[{"count":1,"href":"https:\/\/www.boxrepsol.com\/es\/wp-json\/wp\/v2\/posts\/93383\/revisions"}],"predecessor-version":[{"id":93384,"href":"https:\/\/www.boxrepsol.com\/es\/wp-json\/wp\/v2\/posts\/93383\/revisions\/93384"}],"wp:featuredmedia":[{"embeddable":true,"href":"https:\/\/www.boxrepsol.com\/es\/wp-json\/wp\/v2\/media\/59317"}],"wp:attachment":[{"href":"https:\/\/www.boxrepsol.com\/es\/wp-json\/wp\/v2\/media?parent=93383"}],"wp:term":[{"taxonomy":"category","embeddable":true,"href":"https:\/\/www.boxrepsol.com\/es\/wp-json\/wp\/v2\/categories?post=93383"},{"taxonomy":"post_tag","embeddable":true,"href":"https:\/\/www.boxrepsol.com\/es\/wp-json\/wp\/v2\/tags?post=93383"}],"curies":[{"name":"wp","href":"https:\/\/api.w.org\/{rel}","templated":true}]}}