{"id":93367,"date":"2018-09-11T00:00:00","date_gmt":"2018-09-11T02:00:00","guid":{"rendered":"http:\/\/pre.boxrepsol.com\/sin-categorizar\/marc-llego-misano-una-ventaja-59-puntos-la-ha-ampliado-los-67\/"},"modified":"2024-05-22T09:28:37","modified_gmt":"2024-05-22T11:28:37","slug":"marc-llego-misano-una-ventaja-59-puntos-la-ha-ampliado-los-67","status":"publish","type":"post","link":"https:\/\/www.boxrepsol.com\/es\/motogp\/marc-llego-misano-una-ventaja-59-puntos-la-ha-ampliado-los-67\/","title":{"rendered":"Puig: \u201cMarc ha ampliado la ventaja hasta los 67\u201d"},"content":{"rendered":"<blockquote><p>\n\t<a href=\"http:\/\/twitter.com\/share?text=Dani+tambi%C3%A9n+hizo+una+muy+buena+carrera.+&#038;url=https%3A%2F%2Fwww.boxrepsol.com%2Fes%2Fmotogp%2Fmarc-llego-misano-una-ventaja-59-puntos-la-ha-ampliado-los-67%2F\" target=\"_blank\" rel=\"noopener\"><\/p>\n<p>Dani tambi\u00e9n hizo una muy buena carrera. <\/p>\n<p>\t<\/a>\n<\/p><\/blockquote>\n<p><em>El pasado domingo, Marc M\u00e1rquez firm\u00f3 la segunda posici\u00f3n en la duod\u00e9cima carrera de la temporada y consolid\u00f3 m\u00e1s su liderato en la categor\u00eda reina. Alberto Puig, Team Manager del equipo Repsol Honda, ha analizado la carrera en la que el l\u00edder del Mundial pudo exhibir en pista el trabajo realizado durante los entrenamientos, lo que le permiti\u00f3 rodar en el grupo de cabeza desde los primeros giros.<\/em><\/p>\n<p><strong>\u00bfCu\u00e1l fue la estrategia para la carrera de Misano?<\/p>\n<p><\/strong>Con Marc, la estrategia era la de lograr la mejor puesta a punto posible y tener un buen ritmo de carrera. Sab\u00edamos que ser\u00eda dif\u00edcil, porque todos los tiempos estaban muy ajustados. Dani tambi\u00e9n hizo una muy buena carrera. Empez\u00f3 el fin de semana con algunos problemas, pero finalmente logr\u00f3 dar un paso adelante.<\/p>\n<p><strong>\u00bfQu\u00e9 puntos positivos y negativos destacar\u00edas tras Misano?<\/p>\n<p><\/strong>Lo positivo es que Marc lleg\u00f3 a Misano con un ventaja de 59 puntos y\u00a0 la ha ampliado hasta los 67. Lo negativo es que nuestros competidores est\u00e1n apretando mucho y Ducati ahora es muy competitiva\u201d.<\/p>\n<p><strong>\u00bfQu\u00e9 puntos positivos y negativos destacar\u00edas tras Misano?<\/p>\n<p><\/strong>Lo positivo es que Marc lleg\u00f3 a Misano con un ventaja de 59 puntos y\u00a0 la ha ampliado hasta los 67. Lo negativo es que nuestros competidores est\u00e1n apretando mucho y Ducati ahora es muy competitiva.<\/p>\n<p><strong>\u00bfC\u00f3mo viviste la carrera?<\/p>\n<p><\/strong>Como de costumbre, cuando nuestros pilotos est\u00e1n luchando por la victoria, est\u00e1s un poco asustado, pero la carrera fue bonita e intensa.<\/p>\n","protected":false},"excerpt":{"rendered":"<p>Alberto Puig analiza lo sucedido en el Gran Premio de San Marino, en el que Marc M\u00e1rquez sum\u00f3 un nuevo podio con el que aument\u00f3 nuevamente su ventaja en el Mundial de MotoGP.<\/p>\n","protected":false},"author":43146,"featured_media":59252,"comment_status":"open","ping_status":"open","sticky":false,"template":"","format":"standard","meta":{"footnotes":""},"categories":[4],"tags":[142],"class_list":["post-93367","post","type-post","status-publish","format-standard","hentry","category-motogp","tag-motogp-misano"],"yoast_head":"<!-- This site is optimized with the Yoast SEO plugin v27.3 - https:\/\/yoast.com\/product\/yoast-seo-wordpress\/ -->\n<title>Puig: \u201cMarc ha ampliado la ventaja hasta los 67\u201d - Box Repsol<\/title>\n<meta name=\"description\" content=\"Alberto Puig analiza lo sucedido en el Gran Premio de San Marino, en el que Marc M\u00e1rquez sum\u00f3 un nuevo podio con el que aument\u00f3 nuevamente su ventaja.\" \/>\n<link rel=\"canonical\" href=\"https:\/\/www.boxrepsol.com\/es\/motogp\/marc-llego-misano-una-ventaja-59-puntos-la-ha-ampliado-los-67\/\" \/>\n<meta property=\"og:locale\" content=\"es_ES\" \/>\n<meta property=\"og:type\" content=\"article\" \/>\n<meta property=\"og:title\" content=\"Puig: \u201cMarc ha ampliado la ventaja hasta los 67\u201d - Box Repsol\" \/>\n<meta property=\"og:description\" content=\"Alberto Puig analiza lo sucedido en el Gran Premio de San Marino, en el que Marc M\u00e1rquez sum\u00f3 un nuevo podio con el que aument\u00f3 nuevamente su ventaja.\" \/>\n<meta property=\"og:url\" content=\"https:\/\/www.boxrepsol.com\/es\/motogp\/marc-llego-misano-una-ventaja-59-puntos-la-ha-ampliado-los-67\/\" \/>\n<meta property=\"og:site_name\" content=\"Box Repsol\" \/>\n<meta property=\"article:publisher\" content=\"https:\/\/www.facebook.com\/BoxRepsol\" \/>\n<meta property=\"article:author\" content=\"https:\/\/www.facebook.com\/BoxRepsol\/\" \/>\n<meta property=\"article:published_time\" content=\"2018-09-11T02:00:00+00:00\" \/>\n<meta property=\"article:modified_time\" content=\"2024-05-22T11:28:37+00:00\" \/>\n<meta property=\"og:image\" content=\"https:\/\/bxrepsol.s3.eu-west-1.amazonaws.com\/static\/2022\/08\/29082628\/00_alberto_puig_repsol_honda_team_manager_motogp.jpg\" \/>\n\t<meta property=\"og:image:width\" content=\"1280\" \/>\n\t<meta property=\"og:image:height\" content=\"600\" \/>\n\t<meta property=\"og:image:type\" content=\"image\/jpeg\" \/>\n<meta name=\"author\" content=\"Redacci\u00f3n Box Repsol\" \/>\n<meta name=\"twitter:card\" content=\"summary_large_image\" \/>\n<meta name=\"twitter:creator\" content=\"@https:\/\/twitter.com\/box_repsol\" \/>\n<meta name=\"twitter:site\" content=\"@box_repsol\" \/>\n<meta name=\"twitter:label1\" content=\"Written by\" \/>\n\t<meta name=\"twitter:data1\" content=\"Redacci\u00f3n Box Repsol\" \/>\n\t<meta name=\"twitter:label2\" content=\"Est. reading time\" \/>\n\t<meta name=\"twitter:data2\" content=\"1 minuto\" \/>\n<script type=\"application\/ld+json\" class=\"yoast-schema-graph\">{\"@context\":\"https:\\\/\\\/schema.org\",\"@graph\":[{\"@type\":\"Article\",\"@id\":\"https:\\\/\\\/www.boxrepsol.com\\\/es\\\/motogp\\\/marc-llego-misano-una-ventaja-59-puntos-la-ha-ampliado-los-67\\\/#article\",\"isPartOf\":{\"@id\":\"https:\\\/\\\/www.boxrepsol.com\\\/es\\\/motogp\\\/marc-llego-misano-una-ventaja-59-puntos-la-ha-ampliado-los-67\\\/\"},\"author\":{\"name\":\"Redacci\u00f3n Box Repsol\",\"@id\":\"https:\\\/\\\/www.boxrepsol.com\\\/es\\\/#\\\/schema\\\/person\\\/c5c2138f2cca251b0ad92b7086bb60b7\"},\"headline\":\"Puig: \u201cMarc ha ampliado la ventaja hasta los 67\u201d\",\"datePublished\":\"2018-09-11T02:00:00+00:00\",\"dateModified\":\"2024-05-22T11:28:37+00:00\",\"mainEntityOfPage\":{\"@id\":\"https:\\\/\\\/www.boxrepsol.com\\\/es\\\/motogp\\\/marc-llego-misano-una-ventaja-59-puntos-la-ha-ampliado-los-67\\\/\"},\"wordCount\":275,\"commentCount\":0,\"publisher\":{\"@id\":\"https:\\\/\\\/www.boxrepsol.com\\\/es\\\/#organization\"},\"image\":{\"@id\":\"https:\\\/\\\/www.boxrepsol.com\\\/es\\\/motogp\\\/marc-llego-misano-una-ventaja-59-puntos-la-ha-ampliado-los-67\\\/#primaryimage\"},\"thumbnailUrl\":\"https:\\\/\\\/bxrepsol.s3.eu-west-1.amazonaws.com\\\/static\\\/2022\\\/08\\\/29082628\\\/00_alberto_puig_repsol_honda_team_manager_motogp.jpg\",\"keywords\":[\"MotoGP Misano\"],\"articleSection\":[\"MotoGP\"],\"inLanguage\":\"es\",\"potentialAction\":[{\"@type\":\"CommentAction\",\"name\":\"Comment\",\"target\":[\"https:\\\/\\\/www.boxrepsol.com\\\/es\\\/motogp\\\/marc-llego-misano-una-ventaja-59-puntos-la-ha-ampliado-los-67\\\/#respond\"]}]},{\"@type\":\"WebPage\",\"@id\":\"https:\\\/\\\/www.boxrepsol.com\\\/es\\\/motogp\\\/marc-llego-misano-una-ventaja-59-puntos-la-ha-ampliado-los-67\\\/\",\"url\":\"https:\\\/\\\/www.boxrepsol.com\\\/es\\\/motogp\\\/marc-llego-misano-una-ventaja-59-puntos-la-ha-ampliado-los-67\\\/\",\"name\":\"Puig: \u201cMarc ha ampliado la ventaja hasta los 67\u201d - Box Repsol\",\"isPartOf\":{\"@id\":\"https:\\\/\\\/www.boxrepsol.com\\\/es\\\/#website\"},\"primaryImageOfPage\":{\"@id\":\"https:\\\/\\\/www.boxrepsol.com\\\/es\\\/motogp\\\/marc-llego-misano-una-ventaja-59-puntos-la-ha-ampliado-los-67\\\/#primaryimage\"},\"image\":{\"@id\":\"https:\\\/\\\/www.boxrepsol.com\\\/es\\\/motogp\\\/marc-llego-misano-una-ventaja-59-puntos-la-ha-ampliado-los-67\\\/#primaryimage\"},\"thumbnailUrl\":\"https:\\\/\\\/bxrepsol.s3.eu-west-1.amazonaws.com\\\/static\\\/2022\\\/08\\\/29082628\\\/00_alberto_puig_repsol_honda_team_manager_motogp.jpg\",\"datePublished\":\"2018-09-11T02:00:00+00:00\",\"dateModified\":\"2024-05-22T11:28:37+00:00\",\"description\":\"Alberto Puig analiza lo sucedido en el Gran Premio de San Marino, en el que Marc M\u00e1rquez sum\u00f3 un nuevo podio con el que aument\u00f3 nuevamente su ventaja.\",\"breadcrumb\":{\"@id\":\"https:\\\/\\\/www.boxrepsol.com\\\/es\\\/motogp\\\/marc-llego-misano-una-ventaja-59-puntos-la-ha-ampliado-los-67\\\/#breadcrumb\"},\"inLanguage\":\"es\",\"potentialAction\":[{\"@type\":\"ReadAction\",\"target\":[\"https:\\\/\\\/www.boxrepsol.com\\\/es\\\/motogp\\\/marc-llego-misano-una-ventaja-59-puntos-la-ha-ampliado-los-67\\\/\"]}]},{\"@type\":\"ImageObject\",\"inLanguage\":\"es\",\"@id\":\"https:\\\/\\\/www.boxrepsol.com\\\/es\\\/motogp\\\/marc-llego-misano-una-ventaja-59-puntos-la-ha-ampliado-los-67\\\/#primaryimage\",\"url\":\"https:\\\/\\\/bxrepsol.s3.eu-west-1.amazonaws.com\\\/static\\\/2022\\\/08\\\/29082628\\\/00_alberto_puig_repsol_honda_team_manager_motogp.jpg\",\"contentUrl\":\"https:\\\/\\\/bxrepsol.s3.eu-west-1.amazonaws.com\\\/static\\\/2022\\\/08\\\/29082628\\\/00_alberto_puig_repsol_honda_team_manager_motogp.jpg\",\"width\":1280,\"height\":600,\"caption\":\"Alberto Puig frente a micr\u00f3fono\"},{\"@type\":\"BreadcrumbList\",\"@id\":\"https:\\\/\\\/www.boxrepsol.com\\\/es\\\/motogp\\\/marc-llego-misano-una-ventaja-59-puntos-la-ha-ampliado-los-67\\\/#breadcrumb\",\"itemListElement\":[{\"@type\":\"ListItem\",\"position\":1,\"name\":\"Home\",\"item\":\"https:\\\/\\\/www.boxrepsol.com\\\/es\\\/\"},{\"@type\":\"ListItem\",\"position\":2,\"name\":\"Puig: \u201cMarc ha ampliado la ventaja hasta los 67\u201d\"}]},{\"@type\":\"WebSite\",\"@id\":\"https:\\\/\\\/www.boxrepsol.com\\\/es\\\/#website\",\"url\":\"https:\\\/\\\/www.boxrepsol.com\\\/es\\\/\",\"name\":\"Box Repsol\",\"description\":\"Box Repsol Site\",\"publisher\":{\"@id\":\"https:\\\/\\\/www.boxrepsol.com\\\/es\\\/#organization\"},\"potentialAction\":[{\"@type\":\"SearchAction\",\"target\":{\"@type\":\"EntryPoint\",\"urlTemplate\":\"https:\\\/\\\/www.boxrepsol.com\\\/es\\\/?s={search_term_string}\"},\"query-input\":{\"@type\":\"PropertyValueSpecification\",\"valueRequired\":true,\"valueName\":\"search_term_string\"}}],\"inLanguage\":\"es\"},{\"@type\":\"Organization\",\"@id\":\"https:\\\/\\\/www.boxrepsol.com\\\/es\\\/#organization\",\"name\":\"Box Repsol\",\"url\":\"https:\\\/\\\/www.boxrepsol.com\\\/es\\\/\",\"logo\":{\"@type\":\"ImageObject\",\"inLanguage\":\"es\",\"@id\":\"https:\\\/\\\/www.boxrepsol.com\\\/es\\\/#\\\/schema\\\/logo\\\/image\\\/\",\"url\":\"https:\\\/\\\/bxrepsol.s3.eu-west-1.amazonaws.com\\\/static\\\/2025\\\/07\\\/30083337\\\/favicon-96x96-1.png\",\"contentUrl\":\"https:\\\/\\\/bxrepsol.s3.eu-west-1.amazonaws.com\\\/static\\\/2025\\\/07\\\/30083337\\\/favicon-96x96-1.png\",\"width\":96,\"height\":96,\"caption\":\"Box Repsol\"},\"image\":{\"@id\":\"https:\\\/\\\/www.boxrepsol.com\\\/es\\\/#\\\/schema\\\/logo\\\/image\\\/\"},\"sameAs\":[\"https:\\\/\\\/www.facebook.com\\\/BoxRepsol\",\"https:\\\/\\\/x.com\\\/box_repsol\",\"http:\\\/\\\/instagram.com\\\/box_repsol\",\"https:\\\/\\\/www.youtube.com\\\/user\\\/RepsolCompeticion\",\"https:\\\/\\\/www.flickr.com\\\/photos\\\/box_repsol\\\/\"]},{\"@type\":\"Person\",\"@id\":\"https:\\\/\\\/www.boxrepsol.com\\\/es\\\/#\\\/schema\\\/person\\\/c5c2138f2cca251b0ad92b7086bb60b7\",\"name\":\"Redacci\u00f3n Box Repsol\",\"image\":{\"@type\":\"ImageObject\",\"inLanguage\":\"es\",\"@id\":\"https:\\\/\\\/secure.gravatar.com\\\/avatar\\\/adf7b77e38b4419baf32c7e9c21dde01f4e40df611f0978e3006fc4ba0aaab7e?s=96&d=mm&r=g\",\"url\":\"https:\\\/\\\/secure.gravatar.com\\\/avatar\\\/adf7b77e38b4419baf32c7e9c21dde01f4e40df611f0978e3006fc4ba0aaab7e?s=96&d=mm&r=g\",\"contentUrl\":\"https:\\\/\\\/secure.gravatar.com\\\/avatar\\\/adf7b77e38b4419baf32c7e9c21dde01f4e40df611f0978e3006fc4ba0aaab7e?s=96&d=mm&r=g\",\"caption\":\"Redacci\u00f3n Box Repsol\"},\"description\":\"Box Repsol lo forma un equipo de periodistas, community managers, dise\u00f1adores y fot\u00f3grafos con m\u00e1s de 20 a\u00f1os de experiencia en el mundo del motorsport. Hemos vivido el primer mundial de un espa\u00f1ol en la categor\u00eda reina de motociclismo con \u00c1lex Crivill\u00e9, estuvimos en las victorias de Pedrosa y los t\u00edtulos de M\u00e1rquez, acompa\u00f1amos en \u00c1frica a Nani Roma y Marc Coma en sus conquistas del Dakar y hemos vibrado con los t\u00edtulos de Toni Bou en Trial. Adem\u00e1s, en nuestro equipo contamos con expertos en el mundo de las dos y cuatro ruedas tanto de la calle y las carreteras, como de los circuitos. Periodistas que han trabajado en revistas y publicaciones para hacerte llegar desde rutas y consejos de mantenimiento, a curiosidades y trucos de pilotaje.\",\"sameAs\":[\"https:\\\/\\\/www.facebook.com\\\/BoxRepsol\\\/\",\"https:\\\/\\\/www.instagram.com\\\/box_repsol\\\/\",\"https:\\\/\\\/x.com\\\/https:\\\/\\\/twitter.com\\\/box_repsol\",\"https:\\\/\\\/www.youtube.com\\\/@Boxrepsol\"],\"url\":\"https:\\\/\\\/www.boxrepsol.com\\\/es\\\/author\\\/redaccion-box-repsol\\\/\"}]}<\/script>\n<!-- \/ Yoast SEO plugin. -->","yoast_head_json":{"title":"Puig: \u201cMarc ha ampliado la ventaja hasta los 67\u201d - Box Repsol","description":"Alberto Puig analiza lo sucedido en el Gran Premio de San Marino, en el que Marc M\u00e1rquez sum\u00f3 un nuevo podio con el que aument\u00f3 nuevamente su ventaja.","canonical":"https:\/\/www.boxrepsol.com\/es\/motogp\/marc-llego-misano-una-ventaja-59-puntos-la-ha-ampliado-los-67\/","og_locale":"es_ES","og_type":"article","og_title":"Puig: \u201cMarc ha ampliado la ventaja hasta los 67\u201d - Box Repsol","og_description":"Alberto Puig analiza lo sucedido en el Gran Premio de San Marino, en el que Marc M\u00e1rquez sum\u00f3 un nuevo podio con el que aument\u00f3 nuevamente su ventaja.","og_url":"https:\/\/www.boxrepsol.com\/es\/motogp\/marc-llego-misano-una-ventaja-59-puntos-la-ha-ampliado-los-67\/","og_site_name":"Box Repsol","article_publisher":"https:\/\/www.facebook.com\/BoxRepsol","article_author":"https:\/\/www.facebook.com\/BoxRepsol\/","article_published_time":"2018-09-11T02:00:00+00:00","article_modified_time":"2024-05-22T11:28:37+00:00","og_image":[{"width":1280,"height":600,"url":"https:\/\/bxrepsol.s3.eu-west-1.amazonaws.com\/static\/2022\/08\/29082628\/00_alberto_puig_repsol_honda_team_manager_motogp.jpg","type":"image\/jpeg"}],"author":"Redacci\u00f3n Box Repsol","twitter_card":"summary_large_image","twitter_creator":"@https:\/\/twitter.com\/box_repsol","twitter_site":"@box_repsol","twitter_misc":{"Written by":"Redacci\u00f3n Box Repsol","Est. reading time":"1 minuto"},"schema":{"@context":"https:\/\/schema.org","@graph":[{"@type":"Article","@id":"https:\/\/www.boxrepsol.com\/es\/motogp\/marc-llego-misano-una-ventaja-59-puntos-la-ha-ampliado-los-67\/#article","isPartOf":{"@id":"https:\/\/www.boxrepsol.com\/es\/motogp\/marc-llego-misano-una-ventaja-59-puntos-la-ha-ampliado-los-67\/"},"author":{"name":"Redacci\u00f3n Box Repsol","@id":"https:\/\/www.boxrepsol.com\/es\/#\/schema\/person\/c5c2138f2cca251b0ad92b7086bb60b7"},"headline":"Puig: \u201cMarc ha ampliado la ventaja hasta los 67\u201d","datePublished":"2018-09-11T02:00:00+00:00","dateModified":"2024-05-22T11:28:37+00:00","mainEntityOfPage":{"@id":"https:\/\/www.boxrepsol.com\/es\/motogp\/marc-llego-misano-una-ventaja-59-puntos-la-ha-ampliado-los-67\/"},"wordCount":275,"commentCount":0,"publisher":{"@id":"https:\/\/www.boxrepsol.com\/es\/#organization"},"image":{"@id":"https:\/\/www.boxrepsol.com\/es\/motogp\/marc-llego-misano-una-ventaja-59-puntos-la-ha-ampliado-los-67\/#primaryimage"},"thumbnailUrl":"https:\/\/bxrepsol.s3.eu-west-1.amazonaws.com\/static\/2022\/08\/29082628\/00_alberto_puig_repsol_honda_team_manager_motogp.jpg","keywords":["MotoGP Misano"],"articleSection":["MotoGP"],"inLanguage":"es","potentialAction":[{"@type":"CommentAction","name":"Comment","target":["https:\/\/www.boxrepsol.com\/es\/motogp\/marc-llego-misano-una-ventaja-59-puntos-la-ha-ampliado-los-67\/#respond"]}]},{"@type":"WebPage","@id":"https:\/\/www.boxrepsol.com\/es\/motogp\/marc-llego-misano-una-ventaja-59-puntos-la-ha-ampliado-los-67\/","url":"https:\/\/www.boxrepsol.com\/es\/motogp\/marc-llego-misano-una-ventaja-59-puntos-la-ha-ampliado-los-67\/","name":"Puig: \u201cMarc ha ampliado la ventaja hasta los 67\u201d - Box Repsol","isPartOf":{"@id":"https:\/\/www.boxrepsol.com\/es\/#website"},"primaryImageOfPage":{"@id":"https:\/\/www.boxrepsol.com\/es\/motogp\/marc-llego-misano-una-ventaja-59-puntos-la-ha-ampliado-los-67\/#primaryimage"},"image":{"@id":"https:\/\/www.boxrepsol.com\/es\/motogp\/marc-llego-misano-una-ventaja-59-puntos-la-ha-ampliado-los-67\/#primaryimage"},"thumbnailUrl":"https:\/\/bxrepsol.s3.eu-west-1.amazonaws.com\/static\/2022\/08\/29082628\/00_alberto_puig_repsol_honda_team_manager_motogp.jpg","datePublished":"2018-09-11T02:00:00+00:00","dateModified":"2024-05-22T11:28:37+00:00","description":"Alberto Puig analiza lo sucedido en el Gran Premio de San Marino, en el que Marc M\u00e1rquez sum\u00f3 un nuevo podio con el que aument\u00f3 nuevamente su ventaja.","breadcrumb":{"@id":"https:\/\/www.boxrepsol.com\/es\/motogp\/marc-llego-misano-una-ventaja-59-puntos-la-ha-ampliado-los-67\/#breadcrumb"},"inLanguage":"es","potentialAction":[{"@type":"ReadAction","target":["https:\/\/www.boxrepsol.com\/es\/motogp\/marc-llego-misano-una-ventaja-59-puntos-la-ha-ampliado-los-67\/"]}]},{"@type":"ImageObject","inLanguage":"es","@id":"https:\/\/www.boxrepsol.com\/es\/motogp\/marc-llego-misano-una-ventaja-59-puntos-la-ha-ampliado-los-67\/#primaryimage","url":"https:\/\/bxrepsol.s3.eu-west-1.amazonaws.com\/static\/2022\/08\/29082628\/00_alberto_puig_repsol_honda_team_manager_motogp.jpg","contentUrl":"https:\/\/bxrepsol.s3.eu-west-1.amazonaws.com\/static\/2022\/08\/29082628\/00_alberto_puig_repsol_honda_team_manager_motogp.jpg","width":1280,"height":600,"caption":"Alberto Puig frente a micr\u00f3fono"},{"@type":"BreadcrumbList","@id":"https:\/\/www.boxrepsol.com\/es\/motogp\/marc-llego-misano-una-ventaja-59-puntos-la-ha-ampliado-los-67\/#breadcrumb","itemListElement":[{"@type":"ListItem","position":1,"name":"Home","item":"https:\/\/www.boxrepsol.com\/es\/"},{"@type":"ListItem","position":2,"name":"Puig: \u201cMarc ha ampliado la ventaja hasta los 67\u201d"}]},{"@type":"WebSite","@id":"https:\/\/www.boxrepsol.com\/es\/#website","url":"https:\/\/www.boxrepsol.com\/es\/","name":"Box Repsol","description":"Box Repsol Site","publisher":{"@id":"https:\/\/www.boxrepsol.com\/es\/#organization"},"potentialAction":[{"@type":"SearchAction","target":{"@type":"EntryPoint","urlTemplate":"https:\/\/www.boxrepsol.com\/es\/?s={search_term_string}"},"query-input":{"@type":"PropertyValueSpecification","valueRequired":true,"valueName":"search_term_string"}}],"inLanguage":"es"},{"@type":"Organization","@id":"https:\/\/www.boxrepsol.com\/es\/#organization","name":"Box Repsol","url":"https:\/\/www.boxrepsol.com\/es\/","logo":{"@type":"ImageObject","inLanguage":"es","@id":"https:\/\/www.boxrepsol.com\/es\/#\/schema\/logo\/image\/","url":"https:\/\/bxrepsol.s3.eu-west-1.amazonaws.com\/static\/2025\/07\/30083337\/favicon-96x96-1.png","contentUrl":"https:\/\/bxrepsol.s3.eu-west-1.amazonaws.com\/static\/2025\/07\/30083337\/favicon-96x96-1.png","width":96,"height":96,"caption":"Box Repsol"},"image":{"@id":"https:\/\/www.boxrepsol.com\/es\/#\/schema\/logo\/image\/"},"sameAs":["https:\/\/www.facebook.com\/BoxRepsol","https:\/\/x.com\/box_repsol","http:\/\/instagram.com\/box_repsol","https:\/\/www.youtube.com\/user\/RepsolCompeticion","https:\/\/www.flickr.com\/photos\/box_repsol\/"]},{"@type":"Person","@id":"https:\/\/www.boxrepsol.com\/es\/#\/schema\/person\/c5c2138f2cca251b0ad92b7086bb60b7","name":"Redacci\u00f3n Box Repsol","image":{"@type":"ImageObject","inLanguage":"es","@id":"https:\/\/secure.gravatar.com\/avatar\/adf7b77e38b4419baf32c7e9c21dde01f4e40df611f0978e3006fc4ba0aaab7e?s=96&d=mm&r=g","url":"https:\/\/secure.gravatar.com\/avatar\/adf7b77e38b4419baf32c7e9c21dde01f4e40df611f0978e3006fc4ba0aaab7e?s=96&d=mm&r=g","contentUrl":"https:\/\/secure.gravatar.com\/avatar\/adf7b77e38b4419baf32c7e9c21dde01f4e40df611f0978e3006fc4ba0aaab7e?s=96&d=mm&r=g","caption":"Redacci\u00f3n Box Repsol"},"description":"Box Repsol lo forma un equipo de periodistas, community managers, dise\u00f1adores y fot\u00f3grafos con m\u00e1s de 20 a\u00f1os de experiencia en el mundo del motorsport. Hemos vivido el primer mundial de un espa\u00f1ol en la categor\u00eda reina de motociclismo con \u00c1lex Crivill\u00e9, estuvimos en las victorias de Pedrosa y los t\u00edtulos de M\u00e1rquez, acompa\u00f1amos en \u00c1frica a Nani Roma y Marc Coma en sus conquistas del Dakar y hemos vibrado con los t\u00edtulos de Toni Bou en Trial. Adem\u00e1s, en nuestro equipo contamos con expertos en el mundo de las dos y cuatro ruedas tanto de la calle y las carreteras, como de los circuitos. Periodistas que han trabajado en revistas y publicaciones para hacerte llegar desde rutas y consejos de mantenimiento, a curiosidades y trucos de pilotaje.","sameAs":["https:\/\/www.facebook.com\/BoxRepsol\/","https:\/\/www.instagram.com\/box_repsol\/","https:\/\/x.com\/https:\/\/twitter.com\/box_repsol","https:\/\/www.youtube.com\/@Boxrepsol"],"url":"https:\/\/www.boxrepsol.com\/es\/author\/redaccion-box-repsol\/"}]}},"_links":{"self":[{"href":"https:\/\/www.boxrepsol.com\/es\/wp-json\/wp\/v2\/posts\/93367","targetHints":{"allow":["GET"]}}],"collection":[{"href":"https:\/\/www.boxrepsol.com\/es\/wp-json\/wp\/v2\/posts"}],"about":[{"href":"https:\/\/www.boxrepsol.com\/es\/wp-json\/wp\/v2\/types\/post"}],"author":[{"embeddable":true,"href":"https:\/\/www.boxrepsol.com\/es\/wp-json\/wp\/v2\/users\/43146"}],"replies":[{"embeddable":true,"href":"https:\/\/www.boxrepsol.com\/es\/wp-json\/wp\/v2\/comments?post=93367"}],"version-history":[{"count":1,"href":"https:\/\/www.boxrepsol.com\/es\/wp-json\/wp\/v2\/posts\/93367\/revisions"}],"predecessor-version":[{"id":116599,"href":"https:\/\/www.boxrepsol.com\/es\/wp-json\/wp\/v2\/posts\/93367\/revisions\/116599"}],"wp:featuredmedia":[{"embeddable":true,"href":"https:\/\/www.boxrepsol.com\/es\/wp-json\/wp\/v2\/media\/59252"}],"wp:attachment":[{"href":"https:\/\/www.boxrepsol.com\/es\/wp-json\/wp\/v2\/media?parent=93367"}],"wp:term":[{"taxonomy":"category","embeddable":true,"href":"https:\/\/www.boxrepsol.com\/es\/wp-json\/wp\/v2\/categories?post=93367"},{"taxonomy":"post_tag","embeddable":true,"href":"https:\/\/www.boxrepsol.com\/es\/wp-json\/wp\/v2\/tags?post=93367"}],"curies":[{"name":"wp","href":"https:\/\/api.w.org\/{rel}","templated":true}]}}