{"id":93349,"date":"2018-09-04T00:00:00","date_gmt":"2018-09-04T02:00:00","guid":{"rendered":"http:\/\/pre.boxrepsol.com\/sin-categorizar\/vuelve-la-accion-marc-marquez-dani-pedrosa\/"},"modified":"2024-05-22T09:35:44","modified_gmt":"2024-05-22T11:35:44","slug":"vuelve-la-accion-marc-marquez-dani-pedrosa","status":"publish","type":"post","link":"https:\/\/www.boxrepsol.com\/es\/motogp\/vuelve-la-accion-marc-marquez-dani-pedrosa\/","title":{"rendered":"Vuelve la acci\u00f3n para Marc M\u00e1rquez y Dani Pedrosa"},"content":{"rendered":"<blockquote>\n<p>El viernes saldremos a pista con la mentalidad de siempre, preparados para enfrentarnos y adaptarnos a cualquier situaci\u00f3n<\/p>\n<p>            <a href=\"http:\/\/twitter.com\/share?text=El+viernes+saldremos+a+pista+con+la+mentalidad+de+siempre%2C+preparados+para+enfrentarnos+y+adaptarnos+a+cualquier+situaci%C3%B3n&#038;url=https%3A%2F%2Fwww.boxrepsol.com%2Fes%2F%3Fp%3D23718%2F&#038;hashtags=\" target=\"_blank\" data-datalayer='{\"event\": \"socialInteraction\", \"socialNetwork\": \"Twitter\", \"socialAction\": \"Compartir\", \"socialTarget\": \"Frase\"}' rel=\"noopener\"><br \/>\n            twittear        <\/a><\/p>\n<footer>Marc M\u00e1rquez<\/footer>\n<\/blockquote>\n<p>En Misano, el vigente Campe\u00f3n del Mundo de MotoGP ha logrado cinco victorias en las tres categor\u00edas: una en 125cc (2010) y dos tanto en Moto2 (2011 y 2012) como en MotoGP (2015 y 2017).<\/p>\n<p>Dani Pedrosa ha subido en seis ocasiones al podio de la pista sanmarinense \u2013siempre en la categor\u00eda reina\u2013, dos de ellas como ganador de la prueba \u2013en 2010 y 2016\u2013.<\/p>\n<p>Tras el \u00faltimo Gran Premio, cancelado por la lluvia, y con siete citas por delante, Marc M\u00e1rquez sigue l\u00edder de la clasificaci\u00f3n general del campeonato, con 59 puntos de ventaja.<\/p>\n<h3>Marc M\u00e1rquez<\/h3>\n<p><em>El circuito de Misano es revirado y m\u00e1s lento en comparaci\u00f3n con otros del calendario, con muchas frenadas y aceleraciones. Ha sido un trazado favorable para nosotros en el pasado; tenemos muy buenos recuerdos y evidentemente intentaremos a\u00f1adir uno nuevo el pr\u00f3ximo domingo. Hace un a\u00f1o me sent\u00ed bien sobre la moto y pude pilotar como quer\u00eda, pero el viernes saldremos a pista con la mentalidad de siempre, preparados para enfrentarnos y adaptarnos a cualquier situaci\u00f3n que nos encontremos. Intentaremos entender las condiciones y el agarre de la pista, para mejorar sesi\u00f3n tras sesi\u00f3n, esperando tener un fin de semana soleado y caluroso.<\/em><\/p>\n<p>\t\t\t\t<img decoding=\"async\" src=\"https:\/\/bxrepsol.s3.eu-west-1.amazonaws.com\/static\/2022\/08\/05052814\/00_marc_declas.jpg\" alt=\"00_marc_declas\" itemprop=\"image\"  \/><br \/>\n\t\t\t\t<img decoding=\"async\" src=\"https:\/\/bxrepsol.s3.eu-west-1.amazonaws.com\/static\/2022\/08\/05052815\/00_dani_declas.jpg\" alt=\"00_dani_declas\" itemprop=\"image\"  \/><\/p>\n<h3>Dani Pedrosa<\/h3>\n<p><em>Espero que tengamos buen tiempo en Misano y podamos aprovechar al m\u00e1ximo todas las sesiones. Me gusta bastante el trazado, aunque est\u00e9 un poco bacheado y a menudo el agarre resulte un reto, ya que el estado de la pista puede cambiar mucho de la ma\u00f1ana a la tarde. La elecci\u00f3n del neum\u00e1tico ser\u00e1 muy importante. Tambi\u00e9n me gusta el ambiente que crean los aficionados; siempre son muy apasionados y es bonito ver las gradas abarrotadas.<\/em><\/p>\n","protected":false},"excerpt":{"rendered":"<p>Tras la cancelaci\u00f3n de la \u00faltima carrera, los pilotos del equipo Repsol Honda celebran este fin de semana el Gran Premio de San Marino, decimotercera cita del Mundial de MotoGP.<\/p>\n","protected":false},"author":43146,"featured_media":59175,"comment_status":"open","ping_status":"open","sticky":false,"template":"","format":"standard","meta":{"footnotes":""},"categories":[4],"tags":[142],"class_list":["post-93349","post","type-post","status-publish","format-standard","hentry","category-motogp","tag-motogp-misano"],"yoast_head":"<!-- This site is optimized with the Yoast SEO plugin v27.3 - https:\/\/yoast.com\/product\/yoast-seo-wordpress\/ -->\n<title>Vuelve la acci\u00f3n para Marc M\u00e1rquez y Dani Pedrosa - Box Repsol<\/title>\n<meta name=\"description\" content=\"Tras la cancelaci\u00f3n de la \u00faltima carrera, los pilotos del equipo Repsol Honda celebran este fin de semana el Gran Premio de San Marino.\" \/>\n<link rel=\"canonical\" href=\"https:\/\/www.boxrepsol.com\/es\/motogp\/vuelve-la-accion-marc-marquez-dani-pedrosa\/\" \/>\n<meta property=\"og:locale\" content=\"es_ES\" \/>\n<meta property=\"og:type\" content=\"article\" \/>\n<meta property=\"og:title\" content=\"Vuelve la acci\u00f3n para Marc M\u00e1rquez y Dani Pedrosa - Box Repsol\" \/>\n<meta property=\"og:description\" content=\"Tras la cancelaci\u00f3n de la \u00faltima carrera, los pilotos del equipo Repsol Honda celebran este fin de semana el Gran Premio de San Marino.\" \/>\n<meta property=\"og:url\" content=\"https:\/\/www.boxrepsol.com\/es\/motogp\/vuelve-la-accion-marc-marquez-dani-pedrosa\/\" \/>\n<meta property=\"og:site_name\" content=\"Box Repsol\" \/>\n<meta property=\"article:publisher\" content=\"https:\/\/www.facebook.com\/BoxRepsol\" \/>\n<meta property=\"article:author\" content=\"https:\/\/www.facebook.com\/BoxRepsol\/\" \/>\n<meta property=\"article:published_time\" content=\"2018-09-04T02:00:00+00:00\" \/>\n<meta property=\"article:modified_time\" content=\"2024-05-22T11:35:44+00:00\" \/>\n<meta property=\"og:image\" content=\"https:\/\/bxrepsol.s3.eu-west-1.amazonaws.com\/static\/2022\/08\/29082535\/00_motogp_marc_marquez_repsol_honda_rc213v.jpg\" \/>\n\t<meta property=\"og:image:width\" content=\"995\" \/>\n\t<meta property=\"og:image:height\" content=\"560\" \/>\n\t<meta property=\"og:image:type\" content=\"image\/jpeg\" \/>\n<meta name=\"author\" content=\"Redacci\u00f3n Box Repsol\" \/>\n<meta name=\"twitter:card\" content=\"summary_large_image\" \/>\n<meta name=\"twitter:creator\" content=\"@https:\/\/twitter.com\/box_repsol\" \/>\n<meta name=\"twitter:site\" content=\"@box_repsol\" \/>\n<meta name=\"twitter:label1\" content=\"Written by\" \/>\n\t<meta name=\"twitter:data1\" content=\"Redacci\u00f3n Box Repsol\" \/>\n\t<meta name=\"twitter:label2\" content=\"Est. reading time\" \/>\n\t<meta name=\"twitter:data2\" content=\"2 minutos\" \/>\n<script type=\"application\/ld+json\" class=\"yoast-schema-graph\">{\"@context\":\"https:\\\/\\\/schema.org\",\"@graph\":[{\"@type\":\"Article\",\"@id\":\"https:\\\/\\\/www.boxrepsol.com\\\/es\\\/motogp\\\/vuelve-la-accion-marc-marquez-dani-pedrosa\\\/#article\",\"isPartOf\":{\"@id\":\"https:\\\/\\\/www.boxrepsol.com\\\/es\\\/motogp\\\/vuelve-la-accion-marc-marquez-dani-pedrosa\\\/\"},\"author\":{\"name\":\"Redacci\u00f3n Box Repsol\",\"@id\":\"https:\\\/\\\/www.boxrepsol.com\\\/es\\\/#\\\/schema\\\/person\\\/c5c2138f2cca251b0ad92b7086bb60b7\"},\"headline\":\"Vuelve la acci\u00f3n para Marc M\u00e1rquez y Dani Pedrosa\",\"datePublished\":\"2018-09-04T02:00:00+00:00\",\"dateModified\":\"2024-05-22T11:35:44+00:00\",\"mainEntityOfPage\":{\"@id\":\"https:\\\/\\\/www.boxrepsol.com\\\/es\\\/motogp\\\/vuelve-la-accion-marc-marquez-dani-pedrosa\\\/\"},\"wordCount\":325,\"commentCount\":0,\"publisher\":{\"@id\":\"https:\\\/\\\/www.boxrepsol.com\\\/es\\\/#organization\"},\"image\":{\"@id\":\"https:\\\/\\\/www.boxrepsol.com\\\/es\\\/motogp\\\/vuelve-la-accion-marc-marquez-dani-pedrosa\\\/#primaryimage\"},\"thumbnailUrl\":\"https:\\\/\\\/bxrepsol.s3.eu-west-1.amazonaws.com\\\/static\\\/2022\\\/08\\\/29082535\\\/00_motogp_marc_marquez_repsol_honda_rc213v.jpg\",\"keywords\":[\"MotoGP Misano\"],\"articleSection\":[\"MotoGP\"],\"inLanguage\":\"es\",\"potentialAction\":[{\"@type\":\"CommentAction\",\"name\":\"Comment\",\"target\":[\"https:\\\/\\\/www.boxrepsol.com\\\/es\\\/motogp\\\/vuelve-la-accion-marc-marquez-dani-pedrosa\\\/#respond\"]}]},{\"@type\":\"WebPage\",\"@id\":\"https:\\\/\\\/www.boxrepsol.com\\\/es\\\/motogp\\\/vuelve-la-accion-marc-marquez-dani-pedrosa\\\/\",\"url\":\"https:\\\/\\\/www.boxrepsol.com\\\/es\\\/motogp\\\/vuelve-la-accion-marc-marquez-dani-pedrosa\\\/\",\"name\":\"Vuelve la acci\u00f3n para Marc M\u00e1rquez y Dani Pedrosa - Box Repsol\",\"isPartOf\":{\"@id\":\"https:\\\/\\\/www.boxrepsol.com\\\/es\\\/#website\"},\"primaryImageOfPage\":{\"@id\":\"https:\\\/\\\/www.boxrepsol.com\\\/es\\\/motogp\\\/vuelve-la-accion-marc-marquez-dani-pedrosa\\\/#primaryimage\"},\"image\":{\"@id\":\"https:\\\/\\\/www.boxrepsol.com\\\/es\\\/motogp\\\/vuelve-la-accion-marc-marquez-dani-pedrosa\\\/#primaryimage\"},\"thumbnailUrl\":\"https:\\\/\\\/bxrepsol.s3.eu-west-1.amazonaws.com\\\/static\\\/2022\\\/08\\\/29082535\\\/00_motogp_marc_marquez_repsol_honda_rc213v.jpg\",\"datePublished\":\"2018-09-04T02:00:00+00:00\",\"dateModified\":\"2024-05-22T11:35:44+00:00\",\"description\":\"Tras la cancelaci\u00f3n de la \u00faltima carrera, los pilotos del equipo Repsol Honda celebran este fin de semana el Gran Premio de San Marino.\",\"breadcrumb\":{\"@id\":\"https:\\\/\\\/www.boxrepsol.com\\\/es\\\/motogp\\\/vuelve-la-accion-marc-marquez-dani-pedrosa\\\/#breadcrumb\"},\"inLanguage\":\"es\",\"potentialAction\":[{\"@type\":\"ReadAction\",\"target\":[\"https:\\\/\\\/www.boxrepsol.com\\\/es\\\/motogp\\\/vuelve-la-accion-marc-marquez-dani-pedrosa\\\/\"]}]},{\"@type\":\"ImageObject\",\"inLanguage\":\"es\",\"@id\":\"https:\\\/\\\/www.boxrepsol.com\\\/es\\\/motogp\\\/vuelve-la-accion-marc-marquez-dani-pedrosa\\\/#primaryimage\",\"url\":\"https:\\\/\\\/bxrepsol.s3.eu-west-1.amazonaws.com\\\/static\\\/2022\\\/08\\\/29082535\\\/00_motogp_marc_marquez_repsol_honda_rc213v.jpg\",\"contentUrl\":\"https:\\\/\\\/bxrepsol.s3.eu-west-1.amazonaws.com\\\/static\\\/2022\\\/08\\\/29082535\\\/00_motogp_marc_marquez_repsol_honda_rc213v.jpg\",\"width\":995,\"height\":560,\"caption\":\"Marc tumbando en Silverstone\"},{\"@type\":\"BreadcrumbList\",\"@id\":\"https:\\\/\\\/www.boxrepsol.com\\\/es\\\/motogp\\\/vuelve-la-accion-marc-marquez-dani-pedrosa\\\/#breadcrumb\",\"itemListElement\":[{\"@type\":\"ListItem\",\"position\":1,\"name\":\"Home\",\"item\":\"https:\\\/\\\/www.boxrepsol.com\\\/es\\\/\"},{\"@type\":\"ListItem\",\"position\":2,\"name\":\"Vuelve la acci\u00f3n para Marc M\u00e1rquez y Dani Pedrosa\"}]},{\"@type\":\"WebSite\",\"@id\":\"https:\\\/\\\/www.boxrepsol.com\\\/es\\\/#website\",\"url\":\"https:\\\/\\\/www.boxrepsol.com\\\/es\\\/\",\"name\":\"Box Repsol\",\"description\":\"Box Repsol Site\",\"publisher\":{\"@id\":\"https:\\\/\\\/www.boxrepsol.com\\\/es\\\/#organization\"},\"potentialAction\":[{\"@type\":\"SearchAction\",\"target\":{\"@type\":\"EntryPoint\",\"urlTemplate\":\"https:\\\/\\\/www.boxrepsol.com\\\/es\\\/?s={search_term_string}\"},\"query-input\":{\"@type\":\"PropertyValueSpecification\",\"valueRequired\":true,\"valueName\":\"search_term_string\"}}],\"inLanguage\":\"es\"},{\"@type\":\"Organization\",\"@id\":\"https:\\\/\\\/www.boxrepsol.com\\\/es\\\/#organization\",\"name\":\"Box Repsol\",\"url\":\"https:\\\/\\\/www.boxrepsol.com\\\/es\\\/\",\"logo\":{\"@type\":\"ImageObject\",\"inLanguage\":\"es\",\"@id\":\"https:\\\/\\\/www.boxrepsol.com\\\/es\\\/#\\\/schema\\\/logo\\\/image\\\/\",\"url\":\"https:\\\/\\\/bxrepsol.s3.eu-west-1.amazonaws.com\\\/static\\\/2025\\\/07\\\/30083337\\\/favicon-96x96-1.png\",\"contentUrl\":\"https:\\\/\\\/bxrepsol.s3.eu-west-1.amazonaws.com\\\/static\\\/2025\\\/07\\\/30083337\\\/favicon-96x96-1.png\",\"width\":96,\"height\":96,\"caption\":\"Box Repsol\"},\"image\":{\"@id\":\"https:\\\/\\\/www.boxrepsol.com\\\/es\\\/#\\\/schema\\\/logo\\\/image\\\/\"},\"sameAs\":[\"https:\\\/\\\/www.facebook.com\\\/BoxRepsol\",\"https:\\\/\\\/x.com\\\/box_repsol\",\"http:\\\/\\\/instagram.com\\\/box_repsol\",\"https:\\\/\\\/www.youtube.com\\\/user\\\/RepsolCompeticion\",\"https:\\\/\\\/www.flickr.com\\\/photos\\\/box_repsol\\\/\"]},{\"@type\":\"Person\",\"@id\":\"https:\\\/\\\/www.boxrepsol.com\\\/es\\\/#\\\/schema\\\/person\\\/c5c2138f2cca251b0ad92b7086bb60b7\",\"name\":\"Redacci\u00f3n Box Repsol\",\"image\":{\"@type\":\"ImageObject\",\"inLanguage\":\"es\",\"@id\":\"https:\\\/\\\/secure.gravatar.com\\\/avatar\\\/adf7b77e38b4419baf32c7e9c21dde01f4e40df611f0978e3006fc4ba0aaab7e?s=96&d=mm&r=g\",\"url\":\"https:\\\/\\\/secure.gravatar.com\\\/avatar\\\/adf7b77e38b4419baf32c7e9c21dde01f4e40df611f0978e3006fc4ba0aaab7e?s=96&d=mm&r=g\",\"contentUrl\":\"https:\\\/\\\/secure.gravatar.com\\\/avatar\\\/adf7b77e38b4419baf32c7e9c21dde01f4e40df611f0978e3006fc4ba0aaab7e?s=96&d=mm&r=g\",\"caption\":\"Redacci\u00f3n Box Repsol\"},\"description\":\"Box Repsol lo forma un equipo de periodistas, community managers, dise\u00f1adores y fot\u00f3grafos con m\u00e1s de 20 a\u00f1os de experiencia en el mundo del motorsport. Hemos vivido el primer mundial de un espa\u00f1ol en la categor\u00eda reina de motociclismo con \u00c1lex Crivill\u00e9, estuvimos en las victorias de Pedrosa y los t\u00edtulos de M\u00e1rquez, acompa\u00f1amos en \u00c1frica a Nani Roma y Marc Coma en sus conquistas del Dakar y hemos vibrado con los t\u00edtulos de Toni Bou en Trial. Adem\u00e1s, en nuestro equipo contamos con expertos en el mundo de las dos y cuatro ruedas tanto de la calle y las carreteras, como de los circuitos. Periodistas que han trabajado en revistas y publicaciones para hacerte llegar desde rutas y consejos de mantenimiento, a curiosidades y trucos de pilotaje.\",\"sameAs\":[\"https:\\\/\\\/www.facebook.com\\\/BoxRepsol\\\/\",\"https:\\\/\\\/www.instagram.com\\\/box_repsol\\\/\",\"https:\\\/\\\/x.com\\\/https:\\\/\\\/twitter.com\\\/box_repsol\",\"https:\\\/\\\/www.youtube.com\\\/@Boxrepsol\"],\"url\":\"https:\\\/\\\/www.boxrepsol.com\\\/es\\\/author\\\/redaccion-box-repsol\\\/\"}]}<\/script>\n<!-- \/ Yoast SEO plugin. -->","yoast_head_json":{"title":"Vuelve la acci\u00f3n para Marc M\u00e1rquez y Dani Pedrosa - Box Repsol","description":"Tras la cancelaci\u00f3n de la \u00faltima carrera, los pilotos del equipo Repsol Honda celebran este fin de semana el Gran Premio de San Marino.","canonical":"https:\/\/www.boxrepsol.com\/es\/motogp\/vuelve-la-accion-marc-marquez-dani-pedrosa\/","og_locale":"es_ES","og_type":"article","og_title":"Vuelve la acci\u00f3n para Marc M\u00e1rquez y Dani Pedrosa - Box Repsol","og_description":"Tras la cancelaci\u00f3n de la \u00faltima carrera, los pilotos del equipo Repsol Honda celebran este fin de semana el Gran Premio de San Marino.","og_url":"https:\/\/www.boxrepsol.com\/es\/motogp\/vuelve-la-accion-marc-marquez-dani-pedrosa\/","og_site_name":"Box Repsol","article_publisher":"https:\/\/www.facebook.com\/BoxRepsol","article_author":"https:\/\/www.facebook.com\/BoxRepsol\/","article_published_time":"2018-09-04T02:00:00+00:00","article_modified_time":"2024-05-22T11:35:44+00:00","og_image":[{"width":995,"height":560,"url":"https:\/\/bxrepsol.s3.eu-west-1.amazonaws.com\/static\/2022\/08\/29082535\/00_motogp_marc_marquez_repsol_honda_rc213v.jpg","type":"image\/jpeg"}],"author":"Redacci\u00f3n Box Repsol","twitter_card":"summary_large_image","twitter_creator":"@https:\/\/twitter.com\/box_repsol","twitter_site":"@box_repsol","twitter_misc":{"Written by":"Redacci\u00f3n Box Repsol","Est. reading time":"2 minutos"},"schema":{"@context":"https:\/\/schema.org","@graph":[{"@type":"Article","@id":"https:\/\/www.boxrepsol.com\/es\/motogp\/vuelve-la-accion-marc-marquez-dani-pedrosa\/#article","isPartOf":{"@id":"https:\/\/www.boxrepsol.com\/es\/motogp\/vuelve-la-accion-marc-marquez-dani-pedrosa\/"},"author":{"name":"Redacci\u00f3n Box Repsol","@id":"https:\/\/www.boxrepsol.com\/es\/#\/schema\/person\/c5c2138f2cca251b0ad92b7086bb60b7"},"headline":"Vuelve la acci\u00f3n para Marc M\u00e1rquez y Dani Pedrosa","datePublished":"2018-09-04T02:00:00+00:00","dateModified":"2024-05-22T11:35:44+00:00","mainEntityOfPage":{"@id":"https:\/\/www.boxrepsol.com\/es\/motogp\/vuelve-la-accion-marc-marquez-dani-pedrosa\/"},"wordCount":325,"commentCount":0,"publisher":{"@id":"https:\/\/www.boxrepsol.com\/es\/#organization"},"image":{"@id":"https:\/\/www.boxrepsol.com\/es\/motogp\/vuelve-la-accion-marc-marquez-dani-pedrosa\/#primaryimage"},"thumbnailUrl":"https:\/\/bxrepsol.s3.eu-west-1.amazonaws.com\/static\/2022\/08\/29082535\/00_motogp_marc_marquez_repsol_honda_rc213v.jpg","keywords":["MotoGP Misano"],"articleSection":["MotoGP"],"inLanguage":"es","potentialAction":[{"@type":"CommentAction","name":"Comment","target":["https:\/\/www.boxrepsol.com\/es\/motogp\/vuelve-la-accion-marc-marquez-dani-pedrosa\/#respond"]}]},{"@type":"WebPage","@id":"https:\/\/www.boxrepsol.com\/es\/motogp\/vuelve-la-accion-marc-marquez-dani-pedrosa\/","url":"https:\/\/www.boxrepsol.com\/es\/motogp\/vuelve-la-accion-marc-marquez-dani-pedrosa\/","name":"Vuelve la acci\u00f3n para Marc M\u00e1rquez y Dani Pedrosa - Box Repsol","isPartOf":{"@id":"https:\/\/www.boxrepsol.com\/es\/#website"},"primaryImageOfPage":{"@id":"https:\/\/www.boxrepsol.com\/es\/motogp\/vuelve-la-accion-marc-marquez-dani-pedrosa\/#primaryimage"},"image":{"@id":"https:\/\/www.boxrepsol.com\/es\/motogp\/vuelve-la-accion-marc-marquez-dani-pedrosa\/#primaryimage"},"thumbnailUrl":"https:\/\/bxrepsol.s3.eu-west-1.amazonaws.com\/static\/2022\/08\/29082535\/00_motogp_marc_marquez_repsol_honda_rc213v.jpg","datePublished":"2018-09-04T02:00:00+00:00","dateModified":"2024-05-22T11:35:44+00:00","description":"Tras la cancelaci\u00f3n de la \u00faltima carrera, los pilotos del equipo Repsol Honda celebran este fin de semana el Gran Premio de San Marino.","breadcrumb":{"@id":"https:\/\/www.boxrepsol.com\/es\/motogp\/vuelve-la-accion-marc-marquez-dani-pedrosa\/#breadcrumb"},"inLanguage":"es","potentialAction":[{"@type":"ReadAction","target":["https:\/\/www.boxrepsol.com\/es\/motogp\/vuelve-la-accion-marc-marquez-dani-pedrosa\/"]}]},{"@type":"ImageObject","inLanguage":"es","@id":"https:\/\/www.boxrepsol.com\/es\/motogp\/vuelve-la-accion-marc-marquez-dani-pedrosa\/#primaryimage","url":"https:\/\/bxrepsol.s3.eu-west-1.amazonaws.com\/static\/2022\/08\/29082535\/00_motogp_marc_marquez_repsol_honda_rc213v.jpg","contentUrl":"https:\/\/bxrepsol.s3.eu-west-1.amazonaws.com\/static\/2022\/08\/29082535\/00_motogp_marc_marquez_repsol_honda_rc213v.jpg","width":995,"height":560,"caption":"Marc tumbando en Silverstone"},{"@type":"BreadcrumbList","@id":"https:\/\/www.boxrepsol.com\/es\/motogp\/vuelve-la-accion-marc-marquez-dani-pedrosa\/#breadcrumb","itemListElement":[{"@type":"ListItem","position":1,"name":"Home","item":"https:\/\/www.boxrepsol.com\/es\/"},{"@type":"ListItem","position":2,"name":"Vuelve la acci\u00f3n para Marc M\u00e1rquez y Dani Pedrosa"}]},{"@type":"WebSite","@id":"https:\/\/www.boxrepsol.com\/es\/#website","url":"https:\/\/www.boxrepsol.com\/es\/","name":"Box Repsol","description":"Box Repsol Site","publisher":{"@id":"https:\/\/www.boxrepsol.com\/es\/#organization"},"potentialAction":[{"@type":"SearchAction","target":{"@type":"EntryPoint","urlTemplate":"https:\/\/www.boxrepsol.com\/es\/?s={search_term_string}"},"query-input":{"@type":"PropertyValueSpecification","valueRequired":true,"valueName":"search_term_string"}}],"inLanguage":"es"},{"@type":"Organization","@id":"https:\/\/www.boxrepsol.com\/es\/#organization","name":"Box Repsol","url":"https:\/\/www.boxrepsol.com\/es\/","logo":{"@type":"ImageObject","inLanguage":"es","@id":"https:\/\/www.boxrepsol.com\/es\/#\/schema\/logo\/image\/","url":"https:\/\/bxrepsol.s3.eu-west-1.amazonaws.com\/static\/2025\/07\/30083337\/favicon-96x96-1.png","contentUrl":"https:\/\/bxrepsol.s3.eu-west-1.amazonaws.com\/static\/2025\/07\/30083337\/favicon-96x96-1.png","width":96,"height":96,"caption":"Box Repsol"},"image":{"@id":"https:\/\/www.boxrepsol.com\/es\/#\/schema\/logo\/image\/"},"sameAs":["https:\/\/www.facebook.com\/BoxRepsol","https:\/\/x.com\/box_repsol","http:\/\/instagram.com\/box_repsol","https:\/\/www.youtube.com\/user\/RepsolCompeticion","https:\/\/www.flickr.com\/photos\/box_repsol\/"]},{"@type":"Person","@id":"https:\/\/www.boxrepsol.com\/es\/#\/schema\/person\/c5c2138f2cca251b0ad92b7086bb60b7","name":"Redacci\u00f3n Box Repsol","image":{"@type":"ImageObject","inLanguage":"es","@id":"https:\/\/secure.gravatar.com\/avatar\/adf7b77e38b4419baf32c7e9c21dde01f4e40df611f0978e3006fc4ba0aaab7e?s=96&d=mm&r=g","url":"https:\/\/secure.gravatar.com\/avatar\/adf7b77e38b4419baf32c7e9c21dde01f4e40df611f0978e3006fc4ba0aaab7e?s=96&d=mm&r=g","contentUrl":"https:\/\/secure.gravatar.com\/avatar\/adf7b77e38b4419baf32c7e9c21dde01f4e40df611f0978e3006fc4ba0aaab7e?s=96&d=mm&r=g","caption":"Redacci\u00f3n Box Repsol"},"description":"Box Repsol lo forma un equipo de periodistas, community managers, dise\u00f1adores y fot\u00f3grafos con m\u00e1s de 20 a\u00f1os de experiencia en el mundo del motorsport. Hemos vivido el primer mundial de un espa\u00f1ol en la categor\u00eda reina de motociclismo con \u00c1lex Crivill\u00e9, estuvimos en las victorias de Pedrosa y los t\u00edtulos de M\u00e1rquez, acompa\u00f1amos en \u00c1frica a Nani Roma y Marc Coma en sus conquistas del Dakar y hemos vibrado con los t\u00edtulos de Toni Bou en Trial. Adem\u00e1s, en nuestro equipo contamos con expertos en el mundo de las dos y cuatro ruedas tanto de la calle y las carreteras, como de los circuitos. Periodistas que han trabajado en revistas y publicaciones para hacerte llegar desde rutas y consejos de mantenimiento, a curiosidades y trucos de pilotaje.","sameAs":["https:\/\/www.facebook.com\/BoxRepsol\/","https:\/\/www.instagram.com\/box_repsol\/","https:\/\/x.com\/https:\/\/twitter.com\/box_repsol","https:\/\/www.youtube.com\/@Boxrepsol"],"url":"https:\/\/www.boxrepsol.com\/es\/author\/redaccion-box-repsol\/"}]}},"_links":{"self":[{"href":"https:\/\/www.boxrepsol.com\/es\/wp-json\/wp\/v2\/posts\/93349","targetHints":{"allow":["GET"]}}],"collection":[{"href":"https:\/\/www.boxrepsol.com\/es\/wp-json\/wp\/v2\/posts"}],"about":[{"href":"https:\/\/www.boxrepsol.com\/es\/wp-json\/wp\/v2\/types\/post"}],"author":[{"embeddable":true,"href":"https:\/\/www.boxrepsol.com\/es\/wp-json\/wp\/v2\/users\/43146"}],"replies":[{"embeddable":true,"href":"https:\/\/www.boxrepsol.com\/es\/wp-json\/wp\/v2\/comments?post=93349"}],"version-history":[{"count":1,"href":"https:\/\/www.boxrepsol.com\/es\/wp-json\/wp\/v2\/posts\/93349\/revisions"}],"predecessor-version":[{"id":93350,"href":"https:\/\/www.boxrepsol.com\/es\/wp-json\/wp\/v2\/posts\/93349\/revisions\/93350"}],"wp:featuredmedia":[{"embeddable":true,"href":"https:\/\/www.boxrepsol.com\/es\/wp-json\/wp\/v2\/media\/59175"}],"wp:attachment":[{"href":"https:\/\/www.boxrepsol.com\/es\/wp-json\/wp\/v2\/media?parent=93349"}],"wp:term":[{"taxonomy":"category","embeddable":true,"href":"https:\/\/www.boxrepsol.com\/es\/wp-json\/wp\/v2\/categories?post=93349"},{"taxonomy":"post_tag","embeddable":true,"href":"https:\/\/www.boxrepsol.com\/es\/wp-json\/wp\/v2\/tags?post=93349"}],"curies":[{"name":"wp","href":"https:\/\/api.w.org\/{rel}","templated":true}]}}