{"id":93342,"date":"2021-02-05T00:00:00","date_gmt":"2021-02-05T02:00:00","guid":{"rendered":"http:\/\/pre.boxrepsol.com\/sin-categorizar\/se-lleva-mundial-los-circuitos-la-logistica-motogp\/"},"modified":"2024-04-18T06:24:23","modified_gmt":"2024-04-18T08:24:23","slug":"se-lleva-mundial-los-circuitos-la-logistica-motogp","status":"publish","type":"post","link":"https:\/\/www.boxrepsol.com\/es\/motogp\/se-lleva-mundial-los-circuitos-la-logistica-motogp\/","title":{"rendered":"\u00bfC\u00f3mo se lleva el Mundial a los circuitos? Log\u00edstica en MotoGP"},"content":{"rendered":"\n<blockquote class=\"wp-block-quote is-layout-flow wp-block-quote-is-layout-flow\">\n<p>Dorna puede llevar hasta 140 c\u00e1maras al evento, como parte de un equipo audiovisual de \u00faltima generaci\u00f3n<\/p>\n<\/blockquote>\n\n\n\n<p>Uno de los principales retos de organizar un GP es sin lugar a dudas el transporte de todo el material. En cada uno de los Grandes Premios, se pueden llegar a cargar <strong>entre 350 y 370 toneladas<\/strong>&nbsp; que incluyen todas las <a href=\"https:\/\/www.boxrepsol.com\/es\/motogp\/como-se-monta-una-motogp\/\">motos<\/a> de las 3 categor\u00edas, el material de todos los equipos y el material propio de Dorna imprescindible para la competici\u00f3n. <strong>Esta inmensa carga se embala en aproximadamente<\/strong> <strong>1000 cajones<\/strong>, formando un volumen muy importante.<\/p>\n\n\n\n<p>Para transportarlo todo, Dorna cuenta con una flota de <strong>16 camiones, a los que se suman los 64 transportes de los equipos, 95 veh\u00edculos de hospitalities y apoyo, y 13 motorhomes<\/strong>. Con todo este dispositivo, el personal a cargo tarda aproximadamente 5 d\u00edas en montar el <a href=\"https:\/\/www.boxrepsol.com\/es\/motogp\/como-se-organiza-un-paddock-de-motogp\/\">paddock<\/a>, desde el domingo anterior a la carrera al jueves.<\/p>\n\n\n\n<p>Cada circuito tiene su propio espacio para el paddock lo que significa que hay muchas peculiaridades, pero gracias a los a\u00f1os de experiencia organizando eventos, no hay imprevistos que no se puedan resolver r\u00e1pidamente. <a href=\"https:\/\/www.boxrepsol.com\/es\/motogp\/6-consejos-superar-jet-lag\/\">En los GP americanos y asi\u00e1ticos la cosa cambia completamente<\/a> ya que no se puede recorrer todo el camino en camiones por lo que el transporte se realiza mediante 4 aviones Jumbo 747.<\/p>\n\n\n\n<figure class=\"wp-block-image\"><img decoding=\"async\" src=\"https:\/\/bxrepsol.s3.eu-west-1.amazonaws.com\/static\/2022\/08\/05061235\/camion-1.jpeg\" alt=\"\"\/><\/figure>\n\n\n\n<p><strong>Todo el material nuevo es suministrado por socios<\/strong>, que disfrutan de una mayor visibilidad gracias a la plataforma que ofrece el Mundial de MotoGP. Estos socios suponen una parte importante de la organizaci\u00f3n y gesti\u00f3n de un GP, ya que<strong> sin su ayuda no ser\u00eda posible ofrecer el nivel tan alto de competici\u00f3n que hay actualmente<\/strong>. Para acomodar las peticiones, Dorna tiene un departamento que estudia y busca como dar cabida a las necesidades de todos los agentes involucrados.<\/p>\n\n\n\n<p>A grandes rasgos <strong>el transporte de material no ha cambiado con respecto a las \u00faltimas dos d\u00e9cadas<\/strong>. La log\u00edstica, montaje y desmontaje del paddock por otro lado mejora a\u00f1o a a\u00f1o gracias a la experiencia, los avances tecnol\u00f3gicos y el trabajo en adaptaci\u00f3n e innovaci\u00f3n que realizan los proveedores.<\/p>\n\n\n\n<p>Estos avances, m\u00e1s que grandes cambios en la log\u00edstica han supuesto grandes cambios en el volumen del paddock; con estructuras cada vez m\u00e1s grandes, modernas y sofisticadas. Para cubrir todas las necesidades que van a surgir tambi\u00e9n <strong>es imprescindible movilizar a un equipo de m\u00e1s de 580 persona<\/strong>s entre personal fijo de Dorna y temporal contratado para el Campeonato. Solo se traslada parte del personal al circuito, mientras que el resto trabaja desde las oficinas centrales, aunque todos los miembros de este equipo conocen la experiencia de trabajar en un fin de semana de GP.<\/p>\n\n\n\n<figure class=\"wp-block-image\"><img decoding=\"async\" src=\"https:\/\/bxrepsol.s3.eu-west-1.amazonaws.com\/static\/2022\/08\/05061236\/logistica.jpeg\" alt=\"\"\/><\/figure>\n\n\n\n<p>Adem\u00e1s del paddock, boxes y motos, <strong>Dorna puede llevar hasta 140 c\u00e1maras al evento<\/strong>, como parte de un equipo audiovisual de \u00faltima generaci\u00f3n. Tan solo en el aspecto de captaci\u00f3n, montaje y edici\u00f3n de video, se cuenta con un equipo de hasta 200 personas enfocadas en el \u00e1rea de medios.<\/p>\n\n\n\n<p>Sea yendo al circuito para verlo en directo, o a trav\u00e9s de las c\u00e1maras, debemos saber que organizar un GP y gestionar todo el material necesario para hacerlo posible es una labor fruto del trabajo de un gran equipo de profesionales.<\/p>\n","protected":false},"excerpt":{"rendered":"<p>Para que la competici\u00f3n se pueda hacer realidad, hace falta mover una inmensa cantidad de material de circuito en circuito alrededor del mundo. En Box Repsol os contamos como gestiona Dorna la log\u00edstica de los GP.<\/p>\n","protected":false},"author":43146,"featured_media":59148,"comment_status":"open","ping_status":"open","sticky":false,"template":"","format":"standard","meta":{"footnotes":""},"categories":[4],"tags":[136],"class_list":["post-93342","post","type-post","status-publish","format-standard","hentry","category-motogp","tag-campeonato-del-mundo-de-motociclismo"],"yoast_head":"<!-- This site is optimized with the Yoast SEO plugin v27.3 - https:\/\/yoast.com\/product\/yoast-seo-wordpress\/ -->\n<title>\u00bfC\u00f3mo se lleva el Mundial a los circuitos? Log\u00edstica en MotoGP - Box Repsol<\/title>\n<meta name=\"description\" content=\"Para que la competici\u00f3n se pueda hacer realidad, hace falta mover una inmensa cantidad de material. Entonces \u00bfC\u00f3mo funciona la log\u00edstica de MotoGP?\" \/>\n<link rel=\"canonical\" href=\"https:\/\/www.boxrepsol.com\/es\/motogp\/se-lleva-mundial-los-circuitos-la-logistica-motogp\/\" \/>\n<meta property=\"og:locale\" content=\"es_ES\" \/>\n<meta property=\"og:type\" content=\"article\" \/>\n<meta property=\"og:title\" content=\"\u00bfC\u00f3mo se lleva el Mundial a los circuitos? Log\u00edstica en MotoGP - Box Repsol\" \/>\n<meta property=\"og:description\" content=\"Para que la competici\u00f3n se pueda hacer realidad, hace falta mover una inmensa cantidad de material. Entonces \u00bfC\u00f3mo funciona la log\u00edstica de MotoGP?\" \/>\n<meta property=\"og:url\" content=\"https:\/\/www.boxrepsol.com\/es\/motogp\/se-lleva-mundial-los-circuitos-la-logistica-motogp\/\" \/>\n<meta property=\"og:site_name\" content=\"Box Repsol\" \/>\n<meta property=\"article:publisher\" content=\"https:\/\/www.facebook.com\/BoxRepsol\" \/>\n<meta property=\"article:author\" content=\"https:\/\/www.facebook.com\/BoxRepsol\/\" \/>\n<meta property=\"article:published_time\" content=\"2021-02-05T02:00:00+00:00\" \/>\n<meta property=\"article:modified_time\" content=\"2024-04-18T08:24:23+00:00\" \/>\n<meta property=\"og:image\" content=\"https:\/\/bxrepsol.s3.eu-west-1.amazonaws.com\/static\/2022\/08\/29082517\/00_motogp_carrera_marquez_repsol_honda-2.jpg\" \/>\n\t<meta property=\"og:image:width\" content=\"1280\" \/>\n\t<meta property=\"og:image:height\" content=\"600\" \/>\n\t<meta property=\"og:image:type\" content=\"image\/jpeg\" \/>\n<meta name=\"author\" content=\"Redacci\u00f3n Box Repsol\" \/>\n<meta name=\"twitter:card\" content=\"summary_large_image\" \/>\n<meta name=\"twitter:creator\" content=\"@https:\/\/twitter.com\/box_repsol\" \/>\n<meta name=\"twitter:site\" content=\"@box_repsol\" \/>\n<meta name=\"twitter:label1\" content=\"Written by\" \/>\n\t<meta name=\"twitter:data1\" content=\"Redacci\u00f3n Box Repsol\" \/>\n\t<meta name=\"twitter:label2\" content=\"Est. reading time\" \/>\n\t<meta name=\"twitter:data2\" content=\"3 minutos\" \/>\n<script type=\"application\/ld+json\" class=\"yoast-schema-graph\">{\"@context\":\"https:\\\/\\\/schema.org\",\"@graph\":[{\"@type\":\"Article\",\"@id\":\"https:\\\/\\\/www.boxrepsol.com\\\/es\\\/motogp\\\/se-lleva-mundial-los-circuitos-la-logistica-motogp\\\/#article\",\"isPartOf\":{\"@id\":\"https:\\\/\\\/www.boxrepsol.com\\\/es\\\/motogp\\\/se-lleva-mundial-los-circuitos-la-logistica-motogp\\\/\"},\"author\":{\"name\":\"Redacci\u00f3n Box Repsol\",\"@id\":\"https:\\\/\\\/www.boxrepsol.com\\\/es\\\/#\\\/schema\\\/person\\\/c5c2138f2cca251b0ad92b7086bb60b7\"},\"headline\":\"\u00bfC\u00f3mo se lleva el Mundial a los circuitos? Log\u00edstica en MotoGP\",\"datePublished\":\"2021-02-05T02:00:00+00:00\",\"dateModified\":\"2024-04-18T08:24:23+00:00\",\"mainEntityOfPage\":{\"@id\":\"https:\\\/\\\/www.boxrepsol.com\\\/es\\\/motogp\\\/se-lleva-mundial-los-circuitos-la-logistica-motogp\\\/\"},\"wordCount\":561,\"commentCount\":2,\"publisher\":{\"@id\":\"https:\\\/\\\/www.boxrepsol.com\\\/es\\\/#organization\"},\"image\":{\"@id\":\"https:\\\/\\\/www.boxrepsol.com\\\/es\\\/motogp\\\/se-lleva-mundial-los-circuitos-la-logistica-motogp\\\/#primaryimage\"},\"thumbnailUrl\":\"https:\\\/\\\/bxrepsol.s3.eu-west-1.amazonaws.com\\\/static\\\/2022\\\/08\\\/29082517\\\/00_motogp_carrera_marquez_repsol_honda-2.jpg\",\"keywords\":[\"Campeonato del Mundo de Motociclismo\"],\"articleSection\":[\"MotoGP\"],\"inLanguage\":\"es\",\"potentialAction\":[{\"@type\":\"CommentAction\",\"name\":\"Comment\",\"target\":[\"https:\\\/\\\/www.boxrepsol.com\\\/es\\\/motogp\\\/se-lleva-mundial-los-circuitos-la-logistica-motogp\\\/#respond\"]}]},{\"@type\":\"WebPage\",\"@id\":\"https:\\\/\\\/www.boxrepsol.com\\\/es\\\/motogp\\\/se-lleva-mundial-los-circuitos-la-logistica-motogp\\\/\",\"url\":\"https:\\\/\\\/www.boxrepsol.com\\\/es\\\/motogp\\\/se-lleva-mundial-los-circuitos-la-logistica-motogp\\\/\",\"name\":\"\u00bfC\u00f3mo se lleva el Mundial a los circuitos? Log\u00edstica en MotoGP - Box Repsol\",\"isPartOf\":{\"@id\":\"https:\\\/\\\/www.boxrepsol.com\\\/es\\\/#website\"},\"primaryImageOfPage\":{\"@id\":\"https:\\\/\\\/www.boxrepsol.com\\\/es\\\/motogp\\\/se-lleva-mundial-los-circuitos-la-logistica-motogp\\\/#primaryimage\"},\"image\":{\"@id\":\"https:\\\/\\\/www.boxrepsol.com\\\/es\\\/motogp\\\/se-lleva-mundial-los-circuitos-la-logistica-motogp\\\/#primaryimage\"},\"thumbnailUrl\":\"https:\\\/\\\/bxrepsol.s3.eu-west-1.amazonaws.com\\\/static\\\/2022\\\/08\\\/29082517\\\/00_motogp_carrera_marquez_repsol_honda-2.jpg\",\"datePublished\":\"2021-02-05T02:00:00+00:00\",\"dateModified\":\"2024-04-18T08:24:23+00:00\",\"description\":\"Para que la competici\u00f3n se pueda hacer realidad, hace falta mover una inmensa cantidad de material. Entonces \u00bfC\u00f3mo funciona la log\u00edstica de MotoGP?\",\"breadcrumb\":{\"@id\":\"https:\\\/\\\/www.boxrepsol.com\\\/es\\\/motogp\\\/se-lleva-mundial-los-circuitos-la-logistica-motogp\\\/#breadcrumb\"},\"inLanguage\":\"es\",\"potentialAction\":[{\"@type\":\"ReadAction\",\"target\":[\"https:\\\/\\\/www.boxrepsol.com\\\/es\\\/motogp\\\/se-lleva-mundial-los-circuitos-la-logistica-motogp\\\/\"]}]},{\"@type\":\"ImageObject\",\"inLanguage\":\"es\",\"@id\":\"https:\\\/\\\/www.boxrepsol.com\\\/es\\\/motogp\\\/se-lleva-mundial-los-circuitos-la-logistica-motogp\\\/#primaryimage\",\"url\":\"https:\\\/\\\/bxrepsol.s3.eu-west-1.amazonaws.com\\\/static\\\/2022\\\/08\\\/29082517\\\/00_motogp_carrera_marquez_repsol_honda-2.jpg\",\"contentUrl\":\"https:\\\/\\\/bxrepsol.s3.eu-west-1.amazonaws.com\\\/static\\\/2022\\\/08\\\/29082517\\\/00_motogp_carrera_marquez_repsol_honda-2.jpg\",\"width\":1280,\"height\":600,\"caption\":\"Marc M\u00e1rquez en el paddock corriendo\"},{\"@type\":\"BreadcrumbList\",\"@id\":\"https:\\\/\\\/www.boxrepsol.com\\\/es\\\/motogp\\\/se-lleva-mundial-los-circuitos-la-logistica-motogp\\\/#breadcrumb\",\"itemListElement\":[{\"@type\":\"ListItem\",\"position\":1,\"name\":\"Home\",\"item\":\"https:\\\/\\\/www.boxrepsol.com\\\/es\\\/\"},{\"@type\":\"ListItem\",\"position\":2,\"name\":\"\u00bfC\u00f3mo se lleva el Mundial a los circuitos? Log\u00edstica en MotoGP\"}]},{\"@type\":\"WebSite\",\"@id\":\"https:\\\/\\\/www.boxrepsol.com\\\/es\\\/#website\",\"url\":\"https:\\\/\\\/www.boxrepsol.com\\\/es\\\/\",\"name\":\"Box Repsol\",\"description\":\"Box Repsol Site\",\"publisher\":{\"@id\":\"https:\\\/\\\/www.boxrepsol.com\\\/es\\\/#organization\"},\"potentialAction\":[{\"@type\":\"SearchAction\",\"target\":{\"@type\":\"EntryPoint\",\"urlTemplate\":\"https:\\\/\\\/www.boxrepsol.com\\\/es\\\/?s={search_term_string}\"},\"query-input\":{\"@type\":\"PropertyValueSpecification\",\"valueRequired\":true,\"valueName\":\"search_term_string\"}}],\"inLanguage\":\"es\"},{\"@type\":\"Organization\",\"@id\":\"https:\\\/\\\/www.boxrepsol.com\\\/es\\\/#organization\",\"name\":\"Box Repsol\",\"url\":\"https:\\\/\\\/www.boxrepsol.com\\\/es\\\/\",\"logo\":{\"@type\":\"ImageObject\",\"inLanguage\":\"es\",\"@id\":\"https:\\\/\\\/www.boxrepsol.com\\\/es\\\/#\\\/schema\\\/logo\\\/image\\\/\",\"url\":\"https:\\\/\\\/bxrepsol.s3.eu-west-1.amazonaws.com\\\/static\\\/2025\\\/07\\\/30083337\\\/favicon-96x96-1.png\",\"contentUrl\":\"https:\\\/\\\/bxrepsol.s3.eu-west-1.amazonaws.com\\\/static\\\/2025\\\/07\\\/30083337\\\/favicon-96x96-1.png\",\"width\":96,\"height\":96,\"caption\":\"Box Repsol\"},\"image\":{\"@id\":\"https:\\\/\\\/www.boxrepsol.com\\\/es\\\/#\\\/schema\\\/logo\\\/image\\\/\"},\"sameAs\":[\"https:\\\/\\\/www.facebook.com\\\/BoxRepsol\",\"https:\\\/\\\/x.com\\\/box_repsol\",\"http:\\\/\\\/instagram.com\\\/box_repsol\",\"https:\\\/\\\/www.youtube.com\\\/user\\\/RepsolCompeticion\",\"https:\\\/\\\/www.flickr.com\\\/photos\\\/box_repsol\\\/\"]},{\"@type\":\"Person\",\"@id\":\"https:\\\/\\\/www.boxrepsol.com\\\/es\\\/#\\\/schema\\\/person\\\/c5c2138f2cca251b0ad92b7086bb60b7\",\"name\":\"Redacci\u00f3n Box Repsol\",\"image\":{\"@type\":\"ImageObject\",\"inLanguage\":\"es\",\"@id\":\"https:\\\/\\\/secure.gravatar.com\\\/avatar\\\/adf7b77e38b4419baf32c7e9c21dde01f4e40df611f0978e3006fc4ba0aaab7e?s=96&d=mm&r=g\",\"url\":\"https:\\\/\\\/secure.gravatar.com\\\/avatar\\\/adf7b77e38b4419baf32c7e9c21dde01f4e40df611f0978e3006fc4ba0aaab7e?s=96&d=mm&r=g\",\"contentUrl\":\"https:\\\/\\\/secure.gravatar.com\\\/avatar\\\/adf7b77e38b4419baf32c7e9c21dde01f4e40df611f0978e3006fc4ba0aaab7e?s=96&d=mm&r=g\",\"caption\":\"Redacci\u00f3n Box Repsol\"},\"description\":\"Box Repsol lo forma un equipo de periodistas, community managers, dise\u00f1adores y fot\u00f3grafos con m\u00e1s de 20 a\u00f1os de experiencia en el mundo del motorsport. Hemos vivido el primer mundial de un espa\u00f1ol en la categor\u00eda reina de motociclismo con \u00c1lex Crivill\u00e9, estuvimos en las victorias de Pedrosa y los t\u00edtulos de M\u00e1rquez, acompa\u00f1amos en \u00c1frica a Nani Roma y Marc Coma en sus conquistas del Dakar y hemos vibrado con los t\u00edtulos de Toni Bou en Trial. Adem\u00e1s, en nuestro equipo contamos con expertos en el mundo de las dos y cuatro ruedas tanto de la calle y las carreteras, como de los circuitos. Periodistas que han trabajado en revistas y publicaciones para hacerte llegar desde rutas y consejos de mantenimiento, a curiosidades y trucos de pilotaje.\",\"sameAs\":[\"https:\\\/\\\/www.facebook.com\\\/BoxRepsol\\\/\",\"https:\\\/\\\/www.instagram.com\\\/box_repsol\\\/\",\"https:\\\/\\\/x.com\\\/https:\\\/\\\/twitter.com\\\/box_repsol\",\"https:\\\/\\\/www.youtube.com\\\/@Boxrepsol\"],\"url\":\"https:\\\/\\\/www.boxrepsol.com\\\/es\\\/author\\\/redaccion-box-repsol\\\/\"}]}<\/script>\n<!-- \/ Yoast SEO plugin. -->","yoast_head_json":{"title":"\u00bfC\u00f3mo se lleva el Mundial a los circuitos? Log\u00edstica en MotoGP - Box Repsol","description":"Para que la competici\u00f3n se pueda hacer realidad, hace falta mover una inmensa cantidad de material. Entonces \u00bfC\u00f3mo funciona la log\u00edstica de MotoGP?","canonical":"https:\/\/www.boxrepsol.com\/es\/motogp\/se-lleva-mundial-los-circuitos-la-logistica-motogp\/","og_locale":"es_ES","og_type":"article","og_title":"\u00bfC\u00f3mo se lleva el Mundial a los circuitos? Log\u00edstica en MotoGP - Box Repsol","og_description":"Para que la competici\u00f3n se pueda hacer realidad, hace falta mover una inmensa cantidad de material. Entonces \u00bfC\u00f3mo funciona la log\u00edstica de MotoGP?","og_url":"https:\/\/www.boxrepsol.com\/es\/motogp\/se-lleva-mundial-los-circuitos-la-logistica-motogp\/","og_site_name":"Box Repsol","article_publisher":"https:\/\/www.facebook.com\/BoxRepsol","article_author":"https:\/\/www.facebook.com\/BoxRepsol\/","article_published_time":"2021-02-05T02:00:00+00:00","article_modified_time":"2024-04-18T08:24:23+00:00","og_image":[{"width":1280,"height":600,"url":"https:\/\/bxrepsol.s3.eu-west-1.amazonaws.com\/static\/2022\/08\/29082517\/00_motogp_carrera_marquez_repsol_honda-2.jpg","type":"image\/jpeg"}],"author":"Redacci\u00f3n Box Repsol","twitter_card":"summary_large_image","twitter_creator":"@https:\/\/twitter.com\/box_repsol","twitter_site":"@box_repsol","twitter_misc":{"Written by":"Redacci\u00f3n Box Repsol","Est. reading time":"3 minutos"},"schema":{"@context":"https:\/\/schema.org","@graph":[{"@type":"Article","@id":"https:\/\/www.boxrepsol.com\/es\/motogp\/se-lleva-mundial-los-circuitos-la-logistica-motogp\/#article","isPartOf":{"@id":"https:\/\/www.boxrepsol.com\/es\/motogp\/se-lleva-mundial-los-circuitos-la-logistica-motogp\/"},"author":{"name":"Redacci\u00f3n Box Repsol","@id":"https:\/\/www.boxrepsol.com\/es\/#\/schema\/person\/c5c2138f2cca251b0ad92b7086bb60b7"},"headline":"\u00bfC\u00f3mo se lleva el Mundial a los circuitos? Log\u00edstica en MotoGP","datePublished":"2021-02-05T02:00:00+00:00","dateModified":"2024-04-18T08:24:23+00:00","mainEntityOfPage":{"@id":"https:\/\/www.boxrepsol.com\/es\/motogp\/se-lleva-mundial-los-circuitos-la-logistica-motogp\/"},"wordCount":561,"commentCount":2,"publisher":{"@id":"https:\/\/www.boxrepsol.com\/es\/#organization"},"image":{"@id":"https:\/\/www.boxrepsol.com\/es\/motogp\/se-lleva-mundial-los-circuitos-la-logistica-motogp\/#primaryimage"},"thumbnailUrl":"https:\/\/bxrepsol.s3.eu-west-1.amazonaws.com\/static\/2022\/08\/29082517\/00_motogp_carrera_marquez_repsol_honda-2.jpg","keywords":["Campeonato del Mundo de Motociclismo"],"articleSection":["MotoGP"],"inLanguage":"es","potentialAction":[{"@type":"CommentAction","name":"Comment","target":["https:\/\/www.boxrepsol.com\/es\/motogp\/se-lleva-mundial-los-circuitos-la-logistica-motogp\/#respond"]}]},{"@type":"WebPage","@id":"https:\/\/www.boxrepsol.com\/es\/motogp\/se-lleva-mundial-los-circuitos-la-logistica-motogp\/","url":"https:\/\/www.boxrepsol.com\/es\/motogp\/se-lleva-mundial-los-circuitos-la-logistica-motogp\/","name":"\u00bfC\u00f3mo se lleva el Mundial a los circuitos? Log\u00edstica en MotoGP - Box Repsol","isPartOf":{"@id":"https:\/\/www.boxrepsol.com\/es\/#website"},"primaryImageOfPage":{"@id":"https:\/\/www.boxrepsol.com\/es\/motogp\/se-lleva-mundial-los-circuitos-la-logistica-motogp\/#primaryimage"},"image":{"@id":"https:\/\/www.boxrepsol.com\/es\/motogp\/se-lleva-mundial-los-circuitos-la-logistica-motogp\/#primaryimage"},"thumbnailUrl":"https:\/\/bxrepsol.s3.eu-west-1.amazonaws.com\/static\/2022\/08\/29082517\/00_motogp_carrera_marquez_repsol_honda-2.jpg","datePublished":"2021-02-05T02:00:00+00:00","dateModified":"2024-04-18T08:24:23+00:00","description":"Para que la competici\u00f3n se pueda hacer realidad, hace falta mover una inmensa cantidad de material. Entonces \u00bfC\u00f3mo funciona la log\u00edstica de MotoGP?","breadcrumb":{"@id":"https:\/\/www.boxrepsol.com\/es\/motogp\/se-lleva-mundial-los-circuitos-la-logistica-motogp\/#breadcrumb"},"inLanguage":"es","potentialAction":[{"@type":"ReadAction","target":["https:\/\/www.boxrepsol.com\/es\/motogp\/se-lleva-mundial-los-circuitos-la-logistica-motogp\/"]}]},{"@type":"ImageObject","inLanguage":"es","@id":"https:\/\/www.boxrepsol.com\/es\/motogp\/se-lleva-mundial-los-circuitos-la-logistica-motogp\/#primaryimage","url":"https:\/\/bxrepsol.s3.eu-west-1.amazonaws.com\/static\/2022\/08\/29082517\/00_motogp_carrera_marquez_repsol_honda-2.jpg","contentUrl":"https:\/\/bxrepsol.s3.eu-west-1.amazonaws.com\/static\/2022\/08\/29082517\/00_motogp_carrera_marquez_repsol_honda-2.jpg","width":1280,"height":600,"caption":"Marc M\u00e1rquez en el paddock corriendo"},{"@type":"BreadcrumbList","@id":"https:\/\/www.boxrepsol.com\/es\/motogp\/se-lleva-mundial-los-circuitos-la-logistica-motogp\/#breadcrumb","itemListElement":[{"@type":"ListItem","position":1,"name":"Home","item":"https:\/\/www.boxrepsol.com\/es\/"},{"@type":"ListItem","position":2,"name":"\u00bfC\u00f3mo se lleva el Mundial a los circuitos? Log\u00edstica en MotoGP"}]},{"@type":"WebSite","@id":"https:\/\/www.boxrepsol.com\/es\/#website","url":"https:\/\/www.boxrepsol.com\/es\/","name":"Box Repsol","description":"Box Repsol Site","publisher":{"@id":"https:\/\/www.boxrepsol.com\/es\/#organization"},"potentialAction":[{"@type":"SearchAction","target":{"@type":"EntryPoint","urlTemplate":"https:\/\/www.boxrepsol.com\/es\/?s={search_term_string}"},"query-input":{"@type":"PropertyValueSpecification","valueRequired":true,"valueName":"search_term_string"}}],"inLanguage":"es"},{"@type":"Organization","@id":"https:\/\/www.boxrepsol.com\/es\/#organization","name":"Box Repsol","url":"https:\/\/www.boxrepsol.com\/es\/","logo":{"@type":"ImageObject","inLanguage":"es","@id":"https:\/\/www.boxrepsol.com\/es\/#\/schema\/logo\/image\/","url":"https:\/\/bxrepsol.s3.eu-west-1.amazonaws.com\/static\/2025\/07\/30083337\/favicon-96x96-1.png","contentUrl":"https:\/\/bxrepsol.s3.eu-west-1.amazonaws.com\/static\/2025\/07\/30083337\/favicon-96x96-1.png","width":96,"height":96,"caption":"Box Repsol"},"image":{"@id":"https:\/\/www.boxrepsol.com\/es\/#\/schema\/logo\/image\/"},"sameAs":["https:\/\/www.facebook.com\/BoxRepsol","https:\/\/x.com\/box_repsol","http:\/\/instagram.com\/box_repsol","https:\/\/www.youtube.com\/user\/RepsolCompeticion","https:\/\/www.flickr.com\/photos\/box_repsol\/"]},{"@type":"Person","@id":"https:\/\/www.boxrepsol.com\/es\/#\/schema\/person\/c5c2138f2cca251b0ad92b7086bb60b7","name":"Redacci\u00f3n Box Repsol","image":{"@type":"ImageObject","inLanguage":"es","@id":"https:\/\/secure.gravatar.com\/avatar\/adf7b77e38b4419baf32c7e9c21dde01f4e40df611f0978e3006fc4ba0aaab7e?s=96&d=mm&r=g","url":"https:\/\/secure.gravatar.com\/avatar\/adf7b77e38b4419baf32c7e9c21dde01f4e40df611f0978e3006fc4ba0aaab7e?s=96&d=mm&r=g","contentUrl":"https:\/\/secure.gravatar.com\/avatar\/adf7b77e38b4419baf32c7e9c21dde01f4e40df611f0978e3006fc4ba0aaab7e?s=96&d=mm&r=g","caption":"Redacci\u00f3n Box Repsol"},"description":"Box Repsol lo forma un equipo de periodistas, community managers, dise\u00f1adores y fot\u00f3grafos con m\u00e1s de 20 a\u00f1os de experiencia en el mundo del motorsport. Hemos vivido el primer mundial de un espa\u00f1ol en la categor\u00eda reina de motociclismo con \u00c1lex Crivill\u00e9, estuvimos en las victorias de Pedrosa y los t\u00edtulos de M\u00e1rquez, acompa\u00f1amos en \u00c1frica a Nani Roma y Marc Coma en sus conquistas del Dakar y hemos vibrado con los t\u00edtulos de Toni Bou en Trial. Adem\u00e1s, en nuestro equipo contamos con expertos en el mundo de las dos y cuatro ruedas tanto de la calle y las carreteras, como de los circuitos. Periodistas que han trabajado en revistas y publicaciones para hacerte llegar desde rutas y consejos de mantenimiento, a curiosidades y trucos de pilotaje.","sameAs":["https:\/\/www.facebook.com\/BoxRepsol\/","https:\/\/www.instagram.com\/box_repsol\/","https:\/\/x.com\/https:\/\/twitter.com\/box_repsol","https:\/\/www.youtube.com\/@Boxrepsol"],"url":"https:\/\/www.boxrepsol.com\/es\/author\/redaccion-box-repsol\/"}]}},"_links":{"self":[{"href":"https:\/\/www.boxrepsol.com\/es\/wp-json\/wp\/v2\/posts\/93342","targetHints":{"allow":["GET"]}}],"collection":[{"href":"https:\/\/www.boxrepsol.com\/es\/wp-json\/wp\/v2\/posts"}],"about":[{"href":"https:\/\/www.boxrepsol.com\/es\/wp-json\/wp\/v2\/types\/post"}],"author":[{"embeddable":true,"href":"https:\/\/www.boxrepsol.com\/es\/wp-json\/wp\/v2\/users\/43146"}],"replies":[{"embeddable":true,"href":"https:\/\/www.boxrepsol.com\/es\/wp-json\/wp\/v2\/comments?post=93342"}],"version-history":[{"count":5,"href":"https:\/\/www.boxrepsol.com\/es\/wp-json\/wp\/v2\/posts\/93342\/revisions"}],"predecessor-version":[{"id":103297,"href":"https:\/\/www.boxrepsol.com\/es\/wp-json\/wp\/v2\/posts\/93342\/revisions\/103297"}],"wp:featuredmedia":[{"embeddable":true,"href":"https:\/\/www.boxrepsol.com\/es\/wp-json\/wp\/v2\/media\/59148"}],"wp:attachment":[{"href":"https:\/\/www.boxrepsol.com\/es\/wp-json\/wp\/v2\/media?parent=93342"}],"wp:term":[{"taxonomy":"category","embeddable":true,"href":"https:\/\/www.boxrepsol.com\/es\/wp-json\/wp\/v2\/categories?post=93342"},{"taxonomy":"post_tag","embeddable":true,"href":"https:\/\/www.boxrepsol.com\/es\/wp-json\/wp\/v2\/tags?post=93342"}],"curies":[{"name":"wp","href":"https:\/\/api.w.org\/{rel}","templated":true}]}}