{"id":93328,"date":"2018-08-22T00:00:00","date_gmt":"2018-08-22T02:00:00","guid":{"rendered":"http:\/\/pre.boxrepsol.com\/sin-categorizar\/aspar-marc-esta-creando-estilo-propio\/"},"modified":"2024-05-22T09:39:06","modified_gmt":"2024-05-22T11:39:06","slug":"aspar-marc-esta-creando-estilo-propio","status":"publish","type":"post","link":"https:\/\/www.boxrepsol.com\/es\/motogp\/aspar-marc-esta-creando-estilo-propio\/","title":{"rendered":"Aspar: \u201cMarc est\u00e1 creando un estilo propio\u201d"},"content":{"rendered":"<blockquote><p>\n\t<a href=\"http:\/\/twitter.com\/share?text=%22La+decisi%C3%B3n+de+Alberto+Puig+de+fichar+a+Lorenzo+ha+sido+muy%2C+muy+valiente%22&#038;url=https%3A%2F%2Fwww.boxrepsol.com%2Fes%2Fmotogp%2Faspar-marc-esta-creando-estilo-propio%2F\" target=\"_blank\" rel=\"noopener\"><\/p>\n<p>\u00abLa decisi\u00f3n de Alberto Puig de fichar a Lorenzo ha sido muy, muy valiente\u00bb<\/p>\n<p>\t<\/a>\n<\/p><\/blockquote>\n<p><em><strong>Jorge Mart\u00ednez \u2018Aspar\u2019<\/strong> es uno de los nombres propios del Mundial de MotoGP: el <strong>cuatro veces Campe\u00f3n del Mundo<\/strong> en los a\u00f1os \u201980, ha dedicado su vida al mundo de las dos ruedas y actualmente dirige uno de los principales equipos privados del paddock, el <strong>\u00c1ngel Nieto Team<\/strong>. \u2018Aspar\u2019 conoce y vive en primera persona un Mundial de MotoGP que este fin de semana compite en el hist\u00f3rico circuito de Silverstone, en el que Marc M\u00e1rquez lidera s\u00f3lidamente la categor\u00eda reina.<\/em><\/p>\n<p><strong>Has pasado m\u00e1s de media vida en el paddock, como piloto y dirigiendo tu propio equipo. \u00bfC\u00f3mo ha cambiado el campeonato a lo largo de todos estos a\u00f1os?<\/strong><\/p>\n<p>Ha cambiado much\u00edsimo y en considerables aspectos. En la mayor\u00eda a mejor, aunque evidentemente alguna cosa se ha perdido, como puede ser el romanticismo de los inicios, donde todo era mucho m\u00e1s intuitivo, no tan t\u00e9cnico. Pero destacar\u00eda la grand\u00edsima evoluci\u00f3n que ha habido en los \u00faltimos 25 a\u00f1os, desde que apareci\u00f3 Dorna, en los que se ha mejorado notablemente la seguridad de los circuitos y los pilotos.<\/p>\n<p><strong>En tu \u00e9poca, erais capaces de ganar dos carreras en dos categor\u00edas distintas en un mismo d\u00eda. \u00bfCrees que esto ser\u00eda posible actualmente?<\/strong><\/p>\n<p>Yo creo que hoy, no. Ser\u00eda pr\u00e1cticamente imposible, porque en aquella \u00e9poca era muy diferente todo y actualmente existe una igualdad brutal, tanto a nivel tecnol\u00f3gico como de pilotos y entrenamientos.<\/p>\n<p><strong>\u00bfC\u00f3mo est\u00e1s viendo el Mundial esta temporada?<\/strong><\/p>\n<p>Estamos viviendo una de las temporadas m\u00e1s bonitas. El reglamento de los \u00faltimos a\u00f1os ha hecho efectiva una igualdad enorme, que ya exist\u00eda en las categor\u00edas peque\u00f1as, en Moto3 y Moto2. En MotoGP, las f\u00e1bricas siempre ten\u00edan ese peque\u00f1o margen de diferencia. En este momento, hay que decir que las f\u00e1bricas siempre van a tener alg\u00fan peque\u00f1o detalle m\u00e1s, pero tenemos 16 pilotos en un segundo y eso es algo que no hab\u00eda ocurrido nunca. En los grandes premios de Holanda, Alemania, Rep\u00fablica Checa, Austria\u2026 estamos viendo unas carreras preciosas, con una barbaridad de adelantamientos y un cuerpo a cuerpo muy bonito. Estamos viviendo la temporada m\u00e1s igualada a nivel de pilotos y de tecnolog\u00eda.<\/p>\n<p><strong>La siguiente cita es en Silverstone. \u00bfQu\u00e9 nos espera en el trazado brit\u00e1nico?<\/strong><\/p>\n<p>Yo creo que m\u00e1s de lo mismo y espero que as\u00ed sea, porque esto es muy bonito para el campeonato, para el espect\u00e1culo y para la afici\u00f3n. Incluso para los pilotos, porque uno de un equipo privado pr\u00e1cticamente puede estar ah\u00ed, como Crutchlow, Petrucci, Zarco o el propio \u00c1lvaro [Bautista], que en Alemania termin\u00f3 quinto, luchando por el podio, y gan\u00f3 de t\u00fa a t\u00fa a Lorenzo, Dovizioso y dem\u00e1s.<\/p>\n<p><strong>Marc M\u00e1rquez ha empezado fuerte la segunda mitad del campeonato, pero tambi\u00e9n Dovizioso y Lorenzo. \u00bfCrees que alg\u00fan piloto se unir\u00e1 a ellos en la segunda mitad?<\/strong><\/p>\n<p>Sin duda se est\u00e1 viendo un crecimiento de Lorenzo con la Ducati, que cada vez est\u00e1 dando m\u00e1s pasos adelante. De Dovizioso ya se esperaba, porque el a\u00f1o pasado fue el piloto a batir, aparte de Marc. La decepci\u00f3n est\u00e1 siendo un poco Yamaha; a ver si encuentran un poco el camino, porque ser\u00eda bueno que tanto M\u00e1verick [Vi\u00f1ales], como Valentino [Rossi] den un paso adelante, aunque en plena temporada no lo veo f\u00e1cil, sinceramente. Tengo que decir que los s\u00e1bados por la tarde, dentro del equipo hacemos nuestras quinielas de los tres primeros y, evidentemente, Marc siempre est\u00e1, pero no es f\u00e1cil decir qu\u00e9 va a ocurrir el domingo, porque siempre puede unirse alg\u00fan piloto.<\/p>\n<p><strong>\u00bfQu\u00e9 te parece lo que ha conseguido, a sus 25 a\u00f1os, Marc M\u00e1rquez?<\/strong><\/p>\n<p>Pienso que Marc est\u00e1 marcando una \u00e9poca. Est\u00e1 en un momento incre\u00edble desde que lleg\u00f3 al Mundial. Ya en la categor\u00eda de 125cc marc\u00f3 diferencias, luego en Moto2 y ahora en MotoGP. Est\u00e1 creando un estilo propio, una manera de pilotar la moto distinta, y es el \u00fanico que no est\u00e1 fallando. Es un piloto que realmente est\u00e1 un paso por delante de todos. Ahora tiene una gran diferencia de puntos y sin embargo, no cede en ninguna carrera; est\u00e1 siempre luchando por la victoria, cuando no ganando. Claramente, Marc es la referencia en el Mundial.<\/p>\n<p>\t\t\t\t<img decoding=\"async\" src=\"https:\/\/bxrepsol.s3.eu-west-1.amazonaws.com\/static\/2022\/08\/05061209\/00_jorge_martinez_aspar_moto_500cc.jpg\" alt=\"Jorge Martinez en moto Derbi\" itemprop=\"image\"  \/><\/p>\n<p><strong>Dani Pedrosa ha ganado m\u00ednimo una carrera al a\u00f1o desde que lleg\u00f3 al Mundial de MotoGP. \u00bfCrees que conseguir\u00e1 una victoria este a\u00f1o?<\/strong><\/p>\n<p>\u00a1Ojal\u00e1! Me alegrar\u00eda mucho por \u00e9l, porque creo que se lo merece. Dani es un piloto que tambi\u00e9n ha marcado un estilo y una historia grand\u00edsima. Creo que la decisi\u00f3n que ha tomado de retirarse a final de temporada como piloto en activo dice mucho en su nombre y de su manera de ser. Ya tiene un palmar\u00e9s impresionante, pero es un piloto que se merece ganar al menos un gran premio esta temporada.<\/p>\n<p><strong>Con los neum\u00e1tico monomarca y la centralita \u00fanica, \u00bfqu\u00e9 crees que es lo que marca las diferencias ahora mismo en MotoGP?<\/strong><\/p>\n<p>Sin lugar a dudas, la electr\u00f3nica ha supuesto una igualdad grand\u00edsima en la categor\u00eda, pero los neum\u00e1ticos son en este momento los que dicen much\u00edsimo. A la hora de elegirlos, de ajustar la presi\u00f3n correcta, lograr la temperatura id\u00f3nea, etc, son los que marcan el resultado de un gran premio.<\/p>\n<p><strong>\u00bfC\u00f3mo ves el papel de Alberto Puig en su nuevo rol como Team Manager del equipo?<\/strong><\/p>\n<p>Alberto es una persona con mucha experiencia que ha hecho casi de todo: fue piloto ganador de grandes premios, ha llevado a chavalines en copas de promoci\u00f3n, luego evidentemente los a\u00f1os que estuvo con Dani, y con otros tantos pilotos. Ahora est\u00e1 haciendo un grand\u00edsimo trabajo y creo que la decisi\u00f3n de fichar a Lorenzo ha sido muy, muy valiente. Va a tener que saber manejar ese nuevo equipazo para el pr\u00f3ximo a\u00f1o, que a fecha de hoy ya tiene nada menos que trece t\u00edtulos y seguro que van a ser catorce -creo que el de este a\u00f1o se va a quedar tambi\u00e9n en casa-, y va a tener que lidiar con dos toros de primera clase.<\/p>\n<p><strong>Tu equipo lleva el nombre de \u00c1ngel Nieto, \u00bfcrees que \u00c1ngel era consciente de que \u00e9l fue el precursor de la numerosa presencia y \u00e9xitos de los pilotos espa\u00f1oles en el Mundial?<\/strong><\/p>\n<p>Como he dicho siempre, \u00c1ngel fue sin lugar a dudas el que realmente puso la primera piedra en Espa\u00f1a y quien se pele\u00f3 con los medios de comunicaci\u00f3n y con los patrocinadores en los a\u00f1os setenta para que realmente se hablase y se apoyase al motociclismo. \u00c9l inici\u00f3 lo que es hoy el motociclismo en nuestro pa\u00eds: que Espa\u00f1a sea actualmente la primera potencia del mundo tanto a nivel de circuitos, equipos, pilotos, escuelas, Dorna, etc. Somos una referencia en el mundo y \u00e9l fue el gran precursor. Es una verdadera desgracia que no est\u00e9 con nosotros, pero \u00e9l, estar\u00eda muy feliz de ver lo que todo el mundo ha hecho por \u00e9l, cu\u00e1nto se han acordado de \u00e9l y los numerosos homenajes que le han dedicado.<\/p>\n<p>Tuve la gran suerte de haber competido con \u00e9l; primero en el a\u00f1o \u201981, luego estuvimos dos a\u00f1os juntos de compa\u00f1eros en el equipo Derbi en el Mundial y tuve el gran privilegio de haber vivido much\u00edsimo con \u00e9l, tanto a nivel profesional como piloto, como a nivel personal y familiar, como cuando dej\u00f3 de competir y sus hijos estuvieron viviendo en mi casa. Era una persona muy cercana, volcado con la afici\u00f3n y la gente de la calle, y probablemente se sorprender\u00eda en positivo de todo lo que ha venido despu\u00e9s de la desgracia de habernos dejado. Giacomo Agostini, quince veces Campe\u00f3n del Mundo, cuando se hizo el impresionante homenaje en Madrid, en el Jarama y en el Bernab\u00e9u, nos dijo: \u2018a m\u00ed jam\u00e1s me har\u00e1n nada parecido en Italia\u2019. Creo que eso dice mucho de c\u00f3mo era \u00c1ngel y lo admirado que era como piloto y como persona.<\/p>\n<p><strong>\u00bfTe atreves a hacer un pron\u00f3stico de los tres primeros clasificados en el Campeonato del Mundo de MotoGP esta temporada?<\/strong><\/p>\n<p>Este Mundial, si no ocurre ning\u00fan imprevisto importante, que espero y deseo que no, sin duda estar\u00e1 en manos de Marc M\u00e1rquez. El segundo ya est\u00e1 m\u00e1s complicado, porque hay tres pilotos con opciones, que son Valentino, Lorenzo y Dovizioso. Si sigue la progresi\u00f3n que est\u00e1 teniendo ahora, Lorenzo puede ser Subcampe\u00f3n del Mundo, tercero, Valentino, y cuarto, \u2018Dovi\u2019. Pero no est\u00e1 nada claro.<\/p>\n","protected":false},"excerpt":{"rendered":"<p>Jorge Mart\u00ednez \u2018Aspar\u2019, una de las voces m\u00e1s experimentadas del Mundial de MotoGP, analiza la actualidad del Mundial de MotoGP antes de la cita en Silverstone.<\/p>\n","protected":false},"author":43146,"featured_media":59096,"comment_status":"open","ping_status":"open","sticky":false,"template":"","format":"standard","meta":{"footnotes":""},"categories":[4],"tags":[178],"class_list":["post-93328","post","type-post","status-publish","format-standard","hentry","category-motogp","tag-pilotos-de-motociclismo"],"yoast_head":"<!-- This site is optimized with the Yoast SEO plugin v27.3 - https:\/\/yoast.com\/product\/yoast-seo-wordpress\/ -->\n<title>Jorge Mart\u00ednez &quot;Marc est\u00e1 creando un estilo propio&quot;<\/title>\n<meta name=\"description\" content=\"Jorge Mart\u00ednez \u2018Aspar\u2019, una de las voces m\u00e1s experimentadas del Mundial de MotoGP, analiza la actualidad del Mundial de MotoGP.\" \/>\n<link rel=\"canonical\" href=\"https:\/\/www.boxrepsol.com\/es\/motogp\/aspar-marc-esta-creando-estilo-propio\/\" \/>\n<meta property=\"og:locale\" content=\"es_ES\" \/>\n<meta property=\"og:type\" content=\"article\" \/>\n<meta property=\"og:title\" content=\"Jorge Mart\u00ednez &quot;Marc est\u00e1 creando un estilo propio&quot;\" \/>\n<meta property=\"og:description\" content=\"Jorge Mart\u00ednez \u2018Aspar\u2019, una de las voces m\u00e1s experimentadas del Mundial de MotoGP, analiza la actualidad del Mundial de MotoGP.\" \/>\n<meta property=\"og:url\" content=\"https:\/\/www.boxrepsol.com\/es\/motogp\/aspar-marc-esta-creando-estilo-propio\/\" \/>\n<meta property=\"og:site_name\" content=\"Box Repsol\" \/>\n<meta property=\"article:publisher\" content=\"https:\/\/www.facebook.com\/BoxRepsol\" \/>\n<meta property=\"article:author\" content=\"https:\/\/www.facebook.com\/BoxRepsol\/\" \/>\n<meta property=\"article:published_time\" content=\"2018-08-22T02:00:00+00:00\" \/>\n<meta property=\"article:modified_time\" content=\"2024-05-22T11:39:06+00:00\" \/>\n<meta property=\"og:image\" content=\"https:\/\/bxrepsol.s3.eu-west-1.amazonaws.com\/static\/2022\/08\/29082446\/00_aspar_jorge_martinez.jpg\" \/>\n\t<meta property=\"og:image:width\" content=\"995\" \/>\n\t<meta property=\"og:image:height\" content=\"560\" \/>\n\t<meta property=\"og:image:type\" content=\"image\/jpeg\" \/>\n<meta name=\"author\" content=\"Redacci\u00f3n Box Repsol\" \/>\n<meta name=\"twitter:card\" content=\"summary_large_image\" \/>\n<meta name=\"twitter:creator\" content=\"@https:\/\/twitter.com\/box_repsol\" \/>\n<meta name=\"twitter:site\" content=\"@box_repsol\" \/>\n<meta name=\"twitter:label1\" content=\"Written by\" \/>\n\t<meta name=\"twitter:data1\" content=\"Redacci\u00f3n Box Repsol\" \/>\n\t<meta name=\"twitter:label2\" content=\"Est. reading time\" \/>\n\t<meta name=\"twitter:data2\" content=\"8 minutos\" \/>\n<script type=\"application\/ld+json\" class=\"yoast-schema-graph\">{\"@context\":\"https:\\\/\\\/schema.org\",\"@graph\":[{\"@type\":\"Article\",\"@id\":\"https:\\\/\\\/www.boxrepsol.com\\\/es\\\/motogp\\\/aspar-marc-esta-creando-estilo-propio\\\/#article\",\"isPartOf\":{\"@id\":\"https:\\\/\\\/www.boxrepsol.com\\\/es\\\/motogp\\\/aspar-marc-esta-creando-estilo-propio\\\/\"},\"author\":{\"name\":\"Redacci\u00f3n Box Repsol\",\"@id\":\"https:\\\/\\\/www.boxrepsol.com\\\/es\\\/#\\\/schema\\\/person\\\/c5c2138f2cca251b0ad92b7086bb60b7\"},\"headline\":\"Aspar: \u201cMarc est\u00e1 creando un estilo propio\u201d\",\"datePublished\":\"2018-08-22T02:00:00+00:00\",\"dateModified\":\"2024-05-22T11:39:06+00:00\",\"mainEntityOfPage\":{\"@id\":\"https:\\\/\\\/www.boxrepsol.com\\\/es\\\/motogp\\\/aspar-marc-esta-creando-estilo-propio\\\/\"},\"wordCount\":1516,\"commentCount\":0,\"publisher\":{\"@id\":\"https:\\\/\\\/www.boxrepsol.com\\\/es\\\/#organization\"},\"image\":{\"@id\":\"https:\\\/\\\/www.boxrepsol.com\\\/es\\\/motogp\\\/aspar-marc-esta-creando-estilo-propio\\\/#primaryimage\"},\"thumbnailUrl\":\"https:\\\/\\\/bxrepsol.s3.eu-west-1.amazonaws.com\\\/static\\\/2022\\\/08\\\/29082446\\\/00_aspar_jorge_martinez.jpg\",\"keywords\":[\"pilotos de motociclismo\"],\"articleSection\":[\"MotoGP\"],\"inLanguage\":\"es\",\"potentialAction\":[{\"@type\":\"CommentAction\",\"name\":\"Comment\",\"target\":[\"https:\\\/\\\/www.boxrepsol.com\\\/es\\\/motogp\\\/aspar-marc-esta-creando-estilo-propio\\\/#respond\"]}]},{\"@type\":\"WebPage\",\"@id\":\"https:\\\/\\\/www.boxrepsol.com\\\/es\\\/motogp\\\/aspar-marc-esta-creando-estilo-propio\\\/\",\"url\":\"https:\\\/\\\/www.boxrepsol.com\\\/es\\\/motogp\\\/aspar-marc-esta-creando-estilo-propio\\\/\",\"name\":\"Jorge Mart\u00ednez \\\"Marc est\u00e1 creando un estilo propio\\\"\",\"isPartOf\":{\"@id\":\"https:\\\/\\\/www.boxrepsol.com\\\/es\\\/#website\"},\"primaryImageOfPage\":{\"@id\":\"https:\\\/\\\/www.boxrepsol.com\\\/es\\\/motogp\\\/aspar-marc-esta-creando-estilo-propio\\\/#primaryimage\"},\"image\":{\"@id\":\"https:\\\/\\\/www.boxrepsol.com\\\/es\\\/motogp\\\/aspar-marc-esta-creando-estilo-propio\\\/#primaryimage\"},\"thumbnailUrl\":\"https:\\\/\\\/bxrepsol.s3.eu-west-1.amazonaws.com\\\/static\\\/2022\\\/08\\\/29082446\\\/00_aspar_jorge_martinez.jpg\",\"datePublished\":\"2018-08-22T02:00:00+00:00\",\"dateModified\":\"2024-05-22T11:39:06+00:00\",\"description\":\"Jorge Mart\u00ednez \u2018Aspar\u2019, una de las voces m\u00e1s experimentadas del Mundial de MotoGP, analiza la actualidad del Mundial de MotoGP.\",\"breadcrumb\":{\"@id\":\"https:\\\/\\\/www.boxrepsol.com\\\/es\\\/motogp\\\/aspar-marc-esta-creando-estilo-propio\\\/#breadcrumb\"},\"inLanguage\":\"es\",\"potentialAction\":[{\"@type\":\"ReadAction\",\"target\":[\"https:\\\/\\\/www.boxrepsol.com\\\/es\\\/motogp\\\/aspar-marc-esta-creando-estilo-propio\\\/\"]}]},{\"@type\":\"ImageObject\",\"inLanguage\":\"es\",\"@id\":\"https:\\\/\\\/www.boxrepsol.com\\\/es\\\/motogp\\\/aspar-marc-esta-creando-estilo-propio\\\/#primaryimage\",\"url\":\"https:\\\/\\\/bxrepsol.s3.eu-west-1.amazonaws.com\\\/static\\\/2022\\\/08\\\/29082446\\\/00_aspar_jorge_martinez.jpg\",\"contentUrl\":\"https:\\\/\\\/bxrepsol.s3.eu-west-1.amazonaws.com\\\/static\\\/2022\\\/08\\\/29082446\\\/00_aspar_jorge_martinez.jpg\",\"width\":995,\"height\":560,\"caption\":\"Jorge Martinez en el box\"},{\"@type\":\"BreadcrumbList\",\"@id\":\"https:\\\/\\\/www.boxrepsol.com\\\/es\\\/motogp\\\/aspar-marc-esta-creando-estilo-propio\\\/#breadcrumb\",\"itemListElement\":[{\"@type\":\"ListItem\",\"position\":1,\"name\":\"Home\",\"item\":\"https:\\\/\\\/www.boxrepsol.com\\\/es\\\/\"},{\"@type\":\"ListItem\",\"position\":2,\"name\":\"Aspar: \u201cMarc est\u00e1 creando un estilo propio\u201d\"}]},{\"@type\":\"WebSite\",\"@id\":\"https:\\\/\\\/www.boxrepsol.com\\\/es\\\/#website\",\"url\":\"https:\\\/\\\/www.boxrepsol.com\\\/es\\\/\",\"name\":\"Box Repsol\",\"description\":\"Box Repsol Site\",\"publisher\":{\"@id\":\"https:\\\/\\\/www.boxrepsol.com\\\/es\\\/#organization\"},\"potentialAction\":[{\"@type\":\"SearchAction\",\"target\":{\"@type\":\"EntryPoint\",\"urlTemplate\":\"https:\\\/\\\/www.boxrepsol.com\\\/es\\\/?s={search_term_string}\"},\"query-input\":{\"@type\":\"PropertyValueSpecification\",\"valueRequired\":true,\"valueName\":\"search_term_string\"}}],\"inLanguage\":\"es\"},{\"@type\":\"Organization\",\"@id\":\"https:\\\/\\\/www.boxrepsol.com\\\/es\\\/#organization\",\"name\":\"Box Repsol\",\"url\":\"https:\\\/\\\/www.boxrepsol.com\\\/es\\\/\",\"logo\":{\"@type\":\"ImageObject\",\"inLanguage\":\"es\",\"@id\":\"https:\\\/\\\/www.boxrepsol.com\\\/es\\\/#\\\/schema\\\/logo\\\/image\\\/\",\"url\":\"https:\\\/\\\/bxrepsol.s3.eu-west-1.amazonaws.com\\\/static\\\/2025\\\/07\\\/30083337\\\/favicon-96x96-1.png\",\"contentUrl\":\"https:\\\/\\\/bxrepsol.s3.eu-west-1.amazonaws.com\\\/static\\\/2025\\\/07\\\/30083337\\\/favicon-96x96-1.png\",\"width\":96,\"height\":96,\"caption\":\"Box Repsol\"},\"image\":{\"@id\":\"https:\\\/\\\/www.boxrepsol.com\\\/es\\\/#\\\/schema\\\/logo\\\/image\\\/\"},\"sameAs\":[\"https:\\\/\\\/www.facebook.com\\\/BoxRepsol\",\"https:\\\/\\\/x.com\\\/box_repsol\",\"http:\\\/\\\/instagram.com\\\/box_repsol\",\"https:\\\/\\\/www.youtube.com\\\/user\\\/RepsolCompeticion\",\"https:\\\/\\\/www.flickr.com\\\/photos\\\/box_repsol\\\/\"]},{\"@type\":\"Person\",\"@id\":\"https:\\\/\\\/www.boxrepsol.com\\\/es\\\/#\\\/schema\\\/person\\\/c5c2138f2cca251b0ad92b7086bb60b7\",\"name\":\"Redacci\u00f3n Box Repsol\",\"image\":{\"@type\":\"ImageObject\",\"inLanguage\":\"es\",\"@id\":\"https:\\\/\\\/secure.gravatar.com\\\/avatar\\\/adf7b77e38b4419baf32c7e9c21dde01f4e40df611f0978e3006fc4ba0aaab7e?s=96&d=mm&r=g\",\"url\":\"https:\\\/\\\/secure.gravatar.com\\\/avatar\\\/adf7b77e38b4419baf32c7e9c21dde01f4e40df611f0978e3006fc4ba0aaab7e?s=96&d=mm&r=g\",\"contentUrl\":\"https:\\\/\\\/secure.gravatar.com\\\/avatar\\\/adf7b77e38b4419baf32c7e9c21dde01f4e40df611f0978e3006fc4ba0aaab7e?s=96&d=mm&r=g\",\"caption\":\"Redacci\u00f3n Box Repsol\"},\"description\":\"Box Repsol lo forma un equipo de periodistas, community managers, dise\u00f1adores y fot\u00f3grafos con m\u00e1s de 20 a\u00f1os de experiencia en el mundo del motorsport. Hemos vivido el primer mundial de un espa\u00f1ol en la categor\u00eda reina de motociclismo con \u00c1lex Crivill\u00e9, estuvimos en las victorias de Pedrosa y los t\u00edtulos de M\u00e1rquez, acompa\u00f1amos en \u00c1frica a Nani Roma y Marc Coma en sus conquistas del Dakar y hemos vibrado con los t\u00edtulos de Toni Bou en Trial. Adem\u00e1s, en nuestro equipo contamos con expertos en el mundo de las dos y cuatro ruedas tanto de la calle y las carreteras, como de los circuitos. Periodistas que han trabajado en revistas y publicaciones para hacerte llegar desde rutas y consejos de mantenimiento, a curiosidades y trucos de pilotaje.\",\"sameAs\":[\"https:\\\/\\\/www.facebook.com\\\/BoxRepsol\\\/\",\"https:\\\/\\\/www.instagram.com\\\/box_repsol\\\/\",\"https:\\\/\\\/x.com\\\/https:\\\/\\\/twitter.com\\\/box_repsol\",\"https:\\\/\\\/www.youtube.com\\\/@Boxrepsol\"],\"url\":\"https:\\\/\\\/www.boxrepsol.com\\\/es\\\/author\\\/redaccion-box-repsol\\\/\"}]}<\/script>\n<!-- \/ Yoast SEO plugin. -->","yoast_head_json":{"title":"Jorge Mart\u00ednez \"Marc est\u00e1 creando un estilo propio\"","description":"Jorge Mart\u00ednez \u2018Aspar\u2019, una de las voces m\u00e1s experimentadas del Mundial de MotoGP, analiza la actualidad del Mundial de MotoGP.","canonical":"https:\/\/www.boxrepsol.com\/es\/motogp\/aspar-marc-esta-creando-estilo-propio\/","og_locale":"es_ES","og_type":"article","og_title":"Jorge Mart\u00ednez \"Marc est\u00e1 creando un estilo propio\"","og_description":"Jorge Mart\u00ednez \u2018Aspar\u2019, una de las voces m\u00e1s experimentadas del Mundial de MotoGP, analiza la actualidad del Mundial de MotoGP.","og_url":"https:\/\/www.boxrepsol.com\/es\/motogp\/aspar-marc-esta-creando-estilo-propio\/","og_site_name":"Box Repsol","article_publisher":"https:\/\/www.facebook.com\/BoxRepsol","article_author":"https:\/\/www.facebook.com\/BoxRepsol\/","article_published_time":"2018-08-22T02:00:00+00:00","article_modified_time":"2024-05-22T11:39:06+00:00","og_image":[{"width":995,"height":560,"url":"https:\/\/bxrepsol.s3.eu-west-1.amazonaws.com\/static\/2022\/08\/29082446\/00_aspar_jorge_martinez.jpg","type":"image\/jpeg"}],"author":"Redacci\u00f3n Box Repsol","twitter_card":"summary_large_image","twitter_creator":"@https:\/\/twitter.com\/box_repsol","twitter_site":"@box_repsol","twitter_misc":{"Written by":"Redacci\u00f3n Box Repsol","Est. reading time":"8 minutos"},"schema":{"@context":"https:\/\/schema.org","@graph":[{"@type":"Article","@id":"https:\/\/www.boxrepsol.com\/es\/motogp\/aspar-marc-esta-creando-estilo-propio\/#article","isPartOf":{"@id":"https:\/\/www.boxrepsol.com\/es\/motogp\/aspar-marc-esta-creando-estilo-propio\/"},"author":{"name":"Redacci\u00f3n Box Repsol","@id":"https:\/\/www.boxrepsol.com\/es\/#\/schema\/person\/c5c2138f2cca251b0ad92b7086bb60b7"},"headline":"Aspar: \u201cMarc est\u00e1 creando un estilo propio\u201d","datePublished":"2018-08-22T02:00:00+00:00","dateModified":"2024-05-22T11:39:06+00:00","mainEntityOfPage":{"@id":"https:\/\/www.boxrepsol.com\/es\/motogp\/aspar-marc-esta-creando-estilo-propio\/"},"wordCount":1516,"commentCount":0,"publisher":{"@id":"https:\/\/www.boxrepsol.com\/es\/#organization"},"image":{"@id":"https:\/\/www.boxrepsol.com\/es\/motogp\/aspar-marc-esta-creando-estilo-propio\/#primaryimage"},"thumbnailUrl":"https:\/\/bxrepsol.s3.eu-west-1.amazonaws.com\/static\/2022\/08\/29082446\/00_aspar_jorge_martinez.jpg","keywords":["pilotos de motociclismo"],"articleSection":["MotoGP"],"inLanguage":"es","potentialAction":[{"@type":"CommentAction","name":"Comment","target":["https:\/\/www.boxrepsol.com\/es\/motogp\/aspar-marc-esta-creando-estilo-propio\/#respond"]}]},{"@type":"WebPage","@id":"https:\/\/www.boxrepsol.com\/es\/motogp\/aspar-marc-esta-creando-estilo-propio\/","url":"https:\/\/www.boxrepsol.com\/es\/motogp\/aspar-marc-esta-creando-estilo-propio\/","name":"Jorge Mart\u00ednez \"Marc est\u00e1 creando un estilo propio\"","isPartOf":{"@id":"https:\/\/www.boxrepsol.com\/es\/#website"},"primaryImageOfPage":{"@id":"https:\/\/www.boxrepsol.com\/es\/motogp\/aspar-marc-esta-creando-estilo-propio\/#primaryimage"},"image":{"@id":"https:\/\/www.boxrepsol.com\/es\/motogp\/aspar-marc-esta-creando-estilo-propio\/#primaryimage"},"thumbnailUrl":"https:\/\/bxrepsol.s3.eu-west-1.amazonaws.com\/static\/2022\/08\/29082446\/00_aspar_jorge_martinez.jpg","datePublished":"2018-08-22T02:00:00+00:00","dateModified":"2024-05-22T11:39:06+00:00","description":"Jorge Mart\u00ednez \u2018Aspar\u2019, una de las voces m\u00e1s experimentadas del Mundial de MotoGP, analiza la actualidad del Mundial de MotoGP.","breadcrumb":{"@id":"https:\/\/www.boxrepsol.com\/es\/motogp\/aspar-marc-esta-creando-estilo-propio\/#breadcrumb"},"inLanguage":"es","potentialAction":[{"@type":"ReadAction","target":["https:\/\/www.boxrepsol.com\/es\/motogp\/aspar-marc-esta-creando-estilo-propio\/"]}]},{"@type":"ImageObject","inLanguage":"es","@id":"https:\/\/www.boxrepsol.com\/es\/motogp\/aspar-marc-esta-creando-estilo-propio\/#primaryimage","url":"https:\/\/bxrepsol.s3.eu-west-1.amazonaws.com\/static\/2022\/08\/29082446\/00_aspar_jorge_martinez.jpg","contentUrl":"https:\/\/bxrepsol.s3.eu-west-1.amazonaws.com\/static\/2022\/08\/29082446\/00_aspar_jorge_martinez.jpg","width":995,"height":560,"caption":"Jorge Martinez en el box"},{"@type":"BreadcrumbList","@id":"https:\/\/www.boxrepsol.com\/es\/motogp\/aspar-marc-esta-creando-estilo-propio\/#breadcrumb","itemListElement":[{"@type":"ListItem","position":1,"name":"Home","item":"https:\/\/www.boxrepsol.com\/es\/"},{"@type":"ListItem","position":2,"name":"Aspar: \u201cMarc est\u00e1 creando un estilo propio\u201d"}]},{"@type":"WebSite","@id":"https:\/\/www.boxrepsol.com\/es\/#website","url":"https:\/\/www.boxrepsol.com\/es\/","name":"Box Repsol","description":"Box Repsol Site","publisher":{"@id":"https:\/\/www.boxrepsol.com\/es\/#organization"},"potentialAction":[{"@type":"SearchAction","target":{"@type":"EntryPoint","urlTemplate":"https:\/\/www.boxrepsol.com\/es\/?s={search_term_string}"},"query-input":{"@type":"PropertyValueSpecification","valueRequired":true,"valueName":"search_term_string"}}],"inLanguage":"es"},{"@type":"Organization","@id":"https:\/\/www.boxrepsol.com\/es\/#organization","name":"Box Repsol","url":"https:\/\/www.boxrepsol.com\/es\/","logo":{"@type":"ImageObject","inLanguage":"es","@id":"https:\/\/www.boxrepsol.com\/es\/#\/schema\/logo\/image\/","url":"https:\/\/bxrepsol.s3.eu-west-1.amazonaws.com\/static\/2025\/07\/30083337\/favicon-96x96-1.png","contentUrl":"https:\/\/bxrepsol.s3.eu-west-1.amazonaws.com\/static\/2025\/07\/30083337\/favicon-96x96-1.png","width":96,"height":96,"caption":"Box Repsol"},"image":{"@id":"https:\/\/www.boxrepsol.com\/es\/#\/schema\/logo\/image\/"},"sameAs":["https:\/\/www.facebook.com\/BoxRepsol","https:\/\/x.com\/box_repsol","http:\/\/instagram.com\/box_repsol","https:\/\/www.youtube.com\/user\/RepsolCompeticion","https:\/\/www.flickr.com\/photos\/box_repsol\/"]},{"@type":"Person","@id":"https:\/\/www.boxrepsol.com\/es\/#\/schema\/person\/c5c2138f2cca251b0ad92b7086bb60b7","name":"Redacci\u00f3n Box Repsol","image":{"@type":"ImageObject","inLanguage":"es","@id":"https:\/\/secure.gravatar.com\/avatar\/adf7b77e38b4419baf32c7e9c21dde01f4e40df611f0978e3006fc4ba0aaab7e?s=96&d=mm&r=g","url":"https:\/\/secure.gravatar.com\/avatar\/adf7b77e38b4419baf32c7e9c21dde01f4e40df611f0978e3006fc4ba0aaab7e?s=96&d=mm&r=g","contentUrl":"https:\/\/secure.gravatar.com\/avatar\/adf7b77e38b4419baf32c7e9c21dde01f4e40df611f0978e3006fc4ba0aaab7e?s=96&d=mm&r=g","caption":"Redacci\u00f3n Box Repsol"},"description":"Box Repsol lo forma un equipo de periodistas, community managers, dise\u00f1adores y fot\u00f3grafos con m\u00e1s de 20 a\u00f1os de experiencia en el mundo del motorsport. Hemos vivido el primer mundial de un espa\u00f1ol en la categor\u00eda reina de motociclismo con \u00c1lex Crivill\u00e9, estuvimos en las victorias de Pedrosa y los t\u00edtulos de M\u00e1rquez, acompa\u00f1amos en \u00c1frica a Nani Roma y Marc Coma en sus conquistas del Dakar y hemos vibrado con los t\u00edtulos de Toni Bou en Trial. Adem\u00e1s, en nuestro equipo contamos con expertos en el mundo de las dos y cuatro ruedas tanto de la calle y las carreteras, como de los circuitos. Periodistas que han trabajado en revistas y publicaciones para hacerte llegar desde rutas y consejos de mantenimiento, a curiosidades y trucos de pilotaje.","sameAs":["https:\/\/www.facebook.com\/BoxRepsol\/","https:\/\/www.instagram.com\/box_repsol\/","https:\/\/x.com\/https:\/\/twitter.com\/box_repsol","https:\/\/www.youtube.com\/@Boxrepsol"],"url":"https:\/\/www.boxrepsol.com\/es\/author\/redaccion-box-repsol\/"}]}},"_links":{"self":[{"href":"https:\/\/www.boxrepsol.com\/es\/wp-json\/wp\/v2\/posts\/93328","targetHints":{"allow":["GET"]}}],"collection":[{"href":"https:\/\/www.boxrepsol.com\/es\/wp-json\/wp\/v2\/posts"}],"about":[{"href":"https:\/\/www.boxrepsol.com\/es\/wp-json\/wp\/v2\/types\/post"}],"author":[{"embeddable":true,"href":"https:\/\/www.boxrepsol.com\/es\/wp-json\/wp\/v2\/users\/43146"}],"replies":[{"embeddable":true,"href":"https:\/\/www.boxrepsol.com\/es\/wp-json\/wp\/v2\/comments?post=93328"}],"version-history":[{"count":1,"href":"https:\/\/www.boxrepsol.com\/es\/wp-json\/wp\/v2\/posts\/93328\/revisions"}],"predecessor-version":[{"id":93329,"href":"https:\/\/www.boxrepsol.com\/es\/wp-json\/wp\/v2\/posts\/93328\/revisions\/93329"}],"wp:featuredmedia":[{"embeddable":true,"href":"https:\/\/www.boxrepsol.com\/es\/wp-json\/wp\/v2\/media\/59096"}],"wp:attachment":[{"href":"https:\/\/www.boxrepsol.com\/es\/wp-json\/wp\/v2\/media?parent=93328"}],"wp:term":[{"taxonomy":"category","embeddable":true,"href":"https:\/\/www.boxrepsol.com\/es\/wp-json\/wp\/v2\/categories?post=93328"},{"taxonomy":"post_tag","embeddable":true,"href":"https:\/\/www.boxrepsol.com\/es\/wp-json\/wp\/v2\/tags?post=93328"}],"curies":[{"name":"wp","href":"https:\/\/api.w.org\/{rel}","templated":true}]}}