{"id":93321,"date":"2018-08-16T00:00:00","date_gmt":"2018-08-16T02:00:00","guid":{"rendered":"http:\/\/pre.boxrepsol.com\/sin-categorizar\/motorista-pronunciado-estas-palabras\/"},"modified":"2024-05-22T09:40:04","modified_gmt":"2024-05-22T11:40:04","slug":"motorista-pronunciado-estas-palabras","status":"publish","type":"post","link":"https:\/\/www.boxrepsol.com\/es\/cultura-motera\/motorista-pronunciado-estas-palabras\/","title":{"rendered":"Si eres motorista, has pronunciado estas palabras"},"content":{"rendered":"<p>El lenguaje motorista se rige m\u00e1s bien por los mismos principios de libertad, humor y optimismo que acompa\u00f1an a la sensaci\u00f3n de conducir tu moto. Fuera compostura, a fin de cuentas la moto es diversi\u00f3n.<\/p>\n<p><a title=\".\" href=\"https:\/\/www.flickr.com\/photos\/silentgrayfellow\/15977756883\/\" data-flickr-embed=\"true\"><img loading=\"lazy\" decoding=\"async\" src=\"https:\/\/bxrepsol.s3.eu-west-1.amazonaws.com\/static\/2022\/08\/29082433\/15977756883_4d69008868_b-1.jpg\" alt=\".\" width=\"1024\" height=\"772\"><\/a><\/p>\n<p>C\u00f3mo comenzar una lista de expresiones de motoristas sin el cl\u00e1sico grito de guerra <em>\u00ab<strong>\u00a1A saco!<\/strong>\u00bb<\/em>. Su origen en el verbo \u00absaquear\u00bb, <em>hace<\/em> referencia a los soldados que antiguamente asaltaban poblaciones para arrasar con todo lo que encontraban. Los sacos eran para el bot\u00edn. Traspasado al lenguaje m\u00e1s coloquial del motociclismo, su significado es concluyente. <em>\u00ab<strong>Entrar a<\/strong> <strong>saco<\/strong>\u00bb <\/em>es una acci\u00f3n que se lleva a cabo sin miramientos. Aunque esta acci\u00f3n tiene una larga lista de sin\u00f3nimos, tambi\u00e9n se suele decir <em>\u00ab<strong>ir por las paredes<\/strong>\u00bb<\/em>,<\/p>\n<p>Es probable que en alguna ocasi\u00f3n le hayas \u00aba<em>rrancado los adhesivos\u00bb <\/em>a otro motorista \u2013adelantar a otro con una gran diferencia de velocidad-. <em>\u00ab<strong>Pareces un doblado<\/strong>\u00bb<\/em> o <em>\u00ab<strong>chicane m\u00f3v<\/strong>il\u00bb<\/em> son frases que tambi\u00e9n resuenan en el ambiente cuando hay un piloto o motorista que va m\u00e1s lento que el resto. La pasi\u00f3n motorista tambi\u00e9n es algo que va de muchas risas, as\u00ed que seguramente alguna vez te tocar\u00e1 sufrirlo.<\/p>\n<p>&nbsp;<\/p>\n<blockquote class=\"twitter-tweet\">\n<p lang=\"es\" dir=\"ltr\">Le ha arrancado hasta los adhesivos<\/p>\n<p>\u2014 Hawalayls (@layls45) <a href=\"https:\/\/twitter.com\/layls45\/status\/379220263566835712?ref_src=twsrc%5Etfw\">September 15, 2013<\/a><\/p><\/blockquote>\n<p><script async=\"\" src=\"https:\/\/platform.twitter.com\/widgets.js\" charset=\"utf-8\"><\/script><br \/>\n&nbsp;<\/p>\n<p><em>\u00ab<strong>Meter un hachazo<\/strong>\u00bb<\/em> tambi\u00e9n est\u00e1 indisolublemente unido a la competici\u00f3n o el desaf\u00edo entre pilotos. \u201c<strong>El Diccionario Est\u00fapido de la Motocicleta<\/strong>\u201d, publicado por el Joe Bar Team, explica todos estos conceptos al detalle, con especial atenci\u00f3n al t\u00e9rmino <em>\u00abHueco\u00bb<\/em>: <em>\u00abEspacio por el que se duda si cabr\u00e1 media moto y al final terminan cabiendo dos\u2026\u00bb<\/em>.<\/p>\n<p>Para los amantes de las motos con motores de dos tiempos, los m\u00e1s veteranos sin duda, hay una larga lista de expresiones motociclistas con significados muy concretos y, desde luego, est\u00e1s en un problema si tu moto con motor de 2T <em>\u00ab<strong>se clava de atr\u00e1s<\/strong>\u00bb<\/em>.<\/p>\n<p><iframe loading=\"lazy\" src=\"https:\/\/www.youtube.com\/embed\/vs4pnyZ8mqI\" width=\"704\" height=\"396\" frameborder=\"0\" allowfullscreen=\"allowfullscreen\"><\/iframe><\/p>\n<p>Para que te hagas una r\u00e1pida idea, un 2T necesita un 2% de aceite lubricante en el combustible \u2013como proporci\u00f3n media, seg\u00fan aplicaciones-, para impedir una rotura terminal denominada \u00ab<strong>gripaje<\/strong>\u00bb. Ya sabemos que suena raro, pero es parte del precio de unas prestaciones estratosf\u00e9ricas comparadas con un m\u00e1s convencional y anodino 4T. Una mezcla inferior al 2% puede ser la causa de una subida de temperatura y el consiguiente gripaje del motor, un destrozo interno de tal calibre que hace que el metal del pist\u00f3n se funda literalmente con el conjunto del cilindro y que se bloquee la transmisi\u00f3n secundaria en la rueda posterior. Para el conductor, todo esto comienza con una ligera vibraci\u00f3n interna en aumento del motor, ocurre en apenas un segundo y, si no accionas el embrague en ese margen de tiempo, la ca\u00edda est\u00e1 asegurada.<\/p>\n<p>Teniendo en cuenta que s\u00f3lo a finales de los 80 aparecieron los primeros sistemas de engrase separado \u2013con dep\u00f3sito para el combustible y otro para el aceite-, <em>\u00ab<strong>poner dos litros de mezcla<\/strong>\u00bb<\/em> era una expresi\u00f3n de lo m\u00e1s com\u00fan en las gasolineras cuando la mayor\u00eda de los ciclomotores y motos de baja cilindrada del mercado estaban impulsados por motores de dos tiempos. Incluso hab\u00eda surtidores que serv\u00edan el combustible ya mezclado al 2%.<\/p>\n<p><img loading=\"lazy\" decoding=\"async\" src=\"https:\/\/bxrepsol.s3.eu-west-1.amazonaws.com\/static\/2022\/08\/29082435\/ins-1-19-2.png\" alt=\"\" width=\"704\" height=\"440\"><\/p>\n<p>Ya en la carretera, todo motorista \u00ab<strong>se ha comido alg\u00fan radar<\/strong>\u00bb alguna vez. La velocidad excesiva y las malas acciones en la carretera tienen un precio. <em>\u00ab<strong>Si pillas<\/strong>\u00bb<\/em> -ser sorprendido en el acto-, es muy probable que el agente en cuesti\u00f3n <em>\u00ab<strong>te extienda una receta<\/strong>\u00bb<\/em> que te obligue al universal <em>\u00ab<strong>pasar por caja<\/strong>\u00bb<\/em>.<em>&nbsp; <\/em><\/p>\n<p>Foto cabecera: Repsol<\/p>\n","protected":false},"excerpt":{"rendered":"<p>Cada movimiento social tiene su propio lenguaje y la cultura motociclista tambi\u00e9n tiene el suyo. Son expresiones en sentido literal y figurado que, si eres motorista, las has pronunciado alguna vez en tu vida.<\/p>\n","protected":false},"author":43146,"featured_media":59077,"comment_status":"open","ping_status":"open","sticky":false,"template":"","format":"standard","meta":{"footnotes":""},"categories":[160],"tags":[124],"class_list":["post-93321","post","type-post","status-publish","format-standard","hentry","category-cultura-motera","tag-moteros"],"yoast_head":"<!-- This site is optimized with the Yoast SEO plugin v27.3 - https:\/\/yoast.com\/product\/yoast-seo-wordpress\/ -->\n<title>Si eres motorista, has pronunciado estas palabras<\/title>\n<meta name=\"description\" content=\"El lenguaje motorista se rige m\u00e1s bien por los mismos principios de libertad, humor y optimismo que acompa\u00f1an a la sensaci\u00f3n de conducir tu moto.\" \/>\n<link rel=\"canonical\" href=\"https:\/\/www.boxrepsol.com\/es\/cultura-motera\/motorista-pronunciado-estas-palabras\/\" \/>\n<meta property=\"og:locale\" content=\"es_ES\" \/>\n<meta property=\"og:type\" content=\"article\" \/>\n<meta property=\"og:title\" content=\"Si eres motorista, has pronunciado estas palabras\" \/>\n<meta property=\"og:description\" content=\"El lenguaje motorista se rige m\u00e1s bien por los mismos principios de libertad, humor y optimismo que acompa\u00f1an a la sensaci\u00f3n de conducir tu moto.\" \/>\n<meta property=\"og:url\" content=\"https:\/\/www.boxrepsol.com\/es\/cultura-motera\/motorista-pronunciado-estas-palabras\/\" \/>\n<meta property=\"og:site_name\" content=\"Box Repsol\" \/>\n<meta property=\"article:publisher\" content=\"https:\/\/www.facebook.com\/BoxRepsol\" \/>\n<meta property=\"article:author\" content=\"https:\/\/www.facebook.com\/BoxRepsol\/\" \/>\n<meta property=\"article:published_time\" content=\"2018-08-16T02:00:00+00:00\" \/>\n<meta property=\"article:modified_time\" content=\"2024-05-22T11:40:04+00:00\" \/>\n<meta property=\"og:image\" content=\"https:\/\/bxrepsol.s3.eu-west-1.amazonaws.com\/static\/2022\/08\/29082436\/header-corrected-31-1.png\" \/>\n\t<meta property=\"og:image:width\" content=\"986\" \/>\n\t<meta property=\"og:image:height\" content=\"555\" \/>\n\t<meta property=\"og:image:type\" content=\"image\/png\" \/>\n<meta name=\"author\" content=\"Redacci\u00f3n Box Repsol\" \/>\n<meta name=\"twitter:card\" content=\"summary_large_image\" \/>\n<meta name=\"twitter:creator\" content=\"@https:\/\/twitter.com\/box_repsol\" \/>\n<meta name=\"twitter:site\" content=\"@box_repsol\" \/>\n<meta name=\"twitter:label1\" content=\"Written by\" \/>\n\t<meta name=\"twitter:data1\" content=\"Redacci\u00f3n Box Repsol\" \/>\n\t<meta name=\"twitter:label2\" content=\"Est. reading time\" \/>\n\t<meta name=\"twitter:data2\" content=\"3 minutos\" \/>\n<script type=\"application\/ld+json\" class=\"yoast-schema-graph\">{\"@context\":\"https:\\\/\\\/schema.org\",\"@graph\":[{\"@type\":\"Article\",\"@id\":\"https:\\\/\\\/www.boxrepsol.com\\\/es\\\/cultura-motera\\\/motorista-pronunciado-estas-palabras\\\/#article\",\"isPartOf\":{\"@id\":\"https:\\\/\\\/www.boxrepsol.com\\\/es\\\/cultura-motera\\\/motorista-pronunciado-estas-palabras\\\/\"},\"author\":{\"name\":\"Redacci\u00f3n Box Repsol\",\"@id\":\"https:\\\/\\\/www.boxrepsol.com\\\/es\\\/#\\\/schema\\\/person\\\/c5c2138f2cca251b0ad92b7086bb60b7\"},\"headline\":\"Si eres motorista, has pronunciado estas palabras\",\"datePublished\":\"2018-08-16T02:00:00+00:00\",\"dateModified\":\"2024-05-22T11:40:04+00:00\",\"mainEntityOfPage\":{\"@id\":\"https:\\\/\\\/www.boxrepsol.com\\\/es\\\/cultura-motera\\\/motorista-pronunciado-estas-palabras\\\/\"},\"wordCount\":618,\"commentCount\":0,\"publisher\":{\"@id\":\"https:\\\/\\\/www.boxrepsol.com\\\/es\\\/#organization\"},\"image\":{\"@id\":\"https:\\\/\\\/www.boxrepsol.com\\\/es\\\/cultura-motera\\\/motorista-pronunciado-estas-palabras\\\/#primaryimage\"},\"thumbnailUrl\":\"https:\\\/\\\/bxrepsol.s3.eu-west-1.amazonaws.com\\\/static\\\/2022\\\/08\\\/29082436\\\/header-corrected-31-1.png\",\"keywords\":[\"moteros\"],\"articleSection\":[\"Cultura Motera\"],\"inLanguage\":\"es\",\"potentialAction\":[{\"@type\":\"CommentAction\",\"name\":\"Comment\",\"target\":[\"https:\\\/\\\/www.boxrepsol.com\\\/es\\\/cultura-motera\\\/motorista-pronunciado-estas-palabras\\\/#respond\"]}]},{\"@type\":\"WebPage\",\"@id\":\"https:\\\/\\\/www.boxrepsol.com\\\/es\\\/cultura-motera\\\/motorista-pronunciado-estas-palabras\\\/\",\"url\":\"https:\\\/\\\/www.boxrepsol.com\\\/es\\\/cultura-motera\\\/motorista-pronunciado-estas-palabras\\\/\",\"name\":\"Si eres motorista, has pronunciado estas palabras\",\"isPartOf\":{\"@id\":\"https:\\\/\\\/www.boxrepsol.com\\\/es\\\/#website\"},\"primaryImageOfPage\":{\"@id\":\"https:\\\/\\\/www.boxrepsol.com\\\/es\\\/cultura-motera\\\/motorista-pronunciado-estas-palabras\\\/#primaryimage\"},\"image\":{\"@id\":\"https:\\\/\\\/www.boxrepsol.com\\\/es\\\/cultura-motera\\\/motorista-pronunciado-estas-palabras\\\/#primaryimage\"},\"thumbnailUrl\":\"https:\\\/\\\/bxrepsol.s3.eu-west-1.amazonaws.com\\\/static\\\/2022\\\/08\\\/29082436\\\/header-corrected-31-1.png\",\"datePublished\":\"2018-08-16T02:00:00+00:00\",\"dateModified\":\"2024-05-22T11:40:04+00:00\",\"description\":\"El lenguaje motorista se rige m\u00e1s bien por los mismos principios de libertad, humor y optimismo que acompa\u00f1an a la sensaci\u00f3n de conducir tu moto.\",\"breadcrumb\":{\"@id\":\"https:\\\/\\\/www.boxrepsol.com\\\/es\\\/cultura-motera\\\/motorista-pronunciado-estas-palabras\\\/#breadcrumb\"},\"inLanguage\":\"es\",\"potentialAction\":[{\"@type\":\"ReadAction\",\"target\":[\"https:\\\/\\\/www.boxrepsol.com\\\/es\\\/cultura-motera\\\/motorista-pronunciado-estas-palabras\\\/\"]}]},{\"@type\":\"ImageObject\",\"inLanguage\":\"es\",\"@id\":\"https:\\\/\\\/www.boxrepsol.com\\\/es\\\/cultura-motera\\\/motorista-pronunciado-estas-palabras\\\/#primaryimage\",\"url\":\"https:\\\/\\\/bxrepsol.s3.eu-west-1.amazonaws.com\\\/static\\\/2022\\\/08\\\/29082436\\\/header-corrected-31-1.png\",\"contentUrl\":\"https:\\\/\\\/bxrepsol.s3.eu-west-1.amazonaws.com\\\/static\\\/2022\\\/08\\\/29082436\\\/header-corrected-31-1.png\",\"width\":986,\"height\":555,\"caption\":\"Palabras en \u00edndice\"},{\"@type\":\"BreadcrumbList\",\"@id\":\"https:\\\/\\\/www.boxrepsol.com\\\/es\\\/cultura-motera\\\/motorista-pronunciado-estas-palabras\\\/#breadcrumb\",\"itemListElement\":[{\"@type\":\"ListItem\",\"position\":1,\"name\":\"Home\",\"item\":\"https:\\\/\\\/www.boxrepsol.com\\\/es\\\/\"},{\"@type\":\"ListItem\",\"position\":2,\"name\":\"Si eres motorista, has pronunciado estas palabras\"}]},{\"@type\":\"WebSite\",\"@id\":\"https:\\\/\\\/www.boxrepsol.com\\\/es\\\/#website\",\"url\":\"https:\\\/\\\/www.boxrepsol.com\\\/es\\\/\",\"name\":\"Box Repsol\",\"description\":\"Box Repsol Site\",\"publisher\":{\"@id\":\"https:\\\/\\\/www.boxrepsol.com\\\/es\\\/#organization\"},\"potentialAction\":[{\"@type\":\"SearchAction\",\"target\":{\"@type\":\"EntryPoint\",\"urlTemplate\":\"https:\\\/\\\/www.boxrepsol.com\\\/es\\\/?s={search_term_string}\"},\"query-input\":{\"@type\":\"PropertyValueSpecification\",\"valueRequired\":true,\"valueName\":\"search_term_string\"}}],\"inLanguage\":\"es\"},{\"@type\":\"Organization\",\"@id\":\"https:\\\/\\\/www.boxrepsol.com\\\/es\\\/#organization\",\"name\":\"Box Repsol\",\"url\":\"https:\\\/\\\/www.boxrepsol.com\\\/es\\\/\",\"logo\":{\"@type\":\"ImageObject\",\"inLanguage\":\"es\",\"@id\":\"https:\\\/\\\/www.boxrepsol.com\\\/es\\\/#\\\/schema\\\/logo\\\/image\\\/\",\"url\":\"https:\\\/\\\/bxrepsol.s3.eu-west-1.amazonaws.com\\\/static\\\/2025\\\/07\\\/30083337\\\/favicon-96x96-1.png\",\"contentUrl\":\"https:\\\/\\\/bxrepsol.s3.eu-west-1.amazonaws.com\\\/static\\\/2025\\\/07\\\/30083337\\\/favicon-96x96-1.png\",\"width\":96,\"height\":96,\"caption\":\"Box Repsol\"},\"image\":{\"@id\":\"https:\\\/\\\/www.boxrepsol.com\\\/es\\\/#\\\/schema\\\/logo\\\/image\\\/\"},\"sameAs\":[\"https:\\\/\\\/www.facebook.com\\\/BoxRepsol\",\"https:\\\/\\\/x.com\\\/box_repsol\",\"http:\\\/\\\/instagram.com\\\/box_repsol\",\"https:\\\/\\\/www.youtube.com\\\/user\\\/RepsolCompeticion\",\"https:\\\/\\\/www.flickr.com\\\/photos\\\/box_repsol\\\/\"]},{\"@type\":\"Person\",\"@id\":\"https:\\\/\\\/www.boxrepsol.com\\\/es\\\/#\\\/schema\\\/person\\\/c5c2138f2cca251b0ad92b7086bb60b7\",\"name\":\"Redacci\u00f3n Box Repsol\",\"image\":{\"@type\":\"ImageObject\",\"inLanguage\":\"es\",\"@id\":\"https:\\\/\\\/secure.gravatar.com\\\/avatar\\\/adf7b77e38b4419baf32c7e9c21dde01f4e40df611f0978e3006fc4ba0aaab7e?s=96&d=mm&r=g\",\"url\":\"https:\\\/\\\/secure.gravatar.com\\\/avatar\\\/adf7b77e38b4419baf32c7e9c21dde01f4e40df611f0978e3006fc4ba0aaab7e?s=96&d=mm&r=g\",\"contentUrl\":\"https:\\\/\\\/secure.gravatar.com\\\/avatar\\\/adf7b77e38b4419baf32c7e9c21dde01f4e40df611f0978e3006fc4ba0aaab7e?s=96&d=mm&r=g\",\"caption\":\"Redacci\u00f3n Box Repsol\"},\"description\":\"Box Repsol lo forma un equipo de periodistas, community managers, dise\u00f1adores y fot\u00f3grafos con m\u00e1s de 20 a\u00f1os de experiencia en el mundo del motorsport. Hemos vivido el primer mundial de un espa\u00f1ol en la categor\u00eda reina de motociclismo con \u00c1lex Crivill\u00e9, estuvimos en las victorias de Pedrosa y los t\u00edtulos de M\u00e1rquez, acompa\u00f1amos en \u00c1frica a Nani Roma y Marc Coma en sus conquistas del Dakar y hemos vibrado con los t\u00edtulos de Toni Bou en Trial. Adem\u00e1s, en nuestro equipo contamos con expertos en el mundo de las dos y cuatro ruedas tanto de la calle y las carreteras, como de los circuitos. Periodistas que han trabajado en revistas y publicaciones para hacerte llegar desde rutas y consejos de mantenimiento, a curiosidades y trucos de pilotaje.\",\"sameAs\":[\"https:\\\/\\\/www.facebook.com\\\/BoxRepsol\\\/\",\"https:\\\/\\\/www.instagram.com\\\/box_repsol\\\/\",\"https:\\\/\\\/x.com\\\/https:\\\/\\\/twitter.com\\\/box_repsol\",\"https:\\\/\\\/www.youtube.com\\\/@Boxrepsol\"],\"url\":\"https:\\\/\\\/www.boxrepsol.com\\\/es\\\/author\\\/redaccion-box-repsol\\\/\"}]}<\/script>\n<!-- \/ Yoast SEO plugin. -->","yoast_head_json":{"title":"Si eres motorista, has pronunciado estas palabras","description":"El lenguaje motorista se rige m\u00e1s bien por los mismos principios de libertad, humor y optimismo que acompa\u00f1an a la sensaci\u00f3n de conducir tu moto.","canonical":"https:\/\/www.boxrepsol.com\/es\/cultura-motera\/motorista-pronunciado-estas-palabras\/","og_locale":"es_ES","og_type":"article","og_title":"Si eres motorista, has pronunciado estas palabras","og_description":"El lenguaje motorista se rige m\u00e1s bien por los mismos principios de libertad, humor y optimismo que acompa\u00f1an a la sensaci\u00f3n de conducir tu moto.","og_url":"https:\/\/www.boxrepsol.com\/es\/cultura-motera\/motorista-pronunciado-estas-palabras\/","og_site_name":"Box Repsol","article_publisher":"https:\/\/www.facebook.com\/BoxRepsol","article_author":"https:\/\/www.facebook.com\/BoxRepsol\/","article_published_time":"2018-08-16T02:00:00+00:00","article_modified_time":"2024-05-22T11:40:04+00:00","og_image":[{"width":986,"height":555,"url":"https:\/\/bxrepsol.s3.eu-west-1.amazonaws.com\/static\/2022\/08\/29082436\/header-corrected-31-1.png","type":"image\/png"}],"author":"Redacci\u00f3n Box Repsol","twitter_card":"summary_large_image","twitter_creator":"@https:\/\/twitter.com\/box_repsol","twitter_site":"@box_repsol","twitter_misc":{"Written by":"Redacci\u00f3n Box Repsol","Est. reading time":"3 minutos"},"schema":{"@context":"https:\/\/schema.org","@graph":[{"@type":"Article","@id":"https:\/\/www.boxrepsol.com\/es\/cultura-motera\/motorista-pronunciado-estas-palabras\/#article","isPartOf":{"@id":"https:\/\/www.boxrepsol.com\/es\/cultura-motera\/motorista-pronunciado-estas-palabras\/"},"author":{"name":"Redacci\u00f3n Box Repsol","@id":"https:\/\/www.boxrepsol.com\/es\/#\/schema\/person\/c5c2138f2cca251b0ad92b7086bb60b7"},"headline":"Si eres motorista, has pronunciado estas palabras","datePublished":"2018-08-16T02:00:00+00:00","dateModified":"2024-05-22T11:40:04+00:00","mainEntityOfPage":{"@id":"https:\/\/www.boxrepsol.com\/es\/cultura-motera\/motorista-pronunciado-estas-palabras\/"},"wordCount":618,"commentCount":0,"publisher":{"@id":"https:\/\/www.boxrepsol.com\/es\/#organization"},"image":{"@id":"https:\/\/www.boxrepsol.com\/es\/cultura-motera\/motorista-pronunciado-estas-palabras\/#primaryimage"},"thumbnailUrl":"https:\/\/bxrepsol.s3.eu-west-1.amazonaws.com\/static\/2022\/08\/29082436\/header-corrected-31-1.png","keywords":["moteros"],"articleSection":["Cultura Motera"],"inLanguage":"es","potentialAction":[{"@type":"CommentAction","name":"Comment","target":["https:\/\/www.boxrepsol.com\/es\/cultura-motera\/motorista-pronunciado-estas-palabras\/#respond"]}]},{"@type":"WebPage","@id":"https:\/\/www.boxrepsol.com\/es\/cultura-motera\/motorista-pronunciado-estas-palabras\/","url":"https:\/\/www.boxrepsol.com\/es\/cultura-motera\/motorista-pronunciado-estas-palabras\/","name":"Si eres motorista, has pronunciado estas palabras","isPartOf":{"@id":"https:\/\/www.boxrepsol.com\/es\/#website"},"primaryImageOfPage":{"@id":"https:\/\/www.boxrepsol.com\/es\/cultura-motera\/motorista-pronunciado-estas-palabras\/#primaryimage"},"image":{"@id":"https:\/\/www.boxrepsol.com\/es\/cultura-motera\/motorista-pronunciado-estas-palabras\/#primaryimage"},"thumbnailUrl":"https:\/\/bxrepsol.s3.eu-west-1.amazonaws.com\/static\/2022\/08\/29082436\/header-corrected-31-1.png","datePublished":"2018-08-16T02:00:00+00:00","dateModified":"2024-05-22T11:40:04+00:00","description":"El lenguaje motorista se rige m\u00e1s bien por los mismos principios de libertad, humor y optimismo que acompa\u00f1an a la sensaci\u00f3n de conducir tu moto.","breadcrumb":{"@id":"https:\/\/www.boxrepsol.com\/es\/cultura-motera\/motorista-pronunciado-estas-palabras\/#breadcrumb"},"inLanguage":"es","potentialAction":[{"@type":"ReadAction","target":["https:\/\/www.boxrepsol.com\/es\/cultura-motera\/motorista-pronunciado-estas-palabras\/"]}]},{"@type":"ImageObject","inLanguage":"es","@id":"https:\/\/www.boxrepsol.com\/es\/cultura-motera\/motorista-pronunciado-estas-palabras\/#primaryimage","url":"https:\/\/bxrepsol.s3.eu-west-1.amazonaws.com\/static\/2022\/08\/29082436\/header-corrected-31-1.png","contentUrl":"https:\/\/bxrepsol.s3.eu-west-1.amazonaws.com\/static\/2022\/08\/29082436\/header-corrected-31-1.png","width":986,"height":555,"caption":"Palabras en \u00edndice"},{"@type":"BreadcrumbList","@id":"https:\/\/www.boxrepsol.com\/es\/cultura-motera\/motorista-pronunciado-estas-palabras\/#breadcrumb","itemListElement":[{"@type":"ListItem","position":1,"name":"Home","item":"https:\/\/www.boxrepsol.com\/es\/"},{"@type":"ListItem","position":2,"name":"Si eres motorista, has pronunciado estas palabras"}]},{"@type":"WebSite","@id":"https:\/\/www.boxrepsol.com\/es\/#website","url":"https:\/\/www.boxrepsol.com\/es\/","name":"Box Repsol","description":"Box Repsol Site","publisher":{"@id":"https:\/\/www.boxrepsol.com\/es\/#organization"},"potentialAction":[{"@type":"SearchAction","target":{"@type":"EntryPoint","urlTemplate":"https:\/\/www.boxrepsol.com\/es\/?s={search_term_string}"},"query-input":{"@type":"PropertyValueSpecification","valueRequired":true,"valueName":"search_term_string"}}],"inLanguage":"es"},{"@type":"Organization","@id":"https:\/\/www.boxrepsol.com\/es\/#organization","name":"Box Repsol","url":"https:\/\/www.boxrepsol.com\/es\/","logo":{"@type":"ImageObject","inLanguage":"es","@id":"https:\/\/www.boxrepsol.com\/es\/#\/schema\/logo\/image\/","url":"https:\/\/bxrepsol.s3.eu-west-1.amazonaws.com\/static\/2025\/07\/30083337\/favicon-96x96-1.png","contentUrl":"https:\/\/bxrepsol.s3.eu-west-1.amazonaws.com\/static\/2025\/07\/30083337\/favicon-96x96-1.png","width":96,"height":96,"caption":"Box Repsol"},"image":{"@id":"https:\/\/www.boxrepsol.com\/es\/#\/schema\/logo\/image\/"},"sameAs":["https:\/\/www.facebook.com\/BoxRepsol","https:\/\/x.com\/box_repsol","http:\/\/instagram.com\/box_repsol","https:\/\/www.youtube.com\/user\/RepsolCompeticion","https:\/\/www.flickr.com\/photos\/box_repsol\/"]},{"@type":"Person","@id":"https:\/\/www.boxrepsol.com\/es\/#\/schema\/person\/c5c2138f2cca251b0ad92b7086bb60b7","name":"Redacci\u00f3n Box Repsol","image":{"@type":"ImageObject","inLanguage":"es","@id":"https:\/\/secure.gravatar.com\/avatar\/adf7b77e38b4419baf32c7e9c21dde01f4e40df611f0978e3006fc4ba0aaab7e?s=96&d=mm&r=g","url":"https:\/\/secure.gravatar.com\/avatar\/adf7b77e38b4419baf32c7e9c21dde01f4e40df611f0978e3006fc4ba0aaab7e?s=96&d=mm&r=g","contentUrl":"https:\/\/secure.gravatar.com\/avatar\/adf7b77e38b4419baf32c7e9c21dde01f4e40df611f0978e3006fc4ba0aaab7e?s=96&d=mm&r=g","caption":"Redacci\u00f3n Box Repsol"},"description":"Box Repsol lo forma un equipo de periodistas, community managers, dise\u00f1adores y fot\u00f3grafos con m\u00e1s de 20 a\u00f1os de experiencia en el mundo del motorsport. Hemos vivido el primer mundial de un espa\u00f1ol en la categor\u00eda reina de motociclismo con \u00c1lex Crivill\u00e9, estuvimos en las victorias de Pedrosa y los t\u00edtulos de M\u00e1rquez, acompa\u00f1amos en \u00c1frica a Nani Roma y Marc Coma en sus conquistas del Dakar y hemos vibrado con los t\u00edtulos de Toni Bou en Trial. Adem\u00e1s, en nuestro equipo contamos con expertos en el mundo de las dos y cuatro ruedas tanto de la calle y las carreteras, como de los circuitos. Periodistas que han trabajado en revistas y publicaciones para hacerte llegar desde rutas y consejos de mantenimiento, a curiosidades y trucos de pilotaje.","sameAs":["https:\/\/www.facebook.com\/BoxRepsol\/","https:\/\/www.instagram.com\/box_repsol\/","https:\/\/x.com\/https:\/\/twitter.com\/box_repsol","https:\/\/www.youtube.com\/@Boxrepsol"],"url":"https:\/\/www.boxrepsol.com\/es\/author\/redaccion-box-repsol\/"}]}},"_links":{"self":[{"href":"https:\/\/www.boxrepsol.com\/es\/wp-json\/wp\/v2\/posts\/93321","targetHints":{"allow":["GET"]}}],"collection":[{"href":"https:\/\/www.boxrepsol.com\/es\/wp-json\/wp\/v2\/posts"}],"about":[{"href":"https:\/\/www.boxrepsol.com\/es\/wp-json\/wp\/v2\/types\/post"}],"author":[{"embeddable":true,"href":"https:\/\/www.boxrepsol.com\/es\/wp-json\/wp\/v2\/users\/43146"}],"replies":[{"embeddable":true,"href":"https:\/\/www.boxrepsol.com\/es\/wp-json\/wp\/v2\/comments?post=93321"}],"version-history":[{"count":2,"href":"https:\/\/www.boxrepsol.com\/es\/wp-json\/wp\/v2\/posts\/93321\/revisions"}],"predecessor-version":[{"id":100183,"href":"https:\/\/www.boxrepsol.com\/es\/wp-json\/wp\/v2\/posts\/93321\/revisions\/100183"}],"wp:featuredmedia":[{"embeddable":true,"href":"https:\/\/www.boxrepsol.com\/es\/wp-json\/wp\/v2\/media\/59077"}],"wp:attachment":[{"href":"https:\/\/www.boxrepsol.com\/es\/wp-json\/wp\/v2\/media?parent=93321"}],"wp:term":[{"taxonomy":"category","embeddable":true,"href":"https:\/\/www.boxrepsol.com\/es\/wp-json\/wp\/v2\/categories?post=93321"},{"taxonomy":"post_tag","embeddable":true,"href":"https:\/\/www.boxrepsol.com\/es\/wp-json\/wp\/v2\/tags?post=93321"}],"curies":[{"name":"wp","href":"https:\/\/api.w.org\/{rel}","templated":true}]}}