{"id":93320,"date":"2018-08-14T00:00:00","date_gmt":"2018-08-14T02:00:00","guid":{"rendered":"http:\/\/pre.boxrepsol.com\/sin-categorizar\/marc-marquez-ha-aumentado-su-ventaja-por-quinta-carrera-consecutiva\/"},"modified":"2024-05-22T09:40:13","modified_gmt":"2024-05-22T11:40:13","slug":"marc-marquez-ha-aumentado-su-ventaja-por-quinta-carrera-consecutiva","status":"publish","type":"post","link":"https:\/\/www.boxrepsol.com\/es\/motogp\/marc-marquez-ha-aumentado-su-ventaja-por-quinta-carrera-consecutiva\/","title":{"rendered":"\u201cMarc M\u00e1rquez ha aumentado su ventaja por quinta carrera consecutiva\u201d"},"content":{"rendered":"<blockquote><p>\n\t<a href=\"http:\/\/twitter.com\/share?text=Fue+muy+intensa+para+nosotros%2C+porque+fue+una+carrera+muy+dif%C3%ADcil.+&#038;url=https%3A%2F%2Fwww.boxrepsol.com%2Fes%2Fmotogp%2Fmarc-marquez-ha-aumentado-su-ventaja-por-quinta-carrera-consecutiva%2F\" target=\"_blank\" rel=\"noopener\"><\/p>\n<p>Fue muy intensa para nosotros, porque fue una carrera muy dif\u00edcil. <\/p>\n<p>\t<\/a>\n<\/p><\/blockquote>\n<p><em>El Mundial de MotoGP ha encarado la segunda mitad de la temporada con dos carreras consecutivas en la Rep\u00fablica Checa y Austria, en las que Marc M\u00e1rquez ha seguido ampliando su liderato en la clasificaci\u00f3n general. Para Alberto Puig, Team M\u00e1nager del equipo Repsol Honda, ese aspecto y la remontada de Dani Pedrosa fueron dos de las claves del Gran Premio celebrado \u00a0en el pa\u00eds alpino.<\/em><\/p>\n<p><strong>\u00bfCu\u00e1l fue la estrategia para la carrera?<\/strong><\/p>\n<p>La estrategia de Marc era la de tirar desde el principio para intentar escaparse, aunque era muy dif\u00edcil porque sab\u00edamos que las dos Ducati ten\u00edan bastante potencial en esta pista. Marc hizo un gran trabajo y tuvo opciones de victoria hasta la \u00faltima vuelta.<\/p>\n<p><strong>\u00bfQu\u00e9 puntos positivos destacar\u00edas?<\/strong><\/p>\n<p>Marc aument\u00f3 su ventaja al frente del campeonato por quinta carrera consecutiva y ahora Honda lidera la clasificaci\u00f3n de pilotos, constructores y equipos. Dani normalmente intenta salir bien y estar con el grupo delantero. No lo hizo mal, pero en la tercera curva se vio envuelto en un l\u00edo con otros pilotos y perdi\u00f3 algunas posiciones, pasando de la s\u00e9ptima a la decimocuarta plaza. Eso hizo que tuviera una carrera bastante dura, pero adelant\u00f3 muchos pilotos y termin\u00f3 s\u00e9ptimo.<\/p>\n<p><strong>\u00bfC\u00f3mo viviste la carrera desde el box?<\/strong><\/p>\n<p>Fue muy intensa para nosotros, porque fue una carrera muy dif\u00edcil. Hubo algunos de los grandes adelantamientos que se pueden ver en MotoGP. Fue un gran espect\u00e1culo para los aficionados y la lucha entre Lorenzo y M\u00e1rquez, muy bonita.<\/p>\n<p><strong>\u00bfQu\u00e9 destacar\u00edas adem\u00e1s de lo que se vio en la pista?<\/strong><\/p>\n<p>Es un Gran Premio especial, porque es la carrera de casa de Red Bull y siempre organizan actividades interesantes con nuestros pilotos. Pero el martes pasado tambi\u00e9n tuvimos un evento interesante en Viena, donde Marc apoy\u00f3 la campa\u00f1a \u2018no pilotes sin entrenar\u2019, que promociona la conducci\u00f3n segura en moto por las carreteras de Austria.<\/p>\n","protected":false},"excerpt":{"rendered":"<p>Alberto Puig, Team Manager del equipo Repsol Honda, analiza el papel de Marc M\u00e1rquez y Dani Pedrosa en la carrera vivida el pasado fin de semana en Austria.<\/p>\n","protected":false},"author":43146,"featured_media":59069,"comment_status":"open","ping_status":"open","sticky":false,"template":"","format":"standard","meta":{"footnotes":""},"categories":[4],"tags":[145],"class_list":["post-93320","post","type-post","status-publish","format-standard","hentry","category-motogp","tag-motogp-austria"],"yoast_head":"<!-- This site is optimized with the Yoast SEO plugin v27.3 - https:\/\/yoast.com\/product\/yoast-seo-wordpress\/ -->\n<title>Marc M\u00e1rquez ha aumentado su ventaja por quinta carrera consecutiva<\/title>\n<meta name=\"description\" content=\"Alberto Puig, Team Manager del equipo Repsol Honda, analiza el papel de Marc M\u00e1rquez y Dani Pedrosa en la carrera vivida el pasado fin de semana en Austria.\" \/>\n<link rel=\"canonical\" href=\"https:\/\/www.boxrepsol.com\/es\/motogp\/marc-marquez-ha-aumentado-su-ventaja-por-quinta-carrera-consecutiva\/\" \/>\n<meta property=\"og:locale\" content=\"es_ES\" \/>\n<meta property=\"og:type\" content=\"article\" \/>\n<meta property=\"og:title\" content=\"Marc M\u00e1rquez ha aumentado su ventaja por quinta carrera consecutiva\" \/>\n<meta property=\"og:description\" content=\"Alberto Puig, Team Manager del equipo Repsol Honda, analiza el papel de Marc M\u00e1rquez y Dani Pedrosa en la carrera vivida el pasado fin de semana en Austria.\" \/>\n<meta property=\"og:url\" content=\"https:\/\/www.boxrepsol.com\/es\/motogp\/marc-marquez-ha-aumentado-su-ventaja-por-quinta-carrera-consecutiva\/\" \/>\n<meta property=\"og:site_name\" content=\"Box Repsol\" \/>\n<meta property=\"article:publisher\" content=\"https:\/\/www.facebook.com\/BoxRepsol\" \/>\n<meta property=\"article:author\" content=\"https:\/\/www.facebook.com\/BoxRepsol\/\" \/>\n<meta property=\"article:published_time\" content=\"2018-08-14T02:00:00+00:00\" \/>\n<meta property=\"article:modified_time\" content=\"2024-05-22T11:40:13+00:00\" \/>\n<meta property=\"og:image\" content=\"https:\/\/bxrepsol.s3.eu-west-1.amazonaws.com\/static\/2022\/08\/29082430\/00_alberto_puig_austria_motogp_repsol_honda.jpg\" \/>\n\t<meta property=\"og:image:width\" content=\"995\" \/>\n\t<meta property=\"og:image:height\" content=\"560\" \/>\n\t<meta property=\"og:image:type\" content=\"image\/jpeg\" \/>\n<meta name=\"author\" content=\"Redacci\u00f3n Box Repsol\" \/>\n<meta name=\"twitter:card\" content=\"summary_large_image\" \/>\n<meta name=\"twitter:creator\" content=\"@https:\/\/twitter.com\/box_repsol\" \/>\n<meta name=\"twitter:site\" content=\"@box_repsol\" \/>\n<meta name=\"twitter:label1\" content=\"Written by\" \/>\n\t<meta name=\"twitter:data1\" content=\"Redacci\u00f3n Box Repsol\" \/>\n\t<meta name=\"twitter:label2\" content=\"Est. reading time\" \/>\n\t<meta name=\"twitter:data2\" content=\"2 minutos\" \/>\n<script type=\"application\/ld+json\" class=\"yoast-schema-graph\">{\"@context\":\"https:\\\/\\\/schema.org\",\"@graph\":[{\"@type\":\"Article\",\"@id\":\"https:\\\/\\\/www.boxrepsol.com\\\/es\\\/motogp\\\/marc-marquez-ha-aumentado-su-ventaja-por-quinta-carrera-consecutiva\\\/#article\",\"isPartOf\":{\"@id\":\"https:\\\/\\\/www.boxrepsol.com\\\/es\\\/motogp\\\/marc-marquez-ha-aumentado-su-ventaja-por-quinta-carrera-consecutiva\\\/\"},\"author\":{\"name\":\"Redacci\u00f3n Box Repsol\",\"@id\":\"https:\\\/\\\/www.boxrepsol.com\\\/es\\\/#\\\/schema\\\/person\\\/c5c2138f2cca251b0ad92b7086bb60b7\"},\"headline\":\"\u201cMarc M\u00e1rquez ha aumentado su ventaja por quinta carrera consecutiva\u201d\",\"datePublished\":\"2018-08-14T02:00:00+00:00\",\"dateModified\":\"2024-05-22T11:40:13+00:00\",\"mainEntityOfPage\":{\"@id\":\"https:\\\/\\\/www.boxrepsol.com\\\/es\\\/motogp\\\/marc-marquez-ha-aumentado-su-ventaja-por-quinta-carrera-consecutiva\\\/\"},\"wordCount\":357,\"commentCount\":0,\"publisher\":{\"@id\":\"https:\\\/\\\/www.boxrepsol.com\\\/es\\\/#organization\"},\"image\":{\"@id\":\"https:\\\/\\\/www.boxrepsol.com\\\/es\\\/motogp\\\/marc-marquez-ha-aumentado-su-ventaja-por-quinta-carrera-consecutiva\\\/#primaryimage\"},\"thumbnailUrl\":\"https:\\\/\\\/bxrepsol.s3.eu-west-1.amazonaws.com\\\/static\\\/2022\\\/08\\\/29082430\\\/00_alberto_puig_austria_motogp_repsol_honda.jpg\",\"keywords\":[\"MotoGP Austria\"],\"articleSection\":[\"MotoGP\"],\"inLanguage\":\"es\",\"potentialAction\":[{\"@type\":\"CommentAction\",\"name\":\"Comment\",\"target\":[\"https:\\\/\\\/www.boxrepsol.com\\\/es\\\/motogp\\\/marc-marquez-ha-aumentado-su-ventaja-por-quinta-carrera-consecutiva\\\/#respond\"]}]},{\"@type\":\"WebPage\",\"@id\":\"https:\\\/\\\/www.boxrepsol.com\\\/es\\\/motogp\\\/marc-marquez-ha-aumentado-su-ventaja-por-quinta-carrera-consecutiva\\\/\",\"url\":\"https:\\\/\\\/www.boxrepsol.com\\\/es\\\/motogp\\\/marc-marquez-ha-aumentado-su-ventaja-por-quinta-carrera-consecutiva\\\/\",\"name\":\"Marc M\u00e1rquez ha aumentado su ventaja por quinta carrera consecutiva\",\"isPartOf\":{\"@id\":\"https:\\\/\\\/www.boxrepsol.com\\\/es\\\/#website\"},\"primaryImageOfPage\":{\"@id\":\"https:\\\/\\\/www.boxrepsol.com\\\/es\\\/motogp\\\/marc-marquez-ha-aumentado-su-ventaja-por-quinta-carrera-consecutiva\\\/#primaryimage\"},\"image\":{\"@id\":\"https:\\\/\\\/www.boxrepsol.com\\\/es\\\/motogp\\\/marc-marquez-ha-aumentado-su-ventaja-por-quinta-carrera-consecutiva\\\/#primaryimage\"},\"thumbnailUrl\":\"https:\\\/\\\/bxrepsol.s3.eu-west-1.amazonaws.com\\\/static\\\/2022\\\/08\\\/29082430\\\/00_alberto_puig_austria_motogp_repsol_honda.jpg\",\"datePublished\":\"2018-08-14T02:00:00+00:00\",\"dateModified\":\"2024-05-22T11:40:13+00:00\",\"description\":\"Alberto Puig, Team Manager del equipo Repsol Honda, analiza el papel de Marc M\u00e1rquez y Dani Pedrosa en la carrera vivida el pasado fin de semana en Austria.\",\"breadcrumb\":{\"@id\":\"https:\\\/\\\/www.boxrepsol.com\\\/es\\\/motogp\\\/marc-marquez-ha-aumentado-su-ventaja-por-quinta-carrera-consecutiva\\\/#breadcrumb\"},\"inLanguage\":\"es\",\"potentialAction\":[{\"@type\":\"ReadAction\",\"target\":[\"https:\\\/\\\/www.boxrepsol.com\\\/es\\\/motogp\\\/marc-marquez-ha-aumentado-su-ventaja-por-quinta-carrera-consecutiva\\\/\"]}]},{\"@type\":\"ImageObject\",\"inLanguage\":\"es\",\"@id\":\"https:\\\/\\\/www.boxrepsol.com\\\/es\\\/motogp\\\/marc-marquez-ha-aumentado-su-ventaja-por-quinta-carrera-consecutiva\\\/#primaryimage\",\"url\":\"https:\\\/\\\/bxrepsol.s3.eu-west-1.amazonaws.com\\\/static\\\/2022\\\/08\\\/29082430\\\/00_alberto_puig_austria_motogp_repsol_honda.jpg\",\"contentUrl\":\"https:\\\/\\\/bxrepsol.s3.eu-west-1.amazonaws.com\\\/static\\\/2022\\\/08\\\/29082430\\\/00_alberto_puig_austria_motogp_repsol_honda.jpg\",\"width\":995,\"height\":560,\"caption\":\"Alberto Puig sobre Marc M\u00e1rquez\"},{\"@type\":\"BreadcrumbList\",\"@id\":\"https:\\\/\\\/www.boxrepsol.com\\\/es\\\/motogp\\\/marc-marquez-ha-aumentado-su-ventaja-por-quinta-carrera-consecutiva\\\/#breadcrumb\",\"itemListElement\":[{\"@type\":\"ListItem\",\"position\":1,\"name\":\"Home\",\"item\":\"https:\\\/\\\/www.boxrepsol.com\\\/es\\\/\"},{\"@type\":\"ListItem\",\"position\":2,\"name\":\"\u201cMarc M\u00e1rquez ha aumentado su ventaja por quinta carrera consecutiva\u201d\"}]},{\"@type\":\"WebSite\",\"@id\":\"https:\\\/\\\/www.boxrepsol.com\\\/es\\\/#website\",\"url\":\"https:\\\/\\\/www.boxrepsol.com\\\/es\\\/\",\"name\":\"Box Repsol\",\"description\":\"Box Repsol Site\",\"publisher\":{\"@id\":\"https:\\\/\\\/www.boxrepsol.com\\\/es\\\/#organization\"},\"potentialAction\":[{\"@type\":\"SearchAction\",\"target\":{\"@type\":\"EntryPoint\",\"urlTemplate\":\"https:\\\/\\\/www.boxrepsol.com\\\/es\\\/?s={search_term_string}\"},\"query-input\":{\"@type\":\"PropertyValueSpecification\",\"valueRequired\":true,\"valueName\":\"search_term_string\"}}],\"inLanguage\":\"es\"},{\"@type\":\"Organization\",\"@id\":\"https:\\\/\\\/www.boxrepsol.com\\\/es\\\/#organization\",\"name\":\"Box Repsol\",\"url\":\"https:\\\/\\\/www.boxrepsol.com\\\/es\\\/\",\"logo\":{\"@type\":\"ImageObject\",\"inLanguage\":\"es\",\"@id\":\"https:\\\/\\\/www.boxrepsol.com\\\/es\\\/#\\\/schema\\\/logo\\\/image\\\/\",\"url\":\"https:\\\/\\\/bxrepsol.s3.eu-west-1.amazonaws.com\\\/static\\\/2025\\\/07\\\/30083337\\\/favicon-96x96-1.png\",\"contentUrl\":\"https:\\\/\\\/bxrepsol.s3.eu-west-1.amazonaws.com\\\/static\\\/2025\\\/07\\\/30083337\\\/favicon-96x96-1.png\",\"width\":96,\"height\":96,\"caption\":\"Box Repsol\"},\"image\":{\"@id\":\"https:\\\/\\\/www.boxrepsol.com\\\/es\\\/#\\\/schema\\\/logo\\\/image\\\/\"},\"sameAs\":[\"https:\\\/\\\/www.facebook.com\\\/BoxRepsol\",\"https:\\\/\\\/x.com\\\/box_repsol\",\"http:\\\/\\\/instagram.com\\\/box_repsol\",\"https:\\\/\\\/www.youtube.com\\\/user\\\/RepsolCompeticion\",\"https:\\\/\\\/www.flickr.com\\\/photos\\\/box_repsol\\\/\"]},{\"@type\":\"Person\",\"@id\":\"https:\\\/\\\/www.boxrepsol.com\\\/es\\\/#\\\/schema\\\/person\\\/c5c2138f2cca251b0ad92b7086bb60b7\",\"name\":\"Redacci\u00f3n Box Repsol\",\"image\":{\"@type\":\"ImageObject\",\"inLanguage\":\"es\",\"@id\":\"https:\\\/\\\/secure.gravatar.com\\\/avatar\\\/adf7b77e38b4419baf32c7e9c21dde01f4e40df611f0978e3006fc4ba0aaab7e?s=96&d=mm&r=g\",\"url\":\"https:\\\/\\\/secure.gravatar.com\\\/avatar\\\/adf7b77e38b4419baf32c7e9c21dde01f4e40df611f0978e3006fc4ba0aaab7e?s=96&d=mm&r=g\",\"contentUrl\":\"https:\\\/\\\/secure.gravatar.com\\\/avatar\\\/adf7b77e38b4419baf32c7e9c21dde01f4e40df611f0978e3006fc4ba0aaab7e?s=96&d=mm&r=g\",\"caption\":\"Redacci\u00f3n Box Repsol\"},\"description\":\"Box Repsol lo forma un equipo de periodistas, community managers, dise\u00f1adores y fot\u00f3grafos con m\u00e1s de 20 a\u00f1os de experiencia en el mundo del motorsport. Hemos vivido el primer mundial de un espa\u00f1ol en la categor\u00eda reina de motociclismo con \u00c1lex Crivill\u00e9, estuvimos en las victorias de Pedrosa y los t\u00edtulos de M\u00e1rquez, acompa\u00f1amos en \u00c1frica a Nani Roma y Marc Coma en sus conquistas del Dakar y hemos vibrado con los t\u00edtulos de Toni Bou en Trial. Adem\u00e1s, en nuestro equipo contamos con expertos en el mundo de las dos y cuatro ruedas tanto de la calle y las carreteras, como de los circuitos. Periodistas que han trabajado en revistas y publicaciones para hacerte llegar desde rutas y consejos de mantenimiento, a curiosidades y trucos de pilotaje.\",\"sameAs\":[\"https:\\\/\\\/www.facebook.com\\\/BoxRepsol\\\/\",\"https:\\\/\\\/www.instagram.com\\\/box_repsol\\\/\",\"https:\\\/\\\/x.com\\\/https:\\\/\\\/twitter.com\\\/box_repsol\",\"https:\\\/\\\/www.youtube.com\\\/@Boxrepsol\"],\"url\":\"https:\\\/\\\/www.boxrepsol.com\\\/es\\\/author\\\/redaccion-box-repsol\\\/\"}]}<\/script>\n<!-- \/ Yoast SEO plugin. -->","yoast_head_json":{"title":"Marc M\u00e1rquez ha aumentado su ventaja por quinta carrera consecutiva","description":"Alberto Puig, Team Manager del equipo Repsol Honda, analiza el papel de Marc M\u00e1rquez y Dani Pedrosa en la carrera vivida el pasado fin de semana en Austria.","canonical":"https:\/\/www.boxrepsol.com\/es\/motogp\/marc-marquez-ha-aumentado-su-ventaja-por-quinta-carrera-consecutiva\/","og_locale":"es_ES","og_type":"article","og_title":"Marc M\u00e1rquez ha aumentado su ventaja por quinta carrera consecutiva","og_description":"Alberto Puig, Team Manager del equipo Repsol Honda, analiza el papel de Marc M\u00e1rquez y Dani Pedrosa en la carrera vivida el pasado fin de semana en Austria.","og_url":"https:\/\/www.boxrepsol.com\/es\/motogp\/marc-marquez-ha-aumentado-su-ventaja-por-quinta-carrera-consecutiva\/","og_site_name":"Box Repsol","article_publisher":"https:\/\/www.facebook.com\/BoxRepsol","article_author":"https:\/\/www.facebook.com\/BoxRepsol\/","article_published_time":"2018-08-14T02:00:00+00:00","article_modified_time":"2024-05-22T11:40:13+00:00","og_image":[{"width":995,"height":560,"url":"https:\/\/bxrepsol.s3.eu-west-1.amazonaws.com\/static\/2022\/08\/29082430\/00_alberto_puig_austria_motogp_repsol_honda.jpg","type":"image\/jpeg"}],"author":"Redacci\u00f3n Box Repsol","twitter_card":"summary_large_image","twitter_creator":"@https:\/\/twitter.com\/box_repsol","twitter_site":"@box_repsol","twitter_misc":{"Written by":"Redacci\u00f3n Box Repsol","Est. reading time":"2 minutos"},"schema":{"@context":"https:\/\/schema.org","@graph":[{"@type":"Article","@id":"https:\/\/www.boxrepsol.com\/es\/motogp\/marc-marquez-ha-aumentado-su-ventaja-por-quinta-carrera-consecutiva\/#article","isPartOf":{"@id":"https:\/\/www.boxrepsol.com\/es\/motogp\/marc-marquez-ha-aumentado-su-ventaja-por-quinta-carrera-consecutiva\/"},"author":{"name":"Redacci\u00f3n Box Repsol","@id":"https:\/\/www.boxrepsol.com\/es\/#\/schema\/person\/c5c2138f2cca251b0ad92b7086bb60b7"},"headline":"\u201cMarc M\u00e1rquez ha aumentado su ventaja por quinta carrera consecutiva\u201d","datePublished":"2018-08-14T02:00:00+00:00","dateModified":"2024-05-22T11:40:13+00:00","mainEntityOfPage":{"@id":"https:\/\/www.boxrepsol.com\/es\/motogp\/marc-marquez-ha-aumentado-su-ventaja-por-quinta-carrera-consecutiva\/"},"wordCount":357,"commentCount":0,"publisher":{"@id":"https:\/\/www.boxrepsol.com\/es\/#organization"},"image":{"@id":"https:\/\/www.boxrepsol.com\/es\/motogp\/marc-marquez-ha-aumentado-su-ventaja-por-quinta-carrera-consecutiva\/#primaryimage"},"thumbnailUrl":"https:\/\/bxrepsol.s3.eu-west-1.amazonaws.com\/static\/2022\/08\/29082430\/00_alberto_puig_austria_motogp_repsol_honda.jpg","keywords":["MotoGP Austria"],"articleSection":["MotoGP"],"inLanguage":"es","potentialAction":[{"@type":"CommentAction","name":"Comment","target":["https:\/\/www.boxrepsol.com\/es\/motogp\/marc-marquez-ha-aumentado-su-ventaja-por-quinta-carrera-consecutiva\/#respond"]}]},{"@type":"WebPage","@id":"https:\/\/www.boxrepsol.com\/es\/motogp\/marc-marquez-ha-aumentado-su-ventaja-por-quinta-carrera-consecutiva\/","url":"https:\/\/www.boxrepsol.com\/es\/motogp\/marc-marquez-ha-aumentado-su-ventaja-por-quinta-carrera-consecutiva\/","name":"Marc M\u00e1rquez ha aumentado su ventaja por quinta carrera consecutiva","isPartOf":{"@id":"https:\/\/www.boxrepsol.com\/es\/#website"},"primaryImageOfPage":{"@id":"https:\/\/www.boxrepsol.com\/es\/motogp\/marc-marquez-ha-aumentado-su-ventaja-por-quinta-carrera-consecutiva\/#primaryimage"},"image":{"@id":"https:\/\/www.boxrepsol.com\/es\/motogp\/marc-marquez-ha-aumentado-su-ventaja-por-quinta-carrera-consecutiva\/#primaryimage"},"thumbnailUrl":"https:\/\/bxrepsol.s3.eu-west-1.amazonaws.com\/static\/2022\/08\/29082430\/00_alberto_puig_austria_motogp_repsol_honda.jpg","datePublished":"2018-08-14T02:00:00+00:00","dateModified":"2024-05-22T11:40:13+00:00","description":"Alberto Puig, Team Manager del equipo Repsol Honda, analiza el papel de Marc M\u00e1rquez y Dani Pedrosa en la carrera vivida el pasado fin de semana en Austria.","breadcrumb":{"@id":"https:\/\/www.boxrepsol.com\/es\/motogp\/marc-marquez-ha-aumentado-su-ventaja-por-quinta-carrera-consecutiva\/#breadcrumb"},"inLanguage":"es","potentialAction":[{"@type":"ReadAction","target":["https:\/\/www.boxrepsol.com\/es\/motogp\/marc-marquez-ha-aumentado-su-ventaja-por-quinta-carrera-consecutiva\/"]}]},{"@type":"ImageObject","inLanguage":"es","@id":"https:\/\/www.boxrepsol.com\/es\/motogp\/marc-marquez-ha-aumentado-su-ventaja-por-quinta-carrera-consecutiva\/#primaryimage","url":"https:\/\/bxrepsol.s3.eu-west-1.amazonaws.com\/static\/2022\/08\/29082430\/00_alberto_puig_austria_motogp_repsol_honda.jpg","contentUrl":"https:\/\/bxrepsol.s3.eu-west-1.amazonaws.com\/static\/2022\/08\/29082430\/00_alberto_puig_austria_motogp_repsol_honda.jpg","width":995,"height":560,"caption":"Alberto Puig sobre Marc M\u00e1rquez"},{"@type":"BreadcrumbList","@id":"https:\/\/www.boxrepsol.com\/es\/motogp\/marc-marquez-ha-aumentado-su-ventaja-por-quinta-carrera-consecutiva\/#breadcrumb","itemListElement":[{"@type":"ListItem","position":1,"name":"Home","item":"https:\/\/www.boxrepsol.com\/es\/"},{"@type":"ListItem","position":2,"name":"\u201cMarc M\u00e1rquez ha aumentado su ventaja por quinta carrera consecutiva\u201d"}]},{"@type":"WebSite","@id":"https:\/\/www.boxrepsol.com\/es\/#website","url":"https:\/\/www.boxrepsol.com\/es\/","name":"Box Repsol","description":"Box Repsol Site","publisher":{"@id":"https:\/\/www.boxrepsol.com\/es\/#organization"},"potentialAction":[{"@type":"SearchAction","target":{"@type":"EntryPoint","urlTemplate":"https:\/\/www.boxrepsol.com\/es\/?s={search_term_string}"},"query-input":{"@type":"PropertyValueSpecification","valueRequired":true,"valueName":"search_term_string"}}],"inLanguage":"es"},{"@type":"Organization","@id":"https:\/\/www.boxrepsol.com\/es\/#organization","name":"Box Repsol","url":"https:\/\/www.boxrepsol.com\/es\/","logo":{"@type":"ImageObject","inLanguage":"es","@id":"https:\/\/www.boxrepsol.com\/es\/#\/schema\/logo\/image\/","url":"https:\/\/bxrepsol.s3.eu-west-1.amazonaws.com\/static\/2025\/07\/30083337\/favicon-96x96-1.png","contentUrl":"https:\/\/bxrepsol.s3.eu-west-1.amazonaws.com\/static\/2025\/07\/30083337\/favicon-96x96-1.png","width":96,"height":96,"caption":"Box Repsol"},"image":{"@id":"https:\/\/www.boxrepsol.com\/es\/#\/schema\/logo\/image\/"},"sameAs":["https:\/\/www.facebook.com\/BoxRepsol","https:\/\/x.com\/box_repsol","http:\/\/instagram.com\/box_repsol","https:\/\/www.youtube.com\/user\/RepsolCompeticion","https:\/\/www.flickr.com\/photos\/box_repsol\/"]},{"@type":"Person","@id":"https:\/\/www.boxrepsol.com\/es\/#\/schema\/person\/c5c2138f2cca251b0ad92b7086bb60b7","name":"Redacci\u00f3n Box Repsol","image":{"@type":"ImageObject","inLanguage":"es","@id":"https:\/\/secure.gravatar.com\/avatar\/adf7b77e38b4419baf32c7e9c21dde01f4e40df611f0978e3006fc4ba0aaab7e?s=96&d=mm&r=g","url":"https:\/\/secure.gravatar.com\/avatar\/adf7b77e38b4419baf32c7e9c21dde01f4e40df611f0978e3006fc4ba0aaab7e?s=96&d=mm&r=g","contentUrl":"https:\/\/secure.gravatar.com\/avatar\/adf7b77e38b4419baf32c7e9c21dde01f4e40df611f0978e3006fc4ba0aaab7e?s=96&d=mm&r=g","caption":"Redacci\u00f3n Box Repsol"},"description":"Box Repsol lo forma un equipo de periodistas, community managers, dise\u00f1adores y fot\u00f3grafos con m\u00e1s de 20 a\u00f1os de experiencia en el mundo del motorsport. Hemos vivido el primer mundial de un espa\u00f1ol en la categor\u00eda reina de motociclismo con \u00c1lex Crivill\u00e9, estuvimos en las victorias de Pedrosa y los t\u00edtulos de M\u00e1rquez, acompa\u00f1amos en \u00c1frica a Nani Roma y Marc Coma en sus conquistas del Dakar y hemos vibrado con los t\u00edtulos de Toni Bou en Trial. Adem\u00e1s, en nuestro equipo contamos con expertos en el mundo de las dos y cuatro ruedas tanto de la calle y las carreteras, como de los circuitos. Periodistas que han trabajado en revistas y publicaciones para hacerte llegar desde rutas y consejos de mantenimiento, a curiosidades y trucos de pilotaje.","sameAs":["https:\/\/www.facebook.com\/BoxRepsol\/","https:\/\/www.instagram.com\/box_repsol\/","https:\/\/x.com\/https:\/\/twitter.com\/box_repsol","https:\/\/www.youtube.com\/@Boxrepsol"],"url":"https:\/\/www.boxrepsol.com\/es\/author\/redaccion-box-repsol\/"}]}},"_links":{"self":[{"href":"https:\/\/www.boxrepsol.com\/es\/wp-json\/wp\/v2\/posts\/93320","targetHints":{"allow":["GET"]}}],"collection":[{"href":"https:\/\/www.boxrepsol.com\/es\/wp-json\/wp\/v2\/posts"}],"about":[{"href":"https:\/\/www.boxrepsol.com\/es\/wp-json\/wp\/v2\/types\/post"}],"author":[{"embeddable":true,"href":"https:\/\/www.boxrepsol.com\/es\/wp-json\/wp\/v2\/users\/43146"}],"replies":[{"embeddable":true,"href":"https:\/\/www.boxrepsol.com\/es\/wp-json\/wp\/v2\/comments?post=93320"}],"version-history":[{"count":1,"href":"https:\/\/www.boxrepsol.com\/es\/wp-json\/wp\/v2\/posts\/93320\/revisions"}],"predecessor-version":[{"id":116606,"href":"https:\/\/www.boxrepsol.com\/es\/wp-json\/wp\/v2\/posts\/93320\/revisions\/116606"}],"wp:featuredmedia":[{"embeddable":true,"href":"https:\/\/www.boxrepsol.com\/es\/wp-json\/wp\/v2\/media\/59069"}],"wp:attachment":[{"href":"https:\/\/www.boxrepsol.com\/es\/wp-json\/wp\/v2\/media?parent=93320"}],"wp:term":[{"taxonomy":"category","embeddable":true,"href":"https:\/\/www.boxrepsol.com\/es\/wp-json\/wp\/v2\/categories?post=93320"},{"taxonomy":"post_tag","embeddable":true,"href":"https:\/\/www.boxrepsol.com\/es\/wp-json\/wp\/v2\/tags?post=93320"}],"curies":[{"name":"wp","href":"https:\/\/api.w.org\/{rel}","templated":true}]}}