{"id":93316,"date":"2018-08-12T00:00:00","date_gmt":"2018-08-12T02:00:00","guid":{"rendered":"http:\/\/pre.boxrepsol.com\/sin-categorizar\/podio-marquez-una-intensa-carrera-austria\/"},"modified":"2024-05-22T09:40:26","modified_gmt":"2024-05-22T11:40:26","slug":"podio-marquez-una-intensa-carrera-austria","status":"publish","type":"post","link":"https:\/\/www.boxrepsol.com\/es\/motogp\/podio-marquez-una-intensa-carrera-austria\/","title":{"rendered":"Podio de M\u00e1rquez en una intensa carrera en Austria"},"content":{"rendered":"<blockquote>\n<p>He disfrutado mucho de la carrera porque, aunque haya terminado segundo, lo he dado todo<\/p>\n<p>            <a href=\"http:\/\/twitter.com\/share?text=He+disfrutado+mucho+de+la+carrera+porque%2C+aunque+haya+terminado+segundo%2C+lo+he+dado+todo&#038;url=https%3A%2F%2Fwww.boxrepsol.com%2Fes%2F%3Fp%3D23369%2F&#038;hashtags=\" target=\"_blank\" data-datalayer='{\"event\": \"socialInteraction\", \"socialNetwork\": \"Twitter\", \"socialAction\": \"Compartir\", \"socialTarget\": \"Frase\"}' rel=\"noopener\"><br \/>\n            twittear        <\/a><\/p>\n<footer>Marc M\u00e1rquez<\/footer>\n<\/blockquote>\n<p>Los dos pilotos de Ducati han dado caza al <strong>vigente Campe\u00f3n del Mundo<\/strong> en el decimoctavo giro, aunque finalmente ha sido con Lorenzo con quien se ha jugado la victoria en una<a href=\"https:\/\/twitter.com\/box_repsol\/status\/1028651102496010240\"> espectacular \u00faltima vuelta<\/a>.<\/p>\n<p>Con este resultado, <strong>M\u00e1rquez<\/strong> iguala a Max Biaggi con 111 podios mundialistas y aumenta diez puntos -59 ahora- su ventaja al frente del campeonato.<\/p>\n<p><strong>Dani Pedrosa<\/strong>, que ha perdido cuatro posiciones tras la salida, ha hecho una carrera remontando y ha concluido la prueba s\u00e9ptimo.<\/p>\n<p>Con los resultados de hoy de sus dos pilotos, el equipo Repsol Honda se marcha de Austria liderando la clasificaci\u00f3n por equipos.<\/p>\n<h3>\n\t\tMarc M\u00e1rquez<br \/>\n\t<\/h3>\n<blockquote>\n<p>He disfrutado mucho de la carrera porque, aunque haya terminado segundo, lo he dado todo. En Brno no ten\u00eda demasiada confianza y, por el contrario, aqu\u00ed lo he intentado. He empezado a apretar desde el inicio, ya que he montado el neum\u00e1tico duro atr\u00e1s con el objetivo de intentar abrir un peque\u00f1o hueco en las primeras vueltas; sab\u00eda que Dovizioso y Lorenzo ser\u00edan muy r\u00e1pidos al final de carrera, cuando los neum\u00e1ticos bajaran su rendimiento. Esta ha sido nuestra estrategia hoy. Por un momento he pensado que ser\u00eda capaz de hacerlo pero, a las pocas vueltas, han conseguido darme caza. Ha sido una gran lucha. He intentado defenderme, cambiar mi trayectoria, pero ha sido imposible. Esta es una pista en la cual ellos van muy r\u00e1pidos, especialmente en la recta. As\u00ed que, con esta situaci\u00f3n, hemos intentado gestionar las cosas de la mejor forma posible. Nosotros tambi\u00e9n ten\u00edamos puntos fuertes: \u00e9ramos competitivos en las frenadas y entrando en las curvas. Estoy seguro de que esto lo utilizaremos en otras pistas. Hasta ahora hemos estado siempre ah\u00ed, en el podio, y eso es lo m\u00e1s importante. Solo hemos perdido cinco puntos respecto a Lorenzo, pero le hemos ganado diez a Valentino [Rossi], que es segundo en la general. Estamos contentos con este resultado, hemos hecho un buen trabajo.<\/p>\n<\/blockquote>\n<h3>\n\t\tDani Pedrosa<br \/>\n\t<\/h3>\n<blockquote>\n<p>Tras la salida, la primera vuelta ha sido un poco ca\u00f3tica; un par de curvas despu\u00e9s ha pasado algo entre Smith, Rossi, Zarco y no recuerdo qui\u00e9n m\u00e1s, que me ha hecho salir de la pista perdiendo cinco o seis posiciones. Me he visto muy lejos del grupo. Como de costumbre, al inicio he tenido problemas son las sensaciones de la moto y el agarre, as\u00ed que me ha llevado algo de tiempo conseguir un buen ritmo. Cuando me he sentido m\u00e1s c\u00f3modo, he empezado a hacer algunos adelantamientos y la situaci\u00f3n ha empezado a ir cada vez mejor. Esto es algo que tenemos que solucionar porque, cuando empiezo a ir r\u00e1pido, nuestras opciones de hacer una buena carrera se han esfumado.<\/p>\n<\/blockquote>\n","protected":false},"excerpt":{"rendered":"<p>El piloto del equipo Repsol Honda ha conseguido un trabajado segundo puesto en el GP de Austria, con Dani Pedrosa en la s\u00e9ptima posici\u00f3n.<\/p>\n","protected":false},"author":43146,"featured_media":59049,"comment_status":"open","ping_status":"open","sticky":false,"template":"","format":"standard","meta":{"footnotes":""},"categories":[4],"tags":[145],"class_list":["post-93316","post","type-post","status-publish","format-standard","hentry","category-motogp","tag-motogp-austria"],"yoast_head":"<!-- This site is optimized with the Yoast SEO plugin v27.3 - https:\/\/yoast.com\/product\/yoast-seo-wordpress\/ -->\n<title>Podio de M\u00e1rquez en una intensa carrera en Austria - Box Repsol<\/title>\n<meta name=\"description\" content=\"El piloto del equipo Repsol Honda ha conseguido un trabajado segundo puesto en Austria, con Dani Pedrosa en la s\u00e9ptima posici\u00f3n.\" \/>\n<link rel=\"canonical\" href=\"https:\/\/www.boxrepsol.com\/es\/motogp\/podio-marquez-una-intensa-carrera-austria\/\" \/>\n<meta property=\"og:locale\" content=\"es_ES\" \/>\n<meta property=\"og:type\" content=\"article\" \/>\n<meta property=\"og:title\" content=\"Podio de M\u00e1rquez en una intensa carrera en Austria - Box Repsol\" \/>\n<meta property=\"og:description\" content=\"El piloto del equipo Repsol Honda ha conseguido un trabajado segundo puesto en Austria, con Dani Pedrosa en la s\u00e9ptima posici\u00f3n.\" \/>\n<meta property=\"og:url\" content=\"https:\/\/www.boxrepsol.com\/es\/motogp\/podio-marquez-una-intensa-carrera-austria\/\" \/>\n<meta property=\"og:site_name\" content=\"Box Repsol\" \/>\n<meta property=\"article:publisher\" content=\"https:\/\/www.facebook.com\/BoxRepsol\" \/>\n<meta property=\"article:author\" content=\"https:\/\/www.facebook.com\/BoxRepsol\/\" \/>\n<meta property=\"article:published_time\" content=\"2018-08-12T02:00:00+00:00\" \/>\n<meta property=\"article:modified_time\" content=\"2024-05-22T11:40:26+00:00\" \/>\n<meta property=\"og:image\" content=\"https:\/\/bxrepsol.s3.eu-west-1.amazonaws.com\/static\/2022\/08\/29082420\/Marc-Marquez-en-la-carrera-de-Austria-2018.jpg\" \/>\n\t<meta property=\"og:image:width\" content=\"995\" \/>\n\t<meta property=\"og:image:height\" content=\"560\" \/>\n\t<meta property=\"og:image:type\" content=\"image\/jpeg\" \/>\n<meta name=\"author\" content=\"Redacci\u00f3n Box Repsol\" \/>\n<meta name=\"twitter:card\" content=\"summary_large_image\" \/>\n<meta name=\"twitter:creator\" content=\"@https:\/\/twitter.com\/box_repsol\" \/>\n<meta name=\"twitter:site\" content=\"@box_repsol\" \/>\n<meta name=\"twitter:label1\" content=\"Written by\" \/>\n\t<meta name=\"twitter:data1\" content=\"Redacci\u00f3n Box Repsol\" \/>\n\t<meta name=\"twitter:label2\" content=\"Est. reading time\" \/>\n\t<meta name=\"twitter:data2\" content=\"2 minutos\" \/>\n<script type=\"application\/ld+json\" class=\"yoast-schema-graph\">{\"@context\":\"https:\\\/\\\/schema.org\",\"@graph\":[{\"@type\":\"Article\",\"@id\":\"https:\\\/\\\/www.boxrepsol.com\\\/es\\\/motogp\\\/podio-marquez-una-intensa-carrera-austria\\\/#article\",\"isPartOf\":{\"@id\":\"https:\\\/\\\/www.boxrepsol.com\\\/es\\\/motogp\\\/podio-marquez-una-intensa-carrera-austria\\\/\"},\"author\":{\"name\":\"Redacci\u00f3n Box Repsol\",\"@id\":\"https:\\\/\\\/www.boxrepsol.com\\\/es\\\/#\\\/schema\\\/person\\\/c5c2138f2cca251b0ad92b7086bb60b7\"},\"headline\":\"Podio de M\u00e1rquez en una intensa carrera en Austria\",\"datePublished\":\"2018-08-12T02:00:00+00:00\",\"dateModified\":\"2024-05-22T11:40:26+00:00\",\"mainEntityOfPage\":{\"@id\":\"https:\\\/\\\/www.boxrepsol.com\\\/es\\\/motogp\\\/podio-marquez-una-intensa-carrera-austria\\\/\"},\"wordCount\":500,\"commentCount\":0,\"publisher\":{\"@id\":\"https:\\\/\\\/www.boxrepsol.com\\\/es\\\/#organization\"},\"image\":{\"@id\":\"https:\\\/\\\/www.boxrepsol.com\\\/es\\\/motogp\\\/podio-marquez-una-intensa-carrera-austria\\\/#primaryimage\"},\"thumbnailUrl\":\"https:\\\/\\\/bxrepsol.s3.eu-west-1.amazonaws.com\\\/static\\\/2022\\\/08\\\/29082420\\\/Marc-Marquez-en-la-carrera-de-Austria-2018.jpg\",\"keywords\":[\"MotoGP Austria\"],\"articleSection\":[\"MotoGP\"],\"inLanguage\":\"es\",\"potentialAction\":[{\"@type\":\"CommentAction\",\"name\":\"Comment\",\"target\":[\"https:\\\/\\\/www.boxrepsol.com\\\/es\\\/motogp\\\/podio-marquez-una-intensa-carrera-austria\\\/#respond\"]}]},{\"@type\":\"WebPage\",\"@id\":\"https:\\\/\\\/www.boxrepsol.com\\\/es\\\/motogp\\\/podio-marquez-una-intensa-carrera-austria\\\/\",\"url\":\"https:\\\/\\\/www.boxrepsol.com\\\/es\\\/motogp\\\/podio-marquez-una-intensa-carrera-austria\\\/\",\"name\":\"Podio de M\u00e1rquez en una intensa carrera en Austria - Box Repsol\",\"isPartOf\":{\"@id\":\"https:\\\/\\\/www.boxrepsol.com\\\/es\\\/#website\"},\"primaryImageOfPage\":{\"@id\":\"https:\\\/\\\/www.boxrepsol.com\\\/es\\\/motogp\\\/podio-marquez-una-intensa-carrera-austria\\\/#primaryimage\"},\"image\":{\"@id\":\"https:\\\/\\\/www.boxrepsol.com\\\/es\\\/motogp\\\/podio-marquez-una-intensa-carrera-austria\\\/#primaryimage\"},\"thumbnailUrl\":\"https:\\\/\\\/bxrepsol.s3.eu-west-1.amazonaws.com\\\/static\\\/2022\\\/08\\\/29082420\\\/Marc-Marquez-en-la-carrera-de-Austria-2018.jpg\",\"datePublished\":\"2018-08-12T02:00:00+00:00\",\"dateModified\":\"2024-05-22T11:40:26+00:00\",\"description\":\"El piloto del equipo Repsol Honda ha conseguido un trabajado segundo puesto en Austria, con Dani Pedrosa en la s\u00e9ptima posici\u00f3n.\",\"breadcrumb\":{\"@id\":\"https:\\\/\\\/www.boxrepsol.com\\\/es\\\/motogp\\\/podio-marquez-una-intensa-carrera-austria\\\/#breadcrumb\"},\"inLanguage\":\"es\",\"potentialAction\":[{\"@type\":\"ReadAction\",\"target\":[\"https:\\\/\\\/www.boxrepsol.com\\\/es\\\/motogp\\\/podio-marquez-una-intensa-carrera-austria\\\/\"]}]},{\"@type\":\"ImageObject\",\"inLanguage\":\"es\",\"@id\":\"https:\\\/\\\/www.boxrepsol.com\\\/es\\\/motogp\\\/podio-marquez-una-intensa-carrera-austria\\\/#primaryimage\",\"url\":\"https:\\\/\\\/bxrepsol.s3.eu-west-1.amazonaws.com\\\/static\\\/2022\\\/08\\\/29082420\\\/Marc-Marquez-en-la-carrera-de-Austria-2018.jpg\",\"contentUrl\":\"https:\\\/\\\/bxrepsol.s3.eu-west-1.amazonaws.com\\\/static\\\/2022\\\/08\\\/29082420\\\/Marc-Marquez-en-la-carrera-de-Austria-2018.jpg\",\"width\":995,\"height\":560,\"caption\":\"MotoGP, Moto3, Carrera, Motociclismo, GP de Austria, 2018, Dani Pedrosa, Marc M\u00e1rquez, Equipo Repsol Honda, HRC\"},{\"@type\":\"BreadcrumbList\",\"@id\":\"https:\\\/\\\/www.boxrepsol.com\\\/es\\\/motogp\\\/podio-marquez-una-intensa-carrera-austria\\\/#breadcrumb\",\"itemListElement\":[{\"@type\":\"ListItem\",\"position\":1,\"name\":\"Home\",\"item\":\"https:\\\/\\\/www.boxrepsol.com\\\/es\\\/\"},{\"@type\":\"ListItem\",\"position\":2,\"name\":\"Podio de M\u00e1rquez en una intensa carrera en Austria\"}]},{\"@type\":\"WebSite\",\"@id\":\"https:\\\/\\\/www.boxrepsol.com\\\/es\\\/#website\",\"url\":\"https:\\\/\\\/www.boxrepsol.com\\\/es\\\/\",\"name\":\"Box Repsol\",\"description\":\"Box Repsol Site\",\"publisher\":{\"@id\":\"https:\\\/\\\/www.boxrepsol.com\\\/es\\\/#organization\"},\"potentialAction\":[{\"@type\":\"SearchAction\",\"target\":{\"@type\":\"EntryPoint\",\"urlTemplate\":\"https:\\\/\\\/www.boxrepsol.com\\\/es\\\/?s={search_term_string}\"},\"query-input\":{\"@type\":\"PropertyValueSpecification\",\"valueRequired\":true,\"valueName\":\"search_term_string\"}}],\"inLanguage\":\"es\"},{\"@type\":\"Organization\",\"@id\":\"https:\\\/\\\/www.boxrepsol.com\\\/es\\\/#organization\",\"name\":\"Box Repsol\",\"url\":\"https:\\\/\\\/www.boxrepsol.com\\\/es\\\/\",\"logo\":{\"@type\":\"ImageObject\",\"inLanguage\":\"es\",\"@id\":\"https:\\\/\\\/www.boxrepsol.com\\\/es\\\/#\\\/schema\\\/logo\\\/image\\\/\",\"url\":\"https:\\\/\\\/bxrepsol.s3.eu-west-1.amazonaws.com\\\/static\\\/2025\\\/07\\\/30083337\\\/favicon-96x96-1.png\",\"contentUrl\":\"https:\\\/\\\/bxrepsol.s3.eu-west-1.amazonaws.com\\\/static\\\/2025\\\/07\\\/30083337\\\/favicon-96x96-1.png\",\"width\":96,\"height\":96,\"caption\":\"Box Repsol\"},\"image\":{\"@id\":\"https:\\\/\\\/www.boxrepsol.com\\\/es\\\/#\\\/schema\\\/logo\\\/image\\\/\"},\"sameAs\":[\"https:\\\/\\\/www.facebook.com\\\/BoxRepsol\",\"https:\\\/\\\/x.com\\\/box_repsol\",\"http:\\\/\\\/instagram.com\\\/box_repsol\",\"https:\\\/\\\/www.youtube.com\\\/user\\\/RepsolCompeticion\",\"https:\\\/\\\/www.flickr.com\\\/photos\\\/box_repsol\\\/\"]},{\"@type\":\"Person\",\"@id\":\"https:\\\/\\\/www.boxrepsol.com\\\/es\\\/#\\\/schema\\\/person\\\/c5c2138f2cca251b0ad92b7086bb60b7\",\"name\":\"Redacci\u00f3n Box Repsol\",\"image\":{\"@type\":\"ImageObject\",\"inLanguage\":\"es\",\"@id\":\"https:\\\/\\\/secure.gravatar.com\\\/avatar\\\/adf7b77e38b4419baf32c7e9c21dde01f4e40df611f0978e3006fc4ba0aaab7e?s=96&d=mm&r=g\",\"url\":\"https:\\\/\\\/secure.gravatar.com\\\/avatar\\\/adf7b77e38b4419baf32c7e9c21dde01f4e40df611f0978e3006fc4ba0aaab7e?s=96&d=mm&r=g\",\"contentUrl\":\"https:\\\/\\\/secure.gravatar.com\\\/avatar\\\/adf7b77e38b4419baf32c7e9c21dde01f4e40df611f0978e3006fc4ba0aaab7e?s=96&d=mm&r=g\",\"caption\":\"Redacci\u00f3n Box Repsol\"},\"description\":\"Box Repsol lo forma un equipo de periodistas, community managers, dise\u00f1adores y fot\u00f3grafos con m\u00e1s de 20 a\u00f1os de experiencia en el mundo del motorsport. Hemos vivido el primer mundial de un espa\u00f1ol en la categor\u00eda reina de motociclismo con \u00c1lex Crivill\u00e9, estuvimos en las victorias de Pedrosa y los t\u00edtulos de M\u00e1rquez, acompa\u00f1amos en \u00c1frica a Nani Roma y Marc Coma en sus conquistas del Dakar y hemos vibrado con los t\u00edtulos de Toni Bou en Trial. Adem\u00e1s, en nuestro equipo contamos con expertos en el mundo de las dos y cuatro ruedas tanto de la calle y las carreteras, como de los circuitos. Periodistas que han trabajado en revistas y publicaciones para hacerte llegar desde rutas y consejos de mantenimiento, a curiosidades y trucos de pilotaje.\",\"sameAs\":[\"https:\\\/\\\/www.facebook.com\\\/BoxRepsol\\\/\",\"https:\\\/\\\/www.instagram.com\\\/box_repsol\\\/\",\"https:\\\/\\\/x.com\\\/https:\\\/\\\/twitter.com\\\/box_repsol\",\"https:\\\/\\\/www.youtube.com\\\/@Boxrepsol\"],\"url\":\"https:\\\/\\\/www.boxrepsol.com\\\/es\\\/author\\\/redaccion-box-repsol\\\/\"}]}<\/script>\n<!-- \/ Yoast SEO plugin. -->","yoast_head_json":{"title":"Podio de M\u00e1rquez en una intensa carrera en Austria - Box Repsol","description":"El piloto del equipo Repsol Honda ha conseguido un trabajado segundo puesto en Austria, con Dani Pedrosa en la s\u00e9ptima posici\u00f3n.","canonical":"https:\/\/www.boxrepsol.com\/es\/motogp\/podio-marquez-una-intensa-carrera-austria\/","og_locale":"es_ES","og_type":"article","og_title":"Podio de M\u00e1rquez en una intensa carrera en Austria - Box Repsol","og_description":"El piloto del equipo Repsol Honda ha conseguido un trabajado segundo puesto en Austria, con Dani Pedrosa en la s\u00e9ptima posici\u00f3n.","og_url":"https:\/\/www.boxrepsol.com\/es\/motogp\/podio-marquez-una-intensa-carrera-austria\/","og_site_name":"Box Repsol","article_publisher":"https:\/\/www.facebook.com\/BoxRepsol","article_author":"https:\/\/www.facebook.com\/BoxRepsol\/","article_published_time":"2018-08-12T02:00:00+00:00","article_modified_time":"2024-05-22T11:40:26+00:00","og_image":[{"width":995,"height":560,"url":"https:\/\/bxrepsol.s3.eu-west-1.amazonaws.com\/static\/2022\/08\/29082420\/Marc-Marquez-en-la-carrera-de-Austria-2018.jpg","type":"image\/jpeg"}],"author":"Redacci\u00f3n Box Repsol","twitter_card":"summary_large_image","twitter_creator":"@https:\/\/twitter.com\/box_repsol","twitter_site":"@box_repsol","twitter_misc":{"Written by":"Redacci\u00f3n Box Repsol","Est. reading time":"2 minutos"},"schema":{"@context":"https:\/\/schema.org","@graph":[{"@type":"Article","@id":"https:\/\/www.boxrepsol.com\/es\/motogp\/podio-marquez-una-intensa-carrera-austria\/#article","isPartOf":{"@id":"https:\/\/www.boxrepsol.com\/es\/motogp\/podio-marquez-una-intensa-carrera-austria\/"},"author":{"name":"Redacci\u00f3n Box Repsol","@id":"https:\/\/www.boxrepsol.com\/es\/#\/schema\/person\/c5c2138f2cca251b0ad92b7086bb60b7"},"headline":"Podio de M\u00e1rquez en una intensa carrera en Austria","datePublished":"2018-08-12T02:00:00+00:00","dateModified":"2024-05-22T11:40:26+00:00","mainEntityOfPage":{"@id":"https:\/\/www.boxrepsol.com\/es\/motogp\/podio-marquez-una-intensa-carrera-austria\/"},"wordCount":500,"commentCount":0,"publisher":{"@id":"https:\/\/www.boxrepsol.com\/es\/#organization"},"image":{"@id":"https:\/\/www.boxrepsol.com\/es\/motogp\/podio-marquez-una-intensa-carrera-austria\/#primaryimage"},"thumbnailUrl":"https:\/\/bxrepsol.s3.eu-west-1.amazonaws.com\/static\/2022\/08\/29082420\/Marc-Marquez-en-la-carrera-de-Austria-2018.jpg","keywords":["MotoGP Austria"],"articleSection":["MotoGP"],"inLanguage":"es","potentialAction":[{"@type":"CommentAction","name":"Comment","target":["https:\/\/www.boxrepsol.com\/es\/motogp\/podio-marquez-una-intensa-carrera-austria\/#respond"]}]},{"@type":"WebPage","@id":"https:\/\/www.boxrepsol.com\/es\/motogp\/podio-marquez-una-intensa-carrera-austria\/","url":"https:\/\/www.boxrepsol.com\/es\/motogp\/podio-marquez-una-intensa-carrera-austria\/","name":"Podio de M\u00e1rquez en una intensa carrera en Austria - Box Repsol","isPartOf":{"@id":"https:\/\/www.boxrepsol.com\/es\/#website"},"primaryImageOfPage":{"@id":"https:\/\/www.boxrepsol.com\/es\/motogp\/podio-marquez-una-intensa-carrera-austria\/#primaryimage"},"image":{"@id":"https:\/\/www.boxrepsol.com\/es\/motogp\/podio-marquez-una-intensa-carrera-austria\/#primaryimage"},"thumbnailUrl":"https:\/\/bxrepsol.s3.eu-west-1.amazonaws.com\/static\/2022\/08\/29082420\/Marc-Marquez-en-la-carrera-de-Austria-2018.jpg","datePublished":"2018-08-12T02:00:00+00:00","dateModified":"2024-05-22T11:40:26+00:00","description":"El piloto del equipo Repsol Honda ha conseguido un trabajado segundo puesto en Austria, con Dani Pedrosa en la s\u00e9ptima posici\u00f3n.","breadcrumb":{"@id":"https:\/\/www.boxrepsol.com\/es\/motogp\/podio-marquez-una-intensa-carrera-austria\/#breadcrumb"},"inLanguage":"es","potentialAction":[{"@type":"ReadAction","target":["https:\/\/www.boxrepsol.com\/es\/motogp\/podio-marquez-una-intensa-carrera-austria\/"]}]},{"@type":"ImageObject","inLanguage":"es","@id":"https:\/\/www.boxrepsol.com\/es\/motogp\/podio-marquez-una-intensa-carrera-austria\/#primaryimage","url":"https:\/\/bxrepsol.s3.eu-west-1.amazonaws.com\/static\/2022\/08\/29082420\/Marc-Marquez-en-la-carrera-de-Austria-2018.jpg","contentUrl":"https:\/\/bxrepsol.s3.eu-west-1.amazonaws.com\/static\/2022\/08\/29082420\/Marc-Marquez-en-la-carrera-de-Austria-2018.jpg","width":995,"height":560,"caption":"MotoGP, Moto3, Carrera, Motociclismo, GP de Austria, 2018, Dani Pedrosa, Marc M\u00e1rquez, Equipo Repsol Honda, HRC"},{"@type":"BreadcrumbList","@id":"https:\/\/www.boxrepsol.com\/es\/motogp\/podio-marquez-una-intensa-carrera-austria\/#breadcrumb","itemListElement":[{"@type":"ListItem","position":1,"name":"Home","item":"https:\/\/www.boxrepsol.com\/es\/"},{"@type":"ListItem","position":2,"name":"Podio de M\u00e1rquez en una intensa carrera en Austria"}]},{"@type":"WebSite","@id":"https:\/\/www.boxrepsol.com\/es\/#website","url":"https:\/\/www.boxrepsol.com\/es\/","name":"Box Repsol","description":"Box Repsol Site","publisher":{"@id":"https:\/\/www.boxrepsol.com\/es\/#organization"},"potentialAction":[{"@type":"SearchAction","target":{"@type":"EntryPoint","urlTemplate":"https:\/\/www.boxrepsol.com\/es\/?s={search_term_string}"},"query-input":{"@type":"PropertyValueSpecification","valueRequired":true,"valueName":"search_term_string"}}],"inLanguage":"es"},{"@type":"Organization","@id":"https:\/\/www.boxrepsol.com\/es\/#organization","name":"Box Repsol","url":"https:\/\/www.boxrepsol.com\/es\/","logo":{"@type":"ImageObject","inLanguage":"es","@id":"https:\/\/www.boxrepsol.com\/es\/#\/schema\/logo\/image\/","url":"https:\/\/bxrepsol.s3.eu-west-1.amazonaws.com\/static\/2025\/07\/30083337\/favicon-96x96-1.png","contentUrl":"https:\/\/bxrepsol.s3.eu-west-1.amazonaws.com\/static\/2025\/07\/30083337\/favicon-96x96-1.png","width":96,"height":96,"caption":"Box Repsol"},"image":{"@id":"https:\/\/www.boxrepsol.com\/es\/#\/schema\/logo\/image\/"},"sameAs":["https:\/\/www.facebook.com\/BoxRepsol","https:\/\/x.com\/box_repsol","http:\/\/instagram.com\/box_repsol","https:\/\/www.youtube.com\/user\/RepsolCompeticion","https:\/\/www.flickr.com\/photos\/box_repsol\/"]},{"@type":"Person","@id":"https:\/\/www.boxrepsol.com\/es\/#\/schema\/person\/c5c2138f2cca251b0ad92b7086bb60b7","name":"Redacci\u00f3n Box Repsol","image":{"@type":"ImageObject","inLanguage":"es","@id":"https:\/\/secure.gravatar.com\/avatar\/adf7b77e38b4419baf32c7e9c21dde01f4e40df611f0978e3006fc4ba0aaab7e?s=96&d=mm&r=g","url":"https:\/\/secure.gravatar.com\/avatar\/adf7b77e38b4419baf32c7e9c21dde01f4e40df611f0978e3006fc4ba0aaab7e?s=96&d=mm&r=g","contentUrl":"https:\/\/secure.gravatar.com\/avatar\/adf7b77e38b4419baf32c7e9c21dde01f4e40df611f0978e3006fc4ba0aaab7e?s=96&d=mm&r=g","caption":"Redacci\u00f3n Box Repsol"},"description":"Box Repsol lo forma un equipo de periodistas, community managers, dise\u00f1adores y fot\u00f3grafos con m\u00e1s de 20 a\u00f1os de experiencia en el mundo del motorsport. Hemos vivido el primer mundial de un espa\u00f1ol en la categor\u00eda reina de motociclismo con \u00c1lex Crivill\u00e9, estuvimos en las victorias de Pedrosa y los t\u00edtulos de M\u00e1rquez, acompa\u00f1amos en \u00c1frica a Nani Roma y Marc Coma en sus conquistas del Dakar y hemos vibrado con los t\u00edtulos de Toni Bou en Trial. Adem\u00e1s, en nuestro equipo contamos con expertos en el mundo de las dos y cuatro ruedas tanto de la calle y las carreteras, como de los circuitos. Periodistas que han trabajado en revistas y publicaciones para hacerte llegar desde rutas y consejos de mantenimiento, a curiosidades y trucos de pilotaje.","sameAs":["https:\/\/www.facebook.com\/BoxRepsol\/","https:\/\/www.instagram.com\/box_repsol\/","https:\/\/x.com\/https:\/\/twitter.com\/box_repsol","https:\/\/www.youtube.com\/@Boxrepsol"],"url":"https:\/\/www.boxrepsol.com\/es\/author\/redaccion-box-repsol\/"}]}},"_links":{"self":[{"href":"https:\/\/www.boxrepsol.com\/es\/wp-json\/wp\/v2\/posts\/93316","targetHints":{"allow":["GET"]}}],"collection":[{"href":"https:\/\/www.boxrepsol.com\/es\/wp-json\/wp\/v2\/posts"}],"about":[{"href":"https:\/\/www.boxrepsol.com\/es\/wp-json\/wp\/v2\/types\/post"}],"author":[{"embeddable":true,"href":"https:\/\/www.boxrepsol.com\/es\/wp-json\/wp\/v2\/users\/43146"}],"replies":[{"embeddable":true,"href":"https:\/\/www.boxrepsol.com\/es\/wp-json\/wp\/v2\/comments?post=93316"}],"version-history":[{"count":1,"href":"https:\/\/www.boxrepsol.com\/es\/wp-json\/wp\/v2\/posts\/93316\/revisions"}],"predecessor-version":[{"id":116608,"href":"https:\/\/www.boxrepsol.com\/es\/wp-json\/wp\/v2\/posts\/93316\/revisions\/116608"}],"wp:featuredmedia":[{"embeddable":true,"href":"https:\/\/www.boxrepsol.com\/es\/wp-json\/wp\/v2\/media\/59049"}],"wp:attachment":[{"href":"https:\/\/www.boxrepsol.com\/es\/wp-json\/wp\/v2\/media?parent=93316"}],"wp:term":[{"taxonomy":"category","embeddable":true,"href":"https:\/\/www.boxrepsol.com\/es\/wp-json\/wp\/v2\/categories?post=93316"},{"taxonomy":"post_tag","embeddable":true,"href":"https:\/\/www.boxrepsol.com\/es\/wp-json\/wp\/v2\/tags?post=93316"}],"curies":[{"name":"wp","href":"https:\/\/api.w.org\/{rel}","templated":true}]}}