{"id":93309,"date":"2018-08-09T00:00:00","date_gmt":"2018-08-09T02:00:00","guid":{"rendered":"http:\/\/pre.boxrepsol.com\/sin-categorizar\/fonsi-nieto-marc-marquez-talento\/"},"modified":"2024-05-22T09:40:54","modified_gmt":"2024-05-22T11:40:54","slug":"fonsi-nieto-marc-marquez-talento","status":"publish","type":"post","link":"https:\/\/www.boxrepsol.com\/es\/motogp\/fonsi-nieto-marc-marquez-talento\/","title":{"rendered":"Fonsi Nieto: \u00abMarc M\u00e1rquez es todo talento\u00bb"},"content":{"rendered":"<blockquote><p>\n\t<a href=\"http:\/\/twitter.com\/share?text=%22Ver+a+Dani+Pedrosa+en+la+pista+es+como+escuchar+m%C3%BAsica+cl%C3%A1sica%22&#038;url=https%3A%2F%2Fwww.boxrepsol.com%2Fes%2Fmotogp%2Ffonsi-nieto-marc-marquez-talento%2F\" target=\"_blank\" rel=\"noopener\"><\/p>\n<p>\u00abVer a Dani Pedrosa en la pista es como escuchar m\u00fasica cl\u00e1sica\u00bb<\/p>\n<p>\t<\/a>\n<\/p><\/blockquote>\n<p><em><strong>Fonsi Nieto<\/strong>, <strong>Subcampe\u00f3n del Mundo de 250cc<\/strong>, es uno de los pilotos que han cambiado la pista por los viales en su nueva labor como coach del Alma Pramac Racing. Con la privilegiada visi\u00f3n de quien observa a los principales pilotos y marcas de MotoGP a pie de pista, el sobrino del a\u00f1orado \u00c1ngel Nieto analiza el inicio de la segunda mitad del campeonato y nos explica en qu\u00e9 consiste su nuevo papel en el Mundial de MotoGP.<\/em><\/p>\n<p><strong>En tu nuevo rol como <em>coach<\/em> del Alma Pramac Racing, \u00bfqu\u00e9 tal llevas estar al otro lado del muro?, \u00bfechas de menos subirte a la moto los domingos de carrera?<\/strong><\/p>\n<p>Estoy muy contento con este nuevo rol, cuando has sido piloto el gusanillo de montarte en la moto y correr nunca se pierde y, aunque pasen muchos a\u00f1os, eso siempre lo tienes ah\u00ed. Pero en mi caso, tuve un accidente muy grande en el que casi pierdo la pierna y la vida, as\u00ed que ahora mismo tampoco tengo especiales ganas de subirme a la moto porque, adem\u00e1s, estoy muy feliz de poder aportar a Danilo Petrucci y Jack Miller toda la experiencia que me dieron mis a\u00f1os como piloto.<\/p>\n<p><strong>\u00bfCu\u00e1l es la importancia y qu\u00e9 le aporta a un piloto en el Mundial, contar con un <em>coach<\/em>?<\/strong><\/p>\n<p>En los tiempos que corren en los que todo est\u00e1 tan igualado, cualquier ayuda o peque\u00f1o detalle en la pista que te pueda aportar un <em>coach<\/em> siempre suma. Lo que est\u00e1 claro es que un piloto no va a ganar por tener un <em>coach<\/em> u otro, pero todo ayuda porque son muchos los factores y detalles a tener en cuenta hoy en d\u00eda: los reglajes, la electr\u00f3nica\u2026 Hay muchas cosas que al piloto se le pasan e, incluso, se le olvidan. Por eso, saber que hay alguien que est\u00e1 pendiente de ti, que observa las cosas desde fuera y que, sobre todo, tiene experiencia compitiendo, es bastante importante. Hoy en d\u00eda casi todos los pilotos tienen esta figura a su lado.<\/p>\n<p><strong>Has visto a los pilotos de MotoGP a pie de pista, \u00bfqu\u00e9 destacar\u00edas de las principales marcas y pilotos de la categor\u00eda reina?<\/strong><\/p>\n<p>Es verdad que en la pista se ven muchas cosas que no ves por televisi\u00f3n. Si tuviera que destacar algo de los pilotos punteros, dir\u00eda que Jorge Lorenzo es el que mejor entrena, aprovecha el tiempo al m\u00e1ximo desde que el sem\u00e1foro se pone en verde hasta que cae la bandera a cuadros. Marc M\u00e1rquez es un talento, lo que hace con la moto es impresionante; c\u00f3mo trabaja y su estilo agresivo son las cosas que m\u00e1s resaltar\u00eda de \u00e9l. En cuanto a Dani Pedrosa, las trazadas y las l\u00edneas que hace no se las he visto hacer a nadie, es un maestro en eso. Verle en la pista es como escuchar m\u00fasica cl\u00e1sica. Entre el resto de pilotos hay much\u00edsima igualdad, cada fin de semana vemos pilotos distintos delante y eso hace que sea un campeonato s\u00faper bonito.<\/p>\n<p><strong>El viernes de Brno, se cumpli\u00f3 un a\u00f1o que nos dej\u00f3 \u00c1ngel Nieto. Tu t\u00edo siempre se deshac\u00eda en halagos hacia M\u00e1rquez y Pedrosa. \u00bfRecuerdas qu\u00e9 comentaba de ellos?<\/strong><\/p>\n<p>Parece mentira que ya haya pasado un a\u00f1o. Si antes pensaba que mi t\u00edo era grande, ahora que no est\u00e1 y sigues viendo el cari\u00f1o que le demuestra la afici\u00f3n y la gente en todos los pa\u00edses, es algo que me tiene alucinado, sobre todo por parte de los pilotos que a\u00fan le recuerdan. C\u00f3mo no iba a tener elogios hacia Marc [M\u00e1rquez] y Dani [Pedrosa], \u00a1si los tenemos todos! De hecho, mi t\u00edo elogiaba desde el primer al \u00faltimo piloto de la parrilla porque sab\u00eda lo duro que es esto, lo mucho que se juegan y que, al final, el primero y el \u00faltimo se hacen el mismo da\u00f1o cuando se caen. Eso es algo que mi t\u00edo nos ha inculcado a toda la familia y lo tenemos muy claro; cualquier piloto que se monte en una moto de carreras tiene el m\u00e1ximo apoyo y respeto.<\/p>\n<p>\t\t\t\t<img decoding=\"async\" src=\"https:\/\/bxrepsol.s3.eu-west-1.amazonaws.com\/static\/2022\/08\/05061041\/00_fonsi_nieto_250cc_repsol_motociclismo.jpg\" alt=\"Fonsi Nieto en una Aprilia tumbando\" itemprop=\"image\"  \/><\/p>\n<p><strong>Vista la primera mitad del campeonato que ha protagonizado Marc M\u00e1rquez y c\u00f3mo ha empezado la segunda, \u00bfqu\u00e9 podemos esperar del vigente Campe\u00f3n del Mundo de MotoGP?<\/strong><\/p>\n<p>M\u00e1s o menos ser\u00e1 igual que la primera parte del campeonato, ya que si Marc M\u00e1rquez no tiene problemas o le pasa cualquier cosa, tiene medio t\u00edtulo en el bolsillo. Ha marcado una gran diferencia a principio de a\u00f1o, por lo que no creo que ahora vaya a ser distinto. M\u00e1rquez est\u00e1 un paso por encima de todos y eso se ve los domingos en la carrera; ahora mismo es dif\u00edcil batirle.<\/p>\n<p><strong>Viendo los entrenamientos y la carrera a pie de pista, \u00bfqu\u00e9 puedes comentarnos del fin de semana que han protagonizado en Brno los tres primeros clasificados?<\/strong><\/p>\n<p>La de Brno fue una carrera inesperada y, a la vez, una de las m\u00e1s bonitas del a\u00f1o con esa lucha final entre M\u00e1rquez, Lorenzo y Dovizioso. Fue una carrera de las que crean afici\u00f3n. Destacar\u00eda la forma en la que supieron gestionar los neum\u00e1ticos los tres pilotos, ya que al inicio iban con mapas de electr\u00f3nica muy suaves para no gastar las gomas y, a falta de cinco vueltas, cambiaron todo y empezaron a apretar. Hicieron una estrategia muy buena. La carrera podr\u00eda haber sido tanto para Marc [M\u00e1rquez] como para Jorge [Lorenzo], pero Dovizioso supo gestionarla mejor y, adem\u00e1s, tuvo la suerte de que ellos dos perdieron un poco de tiempo en una lucha, y eso le permiti\u00f3 conseguir esas dos d\u00e9cimas que le dieron la victoria final.<\/p>\n<p><strong>\u00bfQu\u00e9 opini\u00f3n te merece la decisi\u00f3n que ha tomado Dani Pedrosa? Porque t\u00fa tambi\u00e9n decidiste retirarte de la competici\u00f3n cuando a\u00fan eras joven, con 32 a\u00f1os.<\/strong><\/p>\n<p>La decisi\u00f3n de Dani es muy respetable y s\u00faper sincera; se ve\u00eda venir, ya que este a\u00f1o no hemos visto al mejor Pedrosa. \u00c9l es un piloto Top 5, le gusta ganar, y si no se ve en condiciones de hacerlo, ha sido muy valiente al decirlo. Mi retirada fue diferente porque tuve el accidente y, aunque ya ten\u00eda el contrato firmado para el a\u00f1o siguiente, no me encontraba bien f\u00edsicamente. Lo que comparto con Dani, en parte, es que no hay que enga\u00f1ar a nadie y menos a ti mismo; si no te ves con el cien por cien de tus capacidades para hacer algo, hay que ser sincero.<\/p>\n<p><strong>\u00bfC\u00f3mo es el Red Bull Ring de Austria, y qu\u00e9 pilotos y motos se pueden adaptar mejor all\u00ed?<\/strong><\/p>\n<p>El Red Bull Ring de Austria es un circuito hist\u00f3rico que han ido mejorando con el paso de los a\u00f1os. La temporada pasada vimos muy fuertes a las Ducati y despu\u00e9s de la carrera que hizo Andrea Dovizioso en 2017, ser\u00e1 el hombre a batir.<\/p>\n<p><strong>\u00bfTe atreves a hacer un pron\u00f3stico para lo que resta de Mundial?<\/strong><\/p>\n<p>Mi pron\u00f3stico para lo que queda de Mundial es M\u00e1rquez. Marc tiene el t\u00edtulo en el bolsillo, aunque es verdad que este es un deporte en el que pueden pasar muchas cosas: te caes, te haces da\u00f1o\u2026 \u00c9l mismo lo ha dicho; hasta que no lo consiga del todo no hay nada ganado, pero le veo muy centrado.<\/p>\n","protected":false},"excerpt":{"rendered":"<p>El expiloto Repsol nos cuenta c\u00f3mo vive su nuevo rol como coach en el Mundial de MotoGP y analiza el inicio de la segunda mitad del campeonato.<\/p>\n","protected":false},"author":43146,"featured_media":59009,"comment_status":"open","ping_status":"open","sticky":false,"template":"","format":"standard","meta":{"footnotes":""},"categories":[4],"tags":[178],"class_list":["post-93309","post","type-post","status-publish","format-standard","hentry","category-motogp","tag-pilotos-de-motociclismo"],"yoast_head":"<!-- This site is optimized with the Yoast SEO plugin v27.3 - https:\/\/yoast.com\/product\/yoast-seo-wordpress\/ -->\n<title>Fonsi Nieto: &quot;Marc M\u00e1rquez es todo talento&quot; - Box Repsol<\/title>\n<meta name=\"description\" content=\"El expiloto Repsol nos cuenta c\u00f3mo vive su nuevo rol como coach en el Mundial de MotoGP y analiza el inicio de la segunda mitad del campeonato.\" \/>\n<link rel=\"canonical\" href=\"https:\/\/www.boxrepsol.com\/es\/motogp\/fonsi-nieto-marc-marquez-talento\/\" \/>\n<meta property=\"og:locale\" content=\"es_ES\" \/>\n<meta property=\"og:type\" content=\"article\" \/>\n<meta property=\"og:title\" content=\"Fonsi Nieto: &quot;Marc M\u00e1rquez es todo talento&quot; - Box Repsol\" \/>\n<meta property=\"og:description\" content=\"El expiloto Repsol nos cuenta c\u00f3mo vive su nuevo rol como coach en el Mundial de MotoGP y analiza el inicio de la segunda mitad del campeonato.\" \/>\n<meta property=\"og:url\" content=\"https:\/\/www.boxrepsol.com\/es\/motogp\/fonsi-nieto-marc-marquez-talento\/\" \/>\n<meta property=\"og:site_name\" content=\"Box Repsol\" \/>\n<meta property=\"article:publisher\" content=\"https:\/\/www.facebook.com\/BoxRepsol\" \/>\n<meta property=\"article:author\" content=\"https:\/\/www.facebook.com\/BoxRepsol\/\" \/>\n<meta property=\"article:published_time\" content=\"2018-08-09T02:00:00+00:00\" \/>\n<meta property=\"article:modified_time\" content=\"2024-05-22T11:40:54+00:00\" \/>\n<meta property=\"og:image\" content=\"https:\/\/bxrepsol.s3.eu-west-1.amazonaws.com\/static\/2022\/08\/29082350\/00_fonsi_nieto_repsol_motociclismo_podio.jpg\" \/>\n\t<meta property=\"og:image:width\" content=\"995\" \/>\n\t<meta property=\"og:image:height\" content=\"560\" \/>\n\t<meta property=\"og:image:type\" content=\"image\/jpeg\" \/>\n<meta name=\"author\" content=\"Redacci\u00f3n Box Repsol\" \/>\n<meta name=\"twitter:card\" content=\"summary_large_image\" \/>\n<meta name=\"twitter:creator\" content=\"@https:\/\/twitter.com\/box_repsol\" \/>\n<meta name=\"twitter:site\" content=\"@box_repsol\" \/>\n<meta name=\"twitter:label1\" content=\"Written by\" \/>\n\t<meta name=\"twitter:data1\" content=\"Redacci\u00f3n Box Repsol\" \/>\n\t<meta name=\"twitter:label2\" content=\"Est. reading time\" \/>\n\t<meta name=\"twitter:data2\" content=\"6 minutos\" \/>\n<script type=\"application\/ld+json\" class=\"yoast-schema-graph\">{\"@context\":\"https:\\\/\\\/schema.org\",\"@graph\":[{\"@type\":\"Article\",\"@id\":\"https:\\\/\\\/www.boxrepsol.com\\\/es\\\/motogp\\\/fonsi-nieto-marc-marquez-talento\\\/#article\",\"isPartOf\":{\"@id\":\"https:\\\/\\\/www.boxrepsol.com\\\/es\\\/motogp\\\/fonsi-nieto-marc-marquez-talento\\\/\"},\"author\":{\"name\":\"Redacci\u00f3n Box Repsol\",\"@id\":\"https:\\\/\\\/www.boxrepsol.com\\\/es\\\/#\\\/schema\\\/person\\\/c5c2138f2cca251b0ad92b7086bb60b7\"},\"headline\":\"Fonsi Nieto: \u00abMarc M\u00e1rquez es todo talento\u00bb\",\"datePublished\":\"2018-08-09T02:00:00+00:00\",\"dateModified\":\"2024-05-22T11:40:54+00:00\",\"mainEntityOfPage\":{\"@id\":\"https:\\\/\\\/www.boxrepsol.com\\\/es\\\/motogp\\\/fonsi-nieto-marc-marquez-talento\\\/\"},\"wordCount\":1303,\"commentCount\":0,\"publisher\":{\"@id\":\"https:\\\/\\\/www.boxrepsol.com\\\/es\\\/#organization\"},\"image\":{\"@id\":\"https:\\\/\\\/www.boxrepsol.com\\\/es\\\/motogp\\\/fonsi-nieto-marc-marquez-talento\\\/#primaryimage\"},\"thumbnailUrl\":\"https:\\\/\\\/bxrepsol.s3.eu-west-1.amazonaws.com\\\/static\\\/2022\\\/08\\\/29082350\\\/00_fonsi_nieto_repsol_motociclismo_podio.jpg\",\"keywords\":[\"pilotos de motociclismo\"],\"articleSection\":[\"MotoGP\"],\"inLanguage\":\"es\",\"potentialAction\":[{\"@type\":\"CommentAction\",\"name\":\"Comment\",\"target\":[\"https:\\\/\\\/www.boxrepsol.com\\\/es\\\/motogp\\\/fonsi-nieto-marc-marquez-talento\\\/#respond\"]}]},{\"@type\":\"WebPage\",\"@id\":\"https:\\\/\\\/www.boxrepsol.com\\\/es\\\/motogp\\\/fonsi-nieto-marc-marquez-talento\\\/\",\"url\":\"https:\\\/\\\/www.boxrepsol.com\\\/es\\\/motogp\\\/fonsi-nieto-marc-marquez-talento\\\/\",\"name\":\"Fonsi Nieto: \\\"Marc M\u00e1rquez es todo talento\\\" - Box Repsol\",\"isPartOf\":{\"@id\":\"https:\\\/\\\/www.boxrepsol.com\\\/es\\\/#website\"},\"primaryImageOfPage\":{\"@id\":\"https:\\\/\\\/www.boxrepsol.com\\\/es\\\/motogp\\\/fonsi-nieto-marc-marquez-talento\\\/#primaryimage\"},\"image\":{\"@id\":\"https:\\\/\\\/www.boxrepsol.com\\\/es\\\/motogp\\\/fonsi-nieto-marc-marquez-talento\\\/#primaryimage\"},\"thumbnailUrl\":\"https:\\\/\\\/bxrepsol.s3.eu-west-1.amazonaws.com\\\/static\\\/2022\\\/08\\\/29082350\\\/00_fonsi_nieto_repsol_motociclismo_podio.jpg\",\"datePublished\":\"2018-08-09T02:00:00+00:00\",\"dateModified\":\"2024-05-22T11:40:54+00:00\",\"description\":\"El expiloto Repsol nos cuenta c\u00f3mo vive su nuevo rol como coach en el Mundial de MotoGP y analiza el inicio de la segunda mitad del campeonato.\",\"breadcrumb\":{\"@id\":\"https:\\\/\\\/www.boxrepsol.com\\\/es\\\/motogp\\\/fonsi-nieto-marc-marquez-talento\\\/#breadcrumb\"},\"inLanguage\":\"es\",\"potentialAction\":[{\"@type\":\"ReadAction\",\"target\":[\"https:\\\/\\\/www.boxrepsol.com\\\/es\\\/motogp\\\/fonsi-nieto-marc-marquez-talento\\\/\"]}]},{\"@type\":\"ImageObject\",\"inLanguage\":\"es\",\"@id\":\"https:\\\/\\\/www.boxrepsol.com\\\/es\\\/motogp\\\/fonsi-nieto-marc-marquez-talento\\\/#primaryimage\",\"url\":\"https:\\\/\\\/bxrepsol.s3.eu-west-1.amazonaws.com\\\/static\\\/2022\\\/08\\\/29082350\\\/00_fonsi_nieto_repsol_motociclismo_podio.jpg\",\"contentUrl\":\"https:\\\/\\\/bxrepsol.s3.eu-west-1.amazonaws.com\\\/static\\\/2022\\\/08\\\/29082350\\\/00_fonsi_nieto_repsol_motociclismo_podio.jpg\",\"width\":995,\"height\":560,\"caption\":\"Fonsi Nieto levantando un trofeo\"},{\"@type\":\"BreadcrumbList\",\"@id\":\"https:\\\/\\\/www.boxrepsol.com\\\/es\\\/motogp\\\/fonsi-nieto-marc-marquez-talento\\\/#breadcrumb\",\"itemListElement\":[{\"@type\":\"ListItem\",\"position\":1,\"name\":\"Home\",\"item\":\"https:\\\/\\\/www.boxrepsol.com\\\/es\\\/\"},{\"@type\":\"ListItem\",\"position\":2,\"name\":\"Fonsi Nieto: \u00abMarc M\u00e1rquez es todo talento\u00bb\"}]},{\"@type\":\"WebSite\",\"@id\":\"https:\\\/\\\/www.boxrepsol.com\\\/es\\\/#website\",\"url\":\"https:\\\/\\\/www.boxrepsol.com\\\/es\\\/\",\"name\":\"Box Repsol\",\"description\":\"Box Repsol Site\",\"publisher\":{\"@id\":\"https:\\\/\\\/www.boxrepsol.com\\\/es\\\/#organization\"},\"potentialAction\":[{\"@type\":\"SearchAction\",\"target\":{\"@type\":\"EntryPoint\",\"urlTemplate\":\"https:\\\/\\\/www.boxrepsol.com\\\/es\\\/?s={search_term_string}\"},\"query-input\":{\"@type\":\"PropertyValueSpecification\",\"valueRequired\":true,\"valueName\":\"search_term_string\"}}],\"inLanguage\":\"es\"},{\"@type\":\"Organization\",\"@id\":\"https:\\\/\\\/www.boxrepsol.com\\\/es\\\/#organization\",\"name\":\"Box Repsol\",\"url\":\"https:\\\/\\\/www.boxrepsol.com\\\/es\\\/\",\"logo\":{\"@type\":\"ImageObject\",\"inLanguage\":\"es\",\"@id\":\"https:\\\/\\\/www.boxrepsol.com\\\/es\\\/#\\\/schema\\\/logo\\\/image\\\/\",\"url\":\"https:\\\/\\\/bxrepsol.s3.eu-west-1.amazonaws.com\\\/static\\\/2025\\\/07\\\/30083337\\\/favicon-96x96-1.png\",\"contentUrl\":\"https:\\\/\\\/bxrepsol.s3.eu-west-1.amazonaws.com\\\/static\\\/2025\\\/07\\\/30083337\\\/favicon-96x96-1.png\",\"width\":96,\"height\":96,\"caption\":\"Box Repsol\"},\"image\":{\"@id\":\"https:\\\/\\\/www.boxrepsol.com\\\/es\\\/#\\\/schema\\\/logo\\\/image\\\/\"},\"sameAs\":[\"https:\\\/\\\/www.facebook.com\\\/BoxRepsol\",\"https:\\\/\\\/x.com\\\/box_repsol\",\"http:\\\/\\\/instagram.com\\\/box_repsol\",\"https:\\\/\\\/www.youtube.com\\\/user\\\/RepsolCompeticion\",\"https:\\\/\\\/www.flickr.com\\\/photos\\\/box_repsol\\\/\"]},{\"@type\":\"Person\",\"@id\":\"https:\\\/\\\/www.boxrepsol.com\\\/es\\\/#\\\/schema\\\/person\\\/c5c2138f2cca251b0ad92b7086bb60b7\",\"name\":\"Redacci\u00f3n Box Repsol\",\"image\":{\"@type\":\"ImageObject\",\"inLanguage\":\"es\",\"@id\":\"https:\\\/\\\/secure.gravatar.com\\\/avatar\\\/adf7b77e38b4419baf32c7e9c21dde01f4e40df611f0978e3006fc4ba0aaab7e?s=96&d=mm&r=g\",\"url\":\"https:\\\/\\\/secure.gravatar.com\\\/avatar\\\/adf7b77e38b4419baf32c7e9c21dde01f4e40df611f0978e3006fc4ba0aaab7e?s=96&d=mm&r=g\",\"contentUrl\":\"https:\\\/\\\/secure.gravatar.com\\\/avatar\\\/adf7b77e38b4419baf32c7e9c21dde01f4e40df611f0978e3006fc4ba0aaab7e?s=96&d=mm&r=g\",\"caption\":\"Redacci\u00f3n Box Repsol\"},\"description\":\"Box Repsol lo forma un equipo de periodistas, community managers, dise\u00f1adores y fot\u00f3grafos con m\u00e1s de 20 a\u00f1os de experiencia en el mundo del motorsport. Hemos vivido el primer mundial de un espa\u00f1ol en la categor\u00eda reina de motociclismo con \u00c1lex Crivill\u00e9, estuvimos en las victorias de Pedrosa y los t\u00edtulos de M\u00e1rquez, acompa\u00f1amos en \u00c1frica a Nani Roma y Marc Coma en sus conquistas del Dakar y hemos vibrado con los t\u00edtulos de Toni Bou en Trial. Adem\u00e1s, en nuestro equipo contamos con expertos en el mundo de las dos y cuatro ruedas tanto de la calle y las carreteras, como de los circuitos. Periodistas que han trabajado en revistas y publicaciones para hacerte llegar desde rutas y consejos de mantenimiento, a curiosidades y trucos de pilotaje.\",\"sameAs\":[\"https:\\\/\\\/www.facebook.com\\\/BoxRepsol\\\/\",\"https:\\\/\\\/www.instagram.com\\\/box_repsol\\\/\",\"https:\\\/\\\/x.com\\\/https:\\\/\\\/twitter.com\\\/box_repsol\",\"https:\\\/\\\/www.youtube.com\\\/@Boxrepsol\"],\"url\":\"https:\\\/\\\/www.boxrepsol.com\\\/es\\\/author\\\/redaccion-box-repsol\\\/\"}]}<\/script>\n<!-- \/ Yoast SEO plugin. -->","yoast_head_json":{"title":"Fonsi Nieto: \"Marc M\u00e1rquez es todo talento\" - Box Repsol","description":"El expiloto Repsol nos cuenta c\u00f3mo vive su nuevo rol como coach en el Mundial de MotoGP y analiza el inicio de la segunda mitad del campeonato.","canonical":"https:\/\/www.boxrepsol.com\/es\/motogp\/fonsi-nieto-marc-marquez-talento\/","og_locale":"es_ES","og_type":"article","og_title":"Fonsi Nieto: \"Marc M\u00e1rquez es todo talento\" - Box Repsol","og_description":"El expiloto Repsol nos cuenta c\u00f3mo vive su nuevo rol como coach en el Mundial de MotoGP y analiza el inicio de la segunda mitad del campeonato.","og_url":"https:\/\/www.boxrepsol.com\/es\/motogp\/fonsi-nieto-marc-marquez-talento\/","og_site_name":"Box Repsol","article_publisher":"https:\/\/www.facebook.com\/BoxRepsol","article_author":"https:\/\/www.facebook.com\/BoxRepsol\/","article_published_time":"2018-08-09T02:00:00+00:00","article_modified_time":"2024-05-22T11:40:54+00:00","og_image":[{"width":995,"height":560,"url":"https:\/\/bxrepsol.s3.eu-west-1.amazonaws.com\/static\/2022\/08\/29082350\/00_fonsi_nieto_repsol_motociclismo_podio.jpg","type":"image\/jpeg"}],"author":"Redacci\u00f3n Box Repsol","twitter_card":"summary_large_image","twitter_creator":"@https:\/\/twitter.com\/box_repsol","twitter_site":"@box_repsol","twitter_misc":{"Written by":"Redacci\u00f3n Box Repsol","Est. reading time":"6 minutos"},"schema":{"@context":"https:\/\/schema.org","@graph":[{"@type":"Article","@id":"https:\/\/www.boxrepsol.com\/es\/motogp\/fonsi-nieto-marc-marquez-talento\/#article","isPartOf":{"@id":"https:\/\/www.boxrepsol.com\/es\/motogp\/fonsi-nieto-marc-marquez-talento\/"},"author":{"name":"Redacci\u00f3n Box Repsol","@id":"https:\/\/www.boxrepsol.com\/es\/#\/schema\/person\/c5c2138f2cca251b0ad92b7086bb60b7"},"headline":"Fonsi Nieto: \u00abMarc M\u00e1rquez es todo talento\u00bb","datePublished":"2018-08-09T02:00:00+00:00","dateModified":"2024-05-22T11:40:54+00:00","mainEntityOfPage":{"@id":"https:\/\/www.boxrepsol.com\/es\/motogp\/fonsi-nieto-marc-marquez-talento\/"},"wordCount":1303,"commentCount":0,"publisher":{"@id":"https:\/\/www.boxrepsol.com\/es\/#organization"},"image":{"@id":"https:\/\/www.boxrepsol.com\/es\/motogp\/fonsi-nieto-marc-marquez-talento\/#primaryimage"},"thumbnailUrl":"https:\/\/bxrepsol.s3.eu-west-1.amazonaws.com\/static\/2022\/08\/29082350\/00_fonsi_nieto_repsol_motociclismo_podio.jpg","keywords":["pilotos de motociclismo"],"articleSection":["MotoGP"],"inLanguage":"es","potentialAction":[{"@type":"CommentAction","name":"Comment","target":["https:\/\/www.boxrepsol.com\/es\/motogp\/fonsi-nieto-marc-marquez-talento\/#respond"]}]},{"@type":"WebPage","@id":"https:\/\/www.boxrepsol.com\/es\/motogp\/fonsi-nieto-marc-marquez-talento\/","url":"https:\/\/www.boxrepsol.com\/es\/motogp\/fonsi-nieto-marc-marquez-talento\/","name":"Fonsi Nieto: \"Marc M\u00e1rquez es todo talento\" - Box Repsol","isPartOf":{"@id":"https:\/\/www.boxrepsol.com\/es\/#website"},"primaryImageOfPage":{"@id":"https:\/\/www.boxrepsol.com\/es\/motogp\/fonsi-nieto-marc-marquez-talento\/#primaryimage"},"image":{"@id":"https:\/\/www.boxrepsol.com\/es\/motogp\/fonsi-nieto-marc-marquez-talento\/#primaryimage"},"thumbnailUrl":"https:\/\/bxrepsol.s3.eu-west-1.amazonaws.com\/static\/2022\/08\/29082350\/00_fonsi_nieto_repsol_motociclismo_podio.jpg","datePublished":"2018-08-09T02:00:00+00:00","dateModified":"2024-05-22T11:40:54+00:00","description":"El expiloto Repsol nos cuenta c\u00f3mo vive su nuevo rol como coach en el Mundial de MotoGP y analiza el inicio de la segunda mitad del campeonato.","breadcrumb":{"@id":"https:\/\/www.boxrepsol.com\/es\/motogp\/fonsi-nieto-marc-marquez-talento\/#breadcrumb"},"inLanguage":"es","potentialAction":[{"@type":"ReadAction","target":["https:\/\/www.boxrepsol.com\/es\/motogp\/fonsi-nieto-marc-marquez-talento\/"]}]},{"@type":"ImageObject","inLanguage":"es","@id":"https:\/\/www.boxrepsol.com\/es\/motogp\/fonsi-nieto-marc-marquez-talento\/#primaryimage","url":"https:\/\/bxrepsol.s3.eu-west-1.amazonaws.com\/static\/2022\/08\/29082350\/00_fonsi_nieto_repsol_motociclismo_podio.jpg","contentUrl":"https:\/\/bxrepsol.s3.eu-west-1.amazonaws.com\/static\/2022\/08\/29082350\/00_fonsi_nieto_repsol_motociclismo_podio.jpg","width":995,"height":560,"caption":"Fonsi Nieto levantando un trofeo"},{"@type":"BreadcrumbList","@id":"https:\/\/www.boxrepsol.com\/es\/motogp\/fonsi-nieto-marc-marquez-talento\/#breadcrumb","itemListElement":[{"@type":"ListItem","position":1,"name":"Home","item":"https:\/\/www.boxrepsol.com\/es\/"},{"@type":"ListItem","position":2,"name":"Fonsi Nieto: \u00abMarc M\u00e1rquez es todo talento\u00bb"}]},{"@type":"WebSite","@id":"https:\/\/www.boxrepsol.com\/es\/#website","url":"https:\/\/www.boxrepsol.com\/es\/","name":"Box Repsol","description":"Box Repsol Site","publisher":{"@id":"https:\/\/www.boxrepsol.com\/es\/#organization"},"potentialAction":[{"@type":"SearchAction","target":{"@type":"EntryPoint","urlTemplate":"https:\/\/www.boxrepsol.com\/es\/?s={search_term_string}"},"query-input":{"@type":"PropertyValueSpecification","valueRequired":true,"valueName":"search_term_string"}}],"inLanguage":"es"},{"@type":"Organization","@id":"https:\/\/www.boxrepsol.com\/es\/#organization","name":"Box Repsol","url":"https:\/\/www.boxrepsol.com\/es\/","logo":{"@type":"ImageObject","inLanguage":"es","@id":"https:\/\/www.boxrepsol.com\/es\/#\/schema\/logo\/image\/","url":"https:\/\/bxrepsol.s3.eu-west-1.amazonaws.com\/static\/2025\/07\/30083337\/favicon-96x96-1.png","contentUrl":"https:\/\/bxrepsol.s3.eu-west-1.amazonaws.com\/static\/2025\/07\/30083337\/favicon-96x96-1.png","width":96,"height":96,"caption":"Box Repsol"},"image":{"@id":"https:\/\/www.boxrepsol.com\/es\/#\/schema\/logo\/image\/"},"sameAs":["https:\/\/www.facebook.com\/BoxRepsol","https:\/\/x.com\/box_repsol","http:\/\/instagram.com\/box_repsol","https:\/\/www.youtube.com\/user\/RepsolCompeticion","https:\/\/www.flickr.com\/photos\/box_repsol\/"]},{"@type":"Person","@id":"https:\/\/www.boxrepsol.com\/es\/#\/schema\/person\/c5c2138f2cca251b0ad92b7086bb60b7","name":"Redacci\u00f3n Box Repsol","image":{"@type":"ImageObject","inLanguage":"es","@id":"https:\/\/secure.gravatar.com\/avatar\/adf7b77e38b4419baf32c7e9c21dde01f4e40df611f0978e3006fc4ba0aaab7e?s=96&d=mm&r=g","url":"https:\/\/secure.gravatar.com\/avatar\/adf7b77e38b4419baf32c7e9c21dde01f4e40df611f0978e3006fc4ba0aaab7e?s=96&d=mm&r=g","contentUrl":"https:\/\/secure.gravatar.com\/avatar\/adf7b77e38b4419baf32c7e9c21dde01f4e40df611f0978e3006fc4ba0aaab7e?s=96&d=mm&r=g","caption":"Redacci\u00f3n Box Repsol"},"description":"Box Repsol lo forma un equipo de periodistas, community managers, dise\u00f1adores y fot\u00f3grafos con m\u00e1s de 20 a\u00f1os de experiencia en el mundo del motorsport. Hemos vivido el primer mundial de un espa\u00f1ol en la categor\u00eda reina de motociclismo con \u00c1lex Crivill\u00e9, estuvimos en las victorias de Pedrosa y los t\u00edtulos de M\u00e1rquez, acompa\u00f1amos en \u00c1frica a Nani Roma y Marc Coma en sus conquistas del Dakar y hemos vibrado con los t\u00edtulos de Toni Bou en Trial. Adem\u00e1s, en nuestro equipo contamos con expertos en el mundo de las dos y cuatro ruedas tanto de la calle y las carreteras, como de los circuitos. Periodistas que han trabajado en revistas y publicaciones para hacerte llegar desde rutas y consejos de mantenimiento, a curiosidades y trucos de pilotaje.","sameAs":["https:\/\/www.facebook.com\/BoxRepsol\/","https:\/\/www.instagram.com\/box_repsol\/","https:\/\/x.com\/https:\/\/twitter.com\/box_repsol","https:\/\/www.youtube.com\/@Boxrepsol"],"url":"https:\/\/www.boxrepsol.com\/es\/author\/redaccion-box-repsol\/"}]}},"_links":{"self":[{"href":"https:\/\/www.boxrepsol.com\/es\/wp-json\/wp\/v2\/posts\/93309","targetHints":{"allow":["GET"]}}],"collection":[{"href":"https:\/\/www.boxrepsol.com\/es\/wp-json\/wp\/v2\/posts"}],"about":[{"href":"https:\/\/www.boxrepsol.com\/es\/wp-json\/wp\/v2\/types\/post"}],"author":[{"embeddable":true,"href":"https:\/\/www.boxrepsol.com\/es\/wp-json\/wp\/v2\/users\/43146"}],"replies":[{"embeddable":true,"href":"https:\/\/www.boxrepsol.com\/es\/wp-json\/wp\/v2\/comments?post=93309"}],"version-history":[{"count":1,"href":"https:\/\/www.boxrepsol.com\/es\/wp-json\/wp\/v2\/posts\/93309\/revisions"}],"predecessor-version":[{"id":93310,"href":"https:\/\/www.boxrepsol.com\/es\/wp-json\/wp\/v2\/posts\/93309\/revisions\/93310"}],"wp:featuredmedia":[{"embeddable":true,"href":"https:\/\/www.boxrepsol.com\/es\/wp-json\/wp\/v2\/media\/59009"}],"wp:attachment":[{"href":"https:\/\/www.boxrepsol.com\/es\/wp-json\/wp\/v2\/media?parent=93309"}],"wp:term":[{"taxonomy":"category","embeddable":true,"href":"https:\/\/www.boxrepsol.com\/es\/wp-json\/wp\/v2\/categories?post=93309"},{"taxonomy":"post_tag","embeddable":true,"href":"https:\/\/www.boxrepsol.com\/es\/wp-json\/wp\/v2\/tags?post=93309"}],"curies":[{"name":"wp","href":"https:\/\/api.w.org\/{rel}","templated":true}]}}