{"id":93306,"date":"2018-08-08T00:00:00","date_gmt":"2018-08-08T02:00:00","guid":{"rendered":"http:\/\/pre.boxrepsol.com\/sin-categorizar\/punto-positivo-fue-marquez-aumento-ventaja\/"},"modified":"2024-05-22T09:41:18","modified_gmt":"2024-05-22T11:41:18","slug":"punto-positivo-fue-marquez-aumento-ventaja","status":"publish","type":"post","link":"https:\/\/www.boxrepsol.com\/es\/motogp\/punto-positivo-fue-marquez-aumento-ventaja\/","title":{"rendered":"\u00abEl punto positivo fue que M\u00e1rquez aument\u00f3 su ventaja\u00bb"},"content":{"rendered":"<blockquote><p>\n\t<a href=\"http:\/\/twitter.com\/share?text=El+ritmo+de+carrera+no+fue+muy+r%C3%A1pido%2C+no+obstante%2C+fue+un+Gran+Premio+muy+emocionante&#038;url=https%3A%2F%2Fwww.boxrepsol.com%2Fes%2Fmotogp%2Fpunto-positivo-fue-marquez-aumento-ventaja%2F\" target=\"_blank\" rel=\"noopener\"><\/p>\n<p>El ritmo de carrera no fue muy r\u00e1pido, no obstante, fue un Gran Premio muy emocionante<\/p>\n<p>\t<\/a>\n<\/p><\/blockquote>\n<p><em>Tras una breve pausa veraniega, el Mundial de MotoGP regresaba para disputar el GP de la Rep\u00fablica Checa. El circuito de Brno fue testigo de una emocionante carrera, en la que Marc M\u00e1rquez aument\u00f3 a 49 puntos su ventaja al frente del campeonato. Antes de llegar a Austria, el Team Manager del equipo Repsol Honda nos cuenta c\u00f3mo vio la carrera desde el muro.<\/em><\/p>\n<p><strong>\u00bfCu\u00e1l era la estrategia para la carrera de la Rep\u00fablica Checa?<\/strong><\/p>\n<p>La estrategia para ambos pilotos era intentar estar delante y gestionar los neum\u00e1ticos para la segunda mitad de la carrera. Marc M\u00e1rquez consigui\u00f3 hacerlo sin cometer ning\u00fan error. Dani Pedrosa ten\u00eda el mismo ritmo que la cabeza de carrera as\u00ed que, si hubiera podido ganar algunas posiciones al inicio de la prueba, podr\u00eda haber estado con el grupo delantero.<\/p>\n<p><strong>\u00bfCu\u00e1les fueron los puntos positivos y negativos de la carrera?<\/strong><\/p>\n<p>El punto positivo es que Marc aument\u00f3 su ventaja al frente del campeonato tres puntos m\u00e1s y consigui\u00f3 un podio en un circuito que no es de sus favoritos, a pesar de que gan\u00f3 aqu\u00ed la temporada pasada. Dani ten\u00eda un buen ritmo de carrera pero, desafortunadamente, no pudo luchar por estar adelante.<\/p>\n<p><strong>\u00bfC\u00f3mo viviste la carrera desde el muro?<\/strong><\/p>\n<p>El ritmo de carrera no fue muy r\u00e1pido, no obstante, fue un Gran Premio muy emocionante con muchos pilotos muy cerca unos de otros.<\/p>\n<p><strong>\u00bfQu\u00e9 m\u00e1s destacar\u00edas de lo sucedido el fin de semana?<\/strong><\/p>\n<p>Este fin de semana Honda ha tenido a siete pilotos en la pista, con Stefan Bradl corriendo como Wild Card de HRC. Bradl volver\u00e1 a correr en el Gran Premio de San Marino, en el circuito de Misano, en septiembre.<\/p>\n","protected":false},"excerpt":{"rendered":"<p>Alberto Puig vivi\u00f3 su d\u00e9cimo Gran Premio como Team Manager del equipo Repsol Honda, en el que Marc M\u00e1rquez fue tercero, con Pedrosa octavo.<\/p>\n","protected":false},"author":43146,"featured_media":58999,"comment_status":"open","ping_status":"open","sticky":false,"template":"","format":"standard","meta":{"footnotes":""},"categories":[4],"tags":[144],"class_list":["post-93306","post","type-post","status-publish","format-standard","hentry","category-motogp","tag-motogp-republica-checa"],"yoast_head":"<!-- This site is optimized with the Yoast SEO plugin v27.3 - https:\/\/yoast.com\/product\/yoast-seo-wordpress\/ -->\n<title>&quot;El punto positivo fue que M\u00e1rquez aument\u00f3 su ventaja&quot; - Box Repsol<\/title>\n<meta name=\"description\" content=\"Alberto Puig vivi\u00f3 su d\u00e9cimo Gran Premio como Team Manager del equipo Repsol Honda, en el que Marc M\u00e1rquez fue tercero, con Pedrosa octavo.\" \/>\n<link rel=\"canonical\" href=\"https:\/\/www.boxrepsol.com\/es\/motogp\/punto-positivo-fue-marquez-aumento-ventaja\/\" \/>\n<meta property=\"og:locale\" content=\"es_ES\" \/>\n<meta property=\"og:type\" content=\"article\" \/>\n<meta property=\"og:title\" content=\"&quot;El punto positivo fue que M\u00e1rquez aument\u00f3 su ventaja&quot; - Box Repsol\" \/>\n<meta property=\"og:description\" content=\"Alberto Puig vivi\u00f3 su d\u00e9cimo Gran Premio como Team Manager del equipo Repsol Honda, en el que Marc M\u00e1rquez fue tercero, con Pedrosa octavo.\" \/>\n<meta property=\"og:url\" content=\"https:\/\/www.boxrepsol.com\/es\/motogp\/punto-positivo-fue-marquez-aumento-ventaja\/\" \/>\n<meta property=\"og:site_name\" content=\"Box Repsol\" \/>\n<meta property=\"article:publisher\" content=\"https:\/\/www.facebook.com\/BoxRepsol\" \/>\n<meta property=\"article:author\" content=\"https:\/\/www.facebook.com\/BoxRepsol\/\" \/>\n<meta property=\"article:published_time\" content=\"2018-08-08T02:00:00+00:00\" \/>\n<meta property=\"article:modified_time\" content=\"2024-05-22T11:41:18+00:00\" \/>\n<meta property=\"og:image\" content=\"https:\/\/bxrepsol.s3.eu-west-1.amazonaws.com\/static\/2022\/08\/29082345\/00_alberto_puig_repsol_honda_team_manager.jpg\" \/>\n\t<meta property=\"og:image:width\" content=\"995\" \/>\n\t<meta property=\"og:image:height\" content=\"560\" \/>\n\t<meta property=\"og:image:type\" content=\"image\/jpeg\" \/>\n<meta name=\"author\" content=\"Redacci\u00f3n Box Repsol\" \/>\n<meta name=\"twitter:card\" content=\"summary_large_image\" \/>\n<meta name=\"twitter:creator\" content=\"@https:\/\/twitter.com\/box_repsol\" \/>\n<meta name=\"twitter:site\" content=\"@box_repsol\" \/>\n<meta name=\"twitter:label1\" content=\"Written by\" \/>\n\t<meta name=\"twitter:data1\" content=\"Redacci\u00f3n Box Repsol\" \/>\n\t<meta name=\"twitter:label2\" content=\"Est. reading time\" \/>\n\t<meta name=\"twitter:data2\" content=\"2 minutos\" \/>\n<script type=\"application\/ld+json\" class=\"yoast-schema-graph\">{\"@context\":\"https:\\\/\\\/schema.org\",\"@graph\":[{\"@type\":\"Article\",\"@id\":\"https:\\\/\\\/www.boxrepsol.com\\\/es\\\/motogp\\\/punto-positivo-fue-marquez-aumento-ventaja\\\/#article\",\"isPartOf\":{\"@id\":\"https:\\\/\\\/www.boxrepsol.com\\\/es\\\/motogp\\\/punto-positivo-fue-marquez-aumento-ventaja\\\/\"},\"author\":{\"name\":\"Redacci\u00f3n Box Repsol\",\"@id\":\"https:\\\/\\\/www.boxrepsol.com\\\/es\\\/#\\\/schema\\\/person\\\/c5c2138f2cca251b0ad92b7086bb60b7\"},\"headline\":\"\u00abEl punto positivo fue que M\u00e1rquez aument\u00f3 su ventaja\u00bb\",\"datePublished\":\"2018-08-08T02:00:00+00:00\",\"dateModified\":\"2024-05-22T11:41:18+00:00\",\"mainEntityOfPage\":{\"@id\":\"https:\\\/\\\/www.boxrepsol.com\\\/es\\\/motogp\\\/punto-positivo-fue-marquez-aumento-ventaja\\\/\"},\"wordCount\":321,\"commentCount\":0,\"publisher\":{\"@id\":\"https:\\\/\\\/www.boxrepsol.com\\\/es\\\/#organization\"},\"image\":{\"@id\":\"https:\\\/\\\/www.boxrepsol.com\\\/es\\\/motogp\\\/punto-positivo-fue-marquez-aumento-ventaja\\\/#primaryimage\"},\"thumbnailUrl\":\"https:\\\/\\\/bxrepsol.s3.eu-west-1.amazonaws.com\\\/static\\\/2022\\\/08\\\/29082345\\\/00_alberto_puig_repsol_honda_team_manager.jpg\",\"keywords\":[\"MotoGP Rep\u00fablica Checa\"],\"articleSection\":[\"MotoGP\"],\"inLanguage\":\"es\",\"potentialAction\":[{\"@type\":\"CommentAction\",\"name\":\"Comment\",\"target\":[\"https:\\\/\\\/www.boxrepsol.com\\\/es\\\/motogp\\\/punto-positivo-fue-marquez-aumento-ventaja\\\/#respond\"]}]},{\"@type\":\"WebPage\",\"@id\":\"https:\\\/\\\/www.boxrepsol.com\\\/es\\\/motogp\\\/punto-positivo-fue-marquez-aumento-ventaja\\\/\",\"url\":\"https:\\\/\\\/www.boxrepsol.com\\\/es\\\/motogp\\\/punto-positivo-fue-marquez-aumento-ventaja\\\/\",\"name\":\"\\\"El punto positivo fue que M\u00e1rquez aument\u00f3 su ventaja\\\" - Box Repsol\",\"isPartOf\":{\"@id\":\"https:\\\/\\\/www.boxrepsol.com\\\/es\\\/#website\"},\"primaryImageOfPage\":{\"@id\":\"https:\\\/\\\/www.boxrepsol.com\\\/es\\\/motogp\\\/punto-positivo-fue-marquez-aumento-ventaja\\\/#primaryimage\"},\"image\":{\"@id\":\"https:\\\/\\\/www.boxrepsol.com\\\/es\\\/motogp\\\/punto-positivo-fue-marquez-aumento-ventaja\\\/#primaryimage\"},\"thumbnailUrl\":\"https:\\\/\\\/bxrepsol.s3.eu-west-1.amazonaws.com\\\/static\\\/2022\\\/08\\\/29082345\\\/00_alberto_puig_repsol_honda_team_manager.jpg\",\"datePublished\":\"2018-08-08T02:00:00+00:00\",\"dateModified\":\"2024-05-22T11:41:18+00:00\",\"description\":\"Alberto Puig vivi\u00f3 su d\u00e9cimo Gran Premio como Team Manager del equipo Repsol Honda, en el que Marc M\u00e1rquez fue tercero, con Pedrosa octavo.\",\"breadcrumb\":{\"@id\":\"https:\\\/\\\/www.boxrepsol.com\\\/es\\\/motogp\\\/punto-positivo-fue-marquez-aumento-ventaja\\\/#breadcrumb\"},\"inLanguage\":\"es\",\"potentialAction\":[{\"@type\":\"ReadAction\",\"target\":[\"https:\\\/\\\/www.boxrepsol.com\\\/es\\\/motogp\\\/punto-positivo-fue-marquez-aumento-ventaja\\\/\"]}]},{\"@type\":\"ImageObject\",\"inLanguage\":\"es\",\"@id\":\"https:\\\/\\\/www.boxrepsol.com\\\/es\\\/motogp\\\/punto-positivo-fue-marquez-aumento-ventaja\\\/#primaryimage\",\"url\":\"https:\\\/\\\/bxrepsol.s3.eu-west-1.amazonaws.com\\\/static\\\/2022\\\/08\\\/29082345\\\/00_alberto_puig_repsol_honda_team_manager.jpg\",\"contentUrl\":\"https:\\\/\\\/bxrepsol.s3.eu-west-1.amazonaws.com\\\/static\\\/2022\\\/08\\\/29082345\\\/00_alberto_puig_repsol_honda_team_manager.jpg\",\"width\":995,\"height\":560,\"caption\":\"Alberto Puig en el box del equipo\"},{\"@type\":\"BreadcrumbList\",\"@id\":\"https:\\\/\\\/www.boxrepsol.com\\\/es\\\/motogp\\\/punto-positivo-fue-marquez-aumento-ventaja\\\/#breadcrumb\",\"itemListElement\":[{\"@type\":\"ListItem\",\"position\":1,\"name\":\"Home\",\"item\":\"https:\\\/\\\/www.boxrepsol.com\\\/es\\\/\"},{\"@type\":\"ListItem\",\"position\":2,\"name\":\"\u00abEl punto positivo fue que M\u00e1rquez aument\u00f3 su ventaja\u00bb\"}]},{\"@type\":\"WebSite\",\"@id\":\"https:\\\/\\\/www.boxrepsol.com\\\/es\\\/#website\",\"url\":\"https:\\\/\\\/www.boxrepsol.com\\\/es\\\/\",\"name\":\"Box Repsol\",\"description\":\"Box Repsol Site\",\"publisher\":{\"@id\":\"https:\\\/\\\/www.boxrepsol.com\\\/es\\\/#organization\"},\"potentialAction\":[{\"@type\":\"SearchAction\",\"target\":{\"@type\":\"EntryPoint\",\"urlTemplate\":\"https:\\\/\\\/www.boxrepsol.com\\\/es\\\/?s={search_term_string}\"},\"query-input\":{\"@type\":\"PropertyValueSpecification\",\"valueRequired\":true,\"valueName\":\"search_term_string\"}}],\"inLanguage\":\"es\"},{\"@type\":\"Organization\",\"@id\":\"https:\\\/\\\/www.boxrepsol.com\\\/es\\\/#organization\",\"name\":\"Box Repsol\",\"url\":\"https:\\\/\\\/www.boxrepsol.com\\\/es\\\/\",\"logo\":{\"@type\":\"ImageObject\",\"inLanguage\":\"es\",\"@id\":\"https:\\\/\\\/www.boxrepsol.com\\\/es\\\/#\\\/schema\\\/logo\\\/image\\\/\",\"url\":\"https:\\\/\\\/bxrepsol.s3.eu-west-1.amazonaws.com\\\/static\\\/2025\\\/07\\\/30083337\\\/favicon-96x96-1.png\",\"contentUrl\":\"https:\\\/\\\/bxrepsol.s3.eu-west-1.amazonaws.com\\\/static\\\/2025\\\/07\\\/30083337\\\/favicon-96x96-1.png\",\"width\":96,\"height\":96,\"caption\":\"Box Repsol\"},\"image\":{\"@id\":\"https:\\\/\\\/www.boxrepsol.com\\\/es\\\/#\\\/schema\\\/logo\\\/image\\\/\"},\"sameAs\":[\"https:\\\/\\\/www.facebook.com\\\/BoxRepsol\",\"https:\\\/\\\/x.com\\\/box_repsol\",\"http:\\\/\\\/instagram.com\\\/box_repsol\",\"https:\\\/\\\/www.youtube.com\\\/user\\\/RepsolCompeticion\",\"https:\\\/\\\/www.flickr.com\\\/photos\\\/box_repsol\\\/\"]},{\"@type\":\"Person\",\"@id\":\"https:\\\/\\\/www.boxrepsol.com\\\/es\\\/#\\\/schema\\\/person\\\/c5c2138f2cca251b0ad92b7086bb60b7\",\"name\":\"Redacci\u00f3n Box Repsol\",\"image\":{\"@type\":\"ImageObject\",\"inLanguage\":\"es\",\"@id\":\"https:\\\/\\\/secure.gravatar.com\\\/avatar\\\/adf7b77e38b4419baf32c7e9c21dde01f4e40df611f0978e3006fc4ba0aaab7e?s=96&d=mm&r=g\",\"url\":\"https:\\\/\\\/secure.gravatar.com\\\/avatar\\\/adf7b77e38b4419baf32c7e9c21dde01f4e40df611f0978e3006fc4ba0aaab7e?s=96&d=mm&r=g\",\"contentUrl\":\"https:\\\/\\\/secure.gravatar.com\\\/avatar\\\/adf7b77e38b4419baf32c7e9c21dde01f4e40df611f0978e3006fc4ba0aaab7e?s=96&d=mm&r=g\",\"caption\":\"Redacci\u00f3n Box Repsol\"},\"description\":\"Box Repsol lo forma un equipo de periodistas, community managers, dise\u00f1adores y fot\u00f3grafos con m\u00e1s de 20 a\u00f1os de experiencia en el mundo del motorsport. Hemos vivido el primer mundial de un espa\u00f1ol en la categor\u00eda reina de motociclismo con \u00c1lex Crivill\u00e9, estuvimos en las victorias de Pedrosa y los t\u00edtulos de M\u00e1rquez, acompa\u00f1amos en \u00c1frica a Nani Roma y Marc Coma en sus conquistas del Dakar y hemos vibrado con los t\u00edtulos de Toni Bou en Trial. Adem\u00e1s, en nuestro equipo contamos con expertos en el mundo de las dos y cuatro ruedas tanto de la calle y las carreteras, como de los circuitos. Periodistas que han trabajado en revistas y publicaciones para hacerte llegar desde rutas y consejos de mantenimiento, a curiosidades y trucos de pilotaje.\",\"sameAs\":[\"https:\\\/\\\/www.facebook.com\\\/BoxRepsol\\\/\",\"https:\\\/\\\/www.instagram.com\\\/box_repsol\\\/\",\"https:\\\/\\\/x.com\\\/https:\\\/\\\/twitter.com\\\/box_repsol\",\"https:\\\/\\\/www.youtube.com\\\/@Boxrepsol\"],\"url\":\"https:\\\/\\\/www.boxrepsol.com\\\/es\\\/author\\\/redaccion-box-repsol\\\/\"}]}<\/script>\n<!-- \/ Yoast SEO plugin. -->","yoast_head_json":{"title":"\"El punto positivo fue que M\u00e1rquez aument\u00f3 su ventaja\" - Box Repsol","description":"Alberto Puig vivi\u00f3 su d\u00e9cimo Gran Premio como Team Manager del equipo Repsol Honda, en el que Marc M\u00e1rquez fue tercero, con Pedrosa octavo.","canonical":"https:\/\/www.boxrepsol.com\/es\/motogp\/punto-positivo-fue-marquez-aumento-ventaja\/","og_locale":"es_ES","og_type":"article","og_title":"\"El punto positivo fue que M\u00e1rquez aument\u00f3 su ventaja\" - Box Repsol","og_description":"Alberto Puig vivi\u00f3 su d\u00e9cimo Gran Premio como Team Manager del equipo Repsol Honda, en el que Marc M\u00e1rquez fue tercero, con Pedrosa octavo.","og_url":"https:\/\/www.boxrepsol.com\/es\/motogp\/punto-positivo-fue-marquez-aumento-ventaja\/","og_site_name":"Box Repsol","article_publisher":"https:\/\/www.facebook.com\/BoxRepsol","article_author":"https:\/\/www.facebook.com\/BoxRepsol\/","article_published_time":"2018-08-08T02:00:00+00:00","article_modified_time":"2024-05-22T11:41:18+00:00","og_image":[{"width":995,"height":560,"url":"https:\/\/bxrepsol.s3.eu-west-1.amazonaws.com\/static\/2022\/08\/29082345\/00_alberto_puig_repsol_honda_team_manager.jpg","type":"image\/jpeg"}],"author":"Redacci\u00f3n Box Repsol","twitter_card":"summary_large_image","twitter_creator":"@https:\/\/twitter.com\/box_repsol","twitter_site":"@box_repsol","twitter_misc":{"Written by":"Redacci\u00f3n Box Repsol","Est. reading time":"2 minutos"},"schema":{"@context":"https:\/\/schema.org","@graph":[{"@type":"Article","@id":"https:\/\/www.boxrepsol.com\/es\/motogp\/punto-positivo-fue-marquez-aumento-ventaja\/#article","isPartOf":{"@id":"https:\/\/www.boxrepsol.com\/es\/motogp\/punto-positivo-fue-marquez-aumento-ventaja\/"},"author":{"name":"Redacci\u00f3n Box Repsol","@id":"https:\/\/www.boxrepsol.com\/es\/#\/schema\/person\/c5c2138f2cca251b0ad92b7086bb60b7"},"headline":"\u00abEl punto positivo fue que M\u00e1rquez aument\u00f3 su ventaja\u00bb","datePublished":"2018-08-08T02:00:00+00:00","dateModified":"2024-05-22T11:41:18+00:00","mainEntityOfPage":{"@id":"https:\/\/www.boxrepsol.com\/es\/motogp\/punto-positivo-fue-marquez-aumento-ventaja\/"},"wordCount":321,"commentCount":0,"publisher":{"@id":"https:\/\/www.boxrepsol.com\/es\/#organization"},"image":{"@id":"https:\/\/www.boxrepsol.com\/es\/motogp\/punto-positivo-fue-marquez-aumento-ventaja\/#primaryimage"},"thumbnailUrl":"https:\/\/bxrepsol.s3.eu-west-1.amazonaws.com\/static\/2022\/08\/29082345\/00_alberto_puig_repsol_honda_team_manager.jpg","keywords":["MotoGP Rep\u00fablica Checa"],"articleSection":["MotoGP"],"inLanguage":"es","potentialAction":[{"@type":"CommentAction","name":"Comment","target":["https:\/\/www.boxrepsol.com\/es\/motogp\/punto-positivo-fue-marquez-aumento-ventaja\/#respond"]}]},{"@type":"WebPage","@id":"https:\/\/www.boxrepsol.com\/es\/motogp\/punto-positivo-fue-marquez-aumento-ventaja\/","url":"https:\/\/www.boxrepsol.com\/es\/motogp\/punto-positivo-fue-marquez-aumento-ventaja\/","name":"\"El punto positivo fue que M\u00e1rquez aument\u00f3 su ventaja\" - Box Repsol","isPartOf":{"@id":"https:\/\/www.boxrepsol.com\/es\/#website"},"primaryImageOfPage":{"@id":"https:\/\/www.boxrepsol.com\/es\/motogp\/punto-positivo-fue-marquez-aumento-ventaja\/#primaryimage"},"image":{"@id":"https:\/\/www.boxrepsol.com\/es\/motogp\/punto-positivo-fue-marquez-aumento-ventaja\/#primaryimage"},"thumbnailUrl":"https:\/\/bxrepsol.s3.eu-west-1.amazonaws.com\/static\/2022\/08\/29082345\/00_alberto_puig_repsol_honda_team_manager.jpg","datePublished":"2018-08-08T02:00:00+00:00","dateModified":"2024-05-22T11:41:18+00:00","description":"Alberto Puig vivi\u00f3 su d\u00e9cimo Gran Premio como Team Manager del equipo Repsol Honda, en el que Marc M\u00e1rquez fue tercero, con Pedrosa octavo.","breadcrumb":{"@id":"https:\/\/www.boxrepsol.com\/es\/motogp\/punto-positivo-fue-marquez-aumento-ventaja\/#breadcrumb"},"inLanguage":"es","potentialAction":[{"@type":"ReadAction","target":["https:\/\/www.boxrepsol.com\/es\/motogp\/punto-positivo-fue-marquez-aumento-ventaja\/"]}]},{"@type":"ImageObject","inLanguage":"es","@id":"https:\/\/www.boxrepsol.com\/es\/motogp\/punto-positivo-fue-marquez-aumento-ventaja\/#primaryimage","url":"https:\/\/bxrepsol.s3.eu-west-1.amazonaws.com\/static\/2022\/08\/29082345\/00_alberto_puig_repsol_honda_team_manager.jpg","contentUrl":"https:\/\/bxrepsol.s3.eu-west-1.amazonaws.com\/static\/2022\/08\/29082345\/00_alberto_puig_repsol_honda_team_manager.jpg","width":995,"height":560,"caption":"Alberto Puig en el box del equipo"},{"@type":"BreadcrumbList","@id":"https:\/\/www.boxrepsol.com\/es\/motogp\/punto-positivo-fue-marquez-aumento-ventaja\/#breadcrumb","itemListElement":[{"@type":"ListItem","position":1,"name":"Home","item":"https:\/\/www.boxrepsol.com\/es\/"},{"@type":"ListItem","position":2,"name":"\u00abEl punto positivo fue que M\u00e1rquez aument\u00f3 su ventaja\u00bb"}]},{"@type":"WebSite","@id":"https:\/\/www.boxrepsol.com\/es\/#website","url":"https:\/\/www.boxrepsol.com\/es\/","name":"Box Repsol","description":"Box Repsol Site","publisher":{"@id":"https:\/\/www.boxrepsol.com\/es\/#organization"},"potentialAction":[{"@type":"SearchAction","target":{"@type":"EntryPoint","urlTemplate":"https:\/\/www.boxrepsol.com\/es\/?s={search_term_string}"},"query-input":{"@type":"PropertyValueSpecification","valueRequired":true,"valueName":"search_term_string"}}],"inLanguage":"es"},{"@type":"Organization","@id":"https:\/\/www.boxrepsol.com\/es\/#organization","name":"Box Repsol","url":"https:\/\/www.boxrepsol.com\/es\/","logo":{"@type":"ImageObject","inLanguage":"es","@id":"https:\/\/www.boxrepsol.com\/es\/#\/schema\/logo\/image\/","url":"https:\/\/bxrepsol.s3.eu-west-1.amazonaws.com\/static\/2025\/07\/30083337\/favicon-96x96-1.png","contentUrl":"https:\/\/bxrepsol.s3.eu-west-1.amazonaws.com\/static\/2025\/07\/30083337\/favicon-96x96-1.png","width":96,"height":96,"caption":"Box Repsol"},"image":{"@id":"https:\/\/www.boxrepsol.com\/es\/#\/schema\/logo\/image\/"},"sameAs":["https:\/\/www.facebook.com\/BoxRepsol","https:\/\/x.com\/box_repsol","http:\/\/instagram.com\/box_repsol","https:\/\/www.youtube.com\/user\/RepsolCompeticion","https:\/\/www.flickr.com\/photos\/box_repsol\/"]},{"@type":"Person","@id":"https:\/\/www.boxrepsol.com\/es\/#\/schema\/person\/c5c2138f2cca251b0ad92b7086bb60b7","name":"Redacci\u00f3n Box Repsol","image":{"@type":"ImageObject","inLanguage":"es","@id":"https:\/\/secure.gravatar.com\/avatar\/adf7b77e38b4419baf32c7e9c21dde01f4e40df611f0978e3006fc4ba0aaab7e?s=96&d=mm&r=g","url":"https:\/\/secure.gravatar.com\/avatar\/adf7b77e38b4419baf32c7e9c21dde01f4e40df611f0978e3006fc4ba0aaab7e?s=96&d=mm&r=g","contentUrl":"https:\/\/secure.gravatar.com\/avatar\/adf7b77e38b4419baf32c7e9c21dde01f4e40df611f0978e3006fc4ba0aaab7e?s=96&d=mm&r=g","caption":"Redacci\u00f3n Box Repsol"},"description":"Box Repsol lo forma un equipo de periodistas, community managers, dise\u00f1adores y fot\u00f3grafos con m\u00e1s de 20 a\u00f1os de experiencia en el mundo del motorsport. Hemos vivido el primer mundial de un espa\u00f1ol en la categor\u00eda reina de motociclismo con \u00c1lex Crivill\u00e9, estuvimos en las victorias de Pedrosa y los t\u00edtulos de M\u00e1rquez, acompa\u00f1amos en \u00c1frica a Nani Roma y Marc Coma en sus conquistas del Dakar y hemos vibrado con los t\u00edtulos de Toni Bou en Trial. Adem\u00e1s, en nuestro equipo contamos con expertos en el mundo de las dos y cuatro ruedas tanto de la calle y las carreteras, como de los circuitos. Periodistas que han trabajado en revistas y publicaciones para hacerte llegar desde rutas y consejos de mantenimiento, a curiosidades y trucos de pilotaje.","sameAs":["https:\/\/www.facebook.com\/BoxRepsol\/","https:\/\/www.instagram.com\/box_repsol\/","https:\/\/x.com\/https:\/\/twitter.com\/box_repsol","https:\/\/www.youtube.com\/@Boxrepsol"],"url":"https:\/\/www.boxrepsol.com\/es\/author\/redaccion-box-repsol\/"}]}},"_links":{"self":[{"href":"https:\/\/www.boxrepsol.com\/es\/wp-json\/wp\/v2\/posts\/93306","targetHints":{"allow":["GET"]}}],"collection":[{"href":"https:\/\/www.boxrepsol.com\/es\/wp-json\/wp\/v2\/posts"}],"about":[{"href":"https:\/\/www.boxrepsol.com\/es\/wp-json\/wp\/v2\/types\/post"}],"author":[{"embeddable":true,"href":"https:\/\/www.boxrepsol.com\/es\/wp-json\/wp\/v2\/users\/43146"}],"replies":[{"embeddable":true,"href":"https:\/\/www.boxrepsol.com\/es\/wp-json\/wp\/v2\/comments?post=93306"}],"version-history":[{"count":1,"href":"https:\/\/www.boxrepsol.com\/es\/wp-json\/wp\/v2\/posts\/93306\/revisions"}],"predecessor-version":[{"id":116611,"href":"https:\/\/www.boxrepsol.com\/es\/wp-json\/wp\/v2\/posts\/93306\/revisions\/116611"}],"wp:featuredmedia":[{"embeddable":true,"href":"https:\/\/www.boxrepsol.com\/es\/wp-json\/wp\/v2\/media\/58999"}],"wp:attachment":[{"href":"https:\/\/www.boxrepsol.com\/es\/wp-json\/wp\/v2\/media?parent=93306"}],"wp:term":[{"taxonomy":"category","embeddable":true,"href":"https:\/\/www.boxrepsol.com\/es\/wp-json\/wp\/v2\/categories?post=93306"},{"taxonomy":"post_tag","embeddable":true,"href":"https:\/\/www.boxrepsol.com\/es\/wp-json\/wp\/v2\/tags?post=93306"}],"curies":[{"name":"wp","href":"https:\/\/api.w.org\/{rel}","templated":true}]}}