{"id":93290,"date":"2018-08-03T00:00:00","date_gmt":"2018-08-03T02:00:00","guid":{"rendered":"http:\/\/pre.boxrepsol.com\/sin-categorizar\/dani-pedrosa-lidera-la-primera-jornada-brno\/"},"modified":"2024-05-22T09:51:35","modified_gmt":"2024-05-22T11:51:35","slug":"dani-pedrosa-lidera-la-primera-jornada-brno","status":"publish","type":"post","link":"https:\/\/www.boxrepsol.com\/es\/motogp\/dani-pedrosa-lidera-la-primera-jornada-brno\/","title":{"rendered":"Dani Pedrosa lidera la primera jornada en Brno"},"content":{"rendered":"<blockquote>\n<p>Ha sido un buen d\u00eda, ya que hemos podido marcar un buen ritmo; especialmente en el FP2 con los neum\u00e1ticos duros<\/p>\n<p>            <a href=\"http:\/\/twitter.com\/share?text=Ha+sido+un+buen+d%C3%ADa%2C+ya+que+hemos+podido+marcar+un+buen+ritmo%3B+especialmente+en+el+FP2+con+los+neum%C3%A1ticos+duros&#038;url=https%3A%2F%2Fwww.boxrepsol.com%2Fes%2F%3Fp%3D23114%2F&#038;hashtags=\" target=\"_blank\" data-datalayer='{\"event\": \"socialInteraction\", \"socialNetwork\": \"Twitter\", \"socialAction\": \"Compartir\", \"socialTarget\": \"Frase\"}' rel=\"noopener\"><br \/>\n            twittear        <\/a><\/p>\n<footer>Dani Pedrosa<\/footer>\n<\/blockquote>\n<p>Marc M\u00e1rquez ha terminado tercero el entrenamiento matinal, a tan solo 181 mil\u00e9simas del mejor tiempo.<\/p>\n<p>Por la tarde, el vigente Campe\u00f3n del Mundo de MotoGP ha optado por rodar con neum\u00e1ticos usados toda la sesi\u00f3n y ha ocupado la 10\u00aa posici\u00f3n final.<\/p>\n<p>Dani Pedrosa ha sido s\u00e9ptimo en la primera sesi\u00f3n de entrenamientos libres y, tras mejorar casi un segundo y medio en el FP2, ha concluido el d\u00eda siendo el piloto m\u00e1s r\u00e1pido con un tiempo de 1:55.976.<\/p>\n<p>\t\t\t\t<img decoding=\"async\" src=\"https:\/\/bxrepsol.s3.eu-west-1.amazonaws.com\/static\/2022\/08\/05052815\/00_dani_declas.jpg\" alt=\"00_dani_declas\" itemprop=\"image\"  \/><\/p>\n<h3>Dani Pedrosa<\/h3>\n<p><em>Ha sido un buen d\u00eda, ya que hemos podido marcar un buen ritmo; especialmente en el FP2 con los neum\u00e1ticos duros. Hemos hecho un gran trabajo incluso en la parte final del entrenamiento, cuando hemos montado el neum\u00e1tico blando. Esto es importante, ya que normalmente tenemos problemas con el compuesto blando mientras que hoy me he sentido c\u00f3modo y he tenido un buen ritmo. Dicho esto, mantenemos los pies en el suelo porque no todos los pilotos han usado el neum\u00e1tico blando hoy y porque habr\u00e1 que repetir lo conseguido ma\u00f1ana en el entrenamiento clasificatorio. En cuanto a la elecci\u00f3n final del neum\u00e1tico que llevaremos en carrera, todav\u00eda tenemos que hacer m\u00e1s pruebas ma\u00f1ana.<\/em><\/p>\n<h3>Marc M\u00e1rquez<\/h3>\n<p><em>Hemos empezado con un buena puesta a punto, ya que tuvimos un test muy positivo en este circuito hace un mes. He de decir que las condiciones eran diferentes, ahora hace mucho calor y eso significa que tenemos que ajustar los reglajes a estas condiciones. Hemos estado trabajando en ello, completando la primera sesi\u00f3n de entrenamientos libres con el neum\u00e1tico medio y la segunda con el duro. El segundo me ha permitido marcar un buen tiempo al final, as\u00ed que estamos contentos de c\u00f3mo ha ido el d\u00eda. Estamos un poco atr\u00e1s en la tabla de tiempos pero nos hemos centrado en el ritmo y no hay mucha distancia entre nosotros y los primeros. No obstante, Dovizioso ha dado muchas vueltas hoy con neum\u00e1ticos usados y Dani [Pedrosa] tambi\u00e9n ha ido muy r\u00e1pido, as\u00ed que esperaremos a ver qu\u00e9 pasa, ma\u00f1ana entenderemos mejor en qu\u00e9 punto estamos. Seguramente el domingo optemos por el neum\u00e1tico duro delante, mientras que para atr\u00e1s a\u00fan tenemos que acabar de hacer algunas pruebas para poder decidir. \u00a0Han dicho que quiz\u00e1s llueva el domingo pero espero que sigamos teniendo condiciones de seco, aunque haga mucho calor, ya que as\u00ed hay menos riesgo de caerse. Por supuesto, en caso de agua, intentaremos hacer una buena carrera.<\/em><\/p>\n<p>\t\t\t\t<img decoding=\"async\" src=\"https:\/\/bxrepsol.s3.eu-west-1.amazonaws.com\/static\/2022\/08\/05052814\/00_marc_declas.jpg\" alt=\"00_marc_declas\" itemprop=\"image\"  \/><\/p>\n","protected":false},"excerpt":{"rendered":"<p>El piloto del equipo Repsol Honda arranca la primera jornada del Gran Premio de la Rep\u00fablica Checa siendo el m\u00e1s r\u00e1pido, con Marc M\u00e1rquez d\u00e9cimo.<\/p>\n","protected":false},"author":43146,"featured_media":58930,"comment_status":"open","ping_status":"open","sticky":false,"template":"","format":"standard","meta":{"footnotes":""},"categories":[4],"tags":[144],"class_list":["post-93290","post","type-post","status-publish","format-standard","hentry","category-motogp","tag-motogp-republica-checa"],"yoast_head":"<!-- This site is optimized with the Yoast SEO plugin v27.3 - https:\/\/yoast.com\/product\/yoast-seo-wordpress\/ -->\n<title>Dani Pedrosa lidera la primera jornada en Brno - Box Repsol<\/title>\n<meta name=\"description\" content=\"El piloto del equipo Repsol Honda arranca la primera jornada del Gran Premio de la Rep\u00fablica Checa siendo el m\u00e1s r\u00e1pido, con Marc M\u00e1rquez d\u00e9cimo.\" \/>\n<link rel=\"canonical\" href=\"https:\/\/www.boxrepsol.com\/es\/motogp\/dani-pedrosa-lidera-la-primera-jornada-brno\/\" \/>\n<meta property=\"og:locale\" content=\"es_ES\" \/>\n<meta property=\"og:type\" content=\"article\" \/>\n<meta property=\"og:title\" content=\"Dani Pedrosa lidera la primera jornada en Brno - Box Repsol\" \/>\n<meta property=\"og:description\" content=\"El piloto del equipo Repsol Honda arranca la primera jornada del Gran Premio de la Rep\u00fablica Checa siendo el m\u00e1s r\u00e1pido, con Marc M\u00e1rquez d\u00e9cimo.\" \/>\n<meta property=\"og:url\" content=\"https:\/\/www.boxrepsol.com\/es\/motogp\/dani-pedrosa-lidera-la-primera-jornada-brno\/\" \/>\n<meta property=\"og:site_name\" content=\"Box Repsol\" \/>\n<meta property=\"article:publisher\" content=\"https:\/\/www.facebook.com\/BoxRepsol\" \/>\n<meta property=\"article:author\" content=\"https:\/\/www.facebook.com\/BoxRepsol\/\" \/>\n<meta property=\"article:published_time\" content=\"2018-08-03T02:00:00+00:00\" \/>\n<meta property=\"article:modified_time\" content=\"2024-05-22T11:51:35+00:00\" \/>\n<meta property=\"og:image\" content=\"https:\/\/bxrepsol.s3.eu-west-1.amazonaws.com\/static\/2022\/08\/29082311\/00_dani_pedrosa_fp2_lidera_brno_motogp_repsol_honda_26_samurai_2018.jpg\" \/>\n\t<meta property=\"og:image:width\" content=\"995\" \/>\n\t<meta property=\"og:image:height\" content=\"560\" \/>\n\t<meta property=\"og:image:type\" content=\"image\/jpeg\" \/>\n<meta name=\"author\" content=\"Redacci\u00f3n Box Repsol\" \/>\n<meta name=\"twitter:card\" content=\"summary_large_image\" \/>\n<meta name=\"twitter:creator\" content=\"@https:\/\/twitter.com\/box_repsol\" \/>\n<meta name=\"twitter:site\" content=\"@box_repsol\" \/>\n<meta name=\"twitter:label1\" content=\"Written by\" \/>\n\t<meta name=\"twitter:data1\" content=\"Redacci\u00f3n Box Repsol\" \/>\n\t<meta name=\"twitter:label2\" content=\"Est. reading time\" \/>\n\t<meta name=\"twitter:data2\" content=\"2 minutos\" \/>\n<script type=\"application\/ld+json\" class=\"yoast-schema-graph\">{\"@context\":\"https:\\\/\\\/schema.org\",\"@graph\":[{\"@type\":\"Article\",\"@id\":\"https:\\\/\\\/www.boxrepsol.com\\\/es\\\/motogp\\\/dani-pedrosa-lidera-la-primera-jornada-brno\\\/#article\",\"isPartOf\":{\"@id\":\"https:\\\/\\\/www.boxrepsol.com\\\/es\\\/motogp\\\/dani-pedrosa-lidera-la-primera-jornada-brno\\\/\"},\"author\":{\"name\":\"Redacci\u00f3n Box Repsol\",\"@id\":\"https:\\\/\\\/www.boxrepsol.com\\\/es\\\/#\\\/schema\\\/person\\\/c5c2138f2cca251b0ad92b7086bb60b7\"},\"headline\":\"Dani Pedrosa lidera la primera jornada en Brno\",\"datePublished\":\"2018-08-03T02:00:00+00:00\",\"dateModified\":\"2024-05-22T11:51:35+00:00\",\"mainEntityOfPage\":{\"@id\":\"https:\\\/\\\/www.boxrepsol.com\\\/es\\\/motogp\\\/dani-pedrosa-lidera-la-primera-jornada-brno\\\/\"},\"wordCount\":474,\"commentCount\":0,\"publisher\":{\"@id\":\"https:\\\/\\\/www.boxrepsol.com\\\/es\\\/#organization\"},\"image\":{\"@id\":\"https:\\\/\\\/www.boxrepsol.com\\\/es\\\/motogp\\\/dani-pedrosa-lidera-la-primera-jornada-brno\\\/#primaryimage\"},\"thumbnailUrl\":\"https:\\\/\\\/bxrepsol.s3.eu-west-1.amazonaws.com\\\/static\\\/2022\\\/08\\\/29082311\\\/00_dani_pedrosa_fp2_lidera_brno_motogp_repsol_honda_26_samurai_2018.jpg\",\"keywords\":[\"MotoGP Rep\u00fablica Checa\"],\"articleSection\":[\"MotoGP\"],\"inLanguage\":\"es\",\"potentialAction\":[{\"@type\":\"CommentAction\",\"name\":\"Comment\",\"target\":[\"https:\\\/\\\/www.boxrepsol.com\\\/es\\\/motogp\\\/dani-pedrosa-lidera-la-primera-jornada-brno\\\/#respond\"]}]},{\"@type\":\"WebPage\",\"@id\":\"https:\\\/\\\/www.boxrepsol.com\\\/es\\\/motogp\\\/dani-pedrosa-lidera-la-primera-jornada-brno\\\/\",\"url\":\"https:\\\/\\\/www.boxrepsol.com\\\/es\\\/motogp\\\/dani-pedrosa-lidera-la-primera-jornada-brno\\\/\",\"name\":\"Dani Pedrosa lidera la primera jornada en Brno - Box Repsol\",\"isPartOf\":{\"@id\":\"https:\\\/\\\/www.boxrepsol.com\\\/es\\\/#website\"},\"primaryImageOfPage\":{\"@id\":\"https:\\\/\\\/www.boxrepsol.com\\\/es\\\/motogp\\\/dani-pedrosa-lidera-la-primera-jornada-brno\\\/#primaryimage\"},\"image\":{\"@id\":\"https:\\\/\\\/www.boxrepsol.com\\\/es\\\/motogp\\\/dani-pedrosa-lidera-la-primera-jornada-brno\\\/#primaryimage\"},\"thumbnailUrl\":\"https:\\\/\\\/bxrepsol.s3.eu-west-1.amazonaws.com\\\/static\\\/2022\\\/08\\\/29082311\\\/00_dani_pedrosa_fp2_lidera_brno_motogp_repsol_honda_26_samurai_2018.jpg\",\"datePublished\":\"2018-08-03T02:00:00+00:00\",\"dateModified\":\"2024-05-22T11:51:35+00:00\",\"description\":\"El piloto del equipo Repsol Honda arranca la primera jornada del Gran Premio de la Rep\u00fablica Checa siendo el m\u00e1s r\u00e1pido, con Marc M\u00e1rquez d\u00e9cimo.\",\"breadcrumb\":{\"@id\":\"https:\\\/\\\/www.boxrepsol.com\\\/es\\\/motogp\\\/dani-pedrosa-lidera-la-primera-jornada-brno\\\/#breadcrumb\"},\"inLanguage\":\"es\",\"potentialAction\":[{\"@type\":\"ReadAction\",\"target\":[\"https:\\\/\\\/www.boxrepsol.com\\\/es\\\/motogp\\\/dani-pedrosa-lidera-la-primera-jornada-brno\\\/\"]}]},{\"@type\":\"ImageObject\",\"inLanguage\":\"es\",\"@id\":\"https:\\\/\\\/www.boxrepsol.com\\\/es\\\/motogp\\\/dani-pedrosa-lidera-la-primera-jornada-brno\\\/#primaryimage\",\"url\":\"https:\\\/\\\/bxrepsol.s3.eu-west-1.amazonaws.com\\\/static\\\/2022\\\/08\\\/29082311\\\/00_dani_pedrosa_fp2_lidera_brno_motogp_repsol_honda_26_samurai_2018.jpg\",\"contentUrl\":\"https:\\\/\\\/bxrepsol.s3.eu-west-1.amazonaws.com\\\/static\\\/2022\\\/08\\\/29082311\\\/00_dani_pedrosa_fp2_lidera_brno_motogp_repsol_honda_26_samurai_2018.jpg\",\"width\":995,\"height\":560,\"caption\":\"Dani Pedrosa frenando frente a arboleda en MotoGP\"},{\"@type\":\"BreadcrumbList\",\"@id\":\"https:\\\/\\\/www.boxrepsol.com\\\/es\\\/motogp\\\/dani-pedrosa-lidera-la-primera-jornada-brno\\\/#breadcrumb\",\"itemListElement\":[{\"@type\":\"ListItem\",\"position\":1,\"name\":\"Home\",\"item\":\"https:\\\/\\\/www.boxrepsol.com\\\/es\\\/\"},{\"@type\":\"ListItem\",\"position\":2,\"name\":\"Dani Pedrosa lidera la primera jornada en Brno\"}]},{\"@type\":\"WebSite\",\"@id\":\"https:\\\/\\\/www.boxrepsol.com\\\/es\\\/#website\",\"url\":\"https:\\\/\\\/www.boxrepsol.com\\\/es\\\/\",\"name\":\"Box Repsol\",\"description\":\"Box Repsol Site\",\"publisher\":{\"@id\":\"https:\\\/\\\/www.boxrepsol.com\\\/es\\\/#organization\"},\"potentialAction\":[{\"@type\":\"SearchAction\",\"target\":{\"@type\":\"EntryPoint\",\"urlTemplate\":\"https:\\\/\\\/www.boxrepsol.com\\\/es\\\/?s={search_term_string}\"},\"query-input\":{\"@type\":\"PropertyValueSpecification\",\"valueRequired\":true,\"valueName\":\"search_term_string\"}}],\"inLanguage\":\"es\"},{\"@type\":\"Organization\",\"@id\":\"https:\\\/\\\/www.boxrepsol.com\\\/es\\\/#organization\",\"name\":\"Box Repsol\",\"url\":\"https:\\\/\\\/www.boxrepsol.com\\\/es\\\/\",\"logo\":{\"@type\":\"ImageObject\",\"inLanguage\":\"es\",\"@id\":\"https:\\\/\\\/www.boxrepsol.com\\\/es\\\/#\\\/schema\\\/logo\\\/image\\\/\",\"url\":\"https:\\\/\\\/bxrepsol.s3.eu-west-1.amazonaws.com\\\/static\\\/2025\\\/07\\\/30083337\\\/favicon-96x96-1.png\",\"contentUrl\":\"https:\\\/\\\/bxrepsol.s3.eu-west-1.amazonaws.com\\\/static\\\/2025\\\/07\\\/30083337\\\/favicon-96x96-1.png\",\"width\":96,\"height\":96,\"caption\":\"Box Repsol\"},\"image\":{\"@id\":\"https:\\\/\\\/www.boxrepsol.com\\\/es\\\/#\\\/schema\\\/logo\\\/image\\\/\"},\"sameAs\":[\"https:\\\/\\\/www.facebook.com\\\/BoxRepsol\",\"https:\\\/\\\/x.com\\\/box_repsol\",\"http:\\\/\\\/instagram.com\\\/box_repsol\",\"https:\\\/\\\/www.youtube.com\\\/user\\\/RepsolCompeticion\",\"https:\\\/\\\/www.flickr.com\\\/photos\\\/box_repsol\\\/\"]},{\"@type\":\"Person\",\"@id\":\"https:\\\/\\\/www.boxrepsol.com\\\/es\\\/#\\\/schema\\\/person\\\/c5c2138f2cca251b0ad92b7086bb60b7\",\"name\":\"Redacci\u00f3n Box Repsol\",\"image\":{\"@type\":\"ImageObject\",\"inLanguage\":\"es\",\"@id\":\"https:\\\/\\\/secure.gravatar.com\\\/avatar\\\/adf7b77e38b4419baf32c7e9c21dde01f4e40df611f0978e3006fc4ba0aaab7e?s=96&d=mm&r=g\",\"url\":\"https:\\\/\\\/secure.gravatar.com\\\/avatar\\\/adf7b77e38b4419baf32c7e9c21dde01f4e40df611f0978e3006fc4ba0aaab7e?s=96&d=mm&r=g\",\"contentUrl\":\"https:\\\/\\\/secure.gravatar.com\\\/avatar\\\/adf7b77e38b4419baf32c7e9c21dde01f4e40df611f0978e3006fc4ba0aaab7e?s=96&d=mm&r=g\",\"caption\":\"Redacci\u00f3n Box Repsol\"},\"description\":\"Box Repsol lo forma un equipo de periodistas, community managers, dise\u00f1adores y fot\u00f3grafos con m\u00e1s de 20 a\u00f1os de experiencia en el mundo del motorsport. Hemos vivido el primer mundial de un espa\u00f1ol en la categor\u00eda reina de motociclismo con \u00c1lex Crivill\u00e9, estuvimos en las victorias de Pedrosa y los t\u00edtulos de M\u00e1rquez, acompa\u00f1amos en \u00c1frica a Nani Roma y Marc Coma en sus conquistas del Dakar y hemos vibrado con los t\u00edtulos de Toni Bou en Trial. Adem\u00e1s, en nuestro equipo contamos con expertos en el mundo de las dos y cuatro ruedas tanto de la calle y las carreteras, como de los circuitos. Periodistas que han trabajado en revistas y publicaciones para hacerte llegar desde rutas y consejos de mantenimiento, a curiosidades y trucos de pilotaje.\",\"sameAs\":[\"https:\\\/\\\/www.facebook.com\\\/BoxRepsol\\\/\",\"https:\\\/\\\/www.instagram.com\\\/box_repsol\\\/\",\"https:\\\/\\\/x.com\\\/https:\\\/\\\/twitter.com\\\/box_repsol\",\"https:\\\/\\\/www.youtube.com\\\/@Boxrepsol\"],\"url\":\"https:\\\/\\\/www.boxrepsol.com\\\/es\\\/author\\\/redaccion-box-repsol\\\/\"}]}<\/script>\n<!-- \/ Yoast SEO plugin. -->","yoast_head_json":{"title":"Dani Pedrosa lidera la primera jornada en Brno - Box Repsol","description":"El piloto del equipo Repsol Honda arranca la primera jornada del Gran Premio de la Rep\u00fablica Checa siendo el m\u00e1s r\u00e1pido, con Marc M\u00e1rquez d\u00e9cimo.","canonical":"https:\/\/www.boxrepsol.com\/es\/motogp\/dani-pedrosa-lidera-la-primera-jornada-brno\/","og_locale":"es_ES","og_type":"article","og_title":"Dani Pedrosa lidera la primera jornada en Brno - Box Repsol","og_description":"El piloto del equipo Repsol Honda arranca la primera jornada del Gran Premio de la Rep\u00fablica Checa siendo el m\u00e1s r\u00e1pido, con Marc M\u00e1rquez d\u00e9cimo.","og_url":"https:\/\/www.boxrepsol.com\/es\/motogp\/dani-pedrosa-lidera-la-primera-jornada-brno\/","og_site_name":"Box Repsol","article_publisher":"https:\/\/www.facebook.com\/BoxRepsol","article_author":"https:\/\/www.facebook.com\/BoxRepsol\/","article_published_time":"2018-08-03T02:00:00+00:00","article_modified_time":"2024-05-22T11:51:35+00:00","og_image":[{"width":995,"height":560,"url":"https:\/\/bxrepsol.s3.eu-west-1.amazonaws.com\/static\/2022\/08\/29082311\/00_dani_pedrosa_fp2_lidera_brno_motogp_repsol_honda_26_samurai_2018.jpg","type":"image\/jpeg"}],"author":"Redacci\u00f3n Box Repsol","twitter_card":"summary_large_image","twitter_creator":"@https:\/\/twitter.com\/box_repsol","twitter_site":"@box_repsol","twitter_misc":{"Written by":"Redacci\u00f3n Box Repsol","Est. reading time":"2 minutos"},"schema":{"@context":"https:\/\/schema.org","@graph":[{"@type":"Article","@id":"https:\/\/www.boxrepsol.com\/es\/motogp\/dani-pedrosa-lidera-la-primera-jornada-brno\/#article","isPartOf":{"@id":"https:\/\/www.boxrepsol.com\/es\/motogp\/dani-pedrosa-lidera-la-primera-jornada-brno\/"},"author":{"name":"Redacci\u00f3n Box Repsol","@id":"https:\/\/www.boxrepsol.com\/es\/#\/schema\/person\/c5c2138f2cca251b0ad92b7086bb60b7"},"headline":"Dani Pedrosa lidera la primera jornada en Brno","datePublished":"2018-08-03T02:00:00+00:00","dateModified":"2024-05-22T11:51:35+00:00","mainEntityOfPage":{"@id":"https:\/\/www.boxrepsol.com\/es\/motogp\/dani-pedrosa-lidera-la-primera-jornada-brno\/"},"wordCount":474,"commentCount":0,"publisher":{"@id":"https:\/\/www.boxrepsol.com\/es\/#organization"},"image":{"@id":"https:\/\/www.boxrepsol.com\/es\/motogp\/dani-pedrosa-lidera-la-primera-jornada-brno\/#primaryimage"},"thumbnailUrl":"https:\/\/bxrepsol.s3.eu-west-1.amazonaws.com\/static\/2022\/08\/29082311\/00_dani_pedrosa_fp2_lidera_brno_motogp_repsol_honda_26_samurai_2018.jpg","keywords":["MotoGP Rep\u00fablica Checa"],"articleSection":["MotoGP"],"inLanguage":"es","potentialAction":[{"@type":"CommentAction","name":"Comment","target":["https:\/\/www.boxrepsol.com\/es\/motogp\/dani-pedrosa-lidera-la-primera-jornada-brno\/#respond"]}]},{"@type":"WebPage","@id":"https:\/\/www.boxrepsol.com\/es\/motogp\/dani-pedrosa-lidera-la-primera-jornada-brno\/","url":"https:\/\/www.boxrepsol.com\/es\/motogp\/dani-pedrosa-lidera-la-primera-jornada-brno\/","name":"Dani Pedrosa lidera la primera jornada en Brno - Box Repsol","isPartOf":{"@id":"https:\/\/www.boxrepsol.com\/es\/#website"},"primaryImageOfPage":{"@id":"https:\/\/www.boxrepsol.com\/es\/motogp\/dani-pedrosa-lidera-la-primera-jornada-brno\/#primaryimage"},"image":{"@id":"https:\/\/www.boxrepsol.com\/es\/motogp\/dani-pedrosa-lidera-la-primera-jornada-brno\/#primaryimage"},"thumbnailUrl":"https:\/\/bxrepsol.s3.eu-west-1.amazonaws.com\/static\/2022\/08\/29082311\/00_dani_pedrosa_fp2_lidera_brno_motogp_repsol_honda_26_samurai_2018.jpg","datePublished":"2018-08-03T02:00:00+00:00","dateModified":"2024-05-22T11:51:35+00:00","description":"El piloto del equipo Repsol Honda arranca la primera jornada del Gran Premio de la Rep\u00fablica Checa siendo el m\u00e1s r\u00e1pido, con Marc M\u00e1rquez d\u00e9cimo.","breadcrumb":{"@id":"https:\/\/www.boxrepsol.com\/es\/motogp\/dani-pedrosa-lidera-la-primera-jornada-brno\/#breadcrumb"},"inLanguage":"es","potentialAction":[{"@type":"ReadAction","target":["https:\/\/www.boxrepsol.com\/es\/motogp\/dani-pedrosa-lidera-la-primera-jornada-brno\/"]}]},{"@type":"ImageObject","inLanguage":"es","@id":"https:\/\/www.boxrepsol.com\/es\/motogp\/dani-pedrosa-lidera-la-primera-jornada-brno\/#primaryimage","url":"https:\/\/bxrepsol.s3.eu-west-1.amazonaws.com\/static\/2022\/08\/29082311\/00_dani_pedrosa_fp2_lidera_brno_motogp_repsol_honda_26_samurai_2018.jpg","contentUrl":"https:\/\/bxrepsol.s3.eu-west-1.amazonaws.com\/static\/2022\/08\/29082311\/00_dani_pedrosa_fp2_lidera_brno_motogp_repsol_honda_26_samurai_2018.jpg","width":995,"height":560,"caption":"Dani Pedrosa frenando frente a arboleda en MotoGP"},{"@type":"BreadcrumbList","@id":"https:\/\/www.boxrepsol.com\/es\/motogp\/dani-pedrosa-lidera-la-primera-jornada-brno\/#breadcrumb","itemListElement":[{"@type":"ListItem","position":1,"name":"Home","item":"https:\/\/www.boxrepsol.com\/es\/"},{"@type":"ListItem","position":2,"name":"Dani Pedrosa lidera la primera jornada en Brno"}]},{"@type":"WebSite","@id":"https:\/\/www.boxrepsol.com\/es\/#website","url":"https:\/\/www.boxrepsol.com\/es\/","name":"Box Repsol","description":"Box Repsol Site","publisher":{"@id":"https:\/\/www.boxrepsol.com\/es\/#organization"},"potentialAction":[{"@type":"SearchAction","target":{"@type":"EntryPoint","urlTemplate":"https:\/\/www.boxrepsol.com\/es\/?s={search_term_string}"},"query-input":{"@type":"PropertyValueSpecification","valueRequired":true,"valueName":"search_term_string"}}],"inLanguage":"es"},{"@type":"Organization","@id":"https:\/\/www.boxrepsol.com\/es\/#organization","name":"Box Repsol","url":"https:\/\/www.boxrepsol.com\/es\/","logo":{"@type":"ImageObject","inLanguage":"es","@id":"https:\/\/www.boxrepsol.com\/es\/#\/schema\/logo\/image\/","url":"https:\/\/bxrepsol.s3.eu-west-1.amazonaws.com\/static\/2025\/07\/30083337\/favicon-96x96-1.png","contentUrl":"https:\/\/bxrepsol.s3.eu-west-1.amazonaws.com\/static\/2025\/07\/30083337\/favicon-96x96-1.png","width":96,"height":96,"caption":"Box Repsol"},"image":{"@id":"https:\/\/www.boxrepsol.com\/es\/#\/schema\/logo\/image\/"},"sameAs":["https:\/\/www.facebook.com\/BoxRepsol","https:\/\/x.com\/box_repsol","http:\/\/instagram.com\/box_repsol","https:\/\/www.youtube.com\/user\/RepsolCompeticion","https:\/\/www.flickr.com\/photos\/box_repsol\/"]},{"@type":"Person","@id":"https:\/\/www.boxrepsol.com\/es\/#\/schema\/person\/c5c2138f2cca251b0ad92b7086bb60b7","name":"Redacci\u00f3n Box Repsol","image":{"@type":"ImageObject","inLanguage":"es","@id":"https:\/\/secure.gravatar.com\/avatar\/adf7b77e38b4419baf32c7e9c21dde01f4e40df611f0978e3006fc4ba0aaab7e?s=96&d=mm&r=g","url":"https:\/\/secure.gravatar.com\/avatar\/adf7b77e38b4419baf32c7e9c21dde01f4e40df611f0978e3006fc4ba0aaab7e?s=96&d=mm&r=g","contentUrl":"https:\/\/secure.gravatar.com\/avatar\/adf7b77e38b4419baf32c7e9c21dde01f4e40df611f0978e3006fc4ba0aaab7e?s=96&d=mm&r=g","caption":"Redacci\u00f3n Box Repsol"},"description":"Box Repsol lo forma un equipo de periodistas, community managers, dise\u00f1adores y fot\u00f3grafos con m\u00e1s de 20 a\u00f1os de experiencia en el mundo del motorsport. Hemos vivido el primer mundial de un espa\u00f1ol en la categor\u00eda reina de motociclismo con \u00c1lex Crivill\u00e9, estuvimos en las victorias de Pedrosa y los t\u00edtulos de M\u00e1rquez, acompa\u00f1amos en \u00c1frica a Nani Roma y Marc Coma en sus conquistas del Dakar y hemos vibrado con los t\u00edtulos de Toni Bou en Trial. Adem\u00e1s, en nuestro equipo contamos con expertos en el mundo de las dos y cuatro ruedas tanto de la calle y las carreteras, como de los circuitos. Periodistas que han trabajado en revistas y publicaciones para hacerte llegar desde rutas y consejos de mantenimiento, a curiosidades y trucos de pilotaje.","sameAs":["https:\/\/www.facebook.com\/BoxRepsol\/","https:\/\/www.instagram.com\/box_repsol\/","https:\/\/x.com\/https:\/\/twitter.com\/box_repsol","https:\/\/www.youtube.com\/@Boxrepsol"],"url":"https:\/\/www.boxrepsol.com\/es\/author\/redaccion-box-repsol\/"}]}},"_links":{"self":[{"href":"https:\/\/www.boxrepsol.com\/es\/wp-json\/wp\/v2\/posts\/93290","targetHints":{"allow":["GET"]}}],"collection":[{"href":"https:\/\/www.boxrepsol.com\/es\/wp-json\/wp\/v2\/posts"}],"about":[{"href":"https:\/\/www.boxrepsol.com\/es\/wp-json\/wp\/v2\/types\/post"}],"author":[{"embeddable":true,"href":"https:\/\/www.boxrepsol.com\/es\/wp-json\/wp\/v2\/users\/43146"}],"replies":[{"embeddable":true,"href":"https:\/\/www.boxrepsol.com\/es\/wp-json\/wp\/v2\/comments?post=93290"}],"version-history":[{"count":1,"href":"https:\/\/www.boxrepsol.com\/es\/wp-json\/wp\/v2\/posts\/93290\/revisions"}],"predecessor-version":[{"id":93291,"href":"https:\/\/www.boxrepsol.com\/es\/wp-json\/wp\/v2\/posts\/93290\/revisions\/93291"}],"wp:featuredmedia":[{"embeddable":true,"href":"https:\/\/www.boxrepsol.com\/es\/wp-json\/wp\/v2\/media\/58930"}],"wp:attachment":[{"href":"https:\/\/www.boxrepsol.com\/es\/wp-json\/wp\/v2\/media?parent=93290"}],"wp:term":[{"taxonomy":"category","embeddable":true,"href":"https:\/\/www.boxrepsol.com\/es\/wp-json\/wp\/v2\/categories?post=93290"},{"taxonomy":"post_tag","embeddable":true,"href":"https:\/\/www.boxrepsol.com\/es\/wp-json\/wp\/v2\/tags?post=93290"}],"curies":[{"name":"wp","href":"https:\/\/api.w.org\/{rel}","templated":true}]}}