{"id":93284,"date":"2018-08-01T00:00:00","date_gmt":"2018-08-01T02:00:00","guid":{"rendered":"http:\/\/pre.boxrepsol.com\/sin-categorizar\/lo-joven-marc-marquez-creo-sera-capaz-lograr-diez-titulos\/"},"modified":"2024-05-22T09:51:38","modified_gmt":"2024-05-22T11:51:38","slug":"lo-joven-marc-marquez-creo-sera-capaz-lograr-diez-titulos","status":"publish","type":"post","link":"https:\/\/www.boxrepsol.com\/es\/motogp\/lo-joven-marc-marquez-creo-sera-capaz-lograr-diez-titulos\/","title":{"rendered":"\u201cCon lo joven que es Marc M\u00e1rquez, creo que ser\u00e1 capaz de lograr diez t\u00edtulos\u201d"},"content":{"rendered":"<blockquote><p>\n\t<a href=\"http:\/\/twitter.com\/share?text=Dani+%5BPedrosa%5D+es+uno+de+los+mejores+pilotos+de+la+historia+del+motociclismo%2C+con+un+talento+excepcional&#038;url=https%3A%2F%2Fwww.boxrepsol.com%2Fes%2Fmotogp%2Flo-joven-marc-marquez-creo-sera-capaz-lograr-diez-titulos%2F\" target=\"_blank\" rel=\"noopener\"><\/p>\n<p>Dani [Pedrosa] es uno de los mejores pilotos de la historia del motociclismo, con un talento excepcional<\/p>\n<p>\t<\/a>\n<\/p><\/blockquote>\n<p><em>Pese a un fugaz paso por los campos de f\u00fatbol como portero, la pasi\u00f3n de Nani Roma por la gasolina le llev\u00f3 a la alta competici\u00f3n, donde brill\u00f3 primero sobre dos ruedas -siendo el primer piloto espa\u00f1ol en conquistar el Dakar- y luego sobre cuatro ruedas, donde tambi\u00e9n levant\u00f3 el preciado tuareg de oro. Inmerso en la preparaci\u00f3n de la que ser\u00e1 su 24\u00aa participaci\u00f3n en la m\u00edtica prueba de raids, Nani Roma analiza la actualidad del Mundial de MotoGP, que ha llegado a su ecuador con Marc M\u00e1rquez al frente de la clasificaci\u00f3n general.<\/em><\/p>\n<p><strong>\u00bfQu\u00e9 te pareci\u00f3 el pasado Gran Premio de Alemania?<\/strong><\/p>\n<p>La \u00faltima carrera fue toda una exhibici\u00f3n de Marc M\u00e1rquez, en la que se le vio muy tranquilo. Creo que iba a medio gas, la moto no se le mov\u00eda, no tuvo los t\u00edpicos sustos de cuando va m\u00e1s al l\u00edmite. Hizo una carrera magistral y dio la sensaci\u00f3n de que si alguien le hubiese forzado, \u00e9l habr\u00eda podido dar mucho m\u00e1s de s\u00ed.<\/p>\n<p><strong>\u00bfQu\u00e9 balance har\u00edas de la primera mitad del Mundial?<\/strong><\/p>\n<p>Despu\u00e9s de lo que hemos visto, Marc [M\u00e1rquez] est\u00e1 un paso por delante de todos. Desde las ganas que tiene de competir, las ganas que tiene de ganar, la forma en la que trabaja, c\u00f3mo se entrena\u2026 Su mundo es ese y da la impresi\u00f3n de que se siente fuerte y est\u00e1 por delante del resto.<\/p>\n<p><strong>\u00bfC\u00f3mo ves el nivel de las f\u00e1bricas?<\/strong><\/p>\n<p>En estos momentos estamos viviendo uno de los mejores a\u00f1os de la historia, gracias sobre todo a la implantaci\u00f3n de las centralitas \u00fanicas, que ha hecho que todo se igualase mucho. Es fant\u00e1stico ver que tanto las Honda, Yamaha, Ducati y Suzuki se van alternando en los podios. Para m\u00ed, una de las cosas que engancha en las carreras es la batalla de las marcas. El sistema que han encontrado los organizadores, permitiendo adem\u00e1s que los equipos que empezaban, como en el caso de Suzuki, pudieran evolucionar, ha sido muy positivo.<\/p>\n<p><strong>Marc M\u00e1rquez logr\u00f3 su novena victoria consecutiva en Alemania. \u00bfC\u00f3mo valoras un hito as\u00ed?<\/strong><\/p>\n<p>\u00a1\u00bfQu\u00e9 puedo decir de algo as\u00ed?! Cuando alguien gana nueve veces y lo hace de forma consecutiva, como lo ha hecho Marc [M\u00e1rquez], te demuestra el nivel que tiene. Yo gan\u00e9 nueve veces la Baja Arag\u00f3n y te aseguro que me cost\u00f3 mucho. Marc tiene un nivel excepcional, pero es que poco m\u00e1s se puede decir de \u00e9l. No es el deportista perfecto, porque no existe, pero casi. Tiene talento, es trabajador, ama su deporte, y encima es inteligente y ha sabido rodearse de la gente adecuada.<\/p>\n<p>\t\t\t\t<img decoding=\"async\" src=\"https:\/\/bxrepsol.s3.eu-west-1.amazonaws.com\/static\/2022\/08\/05060658\/00_nani_roma_desierto_dakar_ktm_repsol.jpg\" alt=\"Nani Roma en moto KTM cruzando el desierto\" itemprop=\"image\"  \/><\/p>\n<p><strong>Desde tu punto de vista de piloto, \u00bfc\u00f3mo valoras la situaci\u00f3n de Dani Pedrosa y todo lo que ha pasado en las \u00faltimas semanas?, \u00bfc\u00f3mo crees que ser\u00e1 su segunda mitad de la temporada?<\/strong><\/p>\n<p>Dani [Pedrosa] es uno de los mejores pilotos de la historia del motociclismo, con un talento excepcional. Su f\u00edsico quiz\u00e1s le ayud\u00f3 algo en 125cc y 250cc, pero le ha perjudicado mucho en MotoGP y a pesar de ello, lo que ha hecho es incre\u00edble. Lo que ha ganado, las carreras que ha hecho, la competitividad que ha exhibido\u2026 Es un piloto muy profesional, que entrena y trabaja much\u00edsimo, pero vivimos en un mundo en el que si no ganas el Mundial de MotoGP parece que no has ganado nada, nos olvidamos demasiado r\u00e1pido de lo que hacen los deportistas del nivel de Dani. Seguramente est\u00e1 siendo una situaci\u00f3n dif\u00edcil para \u00e9l, porque cuando llega un momento a media temporada en el que dices \u2018hasta aqu\u00ed he llegado\u2019, seguro que cuesta m\u00e1s encontrar la motivaci\u00f3n. Con su talento, quiz\u00e1s consigue soltarse y volvemos a ver el nivel que hab\u00edamos visto hasta ahora, haciendo carreras buenas. Sobre todo, le deseo lo mejor y le agradezco todo lo que nos ha hecho disfrutar a todos los que seguimos este deporte.<\/p>\n<p><strong>Despu\u00e9s del test que Marc hizo con el F1, el Dr. Helmut Marko le propuso pasarse a las cuatro ruedas. T\u00fa hiciste ese cambio, \u00bfte imaginas a Marc en un F1?<\/strong><\/p>\n<p>Hice el cambio de las dos a las cuatro ruedas y me fue bien. He tenido la suerte de vivir en una misma trayectoria profesional dos tipos de pilotaje distintos y lo he disfrutado mucho. Tengo muy buenos recuerdos de la moto y es algo que todav\u00eda hago, porque lo que me ha dado es maravilloso. Pero tambi\u00e9n he tenido la suerte de disponer de los mejores coches, en los mejores equipos y disfrutarlo tambi\u00e9n mucho. Con lo joven que es Marc M\u00e1rquez, yo creo que es capaz de ganar diez t\u00edtulos y estoy seguro de que en la F\u00f3rmula 1 lo har\u00eda muy bien. Si el Dr. Marko dijo algo as\u00ed es porque vio que tiene talento. En este mundo nadie regala nada, y menos \u00e9l, que no suele prodigarse en piropos. En la F\u00f3rmula 1 tienen todo muy controlado y saben muy r\u00e1pidamente c\u00f3mo frenan, c\u00f3mo aceleran, el paso por curva, las referencias de todos los pilotos que han pasado por all\u00ed, as\u00ed que si le dijo eso, es porque ver\u00eda algo. No me sorprende eso en un piloto excepcional como Marc.<\/p>\n<p><strong>\u00bfC\u00f3mo se presenta tu temporada despu\u00e9s del accidente en el pasado Dakar?<\/strong><\/p>\n<p>Hasta ahora he pasado bastante tiempo de recuperaci\u00f3n, as\u00ed que estoy muy contento de volver a empezar y volver a competir. He disputado mi primera carrera, la Silk Way, una prueba dura de siete d\u00edas en Rusia, y a partir de aqu\u00ed tenemos un calendario bastante cargado hasta el Dakar 2019, con muchas carreras y muchos entrenamientos para probar las nuevas evoluciones del coche que llegan en septiembre. Esperando con ganas un nuevo Dakar: el 24\u00ba que har\u00e9, as\u00ed que nosotros pocas vacaciones, porque aunque no lo parezca, en seguida estamos en Navidad preparados para empezar otra vez.<\/p>\n<p><strong>\u00bfCu\u00e1les fueron tus primeros \u00eddolos del Mundial de Motociclismo?<\/strong><\/p>\n<p>Los primeros pilotos que segu\u00eda cuando miraba las carreras eran los americanos. Recuerdo a Freddie Spencer, que corr\u00eda en 250cc y 500cc, o las derrapadas de Randy Mamola. Y sobre todo recuerdo la \u00e9poca de Kevin Schwantz, Wayne Rainey, o los australianos Gardner y Doohan. M\u00e1s adelante, cuando yo ya compet\u00eda, llegaron los espa\u00f1oles: Sito Pons, Garriga, Card\u00fas, \u00c1lex Crivill\u00e9 y compa\u00f1\u00eda.<\/p>\n","protected":false},"excerpt":{"rendered":"<p>Nani Roma, primer piloto espa\u00f1ol en ganar un Dakar en 2004 luciendo los colores de Repsol, sigue de cerca el Mundial de MotoGP como un apasionado m\u00e1s del mundo del motor.<\/p>\n","protected":false},"author":43146,"featured_media":58910,"comment_status":"open","ping_status":"open","sticky":false,"template":"","format":"standard","meta":{"footnotes":""},"categories":[4],"tags":[178],"class_list":["post-93284","post","type-post","status-publish","format-standard","hentry","category-motogp","tag-pilotos-de-motociclismo"],"yoast_head":"<!-- This site is optimized with the Yoast SEO plugin v27.3 - https:\/\/yoast.com\/product\/yoast-seo-wordpress\/ -->\n<title>Nani Roma: &quot;Con lo joven que es Marc M\u00e1rquez, creo que ser\u00e1 capaz de lograr diez t\u00edtulos&quot;<\/title>\n<meta name=\"description\" content=\"Nani Roma, primer piloto espa\u00f1ol en ganar un Dakar en 2004 luciendo los colores de Repsol, sigue de cerca el Mundial de MotoGP como un apasionado m\u00e1s.\" \/>\n<link rel=\"canonical\" href=\"https:\/\/www.boxrepsol.com\/es\/motogp\/lo-joven-marc-marquez-creo-sera-capaz-lograr-diez-titulos\/\" \/>\n<meta property=\"og:locale\" content=\"es_ES\" \/>\n<meta property=\"og:type\" content=\"article\" \/>\n<meta property=\"og:title\" content=\"Nani Roma: &quot;Con lo joven que es Marc M\u00e1rquez, creo que ser\u00e1 capaz de lograr diez t\u00edtulos&quot;\" \/>\n<meta property=\"og:description\" content=\"Nani Roma, primer piloto espa\u00f1ol en ganar un Dakar en 2004 luciendo los colores de Repsol, sigue de cerca el Mundial de MotoGP como un apasionado m\u00e1s.\" \/>\n<meta property=\"og:url\" content=\"https:\/\/www.boxrepsol.com\/es\/motogp\/lo-joven-marc-marquez-creo-sera-capaz-lograr-diez-titulos\/\" \/>\n<meta property=\"og:site_name\" content=\"Box Repsol\" \/>\n<meta property=\"article:publisher\" content=\"https:\/\/www.facebook.com\/BoxRepsol\" \/>\n<meta property=\"article:author\" content=\"https:\/\/www.facebook.com\/BoxRepsol\/\" \/>\n<meta property=\"article:published_time\" content=\"2018-08-01T02:00:00+00:00\" \/>\n<meta property=\"article:modified_time\" content=\"2024-05-22T11:51:38+00:00\" \/>\n<meta property=\"og:image\" content=\"https:\/\/bxrepsol.s3.eu-west-1.amazonaws.com\/static\/2022\/08\/29082259\/00_nani_roma_dakar_repsol.jpg\" \/>\n\t<meta property=\"og:image:width\" content=\"995\" \/>\n\t<meta property=\"og:image:height\" content=\"560\" \/>\n\t<meta property=\"og:image:type\" content=\"image\/jpeg\" \/>\n<meta name=\"author\" content=\"Redacci\u00f3n Box Repsol\" \/>\n<meta name=\"twitter:card\" content=\"summary_large_image\" \/>\n<meta name=\"twitter:creator\" content=\"@https:\/\/twitter.com\/box_repsol\" \/>\n<meta name=\"twitter:site\" content=\"@box_repsol\" \/>\n<meta name=\"twitter:label1\" content=\"Written by\" \/>\n\t<meta name=\"twitter:data1\" content=\"Redacci\u00f3n Box Repsol\" \/>\n\t<meta name=\"twitter:label2\" content=\"Est. reading time\" \/>\n\t<meta name=\"twitter:data2\" content=\"6 minutos\" \/>\n<script type=\"application\/ld+json\" class=\"yoast-schema-graph\">{\"@context\":\"https:\\\/\\\/schema.org\",\"@graph\":[{\"@type\":\"Article\",\"@id\":\"https:\\\/\\\/www.boxrepsol.com\\\/es\\\/motogp\\\/lo-joven-marc-marquez-creo-sera-capaz-lograr-diez-titulos\\\/#article\",\"isPartOf\":{\"@id\":\"https:\\\/\\\/www.boxrepsol.com\\\/es\\\/motogp\\\/lo-joven-marc-marquez-creo-sera-capaz-lograr-diez-titulos\\\/\"},\"author\":{\"name\":\"Redacci\u00f3n Box Repsol\",\"@id\":\"https:\\\/\\\/www.boxrepsol.com\\\/es\\\/#\\\/schema\\\/person\\\/c5c2138f2cca251b0ad92b7086bb60b7\"},\"headline\":\"\u201cCon lo joven que es Marc M\u00e1rquez, creo que ser\u00e1 capaz de lograr diez t\u00edtulos\u201d\",\"datePublished\":\"2018-08-01T02:00:00+00:00\",\"dateModified\":\"2024-05-22T11:51:38+00:00\",\"mainEntityOfPage\":{\"@id\":\"https:\\\/\\\/www.boxrepsol.com\\\/es\\\/motogp\\\/lo-joven-marc-marquez-creo-sera-capaz-lograr-diez-titulos\\\/\"},\"wordCount\":1143,\"commentCount\":0,\"publisher\":{\"@id\":\"https:\\\/\\\/www.boxrepsol.com\\\/es\\\/#organization\"},\"image\":{\"@id\":\"https:\\\/\\\/www.boxrepsol.com\\\/es\\\/motogp\\\/lo-joven-marc-marquez-creo-sera-capaz-lograr-diez-titulos\\\/#primaryimage\"},\"thumbnailUrl\":\"https:\\\/\\\/bxrepsol.s3.eu-west-1.amazonaws.com\\\/static\\\/2022\\\/08\\\/29082259\\\/00_nani_roma_dakar_repsol.jpg\",\"keywords\":[\"pilotos de motociclismo\"],\"articleSection\":[\"MotoGP\"],\"inLanguage\":\"es\",\"potentialAction\":[{\"@type\":\"CommentAction\",\"name\":\"Comment\",\"target\":[\"https:\\\/\\\/www.boxrepsol.com\\\/es\\\/motogp\\\/lo-joven-marc-marquez-creo-sera-capaz-lograr-diez-titulos\\\/#respond\"]}]},{\"@type\":\"WebPage\",\"@id\":\"https:\\\/\\\/www.boxrepsol.com\\\/es\\\/motogp\\\/lo-joven-marc-marquez-creo-sera-capaz-lograr-diez-titulos\\\/\",\"url\":\"https:\\\/\\\/www.boxrepsol.com\\\/es\\\/motogp\\\/lo-joven-marc-marquez-creo-sera-capaz-lograr-diez-titulos\\\/\",\"name\":\"Nani Roma: \\\"Con lo joven que es Marc M\u00e1rquez, creo que ser\u00e1 capaz de lograr diez t\u00edtulos\\\"\",\"isPartOf\":{\"@id\":\"https:\\\/\\\/www.boxrepsol.com\\\/es\\\/#website\"},\"primaryImageOfPage\":{\"@id\":\"https:\\\/\\\/www.boxrepsol.com\\\/es\\\/motogp\\\/lo-joven-marc-marquez-creo-sera-capaz-lograr-diez-titulos\\\/#primaryimage\"},\"image\":{\"@id\":\"https:\\\/\\\/www.boxrepsol.com\\\/es\\\/motogp\\\/lo-joven-marc-marquez-creo-sera-capaz-lograr-diez-titulos\\\/#primaryimage\"},\"thumbnailUrl\":\"https:\\\/\\\/bxrepsol.s3.eu-west-1.amazonaws.com\\\/static\\\/2022\\\/08\\\/29082259\\\/00_nani_roma_dakar_repsol.jpg\",\"datePublished\":\"2018-08-01T02:00:00+00:00\",\"dateModified\":\"2024-05-22T11:51:38+00:00\",\"description\":\"Nani Roma, primer piloto espa\u00f1ol en ganar un Dakar en 2004 luciendo los colores de Repsol, sigue de cerca el Mundial de MotoGP como un apasionado m\u00e1s.\",\"breadcrumb\":{\"@id\":\"https:\\\/\\\/www.boxrepsol.com\\\/es\\\/motogp\\\/lo-joven-marc-marquez-creo-sera-capaz-lograr-diez-titulos\\\/#breadcrumb\"},\"inLanguage\":\"es\",\"potentialAction\":[{\"@type\":\"ReadAction\",\"target\":[\"https:\\\/\\\/www.boxrepsol.com\\\/es\\\/motogp\\\/lo-joven-marc-marquez-creo-sera-capaz-lograr-diez-titulos\\\/\"]}]},{\"@type\":\"ImageObject\",\"inLanguage\":\"es\",\"@id\":\"https:\\\/\\\/www.boxrepsol.com\\\/es\\\/motogp\\\/lo-joven-marc-marquez-creo-sera-capaz-lograr-diez-titulos\\\/#primaryimage\",\"url\":\"https:\\\/\\\/bxrepsol.s3.eu-west-1.amazonaws.com\\\/static\\\/2022\\\/08\\\/29082259\\\/00_nani_roma_dakar_repsol.jpg\",\"contentUrl\":\"https:\\\/\\\/bxrepsol.s3.eu-west-1.amazonaws.com\\\/static\\\/2022\\\/08\\\/29082259\\\/00_nani_roma_dakar_repsol.jpg\",\"width\":995,\"height\":560,\"caption\":\"Nani Roma junto a un coche Repsol de Rally\"},{\"@type\":\"BreadcrumbList\",\"@id\":\"https:\\\/\\\/www.boxrepsol.com\\\/es\\\/motogp\\\/lo-joven-marc-marquez-creo-sera-capaz-lograr-diez-titulos\\\/#breadcrumb\",\"itemListElement\":[{\"@type\":\"ListItem\",\"position\":1,\"name\":\"Home\",\"item\":\"https:\\\/\\\/www.boxrepsol.com\\\/es\\\/\"},{\"@type\":\"ListItem\",\"position\":2,\"name\":\"\u201cCon lo joven que es Marc M\u00e1rquez, creo que ser\u00e1 capaz de lograr diez t\u00edtulos\u201d\"}]},{\"@type\":\"WebSite\",\"@id\":\"https:\\\/\\\/www.boxrepsol.com\\\/es\\\/#website\",\"url\":\"https:\\\/\\\/www.boxrepsol.com\\\/es\\\/\",\"name\":\"Box Repsol\",\"description\":\"Box Repsol Site\",\"publisher\":{\"@id\":\"https:\\\/\\\/www.boxrepsol.com\\\/es\\\/#organization\"},\"potentialAction\":[{\"@type\":\"SearchAction\",\"target\":{\"@type\":\"EntryPoint\",\"urlTemplate\":\"https:\\\/\\\/www.boxrepsol.com\\\/es\\\/?s={search_term_string}\"},\"query-input\":{\"@type\":\"PropertyValueSpecification\",\"valueRequired\":true,\"valueName\":\"search_term_string\"}}],\"inLanguage\":\"es\"},{\"@type\":\"Organization\",\"@id\":\"https:\\\/\\\/www.boxrepsol.com\\\/es\\\/#organization\",\"name\":\"Box Repsol\",\"url\":\"https:\\\/\\\/www.boxrepsol.com\\\/es\\\/\",\"logo\":{\"@type\":\"ImageObject\",\"inLanguage\":\"es\",\"@id\":\"https:\\\/\\\/www.boxrepsol.com\\\/es\\\/#\\\/schema\\\/logo\\\/image\\\/\",\"url\":\"https:\\\/\\\/bxrepsol.s3.eu-west-1.amazonaws.com\\\/static\\\/2025\\\/07\\\/30083337\\\/favicon-96x96-1.png\",\"contentUrl\":\"https:\\\/\\\/bxrepsol.s3.eu-west-1.amazonaws.com\\\/static\\\/2025\\\/07\\\/30083337\\\/favicon-96x96-1.png\",\"width\":96,\"height\":96,\"caption\":\"Box Repsol\"},\"image\":{\"@id\":\"https:\\\/\\\/www.boxrepsol.com\\\/es\\\/#\\\/schema\\\/logo\\\/image\\\/\"},\"sameAs\":[\"https:\\\/\\\/www.facebook.com\\\/BoxRepsol\",\"https:\\\/\\\/x.com\\\/box_repsol\",\"http:\\\/\\\/instagram.com\\\/box_repsol\",\"https:\\\/\\\/www.youtube.com\\\/user\\\/RepsolCompeticion\",\"https:\\\/\\\/www.flickr.com\\\/photos\\\/box_repsol\\\/\"]},{\"@type\":\"Person\",\"@id\":\"https:\\\/\\\/www.boxrepsol.com\\\/es\\\/#\\\/schema\\\/person\\\/c5c2138f2cca251b0ad92b7086bb60b7\",\"name\":\"Redacci\u00f3n Box Repsol\",\"image\":{\"@type\":\"ImageObject\",\"inLanguage\":\"es\",\"@id\":\"https:\\\/\\\/secure.gravatar.com\\\/avatar\\\/adf7b77e38b4419baf32c7e9c21dde01f4e40df611f0978e3006fc4ba0aaab7e?s=96&d=mm&r=g\",\"url\":\"https:\\\/\\\/secure.gravatar.com\\\/avatar\\\/adf7b77e38b4419baf32c7e9c21dde01f4e40df611f0978e3006fc4ba0aaab7e?s=96&d=mm&r=g\",\"contentUrl\":\"https:\\\/\\\/secure.gravatar.com\\\/avatar\\\/adf7b77e38b4419baf32c7e9c21dde01f4e40df611f0978e3006fc4ba0aaab7e?s=96&d=mm&r=g\",\"caption\":\"Redacci\u00f3n Box Repsol\"},\"description\":\"Box Repsol lo forma un equipo de periodistas, community managers, dise\u00f1adores y fot\u00f3grafos con m\u00e1s de 20 a\u00f1os de experiencia en el mundo del motorsport. Hemos vivido el primer mundial de un espa\u00f1ol en la categor\u00eda reina de motociclismo con \u00c1lex Crivill\u00e9, estuvimos en las victorias de Pedrosa y los t\u00edtulos de M\u00e1rquez, acompa\u00f1amos en \u00c1frica a Nani Roma y Marc Coma en sus conquistas del Dakar y hemos vibrado con los t\u00edtulos de Toni Bou en Trial. Adem\u00e1s, en nuestro equipo contamos con expertos en el mundo de las dos y cuatro ruedas tanto de la calle y las carreteras, como de los circuitos. Periodistas que han trabajado en revistas y publicaciones para hacerte llegar desde rutas y consejos de mantenimiento, a curiosidades y trucos de pilotaje.\",\"sameAs\":[\"https:\\\/\\\/www.facebook.com\\\/BoxRepsol\\\/\",\"https:\\\/\\\/www.instagram.com\\\/box_repsol\\\/\",\"https:\\\/\\\/x.com\\\/https:\\\/\\\/twitter.com\\\/box_repsol\",\"https:\\\/\\\/www.youtube.com\\\/@Boxrepsol\"],\"url\":\"https:\\\/\\\/www.boxrepsol.com\\\/es\\\/author\\\/redaccion-box-repsol\\\/\"}]}<\/script>\n<!-- \/ Yoast SEO plugin. -->","yoast_head_json":{"title":"Nani Roma: \"Con lo joven que es Marc M\u00e1rquez, creo que ser\u00e1 capaz de lograr diez t\u00edtulos\"","description":"Nani Roma, primer piloto espa\u00f1ol en ganar un Dakar en 2004 luciendo los colores de Repsol, sigue de cerca el Mundial de MotoGP como un apasionado m\u00e1s.","canonical":"https:\/\/www.boxrepsol.com\/es\/motogp\/lo-joven-marc-marquez-creo-sera-capaz-lograr-diez-titulos\/","og_locale":"es_ES","og_type":"article","og_title":"Nani Roma: \"Con lo joven que es Marc M\u00e1rquez, creo que ser\u00e1 capaz de lograr diez t\u00edtulos\"","og_description":"Nani Roma, primer piloto espa\u00f1ol en ganar un Dakar en 2004 luciendo los colores de Repsol, sigue de cerca el Mundial de MotoGP como un apasionado m\u00e1s.","og_url":"https:\/\/www.boxrepsol.com\/es\/motogp\/lo-joven-marc-marquez-creo-sera-capaz-lograr-diez-titulos\/","og_site_name":"Box Repsol","article_publisher":"https:\/\/www.facebook.com\/BoxRepsol","article_author":"https:\/\/www.facebook.com\/BoxRepsol\/","article_published_time":"2018-08-01T02:00:00+00:00","article_modified_time":"2024-05-22T11:51:38+00:00","og_image":[{"width":995,"height":560,"url":"https:\/\/bxrepsol.s3.eu-west-1.amazonaws.com\/static\/2022\/08\/29082259\/00_nani_roma_dakar_repsol.jpg","type":"image\/jpeg"}],"author":"Redacci\u00f3n Box Repsol","twitter_card":"summary_large_image","twitter_creator":"@https:\/\/twitter.com\/box_repsol","twitter_site":"@box_repsol","twitter_misc":{"Written by":"Redacci\u00f3n Box Repsol","Est. reading time":"6 minutos"},"schema":{"@context":"https:\/\/schema.org","@graph":[{"@type":"Article","@id":"https:\/\/www.boxrepsol.com\/es\/motogp\/lo-joven-marc-marquez-creo-sera-capaz-lograr-diez-titulos\/#article","isPartOf":{"@id":"https:\/\/www.boxrepsol.com\/es\/motogp\/lo-joven-marc-marquez-creo-sera-capaz-lograr-diez-titulos\/"},"author":{"name":"Redacci\u00f3n Box Repsol","@id":"https:\/\/www.boxrepsol.com\/es\/#\/schema\/person\/c5c2138f2cca251b0ad92b7086bb60b7"},"headline":"\u201cCon lo joven que es Marc M\u00e1rquez, creo que ser\u00e1 capaz de lograr diez t\u00edtulos\u201d","datePublished":"2018-08-01T02:00:00+00:00","dateModified":"2024-05-22T11:51:38+00:00","mainEntityOfPage":{"@id":"https:\/\/www.boxrepsol.com\/es\/motogp\/lo-joven-marc-marquez-creo-sera-capaz-lograr-diez-titulos\/"},"wordCount":1143,"commentCount":0,"publisher":{"@id":"https:\/\/www.boxrepsol.com\/es\/#organization"},"image":{"@id":"https:\/\/www.boxrepsol.com\/es\/motogp\/lo-joven-marc-marquez-creo-sera-capaz-lograr-diez-titulos\/#primaryimage"},"thumbnailUrl":"https:\/\/bxrepsol.s3.eu-west-1.amazonaws.com\/static\/2022\/08\/29082259\/00_nani_roma_dakar_repsol.jpg","keywords":["pilotos de motociclismo"],"articleSection":["MotoGP"],"inLanguage":"es","potentialAction":[{"@type":"CommentAction","name":"Comment","target":["https:\/\/www.boxrepsol.com\/es\/motogp\/lo-joven-marc-marquez-creo-sera-capaz-lograr-diez-titulos\/#respond"]}]},{"@type":"WebPage","@id":"https:\/\/www.boxrepsol.com\/es\/motogp\/lo-joven-marc-marquez-creo-sera-capaz-lograr-diez-titulos\/","url":"https:\/\/www.boxrepsol.com\/es\/motogp\/lo-joven-marc-marquez-creo-sera-capaz-lograr-diez-titulos\/","name":"Nani Roma: \"Con lo joven que es Marc M\u00e1rquez, creo que ser\u00e1 capaz de lograr diez t\u00edtulos\"","isPartOf":{"@id":"https:\/\/www.boxrepsol.com\/es\/#website"},"primaryImageOfPage":{"@id":"https:\/\/www.boxrepsol.com\/es\/motogp\/lo-joven-marc-marquez-creo-sera-capaz-lograr-diez-titulos\/#primaryimage"},"image":{"@id":"https:\/\/www.boxrepsol.com\/es\/motogp\/lo-joven-marc-marquez-creo-sera-capaz-lograr-diez-titulos\/#primaryimage"},"thumbnailUrl":"https:\/\/bxrepsol.s3.eu-west-1.amazonaws.com\/static\/2022\/08\/29082259\/00_nani_roma_dakar_repsol.jpg","datePublished":"2018-08-01T02:00:00+00:00","dateModified":"2024-05-22T11:51:38+00:00","description":"Nani Roma, primer piloto espa\u00f1ol en ganar un Dakar en 2004 luciendo los colores de Repsol, sigue de cerca el Mundial de MotoGP como un apasionado m\u00e1s.","breadcrumb":{"@id":"https:\/\/www.boxrepsol.com\/es\/motogp\/lo-joven-marc-marquez-creo-sera-capaz-lograr-diez-titulos\/#breadcrumb"},"inLanguage":"es","potentialAction":[{"@type":"ReadAction","target":["https:\/\/www.boxrepsol.com\/es\/motogp\/lo-joven-marc-marquez-creo-sera-capaz-lograr-diez-titulos\/"]}]},{"@type":"ImageObject","inLanguage":"es","@id":"https:\/\/www.boxrepsol.com\/es\/motogp\/lo-joven-marc-marquez-creo-sera-capaz-lograr-diez-titulos\/#primaryimage","url":"https:\/\/bxrepsol.s3.eu-west-1.amazonaws.com\/static\/2022\/08\/29082259\/00_nani_roma_dakar_repsol.jpg","contentUrl":"https:\/\/bxrepsol.s3.eu-west-1.amazonaws.com\/static\/2022\/08\/29082259\/00_nani_roma_dakar_repsol.jpg","width":995,"height":560,"caption":"Nani Roma junto a un coche Repsol de Rally"},{"@type":"BreadcrumbList","@id":"https:\/\/www.boxrepsol.com\/es\/motogp\/lo-joven-marc-marquez-creo-sera-capaz-lograr-diez-titulos\/#breadcrumb","itemListElement":[{"@type":"ListItem","position":1,"name":"Home","item":"https:\/\/www.boxrepsol.com\/es\/"},{"@type":"ListItem","position":2,"name":"\u201cCon lo joven que es Marc M\u00e1rquez, creo que ser\u00e1 capaz de lograr diez t\u00edtulos\u201d"}]},{"@type":"WebSite","@id":"https:\/\/www.boxrepsol.com\/es\/#website","url":"https:\/\/www.boxrepsol.com\/es\/","name":"Box Repsol","description":"Box Repsol Site","publisher":{"@id":"https:\/\/www.boxrepsol.com\/es\/#organization"},"potentialAction":[{"@type":"SearchAction","target":{"@type":"EntryPoint","urlTemplate":"https:\/\/www.boxrepsol.com\/es\/?s={search_term_string}"},"query-input":{"@type":"PropertyValueSpecification","valueRequired":true,"valueName":"search_term_string"}}],"inLanguage":"es"},{"@type":"Organization","@id":"https:\/\/www.boxrepsol.com\/es\/#organization","name":"Box Repsol","url":"https:\/\/www.boxrepsol.com\/es\/","logo":{"@type":"ImageObject","inLanguage":"es","@id":"https:\/\/www.boxrepsol.com\/es\/#\/schema\/logo\/image\/","url":"https:\/\/bxrepsol.s3.eu-west-1.amazonaws.com\/static\/2025\/07\/30083337\/favicon-96x96-1.png","contentUrl":"https:\/\/bxrepsol.s3.eu-west-1.amazonaws.com\/static\/2025\/07\/30083337\/favicon-96x96-1.png","width":96,"height":96,"caption":"Box Repsol"},"image":{"@id":"https:\/\/www.boxrepsol.com\/es\/#\/schema\/logo\/image\/"},"sameAs":["https:\/\/www.facebook.com\/BoxRepsol","https:\/\/x.com\/box_repsol","http:\/\/instagram.com\/box_repsol","https:\/\/www.youtube.com\/user\/RepsolCompeticion","https:\/\/www.flickr.com\/photos\/box_repsol\/"]},{"@type":"Person","@id":"https:\/\/www.boxrepsol.com\/es\/#\/schema\/person\/c5c2138f2cca251b0ad92b7086bb60b7","name":"Redacci\u00f3n Box Repsol","image":{"@type":"ImageObject","inLanguage":"es","@id":"https:\/\/secure.gravatar.com\/avatar\/adf7b77e38b4419baf32c7e9c21dde01f4e40df611f0978e3006fc4ba0aaab7e?s=96&d=mm&r=g","url":"https:\/\/secure.gravatar.com\/avatar\/adf7b77e38b4419baf32c7e9c21dde01f4e40df611f0978e3006fc4ba0aaab7e?s=96&d=mm&r=g","contentUrl":"https:\/\/secure.gravatar.com\/avatar\/adf7b77e38b4419baf32c7e9c21dde01f4e40df611f0978e3006fc4ba0aaab7e?s=96&d=mm&r=g","caption":"Redacci\u00f3n Box Repsol"},"description":"Box Repsol lo forma un equipo de periodistas, community managers, dise\u00f1adores y fot\u00f3grafos con m\u00e1s de 20 a\u00f1os de experiencia en el mundo del motorsport. Hemos vivido el primer mundial de un espa\u00f1ol en la categor\u00eda reina de motociclismo con \u00c1lex Crivill\u00e9, estuvimos en las victorias de Pedrosa y los t\u00edtulos de M\u00e1rquez, acompa\u00f1amos en \u00c1frica a Nani Roma y Marc Coma en sus conquistas del Dakar y hemos vibrado con los t\u00edtulos de Toni Bou en Trial. Adem\u00e1s, en nuestro equipo contamos con expertos en el mundo de las dos y cuatro ruedas tanto de la calle y las carreteras, como de los circuitos. Periodistas que han trabajado en revistas y publicaciones para hacerte llegar desde rutas y consejos de mantenimiento, a curiosidades y trucos de pilotaje.","sameAs":["https:\/\/www.facebook.com\/BoxRepsol\/","https:\/\/www.instagram.com\/box_repsol\/","https:\/\/x.com\/https:\/\/twitter.com\/box_repsol","https:\/\/www.youtube.com\/@Boxrepsol"],"url":"https:\/\/www.boxrepsol.com\/es\/author\/redaccion-box-repsol\/"}]}},"_links":{"self":[{"href":"https:\/\/www.boxrepsol.com\/es\/wp-json\/wp\/v2\/posts\/93284","targetHints":{"allow":["GET"]}}],"collection":[{"href":"https:\/\/www.boxrepsol.com\/es\/wp-json\/wp\/v2\/posts"}],"about":[{"href":"https:\/\/www.boxrepsol.com\/es\/wp-json\/wp\/v2\/types\/post"}],"author":[{"embeddable":true,"href":"https:\/\/www.boxrepsol.com\/es\/wp-json\/wp\/v2\/users\/43146"}],"replies":[{"embeddable":true,"href":"https:\/\/www.boxrepsol.com\/es\/wp-json\/wp\/v2\/comments?post=93284"}],"version-history":[{"count":1,"href":"https:\/\/www.boxrepsol.com\/es\/wp-json\/wp\/v2\/posts\/93284\/revisions"}],"predecessor-version":[{"id":93285,"href":"https:\/\/www.boxrepsol.com\/es\/wp-json\/wp\/v2\/posts\/93284\/revisions\/93285"}],"wp:featuredmedia":[{"embeddable":true,"href":"https:\/\/www.boxrepsol.com\/es\/wp-json\/wp\/v2\/media\/58910"}],"wp:attachment":[{"href":"https:\/\/www.boxrepsol.com\/es\/wp-json\/wp\/v2\/media?parent=93284"}],"wp:term":[{"taxonomy":"category","embeddable":true,"href":"https:\/\/www.boxrepsol.com\/es\/wp-json\/wp\/v2\/categories?post=93284"},{"taxonomy":"post_tag","embeddable":true,"href":"https:\/\/www.boxrepsol.com\/es\/wp-json\/wp\/v2\/tags?post=93284"}],"curies":[{"name":"wp","href":"https:\/\/api.w.org\/{rel}","templated":true}]}}