{"id":93283,"date":"2018-08-01T00:00:00","date_gmt":"2018-08-01T02:00:00","guid":{"rendered":"http:\/\/pre.boxrepsol.com\/sin-categorizar\/doblete-pons-victorias-fernandez-rueda-munoz-aragon\/"},"modified":"2024-10-17T13:56:31","modified_gmt":"2024-10-17T15:56:31","slug":"doblete-pons-victorias-fernandez-rueda-munoz-aragon","status":"publish","type":"post","link":"https:\/\/www.boxrepsol.com\/es\/sin-categorizar\/doblete-pons-victorias-fernandez-rueda-munoz-aragon\/","title":{"rendered":"Doblete de Pons y victorias de Fern\u00e1ndez, Rueda y Mu\u00f1oz en Arag\u00f3n"},"content":{"rendered":"<p><strong>Ra\u00fal Fern\u00e1ndez<\/strong> se ha impuesto en una ajustada carrera del <strong>Mundial Junior de Moto3<\/strong> consiguiendo as\u00ed su segunda victoria de la temporada.<\/p>\n<p>Con este resultado y la ca\u00edda de Manuel Pagliani, segundo en la clasificaci\u00f3n general, el madrile\u00f1o aumenta a 28 puntos su ventaja al frente del campeonato.<\/p>\n<p><strong>Edgar Pons<\/strong>, que part\u00eda desde la\u00a0<em>pole<\/em>\u00a0<em>position<\/em>, ha ganado con\u00a0autoridad las dos mangas del <strong>Campeonato de Europa de Moto2<\/strong>.<\/p>\n<blockquote>\n<p>Tenemos que seguir trabajado en esta l\u00ednea y las cosas buenas llegar\u00e1n<\/p><\/blockquote>\n<p><strong>Jesko Raffin<\/strong>, segundo en ambas carreras, se mantiene l\u00edder de <strong>Moto2<\/strong> con 50 puntos de margen respecto al segundo clasificado.<\/p>\n<p>La segunda manga de la categor\u00eda se ha recortado a 10 vueltas, tras un incidente al inicio de carrera que ha obligado a parar la prueba y repetir el procedimiento de salida.<\/p>\n<p><strong>Jos\u00e9 Antonio Rueda<\/strong> y <strong>David Mu\u00f1oz<\/strong> se han repartido sendas victorias en la <strong>European Talent Cup<\/strong>. Matteo Patacca, ausente por lesi\u00f3n, se mantiene al frente de la clasificaci\u00f3n general empatado a 82 puntos con Xavier Artigas.<\/p>\n<p>El <strong>calendario de\u00a0FIM CEV Repsol<\/strong> volver\u00e1 a la acci\u00f3n tras la pausa veraniega el 29 y 30 de septiembre en Jerez, donde el Mundial Junior de Moto3 y la European Talent Cup disputar\u00e1n dos carreras por solo una de Moto2.<\/p>\n<p><strong>RA\u00daL FERN\u00c1NDEZ \u2013 Ganador en Moto3<\/strong><\/p>\n<p><em>\u201cHa sido una carrera muy emocionante. Me ve\u00eda fuerte y esta ma\u00f1ana en el\u00a0warm-uphe ido bastante r\u00e1pido, por lo que ten\u00eda claro que hoy pod\u00eda ganar. Al final he intentado pensar alguna estrategia para imponerme en el grupo y lo he logrado. Me gustar\u00eda dar las gracias al equipo, que ha hecho un trabajo de diez este fin de semana, y a mi familia por su apoyo. Quiero dedicarle esta victoria a Andreas P\u00e9rez, hoy hemos corrido todos por \u00e9l; desde aqu\u00ed mando todo mi \u00e1nimo a sus familiares\u201d.<\/em><\/p>\n<hr \/>\n<p><strong>EDGAR PONS \u2013 Ganador 1\u00aa carrera de Moto2<\/strong><\/p>\n<p><em>\u201cHa sido una carrera muy dura por el calor, los neum\u00e1ticos sufr\u00edan mucho y era muy f\u00e1cil caerse. No he hecho muy buena salida, se me ha levantado bastante la moto y me ha pasado Jesko [Raffin]. Por suerte, he conseguido adelantarle r\u00e1pido y, entonces, he intentado empujar fuerte para escaparme y concentrarme en controlar esa ventaja para no cometer ning\u00fan error. Estoy muy contento porque hemos estado trabajando muy duro, quiero\u00a0dar las gracias al equipo que est\u00e1 haciendo un gran trabajo y cada vez me siento mejor\u201d.<\/em><\/p>\n<hr \/>\n<p><strong>EDGAR\u00a0 PONS \u2013 Ganador 2\u00aa carrera de Moto2<\/strong><\/p>\n<p><em>\u201cEstoy muy contento por esta victoria. En la segunda salida hemos conseguido arrancar bien y ponernos primeros que era lo importante al ser una carrera tan corta y, a partir de ah\u00ed, hemos intentado apretar al m\u00e1ximo. Ve\u00eda que Jesko [Raffin] siempre estaba a la misma distancia pero con este calor y los neum\u00e1ticos desgastados te la juegas en cada curva, as\u00ed que no he querido forzar m\u00e1s. Quiero dar las gracias a todo el equipo y a toda la gente que est\u00e1 a mi lado, tenemos que seguir trabajado en esta l\u00ednea y las cosas buenas llegar\u00e1n\u201d.<\/em><\/p>\n<hr \/>\n<p><strong>JOS\u00c9 ANTONIO RUEDA \u2013 Ganador 1\u00aa carrera de la European Talent Cup<\/strong><\/p>\n<p><em>\u201cHa sido un carrera dif\u00edcil porque hab\u00eda muchos pilotos delante y ten\u00edas que cerrar bien los huecos porque de lo contrario te adelantaban muy f\u00e1cilmente. A medida que iban pasando las vueltas, todo se complicaba a\u00fan m\u00e1s porque los neum\u00e1ticos cada vez estaban m\u00e1s desgastados. Finalmente, en la \u00faltima vuelta, me han pasado varios pilotos pero, por suerte, en la entrada a meta he podido coger bien el rebufo y adelantarles\u201d.<\/em><\/p>\n<hr \/>\n<p><strong>DAVID MU\u00d1OZ \u2013 Ganador 2\u00aa carrera de la European Talent Cup<\/strong><\/p>\n<p><em>\u201cHa sido una carrera muy importante ya que he estado peleando vuelta tras vuelta con V\u00edctor [Rodr\u00edguez] y Daniel [Mu\u00f1oz]. Me he encontrado muy c\u00f3modo desde el inicio de la carrera tanto con la moto como con mi pilotaje. Ha sido un fin de semana muy positivo, porque hemos hecho un buen trabajo y quiero dar las gracias al equipo\u201d.<\/em><\/p>\n","protected":false},"excerpt":{"rendered":"<p>El FIM CEV Repsol llega a su pausa veraniega con Fern\u00e1ndez, Raffin y Patacca al frente del Mundial Junior, de Moto2 y de la European Talent Cup, respectivamente.<\/p>\n","protected":false},"author":43146,"featured_media":58906,"comment_status":"open","ping_status":"open","sticky":false,"template":"","format":"standard","meta":{"footnotes":""},"categories":[1],"tags":[130],"class_list":["post-93283","post","type-post","status-publish","format-standard","hentry","category-sin-categorizar","tag-otros-eventos-y-competiciones"],"yoast_head":"<!-- This site is optimized with the Yoast SEO plugin v27.3 - https:\/\/yoast.com\/product\/yoast-seo-wordpress\/ -->\n<title>Doblete de Pons y victorias de Fern\u00e1ndez, Rueda y Mu\u00f1oz en Arag\u00f3n - Box Repsol<\/title>\n<meta name=\"description\" content=\"El FIM CEV Repsol llega a su pausa veraniega con Doblete de Pons y Fern\u00e1ndez, Raffin y Patacca al frente del Mundial Junior, de Moto2 y de la ETC\" \/>\n<link rel=\"canonical\" href=\"https:\/\/www.boxrepsol.com\/es\/sin-categorizar\/doblete-pons-victorias-fernandez-rueda-munoz-aragon\/\" \/>\n<meta property=\"og:locale\" content=\"es_ES\" \/>\n<meta property=\"og:type\" content=\"article\" \/>\n<meta property=\"og:title\" content=\"Doblete de Pons y victorias de Fern\u00e1ndez, Rueda y Mu\u00f1oz en Arag\u00f3n - Box Repsol\" \/>\n<meta property=\"og:description\" content=\"El FIM CEV Repsol llega a su pausa veraniega con Doblete de Pons y Fern\u00e1ndez, Raffin y Patacca al frente del Mundial Junior, de Moto2 y de la ETC\" \/>\n<meta property=\"og:url\" content=\"https:\/\/www.boxrepsol.com\/es\/sin-categorizar\/doblete-pons-victorias-fernandez-rueda-munoz-aragon\/\" \/>\n<meta property=\"og:site_name\" content=\"Box Repsol\" \/>\n<meta property=\"article:publisher\" content=\"https:\/\/www.facebook.com\/BoxRepsol\" \/>\n<meta property=\"article:author\" content=\"https:\/\/www.facebook.com\/BoxRepsol\/\" \/>\n<meta property=\"article:published_time\" content=\"2018-08-01T02:00:00+00:00\" \/>\n<meta property=\"article:modified_time\" content=\"2024-10-17T15:56:31+00:00\" \/>\n<meta property=\"og:image\" content=\"https:\/\/bxrepsol.s3.eu-west-1.amazonaws.com\/static\/2022\/08\/29082258\/20180730_motorland_fim_cev_repsol.jpg\" \/>\n\t<meta property=\"og:image:width\" content=\"995\" \/>\n\t<meta property=\"og:image:height\" content=\"560\" \/>\n\t<meta property=\"og:image:type\" content=\"image\/jpeg\" \/>\n<meta name=\"author\" content=\"Redacci\u00f3n Box Repsol\" \/>\n<meta name=\"twitter:card\" content=\"summary_large_image\" \/>\n<meta name=\"twitter:creator\" content=\"@https:\/\/twitter.com\/box_repsol\" \/>\n<meta name=\"twitter:site\" content=\"@box_repsol\" \/>\n<meta name=\"twitter:label1\" content=\"Written by\" \/>\n\t<meta name=\"twitter:data1\" content=\"Redacci\u00f3n Box Repsol\" \/>\n\t<meta name=\"twitter:label2\" content=\"Est. reading time\" \/>\n\t<meta name=\"twitter:data2\" content=\"3 minutos\" \/>\n<script type=\"application\/ld+json\" class=\"yoast-schema-graph\">{\"@context\":\"https:\\\/\\\/schema.org\",\"@graph\":[{\"@type\":\"Article\",\"@id\":\"https:\\\/\\\/www.boxrepsol.com\\\/es\\\/sin-categorizar\\\/doblete-pons-victorias-fernandez-rueda-munoz-aragon\\\/#article\",\"isPartOf\":{\"@id\":\"https:\\\/\\\/www.boxrepsol.com\\\/es\\\/sin-categorizar\\\/doblete-pons-victorias-fernandez-rueda-munoz-aragon\\\/\"},\"author\":{\"name\":\"Redacci\u00f3n Box Repsol\",\"@id\":\"https:\\\/\\\/www.boxrepsol.com\\\/es\\\/#\\\/schema\\\/person\\\/c5c2138f2cca251b0ad92b7086bb60b7\"},\"headline\":\"Doblete de Pons y victorias de Fern\u00e1ndez, Rueda y Mu\u00f1oz en Arag\u00f3n\",\"datePublished\":\"2018-08-01T02:00:00+00:00\",\"dateModified\":\"2024-10-17T15:56:31+00:00\",\"mainEntityOfPage\":{\"@id\":\"https:\\\/\\\/www.boxrepsol.com\\\/es\\\/sin-categorizar\\\/doblete-pons-victorias-fernandez-rueda-munoz-aragon\\\/\"},\"wordCount\":711,\"commentCount\":0,\"publisher\":{\"@id\":\"https:\\\/\\\/www.boxrepsol.com\\\/es\\\/#organization\"},\"image\":{\"@id\":\"https:\\\/\\\/www.boxrepsol.com\\\/es\\\/sin-categorizar\\\/doblete-pons-victorias-fernandez-rueda-munoz-aragon\\\/#primaryimage\"},\"thumbnailUrl\":\"https:\\\/\\\/bxrepsol.s3.eu-west-1.amazonaws.com\\\/static\\\/2022\\\/08\\\/29082258\\\/20180730_motorland_fim_cev_repsol.jpg\",\"keywords\":[\"otros eventos y competiciones\"],\"articleSection\":[\"Sin categorizar\"],\"inLanguage\":\"es\",\"potentialAction\":[{\"@type\":\"CommentAction\",\"name\":\"Comment\",\"target\":[\"https:\\\/\\\/www.boxrepsol.com\\\/es\\\/sin-categorizar\\\/doblete-pons-victorias-fernandez-rueda-munoz-aragon\\\/#respond\"]}]},{\"@type\":\"WebPage\",\"@id\":\"https:\\\/\\\/www.boxrepsol.com\\\/es\\\/sin-categorizar\\\/doblete-pons-victorias-fernandez-rueda-munoz-aragon\\\/\",\"url\":\"https:\\\/\\\/www.boxrepsol.com\\\/es\\\/sin-categorizar\\\/doblete-pons-victorias-fernandez-rueda-munoz-aragon\\\/\",\"name\":\"Doblete de Pons y victorias de Fern\u00e1ndez, Rueda y Mu\u00f1oz en Arag\u00f3n - Box Repsol\",\"isPartOf\":{\"@id\":\"https:\\\/\\\/www.boxrepsol.com\\\/es\\\/#website\"},\"primaryImageOfPage\":{\"@id\":\"https:\\\/\\\/www.boxrepsol.com\\\/es\\\/sin-categorizar\\\/doblete-pons-victorias-fernandez-rueda-munoz-aragon\\\/#primaryimage\"},\"image\":{\"@id\":\"https:\\\/\\\/www.boxrepsol.com\\\/es\\\/sin-categorizar\\\/doblete-pons-victorias-fernandez-rueda-munoz-aragon\\\/#primaryimage\"},\"thumbnailUrl\":\"https:\\\/\\\/bxrepsol.s3.eu-west-1.amazonaws.com\\\/static\\\/2022\\\/08\\\/29082258\\\/20180730_motorland_fim_cev_repsol.jpg\",\"datePublished\":\"2018-08-01T02:00:00+00:00\",\"dateModified\":\"2024-10-17T15:56:31+00:00\",\"description\":\"El FIM CEV Repsol llega a su pausa veraniega con Doblete de Pons y Fern\u00e1ndez, Raffin y Patacca al frente del Mundial Junior, de Moto2 y de la ETC\",\"breadcrumb\":{\"@id\":\"https:\\\/\\\/www.boxrepsol.com\\\/es\\\/sin-categorizar\\\/doblete-pons-victorias-fernandez-rueda-munoz-aragon\\\/#breadcrumb\"},\"inLanguage\":\"es\",\"potentialAction\":[{\"@type\":\"ReadAction\",\"target\":[\"https:\\\/\\\/www.boxrepsol.com\\\/es\\\/sin-categorizar\\\/doblete-pons-victorias-fernandez-rueda-munoz-aragon\\\/\"]}]},{\"@type\":\"ImageObject\",\"inLanguage\":\"es\",\"@id\":\"https:\\\/\\\/www.boxrepsol.com\\\/es\\\/sin-categorizar\\\/doblete-pons-victorias-fernandez-rueda-munoz-aragon\\\/#primaryimage\",\"url\":\"https:\\\/\\\/bxrepsol.s3.eu-west-1.amazonaws.com\\\/static\\\/2022\\\/08\\\/29082258\\\/20180730_motorland_fim_cev_repsol.jpg\",\"contentUrl\":\"https:\\\/\\\/bxrepsol.s3.eu-west-1.amazonaws.com\\\/static\\\/2022\\\/08\\\/29082258\\\/20180730_motorland_fim_cev_repsol.jpg\",\"width\":995,\"height\":560,\"caption\":\"Podio del FIM CEV Repsol\"},{\"@type\":\"BreadcrumbList\",\"@id\":\"https:\\\/\\\/www.boxrepsol.com\\\/es\\\/sin-categorizar\\\/doblete-pons-victorias-fernandez-rueda-munoz-aragon\\\/#breadcrumb\",\"itemListElement\":[{\"@type\":\"ListItem\",\"position\":1,\"name\":\"Home\",\"item\":\"https:\\\/\\\/www.boxrepsol.com\\\/es\\\/\"},{\"@type\":\"ListItem\",\"position\":2,\"name\":\"Doblete de Pons y victorias de Fern\u00e1ndez, Rueda y Mu\u00f1oz en Arag\u00f3n\"}]},{\"@type\":\"WebSite\",\"@id\":\"https:\\\/\\\/www.boxrepsol.com\\\/es\\\/#website\",\"url\":\"https:\\\/\\\/www.boxrepsol.com\\\/es\\\/\",\"name\":\"Box Repsol\",\"description\":\"Box Repsol Site\",\"publisher\":{\"@id\":\"https:\\\/\\\/www.boxrepsol.com\\\/es\\\/#organization\"},\"potentialAction\":[{\"@type\":\"SearchAction\",\"target\":{\"@type\":\"EntryPoint\",\"urlTemplate\":\"https:\\\/\\\/www.boxrepsol.com\\\/es\\\/?s={search_term_string}\"},\"query-input\":{\"@type\":\"PropertyValueSpecification\",\"valueRequired\":true,\"valueName\":\"search_term_string\"}}],\"inLanguage\":\"es\"},{\"@type\":\"Organization\",\"@id\":\"https:\\\/\\\/www.boxrepsol.com\\\/es\\\/#organization\",\"name\":\"Box Repsol\",\"url\":\"https:\\\/\\\/www.boxrepsol.com\\\/es\\\/\",\"logo\":{\"@type\":\"ImageObject\",\"inLanguage\":\"es\",\"@id\":\"https:\\\/\\\/www.boxrepsol.com\\\/es\\\/#\\\/schema\\\/logo\\\/image\\\/\",\"url\":\"https:\\\/\\\/bxrepsol.s3.eu-west-1.amazonaws.com\\\/static\\\/2025\\\/07\\\/30083337\\\/favicon-96x96-1.png\",\"contentUrl\":\"https:\\\/\\\/bxrepsol.s3.eu-west-1.amazonaws.com\\\/static\\\/2025\\\/07\\\/30083337\\\/favicon-96x96-1.png\",\"width\":96,\"height\":96,\"caption\":\"Box Repsol\"},\"image\":{\"@id\":\"https:\\\/\\\/www.boxrepsol.com\\\/es\\\/#\\\/schema\\\/logo\\\/image\\\/\"},\"sameAs\":[\"https:\\\/\\\/www.facebook.com\\\/BoxRepsol\",\"https:\\\/\\\/x.com\\\/box_repsol\",\"http:\\\/\\\/instagram.com\\\/box_repsol\",\"https:\\\/\\\/www.youtube.com\\\/user\\\/RepsolCompeticion\",\"https:\\\/\\\/www.flickr.com\\\/photos\\\/box_repsol\\\/\"]},{\"@type\":\"Person\",\"@id\":\"https:\\\/\\\/www.boxrepsol.com\\\/es\\\/#\\\/schema\\\/person\\\/c5c2138f2cca251b0ad92b7086bb60b7\",\"name\":\"Redacci\u00f3n Box Repsol\",\"image\":{\"@type\":\"ImageObject\",\"inLanguage\":\"es\",\"@id\":\"https:\\\/\\\/secure.gravatar.com\\\/avatar\\\/adf7b77e38b4419baf32c7e9c21dde01f4e40df611f0978e3006fc4ba0aaab7e?s=96&d=mm&r=g\",\"url\":\"https:\\\/\\\/secure.gravatar.com\\\/avatar\\\/adf7b77e38b4419baf32c7e9c21dde01f4e40df611f0978e3006fc4ba0aaab7e?s=96&d=mm&r=g\",\"contentUrl\":\"https:\\\/\\\/secure.gravatar.com\\\/avatar\\\/adf7b77e38b4419baf32c7e9c21dde01f4e40df611f0978e3006fc4ba0aaab7e?s=96&d=mm&r=g\",\"caption\":\"Redacci\u00f3n Box Repsol\"},\"description\":\"Box Repsol lo forma un equipo de periodistas, community managers, dise\u00f1adores y fot\u00f3grafos con m\u00e1s de 20 a\u00f1os de experiencia en el mundo del motorsport. Hemos vivido el primer mundial de un espa\u00f1ol en la categor\u00eda reina de motociclismo con \u00c1lex Crivill\u00e9, estuvimos en las victorias de Pedrosa y los t\u00edtulos de M\u00e1rquez, acompa\u00f1amos en \u00c1frica a Nani Roma y Marc Coma en sus conquistas del Dakar y hemos vibrado con los t\u00edtulos de Toni Bou en Trial. Adem\u00e1s, en nuestro equipo contamos con expertos en el mundo de las dos y cuatro ruedas tanto de la calle y las carreteras, como de los circuitos. Periodistas que han trabajado en revistas y publicaciones para hacerte llegar desde rutas y consejos de mantenimiento, a curiosidades y trucos de pilotaje.\",\"sameAs\":[\"https:\\\/\\\/www.facebook.com\\\/BoxRepsol\\\/\",\"https:\\\/\\\/www.instagram.com\\\/box_repsol\\\/\",\"https:\\\/\\\/x.com\\\/https:\\\/\\\/twitter.com\\\/box_repsol\",\"https:\\\/\\\/www.youtube.com\\\/@Boxrepsol\"],\"url\":\"https:\\\/\\\/www.boxrepsol.com\\\/es\\\/author\\\/redaccion-box-repsol\\\/\"}]}<\/script>\n<!-- \/ Yoast SEO plugin. -->","yoast_head_json":{"title":"Doblete de Pons y victorias de Fern\u00e1ndez, Rueda y Mu\u00f1oz en Arag\u00f3n - Box Repsol","description":"El FIM CEV Repsol llega a su pausa veraniega con Doblete de Pons y Fern\u00e1ndez, Raffin y Patacca al frente del Mundial Junior, de Moto2 y de la ETC","canonical":"https:\/\/www.boxrepsol.com\/es\/sin-categorizar\/doblete-pons-victorias-fernandez-rueda-munoz-aragon\/","og_locale":"es_ES","og_type":"article","og_title":"Doblete de Pons y victorias de Fern\u00e1ndez, Rueda y Mu\u00f1oz en Arag\u00f3n - Box Repsol","og_description":"El FIM CEV Repsol llega a su pausa veraniega con Doblete de Pons y Fern\u00e1ndez, Raffin y Patacca al frente del Mundial Junior, de Moto2 y de la ETC","og_url":"https:\/\/www.boxrepsol.com\/es\/sin-categorizar\/doblete-pons-victorias-fernandez-rueda-munoz-aragon\/","og_site_name":"Box Repsol","article_publisher":"https:\/\/www.facebook.com\/BoxRepsol","article_author":"https:\/\/www.facebook.com\/BoxRepsol\/","article_published_time":"2018-08-01T02:00:00+00:00","article_modified_time":"2024-10-17T15:56:31+00:00","og_image":[{"width":995,"height":560,"url":"https:\/\/bxrepsol.s3.eu-west-1.amazonaws.com\/static\/2022\/08\/29082258\/20180730_motorland_fim_cev_repsol.jpg","type":"image\/jpeg"}],"author":"Redacci\u00f3n Box Repsol","twitter_card":"summary_large_image","twitter_creator":"@https:\/\/twitter.com\/box_repsol","twitter_site":"@box_repsol","twitter_misc":{"Written by":"Redacci\u00f3n Box Repsol","Est. reading time":"3 minutos"},"schema":{"@context":"https:\/\/schema.org","@graph":[{"@type":"Article","@id":"https:\/\/www.boxrepsol.com\/es\/sin-categorizar\/doblete-pons-victorias-fernandez-rueda-munoz-aragon\/#article","isPartOf":{"@id":"https:\/\/www.boxrepsol.com\/es\/sin-categorizar\/doblete-pons-victorias-fernandez-rueda-munoz-aragon\/"},"author":{"name":"Redacci\u00f3n Box Repsol","@id":"https:\/\/www.boxrepsol.com\/es\/#\/schema\/person\/c5c2138f2cca251b0ad92b7086bb60b7"},"headline":"Doblete de Pons y victorias de Fern\u00e1ndez, Rueda y Mu\u00f1oz en Arag\u00f3n","datePublished":"2018-08-01T02:00:00+00:00","dateModified":"2024-10-17T15:56:31+00:00","mainEntityOfPage":{"@id":"https:\/\/www.boxrepsol.com\/es\/sin-categorizar\/doblete-pons-victorias-fernandez-rueda-munoz-aragon\/"},"wordCount":711,"commentCount":0,"publisher":{"@id":"https:\/\/www.boxrepsol.com\/es\/#organization"},"image":{"@id":"https:\/\/www.boxrepsol.com\/es\/sin-categorizar\/doblete-pons-victorias-fernandez-rueda-munoz-aragon\/#primaryimage"},"thumbnailUrl":"https:\/\/bxrepsol.s3.eu-west-1.amazonaws.com\/static\/2022\/08\/29082258\/20180730_motorland_fim_cev_repsol.jpg","keywords":["otros eventos y competiciones"],"articleSection":["Sin categorizar"],"inLanguage":"es","potentialAction":[{"@type":"CommentAction","name":"Comment","target":["https:\/\/www.boxrepsol.com\/es\/sin-categorizar\/doblete-pons-victorias-fernandez-rueda-munoz-aragon\/#respond"]}]},{"@type":"WebPage","@id":"https:\/\/www.boxrepsol.com\/es\/sin-categorizar\/doblete-pons-victorias-fernandez-rueda-munoz-aragon\/","url":"https:\/\/www.boxrepsol.com\/es\/sin-categorizar\/doblete-pons-victorias-fernandez-rueda-munoz-aragon\/","name":"Doblete de Pons y victorias de Fern\u00e1ndez, Rueda y Mu\u00f1oz en Arag\u00f3n - Box Repsol","isPartOf":{"@id":"https:\/\/www.boxrepsol.com\/es\/#website"},"primaryImageOfPage":{"@id":"https:\/\/www.boxrepsol.com\/es\/sin-categorizar\/doblete-pons-victorias-fernandez-rueda-munoz-aragon\/#primaryimage"},"image":{"@id":"https:\/\/www.boxrepsol.com\/es\/sin-categorizar\/doblete-pons-victorias-fernandez-rueda-munoz-aragon\/#primaryimage"},"thumbnailUrl":"https:\/\/bxrepsol.s3.eu-west-1.amazonaws.com\/static\/2022\/08\/29082258\/20180730_motorland_fim_cev_repsol.jpg","datePublished":"2018-08-01T02:00:00+00:00","dateModified":"2024-10-17T15:56:31+00:00","description":"El FIM CEV Repsol llega a su pausa veraniega con Doblete de Pons y Fern\u00e1ndez, Raffin y Patacca al frente del Mundial Junior, de Moto2 y de la ETC","breadcrumb":{"@id":"https:\/\/www.boxrepsol.com\/es\/sin-categorizar\/doblete-pons-victorias-fernandez-rueda-munoz-aragon\/#breadcrumb"},"inLanguage":"es","potentialAction":[{"@type":"ReadAction","target":["https:\/\/www.boxrepsol.com\/es\/sin-categorizar\/doblete-pons-victorias-fernandez-rueda-munoz-aragon\/"]}]},{"@type":"ImageObject","inLanguage":"es","@id":"https:\/\/www.boxrepsol.com\/es\/sin-categorizar\/doblete-pons-victorias-fernandez-rueda-munoz-aragon\/#primaryimage","url":"https:\/\/bxrepsol.s3.eu-west-1.amazonaws.com\/static\/2022\/08\/29082258\/20180730_motorland_fim_cev_repsol.jpg","contentUrl":"https:\/\/bxrepsol.s3.eu-west-1.amazonaws.com\/static\/2022\/08\/29082258\/20180730_motorland_fim_cev_repsol.jpg","width":995,"height":560,"caption":"Podio del FIM CEV Repsol"},{"@type":"BreadcrumbList","@id":"https:\/\/www.boxrepsol.com\/es\/sin-categorizar\/doblete-pons-victorias-fernandez-rueda-munoz-aragon\/#breadcrumb","itemListElement":[{"@type":"ListItem","position":1,"name":"Home","item":"https:\/\/www.boxrepsol.com\/es\/"},{"@type":"ListItem","position":2,"name":"Doblete de Pons y victorias de Fern\u00e1ndez, Rueda y Mu\u00f1oz en Arag\u00f3n"}]},{"@type":"WebSite","@id":"https:\/\/www.boxrepsol.com\/es\/#website","url":"https:\/\/www.boxrepsol.com\/es\/","name":"Box Repsol","description":"Box Repsol Site","publisher":{"@id":"https:\/\/www.boxrepsol.com\/es\/#organization"},"potentialAction":[{"@type":"SearchAction","target":{"@type":"EntryPoint","urlTemplate":"https:\/\/www.boxrepsol.com\/es\/?s={search_term_string}"},"query-input":{"@type":"PropertyValueSpecification","valueRequired":true,"valueName":"search_term_string"}}],"inLanguage":"es"},{"@type":"Organization","@id":"https:\/\/www.boxrepsol.com\/es\/#organization","name":"Box Repsol","url":"https:\/\/www.boxrepsol.com\/es\/","logo":{"@type":"ImageObject","inLanguage":"es","@id":"https:\/\/www.boxrepsol.com\/es\/#\/schema\/logo\/image\/","url":"https:\/\/bxrepsol.s3.eu-west-1.amazonaws.com\/static\/2025\/07\/30083337\/favicon-96x96-1.png","contentUrl":"https:\/\/bxrepsol.s3.eu-west-1.amazonaws.com\/static\/2025\/07\/30083337\/favicon-96x96-1.png","width":96,"height":96,"caption":"Box Repsol"},"image":{"@id":"https:\/\/www.boxrepsol.com\/es\/#\/schema\/logo\/image\/"},"sameAs":["https:\/\/www.facebook.com\/BoxRepsol","https:\/\/x.com\/box_repsol","http:\/\/instagram.com\/box_repsol","https:\/\/www.youtube.com\/user\/RepsolCompeticion","https:\/\/www.flickr.com\/photos\/box_repsol\/"]},{"@type":"Person","@id":"https:\/\/www.boxrepsol.com\/es\/#\/schema\/person\/c5c2138f2cca251b0ad92b7086bb60b7","name":"Redacci\u00f3n Box Repsol","image":{"@type":"ImageObject","inLanguage":"es","@id":"https:\/\/secure.gravatar.com\/avatar\/adf7b77e38b4419baf32c7e9c21dde01f4e40df611f0978e3006fc4ba0aaab7e?s=96&d=mm&r=g","url":"https:\/\/secure.gravatar.com\/avatar\/adf7b77e38b4419baf32c7e9c21dde01f4e40df611f0978e3006fc4ba0aaab7e?s=96&d=mm&r=g","contentUrl":"https:\/\/secure.gravatar.com\/avatar\/adf7b77e38b4419baf32c7e9c21dde01f4e40df611f0978e3006fc4ba0aaab7e?s=96&d=mm&r=g","caption":"Redacci\u00f3n Box Repsol"},"description":"Box Repsol lo forma un equipo de periodistas, community managers, dise\u00f1adores y fot\u00f3grafos con m\u00e1s de 20 a\u00f1os de experiencia en el mundo del motorsport. Hemos vivido el primer mundial de un espa\u00f1ol en la categor\u00eda reina de motociclismo con \u00c1lex Crivill\u00e9, estuvimos en las victorias de Pedrosa y los t\u00edtulos de M\u00e1rquez, acompa\u00f1amos en \u00c1frica a Nani Roma y Marc Coma en sus conquistas del Dakar y hemos vibrado con los t\u00edtulos de Toni Bou en Trial. Adem\u00e1s, en nuestro equipo contamos con expertos en el mundo de las dos y cuatro ruedas tanto de la calle y las carreteras, como de los circuitos. Periodistas que han trabajado en revistas y publicaciones para hacerte llegar desde rutas y consejos de mantenimiento, a curiosidades y trucos de pilotaje.","sameAs":["https:\/\/www.facebook.com\/BoxRepsol\/","https:\/\/www.instagram.com\/box_repsol\/","https:\/\/x.com\/https:\/\/twitter.com\/box_repsol","https:\/\/www.youtube.com\/@Boxrepsol"],"url":"https:\/\/www.boxrepsol.com\/es\/author\/redaccion-box-repsol\/"}]}},"_links":{"self":[{"href":"https:\/\/www.boxrepsol.com\/es\/wp-json\/wp\/v2\/posts\/93283","targetHints":{"allow":["GET"]}}],"collection":[{"href":"https:\/\/www.boxrepsol.com\/es\/wp-json\/wp\/v2\/posts"}],"about":[{"href":"https:\/\/www.boxrepsol.com\/es\/wp-json\/wp\/v2\/types\/post"}],"author":[{"embeddable":true,"href":"https:\/\/www.boxrepsol.com\/es\/wp-json\/wp\/v2\/users\/43146"}],"replies":[{"embeddable":true,"href":"https:\/\/www.boxrepsol.com\/es\/wp-json\/wp\/v2\/comments?post=93283"}],"version-history":[{"count":2,"href":"https:\/\/www.boxrepsol.com\/es\/wp-json\/wp\/v2\/posts\/93283\/revisions"}],"predecessor-version":[{"id":121307,"href":"https:\/\/www.boxrepsol.com\/es\/wp-json\/wp\/v2\/posts\/93283\/revisions\/121307"}],"wp:featuredmedia":[{"embeddable":true,"href":"https:\/\/www.boxrepsol.com\/es\/wp-json\/wp\/v2\/media\/58906"}],"wp:attachment":[{"href":"https:\/\/www.boxrepsol.com\/es\/wp-json\/wp\/v2\/media?parent=93283"}],"wp:term":[{"taxonomy":"category","embeddable":true,"href":"https:\/\/www.boxrepsol.com\/es\/wp-json\/wp\/v2\/categories?post=93283"},{"taxonomy":"post_tag","embeddable":true,"href":"https:\/\/www.boxrepsol.com\/es\/wp-json\/wp\/v2\/tags?post=93283"}],"curies":[{"name":"wp","href":"https:\/\/api.w.org\/{rel}","templated":true}]}}