{"id":93271,"date":"2018-07-23T00:00:00","date_gmt":"2018-07-23T02:00:00","guid":{"rendered":"http:\/\/pre.boxrepsol.com\/sin-categorizar\/isidre-esteve-esperanzador-podio-baja-aragon\/"},"modified":"2024-05-22T09:43:49","modified_gmt":"2024-05-22T11:43:49","slug":"isidre-esteve-esperanzador-podio-baja-aragon","status":"publish","type":"post","link":"https:\/\/www.boxrepsol.com\/es\/rally\/isidre-esteve-esperanzador-podio-baja-aragon\/","title":{"rendered":"Esperanzador podio de Isidre Esteve en la Baja Arag\u00f3n"},"content":{"rendered":"<p><strong>Isidre Esteve<\/strong> ha iniciado la temporada de forma prometedora, al conseguir su mejor resultado en la <strong>Baja Arag\u00f3n<\/strong> en coche. El piloto del <strong>Repsol Rally Team<\/strong> ha cruzado la meta de esta prueba puntuable para la <strong>Copa del Mundo de Cross Country<\/strong> como tercer clasificado de la categor\u00eda T1.2 y 16\u00ba de la general. Una brillante forma de estrenar las innovaciones t\u00e9cnicas que incorpora su prototipo <a href=\"https:\/\/www.boxrepsol.com\/es\/rally\/montate-sodicar-bv6-t-1-2-isidre-esteve\/\"><strong>BV6 de Sodicars Racing<\/strong><\/a> de cara al pr\u00f3ximo Dakar.<\/p>\n<p>Para el de Oliana supone un <strong>salto cualitativo impensable siete a\u00f1os atr\u00e1s<\/strong>, cuando reapareci\u00f3 con un buggy ligero para probar el <strong>Coj\u00edn Inteligente<\/strong> y ver si podr\u00eda seguir compitiendo sin poner en riesgo su salud. Despu\u00e9s de un largo proceso, ahora s\u00f3lo debe preocuparse de pilotar y ser competitivo, como ha demostrado este fin de semana en Teruel junto a su copiloto Txema Villalobos.<\/p>\n<blockquote><p>\n\t<a href=\"http:\/\/twitter.com\/share?text=%22Es+una+buena+manera+de+comenzar+la+temporada%2C+en+una+carrera+muy+competida.+Cada+vez+estamos+m%C3%A1s+cerca+de+la+elite%22&#038;url=https%3A%2F%2Fwww.boxrepsol.com%2Fes%2Frally%2Fisidre-esteve-esperanzador-podio-baja-aragon%2F\" target=\"_blank\" rel=\"noopener\"><\/p>\n<p>\u00abEs una buena manera de comenzar la temporada, en una carrera muy competida. Cada vez estamos m\u00e1s cerca de la elite\u00bb<\/p>\n<p>\t<\/a>\n<\/p><\/blockquote>\n<p><em>\u201cNos vamos muy contentos de nuestra primera carrera del a\u00f1o. Ha sido una Baja muy complicada, con cambios de clima, de ritmo y especiales muy bonitas. Una buena manera de comenzar la temporada, porque hemos conseguido un resultado muy positivo en una prueba competida y, sobre todo, porque cada vez estamos m\u00e1s cerca de la elite\u201d,<\/em>\u00a0resume el ilerdense tras completar los exigentes 500 kil\u00f3metros de esta edici\u00f3n.<\/p>\n<p><strong>Tercera etapa Baja Arag\u00f3n<\/strong><\/p>\n<p>En la tercera etapa, celebrada este domingo entre Barrachina y Alfambra, Isidre ha tenido que emplearse a fondo para superar una <strong>especial de 127 kil\u00f3metros<\/strong> que se ha visto condicionada por la fuerte tormenta ca\u00edda a primera hora de la ma\u00f1ana. La parte inicial ha sido la m\u00e1s delicada por el barro, pero el de Oliana ha superado el trance con pericia a los mandos de su volante adaptado. Al final ha terminado la dif\u00edcil jornada como <strong>tercero de su grupo y 20\u00ba absoluto<\/strong> <strong>del d\u00eda<\/strong>, con un tiempo de 1h 55\u201944.<\/p>\n<p>\t<iframe loading=\"lazy\" width=\"560\" height=\"315\" src=\"https:\/\/www.youtube.com\/embed\/T1dt9USIOxE\" frameborder=\"0\" allow=\"autoplay; encrypted-media\" allowfullscreen><\/iframe><\/p>\n<p>Las nuevas evoluciones t\u00e9cnicas en su veh\u00edculo y la experiencia acumulada le permiten ser optimista de cara al pr\u00f3ximo Dakar en el que conf\u00eda repetir en coche los buenos resultados que ya consigui\u00f3 en moto, antes de su lesi\u00f3n medular.\u00a0<em>\u201cVamos en la buena direcci\u00f3n para llegar a esta \u00e9lite que perseguimos. <strong>Es importante que todo el equipo coja esta confianza<\/strong>, sin olvidar que nuestro objetivo es llegar lo mejor preparados posibles al Dakar para intentar estar arriba\u201d,<\/em>concluye.<\/p>\n<p><em>\u201cTenemos un gran equipo detr\u00e1s que entiende muy bien qu\u00e9 es lo que necesitamos, lo aplica y los cambios se notan en pista. <strong>Las sensaciones son muy buenas y tenemos la convicci\u00f3n de que este a\u00f1o el prototipo BV6 es m\u00e1s competitivo<\/strong>. Hemos mejorado frenos, suspensiones y seguridad. Busc\u00e1bamos tener el feedback de que todo est\u00e1 controlado y a nuestro gusto. Estamos contentos con el trabajo porque hemos conseguido lo que busc\u00e1bamos\u201d<\/em>, valora el del Repsol Rally Team.<\/p>\n<p>El pr\u00f3ximo gran compromiso para <a href=\"https:\/\/www.boxrepsol.com\/es\/equipo-repsol\/isidre-esteve\/\"><strong>Isidre Esteve<\/strong><\/a> ser\u00e1 el <strong>Rally de Marruecos, del 3 al 9 de octubre<\/strong>. Junto al test que realizar\u00e1 unos d\u00edas antes en ese mismo pa\u00eds, la prueba marroqu\u00ed ser\u00e1 crucial para preparar el <strong>Rally Dakar 2019<\/strong>, que se celebrar\u00e1 \u00edntegramente en Per\u00fa.<\/p>\n","protected":false},"excerpt":{"rendered":"<p>El piloto del Repsol Rally Team termina tercero de T1.2 y 16\u00ba absoluto, su mejor resultado desde que regres\u00f3 a la competici\u00f3n hace siete a\u00f1os en esta prueba del mundial de Cross Country.<\/p>\n","protected":false},"author":43146,"featured_media":58840,"comment_status":"open","ping_status":"open","sticky":false,"template":"","format":"standard","meta":{"footnotes":""},"categories":[27],"tags":[183],"class_list":["post-93271","post","type-post","status-publish","format-standard","hentry","category-rally","tag-repsol-rally-team"],"yoast_head":"<!-- This site is optimized with the Yoast SEO plugin v27.3 - https:\/\/yoast.com\/product\/yoast-seo-wordpress\/ -->\n<title>Esperanzador podio de Isidre Esteve en la Baja Arag\u00f3n - Box Repsol<\/title>\n<meta name=\"description\" content=\"El piloto del Repsol Rally Team termina tercero de T1.2 y 16\u00ba absoluto, su mejor resultado desde que regres\u00f3 a la competici\u00f3n hace siete a\u00f1os.\" \/>\n<link rel=\"canonical\" href=\"https:\/\/www.boxrepsol.com\/es\/rally\/isidre-esteve-esperanzador-podio-baja-aragon\/\" \/>\n<meta property=\"og:locale\" content=\"es_ES\" \/>\n<meta property=\"og:type\" content=\"article\" \/>\n<meta property=\"og:title\" content=\"Esperanzador podio de Isidre Esteve en la Baja Arag\u00f3n - Box Repsol\" \/>\n<meta property=\"og:description\" content=\"El piloto del Repsol Rally Team termina tercero de T1.2 y 16\u00ba absoluto, su mejor resultado desde que regres\u00f3 a la competici\u00f3n hace siete a\u00f1os.\" \/>\n<meta property=\"og:url\" content=\"https:\/\/www.boxrepsol.com\/es\/rally\/isidre-esteve-esperanzador-podio-baja-aragon\/\" \/>\n<meta property=\"og:site_name\" content=\"Box Repsol\" \/>\n<meta property=\"article:publisher\" content=\"https:\/\/www.facebook.com\/BoxRepsol\" \/>\n<meta property=\"article:author\" content=\"https:\/\/www.facebook.com\/BoxRepsol\/\" \/>\n<meta property=\"article:published_time\" content=\"2018-07-23T02:00:00+00:00\" \/>\n<meta property=\"article:modified_time\" content=\"2024-05-22T11:43:49+00:00\" \/>\n<meta property=\"og:image\" content=\"https:\/\/bxrepsol.s3.eu-west-1.amazonaws.com\/static\/2022\/08\/29082219\/00_podio_baja_aragon_isidre_esteve_rally.jpg\" \/>\n\t<meta property=\"og:image:width\" content=\"995\" \/>\n\t<meta property=\"og:image:height\" content=\"560\" \/>\n\t<meta property=\"og:image:type\" content=\"image\/jpeg\" \/>\n<meta name=\"author\" content=\"Redacci\u00f3n Box Repsol\" \/>\n<meta name=\"twitter:card\" content=\"summary_large_image\" \/>\n<meta name=\"twitter:creator\" content=\"@https:\/\/twitter.com\/box_repsol\" \/>\n<meta name=\"twitter:site\" content=\"@box_repsol\" \/>\n<meta name=\"twitter:label1\" content=\"Written by\" \/>\n\t<meta name=\"twitter:data1\" content=\"Redacci\u00f3n Box Repsol\" \/>\n\t<meta name=\"twitter:label2\" content=\"Est. reading time\" \/>\n\t<meta name=\"twitter:data2\" content=\"3 minutos\" \/>\n<script type=\"application\/ld+json\" class=\"yoast-schema-graph\">{\"@context\":\"https:\\\/\\\/schema.org\",\"@graph\":[{\"@type\":\"Article\",\"@id\":\"https:\\\/\\\/www.boxrepsol.com\\\/es\\\/rally\\\/isidre-esteve-esperanzador-podio-baja-aragon\\\/#article\",\"isPartOf\":{\"@id\":\"https:\\\/\\\/www.boxrepsol.com\\\/es\\\/rally\\\/isidre-esteve-esperanzador-podio-baja-aragon\\\/\"},\"author\":{\"name\":\"Redacci\u00f3n Box Repsol\",\"@id\":\"https:\\\/\\\/www.boxrepsol.com\\\/es\\\/#\\\/schema\\\/person\\\/c5c2138f2cca251b0ad92b7086bb60b7\"},\"headline\":\"Esperanzador podio de Isidre Esteve en la Baja Arag\u00f3n\",\"datePublished\":\"2018-07-23T02:00:00+00:00\",\"dateModified\":\"2024-05-22T11:43:49+00:00\",\"mainEntityOfPage\":{\"@id\":\"https:\\\/\\\/www.boxrepsol.com\\\/es\\\/rally\\\/isidre-esteve-esperanzador-podio-baja-aragon\\\/\"},\"wordCount\":567,\"commentCount\":0,\"publisher\":{\"@id\":\"https:\\\/\\\/www.boxrepsol.com\\\/es\\\/#organization\"},\"image\":{\"@id\":\"https:\\\/\\\/www.boxrepsol.com\\\/es\\\/rally\\\/isidre-esteve-esperanzador-podio-baja-aragon\\\/#primaryimage\"},\"thumbnailUrl\":\"https:\\\/\\\/bxrepsol.s3.eu-west-1.amazonaws.com\\\/static\\\/2022\\\/08\\\/29082219\\\/00_podio_baja_aragon_isidre_esteve_rally.jpg\",\"keywords\":[\"Repsol Rally Team\"],\"articleSection\":[\"Rally\"],\"inLanguage\":\"es\",\"potentialAction\":[{\"@type\":\"CommentAction\",\"name\":\"Comment\",\"target\":[\"https:\\\/\\\/www.boxrepsol.com\\\/es\\\/rally\\\/isidre-esteve-esperanzador-podio-baja-aragon\\\/#respond\"]}]},{\"@type\":\"WebPage\",\"@id\":\"https:\\\/\\\/www.boxrepsol.com\\\/es\\\/rally\\\/isidre-esteve-esperanzador-podio-baja-aragon\\\/\",\"url\":\"https:\\\/\\\/www.boxrepsol.com\\\/es\\\/rally\\\/isidre-esteve-esperanzador-podio-baja-aragon\\\/\",\"name\":\"Esperanzador podio de Isidre Esteve en la Baja Arag\u00f3n - Box Repsol\",\"isPartOf\":{\"@id\":\"https:\\\/\\\/www.boxrepsol.com\\\/es\\\/#website\"},\"primaryImageOfPage\":{\"@id\":\"https:\\\/\\\/www.boxrepsol.com\\\/es\\\/rally\\\/isidre-esteve-esperanzador-podio-baja-aragon\\\/#primaryimage\"},\"image\":{\"@id\":\"https:\\\/\\\/www.boxrepsol.com\\\/es\\\/rally\\\/isidre-esteve-esperanzador-podio-baja-aragon\\\/#primaryimage\"},\"thumbnailUrl\":\"https:\\\/\\\/bxrepsol.s3.eu-west-1.amazonaws.com\\\/static\\\/2022\\\/08\\\/29082219\\\/00_podio_baja_aragon_isidre_esteve_rally.jpg\",\"datePublished\":\"2018-07-23T02:00:00+00:00\",\"dateModified\":\"2024-05-22T11:43:49+00:00\",\"description\":\"El piloto del Repsol Rally Team termina tercero de T1.2 y 16\u00ba absoluto, su mejor resultado desde que regres\u00f3 a la competici\u00f3n hace siete a\u00f1os.\",\"breadcrumb\":{\"@id\":\"https:\\\/\\\/www.boxrepsol.com\\\/es\\\/rally\\\/isidre-esteve-esperanzador-podio-baja-aragon\\\/#breadcrumb\"},\"inLanguage\":\"es\",\"potentialAction\":[{\"@type\":\"ReadAction\",\"target\":[\"https:\\\/\\\/www.boxrepsol.com\\\/es\\\/rally\\\/isidre-esteve-esperanzador-podio-baja-aragon\\\/\"]}]},{\"@type\":\"ImageObject\",\"inLanguage\":\"es\",\"@id\":\"https:\\\/\\\/www.boxrepsol.com\\\/es\\\/rally\\\/isidre-esteve-esperanzador-podio-baja-aragon\\\/#primaryimage\",\"url\":\"https:\\\/\\\/bxrepsol.s3.eu-west-1.amazonaws.com\\\/static\\\/2022\\\/08\\\/29082219\\\/00_podio_baja_aragon_isidre_esteve_rally.jpg\",\"contentUrl\":\"https:\\\/\\\/bxrepsol.s3.eu-west-1.amazonaws.com\\\/static\\\/2022\\\/08\\\/29082219\\\/00_podio_baja_aragon_isidre_esteve_rally.jpg\",\"width\":995,\"height\":560,\"caption\":\"Isidre Esteve en su coche de rally en Baja Arag\u00f3n\"},{\"@type\":\"BreadcrumbList\",\"@id\":\"https:\\\/\\\/www.boxrepsol.com\\\/es\\\/rally\\\/isidre-esteve-esperanzador-podio-baja-aragon\\\/#breadcrumb\",\"itemListElement\":[{\"@type\":\"ListItem\",\"position\":1,\"name\":\"Home\",\"item\":\"https:\\\/\\\/www.boxrepsol.com\\\/es\\\/\"},{\"@type\":\"ListItem\",\"position\":2,\"name\":\"Esperanzador podio de Isidre Esteve en la Baja Arag\u00f3n\"}]},{\"@type\":\"WebSite\",\"@id\":\"https:\\\/\\\/www.boxrepsol.com\\\/es\\\/#website\",\"url\":\"https:\\\/\\\/www.boxrepsol.com\\\/es\\\/\",\"name\":\"Box Repsol\",\"description\":\"Box Repsol Site\",\"publisher\":{\"@id\":\"https:\\\/\\\/www.boxrepsol.com\\\/es\\\/#organization\"},\"potentialAction\":[{\"@type\":\"SearchAction\",\"target\":{\"@type\":\"EntryPoint\",\"urlTemplate\":\"https:\\\/\\\/www.boxrepsol.com\\\/es\\\/?s={search_term_string}\"},\"query-input\":{\"@type\":\"PropertyValueSpecification\",\"valueRequired\":true,\"valueName\":\"search_term_string\"}}],\"inLanguage\":\"es\"},{\"@type\":\"Organization\",\"@id\":\"https:\\\/\\\/www.boxrepsol.com\\\/es\\\/#organization\",\"name\":\"Box Repsol\",\"url\":\"https:\\\/\\\/www.boxrepsol.com\\\/es\\\/\",\"logo\":{\"@type\":\"ImageObject\",\"inLanguage\":\"es\",\"@id\":\"https:\\\/\\\/www.boxrepsol.com\\\/es\\\/#\\\/schema\\\/logo\\\/image\\\/\",\"url\":\"https:\\\/\\\/bxrepsol.s3.eu-west-1.amazonaws.com\\\/static\\\/2025\\\/07\\\/30083337\\\/favicon-96x96-1.png\",\"contentUrl\":\"https:\\\/\\\/bxrepsol.s3.eu-west-1.amazonaws.com\\\/static\\\/2025\\\/07\\\/30083337\\\/favicon-96x96-1.png\",\"width\":96,\"height\":96,\"caption\":\"Box Repsol\"},\"image\":{\"@id\":\"https:\\\/\\\/www.boxrepsol.com\\\/es\\\/#\\\/schema\\\/logo\\\/image\\\/\"},\"sameAs\":[\"https:\\\/\\\/www.facebook.com\\\/BoxRepsol\",\"https:\\\/\\\/x.com\\\/box_repsol\",\"http:\\\/\\\/instagram.com\\\/box_repsol\",\"https:\\\/\\\/www.youtube.com\\\/user\\\/RepsolCompeticion\",\"https:\\\/\\\/www.flickr.com\\\/photos\\\/box_repsol\\\/\"]},{\"@type\":\"Person\",\"@id\":\"https:\\\/\\\/www.boxrepsol.com\\\/es\\\/#\\\/schema\\\/person\\\/c5c2138f2cca251b0ad92b7086bb60b7\",\"name\":\"Redacci\u00f3n Box Repsol\",\"image\":{\"@type\":\"ImageObject\",\"inLanguage\":\"es\",\"@id\":\"https:\\\/\\\/secure.gravatar.com\\\/avatar\\\/adf7b77e38b4419baf32c7e9c21dde01f4e40df611f0978e3006fc4ba0aaab7e?s=96&d=mm&r=g\",\"url\":\"https:\\\/\\\/secure.gravatar.com\\\/avatar\\\/adf7b77e38b4419baf32c7e9c21dde01f4e40df611f0978e3006fc4ba0aaab7e?s=96&d=mm&r=g\",\"contentUrl\":\"https:\\\/\\\/secure.gravatar.com\\\/avatar\\\/adf7b77e38b4419baf32c7e9c21dde01f4e40df611f0978e3006fc4ba0aaab7e?s=96&d=mm&r=g\",\"caption\":\"Redacci\u00f3n Box Repsol\"},\"description\":\"Box Repsol lo forma un equipo de periodistas, community managers, dise\u00f1adores y fot\u00f3grafos con m\u00e1s de 20 a\u00f1os de experiencia en el mundo del motorsport. Hemos vivido el primer mundial de un espa\u00f1ol en la categor\u00eda reina de motociclismo con \u00c1lex Crivill\u00e9, estuvimos en las victorias de Pedrosa y los t\u00edtulos de M\u00e1rquez, acompa\u00f1amos en \u00c1frica a Nani Roma y Marc Coma en sus conquistas del Dakar y hemos vibrado con los t\u00edtulos de Toni Bou en Trial. Adem\u00e1s, en nuestro equipo contamos con expertos en el mundo de las dos y cuatro ruedas tanto de la calle y las carreteras, como de los circuitos. Periodistas que han trabajado en revistas y publicaciones para hacerte llegar desde rutas y consejos de mantenimiento, a curiosidades y trucos de pilotaje.\",\"sameAs\":[\"https:\\\/\\\/www.facebook.com\\\/BoxRepsol\\\/\",\"https:\\\/\\\/www.instagram.com\\\/box_repsol\\\/\",\"https:\\\/\\\/x.com\\\/https:\\\/\\\/twitter.com\\\/box_repsol\",\"https:\\\/\\\/www.youtube.com\\\/@Boxrepsol\"],\"url\":\"https:\\\/\\\/www.boxrepsol.com\\\/es\\\/author\\\/redaccion-box-repsol\\\/\"}]}<\/script>\n<!-- \/ Yoast SEO plugin. -->","yoast_head_json":{"title":"Esperanzador podio de Isidre Esteve en la Baja Arag\u00f3n - Box Repsol","description":"El piloto del Repsol Rally Team termina tercero de T1.2 y 16\u00ba absoluto, su mejor resultado desde que regres\u00f3 a la competici\u00f3n hace siete a\u00f1os.","canonical":"https:\/\/www.boxrepsol.com\/es\/rally\/isidre-esteve-esperanzador-podio-baja-aragon\/","og_locale":"es_ES","og_type":"article","og_title":"Esperanzador podio de Isidre Esteve en la Baja Arag\u00f3n - Box Repsol","og_description":"El piloto del Repsol Rally Team termina tercero de T1.2 y 16\u00ba absoluto, su mejor resultado desde que regres\u00f3 a la competici\u00f3n hace siete a\u00f1os.","og_url":"https:\/\/www.boxrepsol.com\/es\/rally\/isidre-esteve-esperanzador-podio-baja-aragon\/","og_site_name":"Box Repsol","article_publisher":"https:\/\/www.facebook.com\/BoxRepsol","article_author":"https:\/\/www.facebook.com\/BoxRepsol\/","article_published_time":"2018-07-23T02:00:00+00:00","article_modified_time":"2024-05-22T11:43:49+00:00","og_image":[{"width":995,"height":560,"url":"https:\/\/bxrepsol.s3.eu-west-1.amazonaws.com\/static\/2022\/08\/29082219\/00_podio_baja_aragon_isidre_esteve_rally.jpg","type":"image\/jpeg"}],"author":"Redacci\u00f3n Box Repsol","twitter_card":"summary_large_image","twitter_creator":"@https:\/\/twitter.com\/box_repsol","twitter_site":"@box_repsol","twitter_misc":{"Written by":"Redacci\u00f3n Box Repsol","Est. reading time":"3 minutos"},"schema":{"@context":"https:\/\/schema.org","@graph":[{"@type":"Article","@id":"https:\/\/www.boxrepsol.com\/es\/rally\/isidre-esteve-esperanzador-podio-baja-aragon\/#article","isPartOf":{"@id":"https:\/\/www.boxrepsol.com\/es\/rally\/isidre-esteve-esperanzador-podio-baja-aragon\/"},"author":{"name":"Redacci\u00f3n Box Repsol","@id":"https:\/\/www.boxrepsol.com\/es\/#\/schema\/person\/c5c2138f2cca251b0ad92b7086bb60b7"},"headline":"Esperanzador podio de Isidre Esteve en la Baja Arag\u00f3n","datePublished":"2018-07-23T02:00:00+00:00","dateModified":"2024-05-22T11:43:49+00:00","mainEntityOfPage":{"@id":"https:\/\/www.boxrepsol.com\/es\/rally\/isidre-esteve-esperanzador-podio-baja-aragon\/"},"wordCount":567,"commentCount":0,"publisher":{"@id":"https:\/\/www.boxrepsol.com\/es\/#organization"},"image":{"@id":"https:\/\/www.boxrepsol.com\/es\/rally\/isidre-esteve-esperanzador-podio-baja-aragon\/#primaryimage"},"thumbnailUrl":"https:\/\/bxrepsol.s3.eu-west-1.amazonaws.com\/static\/2022\/08\/29082219\/00_podio_baja_aragon_isidre_esteve_rally.jpg","keywords":["Repsol Rally Team"],"articleSection":["Rally"],"inLanguage":"es","potentialAction":[{"@type":"CommentAction","name":"Comment","target":["https:\/\/www.boxrepsol.com\/es\/rally\/isidre-esteve-esperanzador-podio-baja-aragon\/#respond"]}]},{"@type":"WebPage","@id":"https:\/\/www.boxrepsol.com\/es\/rally\/isidre-esteve-esperanzador-podio-baja-aragon\/","url":"https:\/\/www.boxrepsol.com\/es\/rally\/isidre-esteve-esperanzador-podio-baja-aragon\/","name":"Esperanzador podio de Isidre Esteve en la Baja Arag\u00f3n - Box Repsol","isPartOf":{"@id":"https:\/\/www.boxrepsol.com\/es\/#website"},"primaryImageOfPage":{"@id":"https:\/\/www.boxrepsol.com\/es\/rally\/isidre-esteve-esperanzador-podio-baja-aragon\/#primaryimage"},"image":{"@id":"https:\/\/www.boxrepsol.com\/es\/rally\/isidre-esteve-esperanzador-podio-baja-aragon\/#primaryimage"},"thumbnailUrl":"https:\/\/bxrepsol.s3.eu-west-1.amazonaws.com\/static\/2022\/08\/29082219\/00_podio_baja_aragon_isidre_esteve_rally.jpg","datePublished":"2018-07-23T02:00:00+00:00","dateModified":"2024-05-22T11:43:49+00:00","description":"El piloto del Repsol Rally Team termina tercero de T1.2 y 16\u00ba absoluto, su mejor resultado desde que regres\u00f3 a la competici\u00f3n hace siete a\u00f1os.","breadcrumb":{"@id":"https:\/\/www.boxrepsol.com\/es\/rally\/isidre-esteve-esperanzador-podio-baja-aragon\/#breadcrumb"},"inLanguage":"es","potentialAction":[{"@type":"ReadAction","target":["https:\/\/www.boxrepsol.com\/es\/rally\/isidre-esteve-esperanzador-podio-baja-aragon\/"]}]},{"@type":"ImageObject","inLanguage":"es","@id":"https:\/\/www.boxrepsol.com\/es\/rally\/isidre-esteve-esperanzador-podio-baja-aragon\/#primaryimage","url":"https:\/\/bxrepsol.s3.eu-west-1.amazonaws.com\/static\/2022\/08\/29082219\/00_podio_baja_aragon_isidre_esteve_rally.jpg","contentUrl":"https:\/\/bxrepsol.s3.eu-west-1.amazonaws.com\/static\/2022\/08\/29082219\/00_podio_baja_aragon_isidre_esteve_rally.jpg","width":995,"height":560,"caption":"Isidre Esteve en su coche de rally en Baja Arag\u00f3n"},{"@type":"BreadcrumbList","@id":"https:\/\/www.boxrepsol.com\/es\/rally\/isidre-esteve-esperanzador-podio-baja-aragon\/#breadcrumb","itemListElement":[{"@type":"ListItem","position":1,"name":"Home","item":"https:\/\/www.boxrepsol.com\/es\/"},{"@type":"ListItem","position":2,"name":"Esperanzador podio de Isidre Esteve en la Baja Arag\u00f3n"}]},{"@type":"WebSite","@id":"https:\/\/www.boxrepsol.com\/es\/#website","url":"https:\/\/www.boxrepsol.com\/es\/","name":"Box Repsol","description":"Box Repsol Site","publisher":{"@id":"https:\/\/www.boxrepsol.com\/es\/#organization"},"potentialAction":[{"@type":"SearchAction","target":{"@type":"EntryPoint","urlTemplate":"https:\/\/www.boxrepsol.com\/es\/?s={search_term_string}"},"query-input":{"@type":"PropertyValueSpecification","valueRequired":true,"valueName":"search_term_string"}}],"inLanguage":"es"},{"@type":"Organization","@id":"https:\/\/www.boxrepsol.com\/es\/#organization","name":"Box Repsol","url":"https:\/\/www.boxrepsol.com\/es\/","logo":{"@type":"ImageObject","inLanguage":"es","@id":"https:\/\/www.boxrepsol.com\/es\/#\/schema\/logo\/image\/","url":"https:\/\/bxrepsol.s3.eu-west-1.amazonaws.com\/static\/2025\/07\/30083337\/favicon-96x96-1.png","contentUrl":"https:\/\/bxrepsol.s3.eu-west-1.amazonaws.com\/static\/2025\/07\/30083337\/favicon-96x96-1.png","width":96,"height":96,"caption":"Box Repsol"},"image":{"@id":"https:\/\/www.boxrepsol.com\/es\/#\/schema\/logo\/image\/"},"sameAs":["https:\/\/www.facebook.com\/BoxRepsol","https:\/\/x.com\/box_repsol","http:\/\/instagram.com\/box_repsol","https:\/\/www.youtube.com\/user\/RepsolCompeticion","https:\/\/www.flickr.com\/photos\/box_repsol\/"]},{"@type":"Person","@id":"https:\/\/www.boxrepsol.com\/es\/#\/schema\/person\/c5c2138f2cca251b0ad92b7086bb60b7","name":"Redacci\u00f3n Box Repsol","image":{"@type":"ImageObject","inLanguage":"es","@id":"https:\/\/secure.gravatar.com\/avatar\/adf7b77e38b4419baf32c7e9c21dde01f4e40df611f0978e3006fc4ba0aaab7e?s=96&d=mm&r=g","url":"https:\/\/secure.gravatar.com\/avatar\/adf7b77e38b4419baf32c7e9c21dde01f4e40df611f0978e3006fc4ba0aaab7e?s=96&d=mm&r=g","contentUrl":"https:\/\/secure.gravatar.com\/avatar\/adf7b77e38b4419baf32c7e9c21dde01f4e40df611f0978e3006fc4ba0aaab7e?s=96&d=mm&r=g","caption":"Redacci\u00f3n Box Repsol"},"description":"Box Repsol lo forma un equipo de periodistas, community managers, dise\u00f1adores y fot\u00f3grafos con m\u00e1s de 20 a\u00f1os de experiencia en el mundo del motorsport. Hemos vivido el primer mundial de un espa\u00f1ol en la categor\u00eda reina de motociclismo con \u00c1lex Crivill\u00e9, estuvimos en las victorias de Pedrosa y los t\u00edtulos de M\u00e1rquez, acompa\u00f1amos en \u00c1frica a Nani Roma y Marc Coma en sus conquistas del Dakar y hemos vibrado con los t\u00edtulos de Toni Bou en Trial. Adem\u00e1s, en nuestro equipo contamos con expertos en el mundo de las dos y cuatro ruedas tanto de la calle y las carreteras, como de los circuitos. Periodistas que han trabajado en revistas y publicaciones para hacerte llegar desde rutas y consejos de mantenimiento, a curiosidades y trucos de pilotaje.","sameAs":["https:\/\/www.facebook.com\/BoxRepsol\/","https:\/\/www.instagram.com\/box_repsol\/","https:\/\/x.com\/https:\/\/twitter.com\/box_repsol","https:\/\/www.youtube.com\/@Boxrepsol"],"url":"https:\/\/www.boxrepsol.com\/es\/author\/redaccion-box-repsol\/"}]}},"_links":{"self":[{"href":"https:\/\/www.boxrepsol.com\/es\/wp-json\/wp\/v2\/posts\/93271","targetHints":{"allow":["GET"]}}],"collection":[{"href":"https:\/\/www.boxrepsol.com\/es\/wp-json\/wp\/v2\/posts"}],"about":[{"href":"https:\/\/www.boxrepsol.com\/es\/wp-json\/wp\/v2\/types\/post"}],"author":[{"embeddable":true,"href":"https:\/\/www.boxrepsol.com\/es\/wp-json\/wp\/v2\/users\/43146"}],"replies":[{"embeddable":true,"href":"https:\/\/www.boxrepsol.com\/es\/wp-json\/wp\/v2\/comments?post=93271"}],"version-history":[{"count":1,"href":"https:\/\/www.boxrepsol.com\/es\/wp-json\/wp\/v2\/posts\/93271\/revisions"}],"predecessor-version":[{"id":116614,"href":"https:\/\/www.boxrepsol.com\/es\/wp-json\/wp\/v2\/posts\/93271\/revisions\/116614"}],"wp:featuredmedia":[{"embeddable":true,"href":"https:\/\/www.boxrepsol.com\/es\/wp-json\/wp\/v2\/media\/58840"}],"wp:attachment":[{"href":"https:\/\/www.boxrepsol.com\/es\/wp-json\/wp\/v2\/media?parent=93271"}],"wp:term":[{"taxonomy":"category","embeddable":true,"href":"https:\/\/www.boxrepsol.com\/es\/wp-json\/wp\/v2\/categories?post=93271"},{"taxonomy":"post_tag","embeddable":true,"href":"https:\/\/www.boxrepsol.com\/es\/wp-json\/wp\/v2\/tags?post=93271"}],"curies":[{"name":"wp","href":"https:\/\/api.w.org\/{rel}","templated":true}]}}