{"id":93270,"date":"2018-07-21T00:00:00","date_gmt":"2018-07-21T02:00:00","guid":{"rendered":"http:\/\/pre.boxrepsol.com\/sin-categorizar\/repsol-rally-team-se-situa-posiciones-podio\/"},"modified":"2024-05-22T09:44:00","modified_gmt":"2024-05-22T11:44:00","slug":"repsol-rally-team-se-situa-posiciones-podio","status":"publish","type":"post","link":"https:\/\/www.boxrepsol.com\/es\/rally\/repsol-rally-team-se-situa-posiciones-podio\/","title":{"rendered":"El Repsol Rally Team se sit\u00faa en posiciones de podio en su categor\u00eda"},"content":{"rendered":"<p><strong>Isidre Esteve<\/strong> ha completado la segunda etapa de la <strong>Baja Arag\u00f3n 2018<\/strong> en una destacada <strong>tercera plaza de T1.2<\/strong> y en la <strong>17\u00aa de la general<\/strong>. El <strong>Repsol Rally Team<\/strong> ha logrado solventar los problemas de turbo surgidos ayer y el ilerdense ha escalado tres posiciones con su prototipo dakariano <a href=\"https:\/\/www.boxrepsol.com\/es\/rally\/montate-sodicar-bv6-t-1-2-isidre-esteve\/\"><strong>BV6 de Sodicars Racing<\/strong><\/a> hasta finalizar la jornada en el podio de su categor\u00eda.<\/p>\n<p><em>\u201cEstamos contentos, m\u00e1s que por el resultado, sobre todo porque <strong>el coche va bien y todos los cambios funcionan perfectamente<\/strong>, algunos incluso mejor de lo que cre\u00edamos. No debemos olvidar que si estamos en la Baja es porque nuestro objetivo es llegar lo mejor posible al pr\u00f3ximo Dakar. Naturalmente, queremos ser competitivos y el tercer lugar provisional est\u00e1 bien porque el nivel es impresionante, pero no debemos olvidar nuestro objetivo real\u201d<\/em>, explica Isidre Esteve.<\/td>\n<blockquote><p>\n\t<a href=\"http:\/\/twitter.com\/share?text=%22Siempre+queremos+ser+competitivos+y+el+tercer+lugar+provisional+est%C3%A1+bien+porque+el+nivel+es+impresionante%22&#038;url=https%3A%2F%2Fwww.boxrepsol.com%2Fes%2Frally%2Frepsol-rally-team-se-situa-posiciones-podio%2F\" target=\"_blank\" rel=\"noopener\"><\/p>\n<p>\u00abSiempre queremos ser competitivos y el tercer lugar provisional est\u00e1 bien porque el nivel es impresionante\u00bb<\/p>\n<p>\t<\/a>\n<\/p><\/blockquote>\n<p>La segunda etapa constaba de dos tramos, de 215 y 147 kil\u00f3metros cada uno. El <strong>Repsol Rally Team<\/strong> ha ido de menos a m\u00e1s, lo que ha dejado al piloto de Oliana con muy buen sabor de boca:\u00a0<em>\u201cPor la ma\u00f1ana ha sido complicado, ya que <strong>hasta el kil\u00f3metro 50 no hemos podido solucionar el problema del turbo<\/strong> que sufrimos ayer. Adem\u00e1s, pasando los r\u00edos nos ha fallado el limpiaparabrisas y no ven\u00edamos nada. En definitiva, varios <strong>peque\u00f1os contratiempos<\/strong> que nos han retrasado en la primera parte. <strong>Por la tarde<\/strong>, en cambio, hemos disfrutado much\u00edsimo, con un <strong>buen ritmo y cero problemas<\/strong>. En general, ha sido una buena manera de estrenar nuestro programa deportivo\u201d.<\/em><\/p>\n<p>\t<iframe loading=\"lazy\" width=\"560\" height=\"315\" src=\"https:\/\/www.youtube.com\/embed\/Qx_vLMlj8gY\" frameborder=\"0\" allow=\"autoplay; encrypted-media\" allowfullscreen><\/iframe><\/p>\n<p>Su tiempo acumulado tras la pr\u00f3logo de ayer y las dos s\u00faper especiales de este s\u00e1bado es de 5 horas, 40 minutos y 2 segundos. Junto a su copiloto Txema Villalobos, se encuentra a escasos 5 minutos de top 15. Una diferencia que, de mantener la inercia positiva de esta tarde, podr\u00eda reducirse ma\u00f1ana domingo durante la tercera y \u00faltima etapa la Baja Arag\u00f3n, sobre un \u00fanico tramo de 127 kil\u00f3metros.<\/p>\n<p><em>\u201cNuestro planteamiento para ma\u00f1ana ser\u00e1 dar continuidad al buen final de hoy y mantener un buen ritmo. Estamos contentos porque hemos acabado sin problemas y el coche est\u00e1 perfecto. <strong>Saldremos a la \u00faltima etapa con el objetivo de acumular kil\u00f3metros e intentar ser un poco m\u00e1s r\u00e1pidos<\/strong>. Al menos es lo que intentaremos\u201d<\/em>, sentencia Isidre Esteve.<\/p>\n","protected":false},"excerpt":{"rendered":"<p>Isidre Esteve ha completado la segunda etapa de la Baja Arag\u00f3n en tercer lugar de T1.2 con su prototipo BV6 con los mandos adaptados en el volante.<\/p>\n","protected":false},"author":43146,"featured_media":58835,"comment_status":"open","ping_status":"open","sticky":false,"template":"","format":"standard","meta":{"footnotes":""},"categories":[27],"tags":[183],"class_list":["post-93270","post","type-post","status-publish","format-standard","hentry","category-rally","tag-repsol-rally-team"],"yoast_head":"<!-- This site is optimized with the Yoast SEO plugin v27.3 - https:\/\/yoast.com\/product\/yoast-seo-wordpress\/ -->\n<title>El Repsol Rally Team se sit\u00faa en posiciones de podio en su categor\u00eda - Box Repsol<\/title>\n<meta name=\"description\" content=\"Isidre Esteve ha completado en posiciones de podio la segunda etapa de la Baja Arag\u00f3n en tercer lugar de T1.2 con su prototipo BV6.\" \/>\n<link rel=\"canonical\" href=\"https:\/\/www.boxrepsol.com\/es\/rally\/repsol-rally-team-se-situa-posiciones-podio\/\" \/>\n<meta property=\"og:locale\" content=\"es_ES\" \/>\n<meta property=\"og:type\" content=\"article\" \/>\n<meta property=\"og:title\" content=\"El Repsol Rally Team se sit\u00faa en posiciones de podio en su categor\u00eda - Box Repsol\" \/>\n<meta property=\"og:description\" content=\"Isidre Esteve ha completado en posiciones de podio la segunda etapa de la Baja Arag\u00f3n en tercer lugar de T1.2 con su prototipo BV6.\" \/>\n<meta property=\"og:url\" content=\"https:\/\/www.boxrepsol.com\/es\/rally\/repsol-rally-team-se-situa-posiciones-podio\/\" \/>\n<meta property=\"og:site_name\" content=\"Box Repsol\" \/>\n<meta property=\"article:publisher\" content=\"https:\/\/www.facebook.com\/BoxRepsol\" \/>\n<meta property=\"article:author\" content=\"https:\/\/www.facebook.com\/BoxRepsol\/\" \/>\n<meta property=\"article:published_time\" content=\"2018-07-21T02:00:00+00:00\" \/>\n<meta property=\"article:modified_time\" content=\"2024-05-22T11:44:00+00:00\" \/>\n<meta property=\"og:image\" content=\"https:\/\/bxrepsol.s3.eu-west-1.amazonaws.com\/static\/2022\/08\/29082217\/00_baja_aragon_isidre_esteve_agua_rally.jpg\" \/>\n\t<meta property=\"og:image:width\" content=\"995\" \/>\n\t<meta property=\"og:image:height\" content=\"560\" \/>\n\t<meta property=\"og:image:type\" content=\"image\/jpeg\" \/>\n<meta name=\"author\" content=\"Redacci\u00f3n Box Repsol\" \/>\n<meta name=\"twitter:card\" content=\"summary_large_image\" \/>\n<meta name=\"twitter:creator\" content=\"@https:\/\/twitter.com\/box_repsol\" \/>\n<meta name=\"twitter:site\" content=\"@box_repsol\" \/>\n<meta name=\"twitter:label1\" content=\"Written by\" \/>\n\t<meta name=\"twitter:data1\" content=\"Redacci\u00f3n Box Repsol\" \/>\n\t<meta name=\"twitter:label2\" content=\"Est. reading time\" \/>\n\t<meta name=\"twitter:data2\" content=\"2 minutos\" \/>\n<script type=\"application\/ld+json\" class=\"yoast-schema-graph\">{\"@context\":\"https:\\\/\\\/schema.org\",\"@graph\":[{\"@type\":\"Article\",\"@id\":\"https:\\\/\\\/www.boxrepsol.com\\\/es\\\/rally\\\/repsol-rally-team-se-situa-posiciones-podio\\\/#article\",\"isPartOf\":{\"@id\":\"https:\\\/\\\/www.boxrepsol.com\\\/es\\\/rally\\\/repsol-rally-team-se-situa-posiciones-podio\\\/\"},\"author\":{\"name\":\"Redacci\u00f3n Box Repsol\",\"@id\":\"https:\\\/\\\/www.boxrepsol.com\\\/es\\\/#\\\/schema\\\/person\\\/c5c2138f2cca251b0ad92b7086bb60b7\"},\"headline\":\"El Repsol Rally Team se sit\u00faa en posiciones de podio en su categor\u00eda\",\"datePublished\":\"2018-07-21T02:00:00+00:00\",\"dateModified\":\"2024-05-22T11:44:00+00:00\",\"mainEntityOfPage\":{\"@id\":\"https:\\\/\\\/www.boxrepsol.com\\\/es\\\/rally\\\/repsol-rally-team-se-situa-posiciones-podio\\\/\"},\"wordCount\":424,\"commentCount\":0,\"publisher\":{\"@id\":\"https:\\\/\\\/www.boxrepsol.com\\\/es\\\/#organization\"},\"image\":{\"@id\":\"https:\\\/\\\/www.boxrepsol.com\\\/es\\\/rally\\\/repsol-rally-team-se-situa-posiciones-podio\\\/#primaryimage\"},\"thumbnailUrl\":\"https:\\\/\\\/bxrepsol.s3.eu-west-1.amazonaws.com\\\/static\\\/2022\\\/08\\\/29082217\\\/00_baja_aragon_isidre_esteve_agua_rally.jpg\",\"keywords\":[\"Repsol Rally Team\"],\"articleSection\":[\"Rally\"],\"inLanguage\":\"es\",\"potentialAction\":[{\"@type\":\"CommentAction\",\"name\":\"Comment\",\"target\":[\"https:\\\/\\\/www.boxrepsol.com\\\/es\\\/rally\\\/repsol-rally-team-se-situa-posiciones-podio\\\/#respond\"]}]},{\"@type\":\"WebPage\",\"@id\":\"https:\\\/\\\/www.boxrepsol.com\\\/es\\\/rally\\\/repsol-rally-team-se-situa-posiciones-podio\\\/\",\"url\":\"https:\\\/\\\/www.boxrepsol.com\\\/es\\\/rally\\\/repsol-rally-team-se-situa-posiciones-podio\\\/\",\"name\":\"El Repsol Rally Team se sit\u00faa en posiciones de podio en su categor\u00eda - Box Repsol\",\"isPartOf\":{\"@id\":\"https:\\\/\\\/www.boxrepsol.com\\\/es\\\/#website\"},\"primaryImageOfPage\":{\"@id\":\"https:\\\/\\\/www.boxrepsol.com\\\/es\\\/rally\\\/repsol-rally-team-se-situa-posiciones-podio\\\/#primaryimage\"},\"image\":{\"@id\":\"https:\\\/\\\/www.boxrepsol.com\\\/es\\\/rally\\\/repsol-rally-team-se-situa-posiciones-podio\\\/#primaryimage\"},\"thumbnailUrl\":\"https:\\\/\\\/bxrepsol.s3.eu-west-1.amazonaws.com\\\/static\\\/2022\\\/08\\\/29082217\\\/00_baja_aragon_isidre_esteve_agua_rally.jpg\",\"datePublished\":\"2018-07-21T02:00:00+00:00\",\"dateModified\":\"2024-05-22T11:44:00+00:00\",\"description\":\"Isidre Esteve ha completado en posiciones de podio la segunda etapa de la Baja Arag\u00f3n en tercer lugar de T1.2 con su prototipo BV6.\",\"breadcrumb\":{\"@id\":\"https:\\\/\\\/www.boxrepsol.com\\\/es\\\/rally\\\/repsol-rally-team-se-situa-posiciones-podio\\\/#breadcrumb\"},\"inLanguage\":\"es\",\"potentialAction\":[{\"@type\":\"ReadAction\",\"target\":[\"https:\\\/\\\/www.boxrepsol.com\\\/es\\\/rally\\\/repsol-rally-team-se-situa-posiciones-podio\\\/\"]}]},{\"@type\":\"ImageObject\",\"inLanguage\":\"es\",\"@id\":\"https:\\\/\\\/www.boxrepsol.com\\\/es\\\/rally\\\/repsol-rally-team-se-situa-posiciones-podio\\\/#primaryimage\",\"url\":\"https:\\\/\\\/bxrepsol.s3.eu-west-1.amazonaws.com\\\/static\\\/2022\\\/08\\\/29082217\\\/00_baja_aragon_isidre_esteve_agua_rally.jpg\",\"contentUrl\":\"https:\\\/\\\/bxrepsol.s3.eu-west-1.amazonaws.com\\\/static\\\/2022\\\/08\\\/29082217\\\/00_baja_aragon_isidre_esteve_agua_rally.jpg\",\"width\":995,\"height\":560,\"caption\":\"Isidre cruza una balsa de agua en la Baja Arag\u00f3n\"},{\"@type\":\"BreadcrumbList\",\"@id\":\"https:\\\/\\\/www.boxrepsol.com\\\/es\\\/rally\\\/repsol-rally-team-se-situa-posiciones-podio\\\/#breadcrumb\",\"itemListElement\":[{\"@type\":\"ListItem\",\"position\":1,\"name\":\"Home\",\"item\":\"https:\\\/\\\/www.boxrepsol.com\\\/es\\\/\"},{\"@type\":\"ListItem\",\"position\":2,\"name\":\"El Repsol Rally Team se sit\u00faa en posiciones de podio en su categor\u00eda\"}]},{\"@type\":\"WebSite\",\"@id\":\"https:\\\/\\\/www.boxrepsol.com\\\/es\\\/#website\",\"url\":\"https:\\\/\\\/www.boxrepsol.com\\\/es\\\/\",\"name\":\"Box Repsol\",\"description\":\"Box Repsol Site\",\"publisher\":{\"@id\":\"https:\\\/\\\/www.boxrepsol.com\\\/es\\\/#organization\"},\"potentialAction\":[{\"@type\":\"SearchAction\",\"target\":{\"@type\":\"EntryPoint\",\"urlTemplate\":\"https:\\\/\\\/www.boxrepsol.com\\\/es\\\/?s={search_term_string}\"},\"query-input\":{\"@type\":\"PropertyValueSpecification\",\"valueRequired\":true,\"valueName\":\"search_term_string\"}}],\"inLanguage\":\"es\"},{\"@type\":\"Organization\",\"@id\":\"https:\\\/\\\/www.boxrepsol.com\\\/es\\\/#organization\",\"name\":\"Box Repsol\",\"url\":\"https:\\\/\\\/www.boxrepsol.com\\\/es\\\/\",\"logo\":{\"@type\":\"ImageObject\",\"inLanguage\":\"es\",\"@id\":\"https:\\\/\\\/www.boxrepsol.com\\\/es\\\/#\\\/schema\\\/logo\\\/image\\\/\",\"url\":\"https:\\\/\\\/bxrepsol.s3.eu-west-1.amazonaws.com\\\/static\\\/2025\\\/07\\\/30083337\\\/favicon-96x96-1.png\",\"contentUrl\":\"https:\\\/\\\/bxrepsol.s3.eu-west-1.amazonaws.com\\\/static\\\/2025\\\/07\\\/30083337\\\/favicon-96x96-1.png\",\"width\":96,\"height\":96,\"caption\":\"Box Repsol\"},\"image\":{\"@id\":\"https:\\\/\\\/www.boxrepsol.com\\\/es\\\/#\\\/schema\\\/logo\\\/image\\\/\"},\"sameAs\":[\"https:\\\/\\\/www.facebook.com\\\/BoxRepsol\",\"https:\\\/\\\/x.com\\\/box_repsol\",\"http:\\\/\\\/instagram.com\\\/box_repsol\",\"https:\\\/\\\/www.youtube.com\\\/user\\\/RepsolCompeticion\",\"https:\\\/\\\/www.flickr.com\\\/photos\\\/box_repsol\\\/\"]},{\"@type\":\"Person\",\"@id\":\"https:\\\/\\\/www.boxrepsol.com\\\/es\\\/#\\\/schema\\\/person\\\/c5c2138f2cca251b0ad92b7086bb60b7\",\"name\":\"Redacci\u00f3n Box Repsol\",\"image\":{\"@type\":\"ImageObject\",\"inLanguage\":\"es\",\"@id\":\"https:\\\/\\\/secure.gravatar.com\\\/avatar\\\/adf7b77e38b4419baf32c7e9c21dde01f4e40df611f0978e3006fc4ba0aaab7e?s=96&d=mm&r=g\",\"url\":\"https:\\\/\\\/secure.gravatar.com\\\/avatar\\\/adf7b77e38b4419baf32c7e9c21dde01f4e40df611f0978e3006fc4ba0aaab7e?s=96&d=mm&r=g\",\"contentUrl\":\"https:\\\/\\\/secure.gravatar.com\\\/avatar\\\/adf7b77e38b4419baf32c7e9c21dde01f4e40df611f0978e3006fc4ba0aaab7e?s=96&d=mm&r=g\",\"caption\":\"Redacci\u00f3n Box Repsol\"},\"description\":\"Box Repsol lo forma un equipo de periodistas, community managers, dise\u00f1adores y fot\u00f3grafos con m\u00e1s de 20 a\u00f1os de experiencia en el mundo del motorsport. Hemos vivido el primer mundial de un espa\u00f1ol en la categor\u00eda reina de motociclismo con \u00c1lex Crivill\u00e9, estuvimos en las victorias de Pedrosa y los t\u00edtulos de M\u00e1rquez, acompa\u00f1amos en \u00c1frica a Nani Roma y Marc Coma en sus conquistas del Dakar y hemos vibrado con los t\u00edtulos de Toni Bou en Trial. Adem\u00e1s, en nuestro equipo contamos con expertos en el mundo de las dos y cuatro ruedas tanto de la calle y las carreteras, como de los circuitos. Periodistas que han trabajado en revistas y publicaciones para hacerte llegar desde rutas y consejos de mantenimiento, a curiosidades y trucos de pilotaje.\",\"sameAs\":[\"https:\\\/\\\/www.facebook.com\\\/BoxRepsol\\\/\",\"https:\\\/\\\/www.instagram.com\\\/box_repsol\\\/\",\"https:\\\/\\\/x.com\\\/https:\\\/\\\/twitter.com\\\/box_repsol\",\"https:\\\/\\\/www.youtube.com\\\/@Boxrepsol\"],\"url\":\"https:\\\/\\\/www.boxrepsol.com\\\/es\\\/author\\\/redaccion-box-repsol\\\/\"}]}<\/script>\n<!-- \/ Yoast SEO plugin. -->","yoast_head_json":{"title":"El Repsol Rally Team se sit\u00faa en posiciones de podio en su categor\u00eda - Box Repsol","description":"Isidre Esteve ha completado en posiciones de podio la segunda etapa de la Baja Arag\u00f3n en tercer lugar de T1.2 con su prototipo BV6.","canonical":"https:\/\/www.boxrepsol.com\/es\/rally\/repsol-rally-team-se-situa-posiciones-podio\/","og_locale":"es_ES","og_type":"article","og_title":"El Repsol Rally Team se sit\u00faa en posiciones de podio en su categor\u00eda - Box Repsol","og_description":"Isidre Esteve ha completado en posiciones de podio la segunda etapa de la Baja Arag\u00f3n en tercer lugar de T1.2 con su prototipo BV6.","og_url":"https:\/\/www.boxrepsol.com\/es\/rally\/repsol-rally-team-se-situa-posiciones-podio\/","og_site_name":"Box Repsol","article_publisher":"https:\/\/www.facebook.com\/BoxRepsol","article_author":"https:\/\/www.facebook.com\/BoxRepsol\/","article_published_time":"2018-07-21T02:00:00+00:00","article_modified_time":"2024-05-22T11:44:00+00:00","og_image":[{"width":995,"height":560,"url":"https:\/\/bxrepsol.s3.eu-west-1.amazonaws.com\/static\/2022\/08\/29082217\/00_baja_aragon_isidre_esteve_agua_rally.jpg","type":"image\/jpeg"}],"author":"Redacci\u00f3n Box Repsol","twitter_card":"summary_large_image","twitter_creator":"@https:\/\/twitter.com\/box_repsol","twitter_site":"@box_repsol","twitter_misc":{"Written by":"Redacci\u00f3n Box Repsol","Est. reading time":"2 minutos"},"schema":{"@context":"https:\/\/schema.org","@graph":[{"@type":"Article","@id":"https:\/\/www.boxrepsol.com\/es\/rally\/repsol-rally-team-se-situa-posiciones-podio\/#article","isPartOf":{"@id":"https:\/\/www.boxrepsol.com\/es\/rally\/repsol-rally-team-se-situa-posiciones-podio\/"},"author":{"name":"Redacci\u00f3n Box Repsol","@id":"https:\/\/www.boxrepsol.com\/es\/#\/schema\/person\/c5c2138f2cca251b0ad92b7086bb60b7"},"headline":"El Repsol Rally Team se sit\u00faa en posiciones de podio en su categor\u00eda","datePublished":"2018-07-21T02:00:00+00:00","dateModified":"2024-05-22T11:44:00+00:00","mainEntityOfPage":{"@id":"https:\/\/www.boxrepsol.com\/es\/rally\/repsol-rally-team-se-situa-posiciones-podio\/"},"wordCount":424,"commentCount":0,"publisher":{"@id":"https:\/\/www.boxrepsol.com\/es\/#organization"},"image":{"@id":"https:\/\/www.boxrepsol.com\/es\/rally\/repsol-rally-team-se-situa-posiciones-podio\/#primaryimage"},"thumbnailUrl":"https:\/\/bxrepsol.s3.eu-west-1.amazonaws.com\/static\/2022\/08\/29082217\/00_baja_aragon_isidre_esteve_agua_rally.jpg","keywords":["Repsol Rally Team"],"articleSection":["Rally"],"inLanguage":"es","potentialAction":[{"@type":"CommentAction","name":"Comment","target":["https:\/\/www.boxrepsol.com\/es\/rally\/repsol-rally-team-se-situa-posiciones-podio\/#respond"]}]},{"@type":"WebPage","@id":"https:\/\/www.boxrepsol.com\/es\/rally\/repsol-rally-team-se-situa-posiciones-podio\/","url":"https:\/\/www.boxrepsol.com\/es\/rally\/repsol-rally-team-se-situa-posiciones-podio\/","name":"El Repsol Rally Team se sit\u00faa en posiciones de podio en su categor\u00eda - Box Repsol","isPartOf":{"@id":"https:\/\/www.boxrepsol.com\/es\/#website"},"primaryImageOfPage":{"@id":"https:\/\/www.boxrepsol.com\/es\/rally\/repsol-rally-team-se-situa-posiciones-podio\/#primaryimage"},"image":{"@id":"https:\/\/www.boxrepsol.com\/es\/rally\/repsol-rally-team-se-situa-posiciones-podio\/#primaryimage"},"thumbnailUrl":"https:\/\/bxrepsol.s3.eu-west-1.amazonaws.com\/static\/2022\/08\/29082217\/00_baja_aragon_isidre_esteve_agua_rally.jpg","datePublished":"2018-07-21T02:00:00+00:00","dateModified":"2024-05-22T11:44:00+00:00","description":"Isidre Esteve ha completado en posiciones de podio la segunda etapa de la Baja Arag\u00f3n en tercer lugar de T1.2 con su prototipo BV6.","breadcrumb":{"@id":"https:\/\/www.boxrepsol.com\/es\/rally\/repsol-rally-team-se-situa-posiciones-podio\/#breadcrumb"},"inLanguage":"es","potentialAction":[{"@type":"ReadAction","target":["https:\/\/www.boxrepsol.com\/es\/rally\/repsol-rally-team-se-situa-posiciones-podio\/"]}]},{"@type":"ImageObject","inLanguage":"es","@id":"https:\/\/www.boxrepsol.com\/es\/rally\/repsol-rally-team-se-situa-posiciones-podio\/#primaryimage","url":"https:\/\/bxrepsol.s3.eu-west-1.amazonaws.com\/static\/2022\/08\/29082217\/00_baja_aragon_isidre_esteve_agua_rally.jpg","contentUrl":"https:\/\/bxrepsol.s3.eu-west-1.amazonaws.com\/static\/2022\/08\/29082217\/00_baja_aragon_isidre_esteve_agua_rally.jpg","width":995,"height":560,"caption":"Isidre cruza una balsa de agua en la Baja Arag\u00f3n"},{"@type":"BreadcrumbList","@id":"https:\/\/www.boxrepsol.com\/es\/rally\/repsol-rally-team-se-situa-posiciones-podio\/#breadcrumb","itemListElement":[{"@type":"ListItem","position":1,"name":"Home","item":"https:\/\/www.boxrepsol.com\/es\/"},{"@type":"ListItem","position":2,"name":"El Repsol Rally Team se sit\u00faa en posiciones de podio en su categor\u00eda"}]},{"@type":"WebSite","@id":"https:\/\/www.boxrepsol.com\/es\/#website","url":"https:\/\/www.boxrepsol.com\/es\/","name":"Box Repsol","description":"Box Repsol Site","publisher":{"@id":"https:\/\/www.boxrepsol.com\/es\/#organization"},"potentialAction":[{"@type":"SearchAction","target":{"@type":"EntryPoint","urlTemplate":"https:\/\/www.boxrepsol.com\/es\/?s={search_term_string}"},"query-input":{"@type":"PropertyValueSpecification","valueRequired":true,"valueName":"search_term_string"}}],"inLanguage":"es"},{"@type":"Organization","@id":"https:\/\/www.boxrepsol.com\/es\/#organization","name":"Box Repsol","url":"https:\/\/www.boxrepsol.com\/es\/","logo":{"@type":"ImageObject","inLanguage":"es","@id":"https:\/\/www.boxrepsol.com\/es\/#\/schema\/logo\/image\/","url":"https:\/\/bxrepsol.s3.eu-west-1.amazonaws.com\/static\/2025\/07\/30083337\/favicon-96x96-1.png","contentUrl":"https:\/\/bxrepsol.s3.eu-west-1.amazonaws.com\/static\/2025\/07\/30083337\/favicon-96x96-1.png","width":96,"height":96,"caption":"Box Repsol"},"image":{"@id":"https:\/\/www.boxrepsol.com\/es\/#\/schema\/logo\/image\/"},"sameAs":["https:\/\/www.facebook.com\/BoxRepsol","https:\/\/x.com\/box_repsol","http:\/\/instagram.com\/box_repsol","https:\/\/www.youtube.com\/user\/RepsolCompeticion","https:\/\/www.flickr.com\/photos\/box_repsol\/"]},{"@type":"Person","@id":"https:\/\/www.boxrepsol.com\/es\/#\/schema\/person\/c5c2138f2cca251b0ad92b7086bb60b7","name":"Redacci\u00f3n Box Repsol","image":{"@type":"ImageObject","inLanguage":"es","@id":"https:\/\/secure.gravatar.com\/avatar\/adf7b77e38b4419baf32c7e9c21dde01f4e40df611f0978e3006fc4ba0aaab7e?s=96&d=mm&r=g","url":"https:\/\/secure.gravatar.com\/avatar\/adf7b77e38b4419baf32c7e9c21dde01f4e40df611f0978e3006fc4ba0aaab7e?s=96&d=mm&r=g","contentUrl":"https:\/\/secure.gravatar.com\/avatar\/adf7b77e38b4419baf32c7e9c21dde01f4e40df611f0978e3006fc4ba0aaab7e?s=96&d=mm&r=g","caption":"Redacci\u00f3n Box Repsol"},"description":"Box Repsol lo forma un equipo de periodistas, community managers, dise\u00f1adores y fot\u00f3grafos con m\u00e1s de 20 a\u00f1os de experiencia en el mundo del motorsport. Hemos vivido el primer mundial de un espa\u00f1ol en la categor\u00eda reina de motociclismo con \u00c1lex Crivill\u00e9, estuvimos en las victorias de Pedrosa y los t\u00edtulos de M\u00e1rquez, acompa\u00f1amos en \u00c1frica a Nani Roma y Marc Coma en sus conquistas del Dakar y hemos vibrado con los t\u00edtulos de Toni Bou en Trial. Adem\u00e1s, en nuestro equipo contamos con expertos en el mundo de las dos y cuatro ruedas tanto de la calle y las carreteras, como de los circuitos. Periodistas que han trabajado en revistas y publicaciones para hacerte llegar desde rutas y consejos de mantenimiento, a curiosidades y trucos de pilotaje.","sameAs":["https:\/\/www.facebook.com\/BoxRepsol\/","https:\/\/www.instagram.com\/box_repsol\/","https:\/\/x.com\/https:\/\/twitter.com\/box_repsol","https:\/\/www.youtube.com\/@Boxrepsol"],"url":"https:\/\/www.boxrepsol.com\/es\/author\/redaccion-box-repsol\/"}]}},"_links":{"self":[{"href":"https:\/\/www.boxrepsol.com\/es\/wp-json\/wp\/v2\/posts\/93270","targetHints":{"allow":["GET"]}}],"collection":[{"href":"https:\/\/www.boxrepsol.com\/es\/wp-json\/wp\/v2\/posts"}],"about":[{"href":"https:\/\/www.boxrepsol.com\/es\/wp-json\/wp\/v2\/types\/post"}],"author":[{"embeddable":true,"href":"https:\/\/www.boxrepsol.com\/es\/wp-json\/wp\/v2\/users\/43146"}],"replies":[{"embeddable":true,"href":"https:\/\/www.boxrepsol.com\/es\/wp-json\/wp\/v2\/comments?post=93270"}],"version-history":[{"count":1,"href":"https:\/\/www.boxrepsol.com\/es\/wp-json\/wp\/v2\/posts\/93270\/revisions"}],"predecessor-version":[{"id":116615,"href":"https:\/\/www.boxrepsol.com\/es\/wp-json\/wp\/v2\/posts\/93270\/revisions\/116615"}],"wp:featuredmedia":[{"embeddable":true,"href":"https:\/\/www.boxrepsol.com\/es\/wp-json\/wp\/v2\/media\/58835"}],"wp:attachment":[{"href":"https:\/\/www.boxrepsol.com\/es\/wp-json\/wp\/v2\/media?parent=93270"}],"wp:term":[{"taxonomy":"category","embeddable":true,"href":"https:\/\/www.boxrepsol.com\/es\/wp-json\/wp\/v2\/categories?post=93270"},{"taxonomy":"post_tag","embeddable":true,"href":"https:\/\/www.boxrepsol.com\/es\/wp-json\/wp\/v2\/tags?post=93270"}],"curies":[{"name":"wp","href":"https:\/\/api.w.org\/{rel}","templated":true}]}}