{"id":93268,"date":"2018-07-20T00:00:00","date_gmt":"2018-07-20T02:00:00","guid":{"rendered":"http:\/\/pre.boxrepsol.com\/sin-categorizar\/arranca-la-temporada-2018-repsol-rally-team\/"},"modified":"2024-05-22T09:44:14","modified_gmt":"2024-05-22T11:44:14","slug":"arranca-la-temporada-2018-repsol-rally-team","status":"publish","type":"post","link":"https:\/\/www.boxrepsol.com\/es\/rally\/arranca-la-temporada-2018-repsol-rally-team\/","title":{"rendered":"Arranca la temporada 2018 para el Repsol Rally Team"},"content":{"rendered":"<p><strong>Isidre Esteve<\/strong> ha iniciado este viernes su <strong>preparaci\u00f3n para el Rally Dakar 2019 en la 35\u00aa Baja Arag\u00f3n<\/strong>, que ha arrancado este viernes con la etapa pr\u00f3logo. El piloto del <strong>Repsol Rally Team<\/strong> ha tenido una positiva primera toma de contacto con su prototipo <a href=\"https:\/\/www.boxrepsol.com\/rally\/montate-sodicar-bv6-t-1-2-isidre-esteve\/\">BV6 de Sodicars Racing<\/a>, pese a un peque\u00f1o contratiempo que los mec\u00e1nicos subsanar\u00e1n ma\u00f1ana por la ma\u00f1ana en la asistencia previa al inicio de la segunda etapa.<\/p>\n<p>Al final de los casi 13 kil\u00f3metros de la especial disputada este viernes en Alfambra (Teruel), Isidre Esteve ha marcado un crono de 10:56.04. Hacia el kil\u00f3metro 6, un fallo en una electrov\u00e1lvula del turbo ha ralentizado su marcha y le ha retrasado en la clasificaci\u00f3n de una prueba que cuenta m\u00e1s de 230 inscritos y es puntuable para la <strong>Copa del Mundo FIA de Rallys Cross Country<\/strong>. Al final se ha situado en la 26\u00aa posici\u00f3n absoluta y 18\u00aa de la categor\u00eda T1.1.<\/p>\n<p><strong>Isidre satisfecho<br \/>\n<\/strong><br \/>\n\u201c<em>El estreno en carrera del nuevo BV6 ha sido positivo, sobre un primer tramo bonito, revirado y divertido. L\u00e1stima que un fallo electr\u00f3nico nos haya impedido ir m\u00e1s r\u00e1pido, pero no es nada grave. El equipo cambiar\u00e1 la pieza y seguiremos la prueba con normalidad<\/em>\u201d, explicaba el piloto de Oliana que ma\u00f1ana afrontar\u00e1 la segunda etapa, sobre dos tramos de 215 y 147 kil\u00f3metros respectivamente.<\/p>\n<blockquote><p>&nbsp;<\/p>\n<p>Las sensaciones son buen\u00edsimas. Estamos dando los pasos correctos, estoy seguro que este a\u00f1o nos veremos cada vez m\u00e1s arriba<\/p>\n<p>&nbsp;<\/p><\/blockquote>\n<p>Esta carrera es muy especial para <a href=\"https:\/\/www.boxrepsol.com\/es\/equipo-repsol\/isidre-esteve\/\"><strong>Isidre Esteve<\/strong><\/a>, ya que precisamente <strong>fue aqu\u00ed donde reapareci\u00f3 en 2012<\/strong> despu\u00e9s de las \u00falceras por presi\u00f3n que sufri\u00f3 en el Dakar 2009. Lo hizo a los mandos de un buggy ligero con el objetivo de poner a prueba por primera vez el Coj\u00edn Inteligente. Si sal\u00eda bien y su piel quedaba intacta podr\u00eda plantearse volver a competir, de lo contrario ah\u00ed terminar\u00eda su trayectoria deportiva. Siete a\u00f1os despu\u00e9s, el piloto del <strong>Repsol Rally Team<\/strong> afronta la carrera con una perspectiva totalmente distinta.<\/p>\n<p>As\u00ed lo resume el ilerdense:\u00a0<em>\u201cCuando vinimos a la Baja en 2012 realizamos los primeros ensayos con el coj\u00edn que deb\u00eda permitirme regresar alg\u00fan d\u00eda para competir de verdad. Ahora, <strong>el Coj\u00edn Inteligente es una realidad y yo vuelvo a pensar en la \u00e9lite<\/strong>. Todo el proceso ha sido maravilloso: el dispositivo va a estar en el mercado en los pr\u00f3ximos d\u00edas y nosotros solo debemos centrarnos en el aspecto deportivo\u201d.<\/em><\/p>\n<p><img decoding=\"async\" src=\"https:\/\/bxrepsol.s3.eu-west-1.amazonaws.com\/static\/2022\/08\/05060616\/00_baja_aragon_etapa_1_isidre_esteve_rally_repsol.jpg\" alt=\"isidre esteve compitiendo\" \/><\/p>\n<p><strong>BV6 de Sodicars Racing<\/strong><\/p>\n<p>Para cumplir con el objetivo y hacer frente al reto de volver a estar entre los mejores, Isidre cuenta con un potente prototipo <strong>BV6 de Sodicars Racing<\/strong>. Un coche que, gracias a la experiencia adquirida durante la pasada edici\u00f3n del <strong>Rally Dakar<\/strong>, incorpora una serie de modificaciones t\u00e9cnicas que lo convierten en un arma mucho m\u00e1s competitiva. Se han recortado 25 cent\u00edmetros de frontal, se ha ampliado en 30 mil\u00edmetros el recorrido de la suspensi\u00f3n y se han incorporado unos frenos m\u00e1s grandes.<\/p>\n<p>\u201c<em>Estamos muy contentos con todos los cambios que hemos introducido en el coche y las sensaciones son buen\u00edsimas. Todo el tiempo tenemos el coche donde queremos en la pista y esto es genial. Seguro que este a\u00f1o nos veremos cada vez m\u00e1s arriba\u201d<\/em>, afirma.<\/p>\n<p><strong>Isidre Esteve y su copiloto Txema Villalobos<\/strong> afrontan el rally aragon\u00e9s con el objetivo de recuperar el ritmo y empezar a sumar kil\u00f3metros con el veh\u00edculo que pilotar\u00e1n en la pr\u00f3xima edici\u00f3n del <strong>Rally Dakar<\/strong>. As\u00ed, la <strong>Baja Arag\u00f3n<\/strong> se convertir\u00e1 de nuevo en un excelente banco de pruebas para la competici\u00f3n.<\/p>\n<p><strong>Programa deportivo<\/strong><\/p>\n<p><em>\u201cNuestro programa deportivo para esta temporada se ha dise\u00f1ado para <strong>dar un paso adelante<\/strong>. Empezamos en la <strong>Baja Arag\u00f3n<\/strong>, que es una carrera ideal porque nos permite <strong>poner el coche a punto a nivel m\u00e1s t\u00e9cnico<\/strong>. Despu\u00e9s del verano iremos a Marruecos para realizar un test, antes de disputar el <strong>Rally de Marruecos<\/strong>, donde podremos probar el coche en las dunas. Todo ello para llegar a tope al Dakar y ser competitivos desde el primer d\u00eda\u201d<\/em>, explica.<\/p>\n","protected":false},"excerpt":{"rendered":"<p>Isidre Esteve ha estrenado en la Baja Arag\u00f3n la nueva evoluci\u00f3n de su prototipo BV6 con el que disputar\u00e1 el Dakar 2019.<\/p>\n","protected":false},"author":43146,"featured_media":58830,"comment_status":"open","ping_status":"open","sticky":false,"template":"","format":"standard","meta":{"footnotes":""},"categories":[27],"tags":[183],"class_list":["post-93268","post","type-post","status-publish","format-standard","hentry","category-rally","tag-repsol-rally-team"],"yoast_head":"<!-- This site is optimized with the Yoast SEO plugin v27.3 - https:\/\/yoast.com\/product\/yoast-seo-wordpress\/ -->\n<title>Arranca la temporada 2018 para el Repsol Rally Team - Box Repsol<\/title>\n<meta name=\"description\" content=\"Isidre Esteve ha estrenado en la Baja Arag\u00f3n la nueva evoluci\u00f3n de su prototipo BV6 con el que har\u00e1 la temporada 2018 para el Repsol Rally Team\" \/>\n<link rel=\"canonical\" href=\"https:\/\/www.boxrepsol.com\/es\/rally\/arranca-la-temporada-2018-repsol-rally-team\/\" \/>\n<meta property=\"og:locale\" content=\"es_ES\" \/>\n<meta property=\"og:type\" content=\"article\" \/>\n<meta property=\"og:title\" content=\"Arranca la temporada 2018 para el Repsol Rally Team - Box Repsol\" \/>\n<meta property=\"og:description\" content=\"Isidre Esteve ha estrenado en la Baja Arag\u00f3n la nueva evoluci\u00f3n de su prototipo BV6 con el que har\u00e1 la temporada 2018 para el Repsol Rally Team\" \/>\n<meta property=\"og:url\" content=\"https:\/\/www.boxrepsol.com\/es\/rally\/arranca-la-temporada-2018-repsol-rally-team\/\" \/>\n<meta property=\"og:site_name\" content=\"Box Repsol\" \/>\n<meta property=\"article:publisher\" content=\"https:\/\/www.facebook.com\/BoxRepsol\" \/>\n<meta property=\"article:author\" content=\"https:\/\/www.facebook.com\/BoxRepsol\/\" \/>\n<meta property=\"article:published_time\" content=\"2018-07-20T02:00:00+00:00\" \/>\n<meta property=\"article:modified_time\" content=\"2024-05-22T11:44:14+00:00\" \/>\n<meta property=\"og:image\" content=\"https:\/\/bxrepsol.s3.eu-west-1.amazonaws.com\/static\/2022\/08\/29082214\/00_isidre_esteve_baja_aragon_rally_repsol_team.jpg\" \/>\n\t<meta property=\"og:image:width\" content=\"995\" \/>\n\t<meta property=\"og:image:height\" content=\"560\" \/>\n\t<meta property=\"og:image:type\" content=\"image\/jpeg\" \/>\n<meta name=\"author\" content=\"Redacci\u00f3n Box Repsol\" \/>\n<meta name=\"twitter:card\" content=\"summary_large_image\" \/>\n<meta name=\"twitter:creator\" content=\"@https:\/\/twitter.com\/box_repsol\" \/>\n<meta name=\"twitter:site\" content=\"@box_repsol\" \/>\n<meta name=\"twitter:label1\" content=\"Written by\" \/>\n\t<meta name=\"twitter:data1\" content=\"Redacci\u00f3n Box Repsol\" \/>\n\t<meta name=\"twitter:label2\" content=\"Est. reading time\" \/>\n\t<meta name=\"twitter:data2\" content=\"4 minutos\" \/>\n<script type=\"application\/ld+json\" class=\"yoast-schema-graph\">{\"@context\":\"https:\\\/\\\/schema.org\",\"@graph\":[{\"@type\":\"Article\",\"@id\":\"https:\\\/\\\/www.boxrepsol.com\\\/es\\\/rally\\\/arranca-la-temporada-2018-repsol-rally-team\\\/#article\",\"isPartOf\":{\"@id\":\"https:\\\/\\\/www.boxrepsol.com\\\/es\\\/rally\\\/arranca-la-temporada-2018-repsol-rally-team\\\/\"},\"author\":{\"name\":\"Redacci\u00f3n Box Repsol\",\"@id\":\"https:\\\/\\\/www.boxrepsol.com\\\/es\\\/#\\\/schema\\\/person\\\/c5c2138f2cca251b0ad92b7086bb60b7\"},\"headline\":\"Arranca la temporada 2018 para el Repsol Rally Team\",\"datePublished\":\"2018-07-20T02:00:00+00:00\",\"dateModified\":\"2024-05-22T11:44:14+00:00\",\"mainEntityOfPage\":{\"@id\":\"https:\\\/\\\/www.boxrepsol.com\\\/es\\\/rally\\\/arranca-la-temporada-2018-repsol-rally-team\\\/\"},\"wordCount\":722,\"commentCount\":0,\"publisher\":{\"@id\":\"https:\\\/\\\/www.boxrepsol.com\\\/es\\\/#organization\"},\"image\":{\"@id\":\"https:\\\/\\\/www.boxrepsol.com\\\/es\\\/rally\\\/arranca-la-temporada-2018-repsol-rally-team\\\/#primaryimage\"},\"thumbnailUrl\":\"https:\\\/\\\/bxrepsol.s3.eu-west-1.amazonaws.com\\\/static\\\/2022\\\/08\\\/29082214\\\/00_isidre_esteve_baja_aragon_rally_repsol_team.jpg\",\"keywords\":[\"Repsol Rally Team\"],\"articleSection\":[\"Rally\"],\"inLanguage\":\"es\",\"potentialAction\":[{\"@type\":\"CommentAction\",\"name\":\"Comment\",\"target\":[\"https:\\\/\\\/www.boxrepsol.com\\\/es\\\/rally\\\/arranca-la-temporada-2018-repsol-rally-team\\\/#respond\"]}]},{\"@type\":\"WebPage\",\"@id\":\"https:\\\/\\\/www.boxrepsol.com\\\/es\\\/rally\\\/arranca-la-temporada-2018-repsol-rally-team\\\/\",\"url\":\"https:\\\/\\\/www.boxrepsol.com\\\/es\\\/rally\\\/arranca-la-temporada-2018-repsol-rally-team\\\/\",\"name\":\"Arranca la temporada 2018 para el Repsol Rally Team - Box Repsol\",\"isPartOf\":{\"@id\":\"https:\\\/\\\/www.boxrepsol.com\\\/es\\\/#website\"},\"primaryImageOfPage\":{\"@id\":\"https:\\\/\\\/www.boxrepsol.com\\\/es\\\/rally\\\/arranca-la-temporada-2018-repsol-rally-team\\\/#primaryimage\"},\"image\":{\"@id\":\"https:\\\/\\\/www.boxrepsol.com\\\/es\\\/rally\\\/arranca-la-temporada-2018-repsol-rally-team\\\/#primaryimage\"},\"thumbnailUrl\":\"https:\\\/\\\/bxrepsol.s3.eu-west-1.amazonaws.com\\\/static\\\/2022\\\/08\\\/29082214\\\/00_isidre_esteve_baja_aragon_rally_repsol_team.jpg\",\"datePublished\":\"2018-07-20T02:00:00+00:00\",\"dateModified\":\"2024-05-22T11:44:14+00:00\",\"description\":\"Isidre Esteve ha estrenado en la Baja Arag\u00f3n la nueva evoluci\u00f3n de su prototipo BV6 con el que har\u00e1 la temporada 2018 para el Repsol Rally Team\",\"breadcrumb\":{\"@id\":\"https:\\\/\\\/www.boxrepsol.com\\\/es\\\/rally\\\/arranca-la-temporada-2018-repsol-rally-team\\\/#breadcrumb\"},\"inLanguage\":\"es\",\"potentialAction\":[{\"@type\":\"ReadAction\",\"target\":[\"https:\\\/\\\/www.boxrepsol.com\\\/es\\\/rally\\\/arranca-la-temporada-2018-repsol-rally-team\\\/\"]}]},{\"@type\":\"ImageObject\",\"inLanguage\":\"es\",\"@id\":\"https:\\\/\\\/www.boxrepsol.com\\\/es\\\/rally\\\/arranca-la-temporada-2018-repsol-rally-team\\\/#primaryimage\",\"url\":\"https:\\\/\\\/bxrepsol.s3.eu-west-1.amazonaws.com\\\/static\\\/2022\\\/08\\\/29082214\\\/00_isidre_esteve_baja_aragon_rally_repsol_team.jpg\",\"contentUrl\":\"https:\\\/\\\/bxrepsol.s3.eu-west-1.amazonaws.com\\\/static\\\/2022\\\/08\\\/29082214\\\/00_isidre_esteve_baja_aragon_rally_repsol_team.jpg\",\"width\":995,\"height\":560,\"caption\":\"Isidre Esteve con casco junto a Txema Villalobos\"},{\"@type\":\"BreadcrumbList\",\"@id\":\"https:\\\/\\\/www.boxrepsol.com\\\/es\\\/rally\\\/arranca-la-temporada-2018-repsol-rally-team\\\/#breadcrumb\",\"itemListElement\":[{\"@type\":\"ListItem\",\"position\":1,\"name\":\"Home\",\"item\":\"https:\\\/\\\/www.boxrepsol.com\\\/es\\\/\"},{\"@type\":\"ListItem\",\"position\":2,\"name\":\"Arranca la temporada 2018 para el Repsol Rally Team\"}]},{\"@type\":\"WebSite\",\"@id\":\"https:\\\/\\\/www.boxrepsol.com\\\/es\\\/#website\",\"url\":\"https:\\\/\\\/www.boxrepsol.com\\\/es\\\/\",\"name\":\"Box Repsol\",\"description\":\"Box Repsol Site\",\"publisher\":{\"@id\":\"https:\\\/\\\/www.boxrepsol.com\\\/es\\\/#organization\"},\"potentialAction\":[{\"@type\":\"SearchAction\",\"target\":{\"@type\":\"EntryPoint\",\"urlTemplate\":\"https:\\\/\\\/www.boxrepsol.com\\\/es\\\/?s={search_term_string}\"},\"query-input\":{\"@type\":\"PropertyValueSpecification\",\"valueRequired\":true,\"valueName\":\"search_term_string\"}}],\"inLanguage\":\"es\"},{\"@type\":\"Organization\",\"@id\":\"https:\\\/\\\/www.boxrepsol.com\\\/es\\\/#organization\",\"name\":\"Box Repsol\",\"url\":\"https:\\\/\\\/www.boxrepsol.com\\\/es\\\/\",\"logo\":{\"@type\":\"ImageObject\",\"inLanguage\":\"es\",\"@id\":\"https:\\\/\\\/www.boxrepsol.com\\\/es\\\/#\\\/schema\\\/logo\\\/image\\\/\",\"url\":\"https:\\\/\\\/bxrepsol.s3.eu-west-1.amazonaws.com\\\/static\\\/2025\\\/07\\\/30083337\\\/favicon-96x96-1.png\",\"contentUrl\":\"https:\\\/\\\/bxrepsol.s3.eu-west-1.amazonaws.com\\\/static\\\/2025\\\/07\\\/30083337\\\/favicon-96x96-1.png\",\"width\":96,\"height\":96,\"caption\":\"Box Repsol\"},\"image\":{\"@id\":\"https:\\\/\\\/www.boxrepsol.com\\\/es\\\/#\\\/schema\\\/logo\\\/image\\\/\"},\"sameAs\":[\"https:\\\/\\\/www.facebook.com\\\/BoxRepsol\",\"https:\\\/\\\/x.com\\\/box_repsol\",\"http:\\\/\\\/instagram.com\\\/box_repsol\",\"https:\\\/\\\/www.youtube.com\\\/user\\\/RepsolCompeticion\",\"https:\\\/\\\/www.flickr.com\\\/photos\\\/box_repsol\\\/\"]},{\"@type\":\"Person\",\"@id\":\"https:\\\/\\\/www.boxrepsol.com\\\/es\\\/#\\\/schema\\\/person\\\/c5c2138f2cca251b0ad92b7086bb60b7\",\"name\":\"Redacci\u00f3n Box Repsol\",\"image\":{\"@type\":\"ImageObject\",\"inLanguage\":\"es\",\"@id\":\"https:\\\/\\\/secure.gravatar.com\\\/avatar\\\/adf7b77e38b4419baf32c7e9c21dde01f4e40df611f0978e3006fc4ba0aaab7e?s=96&d=mm&r=g\",\"url\":\"https:\\\/\\\/secure.gravatar.com\\\/avatar\\\/adf7b77e38b4419baf32c7e9c21dde01f4e40df611f0978e3006fc4ba0aaab7e?s=96&d=mm&r=g\",\"contentUrl\":\"https:\\\/\\\/secure.gravatar.com\\\/avatar\\\/adf7b77e38b4419baf32c7e9c21dde01f4e40df611f0978e3006fc4ba0aaab7e?s=96&d=mm&r=g\",\"caption\":\"Redacci\u00f3n Box Repsol\"},\"description\":\"Box Repsol lo forma un equipo de periodistas, community managers, dise\u00f1adores y fot\u00f3grafos con m\u00e1s de 20 a\u00f1os de experiencia en el mundo del motorsport. Hemos vivido el primer mundial de un espa\u00f1ol en la categor\u00eda reina de motociclismo con \u00c1lex Crivill\u00e9, estuvimos en las victorias de Pedrosa y los t\u00edtulos de M\u00e1rquez, acompa\u00f1amos en \u00c1frica a Nani Roma y Marc Coma en sus conquistas del Dakar y hemos vibrado con los t\u00edtulos de Toni Bou en Trial. Adem\u00e1s, en nuestro equipo contamos con expertos en el mundo de las dos y cuatro ruedas tanto de la calle y las carreteras, como de los circuitos. Periodistas que han trabajado en revistas y publicaciones para hacerte llegar desde rutas y consejos de mantenimiento, a curiosidades y trucos de pilotaje.\",\"sameAs\":[\"https:\\\/\\\/www.facebook.com\\\/BoxRepsol\\\/\",\"https:\\\/\\\/www.instagram.com\\\/box_repsol\\\/\",\"https:\\\/\\\/x.com\\\/https:\\\/\\\/twitter.com\\\/box_repsol\",\"https:\\\/\\\/www.youtube.com\\\/@Boxrepsol\"],\"url\":\"https:\\\/\\\/www.boxrepsol.com\\\/es\\\/author\\\/redaccion-box-repsol\\\/\"}]}<\/script>\n<!-- \/ Yoast SEO plugin. -->","yoast_head_json":{"title":"Arranca la temporada 2018 para el Repsol Rally Team - Box Repsol","description":"Isidre Esteve ha estrenado en la Baja Arag\u00f3n la nueva evoluci\u00f3n de su prototipo BV6 con el que har\u00e1 la temporada 2018 para el Repsol Rally Team","canonical":"https:\/\/www.boxrepsol.com\/es\/rally\/arranca-la-temporada-2018-repsol-rally-team\/","og_locale":"es_ES","og_type":"article","og_title":"Arranca la temporada 2018 para el Repsol Rally Team - Box Repsol","og_description":"Isidre Esteve ha estrenado en la Baja Arag\u00f3n la nueva evoluci\u00f3n de su prototipo BV6 con el que har\u00e1 la temporada 2018 para el Repsol Rally Team","og_url":"https:\/\/www.boxrepsol.com\/es\/rally\/arranca-la-temporada-2018-repsol-rally-team\/","og_site_name":"Box Repsol","article_publisher":"https:\/\/www.facebook.com\/BoxRepsol","article_author":"https:\/\/www.facebook.com\/BoxRepsol\/","article_published_time":"2018-07-20T02:00:00+00:00","article_modified_time":"2024-05-22T11:44:14+00:00","og_image":[{"width":995,"height":560,"url":"https:\/\/bxrepsol.s3.eu-west-1.amazonaws.com\/static\/2022\/08\/29082214\/00_isidre_esteve_baja_aragon_rally_repsol_team.jpg","type":"image\/jpeg"}],"author":"Redacci\u00f3n Box Repsol","twitter_card":"summary_large_image","twitter_creator":"@https:\/\/twitter.com\/box_repsol","twitter_site":"@box_repsol","twitter_misc":{"Written by":"Redacci\u00f3n Box Repsol","Est. reading time":"4 minutos"},"schema":{"@context":"https:\/\/schema.org","@graph":[{"@type":"Article","@id":"https:\/\/www.boxrepsol.com\/es\/rally\/arranca-la-temporada-2018-repsol-rally-team\/#article","isPartOf":{"@id":"https:\/\/www.boxrepsol.com\/es\/rally\/arranca-la-temporada-2018-repsol-rally-team\/"},"author":{"name":"Redacci\u00f3n Box Repsol","@id":"https:\/\/www.boxrepsol.com\/es\/#\/schema\/person\/c5c2138f2cca251b0ad92b7086bb60b7"},"headline":"Arranca la temporada 2018 para el Repsol Rally Team","datePublished":"2018-07-20T02:00:00+00:00","dateModified":"2024-05-22T11:44:14+00:00","mainEntityOfPage":{"@id":"https:\/\/www.boxrepsol.com\/es\/rally\/arranca-la-temporada-2018-repsol-rally-team\/"},"wordCount":722,"commentCount":0,"publisher":{"@id":"https:\/\/www.boxrepsol.com\/es\/#organization"},"image":{"@id":"https:\/\/www.boxrepsol.com\/es\/rally\/arranca-la-temporada-2018-repsol-rally-team\/#primaryimage"},"thumbnailUrl":"https:\/\/bxrepsol.s3.eu-west-1.amazonaws.com\/static\/2022\/08\/29082214\/00_isidre_esteve_baja_aragon_rally_repsol_team.jpg","keywords":["Repsol Rally Team"],"articleSection":["Rally"],"inLanguage":"es","potentialAction":[{"@type":"CommentAction","name":"Comment","target":["https:\/\/www.boxrepsol.com\/es\/rally\/arranca-la-temporada-2018-repsol-rally-team\/#respond"]}]},{"@type":"WebPage","@id":"https:\/\/www.boxrepsol.com\/es\/rally\/arranca-la-temporada-2018-repsol-rally-team\/","url":"https:\/\/www.boxrepsol.com\/es\/rally\/arranca-la-temporada-2018-repsol-rally-team\/","name":"Arranca la temporada 2018 para el Repsol Rally Team - Box Repsol","isPartOf":{"@id":"https:\/\/www.boxrepsol.com\/es\/#website"},"primaryImageOfPage":{"@id":"https:\/\/www.boxrepsol.com\/es\/rally\/arranca-la-temporada-2018-repsol-rally-team\/#primaryimage"},"image":{"@id":"https:\/\/www.boxrepsol.com\/es\/rally\/arranca-la-temporada-2018-repsol-rally-team\/#primaryimage"},"thumbnailUrl":"https:\/\/bxrepsol.s3.eu-west-1.amazonaws.com\/static\/2022\/08\/29082214\/00_isidre_esteve_baja_aragon_rally_repsol_team.jpg","datePublished":"2018-07-20T02:00:00+00:00","dateModified":"2024-05-22T11:44:14+00:00","description":"Isidre Esteve ha estrenado en la Baja Arag\u00f3n la nueva evoluci\u00f3n de su prototipo BV6 con el que har\u00e1 la temporada 2018 para el Repsol Rally Team","breadcrumb":{"@id":"https:\/\/www.boxrepsol.com\/es\/rally\/arranca-la-temporada-2018-repsol-rally-team\/#breadcrumb"},"inLanguage":"es","potentialAction":[{"@type":"ReadAction","target":["https:\/\/www.boxrepsol.com\/es\/rally\/arranca-la-temporada-2018-repsol-rally-team\/"]}]},{"@type":"ImageObject","inLanguage":"es","@id":"https:\/\/www.boxrepsol.com\/es\/rally\/arranca-la-temporada-2018-repsol-rally-team\/#primaryimage","url":"https:\/\/bxrepsol.s3.eu-west-1.amazonaws.com\/static\/2022\/08\/29082214\/00_isidre_esteve_baja_aragon_rally_repsol_team.jpg","contentUrl":"https:\/\/bxrepsol.s3.eu-west-1.amazonaws.com\/static\/2022\/08\/29082214\/00_isidre_esteve_baja_aragon_rally_repsol_team.jpg","width":995,"height":560,"caption":"Isidre Esteve con casco junto a Txema Villalobos"},{"@type":"BreadcrumbList","@id":"https:\/\/www.boxrepsol.com\/es\/rally\/arranca-la-temporada-2018-repsol-rally-team\/#breadcrumb","itemListElement":[{"@type":"ListItem","position":1,"name":"Home","item":"https:\/\/www.boxrepsol.com\/es\/"},{"@type":"ListItem","position":2,"name":"Arranca la temporada 2018 para el Repsol Rally Team"}]},{"@type":"WebSite","@id":"https:\/\/www.boxrepsol.com\/es\/#website","url":"https:\/\/www.boxrepsol.com\/es\/","name":"Box Repsol","description":"Box Repsol Site","publisher":{"@id":"https:\/\/www.boxrepsol.com\/es\/#organization"},"potentialAction":[{"@type":"SearchAction","target":{"@type":"EntryPoint","urlTemplate":"https:\/\/www.boxrepsol.com\/es\/?s={search_term_string}"},"query-input":{"@type":"PropertyValueSpecification","valueRequired":true,"valueName":"search_term_string"}}],"inLanguage":"es"},{"@type":"Organization","@id":"https:\/\/www.boxrepsol.com\/es\/#organization","name":"Box Repsol","url":"https:\/\/www.boxrepsol.com\/es\/","logo":{"@type":"ImageObject","inLanguage":"es","@id":"https:\/\/www.boxrepsol.com\/es\/#\/schema\/logo\/image\/","url":"https:\/\/bxrepsol.s3.eu-west-1.amazonaws.com\/static\/2025\/07\/30083337\/favicon-96x96-1.png","contentUrl":"https:\/\/bxrepsol.s3.eu-west-1.amazonaws.com\/static\/2025\/07\/30083337\/favicon-96x96-1.png","width":96,"height":96,"caption":"Box Repsol"},"image":{"@id":"https:\/\/www.boxrepsol.com\/es\/#\/schema\/logo\/image\/"},"sameAs":["https:\/\/www.facebook.com\/BoxRepsol","https:\/\/x.com\/box_repsol","http:\/\/instagram.com\/box_repsol","https:\/\/www.youtube.com\/user\/RepsolCompeticion","https:\/\/www.flickr.com\/photos\/box_repsol\/"]},{"@type":"Person","@id":"https:\/\/www.boxrepsol.com\/es\/#\/schema\/person\/c5c2138f2cca251b0ad92b7086bb60b7","name":"Redacci\u00f3n Box Repsol","image":{"@type":"ImageObject","inLanguage":"es","@id":"https:\/\/secure.gravatar.com\/avatar\/adf7b77e38b4419baf32c7e9c21dde01f4e40df611f0978e3006fc4ba0aaab7e?s=96&d=mm&r=g","url":"https:\/\/secure.gravatar.com\/avatar\/adf7b77e38b4419baf32c7e9c21dde01f4e40df611f0978e3006fc4ba0aaab7e?s=96&d=mm&r=g","contentUrl":"https:\/\/secure.gravatar.com\/avatar\/adf7b77e38b4419baf32c7e9c21dde01f4e40df611f0978e3006fc4ba0aaab7e?s=96&d=mm&r=g","caption":"Redacci\u00f3n Box Repsol"},"description":"Box Repsol lo forma un equipo de periodistas, community managers, dise\u00f1adores y fot\u00f3grafos con m\u00e1s de 20 a\u00f1os de experiencia en el mundo del motorsport. Hemos vivido el primer mundial de un espa\u00f1ol en la categor\u00eda reina de motociclismo con \u00c1lex Crivill\u00e9, estuvimos en las victorias de Pedrosa y los t\u00edtulos de M\u00e1rquez, acompa\u00f1amos en \u00c1frica a Nani Roma y Marc Coma en sus conquistas del Dakar y hemos vibrado con los t\u00edtulos de Toni Bou en Trial. Adem\u00e1s, en nuestro equipo contamos con expertos en el mundo de las dos y cuatro ruedas tanto de la calle y las carreteras, como de los circuitos. Periodistas que han trabajado en revistas y publicaciones para hacerte llegar desde rutas y consejos de mantenimiento, a curiosidades y trucos de pilotaje.","sameAs":["https:\/\/www.facebook.com\/BoxRepsol\/","https:\/\/www.instagram.com\/box_repsol\/","https:\/\/x.com\/https:\/\/twitter.com\/box_repsol","https:\/\/www.youtube.com\/@Boxrepsol"],"url":"https:\/\/www.boxrepsol.com\/es\/author\/redaccion-box-repsol\/"}]}},"_links":{"self":[{"href":"https:\/\/www.boxrepsol.com\/es\/wp-json\/wp\/v2\/posts\/93268","targetHints":{"allow":["GET"]}}],"collection":[{"href":"https:\/\/www.boxrepsol.com\/es\/wp-json\/wp\/v2\/posts"}],"about":[{"href":"https:\/\/www.boxrepsol.com\/es\/wp-json\/wp\/v2\/types\/post"}],"author":[{"embeddable":true,"href":"https:\/\/www.boxrepsol.com\/es\/wp-json\/wp\/v2\/users\/43146"}],"replies":[{"embeddable":true,"href":"https:\/\/www.boxrepsol.com\/es\/wp-json\/wp\/v2\/comments?post=93268"}],"version-history":[{"count":1,"href":"https:\/\/www.boxrepsol.com\/es\/wp-json\/wp\/v2\/posts\/93268\/revisions"}],"predecessor-version":[{"id":93269,"href":"https:\/\/www.boxrepsol.com\/es\/wp-json\/wp\/v2\/posts\/93268\/revisions\/93269"}],"wp:featuredmedia":[{"embeddable":true,"href":"https:\/\/www.boxrepsol.com\/es\/wp-json\/wp\/v2\/media\/58830"}],"wp:attachment":[{"href":"https:\/\/www.boxrepsol.com\/es\/wp-json\/wp\/v2\/media?parent=93268"}],"wp:term":[{"taxonomy":"category","embeddable":true,"href":"https:\/\/www.boxrepsol.com\/es\/wp-json\/wp\/v2\/categories?post=93268"},{"taxonomy":"post_tag","embeddable":true,"href":"https:\/\/www.boxrepsol.com\/es\/wp-json\/wp\/v2\/tags?post=93268"}],"curies":[{"name":"wp","href":"https:\/\/api.w.org\/{rel}","templated":true}]}}