{"id":93242,"date":"2018-07-12T00:00:00","date_gmt":"2018-07-12T02:00:00","guid":{"rendered":"http:\/\/pre.boxrepsol.com\/sin-categorizar\/lo-marc-marquez-la-edad-algo-historico\/"},"modified":"2024-05-22T07:14:46","modified_gmt":"2024-05-22T09:14:46","slug":"lo-marc-marquez-la-edad-algo-historico","status":"publish","type":"post","link":"https:\/\/www.boxrepsol.com\/es\/motogp\/lo-marc-marquez-la-edad-algo-historico\/","title":{"rendered":"\u201cLo que hace Marc M\u00e1rquez, a la edad que tiene, es algo hist\u00f3rico\u201d"},"content":{"rendered":"<blockquote><p>\n\t<a href=\"http:\/\/twitter.com\/share?text=Dani+%5BPedrosa%5D+tiene+mucho+m%C3%A1s+talento+de+lo+que+muestran+sus+%C3%BAltimos+resultados%2C+as%C3%AD+que+espero+que+pueda+empezar+a+hacer+buenos+resultados+de+nuevo&#038;url=https%3A%2F%2Fwww.boxrepsol.com%2Fes%2Fmotogp%2Flo-marc-marquez-la-edad-algo-historico%2F\" target=\"_blank\" rel=\"noopener\"><\/p>\n<p>Dani [Pedrosa] tiene mucho m\u00e1s talento de lo que muestran sus \u00faltimos resultados, as\u00ed que espero que pueda empezar a hacer buenos resultados de nuevo<\/p>\n<p>\t<\/a>\n<\/p><\/blockquote>\n<p><em><strong>\u00c1lex Barros<\/strong>, el \u00fanico piloto brasile\u00f1o que ha ganado carreras tanto en 500cc como en MotoGP, sigue a sus 47 a\u00f1os ligado al mundo de la competici\u00f3n. \u00a0Actualmente participa en el Campeonato Brasile\u00f1o de Motociclismo, actividad que compagina con la formaci\u00f3n de pilotos. Con el Mundial a punto de superar su ecuador, nos explica c\u00f3mo vio la carrera de Assen y analiza las opciones de Marc M\u00e1rquez y Dani Pedrosa en Sachsenring el pr\u00f3ximo fin de semana.<strong>\u00a0<\/strong><\/em><\/p>\n<p><strong>\u00bfC\u00f3mo es tu vida actualmente?<\/strong><\/p>\n<p>Tengo un equipo en el Campeonato Brasile\u00f1o, en la categor\u00eda principal, y adem\u00e1s estoy con un proyecto en Brasil junto a Emilio Alzamora, mediante el cual buscamos preparar pilotos j\u00f3venes. De momento, ya hemos impulsado a tres pilotos y, a d\u00eda de hoy, estamos con Diogo Moreira en el\u00a0 Campeonato de Espa\u00f1a de Moto4, que es tercero en la general. M\u00e1s all\u00e1 de esto, a mis casi 48 a\u00f1os, volv\u00ed a correr en moto el a\u00f1o pasado y termin\u00e9 segundo el Campeonato Brasile\u00f1o. La idea es correr este a\u00f1o y parar, aunque el equipo seguir\u00e1, ya que est\u00e1 conformado por otros pilotos.<\/p>\n<p><strong>\u00bfCu\u00e1ndo te volveremos a ver en el <em>paddock<\/em> de MotoGP?<\/strong><\/p>\n<p>MotoGP es mi vida y aunque ahora llevo dos a\u00f1os sin poder ir a ver ninguna carrera, me gustar\u00eda asistir a alg\u00fan GP pr\u00f3ximo al final de esta temporada, para ver a los amigos y la gente con la que estuve en su d\u00eda.<\/p>\n<p><strong>Eres el \u00fanico piloto brasile\u00f1o que ha ganado en 500cc y MotoGP. \u00bfQu\u00e9 falta para ver alg\u00fan piloto de tu pa\u00eds siguiendo tus pasos?<\/strong><\/p>\n<p>S\u00ed, soy el \u00fanico piloto brasile\u00f1o que ha ganado en MotoGP y 500cc. Con el objetivo de impulsar el motociclismo brasile\u00f1o, estoy trabajando en un proyecto de base desde hace siete a\u00f1os. La idea es que los pilotos que preparamos aqu\u00ed, posteriormente participen en el Campeonato de Espa\u00f1a y tengan\u00a0 proyecci\u00f3n de futuro con los equipos de Monlau Repsol Technical School. Si Diogo Moreira hace un buen papel, deber\u00eda ir a la European Talent Cup y si siguen los buenos resultados, pasar\u00eda al Mundial Junior y, finalmente, al Mundial de Moto3, siempre dentro de la estructura de Emilio Alzamora. Adem\u00e1s, en Brasil tenemos categor\u00edas de promoci\u00f3n con motos de calle y otro proyecto con motos de competici\u00f3n. Lo que necesita Brasil es dar la oportunidad a los nuevos talentos como se hace en Espa\u00f1a, donde se empez\u00f3 a trabajar en campeonatos de base en 1986 \u00a0[el primer piloto fue Crivill\u00e9]. Pero esto tarda por lo menos diez \u00a0a\u00f1os en dar resultados y llevamos ya siete con estos proyectos, as\u00ed que espero que dentro de poco nuestros pilotos empiecen a aparecer en MotoGP.<\/p>\n<p><strong>\u00bfQu\u00e9 te pareci\u00f3 el Gran Premio de Holanda?<\/strong><\/p>\n<p>La carrera de Assen fue fant\u00e1stica, una de las mejores de la historia de MotoGP y que seguramente quedar\u00e1 para la historia. Me recuerda a algunas similares, como por ejemplo la de Phillip Island de 2001, cuando en el grupo delantero estuvimos pele\u00e1ndonos tambi\u00e9n durante muchas vueltas. Ojal\u00e1 m\u00e1s pruebas fueran as\u00ed; dif\u00edcilmente nos aburriremos en las carreras de MotoGP, ya que hay mucha igualdad entre marcas. Por ejemplo, Suzuki ha aparecido y ha hecho buenos resultado, como el podio de Rins en Holanda, y quiz\u00e1 en un circuito como Alemania, que premia la agilidad, podr\u00e1 hacer un buen resultado. Es muy divertido y muy bonito ver a todas las marcas luchando; ojal\u00e1 pronto KTM y Aprilia tambi\u00e9n est\u00e9n ah\u00ed.<\/p>\n<p>\t\t\t\t<img decoding=\"async\" src=\"https:\/\/bxrepsol.s3.eu-west-1.amazonaws.com\/static\/2022\/08\/05060525\/047a__76841_tcm7-24837.jpg\" alt=\"Nicky Hayden y \u00e1lex Barros, pilotos Repsol Honda de 2005\" itemprop=\"image\"  \/><\/p>\n<p><strong>\u00bfQU\u00c9 OPINAS DE LA PRIMERA MITAD DEL MUNDIAL QUE HA HECHO MARC M\u00c1RQUEZ?<\/strong><\/p>\n<p>\u201cMarc ha hecho una primera mitad de temporada fant\u00e1stica. Sin desmerecer a nadie, pero desde el a\u00f1o pasado est\u00e1 por encima de todos. Es un piloto talentoso y muy r\u00e1pido, como hemos podido comprobar hace tiempo. El a\u00f1o pasado, que la moto presentaba algunas dificultades, tuvo que poner mucho de su parte y eso le hizo crecer mucho y ser a\u00fan mejor piloto de lo que era. Este a\u00f1o, la moto es m\u00e1s competitiva y eso le da un plus. La forma en la que conduce, el ritmo que tiene\u2026 A veces comete errores, nos pasa a todos, pero lo que hace Marc a la edad que tiene es algo hist\u00f3rico\u201d.<\/p>\n<p><strong>\u00bfQU\u00c9 PODEMOS ESPERAR DEL GRAN PREMIO DE ALEMANIA?<\/strong><\/p>\n<p>\u201cTengo muy buenos recuerdos de ese circuito, donde consegu\u00ed buenos resultados. Creo que podemos ver algo parecido a lo de Assen. Marc ha ganado tantas veces en Sachsenring, que no sabr\u00eda decir qu\u00e9 pasar\u00e1, pero espero que todo el equipo Repsol Honda haga una buena carrera\u201d.<\/p>\n<p><strong>ES UN CIRCUITO EN EL QUE DANI PEDROSA HA GANADO CUATRO VECES EN MOTOGP, TRES DE ELLAS SEGUIDAS ANTES DE LA LLEGADA DE MARC. \u00bfQU\u00c9 VERSI\u00d3N DE DANI CREES QUE VEREMOS?<\/strong><\/p>\n<p>\u201cDani ha conseguido muy buenos resultados en este circuito en el pasado. Creo que est\u00e1 pasando por un momento dif\u00edcil psicol\u00f3gicamente, ya que \u00e9l tiene mucho m\u00e1s talento de lo que muestran sus \u00faltimos resultados. As\u00ed que espero que aqu\u00ed, un trazado que se le da bien, pueda empezar a hacer buenos resultados de nuevo\u201d.<\/p>\n","protected":false},"excerpt":{"rendered":"<p>El brasile\u00f1o \u00c1lex Barros, uno de los pilotos m\u00e1s carism\u00e1ticos de los \u201990 en la categor\u00eda de 500cc y los inicios de MotoGP, analiza la actualidad del Mundial y los pilotos del equipo Repsol Honda.<\/p>\n","protected":false},"author":43146,"featured_media":58742,"comment_status":"open","ping_status":"open","sticky":false,"template":"","format":"standard","meta":{"footnotes":""},"categories":[4],"tags":[178],"class_list":["post-93242","post","type-post","status-publish","format-standard","hentry","category-motogp","tag-pilotos-de-motociclismo"],"yoast_head":"<!-- This site is optimized with the Yoast SEO plugin v27.3 - https:\/\/yoast.com\/product\/yoast-seo-wordpress\/ -->\n<title>Entrevista a \u00c1lex Barros: &quot;Lo que hace Marc es hist\u00f3rico&quot;<\/title>\n<meta name=\"description\" content=\"El brasile\u00f1o \u00c1lex Barros, uno de los pilotos m\u00e1s carism\u00e1ticos de los \u201990 en la categor\u00eda de 500cc y los inicios de MotoGP, analiza la actualidad del Mundial\" \/>\n<link rel=\"canonical\" href=\"https:\/\/www.boxrepsol.com\/es\/motogp\/lo-marc-marquez-la-edad-algo-historico\/\" \/>\n<meta property=\"og:locale\" content=\"es_ES\" \/>\n<meta property=\"og:type\" content=\"article\" \/>\n<meta property=\"og:title\" content=\"Entrevista a \u00c1lex Barros: &quot;Lo que hace Marc es hist\u00f3rico&quot;\" \/>\n<meta property=\"og:description\" content=\"El brasile\u00f1o \u00c1lex Barros, uno de los pilotos m\u00e1s carism\u00e1ticos de los \u201990 en la categor\u00eda de 500cc y los inicios de MotoGP, analiza la actualidad del Mundial\" \/>\n<meta property=\"og:url\" content=\"https:\/\/www.boxrepsol.com\/es\/motogp\/lo-marc-marquez-la-edad-algo-historico\/\" \/>\n<meta property=\"og:site_name\" content=\"Box Repsol\" \/>\n<meta property=\"article:publisher\" content=\"https:\/\/www.facebook.com\/BoxRepsol\" \/>\n<meta property=\"article:author\" content=\"https:\/\/www.facebook.com\/BoxRepsol\/\" \/>\n<meta property=\"article:published_time\" content=\"2018-07-12T02:00:00+00:00\" \/>\n<meta property=\"article:modified_time\" content=\"2024-05-22T09:14:46+00:00\" \/>\n<meta property=\"og:image\" content=\"https:\/\/bxrepsol.s3.eu-west-1.amazonaws.com\/static\/2022\/08\/29082125\/00_alex_barros_repsol_honda_motogp_rc211v.jpg\" \/>\n\t<meta property=\"og:image:width\" content=\"995\" \/>\n\t<meta property=\"og:image:height\" content=\"560\" \/>\n\t<meta property=\"og:image:type\" content=\"image\/jpeg\" \/>\n<meta name=\"author\" content=\"Redacci\u00f3n Box Repsol\" \/>\n<meta name=\"twitter:card\" content=\"summary_large_image\" \/>\n<meta name=\"twitter:creator\" content=\"@https:\/\/twitter.com\/box_repsol\" \/>\n<meta name=\"twitter:site\" content=\"@box_repsol\" \/>\n<meta name=\"twitter:label1\" content=\"Written by\" \/>\n\t<meta name=\"twitter:data1\" content=\"Redacci\u00f3n Box Repsol\" \/>\n\t<meta name=\"twitter:label2\" content=\"Est. reading time\" \/>\n\t<meta name=\"twitter:data2\" content=\"5 minutos\" \/>\n<script type=\"application\/ld+json\" class=\"yoast-schema-graph\">{\"@context\":\"https:\\\/\\\/schema.org\",\"@graph\":[{\"@type\":\"Article\",\"@id\":\"https:\\\/\\\/www.boxrepsol.com\\\/es\\\/motogp\\\/lo-marc-marquez-la-edad-algo-historico\\\/#article\",\"isPartOf\":{\"@id\":\"https:\\\/\\\/www.boxrepsol.com\\\/es\\\/motogp\\\/lo-marc-marquez-la-edad-algo-historico\\\/\"},\"author\":{\"name\":\"Redacci\u00f3n Box Repsol\",\"@id\":\"https:\\\/\\\/www.boxrepsol.com\\\/es\\\/#\\\/schema\\\/person\\\/c5c2138f2cca251b0ad92b7086bb60b7\"},\"headline\":\"\u201cLo que hace Marc M\u00e1rquez, a la edad que tiene, es algo hist\u00f3rico\u201d\",\"datePublished\":\"2018-07-12T02:00:00+00:00\",\"dateModified\":\"2024-05-22T09:14:46+00:00\",\"mainEntityOfPage\":{\"@id\":\"https:\\\/\\\/www.boxrepsol.com\\\/es\\\/motogp\\\/lo-marc-marquez-la-edad-algo-historico\\\/\"},\"wordCount\":936,\"commentCount\":0,\"publisher\":{\"@id\":\"https:\\\/\\\/www.boxrepsol.com\\\/es\\\/#organization\"},\"image\":{\"@id\":\"https:\\\/\\\/www.boxrepsol.com\\\/es\\\/motogp\\\/lo-marc-marquez-la-edad-algo-historico\\\/#primaryimage\"},\"thumbnailUrl\":\"https:\\\/\\\/bxrepsol.s3.eu-west-1.amazonaws.com\\\/static\\\/2022\\\/08\\\/29082125\\\/00_alex_barros_repsol_honda_motogp_rc211v.jpg\",\"keywords\":[\"pilotos de motociclismo\"],\"articleSection\":[\"MotoGP\"],\"inLanguage\":\"es\",\"potentialAction\":[{\"@type\":\"CommentAction\",\"name\":\"Comment\",\"target\":[\"https:\\\/\\\/www.boxrepsol.com\\\/es\\\/motogp\\\/lo-marc-marquez-la-edad-algo-historico\\\/#respond\"]}]},{\"@type\":\"WebPage\",\"@id\":\"https:\\\/\\\/www.boxrepsol.com\\\/es\\\/motogp\\\/lo-marc-marquez-la-edad-algo-historico\\\/\",\"url\":\"https:\\\/\\\/www.boxrepsol.com\\\/es\\\/motogp\\\/lo-marc-marquez-la-edad-algo-historico\\\/\",\"name\":\"Entrevista a \u00c1lex Barros: \\\"Lo que hace Marc es hist\u00f3rico\\\"\",\"isPartOf\":{\"@id\":\"https:\\\/\\\/www.boxrepsol.com\\\/es\\\/#website\"},\"primaryImageOfPage\":{\"@id\":\"https:\\\/\\\/www.boxrepsol.com\\\/es\\\/motogp\\\/lo-marc-marquez-la-edad-algo-historico\\\/#primaryimage\"},\"image\":{\"@id\":\"https:\\\/\\\/www.boxrepsol.com\\\/es\\\/motogp\\\/lo-marc-marquez-la-edad-algo-historico\\\/#primaryimage\"},\"thumbnailUrl\":\"https:\\\/\\\/bxrepsol.s3.eu-west-1.amazonaws.com\\\/static\\\/2022\\\/08\\\/29082125\\\/00_alex_barros_repsol_honda_motogp_rc211v.jpg\",\"datePublished\":\"2018-07-12T02:00:00+00:00\",\"dateModified\":\"2024-05-22T09:14:46+00:00\",\"description\":\"El brasile\u00f1o \u00c1lex Barros, uno de los pilotos m\u00e1s carism\u00e1ticos de los \u201990 en la categor\u00eda de 500cc y los inicios de MotoGP, analiza la actualidad del Mundial\",\"breadcrumb\":{\"@id\":\"https:\\\/\\\/www.boxrepsol.com\\\/es\\\/motogp\\\/lo-marc-marquez-la-edad-algo-historico\\\/#breadcrumb\"},\"inLanguage\":\"es\",\"potentialAction\":[{\"@type\":\"ReadAction\",\"target\":[\"https:\\\/\\\/www.boxrepsol.com\\\/es\\\/motogp\\\/lo-marc-marquez-la-edad-algo-historico\\\/\"]}]},{\"@type\":\"ImageObject\",\"inLanguage\":\"es\",\"@id\":\"https:\\\/\\\/www.boxrepsol.com\\\/es\\\/motogp\\\/lo-marc-marquez-la-edad-algo-historico\\\/#primaryimage\",\"url\":\"https:\\\/\\\/bxrepsol.s3.eu-west-1.amazonaws.com\\\/static\\\/2022\\\/08\\\/29082125\\\/00_alex_barros_repsol_honda_motogp_rc211v.jpg\",\"contentUrl\":\"https:\\\/\\\/bxrepsol.s3.eu-west-1.amazonaws.com\\\/static\\\/2022\\\/08\\\/29082125\\\/00_alex_barros_repsol_honda_motogp_rc211v.jpg\",\"width\":995,\"height\":560,\"caption\":\"\u00c1lex Barros levantando el pulgar\"},{\"@type\":\"BreadcrumbList\",\"@id\":\"https:\\\/\\\/www.boxrepsol.com\\\/es\\\/motogp\\\/lo-marc-marquez-la-edad-algo-historico\\\/#breadcrumb\",\"itemListElement\":[{\"@type\":\"ListItem\",\"position\":1,\"name\":\"Home\",\"item\":\"https:\\\/\\\/www.boxrepsol.com\\\/es\\\/\"},{\"@type\":\"ListItem\",\"position\":2,\"name\":\"\u201cLo que hace Marc M\u00e1rquez, a la edad que tiene, es algo hist\u00f3rico\u201d\"}]},{\"@type\":\"WebSite\",\"@id\":\"https:\\\/\\\/www.boxrepsol.com\\\/es\\\/#website\",\"url\":\"https:\\\/\\\/www.boxrepsol.com\\\/es\\\/\",\"name\":\"Box Repsol\",\"description\":\"Box Repsol Site\",\"publisher\":{\"@id\":\"https:\\\/\\\/www.boxrepsol.com\\\/es\\\/#organization\"},\"potentialAction\":[{\"@type\":\"SearchAction\",\"target\":{\"@type\":\"EntryPoint\",\"urlTemplate\":\"https:\\\/\\\/www.boxrepsol.com\\\/es\\\/?s={search_term_string}\"},\"query-input\":{\"@type\":\"PropertyValueSpecification\",\"valueRequired\":true,\"valueName\":\"search_term_string\"}}],\"inLanguage\":\"es\"},{\"@type\":\"Organization\",\"@id\":\"https:\\\/\\\/www.boxrepsol.com\\\/es\\\/#organization\",\"name\":\"Box Repsol\",\"url\":\"https:\\\/\\\/www.boxrepsol.com\\\/es\\\/\",\"logo\":{\"@type\":\"ImageObject\",\"inLanguage\":\"es\",\"@id\":\"https:\\\/\\\/www.boxrepsol.com\\\/es\\\/#\\\/schema\\\/logo\\\/image\\\/\",\"url\":\"https:\\\/\\\/bxrepsol.s3.eu-west-1.amazonaws.com\\\/static\\\/2025\\\/07\\\/30083337\\\/favicon-96x96-1.png\",\"contentUrl\":\"https:\\\/\\\/bxrepsol.s3.eu-west-1.amazonaws.com\\\/static\\\/2025\\\/07\\\/30083337\\\/favicon-96x96-1.png\",\"width\":96,\"height\":96,\"caption\":\"Box Repsol\"},\"image\":{\"@id\":\"https:\\\/\\\/www.boxrepsol.com\\\/es\\\/#\\\/schema\\\/logo\\\/image\\\/\"},\"sameAs\":[\"https:\\\/\\\/www.facebook.com\\\/BoxRepsol\",\"https:\\\/\\\/x.com\\\/box_repsol\",\"http:\\\/\\\/instagram.com\\\/box_repsol\",\"https:\\\/\\\/www.youtube.com\\\/user\\\/RepsolCompeticion\",\"https:\\\/\\\/www.flickr.com\\\/photos\\\/box_repsol\\\/\"]},{\"@type\":\"Person\",\"@id\":\"https:\\\/\\\/www.boxrepsol.com\\\/es\\\/#\\\/schema\\\/person\\\/c5c2138f2cca251b0ad92b7086bb60b7\",\"name\":\"Redacci\u00f3n Box Repsol\",\"image\":{\"@type\":\"ImageObject\",\"inLanguage\":\"es\",\"@id\":\"https:\\\/\\\/secure.gravatar.com\\\/avatar\\\/adf7b77e38b4419baf32c7e9c21dde01f4e40df611f0978e3006fc4ba0aaab7e?s=96&d=mm&r=g\",\"url\":\"https:\\\/\\\/secure.gravatar.com\\\/avatar\\\/adf7b77e38b4419baf32c7e9c21dde01f4e40df611f0978e3006fc4ba0aaab7e?s=96&d=mm&r=g\",\"contentUrl\":\"https:\\\/\\\/secure.gravatar.com\\\/avatar\\\/adf7b77e38b4419baf32c7e9c21dde01f4e40df611f0978e3006fc4ba0aaab7e?s=96&d=mm&r=g\",\"caption\":\"Redacci\u00f3n Box Repsol\"},\"description\":\"Box Repsol lo forma un equipo de periodistas, community managers, dise\u00f1adores y fot\u00f3grafos con m\u00e1s de 20 a\u00f1os de experiencia en el mundo del motorsport. Hemos vivido el primer mundial de un espa\u00f1ol en la categor\u00eda reina de motociclismo con \u00c1lex Crivill\u00e9, estuvimos en las victorias de Pedrosa y los t\u00edtulos de M\u00e1rquez, acompa\u00f1amos en \u00c1frica a Nani Roma y Marc Coma en sus conquistas del Dakar y hemos vibrado con los t\u00edtulos de Toni Bou en Trial. Adem\u00e1s, en nuestro equipo contamos con expertos en el mundo de las dos y cuatro ruedas tanto de la calle y las carreteras, como de los circuitos. Periodistas que han trabajado en revistas y publicaciones para hacerte llegar desde rutas y consejos de mantenimiento, a curiosidades y trucos de pilotaje.\",\"sameAs\":[\"https:\\\/\\\/www.facebook.com\\\/BoxRepsol\\\/\",\"https:\\\/\\\/www.instagram.com\\\/box_repsol\\\/\",\"https:\\\/\\\/x.com\\\/https:\\\/\\\/twitter.com\\\/box_repsol\",\"https:\\\/\\\/www.youtube.com\\\/@Boxrepsol\"],\"url\":\"https:\\\/\\\/www.boxrepsol.com\\\/es\\\/author\\\/redaccion-box-repsol\\\/\"}]}<\/script>\n<!-- \/ Yoast SEO plugin. -->","yoast_head_json":{"title":"Entrevista a \u00c1lex Barros: \"Lo que hace Marc es hist\u00f3rico\"","description":"El brasile\u00f1o \u00c1lex Barros, uno de los pilotos m\u00e1s carism\u00e1ticos de los \u201990 en la categor\u00eda de 500cc y los inicios de MotoGP, analiza la actualidad del Mundial","canonical":"https:\/\/www.boxrepsol.com\/es\/motogp\/lo-marc-marquez-la-edad-algo-historico\/","og_locale":"es_ES","og_type":"article","og_title":"Entrevista a \u00c1lex Barros: \"Lo que hace Marc es hist\u00f3rico\"","og_description":"El brasile\u00f1o \u00c1lex Barros, uno de los pilotos m\u00e1s carism\u00e1ticos de los \u201990 en la categor\u00eda de 500cc y los inicios de MotoGP, analiza la actualidad del Mundial","og_url":"https:\/\/www.boxrepsol.com\/es\/motogp\/lo-marc-marquez-la-edad-algo-historico\/","og_site_name":"Box Repsol","article_publisher":"https:\/\/www.facebook.com\/BoxRepsol","article_author":"https:\/\/www.facebook.com\/BoxRepsol\/","article_published_time":"2018-07-12T02:00:00+00:00","article_modified_time":"2024-05-22T09:14:46+00:00","og_image":[{"width":995,"height":560,"url":"https:\/\/bxrepsol.s3.eu-west-1.amazonaws.com\/static\/2022\/08\/29082125\/00_alex_barros_repsol_honda_motogp_rc211v.jpg","type":"image\/jpeg"}],"author":"Redacci\u00f3n Box Repsol","twitter_card":"summary_large_image","twitter_creator":"@https:\/\/twitter.com\/box_repsol","twitter_site":"@box_repsol","twitter_misc":{"Written by":"Redacci\u00f3n Box Repsol","Est. reading time":"5 minutos"},"schema":{"@context":"https:\/\/schema.org","@graph":[{"@type":"Article","@id":"https:\/\/www.boxrepsol.com\/es\/motogp\/lo-marc-marquez-la-edad-algo-historico\/#article","isPartOf":{"@id":"https:\/\/www.boxrepsol.com\/es\/motogp\/lo-marc-marquez-la-edad-algo-historico\/"},"author":{"name":"Redacci\u00f3n Box Repsol","@id":"https:\/\/www.boxrepsol.com\/es\/#\/schema\/person\/c5c2138f2cca251b0ad92b7086bb60b7"},"headline":"\u201cLo que hace Marc M\u00e1rquez, a la edad que tiene, es algo hist\u00f3rico\u201d","datePublished":"2018-07-12T02:00:00+00:00","dateModified":"2024-05-22T09:14:46+00:00","mainEntityOfPage":{"@id":"https:\/\/www.boxrepsol.com\/es\/motogp\/lo-marc-marquez-la-edad-algo-historico\/"},"wordCount":936,"commentCount":0,"publisher":{"@id":"https:\/\/www.boxrepsol.com\/es\/#organization"},"image":{"@id":"https:\/\/www.boxrepsol.com\/es\/motogp\/lo-marc-marquez-la-edad-algo-historico\/#primaryimage"},"thumbnailUrl":"https:\/\/bxrepsol.s3.eu-west-1.amazonaws.com\/static\/2022\/08\/29082125\/00_alex_barros_repsol_honda_motogp_rc211v.jpg","keywords":["pilotos de motociclismo"],"articleSection":["MotoGP"],"inLanguage":"es","potentialAction":[{"@type":"CommentAction","name":"Comment","target":["https:\/\/www.boxrepsol.com\/es\/motogp\/lo-marc-marquez-la-edad-algo-historico\/#respond"]}]},{"@type":"WebPage","@id":"https:\/\/www.boxrepsol.com\/es\/motogp\/lo-marc-marquez-la-edad-algo-historico\/","url":"https:\/\/www.boxrepsol.com\/es\/motogp\/lo-marc-marquez-la-edad-algo-historico\/","name":"Entrevista a \u00c1lex Barros: \"Lo que hace Marc es hist\u00f3rico\"","isPartOf":{"@id":"https:\/\/www.boxrepsol.com\/es\/#website"},"primaryImageOfPage":{"@id":"https:\/\/www.boxrepsol.com\/es\/motogp\/lo-marc-marquez-la-edad-algo-historico\/#primaryimage"},"image":{"@id":"https:\/\/www.boxrepsol.com\/es\/motogp\/lo-marc-marquez-la-edad-algo-historico\/#primaryimage"},"thumbnailUrl":"https:\/\/bxrepsol.s3.eu-west-1.amazonaws.com\/static\/2022\/08\/29082125\/00_alex_barros_repsol_honda_motogp_rc211v.jpg","datePublished":"2018-07-12T02:00:00+00:00","dateModified":"2024-05-22T09:14:46+00:00","description":"El brasile\u00f1o \u00c1lex Barros, uno de los pilotos m\u00e1s carism\u00e1ticos de los \u201990 en la categor\u00eda de 500cc y los inicios de MotoGP, analiza la actualidad del Mundial","breadcrumb":{"@id":"https:\/\/www.boxrepsol.com\/es\/motogp\/lo-marc-marquez-la-edad-algo-historico\/#breadcrumb"},"inLanguage":"es","potentialAction":[{"@type":"ReadAction","target":["https:\/\/www.boxrepsol.com\/es\/motogp\/lo-marc-marquez-la-edad-algo-historico\/"]}]},{"@type":"ImageObject","inLanguage":"es","@id":"https:\/\/www.boxrepsol.com\/es\/motogp\/lo-marc-marquez-la-edad-algo-historico\/#primaryimage","url":"https:\/\/bxrepsol.s3.eu-west-1.amazonaws.com\/static\/2022\/08\/29082125\/00_alex_barros_repsol_honda_motogp_rc211v.jpg","contentUrl":"https:\/\/bxrepsol.s3.eu-west-1.amazonaws.com\/static\/2022\/08\/29082125\/00_alex_barros_repsol_honda_motogp_rc211v.jpg","width":995,"height":560,"caption":"\u00c1lex Barros levantando el pulgar"},{"@type":"BreadcrumbList","@id":"https:\/\/www.boxrepsol.com\/es\/motogp\/lo-marc-marquez-la-edad-algo-historico\/#breadcrumb","itemListElement":[{"@type":"ListItem","position":1,"name":"Home","item":"https:\/\/www.boxrepsol.com\/es\/"},{"@type":"ListItem","position":2,"name":"\u201cLo que hace Marc M\u00e1rquez, a la edad que tiene, es algo hist\u00f3rico\u201d"}]},{"@type":"WebSite","@id":"https:\/\/www.boxrepsol.com\/es\/#website","url":"https:\/\/www.boxrepsol.com\/es\/","name":"Box Repsol","description":"Box Repsol Site","publisher":{"@id":"https:\/\/www.boxrepsol.com\/es\/#organization"},"potentialAction":[{"@type":"SearchAction","target":{"@type":"EntryPoint","urlTemplate":"https:\/\/www.boxrepsol.com\/es\/?s={search_term_string}"},"query-input":{"@type":"PropertyValueSpecification","valueRequired":true,"valueName":"search_term_string"}}],"inLanguage":"es"},{"@type":"Organization","@id":"https:\/\/www.boxrepsol.com\/es\/#organization","name":"Box Repsol","url":"https:\/\/www.boxrepsol.com\/es\/","logo":{"@type":"ImageObject","inLanguage":"es","@id":"https:\/\/www.boxrepsol.com\/es\/#\/schema\/logo\/image\/","url":"https:\/\/bxrepsol.s3.eu-west-1.amazonaws.com\/static\/2025\/07\/30083337\/favicon-96x96-1.png","contentUrl":"https:\/\/bxrepsol.s3.eu-west-1.amazonaws.com\/static\/2025\/07\/30083337\/favicon-96x96-1.png","width":96,"height":96,"caption":"Box Repsol"},"image":{"@id":"https:\/\/www.boxrepsol.com\/es\/#\/schema\/logo\/image\/"},"sameAs":["https:\/\/www.facebook.com\/BoxRepsol","https:\/\/x.com\/box_repsol","http:\/\/instagram.com\/box_repsol","https:\/\/www.youtube.com\/user\/RepsolCompeticion","https:\/\/www.flickr.com\/photos\/box_repsol\/"]},{"@type":"Person","@id":"https:\/\/www.boxrepsol.com\/es\/#\/schema\/person\/c5c2138f2cca251b0ad92b7086bb60b7","name":"Redacci\u00f3n Box Repsol","image":{"@type":"ImageObject","inLanguage":"es","@id":"https:\/\/secure.gravatar.com\/avatar\/adf7b77e38b4419baf32c7e9c21dde01f4e40df611f0978e3006fc4ba0aaab7e?s=96&d=mm&r=g","url":"https:\/\/secure.gravatar.com\/avatar\/adf7b77e38b4419baf32c7e9c21dde01f4e40df611f0978e3006fc4ba0aaab7e?s=96&d=mm&r=g","contentUrl":"https:\/\/secure.gravatar.com\/avatar\/adf7b77e38b4419baf32c7e9c21dde01f4e40df611f0978e3006fc4ba0aaab7e?s=96&d=mm&r=g","caption":"Redacci\u00f3n Box Repsol"},"description":"Box Repsol lo forma un equipo de periodistas, community managers, dise\u00f1adores y fot\u00f3grafos con m\u00e1s de 20 a\u00f1os de experiencia en el mundo del motorsport. Hemos vivido el primer mundial de un espa\u00f1ol en la categor\u00eda reina de motociclismo con \u00c1lex Crivill\u00e9, estuvimos en las victorias de Pedrosa y los t\u00edtulos de M\u00e1rquez, acompa\u00f1amos en \u00c1frica a Nani Roma y Marc Coma en sus conquistas del Dakar y hemos vibrado con los t\u00edtulos de Toni Bou en Trial. Adem\u00e1s, en nuestro equipo contamos con expertos en el mundo de las dos y cuatro ruedas tanto de la calle y las carreteras, como de los circuitos. Periodistas que han trabajado en revistas y publicaciones para hacerte llegar desde rutas y consejos de mantenimiento, a curiosidades y trucos de pilotaje.","sameAs":["https:\/\/www.facebook.com\/BoxRepsol\/","https:\/\/www.instagram.com\/box_repsol\/","https:\/\/x.com\/https:\/\/twitter.com\/box_repsol","https:\/\/www.youtube.com\/@Boxrepsol"],"url":"https:\/\/www.boxrepsol.com\/es\/author\/redaccion-box-repsol\/"}]}},"_links":{"self":[{"href":"https:\/\/www.boxrepsol.com\/es\/wp-json\/wp\/v2\/posts\/93242","targetHints":{"allow":["GET"]}}],"collection":[{"href":"https:\/\/www.boxrepsol.com\/es\/wp-json\/wp\/v2\/posts"}],"about":[{"href":"https:\/\/www.boxrepsol.com\/es\/wp-json\/wp\/v2\/types\/post"}],"author":[{"embeddable":true,"href":"https:\/\/www.boxrepsol.com\/es\/wp-json\/wp\/v2\/users\/43146"}],"replies":[{"embeddable":true,"href":"https:\/\/www.boxrepsol.com\/es\/wp-json\/wp\/v2\/comments?post=93242"}],"version-history":[{"count":1,"href":"https:\/\/www.boxrepsol.com\/es\/wp-json\/wp\/v2\/posts\/93242\/revisions"}],"predecessor-version":[{"id":93243,"href":"https:\/\/www.boxrepsol.com\/es\/wp-json\/wp\/v2\/posts\/93242\/revisions\/93243"}],"wp:featuredmedia":[{"embeddable":true,"href":"https:\/\/www.boxrepsol.com\/es\/wp-json\/wp\/v2\/media\/58742"}],"wp:attachment":[{"href":"https:\/\/www.boxrepsol.com\/es\/wp-json\/wp\/v2\/media?parent=93242"}],"wp:term":[{"taxonomy":"category","embeddable":true,"href":"https:\/\/www.boxrepsol.com\/es\/wp-json\/wp\/v2\/categories?post=93242"},{"taxonomy":"post_tag","embeddable":true,"href":"https:\/\/www.boxrepsol.com\/es\/wp-json\/wp\/v2\/tags?post=93242"}],"curies":[{"name":"wp","href":"https:\/\/api.w.org\/{rel}","templated":true}]}}