{"id":93237,"date":"2018-07-09T00:00:00","date_gmt":"2018-07-09T02:00:00","guid":{"rendered":"http:\/\/pre.boxrepsol.com\/sin-categorizar\/repsol-y-honda-renuevan-su-alianza-en-motogp-que-alcanzara-los-25-anos-en-2019\/"},"modified":"2024-05-22T07:15:07","modified_gmt":"2024-05-22T09:15:07","slug":"repsol-y-honda-renuevan-su-alianza-en-motogp-que-alcanzara-los-25-anos-en-2019","status":"publish","type":"post","link":"https:\/\/www.boxrepsol.com\/es\/motogp\/repsol-y-honda-renuevan-su-alianza-en-motogp-que-alcanzara-los-25-anos-en-2019\/","title":{"rendered":"Repsol y Honda renuevan su alianza en MotoGP, que alcanzar\u00e1 los 25 a\u00f1os en 2019"},"content":{"rendered":"<blockquote><p>\n\t<a href=\"http:\/\/twitter.com\/share?text=La+uni%C3%B3n+de+Repsol+y+Honda+va+m%C3%A1s+all%C3%A1+del+patrocinio+deportivo+convencional+&#038;url=https%3A%2F%2Fwww.boxrepsol.com%2Fes%2Fmotogp%2Frepsol-y-honda-renuevan-su-alianza-en-motogp-que-alcanzara-los-25-anos-en-2019%2F\" target=\"_blank\" rel=\"noopener\"><\/p>\n<p>La uni\u00f3n de Repsol y Honda va m\u00e1s all\u00e1 del patrocinio deportivo convencional <\/p>\n<p>\t<\/a>\n<\/p><\/blockquote>\n<p>Repsol y Honda han ampliado su contrato en MotoGP dos a\u00f1os m\u00e1s y consolidan una alianza basada en la colaboraci\u00f3n tecnol\u00f3gica y que conmemorar\u00e1 su vigesimoquinto aniversario en 2019.<\/p>\n<p>En 1995, Repsol y Honda Racing Corporation (HRC) unieron sus fuerzas en un proyecto que<strong> el a\u00f1o que viene cumplir\u00e1 25 temporadas escribiendo juntas la historia del motociclismo<\/strong>. Desde entonces, la compa\u00f1\u00eda energ\u00e9tica y el fabricante de veh\u00edculos suman 13 campeonatos del mundo de pilotos en la categor\u00eda reina del motociclismo y 163 victorias en Grandes Premios, la \u00faltima en el pasado GP de Holanda y de la mano del vigente Campe\u00f3n del Mundo, Marc M\u00e1rquez.<\/p>\n<p>La Directora General de Comunicaci\u00f3n y de Presidencia de Repsol, Bego\u00f1a Elices, y el Presidente de HRC, Yoshishige Nomura, han firmado la extensi\u00f3n del acuerdo, por el que Repsol seguir\u00e1 siendo el patrocinador principal del equipo oficial de Honda en MotoGP y el <strong>suministrador del combustible y el lubricante que utilizan las motocicletas<\/strong>, prototipos \u00fanicos en los que se traslada la excelencia de la tecnolog\u00eda, los productos y la innovaci\u00f3n de ambas compa\u00f1\u00edas.<\/p>\n<p>A partir de 2019, el actual l\u00edder del Campeonato, Marc M\u00e1rquez, formar\u00e1 equipo con Jorge Lorenzo. Entre los dos suman siete de los \u00faltimos ocho t\u00edtulos de MotoGP, excepto el de 2011, que logr\u00f3 el australiano Casey Stoner como piloto del Repsol Honda.<\/p>\n<p>La uni\u00f3n de Repsol y Honda va m\u00e1s all\u00e1 del patrocinio deportivo convencional y se concreta en una estrecha relaci\u00f3n entre los laboratorios de Honda en Saitama (Jap\u00f3n) y el Repsol Technology Lab, que se encuentra en M\u00f3stoles (Espa\u00f1a).<\/p>\n<p>Todos estos a\u00f1os de trabajo en equipo son un ejemplo de colaboraci\u00f3n duradera entre dos compa\u00f1\u00edas globales que siempre buscan <strong>superarse<\/strong> y <strong>aspiran a la excelencia<\/strong>. Repsol y Honda han sido capaces de aprovechar al m\u00e1ximo sus fortalezas y conseguir una <strong>f\u00f3rmula ganadora<\/strong>, que se basa en la combinaci\u00f3n de la moto, el piloto, el carburante y el lubricante.<\/p>\n<p>En los a\u00f1os noventa, la colaboraci\u00f3n empez\u00f3 con el desarrollo de motores y gasolinas de dos tiempos, para luego asumir el desaf\u00edo de desarrollar los mejores propulsores y combustibles de cuatro tiempos del mundo.<\/p>\n<p>M\u00e1s de la mitad de los t\u00edtulos mundiales desde 1995 en la categor\u00eda reina llevan el sello del equipo Repsol Honda. Adem\u00e1s, el binomio Repsol-Honda se ha proclamado campe\u00f3n por equipos en siete ocasiones desde que en 2002 se crease este galard\u00f3n. Un palmar\u00e9s que alcanza 163 victorias y 419 podios en 500cc y MotoGP gracias a pilotos de la talla de Mick Doohan, \u00c1lex Crivill\u00e9, Valentino Rossi, Nicky Hayden, Casey Stoner, Dani Pedrosa y Marc M\u00e1rquez.<\/p>\n<p><strong>Los colores m\u00e1s reconocibles del Mundial de Motociclismo<\/strong> celebrar\u00e1n en 2019 los 25 a\u00f1os de uni\u00f3n de Repsol y Honda, efem\u00e9ride que coincide con el 50 aniversario de la compa\u00f1\u00eda energ\u00e9tica como patrocinador deportivo.<\/p>\n<h3>Bego\u00f1a Elices<\/h3>\n<p><em>\u00abEstamos muy satisfechos de renovar nuestra alianza con Honda, una alianza que el pr\u00f3ximo a\u00f1o alcanzar\u00e1 su 25 aniversario y que va mucho m\u00e1s all\u00e1 de un patrocinio tradicional. En los pr\u00f3ximos a\u00f1os seguiremos trabajando juntos en nuevos desarrollos tecnol\u00f3gicos, probando nuevos productos de alto valor a\u00f1adido para el sector automoci\u00f3n y, por supuesto, buscando los mayores \u00e9xitos deportivos en un entorno de valores positivos de esfuerzo, superaci\u00f3n y compromiso en todo nuestro equipo\u00bb.<\/em><\/p>\n<hr \/>\n<h3>Yoshishige Nomura<\/h3>\n<p><em>\u00abEstamos muy contentos de anunciar la extensi\u00f3n de nuestra alianza con Repsol por dos a\u00f1os m\u00e1s. La pr\u00f3xima temporada, se cumplir\u00e1n 25 a\u00f1os de la relaci\u00f3n m\u00e1s duradera y exitosa de MotoGP, un logro del cual estamos muy contentos y orgullosos. Durante este periodo, nos hemos enfrentado con \u00e9xito a los numerosos y emocionantes desaf\u00edos que plantean la r\u00e1pida evoluci\u00f3n de la tecnolog\u00eda, un nivel de competitividad cada vez mayor, el crecimiento de la audiencia mundial de MotoGP tanto en los nuevos mercados como en los tradicionales y unos medios de comunicaci\u00f3n con los fans en constante evoluci\u00f3n. Esperamos continuar este viaje juntos, con el mismo esp\u00edritu y objetivos, y lograr muchos m\u00e1s \u00e9xitos\u00bb.<\/em><\/p>\n","protected":false},"excerpt":{"rendered":"<p>La compa\u00f1\u00eda energ\u00e9tica espa\u00f1ola y el fabricante japon\u00e9s ampl\u00edan su contrato hasta 2020 y consolidan la relaci\u00f3n m\u00e1s exitosa en la historia del motociclismo.<\/p>\n","protected":false},"author":43146,"featured_media":58728,"comment_status":"open","ping_status":"open","sticky":false,"template":"","format":"standard","meta":{"footnotes":""},"categories":[4],"tags":[158],"class_list":["post-93237","post","type-post","status-publish","format-standard","hentry","category-motogp","tag-repsol"],"yoast_head":"<!-- This site is optimized with the Yoast SEO plugin v27.3 - https:\/\/yoast.com\/product\/yoast-seo-wordpress\/ -->\n<title>Repsol y Honda renuevan su alianza en MotoGP, que alcanzar\u00e1 los 25 a\u00f1os en 2019 - Box Repsol<\/title>\n<meta name=\"description\" content=\"La compa\u00f1\u00eda energ\u00e9tica espa\u00f1ola y el fabricante japon\u00e9s ampl\u00edan su contrato hasta 2020 y consolidan la relaci\u00f3n m\u00e1s exitosa en la historia del motociclismo.\" \/>\n<link rel=\"canonical\" href=\"https:\/\/www.boxrepsol.com\/es\/motogp\/repsol-y-honda-renuevan-su-alianza-en-motogp-que-alcanzara-los-25-anos-en-2019\/\" \/>\n<meta property=\"og:locale\" content=\"es_ES\" \/>\n<meta property=\"og:type\" content=\"article\" \/>\n<meta property=\"og:title\" content=\"Repsol y Honda renuevan su alianza en MotoGP, que alcanzar\u00e1 los 25 a\u00f1os en 2019 - Box Repsol\" \/>\n<meta property=\"og:description\" content=\"La compa\u00f1\u00eda energ\u00e9tica espa\u00f1ola y el fabricante japon\u00e9s ampl\u00edan su contrato hasta 2020 y consolidan la relaci\u00f3n m\u00e1s exitosa en la historia del motociclismo.\" \/>\n<meta property=\"og:url\" content=\"https:\/\/www.boxrepsol.com\/es\/motogp\/repsol-y-honda-renuevan-su-alianza-en-motogp-que-alcanzara-los-25-anos-en-2019\/\" \/>\n<meta property=\"og:site_name\" content=\"Box Repsol\" \/>\n<meta property=\"article:publisher\" content=\"https:\/\/www.facebook.com\/BoxRepsol\" \/>\n<meta property=\"article:author\" content=\"https:\/\/www.facebook.com\/BoxRepsol\/\" \/>\n<meta property=\"article:published_time\" content=\"2018-07-09T02:00:00+00:00\" \/>\n<meta property=\"article:modified_time\" content=\"2024-05-22T09:15:07+00:00\" \/>\n<meta property=\"og:image\" content=\"https:\/\/bxrepsol.s3.eu-west-1.amazonaws.com\/static\/2022\/08\/29082119\/00_honda_repsol_contrato.jpg\" \/>\n\t<meta property=\"og:image:width\" content=\"995\" \/>\n\t<meta property=\"og:image:height\" content=\"560\" \/>\n\t<meta property=\"og:image:type\" content=\"image\/jpeg\" \/>\n<meta name=\"author\" content=\"Redacci\u00f3n Box Repsol\" \/>\n<meta name=\"twitter:card\" content=\"summary_large_image\" \/>\n<meta name=\"twitter:creator\" content=\"@https:\/\/twitter.com\/box_repsol\" \/>\n<meta name=\"twitter:site\" content=\"@box_repsol\" \/>\n<meta name=\"twitter:label1\" content=\"Written by\" \/>\n\t<meta name=\"twitter:data1\" content=\"Redacci\u00f3n Box Repsol\" \/>\n\t<meta name=\"twitter:label2\" content=\"Est. reading time\" \/>\n\t<meta name=\"twitter:data2\" content=\"4 minutos\" \/>\n<script type=\"application\/ld+json\" class=\"yoast-schema-graph\">{\"@context\":\"https:\\\/\\\/schema.org\",\"@graph\":[{\"@type\":\"Article\",\"@id\":\"https:\\\/\\\/www.boxrepsol.com\\\/es\\\/motogp\\\/repsol-y-honda-renuevan-su-alianza-en-motogp-que-alcanzara-los-25-anos-en-2019\\\/#article\",\"isPartOf\":{\"@id\":\"https:\\\/\\\/www.boxrepsol.com\\\/es\\\/motogp\\\/repsol-y-honda-renuevan-su-alianza-en-motogp-que-alcanzara-los-25-anos-en-2019\\\/\"},\"author\":{\"name\":\"Redacci\u00f3n Box Repsol\",\"@id\":\"https:\\\/\\\/www.boxrepsol.com\\\/es\\\/#\\\/schema\\\/person\\\/c5c2138f2cca251b0ad92b7086bb60b7\"},\"headline\":\"Repsol y Honda renuevan su alianza en MotoGP, que alcanzar\u00e1 los 25 a\u00f1os en 2019\",\"datePublished\":\"2018-07-09T02:00:00+00:00\",\"dateModified\":\"2024-05-22T09:15:07+00:00\",\"mainEntityOfPage\":{\"@id\":\"https:\\\/\\\/www.boxrepsol.com\\\/es\\\/motogp\\\/repsol-y-honda-renuevan-su-alianza-en-motogp-que-alcanzara-los-25-anos-en-2019\\\/\"},\"wordCount\":745,\"commentCount\":0,\"publisher\":{\"@id\":\"https:\\\/\\\/www.boxrepsol.com\\\/es\\\/#organization\"},\"image\":{\"@id\":\"https:\\\/\\\/www.boxrepsol.com\\\/es\\\/motogp\\\/repsol-y-honda-renuevan-su-alianza-en-motogp-que-alcanzara-los-25-anos-en-2019\\\/#primaryimage\"},\"thumbnailUrl\":\"https:\\\/\\\/bxrepsol.s3.eu-west-1.amazonaws.com\\\/static\\\/2022\\\/08\\\/29082119\\\/00_honda_repsol_contrato.jpg\",\"keywords\":[\"Repsol\"],\"articleSection\":[\"MotoGP\"],\"inLanguage\":\"es\",\"potentialAction\":[{\"@type\":\"CommentAction\",\"name\":\"Comment\",\"target\":[\"https:\\\/\\\/www.boxrepsol.com\\\/es\\\/motogp\\\/repsol-y-honda-renuevan-su-alianza-en-motogp-que-alcanzara-los-25-anos-en-2019\\\/#respond\"]}]},{\"@type\":\"WebPage\",\"@id\":\"https:\\\/\\\/www.boxrepsol.com\\\/es\\\/motogp\\\/repsol-y-honda-renuevan-su-alianza-en-motogp-que-alcanzara-los-25-anos-en-2019\\\/\",\"url\":\"https:\\\/\\\/www.boxrepsol.com\\\/es\\\/motogp\\\/repsol-y-honda-renuevan-su-alianza-en-motogp-que-alcanzara-los-25-anos-en-2019\\\/\",\"name\":\"Repsol y Honda renuevan su alianza en MotoGP, que alcanzar\u00e1 los 25 a\u00f1os en 2019 - Box Repsol\",\"isPartOf\":{\"@id\":\"https:\\\/\\\/www.boxrepsol.com\\\/es\\\/#website\"},\"primaryImageOfPage\":{\"@id\":\"https:\\\/\\\/www.boxrepsol.com\\\/es\\\/motogp\\\/repsol-y-honda-renuevan-su-alianza-en-motogp-que-alcanzara-los-25-anos-en-2019\\\/#primaryimage\"},\"image\":{\"@id\":\"https:\\\/\\\/www.boxrepsol.com\\\/es\\\/motogp\\\/repsol-y-honda-renuevan-su-alianza-en-motogp-que-alcanzara-los-25-anos-en-2019\\\/#primaryimage\"},\"thumbnailUrl\":\"https:\\\/\\\/bxrepsol.s3.eu-west-1.amazonaws.com\\\/static\\\/2022\\\/08\\\/29082119\\\/00_honda_repsol_contrato.jpg\",\"datePublished\":\"2018-07-09T02:00:00+00:00\",\"dateModified\":\"2024-05-22T09:15:07+00:00\",\"description\":\"La compa\u00f1\u00eda energ\u00e9tica espa\u00f1ola y el fabricante japon\u00e9s ampl\u00edan su contrato hasta 2020 y consolidan la relaci\u00f3n m\u00e1s exitosa en la historia del motociclismo.\",\"breadcrumb\":{\"@id\":\"https:\\\/\\\/www.boxrepsol.com\\\/es\\\/motogp\\\/repsol-y-honda-renuevan-su-alianza-en-motogp-que-alcanzara-los-25-anos-en-2019\\\/#breadcrumb\"},\"inLanguage\":\"es\",\"potentialAction\":[{\"@type\":\"ReadAction\",\"target\":[\"https:\\\/\\\/www.boxrepsol.com\\\/es\\\/motogp\\\/repsol-y-honda-renuevan-su-alianza-en-motogp-que-alcanzara-los-25-anos-en-2019\\\/\"]}]},{\"@type\":\"ImageObject\",\"inLanguage\":\"es\",\"@id\":\"https:\\\/\\\/www.boxrepsol.com\\\/es\\\/motogp\\\/repsol-y-honda-renuevan-su-alianza-en-motogp-que-alcanzara-los-25-anos-en-2019\\\/#primaryimage\",\"url\":\"https:\\\/\\\/bxrepsol.s3.eu-west-1.amazonaws.com\\\/static\\\/2022\\\/08\\\/29082119\\\/00_honda_repsol_contrato.jpg\",\"contentUrl\":\"https:\\\/\\\/bxrepsol.s3.eu-west-1.amazonaws.com\\\/static\\\/2022\\\/08\\\/29082119\\\/00_honda_repsol_contrato.jpg\",\"width\":995,\"height\":560,\"caption\":\"Bego\u00f1a Elices y Yoshishige Nomura d\u00e1ndose la mano\"},{\"@type\":\"BreadcrumbList\",\"@id\":\"https:\\\/\\\/www.boxrepsol.com\\\/es\\\/motogp\\\/repsol-y-honda-renuevan-su-alianza-en-motogp-que-alcanzara-los-25-anos-en-2019\\\/#breadcrumb\",\"itemListElement\":[{\"@type\":\"ListItem\",\"position\":1,\"name\":\"Home\",\"item\":\"https:\\\/\\\/www.boxrepsol.com\\\/es\\\/\"},{\"@type\":\"ListItem\",\"position\":2,\"name\":\"Repsol y Honda renuevan su alianza en MotoGP, que alcanzar\u00e1 los 25 a\u00f1os en 2019\"}]},{\"@type\":\"WebSite\",\"@id\":\"https:\\\/\\\/www.boxrepsol.com\\\/es\\\/#website\",\"url\":\"https:\\\/\\\/www.boxrepsol.com\\\/es\\\/\",\"name\":\"Box Repsol\",\"description\":\"Box Repsol Site\",\"publisher\":{\"@id\":\"https:\\\/\\\/www.boxrepsol.com\\\/es\\\/#organization\"},\"potentialAction\":[{\"@type\":\"SearchAction\",\"target\":{\"@type\":\"EntryPoint\",\"urlTemplate\":\"https:\\\/\\\/www.boxrepsol.com\\\/es\\\/?s={search_term_string}\"},\"query-input\":{\"@type\":\"PropertyValueSpecification\",\"valueRequired\":true,\"valueName\":\"search_term_string\"}}],\"inLanguage\":\"es\"},{\"@type\":\"Organization\",\"@id\":\"https:\\\/\\\/www.boxrepsol.com\\\/es\\\/#organization\",\"name\":\"Box Repsol\",\"url\":\"https:\\\/\\\/www.boxrepsol.com\\\/es\\\/\",\"logo\":{\"@type\":\"ImageObject\",\"inLanguage\":\"es\",\"@id\":\"https:\\\/\\\/www.boxrepsol.com\\\/es\\\/#\\\/schema\\\/logo\\\/image\\\/\",\"url\":\"https:\\\/\\\/bxrepsol.s3.eu-west-1.amazonaws.com\\\/static\\\/2025\\\/07\\\/30083337\\\/favicon-96x96-1.png\",\"contentUrl\":\"https:\\\/\\\/bxrepsol.s3.eu-west-1.amazonaws.com\\\/static\\\/2025\\\/07\\\/30083337\\\/favicon-96x96-1.png\",\"width\":96,\"height\":96,\"caption\":\"Box Repsol\"},\"image\":{\"@id\":\"https:\\\/\\\/www.boxrepsol.com\\\/es\\\/#\\\/schema\\\/logo\\\/image\\\/\"},\"sameAs\":[\"https:\\\/\\\/www.facebook.com\\\/BoxRepsol\",\"https:\\\/\\\/x.com\\\/box_repsol\",\"http:\\\/\\\/instagram.com\\\/box_repsol\",\"https:\\\/\\\/www.youtube.com\\\/user\\\/RepsolCompeticion\",\"https:\\\/\\\/www.flickr.com\\\/photos\\\/box_repsol\\\/\"]},{\"@type\":\"Person\",\"@id\":\"https:\\\/\\\/www.boxrepsol.com\\\/es\\\/#\\\/schema\\\/person\\\/c5c2138f2cca251b0ad92b7086bb60b7\",\"name\":\"Redacci\u00f3n Box Repsol\",\"image\":{\"@type\":\"ImageObject\",\"inLanguage\":\"es\",\"@id\":\"https:\\\/\\\/secure.gravatar.com\\\/avatar\\\/adf7b77e38b4419baf32c7e9c21dde01f4e40df611f0978e3006fc4ba0aaab7e?s=96&d=mm&r=g\",\"url\":\"https:\\\/\\\/secure.gravatar.com\\\/avatar\\\/adf7b77e38b4419baf32c7e9c21dde01f4e40df611f0978e3006fc4ba0aaab7e?s=96&d=mm&r=g\",\"contentUrl\":\"https:\\\/\\\/secure.gravatar.com\\\/avatar\\\/adf7b77e38b4419baf32c7e9c21dde01f4e40df611f0978e3006fc4ba0aaab7e?s=96&d=mm&r=g\",\"caption\":\"Redacci\u00f3n Box Repsol\"},\"description\":\"Box Repsol lo forma un equipo de periodistas, community managers, dise\u00f1adores y fot\u00f3grafos con m\u00e1s de 20 a\u00f1os de experiencia en el mundo del motorsport. Hemos vivido el primer mundial de un espa\u00f1ol en la categor\u00eda reina de motociclismo con \u00c1lex Crivill\u00e9, estuvimos en las victorias de Pedrosa y los t\u00edtulos de M\u00e1rquez, acompa\u00f1amos en \u00c1frica a Nani Roma y Marc Coma en sus conquistas del Dakar y hemos vibrado con los t\u00edtulos de Toni Bou en Trial. Adem\u00e1s, en nuestro equipo contamos con expertos en el mundo de las dos y cuatro ruedas tanto de la calle y las carreteras, como de los circuitos. Periodistas que han trabajado en revistas y publicaciones para hacerte llegar desde rutas y consejos de mantenimiento, a curiosidades y trucos de pilotaje.\",\"sameAs\":[\"https:\\\/\\\/www.facebook.com\\\/BoxRepsol\\\/\",\"https:\\\/\\\/www.instagram.com\\\/box_repsol\\\/\",\"https:\\\/\\\/x.com\\\/https:\\\/\\\/twitter.com\\\/box_repsol\",\"https:\\\/\\\/www.youtube.com\\\/@Boxrepsol\"],\"url\":\"https:\\\/\\\/www.boxrepsol.com\\\/es\\\/author\\\/redaccion-box-repsol\\\/\"}]}<\/script>\n<!-- \/ Yoast SEO plugin. -->","yoast_head_json":{"title":"Repsol y Honda renuevan su alianza en MotoGP, que alcanzar\u00e1 los 25 a\u00f1os en 2019 - Box Repsol","description":"La compa\u00f1\u00eda energ\u00e9tica espa\u00f1ola y el fabricante japon\u00e9s ampl\u00edan su contrato hasta 2020 y consolidan la relaci\u00f3n m\u00e1s exitosa en la historia del motociclismo.","canonical":"https:\/\/www.boxrepsol.com\/es\/motogp\/repsol-y-honda-renuevan-su-alianza-en-motogp-que-alcanzara-los-25-anos-en-2019\/","og_locale":"es_ES","og_type":"article","og_title":"Repsol y Honda renuevan su alianza en MotoGP, que alcanzar\u00e1 los 25 a\u00f1os en 2019 - Box Repsol","og_description":"La compa\u00f1\u00eda energ\u00e9tica espa\u00f1ola y el fabricante japon\u00e9s ampl\u00edan su contrato hasta 2020 y consolidan la relaci\u00f3n m\u00e1s exitosa en la historia del motociclismo.","og_url":"https:\/\/www.boxrepsol.com\/es\/motogp\/repsol-y-honda-renuevan-su-alianza-en-motogp-que-alcanzara-los-25-anos-en-2019\/","og_site_name":"Box Repsol","article_publisher":"https:\/\/www.facebook.com\/BoxRepsol","article_author":"https:\/\/www.facebook.com\/BoxRepsol\/","article_published_time":"2018-07-09T02:00:00+00:00","article_modified_time":"2024-05-22T09:15:07+00:00","og_image":[{"width":995,"height":560,"url":"https:\/\/bxrepsol.s3.eu-west-1.amazonaws.com\/static\/2022\/08\/29082119\/00_honda_repsol_contrato.jpg","type":"image\/jpeg"}],"author":"Redacci\u00f3n Box Repsol","twitter_card":"summary_large_image","twitter_creator":"@https:\/\/twitter.com\/box_repsol","twitter_site":"@box_repsol","twitter_misc":{"Written by":"Redacci\u00f3n Box Repsol","Est. reading time":"4 minutos"},"schema":{"@context":"https:\/\/schema.org","@graph":[{"@type":"Article","@id":"https:\/\/www.boxrepsol.com\/es\/motogp\/repsol-y-honda-renuevan-su-alianza-en-motogp-que-alcanzara-los-25-anos-en-2019\/#article","isPartOf":{"@id":"https:\/\/www.boxrepsol.com\/es\/motogp\/repsol-y-honda-renuevan-su-alianza-en-motogp-que-alcanzara-los-25-anos-en-2019\/"},"author":{"name":"Redacci\u00f3n Box Repsol","@id":"https:\/\/www.boxrepsol.com\/es\/#\/schema\/person\/c5c2138f2cca251b0ad92b7086bb60b7"},"headline":"Repsol y Honda renuevan su alianza en MotoGP, que alcanzar\u00e1 los 25 a\u00f1os en 2019","datePublished":"2018-07-09T02:00:00+00:00","dateModified":"2024-05-22T09:15:07+00:00","mainEntityOfPage":{"@id":"https:\/\/www.boxrepsol.com\/es\/motogp\/repsol-y-honda-renuevan-su-alianza-en-motogp-que-alcanzara-los-25-anos-en-2019\/"},"wordCount":745,"commentCount":0,"publisher":{"@id":"https:\/\/www.boxrepsol.com\/es\/#organization"},"image":{"@id":"https:\/\/www.boxrepsol.com\/es\/motogp\/repsol-y-honda-renuevan-su-alianza-en-motogp-que-alcanzara-los-25-anos-en-2019\/#primaryimage"},"thumbnailUrl":"https:\/\/bxrepsol.s3.eu-west-1.amazonaws.com\/static\/2022\/08\/29082119\/00_honda_repsol_contrato.jpg","keywords":["Repsol"],"articleSection":["MotoGP"],"inLanguage":"es","potentialAction":[{"@type":"CommentAction","name":"Comment","target":["https:\/\/www.boxrepsol.com\/es\/motogp\/repsol-y-honda-renuevan-su-alianza-en-motogp-que-alcanzara-los-25-anos-en-2019\/#respond"]}]},{"@type":"WebPage","@id":"https:\/\/www.boxrepsol.com\/es\/motogp\/repsol-y-honda-renuevan-su-alianza-en-motogp-que-alcanzara-los-25-anos-en-2019\/","url":"https:\/\/www.boxrepsol.com\/es\/motogp\/repsol-y-honda-renuevan-su-alianza-en-motogp-que-alcanzara-los-25-anos-en-2019\/","name":"Repsol y Honda renuevan su alianza en MotoGP, que alcanzar\u00e1 los 25 a\u00f1os en 2019 - Box Repsol","isPartOf":{"@id":"https:\/\/www.boxrepsol.com\/es\/#website"},"primaryImageOfPage":{"@id":"https:\/\/www.boxrepsol.com\/es\/motogp\/repsol-y-honda-renuevan-su-alianza-en-motogp-que-alcanzara-los-25-anos-en-2019\/#primaryimage"},"image":{"@id":"https:\/\/www.boxrepsol.com\/es\/motogp\/repsol-y-honda-renuevan-su-alianza-en-motogp-que-alcanzara-los-25-anos-en-2019\/#primaryimage"},"thumbnailUrl":"https:\/\/bxrepsol.s3.eu-west-1.amazonaws.com\/static\/2022\/08\/29082119\/00_honda_repsol_contrato.jpg","datePublished":"2018-07-09T02:00:00+00:00","dateModified":"2024-05-22T09:15:07+00:00","description":"La compa\u00f1\u00eda energ\u00e9tica espa\u00f1ola y el fabricante japon\u00e9s ampl\u00edan su contrato hasta 2020 y consolidan la relaci\u00f3n m\u00e1s exitosa en la historia del motociclismo.","breadcrumb":{"@id":"https:\/\/www.boxrepsol.com\/es\/motogp\/repsol-y-honda-renuevan-su-alianza-en-motogp-que-alcanzara-los-25-anos-en-2019\/#breadcrumb"},"inLanguage":"es","potentialAction":[{"@type":"ReadAction","target":["https:\/\/www.boxrepsol.com\/es\/motogp\/repsol-y-honda-renuevan-su-alianza-en-motogp-que-alcanzara-los-25-anos-en-2019\/"]}]},{"@type":"ImageObject","inLanguage":"es","@id":"https:\/\/www.boxrepsol.com\/es\/motogp\/repsol-y-honda-renuevan-su-alianza-en-motogp-que-alcanzara-los-25-anos-en-2019\/#primaryimage","url":"https:\/\/bxrepsol.s3.eu-west-1.amazonaws.com\/static\/2022\/08\/29082119\/00_honda_repsol_contrato.jpg","contentUrl":"https:\/\/bxrepsol.s3.eu-west-1.amazonaws.com\/static\/2022\/08\/29082119\/00_honda_repsol_contrato.jpg","width":995,"height":560,"caption":"Bego\u00f1a Elices y Yoshishige Nomura d\u00e1ndose la mano"},{"@type":"BreadcrumbList","@id":"https:\/\/www.boxrepsol.com\/es\/motogp\/repsol-y-honda-renuevan-su-alianza-en-motogp-que-alcanzara-los-25-anos-en-2019\/#breadcrumb","itemListElement":[{"@type":"ListItem","position":1,"name":"Home","item":"https:\/\/www.boxrepsol.com\/es\/"},{"@type":"ListItem","position":2,"name":"Repsol y Honda renuevan su alianza en MotoGP, que alcanzar\u00e1 los 25 a\u00f1os en 2019"}]},{"@type":"WebSite","@id":"https:\/\/www.boxrepsol.com\/es\/#website","url":"https:\/\/www.boxrepsol.com\/es\/","name":"Box Repsol","description":"Box Repsol Site","publisher":{"@id":"https:\/\/www.boxrepsol.com\/es\/#organization"},"potentialAction":[{"@type":"SearchAction","target":{"@type":"EntryPoint","urlTemplate":"https:\/\/www.boxrepsol.com\/es\/?s={search_term_string}"},"query-input":{"@type":"PropertyValueSpecification","valueRequired":true,"valueName":"search_term_string"}}],"inLanguage":"es"},{"@type":"Organization","@id":"https:\/\/www.boxrepsol.com\/es\/#organization","name":"Box Repsol","url":"https:\/\/www.boxrepsol.com\/es\/","logo":{"@type":"ImageObject","inLanguage":"es","@id":"https:\/\/www.boxrepsol.com\/es\/#\/schema\/logo\/image\/","url":"https:\/\/bxrepsol.s3.eu-west-1.amazonaws.com\/static\/2025\/07\/30083337\/favicon-96x96-1.png","contentUrl":"https:\/\/bxrepsol.s3.eu-west-1.amazonaws.com\/static\/2025\/07\/30083337\/favicon-96x96-1.png","width":96,"height":96,"caption":"Box Repsol"},"image":{"@id":"https:\/\/www.boxrepsol.com\/es\/#\/schema\/logo\/image\/"},"sameAs":["https:\/\/www.facebook.com\/BoxRepsol","https:\/\/x.com\/box_repsol","http:\/\/instagram.com\/box_repsol","https:\/\/www.youtube.com\/user\/RepsolCompeticion","https:\/\/www.flickr.com\/photos\/box_repsol\/"]},{"@type":"Person","@id":"https:\/\/www.boxrepsol.com\/es\/#\/schema\/person\/c5c2138f2cca251b0ad92b7086bb60b7","name":"Redacci\u00f3n Box Repsol","image":{"@type":"ImageObject","inLanguage":"es","@id":"https:\/\/secure.gravatar.com\/avatar\/adf7b77e38b4419baf32c7e9c21dde01f4e40df611f0978e3006fc4ba0aaab7e?s=96&d=mm&r=g","url":"https:\/\/secure.gravatar.com\/avatar\/adf7b77e38b4419baf32c7e9c21dde01f4e40df611f0978e3006fc4ba0aaab7e?s=96&d=mm&r=g","contentUrl":"https:\/\/secure.gravatar.com\/avatar\/adf7b77e38b4419baf32c7e9c21dde01f4e40df611f0978e3006fc4ba0aaab7e?s=96&d=mm&r=g","caption":"Redacci\u00f3n Box Repsol"},"description":"Box Repsol lo forma un equipo de periodistas, community managers, dise\u00f1adores y fot\u00f3grafos con m\u00e1s de 20 a\u00f1os de experiencia en el mundo del motorsport. Hemos vivido el primer mundial de un espa\u00f1ol en la categor\u00eda reina de motociclismo con \u00c1lex Crivill\u00e9, estuvimos en las victorias de Pedrosa y los t\u00edtulos de M\u00e1rquez, acompa\u00f1amos en \u00c1frica a Nani Roma y Marc Coma en sus conquistas del Dakar y hemos vibrado con los t\u00edtulos de Toni Bou en Trial. Adem\u00e1s, en nuestro equipo contamos con expertos en el mundo de las dos y cuatro ruedas tanto de la calle y las carreteras, como de los circuitos. Periodistas que han trabajado en revistas y publicaciones para hacerte llegar desde rutas y consejos de mantenimiento, a curiosidades y trucos de pilotaje.","sameAs":["https:\/\/www.facebook.com\/BoxRepsol\/","https:\/\/www.instagram.com\/box_repsol\/","https:\/\/x.com\/https:\/\/twitter.com\/box_repsol","https:\/\/www.youtube.com\/@Boxrepsol"],"url":"https:\/\/www.boxrepsol.com\/es\/author\/redaccion-box-repsol\/"}]}},"_links":{"self":[{"href":"https:\/\/www.boxrepsol.com\/es\/wp-json\/wp\/v2\/posts\/93237","targetHints":{"allow":["GET"]}}],"collection":[{"href":"https:\/\/www.boxrepsol.com\/es\/wp-json\/wp\/v2\/posts"}],"about":[{"href":"https:\/\/www.boxrepsol.com\/es\/wp-json\/wp\/v2\/types\/post"}],"author":[{"embeddable":true,"href":"https:\/\/www.boxrepsol.com\/es\/wp-json\/wp\/v2\/users\/43146"}],"replies":[{"embeddable":true,"href":"https:\/\/www.boxrepsol.com\/es\/wp-json\/wp\/v2\/comments?post=93237"}],"version-history":[{"count":1,"href":"https:\/\/www.boxrepsol.com\/es\/wp-json\/wp\/v2\/posts\/93237\/revisions"}],"predecessor-version":[{"id":116555,"href":"https:\/\/www.boxrepsol.com\/es\/wp-json\/wp\/v2\/posts\/93237\/revisions\/116555"}],"wp:featuredmedia":[{"embeddable":true,"href":"https:\/\/www.boxrepsol.com\/es\/wp-json\/wp\/v2\/media\/58728"}],"wp:attachment":[{"href":"https:\/\/www.boxrepsol.com\/es\/wp-json\/wp\/v2\/media?parent=93237"}],"wp:term":[{"taxonomy":"category","embeddable":true,"href":"https:\/\/www.boxrepsol.com\/es\/wp-json\/wp\/v2\/categories?post=93237"},{"taxonomy":"post_tag","embeddable":true,"href":"https:\/\/www.boxrepsol.com\/es\/wp-json\/wp\/v2\/tags?post=93237"}],"curies":[{"name":"wp","href":"https:\/\/api.w.org\/{rel}","templated":true}]}}