{"id":93229,"date":"2018-07-03T00:00:00","date_gmt":"2018-07-03T02:00:00","guid":{"rendered":"http:\/\/pre.boxrepsol.com\/sin-categorizar\/marc-jugo-bien-cartas-escogio-los-neumaticos-adecuados-espero-utilizo-potencial\/"},"modified":"2024-05-22T07:15:27","modified_gmt":"2024-05-22T09:15:27","slug":"marc-jugo-bien-cartas-escogio-los-neumaticos-adecuados-espero-utilizo-potencial","status":"publish","type":"post","link":"https:\/\/www.boxrepsol.com\/es\/motogp\/marc-jugo-bien-cartas-escogio-los-neumaticos-adecuados-espero-utilizo-potencial\/","title":{"rendered":"\u201cMarc jug\u00f3 bien sus cartas: escogi\u00f3 los neum\u00e1ticos adecuados, esper\u00f3 y entonces utiliz\u00f3 todo su potencial\u201d"},"content":{"rendered":"<blockquote><p>\n\t<a href=\"http:\/\/twitter.com\/share?text=El+ambiente+fue+fant%C3%A1stico%2C+con+m%C3%A1s+de+150.000+aficionados&#038;url=https%3A%2F%2Fwww.boxrepsol.com%2Fes%2Fmotogp%2Fmarc-jugo-bien-cartas-escogio-los-neumaticos-adecuados-espero-utilizo-potencial%2F\" target=\"_blank\" rel=\"noopener\"><\/p>\n<p>El ambiente fue fant\u00e1stico, con m\u00e1s de 150.000 aficionados<\/p>\n<p>\t<\/a>\n<\/p><\/blockquote>\n<p><em>El Mundial de MotoGP est\u00e1 a punto de alcanzar el ecuador de la temporada y, despu\u00e9s de ocho Grandes Premios, Marc M\u00e1rquez ampli\u00f3 el domingo su liderato al lograr el cuarto triunfo del a\u00f1o. Fue una carrera de emociones constantes, en la que el vigente Campe\u00f3n del Mundo supo aprovechar el trabajo realizado durante los entrenamientos junto a su equipo para abrir una peque\u00f1a ventaja en los \u00faltimos giros.<\/em><\/p>\n<p><strong>\u00bfCu\u00e1l era la estrategia para la carrera de Assen?<\/strong><\/p>\n<p>Fue una carrera dura y muy complicada, en la que era dif\u00edcil escaparse del gran grupo delantero. Pero Marc [M\u00e1rquez] jug\u00f3 bien sus cartas: escogi\u00f3 los neum\u00e1ticos adecuados, esper\u00f3 y entonces utiliz\u00f3 todo su potencial. Pudo mostrar lo que vimos a lo largo del fin de semana, una ventaja de dos o tres d\u00e9cimas por vuelta.<\/p>\n<p><strong>\u00bfCu\u00e1les fueron los puntos positivos y negativos del Gran Premio?<\/strong><\/p>\n<p>El punto positivo es que Marc gan\u00f3 la carrera y aument\u00f3 la diferencia en el Mundial de pilotos y constructores.\u00a0El negativo, el fin de semana de Dani [Pedrosa]. Nunca se sinti\u00f3 c\u00f3modo, porque esta pista casi siempre es muy dif\u00edcil para \u00e9l y no pudo recuperar el tiempo perdido en los entrenamientos. Espero que pueda estar compitiendo de nuevo con los de delante dentro de dos semanas en Sachsenring, en el Gran Premio de Alemania, que es una pista que le gusta.<\/p>\n<p><strong>\u00bfC\u00f3mo viviste la carrera desde el muro?<\/strong><\/p>\n<p>No fue muy r\u00e1pida en cuanto a velocidad, pero fue una muy buena carrera, \u00a1muy exigente para los nervios!<\/p>\n<p><strong>\u00bfQu\u00e9 m\u00e1s destacar\u00edas del fin de semana?<\/strong><\/p>\n<p>El Gran Premio fue incre\u00edble, como siempre. El ambiente fue fant\u00e1stico, con m\u00e1s de 150.000 aficionados disfrutando del espect\u00e1culo y el buen tiempo que hizo todo el fin de semana.<\/p>\n","protected":false},"excerpt":{"rendered":"<p>Alberto Puig vivi\u00f3 desde el muro su octava carrera al frente del equipo Repsol Honda, en la que Marc M\u00e1rquez se hizo con la cuarta victoria del a\u00f1o en una prueba no apta para card\u00edacos.<\/p>\n","protected":false},"author":43146,"featured_media":58694,"comment_status":"open","ping_status":"open","sticky":false,"template":"","format":"standard","meta":{"footnotes":""},"categories":[4],"tags":[153],"class_list":["post-93229","post","type-post","status-publish","format-standard","hentry","category-motogp","tag-motogp-holanda"],"yoast_head":"<!-- This site is optimized with the Yoast SEO plugin v27.3 - https:\/\/yoast.com\/product\/yoast-seo-wordpress\/ -->\n<title>\u201cMarc jug\u00f3 bien sus cartas: escogi\u00f3 los neum\u00e1ticos adecuados, esper\u00f3 y entonces utiliz\u00f3 todo su potencial\u201d - Box Repsol<\/title>\n<meta name=\"description\" content=\"Alberto Puig vivi\u00f3 desde el muro su octava carrera al frente del equipo Repsol Honda, en la que Marc M\u00e1rquez se hizo con la cuarta victoria del a\u00f1o.\" \/>\n<link rel=\"canonical\" href=\"https:\/\/www.boxrepsol.com\/es\/motogp\/marc-jugo-bien-cartas-escogio-los-neumaticos-adecuados-espero-utilizo-potencial\/\" \/>\n<meta property=\"og:locale\" content=\"es_ES\" \/>\n<meta property=\"og:type\" content=\"article\" \/>\n<meta property=\"og:title\" content=\"\u201cMarc jug\u00f3 bien sus cartas: escogi\u00f3 los neum\u00e1ticos adecuados, esper\u00f3 y entonces utiliz\u00f3 todo su potencial\u201d - Box Repsol\" \/>\n<meta property=\"og:description\" content=\"Alberto Puig vivi\u00f3 desde el muro su octava carrera al frente del equipo Repsol Honda, en la que Marc M\u00e1rquez se hizo con la cuarta victoria del a\u00f1o.\" \/>\n<meta property=\"og:url\" content=\"https:\/\/www.boxrepsol.com\/es\/motogp\/marc-jugo-bien-cartas-escogio-los-neumaticos-adecuados-espero-utilizo-potencial\/\" \/>\n<meta property=\"og:site_name\" content=\"Box Repsol\" \/>\n<meta property=\"article:publisher\" content=\"https:\/\/www.facebook.com\/BoxRepsol\" \/>\n<meta property=\"article:author\" content=\"https:\/\/www.facebook.com\/BoxRepsol\/\" \/>\n<meta property=\"article:published_time\" content=\"2018-07-03T02:00:00+00:00\" \/>\n<meta property=\"article:modified_time\" content=\"2024-05-22T09:15:27+00:00\" \/>\n<meta property=\"og:image\" content=\"https:\/\/bxrepsol.s3.eu-west-1.amazonaws.com\/static\/2022\/08\/29082057\/00_alberto_puig_marc_marquez_motogp_assen.jpg\" \/>\n\t<meta property=\"og:image:width\" content=\"995\" \/>\n\t<meta property=\"og:image:height\" content=\"560\" \/>\n\t<meta property=\"og:image:type\" content=\"image\/jpeg\" \/>\n<meta name=\"author\" content=\"Redacci\u00f3n Box Repsol\" \/>\n<meta name=\"twitter:card\" content=\"summary_large_image\" \/>\n<meta name=\"twitter:creator\" content=\"@https:\/\/twitter.com\/box_repsol\" \/>\n<meta name=\"twitter:site\" content=\"@box_repsol\" \/>\n<meta name=\"twitter:label1\" content=\"Written by\" \/>\n\t<meta name=\"twitter:data1\" content=\"Redacci\u00f3n Box Repsol\" \/>\n\t<meta name=\"twitter:label2\" content=\"Est. reading time\" \/>\n\t<meta name=\"twitter:data2\" content=\"2 minutos\" \/>\n<script type=\"application\/ld+json\" class=\"yoast-schema-graph\">{\"@context\":\"https:\\\/\\\/schema.org\",\"@graph\":[{\"@type\":\"Article\",\"@id\":\"https:\\\/\\\/www.boxrepsol.com\\\/es\\\/motogp\\\/marc-jugo-bien-cartas-escogio-los-neumaticos-adecuados-espero-utilizo-potencial\\\/#article\",\"isPartOf\":{\"@id\":\"https:\\\/\\\/www.boxrepsol.com\\\/es\\\/motogp\\\/marc-jugo-bien-cartas-escogio-los-neumaticos-adecuados-espero-utilizo-potencial\\\/\"},\"author\":{\"name\":\"Redacci\u00f3n Box Repsol\",\"@id\":\"https:\\\/\\\/www.boxrepsol.com\\\/es\\\/#\\\/schema\\\/person\\\/c5c2138f2cca251b0ad92b7086bb60b7\"},\"headline\":\"\u201cMarc jug\u00f3 bien sus cartas: escogi\u00f3 los neum\u00e1ticos adecuados, esper\u00f3 y entonces utiliz\u00f3 todo su potencial\u201d\",\"datePublished\":\"2018-07-03T02:00:00+00:00\",\"dateModified\":\"2024-05-22T09:15:27+00:00\",\"mainEntityOfPage\":{\"@id\":\"https:\\\/\\\/www.boxrepsol.com\\\/es\\\/motogp\\\/marc-jugo-bien-cartas-escogio-los-neumaticos-adecuados-espero-utilizo-potencial\\\/\"},\"wordCount\":337,\"commentCount\":0,\"publisher\":{\"@id\":\"https:\\\/\\\/www.boxrepsol.com\\\/es\\\/#organization\"},\"image\":{\"@id\":\"https:\\\/\\\/www.boxrepsol.com\\\/es\\\/motogp\\\/marc-jugo-bien-cartas-escogio-los-neumaticos-adecuados-espero-utilizo-potencial\\\/#primaryimage\"},\"thumbnailUrl\":\"https:\\\/\\\/bxrepsol.s3.eu-west-1.amazonaws.com\\\/static\\\/2022\\\/08\\\/29082057\\\/00_alberto_puig_marc_marquez_motogp_assen.jpg\",\"keywords\":[\"MotoGP Holanda\"],\"articleSection\":[\"MotoGP\"],\"inLanguage\":\"es\",\"potentialAction\":[{\"@type\":\"CommentAction\",\"name\":\"Comment\",\"target\":[\"https:\\\/\\\/www.boxrepsol.com\\\/es\\\/motogp\\\/marc-jugo-bien-cartas-escogio-los-neumaticos-adecuados-espero-utilizo-potencial\\\/#respond\"]}]},{\"@type\":\"WebPage\",\"@id\":\"https:\\\/\\\/www.boxrepsol.com\\\/es\\\/motogp\\\/marc-jugo-bien-cartas-escogio-los-neumaticos-adecuados-espero-utilizo-potencial\\\/\",\"url\":\"https:\\\/\\\/www.boxrepsol.com\\\/es\\\/motogp\\\/marc-jugo-bien-cartas-escogio-los-neumaticos-adecuados-espero-utilizo-potencial\\\/\",\"name\":\"\u201cMarc jug\u00f3 bien sus cartas: escogi\u00f3 los neum\u00e1ticos adecuados, esper\u00f3 y entonces utiliz\u00f3 todo su potencial\u201d - Box Repsol\",\"isPartOf\":{\"@id\":\"https:\\\/\\\/www.boxrepsol.com\\\/es\\\/#website\"},\"primaryImageOfPage\":{\"@id\":\"https:\\\/\\\/www.boxrepsol.com\\\/es\\\/motogp\\\/marc-jugo-bien-cartas-escogio-los-neumaticos-adecuados-espero-utilizo-potencial\\\/#primaryimage\"},\"image\":{\"@id\":\"https:\\\/\\\/www.boxrepsol.com\\\/es\\\/motogp\\\/marc-jugo-bien-cartas-escogio-los-neumaticos-adecuados-espero-utilizo-potencial\\\/#primaryimage\"},\"thumbnailUrl\":\"https:\\\/\\\/bxrepsol.s3.eu-west-1.amazonaws.com\\\/static\\\/2022\\\/08\\\/29082057\\\/00_alberto_puig_marc_marquez_motogp_assen.jpg\",\"datePublished\":\"2018-07-03T02:00:00+00:00\",\"dateModified\":\"2024-05-22T09:15:27+00:00\",\"description\":\"Alberto Puig vivi\u00f3 desde el muro su octava carrera al frente del equipo Repsol Honda, en la que Marc M\u00e1rquez se hizo con la cuarta victoria del a\u00f1o.\",\"breadcrumb\":{\"@id\":\"https:\\\/\\\/www.boxrepsol.com\\\/es\\\/motogp\\\/marc-jugo-bien-cartas-escogio-los-neumaticos-adecuados-espero-utilizo-potencial\\\/#breadcrumb\"},\"inLanguage\":\"es\",\"potentialAction\":[{\"@type\":\"ReadAction\",\"target\":[\"https:\\\/\\\/www.boxrepsol.com\\\/es\\\/motogp\\\/marc-jugo-bien-cartas-escogio-los-neumaticos-adecuados-espero-utilizo-potencial\\\/\"]}]},{\"@type\":\"ImageObject\",\"inLanguage\":\"es\",\"@id\":\"https:\\\/\\\/www.boxrepsol.com\\\/es\\\/motogp\\\/marc-jugo-bien-cartas-escogio-los-neumaticos-adecuados-espero-utilizo-potencial\\\/#primaryimage\",\"url\":\"https:\\\/\\\/bxrepsol.s3.eu-west-1.amazonaws.com\\\/static\\\/2022\\\/08\\\/29082057\\\/00_alberto_puig_marc_marquez_motogp_assen.jpg\",\"contentUrl\":\"https:\\\/\\\/bxrepsol.s3.eu-west-1.amazonaws.com\\\/static\\\/2022\\\/08\\\/29082057\\\/00_alberto_puig_marc_marquez_motogp_assen.jpg\",\"width\":995,\"height\":560,\"caption\":\"Alberto Puig apoyado en papelera en el box\"},{\"@type\":\"BreadcrumbList\",\"@id\":\"https:\\\/\\\/www.boxrepsol.com\\\/es\\\/motogp\\\/marc-jugo-bien-cartas-escogio-los-neumaticos-adecuados-espero-utilizo-potencial\\\/#breadcrumb\",\"itemListElement\":[{\"@type\":\"ListItem\",\"position\":1,\"name\":\"Home\",\"item\":\"https:\\\/\\\/www.boxrepsol.com\\\/es\\\/\"},{\"@type\":\"ListItem\",\"position\":2,\"name\":\"\u201cMarc jug\u00f3 bien sus cartas: escogi\u00f3 los neum\u00e1ticos adecuados, esper\u00f3 y entonces utiliz\u00f3 todo su potencial\u201d\"}]},{\"@type\":\"WebSite\",\"@id\":\"https:\\\/\\\/www.boxrepsol.com\\\/es\\\/#website\",\"url\":\"https:\\\/\\\/www.boxrepsol.com\\\/es\\\/\",\"name\":\"Box Repsol\",\"description\":\"Box Repsol Site\",\"publisher\":{\"@id\":\"https:\\\/\\\/www.boxrepsol.com\\\/es\\\/#organization\"},\"potentialAction\":[{\"@type\":\"SearchAction\",\"target\":{\"@type\":\"EntryPoint\",\"urlTemplate\":\"https:\\\/\\\/www.boxrepsol.com\\\/es\\\/?s={search_term_string}\"},\"query-input\":{\"@type\":\"PropertyValueSpecification\",\"valueRequired\":true,\"valueName\":\"search_term_string\"}}],\"inLanguage\":\"es\"},{\"@type\":\"Organization\",\"@id\":\"https:\\\/\\\/www.boxrepsol.com\\\/es\\\/#organization\",\"name\":\"Box Repsol\",\"url\":\"https:\\\/\\\/www.boxrepsol.com\\\/es\\\/\",\"logo\":{\"@type\":\"ImageObject\",\"inLanguage\":\"es\",\"@id\":\"https:\\\/\\\/www.boxrepsol.com\\\/es\\\/#\\\/schema\\\/logo\\\/image\\\/\",\"url\":\"https:\\\/\\\/bxrepsol.s3.eu-west-1.amazonaws.com\\\/static\\\/2025\\\/07\\\/30083337\\\/favicon-96x96-1.png\",\"contentUrl\":\"https:\\\/\\\/bxrepsol.s3.eu-west-1.amazonaws.com\\\/static\\\/2025\\\/07\\\/30083337\\\/favicon-96x96-1.png\",\"width\":96,\"height\":96,\"caption\":\"Box Repsol\"},\"image\":{\"@id\":\"https:\\\/\\\/www.boxrepsol.com\\\/es\\\/#\\\/schema\\\/logo\\\/image\\\/\"},\"sameAs\":[\"https:\\\/\\\/www.facebook.com\\\/BoxRepsol\",\"https:\\\/\\\/x.com\\\/box_repsol\",\"http:\\\/\\\/instagram.com\\\/box_repsol\",\"https:\\\/\\\/www.youtube.com\\\/user\\\/RepsolCompeticion\",\"https:\\\/\\\/www.flickr.com\\\/photos\\\/box_repsol\\\/\"]},{\"@type\":\"Person\",\"@id\":\"https:\\\/\\\/www.boxrepsol.com\\\/es\\\/#\\\/schema\\\/person\\\/c5c2138f2cca251b0ad92b7086bb60b7\",\"name\":\"Redacci\u00f3n Box Repsol\",\"image\":{\"@type\":\"ImageObject\",\"inLanguage\":\"es\",\"@id\":\"https:\\\/\\\/secure.gravatar.com\\\/avatar\\\/adf7b77e38b4419baf32c7e9c21dde01f4e40df611f0978e3006fc4ba0aaab7e?s=96&d=mm&r=g\",\"url\":\"https:\\\/\\\/secure.gravatar.com\\\/avatar\\\/adf7b77e38b4419baf32c7e9c21dde01f4e40df611f0978e3006fc4ba0aaab7e?s=96&d=mm&r=g\",\"contentUrl\":\"https:\\\/\\\/secure.gravatar.com\\\/avatar\\\/adf7b77e38b4419baf32c7e9c21dde01f4e40df611f0978e3006fc4ba0aaab7e?s=96&d=mm&r=g\",\"caption\":\"Redacci\u00f3n Box Repsol\"},\"description\":\"Box Repsol lo forma un equipo de periodistas, community managers, dise\u00f1adores y fot\u00f3grafos con m\u00e1s de 20 a\u00f1os de experiencia en el mundo del motorsport. Hemos vivido el primer mundial de un espa\u00f1ol en la categor\u00eda reina de motociclismo con \u00c1lex Crivill\u00e9, estuvimos en las victorias de Pedrosa y los t\u00edtulos de M\u00e1rquez, acompa\u00f1amos en \u00c1frica a Nani Roma y Marc Coma en sus conquistas del Dakar y hemos vibrado con los t\u00edtulos de Toni Bou en Trial. Adem\u00e1s, en nuestro equipo contamos con expertos en el mundo de las dos y cuatro ruedas tanto de la calle y las carreteras, como de los circuitos. Periodistas que han trabajado en revistas y publicaciones para hacerte llegar desde rutas y consejos de mantenimiento, a curiosidades y trucos de pilotaje.\",\"sameAs\":[\"https:\\\/\\\/www.facebook.com\\\/BoxRepsol\\\/\",\"https:\\\/\\\/www.instagram.com\\\/box_repsol\\\/\",\"https:\\\/\\\/x.com\\\/https:\\\/\\\/twitter.com\\\/box_repsol\",\"https:\\\/\\\/www.youtube.com\\\/@Boxrepsol\"],\"url\":\"https:\\\/\\\/www.boxrepsol.com\\\/es\\\/author\\\/redaccion-box-repsol\\\/\"}]}<\/script>\n<!-- \/ Yoast SEO plugin. -->","yoast_head_json":{"title":"\u201cMarc jug\u00f3 bien sus cartas: escogi\u00f3 los neum\u00e1ticos adecuados, esper\u00f3 y entonces utiliz\u00f3 todo su potencial\u201d - Box Repsol","description":"Alberto Puig vivi\u00f3 desde el muro su octava carrera al frente del equipo Repsol Honda, en la que Marc M\u00e1rquez se hizo con la cuarta victoria del a\u00f1o.","canonical":"https:\/\/www.boxrepsol.com\/es\/motogp\/marc-jugo-bien-cartas-escogio-los-neumaticos-adecuados-espero-utilizo-potencial\/","og_locale":"es_ES","og_type":"article","og_title":"\u201cMarc jug\u00f3 bien sus cartas: escogi\u00f3 los neum\u00e1ticos adecuados, esper\u00f3 y entonces utiliz\u00f3 todo su potencial\u201d - Box Repsol","og_description":"Alberto Puig vivi\u00f3 desde el muro su octava carrera al frente del equipo Repsol Honda, en la que Marc M\u00e1rquez se hizo con la cuarta victoria del a\u00f1o.","og_url":"https:\/\/www.boxrepsol.com\/es\/motogp\/marc-jugo-bien-cartas-escogio-los-neumaticos-adecuados-espero-utilizo-potencial\/","og_site_name":"Box Repsol","article_publisher":"https:\/\/www.facebook.com\/BoxRepsol","article_author":"https:\/\/www.facebook.com\/BoxRepsol\/","article_published_time":"2018-07-03T02:00:00+00:00","article_modified_time":"2024-05-22T09:15:27+00:00","og_image":[{"width":995,"height":560,"url":"https:\/\/bxrepsol.s3.eu-west-1.amazonaws.com\/static\/2022\/08\/29082057\/00_alberto_puig_marc_marquez_motogp_assen.jpg","type":"image\/jpeg"}],"author":"Redacci\u00f3n Box Repsol","twitter_card":"summary_large_image","twitter_creator":"@https:\/\/twitter.com\/box_repsol","twitter_site":"@box_repsol","twitter_misc":{"Written by":"Redacci\u00f3n Box Repsol","Est. reading time":"2 minutos"},"schema":{"@context":"https:\/\/schema.org","@graph":[{"@type":"Article","@id":"https:\/\/www.boxrepsol.com\/es\/motogp\/marc-jugo-bien-cartas-escogio-los-neumaticos-adecuados-espero-utilizo-potencial\/#article","isPartOf":{"@id":"https:\/\/www.boxrepsol.com\/es\/motogp\/marc-jugo-bien-cartas-escogio-los-neumaticos-adecuados-espero-utilizo-potencial\/"},"author":{"name":"Redacci\u00f3n Box Repsol","@id":"https:\/\/www.boxrepsol.com\/es\/#\/schema\/person\/c5c2138f2cca251b0ad92b7086bb60b7"},"headline":"\u201cMarc jug\u00f3 bien sus cartas: escogi\u00f3 los neum\u00e1ticos adecuados, esper\u00f3 y entonces utiliz\u00f3 todo su potencial\u201d","datePublished":"2018-07-03T02:00:00+00:00","dateModified":"2024-05-22T09:15:27+00:00","mainEntityOfPage":{"@id":"https:\/\/www.boxrepsol.com\/es\/motogp\/marc-jugo-bien-cartas-escogio-los-neumaticos-adecuados-espero-utilizo-potencial\/"},"wordCount":337,"commentCount":0,"publisher":{"@id":"https:\/\/www.boxrepsol.com\/es\/#organization"},"image":{"@id":"https:\/\/www.boxrepsol.com\/es\/motogp\/marc-jugo-bien-cartas-escogio-los-neumaticos-adecuados-espero-utilizo-potencial\/#primaryimage"},"thumbnailUrl":"https:\/\/bxrepsol.s3.eu-west-1.amazonaws.com\/static\/2022\/08\/29082057\/00_alberto_puig_marc_marquez_motogp_assen.jpg","keywords":["MotoGP Holanda"],"articleSection":["MotoGP"],"inLanguage":"es","potentialAction":[{"@type":"CommentAction","name":"Comment","target":["https:\/\/www.boxrepsol.com\/es\/motogp\/marc-jugo-bien-cartas-escogio-los-neumaticos-adecuados-espero-utilizo-potencial\/#respond"]}]},{"@type":"WebPage","@id":"https:\/\/www.boxrepsol.com\/es\/motogp\/marc-jugo-bien-cartas-escogio-los-neumaticos-adecuados-espero-utilizo-potencial\/","url":"https:\/\/www.boxrepsol.com\/es\/motogp\/marc-jugo-bien-cartas-escogio-los-neumaticos-adecuados-espero-utilizo-potencial\/","name":"\u201cMarc jug\u00f3 bien sus cartas: escogi\u00f3 los neum\u00e1ticos adecuados, esper\u00f3 y entonces utiliz\u00f3 todo su potencial\u201d - Box Repsol","isPartOf":{"@id":"https:\/\/www.boxrepsol.com\/es\/#website"},"primaryImageOfPage":{"@id":"https:\/\/www.boxrepsol.com\/es\/motogp\/marc-jugo-bien-cartas-escogio-los-neumaticos-adecuados-espero-utilizo-potencial\/#primaryimage"},"image":{"@id":"https:\/\/www.boxrepsol.com\/es\/motogp\/marc-jugo-bien-cartas-escogio-los-neumaticos-adecuados-espero-utilizo-potencial\/#primaryimage"},"thumbnailUrl":"https:\/\/bxrepsol.s3.eu-west-1.amazonaws.com\/static\/2022\/08\/29082057\/00_alberto_puig_marc_marquez_motogp_assen.jpg","datePublished":"2018-07-03T02:00:00+00:00","dateModified":"2024-05-22T09:15:27+00:00","description":"Alberto Puig vivi\u00f3 desde el muro su octava carrera al frente del equipo Repsol Honda, en la que Marc M\u00e1rquez se hizo con la cuarta victoria del a\u00f1o.","breadcrumb":{"@id":"https:\/\/www.boxrepsol.com\/es\/motogp\/marc-jugo-bien-cartas-escogio-los-neumaticos-adecuados-espero-utilizo-potencial\/#breadcrumb"},"inLanguage":"es","potentialAction":[{"@type":"ReadAction","target":["https:\/\/www.boxrepsol.com\/es\/motogp\/marc-jugo-bien-cartas-escogio-los-neumaticos-adecuados-espero-utilizo-potencial\/"]}]},{"@type":"ImageObject","inLanguage":"es","@id":"https:\/\/www.boxrepsol.com\/es\/motogp\/marc-jugo-bien-cartas-escogio-los-neumaticos-adecuados-espero-utilizo-potencial\/#primaryimage","url":"https:\/\/bxrepsol.s3.eu-west-1.amazonaws.com\/static\/2022\/08\/29082057\/00_alberto_puig_marc_marquez_motogp_assen.jpg","contentUrl":"https:\/\/bxrepsol.s3.eu-west-1.amazonaws.com\/static\/2022\/08\/29082057\/00_alberto_puig_marc_marquez_motogp_assen.jpg","width":995,"height":560,"caption":"Alberto Puig apoyado en papelera en el box"},{"@type":"BreadcrumbList","@id":"https:\/\/www.boxrepsol.com\/es\/motogp\/marc-jugo-bien-cartas-escogio-los-neumaticos-adecuados-espero-utilizo-potencial\/#breadcrumb","itemListElement":[{"@type":"ListItem","position":1,"name":"Home","item":"https:\/\/www.boxrepsol.com\/es\/"},{"@type":"ListItem","position":2,"name":"\u201cMarc jug\u00f3 bien sus cartas: escogi\u00f3 los neum\u00e1ticos adecuados, esper\u00f3 y entonces utiliz\u00f3 todo su potencial\u201d"}]},{"@type":"WebSite","@id":"https:\/\/www.boxrepsol.com\/es\/#website","url":"https:\/\/www.boxrepsol.com\/es\/","name":"Box Repsol","description":"Box Repsol Site","publisher":{"@id":"https:\/\/www.boxrepsol.com\/es\/#organization"},"potentialAction":[{"@type":"SearchAction","target":{"@type":"EntryPoint","urlTemplate":"https:\/\/www.boxrepsol.com\/es\/?s={search_term_string}"},"query-input":{"@type":"PropertyValueSpecification","valueRequired":true,"valueName":"search_term_string"}}],"inLanguage":"es"},{"@type":"Organization","@id":"https:\/\/www.boxrepsol.com\/es\/#organization","name":"Box Repsol","url":"https:\/\/www.boxrepsol.com\/es\/","logo":{"@type":"ImageObject","inLanguage":"es","@id":"https:\/\/www.boxrepsol.com\/es\/#\/schema\/logo\/image\/","url":"https:\/\/bxrepsol.s3.eu-west-1.amazonaws.com\/static\/2025\/07\/30083337\/favicon-96x96-1.png","contentUrl":"https:\/\/bxrepsol.s3.eu-west-1.amazonaws.com\/static\/2025\/07\/30083337\/favicon-96x96-1.png","width":96,"height":96,"caption":"Box Repsol"},"image":{"@id":"https:\/\/www.boxrepsol.com\/es\/#\/schema\/logo\/image\/"},"sameAs":["https:\/\/www.facebook.com\/BoxRepsol","https:\/\/x.com\/box_repsol","http:\/\/instagram.com\/box_repsol","https:\/\/www.youtube.com\/user\/RepsolCompeticion","https:\/\/www.flickr.com\/photos\/box_repsol\/"]},{"@type":"Person","@id":"https:\/\/www.boxrepsol.com\/es\/#\/schema\/person\/c5c2138f2cca251b0ad92b7086bb60b7","name":"Redacci\u00f3n Box Repsol","image":{"@type":"ImageObject","inLanguage":"es","@id":"https:\/\/secure.gravatar.com\/avatar\/adf7b77e38b4419baf32c7e9c21dde01f4e40df611f0978e3006fc4ba0aaab7e?s=96&d=mm&r=g","url":"https:\/\/secure.gravatar.com\/avatar\/adf7b77e38b4419baf32c7e9c21dde01f4e40df611f0978e3006fc4ba0aaab7e?s=96&d=mm&r=g","contentUrl":"https:\/\/secure.gravatar.com\/avatar\/adf7b77e38b4419baf32c7e9c21dde01f4e40df611f0978e3006fc4ba0aaab7e?s=96&d=mm&r=g","caption":"Redacci\u00f3n Box Repsol"},"description":"Box Repsol lo forma un equipo de periodistas, community managers, dise\u00f1adores y fot\u00f3grafos con m\u00e1s de 20 a\u00f1os de experiencia en el mundo del motorsport. Hemos vivido el primer mundial de un espa\u00f1ol en la categor\u00eda reina de motociclismo con \u00c1lex Crivill\u00e9, estuvimos en las victorias de Pedrosa y los t\u00edtulos de M\u00e1rquez, acompa\u00f1amos en \u00c1frica a Nani Roma y Marc Coma en sus conquistas del Dakar y hemos vibrado con los t\u00edtulos de Toni Bou en Trial. Adem\u00e1s, en nuestro equipo contamos con expertos en el mundo de las dos y cuatro ruedas tanto de la calle y las carreteras, como de los circuitos. Periodistas que han trabajado en revistas y publicaciones para hacerte llegar desde rutas y consejos de mantenimiento, a curiosidades y trucos de pilotaje.","sameAs":["https:\/\/www.facebook.com\/BoxRepsol\/","https:\/\/www.instagram.com\/box_repsol\/","https:\/\/x.com\/https:\/\/twitter.com\/box_repsol","https:\/\/www.youtube.com\/@Boxrepsol"],"url":"https:\/\/www.boxrepsol.com\/es\/author\/redaccion-box-repsol\/"}]}},"_links":{"self":[{"href":"https:\/\/www.boxrepsol.com\/es\/wp-json\/wp\/v2\/posts\/93229","targetHints":{"allow":["GET"]}}],"collection":[{"href":"https:\/\/www.boxrepsol.com\/es\/wp-json\/wp\/v2\/posts"}],"about":[{"href":"https:\/\/www.boxrepsol.com\/es\/wp-json\/wp\/v2\/types\/post"}],"author":[{"embeddable":true,"href":"https:\/\/www.boxrepsol.com\/es\/wp-json\/wp\/v2\/users\/43146"}],"replies":[{"embeddable":true,"href":"https:\/\/www.boxrepsol.com\/es\/wp-json\/wp\/v2\/comments?post=93229"}],"version-history":[{"count":1,"href":"https:\/\/www.boxrepsol.com\/es\/wp-json\/wp\/v2\/posts\/93229\/revisions"}],"predecessor-version":[{"id":116557,"href":"https:\/\/www.boxrepsol.com\/es\/wp-json\/wp\/v2\/posts\/93229\/revisions\/116557"}],"wp:featuredmedia":[{"embeddable":true,"href":"https:\/\/www.boxrepsol.com\/es\/wp-json\/wp\/v2\/media\/58694"}],"wp:attachment":[{"href":"https:\/\/www.boxrepsol.com\/es\/wp-json\/wp\/v2\/media?parent=93229"}],"wp:term":[{"taxonomy":"category","embeddable":true,"href":"https:\/\/www.boxrepsol.com\/es\/wp-json\/wp\/v2\/categories?post=93229"},{"taxonomy":"post_tag","embeddable":true,"href":"https:\/\/www.boxrepsol.com\/es\/wp-json\/wp\/v2\/tags?post=93229"}],"curies":[{"name":"wp","href":"https:\/\/api.w.org\/{rel}","templated":true}]}}