{"id":93223,"date":"2018-07-01T00:00:00","date_gmt":"2018-07-01T02:00:00","guid":{"rendered":"http:\/\/pre.boxrepsol.com\/sin-categorizar\/veinte-valiosos-puntos-aron-canet-gran-premio-holanda\/"},"modified":"2024-05-22T07:15:45","modified_gmt":"2024-05-22T09:15:45","slug":"veinte-valiosos-puntos-aron-canet-gran-premio-holanda","status":"publish","type":"post","link":"https:\/\/www.boxrepsol.com\/es\/motogp\/veinte-valiosos-puntos-aron-canet-gran-premio-holanda\/","title":{"rendered":"Veinte valiosos puntos para Ar\u00f3n Canet en el Gran Premio de Holanda"},"content":{"rendered":"<blockquote>\n<p>Esperamos que en Alemania podamos intentarlo de nuevo<\/p>\n<p>            <a href=\"http:\/\/twitter.com\/share?text=Esperamos+que+en+Alemania+podamos+intentarlo+de+nuevo&#038;url=https%3A%2F%2Fwww.boxrepsol.com%2Fes%2F%3Fp%3D22313%2F&#038;hashtags=\" target=\"_blank\" data-datalayer='{\"event\": \"socialInteraction\", \"socialNetwork\": \"Twitter\", \"socialAction\": \"Compartir\", \"socialTarget\": \"Frase\"}' rel=\"noopener\"><br \/>\n            twittear        <\/a><\/p>\n<footer>Ar\u00f3n Canet<\/footer>\n<\/blockquote>\n<p><strong>Ar\u00f3n Canet<\/strong> ha salido bien y se ha situado en el grupo de cinco pilotos que han liderado la prueba desde el inicio, separ\u00e1ndose del resto del pelot\u00f3n.<\/p>\n<p>Ha cruzado la meta a 665 mil\u00e9simas del primero y sube hasta la quinta posici\u00f3n en la clasificaci\u00f3n general, reduciendo su diferencia de puntos sobre el l\u00edder del Mundial.<\/p>\n<p><strong>Alonso L\u00f3pez<\/strong> ha rodado en el grupo intermedio, sumando una valiosa experiencia en su primera toma de contacto con la r\u00e1pida pista holandesa.<\/p>\n<h3>\n\t\tAlonso L\u00f3pez<br \/>\n\t<\/h3>\n<blockquote>\n<p>He salido bastante bien y he ido adelantado pilotos; me sent\u00eda c\u00f3modo hoy. En un momento de la carrera hemos llegado en grupo a la \u00faltima frenada y me he tenido que saltar la chicane. Me han penalizado con un segundo y medio y he pensado que ten\u00eda que dejarme pasar por pilotos que iban detr\u00e1s de m\u00ed. Eso me ha hecho perder contacto con el grupo en el que estaba y me he ido hacia atr\u00e1s, al grupo que nos persegu\u00eda. Un posterior incidente con otro piloto me ha hecho perder m\u00e1s tiempo al irme a la grava y destrozar el neum\u00e1tico trasero, as\u00ed que ahora tocar aprender de los errores y pensar ya en la pr\u00f3xima carrera de Alemania, a ver si nos va mejor<\/p>\n<\/blockquote>\n<h3>\n\t\tAr\u00f3n Canet<br \/>\n\t<\/h3>\n<blockquote>\n<p>Carrera divertida. Cuando he querido, he podido ponerme delante. Al final, he terminado en segunda posici\u00f3n; no he podido luchar por la victoria porque a falta de tres vueltas, Mart\u00edn ha aprovechado una situaci\u00f3n que no suele darse, que es que cuatro pilotos de delante bajen repentinamente el ritmo. Finalmente he luchado por la segunda posici\u00f3n en la \u00faltima curva y me la he llevado. He hecho la misma estrategia del a\u00f1o pasado, cuando gan\u00e9 la carrera, pero esta vez no he podido optar a la victoria. Hubiese sido divertido, me la hubiese llevado o no. Esperamos que en Alemania podamos intentarlo de nuevo<\/p>\n<\/blockquote>\n","protected":false},"excerpt":{"rendered":"<p>El piloto Repsol logra la segunda posici\u00f3n y se sit\u00faa quinto en la clasificaci\u00f3n general. Vig\u00e9simo quinta posici\u00f3n para Alonso L\u00f3pez, tras tocarse con varios rivales.<\/p>\n","protected":false},"author":43146,"featured_media":58666,"comment_status":"open","ping_status":"open","sticky":false,"template":"","format":"standard","meta":{"footnotes":""},"categories":[4],"tags":[14],"class_list":["post-93223","post","type-post","status-publish","format-standard","hentry","category-motogp","tag-moto3"],"yoast_head":"<!-- This site is optimized with the Yoast SEO plugin v27.3 - https:\/\/yoast.com\/product\/yoast-seo-wordpress\/ -->\n<title>Veinte valiosos puntos para Ar\u00f3n Canet en el Gran Premio de Holanda - Box Repsol<\/title>\n<meta name=\"description\" content=\"El piloto Repsol logra la segunda posici\u00f3n y se sit\u00faa quinto en la clasificaci\u00f3n general. Vig\u00e9simo quinta posici\u00f3n para Alonso L\u00f3pez,.\" \/>\n<link rel=\"canonical\" href=\"https:\/\/www.boxrepsol.com\/es\/motogp\/veinte-valiosos-puntos-aron-canet-gran-premio-holanda\/\" \/>\n<meta property=\"og:locale\" content=\"es_ES\" \/>\n<meta property=\"og:type\" content=\"article\" \/>\n<meta property=\"og:title\" content=\"Veinte valiosos puntos para Ar\u00f3n Canet en el Gran Premio de Holanda - Box Repsol\" \/>\n<meta property=\"og:description\" content=\"El piloto Repsol logra la segunda posici\u00f3n y se sit\u00faa quinto en la clasificaci\u00f3n general. Vig\u00e9simo quinta posici\u00f3n para Alonso L\u00f3pez,.\" \/>\n<meta property=\"og:url\" content=\"https:\/\/www.boxrepsol.com\/es\/motogp\/veinte-valiosos-puntos-aron-canet-gran-premio-holanda\/\" \/>\n<meta property=\"og:site_name\" content=\"Box Repsol\" \/>\n<meta property=\"article:publisher\" content=\"https:\/\/www.facebook.com\/BoxRepsol\" \/>\n<meta property=\"article:author\" content=\"https:\/\/www.facebook.com\/BoxRepsol\/\" \/>\n<meta property=\"article:published_time\" content=\"2018-07-01T02:00:00+00:00\" \/>\n<meta property=\"article:modified_time\" content=\"2024-05-22T09:15:45+00:00\" \/>\n<meta property=\"og:image\" content=\"https:\/\/bxrepsol.s3.eu-west-1.amazonaws.com\/static\/2022\/08\/29082041\/Moto3-en-Assen-2018.jpg\" \/>\n\t<meta property=\"og:image:width\" content=\"995\" \/>\n\t<meta property=\"og:image:height\" content=\"560\" \/>\n\t<meta property=\"og:image:type\" content=\"image\/jpeg\" \/>\n<meta name=\"author\" content=\"Redacci\u00f3n Box Repsol\" \/>\n<meta name=\"twitter:card\" content=\"summary_large_image\" \/>\n<meta name=\"twitter:creator\" content=\"@https:\/\/twitter.com\/box_repsol\" \/>\n<meta name=\"twitter:site\" content=\"@box_repsol\" \/>\n<meta name=\"twitter:label1\" content=\"Written by\" \/>\n\t<meta name=\"twitter:data1\" content=\"Redacci\u00f3n Box Repsol\" \/>\n\t<meta name=\"twitter:label2\" content=\"Est. reading time\" \/>\n\t<meta name=\"twitter:data2\" content=\"2 minutos\" \/>\n<script type=\"application\/ld+json\" class=\"yoast-schema-graph\">{\"@context\":\"https:\\\/\\\/schema.org\",\"@graph\":[{\"@type\":\"Article\",\"@id\":\"https:\\\/\\\/www.boxrepsol.com\\\/es\\\/motogp\\\/veinte-valiosos-puntos-aron-canet-gran-premio-holanda\\\/#article\",\"isPartOf\":{\"@id\":\"https:\\\/\\\/www.boxrepsol.com\\\/es\\\/motogp\\\/veinte-valiosos-puntos-aron-canet-gran-premio-holanda\\\/\"},\"author\":{\"name\":\"Redacci\u00f3n Box Repsol\",\"@id\":\"https:\\\/\\\/www.boxrepsol.com\\\/es\\\/#\\\/schema\\\/person\\\/c5c2138f2cca251b0ad92b7086bb60b7\"},\"headline\":\"Veinte valiosos puntos para Ar\u00f3n Canet en el Gran Premio de Holanda\",\"datePublished\":\"2018-07-01T02:00:00+00:00\",\"dateModified\":\"2024-05-22T09:15:45+00:00\",\"mainEntityOfPage\":{\"@id\":\"https:\\\/\\\/www.boxrepsol.com\\\/es\\\/motogp\\\/veinte-valiosos-puntos-aron-canet-gran-premio-holanda\\\/\"},\"wordCount\":364,\"commentCount\":0,\"publisher\":{\"@id\":\"https:\\\/\\\/www.boxrepsol.com\\\/es\\\/#organization\"},\"image\":{\"@id\":\"https:\\\/\\\/www.boxrepsol.com\\\/es\\\/motogp\\\/veinte-valiosos-puntos-aron-canet-gran-premio-holanda\\\/#primaryimage\"},\"thumbnailUrl\":\"https:\\\/\\\/bxrepsol.s3.eu-west-1.amazonaws.com\\\/static\\\/2022\\\/08\\\/29082041\\\/Moto3-en-Assen-2018.jpg\",\"keywords\":[\"Moto3\"],\"articleSection\":[\"MotoGP\"],\"inLanguage\":\"es\",\"potentialAction\":[{\"@type\":\"CommentAction\",\"name\":\"Comment\",\"target\":[\"https:\\\/\\\/www.boxrepsol.com\\\/es\\\/motogp\\\/veinte-valiosos-puntos-aron-canet-gran-premio-holanda\\\/#respond\"]}]},{\"@type\":\"WebPage\",\"@id\":\"https:\\\/\\\/www.boxrepsol.com\\\/es\\\/motogp\\\/veinte-valiosos-puntos-aron-canet-gran-premio-holanda\\\/\",\"url\":\"https:\\\/\\\/www.boxrepsol.com\\\/es\\\/motogp\\\/veinte-valiosos-puntos-aron-canet-gran-premio-holanda\\\/\",\"name\":\"Veinte valiosos puntos para Ar\u00f3n Canet en el Gran Premio de Holanda - Box Repsol\",\"isPartOf\":{\"@id\":\"https:\\\/\\\/www.boxrepsol.com\\\/es\\\/#website\"},\"primaryImageOfPage\":{\"@id\":\"https:\\\/\\\/www.boxrepsol.com\\\/es\\\/motogp\\\/veinte-valiosos-puntos-aron-canet-gran-premio-holanda\\\/#primaryimage\"},\"image\":{\"@id\":\"https:\\\/\\\/www.boxrepsol.com\\\/es\\\/motogp\\\/veinte-valiosos-puntos-aron-canet-gran-premio-holanda\\\/#primaryimage\"},\"thumbnailUrl\":\"https:\\\/\\\/bxrepsol.s3.eu-west-1.amazonaws.com\\\/static\\\/2022\\\/08\\\/29082041\\\/Moto3-en-Assen-2018.jpg\",\"datePublished\":\"2018-07-01T02:00:00+00:00\",\"dateModified\":\"2024-05-22T09:15:45+00:00\",\"description\":\"El piloto Repsol logra la segunda posici\u00f3n y se sit\u00faa quinto en la clasificaci\u00f3n general. Vig\u00e9simo quinta posici\u00f3n para Alonso L\u00f3pez,.\",\"breadcrumb\":{\"@id\":\"https:\\\/\\\/www.boxrepsol.com\\\/es\\\/motogp\\\/veinte-valiosos-puntos-aron-canet-gran-premio-holanda\\\/#breadcrumb\"},\"inLanguage\":\"es\",\"potentialAction\":[{\"@type\":\"ReadAction\",\"target\":[\"https:\\\/\\\/www.boxrepsol.com\\\/es\\\/motogp\\\/veinte-valiosos-puntos-aron-canet-gran-premio-holanda\\\/\"]}]},{\"@type\":\"ImageObject\",\"inLanguage\":\"es\",\"@id\":\"https:\\\/\\\/www.boxrepsol.com\\\/es\\\/motogp\\\/veinte-valiosos-puntos-aron-canet-gran-premio-holanda\\\/#primaryimage\",\"url\":\"https:\\\/\\\/bxrepsol.s3.eu-west-1.amazonaws.com\\\/static\\\/2022\\\/08\\\/29082041\\\/Moto3-en-Assen-2018.jpg\",\"contentUrl\":\"https:\\\/\\\/bxrepsol.s3.eu-west-1.amazonaws.com\\\/static\\\/2022\\\/08\\\/29082041\\\/Moto3-en-Assen-2018.jpg\",\"width\":995,\"height\":560,\"caption\":\"MotoGP, Moto3, Q2, Motociclismo, Assen, GP de Holanda, 2018, Dani Pedrosa, Marc M\u00e1rquez, Equipo Repsol Honda, HRC\"},{\"@type\":\"BreadcrumbList\",\"@id\":\"https:\\\/\\\/www.boxrepsol.com\\\/es\\\/motogp\\\/veinte-valiosos-puntos-aron-canet-gran-premio-holanda\\\/#breadcrumb\",\"itemListElement\":[{\"@type\":\"ListItem\",\"position\":1,\"name\":\"Home\",\"item\":\"https:\\\/\\\/www.boxrepsol.com\\\/es\\\/\"},{\"@type\":\"ListItem\",\"position\":2,\"name\":\"Veinte valiosos puntos para Ar\u00f3n Canet en el Gran Premio de Holanda\"}]},{\"@type\":\"WebSite\",\"@id\":\"https:\\\/\\\/www.boxrepsol.com\\\/es\\\/#website\",\"url\":\"https:\\\/\\\/www.boxrepsol.com\\\/es\\\/\",\"name\":\"Box Repsol\",\"description\":\"Box Repsol Site\",\"publisher\":{\"@id\":\"https:\\\/\\\/www.boxrepsol.com\\\/es\\\/#organization\"},\"potentialAction\":[{\"@type\":\"SearchAction\",\"target\":{\"@type\":\"EntryPoint\",\"urlTemplate\":\"https:\\\/\\\/www.boxrepsol.com\\\/es\\\/?s={search_term_string}\"},\"query-input\":{\"@type\":\"PropertyValueSpecification\",\"valueRequired\":true,\"valueName\":\"search_term_string\"}}],\"inLanguage\":\"es\"},{\"@type\":\"Organization\",\"@id\":\"https:\\\/\\\/www.boxrepsol.com\\\/es\\\/#organization\",\"name\":\"Box Repsol\",\"url\":\"https:\\\/\\\/www.boxrepsol.com\\\/es\\\/\",\"logo\":{\"@type\":\"ImageObject\",\"inLanguage\":\"es\",\"@id\":\"https:\\\/\\\/www.boxrepsol.com\\\/es\\\/#\\\/schema\\\/logo\\\/image\\\/\",\"url\":\"https:\\\/\\\/bxrepsol.s3.eu-west-1.amazonaws.com\\\/static\\\/2025\\\/07\\\/30083337\\\/favicon-96x96-1.png\",\"contentUrl\":\"https:\\\/\\\/bxrepsol.s3.eu-west-1.amazonaws.com\\\/static\\\/2025\\\/07\\\/30083337\\\/favicon-96x96-1.png\",\"width\":96,\"height\":96,\"caption\":\"Box Repsol\"},\"image\":{\"@id\":\"https:\\\/\\\/www.boxrepsol.com\\\/es\\\/#\\\/schema\\\/logo\\\/image\\\/\"},\"sameAs\":[\"https:\\\/\\\/www.facebook.com\\\/BoxRepsol\",\"https:\\\/\\\/x.com\\\/box_repsol\",\"http:\\\/\\\/instagram.com\\\/box_repsol\",\"https:\\\/\\\/www.youtube.com\\\/user\\\/RepsolCompeticion\",\"https:\\\/\\\/www.flickr.com\\\/photos\\\/box_repsol\\\/\"]},{\"@type\":\"Person\",\"@id\":\"https:\\\/\\\/www.boxrepsol.com\\\/es\\\/#\\\/schema\\\/person\\\/c5c2138f2cca251b0ad92b7086bb60b7\",\"name\":\"Redacci\u00f3n Box Repsol\",\"image\":{\"@type\":\"ImageObject\",\"inLanguage\":\"es\",\"@id\":\"https:\\\/\\\/secure.gravatar.com\\\/avatar\\\/adf7b77e38b4419baf32c7e9c21dde01f4e40df611f0978e3006fc4ba0aaab7e?s=96&d=mm&r=g\",\"url\":\"https:\\\/\\\/secure.gravatar.com\\\/avatar\\\/adf7b77e38b4419baf32c7e9c21dde01f4e40df611f0978e3006fc4ba0aaab7e?s=96&d=mm&r=g\",\"contentUrl\":\"https:\\\/\\\/secure.gravatar.com\\\/avatar\\\/adf7b77e38b4419baf32c7e9c21dde01f4e40df611f0978e3006fc4ba0aaab7e?s=96&d=mm&r=g\",\"caption\":\"Redacci\u00f3n Box Repsol\"},\"description\":\"Box Repsol lo forma un equipo de periodistas, community managers, dise\u00f1adores y fot\u00f3grafos con m\u00e1s de 20 a\u00f1os de experiencia en el mundo del motorsport. Hemos vivido el primer mundial de un espa\u00f1ol en la categor\u00eda reina de motociclismo con \u00c1lex Crivill\u00e9, estuvimos en las victorias de Pedrosa y los t\u00edtulos de M\u00e1rquez, acompa\u00f1amos en \u00c1frica a Nani Roma y Marc Coma en sus conquistas del Dakar y hemos vibrado con los t\u00edtulos de Toni Bou en Trial. Adem\u00e1s, en nuestro equipo contamos con expertos en el mundo de las dos y cuatro ruedas tanto de la calle y las carreteras, como de los circuitos. Periodistas que han trabajado en revistas y publicaciones para hacerte llegar desde rutas y consejos de mantenimiento, a curiosidades y trucos de pilotaje.\",\"sameAs\":[\"https:\\\/\\\/www.facebook.com\\\/BoxRepsol\\\/\",\"https:\\\/\\\/www.instagram.com\\\/box_repsol\\\/\",\"https:\\\/\\\/x.com\\\/https:\\\/\\\/twitter.com\\\/box_repsol\",\"https:\\\/\\\/www.youtube.com\\\/@Boxrepsol\"],\"url\":\"https:\\\/\\\/www.boxrepsol.com\\\/es\\\/author\\\/redaccion-box-repsol\\\/\"}]}<\/script>\n<!-- \/ Yoast SEO plugin. -->","yoast_head_json":{"title":"Veinte valiosos puntos para Ar\u00f3n Canet en el Gran Premio de Holanda - Box Repsol","description":"El piloto Repsol logra la segunda posici\u00f3n y se sit\u00faa quinto en la clasificaci\u00f3n general. Vig\u00e9simo quinta posici\u00f3n para Alonso L\u00f3pez,.","canonical":"https:\/\/www.boxrepsol.com\/es\/motogp\/veinte-valiosos-puntos-aron-canet-gran-premio-holanda\/","og_locale":"es_ES","og_type":"article","og_title":"Veinte valiosos puntos para Ar\u00f3n Canet en el Gran Premio de Holanda - Box Repsol","og_description":"El piloto Repsol logra la segunda posici\u00f3n y se sit\u00faa quinto en la clasificaci\u00f3n general. Vig\u00e9simo quinta posici\u00f3n para Alonso L\u00f3pez,.","og_url":"https:\/\/www.boxrepsol.com\/es\/motogp\/veinte-valiosos-puntos-aron-canet-gran-premio-holanda\/","og_site_name":"Box Repsol","article_publisher":"https:\/\/www.facebook.com\/BoxRepsol","article_author":"https:\/\/www.facebook.com\/BoxRepsol\/","article_published_time":"2018-07-01T02:00:00+00:00","article_modified_time":"2024-05-22T09:15:45+00:00","og_image":[{"width":995,"height":560,"url":"https:\/\/bxrepsol.s3.eu-west-1.amazonaws.com\/static\/2022\/08\/29082041\/Moto3-en-Assen-2018.jpg","type":"image\/jpeg"}],"author":"Redacci\u00f3n Box Repsol","twitter_card":"summary_large_image","twitter_creator":"@https:\/\/twitter.com\/box_repsol","twitter_site":"@box_repsol","twitter_misc":{"Written by":"Redacci\u00f3n Box Repsol","Est. reading time":"2 minutos"},"schema":{"@context":"https:\/\/schema.org","@graph":[{"@type":"Article","@id":"https:\/\/www.boxrepsol.com\/es\/motogp\/veinte-valiosos-puntos-aron-canet-gran-premio-holanda\/#article","isPartOf":{"@id":"https:\/\/www.boxrepsol.com\/es\/motogp\/veinte-valiosos-puntos-aron-canet-gran-premio-holanda\/"},"author":{"name":"Redacci\u00f3n Box Repsol","@id":"https:\/\/www.boxrepsol.com\/es\/#\/schema\/person\/c5c2138f2cca251b0ad92b7086bb60b7"},"headline":"Veinte valiosos puntos para Ar\u00f3n Canet en el Gran Premio de Holanda","datePublished":"2018-07-01T02:00:00+00:00","dateModified":"2024-05-22T09:15:45+00:00","mainEntityOfPage":{"@id":"https:\/\/www.boxrepsol.com\/es\/motogp\/veinte-valiosos-puntos-aron-canet-gran-premio-holanda\/"},"wordCount":364,"commentCount":0,"publisher":{"@id":"https:\/\/www.boxrepsol.com\/es\/#organization"},"image":{"@id":"https:\/\/www.boxrepsol.com\/es\/motogp\/veinte-valiosos-puntos-aron-canet-gran-premio-holanda\/#primaryimage"},"thumbnailUrl":"https:\/\/bxrepsol.s3.eu-west-1.amazonaws.com\/static\/2022\/08\/29082041\/Moto3-en-Assen-2018.jpg","keywords":["Moto3"],"articleSection":["MotoGP"],"inLanguage":"es","potentialAction":[{"@type":"CommentAction","name":"Comment","target":["https:\/\/www.boxrepsol.com\/es\/motogp\/veinte-valiosos-puntos-aron-canet-gran-premio-holanda\/#respond"]}]},{"@type":"WebPage","@id":"https:\/\/www.boxrepsol.com\/es\/motogp\/veinte-valiosos-puntos-aron-canet-gran-premio-holanda\/","url":"https:\/\/www.boxrepsol.com\/es\/motogp\/veinte-valiosos-puntos-aron-canet-gran-premio-holanda\/","name":"Veinte valiosos puntos para Ar\u00f3n Canet en el Gran Premio de Holanda - Box Repsol","isPartOf":{"@id":"https:\/\/www.boxrepsol.com\/es\/#website"},"primaryImageOfPage":{"@id":"https:\/\/www.boxrepsol.com\/es\/motogp\/veinte-valiosos-puntos-aron-canet-gran-premio-holanda\/#primaryimage"},"image":{"@id":"https:\/\/www.boxrepsol.com\/es\/motogp\/veinte-valiosos-puntos-aron-canet-gran-premio-holanda\/#primaryimage"},"thumbnailUrl":"https:\/\/bxrepsol.s3.eu-west-1.amazonaws.com\/static\/2022\/08\/29082041\/Moto3-en-Assen-2018.jpg","datePublished":"2018-07-01T02:00:00+00:00","dateModified":"2024-05-22T09:15:45+00:00","description":"El piloto Repsol logra la segunda posici\u00f3n y se sit\u00faa quinto en la clasificaci\u00f3n general. Vig\u00e9simo quinta posici\u00f3n para Alonso L\u00f3pez,.","breadcrumb":{"@id":"https:\/\/www.boxrepsol.com\/es\/motogp\/veinte-valiosos-puntos-aron-canet-gran-premio-holanda\/#breadcrumb"},"inLanguage":"es","potentialAction":[{"@type":"ReadAction","target":["https:\/\/www.boxrepsol.com\/es\/motogp\/veinte-valiosos-puntos-aron-canet-gran-premio-holanda\/"]}]},{"@type":"ImageObject","inLanguage":"es","@id":"https:\/\/www.boxrepsol.com\/es\/motogp\/veinte-valiosos-puntos-aron-canet-gran-premio-holanda\/#primaryimage","url":"https:\/\/bxrepsol.s3.eu-west-1.amazonaws.com\/static\/2022\/08\/29082041\/Moto3-en-Assen-2018.jpg","contentUrl":"https:\/\/bxrepsol.s3.eu-west-1.amazonaws.com\/static\/2022\/08\/29082041\/Moto3-en-Assen-2018.jpg","width":995,"height":560,"caption":"MotoGP, Moto3, Q2, Motociclismo, Assen, GP de Holanda, 2018, Dani Pedrosa, Marc M\u00e1rquez, Equipo Repsol Honda, HRC"},{"@type":"BreadcrumbList","@id":"https:\/\/www.boxrepsol.com\/es\/motogp\/veinte-valiosos-puntos-aron-canet-gran-premio-holanda\/#breadcrumb","itemListElement":[{"@type":"ListItem","position":1,"name":"Home","item":"https:\/\/www.boxrepsol.com\/es\/"},{"@type":"ListItem","position":2,"name":"Veinte valiosos puntos para Ar\u00f3n Canet en el Gran Premio de Holanda"}]},{"@type":"WebSite","@id":"https:\/\/www.boxrepsol.com\/es\/#website","url":"https:\/\/www.boxrepsol.com\/es\/","name":"Box Repsol","description":"Box Repsol Site","publisher":{"@id":"https:\/\/www.boxrepsol.com\/es\/#organization"},"potentialAction":[{"@type":"SearchAction","target":{"@type":"EntryPoint","urlTemplate":"https:\/\/www.boxrepsol.com\/es\/?s={search_term_string}"},"query-input":{"@type":"PropertyValueSpecification","valueRequired":true,"valueName":"search_term_string"}}],"inLanguage":"es"},{"@type":"Organization","@id":"https:\/\/www.boxrepsol.com\/es\/#organization","name":"Box Repsol","url":"https:\/\/www.boxrepsol.com\/es\/","logo":{"@type":"ImageObject","inLanguage":"es","@id":"https:\/\/www.boxrepsol.com\/es\/#\/schema\/logo\/image\/","url":"https:\/\/bxrepsol.s3.eu-west-1.amazonaws.com\/static\/2025\/07\/30083337\/favicon-96x96-1.png","contentUrl":"https:\/\/bxrepsol.s3.eu-west-1.amazonaws.com\/static\/2025\/07\/30083337\/favicon-96x96-1.png","width":96,"height":96,"caption":"Box Repsol"},"image":{"@id":"https:\/\/www.boxrepsol.com\/es\/#\/schema\/logo\/image\/"},"sameAs":["https:\/\/www.facebook.com\/BoxRepsol","https:\/\/x.com\/box_repsol","http:\/\/instagram.com\/box_repsol","https:\/\/www.youtube.com\/user\/RepsolCompeticion","https:\/\/www.flickr.com\/photos\/box_repsol\/"]},{"@type":"Person","@id":"https:\/\/www.boxrepsol.com\/es\/#\/schema\/person\/c5c2138f2cca251b0ad92b7086bb60b7","name":"Redacci\u00f3n Box Repsol","image":{"@type":"ImageObject","inLanguage":"es","@id":"https:\/\/secure.gravatar.com\/avatar\/adf7b77e38b4419baf32c7e9c21dde01f4e40df611f0978e3006fc4ba0aaab7e?s=96&d=mm&r=g","url":"https:\/\/secure.gravatar.com\/avatar\/adf7b77e38b4419baf32c7e9c21dde01f4e40df611f0978e3006fc4ba0aaab7e?s=96&d=mm&r=g","contentUrl":"https:\/\/secure.gravatar.com\/avatar\/adf7b77e38b4419baf32c7e9c21dde01f4e40df611f0978e3006fc4ba0aaab7e?s=96&d=mm&r=g","caption":"Redacci\u00f3n Box Repsol"},"description":"Box Repsol lo forma un equipo de periodistas, community managers, dise\u00f1adores y fot\u00f3grafos con m\u00e1s de 20 a\u00f1os de experiencia en el mundo del motorsport. Hemos vivido el primer mundial de un espa\u00f1ol en la categor\u00eda reina de motociclismo con \u00c1lex Crivill\u00e9, estuvimos en las victorias de Pedrosa y los t\u00edtulos de M\u00e1rquez, acompa\u00f1amos en \u00c1frica a Nani Roma y Marc Coma en sus conquistas del Dakar y hemos vibrado con los t\u00edtulos de Toni Bou en Trial. Adem\u00e1s, en nuestro equipo contamos con expertos en el mundo de las dos y cuatro ruedas tanto de la calle y las carreteras, como de los circuitos. Periodistas que han trabajado en revistas y publicaciones para hacerte llegar desde rutas y consejos de mantenimiento, a curiosidades y trucos de pilotaje.","sameAs":["https:\/\/www.facebook.com\/BoxRepsol\/","https:\/\/www.instagram.com\/box_repsol\/","https:\/\/x.com\/https:\/\/twitter.com\/box_repsol","https:\/\/www.youtube.com\/@Boxrepsol"],"url":"https:\/\/www.boxrepsol.com\/es\/author\/redaccion-box-repsol\/"}]}},"_links":{"self":[{"href":"https:\/\/www.boxrepsol.com\/es\/wp-json\/wp\/v2\/posts\/93223","targetHints":{"allow":["GET"]}}],"collection":[{"href":"https:\/\/www.boxrepsol.com\/es\/wp-json\/wp\/v2\/posts"}],"about":[{"href":"https:\/\/www.boxrepsol.com\/es\/wp-json\/wp\/v2\/types\/post"}],"author":[{"embeddable":true,"href":"https:\/\/www.boxrepsol.com\/es\/wp-json\/wp\/v2\/users\/43146"}],"replies":[{"embeddable":true,"href":"https:\/\/www.boxrepsol.com\/es\/wp-json\/wp\/v2\/comments?post=93223"}],"version-history":[{"count":1,"href":"https:\/\/www.boxrepsol.com\/es\/wp-json\/wp\/v2\/posts\/93223\/revisions"}],"predecessor-version":[{"id":116558,"href":"https:\/\/www.boxrepsol.com\/es\/wp-json\/wp\/v2\/posts\/93223\/revisions\/116558"}],"wp:featuredmedia":[{"embeddable":true,"href":"https:\/\/www.boxrepsol.com\/es\/wp-json\/wp\/v2\/media\/58666"}],"wp:attachment":[{"href":"https:\/\/www.boxrepsol.com\/es\/wp-json\/wp\/v2\/media?parent=93223"}],"wp:term":[{"taxonomy":"category","embeddable":true,"href":"https:\/\/www.boxrepsol.com\/es\/wp-json\/wp\/v2\/categories?post=93223"},{"taxonomy":"post_tag","embeddable":true,"href":"https:\/\/www.boxrepsol.com\/es\/wp-json\/wp\/v2\/tags?post=93223"}],"curies":[{"name":"wp","href":"https:\/\/api.w.org\/{rel}","templated":true}]}}