{"id":93219,"date":"2018-06-29T00:00:00","date_gmt":"2018-06-29T02:00:00","guid":{"rendered":"http:\/\/pre.boxrepsol.com\/sin-categorizar\/concentraciones-festivales-moteros-espana-julio\/"},"modified":"2025-06-23T08:14:30","modified_gmt":"2025-06-23T10:14:30","slug":"concentraciones-festivales-moteros-espana-julio","status":"publish","type":"post","link":"https:\/\/www.boxrepsol.com\/es\/vive-tu-moto\/concentraciones-festivales-moteros-espana-julio\/","title":{"rendered":"Concentraciones moteras en julio de 2025 en Espa\u00f1a"},"content":{"rendered":"<p>Una vez llega julio se eleva el rugir de los motores y por tanto las<strong> ganas de coger tu moto y hacer planes con ella.<\/strong> Y aunque la <a href=\"https:\/\/www.boxrepsol.com\/es\/vive-tu-moto\/cual-es-la-mejor-manera-de-hacer-la-ruta-66\/\"><strong>Ruta 66<\/strong><\/a>, sue\u00f1o de todo motero, nos pilla un poco lejos, no por ello vamos a dejar de ponernos en marcha con un calendario que nos lleva al mar, a la monta\u00f1a, a pueblos y a parajes que nada tienen que envidiar a los estadounidenses. <strong>\u00a1Ya est\u00e1s tardando en inscribirte en alguna de estas concentraciones moteras!<\/strong><\/p>\n<div id=\"ez-toc-container\" class=\"ez-toc-v2_0_82_2 counter-hierarchy ez-toc-counter ez-toc-grey ez-toc-container-direction\">\n<div class=\"ez-toc-title-container\">\n<p class=\"ez-toc-title\" style=\"cursor:inherit\">\u00cdndice<\/p>\n<span class=\"ez-toc-title-toggle\"><a href=\"#\" class=\"ez-toc-pull-right ez-toc-btn ez-toc-btn-xs ez-toc-btn-default ez-toc-toggle\" aria-label=\"Toggle Table of Content\"><span class=\"ez-toc-js-icon-con\"><span class=\"\"><span class=\"eztoc-hide\" style=\"display:none;\">Toggle<\/span><span class=\"ez-toc-icon-toggle-span\"><svg style=\"fill: #999;color:#999\" xmlns=\"http:\/\/www.w3.org\/2000\/svg\" class=\"list-377408\" width=\"20px\" height=\"20px\" viewBox=\"0 0 24 24\" fill=\"none\"><path d=\"M6 6H4v2h2V6zm14 0H8v2h12V6zM4 11h2v2H4v-2zm16 0H8v2h12v-2zM4 16h2v2H4v-2zm16 0H8v2h12v-2z\" fill=\"currentColor\"><\/path><\/svg><svg style=\"fill: #999;color:#999\" class=\"arrow-unsorted-368013\" xmlns=\"http:\/\/www.w3.org\/2000\/svg\" width=\"10px\" height=\"10px\" viewBox=\"0 0 24 24\" version=\"1.2\" baseProfile=\"tiny\"><path d=\"M18.2 9.3l-6.2-6.3-6.2 6.3c-.2.2-.3.4-.3.7s.1.5.3.7c.2.2.4.3.7.3h11c.3 0 .5-.1.7-.3.2-.2.3-.5.3-.7s-.1-.5-.3-.7zM5.8 14.7l6.2 6.3 6.2-6.3c.2-.2.3-.5.3-.7s-.1-.5-.3-.7c-.2-.2-.4-.3-.7-.3h-11c-.3 0-.5.1-.7.3-.2.2-.3.5-.3.7s.1.5.3.7z\"\/><\/svg><\/span><\/span><\/span><\/a><\/span><\/div>\n<nav><ul class='ez-toc-list ez-toc-list-level-1 ' ><li class='ez-toc-page-1 ez-toc-heading-level-2'><a class=\"ez-toc-link ez-toc-heading-1\" href=\"https:\/\/www.boxrepsol.com\/es\/vive-tu-moto\/concentraciones-festivales-moteros-espana-julio\/#I_Concentracion_Motera_Ruta_Motiberos\" >I Concentraci\u00f3n Motera Ruta Mot\u00edberos<\/a><\/li><li class='ez-toc-page-1 ez-toc-heading-level-2'><a class=\"ez-toc-link ez-toc-heading-2\" href=\"https:\/\/www.boxrepsol.com\/es\/vive-tu-moto\/concentraciones-festivales-moteros-espana-julio\/#XXXI_Concentracion_Lago_de_Sanabria\" >XXXI Concentraci\u00f3n Lago de Sanabria<\/a><\/li><li class='ez-toc-page-1 ez-toc-heading-level-2'><a class=\"ez-toc-link ez-toc-heading-3\" href=\"https:\/\/www.boxrepsol.com\/es\/vive-tu-moto\/concentraciones-festivales-moteros-espana-julio\/#Gallinero_Moto_Fest\" >Gallinero Moto Fest<\/a><\/li><li class='ez-toc-page-1 ez-toc-heading-level-2'><a class=\"ez-toc-link ez-toc-heading-4\" href=\"https:\/\/www.boxrepsol.com\/es\/vive-tu-moto\/concentraciones-festivales-moteros-espana-julio\/#XV_Concentracion_Ruedas_Raras\" >XV Concentraci\u00f3n Ruedas Raras<\/a><\/li><\/ul><\/nav><\/div>\n<h2><span class=\"ez-toc-section\" id=\"I_Concentracion_Motera_Ruta_Motiberos\"><\/span>I Concentraci\u00f3n Motera Ruta Mot\u00edberos<span class=\"ez-toc-section-end\"><\/span><\/h2>\n<p class=\"my-0\">Este a\u00f1o se celebra la <strong>I Concentraci\u00f3n Motera Ruta Mot\u00edberos<\/strong> en Arens de Lled\u00f3, Teruel, una cita solidaria que promete mucho m\u00e1s que motos. Del <strong>4 al 6 de julio de 2025,<\/strong> podr\u00e1s disfrutar de rutas espectaculares por el Matarra\u00f1a, conciertos en directo, exhibiciones moteras, homenajes, sorteos y un ambiente inmejorable entre amantes de las dos ruedas.<\/p>\n<p class=\"my-0\">Todo lo recaudado ir\u00e1 destinado a <strong>ANUDI Teruel, e<\/strong>n apoyo a la infancia con discapacidad. Las plazas est\u00e1n limitadas a 150 personas: puedes inscribirte anticipadamente hasta el 27 de junio por 45\u202f\u20ac a trav\u00e9s del formulario online, o en el propio recinto durante el evento por 50\u202f\u20ac.<\/p>\n<p><strong>Ubicaci\u00f3n<\/strong>: Ronda de Santander, 24900 Ria\u00f1o, Le\u00f3n<\/p>\n<p><strong>Ubicaci\u00f3n:<\/strong>\u00a0Arens de Lled\u00f3, Teruel<br \/>\n<strong>Fechas:<\/strong>\u00a04, 5 y 6 de julio de 2025<br \/>\n<strong>Precio:<\/strong>\u00a045\u202f\u20ac (anticipada hasta el 27 de junio) \/ 50\u202f\u20ac (en el evento)<br \/>\n<strong>Incluye:<\/strong>\u00a0Comidas, welcome pack, acampada, actividades y sorteo especial<br \/>\n<strong>Plazas limitadas:<\/strong>\u00a0150 personas<\/p>\n<p><img loading=\"lazy\" decoding=\"async\" class=\" wp-image-126214 aligncenter\" src=\"https:\/\/bxrepsol.s3.eu-west-1.amazonaws.com\/static\/2018\/06\/23081310\/ruta-motiberos-2025-1024x1024.jpg\" alt=\"\" width=\"490\" height=\"490\" srcset=\"https:\/\/bxrepsol.s3.eu-west-1.amazonaws.com\/static\/2018\/06\/23081310\/ruta-motiberos-2025-1024x1024.jpg 1024w, https:\/\/bxrepsol.s3.eu-west-1.amazonaws.com\/static\/2018\/06\/23081310\/ruta-motiberos-2025-300x300.jpg 300w, https:\/\/bxrepsol.s3.eu-west-1.amazonaws.com\/static\/2018\/06\/23081310\/ruta-motiberos-2025-150x150.jpg 150w, https:\/\/bxrepsol.s3.eu-west-1.amazonaws.com\/static\/2018\/06\/23081310\/ruta-motiberos-2025-768x768.jpg 768w, https:\/\/bxrepsol.s3.eu-west-1.amazonaws.com\/static\/2018\/06\/23081310\/ruta-motiberos-2025.jpg 1080w\" sizes=\"auto, (max-width: 490px) 100vw, 490px\" \/><\/p>\n<h2><span class=\"ez-toc-section\" id=\"XXXI_Concentracion_Lago_de_Sanabria\"><\/span>XXXI Concentraci\u00f3n Lago de Sanabria<span class=\"ez-toc-section-end\"><\/span><\/h2>\n<p>Un <strong>cl\u00e1sico entre los moteros m\u00e1s veteranos<\/strong>, que tambi\u00e9n ha contagiado a los m\u00e1s j\u00f3venes. En esta concentraci\u00f3n podr\u00e1s disfrutar de actividades de senderismo, rutas moteras y actuaciones en directo, donde la m\u00fasica nunca muere y los D.J. son la mejor medicina. Adem\u00e1s, es una zona ideal para escapar del sofocante calor, rodeada de agua y casta\u00f1os centenarios. Este a\u00f1o la Concentraci\u00f3n Internacional de Motos Lago de Sanabria cumple su 31\u00ba aniversario, as\u00ed que podemos esperar grandes sorpresas.<\/p>\n<p><strong>Ubicaci\u00f3n:\u00a0<\/strong>El Puente de Sanabria, Zamora.<\/p>\n<p><strong>Fechas:\u00a0<\/strong>11 julio 2024 &#8211; 13 julio 2024<\/p>\n<p><strong>Precio<\/strong>: Por determinar<\/p>\n<p><strong>info<\/strong>: <a href=\"https:\/\/motossanabria.com\/\" target=\"_blank\" rel=\"noopener\">https:\/\/motossanabria.com\/<\/a><\/p>\n<p><img loading=\"lazy\" decoding=\"async\" class=\" wp-image-126159 aligncenter\" src=\"https:\/\/bxrepsol.s3.eu-west-1.amazonaws.com\/static\/2024\/04\/23063421\/cartel-concentracion-motos-sanabria.jpg\" alt=\"\" width=\"469\" height=\"655\" srcset=\"https:\/\/bxrepsol.s3.eu-west-1.amazonaws.com\/static\/2024\/04\/23063421\/cartel-concentracion-motos-sanabria.jpg 644w, https:\/\/bxrepsol.s3.eu-west-1.amazonaws.com\/static\/2024\/04\/23063421\/cartel-concentracion-motos-sanabria-215x300.jpg 215w\" sizes=\"auto, (max-width: 469px) 100vw, 469px\" \/><\/p>\n<h2><span class=\"ez-toc-section\" id=\"Gallinero_Moto_Fest\"><\/span>Gallinero Moto Fest<span class=\"ez-toc-section-end\"><\/span><\/h2>\n<p class=\"my-0\">Este a\u00f1o se celebrar\u00e1 el esperado Gallinero Moto Fest, una cita imprescindible para los amantes de las dos ruedas. El pr\u00f3ximo 4,5 y 6 de julio de 2025, en Ribes de Freser (Girona) donde podr\u00e1s disfrutar de un fin de semana repleto de ambiente motero, rutas espectaculares por la zona y una comida popular para todos los inscritos. Adem\u00e1s, el evento contar\u00e1 con m\u00fasica en directo, sorteos y muchas sorpresas para que vivas una experiencia inolvidable junto a otros apasionados de las motos. Marca la fecha en tu calendario y permanece atento, porque muy pronto se anunciar\u00e1n m\u00e1s detalles sobre las actividades que tiene preparado el Gallinero Moto Fest para ti.<\/p>\n<p class=\"my-0\"><strong>Ubicaci\u00f3n:<\/strong> Ribes de Freser (Girona)<br \/>\n<strong>Fecha:<\/strong> 4, 5 y 6 de julio de 2025<br \/>\n<strong>Precio:<\/strong> entrada gratuita<\/p>\n<p><img loading=\"lazy\" decoding=\"async\" class=\" wp-image-126206 aligncenter\" src=\"https:\/\/bxrepsol.s3.eu-west-1.amazonaws.com\/static\/2018\/06\/23075925\/fallinero-motorfest-scaled-1-724x1024.webp\" alt=\"\" width=\"459\" height=\"649\" srcset=\"https:\/\/bxrepsol.s3.eu-west-1.amazonaws.com\/static\/2018\/06\/23075925\/fallinero-motorfest-scaled-1-724x1024.webp 724w, https:\/\/bxrepsol.s3.eu-west-1.amazonaws.com\/static\/2018\/06\/23075925\/fallinero-motorfest-scaled-1-212x300.webp 212w, https:\/\/bxrepsol.s3.eu-west-1.amazonaws.com\/static\/2018\/06\/23075925\/fallinero-motorfest-scaled-1-768x1086.webp 768w, https:\/\/bxrepsol.s3.eu-west-1.amazonaws.com\/static\/2018\/06\/23075925\/fallinero-motorfest-scaled-1-1086x1536.webp 1086w, https:\/\/bxrepsol.s3.eu-west-1.amazonaws.com\/static\/2018\/06\/23075925\/fallinero-motorfest-scaled-1.webp 1448w\" sizes=\"auto, (max-width: 459px) 100vw, 459px\" \/><\/p>\n<h2><span class=\"ez-toc-section\" id=\"XV_Concentracion_Ruedas_Raras\"><\/span>XV Concentraci\u00f3n Ruedas Raras<span class=\"ez-toc-section-end\"><\/span><\/h2>\n<p>La XIV Concentraci\u00f3n Ruedas Raras tendr\u00e1 lugar del 25 al 27 de julio de 2025 en el impresionante entorno de Toro (Zamora). Este evento motero est\u00e1 dise\u00f1ado para que puedas compartir tu pasi\u00f3n por las motos con amigos, disfrutando de concursos, conciertos, desayunos, comidas, cenas, rutas, exhibiciones de freestyle, mon\u00f3logos \u00a1y mucho m\u00e1s! Debes mantenerte atento los pr\u00f3ximos meses para m\u00e1s detalles sobre el programa de actividades y sorpresas que tienen preparadas para ti en esta concentraci\u00f3n.<\/p>\n<p><strong>Ubicaci\u00f3n<\/strong>: Toro, Zamora<\/p>\n<p><strong>Fecha<\/strong>: 25 julio 2024 &#8211; 27 julio 2024<\/p>\n<p><strong>Precio<\/strong>: Por determinar<\/p>\n<p><strong>info<\/strong>: <a href=\"https:\/\/ruedasraras.es\/\" target=\"_blank\" rel=\"noopener\">https:\/\/ruedasraras.es\/<\/a><\/p>\n<p><img loading=\"lazy\" decoding=\"async\" class=\"alignnone size-large wp-image-126204\" src=\"https:\/\/bxrepsol.s3.eu-west-1.amazonaws.com\/static\/2018\/06\/23075248\/ruedas-raras-zamora-1024x576.png\" alt=\"\" width=\"1024\" height=\"576\" srcset=\"https:\/\/bxrepsol.s3.eu-west-1.amazonaws.com\/static\/2018\/06\/23075248\/ruedas-raras-zamora-1024x576.png 1024w, https:\/\/bxrepsol.s3.eu-west-1.amazonaws.com\/static\/2018\/06\/23075248\/ruedas-raras-zamora-300x169.png 300w, https:\/\/bxrepsol.s3.eu-west-1.amazonaws.com\/static\/2018\/06\/23075248\/ruedas-raras-zamora-768x432.png 768w, https:\/\/bxrepsol.s3.eu-west-1.amazonaws.com\/static\/2018\/06\/23075248\/ruedas-raras-zamora-1536x864.png 1536w, https:\/\/bxrepsol.s3.eu-west-1.amazonaws.com\/static\/2018\/06\/23075248\/ruedas-raras-zamora.png 1920w\" sizes=\"auto, (max-width: 1024px) 100vw, 1024px\" \/><\/p>\n","protected":false},"excerpt":{"rendered":"<p>Repasamos las mejores concentraciones moteras del mes de julio en Espa\u00f1a en 2025. \u00bfA cu\u00e1ntas te vas a inscribir?<\/p>\n","protected":false},"author":43146,"featured_media":58653,"comment_status":"open","ping_status":"open","sticky":false,"template":"","format":"standard","meta":{"footnotes":""},"categories":[122],"tags":[175],"class_list":["post-93219","post","type-post","status-publish","format-standard","hentry","category-vive-tu-moto","tag-concentraciones-y-eventos-moteros"],"yoast_head":"<!-- This site is optimized with the Yoast SEO plugin v27.3 - https:\/\/yoast.com\/product\/yoast-seo-wordpress\/ -->\n<title>Las concentraciones moteras de Espa\u00f1a en julio 2025 - Box Repsol<\/title>\n<meta name=\"description\" content=\"Descubre las mejores concentraciones moteras en Espa\u00f1a para julio. Explora estos eventos llenos de diversi\u00f3n y vive tu pasi\u00f3n por las motos.\" \/>\n<link rel=\"canonical\" href=\"https:\/\/www.boxrepsol.com\/es\/vive-tu-moto\/concentraciones-festivales-moteros-espana-julio\/\" \/>\n<meta property=\"og:locale\" content=\"es_ES\" \/>\n<meta property=\"og:type\" content=\"article\" \/>\n<meta property=\"og:title\" content=\"Las concentraciones moteras de Espa\u00f1a en julio 2025 - Box Repsol\" \/>\n<meta property=\"og:description\" content=\"Descubre las mejores concentraciones moteras en Espa\u00f1a para julio. Explora estos eventos llenos de diversi\u00f3n y vive tu pasi\u00f3n por las motos.\" \/>\n<meta property=\"og:url\" content=\"https:\/\/www.boxrepsol.com\/es\/vive-tu-moto\/concentraciones-festivales-moteros-espana-julio\/\" \/>\n<meta property=\"og:site_name\" content=\"Box Repsol\" \/>\n<meta property=\"article:publisher\" content=\"https:\/\/www.facebook.com\/BoxRepsol\" \/>\n<meta property=\"article:author\" content=\"https:\/\/www.facebook.com\/BoxRepsol\/\" \/>\n<meta property=\"article:published_time\" content=\"2018-06-29T02:00:00+00:00\" \/>\n<meta property=\"article:modified_time\" content=\"2025-06-23T10:14:30+00:00\" \/>\n<meta property=\"og:image\" content=\"https:\/\/bxrepsol.s3.eu-west-1.amazonaws.com\/static\/2022\/08\/29082035\/header-131-1.png\" \/>\n\t<meta property=\"og:image:width\" content=\"986\" \/>\n\t<meta property=\"og:image:height\" content=\"555\" \/>\n\t<meta property=\"og:image:type\" content=\"image\/png\" \/>\n<meta name=\"author\" content=\"Redacci\u00f3n Box Repsol\" \/>\n<meta name=\"twitter:card\" content=\"summary_large_image\" \/>\n<meta name=\"twitter:creator\" content=\"@https:\/\/twitter.com\/box_repsol\" \/>\n<meta name=\"twitter:site\" content=\"@box_repsol\" \/>\n<meta name=\"twitter:label1\" content=\"Written by\" \/>\n\t<meta name=\"twitter:data1\" content=\"Redacci\u00f3n Box Repsol\" \/>\n\t<meta name=\"twitter:label2\" content=\"Est. reading time\" \/>\n\t<meta name=\"twitter:data2\" content=\"3 minutos\" \/>\n<script type=\"application\/ld+json\" class=\"yoast-schema-graph\">{\"@context\":\"https:\\\/\\\/schema.org\",\"@graph\":[{\"@type\":\"Article\",\"@id\":\"https:\\\/\\\/www.boxrepsol.com\\\/es\\\/vive-tu-moto\\\/concentraciones-festivales-moteros-espana-julio\\\/#article\",\"isPartOf\":{\"@id\":\"https:\\\/\\\/www.boxrepsol.com\\\/es\\\/vive-tu-moto\\\/concentraciones-festivales-moteros-espana-julio\\\/\"},\"author\":{\"name\":\"Redacci\u00f3n Box Repsol\",\"@id\":\"https:\\\/\\\/www.boxrepsol.com\\\/es\\\/#\\\/schema\\\/person\\\/c5c2138f2cca251b0ad92b7086bb60b7\"},\"headline\":\"Concentraciones moteras en julio de 2025 en Espa\u00f1a\",\"datePublished\":\"2018-06-29T02:00:00+00:00\",\"dateModified\":\"2025-06-23T10:14:30+00:00\",\"mainEntityOfPage\":{\"@id\":\"https:\\\/\\\/www.boxrepsol.com\\\/es\\\/vive-tu-moto\\\/concentraciones-festivales-moteros-espana-julio\\\/\"},\"wordCount\":595,\"commentCount\":0,\"publisher\":{\"@id\":\"https:\\\/\\\/www.boxrepsol.com\\\/es\\\/#organization\"},\"image\":{\"@id\":\"https:\\\/\\\/www.boxrepsol.com\\\/es\\\/vive-tu-moto\\\/concentraciones-festivales-moteros-espana-julio\\\/#primaryimage\"},\"thumbnailUrl\":\"https:\\\/\\\/bxrepsol.s3.eu-west-1.amazonaws.com\\\/static\\\/2022\\\/08\\\/29082035\\\/header-131-1.png\",\"keywords\":[\"concentraciones y eventos moteros\"],\"articleSection\":[\"Vive tu moto\"],\"inLanguage\":\"es\",\"potentialAction\":[{\"@type\":\"CommentAction\",\"name\":\"Comment\",\"target\":[\"https:\\\/\\\/www.boxrepsol.com\\\/es\\\/vive-tu-moto\\\/concentraciones-festivales-moteros-espana-julio\\\/#respond\"]}]},{\"@type\":\"WebPage\",\"@id\":\"https:\\\/\\\/www.boxrepsol.com\\\/es\\\/vive-tu-moto\\\/concentraciones-festivales-moteros-espana-julio\\\/\",\"url\":\"https:\\\/\\\/www.boxrepsol.com\\\/es\\\/vive-tu-moto\\\/concentraciones-festivales-moteros-espana-julio\\\/\",\"name\":\"Las concentraciones moteras de Espa\u00f1a en julio 2025 - Box Repsol\",\"isPartOf\":{\"@id\":\"https:\\\/\\\/www.boxrepsol.com\\\/es\\\/#website\"},\"primaryImageOfPage\":{\"@id\":\"https:\\\/\\\/www.boxrepsol.com\\\/es\\\/vive-tu-moto\\\/concentraciones-festivales-moteros-espana-julio\\\/#primaryimage\"},\"image\":{\"@id\":\"https:\\\/\\\/www.boxrepsol.com\\\/es\\\/vive-tu-moto\\\/concentraciones-festivales-moteros-espana-julio\\\/#primaryimage\"},\"thumbnailUrl\":\"https:\\\/\\\/bxrepsol.s3.eu-west-1.amazonaws.com\\\/static\\\/2022\\\/08\\\/29082035\\\/header-131-1.png\",\"datePublished\":\"2018-06-29T02:00:00+00:00\",\"dateModified\":\"2025-06-23T10:14:30+00:00\",\"description\":\"Descubre las mejores concentraciones moteras en Espa\u00f1a para julio. Explora estos eventos llenos de diversi\u00f3n y vive tu pasi\u00f3n por las motos.\",\"breadcrumb\":{\"@id\":\"https:\\\/\\\/www.boxrepsol.com\\\/es\\\/vive-tu-moto\\\/concentraciones-festivales-moteros-espana-julio\\\/#breadcrumb\"},\"inLanguage\":\"es\",\"potentialAction\":[{\"@type\":\"ReadAction\",\"target\":[\"https:\\\/\\\/www.boxrepsol.com\\\/es\\\/vive-tu-moto\\\/concentraciones-festivales-moteros-espana-julio\\\/\"]}]},{\"@type\":\"ImageObject\",\"inLanguage\":\"es\",\"@id\":\"https:\\\/\\\/www.boxrepsol.com\\\/es\\\/vive-tu-moto\\\/concentraciones-festivales-moteros-espana-julio\\\/#primaryimage\",\"url\":\"https:\\\/\\\/bxrepsol.s3.eu-west-1.amazonaws.com\\\/static\\\/2022\\\/08\\\/29082035\\\/header-131-1.png\",\"contentUrl\":\"https:\\\/\\\/bxrepsol.s3.eu-west-1.amazonaws.com\\\/static\\\/2022\\\/08\\\/29082035\\\/header-131-1.png\",\"width\":986,\"height\":555,\"caption\":\"Motorista conduciendo a toda velocidad junto a la mediana, primera persona\"},{\"@type\":\"BreadcrumbList\",\"@id\":\"https:\\\/\\\/www.boxrepsol.com\\\/es\\\/vive-tu-moto\\\/concentraciones-festivales-moteros-espana-julio\\\/#breadcrumb\",\"itemListElement\":[{\"@type\":\"ListItem\",\"position\":1,\"name\":\"Home\",\"item\":\"https:\\\/\\\/www.boxrepsol.com\\\/es\\\/\"},{\"@type\":\"ListItem\",\"position\":2,\"name\":\"Concentraciones moteras en julio de 2025 en Espa\u00f1a\"}]},{\"@type\":\"WebSite\",\"@id\":\"https:\\\/\\\/www.boxrepsol.com\\\/es\\\/#website\",\"url\":\"https:\\\/\\\/www.boxrepsol.com\\\/es\\\/\",\"name\":\"Box Repsol\",\"description\":\"Box Repsol Site\",\"publisher\":{\"@id\":\"https:\\\/\\\/www.boxrepsol.com\\\/es\\\/#organization\"},\"potentialAction\":[{\"@type\":\"SearchAction\",\"target\":{\"@type\":\"EntryPoint\",\"urlTemplate\":\"https:\\\/\\\/www.boxrepsol.com\\\/es\\\/?s={search_term_string}\"},\"query-input\":{\"@type\":\"PropertyValueSpecification\",\"valueRequired\":true,\"valueName\":\"search_term_string\"}}],\"inLanguage\":\"es\"},{\"@type\":\"Organization\",\"@id\":\"https:\\\/\\\/www.boxrepsol.com\\\/es\\\/#organization\",\"name\":\"Box Repsol\",\"url\":\"https:\\\/\\\/www.boxrepsol.com\\\/es\\\/\",\"logo\":{\"@type\":\"ImageObject\",\"inLanguage\":\"es\",\"@id\":\"https:\\\/\\\/www.boxrepsol.com\\\/es\\\/#\\\/schema\\\/logo\\\/image\\\/\",\"url\":\"https:\\\/\\\/bxrepsol.s3.eu-west-1.amazonaws.com\\\/static\\\/2025\\\/07\\\/30083337\\\/favicon-96x96-1.png\",\"contentUrl\":\"https:\\\/\\\/bxrepsol.s3.eu-west-1.amazonaws.com\\\/static\\\/2025\\\/07\\\/30083337\\\/favicon-96x96-1.png\",\"width\":96,\"height\":96,\"caption\":\"Box Repsol\"},\"image\":{\"@id\":\"https:\\\/\\\/www.boxrepsol.com\\\/es\\\/#\\\/schema\\\/logo\\\/image\\\/\"},\"sameAs\":[\"https:\\\/\\\/www.facebook.com\\\/BoxRepsol\",\"https:\\\/\\\/x.com\\\/box_repsol\",\"http:\\\/\\\/instagram.com\\\/box_repsol\",\"https:\\\/\\\/www.youtube.com\\\/user\\\/RepsolCompeticion\",\"https:\\\/\\\/www.flickr.com\\\/photos\\\/box_repsol\\\/\"]},{\"@type\":\"Person\",\"@id\":\"https:\\\/\\\/www.boxrepsol.com\\\/es\\\/#\\\/schema\\\/person\\\/c5c2138f2cca251b0ad92b7086bb60b7\",\"name\":\"Redacci\u00f3n Box Repsol\",\"image\":{\"@type\":\"ImageObject\",\"inLanguage\":\"es\",\"@id\":\"https:\\\/\\\/secure.gravatar.com\\\/avatar\\\/adf7b77e38b4419baf32c7e9c21dde01f4e40df611f0978e3006fc4ba0aaab7e?s=96&d=mm&r=g\",\"url\":\"https:\\\/\\\/secure.gravatar.com\\\/avatar\\\/adf7b77e38b4419baf32c7e9c21dde01f4e40df611f0978e3006fc4ba0aaab7e?s=96&d=mm&r=g\",\"contentUrl\":\"https:\\\/\\\/secure.gravatar.com\\\/avatar\\\/adf7b77e38b4419baf32c7e9c21dde01f4e40df611f0978e3006fc4ba0aaab7e?s=96&d=mm&r=g\",\"caption\":\"Redacci\u00f3n Box Repsol\"},\"description\":\"Box Repsol lo forma un equipo de periodistas, community managers, dise\u00f1adores y fot\u00f3grafos con m\u00e1s de 20 a\u00f1os de experiencia en el mundo del motorsport. Hemos vivido el primer mundial de un espa\u00f1ol en la categor\u00eda reina de motociclismo con \u00c1lex Crivill\u00e9, estuvimos en las victorias de Pedrosa y los t\u00edtulos de M\u00e1rquez, acompa\u00f1amos en \u00c1frica a Nani Roma y Marc Coma en sus conquistas del Dakar y hemos vibrado con los t\u00edtulos de Toni Bou en Trial. Adem\u00e1s, en nuestro equipo contamos con expertos en el mundo de las dos y cuatro ruedas tanto de la calle y las carreteras, como de los circuitos. Periodistas que han trabajado en revistas y publicaciones para hacerte llegar desde rutas y consejos de mantenimiento, a curiosidades y trucos de pilotaje.\",\"sameAs\":[\"https:\\\/\\\/www.facebook.com\\\/BoxRepsol\\\/\",\"https:\\\/\\\/www.instagram.com\\\/box_repsol\\\/\",\"https:\\\/\\\/x.com\\\/https:\\\/\\\/twitter.com\\\/box_repsol\",\"https:\\\/\\\/www.youtube.com\\\/@Boxrepsol\"],\"url\":\"https:\\\/\\\/www.boxrepsol.com\\\/es\\\/author\\\/redaccion-box-repsol\\\/\"}]}<\/script>\n<!-- \/ Yoast SEO plugin. -->","yoast_head_json":{"title":"Las concentraciones moteras de Espa\u00f1a en julio 2025 - Box Repsol","description":"Descubre las mejores concentraciones moteras en Espa\u00f1a para julio. Explora estos eventos llenos de diversi\u00f3n y vive tu pasi\u00f3n por las motos.","canonical":"https:\/\/www.boxrepsol.com\/es\/vive-tu-moto\/concentraciones-festivales-moteros-espana-julio\/","og_locale":"es_ES","og_type":"article","og_title":"Las concentraciones moteras de Espa\u00f1a en julio 2025 - Box Repsol","og_description":"Descubre las mejores concentraciones moteras en Espa\u00f1a para julio. Explora estos eventos llenos de diversi\u00f3n y vive tu pasi\u00f3n por las motos.","og_url":"https:\/\/www.boxrepsol.com\/es\/vive-tu-moto\/concentraciones-festivales-moteros-espana-julio\/","og_site_name":"Box Repsol","article_publisher":"https:\/\/www.facebook.com\/BoxRepsol","article_author":"https:\/\/www.facebook.com\/BoxRepsol\/","article_published_time":"2018-06-29T02:00:00+00:00","article_modified_time":"2025-06-23T10:14:30+00:00","og_image":[{"width":986,"height":555,"url":"https:\/\/bxrepsol.s3.eu-west-1.amazonaws.com\/static\/2022\/08\/29082035\/header-131-1.png","type":"image\/png"}],"author":"Redacci\u00f3n Box Repsol","twitter_card":"summary_large_image","twitter_creator":"@https:\/\/twitter.com\/box_repsol","twitter_site":"@box_repsol","twitter_misc":{"Written by":"Redacci\u00f3n Box Repsol","Est. reading time":"3 minutos"},"schema":{"@context":"https:\/\/schema.org","@graph":[{"@type":"Article","@id":"https:\/\/www.boxrepsol.com\/es\/vive-tu-moto\/concentraciones-festivales-moteros-espana-julio\/#article","isPartOf":{"@id":"https:\/\/www.boxrepsol.com\/es\/vive-tu-moto\/concentraciones-festivales-moteros-espana-julio\/"},"author":{"name":"Redacci\u00f3n Box Repsol","@id":"https:\/\/www.boxrepsol.com\/es\/#\/schema\/person\/c5c2138f2cca251b0ad92b7086bb60b7"},"headline":"Concentraciones moteras en julio de 2025 en Espa\u00f1a","datePublished":"2018-06-29T02:00:00+00:00","dateModified":"2025-06-23T10:14:30+00:00","mainEntityOfPage":{"@id":"https:\/\/www.boxrepsol.com\/es\/vive-tu-moto\/concentraciones-festivales-moteros-espana-julio\/"},"wordCount":595,"commentCount":0,"publisher":{"@id":"https:\/\/www.boxrepsol.com\/es\/#organization"},"image":{"@id":"https:\/\/www.boxrepsol.com\/es\/vive-tu-moto\/concentraciones-festivales-moteros-espana-julio\/#primaryimage"},"thumbnailUrl":"https:\/\/bxrepsol.s3.eu-west-1.amazonaws.com\/static\/2022\/08\/29082035\/header-131-1.png","keywords":["concentraciones y eventos moteros"],"articleSection":["Vive tu moto"],"inLanguage":"es","potentialAction":[{"@type":"CommentAction","name":"Comment","target":["https:\/\/www.boxrepsol.com\/es\/vive-tu-moto\/concentraciones-festivales-moteros-espana-julio\/#respond"]}]},{"@type":"WebPage","@id":"https:\/\/www.boxrepsol.com\/es\/vive-tu-moto\/concentraciones-festivales-moteros-espana-julio\/","url":"https:\/\/www.boxrepsol.com\/es\/vive-tu-moto\/concentraciones-festivales-moteros-espana-julio\/","name":"Las concentraciones moteras de Espa\u00f1a en julio 2025 - Box Repsol","isPartOf":{"@id":"https:\/\/www.boxrepsol.com\/es\/#website"},"primaryImageOfPage":{"@id":"https:\/\/www.boxrepsol.com\/es\/vive-tu-moto\/concentraciones-festivales-moteros-espana-julio\/#primaryimage"},"image":{"@id":"https:\/\/www.boxrepsol.com\/es\/vive-tu-moto\/concentraciones-festivales-moteros-espana-julio\/#primaryimage"},"thumbnailUrl":"https:\/\/bxrepsol.s3.eu-west-1.amazonaws.com\/static\/2022\/08\/29082035\/header-131-1.png","datePublished":"2018-06-29T02:00:00+00:00","dateModified":"2025-06-23T10:14:30+00:00","description":"Descubre las mejores concentraciones moteras en Espa\u00f1a para julio. Explora estos eventos llenos de diversi\u00f3n y vive tu pasi\u00f3n por las motos.","breadcrumb":{"@id":"https:\/\/www.boxrepsol.com\/es\/vive-tu-moto\/concentraciones-festivales-moteros-espana-julio\/#breadcrumb"},"inLanguage":"es","potentialAction":[{"@type":"ReadAction","target":["https:\/\/www.boxrepsol.com\/es\/vive-tu-moto\/concentraciones-festivales-moteros-espana-julio\/"]}]},{"@type":"ImageObject","inLanguage":"es","@id":"https:\/\/www.boxrepsol.com\/es\/vive-tu-moto\/concentraciones-festivales-moteros-espana-julio\/#primaryimage","url":"https:\/\/bxrepsol.s3.eu-west-1.amazonaws.com\/static\/2022\/08\/29082035\/header-131-1.png","contentUrl":"https:\/\/bxrepsol.s3.eu-west-1.amazonaws.com\/static\/2022\/08\/29082035\/header-131-1.png","width":986,"height":555,"caption":"Motorista conduciendo a toda velocidad junto a la mediana, primera persona"},{"@type":"BreadcrumbList","@id":"https:\/\/www.boxrepsol.com\/es\/vive-tu-moto\/concentraciones-festivales-moteros-espana-julio\/#breadcrumb","itemListElement":[{"@type":"ListItem","position":1,"name":"Home","item":"https:\/\/www.boxrepsol.com\/es\/"},{"@type":"ListItem","position":2,"name":"Concentraciones moteras en julio de 2025 en Espa\u00f1a"}]},{"@type":"WebSite","@id":"https:\/\/www.boxrepsol.com\/es\/#website","url":"https:\/\/www.boxrepsol.com\/es\/","name":"Box Repsol","description":"Box Repsol Site","publisher":{"@id":"https:\/\/www.boxrepsol.com\/es\/#organization"},"potentialAction":[{"@type":"SearchAction","target":{"@type":"EntryPoint","urlTemplate":"https:\/\/www.boxrepsol.com\/es\/?s={search_term_string}"},"query-input":{"@type":"PropertyValueSpecification","valueRequired":true,"valueName":"search_term_string"}}],"inLanguage":"es"},{"@type":"Organization","@id":"https:\/\/www.boxrepsol.com\/es\/#organization","name":"Box Repsol","url":"https:\/\/www.boxrepsol.com\/es\/","logo":{"@type":"ImageObject","inLanguage":"es","@id":"https:\/\/www.boxrepsol.com\/es\/#\/schema\/logo\/image\/","url":"https:\/\/bxrepsol.s3.eu-west-1.amazonaws.com\/static\/2025\/07\/30083337\/favicon-96x96-1.png","contentUrl":"https:\/\/bxrepsol.s3.eu-west-1.amazonaws.com\/static\/2025\/07\/30083337\/favicon-96x96-1.png","width":96,"height":96,"caption":"Box Repsol"},"image":{"@id":"https:\/\/www.boxrepsol.com\/es\/#\/schema\/logo\/image\/"},"sameAs":["https:\/\/www.facebook.com\/BoxRepsol","https:\/\/x.com\/box_repsol","http:\/\/instagram.com\/box_repsol","https:\/\/www.youtube.com\/user\/RepsolCompeticion","https:\/\/www.flickr.com\/photos\/box_repsol\/"]},{"@type":"Person","@id":"https:\/\/www.boxrepsol.com\/es\/#\/schema\/person\/c5c2138f2cca251b0ad92b7086bb60b7","name":"Redacci\u00f3n Box Repsol","image":{"@type":"ImageObject","inLanguage":"es","@id":"https:\/\/secure.gravatar.com\/avatar\/adf7b77e38b4419baf32c7e9c21dde01f4e40df611f0978e3006fc4ba0aaab7e?s=96&d=mm&r=g","url":"https:\/\/secure.gravatar.com\/avatar\/adf7b77e38b4419baf32c7e9c21dde01f4e40df611f0978e3006fc4ba0aaab7e?s=96&d=mm&r=g","contentUrl":"https:\/\/secure.gravatar.com\/avatar\/adf7b77e38b4419baf32c7e9c21dde01f4e40df611f0978e3006fc4ba0aaab7e?s=96&d=mm&r=g","caption":"Redacci\u00f3n Box Repsol"},"description":"Box Repsol lo forma un equipo de periodistas, community managers, dise\u00f1adores y fot\u00f3grafos con m\u00e1s de 20 a\u00f1os de experiencia en el mundo del motorsport. Hemos vivido el primer mundial de un espa\u00f1ol en la categor\u00eda reina de motociclismo con \u00c1lex Crivill\u00e9, estuvimos en las victorias de Pedrosa y los t\u00edtulos de M\u00e1rquez, acompa\u00f1amos en \u00c1frica a Nani Roma y Marc Coma en sus conquistas del Dakar y hemos vibrado con los t\u00edtulos de Toni Bou en Trial. Adem\u00e1s, en nuestro equipo contamos con expertos en el mundo de las dos y cuatro ruedas tanto de la calle y las carreteras, como de los circuitos. Periodistas que han trabajado en revistas y publicaciones para hacerte llegar desde rutas y consejos de mantenimiento, a curiosidades y trucos de pilotaje.","sameAs":["https:\/\/www.facebook.com\/BoxRepsol\/","https:\/\/www.instagram.com\/box_repsol\/","https:\/\/x.com\/https:\/\/twitter.com\/box_repsol","https:\/\/www.youtube.com\/@Boxrepsol"],"url":"https:\/\/www.boxrepsol.com\/es\/author\/redaccion-box-repsol\/"}]}},"_links":{"self":[{"href":"https:\/\/www.boxrepsol.com\/es\/wp-json\/wp\/v2\/posts\/93219","targetHints":{"allow":["GET"]}}],"collection":[{"href":"https:\/\/www.boxrepsol.com\/es\/wp-json\/wp\/v2\/posts"}],"about":[{"href":"https:\/\/www.boxrepsol.com\/es\/wp-json\/wp\/v2\/types\/post"}],"author":[{"embeddable":true,"href":"https:\/\/www.boxrepsol.com\/es\/wp-json\/wp\/v2\/users\/43146"}],"replies":[{"embeddable":true,"href":"https:\/\/www.boxrepsol.com\/es\/wp-json\/wp\/v2\/comments?post=93219"}],"version-history":[{"count":12,"href":"https:\/\/www.boxrepsol.com\/es\/wp-json\/wp\/v2\/posts\/93219\/revisions"}],"predecessor-version":[{"id":126216,"href":"https:\/\/www.boxrepsol.com\/es\/wp-json\/wp\/v2\/posts\/93219\/revisions\/126216"}],"wp:featuredmedia":[{"embeddable":true,"href":"https:\/\/www.boxrepsol.com\/es\/wp-json\/wp\/v2\/media\/58653"}],"wp:attachment":[{"href":"https:\/\/www.boxrepsol.com\/es\/wp-json\/wp\/v2\/media?parent=93219"}],"wp:term":[{"taxonomy":"category","embeddable":true,"href":"https:\/\/www.boxrepsol.com\/es\/wp-json\/wp\/v2\/categories?post=93219"},{"taxonomy":"post_tag","embeddable":true,"href":"https:\/\/www.boxrepsol.com\/es\/wp-json\/wp\/v2\/tags?post=93219"}],"curies":[{"name":"wp","href":"https:\/\/api.w.org\/{rel}","templated":true}]}}