{"id":93217,"date":"2018-06-27T00:00:00","date_gmt":"2018-06-27T02:00:00","guid":{"rendered":"http:\/\/pre.boxrepsol.com\/sin-categorizar\/ian-cater-el-retratista-de-la-moto-clasica\/"},"modified":"2024-05-22T07:16:32","modified_gmt":"2024-05-22T09:16:32","slug":"ian-cater-el-retratista-de-la-moto-clasica","status":"publish","type":"post","link":"https:\/\/www.boxrepsol.com\/es\/cultura-motera\/ian-cater-el-retratista-de-la-moto-clasica\/","title":{"rendered":"Ian Cater, el retratista de la moto cl\u00e1sica"},"content":{"rendered":"<p><strong>Ian Cater<\/strong> hered\u00f3 un don de su padre para el dibujo y hoy es un artista que pinta <strong>motos cl\u00e1sicas<\/strong> que cualquiera quisiera tener colgadas en su pared. Se dedic\u00f3 durante 20 a\u00f1os a la <strong>publicidad<\/strong>, hasta que en el a\u00f1o 2000 se hizo \u2018<strong>freelance\u2019<\/strong>, y entre trabajo y trabajo, empez\u00f3 a pintar motocicletas.<\/p>\n<p>En todas sus obras es f\u00e1cil imaginar a Ian en el <strong>set de rodaje<\/strong> de cualquier producto que le tocara vender. La luz, la colocaci\u00f3n, el entorno, el paisaje de fondo. Las motos cl\u00e1sicas que pinta tienen mucho de todo lo que rodea el mundo de la publicidad. Pero en este caso, adaptado a su gran pasi\u00f3n: las <strong>motos \u2018made un England\u2019 de los a\u00f1os 50 y 60<\/strong>. Y con algunas influencias muy claras que \u00e9l mismo ha admitido: el arte pop de <strong>Roy Lichtenstein<\/strong> y <strong>Andy Warhol<\/strong>, el realismo del estadounidense <strong>Edward Hopper<\/strong> y las ilustraciones de <strong>Norman Rockwell<\/strong>.<\/p>\n<p>El&nbsp; cambio de trabajo coincidi\u00f3, seg\u00fan cuenta \u00e9l mismo en su p\u00e1gina web, con una visita al <strong>Ace Caf\u00e9 Brighton Burn Up<\/strong>, un encuentro motero en el que se dio cuenta de algo que le inspir\u00f3: la gente no solo sigue rodando con aquellas viejas m\u00e1quinas, imperfectas, ruidosas, sino que tambi\u00e9n visten como los <strong>moteros de mediados del siglo XX<\/strong>, cuando las \u2018<strong>Caf\u00e9 Racer\u2019<\/strong> triunfaban en las carreteras del Reino Unido e ir en moto era s\u00edmbolo de <strong>rebeld\u00eda y libertad<\/strong>. Su trabajo es un homenaje a esas soberbias m\u00e1quinas y los que las han pilotado a lo largo de todos estas d\u00e9cadas. &nbsp;Tambi\u00e9n ayud\u00f3 el hecho de que sus dos hermanos tuvieran en casa varias de estas motos que le robaban el coraz\u00f3n cada vez que les iba a ver. Era cuesti\u00f3n de sumar dos m\u00e1s dos: ten\u00eda m\u00e1s tiempo libre, acaba de enamorarse de unas motocicletas y de un ambiente motero de gran car\u00e1cter y los genes le hab\u00edan dotado del arte de pintar.<\/p>\n<p><img loading=\"lazy\" decoding=\"async\" src=\"https:\/\/bxrepsol.s3.eu-west-1.amazonaws.com\/static\/2022\/08\/29082021\/ins-1-41-2.png\" alt=\"\" width=\"704\" height=\"492\"><\/p>\n<p>Todo empez\u00f3 a tomar forma cuando en una de esas visitas a uno de sus hermanos, decidi\u00f3 pintar una de las motos de su peque\u00f1a colecci\u00f3n de cl\u00e1sicas. Era una <strong>62 Royal Enfield Constellation<\/strong>, y, curiosamente, nunca la termin\u00f3. Pero s\u00ed le dio la idea de seguir adelante con aquello de retratar motos antiguas. No solo porque le gusten. Tambi\u00e9n, explica, para reivindicar muchas de las cosas que con el avance de la tecnolog\u00eda est\u00e1n desapareciendo.<\/p>\n<p><img loading=\"lazy\" decoding=\"async\" src=\"https:\/\/bxrepsol.s3.eu-west-1.amazonaws.com\/static\/2022\/08\/29082022\/ins-2-41-2.png\" alt=\"\" width=\"704\" height=\"481\"><\/p>\n<p>El mismo Ian, que suele trabajar con <strong>pintura acr\u00edlica<\/strong>, cuenta en su web c\u00f3mo la publicidad ha marcado su manera de pintar. \u201cTrabaj\u00e9 durante 20 a\u00f1os como <strong>director de arte<\/strong> en anuncios. Al contrario de lo que se pueda pensar, ser capaz de dibujar es muy \u00fatil en publicidad, ya que te ayuda a visualizar las ideas de los clientes. Aprend\u00ed mucho de las fotos en <strong>anuncios de coches<\/strong>, esperando la luz adecuada para crear un suave brillo sobre el metal\u201d. Eso, el juego con la iluminaci\u00f3n que da un <strong>enorme realismo<\/strong> a sus obras, es uno de los principales rasgos de su trabajo art\u00edstico.<\/p>\n<p>Pero no solo se ha detenido en pintar motos cl\u00e1sicas brit\u00e1nicas. Tambi\u00e9n ha tenido tiempo para dibujar alg\u00fan que otro piloto de <strong>MotoGP<\/strong>. Entre ellos, a los campeones del <strong>Equipo Repsol Honda<\/strong>, <strong>Marc M\u00e1rquez<\/strong> y <strong>Dani Pedrosa<\/strong>. Dif\u00edcil cambio de registro, el de pasar de una <strong>Norton<\/strong> o una <strong>Triumph<\/strong> a la Honda de competici\u00f3n. Al fin y al cabo, unas y otras siguen siendo arte del bueno.<\/p>\n<p><img loading=\"lazy\" decoding=\"async\" src=\"https:\/\/bxrepsol.s3.eu-west-1.amazonaws.com\/static\/2022\/08\/29082025\/ins-4-21-2.png\" alt=\"\" width=\"704\" height=\"487\"> <img loading=\"lazy\" decoding=\"async\" src=\"https:\/\/bxrepsol.s3.eu-west-1.amazonaws.com\/static\/2022\/08\/29082026\/ins-5-2-2.png\" alt=\"\" width=\"704\" height=\"487\"><\/p>\n<p>&nbsp;<\/p>\n<p>&nbsp;<\/p>\n<p>&nbsp;<\/p>\n<p>&nbsp;<\/p>\n<p>&nbsp;<\/p>\n<p>Fotos: Ian Carter<\/p>\n","protected":false},"excerpt":{"rendered":"<p>Ian Cater es un ilustrador motero, un artista de los que nos gustan en el Box Repsol. Esperamos que a ti tambi\u00e9n te guste.<\/p>\n","protected":false},"author":43146,"featured_media":58635,"comment_status":"open","ping_status":"open","sticky":false,"template":"","format":"standard","meta":{"footnotes":""},"categories":[160],"tags":[161],"class_list":["post-93217","post","type-post","status-publish","format-standard","hentry","category-cultura-motera","tag-arte-y-cultura-motera"],"yoast_head":"<!-- This site is optimized with the Yoast SEO plugin v27.3 - https:\/\/yoast.com\/product\/yoast-seo-wordpress\/ -->\n<title>Ian Cater, el mejor retratista de la moto cl\u00e1sica - Box Repsol<\/title>\n<meta name=\"description\" content=\"Ian Cater hered\u00f3 un don de su padre para el dibujo y hoy es un artista que pinta motos cl\u00e1sicas que cualquiera quisiera tener colgadas en su pared\" \/>\n<link rel=\"canonical\" href=\"https:\/\/www.boxrepsol.com\/es\/cultura-motera\/ian-cater-el-retratista-de-la-moto-clasica\/\" \/>\n<meta property=\"og:locale\" content=\"es_ES\" \/>\n<meta property=\"og:type\" content=\"article\" \/>\n<meta property=\"og:title\" content=\"Ian Cater, el mejor retratista de la moto cl\u00e1sica - Box Repsol\" \/>\n<meta property=\"og:description\" content=\"Ian Cater hered\u00f3 un don de su padre para el dibujo y hoy es un artista que pinta motos cl\u00e1sicas que cualquiera quisiera tener colgadas en su pared\" \/>\n<meta property=\"og:url\" content=\"https:\/\/www.boxrepsol.com\/es\/cultura-motera\/ian-cater-el-retratista-de-la-moto-clasica\/\" \/>\n<meta property=\"og:site_name\" content=\"Box Repsol\" \/>\n<meta property=\"article:publisher\" content=\"https:\/\/www.facebook.com\/BoxRepsol\" \/>\n<meta property=\"article:author\" content=\"https:\/\/www.facebook.com\/BoxRepsol\/\" \/>\n<meta property=\"article:published_time\" content=\"2018-06-27T02:00:00+00:00\" \/>\n<meta property=\"article:modified_time\" content=\"2024-05-22T09:16:32+00:00\" \/>\n<meta property=\"og:image\" content=\"https:\/\/bxrepsol.s3.eu-west-1.amazonaws.com\/static\/2022\/08\/29082027\/header-corrected3-1.jpg\" \/>\n\t<meta property=\"og:image:width\" content=\"986\" \/>\n\t<meta property=\"og:image:height\" content=\"555\" \/>\n\t<meta property=\"og:image:type\" content=\"image\/jpeg\" \/>\n<meta name=\"author\" content=\"Redacci\u00f3n Box Repsol\" \/>\n<meta name=\"twitter:card\" content=\"summary_large_image\" \/>\n<meta name=\"twitter:creator\" content=\"@https:\/\/twitter.com\/box_repsol\" \/>\n<meta name=\"twitter:site\" content=\"@box_repsol\" \/>\n<meta name=\"twitter:label1\" content=\"Written by\" \/>\n\t<meta name=\"twitter:data1\" content=\"Redacci\u00f3n Box Repsol\" \/>\n\t<meta name=\"twitter:label2\" content=\"Est. reading time\" \/>\n\t<meta name=\"twitter:data2\" content=\"3 minutos\" \/>\n<script type=\"application\/ld+json\" class=\"yoast-schema-graph\">{\"@context\":\"https:\\\/\\\/schema.org\",\"@graph\":[{\"@type\":\"Article\",\"@id\":\"https:\\\/\\\/www.boxrepsol.com\\\/es\\\/cultura-motera\\\/ian-cater-el-retratista-de-la-moto-clasica\\\/#article\",\"isPartOf\":{\"@id\":\"https:\\\/\\\/www.boxrepsol.com\\\/es\\\/cultura-motera\\\/ian-cater-el-retratista-de-la-moto-clasica\\\/\"},\"author\":{\"name\":\"Redacci\u00f3n Box Repsol\",\"@id\":\"https:\\\/\\\/www.boxrepsol.com\\\/es\\\/#\\\/schema\\\/person\\\/c5c2138f2cca251b0ad92b7086bb60b7\"},\"headline\":\"Ian Cater, el retratista de la moto cl\u00e1sica\",\"datePublished\":\"2018-06-27T02:00:00+00:00\",\"dateModified\":\"2024-05-22T09:16:32+00:00\",\"mainEntityOfPage\":{\"@id\":\"https:\\\/\\\/www.boxrepsol.com\\\/es\\\/cultura-motera\\\/ian-cater-el-retratista-de-la-moto-clasica\\\/\"},\"wordCount\":624,\"commentCount\":0,\"publisher\":{\"@id\":\"https:\\\/\\\/www.boxrepsol.com\\\/es\\\/#organization\"},\"image\":{\"@id\":\"https:\\\/\\\/www.boxrepsol.com\\\/es\\\/cultura-motera\\\/ian-cater-el-retratista-de-la-moto-clasica\\\/#primaryimage\"},\"thumbnailUrl\":\"https:\\\/\\\/bxrepsol.s3.eu-west-1.amazonaws.com\\\/static\\\/2022\\\/08\\\/29082027\\\/header-corrected3-1.jpg\",\"keywords\":[\"arte y cultura motera\"],\"articleSection\":[\"Cultura Motera\"],\"inLanguage\":\"es\",\"potentialAction\":[{\"@type\":\"CommentAction\",\"name\":\"Comment\",\"target\":[\"https:\\\/\\\/www.boxrepsol.com\\\/es\\\/cultura-motera\\\/ian-cater-el-retratista-de-la-moto-clasica\\\/#respond\"]}]},{\"@type\":\"WebPage\",\"@id\":\"https:\\\/\\\/www.boxrepsol.com\\\/es\\\/cultura-motera\\\/ian-cater-el-retratista-de-la-moto-clasica\\\/\",\"url\":\"https:\\\/\\\/www.boxrepsol.com\\\/es\\\/cultura-motera\\\/ian-cater-el-retratista-de-la-moto-clasica\\\/\",\"name\":\"Ian Cater, el mejor retratista de la moto cl\u00e1sica - Box Repsol\",\"isPartOf\":{\"@id\":\"https:\\\/\\\/www.boxrepsol.com\\\/es\\\/#website\"},\"primaryImageOfPage\":{\"@id\":\"https:\\\/\\\/www.boxrepsol.com\\\/es\\\/cultura-motera\\\/ian-cater-el-retratista-de-la-moto-clasica\\\/#primaryimage\"},\"image\":{\"@id\":\"https:\\\/\\\/www.boxrepsol.com\\\/es\\\/cultura-motera\\\/ian-cater-el-retratista-de-la-moto-clasica\\\/#primaryimage\"},\"thumbnailUrl\":\"https:\\\/\\\/bxrepsol.s3.eu-west-1.amazonaws.com\\\/static\\\/2022\\\/08\\\/29082027\\\/header-corrected3-1.jpg\",\"datePublished\":\"2018-06-27T02:00:00+00:00\",\"dateModified\":\"2024-05-22T09:16:32+00:00\",\"description\":\"Ian Cater hered\u00f3 un don de su padre para el dibujo y hoy es un artista que pinta motos cl\u00e1sicas que cualquiera quisiera tener colgadas en su pared\",\"breadcrumb\":{\"@id\":\"https:\\\/\\\/www.boxrepsol.com\\\/es\\\/cultura-motera\\\/ian-cater-el-retratista-de-la-moto-clasica\\\/#breadcrumb\"},\"inLanguage\":\"es\",\"potentialAction\":[{\"@type\":\"ReadAction\",\"target\":[\"https:\\\/\\\/www.boxrepsol.com\\\/es\\\/cultura-motera\\\/ian-cater-el-retratista-de-la-moto-clasica\\\/\"]}]},{\"@type\":\"ImageObject\",\"inLanguage\":\"es\",\"@id\":\"https:\\\/\\\/www.boxrepsol.com\\\/es\\\/cultura-motera\\\/ian-cater-el-retratista-de-la-moto-clasica\\\/#primaryimage\",\"url\":\"https:\\\/\\\/bxrepsol.s3.eu-west-1.amazonaws.com\\\/static\\\/2022\\\/08\\\/29082027\\\/header-corrected3-1.jpg\",\"contentUrl\":\"https:\\\/\\\/bxrepsol.s3.eu-west-1.amazonaws.com\\\/static\\\/2022\\\/08\\\/29082027\\\/header-corrected3-1.jpg\",\"width\":986,\"height\":555,\"caption\":\"Motero con pa\u00f1uelo a cuadros al oleo\"},{\"@type\":\"BreadcrumbList\",\"@id\":\"https:\\\/\\\/www.boxrepsol.com\\\/es\\\/cultura-motera\\\/ian-cater-el-retratista-de-la-moto-clasica\\\/#breadcrumb\",\"itemListElement\":[{\"@type\":\"ListItem\",\"position\":1,\"name\":\"Home\",\"item\":\"https:\\\/\\\/www.boxrepsol.com\\\/es\\\/\"},{\"@type\":\"ListItem\",\"position\":2,\"name\":\"Ian Cater, el retratista de la moto cl\u00e1sica\"}]},{\"@type\":\"WebSite\",\"@id\":\"https:\\\/\\\/www.boxrepsol.com\\\/es\\\/#website\",\"url\":\"https:\\\/\\\/www.boxrepsol.com\\\/es\\\/\",\"name\":\"Box Repsol\",\"description\":\"Box Repsol Site\",\"publisher\":{\"@id\":\"https:\\\/\\\/www.boxrepsol.com\\\/es\\\/#organization\"},\"potentialAction\":[{\"@type\":\"SearchAction\",\"target\":{\"@type\":\"EntryPoint\",\"urlTemplate\":\"https:\\\/\\\/www.boxrepsol.com\\\/es\\\/?s={search_term_string}\"},\"query-input\":{\"@type\":\"PropertyValueSpecification\",\"valueRequired\":true,\"valueName\":\"search_term_string\"}}],\"inLanguage\":\"es\"},{\"@type\":\"Organization\",\"@id\":\"https:\\\/\\\/www.boxrepsol.com\\\/es\\\/#organization\",\"name\":\"Box Repsol\",\"url\":\"https:\\\/\\\/www.boxrepsol.com\\\/es\\\/\",\"logo\":{\"@type\":\"ImageObject\",\"inLanguage\":\"es\",\"@id\":\"https:\\\/\\\/www.boxrepsol.com\\\/es\\\/#\\\/schema\\\/logo\\\/image\\\/\",\"url\":\"https:\\\/\\\/bxrepsol.s3.eu-west-1.amazonaws.com\\\/static\\\/2025\\\/07\\\/30083337\\\/favicon-96x96-1.png\",\"contentUrl\":\"https:\\\/\\\/bxrepsol.s3.eu-west-1.amazonaws.com\\\/static\\\/2025\\\/07\\\/30083337\\\/favicon-96x96-1.png\",\"width\":96,\"height\":96,\"caption\":\"Box Repsol\"},\"image\":{\"@id\":\"https:\\\/\\\/www.boxrepsol.com\\\/es\\\/#\\\/schema\\\/logo\\\/image\\\/\"},\"sameAs\":[\"https:\\\/\\\/www.facebook.com\\\/BoxRepsol\",\"https:\\\/\\\/x.com\\\/box_repsol\",\"http:\\\/\\\/instagram.com\\\/box_repsol\",\"https:\\\/\\\/www.youtube.com\\\/user\\\/RepsolCompeticion\",\"https:\\\/\\\/www.flickr.com\\\/photos\\\/box_repsol\\\/\"]},{\"@type\":\"Person\",\"@id\":\"https:\\\/\\\/www.boxrepsol.com\\\/es\\\/#\\\/schema\\\/person\\\/c5c2138f2cca251b0ad92b7086bb60b7\",\"name\":\"Redacci\u00f3n Box Repsol\",\"image\":{\"@type\":\"ImageObject\",\"inLanguage\":\"es\",\"@id\":\"https:\\\/\\\/secure.gravatar.com\\\/avatar\\\/adf7b77e38b4419baf32c7e9c21dde01f4e40df611f0978e3006fc4ba0aaab7e?s=96&d=mm&r=g\",\"url\":\"https:\\\/\\\/secure.gravatar.com\\\/avatar\\\/adf7b77e38b4419baf32c7e9c21dde01f4e40df611f0978e3006fc4ba0aaab7e?s=96&d=mm&r=g\",\"contentUrl\":\"https:\\\/\\\/secure.gravatar.com\\\/avatar\\\/adf7b77e38b4419baf32c7e9c21dde01f4e40df611f0978e3006fc4ba0aaab7e?s=96&d=mm&r=g\",\"caption\":\"Redacci\u00f3n Box Repsol\"},\"description\":\"Box Repsol lo forma un equipo de periodistas, community managers, dise\u00f1adores y fot\u00f3grafos con m\u00e1s de 20 a\u00f1os de experiencia en el mundo del motorsport. Hemos vivido el primer mundial de un espa\u00f1ol en la categor\u00eda reina de motociclismo con \u00c1lex Crivill\u00e9, estuvimos en las victorias de Pedrosa y los t\u00edtulos de M\u00e1rquez, acompa\u00f1amos en \u00c1frica a Nani Roma y Marc Coma en sus conquistas del Dakar y hemos vibrado con los t\u00edtulos de Toni Bou en Trial. Adem\u00e1s, en nuestro equipo contamos con expertos en el mundo de las dos y cuatro ruedas tanto de la calle y las carreteras, como de los circuitos. Periodistas que han trabajado en revistas y publicaciones para hacerte llegar desde rutas y consejos de mantenimiento, a curiosidades y trucos de pilotaje.\",\"sameAs\":[\"https:\\\/\\\/www.facebook.com\\\/BoxRepsol\\\/\",\"https:\\\/\\\/www.instagram.com\\\/box_repsol\\\/\",\"https:\\\/\\\/x.com\\\/https:\\\/\\\/twitter.com\\\/box_repsol\",\"https:\\\/\\\/www.youtube.com\\\/@Boxrepsol\"],\"url\":\"https:\\\/\\\/www.boxrepsol.com\\\/es\\\/author\\\/redaccion-box-repsol\\\/\"}]}<\/script>\n<!-- \/ Yoast SEO plugin. -->","yoast_head_json":{"title":"Ian Cater, el mejor retratista de la moto cl\u00e1sica - Box Repsol","description":"Ian Cater hered\u00f3 un don de su padre para el dibujo y hoy es un artista que pinta motos cl\u00e1sicas que cualquiera quisiera tener colgadas en su pared","canonical":"https:\/\/www.boxrepsol.com\/es\/cultura-motera\/ian-cater-el-retratista-de-la-moto-clasica\/","og_locale":"es_ES","og_type":"article","og_title":"Ian Cater, el mejor retratista de la moto cl\u00e1sica - Box Repsol","og_description":"Ian Cater hered\u00f3 un don de su padre para el dibujo y hoy es un artista que pinta motos cl\u00e1sicas que cualquiera quisiera tener colgadas en su pared","og_url":"https:\/\/www.boxrepsol.com\/es\/cultura-motera\/ian-cater-el-retratista-de-la-moto-clasica\/","og_site_name":"Box Repsol","article_publisher":"https:\/\/www.facebook.com\/BoxRepsol","article_author":"https:\/\/www.facebook.com\/BoxRepsol\/","article_published_time":"2018-06-27T02:00:00+00:00","article_modified_time":"2024-05-22T09:16:32+00:00","og_image":[{"width":986,"height":555,"url":"https:\/\/bxrepsol.s3.eu-west-1.amazonaws.com\/static\/2022\/08\/29082027\/header-corrected3-1.jpg","type":"image\/jpeg"}],"author":"Redacci\u00f3n Box Repsol","twitter_card":"summary_large_image","twitter_creator":"@https:\/\/twitter.com\/box_repsol","twitter_site":"@box_repsol","twitter_misc":{"Written by":"Redacci\u00f3n Box Repsol","Est. reading time":"3 minutos"},"schema":{"@context":"https:\/\/schema.org","@graph":[{"@type":"Article","@id":"https:\/\/www.boxrepsol.com\/es\/cultura-motera\/ian-cater-el-retratista-de-la-moto-clasica\/#article","isPartOf":{"@id":"https:\/\/www.boxrepsol.com\/es\/cultura-motera\/ian-cater-el-retratista-de-la-moto-clasica\/"},"author":{"name":"Redacci\u00f3n Box Repsol","@id":"https:\/\/www.boxrepsol.com\/es\/#\/schema\/person\/c5c2138f2cca251b0ad92b7086bb60b7"},"headline":"Ian Cater, el retratista de la moto cl\u00e1sica","datePublished":"2018-06-27T02:00:00+00:00","dateModified":"2024-05-22T09:16:32+00:00","mainEntityOfPage":{"@id":"https:\/\/www.boxrepsol.com\/es\/cultura-motera\/ian-cater-el-retratista-de-la-moto-clasica\/"},"wordCount":624,"commentCount":0,"publisher":{"@id":"https:\/\/www.boxrepsol.com\/es\/#organization"},"image":{"@id":"https:\/\/www.boxrepsol.com\/es\/cultura-motera\/ian-cater-el-retratista-de-la-moto-clasica\/#primaryimage"},"thumbnailUrl":"https:\/\/bxrepsol.s3.eu-west-1.amazonaws.com\/static\/2022\/08\/29082027\/header-corrected3-1.jpg","keywords":["arte y cultura motera"],"articleSection":["Cultura Motera"],"inLanguage":"es","potentialAction":[{"@type":"CommentAction","name":"Comment","target":["https:\/\/www.boxrepsol.com\/es\/cultura-motera\/ian-cater-el-retratista-de-la-moto-clasica\/#respond"]}]},{"@type":"WebPage","@id":"https:\/\/www.boxrepsol.com\/es\/cultura-motera\/ian-cater-el-retratista-de-la-moto-clasica\/","url":"https:\/\/www.boxrepsol.com\/es\/cultura-motera\/ian-cater-el-retratista-de-la-moto-clasica\/","name":"Ian Cater, el mejor retratista de la moto cl\u00e1sica - Box Repsol","isPartOf":{"@id":"https:\/\/www.boxrepsol.com\/es\/#website"},"primaryImageOfPage":{"@id":"https:\/\/www.boxrepsol.com\/es\/cultura-motera\/ian-cater-el-retratista-de-la-moto-clasica\/#primaryimage"},"image":{"@id":"https:\/\/www.boxrepsol.com\/es\/cultura-motera\/ian-cater-el-retratista-de-la-moto-clasica\/#primaryimage"},"thumbnailUrl":"https:\/\/bxrepsol.s3.eu-west-1.amazonaws.com\/static\/2022\/08\/29082027\/header-corrected3-1.jpg","datePublished":"2018-06-27T02:00:00+00:00","dateModified":"2024-05-22T09:16:32+00:00","description":"Ian Cater hered\u00f3 un don de su padre para el dibujo y hoy es un artista que pinta motos cl\u00e1sicas que cualquiera quisiera tener colgadas en su pared","breadcrumb":{"@id":"https:\/\/www.boxrepsol.com\/es\/cultura-motera\/ian-cater-el-retratista-de-la-moto-clasica\/#breadcrumb"},"inLanguage":"es","potentialAction":[{"@type":"ReadAction","target":["https:\/\/www.boxrepsol.com\/es\/cultura-motera\/ian-cater-el-retratista-de-la-moto-clasica\/"]}]},{"@type":"ImageObject","inLanguage":"es","@id":"https:\/\/www.boxrepsol.com\/es\/cultura-motera\/ian-cater-el-retratista-de-la-moto-clasica\/#primaryimage","url":"https:\/\/bxrepsol.s3.eu-west-1.amazonaws.com\/static\/2022\/08\/29082027\/header-corrected3-1.jpg","contentUrl":"https:\/\/bxrepsol.s3.eu-west-1.amazonaws.com\/static\/2022\/08\/29082027\/header-corrected3-1.jpg","width":986,"height":555,"caption":"Motero con pa\u00f1uelo a cuadros al oleo"},{"@type":"BreadcrumbList","@id":"https:\/\/www.boxrepsol.com\/es\/cultura-motera\/ian-cater-el-retratista-de-la-moto-clasica\/#breadcrumb","itemListElement":[{"@type":"ListItem","position":1,"name":"Home","item":"https:\/\/www.boxrepsol.com\/es\/"},{"@type":"ListItem","position":2,"name":"Ian Cater, el retratista de la moto cl\u00e1sica"}]},{"@type":"WebSite","@id":"https:\/\/www.boxrepsol.com\/es\/#website","url":"https:\/\/www.boxrepsol.com\/es\/","name":"Box Repsol","description":"Box Repsol Site","publisher":{"@id":"https:\/\/www.boxrepsol.com\/es\/#organization"},"potentialAction":[{"@type":"SearchAction","target":{"@type":"EntryPoint","urlTemplate":"https:\/\/www.boxrepsol.com\/es\/?s={search_term_string}"},"query-input":{"@type":"PropertyValueSpecification","valueRequired":true,"valueName":"search_term_string"}}],"inLanguage":"es"},{"@type":"Organization","@id":"https:\/\/www.boxrepsol.com\/es\/#organization","name":"Box Repsol","url":"https:\/\/www.boxrepsol.com\/es\/","logo":{"@type":"ImageObject","inLanguage":"es","@id":"https:\/\/www.boxrepsol.com\/es\/#\/schema\/logo\/image\/","url":"https:\/\/bxrepsol.s3.eu-west-1.amazonaws.com\/static\/2025\/07\/30083337\/favicon-96x96-1.png","contentUrl":"https:\/\/bxrepsol.s3.eu-west-1.amazonaws.com\/static\/2025\/07\/30083337\/favicon-96x96-1.png","width":96,"height":96,"caption":"Box Repsol"},"image":{"@id":"https:\/\/www.boxrepsol.com\/es\/#\/schema\/logo\/image\/"},"sameAs":["https:\/\/www.facebook.com\/BoxRepsol","https:\/\/x.com\/box_repsol","http:\/\/instagram.com\/box_repsol","https:\/\/www.youtube.com\/user\/RepsolCompeticion","https:\/\/www.flickr.com\/photos\/box_repsol\/"]},{"@type":"Person","@id":"https:\/\/www.boxrepsol.com\/es\/#\/schema\/person\/c5c2138f2cca251b0ad92b7086bb60b7","name":"Redacci\u00f3n Box Repsol","image":{"@type":"ImageObject","inLanguage":"es","@id":"https:\/\/secure.gravatar.com\/avatar\/adf7b77e38b4419baf32c7e9c21dde01f4e40df611f0978e3006fc4ba0aaab7e?s=96&d=mm&r=g","url":"https:\/\/secure.gravatar.com\/avatar\/adf7b77e38b4419baf32c7e9c21dde01f4e40df611f0978e3006fc4ba0aaab7e?s=96&d=mm&r=g","contentUrl":"https:\/\/secure.gravatar.com\/avatar\/adf7b77e38b4419baf32c7e9c21dde01f4e40df611f0978e3006fc4ba0aaab7e?s=96&d=mm&r=g","caption":"Redacci\u00f3n Box Repsol"},"description":"Box Repsol lo forma un equipo de periodistas, community managers, dise\u00f1adores y fot\u00f3grafos con m\u00e1s de 20 a\u00f1os de experiencia en el mundo del motorsport. Hemos vivido el primer mundial de un espa\u00f1ol en la categor\u00eda reina de motociclismo con \u00c1lex Crivill\u00e9, estuvimos en las victorias de Pedrosa y los t\u00edtulos de M\u00e1rquez, acompa\u00f1amos en \u00c1frica a Nani Roma y Marc Coma en sus conquistas del Dakar y hemos vibrado con los t\u00edtulos de Toni Bou en Trial. Adem\u00e1s, en nuestro equipo contamos con expertos en el mundo de las dos y cuatro ruedas tanto de la calle y las carreteras, como de los circuitos. Periodistas que han trabajado en revistas y publicaciones para hacerte llegar desde rutas y consejos de mantenimiento, a curiosidades y trucos de pilotaje.","sameAs":["https:\/\/www.facebook.com\/BoxRepsol\/","https:\/\/www.instagram.com\/box_repsol\/","https:\/\/x.com\/https:\/\/twitter.com\/box_repsol","https:\/\/www.youtube.com\/@Boxrepsol"],"url":"https:\/\/www.boxrepsol.com\/es\/author\/redaccion-box-repsol\/"}]}},"_links":{"self":[{"href":"https:\/\/www.boxrepsol.com\/es\/wp-json\/wp\/v2\/posts\/93217","targetHints":{"allow":["GET"]}}],"collection":[{"href":"https:\/\/www.boxrepsol.com\/es\/wp-json\/wp\/v2\/posts"}],"about":[{"href":"https:\/\/www.boxrepsol.com\/es\/wp-json\/wp\/v2\/types\/post"}],"author":[{"embeddable":true,"href":"https:\/\/www.boxrepsol.com\/es\/wp-json\/wp\/v2\/users\/43146"}],"replies":[{"embeddable":true,"href":"https:\/\/www.boxrepsol.com\/es\/wp-json\/wp\/v2\/comments?post=93217"}],"version-history":[{"count":3,"href":"https:\/\/www.boxrepsol.com\/es\/wp-json\/wp\/v2\/posts\/93217\/revisions"}],"predecessor-version":[{"id":110494,"href":"https:\/\/www.boxrepsol.com\/es\/wp-json\/wp\/v2\/posts\/93217\/revisions\/110494"}],"wp:featuredmedia":[{"embeddable":true,"href":"https:\/\/www.boxrepsol.com\/es\/wp-json\/wp\/v2\/media\/58635"}],"wp:attachment":[{"href":"https:\/\/www.boxrepsol.com\/es\/wp-json\/wp\/v2\/media?parent=93217"}],"wp:term":[{"taxonomy":"category","embeddable":true,"href":"https:\/\/www.boxrepsol.com\/es\/wp-json\/wp\/v2\/categories?post=93217"},{"taxonomy":"post_tag","embeddable":true,"href":"https:\/\/www.boxrepsol.com\/es\/wp-json\/wp\/v2\/tags?post=93217"}],"curies":[{"name":"wp","href":"https:\/\/api.w.org\/{rel}","templated":true}]}}