{"id":93214,"date":"2018-06-27T00:00:00","date_gmt":"2018-06-27T02:00:00","guid":{"rendered":"http:\/\/pre.boxrepsol.com\/sin-categorizar\/carlos-checha-la-honda-pilotada-marc-marquez-esta-marcando-la-diferencia\/"},"modified":"2024-05-22T07:16:23","modified_gmt":"2024-05-22T09:16:23","slug":"carlos-checha-la-honda-pilotada-marc-marquez-esta-marcando-la-diferencia","status":"publish","type":"post","link":"https:\/\/www.boxrepsol.com\/es\/motogp\/carlos-checha-la-honda-pilotada-marc-marquez-esta-marcando-la-diferencia\/","title":{"rendered":"Carlos Checa \u00abLa Honda, pilotada por Marc M\u00e1rquez, est\u00e1 marcando la diferencia\u00bb"},"content":{"rendered":"<blockquote>\n<p>Tener a Dani Pedrosa es una garant\u00eda para cualquier marca<\/p>\n<p>            <a href=\"http:\/\/twitter.com\/share?text=Tener+a+Dani+Pedrosa+es+una+garant%C3%ADa+para+cualquier+marca&#038;url=https%3A%2F%2Fwww.boxrepsol.com%2Fes%2F%3Fp%3D22159%2F&#038;hashtags=\" target=\"_blank\" data-datalayer='{\"event\": \"socialInteraction\", \"socialNetwork\": \"Twitter\", \"socialAction\": \"Compartir\", \"socialTarget\": \"Frase\"}' rel=\"noopener\"><br \/>\n            twittear        <\/a><\/p>\n<footer>Carlos Checa<\/footer>\n<\/blockquote>\n<p><em>El expiloto espa\u00f1ol, que se estren\u00f3 en el Mundial de Motociclismo en el a\u00f1o 1993 y vivi\u00f3 el paso de las 500cc a las MotoGP, fue una de las caras conocidas en la prueba celebrada hace dos semanas en Barcelona. A pocos d\u00edas de que d\u00e9 comienzo el Gran Premio de Holanda, Checa nos ofrece su visi\u00f3n sobre la actual temporada y analiza c\u00f3mo ha cambiado el campeonato estos \u00faltimos a\u00f1os.<\/em><\/p>\n<p><strong>\u00bfCU\u00c1L ES EL PRIMER RECUERDO QUE TE VIENE A LA CABEZA CUANDO ENTRAS EN EL CIRCUIT DE BARCELONA-CATALUNYA?<\/strong><\/p>\n<p>\u201cTengo muchos recuerdos del Circuit de Barcelona-Catalunya, pero sin duda uno ser\u00eda la primera carrera en el Mundial, en 1993, cuando corr\u00eda en 125cc y qued\u00e9 s\u00e9ptimo. Por supuesto, tampoco puedo olvidar el Gran Premio de 1996. Fue muy especial, porque era la primera victoria que lograba en 500cc. A\u00fan hoy la gente me recuerda aquel d\u00eda cuando me ve por el\u00a0<em>paddock<\/em>. He corrido muchas veces en Montmel\u00f3 y para m\u00ed siempre ha sido el circuito de casa\u201d.<\/p>\n<p><strong>VIVISTE LA \u00c9POCA DE LAS 500CC Y EL PASO A MOTOGP. \u00bfC\u00d3MO FUE ESE CAMBIO Y QU\u00c9 TE PARECEN LAS MOTOGP ACTUALES?<\/strong><\/p>\n<p>\u201cLa 500cc era una moto que no ten\u00eda tanta tecnolog\u00eda. Ten\u00edas que ir con cuidado con el acelerador, aunque no ten\u00eda tanta potencia. Algo que la gente no suele destacar son los neum\u00e1ticos, pero realmente se not\u00f3 la diferencia cuando llegaron las MotoGP. Pero sin duda, el mayor cambio fue la entrada de la electr\u00f3nica, y desde entonces ha evolucionado mucho. Las MotoGP tienen m\u00e1s potencia, as\u00ed que era importante implementar una buena gesti\u00f3n electr\u00f3nica. Adem\u00e1s, entraron nuevas marcas, y eso hizo crecer al Mundial\u201d.<\/p>\n<p><strong>\u00bfQU\u00c9 VALORACI\u00d3N HAR\u00cdAS DEL ARRANQUE DE LA TEMPORADA ACTUAL?<\/strong><\/p>\n<p>\u201cEl campeonato est\u00e1 muy interesante. Evidentemente, se ha visto una gran diferencia entre M\u00e1rquez y los dem\u00e1s. A pesar de la ca\u00edda en Mugello, a Marc se le ve muy s\u00f3lido y constante, capaz de salvar todo y m\u00e1s. \u00a0En estos momentos creo que los rivales han sido m\u00e1s irregulares. A partir de aqu\u00ed ya se ver\u00e1. Ahora ha aparecido Lorenzo. Su cambio en las \u00faltimas carreras ha sido sorprendente. Por detr\u00e1s, creo que Valentino [Rossi] sigue aguantando, mientras que Vi\u00f1ales no acaba de encontrar el punto, al igual que Pedrosa. Las Suzuki y las KTM parece que est\u00e1n algo lejos. Los \u00faltimos a\u00f1os han sido interesantes y ahora vienen circuitos diferentes, as\u00ed que pinta que ser\u00e1 un campeonato bonito\u201d.<\/p>\n<p><strong>HAS SIDO PILOTO HONDA, YAMAHA Y DUCATI. \u00bfC\u00d3MO VES LAS TRES MARCAS EN LA ACTUALIDAD?<\/strong><\/p>\n<p>\u201cVeo a las tres marcas m\u00e1s igualadas que nunca. Me atrever\u00eda a decir que quiz\u00e1s Ducati es la que mejor est\u00e1 funcionando. Yamaha parece que tiene algunas dificultades, sobre todo en algunos circuitos. La Honda, pilotada por Marc M\u00e1rquez, est\u00e1 marcando la diferencia, pero en general, las tres motos est\u00e1n bastante igualadas. Tampoco veo mal a la Suzuki, aunque a\u00fan le falta algo de motor. KTM sigue siendo un proyecto muy joven y la Aprilia quiz\u00e1s es la que est\u00e1 m\u00e1s atr\u00e1s en estos momentos. Creo que el nuevo reglamento y el cambio de neum\u00e1ticos han ayudado a que se iguale m\u00e1s y que todas las marcas est\u00e9n ah\u00ed. Al final, la diferencia es cuesti\u00f3n de que el piloto se encuentre bien, y eso depende del circuito y las condiciones\u201d.<\/p>\n<p>\t\t\t\t<img decoding=\"async\" src=\"https:\/\/bxrepsol.s3.eu-west-1.amazonaws.com\/static\/2022\/08\/05060426\/00_carlos_checa_repsol_motogp.jpg\" alt=\"00_carlos_checa_repsol_motogp\" itemprop=\"image\"  \/><\/p>\n<p><strong>\u00bfTE ESPERABAS UNA SEGUNDA VICTORIA CONSECUTIVA DE LORENZO?<\/strong><\/p>\n<p>\u201cPensaba que la victoria de Lorenzo llegar\u00eda ya la temporada pasada. Que no fuera as\u00ed, supuso una gran decepci\u00f3n tanto para su f\u00e1brica como para \u00e9l mismo. L\u00e1stima que los resultados han llegado justo en el momento en el que la marca italiana ha decidido no seguir con \u00e9l. Pero nadie se lo esperaba, de haberlo hecho, Ducati hubiera confiado en \u00e9l y hubiera esperado un poco m\u00e1s, a partir de Brno por ejemplo, para poder decidir. No s\u00e9 qu\u00e9 pasar\u00e1 de aqu\u00ed en adelante. Ahora vienen circuitos un poco m\u00e1s dif\u00edciles tanto para \u00e9l como para su moto, as\u00ed que seguramente veremos carreras m\u00e1s abiertas, con m\u00e1s pilotos aspirando a la victoria\u201d.<\/p>\n<p><strong>\u00bfC\u00d3MO VALORAS LA ACTITUD DE M\u00c1RQUEZ DE ASEGURAR EL SEGUNDO PUESTO VIENDO QUE NO POD\u00cdA ALCANZAR A JORGE?<\/strong><\/p>\n<p>\u201cMarc [M\u00e1rquez] es uno de los mejores pilotos y de los m\u00e1s h\u00e1biles ahora mismo. En Barcelona a\u00fan le pesaba el error de Mugello, por lo que el segundo puesto fue lo m\u00e1s inteligente y lo m\u00e1s correcto, ya que intentar atrapar a Lorenzo, que actualmente est\u00e1 fuera del campeonato, hubiera sido un error. Esto le da a Marc un grado de madurez superior al que ten\u00eda en los a\u00f1os anteriores\u201d.<\/p>\n<p><strong>DANI PEDROSA LLEVA 16 A\u00d1OS CONSECUTIVOS LOGRANDO COMO M\u00cdNIMO UNA VICTORIA, LOS \u00daLTIMOS 12 A\u00d1OS EN MOTOGP. \u00bfQU\u00c9 TE DICEN ESTOS N\u00daMEROS DE UN PILOTO CON EL QUE LLEGASTE A COMPETIR?<\/strong><\/p>\n<p>\u201cDani [Pedrosa] es un grand\u00edsimo piloto, pero quiz\u00e1s su f\u00edsico le limita un poco en esta categor\u00eda. Siempre ha ido muy r\u00e1pido, pero las lesiones no le han permitido hacer un a\u00f1o redondo, constante, para obtener un t\u00edtulo. Aun as\u00ed, tener a Dani es una garant\u00eda para cualquier marca, porque siempre estar\u00e1 delante y es un gran trabajador. Ahora mismo est\u00e1\u00a0 haciendo una gran labor con M\u00e1rquez, aunque quiz\u00e1s el hecho de tenerle al lado, le ha dejado en un segundo plano durante estos \u00faltimos a\u00f1os\u201d.<\/p>\n<p><strong>LA SIGUIENTE CITA ES EN ASSEN, UN CIRCUITO T\u00c9CNICO Y R\u00c1PIDO. \u00bfQU\u00c9 CREES QUE VEREMOS ALL\u00cd?<\/strong><\/p>\n<p>\u201cPuede pasar de todo. Veremos qu\u00e9 condiciones presenta el circuito, pero en seco Lorenzo y la Ducati pueden ir muy fuertes. A Marc [M\u00e1rquez] tambi\u00e9n le veremos delante y las Yamaha en Holanda funcionan, es un circuito que se le da bien a Valentino [Rossi]. Es una inc\u00f3gnita lo que pueda pasar con el resto de pilotos que tienen opciones a la victoria\u201d.<\/p>\n<p><strong>\u00bfTE ATREVER\u00cdAS A HACER UN PRON\u00d3STICO DEL TOP 3 FINAL DE LA CLASIFICACI\u00d3N GENERAL?<\/strong><\/p>\n<p>\u201cVeo a Marc como ganador del t\u00edtulo de MotoGP este a\u00f1o. El segundo, si no cambia nada, probablemente pueda ser Valentino Rossi. Por \u00faltimo, tengo dudas de a qui\u00e9n pondr\u00eda en tercer lugar; ahora mismo colocar\u00eda tercero a Lorenzo, aunque si sigue as\u00ed, puede llegar incluso a ser segundo\u201d.<\/p>\n","protected":false},"excerpt":{"rendered":"<p>Carlos Checa, Campe\u00f3n del Mundo de Superbike y expiloto de MotoGP, no quiso perderse el GP de Catalunya, una cita de la que guarda buenos recuerdos de su \u00e9poca en el Mundial.<\/p>\n","protected":false},"author":43146,"featured_media":58618,"comment_status":"open","ping_status":"open","sticky":false,"template":"","format":"standard","meta":{"footnotes":""},"categories":[4],"tags":[178],"class_list":["post-93214","post","type-post","status-publish","format-standard","hentry","category-motogp","tag-pilotos-de-motociclismo"],"yoast_head":"<!-- This site is optimized with the Yoast SEO plugin v27.3 - https:\/\/yoast.com\/product\/yoast-seo-wordpress\/ -->\n<title>Carlos Checa &quot;La Honda, pilotada por Marc M\u00e1rquez, est\u00e1 marcando la diferencia&quot; - Box Repsol<\/title>\n<meta name=\"description\" content=\"Carlos Checa, Campe\u00f3n del Mundo de Superbike y expiloto de MotoGP, no quiso perderse el GP de Catalunya, una cita de la que guarda buenos recuerdos.\" \/>\n<link rel=\"canonical\" href=\"https:\/\/www.boxrepsol.com\/es\/motogp\/carlos-checha-la-honda-pilotada-marc-marquez-esta-marcando-la-diferencia\/\" \/>\n<meta property=\"og:locale\" content=\"es_ES\" \/>\n<meta property=\"og:type\" content=\"article\" \/>\n<meta property=\"og:title\" content=\"Carlos Checa &quot;La Honda, pilotada por Marc M\u00e1rquez, est\u00e1 marcando la diferencia&quot; - Box Repsol\" \/>\n<meta property=\"og:description\" content=\"Carlos Checa, Campe\u00f3n del Mundo de Superbike y expiloto de MotoGP, no quiso perderse el GP de Catalunya, una cita de la que guarda buenos recuerdos.\" \/>\n<meta property=\"og:url\" content=\"https:\/\/www.boxrepsol.com\/es\/motogp\/carlos-checha-la-honda-pilotada-marc-marquez-esta-marcando-la-diferencia\/\" \/>\n<meta property=\"og:site_name\" content=\"Box Repsol\" \/>\n<meta property=\"article:publisher\" content=\"https:\/\/www.facebook.com\/BoxRepsol\" \/>\n<meta property=\"article:author\" content=\"https:\/\/www.facebook.com\/BoxRepsol\/\" \/>\n<meta property=\"article:published_time\" content=\"2018-06-27T02:00:00+00:00\" \/>\n<meta property=\"article:modified_time\" content=\"2024-05-22T09:16:23+00:00\" \/>\n<meta property=\"og:image\" content=\"https:\/\/bxrepsol.s3.eu-west-1.amazonaws.com\/static\/2022\/08\/29082017\/00_carlos_checa_max_biaggi_mick_doohan.jpg\" \/>\n\t<meta property=\"og:image:width\" content=\"995\" \/>\n\t<meta property=\"og:image:height\" content=\"560\" \/>\n\t<meta property=\"og:image:type\" content=\"image\/jpeg\" \/>\n<meta name=\"author\" content=\"Redacci\u00f3n Box Repsol\" \/>\n<meta name=\"twitter:card\" content=\"summary_large_image\" \/>\n<meta name=\"twitter:creator\" content=\"@https:\/\/twitter.com\/box_repsol\" \/>\n<meta name=\"twitter:site\" content=\"@box_repsol\" \/>\n<meta name=\"twitter:label1\" content=\"Written by\" \/>\n\t<meta name=\"twitter:data1\" content=\"Redacci\u00f3n Box Repsol\" \/>\n\t<meta name=\"twitter:label2\" content=\"Est. reading time\" \/>\n\t<meta name=\"twitter:data2\" content=\"6 minutos\" \/>\n<script type=\"application\/ld+json\" class=\"yoast-schema-graph\">{\"@context\":\"https:\\\/\\\/schema.org\",\"@graph\":[{\"@type\":\"Article\",\"@id\":\"https:\\\/\\\/www.boxrepsol.com\\\/es\\\/motogp\\\/carlos-checha-la-honda-pilotada-marc-marquez-esta-marcando-la-diferencia\\\/#article\",\"isPartOf\":{\"@id\":\"https:\\\/\\\/www.boxrepsol.com\\\/es\\\/motogp\\\/carlos-checha-la-honda-pilotada-marc-marquez-esta-marcando-la-diferencia\\\/\"},\"author\":{\"name\":\"Redacci\u00f3n Box Repsol\",\"@id\":\"https:\\\/\\\/www.boxrepsol.com\\\/es\\\/#\\\/schema\\\/person\\\/c5c2138f2cca251b0ad92b7086bb60b7\"},\"headline\":\"Carlos Checa \u00abLa Honda, pilotada por Marc M\u00e1rquez, est\u00e1 marcando la diferencia\u00bb\",\"datePublished\":\"2018-06-27T02:00:00+00:00\",\"dateModified\":\"2024-05-22T09:16:23+00:00\",\"mainEntityOfPage\":{\"@id\":\"https:\\\/\\\/www.boxrepsol.com\\\/es\\\/motogp\\\/carlos-checha-la-honda-pilotada-marc-marquez-esta-marcando-la-diferencia\\\/\"},\"wordCount\":1136,\"commentCount\":0,\"publisher\":{\"@id\":\"https:\\\/\\\/www.boxrepsol.com\\\/es\\\/#organization\"},\"image\":{\"@id\":\"https:\\\/\\\/www.boxrepsol.com\\\/es\\\/motogp\\\/carlos-checha-la-honda-pilotada-marc-marquez-esta-marcando-la-diferencia\\\/#primaryimage\"},\"thumbnailUrl\":\"https:\\\/\\\/bxrepsol.s3.eu-west-1.amazonaws.com\\\/static\\\/2022\\\/08\\\/29082017\\\/00_carlos_checa_max_biaggi_mick_doohan.jpg\",\"keywords\":[\"pilotos de motociclismo\"],\"articleSection\":[\"MotoGP\"],\"inLanguage\":\"es\",\"potentialAction\":[{\"@type\":\"CommentAction\",\"name\":\"Comment\",\"target\":[\"https:\\\/\\\/www.boxrepsol.com\\\/es\\\/motogp\\\/carlos-checha-la-honda-pilotada-marc-marquez-esta-marcando-la-diferencia\\\/#respond\"]}]},{\"@type\":\"WebPage\",\"@id\":\"https:\\\/\\\/www.boxrepsol.com\\\/es\\\/motogp\\\/carlos-checha-la-honda-pilotada-marc-marquez-esta-marcando-la-diferencia\\\/\",\"url\":\"https:\\\/\\\/www.boxrepsol.com\\\/es\\\/motogp\\\/carlos-checha-la-honda-pilotada-marc-marquez-esta-marcando-la-diferencia\\\/\",\"name\":\"Carlos Checa \\\"La Honda, pilotada por Marc M\u00e1rquez, est\u00e1 marcando la diferencia\\\" - Box Repsol\",\"isPartOf\":{\"@id\":\"https:\\\/\\\/www.boxrepsol.com\\\/es\\\/#website\"},\"primaryImageOfPage\":{\"@id\":\"https:\\\/\\\/www.boxrepsol.com\\\/es\\\/motogp\\\/carlos-checha-la-honda-pilotada-marc-marquez-esta-marcando-la-diferencia\\\/#primaryimage\"},\"image\":{\"@id\":\"https:\\\/\\\/www.boxrepsol.com\\\/es\\\/motogp\\\/carlos-checha-la-honda-pilotada-marc-marquez-esta-marcando-la-diferencia\\\/#primaryimage\"},\"thumbnailUrl\":\"https:\\\/\\\/bxrepsol.s3.eu-west-1.amazonaws.com\\\/static\\\/2022\\\/08\\\/29082017\\\/00_carlos_checa_max_biaggi_mick_doohan.jpg\",\"datePublished\":\"2018-06-27T02:00:00+00:00\",\"dateModified\":\"2024-05-22T09:16:23+00:00\",\"description\":\"Carlos Checa, Campe\u00f3n del Mundo de Superbike y expiloto de MotoGP, no quiso perderse el GP de Catalunya, una cita de la que guarda buenos recuerdos.\",\"breadcrumb\":{\"@id\":\"https:\\\/\\\/www.boxrepsol.com\\\/es\\\/motogp\\\/carlos-checha-la-honda-pilotada-marc-marquez-esta-marcando-la-diferencia\\\/#breadcrumb\"},\"inLanguage\":\"es\",\"potentialAction\":[{\"@type\":\"ReadAction\",\"target\":[\"https:\\\/\\\/www.boxrepsol.com\\\/es\\\/motogp\\\/carlos-checha-la-honda-pilotada-marc-marquez-esta-marcando-la-diferencia\\\/\"]}]},{\"@type\":\"ImageObject\",\"inLanguage\":\"es\",\"@id\":\"https:\\\/\\\/www.boxrepsol.com\\\/es\\\/motogp\\\/carlos-checha-la-honda-pilotada-marc-marquez-esta-marcando-la-diferencia\\\/#primaryimage\",\"url\":\"https:\\\/\\\/bxrepsol.s3.eu-west-1.amazonaws.com\\\/static\\\/2022\\\/08\\\/29082017\\\/00_carlos_checa_max_biaggi_mick_doohan.jpg\",\"contentUrl\":\"https:\\\/\\\/bxrepsol.s3.eu-west-1.amazonaws.com\\\/static\\\/2022\\\/08\\\/29082017\\\/00_carlos_checa_max_biaggi_mick_doohan.jpg\",\"width\":995,\"height\":560,\"caption\":\"Carlos Checa en el podio junto a Mick Doohan y Max Biaggi\"},{\"@type\":\"BreadcrumbList\",\"@id\":\"https:\\\/\\\/www.boxrepsol.com\\\/es\\\/motogp\\\/carlos-checha-la-honda-pilotada-marc-marquez-esta-marcando-la-diferencia\\\/#breadcrumb\",\"itemListElement\":[{\"@type\":\"ListItem\",\"position\":1,\"name\":\"Home\",\"item\":\"https:\\\/\\\/www.boxrepsol.com\\\/es\\\/\"},{\"@type\":\"ListItem\",\"position\":2,\"name\":\"Carlos Checa \u00abLa Honda, pilotada por Marc M\u00e1rquez, est\u00e1 marcando la diferencia\u00bb\"}]},{\"@type\":\"WebSite\",\"@id\":\"https:\\\/\\\/www.boxrepsol.com\\\/es\\\/#website\",\"url\":\"https:\\\/\\\/www.boxrepsol.com\\\/es\\\/\",\"name\":\"Box Repsol\",\"description\":\"Box Repsol Site\",\"publisher\":{\"@id\":\"https:\\\/\\\/www.boxrepsol.com\\\/es\\\/#organization\"},\"potentialAction\":[{\"@type\":\"SearchAction\",\"target\":{\"@type\":\"EntryPoint\",\"urlTemplate\":\"https:\\\/\\\/www.boxrepsol.com\\\/es\\\/?s={search_term_string}\"},\"query-input\":{\"@type\":\"PropertyValueSpecification\",\"valueRequired\":true,\"valueName\":\"search_term_string\"}}],\"inLanguage\":\"es\"},{\"@type\":\"Organization\",\"@id\":\"https:\\\/\\\/www.boxrepsol.com\\\/es\\\/#organization\",\"name\":\"Box Repsol\",\"url\":\"https:\\\/\\\/www.boxrepsol.com\\\/es\\\/\",\"logo\":{\"@type\":\"ImageObject\",\"inLanguage\":\"es\",\"@id\":\"https:\\\/\\\/www.boxrepsol.com\\\/es\\\/#\\\/schema\\\/logo\\\/image\\\/\",\"url\":\"https:\\\/\\\/bxrepsol.s3.eu-west-1.amazonaws.com\\\/static\\\/2025\\\/07\\\/30083337\\\/favicon-96x96-1.png\",\"contentUrl\":\"https:\\\/\\\/bxrepsol.s3.eu-west-1.amazonaws.com\\\/static\\\/2025\\\/07\\\/30083337\\\/favicon-96x96-1.png\",\"width\":96,\"height\":96,\"caption\":\"Box Repsol\"},\"image\":{\"@id\":\"https:\\\/\\\/www.boxrepsol.com\\\/es\\\/#\\\/schema\\\/logo\\\/image\\\/\"},\"sameAs\":[\"https:\\\/\\\/www.facebook.com\\\/BoxRepsol\",\"https:\\\/\\\/x.com\\\/box_repsol\",\"http:\\\/\\\/instagram.com\\\/box_repsol\",\"https:\\\/\\\/www.youtube.com\\\/user\\\/RepsolCompeticion\",\"https:\\\/\\\/www.flickr.com\\\/photos\\\/box_repsol\\\/\"]},{\"@type\":\"Person\",\"@id\":\"https:\\\/\\\/www.boxrepsol.com\\\/es\\\/#\\\/schema\\\/person\\\/c5c2138f2cca251b0ad92b7086bb60b7\",\"name\":\"Redacci\u00f3n Box Repsol\",\"image\":{\"@type\":\"ImageObject\",\"inLanguage\":\"es\",\"@id\":\"https:\\\/\\\/secure.gravatar.com\\\/avatar\\\/adf7b77e38b4419baf32c7e9c21dde01f4e40df611f0978e3006fc4ba0aaab7e?s=96&d=mm&r=g\",\"url\":\"https:\\\/\\\/secure.gravatar.com\\\/avatar\\\/adf7b77e38b4419baf32c7e9c21dde01f4e40df611f0978e3006fc4ba0aaab7e?s=96&d=mm&r=g\",\"contentUrl\":\"https:\\\/\\\/secure.gravatar.com\\\/avatar\\\/adf7b77e38b4419baf32c7e9c21dde01f4e40df611f0978e3006fc4ba0aaab7e?s=96&d=mm&r=g\",\"caption\":\"Redacci\u00f3n Box Repsol\"},\"description\":\"Box Repsol lo forma un equipo de periodistas, community managers, dise\u00f1adores y fot\u00f3grafos con m\u00e1s de 20 a\u00f1os de experiencia en el mundo del motorsport. Hemos vivido el primer mundial de un espa\u00f1ol en la categor\u00eda reina de motociclismo con \u00c1lex Crivill\u00e9, estuvimos en las victorias de Pedrosa y los t\u00edtulos de M\u00e1rquez, acompa\u00f1amos en \u00c1frica a Nani Roma y Marc Coma en sus conquistas del Dakar y hemos vibrado con los t\u00edtulos de Toni Bou en Trial. Adem\u00e1s, en nuestro equipo contamos con expertos en el mundo de las dos y cuatro ruedas tanto de la calle y las carreteras, como de los circuitos. Periodistas que han trabajado en revistas y publicaciones para hacerte llegar desde rutas y consejos de mantenimiento, a curiosidades y trucos de pilotaje.\",\"sameAs\":[\"https:\\\/\\\/www.facebook.com\\\/BoxRepsol\\\/\",\"https:\\\/\\\/www.instagram.com\\\/box_repsol\\\/\",\"https:\\\/\\\/x.com\\\/https:\\\/\\\/twitter.com\\\/box_repsol\",\"https:\\\/\\\/www.youtube.com\\\/@Boxrepsol\"],\"url\":\"https:\\\/\\\/www.boxrepsol.com\\\/es\\\/author\\\/redaccion-box-repsol\\\/\"}]}<\/script>\n<!-- \/ Yoast SEO plugin. -->","yoast_head_json":{"title":"Carlos Checa \"La Honda, pilotada por Marc M\u00e1rquez, est\u00e1 marcando la diferencia\" - Box Repsol","description":"Carlos Checa, Campe\u00f3n del Mundo de Superbike y expiloto de MotoGP, no quiso perderse el GP de Catalunya, una cita de la que guarda buenos recuerdos.","canonical":"https:\/\/www.boxrepsol.com\/es\/motogp\/carlos-checha-la-honda-pilotada-marc-marquez-esta-marcando-la-diferencia\/","og_locale":"es_ES","og_type":"article","og_title":"Carlos Checa \"La Honda, pilotada por Marc M\u00e1rquez, est\u00e1 marcando la diferencia\" - Box Repsol","og_description":"Carlos Checa, Campe\u00f3n del Mundo de Superbike y expiloto de MotoGP, no quiso perderse el GP de Catalunya, una cita de la que guarda buenos recuerdos.","og_url":"https:\/\/www.boxrepsol.com\/es\/motogp\/carlos-checha-la-honda-pilotada-marc-marquez-esta-marcando-la-diferencia\/","og_site_name":"Box Repsol","article_publisher":"https:\/\/www.facebook.com\/BoxRepsol","article_author":"https:\/\/www.facebook.com\/BoxRepsol\/","article_published_time":"2018-06-27T02:00:00+00:00","article_modified_time":"2024-05-22T09:16:23+00:00","og_image":[{"width":995,"height":560,"url":"https:\/\/bxrepsol.s3.eu-west-1.amazonaws.com\/static\/2022\/08\/29082017\/00_carlos_checa_max_biaggi_mick_doohan.jpg","type":"image\/jpeg"}],"author":"Redacci\u00f3n Box Repsol","twitter_card":"summary_large_image","twitter_creator":"@https:\/\/twitter.com\/box_repsol","twitter_site":"@box_repsol","twitter_misc":{"Written by":"Redacci\u00f3n Box Repsol","Est. reading time":"6 minutos"},"schema":{"@context":"https:\/\/schema.org","@graph":[{"@type":"Article","@id":"https:\/\/www.boxrepsol.com\/es\/motogp\/carlos-checha-la-honda-pilotada-marc-marquez-esta-marcando-la-diferencia\/#article","isPartOf":{"@id":"https:\/\/www.boxrepsol.com\/es\/motogp\/carlos-checha-la-honda-pilotada-marc-marquez-esta-marcando-la-diferencia\/"},"author":{"name":"Redacci\u00f3n Box Repsol","@id":"https:\/\/www.boxrepsol.com\/es\/#\/schema\/person\/c5c2138f2cca251b0ad92b7086bb60b7"},"headline":"Carlos Checa \u00abLa Honda, pilotada por Marc M\u00e1rquez, est\u00e1 marcando la diferencia\u00bb","datePublished":"2018-06-27T02:00:00+00:00","dateModified":"2024-05-22T09:16:23+00:00","mainEntityOfPage":{"@id":"https:\/\/www.boxrepsol.com\/es\/motogp\/carlos-checha-la-honda-pilotada-marc-marquez-esta-marcando-la-diferencia\/"},"wordCount":1136,"commentCount":0,"publisher":{"@id":"https:\/\/www.boxrepsol.com\/es\/#organization"},"image":{"@id":"https:\/\/www.boxrepsol.com\/es\/motogp\/carlos-checha-la-honda-pilotada-marc-marquez-esta-marcando-la-diferencia\/#primaryimage"},"thumbnailUrl":"https:\/\/bxrepsol.s3.eu-west-1.amazonaws.com\/static\/2022\/08\/29082017\/00_carlos_checa_max_biaggi_mick_doohan.jpg","keywords":["pilotos de motociclismo"],"articleSection":["MotoGP"],"inLanguage":"es","potentialAction":[{"@type":"CommentAction","name":"Comment","target":["https:\/\/www.boxrepsol.com\/es\/motogp\/carlos-checha-la-honda-pilotada-marc-marquez-esta-marcando-la-diferencia\/#respond"]}]},{"@type":"WebPage","@id":"https:\/\/www.boxrepsol.com\/es\/motogp\/carlos-checha-la-honda-pilotada-marc-marquez-esta-marcando-la-diferencia\/","url":"https:\/\/www.boxrepsol.com\/es\/motogp\/carlos-checha-la-honda-pilotada-marc-marquez-esta-marcando-la-diferencia\/","name":"Carlos Checa \"La Honda, pilotada por Marc M\u00e1rquez, est\u00e1 marcando la diferencia\" - Box Repsol","isPartOf":{"@id":"https:\/\/www.boxrepsol.com\/es\/#website"},"primaryImageOfPage":{"@id":"https:\/\/www.boxrepsol.com\/es\/motogp\/carlos-checha-la-honda-pilotada-marc-marquez-esta-marcando-la-diferencia\/#primaryimage"},"image":{"@id":"https:\/\/www.boxrepsol.com\/es\/motogp\/carlos-checha-la-honda-pilotada-marc-marquez-esta-marcando-la-diferencia\/#primaryimage"},"thumbnailUrl":"https:\/\/bxrepsol.s3.eu-west-1.amazonaws.com\/static\/2022\/08\/29082017\/00_carlos_checa_max_biaggi_mick_doohan.jpg","datePublished":"2018-06-27T02:00:00+00:00","dateModified":"2024-05-22T09:16:23+00:00","description":"Carlos Checa, Campe\u00f3n del Mundo de Superbike y expiloto de MotoGP, no quiso perderse el GP de Catalunya, una cita de la que guarda buenos recuerdos.","breadcrumb":{"@id":"https:\/\/www.boxrepsol.com\/es\/motogp\/carlos-checha-la-honda-pilotada-marc-marquez-esta-marcando-la-diferencia\/#breadcrumb"},"inLanguage":"es","potentialAction":[{"@type":"ReadAction","target":["https:\/\/www.boxrepsol.com\/es\/motogp\/carlos-checha-la-honda-pilotada-marc-marquez-esta-marcando-la-diferencia\/"]}]},{"@type":"ImageObject","inLanguage":"es","@id":"https:\/\/www.boxrepsol.com\/es\/motogp\/carlos-checha-la-honda-pilotada-marc-marquez-esta-marcando-la-diferencia\/#primaryimage","url":"https:\/\/bxrepsol.s3.eu-west-1.amazonaws.com\/static\/2022\/08\/29082017\/00_carlos_checa_max_biaggi_mick_doohan.jpg","contentUrl":"https:\/\/bxrepsol.s3.eu-west-1.amazonaws.com\/static\/2022\/08\/29082017\/00_carlos_checa_max_biaggi_mick_doohan.jpg","width":995,"height":560,"caption":"Carlos Checa en el podio junto a Mick Doohan y Max Biaggi"},{"@type":"BreadcrumbList","@id":"https:\/\/www.boxrepsol.com\/es\/motogp\/carlos-checha-la-honda-pilotada-marc-marquez-esta-marcando-la-diferencia\/#breadcrumb","itemListElement":[{"@type":"ListItem","position":1,"name":"Home","item":"https:\/\/www.boxrepsol.com\/es\/"},{"@type":"ListItem","position":2,"name":"Carlos Checa \u00abLa Honda, pilotada por Marc M\u00e1rquez, est\u00e1 marcando la diferencia\u00bb"}]},{"@type":"WebSite","@id":"https:\/\/www.boxrepsol.com\/es\/#website","url":"https:\/\/www.boxrepsol.com\/es\/","name":"Box Repsol","description":"Box Repsol Site","publisher":{"@id":"https:\/\/www.boxrepsol.com\/es\/#organization"},"potentialAction":[{"@type":"SearchAction","target":{"@type":"EntryPoint","urlTemplate":"https:\/\/www.boxrepsol.com\/es\/?s={search_term_string}"},"query-input":{"@type":"PropertyValueSpecification","valueRequired":true,"valueName":"search_term_string"}}],"inLanguage":"es"},{"@type":"Organization","@id":"https:\/\/www.boxrepsol.com\/es\/#organization","name":"Box Repsol","url":"https:\/\/www.boxrepsol.com\/es\/","logo":{"@type":"ImageObject","inLanguage":"es","@id":"https:\/\/www.boxrepsol.com\/es\/#\/schema\/logo\/image\/","url":"https:\/\/bxrepsol.s3.eu-west-1.amazonaws.com\/static\/2025\/07\/30083337\/favicon-96x96-1.png","contentUrl":"https:\/\/bxrepsol.s3.eu-west-1.amazonaws.com\/static\/2025\/07\/30083337\/favicon-96x96-1.png","width":96,"height":96,"caption":"Box Repsol"},"image":{"@id":"https:\/\/www.boxrepsol.com\/es\/#\/schema\/logo\/image\/"},"sameAs":["https:\/\/www.facebook.com\/BoxRepsol","https:\/\/x.com\/box_repsol","http:\/\/instagram.com\/box_repsol","https:\/\/www.youtube.com\/user\/RepsolCompeticion","https:\/\/www.flickr.com\/photos\/box_repsol\/"]},{"@type":"Person","@id":"https:\/\/www.boxrepsol.com\/es\/#\/schema\/person\/c5c2138f2cca251b0ad92b7086bb60b7","name":"Redacci\u00f3n Box Repsol","image":{"@type":"ImageObject","inLanguage":"es","@id":"https:\/\/secure.gravatar.com\/avatar\/adf7b77e38b4419baf32c7e9c21dde01f4e40df611f0978e3006fc4ba0aaab7e?s=96&d=mm&r=g","url":"https:\/\/secure.gravatar.com\/avatar\/adf7b77e38b4419baf32c7e9c21dde01f4e40df611f0978e3006fc4ba0aaab7e?s=96&d=mm&r=g","contentUrl":"https:\/\/secure.gravatar.com\/avatar\/adf7b77e38b4419baf32c7e9c21dde01f4e40df611f0978e3006fc4ba0aaab7e?s=96&d=mm&r=g","caption":"Redacci\u00f3n Box Repsol"},"description":"Box Repsol lo forma un equipo de periodistas, community managers, dise\u00f1adores y fot\u00f3grafos con m\u00e1s de 20 a\u00f1os de experiencia en el mundo del motorsport. Hemos vivido el primer mundial de un espa\u00f1ol en la categor\u00eda reina de motociclismo con \u00c1lex Crivill\u00e9, estuvimos en las victorias de Pedrosa y los t\u00edtulos de M\u00e1rquez, acompa\u00f1amos en \u00c1frica a Nani Roma y Marc Coma en sus conquistas del Dakar y hemos vibrado con los t\u00edtulos de Toni Bou en Trial. Adem\u00e1s, en nuestro equipo contamos con expertos en el mundo de las dos y cuatro ruedas tanto de la calle y las carreteras, como de los circuitos. Periodistas que han trabajado en revistas y publicaciones para hacerte llegar desde rutas y consejos de mantenimiento, a curiosidades y trucos de pilotaje.","sameAs":["https:\/\/www.facebook.com\/BoxRepsol\/","https:\/\/www.instagram.com\/box_repsol\/","https:\/\/x.com\/https:\/\/twitter.com\/box_repsol","https:\/\/www.youtube.com\/@Boxrepsol"],"url":"https:\/\/www.boxrepsol.com\/es\/author\/redaccion-box-repsol\/"}]}},"_links":{"self":[{"href":"https:\/\/www.boxrepsol.com\/es\/wp-json\/wp\/v2\/posts\/93214","targetHints":{"allow":["GET"]}}],"collection":[{"href":"https:\/\/www.boxrepsol.com\/es\/wp-json\/wp\/v2\/posts"}],"about":[{"href":"https:\/\/www.boxrepsol.com\/es\/wp-json\/wp\/v2\/types\/post"}],"author":[{"embeddable":true,"href":"https:\/\/www.boxrepsol.com\/es\/wp-json\/wp\/v2\/users\/43146"}],"replies":[{"embeddable":true,"href":"https:\/\/www.boxrepsol.com\/es\/wp-json\/wp\/v2\/comments?post=93214"}],"version-history":[{"count":1,"href":"https:\/\/www.boxrepsol.com\/es\/wp-json\/wp\/v2\/posts\/93214\/revisions"}],"predecessor-version":[{"id":93215,"href":"https:\/\/www.boxrepsol.com\/es\/wp-json\/wp\/v2\/posts\/93214\/revisions\/93215"}],"wp:featuredmedia":[{"embeddable":true,"href":"https:\/\/www.boxrepsol.com\/es\/wp-json\/wp\/v2\/media\/58618"}],"wp:attachment":[{"href":"https:\/\/www.boxrepsol.com\/es\/wp-json\/wp\/v2\/media?parent=93214"}],"wp:term":[{"taxonomy":"category","embeddable":true,"href":"https:\/\/www.boxrepsol.com\/es\/wp-json\/wp\/v2\/categories?post=93214"},{"taxonomy":"post_tag","embeddable":true,"href":"https:\/\/www.boxrepsol.com\/es\/wp-json\/wp\/v2\/tags?post=93214"}],"curies":[{"name":"wp","href":"https:\/\/api.w.org\/{rel}","templated":true}]}}