{"id":93210,"date":"2018-06-26T00:00:00","date_gmt":"2018-06-26T02:00:00","guid":{"rendered":"http:\/\/pre.boxrepsol.com\/sin-categorizar\/marquez-y-pedrosa-vuelven-a-la-catedral-del-motociclismo\/"},"modified":"2024-05-22T07:16:41","modified_gmt":"2024-05-22T09:16:41","slug":"marquez-y-pedrosa-vuelven-a-la-catedral-del-motociclismo","status":"publish","type":"post","link":"https:\/\/www.boxrepsol.com\/es\/motogp\/marquez-y-pedrosa-vuelven-a-la-catedral-del-motociclismo\/","title":{"rendered":"M\u00e1rquez y Pedrosa vuelven a la Catedral del motociclismo"},"content":{"rendered":"<blockquote>\n<p>Intentaremos hacer las cosas bien desde el viernes por la ma\u00f1ana y estar preparados para cualquier situaci\u00f3n que nos encontremos.<\/p>\n<p>            <a href=\"http:\/\/twitter.com\/share?text=Intentaremos+hacer+las+cosas+bien+desde+el+viernes+por+la+ma%C3%B1ana+y+estar+preparados+para+cualquier+situaci%C3%B3n+que+nos+encontremos.&#038;url=https%3A%2F%2Fwww.boxrepsol.com%2Fes%2F%3Fp%3D22092%2F&#038;hashtags=\" target=\"_blank\" data-datalayer='{\"event\": \"socialInteraction\", \"socialNetwork\": \"Twitter\", \"socialAction\": \"Compartir\", \"socialTarget\": \"Frase\"}' rel=\"noopener\"><br \/>\n            twittear        <\/a><\/p>\n<footer>Dani Pedrosa<\/footer>\n<\/blockquote>\n<p>Marc M\u00e1rquez lleva ocho a\u00f1os consecutivos subiendo al podio del Gran Premio de Holanda, cuatro de ellos en el primer escal\u00f3n: en 2010 (125cc), en 2011 y 2012 (Moto2) y en 2014 (MotoGP).<\/p>\n<p>Dani Pedrosa logr\u00f3 su primer triunfo mundialista en el circuito de Assen, en 125cc (2002), el primer podio de un total de siete en el trazado holand\u00e9s.<\/p>\n<p>Tras el \u00faltimo Gran Premio, Marc M\u00e1rquez y Dani Pedrosa completaron un test oficial en el propio Circuit de Barcelona-Catalunya, en el que terminaron primero y s\u00e9ptimo, respectivamente.<\/p>\n<h3>Marc M\u00e1rquez<\/h3>\n<p><em>Venimos de un buen d\u00eda de entrenamientos en Barcelona, pero la de Assen es una pista muy distinta, as\u00ed que ser\u00e1 muy interesante ver c\u00f3mo nos va all\u00ed. Hasta ahora hemos estado a un buen nivel m\u00e1s o menos en todas partes y conseguimos buenos resultados en circuitos distintos, as\u00ed que tambi\u00e9n tenemos buenas sensaciones al ir a Assen. Me gusta la pista, la \u201cCatedral\u201d del motociclismo, y los aficionados siempre son muy apasionados. Es bueno llegar con algo de ventaja en el campeonato, pero todav\u00eda es muy pronto en la temporada. Hay varios pilotos con posibilidades de luchar por el t\u00edtulo, as\u00ed que debemos seguir trabajando e intentar conseguir el mejor resultado que la situaci\u00f3n nos permita.<\/em><\/p>\n<p>\t\t\t\t<img decoding=\"async\" src=\"https:\/\/bxrepsol.s3.eu-west-1.amazonaws.com\/static\/2022\/08\/05052814\/00_marc_declas.jpg\" alt=\"00_marc_declas\" itemprop=\"image\"  \/><br \/>\n\t\t\t\t<img decoding=\"async\" src=\"https:\/\/bxrepsol.s3.eu-west-1.amazonaws.com\/static\/2022\/08\/05052815\/00_dani_declas.jpg\" alt=\"00_dani_declas\" itemprop=\"image\"  \/><\/p>\n<h3>Dani Pedrosa<\/h3>\n<p><em>Otros a\u00f1os, el Gran Premio de Holanda ha sido dif\u00edcil para nosotros, aunque tambi\u00e9n he conseguido algunos buenos resultados. La pista es muy r\u00e1pida, la moto tiende a levantarse en las aceleraciones y a moverse mucho. Necesitas trabajar bien en la puesta a punto para conseguir que sea estable, sin perder en otras \u00e1reas. La meteorolog\u00eda suele ser variable y puede complicar las cosas. Dicho esto, trabajamos bien en los \u00faltimos entrenamientos en Catalunya y encontramos algunas peque\u00f1as modificaciones en la puesta a punto que nos deber\u00edan aportar un mejor agarre, ahora veremos c\u00f3mo va en Assen. Intentaremos hacer las cosas bien desde el viernes por la ma\u00f1ana y estar preparados para cualquier situaci\u00f3n que nos encontremos.<\/em><\/p>\n","protected":false},"excerpt":{"rendered":"<p>Los pilotos del equipo Repsol Honda afrontan este fin de semana la octava prueba del Campeonato del Mundo de MotoGP en Holanda.<\/p>\n","protected":false},"author":43146,"featured_media":58598,"comment_status":"open","ping_status":"open","sticky":false,"template":"","format":"standard","meta":{"footnotes":""},"categories":[4],"tags":[153],"class_list":["post-93210","post","type-post","status-publish","format-standard","hentry","category-motogp","tag-motogp-holanda"],"yoast_head":"<!-- This site is optimized with the Yoast SEO plugin v27.3 - https:\/\/yoast.com\/product\/yoast-seo-wordpress\/ -->\n<title>M\u00e1rquez y Pedrosa vuelven a la Catedral del motociclismo - Box Repsol<\/title>\n<meta name=\"description\" content=\"Los pilotos del equipo Repsol Honda afrontan este fin de semana la octava prueba del Campeonato del Mundo de MotoGP en Holanda.\" \/>\n<link rel=\"canonical\" href=\"https:\/\/www.boxrepsol.com\/es\/motogp\/marquez-y-pedrosa-vuelven-a-la-catedral-del-motociclismo\/\" \/>\n<meta property=\"og:locale\" content=\"es_ES\" \/>\n<meta property=\"og:type\" content=\"article\" \/>\n<meta property=\"og:title\" content=\"M\u00e1rquez y Pedrosa vuelven a la Catedral del motociclismo - Box Repsol\" \/>\n<meta property=\"og:description\" content=\"Los pilotos del equipo Repsol Honda afrontan este fin de semana la octava prueba del Campeonato del Mundo de MotoGP en Holanda.\" \/>\n<meta property=\"og:url\" content=\"https:\/\/www.boxrepsol.com\/es\/motogp\/marquez-y-pedrosa-vuelven-a-la-catedral-del-motociclismo\/\" \/>\n<meta property=\"og:site_name\" content=\"Box Repsol\" \/>\n<meta property=\"article:publisher\" content=\"https:\/\/www.facebook.com\/BoxRepsol\" \/>\n<meta property=\"article:author\" content=\"https:\/\/www.facebook.com\/BoxRepsol\/\" \/>\n<meta property=\"article:published_time\" content=\"2018-06-26T02:00:00+00:00\" \/>\n<meta property=\"article:modified_time\" content=\"2024-05-22T09:16:41+00:00\" \/>\n<meta property=\"og:image\" content=\"https:\/\/bxrepsol.s3.eu-west-1.amazonaws.com\/static\/2022\/08\/29082009\/00_assen_dani_pedrosa_motogp_honda_repsol_rc213v.jpg\" \/>\n\t<meta property=\"og:image:width\" content=\"995\" \/>\n\t<meta property=\"og:image:height\" content=\"560\" \/>\n\t<meta property=\"og:image:type\" content=\"image\/jpeg\" \/>\n<meta name=\"author\" content=\"Redacci\u00f3n Box Repsol\" \/>\n<meta name=\"twitter:card\" content=\"summary_large_image\" \/>\n<meta name=\"twitter:creator\" content=\"@https:\/\/twitter.com\/box_repsol\" \/>\n<meta name=\"twitter:site\" content=\"@box_repsol\" \/>\n<meta name=\"twitter:label1\" content=\"Written by\" \/>\n\t<meta name=\"twitter:data1\" content=\"Redacci\u00f3n Box Repsol\" \/>\n\t<meta name=\"twitter:label2\" content=\"Est. reading time\" \/>\n\t<meta name=\"twitter:data2\" content=\"2 minutos\" \/>\n<script type=\"application\/ld+json\" class=\"yoast-schema-graph\">{\"@context\":\"https:\\\/\\\/schema.org\",\"@graph\":[{\"@type\":\"Article\",\"@id\":\"https:\\\/\\\/www.boxrepsol.com\\\/es\\\/motogp\\\/marquez-y-pedrosa-vuelven-a-la-catedral-del-motociclismo\\\/#article\",\"isPartOf\":{\"@id\":\"https:\\\/\\\/www.boxrepsol.com\\\/es\\\/motogp\\\/marquez-y-pedrosa-vuelven-a-la-catedral-del-motociclismo\\\/\"},\"author\":{\"name\":\"Redacci\u00f3n Box Repsol\",\"@id\":\"https:\\\/\\\/www.boxrepsol.com\\\/es\\\/#\\\/schema\\\/person\\\/c5c2138f2cca251b0ad92b7086bb60b7\"},\"headline\":\"M\u00e1rquez y Pedrosa vuelven a la Catedral del motociclismo\",\"datePublished\":\"2018-06-26T02:00:00+00:00\",\"dateModified\":\"2024-05-22T09:16:41+00:00\",\"mainEntityOfPage\":{\"@id\":\"https:\\\/\\\/www.boxrepsol.com\\\/es\\\/motogp\\\/marquez-y-pedrosa-vuelven-a-la-catedral-del-motociclismo\\\/\"},\"wordCount\":381,\"commentCount\":0,\"publisher\":{\"@id\":\"https:\\\/\\\/www.boxrepsol.com\\\/es\\\/#organization\"},\"image\":{\"@id\":\"https:\\\/\\\/www.boxrepsol.com\\\/es\\\/motogp\\\/marquez-y-pedrosa-vuelven-a-la-catedral-del-motociclismo\\\/#primaryimage\"},\"thumbnailUrl\":\"https:\\\/\\\/bxrepsol.s3.eu-west-1.amazonaws.com\\\/static\\\/2022\\\/08\\\/29082009\\\/00_assen_dani_pedrosa_motogp_honda_repsol_rc213v.jpg\",\"keywords\":[\"MotoGP Holanda\"],\"articleSection\":[\"MotoGP\"],\"inLanguage\":\"es\",\"potentialAction\":[{\"@type\":\"CommentAction\",\"name\":\"Comment\",\"target\":[\"https:\\\/\\\/www.boxrepsol.com\\\/es\\\/motogp\\\/marquez-y-pedrosa-vuelven-a-la-catedral-del-motociclismo\\\/#respond\"]}]},{\"@type\":\"WebPage\",\"@id\":\"https:\\\/\\\/www.boxrepsol.com\\\/es\\\/motogp\\\/marquez-y-pedrosa-vuelven-a-la-catedral-del-motociclismo\\\/\",\"url\":\"https:\\\/\\\/www.boxrepsol.com\\\/es\\\/motogp\\\/marquez-y-pedrosa-vuelven-a-la-catedral-del-motociclismo\\\/\",\"name\":\"M\u00e1rquez y Pedrosa vuelven a la Catedral del motociclismo - Box Repsol\",\"isPartOf\":{\"@id\":\"https:\\\/\\\/www.boxrepsol.com\\\/es\\\/#website\"},\"primaryImageOfPage\":{\"@id\":\"https:\\\/\\\/www.boxrepsol.com\\\/es\\\/motogp\\\/marquez-y-pedrosa-vuelven-a-la-catedral-del-motociclismo\\\/#primaryimage\"},\"image\":{\"@id\":\"https:\\\/\\\/www.boxrepsol.com\\\/es\\\/motogp\\\/marquez-y-pedrosa-vuelven-a-la-catedral-del-motociclismo\\\/#primaryimage\"},\"thumbnailUrl\":\"https:\\\/\\\/bxrepsol.s3.eu-west-1.amazonaws.com\\\/static\\\/2022\\\/08\\\/29082009\\\/00_assen_dani_pedrosa_motogp_honda_repsol_rc213v.jpg\",\"datePublished\":\"2018-06-26T02:00:00+00:00\",\"dateModified\":\"2024-05-22T09:16:41+00:00\",\"description\":\"Los pilotos del equipo Repsol Honda afrontan este fin de semana la octava prueba del Campeonato del Mundo de MotoGP en Holanda.\",\"breadcrumb\":{\"@id\":\"https:\\\/\\\/www.boxrepsol.com\\\/es\\\/motogp\\\/marquez-y-pedrosa-vuelven-a-la-catedral-del-motociclismo\\\/#breadcrumb\"},\"inLanguage\":\"es\",\"potentialAction\":[{\"@type\":\"ReadAction\",\"target\":[\"https:\\\/\\\/www.boxrepsol.com\\\/es\\\/motogp\\\/marquez-y-pedrosa-vuelven-a-la-catedral-del-motociclismo\\\/\"]}]},{\"@type\":\"ImageObject\",\"inLanguage\":\"es\",\"@id\":\"https:\\\/\\\/www.boxrepsol.com\\\/es\\\/motogp\\\/marquez-y-pedrosa-vuelven-a-la-catedral-del-motociclismo\\\/#primaryimage\",\"url\":\"https:\\\/\\\/bxrepsol.s3.eu-west-1.amazonaws.com\\\/static\\\/2022\\\/08\\\/29082009\\\/00_assen_dani_pedrosa_motogp_honda_repsol_rc213v.jpg\",\"contentUrl\":\"https:\\\/\\\/bxrepsol.s3.eu-west-1.amazonaws.com\\\/static\\\/2022\\\/08\\\/29082009\\\/00_assen_dani_pedrosa_motogp_honda_repsol_rc213v.jpg\",\"width\":995,\"height\":560,\"caption\":\"Dani Pedrosa tomando una curva en Assen sobre la Honda RC213V\"},{\"@type\":\"BreadcrumbList\",\"@id\":\"https:\\\/\\\/www.boxrepsol.com\\\/es\\\/motogp\\\/marquez-y-pedrosa-vuelven-a-la-catedral-del-motociclismo\\\/#breadcrumb\",\"itemListElement\":[{\"@type\":\"ListItem\",\"position\":1,\"name\":\"Home\",\"item\":\"https:\\\/\\\/www.boxrepsol.com\\\/es\\\/\"},{\"@type\":\"ListItem\",\"position\":2,\"name\":\"M\u00e1rquez y Pedrosa vuelven a la Catedral del motociclismo\"}]},{\"@type\":\"WebSite\",\"@id\":\"https:\\\/\\\/www.boxrepsol.com\\\/es\\\/#website\",\"url\":\"https:\\\/\\\/www.boxrepsol.com\\\/es\\\/\",\"name\":\"Box Repsol\",\"description\":\"Box Repsol Site\",\"publisher\":{\"@id\":\"https:\\\/\\\/www.boxrepsol.com\\\/es\\\/#organization\"},\"potentialAction\":[{\"@type\":\"SearchAction\",\"target\":{\"@type\":\"EntryPoint\",\"urlTemplate\":\"https:\\\/\\\/www.boxrepsol.com\\\/es\\\/?s={search_term_string}\"},\"query-input\":{\"@type\":\"PropertyValueSpecification\",\"valueRequired\":true,\"valueName\":\"search_term_string\"}}],\"inLanguage\":\"es\"},{\"@type\":\"Organization\",\"@id\":\"https:\\\/\\\/www.boxrepsol.com\\\/es\\\/#organization\",\"name\":\"Box Repsol\",\"url\":\"https:\\\/\\\/www.boxrepsol.com\\\/es\\\/\",\"logo\":{\"@type\":\"ImageObject\",\"inLanguage\":\"es\",\"@id\":\"https:\\\/\\\/www.boxrepsol.com\\\/es\\\/#\\\/schema\\\/logo\\\/image\\\/\",\"url\":\"https:\\\/\\\/bxrepsol.s3.eu-west-1.amazonaws.com\\\/static\\\/2025\\\/07\\\/30083337\\\/favicon-96x96-1.png\",\"contentUrl\":\"https:\\\/\\\/bxrepsol.s3.eu-west-1.amazonaws.com\\\/static\\\/2025\\\/07\\\/30083337\\\/favicon-96x96-1.png\",\"width\":96,\"height\":96,\"caption\":\"Box Repsol\"},\"image\":{\"@id\":\"https:\\\/\\\/www.boxrepsol.com\\\/es\\\/#\\\/schema\\\/logo\\\/image\\\/\"},\"sameAs\":[\"https:\\\/\\\/www.facebook.com\\\/BoxRepsol\",\"https:\\\/\\\/x.com\\\/box_repsol\",\"http:\\\/\\\/instagram.com\\\/box_repsol\",\"https:\\\/\\\/www.youtube.com\\\/user\\\/RepsolCompeticion\",\"https:\\\/\\\/www.flickr.com\\\/photos\\\/box_repsol\\\/\"]},{\"@type\":\"Person\",\"@id\":\"https:\\\/\\\/www.boxrepsol.com\\\/es\\\/#\\\/schema\\\/person\\\/c5c2138f2cca251b0ad92b7086bb60b7\",\"name\":\"Redacci\u00f3n Box Repsol\",\"image\":{\"@type\":\"ImageObject\",\"inLanguage\":\"es\",\"@id\":\"https:\\\/\\\/secure.gravatar.com\\\/avatar\\\/adf7b77e38b4419baf32c7e9c21dde01f4e40df611f0978e3006fc4ba0aaab7e?s=96&d=mm&r=g\",\"url\":\"https:\\\/\\\/secure.gravatar.com\\\/avatar\\\/adf7b77e38b4419baf32c7e9c21dde01f4e40df611f0978e3006fc4ba0aaab7e?s=96&d=mm&r=g\",\"contentUrl\":\"https:\\\/\\\/secure.gravatar.com\\\/avatar\\\/adf7b77e38b4419baf32c7e9c21dde01f4e40df611f0978e3006fc4ba0aaab7e?s=96&d=mm&r=g\",\"caption\":\"Redacci\u00f3n Box Repsol\"},\"description\":\"Box Repsol lo forma un equipo de periodistas, community managers, dise\u00f1adores y fot\u00f3grafos con m\u00e1s de 20 a\u00f1os de experiencia en el mundo del motorsport. Hemos vivido el primer mundial de un espa\u00f1ol en la categor\u00eda reina de motociclismo con \u00c1lex Crivill\u00e9, estuvimos en las victorias de Pedrosa y los t\u00edtulos de M\u00e1rquez, acompa\u00f1amos en \u00c1frica a Nani Roma y Marc Coma en sus conquistas del Dakar y hemos vibrado con los t\u00edtulos de Toni Bou en Trial. Adem\u00e1s, en nuestro equipo contamos con expertos en el mundo de las dos y cuatro ruedas tanto de la calle y las carreteras, como de los circuitos. Periodistas que han trabajado en revistas y publicaciones para hacerte llegar desde rutas y consejos de mantenimiento, a curiosidades y trucos de pilotaje.\",\"sameAs\":[\"https:\\\/\\\/www.facebook.com\\\/BoxRepsol\\\/\",\"https:\\\/\\\/www.instagram.com\\\/box_repsol\\\/\",\"https:\\\/\\\/x.com\\\/https:\\\/\\\/twitter.com\\\/box_repsol\",\"https:\\\/\\\/www.youtube.com\\\/@Boxrepsol\"],\"url\":\"https:\\\/\\\/www.boxrepsol.com\\\/es\\\/author\\\/redaccion-box-repsol\\\/\"}]}<\/script>\n<!-- \/ Yoast SEO plugin. -->","yoast_head_json":{"title":"M\u00e1rquez y Pedrosa vuelven a la Catedral del motociclismo - Box Repsol","description":"Los pilotos del equipo Repsol Honda afrontan este fin de semana la octava prueba del Campeonato del Mundo de MotoGP en Holanda.","canonical":"https:\/\/www.boxrepsol.com\/es\/motogp\/marquez-y-pedrosa-vuelven-a-la-catedral-del-motociclismo\/","og_locale":"es_ES","og_type":"article","og_title":"M\u00e1rquez y Pedrosa vuelven a la Catedral del motociclismo - Box Repsol","og_description":"Los pilotos del equipo Repsol Honda afrontan este fin de semana la octava prueba del Campeonato del Mundo de MotoGP en Holanda.","og_url":"https:\/\/www.boxrepsol.com\/es\/motogp\/marquez-y-pedrosa-vuelven-a-la-catedral-del-motociclismo\/","og_site_name":"Box Repsol","article_publisher":"https:\/\/www.facebook.com\/BoxRepsol","article_author":"https:\/\/www.facebook.com\/BoxRepsol\/","article_published_time":"2018-06-26T02:00:00+00:00","article_modified_time":"2024-05-22T09:16:41+00:00","og_image":[{"width":995,"height":560,"url":"https:\/\/bxrepsol.s3.eu-west-1.amazonaws.com\/static\/2022\/08\/29082009\/00_assen_dani_pedrosa_motogp_honda_repsol_rc213v.jpg","type":"image\/jpeg"}],"author":"Redacci\u00f3n Box Repsol","twitter_card":"summary_large_image","twitter_creator":"@https:\/\/twitter.com\/box_repsol","twitter_site":"@box_repsol","twitter_misc":{"Written by":"Redacci\u00f3n Box Repsol","Est. reading time":"2 minutos"},"schema":{"@context":"https:\/\/schema.org","@graph":[{"@type":"Article","@id":"https:\/\/www.boxrepsol.com\/es\/motogp\/marquez-y-pedrosa-vuelven-a-la-catedral-del-motociclismo\/#article","isPartOf":{"@id":"https:\/\/www.boxrepsol.com\/es\/motogp\/marquez-y-pedrosa-vuelven-a-la-catedral-del-motociclismo\/"},"author":{"name":"Redacci\u00f3n Box Repsol","@id":"https:\/\/www.boxrepsol.com\/es\/#\/schema\/person\/c5c2138f2cca251b0ad92b7086bb60b7"},"headline":"M\u00e1rquez y Pedrosa vuelven a la Catedral del motociclismo","datePublished":"2018-06-26T02:00:00+00:00","dateModified":"2024-05-22T09:16:41+00:00","mainEntityOfPage":{"@id":"https:\/\/www.boxrepsol.com\/es\/motogp\/marquez-y-pedrosa-vuelven-a-la-catedral-del-motociclismo\/"},"wordCount":381,"commentCount":0,"publisher":{"@id":"https:\/\/www.boxrepsol.com\/es\/#organization"},"image":{"@id":"https:\/\/www.boxrepsol.com\/es\/motogp\/marquez-y-pedrosa-vuelven-a-la-catedral-del-motociclismo\/#primaryimage"},"thumbnailUrl":"https:\/\/bxrepsol.s3.eu-west-1.amazonaws.com\/static\/2022\/08\/29082009\/00_assen_dani_pedrosa_motogp_honda_repsol_rc213v.jpg","keywords":["MotoGP Holanda"],"articleSection":["MotoGP"],"inLanguage":"es","potentialAction":[{"@type":"CommentAction","name":"Comment","target":["https:\/\/www.boxrepsol.com\/es\/motogp\/marquez-y-pedrosa-vuelven-a-la-catedral-del-motociclismo\/#respond"]}]},{"@type":"WebPage","@id":"https:\/\/www.boxrepsol.com\/es\/motogp\/marquez-y-pedrosa-vuelven-a-la-catedral-del-motociclismo\/","url":"https:\/\/www.boxrepsol.com\/es\/motogp\/marquez-y-pedrosa-vuelven-a-la-catedral-del-motociclismo\/","name":"M\u00e1rquez y Pedrosa vuelven a la Catedral del motociclismo - Box Repsol","isPartOf":{"@id":"https:\/\/www.boxrepsol.com\/es\/#website"},"primaryImageOfPage":{"@id":"https:\/\/www.boxrepsol.com\/es\/motogp\/marquez-y-pedrosa-vuelven-a-la-catedral-del-motociclismo\/#primaryimage"},"image":{"@id":"https:\/\/www.boxrepsol.com\/es\/motogp\/marquez-y-pedrosa-vuelven-a-la-catedral-del-motociclismo\/#primaryimage"},"thumbnailUrl":"https:\/\/bxrepsol.s3.eu-west-1.amazonaws.com\/static\/2022\/08\/29082009\/00_assen_dani_pedrosa_motogp_honda_repsol_rc213v.jpg","datePublished":"2018-06-26T02:00:00+00:00","dateModified":"2024-05-22T09:16:41+00:00","description":"Los pilotos del equipo Repsol Honda afrontan este fin de semana la octava prueba del Campeonato del Mundo de MotoGP en Holanda.","breadcrumb":{"@id":"https:\/\/www.boxrepsol.com\/es\/motogp\/marquez-y-pedrosa-vuelven-a-la-catedral-del-motociclismo\/#breadcrumb"},"inLanguage":"es","potentialAction":[{"@type":"ReadAction","target":["https:\/\/www.boxrepsol.com\/es\/motogp\/marquez-y-pedrosa-vuelven-a-la-catedral-del-motociclismo\/"]}]},{"@type":"ImageObject","inLanguage":"es","@id":"https:\/\/www.boxrepsol.com\/es\/motogp\/marquez-y-pedrosa-vuelven-a-la-catedral-del-motociclismo\/#primaryimage","url":"https:\/\/bxrepsol.s3.eu-west-1.amazonaws.com\/static\/2022\/08\/29082009\/00_assen_dani_pedrosa_motogp_honda_repsol_rc213v.jpg","contentUrl":"https:\/\/bxrepsol.s3.eu-west-1.amazonaws.com\/static\/2022\/08\/29082009\/00_assen_dani_pedrosa_motogp_honda_repsol_rc213v.jpg","width":995,"height":560,"caption":"Dani Pedrosa tomando una curva en Assen sobre la Honda RC213V"},{"@type":"BreadcrumbList","@id":"https:\/\/www.boxrepsol.com\/es\/motogp\/marquez-y-pedrosa-vuelven-a-la-catedral-del-motociclismo\/#breadcrumb","itemListElement":[{"@type":"ListItem","position":1,"name":"Home","item":"https:\/\/www.boxrepsol.com\/es\/"},{"@type":"ListItem","position":2,"name":"M\u00e1rquez y Pedrosa vuelven a la Catedral del motociclismo"}]},{"@type":"WebSite","@id":"https:\/\/www.boxrepsol.com\/es\/#website","url":"https:\/\/www.boxrepsol.com\/es\/","name":"Box Repsol","description":"Box Repsol Site","publisher":{"@id":"https:\/\/www.boxrepsol.com\/es\/#organization"},"potentialAction":[{"@type":"SearchAction","target":{"@type":"EntryPoint","urlTemplate":"https:\/\/www.boxrepsol.com\/es\/?s={search_term_string}"},"query-input":{"@type":"PropertyValueSpecification","valueRequired":true,"valueName":"search_term_string"}}],"inLanguage":"es"},{"@type":"Organization","@id":"https:\/\/www.boxrepsol.com\/es\/#organization","name":"Box Repsol","url":"https:\/\/www.boxrepsol.com\/es\/","logo":{"@type":"ImageObject","inLanguage":"es","@id":"https:\/\/www.boxrepsol.com\/es\/#\/schema\/logo\/image\/","url":"https:\/\/bxrepsol.s3.eu-west-1.amazonaws.com\/static\/2025\/07\/30083337\/favicon-96x96-1.png","contentUrl":"https:\/\/bxrepsol.s3.eu-west-1.amazonaws.com\/static\/2025\/07\/30083337\/favicon-96x96-1.png","width":96,"height":96,"caption":"Box Repsol"},"image":{"@id":"https:\/\/www.boxrepsol.com\/es\/#\/schema\/logo\/image\/"},"sameAs":["https:\/\/www.facebook.com\/BoxRepsol","https:\/\/x.com\/box_repsol","http:\/\/instagram.com\/box_repsol","https:\/\/www.youtube.com\/user\/RepsolCompeticion","https:\/\/www.flickr.com\/photos\/box_repsol\/"]},{"@type":"Person","@id":"https:\/\/www.boxrepsol.com\/es\/#\/schema\/person\/c5c2138f2cca251b0ad92b7086bb60b7","name":"Redacci\u00f3n Box Repsol","image":{"@type":"ImageObject","inLanguage":"es","@id":"https:\/\/secure.gravatar.com\/avatar\/adf7b77e38b4419baf32c7e9c21dde01f4e40df611f0978e3006fc4ba0aaab7e?s=96&d=mm&r=g","url":"https:\/\/secure.gravatar.com\/avatar\/adf7b77e38b4419baf32c7e9c21dde01f4e40df611f0978e3006fc4ba0aaab7e?s=96&d=mm&r=g","contentUrl":"https:\/\/secure.gravatar.com\/avatar\/adf7b77e38b4419baf32c7e9c21dde01f4e40df611f0978e3006fc4ba0aaab7e?s=96&d=mm&r=g","caption":"Redacci\u00f3n Box Repsol"},"description":"Box Repsol lo forma un equipo de periodistas, community managers, dise\u00f1adores y fot\u00f3grafos con m\u00e1s de 20 a\u00f1os de experiencia en el mundo del motorsport. Hemos vivido el primer mundial de un espa\u00f1ol en la categor\u00eda reina de motociclismo con \u00c1lex Crivill\u00e9, estuvimos en las victorias de Pedrosa y los t\u00edtulos de M\u00e1rquez, acompa\u00f1amos en \u00c1frica a Nani Roma y Marc Coma en sus conquistas del Dakar y hemos vibrado con los t\u00edtulos de Toni Bou en Trial. Adem\u00e1s, en nuestro equipo contamos con expertos en el mundo de las dos y cuatro ruedas tanto de la calle y las carreteras, como de los circuitos. Periodistas que han trabajado en revistas y publicaciones para hacerte llegar desde rutas y consejos de mantenimiento, a curiosidades y trucos de pilotaje.","sameAs":["https:\/\/www.facebook.com\/BoxRepsol\/","https:\/\/www.instagram.com\/box_repsol\/","https:\/\/x.com\/https:\/\/twitter.com\/box_repsol","https:\/\/www.youtube.com\/@Boxrepsol"],"url":"https:\/\/www.boxrepsol.com\/es\/author\/redaccion-box-repsol\/"}]}},"_links":{"self":[{"href":"https:\/\/www.boxrepsol.com\/es\/wp-json\/wp\/v2\/posts\/93210","targetHints":{"allow":["GET"]}}],"collection":[{"href":"https:\/\/www.boxrepsol.com\/es\/wp-json\/wp\/v2\/posts"}],"about":[{"href":"https:\/\/www.boxrepsol.com\/es\/wp-json\/wp\/v2\/types\/post"}],"author":[{"embeddable":true,"href":"https:\/\/www.boxrepsol.com\/es\/wp-json\/wp\/v2\/users\/43146"}],"replies":[{"embeddable":true,"href":"https:\/\/www.boxrepsol.com\/es\/wp-json\/wp\/v2\/comments?post=93210"}],"version-history":[{"count":1,"href":"https:\/\/www.boxrepsol.com\/es\/wp-json\/wp\/v2\/posts\/93210\/revisions"}],"predecessor-version":[{"id":93211,"href":"https:\/\/www.boxrepsol.com\/es\/wp-json\/wp\/v2\/posts\/93210\/revisions\/93211"}],"wp:featuredmedia":[{"embeddable":true,"href":"https:\/\/www.boxrepsol.com\/es\/wp-json\/wp\/v2\/media\/58598"}],"wp:attachment":[{"href":"https:\/\/www.boxrepsol.com\/es\/wp-json\/wp\/v2\/media?parent=93210"}],"wp:term":[{"taxonomy":"category","embeddable":true,"href":"https:\/\/www.boxrepsol.com\/es\/wp-json\/wp\/v2\/categories?post=93210"},{"taxonomy":"post_tag","embeddable":true,"href":"https:\/\/www.boxrepsol.com\/es\/wp-json\/wp\/v2\/tags?post=93210"}],"curies":[{"name":"wp","href":"https:\/\/api.w.org\/{rel}","templated":true}]}}