{"id":93199,"date":"2020-10-02T00:00:00","date_gmt":"2020-10-02T02:00:00","guid":{"rendered":"http:\/\/pre.boxrepsol.com\/sin-categorizar\/la-torre-control-la-red-bull-air-race\/"},"modified":"2024-04-19T07:30:22","modified_gmt":"2024-04-19T09:30:22","slug":"la-torre-control-la-red-bull-air-race","status":"publish","type":"post","link":"https:\/\/www.boxrepsol.com\/es\/red-bull-air-race\/la-torre-control-la-red-bull-air-race\/","title":{"rendered":"La torre de control en la Red Bull Air Race"},"content":{"rendered":"<p><strong>Hola Jim \u00a1Gracias por atendernos! Tenemos algunas preguntas acerca de las torres. En primer lugar \u00bfC\u00f3mo mont\u00e1is la torre y cu\u00e1nto se tarda en hacerlo?<\/strong><\/p>\n<p>Las torres est\u00e1n construidas con materiales f\u00e1ciles de montar y desmontar para no perder tiempo cuando las movemos de un sitio a otro. Las propias torres viajan junto con los aviones y aterrizan en el lugar de carrera dos semanas antes de que comience la competici\u00f3n. Tardamos cuatro d\u00edas en montar una de estas estructuras y otros dos d\u00edas m\u00e1s en hacer la instalaci\u00f3n de cableado y pruebas.<\/p>\n<blockquote><p>\n\t<a href=\"http:\/\/twitter.com\/share?text=%22Es+nuestra+responsabilidad+asegurar+el+bienestar+de+los+espectadores+y+los+pilotos%2C+mientras+vigilamos+que+todo+se+resuelva+de+forma+justa%22&#038;url=https%3A%2F%2Fwww.boxrepsol.com%2Fes%2Fred-bull-air-race%2Fla-torre-control-la-red-bull-air-race%2F\" target=\"_blank\" rel=\"noopener\"><\/p>\n<p>\u00abEs nuestra responsabilidad asegurar el bienestar de los espectadores y los pilotos, mientras vigilamos que todo se resuelva de forma justa\u00bb<\/p>\n<p>\t<\/a>\n<\/p><\/blockquote>\n<p><strong>\u00bfCu\u00e1ntas personas trabajan en las torres?<\/strong><\/p>\n<p>En cada una de las plantas pueden llegar a trabajar hasta 15 personas, aunque el n\u00famero var\u00eda dependiendo de los corredores y de los invitados. El nivel superior est\u00e1 centrado en el control de carrera y en supervisar la operaci\u00f3n desde un punto de vista deportivo. Los niveles inferiores est\u00e1n orientados a la seguridad, \u00a0gestiones de operaciones de agua, de pista, montaje televisivo, cronometraje y jurado.\u00a0 A veces si la situaci\u00f3n lo requiere se puede instalar un nivel exclusivamente destinado a la radio y comunicaciones.<\/p>\n<p><a href=\"https:\/\/bxrepsol.s3.eu-west-1.amazonaws.com\/static\/2022\/08\/05060339\/00_juan_velarde_avion_red_bull_air_race_repsol1.jpg\" \n   title=\"Vista lateral de Juan Velarde en su Edge 540\" \n   data-gallery-thumbnail=\"https:\/\/bxrepsol.s3.eu-west-1.amazonaws.com\/static\/2022\/08\/05060339\/00_juan_velarde_avion_red_bull_air_race_repsol1.jpg\"\n   data-gallery-title=\"\"\n   data-gallery><\/p>\n<figure>\n        <picture style=\"padding-bottom: 66.68960770819%; background-image: url(https:\/\/bxrepsol.s3.eu-west-1.amazonaws.com\/static\/2022\/08\/05060339\/00_juan_velarde_avion_red_bull_air_race_repsol1.jpg);\">\n            <img decoding=\"async\" src=\"https:\/\/bxrepsol.s3.eu-west-1.amazonaws.com\/static\/2022\/08\/05060339\/00_juan_velarde_avion_red_bull_air_race_repsol1.jpg\"><br \/>\n            <img itemprop=\"image\"\n                data-srcset=\"https:\/\/bxrepsol.s3.eu-west-1.amazonaws.com\/static\/2022\/08\/05060339\/00_juan_velarde_avion_red_bull_air_race_repsol1.jpg 480w, https:\/\/bxrepsol.s3.eu-west-1.amazonaws.com\/static\/2022\/08\/05060339\/00_juan_velarde_avion_red_bull_air_race_repsol1.jpg 600w, https:\/\/bxrepsol.s3.eu-west-1.amazonaws.com\/static\/2022\/08\/05060339\/00_juan_velarde_avion_red_bull_air_race_repsol1.jpg 900w, https:\/\/bxrepsol.s3.eu-west-1.amazonaws.com\/static\/2022\/08\/05060339\/00_juan_velarde_avion_red_bull_air_race_repsol1.jpg 1280w\"\n                data-src=\"https:\/\/bxrepsol.s3.eu-west-1.amazonaws.com\/static\/2022\/08\/05060339\/00_juan_velarde_avion_red_bull_air_race_repsol1.jpg\"\n                alt=\"Vista lateral de Juan Velarde en su Edge 540\"\n                title=\"Juan Velarde pilotando en la RBAR\"\/><br \/>\n            <noscript><img decoding=\"async\" src=\"https:\/\/bxrepsol.s3.eu-west-1.amazonaws.com\/static\/2022\/08\/05060339\/00_juan_velarde_avion_red_bull_air_race_repsol1.jpg\" alt=\"Vista lateral de Juan Velarde en su Edge 540\"><\/noscript>\n        <\/picture><figcaption>Vista lateral de Juan Velarde en su Edge 540<\/figcaption><\/figure>\n<p><\/a><\/p>\n<p><strong>\u00bfCu\u00e1l es el desaf\u00edo m\u00e1s importante al os enfrent\u00e1is durante un evento de la Red Bull Air Race?<\/strong><\/p>\n<p>Para m\u00ed el mayor desaf\u00edo, que adem\u00e1s est\u00e1 presente en todas las carreras, es principalmente y sobre todo la seguridad. Es nuestra responsabilidad asegurar el bienestar de los espectadores y los pilotos, mientras vigilamos que todo se resuelva de forma justa y competitiva, para que gane el avi\u00f3n m\u00e1s r\u00e1pido.<\/p>\n<p><strong>\u00bfY el clima? \u00bfPuede llegar a ser un problema?<\/strong><\/p>\n<p>\u00a1Por supuesto! El tiempo atmosf\u00e9rico es uno de los factores m\u00e1s importante cuando hablamos de competiciones en el aire. Las condiciones meteorol\u00f3gicas pueden llegar a bloquear el evento si por cualquier raz\u00f3n impiden volar, adem\u00e1s de que no se pueden planificar. Sean cuales sean las circunstancias no se puede renunciar a la seguridad, es nuestra prioridad en todo momento.<\/p>\n<p><a href=\"https:\/\/bxrepsol.s3.eu-west-1.amazonaws.com\/static\/2022\/08\/05060340\/00_jim_dimatteo1.jpg\" \n   title=\"Jim Dimatteo sonr\u00ede para la c\u00e1mara\" \n   data-gallery-thumbnail=\"https:\/\/bxrepsol.s3.eu-west-1.amazonaws.com\/static\/2022\/08\/05060340\/00_jim_dimatteo1.jpg\"\n   data-gallery-title=\"\"\n   data-gallery><\/p>\n<figure>\n        <picture style=\"padding-bottom: 66.739130434783%; background-image: url(https:\/\/bxrepsol.s3.eu-west-1.amazonaws.com\/static\/2022\/08\/05060340\/00_jim_dimatteo1.jpg);\">\n            <img decoding=\"async\" src=\"https:\/\/bxrepsol.s3.eu-west-1.amazonaws.com\/static\/2022\/08\/05060340\/00_jim_dimatteo1.jpg\"><br \/>\n            <img itemprop=\"image\"\n                data-srcset=\"https:\/\/bxrepsol.s3.eu-west-1.amazonaws.com\/static\/2022\/08\/05060340\/00_jim_dimatteo1.jpg 480w, https:\/\/bxrepsol.s3.eu-west-1.amazonaws.com\/static\/2022\/08\/05060340\/00_jim_dimatteo1.jpg 600w, https:\/\/bxrepsol.s3.eu-west-1.amazonaws.com\/static\/2022\/08\/05060340\/00_jim_dimatteo1.jpg 900w, https:\/\/bxrepsol.s3.eu-west-1.amazonaws.com\/static\/2022\/08\/05060340\/00_jim_dimatteo1.jpg 1280w\"\n                data-src=\"https:\/\/bxrepsol.s3.eu-west-1.amazonaws.com\/static\/2022\/08\/05060340\/00_jim_dimatteo1.jpg\"\n                alt=\"Jim Dimatteo sonr\u00ede para la c\u00e1mara\"\n                title=\"Jim Dimatteo, director de carrera de la Red Bull Air Race\"\/><br \/>\n            <noscript><img decoding=\"async\" src=\"https:\/\/bxrepsol.s3.eu-west-1.amazonaws.com\/static\/2022\/08\/05060340\/00_jim_dimatteo1.jpg\" alt=\"Jim Dimatteo sonr\u00ede para la c\u00e1mara\"><\/noscript>\n        <\/picture><figcaption>Jim Dimatteo sonr\u00ede para la c\u00e1mara<\/figcaption><\/figure>\n<p><\/a><\/p>\n<p><strong>\u00bfSeg\u00fan tu opini\u00f3n qu\u00e9 es lo mejor de trabajar en las torres de control?<\/strong><\/p>\n<p>Se trata de un trabajo arduo en el que hay poco margen para el error, pero que a cambio otorga la satisfacci\u00f3n de poder comprobar como el mismo evento se vive a lo largo del mundo. Aunque una carrera de la Red Bull Air Race sea en esencia lo mismo en Espa\u00f1a, Jap\u00f3n o Estados Unidos, \u00a1la reacci\u00f3n de los espectadores nunca es la misma! Es muy diferente y divertido ver c\u00f3mo el mismo producto se ve, sigue y disfruta de forma distinta en culturas muy dispares.<\/p>\n<p><strong>Suscr\u00edbete a la Newsletter de Box Repsol<\/strong><\/p>\n<p>Te contemos en exclusiva todas las noticias del Equipo Repsol, entrevistas, reportajes, v\u00eddeos, resultados de nuestros pilotos de la\u00a0<strong>Red Bull Air Race<\/strong> y mucho m\u00e1s. <a href=\"https:\/\/www.boxrepsol.com\/es\/suscribete\/\">Suscr\u00edbete a la Newsletter de Box Repsol<\/a> y ent\u00e9rate de todas nuestras <strong>promociones<\/strong> y <strong>concursos<\/strong>.<\/p>\n","protected":false},"excerpt":{"rendered":"<p>Construidas a partir de materiales m\u00f3viles, las dos torres de control de la Red Bull Air Race viajan junto con el resto del evento carrera a carrera. Jim DiMatteo, Director de carrera de la competici\u00f3n las conoce bien y nos habla acerca de ellas.<\/p>\n","protected":false},"author":43146,"featured_media":58535,"comment_status":"open","ping_status":"open","sticky":false,"template":"","format":"standard","meta":{"footnotes":""},"categories":[159],"tags":[130],"class_list":["post-93199","post","type-post","status-publish","format-standard","hentry","category-red-bull-air-race","tag-otros-eventos-y-competiciones"],"yoast_head":"<!-- This site is optimized with the Yoast SEO plugin v27.3 - https:\/\/yoast.com\/product\/yoast-seo-wordpress\/ -->\n<title>La torre de control en la Red Bull Air Race - Box Repsol<\/title>\n<meta name=\"description\" content=\"Las torres de control de la Red Bull Air Race viajan junto con el resto del evento. Jim DiMatteo, Director de carrera de la competici\u00f3n las conoce bien\" \/>\n<link rel=\"canonical\" href=\"https:\/\/www.boxrepsol.com\/es\/red-bull-air-race\/la-torre-control-la-red-bull-air-race\/\" \/>\n<meta property=\"og:locale\" content=\"es_ES\" \/>\n<meta property=\"og:type\" content=\"article\" \/>\n<meta property=\"og:title\" content=\"La torre de control en la Red Bull Air Race - Box Repsol\" \/>\n<meta property=\"og:description\" content=\"Las torres de control de la Red Bull Air Race viajan junto con el resto del evento. Jim DiMatteo, Director de carrera de la competici\u00f3n las conoce bien\" \/>\n<meta property=\"og:url\" content=\"https:\/\/www.boxrepsol.com\/es\/red-bull-air-race\/la-torre-control-la-red-bull-air-race\/\" \/>\n<meta property=\"og:site_name\" content=\"Box Repsol\" \/>\n<meta property=\"article:publisher\" content=\"https:\/\/www.facebook.com\/BoxRepsol\" \/>\n<meta property=\"article:author\" content=\"https:\/\/www.facebook.com\/BoxRepsol\/\" \/>\n<meta property=\"article:published_time\" content=\"2020-10-02T02:00:00+00:00\" \/>\n<meta property=\"article:modified_time\" content=\"2024-04-19T09:30:22+00:00\" \/>\n<meta property=\"og:image\" content=\"https:\/\/bxrepsol.s3.eu-west-1.amazonaws.com\/static\/2022\/08\/29081931\/00_torre_control_rbar.jpg\" \/>\n\t<meta property=\"og:image:width\" content=\"995\" \/>\n\t<meta property=\"og:image:height\" content=\"560\" \/>\n\t<meta property=\"og:image:type\" content=\"image\/jpeg\" \/>\n<meta name=\"author\" content=\"Redacci\u00f3n Box Repsol\" \/>\n<meta name=\"twitter:card\" content=\"summary_large_image\" \/>\n<meta name=\"twitter:creator\" content=\"@https:\/\/twitter.com\/box_repsol\" \/>\n<meta name=\"twitter:site\" content=\"@box_repsol\" \/>\n<meta name=\"twitter:label1\" content=\"Written by\" \/>\n\t<meta name=\"twitter:data1\" content=\"Redacci\u00f3n Box Repsol\" \/>\n\t<meta name=\"twitter:label2\" content=\"Est. reading time\" \/>\n\t<meta name=\"twitter:data2\" content=\"3 minutos\" \/>\n<script type=\"application\/ld+json\" class=\"yoast-schema-graph\">{\"@context\":\"https:\\\/\\\/schema.org\",\"@graph\":[{\"@type\":\"Article\",\"@id\":\"https:\\\/\\\/www.boxrepsol.com\\\/es\\\/red-bull-air-race\\\/la-torre-control-la-red-bull-air-race\\\/#article\",\"isPartOf\":{\"@id\":\"https:\\\/\\\/www.boxrepsol.com\\\/es\\\/red-bull-air-race\\\/la-torre-control-la-red-bull-air-race\\\/\"},\"author\":{\"name\":\"Redacci\u00f3n Box Repsol\",\"@id\":\"https:\\\/\\\/www.boxrepsol.com\\\/es\\\/#\\\/schema\\\/person\\\/c5c2138f2cca251b0ad92b7086bb60b7\"},\"headline\":\"La torre de control en la Red Bull Air Race\",\"datePublished\":\"2020-10-02T02:00:00+00:00\",\"dateModified\":\"2024-04-19T09:30:22+00:00\",\"mainEntityOfPage\":{\"@id\":\"https:\\\/\\\/www.boxrepsol.com\\\/es\\\/red-bull-air-race\\\/la-torre-control-la-red-bull-air-race\\\/\"},\"wordCount\":557,\"commentCount\":0,\"publisher\":{\"@id\":\"https:\\\/\\\/www.boxrepsol.com\\\/es\\\/#organization\"},\"image\":{\"@id\":\"https:\\\/\\\/www.boxrepsol.com\\\/es\\\/red-bull-air-race\\\/la-torre-control-la-red-bull-air-race\\\/#primaryimage\"},\"thumbnailUrl\":\"https:\\\/\\\/bxrepsol.s3.eu-west-1.amazonaws.com\\\/static\\\/2022\\\/08\\\/29081931\\\/00_torre_control_rbar.jpg\",\"keywords\":[\"otros eventos y competiciones\"],\"articleSection\":[\"Red Bull Air Race\"],\"inLanguage\":\"es\",\"potentialAction\":[{\"@type\":\"CommentAction\",\"name\":\"Comment\",\"target\":[\"https:\\\/\\\/www.boxrepsol.com\\\/es\\\/red-bull-air-race\\\/la-torre-control-la-red-bull-air-race\\\/#respond\"]}]},{\"@type\":\"WebPage\",\"@id\":\"https:\\\/\\\/www.boxrepsol.com\\\/es\\\/red-bull-air-race\\\/la-torre-control-la-red-bull-air-race\\\/\",\"url\":\"https:\\\/\\\/www.boxrepsol.com\\\/es\\\/red-bull-air-race\\\/la-torre-control-la-red-bull-air-race\\\/\",\"name\":\"La torre de control en la Red Bull Air Race - Box Repsol\",\"isPartOf\":{\"@id\":\"https:\\\/\\\/www.boxrepsol.com\\\/es\\\/#website\"},\"primaryImageOfPage\":{\"@id\":\"https:\\\/\\\/www.boxrepsol.com\\\/es\\\/red-bull-air-race\\\/la-torre-control-la-red-bull-air-race\\\/#primaryimage\"},\"image\":{\"@id\":\"https:\\\/\\\/www.boxrepsol.com\\\/es\\\/red-bull-air-race\\\/la-torre-control-la-red-bull-air-race\\\/#primaryimage\"},\"thumbnailUrl\":\"https:\\\/\\\/bxrepsol.s3.eu-west-1.amazonaws.com\\\/static\\\/2022\\\/08\\\/29081931\\\/00_torre_control_rbar.jpg\",\"datePublished\":\"2020-10-02T02:00:00+00:00\",\"dateModified\":\"2024-04-19T09:30:22+00:00\",\"description\":\"Las torres de control de la Red Bull Air Race viajan junto con el resto del evento. Jim DiMatteo, Director de carrera de la competici\u00f3n las conoce bien\",\"breadcrumb\":{\"@id\":\"https:\\\/\\\/www.boxrepsol.com\\\/es\\\/red-bull-air-race\\\/la-torre-control-la-red-bull-air-race\\\/#breadcrumb\"},\"inLanguage\":\"es\",\"potentialAction\":[{\"@type\":\"ReadAction\",\"target\":[\"https:\\\/\\\/www.boxrepsol.com\\\/es\\\/red-bull-air-race\\\/la-torre-control-la-red-bull-air-race\\\/\"]}]},{\"@type\":\"ImageObject\",\"inLanguage\":\"es\",\"@id\":\"https:\\\/\\\/www.boxrepsol.com\\\/es\\\/red-bull-air-race\\\/la-torre-control-la-red-bull-air-race\\\/#primaryimage\",\"url\":\"https:\\\/\\\/bxrepsol.s3.eu-west-1.amazonaws.com\\\/static\\\/2022\\\/08\\\/29081931\\\/00_torre_control_rbar.jpg\",\"contentUrl\":\"https:\\\/\\\/bxrepsol.s3.eu-west-1.amazonaws.com\\\/static\\\/2022\\\/08\\\/29081931\\\/00_torre_control_rbar.jpg\",\"width\":995,\"height\":560,\"caption\":\"Torre de control desmontable de la Red Bull Air Race\"},{\"@type\":\"BreadcrumbList\",\"@id\":\"https:\\\/\\\/www.boxrepsol.com\\\/es\\\/red-bull-air-race\\\/la-torre-control-la-red-bull-air-race\\\/#breadcrumb\",\"itemListElement\":[{\"@type\":\"ListItem\",\"position\":1,\"name\":\"Home\",\"item\":\"https:\\\/\\\/www.boxrepsol.com\\\/es\\\/\"},{\"@type\":\"ListItem\",\"position\":2,\"name\":\"La torre de control en la Red Bull Air Race\"}]},{\"@type\":\"WebSite\",\"@id\":\"https:\\\/\\\/www.boxrepsol.com\\\/es\\\/#website\",\"url\":\"https:\\\/\\\/www.boxrepsol.com\\\/es\\\/\",\"name\":\"Box Repsol\",\"description\":\"Box Repsol Site\",\"publisher\":{\"@id\":\"https:\\\/\\\/www.boxrepsol.com\\\/es\\\/#organization\"},\"potentialAction\":[{\"@type\":\"SearchAction\",\"target\":{\"@type\":\"EntryPoint\",\"urlTemplate\":\"https:\\\/\\\/www.boxrepsol.com\\\/es\\\/?s={search_term_string}\"},\"query-input\":{\"@type\":\"PropertyValueSpecification\",\"valueRequired\":true,\"valueName\":\"search_term_string\"}}],\"inLanguage\":\"es\"},{\"@type\":\"Organization\",\"@id\":\"https:\\\/\\\/www.boxrepsol.com\\\/es\\\/#organization\",\"name\":\"Box Repsol\",\"url\":\"https:\\\/\\\/www.boxrepsol.com\\\/es\\\/\",\"logo\":{\"@type\":\"ImageObject\",\"inLanguage\":\"es\",\"@id\":\"https:\\\/\\\/www.boxrepsol.com\\\/es\\\/#\\\/schema\\\/logo\\\/image\\\/\",\"url\":\"https:\\\/\\\/bxrepsol.s3.eu-west-1.amazonaws.com\\\/static\\\/2025\\\/07\\\/30083337\\\/favicon-96x96-1.png\",\"contentUrl\":\"https:\\\/\\\/bxrepsol.s3.eu-west-1.amazonaws.com\\\/static\\\/2025\\\/07\\\/30083337\\\/favicon-96x96-1.png\",\"width\":96,\"height\":96,\"caption\":\"Box Repsol\"},\"image\":{\"@id\":\"https:\\\/\\\/www.boxrepsol.com\\\/es\\\/#\\\/schema\\\/logo\\\/image\\\/\"},\"sameAs\":[\"https:\\\/\\\/www.facebook.com\\\/BoxRepsol\",\"https:\\\/\\\/x.com\\\/box_repsol\",\"http:\\\/\\\/instagram.com\\\/box_repsol\",\"https:\\\/\\\/www.youtube.com\\\/user\\\/RepsolCompeticion\",\"https:\\\/\\\/www.flickr.com\\\/photos\\\/box_repsol\\\/\"]},{\"@type\":\"Person\",\"@id\":\"https:\\\/\\\/www.boxrepsol.com\\\/es\\\/#\\\/schema\\\/person\\\/c5c2138f2cca251b0ad92b7086bb60b7\",\"name\":\"Redacci\u00f3n Box Repsol\",\"image\":{\"@type\":\"ImageObject\",\"inLanguage\":\"es\",\"@id\":\"https:\\\/\\\/secure.gravatar.com\\\/avatar\\\/adf7b77e38b4419baf32c7e9c21dde01f4e40df611f0978e3006fc4ba0aaab7e?s=96&d=mm&r=g\",\"url\":\"https:\\\/\\\/secure.gravatar.com\\\/avatar\\\/adf7b77e38b4419baf32c7e9c21dde01f4e40df611f0978e3006fc4ba0aaab7e?s=96&d=mm&r=g\",\"contentUrl\":\"https:\\\/\\\/secure.gravatar.com\\\/avatar\\\/adf7b77e38b4419baf32c7e9c21dde01f4e40df611f0978e3006fc4ba0aaab7e?s=96&d=mm&r=g\",\"caption\":\"Redacci\u00f3n Box Repsol\"},\"description\":\"Box Repsol lo forma un equipo de periodistas, community managers, dise\u00f1adores y fot\u00f3grafos con m\u00e1s de 20 a\u00f1os de experiencia en el mundo del motorsport. Hemos vivido el primer mundial de un espa\u00f1ol en la categor\u00eda reina de motociclismo con \u00c1lex Crivill\u00e9, estuvimos en las victorias de Pedrosa y los t\u00edtulos de M\u00e1rquez, acompa\u00f1amos en \u00c1frica a Nani Roma y Marc Coma en sus conquistas del Dakar y hemos vibrado con los t\u00edtulos de Toni Bou en Trial. Adem\u00e1s, en nuestro equipo contamos con expertos en el mundo de las dos y cuatro ruedas tanto de la calle y las carreteras, como de los circuitos. Periodistas que han trabajado en revistas y publicaciones para hacerte llegar desde rutas y consejos de mantenimiento, a curiosidades y trucos de pilotaje.\",\"sameAs\":[\"https:\\\/\\\/www.facebook.com\\\/BoxRepsol\\\/\",\"https:\\\/\\\/www.instagram.com\\\/box_repsol\\\/\",\"https:\\\/\\\/x.com\\\/https:\\\/\\\/twitter.com\\\/box_repsol\",\"https:\\\/\\\/www.youtube.com\\\/@Boxrepsol\"],\"url\":\"https:\\\/\\\/www.boxrepsol.com\\\/es\\\/author\\\/redaccion-box-repsol\\\/\"}]}<\/script>\n<!-- \/ Yoast SEO plugin. -->","yoast_head_json":{"title":"La torre de control en la Red Bull Air Race - Box Repsol","description":"Las torres de control de la Red Bull Air Race viajan junto con el resto del evento. Jim DiMatteo, Director de carrera de la competici\u00f3n las conoce bien","canonical":"https:\/\/www.boxrepsol.com\/es\/red-bull-air-race\/la-torre-control-la-red-bull-air-race\/","og_locale":"es_ES","og_type":"article","og_title":"La torre de control en la Red Bull Air Race - Box Repsol","og_description":"Las torres de control de la Red Bull Air Race viajan junto con el resto del evento. Jim DiMatteo, Director de carrera de la competici\u00f3n las conoce bien","og_url":"https:\/\/www.boxrepsol.com\/es\/red-bull-air-race\/la-torre-control-la-red-bull-air-race\/","og_site_name":"Box Repsol","article_publisher":"https:\/\/www.facebook.com\/BoxRepsol","article_author":"https:\/\/www.facebook.com\/BoxRepsol\/","article_published_time":"2020-10-02T02:00:00+00:00","article_modified_time":"2024-04-19T09:30:22+00:00","og_image":[{"width":995,"height":560,"url":"https:\/\/bxrepsol.s3.eu-west-1.amazonaws.com\/static\/2022\/08\/29081931\/00_torre_control_rbar.jpg","type":"image\/jpeg"}],"author":"Redacci\u00f3n Box Repsol","twitter_card":"summary_large_image","twitter_creator":"@https:\/\/twitter.com\/box_repsol","twitter_site":"@box_repsol","twitter_misc":{"Written by":"Redacci\u00f3n Box Repsol","Est. reading time":"3 minutos"},"schema":{"@context":"https:\/\/schema.org","@graph":[{"@type":"Article","@id":"https:\/\/www.boxrepsol.com\/es\/red-bull-air-race\/la-torre-control-la-red-bull-air-race\/#article","isPartOf":{"@id":"https:\/\/www.boxrepsol.com\/es\/red-bull-air-race\/la-torre-control-la-red-bull-air-race\/"},"author":{"name":"Redacci\u00f3n Box Repsol","@id":"https:\/\/www.boxrepsol.com\/es\/#\/schema\/person\/c5c2138f2cca251b0ad92b7086bb60b7"},"headline":"La torre de control en la Red Bull Air Race","datePublished":"2020-10-02T02:00:00+00:00","dateModified":"2024-04-19T09:30:22+00:00","mainEntityOfPage":{"@id":"https:\/\/www.boxrepsol.com\/es\/red-bull-air-race\/la-torre-control-la-red-bull-air-race\/"},"wordCount":557,"commentCount":0,"publisher":{"@id":"https:\/\/www.boxrepsol.com\/es\/#organization"},"image":{"@id":"https:\/\/www.boxrepsol.com\/es\/red-bull-air-race\/la-torre-control-la-red-bull-air-race\/#primaryimage"},"thumbnailUrl":"https:\/\/bxrepsol.s3.eu-west-1.amazonaws.com\/static\/2022\/08\/29081931\/00_torre_control_rbar.jpg","keywords":["otros eventos y competiciones"],"articleSection":["Red Bull Air Race"],"inLanguage":"es","potentialAction":[{"@type":"CommentAction","name":"Comment","target":["https:\/\/www.boxrepsol.com\/es\/red-bull-air-race\/la-torre-control-la-red-bull-air-race\/#respond"]}]},{"@type":"WebPage","@id":"https:\/\/www.boxrepsol.com\/es\/red-bull-air-race\/la-torre-control-la-red-bull-air-race\/","url":"https:\/\/www.boxrepsol.com\/es\/red-bull-air-race\/la-torre-control-la-red-bull-air-race\/","name":"La torre de control en la Red Bull Air Race - Box Repsol","isPartOf":{"@id":"https:\/\/www.boxrepsol.com\/es\/#website"},"primaryImageOfPage":{"@id":"https:\/\/www.boxrepsol.com\/es\/red-bull-air-race\/la-torre-control-la-red-bull-air-race\/#primaryimage"},"image":{"@id":"https:\/\/www.boxrepsol.com\/es\/red-bull-air-race\/la-torre-control-la-red-bull-air-race\/#primaryimage"},"thumbnailUrl":"https:\/\/bxrepsol.s3.eu-west-1.amazonaws.com\/static\/2022\/08\/29081931\/00_torre_control_rbar.jpg","datePublished":"2020-10-02T02:00:00+00:00","dateModified":"2024-04-19T09:30:22+00:00","description":"Las torres de control de la Red Bull Air Race viajan junto con el resto del evento. Jim DiMatteo, Director de carrera de la competici\u00f3n las conoce bien","breadcrumb":{"@id":"https:\/\/www.boxrepsol.com\/es\/red-bull-air-race\/la-torre-control-la-red-bull-air-race\/#breadcrumb"},"inLanguage":"es","potentialAction":[{"@type":"ReadAction","target":["https:\/\/www.boxrepsol.com\/es\/red-bull-air-race\/la-torre-control-la-red-bull-air-race\/"]}]},{"@type":"ImageObject","inLanguage":"es","@id":"https:\/\/www.boxrepsol.com\/es\/red-bull-air-race\/la-torre-control-la-red-bull-air-race\/#primaryimage","url":"https:\/\/bxrepsol.s3.eu-west-1.amazonaws.com\/static\/2022\/08\/29081931\/00_torre_control_rbar.jpg","contentUrl":"https:\/\/bxrepsol.s3.eu-west-1.amazonaws.com\/static\/2022\/08\/29081931\/00_torre_control_rbar.jpg","width":995,"height":560,"caption":"Torre de control desmontable de la Red Bull Air Race"},{"@type":"BreadcrumbList","@id":"https:\/\/www.boxrepsol.com\/es\/red-bull-air-race\/la-torre-control-la-red-bull-air-race\/#breadcrumb","itemListElement":[{"@type":"ListItem","position":1,"name":"Home","item":"https:\/\/www.boxrepsol.com\/es\/"},{"@type":"ListItem","position":2,"name":"La torre de control en la Red Bull Air Race"}]},{"@type":"WebSite","@id":"https:\/\/www.boxrepsol.com\/es\/#website","url":"https:\/\/www.boxrepsol.com\/es\/","name":"Box Repsol","description":"Box Repsol Site","publisher":{"@id":"https:\/\/www.boxrepsol.com\/es\/#organization"},"potentialAction":[{"@type":"SearchAction","target":{"@type":"EntryPoint","urlTemplate":"https:\/\/www.boxrepsol.com\/es\/?s={search_term_string}"},"query-input":{"@type":"PropertyValueSpecification","valueRequired":true,"valueName":"search_term_string"}}],"inLanguage":"es"},{"@type":"Organization","@id":"https:\/\/www.boxrepsol.com\/es\/#organization","name":"Box Repsol","url":"https:\/\/www.boxrepsol.com\/es\/","logo":{"@type":"ImageObject","inLanguage":"es","@id":"https:\/\/www.boxrepsol.com\/es\/#\/schema\/logo\/image\/","url":"https:\/\/bxrepsol.s3.eu-west-1.amazonaws.com\/static\/2025\/07\/30083337\/favicon-96x96-1.png","contentUrl":"https:\/\/bxrepsol.s3.eu-west-1.amazonaws.com\/static\/2025\/07\/30083337\/favicon-96x96-1.png","width":96,"height":96,"caption":"Box Repsol"},"image":{"@id":"https:\/\/www.boxrepsol.com\/es\/#\/schema\/logo\/image\/"},"sameAs":["https:\/\/www.facebook.com\/BoxRepsol","https:\/\/x.com\/box_repsol","http:\/\/instagram.com\/box_repsol","https:\/\/www.youtube.com\/user\/RepsolCompeticion","https:\/\/www.flickr.com\/photos\/box_repsol\/"]},{"@type":"Person","@id":"https:\/\/www.boxrepsol.com\/es\/#\/schema\/person\/c5c2138f2cca251b0ad92b7086bb60b7","name":"Redacci\u00f3n Box Repsol","image":{"@type":"ImageObject","inLanguage":"es","@id":"https:\/\/secure.gravatar.com\/avatar\/adf7b77e38b4419baf32c7e9c21dde01f4e40df611f0978e3006fc4ba0aaab7e?s=96&d=mm&r=g","url":"https:\/\/secure.gravatar.com\/avatar\/adf7b77e38b4419baf32c7e9c21dde01f4e40df611f0978e3006fc4ba0aaab7e?s=96&d=mm&r=g","contentUrl":"https:\/\/secure.gravatar.com\/avatar\/adf7b77e38b4419baf32c7e9c21dde01f4e40df611f0978e3006fc4ba0aaab7e?s=96&d=mm&r=g","caption":"Redacci\u00f3n Box Repsol"},"description":"Box Repsol lo forma un equipo de periodistas, community managers, dise\u00f1adores y fot\u00f3grafos con m\u00e1s de 20 a\u00f1os de experiencia en el mundo del motorsport. Hemos vivido el primer mundial de un espa\u00f1ol en la categor\u00eda reina de motociclismo con \u00c1lex Crivill\u00e9, estuvimos en las victorias de Pedrosa y los t\u00edtulos de M\u00e1rquez, acompa\u00f1amos en \u00c1frica a Nani Roma y Marc Coma en sus conquistas del Dakar y hemos vibrado con los t\u00edtulos de Toni Bou en Trial. Adem\u00e1s, en nuestro equipo contamos con expertos en el mundo de las dos y cuatro ruedas tanto de la calle y las carreteras, como de los circuitos. Periodistas que han trabajado en revistas y publicaciones para hacerte llegar desde rutas y consejos de mantenimiento, a curiosidades y trucos de pilotaje.","sameAs":["https:\/\/www.facebook.com\/BoxRepsol\/","https:\/\/www.instagram.com\/box_repsol\/","https:\/\/x.com\/https:\/\/twitter.com\/box_repsol","https:\/\/www.youtube.com\/@Boxrepsol"],"url":"https:\/\/www.boxrepsol.com\/es\/author\/redaccion-box-repsol\/"}]}},"_links":{"self":[{"href":"https:\/\/www.boxrepsol.com\/es\/wp-json\/wp\/v2\/posts\/93199","targetHints":{"allow":["GET"]}}],"collection":[{"href":"https:\/\/www.boxrepsol.com\/es\/wp-json\/wp\/v2\/posts"}],"about":[{"href":"https:\/\/www.boxrepsol.com\/es\/wp-json\/wp\/v2\/types\/post"}],"author":[{"embeddable":true,"href":"https:\/\/www.boxrepsol.com\/es\/wp-json\/wp\/v2\/users\/43146"}],"replies":[{"embeddable":true,"href":"https:\/\/www.boxrepsol.com\/es\/wp-json\/wp\/v2\/comments?post=93199"}],"version-history":[{"count":1,"href":"https:\/\/www.boxrepsol.com\/es\/wp-json\/wp\/v2\/posts\/93199\/revisions"}],"predecessor-version":[{"id":93200,"href":"https:\/\/www.boxrepsol.com\/es\/wp-json\/wp\/v2\/posts\/93199\/revisions\/93200"}],"wp:featuredmedia":[{"embeddable":true,"href":"https:\/\/www.boxrepsol.com\/es\/wp-json\/wp\/v2\/media\/58535"}],"wp:attachment":[{"href":"https:\/\/www.boxrepsol.com\/es\/wp-json\/wp\/v2\/media?parent=93199"}],"wp:term":[{"taxonomy":"category","embeddable":true,"href":"https:\/\/www.boxrepsol.com\/es\/wp-json\/wp\/v2\/categories?post=93199"},{"taxonomy":"post_tag","embeddable":true,"href":"https:\/\/www.boxrepsol.com\/es\/wp-json\/wp\/v2\/tags?post=93199"}],"curies":[{"name":"wp","href":"https:\/\/api.w.org\/{rel}","templated":true}]}}