{"id":93195,"date":"2018-06-20T00:00:00","date_gmt":"2018-06-20T02:00:00","guid":{"rendered":"http:\/\/pre.boxrepsol.com\/sin-categorizar\/mick-doohan-idolo-la-infancia-dani-pedrosa\/"},"modified":"2024-05-22T07:10:02","modified_gmt":"2024-05-22T09:10:02","slug":"mick-doohan-idolo-la-infancia-dani-pedrosa","status":"publish","type":"post","link":"https:\/\/www.boxrepsol.com\/es\/motogp\/mick-doohan-idolo-la-infancia-dani-pedrosa\/","title":{"rendered":"Mick Doohan, el \u00eddolo en la infancia de Dani Pedrosa"},"content":{"rendered":"\n<p>Cuando yo era un chaval<strong>&nbsp;era dif\u00edcil encontrar un piloto mejor que Mick Doohan<\/strong>. Siempre me ha encantado su estilo \u00fanico y por supuesto, quer\u00eda montar sobre una moto como la suya.<strong>&nbsp;Mick marcaba la diferencia en las carreras<\/strong>, era muy agresivo y pilotaba la moto m\u00e1s rabiosa de la parrilla, ten\u00eda todo lo que se necesita para ser un ganador. Mientras estaba aprendiendo a montar en moto,&nbsp;<strong>mi mayor sue\u00f1o era ser c\u00f3mo \u00e9l<\/strong>.<\/p>\n\n\n\n<p>Su estilo de pilotaje era diferente, algo raro y \u00fanico. Verlo en acci\u00f3n era todo un espect\u00e1culo.&nbsp;<strong>Lo que m\u00e1s me llamaba la atenci\u00f3n era c\u00f3mo utilizaba un estilo diferente cuando trazaba curvas<\/strong>&nbsp;enlazadas. A d\u00eda de hoy, creo que los pilotos profesionales todav\u00eda podemos aprender cosas de \u00e9l, aunque el pilotaje haya cambiado en muchos aspectos.<\/p>\n\n\n\n<p><strong>Conocerlo en persona fue todo un sue\u00f1o hecho realidad<\/strong>. Recuerdo que estaba todav\u00eda en 125cc. Era pr\u00e1cticamente un ni\u00f1o conociendo a su \u00eddolo y esa experiencia te llena de ilusi\u00f3n y de entusiasmo.&nbsp;<strong>Ten\u00eda ganas de saberlo todo de \u00e9l<\/strong>, preguntarle por todas esas cosas que ya hab\u00eda visto en las carreras, pero que me las contase \u00e9l desde su punto de vista.<\/p>\n\n\n\n<p>Un sue\u00f1o que no he podido cumplir ha sido montar sobre una moto como la suya.&nbsp;<strong>La 500cc de dos tiempos ha marcado toda una \u00e9poca<\/strong>&nbsp;y los conocidos que la han llegado a pilotar me cuentan que era algo muy bestia. Alguna vez os he contado c\u00f3mo me gusta explorar diferentes sensaciones sobre la moto, y para m\u00ed habr\u00eda sido muy guay saber lo que se siente en carrera con una moto as\u00ed.<\/p>\n\n\n\n<blockquote class=\"wp-block-quote is-layout-flow wp-block-quote-is-layout-flow\">\n<p>\u00abSi me preguntaran cu\u00e1l es mi dream team definitivo de pilotos, el primer nombre que dir\u00eda sin titubear ser\u00eda Mick Doohan\u00bb<\/p>\n<\/blockquote>\n\n\n\n<p><strong>Lo que s\u00ed he logrado, es llegar a correr en la Categor\u00eda Reina, igual que Mick<\/strong>. Estar entre los mejores del mundo era para m\u00ed algo inalcanzable, pero se hizo realidad. Cuando finalmente lo logr\u00e9 en 2006 y&nbsp;<strong>empec\u00e9 mi primera temporada aqu\u00ed junto con Nicky<\/strong>, me invadi\u00f3 una sensaci\u00f3n de responsabilidad y orgullo. Desde entonces he querido estar a la altura de ese sue\u00f1o y hacerlo lo mejor posible.<\/p>\n\n\n\n<p>Si me preguntaran cu\u00e1l es&nbsp;<strong>mi&nbsp;<em>dream team<\/em>&nbsp;definitivo de pilotos<\/strong>, el primer nombre que dir\u00eda sin titubear ser\u00eda&nbsp;<strong>Mick Doohan<\/strong>. Si pudiese recuperar a aquel piloto y verlo correr en los circuitos de hoy d\u00eda, no me cabe ninguna duda de que lo seguir\u00eda haciendo genial. Creo que esa confianza que siente uno hacia sus \u00eddolos es algo muy bonito de experimentar.&nbsp;<strong>Ser capaz de hacer sentir a alguien lo que Doohan me hac\u00eda sentir a m\u00ed, es sin ninguna duda el mejor sue\u00f1o hecho realidad<\/strong>.<\/p>\n\n\n\n<p>Un abrazo para todos los seguidores de Box Repsol. \u00bfCu\u00e1l era vuestro \u00eddolo en la ni\u00f1ez? Cont\u00e1dmelo, os leo.<\/p>\n\n\n\n<p>Dani Pedrosa.<\/p>\n\n\n\n<figure class=\"wp-block-image\"><img decoding=\"async\" src=\"https:\/\/bxrepsol.s3.eu-west-1.amazonaws.com\/static\/2022\/08\/29081923\/2006_06_24_Michael_Doohan-1.jpg\" alt=\"\"\/><figcaption class=\"wp-element-caption\">Mick Doohan cruzado de brazos en su mono de piloto<\/figcaption><\/figure>\n","protected":false},"excerpt":{"rendered":"<p>Muchos tenemos un \u00eddolo, y para muchos esa persona es el piloto de Castellar del Vall\u00e9s, Dani Pedrosa. Pero hay cierto Campe\u00f3n de Mundo australiano que ha sido su h\u00e9roe mientras \u00e9l crec\u00eda. Dani nos habla de su \u00eddolo de la ni\u00f1ez: Mick Doohan.<\/p>\n","protected":false},"author":43146,"featured_media":58519,"comment_status":"open","ping_status":"open","sticky":false,"template":"","format":"standard","meta":{"footnotes":""},"categories":[4],"tags":[5],"class_list":["post-93195","post","type-post","status-publish","format-standard","hentry","category-motogp","tag-dani-pedrosa"],"yoast_head":"<!-- This site is optimized with the Yoast SEO plugin v27.3 - https:\/\/yoast.com\/product\/yoast-seo-wordpress\/ -->\n<title>Mick Doohan, el \u00eddolo en la infancia de Dani Pedrosa - Box Repsol<\/title>\n<meta name=\"description\" content=\"Muchos tenemos un \u00eddolo, y para muchos esa persona es el piloto de Castellar del Vall\u00e9s, Dani Pedrosa. Pero incluso \u00e9l ha tenido un h\u00e9roe mientras crec\u00eda.\" \/>\n<link rel=\"canonical\" href=\"https:\/\/www.boxrepsol.com\/es\/motogp\/mick-doohan-idolo-la-infancia-dani-pedrosa\/\" \/>\n<meta property=\"og:locale\" content=\"es_ES\" \/>\n<meta property=\"og:type\" content=\"article\" \/>\n<meta property=\"og:title\" content=\"Mick Doohan, el \u00eddolo en la infancia de Dani Pedrosa - Box Repsol\" \/>\n<meta property=\"og:description\" content=\"Muchos tenemos un \u00eddolo, y para muchos esa persona es el piloto de Castellar del Vall\u00e9s, Dani Pedrosa. Pero incluso \u00e9l ha tenido un h\u00e9roe mientras crec\u00eda.\" \/>\n<meta property=\"og:url\" content=\"https:\/\/www.boxrepsol.com\/es\/motogp\/mick-doohan-idolo-la-infancia-dani-pedrosa\/\" \/>\n<meta property=\"og:site_name\" content=\"Box Repsol\" \/>\n<meta property=\"article:publisher\" content=\"https:\/\/www.facebook.com\/BoxRepsol\" \/>\n<meta property=\"article:author\" content=\"https:\/\/www.facebook.com\/BoxRepsol\/\" \/>\n<meta property=\"article:published_time\" content=\"2018-06-20T02:00:00+00:00\" \/>\n<meta property=\"article:modified_time\" content=\"2024-05-22T09:10:02+00:00\" \/>\n<meta property=\"og:image\" content=\"https:\/\/bxrepsol.s3.eu-west-1.amazonaws.com\/static\/2022\/08\/29081924\/DaniDoohan_v3_995x560.jpg\" \/>\n\t<meta property=\"og:image:width\" content=\"995\" \/>\n\t<meta property=\"og:image:height\" content=\"560\" \/>\n\t<meta property=\"og:image:type\" content=\"image\/jpeg\" \/>\n<meta name=\"author\" content=\"Redacci\u00f3n Box Repsol\" \/>\n<meta name=\"twitter:card\" content=\"summary_large_image\" \/>\n<meta name=\"twitter:creator\" content=\"@https:\/\/twitter.com\/box_repsol\" \/>\n<meta name=\"twitter:site\" content=\"@box_repsol\" \/>\n<meta name=\"twitter:label1\" content=\"Written by\" \/>\n\t<meta name=\"twitter:data1\" content=\"Redacci\u00f3n Box Repsol\" \/>\n\t<meta name=\"twitter:label2\" content=\"Est. reading time\" \/>\n\t<meta name=\"twitter:data2\" content=\"3 minutos\" \/>\n<script type=\"application\/ld+json\" class=\"yoast-schema-graph\">{\"@context\":\"https:\\\/\\\/schema.org\",\"@graph\":[{\"@type\":\"Article\",\"@id\":\"https:\\\/\\\/www.boxrepsol.com\\\/es\\\/motogp\\\/mick-doohan-idolo-la-infancia-dani-pedrosa\\\/#article\",\"isPartOf\":{\"@id\":\"https:\\\/\\\/www.boxrepsol.com\\\/es\\\/motogp\\\/mick-doohan-idolo-la-infancia-dani-pedrosa\\\/\"},\"author\":{\"name\":\"Redacci\u00f3n Box Repsol\",\"@id\":\"https:\\\/\\\/www.boxrepsol.com\\\/es\\\/#\\\/schema\\\/person\\\/c5c2138f2cca251b0ad92b7086bb60b7\"},\"headline\":\"Mick Doohan, el \u00eddolo en la infancia de Dani Pedrosa\",\"datePublished\":\"2018-06-20T02:00:00+00:00\",\"dateModified\":\"2024-05-22T09:10:02+00:00\",\"mainEntityOfPage\":{\"@id\":\"https:\\\/\\\/www.boxrepsol.com\\\/es\\\/motogp\\\/mick-doohan-idolo-la-infancia-dani-pedrosa\\\/\"},\"wordCount\":540,\"commentCount\":0,\"publisher\":{\"@id\":\"https:\\\/\\\/www.boxrepsol.com\\\/es\\\/#organization\"},\"image\":{\"@id\":\"https:\\\/\\\/www.boxrepsol.com\\\/es\\\/motogp\\\/mick-doohan-idolo-la-infancia-dani-pedrosa\\\/#primaryimage\"},\"thumbnailUrl\":\"https:\\\/\\\/bxrepsol.s3.eu-west-1.amazonaws.com\\\/static\\\/2022\\\/08\\\/29081924\\\/DaniDoohan_v3_995x560.jpg\",\"keywords\":[\"Dani Pedrosa\"],\"articleSection\":[\"MotoGP\"],\"inLanguage\":\"es\",\"potentialAction\":[{\"@type\":\"CommentAction\",\"name\":\"Comment\",\"target\":[\"https:\\\/\\\/www.boxrepsol.com\\\/es\\\/motogp\\\/mick-doohan-idolo-la-infancia-dani-pedrosa\\\/#respond\"]}]},{\"@type\":\"WebPage\",\"@id\":\"https:\\\/\\\/www.boxrepsol.com\\\/es\\\/motogp\\\/mick-doohan-idolo-la-infancia-dani-pedrosa\\\/\",\"url\":\"https:\\\/\\\/www.boxrepsol.com\\\/es\\\/motogp\\\/mick-doohan-idolo-la-infancia-dani-pedrosa\\\/\",\"name\":\"Mick Doohan, el \u00eddolo en la infancia de Dani Pedrosa - Box Repsol\",\"isPartOf\":{\"@id\":\"https:\\\/\\\/www.boxrepsol.com\\\/es\\\/#website\"},\"primaryImageOfPage\":{\"@id\":\"https:\\\/\\\/www.boxrepsol.com\\\/es\\\/motogp\\\/mick-doohan-idolo-la-infancia-dani-pedrosa\\\/#primaryimage\"},\"image\":{\"@id\":\"https:\\\/\\\/www.boxrepsol.com\\\/es\\\/motogp\\\/mick-doohan-idolo-la-infancia-dani-pedrosa\\\/#primaryimage\"},\"thumbnailUrl\":\"https:\\\/\\\/bxrepsol.s3.eu-west-1.amazonaws.com\\\/static\\\/2022\\\/08\\\/29081924\\\/DaniDoohan_v3_995x560.jpg\",\"datePublished\":\"2018-06-20T02:00:00+00:00\",\"dateModified\":\"2024-05-22T09:10:02+00:00\",\"description\":\"Muchos tenemos un \u00eddolo, y para muchos esa persona es el piloto de Castellar del Vall\u00e9s, Dani Pedrosa. Pero incluso \u00e9l ha tenido un h\u00e9roe mientras crec\u00eda.\",\"breadcrumb\":{\"@id\":\"https:\\\/\\\/www.boxrepsol.com\\\/es\\\/motogp\\\/mick-doohan-idolo-la-infancia-dani-pedrosa\\\/#breadcrumb\"},\"inLanguage\":\"es\",\"potentialAction\":[{\"@type\":\"ReadAction\",\"target\":[\"https:\\\/\\\/www.boxrepsol.com\\\/es\\\/motogp\\\/mick-doohan-idolo-la-infancia-dani-pedrosa\\\/\"]}]},{\"@type\":\"ImageObject\",\"inLanguage\":\"es\",\"@id\":\"https:\\\/\\\/www.boxrepsol.com\\\/es\\\/motogp\\\/mick-doohan-idolo-la-infancia-dani-pedrosa\\\/#primaryimage\",\"url\":\"https:\\\/\\\/bxrepsol.s3.eu-west-1.amazonaws.com\\\/static\\\/2022\\\/08\\\/29081924\\\/DaniDoohan_v3_995x560.jpg\",\"contentUrl\":\"https:\\\/\\\/bxrepsol.s3.eu-west-1.amazonaws.com\\\/static\\\/2022\\\/08\\\/29081924\\\/DaniDoohan_v3_995x560.jpg\",\"width\":995,\"height\":560,\"caption\":\"Dani Pedrosa y Mick Doohan, pilotos Repsol Honda\"},{\"@type\":\"BreadcrumbList\",\"@id\":\"https:\\\/\\\/www.boxrepsol.com\\\/es\\\/motogp\\\/mick-doohan-idolo-la-infancia-dani-pedrosa\\\/#breadcrumb\",\"itemListElement\":[{\"@type\":\"ListItem\",\"position\":1,\"name\":\"Home\",\"item\":\"https:\\\/\\\/www.boxrepsol.com\\\/es\\\/\"},{\"@type\":\"ListItem\",\"position\":2,\"name\":\"Mick Doohan, el \u00eddolo en la infancia de Dani Pedrosa\"}]},{\"@type\":\"WebSite\",\"@id\":\"https:\\\/\\\/www.boxrepsol.com\\\/es\\\/#website\",\"url\":\"https:\\\/\\\/www.boxrepsol.com\\\/es\\\/\",\"name\":\"Box Repsol\",\"description\":\"Box Repsol Site\",\"publisher\":{\"@id\":\"https:\\\/\\\/www.boxrepsol.com\\\/es\\\/#organization\"},\"potentialAction\":[{\"@type\":\"SearchAction\",\"target\":{\"@type\":\"EntryPoint\",\"urlTemplate\":\"https:\\\/\\\/www.boxrepsol.com\\\/es\\\/?s={search_term_string}\"},\"query-input\":{\"@type\":\"PropertyValueSpecification\",\"valueRequired\":true,\"valueName\":\"search_term_string\"}}],\"inLanguage\":\"es\"},{\"@type\":\"Organization\",\"@id\":\"https:\\\/\\\/www.boxrepsol.com\\\/es\\\/#organization\",\"name\":\"Box Repsol\",\"url\":\"https:\\\/\\\/www.boxrepsol.com\\\/es\\\/\",\"logo\":{\"@type\":\"ImageObject\",\"inLanguage\":\"es\",\"@id\":\"https:\\\/\\\/www.boxrepsol.com\\\/es\\\/#\\\/schema\\\/logo\\\/image\\\/\",\"url\":\"https:\\\/\\\/bxrepsol.s3.eu-west-1.amazonaws.com\\\/static\\\/2025\\\/07\\\/30083337\\\/favicon-96x96-1.png\",\"contentUrl\":\"https:\\\/\\\/bxrepsol.s3.eu-west-1.amazonaws.com\\\/static\\\/2025\\\/07\\\/30083337\\\/favicon-96x96-1.png\",\"width\":96,\"height\":96,\"caption\":\"Box Repsol\"},\"image\":{\"@id\":\"https:\\\/\\\/www.boxrepsol.com\\\/es\\\/#\\\/schema\\\/logo\\\/image\\\/\"},\"sameAs\":[\"https:\\\/\\\/www.facebook.com\\\/BoxRepsol\",\"https:\\\/\\\/x.com\\\/box_repsol\",\"http:\\\/\\\/instagram.com\\\/box_repsol\",\"https:\\\/\\\/www.youtube.com\\\/user\\\/RepsolCompeticion\",\"https:\\\/\\\/www.flickr.com\\\/photos\\\/box_repsol\\\/\"]},{\"@type\":\"Person\",\"@id\":\"https:\\\/\\\/www.boxrepsol.com\\\/es\\\/#\\\/schema\\\/person\\\/c5c2138f2cca251b0ad92b7086bb60b7\",\"name\":\"Redacci\u00f3n Box Repsol\",\"image\":{\"@type\":\"ImageObject\",\"inLanguage\":\"es\",\"@id\":\"https:\\\/\\\/secure.gravatar.com\\\/avatar\\\/adf7b77e38b4419baf32c7e9c21dde01f4e40df611f0978e3006fc4ba0aaab7e?s=96&d=mm&r=g\",\"url\":\"https:\\\/\\\/secure.gravatar.com\\\/avatar\\\/adf7b77e38b4419baf32c7e9c21dde01f4e40df611f0978e3006fc4ba0aaab7e?s=96&d=mm&r=g\",\"contentUrl\":\"https:\\\/\\\/secure.gravatar.com\\\/avatar\\\/adf7b77e38b4419baf32c7e9c21dde01f4e40df611f0978e3006fc4ba0aaab7e?s=96&d=mm&r=g\",\"caption\":\"Redacci\u00f3n Box Repsol\"},\"description\":\"Box Repsol lo forma un equipo de periodistas, community managers, dise\u00f1adores y fot\u00f3grafos con m\u00e1s de 20 a\u00f1os de experiencia en el mundo del motorsport. Hemos vivido el primer mundial de un espa\u00f1ol en la categor\u00eda reina de motociclismo con \u00c1lex Crivill\u00e9, estuvimos en las victorias de Pedrosa y los t\u00edtulos de M\u00e1rquez, acompa\u00f1amos en \u00c1frica a Nani Roma y Marc Coma en sus conquistas del Dakar y hemos vibrado con los t\u00edtulos de Toni Bou en Trial. Adem\u00e1s, en nuestro equipo contamos con expertos en el mundo de las dos y cuatro ruedas tanto de la calle y las carreteras, como de los circuitos. Periodistas que han trabajado en revistas y publicaciones para hacerte llegar desde rutas y consejos de mantenimiento, a curiosidades y trucos de pilotaje.\",\"sameAs\":[\"https:\\\/\\\/www.facebook.com\\\/BoxRepsol\\\/\",\"https:\\\/\\\/www.instagram.com\\\/box_repsol\\\/\",\"https:\\\/\\\/x.com\\\/https:\\\/\\\/twitter.com\\\/box_repsol\",\"https:\\\/\\\/www.youtube.com\\\/@Boxrepsol\"],\"url\":\"https:\\\/\\\/www.boxrepsol.com\\\/es\\\/author\\\/redaccion-box-repsol\\\/\"}]}<\/script>\n<!-- \/ Yoast SEO plugin. -->","yoast_head_json":{"title":"Mick Doohan, el \u00eddolo en la infancia de Dani Pedrosa - Box Repsol","description":"Muchos tenemos un \u00eddolo, y para muchos esa persona es el piloto de Castellar del Vall\u00e9s, Dani Pedrosa. Pero incluso \u00e9l ha tenido un h\u00e9roe mientras crec\u00eda.","canonical":"https:\/\/www.boxrepsol.com\/es\/motogp\/mick-doohan-idolo-la-infancia-dani-pedrosa\/","og_locale":"es_ES","og_type":"article","og_title":"Mick Doohan, el \u00eddolo en la infancia de Dani Pedrosa - Box Repsol","og_description":"Muchos tenemos un \u00eddolo, y para muchos esa persona es el piloto de Castellar del Vall\u00e9s, Dani Pedrosa. Pero incluso \u00e9l ha tenido un h\u00e9roe mientras crec\u00eda.","og_url":"https:\/\/www.boxrepsol.com\/es\/motogp\/mick-doohan-idolo-la-infancia-dani-pedrosa\/","og_site_name":"Box Repsol","article_publisher":"https:\/\/www.facebook.com\/BoxRepsol","article_author":"https:\/\/www.facebook.com\/BoxRepsol\/","article_published_time":"2018-06-20T02:00:00+00:00","article_modified_time":"2024-05-22T09:10:02+00:00","og_image":[{"width":995,"height":560,"url":"https:\/\/bxrepsol.s3.eu-west-1.amazonaws.com\/static\/2022\/08\/29081924\/DaniDoohan_v3_995x560.jpg","type":"image\/jpeg"}],"author":"Redacci\u00f3n Box Repsol","twitter_card":"summary_large_image","twitter_creator":"@https:\/\/twitter.com\/box_repsol","twitter_site":"@box_repsol","twitter_misc":{"Written by":"Redacci\u00f3n Box Repsol","Est. reading time":"3 minutos"},"schema":{"@context":"https:\/\/schema.org","@graph":[{"@type":"Article","@id":"https:\/\/www.boxrepsol.com\/es\/motogp\/mick-doohan-idolo-la-infancia-dani-pedrosa\/#article","isPartOf":{"@id":"https:\/\/www.boxrepsol.com\/es\/motogp\/mick-doohan-idolo-la-infancia-dani-pedrosa\/"},"author":{"name":"Redacci\u00f3n Box Repsol","@id":"https:\/\/www.boxrepsol.com\/es\/#\/schema\/person\/c5c2138f2cca251b0ad92b7086bb60b7"},"headline":"Mick Doohan, el \u00eddolo en la infancia de Dani Pedrosa","datePublished":"2018-06-20T02:00:00+00:00","dateModified":"2024-05-22T09:10:02+00:00","mainEntityOfPage":{"@id":"https:\/\/www.boxrepsol.com\/es\/motogp\/mick-doohan-idolo-la-infancia-dani-pedrosa\/"},"wordCount":540,"commentCount":0,"publisher":{"@id":"https:\/\/www.boxrepsol.com\/es\/#organization"},"image":{"@id":"https:\/\/www.boxrepsol.com\/es\/motogp\/mick-doohan-idolo-la-infancia-dani-pedrosa\/#primaryimage"},"thumbnailUrl":"https:\/\/bxrepsol.s3.eu-west-1.amazonaws.com\/static\/2022\/08\/29081924\/DaniDoohan_v3_995x560.jpg","keywords":["Dani Pedrosa"],"articleSection":["MotoGP"],"inLanguage":"es","potentialAction":[{"@type":"CommentAction","name":"Comment","target":["https:\/\/www.boxrepsol.com\/es\/motogp\/mick-doohan-idolo-la-infancia-dani-pedrosa\/#respond"]}]},{"@type":"WebPage","@id":"https:\/\/www.boxrepsol.com\/es\/motogp\/mick-doohan-idolo-la-infancia-dani-pedrosa\/","url":"https:\/\/www.boxrepsol.com\/es\/motogp\/mick-doohan-idolo-la-infancia-dani-pedrosa\/","name":"Mick Doohan, el \u00eddolo en la infancia de Dani Pedrosa - Box Repsol","isPartOf":{"@id":"https:\/\/www.boxrepsol.com\/es\/#website"},"primaryImageOfPage":{"@id":"https:\/\/www.boxrepsol.com\/es\/motogp\/mick-doohan-idolo-la-infancia-dani-pedrosa\/#primaryimage"},"image":{"@id":"https:\/\/www.boxrepsol.com\/es\/motogp\/mick-doohan-idolo-la-infancia-dani-pedrosa\/#primaryimage"},"thumbnailUrl":"https:\/\/bxrepsol.s3.eu-west-1.amazonaws.com\/static\/2022\/08\/29081924\/DaniDoohan_v3_995x560.jpg","datePublished":"2018-06-20T02:00:00+00:00","dateModified":"2024-05-22T09:10:02+00:00","description":"Muchos tenemos un \u00eddolo, y para muchos esa persona es el piloto de Castellar del Vall\u00e9s, Dani Pedrosa. Pero incluso \u00e9l ha tenido un h\u00e9roe mientras crec\u00eda.","breadcrumb":{"@id":"https:\/\/www.boxrepsol.com\/es\/motogp\/mick-doohan-idolo-la-infancia-dani-pedrosa\/#breadcrumb"},"inLanguage":"es","potentialAction":[{"@type":"ReadAction","target":["https:\/\/www.boxrepsol.com\/es\/motogp\/mick-doohan-idolo-la-infancia-dani-pedrosa\/"]}]},{"@type":"ImageObject","inLanguage":"es","@id":"https:\/\/www.boxrepsol.com\/es\/motogp\/mick-doohan-idolo-la-infancia-dani-pedrosa\/#primaryimage","url":"https:\/\/bxrepsol.s3.eu-west-1.amazonaws.com\/static\/2022\/08\/29081924\/DaniDoohan_v3_995x560.jpg","contentUrl":"https:\/\/bxrepsol.s3.eu-west-1.amazonaws.com\/static\/2022\/08\/29081924\/DaniDoohan_v3_995x560.jpg","width":995,"height":560,"caption":"Dani Pedrosa y Mick Doohan, pilotos Repsol Honda"},{"@type":"BreadcrumbList","@id":"https:\/\/www.boxrepsol.com\/es\/motogp\/mick-doohan-idolo-la-infancia-dani-pedrosa\/#breadcrumb","itemListElement":[{"@type":"ListItem","position":1,"name":"Home","item":"https:\/\/www.boxrepsol.com\/es\/"},{"@type":"ListItem","position":2,"name":"Mick Doohan, el \u00eddolo en la infancia de Dani Pedrosa"}]},{"@type":"WebSite","@id":"https:\/\/www.boxrepsol.com\/es\/#website","url":"https:\/\/www.boxrepsol.com\/es\/","name":"Box Repsol","description":"Box Repsol Site","publisher":{"@id":"https:\/\/www.boxrepsol.com\/es\/#organization"},"potentialAction":[{"@type":"SearchAction","target":{"@type":"EntryPoint","urlTemplate":"https:\/\/www.boxrepsol.com\/es\/?s={search_term_string}"},"query-input":{"@type":"PropertyValueSpecification","valueRequired":true,"valueName":"search_term_string"}}],"inLanguage":"es"},{"@type":"Organization","@id":"https:\/\/www.boxrepsol.com\/es\/#organization","name":"Box Repsol","url":"https:\/\/www.boxrepsol.com\/es\/","logo":{"@type":"ImageObject","inLanguage":"es","@id":"https:\/\/www.boxrepsol.com\/es\/#\/schema\/logo\/image\/","url":"https:\/\/bxrepsol.s3.eu-west-1.amazonaws.com\/static\/2025\/07\/30083337\/favicon-96x96-1.png","contentUrl":"https:\/\/bxrepsol.s3.eu-west-1.amazonaws.com\/static\/2025\/07\/30083337\/favicon-96x96-1.png","width":96,"height":96,"caption":"Box Repsol"},"image":{"@id":"https:\/\/www.boxrepsol.com\/es\/#\/schema\/logo\/image\/"},"sameAs":["https:\/\/www.facebook.com\/BoxRepsol","https:\/\/x.com\/box_repsol","http:\/\/instagram.com\/box_repsol","https:\/\/www.youtube.com\/user\/RepsolCompeticion","https:\/\/www.flickr.com\/photos\/box_repsol\/"]},{"@type":"Person","@id":"https:\/\/www.boxrepsol.com\/es\/#\/schema\/person\/c5c2138f2cca251b0ad92b7086bb60b7","name":"Redacci\u00f3n Box Repsol","image":{"@type":"ImageObject","inLanguage":"es","@id":"https:\/\/secure.gravatar.com\/avatar\/adf7b77e38b4419baf32c7e9c21dde01f4e40df611f0978e3006fc4ba0aaab7e?s=96&d=mm&r=g","url":"https:\/\/secure.gravatar.com\/avatar\/adf7b77e38b4419baf32c7e9c21dde01f4e40df611f0978e3006fc4ba0aaab7e?s=96&d=mm&r=g","contentUrl":"https:\/\/secure.gravatar.com\/avatar\/adf7b77e38b4419baf32c7e9c21dde01f4e40df611f0978e3006fc4ba0aaab7e?s=96&d=mm&r=g","caption":"Redacci\u00f3n Box Repsol"},"description":"Box Repsol lo forma un equipo de periodistas, community managers, dise\u00f1adores y fot\u00f3grafos con m\u00e1s de 20 a\u00f1os de experiencia en el mundo del motorsport. Hemos vivido el primer mundial de un espa\u00f1ol en la categor\u00eda reina de motociclismo con \u00c1lex Crivill\u00e9, estuvimos en las victorias de Pedrosa y los t\u00edtulos de M\u00e1rquez, acompa\u00f1amos en \u00c1frica a Nani Roma y Marc Coma en sus conquistas del Dakar y hemos vibrado con los t\u00edtulos de Toni Bou en Trial. Adem\u00e1s, en nuestro equipo contamos con expertos en el mundo de las dos y cuatro ruedas tanto de la calle y las carreteras, como de los circuitos. Periodistas que han trabajado en revistas y publicaciones para hacerte llegar desde rutas y consejos de mantenimiento, a curiosidades y trucos de pilotaje.","sameAs":["https:\/\/www.facebook.com\/BoxRepsol\/","https:\/\/www.instagram.com\/box_repsol\/","https:\/\/x.com\/https:\/\/twitter.com\/box_repsol","https:\/\/www.youtube.com\/@Boxrepsol"],"url":"https:\/\/www.boxrepsol.com\/es\/author\/redaccion-box-repsol\/"}]}},"_links":{"self":[{"href":"https:\/\/www.boxrepsol.com\/es\/wp-json\/wp\/v2\/posts\/93195","targetHints":{"allow":["GET"]}}],"collection":[{"href":"https:\/\/www.boxrepsol.com\/es\/wp-json\/wp\/v2\/posts"}],"about":[{"href":"https:\/\/www.boxrepsol.com\/es\/wp-json\/wp\/v2\/types\/post"}],"author":[{"embeddable":true,"href":"https:\/\/www.boxrepsol.com\/es\/wp-json\/wp\/v2\/users\/43146"}],"replies":[{"embeddable":true,"href":"https:\/\/www.boxrepsol.com\/es\/wp-json\/wp\/v2\/comments?post=93195"}],"version-history":[{"count":2,"href":"https:\/\/www.boxrepsol.com\/es\/wp-json\/wp\/v2\/posts\/93195\/revisions"}],"predecessor-version":[{"id":115187,"href":"https:\/\/www.boxrepsol.com\/es\/wp-json\/wp\/v2\/posts\/93195\/revisions\/115187"}],"wp:featuredmedia":[{"embeddable":true,"href":"https:\/\/www.boxrepsol.com\/es\/wp-json\/wp\/v2\/media\/58519"}],"wp:attachment":[{"href":"https:\/\/www.boxrepsol.com\/es\/wp-json\/wp\/v2\/media?parent=93195"}],"wp:term":[{"taxonomy":"category","embeddable":true,"href":"https:\/\/www.boxrepsol.com\/es\/wp-json\/wp\/v2\/categories?post=93195"},{"taxonomy":"post_tag","embeddable":true,"href":"https:\/\/www.boxrepsol.com\/es\/wp-json\/wp\/v2\/tags?post=93195"}],"curies":[{"name":"wp","href":"https:\/\/api.w.org\/{rel}","templated":true}]}}