{"id":93184,"date":"2018-06-17T00:00:00","date_gmt":"2018-06-17T02:00:00","guid":{"rendered":"http:\/\/pre.boxrepsol.com\/sin-categorizar\/marc-marquez-regresa-al-podio-dani-pedrosa-quinto\/"},"modified":"2024-05-22T07:10:49","modified_gmt":"2024-05-22T09:10:49","slug":"marc-marquez-regresa-al-podio-dani-pedrosa-quinto","status":"publish","type":"post","link":"https:\/\/www.boxrepsol.com\/es\/motogp\/marc-marquez-regresa-al-podio-dani-pedrosa-quinto\/","title":{"rendered":"Marc M\u00e1rquez regresa al podio y Dani Pedrosa es quinto"},"content":{"rendered":"<blockquote>\n<p>Hoy ha sido un carrera para gestionar la situaci\u00f3n de la mejor forma posible y ser inteligentes<\/p>\n<p>            <a href=\"http:\/\/twitter.com\/share?text=Hoy+ha+sido+un+carrera+para+gestionar+la+situaci%C3%B3n+de+la+mejor+forma+posible+y+ser+inteligentes&#038;url=https%3A%2F%2Fwww.boxrepsol.com%2Fes%2F%3Fp%3D21341%2F&#038;hashtags=\" target=\"_blank\" data-datalayer='{\"event\": \"socialInteraction\", \"socialNetwork\": \"Twitter\", \"socialAction\": \"Compartir\", \"socialTarget\": \"Frase\"}' rel=\"noopener\"><br \/>\n            twittear        <\/a><\/p>\n<footer>Marc M\u00e1rquez<\/footer>\n<\/blockquote>\n<p>En la salida, Marc M\u00e1rquez se ha situado primero y Dani Pedrosa, que part\u00eda und\u00e9cimo, ha adelantado a cinco rivales y ha completado la primera vuelta en sexta posici\u00f3n.<\/p>\n<p>En el siguiente paso por meta, Jorge Lorenzo ha superado a Marc y sus posiciones ya no han cambiado hasta la bandera de cuadros.<\/p>\n<p>Dani Pedrosa ha llegado a rodar cuarto en la d\u00e9cima vuelta y finalmente ha terminado la carrera en quinta plaza.<\/p>\n<p>Con este resultado, Marc M\u00e1rquez suma 115 puntos en la clasificaci\u00f3n general, 27 m\u00e1s que el segundo, y Dani Pedrosa es und\u00e9cimo con 40 puntos.<\/p>\n<h3>Marc M\u00e1rquez<\/h3>\n<p><em>Hoy ha sido un carrera para gestionar la situaci\u00f3n de la mejor forma posible y ser inteligentes. En las primeras vueltas he apretado, porque era importante seguir a Jorge [Lorenzo] y abrir un hueco respecto a los perseguidores. Una vez hemos logrado una ventaja suficiente, me he centrado en controlar la carrera e incluso he aflojado un poco el ritmo en las \u00faltimas vueltas, porque era imposible alcanzar a Lorenzo. He visto muchas ca\u00eddas, y eso me ha hecho pensar m\u00e1s que en con otras carreras. A veces, la elecci\u00f3n de neum\u00e1ticos no funciona exactamente como esperas, pero al final, lograr una segunda posici\u00f3n es un buen resultado para el campeonato, porque lleg\u00e1bamos aqu\u00ed con 23 puntos de ventaja y nos vamos a Assen con 27. Es momento de entender c\u00f3mo est\u00e1 la situaci\u00f3n e intentar controlarla de la mejor manera posible. Cometimos un error en Mugello y eso me hizo reflexionar mucho. Est\u00e1 claro que cuando no ganas, tienes la sensaci\u00f3n de que te falta algo, pero un podio es un buen resultado. Quiz\u00e1s vendr\u00e1n otras carreras complicadas, pero lo importante para nosotros es que hasta ahora hemos estado en buena forma en todas.<\/em><\/p>\n<p>\t\t\t\t<img decoding=\"async\" src=\"https:\/\/bxrepsol.s3.eu-west-1.amazonaws.com\/static\/2022\/08\/05052814\/00_marc_declas.jpg\" alt=\"00_marc_declas\" itemprop=\"image\"  \/><br \/>\n\t\t\t\t<img decoding=\"async\" src=\"https:\/\/bxrepsol.s3.eu-west-1.amazonaws.com\/static\/2022\/08\/05052815\/00_dani_declas.jpg\" alt=\"00_dani_declas\" itemprop=\"image\"  \/><\/p>\n<h3>Dani Pedrosa<\/h3>\n<p><em>Creo que hemos\u00a0logrado un resultado suficientemente bueno teniendo en cuenta c\u00f3mo ha ido el fin de semana, porque empezar und\u00e9cimo y terminar quinto es una gran remontada, aunque evidentemente no puedo estar satisfecho con eso. No ten\u00eda buenas sensaciones, he sufrido mucho por falta de agarre durante la carrera. Los pilotos con los que estaba luchando eran m\u00e1s r\u00e1pidos, especialmente en mitad y en la salida de las curvas. Pod\u00eda ser un poco m\u00e1s fuerte que ellos en las frenadas, pero al final mis tiempos por vuelta eran un poco m\u00e1s lentos. Por esta raz\u00f3n Cal [Crutchlow] me ha adelantado al final y tambi\u00e9n me ha atrapado Vi\u00f1ales, aunque he podido defenderme en la \u00faltima vuelta. Ma\u00f1ana tenemos un d\u00eda de pruebas y espero que podamos resolver este problema y ser r\u00e1pidos en las pr\u00f3ximas carreras.<\/em><\/p>\n","protected":false},"excerpt":{"rendered":"<p>Segunda posici\u00f3n del vigente Campe\u00f3n del Mundo, que ampl\u00eda su liderato en un Gran Premio de Catalunya en el que Dani Pedrosa ha remontado seis posiciones y ha terminado quinto.<\/p>\n","protected":false},"author":43146,"featured_media":58476,"comment_status":"open","ping_status":"open","sticky":false,"template":"","format":"standard","meta":{"footnotes":""},"categories":[4],"tags":[132],"class_list":["post-93184","post","type-post","status-publish","format-standard","hentry","category-motogp","tag-motogp-catalunya"],"yoast_head":"<!-- This site is optimized with the Yoast SEO plugin v27.3 - https:\/\/yoast.com\/product\/yoast-seo-wordpress\/ -->\n<title>Marc M\u00e1rquez regresa al podio y Dani Pedrosa es quinto - Box Repsol<\/title>\n<meta name=\"description\" content=\"Segunda posici\u00f3n del vigente Campe\u00f3n del Mundo, que ampl\u00eda su liderato en un Gran Premio de Catalunya en el que Dani Pedrosa ha remontado seis posiciones\" \/>\n<link rel=\"canonical\" href=\"https:\/\/www.boxrepsol.com\/es\/motogp\/marc-marquez-regresa-al-podio-dani-pedrosa-quinto\/\" \/>\n<meta property=\"og:locale\" content=\"es_ES\" \/>\n<meta property=\"og:type\" content=\"article\" \/>\n<meta property=\"og:title\" content=\"Marc M\u00e1rquez regresa al podio y Dani Pedrosa es quinto - Box Repsol\" \/>\n<meta property=\"og:description\" content=\"Segunda posici\u00f3n del vigente Campe\u00f3n del Mundo, que ampl\u00eda su liderato en un Gran Premio de Catalunya en el que Dani Pedrosa ha remontado seis posiciones\" \/>\n<meta property=\"og:url\" content=\"https:\/\/www.boxrepsol.com\/es\/motogp\/marc-marquez-regresa-al-podio-dani-pedrosa-quinto\/\" \/>\n<meta property=\"og:site_name\" content=\"Box Repsol\" \/>\n<meta property=\"article:publisher\" content=\"https:\/\/www.facebook.com\/BoxRepsol\" \/>\n<meta property=\"article:author\" content=\"https:\/\/www.facebook.com\/BoxRepsol\/\" \/>\n<meta property=\"article:published_time\" content=\"2018-06-17T02:00:00+00:00\" \/>\n<meta property=\"article:modified_time\" content=\"2024-05-22T09:10:49+00:00\" \/>\n<meta property=\"og:image\" content=\"https:\/\/bxrepsol.s3.eu-west-1.amazonaws.com\/static\/2022\/08\/29081904\/03_marc_marquez_motogp_victoria_andreas_perez_catalunya_repsol_honda_93.jpg\" \/>\n\t<meta property=\"og:image:width\" content=\"995\" \/>\n\t<meta property=\"og:image:height\" content=\"560\" \/>\n\t<meta property=\"og:image:type\" content=\"image\/jpeg\" \/>\n<meta name=\"author\" content=\"Redacci\u00f3n Box Repsol\" \/>\n<meta name=\"twitter:card\" content=\"summary_large_image\" \/>\n<meta name=\"twitter:creator\" content=\"@https:\/\/twitter.com\/box_repsol\" \/>\n<meta name=\"twitter:site\" content=\"@box_repsol\" \/>\n<meta name=\"twitter:label1\" content=\"Written by\" \/>\n\t<meta name=\"twitter:data1\" content=\"Redacci\u00f3n Box Repsol\" \/>\n\t<meta name=\"twitter:label2\" content=\"Est. reading time\" \/>\n\t<meta name=\"twitter:data2\" content=\"2 minutos\" \/>\n<script type=\"application\/ld+json\" class=\"yoast-schema-graph\">{\"@context\":\"https:\\\/\\\/schema.org\",\"@graph\":[{\"@type\":\"Article\",\"@id\":\"https:\\\/\\\/www.boxrepsol.com\\\/es\\\/motogp\\\/marc-marquez-regresa-al-podio-dani-pedrosa-quinto\\\/#article\",\"isPartOf\":{\"@id\":\"https:\\\/\\\/www.boxrepsol.com\\\/es\\\/motogp\\\/marc-marquez-regresa-al-podio-dani-pedrosa-quinto\\\/\"},\"author\":{\"name\":\"Redacci\u00f3n Box Repsol\",\"@id\":\"https:\\\/\\\/www.boxrepsol.com\\\/es\\\/#\\\/schema\\\/person\\\/c5c2138f2cca251b0ad92b7086bb60b7\"},\"headline\":\"Marc M\u00e1rquez regresa al podio y Dani Pedrosa es quinto\",\"datePublished\":\"2018-06-17T02:00:00+00:00\",\"dateModified\":\"2024-05-22T09:10:49+00:00\",\"mainEntityOfPage\":{\"@id\":\"https:\\\/\\\/www.boxrepsol.com\\\/es\\\/motogp\\\/marc-marquez-regresa-al-podio-dani-pedrosa-quinto\\\/\"},\"wordCount\":499,\"commentCount\":0,\"publisher\":{\"@id\":\"https:\\\/\\\/www.boxrepsol.com\\\/es\\\/#organization\"},\"image\":{\"@id\":\"https:\\\/\\\/www.boxrepsol.com\\\/es\\\/motogp\\\/marc-marquez-regresa-al-podio-dani-pedrosa-quinto\\\/#primaryimage\"},\"thumbnailUrl\":\"https:\\\/\\\/bxrepsol.s3.eu-west-1.amazonaws.com\\\/static\\\/2022\\\/08\\\/29081904\\\/03_marc_marquez_motogp_victoria_andreas_perez_catalunya_repsol_honda_93.jpg\",\"keywords\":[\"MotoGP Catalunya\"],\"articleSection\":[\"MotoGP\"],\"inLanguage\":\"es\",\"potentialAction\":[{\"@type\":\"CommentAction\",\"name\":\"Comment\",\"target\":[\"https:\\\/\\\/www.boxrepsol.com\\\/es\\\/motogp\\\/marc-marquez-regresa-al-podio-dani-pedrosa-quinto\\\/#respond\"]}]},{\"@type\":\"WebPage\",\"@id\":\"https:\\\/\\\/www.boxrepsol.com\\\/es\\\/motogp\\\/marc-marquez-regresa-al-podio-dani-pedrosa-quinto\\\/\",\"url\":\"https:\\\/\\\/www.boxrepsol.com\\\/es\\\/motogp\\\/marc-marquez-regresa-al-podio-dani-pedrosa-quinto\\\/\",\"name\":\"Marc M\u00e1rquez regresa al podio y Dani Pedrosa es quinto - Box Repsol\",\"isPartOf\":{\"@id\":\"https:\\\/\\\/www.boxrepsol.com\\\/es\\\/#website\"},\"primaryImageOfPage\":{\"@id\":\"https:\\\/\\\/www.boxrepsol.com\\\/es\\\/motogp\\\/marc-marquez-regresa-al-podio-dani-pedrosa-quinto\\\/#primaryimage\"},\"image\":{\"@id\":\"https:\\\/\\\/www.boxrepsol.com\\\/es\\\/motogp\\\/marc-marquez-regresa-al-podio-dani-pedrosa-quinto\\\/#primaryimage\"},\"thumbnailUrl\":\"https:\\\/\\\/bxrepsol.s3.eu-west-1.amazonaws.com\\\/static\\\/2022\\\/08\\\/29081904\\\/03_marc_marquez_motogp_victoria_andreas_perez_catalunya_repsol_honda_93.jpg\",\"datePublished\":\"2018-06-17T02:00:00+00:00\",\"dateModified\":\"2024-05-22T09:10:49+00:00\",\"description\":\"Segunda posici\u00f3n del vigente Campe\u00f3n del Mundo, que ampl\u00eda su liderato en un Gran Premio de Catalunya en el que Dani Pedrosa ha remontado seis posiciones\",\"breadcrumb\":{\"@id\":\"https:\\\/\\\/www.boxrepsol.com\\\/es\\\/motogp\\\/marc-marquez-regresa-al-podio-dani-pedrosa-quinto\\\/#breadcrumb\"},\"inLanguage\":\"es\",\"potentialAction\":[{\"@type\":\"ReadAction\",\"target\":[\"https:\\\/\\\/www.boxrepsol.com\\\/es\\\/motogp\\\/marc-marquez-regresa-al-podio-dani-pedrosa-quinto\\\/\"]}]},{\"@type\":\"ImageObject\",\"inLanguage\":\"es\",\"@id\":\"https:\\\/\\\/www.boxrepsol.com\\\/es\\\/motogp\\\/marc-marquez-regresa-al-podio-dani-pedrosa-quinto\\\/#primaryimage\",\"url\":\"https:\\\/\\\/bxrepsol.s3.eu-west-1.amazonaws.com\\\/static\\\/2022\\\/08\\\/29081904\\\/03_marc_marquez_motogp_victoria_andreas_perez_catalunya_repsol_honda_93.jpg\",\"contentUrl\":\"https:\\\/\\\/bxrepsol.s3.eu-west-1.amazonaws.com\\\/static\\\/2022\\\/08\\\/29081904\\\/03_marc_marquez_motogp_victoria_andreas_perez_catalunya_repsol_honda_93.jpg\",\"width\":995,\"height\":560,\"caption\":\"M\u00e1rquez en el GP de Catalunya con la bandera de Andreas P\u00e9rez\"},{\"@type\":\"BreadcrumbList\",\"@id\":\"https:\\\/\\\/www.boxrepsol.com\\\/es\\\/motogp\\\/marc-marquez-regresa-al-podio-dani-pedrosa-quinto\\\/#breadcrumb\",\"itemListElement\":[{\"@type\":\"ListItem\",\"position\":1,\"name\":\"Home\",\"item\":\"https:\\\/\\\/www.boxrepsol.com\\\/es\\\/\"},{\"@type\":\"ListItem\",\"position\":2,\"name\":\"Marc M\u00e1rquez regresa al podio y Dani Pedrosa es quinto\"}]},{\"@type\":\"WebSite\",\"@id\":\"https:\\\/\\\/www.boxrepsol.com\\\/es\\\/#website\",\"url\":\"https:\\\/\\\/www.boxrepsol.com\\\/es\\\/\",\"name\":\"Box Repsol\",\"description\":\"Box Repsol Site\",\"publisher\":{\"@id\":\"https:\\\/\\\/www.boxrepsol.com\\\/es\\\/#organization\"},\"potentialAction\":[{\"@type\":\"SearchAction\",\"target\":{\"@type\":\"EntryPoint\",\"urlTemplate\":\"https:\\\/\\\/www.boxrepsol.com\\\/es\\\/?s={search_term_string}\"},\"query-input\":{\"@type\":\"PropertyValueSpecification\",\"valueRequired\":true,\"valueName\":\"search_term_string\"}}],\"inLanguage\":\"es\"},{\"@type\":\"Organization\",\"@id\":\"https:\\\/\\\/www.boxrepsol.com\\\/es\\\/#organization\",\"name\":\"Box Repsol\",\"url\":\"https:\\\/\\\/www.boxrepsol.com\\\/es\\\/\",\"logo\":{\"@type\":\"ImageObject\",\"inLanguage\":\"es\",\"@id\":\"https:\\\/\\\/www.boxrepsol.com\\\/es\\\/#\\\/schema\\\/logo\\\/image\\\/\",\"url\":\"https:\\\/\\\/bxrepsol.s3.eu-west-1.amazonaws.com\\\/static\\\/2025\\\/07\\\/30083337\\\/favicon-96x96-1.png\",\"contentUrl\":\"https:\\\/\\\/bxrepsol.s3.eu-west-1.amazonaws.com\\\/static\\\/2025\\\/07\\\/30083337\\\/favicon-96x96-1.png\",\"width\":96,\"height\":96,\"caption\":\"Box Repsol\"},\"image\":{\"@id\":\"https:\\\/\\\/www.boxrepsol.com\\\/es\\\/#\\\/schema\\\/logo\\\/image\\\/\"},\"sameAs\":[\"https:\\\/\\\/www.facebook.com\\\/BoxRepsol\",\"https:\\\/\\\/x.com\\\/box_repsol\",\"http:\\\/\\\/instagram.com\\\/box_repsol\",\"https:\\\/\\\/www.youtube.com\\\/user\\\/RepsolCompeticion\",\"https:\\\/\\\/www.flickr.com\\\/photos\\\/box_repsol\\\/\"]},{\"@type\":\"Person\",\"@id\":\"https:\\\/\\\/www.boxrepsol.com\\\/es\\\/#\\\/schema\\\/person\\\/c5c2138f2cca251b0ad92b7086bb60b7\",\"name\":\"Redacci\u00f3n Box Repsol\",\"image\":{\"@type\":\"ImageObject\",\"inLanguage\":\"es\",\"@id\":\"https:\\\/\\\/secure.gravatar.com\\\/avatar\\\/adf7b77e38b4419baf32c7e9c21dde01f4e40df611f0978e3006fc4ba0aaab7e?s=96&d=mm&r=g\",\"url\":\"https:\\\/\\\/secure.gravatar.com\\\/avatar\\\/adf7b77e38b4419baf32c7e9c21dde01f4e40df611f0978e3006fc4ba0aaab7e?s=96&d=mm&r=g\",\"contentUrl\":\"https:\\\/\\\/secure.gravatar.com\\\/avatar\\\/adf7b77e38b4419baf32c7e9c21dde01f4e40df611f0978e3006fc4ba0aaab7e?s=96&d=mm&r=g\",\"caption\":\"Redacci\u00f3n Box Repsol\"},\"description\":\"Box Repsol lo forma un equipo de periodistas, community managers, dise\u00f1adores y fot\u00f3grafos con m\u00e1s de 20 a\u00f1os de experiencia en el mundo del motorsport. Hemos vivido el primer mundial de un espa\u00f1ol en la categor\u00eda reina de motociclismo con \u00c1lex Crivill\u00e9, estuvimos en las victorias de Pedrosa y los t\u00edtulos de M\u00e1rquez, acompa\u00f1amos en \u00c1frica a Nani Roma y Marc Coma en sus conquistas del Dakar y hemos vibrado con los t\u00edtulos de Toni Bou en Trial. Adem\u00e1s, en nuestro equipo contamos con expertos en el mundo de las dos y cuatro ruedas tanto de la calle y las carreteras, como de los circuitos. Periodistas que han trabajado en revistas y publicaciones para hacerte llegar desde rutas y consejos de mantenimiento, a curiosidades y trucos de pilotaje.\",\"sameAs\":[\"https:\\\/\\\/www.facebook.com\\\/BoxRepsol\\\/\",\"https:\\\/\\\/www.instagram.com\\\/box_repsol\\\/\",\"https:\\\/\\\/x.com\\\/https:\\\/\\\/twitter.com\\\/box_repsol\",\"https:\\\/\\\/www.youtube.com\\\/@Boxrepsol\"],\"url\":\"https:\\\/\\\/www.boxrepsol.com\\\/es\\\/author\\\/redaccion-box-repsol\\\/\"}]}<\/script>\n<!-- \/ Yoast SEO plugin. -->","yoast_head_json":{"title":"Marc M\u00e1rquez regresa al podio y Dani Pedrosa es quinto - Box Repsol","description":"Segunda posici\u00f3n del vigente Campe\u00f3n del Mundo, que ampl\u00eda su liderato en un Gran Premio de Catalunya en el que Dani Pedrosa ha remontado seis posiciones","canonical":"https:\/\/www.boxrepsol.com\/es\/motogp\/marc-marquez-regresa-al-podio-dani-pedrosa-quinto\/","og_locale":"es_ES","og_type":"article","og_title":"Marc M\u00e1rquez regresa al podio y Dani Pedrosa es quinto - Box Repsol","og_description":"Segunda posici\u00f3n del vigente Campe\u00f3n del Mundo, que ampl\u00eda su liderato en un Gran Premio de Catalunya en el que Dani Pedrosa ha remontado seis posiciones","og_url":"https:\/\/www.boxrepsol.com\/es\/motogp\/marc-marquez-regresa-al-podio-dani-pedrosa-quinto\/","og_site_name":"Box Repsol","article_publisher":"https:\/\/www.facebook.com\/BoxRepsol","article_author":"https:\/\/www.facebook.com\/BoxRepsol\/","article_published_time":"2018-06-17T02:00:00+00:00","article_modified_time":"2024-05-22T09:10:49+00:00","og_image":[{"width":995,"height":560,"url":"https:\/\/bxrepsol.s3.eu-west-1.amazonaws.com\/static\/2022\/08\/29081904\/03_marc_marquez_motogp_victoria_andreas_perez_catalunya_repsol_honda_93.jpg","type":"image\/jpeg"}],"author":"Redacci\u00f3n Box Repsol","twitter_card":"summary_large_image","twitter_creator":"@https:\/\/twitter.com\/box_repsol","twitter_site":"@box_repsol","twitter_misc":{"Written by":"Redacci\u00f3n Box Repsol","Est. reading time":"2 minutos"},"schema":{"@context":"https:\/\/schema.org","@graph":[{"@type":"Article","@id":"https:\/\/www.boxrepsol.com\/es\/motogp\/marc-marquez-regresa-al-podio-dani-pedrosa-quinto\/#article","isPartOf":{"@id":"https:\/\/www.boxrepsol.com\/es\/motogp\/marc-marquez-regresa-al-podio-dani-pedrosa-quinto\/"},"author":{"name":"Redacci\u00f3n Box Repsol","@id":"https:\/\/www.boxrepsol.com\/es\/#\/schema\/person\/c5c2138f2cca251b0ad92b7086bb60b7"},"headline":"Marc M\u00e1rquez regresa al podio y Dani Pedrosa es quinto","datePublished":"2018-06-17T02:00:00+00:00","dateModified":"2024-05-22T09:10:49+00:00","mainEntityOfPage":{"@id":"https:\/\/www.boxrepsol.com\/es\/motogp\/marc-marquez-regresa-al-podio-dani-pedrosa-quinto\/"},"wordCount":499,"commentCount":0,"publisher":{"@id":"https:\/\/www.boxrepsol.com\/es\/#organization"},"image":{"@id":"https:\/\/www.boxrepsol.com\/es\/motogp\/marc-marquez-regresa-al-podio-dani-pedrosa-quinto\/#primaryimage"},"thumbnailUrl":"https:\/\/bxrepsol.s3.eu-west-1.amazonaws.com\/static\/2022\/08\/29081904\/03_marc_marquez_motogp_victoria_andreas_perez_catalunya_repsol_honda_93.jpg","keywords":["MotoGP Catalunya"],"articleSection":["MotoGP"],"inLanguage":"es","potentialAction":[{"@type":"CommentAction","name":"Comment","target":["https:\/\/www.boxrepsol.com\/es\/motogp\/marc-marquez-regresa-al-podio-dani-pedrosa-quinto\/#respond"]}]},{"@type":"WebPage","@id":"https:\/\/www.boxrepsol.com\/es\/motogp\/marc-marquez-regresa-al-podio-dani-pedrosa-quinto\/","url":"https:\/\/www.boxrepsol.com\/es\/motogp\/marc-marquez-regresa-al-podio-dani-pedrosa-quinto\/","name":"Marc M\u00e1rquez regresa al podio y Dani Pedrosa es quinto - Box Repsol","isPartOf":{"@id":"https:\/\/www.boxrepsol.com\/es\/#website"},"primaryImageOfPage":{"@id":"https:\/\/www.boxrepsol.com\/es\/motogp\/marc-marquez-regresa-al-podio-dani-pedrosa-quinto\/#primaryimage"},"image":{"@id":"https:\/\/www.boxrepsol.com\/es\/motogp\/marc-marquez-regresa-al-podio-dani-pedrosa-quinto\/#primaryimage"},"thumbnailUrl":"https:\/\/bxrepsol.s3.eu-west-1.amazonaws.com\/static\/2022\/08\/29081904\/03_marc_marquez_motogp_victoria_andreas_perez_catalunya_repsol_honda_93.jpg","datePublished":"2018-06-17T02:00:00+00:00","dateModified":"2024-05-22T09:10:49+00:00","description":"Segunda posici\u00f3n del vigente Campe\u00f3n del Mundo, que ampl\u00eda su liderato en un Gran Premio de Catalunya en el que Dani Pedrosa ha remontado seis posiciones","breadcrumb":{"@id":"https:\/\/www.boxrepsol.com\/es\/motogp\/marc-marquez-regresa-al-podio-dani-pedrosa-quinto\/#breadcrumb"},"inLanguage":"es","potentialAction":[{"@type":"ReadAction","target":["https:\/\/www.boxrepsol.com\/es\/motogp\/marc-marquez-regresa-al-podio-dani-pedrosa-quinto\/"]}]},{"@type":"ImageObject","inLanguage":"es","@id":"https:\/\/www.boxrepsol.com\/es\/motogp\/marc-marquez-regresa-al-podio-dani-pedrosa-quinto\/#primaryimage","url":"https:\/\/bxrepsol.s3.eu-west-1.amazonaws.com\/static\/2022\/08\/29081904\/03_marc_marquez_motogp_victoria_andreas_perez_catalunya_repsol_honda_93.jpg","contentUrl":"https:\/\/bxrepsol.s3.eu-west-1.amazonaws.com\/static\/2022\/08\/29081904\/03_marc_marquez_motogp_victoria_andreas_perez_catalunya_repsol_honda_93.jpg","width":995,"height":560,"caption":"M\u00e1rquez en el GP de Catalunya con la bandera de Andreas P\u00e9rez"},{"@type":"BreadcrumbList","@id":"https:\/\/www.boxrepsol.com\/es\/motogp\/marc-marquez-regresa-al-podio-dani-pedrosa-quinto\/#breadcrumb","itemListElement":[{"@type":"ListItem","position":1,"name":"Home","item":"https:\/\/www.boxrepsol.com\/es\/"},{"@type":"ListItem","position":2,"name":"Marc M\u00e1rquez regresa al podio y Dani Pedrosa es quinto"}]},{"@type":"WebSite","@id":"https:\/\/www.boxrepsol.com\/es\/#website","url":"https:\/\/www.boxrepsol.com\/es\/","name":"Box Repsol","description":"Box Repsol Site","publisher":{"@id":"https:\/\/www.boxrepsol.com\/es\/#organization"},"potentialAction":[{"@type":"SearchAction","target":{"@type":"EntryPoint","urlTemplate":"https:\/\/www.boxrepsol.com\/es\/?s={search_term_string}"},"query-input":{"@type":"PropertyValueSpecification","valueRequired":true,"valueName":"search_term_string"}}],"inLanguage":"es"},{"@type":"Organization","@id":"https:\/\/www.boxrepsol.com\/es\/#organization","name":"Box Repsol","url":"https:\/\/www.boxrepsol.com\/es\/","logo":{"@type":"ImageObject","inLanguage":"es","@id":"https:\/\/www.boxrepsol.com\/es\/#\/schema\/logo\/image\/","url":"https:\/\/bxrepsol.s3.eu-west-1.amazonaws.com\/static\/2025\/07\/30083337\/favicon-96x96-1.png","contentUrl":"https:\/\/bxrepsol.s3.eu-west-1.amazonaws.com\/static\/2025\/07\/30083337\/favicon-96x96-1.png","width":96,"height":96,"caption":"Box Repsol"},"image":{"@id":"https:\/\/www.boxrepsol.com\/es\/#\/schema\/logo\/image\/"},"sameAs":["https:\/\/www.facebook.com\/BoxRepsol","https:\/\/x.com\/box_repsol","http:\/\/instagram.com\/box_repsol","https:\/\/www.youtube.com\/user\/RepsolCompeticion","https:\/\/www.flickr.com\/photos\/box_repsol\/"]},{"@type":"Person","@id":"https:\/\/www.boxrepsol.com\/es\/#\/schema\/person\/c5c2138f2cca251b0ad92b7086bb60b7","name":"Redacci\u00f3n Box Repsol","image":{"@type":"ImageObject","inLanguage":"es","@id":"https:\/\/secure.gravatar.com\/avatar\/adf7b77e38b4419baf32c7e9c21dde01f4e40df611f0978e3006fc4ba0aaab7e?s=96&d=mm&r=g","url":"https:\/\/secure.gravatar.com\/avatar\/adf7b77e38b4419baf32c7e9c21dde01f4e40df611f0978e3006fc4ba0aaab7e?s=96&d=mm&r=g","contentUrl":"https:\/\/secure.gravatar.com\/avatar\/adf7b77e38b4419baf32c7e9c21dde01f4e40df611f0978e3006fc4ba0aaab7e?s=96&d=mm&r=g","caption":"Redacci\u00f3n Box Repsol"},"description":"Box Repsol lo forma un equipo de periodistas, community managers, dise\u00f1adores y fot\u00f3grafos con m\u00e1s de 20 a\u00f1os de experiencia en el mundo del motorsport. Hemos vivido el primer mundial de un espa\u00f1ol en la categor\u00eda reina de motociclismo con \u00c1lex Crivill\u00e9, estuvimos en las victorias de Pedrosa y los t\u00edtulos de M\u00e1rquez, acompa\u00f1amos en \u00c1frica a Nani Roma y Marc Coma en sus conquistas del Dakar y hemos vibrado con los t\u00edtulos de Toni Bou en Trial. Adem\u00e1s, en nuestro equipo contamos con expertos en el mundo de las dos y cuatro ruedas tanto de la calle y las carreteras, como de los circuitos. Periodistas que han trabajado en revistas y publicaciones para hacerte llegar desde rutas y consejos de mantenimiento, a curiosidades y trucos de pilotaje.","sameAs":["https:\/\/www.facebook.com\/BoxRepsol\/","https:\/\/www.instagram.com\/box_repsol\/","https:\/\/x.com\/https:\/\/twitter.com\/box_repsol","https:\/\/www.youtube.com\/@Boxrepsol"],"url":"https:\/\/www.boxrepsol.com\/es\/author\/redaccion-box-repsol\/"}]}},"_links":{"self":[{"href":"https:\/\/www.boxrepsol.com\/es\/wp-json\/wp\/v2\/posts\/93184","targetHints":{"allow":["GET"]}}],"collection":[{"href":"https:\/\/www.boxrepsol.com\/es\/wp-json\/wp\/v2\/posts"}],"about":[{"href":"https:\/\/www.boxrepsol.com\/es\/wp-json\/wp\/v2\/types\/post"}],"author":[{"embeddable":true,"href":"https:\/\/www.boxrepsol.com\/es\/wp-json\/wp\/v2\/users\/43146"}],"replies":[{"embeddable":true,"href":"https:\/\/www.boxrepsol.com\/es\/wp-json\/wp\/v2\/comments?post=93184"}],"version-history":[{"count":1,"href":"https:\/\/www.boxrepsol.com\/es\/wp-json\/wp\/v2\/posts\/93184\/revisions"}],"predecessor-version":[{"id":93185,"href":"https:\/\/www.boxrepsol.com\/es\/wp-json\/wp\/v2\/posts\/93184\/revisions\/93185"}],"wp:featuredmedia":[{"embeddable":true,"href":"https:\/\/www.boxrepsol.com\/es\/wp-json\/wp\/v2\/media\/58476"}],"wp:attachment":[{"href":"https:\/\/www.boxrepsol.com\/es\/wp-json\/wp\/v2\/media?parent=93184"}],"wp:term":[{"taxonomy":"category","embeddable":true,"href":"https:\/\/www.boxrepsol.com\/es\/wp-json\/wp\/v2\/categories?post=93184"},{"taxonomy":"post_tag","embeddable":true,"href":"https:\/\/www.boxrepsol.com\/es\/wp-json\/wp\/v2\/tags?post=93184"}],"curies":[{"name":"wp","href":"https:\/\/api.w.org\/{rel}","templated":true}]}}