{"id":93181,"date":"2018-06-15T00:00:00","date_gmt":"2018-06-15T02:00:00","guid":{"rendered":"http:\/\/pre.boxrepsol.com\/sin-categorizar\/primeras-pruebas-pedrosa-marquez-gran-premio-catalunya\/"},"modified":"2024-05-22T07:11:04","modified_gmt":"2024-05-22T09:11:04","slug":"primeras-pruebas-pedrosa-marquez-gran-premio-catalunya","status":"publish","type":"post","link":"https:\/\/www.boxrepsol.com\/es\/motogp\/primeras-pruebas-pedrosa-marquez-gran-premio-catalunya\/","title":{"rendered":"Primeras pruebas de Pedrosa y M\u00e1rquez en el Gran Premio de Catalunya"},"content":{"rendered":"<blockquote>\n<p>Creo que hoy ha sido una jornada bastante positiva, porque hemos podido mejorar nuestro ritmo a lo largo del d\u00eda.<\/p>\n<p>            <a href=\"http:\/\/twitter.com\/share?text=Creo+que+hoy+ha+sido+una+jornada+bastante+positiva%2C+porque+hemos+podido+mejorar+nuestro+ritmo+a+lo+largo+del+d%C3%ADa.&#038;url=https%3A%2F%2Fwww.boxrepsol.com%2Fes%2F%3Fp%3D21310%2F&#038;hashtags=\" target=\"_blank\" data-datalayer='{\"event\": \"socialInteraction\", \"socialNetwork\": \"Twitter\", \"socialAction\": \"Compartir\", \"socialTarget\": \"Frase\"}' rel=\"noopener\"><br \/>\n            twittear        <\/a><\/p>\n<footer>Dani Pedrosa<\/footer>\n<\/blockquote>\n<p>El primer entrenamiento libre ha concluido con M\u00e1rquez en cuarta posici\u00f3n y Pedrosa, en la duod\u00e9cima.<\/p>\n<p>En la segunda sesi\u00f3n, Pedrosa ha mejorado ocho d\u00e9cimas para cerrar la jornada octavo de una tabla de tiempos en la que M\u00e1rquez ha sido duod\u00e9cimo.<\/p>\n<p>El vigente Campe\u00f3n del Mundo ha tenido una ca\u00edda entrando en la curva cuatro en los \u00faltimos minutos del FP2, que le ha impedido mejorar sus registros.<\/p>\n<hr \/>\n<h3>Marc M\u00e1rquez<\/h3>\n<p><em>Mirando a la clasificaci\u00f3n de hoy, puede parecer que estamos bastante atr\u00e1s, pero en realidad no estamos tan lejos; lo m\u00e1s importante es que hemos trabajado muy bien con neum\u00e1ticos gastados y tenemos un buen ritmo. Todav\u00eda nos falta ajustar un poco la electr\u00f3nica, pero creo que hemos entendido qu\u00e9 debemos cambiar y, si logramos solucionarlo, podremos mejorar mucho ma\u00f1ana. Parece que con el nuevo asfalto, todos los tiempos son muy similares y es m\u00e1s dif\u00edcil marcar diferencias. Cambia mucho entre rodar con neum\u00e1ticos nuevos y gastados, as\u00ed que deberemos gestionar bien ese aspecto.<\/em><\/p>\n<hr \/>\n<h3>Dani Pedrosa<\/h3>\n<p><em>Creo que hoy ha sido una jornada bastante positiva, porque hemos podido mejorar nuestro ritmo a lo largo del d\u00eda. Hemos aprovechado bastante bien el tiempo en pista, probando muchos neum\u00e1ticos, y eso tambi\u00e9n es bueno, porque hemos entendido con cu\u00e1l queremos seguir trabajando. Creo que es importante de cara a la carrera. Otro aspecto significativo que queremos pulir es nuestra velocidad a una sola vuelta, porque hoy hemos incrementado nuestro ritmo y estoy contento con ello.<\/em><\/p>\n","protected":false},"excerpt":{"rendered":"<p>Los pilotos del equipo Repsol Honda terminan la primera jornada con Pedrosa marcando el octavo mejor tiempo y M\u00e1rquez, que ha tenido una ca\u00edda, duod\u00e9cimo.<\/p>\n","protected":false},"author":43146,"featured_media":58466,"comment_status":"open","ping_status":"open","sticky":false,"template":"","format":"standard","meta":{"footnotes":""},"categories":[4],"tags":[132],"class_list":["post-93181","post","type-post","status-publish","format-standard","hentry","category-motogp","tag-motogp-catalunya"],"yoast_head":"<!-- This site is optimized with the Yoast SEO plugin v27.3 - https:\/\/yoast.com\/product\/yoast-seo-wordpress\/ -->\n<title>Primeras pruebas de Pedrosa y M\u00e1rquez en el Gran Premio de Catalunya - Box Repsol<\/title>\n<meta name=\"description\" content=\"Los pilotos del equipo Repsol Honda terminan las primeras pruebas con Pedrosa marcando el octavo mejor tiempo y M\u00e1rquez, que ha tenido una ca\u00edda, duod\u00e9cimo.\" \/>\n<link rel=\"canonical\" href=\"https:\/\/www.boxrepsol.com\/es\/motogp\/primeras-pruebas-pedrosa-marquez-gran-premio-catalunya\/\" \/>\n<meta property=\"og:locale\" content=\"es_ES\" \/>\n<meta property=\"og:type\" content=\"article\" \/>\n<meta property=\"og:title\" content=\"Primeras pruebas de Pedrosa y M\u00e1rquez en el Gran Premio de Catalunya - Box Repsol\" \/>\n<meta property=\"og:description\" content=\"Los pilotos del equipo Repsol Honda terminan las primeras pruebas con Pedrosa marcando el octavo mejor tiempo y M\u00e1rquez, que ha tenido una ca\u00edda, duod\u00e9cimo.\" \/>\n<meta property=\"og:url\" content=\"https:\/\/www.boxrepsol.com\/es\/motogp\/primeras-pruebas-pedrosa-marquez-gran-premio-catalunya\/\" \/>\n<meta property=\"og:site_name\" content=\"Box Repsol\" \/>\n<meta property=\"article:publisher\" content=\"https:\/\/www.facebook.com\/BoxRepsol\" \/>\n<meta property=\"article:author\" content=\"https:\/\/www.facebook.com\/BoxRepsol\/\" \/>\n<meta property=\"article:published_time\" content=\"2018-06-15T02:00:00+00:00\" \/>\n<meta property=\"article:modified_time\" content=\"2024-05-22T09:11:04+00:00\" \/>\n<meta property=\"og:image\" content=\"https:\/\/bxrepsol.s3.eu-west-1.amazonaws.com\/static\/2022\/08\/29081859\/00_dani_pedrosa_motogp_repsol_honda_26_samurai1.jpg\" \/>\n\t<meta property=\"og:image:width\" content=\"995\" \/>\n\t<meta property=\"og:image:height\" content=\"560\" \/>\n\t<meta property=\"og:image:type\" content=\"image\/jpeg\" \/>\n<meta name=\"author\" content=\"Redacci\u00f3n Box Repsol\" \/>\n<meta name=\"twitter:card\" content=\"summary_large_image\" \/>\n<meta name=\"twitter:creator\" content=\"@https:\/\/twitter.com\/box_repsol\" \/>\n<meta name=\"twitter:site\" content=\"@box_repsol\" \/>\n<meta name=\"twitter:label1\" content=\"Written by\" \/>\n\t<meta name=\"twitter:data1\" content=\"Redacci\u00f3n Box Repsol\" \/>\n\t<meta name=\"twitter:label2\" content=\"Est. reading time\" \/>\n\t<meta name=\"twitter:data2\" content=\"1 minuto\" \/>\n<script type=\"application\/ld+json\" class=\"yoast-schema-graph\">{\"@context\":\"https:\\\/\\\/schema.org\",\"@graph\":[{\"@type\":\"Article\",\"@id\":\"https:\\\/\\\/www.boxrepsol.com\\\/es\\\/motogp\\\/primeras-pruebas-pedrosa-marquez-gran-premio-catalunya\\\/#article\",\"isPartOf\":{\"@id\":\"https:\\\/\\\/www.boxrepsol.com\\\/es\\\/motogp\\\/primeras-pruebas-pedrosa-marquez-gran-premio-catalunya\\\/\"},\"author\":{\"name\":\"Redacci\u00f3n Box Repsol\",\"@id\":\"https:\\\/\\\/www.boxrepsol.com\\\/es\\\/#\\\/schema\\\/person\\\/c5c2138f2cca251b0ad92b7086bb60b7\"},\"headline\":\"Primeras pruebas de Pedrosa y M\u00e1rquez en el Gran Premio de Catalunya\",\"datePublished\":\"2018-06-15T02:00:00+00:00\",\"dateModified\":\"2024-05-22T09:11:04+00:00\",\"mainEntityOfPage\":{\"@id\":\"https:\\\/\\\/www.boxrepsol.com\\\/es\\\/motogp\\\/primeras-pruebas-pedrosa-marquez-gran-premio-catalunya\\\/\"},\"wordCount\":305,\"commentCount\":0,\"publisher\":{\"@id\":\"https:\\\/\\\/www.boxrepsol.com\\\/es\\\/#organization\"},\"image\":{\"@id\":\"https:\\\/\\\/www.boxrepsol.com\\\/es\\\/motogp\\\/primeras-pruebas-pedrosa-marquez-gran-premio-catalunya\\\/#primaryimage\"},\"thumbnailUrl\":\"https:\\\/\\\/bxrepsol.s3.eu-west-1.amazonaws.com\\\/static\\\/2022\\\/08\\\/29081859\\\/00_dani_pedrosa_motogp_repsol_honda_26_samurai1.jpg\",\"keywords\":[\"MotoGP Catalunya\"],\"articleSection\":[\"MotoGP\"],\"inLanguage\":\"es\",\"potentialAction\":[{\"@type\":\"CommentAction\",\"name\":\"Comment\",\"target\":[\"https:\\\/\\\/www.boxrepsol.com\\\/es\\\/motogp\\\/primeras-pruebas-pedrosa-marquez-gran-premio-catalunya\\\/#respond\"]}]},{\"@type\":\"WebPage\",\"@id\":\"https:\\\/\\\/www.boxrepsol.com\\\/es\\\/motogp\\\/primeras-pruebas-pedrosa-marquez-gran-premio-catalunya\\\/\",\"url\":\"https:\\\/\\\/www.boxrepsol.com\\\/es\\\/motogp\\\/primeras-pruebas-pedrosa-marquez-gran-premio-catalunya\\\/\",\"name\":\"Primeras pruebas de Pedrosa y M\u00e1rquez en el Gran Premio de Catalunya - Box Repsol\",\"isPartOf\":{\"@id\":\"https:\\\/\\\/www.boxrepsol.com\\\/es\\\/#website\"},\"primaryImageOfPage\":{\"@id\":\"https:\\\/\\\/www.boxrepsol.com\\\/es\\\/motogp\\\/primeras-pruebas-pedrosa-marquez-gran-premio-catalunya\\\/#primaryimage\"},\"image\":{\"@id\":\"https:\\\/\\\/www.boxrepsol.com\\\/es\\\/motogp\\\/primeras-pruebas-pedrosa-marquez-gran-premio-catalunya\\\/#primaryimage\"},\"thumbnailUrl\":\"https:\\\/\\\/bxrepsol.s3.eu-west-1.amazonaws.com\\\/static\\\/2022\\\/08\\\/29081859\\\/00_dani_pedrosa_motogp_repsol_honda_26_samurai1.jpg\",\"datePublished\":\"2018-06-15T02:00:00+00:00\",\"dateModified\":\"2024-05-22T09:11:04+00:00\",\"description\":\"Los pilotos del equipo Repsol Honda terminan las primeras pruebas con Pedrosa marcando el octavo mejor tiempo y M\u00e1rquez, que ha tenido una ca\u00edda, duod\u00e9cimo.\",\"breadcrumb\":{\"@id\":\"https:\\\/\\\/www.boxrepsol.com\\\/es\\\/motogp\\\/primeras-pruebas-pedrosa-marquez-gran-premio-catalunya\\\/#breadcrumb\"},\"inLanguage\":\"es\",\"potentialAction\":[{\"@type\":\"ReadAction\",\"target\":[\"https:\\\/\\\/www.boxrepsol.com\\\/es\\\/motogp\\\/primeras-pruebas-pedrosa-marquez-gran-premio-catalunya\\\/\"]}]},{\"@type\":\"ImageObject\",\"inLanguage\":\"es\",\"@id\":\"https:\\\/\\\/www.boxrepsol.com\\\/es\\\/motogp\\\/primeras-pruebas-pedrosa-marquez-gran-premio-catalunya\\\/#primaryimage\",\"url\":\"https:\\\/\\\/bxrepsol.s3.eu-west-1.amazonaws.com\\\/static\\\/2022\\\/08\\\/29081859\\\/00_dani_pedrosa_motogp_repsol_honda_26_samurai1.jpg\",\"contentUrl\":\"https:\\\/\\\/bxrepsol.s3.eu-west-1.amazonaws.com\\\/static\\\/2022\\\/08\\\/29081859\\\/00_dani_pedrosa_motogp_repsol_honda_26_samurai1.jpg\",\"width\":995,\"height\":560,\"caption\":\"Dani Pedrosa en el GP de Catalu\u00f1a\"},{\"@type\":\"BreadcrumbList\",\"@id\":\"https:\\\/\\\/www.boxrepsol.com\\\/es\\\/motogp\\\/primeras-pruebas-pedrosa-marquez-gran-premio-catalunya\\\/#breadcrumb\",\"itemListElement\":[{\"@type\":\"ListItem\",\"position\":1,\"name\":\"Home\",\"item\":\"https:\\\/\\\/www.boxrepsol.com\\\/es\\\/\"},{\"@type\":\"ListItem\",\"position\":2,\"name\":\"Primeras pruebas de Pedrosa y M\u00e1rquez en el Gran Premio de Catalunya\"}]},{\"@type\":\"WebSite\",\"@id\":\"https:\\\/\\\/www.boxrepsol.com\\\/es\\\/#website\",\"url\":\"https:\\\/\\\/www.boxrepsol.com\\\/es\\\/\",\"name\":\"Box Repsol\",\"description\":\"Box Repsol Site\",\"publisher\":{\"@id\":\"https:\\\/\\\/www.boxrepsol.com\\\/es\\\/#organization\"},\"potentialAction\":[{\"@type\":\"SearchAction\",\"target\":{\"@type\":\"EntryPoint\",\"urlTemplate\":\"https:\\\/\\\/www.boxrepsol.com\\\/es\\\/?s={search_term_string}\"},\"query-input\":{\"@type\":\"PropertyValueSpecification\",\"valueRequired\":true,\"valueName\":\"search_term_string\"}}],\"inLanguage\":\"es\"},{\"@type\":\"Organization\",\"@id\":\"https:\\\/\\\/www.boxrepsol.com\\\/es\\\/#organization\",\"name\":\"Box Repsol\",\"url\":\"https:\\\/\\\/www.boxrepsol.com\\\/es\\\/\",\"logo\":{\"@type\":\"ImageObject\",\"inLanguage\":\"es\",\"@id\":\"https:\\\/\\\/www.boxrepsol.com\\\/es\\\/#\\\/schema\\\/logo\\\/image\\\/\",\"url\":\"https:\\\/\\\/bxrepsol.s3.eu-west-1.amazonaws.com\\\/static\\\/2025\\\/07\\\/30083337\\\/favicon-96x96-1.png\",\"contentUrl\":\"https:\\\/\\\/bxrepsol.s3.eu-west-1.amazonaws.com\\\/static\\\/2025\\\/07\\\/30083337\\\/favicon-96x96-1.png\",\"width\":96,\"height\":96,\"caption\":\"Box Repsol\"},\"image\":{\"@id\":\"https:\\\/\\\/www.boxrepsol.com\\\/es\\\/#\\\/schema\\\/logo\\\/image\\\/\"},\"sameAs\":[\"https:\\\/\\\/www.facebook.com\\\/BoxRepsol\",\"https:\\\/\\\/x.com\\\/box_repsol\",\"http:\\\/\\\/instagram.com\\\/box_repsol\",\"https:\\\/\\\/www.youtube.com\\\/user\\\/RepsolCompeticion\",\"https:\\\/\\\/www.flickr.com\\\/photos\\\/box_repsol\\\/\"]},{\"@type\":\"Person\",\"@id\":\"https:\\\/\\\/www.boxrepsol.com\\\/es\\\/#\\\/schema\\\/person\\\/c5c2138f2cca251b0ad92b7086bb60b7\",\"name\":\"Redacci\u00f3n Box Repsol\",\"image\":{\"@type\":\"ImageObject\",\"inLanguage\":\"es\",\"@id\":\"https:\\\/\\\/secure.gravatar.com\\\/avatar\\\/adf7b77e38b4419baf32c7e9c21dde01f4e40df611f0978e3006fc4ba0aaab7e?s=96&d=mm&r=g\",\"url\":\"https:\\\/\\\/secure.gravatar.com\\\/avatar\\\/adf7b77e38b4419baf32c7e9c21dde01f4e40df611f0978e3006fc4ba0aaab7e?s=96&d=mm&r=g\",\"contentUrl\":\"https:\\\/\\\/secure.gravatar.com\\\/avatar\\\/adf7b77e38b4419baf32c7e9c21dde01f4e40df611f0978e3006fc4ba0aaab7e?s=96&d=mm&r=g\",\"caption\":\"Redacci\u00f3n Box Repsol\"},\"description\":\"Box Repsol lo forma un equipo de periodistas, community managers, dise\u00f1adores y fot\u00f3grafos con m\u00e1s de 20 a\u00f1os de experiencia en el mundo del motorsport. Hemos vivido el primer mundial de un espa\u00f1ol en la categor\u00eda reina de motociclismo con \u00c1lex Crivill\u00e9, estuvimos en las victorias de Pedrosa y los t\u00edtulos de M\u00e1rquez, acompa\u00f1amos en \u00c1frica a Nani Roma y Marc Coma en sus conquistas del Dakar y hemos vibrado con los t\u00edtulos de Toni Bou en Trial. Adem\u00e1s, en nuestro equipo contamos con expertos en el mundo de las dos y cuatro ruedas tanto de la calle y las carreteras, como de los circuitos. Periodistas que han trabajado en revistas y publicaciones para hacerte llegar desde rutas y consejos de mantenimiento, a curiosidades y trucos de pilotaje.\",\"sameAs\":[\"https:\\\/\\\/www.facebook.com\\\/BoxRepsol\\\/\",\"https:\\\/\\\/www.instagram.com\\\/box_repsol\\\/\",\"https:\\\/\\\/x.com\\\/https:\\\/\\\/twitter.com\\\/box_repsol\",\"https:\\\/\\\/www.youtube.com\\\/@Boxrepsol\"],\"url\":\"https:\\\/\\\/www.boxrepsol.com\\\/es\\\/author\\\/redaccion-box-repsol\\\/\"}]}<\/script>\n<!-- \/ Yoast SEO plugin. -->","yoast_head_json":{"title":"Primeras pruebas de Pedrosa y M\u00e1rquez en el Gran Premio de Catalunya - Box Repsol","description":"Los pilotos del equipo Repsol Honda terminan las primeras pruebas con Pedrosa marcando el octavo mejor tiempo y M\u00e1rquez, que ha tenido una ca\u00edda, duod\u00e9cimo.","canonical":"https:\/\/www.boxrepsol.com\/es\/motogp\/primeras-pruebas-pedrosa-marquez-gran-premio-catalunya\/","og_locale":"es_ES","og_type":"article","og_title":"Primeras pruebas de Pedrosa y M\u00e1rquez en el Gran Premio de Catalunya - Box Repsol","og_description":"Los pilotos del equipo Repsol Honda terminan las primeras pruebas con Pedrosa marcando el octavo mejor tiempo y M\u00e1rquez, que ha tenido una ca\u00edda, duod\u00e9cimo.","og_url":"https:\/\/www.boxrepsol.com\/es\/motogp\/primeras-pruebas-pedrosa-marquez-gran-premio-catalunya\/","og_site_name":"Box Repsol","article_publisher":"https:\/\/www.facebook.com\/BoxRepsol","article_author":"https:\/\/www.facebook.com\/BoxRepsol\/","article_published_time":"2018-06-15T02:00:00+00:00","article_modified_time":"2024-05-22T09:11:04+00:00","og_image":[{"width":995,"height":560,"url":"https:\/\/bxrepsol.s3.eu-west-1.amazonaws.com\/static\/2022\/08\/29081859\/00_dani_pedrosa_motogp_repsol_honda_26_samurai1.jpg","type":"image\/jpeg"}],"author":"Redacci\u00f3n Box Repsol","twitter_card":"summary_large_image","twitter_creator":"@https:\/\/twitter.com\/box_repsol","twitter_site":"@box_repsol","twitter_misc":{"Written by":"Redacci\u00f3n Box Repsol","Est. reading time":"1 minuto"},"schema":{"@context":"https:\/\/schema.org","@graph":[{"@type":"Article","@id":"https:\/\/www.boxrepsol.com\/es\/motogp\/primeras-pruebas-pedrosa-marquez-gran-premio-catalunya\/#article","isPartOf":{"@id":"https:\/\/www.boxrepsol.com\/es\/motogp\/primeras-pruebas-pedrosa-marquez-gran-premio-catalunya\/"},"author":{"name":"Redacci\u00f3n Box Repsol","@id":"https:\/\/www.boxrepsol.com\/es\/#\/schema\/person\/c5c2138f2cca251b0ad92b7086bb60b7"},"headline":"Primeras pruebas de Pedrosa y M\u00e1rquez en el Gran Premio de Catalunya","datePublished":"2018-06-15T02:00:00+00:00","dateModified":"2024-05-22T09:11:04+00:00","mainEntityOfPage":{"@id":"https:\/\/www.boxrepsol.com\/es\/motogp\/primeras-pruebas-pedrosa-marquez-gran-premio-catalunya\/"},"wordCount":305,"commentCount":0,"publisher":{"@id":"https:\/\/www.boxrepsol.com\/es\/#organization"},"image":{"@id":"https:\/\/www.boxrepsol.com\/es\/motogp\/primeras-pruebas-pedrosa-marquez-gran-premio-catalunya\/#primaryimage"},"thumbnailUrl":"https:\/\/bxrepsol.s3.eu-west-1.amazonaws.com\/static\/2022\/08\/29081859\/00_dani_pedrosa_motogp_repsol_honda_26_samurai1.jpg","keywords":["MotoGP Catalunya"],"articleSection":["MotoGP"],"inLanguage":"es","potentialAction":[{"@type":"CommentAction","name":"Comment","target":["https:\/\/www.boxrepsol.com\/es\/motogp\/primeras-pruebas-pedrosa-marquez-gran-premio-catalunya\/#respond"]}]},{"@type":"WebPage","@id":"https:\/\/www.boxrepsol.com\/es\/motogp\/primeras-pruebas-pedrosa-marquez-gran-premio-catalunya\/","url":"https:\/\/www.boxrepsol.com\/es\/motogp\/primeras-pruebas-pedrosa-marquez-gran-premio-catalunya\/","name":"Primeras pruebas de Pedrosa y M\u00e1rquez en el Gran Premio de Catalunya - Box Repsol","isPartOf":{"@id":"https:\/\/www.boxrepsol.com\/es\/#website"},"primaryImageOfPage":{"@id":"https:\/\/www.boxrepsol.com\/es\/motogp\/primeras-pruebas-pedrosa-marquez-gran-premio-catalunya\/#primaryimage"},"image":{"@id":"https:\/\/www.boxrepsol.com\/es\/motogp\/primeras-pruebas-pedrosa-marquez-gran-premio-catalunya\/#primaryimage"},"thumbnailUrl":"https:\/\/bxrepsol.s3.eu-west-1.amazonaws.com\/static\/2022\/08\/29081859\/00_dani_pedrosa_motogp_repsol_honda_26_samurai1.jpg","datePublished":"2018-06-15T02:00:00+00:00","dateModified":"2024-05-22T09:11:04+00:00","description":"Los pilotos del equipo Repsol Honda terminan las primeras pruebas con Pedrosa marcando el octavo mejor tiempo y M\u00e1rquez, que ha tenido una ca\u00edda, duod\u00e9cimo.","breadcrumb":{"@id":"https:\/\/www.boxrepsol.com\/es\/motogp\/primeras-pruebas-pedrosa-marquez-gran-premio-catalunya\/#breadcrumb"},"inLanguage":"es","potentialAction":[{"@type":"ReadAction","target":["https:\/\/www.boxrepsol.com\/es\/motogp\/primeras-pruebas-pedrosa-marquez-gran-premio-catalunya\/"]}]},{"@type":"ImageObject","inLanguage":"es","@id":"https:\/\/www.boxrepsol.com\/es\/motogp\/primeras-pruebas-pedrosa-marquez-gran-premio-catalunya\/#primaryimage","url":"https:\/\/bxrepsol.s3.eu-west-1.amazonaws.com\/static\/2022\/08\/29081859\/00_dani_pedrosa_motogp_repsol_honda_26_samurai1.jpg","contentUrl":"https:\/\/bxrepsol.s3.eu-west-1.amazonaws.com\/static\/2022\/08\/29081859\/00_dani_pedrosa_motogp_repsol_honda_26_samurai1.jpg","width":995,"height":560,"caption":"Dani Pedrosa en el GP de Catalu\u00f1a"},{"@type":"BreadcrumbList","@id":"https:\/\/www.boxrepsol.com\/es\/motogp\/primeras-pruebas-pedrosa-marquez-gran-premio-catalunya\/#breadcrumb","itemListElement":[{"@type":"ListItem","position":1,"name":"Home","item":"https:\/\/www.boxrepsol.com\/es\/"},{"@type":"ListItem","position":2,"name":"Primeras pruebas de Pedrosa y M\u00e1rquez en el Gran Premio de Catalunya"}]},{"@type":"WebSite","@id":"https:\/\/www.boxrepsol.com\/es\/#website","url":"https:\/\/www.boxrepsol.com\/es\/","name":"Box Repsol","description":"Box Repsol Site","publisher":{"@id":"https:\/\/www.boxrepsol.com\/es\/#organization"},"potentialAction":[{"@type":"SearchAction","target":{"@type":"EntryPoint","urlTemplate":"https:\/\/www.boxrepsol.com\/es\/?s={search_term_string}"},"query-input":{"@type":"PropertyValueSpecification","valueRequired":true,"valueName":"search_term_string"}}],"inLanguage":"es"},{"@type":"Organization","@id":"https:\/\/www.boxrepsol.com\/es\/#organization","name":"Box Repsol","url":"https:\/\/www.boxrepsol.com\/es\/","logo":{"@type":"ImageObject","inLanguage":"es","@id":"https:\/\/www.boxrepsol.com\/es\/#\/schema\/logo\/image\/","url":"https:\/\/bxrepsol.s3.eu-west-1.amazonaws.com\/static\/2025\/07\/30083337\/favicon-96x96-1.png","contentUrl":"https:\/\/bxrepsol.s3.eu-west-1.amazonaws.com\/static\/2025\/07\/30083337\/favicon-96x96-1.png","width":96,"height":96,"caption":"Box Repsol"},"image":{"@id":"https:\/\/www.boxrepsol.com\/es\/#\/schema\/logo\/image\/"},"sameAs":["https:\/\/www.facebook.com\/BoxRepsol","https:\/\/x.com\/box_repsol","http:\/\/instagram.com\/box_repsol","https:\/\/www.youtube.com\/user\/RepsolCompeticion","https:\/\/www.flickr.com\/photos\/box_repsol\/"]},{"@type":"Person","@id":"https:\/\/www.boxrepsol.com\/es\/#\/schema\/person\/c5c2138f2cca251b0ad92b7086bb60b7","name":"Redacci\u00f3n Box Repsol","image":{"@type":"ImageObject","inLanguage":"es","@id":"https:\/\/secure.gravatar.com\/avatar\/adf7b77e38b4419baf32c7e9c21dde01f4e40df611f0978e3006fc4ba0aaab7e?s=96&d=mm&r=g","url":"https:\/\/secure.gravatar.com\/avatar\/adf7b77e38b4419baf32c7e9c21dde01f4e40df611f0978e3006fc4ba0aaab7e?s=96&d=mm&r=g","contentUrl":"https:\/\/secure.gravatar.com\/avatar\/adf7b77e38b4419baf32c7e9c21dde01f4e40df611f0978e3006fc4ba0aaab7e?s=96&d=mm&r=g","caption":"Redacci\u00f3n Box Repsol"},"description":"Box Repsol lo forma un equipo de periodistas, community managers, dise\u00f1adores y fot\u00f3grafos con m\u00e1s de 20 a\u00f1os de experiencia en el mundo del motorsport. Hemos vivido el primer mundial de un espa\u00f1ol en la categor\u00eda reina de motociclismo con \u00c1lex Crivill\u00e9, estuvimos en las victorias de Pedrosa y los t\u00edtulos de M\u00e1rquez, acompa\u00f1amos en \u00c1frica a Nani Roma y Marc Coma en sus conquistas del Dakar y hemos vibrado con los t\u00edtulos de Toni Bou en Trial. Adem\u00e1s, en nuestro equipo contamos con expertos en el mundo de las dos y cuatro ruedas tanto de la calle y las carreteras, como de los circuitos. Periodistas que han trabajado en revistas y publicaciones para hacerte llegar desde rutas y consejos de mantenimiento, a curiosidades y trucos de pilotaje.","sameAs":["https:\/\/www.facebook.com\/BoxRepsol\/","https:\/\/www.instagram.com\/box_repsol\/","https:\/\/x.com\/https:\/\/twitter.com\/box_repsol","https:\/\/www.youtube.com\/@Boxrepsol"],"url":"https:\/\/www.boxrepsol.com\/es\/author\/redaccion-box-repsol\/"}]}},"_links":{"self":[{"href":"https:\/\/www.boxrepsol.com\/es\/wp-json\/wp\/v2\/posts\/93181","targetHints":{"allow":["GET"]}}],"collection":[{"href":"https:\/\/www.boxrepsol.com\/es\/wp-json\/wp\/v2\/posts"}],"about":[{"href":"https:\/\/www.boxrepsol.com\/es\/wp-json\/wp\/v2\/types\/post"}],"author":[{"embeddable":true,"href":"https:\/\/www.boxrepsol.com\/es\/wp-json\/wp\/v2\/users\/43146"}],"replies":[{"embeddable":true,"href":"https:\/\/www.boxrepsol.com\/es\/wp-json\/wp\/v2\/comments?post=93181"}],"version-history":[{"count":1,"href":"https:\/\/www.boxrepsol.com\/es\/wp-json\/wp\/v2\/posts\/93181\/revisions"}],"predecessor-version":[{"id":116554,"href":"https:\/\/www.boxrepsol.com\/es\/wp-json\/wp\/v2\/posts\/93181\/revisions\/116554"}],"wp:featuredmedia":[{"embeddable":true,"href":"https:\/\/www.boxrepsol.com\/es\/wp-json\/wp\/v2\/media\/58466"}],"wp:attachment":[{"href":"https:\/\/www.boxrepsol.com\/es\/wp-json\/wp\/v2\/media?parent=93181"}],"wp:term":[{"taxonomy":"category","embeddable":true,"href":"https:\/\/www.boxrepsol.com\/es\/wp-json\/wp\/v2\/categories?post=93181"},{"taxonomy":"post_tag","embeddable":true,"href":"https:\/\/www.boxrepsol.com\/es\/wp-json\/wp\/v2\/tags?post=93181"}],"curies":[{"name":"wp","href":"https:\/\/api.w.org\/{rel}","templated":true}]}}