{"id":93144,"date":"2018-06-13T00:00:00","date_gmt":"2018-06-13T02:00:00","guid":{"rendered":"http:\/\/pre.boxrepsol.com\/sin-categorizar\/max-biaggi-este-ano-binomio-marc-honda-esta-buena-forma\/"},"modified":"2024-05-22T06:30:54","modified_gmt":"2024-05-22T08:30:54","slug":"max-biaggi-este-ano-binomio-marc-honda-esta-buena-forma","status":"publish","type":"post","link":"https:\/\/www.boxrepsol.com\/es\/motogp\/max-biaggi-este-ano-binomio-marc-honda-esta-buena-forma\/","title":{"rendered":"Max Biaggi: \u201cEste a\u00f1o el binomio Marc-Honda est\u00e1 en muy buena forma\u201d"},"content":{"rendered":"<blockquote><p>\n\t<a href=\"http:\/\/twitter.com\/share?text=Valorando+c%C3%B3mo+han+ido+las+cosas+hasta+ahora%2C+creo+que+Marc+ganar%C3%A1+el+Mundial&#038;url=https%3A%2F%2Fwww.boxrepsol.com%2Fes%2Fmotogp%2Fmax-biaggi-este-ano-binomio-marc-honda-esta-buena-forma%2F\" target=\"_blank\" rel=\"noopener\"><\/p>\n<p>Valorando c\u00f3mo han ido las cosas hasta ahora, creo que Marc ganar\u00e1 el Mundial<\/p>\n<p>\t<\/a>\n<\/p><\/blockquote>\n<p><em><strong>Max Biaggi<\/strong> es uno de los nombres propios de la historia del Mundial, gracias a sus cuatro t\u00edtulos en la cilindrada de dos y medio y a su irrupci\u00f3n en <strong>500 cc<\/strong>, donde venci\u00f3 la primera carrera que disput\u00f3 en la categor\u00eda reina. Logr\u00f3 unos hitos dif\u00edciles de igualar y un palmar\u00e9s que cuenta con m\u00e1s de 100 podios y un total de <strong>42 victorias<\/strong>. Biaggi, que visti\u00f3 los colores del equipo <strong>Repsol Honda<\/strong> en su \u00faltima temporada en MotoGP, no ha dejado de seguir de cerca la competici\u00f3n y el Mundial.<\/em><\/p>\n<p><strong>\u00bfC\u00f3mo es tu vida ahora?\u00bfEchas de menos la competici\u00f3n?<\/strong><\/p>\n<p>Compet\u00ed durante 25 a\u00f1os y viaj\u00e9 por todo el mundo, de un circuito a otro. Dej\u00e9 la competici\u00f3n a los 42 a\u00f1os y al principio ech\u00e9 de menos ese estilo de vida. Entonces decid\u00ed dar un paso adelante y este es el motivo por el cual cre\u00e9 mi equipo. Quiero devolverle al mundo del motociclismo lo que yo recib\u00ed durante tantos a\u00f1os.<\/p>\n<p><strong>Como piloto que has sido, \u00bfqu\u00e9 pudiste ver en MotoGP durante el fin de semana del Gran Premio de Italia?<\/strong><\/p>\n<p>Fue una carrera muy bonita y emocionante. Lorenzo volvi\u00f3 a dominar y despu\u00e9s de un a\u00f1o muy dif\u00edcil estuvo muy bien. Es un piloto con mucho talento. Rossi, a sus 39 a\u00f1os, sigue dando muchas emociones y M\u00e1rquez sufri\u00f3 una desafortunada ca\u00edda, pero antes nos regal\u00f3 una de sus incre\u00edbles salvadas. El circuito de Mugello es \u00fanico y con un p\u00fablico fant\u00e1stico\u201d.<\/p>\n<p><strong>T\u00da PILOTASTE LA HONDA RCV. \u00bfQU\u00c9 RECUERDAS DE LA MOTO Y C\u00d3MO VES AHORA SU RENDIMIENTO?<\/strong><\/p>\n<p>\u201cLa primera RCV era una moto incre\u00edble. \u00a1Un motor de 5 cilindros en V! Un conjunto de tecnolog\u00eda espectacular. Hoy en d\u00eda, la moto ha evolucionado mucho en cuanto a motor y electr\u00f3nica, pero sigue siendo la m\u00e1quina a batir. Es muy equilibrada y Marc [M\u00e1rquez] pilota de maravilla.<\/p>\n<p><strong>\u00bfEsperabas que Marc M\u00e1rquez cometiera un error durante la carrera?<\/strong><\/p>\n<p>Las altas temperaturas de Mugello plantean muchas dificultades. Creo que Marc tuvo un fin de semana dif\u00edcil debido a que los neum\u00e1ticos no se adaptaban a su moto. Una ca\u00edda no es importante, ya que a\u00fan tiene puntos de ventaja en la clasificaci\u00f3n. Incluso casi fue capaz de salvarla, una vez m\u00e1s.<\/p>\n<p>\t\t\t\t<img decoding=\"async\" src=\"https:\/\/bxrepsol.s3.eu-west-1.amazonaws.com\/static\/2022\/08\/05055859\/00_max_biaggi_mick_doohan_nicky_hayden_repsol_honda.jpg\" alt=\"Pilotos foto de grupo de pilotos Repsol Honda hist\u00f3ricos\" itemprop=\"image\"  \/><\/p>\n<p><strong>\u00bfQu\u00e9 nota le dar\u00edas al inicio de temporada?<\/strong><\/p>\n<p>Le dar\u00eda un ocho\u00a0alto. Excepto por el l\u00edo de Argentina, que tendr\u00eda m\u00e1s puntos en la clasificaci\u00f3n, este a\u00f1o el binomio Marc-Honda est\u00e1 en muy buena forma.<\/p>\n<p><strong>En la pretemporada vimos un rendimiento diferente de Dani Pedrosa comparado con lo vivido en las seis primeras carreras. \u00bfQu\u00e9 podemos esperar de Dani el resto de temporada?<\/strong><\/p>\n<p>\u00a1Dani es un campe\u00f3n! No puedes ganar tres t\u00edtulos de Campe\u00f3n del Mundo por casualidad. Estoy seguro que veremos grandes actuaciones por su parte en lo que queda de temporada.<\/p>\n<p><strong>El pr\u00f3ximo Gran Premio es en Barcelona. \u00bfC\u00f3mo crees que puede ser la carrera del domingo?<\/strong><\/p>\n<p>En este circuito Jorge es muy fuerte, estoy seguro de que har\u00e1 una buena carrera. Todos los pilotos espa\u00f1oles intentar\u00e1n ganar en el circuito de casa y los italianos tratar\u00e1n de pararles. Tengo mucha curiosidad por ver los cambios de la pista y ver qu\u00e9 agarre tiene el nuevo asfalto.<\/p>\n<p><strong>\u00bfQui\u00e9n crees que ganar\u00e1 el Campeonato?<\/strong><\/p>\n<p>Valorando c\u00f3mo han ido las cosas hasta ahora, creo que Marc ganar\u00e1 el Mundial. Pero hay muchos cambios de un circuito a otro y no ser\u00e1 f\u00e1cil ganar. Ahora los pilotos est\u00e1n m\u00e1s cerca en la clasificaci\u00f3n general, aunque quedan a\u00fan muchas carreras por disputar. Espero que Jorge haga algo bueno, tambi\u00e9n Andrea [Dovizioso] y Valentino. \u00a1Ser\u00e1 divertido!<\/p>\n","protected":false},"excerpt":{"rendered":"<p>Max Biaggi, cuatro veces Campe\u00f3n del Mundo y ganador de m\u00e1s de cuarenta carreras, analiza el primer tercio del Mundial de MotoGP a dos d\u00edas del inicio del Gran Premio de Catalunya.<\/p>\n","protected":false},"author":43146,"featured_media":58304,"comment_status":"open","ping_status":"open","sticky":false,"template":"","format":"standard","meta":{"footnotes":""},"categories":[4],"tags":[178],"class_list":["post-93144","post","type-post","status-publish","format-standard","hentry","category-motogp","tag-pilotos-de-motociclismo"],"yoast_head":"<!-- This site is optimized with the Yoast SEO plugin v27.3 - https:\/\/yoast.com\/product\/yoast-seo-wordpress\/ -->\n<title>Max Biaggi: \u201cEste a\u00f1o el binomio Marc-Honda est\u00e1 en muy buena forma\u201d - Box Repsol<\/title>\n<meta name=\"description\" content=\"Max Biaggi, cuatro veces Campe\u00f3n del Mundo y ganador de m\u00e1s de cuarenta carreras, analiza el primer tercio del Mundial de MotoGP.\" \/>\n<link rel=\"canonical\" href=\"https:\/\/www.boxrepsol.com\/es\/motogp\/max-biaggi-este-ano-binomio-marc-honda-esta-buena-forma\/\" \/>\n<meta property=\"og:locale\" content=\"es_ES\" \/>\n<meta property=\"og:type\" content=\"article\" \/>\n<meta property=\"og:title\" content=\"Max Biaggi: \u201cEste a\u00f1o el binomio Marc-Honda est\u00e1 en muy buena forma\u201d - Box Repsol\" \/>\n<meta property=\"og:description\" content=\"Max Biaggi, cuatro veces Campe\u00f3n del Mundo y ganador de m\u00e1s de cuarenta carreras, analiza el primer tercio del Mundial de MotoGP.\" \/>\n<meta property=\"og:url\" content=\"https:\/\/www.boxrepsol.com\/es\/motogp\/max-biaggi-este-ano-binomio-marc-honda-esta-buena-forma\/\" \/>\n<meta property=\"og:site_name\" content=\"Box Repsol\" \/>\n<meta property=\"article:publisher\" content=\"https:\/\/www.facebook.com\/BoxRepsol\" \/>\n<meta property=\"article:author\" content=\"https:\/\/www.facebook.com\/BoxRepsol\/\" \/>\n<meta property=\"article:published_time\" content=\"2018-06-13T02:00:00+00:00\" \/>\n<meta property=\"article:modified_time\" content=\"2024-05-22T08:30:54+00:00\" \/>\n<meta property=\"og:image\" content=\"https:\/\/bxrepsol.s3.eu-west-1.amazonaws.com\/static\/2022\/08\/29081639\/00_repsol_honda_max_biaggi_motogp.jpg\" \/>\n\t<meta property=\"og:image:width\" content=\"995\" \/>\n\t<meta property=\"og:image:height\" content=\"560\" \/>\n\t<meta property=\"og:image:type\" content=\"image\/jpeg\" \/>\n<meta name=\"author\" content=\"Redacci\u00f3n Box Repsol\" \/>\n<meta name=\"twitter:card\" content=\"summary_large_image\" \/>\n<meta name=\"twitter:creator\" content=\"@https:\/\/twitter.com\/box_repsol\" \/>\n<meta name=\"twitter:site\" content=\"@box_repsol\" \/>\n<meta name=\"twitter:label1\" content=\"Written by\" \/>\n\t<meta name=\"twitter:data1\" content=\"Redacci\u00f3n Box Repsol\" \/>\n\t<meta name=\"twitter:label2\" content=\"Est. reading time\" \/>\n\t<meta name=\"twitter:data2\" content=\"3 minutos\" \/>\n<script type=\"application\/ld+json\" class=\"yoast-schema-graph\">{\"@context\":\"https:\\\/\\\/schema.org\",\"@graph\":[{\"@type\":\"Article\",\"@id\":\"https:\\\/\\\/www.boxrepsol.com\\\/es\\\/motogp\\\/max-biaggi-este-ano-binomio-marc-honda-esta-buena-forma\\\/#article\",\"isPartOf\":{\"@id\":\"https:\\\/\\\/www.boxrepsol.com\\\/es\\\/motogp\\\/max-biaggi-este-ano-binomio-marc-honda-esta-buena-forma\\\/\"},\"author\":{\"name\":\"Redacci\u00f3n Box Repsol\",\"@id\":\"https:\\\/\\\/www.boxrepsol.com\\\/es\\\/#\\\/schema\\\/person\\\/c5c2138f2cca251b0ad92b7086bb60b7\"},\"headline\":\"Max Biaggi: \u201cEste a\u00f1o el binomio Marc-Honda est\u00e1 en muy buena forma\u201d\",\"datePublished\":\"2018-06-13T02:00:00+00:00\",\"dateModified\":\"2024-05-22T08:30:54+00:00\",\"mainEntityOfPage\":{\"@id\":\"https:\\\/\\\/www.boxrepsol.com\\\/es\\\/motogp\\\/max-biaggi-este-ano-binomio-marc-honda-esta-buena-forma\\\/\"},\"wordCount\":677,\"commentCount\":0,\"publisher\":{\"@id\":\"https:\\\/\\\/www.boxrepsol.com\\\/es\\\/#organization\"},\"image\":{\"@id\":\"https:\\\/\\\/www.boxrepsol.com\\\/es\\\/motogp\\\/max-biaggi-este-ano-binomio-marc-honda-esta-buena-forma\\\/#primaryimage\"},\"thumbnailUrl\":\"https:\\\/\\\/bxrepsol.s3.eu-west-1.amazonaws.com\\\/static\\\/2022\\\/08\\\/29081639\\\/00_repsol_honda_max_biaggi_motogp.jpg\",\"keywords\":[\"pilotos de motociclismo\"],\"articleSection\":[\"MotoGP\"],\"inLanguage\":\"es\",\"potentialAction\":[{\"@type\":\"CommentAction\",\"name\":\"Comment\",\"target\":[\"https:\\\/\\\/www.boxrepsol.com\\\/es\\\/motogp\\\/max-biaggi-este-ano-binomio-marc-honda-esta-buena-forma\\\/#respond\"]}]},{\"@type\":\"WebPage\",\"@id\":\"https:\\\/\\\/www.boxrepsol.com\\\/es\\\/motogp\\\/max-biaggi-este-ano-binomio-marc-honda-esta-buena-forma\\\/\",\"url\":\"https:\\\/\\\/www.boxrepsol.com\\\/es\\\/motogp\\\/max-biaggi-este-ano-binomio-marc-honda-esta-buena-forma\\\/\",\"name\":\"Max Biaggi: \u201cEste a\u00f1o el binomio Marc-Honda est\u00e1 en muy buena forma\u201d - Box Repsol\",\"isPartOf\":{\"@id\":\"https:\\\/\\\/www.boxrepsol.com\\\/es\\\/#website\"},\"primaryImageOfPage\":{\"@id\":\"https:\\\/\\\/www.boxrepsol.com\\\/es\\\/motogp\\\/max-biaggi-este-ano-binomio-marc-honda-esta-buena-forma\\\/#primaryimage\"},\"image\":{\"@id\":\"https:\\\/\\\/www.boxrepsol.com\\\/es\\\/motogp\\\/max-biaggi-este-ano-binomio-marc-honda-esta-buena-forma\\\/#primaryimage\"},\"thumbnailUrl\":\"https:\\\/\\\/bxrepsol.s3.eu-west-1.amazonaws.com\\\/static\\\/2022\\\/08\\\/29081639\\\/00_repsol_honda_max_biaggi_motogp.jpg\",\"datePublished\":\"2018-06-13T02:00:00+00:00\",\"dateModified\":\"2024-05-22T08:30:54+00:00\",\"description\":\"Max Biaggi, cuatro veces Campe\u00f3n del Mundo y ganador de m\u00e1s de cuarenta carreras, analiza el primer tercio del Mundial de MotoGP.\",\"breadcrumb\":{\"@id\":\"https:\\\/\\\/www.boxrepsol.com\\\/es\\\/motogp\\\/max-biaggi-este-ano-binomio-marc-honda-esta-buena-forma\\\/#breadcrumb\"},\"inLanguage\":\"es\",\"potentialAction\":[{\"@type\":\"ReadAction\",\"target\":[\"https:\\\/\\\/www.boxrepsol.com\\\/es\\\/motogp\\\/max-biaggi-este-ano-binomio-marc-honda-esta-buena-forma\\\/\"]}]},{\"@type\":\"ImageObject\",\"inLanguage\":\"es\",\"@id\":\"https:\\\/\\\/www.boxrepsol.com\\\/es\\\/motogp\\\/max-biaggi-este-ano-binomio-marc-honda-esta-buena-forma\\\/#primaryimage\",\"url\":\"https:\\\/\\\/bxrepsol.s3.eu-west-1.amazonaws.com\\\/static\\\/2022\\\/08\\\/29081639\\\/00_repsol_honda_max_biaggi_motogp.jpg\",\"contentUrl\":\"https:\\\/\\\/bxrepsol.s3.eu-west-1.amazonaws.com\\\/static\\\/2022\\\/08\\\/29081639\\\/00_repsol_honda_max_biaggi_motogp.jpg\",\"width\":995,\"height\":560,\"caption\":\"Max Biaggi en el Podio\"},{\"@type\":\"BreadcrumbList\",\"@id\":\"https:\\\/\\\/www.boxrepsol.com\\\/es\\\/motogp\\\/max-biaggi-este-ano-binomio-marc-honda-esta-buena-forma\\\/#breadcrumb\",\"itemListElement\":[{\"@type\":\"ListItem\",\"position\":1,\"name\":\"Home\",\"item\":\"https:\\\/\\\/www.boxrepsol.com\\\/es\\\/\"},{\"@type\":\"ListItem\",\"position\":2,\"name\":\"Max Biaggi: \u201cEste a\u00f1o el binomio Marc-Honda est\u00e1 en muy buena forma\u201d\"}]},{\"@type\":\"WebSite\",\"@id\":\"https:\\\/\\\/www.boxrepsol.com\\\/es\\\/#website\",\"url\":\"https:\\\/\\\/www.boxrepsol.com\\\/es\\\/\",\"name\":\"Box Repsol\",\"description\":\"Box Repsol Site\",\"publisher\":{\"@id\":\"https:\\\/\\\/www.boxrepsol.com\\\/es\\\/#organization\"},\"potentialAction\":[{\"@type\":\"SearchAction\",\"target\":{\"@type\":\"EntryPoint\",\"urlTemplate\":\"https:\\\/\\\/www.boxrepsol.com\\\/es\\\/?s={search_term_string}\"},\"query-input\":{\"@type\":\"PropertyValueSpecification\",\"valueRequired\":true,\"valueName\":\"search_term_string\"}}],\"inLanguage\":\"es\"},{\"@type\":\"Organization\",\"@id\":\"https:\\\/\\\/www.boxrepsol.com\\\/es\\\/#organization\",\"name\":\"Box Repsol\",\"url\":\"https:\\\/\\\/www.boxrepsol.com\\\/es\\\/\",\"logo\":{\"@type\":\"ImageObject\",\"inLanguage\":\"es\",\"@id\":\"https:\\\/\\\/www.boxrepsol.com\\\/es\\\/#\\\/schema\\\/logo\\\/image\\\/\",\"url\":\"https:\\\/\\\/bxrepsol.s3.eu-west-1.amazonaws.com\\\/static\\\/2025\\\/07\\\/30083337\\\/favicon-96x96-1.png\",\"contentUrl\":\"https:\\\/\\\/bxrepsol.s3.eu-west-1.amazonaws.com\\\/static\\\/2025\\\/07\\\/30083337\\\/favicon-96x96-1.png\",\"width\":96,\"height\":96,\"caption\":\"Box Repsol\"},\"image\":{\"@id\":\"https:\\\/\\\/www.boxrepsol.com\\\/es\\\/#\\\/schema\\\/logo\\\/image\\\/\"},\"sameAs\":[\"https:\\\/\\\/www.facebook.com\\\/BoxRepsol\",\"https:\\\/\\\/x.com\\\/box_repsol\",\"http:\\\/\\\/instagram.com\\\/box_repsol\",\"https:\\\/\\\/www.youtube.com\\\/user\\\/RepsolCompeticion\",\"https:\\\/\\\/www.flickr.com\\\/photos\\\/box_repsol\\\/\"]},{\"@type\":\"Person\",\"@id\":\"https:\\\/\\\/www.boxrepsol.com\\\/es\\\/#\\\/schema\\\/person\\\/c5c2138f2cca251b0ad92b7086bb60b7\",\"name\":\"Redacci\u00f3n Box Repsol\",\"image\":{\"@type\":\"ImageObject\",\"inLanguage\":\"es\",\"@id\":\"https:\\\/\\\/secure.gravatar.com\\\/avatar\\\/adf7b77e38b4419baf32c7e9c21dde01f4e40df611f0978e3006fc4ba0aaab7e?s=96&d=mm&r=g\",\"url\":\"https:\\\/\\\/secure.gravatar.com\\\/avatar\\\/adf7b77e38b4419baf32c7e9c21dde01f4e40df611f0978e3006fc4ba0aaab7e?s=96&d=mm&r=g\",\"contentUrl\":\"https:\\\/\\\/secure.gravatar.com\\\/avatar\\\/adf7b77e38b4419baf32c7e9c21dde01f4e40df611f0978e3006fc4ba0aaab7e?s=96&d=mm&r=g\",\"caption\":\"Redacci\u00f3n Box Repsol\"},\"description\":\"Box Repsol lo forma un equipo de periodistas, community managers, dise\u00f1adores y fot\u00f3grafos con m\u00e1s de 20 a\u00f1os de experiencia en el mundo del motorsport. Hemos vivido el primer mundial de un espa\u00f1ol en la categor\u00eda reina de motociclismo con \u00c1lex Crivill\u00e9, estuvimos en las victorias de Pedrosa y los t\u00edtulos de M\u00e1rquez, acompa\u00f1amos en \u00c1frica a Nani Roma y Marc Coma en sus conquistas del Dakar y hemos vibrado con los t\u00edtulos de Toni Bou en Trial. Adem\u00e1s, en nuestro equipo contamos con expertos en el mundo de las dos y cuatro ruedas tanto de la calle y las carreteras, como de los circuitos. Periodistas que han trabajado en revistas y publicaciones para hacerte llegar desde rutas y consejos de mantenimiento, a curiosidades y trucos de pilotaje.\",\"sameAs\":[\"https:\\\/\\\/www.facebook.com\\\/BoxRepsol\\\/\",\"https:\\\/\\\/www.instagram.com\\\/box_repsol\\\/\",\"https:\\\/\\\/x.com\\\/https:\\\/\\\/twitter.com\\\/box_repsol\",\"https:\\\/\\\/www.youtube.com\\\/@Boxrepsol\"],\"url\":\"https:\\\/\\\/www.boxrepsol.com\\\/es\\\/author\\\/redaccion-box-repsol\\\/\"}]}<\/script>\n<!-- \/ Yoast SEO plugin. -->","yoast_head_json":{"title":"Max Biaggi: \u201cEste a\u00f1o el binomio Marc-Honda est\u00e1 en muy buena forma\u201d - Box Repsol","description":"Max Biaggi, cuatro veces Campe\u00f3n del Mundo y ganador de m\u00e1s de cuarenta carreras, analiza el primer tercio del Mundial de MotoGP.","canonical":"https:\/\/www.boxrepsol.com\/es\/motogp\/max-biaggi-este-ano-binomio-marc-honda-esta-buena-forma\/","og_locale":"es_ES","og_type":"article","og_title":"Max Biaggi: \u201cEste a\u00f1o el binomio Marc-Honda est\u00e1 en muy buena forma\u201d - Box Repsol","og_description":"Max Biaggi, cuatro veces Campe\u00f3n del Mundo y ganador de m\u00e1s de cuarenta carreras, analiza el primer tercio del Mundial de MotoGP.","og_url":"https:\/\/www.boxrepsol.com\/es\/motogp\/max-biaggi-este-ano-binomio-marc-honda-esta-buena-forma\/","og_site_name":"Box Repsol","article_publisher":"https:\/\/www.facebook.com\/BoxRepsol","article_author":"https:\/\/www.facebook.com\/BoxRepsol\/","article_published_time":"2018-06-13T02:00:00+00:00","article_modified_time":"2024-05-22T08:30:54+00:00","og_image":[{"width":995,"height":560,"url":"https:\/\/bxrepsol.s3.eu-west-1.amazonaws.com\/static\/2022\/08\/29081639\/00_repsol_honda_max_biaggi_motogp.jpg","type":"image\/jpeg"}],"author":"Redacci\u00f3n Box Repsol","twitter_card":"summary_large_image","twitter_creator":"@https:\/\/twitter.com\/box_repsol","twitter_site":"@box_repsol","twitter_misc":{"Written by":"Redacci\u00f3n Box Repsol","Est. reading time":"3 minutos"},"schema":{"@context":"https:\/\/schema.org","@graph":[{"@type":"Article","@id":"https:\/\/www.boxrepsol.com\/es\/motogp\/max-biaggi-este-ano-binomio-marc-honda-esta-buena-forma\/#article","isPartOf":{"@id":"https:\/\/www.boxrepsol.com\/es\/motogp\/max-biaggi-este-ano-binomio-marc-honda-esta-buena-forma\/"},"author":{"name":"Redacci\u00f3n Box Repsol","@id":"https:\/\/www.boxrepsol.com\/es\/#\/schema\/person\/c5c2138f2cca251b0ad92b7086bb60b7"},"headline":"Max Biaggi: \u201cEste a\u00f1o el binomio Marc-Honda est\u00e1 en muy buena forma\u201d","datePublished":"2018-06-13T02:00:00+00:00","dateModified":"2024-05-22T08:30:54+00:00","mainEntityOfPage":{"@id":"https:\/\/www.boxrepsol.com\/es\/motogp\/max-biaggi-este-ano-binomio-marc-honda-esta-buena-forma\/"},"wordCount":677,"commentCount":0,"publisher":{"@id":"https:\/\/www.boxrepsol.com\/es\/#organization"},"image":{"@id":"https:\/\/www.boxrepsol.com\/es\/motogp\/max-biaggi-este-ano-binomio-marc-honda-esta-buena-forma\/#primaryimage"},"thumbnailUrl":"https:\/\/bxrepsol.s3.eu-west-1.amazonaws.com\/static\/2022\/08\/29081639\/00_repsol_honda_max_biaggi_motogp.jpg","keywords":["pilotos de motociclismo"],"articleSection":["MotoGP"],"inLanguage":"es","potentialAction":[{"@type":"CommentAction","name":"Comment","target":["https:\/\/www.boxrepsol.com\/es\/motogp\/max-biaggi-este-ano-binomio-marc-honda-esta-buena-forma\/#respond"]}]},{"@type":"WebPage","@id":"https:\/\/www.boxrepsol.com\/es\/motogp\/max-biaggi-este-ano-binomio-marc-honda-esta-buena-forma\/","url":"https:\/\/www.boxrepsol.com\/es\/motogp\/max-biaggi-este-ano-binomio-marc-honda-esta-buena-forma\/","name":"Max Biaggi: \u201cEste a\u00f1o el binomio Marc-Honda est\u00e1 en muy buena forma\u201d - Box Repsol","isPartOf":{"@id":"https:\/\/www.boxrepsol.com\/es\/#website"},"primaryImageOfPage":{"@id":"https:\/\/www.boxrepsol.com\/es\/motogp\/max-biaggi-este-ano-binomio-marc-honda-esta-buena-forma\/#primaryimage"},"image":{"@id":"https:\/\/www.boxrepsol.com\/es\/motogp\/max-biaggi-este-ano-binomio-marc-honda-esta-buena-forma\/#primaryimage"},"thumbnailUrl":"https:\/\/bxrepsol.s3.eu-west-1.amazonaws.com\/static\/2022\/08\/29081639\/00_repsol_honda_max_biaggi_motogp.jpg","datePublished":"2018-06-13T02:00:00+00:00","dateModified":"2024-05-22T08:30:54+00:00","description":"Max Biaggi, cuatro veces Campe\u00f3n del Mundo y ganador de m\u00e1s de cuarenta carreras, analiza el primer tercio del Mundial de MotoGP.","breadcrumb":{"@id":"https:\/\/www.boxrepsol.com\/es\/motogp\/max-biaggi-este-ano-binomio-marc-honda-esta-buena-forma\/#breadcrumb"},"inLanguage":"es","potentialAction":[{"@type":"ReadAction","target":["https:\/\/www.boxrepsol.com\/es\/motogp\/max-biaggi-este-ano-binomio-marc-honda-esta-buena-forma\/"]}]},{"@type":"ImageObject","inLanguage":"es","@id":"https:\/\/www.boxrepsol.com\/es\/motogp\/max-biaggi-este-ano-binomio-marc-honda-esta-buena-forma\/#primaryimage","url":"https:\/\/bxrepsol.s3.eu-west-1.amazonaws.com\/static\/2022\/08\/29081639\/00_repsol_honda_max_biaggi_motogp.jpg","contentUrl":"https:\/\/bxrepsol.s3.eu-west-1.amazonaws.com\/static\/2022\/08\/29081639\/00_repsol_honda_max_biaggi_motogp.jpg","width":995,"height":560,"caption":"Max Biaggi en el Podio"},{"@type":"BreadcrumbList","@id":"https:\/\/www.boxrepsol.com\/es\/motogp\/max-biaggi-este-ano-binomio-marc-honda-esta-buena-forma\/#breadcrumb","itemListElement":[{"@type":"ListItem","position":1,"name":"Home","item":"https:\/\/www.boxrepsol.com\/es\/"},{"@type":"ListItem","position":2,"name":"Max Biaggi: \u201cEste a\u00f1o el binomio Marc-Honda est\u00e1 en muy buena forma\u201d"}]},{"@type":"WebSite","@id":"https:\/\/www.boxrepsol.com\/es\/#website","url":"https:\/\/www.boxrepsol.com\/es\/","name":"Box Repsol","description":"Box Repsol Site","publisher":{"@id":"https:\/\/www.boxrepsol.com\/es\/#organization"},"potentialAction":[{"@type":"SearchAction","target":{"@type":"EntryPoint","urlTemplate":"https:\/\/www.boxrepsol.com\/es\/?s={search_term_string}"},"query-input":{"@type":"PropertyValueSpecification","valueRequired":true,"valueName":"search_term_string"}}],"inLanguage":"es"},{"@type":"Organization","@id":"https:\/\/www.boxrepsol.com\/es\/#organization","name":"Box Repsol","url":"https:\/\/www.boxrepsol.com\/es\/","logo":{"@type":"ImageObject","inLanguage":"es","@id":"https:\/\/www.boxrepsol.com\/es\/#\/schema\/logo\/image\/","url":"https:\/\/bxrepsol.s3.eu-west-1.amazonaws.com\/static\/2025\/07\/30083337\/favicon-96x96-1.png","contentUrl":"https:\/\/bxrepsol.s3.eu-west-1.amazonaws.com\/static\/2025\/07\/30083337\/favicon-96x96-1.png","width":96,"height":96,"caption":"Box Repsol"},"image":{"@id":"https:\/\/www.boxrepsol.com\/es\/#\/schema\/logo\/image\/"},"sameAs":["https:\/\/www.facebook.com\/BoxRepsol","https:\/\/x.com\/box_repsol","http:\/\/instagram.com\/box_repsol","https:\/\/www.youtube.com\/user\/RepsolCompeticion","https:\/\/www.flickr.com\/photos\/box_repsol\/"]},{"@type":"Person","@id":"https:\/\/www.boxrepsol.com\/es\/#\/schema\/person\/c5c2138f2cca251b0ad92b7086bb60b7","name":"Redacci\u00f3n Box Repsol","image":{"@type":"ImageObject","inLanguage":"es","@id":"https:\/\/secure.gravatar.com\/avatar\/adf7b77e38b4419baf32c7e9c21dde01f4e40df611f0978e3006fc4ba0aaab7e?s=96&d=mm&r=g","url":"https:\/\/secure.gravatar.com\/avatar\/adf7b77e38b4419baf32c7e9c21dde01f4e40df611f0978e3006fc4ba0aaab7e?s=96&d=mm&r=g","contentUrl":"https:\/\/secure.gravatar.com\/avatar\/adf7b77e38b4419baf32c7e9c21dde01f4e40df611f0978e3006fc4ba0aaab7e?s=96&d=mm&r=g","caption":"Redacci\u00f3n Box Repsol"},"description":"Box Repsol lo forma un equipo de periodistas, community managers, dise\u00f1adores y fot\u00f3grafos con m\u00e1s de 20 a\u00f1os de experiencia en el mundo del motorsport. Hemos vivido el primer mundial de un espa\u00f1ol en la categor\u00eda reina de motociclismo con \u00c1lex Crivill\u00e9, estuvimos en las victorias de Pedrosa y los t\u00edtulos de M\u00e1rquez, acompa\u00f1amos en \u00c1frica a Nani Roma y Marc Coma en sus conquistas del Dakar y hemos vibrado con los t\u00edtulos de Toni Bou en Trial. Adem\u00e1s, en nuestro equipo contamos con expertos en el mundo de las dos y cuatro ruedas tanto de la calle y las carreteras, como de los circuitos. Periodistas que han trabajado en revistas y publicaciones para hacerte llegar desde rutas y consejos de mantenimiento, a curiosidades y trucos de pilotaje.","sameAs":["https:\/\/www.facebook.com\/BoxRepsol\/","https:\/\/www.instagram.com\/box_repsol\/","https:\/\/x.com\/https:\/\/twitter.com\/box_repsol","https:\/\/www.youtube.com\/@Boxrepsol"],"url":"https:\/\/www.boxrepsol.com\/es\/author\/redaccion-box-repsol\/"}]}},"_links":{"self":[{"href":"https:\/\/www.boxrepsol.com\/es\/wp-json\/wp\/v2\/posts\/93144","targetHints":{"allow":["GET"]}}],"collection":[{"href":"https:\/\/www.boxrepsol.com\/es\/wp-json\/wp\/v2\/posts"}],"about":[{"href":"https:\/\/www.boxrepsol.com\/es\/wp-json\/wp\/v2\/types\/post"}],"author":[{"embeddable":true,"href":"https:\/\/www.boxrepsol.com\/es\/wp-json\/wp\/v2\/users\/43146"}],"replies":[{"embeddable":true,"href":"https:\/\/www.boxrepsol.com\/es\/wp-json\/wp\/v2\/comments?post=93144"}],"version-history":[{"count":1,"href":"https:\/\/www.boxrepsol.com\/es\/wp-json\/wp\/v2\/posts\/93144\/revisions"}],"predecessor-version":[{"id":93145,"href":"https:\/\/www.boxrepsol.com\/es\/wp-json\/wp\/v2\/posts\/93144\/revisions\/93145"}],"wp:featuredmedia":[{"embeddable":true,"href":"https:\/\/www.boxrepsol.com\/es\/wp-json\/wp\/v2\/media\/58304"}],"wp:attachment":[{"href":"https:\/\/www.boxrepsol.com\/es\/wp-json\/wp\/v2\/media?parent=93144"}],"wp:term":[{"taxonomy":"category","embeddable":true,"href":"https:\/\/www.boxrepsol.com\/es\/wp-json\/wp\/v2\/categories?post=93144"},{"taxonomy":"post_tag","embeddable":true,"href":"https:\/\/www.boxrepsol.com\/es\/wp-json\/wp\/v2\/tags?post=93144"}],"curies":[{"name":"wp","href":"https:\/\/api.w.org\/{rel}","templated":true}]}}