{"id":93142,"date":"2018-01-26T00:00:00","date_gmt":"2018-01-26T02:00:00","guid":{"rendered":"http:\/\/pre.boxrepsol.com\/sin-categorizar\/isidre-esteve-lo-encontrado-este-ano-lo-perseguimos-los-amamos-este-deporte\/"},"modified":"2024-05-21T07:28:04","modified_gmt":"2024-05-21T09:28:04","slug":"isidre-esteve-lo-encontrado-este-ano-lo-perseguimos-los-amamos-este-deporte","status":"publish","type":"post","link":"https:\/\/www.boxrepsol.com\/es\/rally\/isidre-esteve-lo-encontrado-este-ano-lo-perseguimos-los-amamos-este-deporte\/","title":{"rendered":"Entrevistamos a Isidre Esteve a su vuelta del Dakar"},"content":{"rendered":"<blockquote><p>\n\t<a href=\"http:\/\/twitter.com\/share?text=Cada+obst%C3%A1culo+tiene+un+an%C3%A1lisis+diferente%2C+en+dunas+disfrutamos%2C+el+cambio+de+altitud+es+un+palo+para+el+cuerpo+y+un+r%C3%ADo+es+tener+fe+y+decirte+a+ti+mismo%3A+%E2%80%9Cespero+salir+y+espero+salir+bien%E2%80%9D.&#038;url=https%3A%2F%2Fwww.boxrepsol.com%2Fes%2Frally%2Fisidre-esteve-lo-encontrado-este-ano-lo-perseguimos-los-amamos-este-deporte%2F\" target=\"_blank\" rel=\"noopener\"><\/p>\n<p>Cada obst\u00e1culo tiene un an\u00e1lisis diferente, en dunas disfrutamos, el cambio de altitud es un palo para el cuerpo y un r\u00edo es tener fe y decirte a ti mismo: \u201cespero salir y espero salir bien\u201d.<\/p>\n<p>\t<\/a>\n<\/p><\/blockquote>\n<p><strong><em>Box Repsol: <\/em>Hola Isidre, es un placer tenerte otra vez con nosotros. Nos consta que este a\u00f1o el Dakar ha sido duro y con muchas complicaciones. \u00bfQu\u00e9 valoraci\u00f3n haces?<\/strong><\/p>\n<p><strong>Isidre Esteve:<\/strong>\u00a0Creo que est\u00e1 edici\u00f3n 2018 ha sido la m\u00e1s complicada que hemos corrido en Sudam\u00e9rica. La del a\u00f1o pasado y la de 2009 en la que particip\u00e9, no fueron tan completas. Las diferencias las han marcado las etapas de dunas en Per\u00fa, que han sido muy determinantes para nosotros. La direcci\u00f3n del Dakar ha dise\u00f1ado\u00a0un recorrido digno del 40 aniversario de la competici\u00f3n. Ha sido muy complejo, no solo en la dificultad de las zonas sino tambi\u00e9n en navegaci\u00f3n. Adem\u00e1s los horarios de las etapas han sido m\u00e1s largos que nunca. Que haya sido tan duro le da todav\u00eda m\u00e1s valor a lo que hemos conseguido.<\/p>\n<p><strong><em>BR: <\/em>\u00bfHay alg\u00fan momento en el que lo hayas pasado especialmente mal?<\/strong><\/p>\n<p><strong>IE:<\/strong>\u00a0Debido a que las jornadas han sido m\u00e1s largas, hubo una etapa en la que tuvimos que empezar la \u00faltima especial de 140 kil\u00f3metros a las cinco de la tarde. Recorrimos 50 kil\u00f3metros de noche, por una zona muy complicada con arena, barro y poca visibilidad, ya que las luces del coche eran un poco escasas. Otro tramo que nos cost\u00f3 bastante, fue la etapa que cruzaba de Per\u00fa a Bolivia, el cambio fue radical. Pasamos de estar a 500 metros a nivel del mar con dunas y buen tiempo, a una altura de 3.800 metros rodeados de nieve, fue un cambio muy dr\u00e1stico.<\/p>\n<p>\t\t\t\t<img decoding=\"async\" src=\"https:\/\/bxrepsol.s3.eu-west-1.amazonaws.com\/static\/2022\/08\/05055828\/Dakar18_E11_Isidre_Esteve_2.jpg\" alt=\"Coche del equipo Repsol surcando un secano con arbustos\" itemprop=\"image\"  \/><\/p>\n<p><strong><em>BR: <\/em>De todos esos obst\u00e1culos (nieve, dunas, r\u00edos), \u00bfcu\u00e1les te han hecho disfrutar y cu\u00e1les han sido m\u00e1s duros de superar?<\/strong><\/p>\n<p><strong>IE:<\/strong>\u00a0Antes de empezar la carrera analizamos el recorrido y vemos cuales van a ser los obst\u00e1culos, pero una cosa es lo que ves en el papel y<a href=\"https:\/\/www.youtube.com\/watch?v=n71bGC8ZIX0\">\u00a0otra lo que te encuentras<\/a>. Yo creo que d\u00f3nde m\u00e1s hemos disfrutado, ha sido en las dunas de Per\u00fa. Nos ha permitido vivir momentos dif\u00edciles, pero la sensaci\u00f3n de superarlos es muy gratificante. El cambio de altura y de temperatura es muy duro a nivel f\u00edsico, la adaptaci\u00f3n nunca es tan buena ni tan r\u00e1pida como uno desear\u00eda. Los r\u00edos son un riesgo cuando decides cruzar uno, es un \u201cTodo o nada\u201d: o lo conseguimos y cruzamos o nos quedamos ah\u00ed atrapados. Cada obst\u00e1culo tiene un an\u00e1lisis diferente, en dunas disfrutamos, el cambio de altitud es un palo para el cuerpo y un r\u00edo es tener fe y decirte a ti mismo: \u201cespero salir y espero salir bien\u201d.<\/p>\n<p><strong><em>BR: <\/em>Hablas siempre muy bien de tu copiloto Txema Villalobos \u00bfEn qu\u00e9 medida ha ayudado su labor al equipo?<\/strong><\/p>\n<p><strong>IE:<\/strong>\u00a0Es verdad que hablo bien de Txema, y es que no puedo hacerlo de otro modo. Ha hecho un trabajo excelente. En mi caso tiene una doble funci\u00f3n que es determinante: \u00e9l es quien me dice por d\u00f3nde debo ir, es el navegante y si se equivocase nos perder\u00edamos. Txema ha sido excelente a ese respecto. Por otro lado, cuando hay un problema yo no bajo del coche. Ya sea porque enganchamos en unas dunas o por un problema mec\u00e1nico \u2013un pinchazo, una rotura en el veh\u00edculo\u2026- \u00e9l debe solucionarlo todo. Por lo tanto, para mi ir con Txema es una garant\u00eda, ha realizado un trabajo impecable y estamos los dos muy contentos por ello. Estoy muy agradecido en ese sentido.<\/p>\n<p>\t\t\t\t<img decoding=\"async\" src=\"https:\/\/bxrepsol.s3.eu-west-1.amazonaws.com\/static\/2022\/08\/05055831\/Dakar18_Final_Isidre_Esteve_3.jpg\" alt=\"Coche Repsol Rally Team de noche con faros encendidos\" itemprop=\"image\"  \/><\/p>\n<p><strong><em>BR: <\/em>\u00bfA pesar de las dificultades dir\u00edas que has disfrutado del Dakar?<\/strong><\/p>\n<p><strong>IE:<\/strong>\u00a0Si hubiese sido un Dakar f\u00e1cil, al cruzar la meta no le dar\u00eda el mismo valor que al haber sido tan complicado. Ha habido situaciones muy cr\u00edticas, las hemos superado y eso es muy grande. Hay momentos que naturalmente son muy dif\u00edciles, pero estamos all\u00ed para superarlos. Si no fuese as\u00ed, si no te pusiese en situaciones de este tipo, no ser\u00eda el rally m\u00e1s duro del mundo. Lo que hemos encontrado este a\u00f1o es lo que perseguimos la gente que amamos este deporte, y si hay un rally que nos lo ofrece, esto es lo que queremos superar.<\/p>\n<p><strong><em>BR: <\/em>\u00bfEntonces superar el desaf\u00edo significa sufrir?<\/strong><\/p>\n<p><strong>IE:<\/strong>\u00a0Todo tiene un l\u00edmite \u2013R\u00ede- todo es muy bonito y muy aceptable siempre que lo superas. Cuando te quedas all\u00ed, naturalmente que no lo es. Cuando no lo consigues, la frustraci\u00f3n puede ser enorme.<\/p>\n<p><strong><em>BR: <\/em>En una entrevista anterior nos revelaste que debe haber un equilibrio entre lo que sufre el piloto y lo que sufre la m\u00e1quina. \u00bfSe ha mantenido ese equilibrio?<\/strong><\/p>\n<p><strong>IE:<\/strong>\u00a0Se ha mantenido el equilibrio. El piloto es naturalmente responsable tambi\u00e9n de lo que sufre la m\u00e1quina. La pista es dif\u00edcil y sabes que hay dunas, y que hay que cruzar r\u00edos que afectar\u00e1n a la mec\u00e1nica. Los pilotos exigimos a la m\u00e1quina en funci\u00f3n de lo que creemos que puede soportar y es nuestra responsabilidad encontrar ese equilibrio. Si te pasas, el coche no se queja, pero se para. Por fortuna en nuestro caso no ha sido as\u00ed.<\/p>\n<p>\t\t\t\t<img decoding=\"async\" src=\"https:\/\/bxrepsol.s3.eu-west-1.amazonaws.com\/static\/2022\/08\/05055833\/Dakar18_Descanso_Isidre_Esteve_2ok.jpg\" alt=\"Isidre Esteve con un ordenador port\u00e1til en un campamento del Dakar\" itemprop=\"image\"  \/><\/p>\n<p><strong><em>BR: <\/em>\u00bfCrees que hay margen de mejora de cara al 2019?<\/strong><\/p>\n<p><strong>IE:<\/strong>\u00a0Hay margen de mejora con el coche y con el equipo. El coche concretamente tiene mucho potencial y detalles a pulir. Somos un equipo que entiende que tiene que mejorar constantemente y tenemos muchas ganas de hacerlo de cara al a\u00f1o que viene. Tenemos planes para adaptar el veh\u00edculo a la nueva reglamentaci\u00f3n, que da m\u00e1s margen a la suspensi\u00f3n lo que nos permitir\u00eda un cambio de neum\u00e1ticos. Somos muy conscientes de nuestros puntos flacos en esta edici\u00f3n, hemos tomado nota y sabemos qu\u00e9 hacer para mejorar.<\/p>\n<p><strong><em>BR: <\/em>\u00bfCrees que los lubricantes Repsol te han ayudado a superar un desaf\u00edo como el Dakar?<\/strong><\/p>\n<p><strong>IE:<\/strong>\u00a0Los lubricantes Repsol nos dan la garant\u00eda de que podemos llevar al m\u00e1ximo la mec\u00e1nica. Son m\u00e1s de 45 a\u00f1os de experiencia en la competici\u00f3n, y que toda esa experiencia acumulada se pueda aplicar ahora a nuestro veh\u00edculo es un privilegio. Adem\u00e1s, el hecho de que a\u00fan podamos mejorar en ese aspecto nos motiva todav\u00eda m\u00e1s. Cada vez que realizamos un cambio de aceite, tomamos muestras del lubricante usado y lo enviamos al Repsol Technology Lab de M\u00f3stoles donde analizan c\u00f3mo ha afectado a la mec\u00e1nica. De esta forma, al a\u00f1o siguiente podemos tener un material mejor. Para nosotros esta mejora continua y la posibilidad de colaborar en ella nos hace estar agradecidos.<\/p>\n<p>\t\t\t\t<img decoding=\"async\" src=\"https:\/\/bxrepsol.s3.eu-west-1.amazonaws.com\/static\/2022\/08\/05055836\/00_isidre_esteve_txema_villalobos_lubricantes_repsol_dakar2.jpg\" alt=\"Isidre esteve y Txema Villalobos con un bote de lubricantes \u00e9lite gigante\" itemprop=\"image\"  \/><\/p>\n<p><strong><em>BR: <\/em>\u00bfTe vas a tomar unas vacaciones o vas de vuelta a entrenar?<\/strong><\/p>\n<p><strong>IE:<\/strong>\u00a0\u00a1Ahora toca descansar un poco por favor! \u2013R\u00ede- Acabamos de llegar del Dakar y debemos tomarnos un respiro. Tambi\u00e9n es un buen momento para reflexionar de c\u00f3mo han ido las cosas y qu\u00e9 debemos hacer para mejorar. Dentro de mes y medio, me pondr\u00e9 en marcha para preparar el Dakar 2019.<\/p>\n<p><strong><em>BR: <\/em>\u00bfVas a seguir la temporada de 2018 de MotoGP?<\/strong><\/p>\n<p><strong>IE:<\/strong>\u00a0\u00a1Naturalmente que la voy a seguir! Estoy deseando ver c\u00f3mo van los entrenamientos de pretemporada para los equipos. Adem\u00e1s nos une una amistad con Marc, sobre todo porque vivimos cerca el uno del otro.<\/p>\n<p><strong><em>BR: <\/em>Gracias Isidre \u00a1Esperamos que disfrutes de la temporada de MotoGP igual que nosotros hemos disfrutado contigo en el Dakar 2018!<\/strong><\/p>\n","protected":false},"excerpt":{"rendered":"<p>El piloto Repsol termin\u00f3 en el 21\u00ba puesto de la general y se convirti\u00f3 en el segundo espa\u00f1ol mejor clasificado. El ilerdense nos cuenta sus sensaciones sobre el Dakar 2018 y sus ganas de mejorar y volver a la competici\u00f3n en 2019.<\/p>\n","protected":false},"author":43146,"featured_media":58284,"comment_status":"open","ping_status":"open","sticky":false,"template":"","format":"standard","meta":{"footnotes":""},"categories":[27],"tags":[29],"class_list":["post-93142","post","type-post","status-publish","format-standard","hentry","category-rally","tag-isidre-esteve"],"yoast_head":"<!-- This site is optimized with the Yoast SEO plugin v27.3 - https:\/\/yoast.com\/product\/yoast-seo-wordpress\/ -->\n<title>Lo que hemos encontrado este a\u00f1o, es lo que perseguimos los que amamos este deporte<\/title>\n<meta name=\"description\" content=\"El piloto Repsol termin\u00f3 en el 21\u00ba puesto de la general. \u201cLo que hemos encontrado este a\u00f1o, es lo que perseguimos los que amamos este deporte\u201d\" \/>\n<link rel=\"canonical\" href=\"https:\/\/www.boxrepsol.com\/es\/rally\/isidre-esteve-lo-encontrado-este-ano-lo-perseguimos-los-amamos-este-deporte\/\" \/>\n<meta property=\"og:locale\" content=\"es_ES\" \/>\n<meta property=\"og:type\" content=\"article\" \/>\n<meta property=\"og:title\" content=\"Lo que hemos encontrado este a\u00f1o, es lo que perseguimos los que amamos este deporte\" \/>\n<meta property=\"og:description\" content=\"El piloto Repsol termin\u00f3 en el 21\u00ba puesto de la general. \u201cLo que hemos encontrado este a\u00f1o, es lo que perseguimos los que amamos este deporte\u201d\" \/>\n<meta property=\"og:url\" content=\"https:\/\/www.boxrepsol.com\/es\/rally\/isidre-esteve-lo-encontrado-este-ano-lo-perseguimos-los-amamos-este-deporte\/\" \/>\n<meta property=\"og:site_name\" content=\"Box Repsol\" \/>\n<meta property=\"article:publisher\" content=\"https:\/\/www.facebook.com\/BoxRepsol\" \/>\n<meta property=\"article:author\" content=\"https:\/\/www.facebook.com\/BoxRepsol\/\" \/>\n<meta property=\"article:published_time\" content=\"2018-01-26T02:00:00+00:00\" \/>\n<meta property=\"article:modified_time\" content=\"2024-05-21T09:28:04+00:00\" \/>\n<meta property=\"og:image\" content=\"https:\/\/bxrepsol.s3.eu-west-1.amazonaws.com\/static\/2022\/08\/29081614\/Isidre_Mandos_2.jpg\" \/>\n\t<meta property=\"og:image:width\" content=\"2362\" \/>\n\t<meta property=\"og:image:height\" content=\"1772\" \/>\n\t<meta property=\"og:image:type\" content=\"image\/jpeg\" \/>\n<meta name=\"author\" content=\"Redacci\u00f3n Box Repsol\" \/>\n<meta name=\"twitter:card\" content=\"summary_large_image\" \/>\n<meta name=\"twitter:creator\" content=\"@https:\/\/twitter.com\/box_repsol\" \/>\n<meta name=\"twitter:site\" content=\"@box_repsol\" \/>\n<meta name=\"twitter:label1\" content=\"Written by\" \/>\n\t<meta name=\"twitter:data1\" content=\"Redacci\u00f3n Box Repsol\" \/>\n\t<meta name=\"twitter:label2\" content=\"Est. reading time\" \/>\n\t<meta name=\"twitter:data2\" content=\"7 minutos\" \/>\n<script type=\"application\/ld+json\" class=\"yoast-schema-graph\">{\"@context\":\"https:\\\/\\\/schema.org\",\"@graph\":[{\"@type\":\"Article\",\"@id\":\"https:\\\/\\\/www.boxrepsol.com\\\/es\\\/rally\\\/isidre-esteve-lo-encontrado-este-ano-lo-perseguimos-los-amamos-este-deporte\\\/#article\",\"isPartOf\":{\"@id\":\"https:\\\/\\\/www.boxrepsol.com\\\/es\\\/rally\\\/isidre-esteve-lo-encontrado-este-ano-lo-perseguimos-los-amamos-este-deporte\\\/\"},\"author\":{\"name\":\"Redacci\u00f3n Box Repsol\",\"@id\":\"https:\\\/\\\/www.boxrepsol.com\\\/es\\\/#\\\/schema\\\/person\\\/c5c2138f2cca251b0ad92b7086bb60b7\"},\"headline\":\"Entrevistamos a Isidre Esteve a su vuelta del Dakar\",\"datePublished\":\"2018-01-26T02:00:00+00:00\",\"dateModified\":\"2024-05-21T09:28:04+00:00\",\"mainEntityOfPage\":{\"@id\":\"https:\\\/\\\/www.boxrepsol.com\\\/es\\\/rally\\\/isidre-esteve-lo-encontrado-este-ano-lo-perseguimos-los-amamos-este-deporte\\\/\"},\"wordCount\":1317,\"commentCount\":0,\"publisher\":{\"@id\":\"https:\\\/\\\/www.boxrepsol.com\\\/es\\\/#organization\"},\"image\":{\"@id\":\"https:\\\/\\\/www.boxrepsol.com\\\/es\\\/rally\\\/isidre-esteve-lo-encontrado-este-ano-lo-perseguimos-los-amamos-este-deporte\\\/#primaryimage\"},\"thumbnailUrl\":\"https:\\\/\\\/bxrepsol.s3.eu-west-1.amazonaws.com\\\/static\\\/2022\\\/08\\\/29081614\\\/Isidre_Mandos_2.jpg\",\"keywords\":[\"Isidre Esteve\"],\"articleSection\":[\"Rally\"],\"inLanguage\":\"es\",\"potentialAction\":[{\"@type\":\"CommentAction\",\"name\":\"Comment\",\"target\":[\"https:\\\/\\\/www.boxrepsol.com\\\/es\\\/rally\\\/isidre-esteve-lo-encontrado-este-ano-lo-perseguimos-los-amamos-este-deporte\\\/#respond\"]}]},{\"@type\":\"WebPage\",\"@id\":\"https:\\\/\\\/www.boxrepsol.com\\\/es\\\/rally\\\/isidre-esteve-lo-encontrado-este-ano-lo-perseguimos-los-amamos-este-deporte\\\/\",\"url\":\"https:\\\/\\\/www.boxrepsol.com\\\/es\\\/rally\\\/isidre-esteve-lo-encontrado-este-ano-lo-perseguimos-los-amamos-este-deporte\\\/\",\"name\":\"Lo que hemos encontrado este a\u00f1o, es lo que perseguimos los que amamos este deporte\",\"isPartOf\":{\"@id\":\"https:\\\/\\\/www.boxrepsol.com\\\/es\\\/#website\"},\"primaryImageOfPage\":{\"@id\":\"https:\\\/\\\/www.boxrepsol.com\\\/es\\\/rally\\\/isidre-esteve-lo-encontrado-este-ano-lo-perseguimos-los-amamos-este-deporte\\\/#primaryimage\"},\"image\":{\"@id\":\"https:\\\/\\\/www.boxrepsol.com\\\/es\\\/rally\\\/isidre-esteve-lo-encontrado-este-ano-lo-perseguimos-los-amamos-este-deporte\\\/#primaryimage\"},\"thumbnailUrl\":\"https:\\\/\\\/bxrepsol.s3.eu-west-1.amazonaws.com\\\/static\\\/2022\\\/08\\\/29081614\\\/Isidre_Mandos_2.jpg\",\"datePublished\":\"2018-01-26T02:00:00+00:00\",\"dateModified\":\"2024-05-21T09:28:04+00:00\",\"description\":\"El piloto Repsol termin\u00f3 en el 21\u00ba puesto de la general. \u201cLo que hemos encontrado este a\u00f1o, es lo que perseguimos los que amamos este deporte\u201d\",\"breadcrumb\":{\"@id\":\"https:\\\/\\\/www.boxrepsol.com\\\/es\\\/rally\\\/isidre-esteve-lo-encontrado-este-ano-lo-perseguimos-los-amamos-este-deporte\\\/#breadcrumb\"},\"inLanguage\":\"es\",\"potentialAction\":[{\"@type\":\"ReadAction\",\"target\":[\"https:\\\/\\\/www.boxrepsol.com\\\/es\\\/rally\\\/isidre-esteve-lo-encontrado-este-ano-lo-perseguimos-los-amamos-este-deporte\\\/\"]}]},{\"@type\":\"ImageObject\",\"inLanguage\":\"es\",\"@id\":\"https:\\\/\\\/www.boxrepsol.com\\\/es\\\/rally\\\/isidre-esteve-lo-encontrado-este-ano-lo-perseguimos-los-amamos-este-deporte\\\/#primaryimage\",\"url\":\"https:\\\/\\\/bxrepsol.s3.eu-west-1.amazonaws.com\\\/static\\\/2022\\\/08\\\/29081614\\\/Isidre_Mandos_2.jpg\",\"contentUrl\":\"https:\\\/\\\/bxrepsol.s3.eu-west-1.amazonaws.com\\\/static\\\/2022\\\/08\\\/29081614\\\/Isidre_Mandos_2.jpg\",\"width\":2362,\"height\":1772,\"caption\":\"Piloto Repsol Isidre Esteve volante adaptado\"},{\"@type\":\"BreadcrumbList\",\"@id\":\"https:\\\/\\\/www.boxrepsol.com\\\/es\\\/rally\\\/isidre-esteve-lo-encontrado-este-ano-lo-perseguimos-los-amamos-este-deporte\\\/#breadcrumb\",\"itemListElement\":[{\"@type\":\"ListItem\",\"position\":1,\"name\":\"Home\",\"item\":\"https:\\\/\\\/www.boxrepsol.com\\\/es\\\/\"},{\"@type\":\"ListItem\",\"position\":2,\"name\":\"Entrevistamos a Isidre Esteve a su vuelta del Dakar\"}]},{\"@type\":\"WebSite\",\"@id\":\"https:\\\/\\\/www.boxrepsol.com\\\/es\\\/#website\",\"url\":\"https:\\\/\\\/www.boxrepsol.com\\\/es\\\/\",\"name\":\"Box Repsol\",\"description\":\"Box Repsol Site\",\"publisher\":{\"@id\":\"https:\\\/\\\/www.boxrepsol.com\\\/es\\\/#organization\"},\"potentialAction\":[{\"@type\":\"SearchAction\",\"target\":{\"@type\":\"EntryPoint\",\"urlTemplate\":\"https:\\\/\\\/www.boxrepsol.com\\\/es\\\/?s={search_term_string}\"},\"query-input\":{\"@type\":\"PropertyValueSpecification\",\"valueRequired\":true,\"valueName\":\"search_term_string\"}}],\"inLanguage\":\"es\"},{\"@type\":\"Organization\",\"@id\":\"https:\\\/\\\/www.boxrepsol.com\\\/es\\\/#organization\",\"name\":\"Box Repsol\",\"url\":\"https:\\\/\\\/www.boxrepsol.com\\\/es\\\/\",\"logo\":{\"@type\":\"ImageObject\",\"inLanguage\":\"es\",\"@id\":\"https:\\\/\\\/www.boxrepsol.com\\\/es\\\/#\\\/schema\\\/logo\\\/image\\\/\",\"url\":\"https:\\\/\\\/bxrepsol.s3.eu-west-1.amazonaws.com\\\/static\\\/2025\\\/07\\\/30083337\\\/favicon-96x96-1.png\",\"contentUrl\":\"https:\\\/\\\/bxrepsol.s3.eu-west-1.amazonaws.com\\\/static\\\/2025\\\/07\\\/30083337\\\/favicon-96x96-1.png\",\"width\":96,\"height\":96,\"caption\":\"Box Repsol\"},\"image\":{\"@id\":\"https:\\\/\\\/www.boxrepsol.com\\\/es\\\/#\\\/schema\\\/logo\\\/image\\\/\"},\"sameAs\":[\"https:\\\/\\\/www.facebook.com\\\/BoxRepsol\",\"https:\\\/\\\/x.com\\\/box_repsol\",\"http:\\\/\\\/instagram.com\\\/box_repsol\",\"https:\\\/\\\/www.youtube.com\\\/user\\\/RepsolCompeticion\",\"https:\\\/\\\/www.flickr.com\\\/photos\\\/box_repsol\\\/\"]},{\"@type\":\"Person\",\"@id\":\"https:\\\/\\\/www.boxrepsol.com\\\/es\\\/#\\\/schema\\\/person\\\/c5c2138f2cca251b0ad92b7086bb60b7\",\"name\":\"Redacci\u00f3n Box Repsol\",\"image\":{\"@type\":\"ImageObject\",\"inLanguage\":\"es\",\"@id\":\"https:\\\/\\\/secure.gravatar.com\\\/avatar\\\/adf7b77e38b4419baf32c7e9c21dde01f4e40df611f0978e3006fc4ba0aaab7e?s=96&d=mm&r=g\",\"url\":\"https:\\\/\\\/secure.gravatar.com\\\/avatar\\\/adf7b77e38b4419baf32c7e9c21dde01f4e40df611f0978e3006fc4ba0aaab7e?s=96&d=mm&r=g\",\"contentUrl\":\"https:\\\/\\\/secure.gravatar.com\\\/avatar\\\/adf7b77e38b4419baf32c7e9c21dde01f4e40df611f0978e3006fc4ba0aaab7e?s=96&d=mm&r=g\",\"caption\":\"Redacci\u00f3n Box Repsol\"},\"description\":\"Box Repsol lo forma un equipo de periodistas, community managers, dise\u00f1adores y fot\u00f3grafos con m\u00e1s de 20 a\u00f1os de experiencia en el mundo del motorsport. Hemos vivido el primer mundial de un espa\u00f1ol en la categor\u00eda reina de motociclismo con \u00c1lex Crivill\u00e9, estuvimos en las victorias de Pedrosa y los t\u00edtulos de M\u00e1rquez, acompa\u00f1amos en \u00c1frica a Nani Roma y Marc Coma en sus conquistas del Dakar y hemos vibrado con los t\u00edtulos de Toni Bou en Trial. Adem\u00e1s, en nuestro equipo contamos con expertos en el mundo de las dos y cuatro ruedas tanto de la calle y las carreteras, como de los circuitos. Periodistas que han trabajado en revistas y publicaciones para hacerte llegar desde rutas y consejos de mantenimiento, a curiosidades y trucos de pilotaje.\",\"sameAs\":[\"https:\\\/\\\/www.facebook.com\\\/BoxRepsol\\\/\",\"https:\\\/\\\/www.instagram.com\\\/box_repsol\\\/\",\"https:\\\/\\\/x.com\\\/https:\\\/\\\/twitter.com\\\/box_repsol\",\"https:\\\/\\\/www.youtube.com\\\/@Boxrepsol\"],\"url\":\"https:\\\/\\\/www.boxrepsol.com\\\/es\\\/author\\\/redaccion-box-repsol\\\/\"}]}<\/script>\n<!-- \/ Yoast SEO plugin. -->","yoast_head_json":{"title":"Lo que hemos encontrado este a\u00f1o, es lo que perseguimos los que amamos este deporte","description":"El piloto Repsol termin\u00f3 en el 21\u00ba puesto de la general. \u201cLo que hemos encontrado este a\u00f1o, es lo que perseguimos los que amamos este deporte\u201d","canonical":"https:\/\/www.boxrepsol.com\/es\/rally\/isidre-esteve-lo-encontrado-este-ano-lo-perseguimos-los-amamos-este-deporte\/","og_locale":"es_ES","og_type":"article","og_title":"Lo que hemos encontrado este a\u00f1o, es lo que perseguimos los que amamos este deporte","og_description":"El piloto Repsol termin\u00f3 en el 21\u00ba puesto de la general. \u201cLo que hemos encontrado este a\u00f1o, es lo que perseguimos los que amamos este deporte\u201d","og_url":"https:\/\/www.boxrepsol.com\/es\/rally\/isidre-esteve-lo-encontrado-este-ano-lo-perseguimos-los-amamos-este-deporte\/","og_site_name":"Box Repsol","article_publisher":"https:\/\/www.facebook.com\/BoxRepsol","article_author":"https:\/\/www.facebook.com\/BoxRepsol\/","article_published_time":"2018-01-26T02:00:00+00:00","article_modified_time":"2024-05-21T09:28:04+00:00","og_image":[{"width":2362,"height":1772,"url":"https:\/\/bxrepsol.s3.eu-west-1.amazonaws.com\/static\/2022\/08\/29081614\/Isidre_Mandos_2.jpg","type":"image\/jpeg"}],"author":"Redacci\u00f3n Box Repsol","twitter_card":"summary_large_image","twitter_creator":"@https:\/\/twitter.com\/box_repsol","twitter_site":"@box_repsol","twitter_misc":{"Written by":"Redacci\u00f3n Box Repsol","Est. reading time":"7 minutos"},"schema":{"@context":"https:\/\/schema.org","@graph":[{"@type":"Article","@id":"https:\/\/www.boxrepsol.com\/es\/rally\/isidre-esteve-lo-encontrado-este-ano-lo-perseguimos-los-amamos-este-deporte\/#article","isPartOf":{"@id":"https:\/\/www.boxrepsol.com\/es\/rally\/isidre-esteve-lo-encontrado-este-ano-lo-perseguimos-los-amamos-este-deporte\/"},"author":{"name":"Redacci\u00f3n Box Repsol","@id":"https:\/\/www.boxrepsol.com\/es\/#\/schema\/person\/c5c2138f2cca251b0ad92b7086bb60b7"},"headline":"Entrevistamos a Isidre Esteve a su vuelta del Dakar","datePublished":"2018-01-26T02:00:00+00:00","dateModified":"2024-05-21T09:28:04+00:00","mainEntityOfPage":{"@id":"https:\/\/www.boxrepsol.com\/es\/rally\/isidre-esteve-lo-encontrado-este-ano-lo-perseguimos-los-amamos-este-deporte\/"},"wordCount":1317,"commentCount":0,"publisher":{"@id":"https:\/\/www.boxrepsol.com\/es\/#organization"},"image":{"@id":"https:\/\/www.boxrepsol.com\/es\/rally\/isidre-esteve-lo-encontrado-este-ano-lo-perseguimos-los-amamos-este-deporte\/#primaryimage"},"thumbnailUrl":"https:\/\/bxrepsol.s3.eu-west-1.amazonaws.com\/static\/2022\/08\/29081614\/Isidre_Mandos_2.jpg","keywords":["Isidre Esteve"],"articleSection":["Rally"],"inLanguage":"es","potentialAction":[{"@type":"CommentAction","name":"Comment","target":["https:\/\/www.boxrepsol.com\/es\/rally\/isidre-esteve-lo-encontrado-este-ano-lo-perseguimos-los-amamos-este-deporte\/#respond"]}]},{"@type":"WebPage","@id":"https:\/\/www.boxrepsol.com\/es\/rally\/isidre-esteve-lo-encontrado-este-ano-lo-perseguimos-los-amamos-este-deporte\/","url":"https:\/\/www.boxrepsol.com\/es\/rally\/isidre-esteve-lo-encontrado-este-ano-lo-perseguimos-los-amamos-este-deporte\/","name":"Lo que hemos encontrado este a\u00f1o, es lo que perseguimos los que amamos este deporte","isPartOf":{"@id":"https:\/\/www.boxrepsol.com\/es\/#website"},"primaryImageOfPage":{"@id":"https:\/\/www.boxrepsol.com\/es\/rally\/isidre-esteve-lo-encontrado-este-ano-lo-perseguimos-los-amamos-este-deporte\/#primaryimage"},"image":{"@id":"https:\/\/www.boxrepsol.com\/es\/rally\/isidre-esteve-lo-encontrado-este-ano-lo-perseguimos-los-amamos-este-deporte\/#primaryimage"},"thumbnailUrl":"https:\/\/bxrepsol.s3.eu-west-1.amazonaws.com\/static\/2022\/08\/29081614\/Isidre_Mandos_2.jpg","datePublished":"2018-01-26T02:00:00+00:00","dateModified":"2024-05-21T09:28:04+00:00","description":"El piloto Repsol termin\u00f3 en el 21\u00ba puesto de la general. \u201cLo que hemos encontrado este a\u00f1o, es lo que perseguimos los que amamos este deporte\u201d","breadcrumb":{"@id":"https:\/\/www.boxrepsol.com\/es\/rally\/isidre-esteve-lo-encontrado-este-ano-lo-perseguimos-los-amamos-este-deporte\/#breadcrumb"},"inLanguage":"es","potentialAction":[{"@type":"ReadAction","target":["https:\/\/www.boxrepsol.com\/es\/rally\/isidre-esteve-lo-encontrado-este-ano-lo-perseguimos-los-amamos-este-deporte\/"]}]},{"@type":"ImageObject","inLanguage":"es","@id":"https:\/\/www.boxrepsol.com\/es\/rally\/isidre-esteve-lo-encontrado-este-ano-lo-perseguimos-los-amamos-este-deporte\/#primaryimage","url":"https:\/\/bxrepsol.s3.eu-west-1.amazonaws.com\/static\/2022\/08\/29081614\/Isidre_Mandos_2.jpg","contentUrl":"https:\/\/bxrepsol.s3.eu-west-1.amazonaws.com\/static\/2022\/08\/29081614\/Isidre_Mandos_2.jpg","width":2362,"height":1772,"caption":"Piloto Repsol Isidre Esteve volante adaptado"},{"@type":"BreadcrumbList","@id":"https:\/\/www.boxrepsol.com\/es\/rally\/isidre-esteve-lo-encontrado-este-ano-lo-perseguimos-los-amamos-este-deporte\/#breadcrumb","itemListElement":[{"@type":"ListItem","position":1,"name":"Home","item":"https:\/\/www.boxrepsol.com\/es\/"},{"@type":"ListItem","position":2,"name":"Entrevistamos a Isidre Esteve a su vuelta del Dakar"}]},{"@type":"WebSite","@id":"https:\/\/www.boxrepsol.com\/es\/#website","url":"https:\/\/www.boxrepsol.com\/es\/","name":"Box Repsol","description":"Box Repsol Site","publisher":{"@id":"https:\/\/www.boxrepsol.com\/es\/#organization"},"potentialAction":[{"@type":"SearchAction","target":{"@type":"EntryPoint","urlTemplate":"https:\/\/www.boxrepsol.com\/es\/?s={search_term_string}"},"query-input":{"@type":"PropertyValueSpecification","valueRequired":true,"valueName":"search_term_string"}}],"inLanguage":"es"},{"@type":"Organization","@id":"https:\/\/www.boxrepsol.com\/es\/#organization","name":"Box Repsol","url":"https:\/\/www.boxrepsol.com\/es\/","logo":{"@type":"ImageObject","inLanguage":"es","@id":"https:\/\/www.boxrepsol.com\/es\/#\/schema\/logo\/image\/","url":"https:\/\/bxrepsol.s3.eu-west-1.amazonaws.com\/static\/2025\/07\/30083337\/favicon-96x96-1.png","contentUrl":"https:\/\/bxrepsol.s3.eu-west-1.amazonaws.com\/static\/2025\/07\/30083337\/favicon-96x96-1.png","width":96,"height":96,"caption":"Box Repsol"},"image":{"@id":"https:\/\/www.boxrepsol.com\/es\/#\/schema\/logo\/image\/"},"sameAs":["https:\/\/www.facebook.com\/BoxRepsol","https:\/\/x.com\/box_repsol","http:\/\/instagram.com\/box_repsol","https:\/\/www.youtube.com\/user\/RepsolCompeticion","https:\/\/www.flickr.com\/photos\/box_repsol\/"]},{"@type":"Person","@id":"https:\/\/www.boxrepsol.com\/es\/#\/schema\/person\/c5c2138f2cca251b0ad92b7086bb60b7","name":"Redacci\u00f3n Box Repsol","image":{"@type":"ImageObject","inLanguage":"es","@id":"https:\/\/secure.gravatar.com\/avatar\/adf7b77e38b4419baf32c7e9c21dde01f4e40df611f0978e3006fc4ba0aaab7e?s=96&d=mm&r=g","url":"https:\/\/secure.gravatar.com\/avatar\/adf7b77e38b4419baf32c7e9c21dde01f4e40df611f0978e3006fc4ba0aaab7e?s=96&d=mm&r=g","contentUrl":"https:\/\/secure.gravatar.com\/avatar\/adf7b77e38b4419baf32c7e9c21dde01f4e40df611f0978e3006fc4ba0aaab7e?s=96&d=mm&r=g","caption":"Redacci\u00f3n Box Repsol"},"description":"Box Repsol lo forma un equipo de periodistas, community managers, dise\u00f1adores y fot\u00f3grafos con m\u00e1s de 20 a\u00f1os de experiencia en el mundo del motorsport. Hemos vivido el primer mundial de un espa\u00f1ol en la categor\u00eda reina de motociclismo con \u00c1lex Crivill\u00e9, estuvimos en las victorias de Pedrosa y los t\u00edtulos de M\u00e1rquez, acompa\u00f1amos en \u00c1frica a Nani Roma y Marc Coma en sus conquistas del Dakar y hemos vibrado con los t\u00edtulos de Toni Bou en Trial. Adem\u00e1s, en nuestro equipo contamos con expertos en el mundo de las dos y cuatro ruedas tanto de la calle y las carreteras, como de los circuitos. Periodistas que han trabajado en revistas y publicaciones para hacerte llegar desde rutas y consejos de mantenimiento, a curiosidades y trucos de pilotaje.","sameAs":["https:\/\/www.facebook.com\/BoxRepsol\/","https:\/\/www.instagram.com\/box_repsol\/","https:\/\/x.com\/https:\/\/twitter.com\/box_repsol","https:\/\/www.youtube.com\/@Boxrepsol"],"url":"https:\/\/www.boxrepsol.com\/es\/author\/redaccion-box-repsol\/"}]}},"_links":{"self":[{"href":"https:\/\/www.boxrepsol.com\/es\/wp-json\/wp\/v2\/posts\/93142","targetHints":{"allow":["GET"]}}],"collection":[{"href":"https:\/\/www.boxrepsol.com\/es\/wp-json\/wp\/v2\/posts"}],"about":[{"href":"https:\/\/www.boxrepsol.com\/es\/wp-json\/wp\/v2\/types\/post"}],"author":[{"embeddable":true,"href":"https:\/\/www.boxrepsol.com\/es\/wp-json\/wp\/v2\/users\/43146"}],"replies":[{"embeddable":true,"href":"https:\/\/www.boxrepsol.com\/es\/wp-json\/wp\/v2\/comments?post=93142"}],"version-history":[{"count":1,"href":"https:\/\/www.boxrepsol.com\/es\/wp-json\/wp\/v2\/posts\/93142\/revisions"}],"predecessor-version":[{"id":93143,"href":"https:\/\/www.boxrepsol.com\/es\/wp-json\/wp\/v2\/posts\/93142\/revisions\/93143"}],"wp:featuredmedia":[{"embeddable":true,"href":"https:\/\/www.boxrepsol.com\/es\/wp-json\/wp\/v2\/media\/58284"}],"wp:attachment":[{"href":"https:\/\/www.boxrepsol.com\/es\/wp-json\/wp\/v2\/media?parent=93142"}],"wp:term":[{"taxonomy":"category","embeddable":true,"href":"https:\/\/www.boxrepsol.com\/es\/wp-json\/wp\/v2\/categories?post=93142"},{"taxonomy":"post_tag","embeddable":true,"href":"https:\/\/www.boxrepsol.com\/es\/wp-json\/wp\/v2\/tags?post=93142"}],"curies":[{"name":"wp","href":"https:\/\/api.w.org\/{rel}","templated":true}]}}