{"id":93116,"date":"2021-05-07T00:00:00","date_gmt":"2021-05-07T02:00:00","guid":{"rendered":"http:\/\/pre.boxrepsol.com\/sin-categorizar\/exito-marc-marquez-fim-cev\/"},"modified":"2024-04-12T16:14:55","modified_gmt":"2024-04-12T18:14:55","slug":"exito-marc-marquez-fim-cev","status":"publish","type":"post","link":"https:\/\/www.boxrepsol.com\/es\/sin-categorizar\/exito-marc-marquez-fim-cev\/","title":{"rendered":"El \u00e9xito de Marc M\u00e1rquez en el FIM CEV Repsol"},"content":{"rendered":"<blockquote><p>\n\t<a href=\"http:\/\/twitter.com\/share?text=Marc+debut%C3%B3+con+13+a%C3%B1os+y+un+5%C2%BA+puesto+en+Albacete+en+el+CEV+en+2006&#038;url=https%3A%2F%2Fwww.boxrepsol.com%2Fes%2Fcev%2Fexito-marc-marquez-fim-cev%2F\" target=\"_blank\" rel=\"noopener\"><\/p>\n<p>Marc debut\u00f3 con 13 a\u00f1os y un 5\u00ba puesto en Albacete en el CEV en 2006<\/p>\n<p>\t<\/a>\n<\/p><\/blockquote>\n<p>El <strong>FIM CEV Repsol<\/strong> es la mejor prueba para preparar a las j\u00f3venes promesas para hacer frente al exigente Mundial de Motociclismo. <strong>Marc M\u00e1rquez<\/strong> estuvo presente en esta competici\u00f3n en la que tuvo la oportunidad de enfrentarse por primera vez a pilotos con los que hoy d\u00eda sigue compartiendo parrilla. El nivel con respecto al campeonato de Catalu\u00f1a hab\u00eda crecido, \u00bfestar\u00eda el 93 a la altura de las circunstancias?<\/p>\n<p><a href=\"https:\/\/bxrepsol.s3.eu-west-1.amazonaws.com\/static\/2022\/08\/05055643\/00_marc_marquez_fim_cev_monlau.jpg\" \n   title=\"Marc M\u00e1rquez en el CEV\" \n   data-gallery-thumbnail=\"https:\/\/bxrepsol.s3.eu-west-1.amazonaws.com\/static\/2022\/08\/05055643\/00_marc_marquez_fim_cev_monlau.jpg\"\n   data-gallery-title=\"\"\n   data-gallery><\/p>\n<figure>\n        <picture style=\"padding-bottom: 66.666666666667%; background-image: url(https:\/\/bxrepsol.s3.eu-west-1.amazonaws.com\/static\/2022\/08\/05055643\/00_marc_marquez_fim_cev_monlau.jpg);\">\n            <img decoding=\"async\" src=\"https:\/\/bxrepsol.s3.eu-west-1.amazonaws.com\/static\/2022\/08\/05055643\/00_marc_marquez_fim_cev_monlau.jpg\"><br \/>\n            <img itemprop=\"image\"\n                data-srcset=\"https:\/\/bxrepsol.s3.eu-west-1.amazonaws.com\/static\/2022\/08\/05055643\/00_marc_marquez_fim_cev_monlau.jpg 480w, https:\/\/bxrepsol.s3.eu-west-1.amazonaws.com\/static\/2022\/08\/05055643\/00_marc_marquez_fim_cev_monlau.jpg 600w, https:\/\/bxrepsol.s3.eu-west-1.amazonaws.com\/static\/2022\/08\/05055643\/00_marc_marquez_fim_cev_monlau.jpg 900w\"\n                data-src=\"https:\/\/bxrepsol.s3.eu-west-1.amazonaws.com\/static\/2022\/08\/05055643\/00_marc_marquez_fim_cev_monlau.jpg\"\n                alt=\"Marc M\u00e1rquez en el CEV\"\n                title=\"Marc M\u00e1rquez en el CEV con 13 a\u00f1os\"\/><br \/>\n            <noscript><img decoding=\"async\" src=\"https:\/\/bxrepsol.s3.eu-west-1.amazonaws.com\/static\/2022\/08\/05055643\/00_marc_marquez_fim_cev_monlau.jpg\" alt=\"Marc M\u00e1rquez en el CEV\"><\/noscript>\n        <\/picture><figcaption>Marc M\u00e1rquez en el CEV<\/figcaption><\/figure>\n<p><\/a><\/p>\n<h3><strong>2006: El Debut de Marc en el CEV<\/strong><\/h3>\n<p>El de Cervera <strong>ten\u00eda apenas 13 a\u00f1os<\/strong> cuando comenz\u00f3 su primera temporada en el campeonato, sin embargo, dif\u00edcilmente se le pod\u00eda calificar como un piloto novel. Marc ven\u00eda de ganar varios <strong>Campeonatos de Catalu\u00f1a de velocidad<\/strong> en diferentes categor\u00edas, pero el CEV supon\u00eda un salto en exigencia.<\/p>\n<p>La primera carrera de aquella temporada ten\u00eda lugar en el <strong>Circuito de Albacete<\/strong>, y entre los favoritos hab\u00eda nombres c\u00f3mo <strong>Pol Espargar\u00f3, Jonas Folger y Tito Rabat<\/strong>. El <strong>93<\/strong> <strong>consigui\u00f3 acabar en el quinto<\/strong> <strong>puesto<\/strong> a pesar de la dura competencia, llegaba pisando fuerte.<\/p>\n<p>Sin embargo el <strong>mejor resultado lo logr\u00f3 en el Circuito de Jerez<\/strong>, una cita que se repet\u00eda en dos ocasiones aquel a\u00f1o. Nuestro joven campe\u00f3n acab\u00f3 la carrera en <strong>cuarta posici\u00f3n<\/strong> en ambas ocasiones, una gesta nada desde\u00f1able para la <a href=\"https:\/\/www.boxrepsol.com\/es\/equipo-repsol\/marc-marquez\/\">trayectoria de Marc M\u00e1rquez<\/a>, que por aquel entonces ten\u00eda 13 a\u00f1os y se estrenaba en un entorno competitivo del que salen los futuros pilotos de MotoGP. Con un <strong>octavo puesto en la clasificaci\u00f3n final en la que hab\u00eda 82 pilotos<\/strong>, no cab\u00eda duda de que hab\u00eda una nueva promesa en el mundo del motociclismo.<\/p>\n<p><a href=\"https:\/\/bxrepsol.s3.eu-west-1.amazonaws.com\/static\/2022\/08\/05055645\/00_motos_125_marc_marquez_CEV.jpg\" \n   title=\"Marc M\u00e1rquez en el CEV delante de otros j\u00f3venes pilotos\" \n   data-gallery-thumbnail=\"https:\/\/bxrepsol.s3.eu-west-1.amazonaws.com\/static\/2022\/08\/05055644\/pixel.png\"\n   data-gallery-title=\"\"\n   data-gallery><\/p>\n<figure>\n        <picture style=\"padding-bottom: 66.752577319588%; background-image: url(https:\/\/bxrepsol.s3.eu-west-1.amazonaws.com\/static\/2022\/08\/05055644\/pixel.png);\">\n            <img decoding=\"async\" src=\"https:\/\/bxrepsol.s3.eu-west-1.amazonaws.com\/static\/2022\/08\/05055644\/pixel.png\"><br \/>\n            <img itemprop=\"image\"\n                data-srcset=\"\"\n                data-src=\"https:\/\/bxrepsol.s3.eu-west-1.amazonaws.com\/static\/2022\/08\/05055645\/00_motos_125_marc_marquez_CEV.jpg\"\n                alt=\"Marc M\u00e1rquez en el CEV delante de otros j\u00f3venes pilotos\"\n                title=\"Marc M\u00e1rquez en sus primeras carreras en el CEV\"\/><br \/>\n            <noscript><img decoding=\"async\" src=\"https:\/\/bxrepsol.s3.eu-west-1.amazonaws.com\/static\/2022\/08\/05055645\/00_motos_125_marc_marquez_CEV.jpg\" alt=\"Marc M\u00e1rquez en el CEV delante de otros j\u00f3venes pilotos\"><\/noscript>\n        <\/picture><figcaption>Marc M\u00e1rquez en el CEV delante de otros j\u00f3venes pilotos<\/figcaption><\/figure>\n<p><\/a><\/p>\n<h3><strong>2007: Primera victoria<\/strong><\/h3>\n<p>La segunda y \u00faltima temporada de Marc M\u00e1rquez en el FIM CEV se sald\u00f3 con la <strong>primera victoria<\/strong> del de Cervera en un campeonato con representaci\u00f3n internacional. Jerez fue el escenario en el que de nuevo, nuestro piloto lograba su mejor puntuaci\u00f3n de la temporada con una fulgurante victoria en un circuito mundialista. Este m\u00e9rito catapult\u00f3 la carrera de Marc M\u00e1rquez al propio Mundial en el a\u00f1o siguiente, donde empezar\u00eda su camino para convertirse en <strong>campe\u00f3n \u00a0de 125cc.<\/strong>, hito que logr\u00f3 dos a\u00f1os m\u00e1s tarde, en <strong>2010 con tan solo 17 a\u00f1os de edad<\/strong>.<\/p>\n<p><a href=\"https:\/\/bxrepsol.s3.eu-west-1.amazonaws.com\/static\/2022\/08\/05055645\/00_Marc_marquez_125cc_fim_cev.jpg\" \n   title=\"Marc M\u00e1rquez trazando una curva en el CEV\" \n   data-gallery-thumbnail=\"https:\/\/bxrepsol.s3.eu-west-1.amazonaws.com\/static\/2022\/08\/05055644\/pixel.png\"\n   data-gallery-title=\"\"\n   data-gallery><\/p>\n<figure>\n        <picture style=\"padding-bottom: 66.752577319588%; background-image: url(https:\/\/bxrepsol.s3.eu-west-1.amazonaws.com\/static\/2022\/08\/05055644\/pixel.png);\">\n            <img decoding=\"async\" src=\"https:\/\/bxrepsol.s3.eu-west-1.amazonaws.com\/static\/2022\/08\/05055644\/pixel.png\"><br \/>\n            <img itemprop=\"image\"\n                data-srcset=\"\"\n                data-src=\"https:\/\/bxrepsol.s3.eu-west-1.amazonaws.com\/static\/2022\/08\/05055645\/00_Marc_marquez_125cc_fim_cev.jpg\"\n                alt=\"Marc M\u00e1rquez trazando una curva en el CEV\"\n                title=\"Marc M\u00e1rquez debutaba en el CEV con 13 a\u00f1os\"\/><br \/>\n            <noscript><img decoding=\"async\" src=\"https:\/\/bxrepsol.s3.eu-west-1.amazonaws.com\/static\/2022\/08\/05055645\/00_Marc_marquez_125cc_fim_cev.jpg\" alt=\"Marc M\u00e1rquez trazando una curva en el CEV\"><\/noscript>\n        <\/picture><figcaption>Marc M\u00e1rquez trazando una curva en el CEV<\/figcaption><\/figure>\n<p><\/a><\/p>\n<p>En definitiva el <strong>FIM CEV Repsol<\/strong> es el escenario ideal para que los futuros pilotos del Mundial afinen sus habilidades. Un entorno profesional en el que pueden contar con estructuras oficiales y correr en trazados c\u00f3mo Jerez, Ricardo Tormo o Le Mans. Un t<strong>rampol\u00edn perfecto en el que Marc cont\u00f3 en todo momento con el apoyo de Repsol<\/strong>.<\/p>\n<p>\t<iframe loading=\"lazy\" width=\"560\" height=\"315\" src=\"https:\/\/www.youtube.com\/embed\/oSWdkCpsW1c?rel=0\" frameborder=\"0\" allow=\"autoplay; encrypted-media\" allowfullscreen><\/iframe><\/p>\n","protected":false},"excerpt":{"rendered":"<p>En 2006 y 2007 un Jovenc\u00edsimo Marc compet\u00eda en el FIM CEV tras haber conseguido dos t\u00edtulos de campe\u00f3n de Catalu\u00f1a. Echamos la vista atr\u00e1s para descubrir c\u00f3mo le fue al de Cervera en la antesala del Mundial.<\/p>\n","protected":false},"author":43146,"featured_media":58146,"comment_status":"open","ping_status":"open","sticky":false,"template":"","format":"standard","meta":{"footnotes":""},"categories":[1],"tags":[6],"class_list":["post-93116","post","type-post","status-publish","format-standard","hentry","category-sin-categorizar","tag-marc-marquez"],"yoast_head":"<!-- This site is optimized with the Yoast SEO plugin v27.3 - https:\/\/yoast.com\/product\/yoast-seo-wordpress\/ -->\n<title>El \u00e9xito de Marc M\u00e1rquez en el FIM CEV Repsol - Box Repsol<\/title>\n<meta name=\"description\" content=\"En 2006 y 2007 un Jovenc\u00edsimo Marc compet\u00eda en el FIM CEV tras haber conseguido dos t\u00edtulos de campe\u00f3n de Catalu\u00f1a. C\u00f3mo le fue al de Cervera el CEV.\" \/>\n<link rel=\"canonical\" href=\"https:\/\/www.boxrepsol.com\/es\/sin-categorizar\/exito-marc-marquez-fim-cev\/\" \/>\n<meta property=\"og:locale\" content=\"es_ES\" \/>\n<meta property=\"og:type\" content=\"article\" \/>\n<meta property=\"og:title\" content=\"El \u00e9xito de Marc M\u00e1rquez en el FIM CEV Repsol - Box Repsol\" \/>\n<meta property=\"og:description\" content=\"En 2006 y 2007 un Jovenc\u00edsimo Marc compet\u00eda en el FIM CEV tras haber conseguido dos t\u00edtulos de campe\u00f3n de Catalu\u00f1a. C\u00f3mo le fue al de Cervera el CEV.\" \/>\n<meta property=\"og:url\" content=\"https:\/\/www.boxrepsol.com\/es\/sin-categorizar\/exito-marc-marquez-fim-cev\/\" \/>\n<meta property=\"og:site_name\" content=\"Box Repsol\" \/>\n<meta property=\"article:publisher\" content=\"https:\/\/www.facebook.com\/BoxRepsol\" \/>\n<meta property=\"article:author\" content=\"https:\/\/www.facebook.com\/BoxRepsol\/\" \/>\n<meta property=\"article:published_time\" content=\"2021-05-07T02:00:00+00:00\" \/>\n<meta property=\"article:modified_time\" content=\"2024-04-12T18:14:55+00:00\" \/>\n<meta property=\"og:image\" content=\"https:\/\/bxrepsol.s3.eu-west-1.amazonaws.com\/static\/2022\/08\/29081433\/00_marc_marquez_fim_cev_repsol_podio_repsol.jpg\" \/>\n\t<meta property=\"og:image:width\" content=\"995\" \/>\n\t<meta property=\"og:image:height\" content=\"560\" \/>\n\t<meta property=\"og:image:type\" content=\"image\/jpeg\" \/>\n<meta name=\"author\" content=\"Redacci\u00f3n Box Repsol\" \/>\n<meta name=\"twitter:card\" content=\"summary_large_image\" \/>\n<meta name=\"twitter:creator\" content=\"@https:\/\/twitter.com\/box_repsol\" \/>\n<meta name=\"twitter:site\" content=\"@box_repsol\" \/>\n<meta name=\"twitter:label1\" content=\"Written by\" \/>\n\t<meta name=\"twitter:data1\" content=\"Redacci\u00f3n Box Repsol\" \/>\n\t<meta name=\"twitter:label2\" content=\"Est. reading time\" \/>\n\t<meta name=\"twitter:data2\" content=\"2 minutos\" \/>\n<script type=\"application\/ld+json\" class=\"yoast-schema-graph\">{\"@context\":\"https:\\\/\\\/schema.org\",\"@graph\":[{\"@type\":\"Article\",\"@id\":\"https:\\\/\\\/www.boxrepsol.com\\\/es\\\/sin-categorizar\\\/exito-marc-marquez-fim-cev\\\/#article\",\"isPartOf\":{\"@id\":\"https:\\\/\\\/www.boxrepsol.com\\\/es\\\/sin-categorizar\\\/exito-marc-marquez-fim-cev\\\/\"},\"author\":{\"name\":\"Redacci\u00f3n Box Repsol\",\"@id\":\"https:\\\/\\\/www.boxrepsol.com\\\/es\\\/#\\\/schema\\\/person\\\/c5c2138f2cca251b0ad92b7086bb60b7\"},\"headline\":\"El \u00e9xito de Marc M\u00e1rquez en el FIM CEV Repsol\",\"datePublished\":\"2021-05-07T02:00:00+00:00\",\"dateModified\":\"2024-04-12T18:14:55+00:00\",\"mainEntityOfPage\":{\"@id\":\"https:\\\/\\\/www.boxrepsol.com\\\/es\\\/sin-categorizar\\\/exito-marc-marquez-fim-cev\\\/\"},\"wordCount\":503,\"commentCount\":0,\"publisher\":{\"@id\":\"https:\\\/\\\/www.boxrepsol.com\\\/es\\\/#organization\"},\"image\":{\"@id\":\"https:\\\/\\\/www.boxrepsol.com\\\/es\\\/sin-categorizar\\\/exito-marc-marquez-fim-cev\\\/#primaryimage\"},\"thumbnailUrl\":\"https:\\\/\\\/bxrepsol.s3.eu-west-1.amazonaws.com\\\/static\\\/2022\\\/08\\\/29081433\\\/00_marc_marquez_fim_cev_repsol_podio_repsol.jpg\",\"keywords\":[\"Marc M\u00e1rquez\"],\"articleSection\":[\"Sin categorizar\"],\"inLanguage\":\"es\",\"potentialAction\":[{\"@type\":\"CommentAction\",\"name\":\"Comment\",\"target\":[\"https:\\\/\\\/www.boxrepsol.com\\\/es\\\/sin-categorizar\\\/exito-marc-marquez-fim-cev\\\/#respond\"]}]},{\"@type\":\"WebPage\",\"@id\":\"https:\\\/\\\/www.boxrepsol.com\\\/es\\\/sin-categorizar\\\/exito-marc-marquez-fim-cev\\\/\",\"url\":\"https:\\\/\\\/www.boxrepsol.com\\\/es\\\/sin-categorizar\\\/exito-marc-marquez-fim-cev\\\/\",\"name\":\"El \u00e9xito de Marc M\u00e1rquez en el FIM CEV Repsol - Box Repsol\",\"isPartOf\":{\"@id\":\"https:\\\/\\\/www.boxrepsol.com\\\/es\\\/#website\"},\"primaryImageOfPage\":{\"@id\":\"https:\\\/\\\/www.boxrepsol.com\\\/es\\\/sin-categorizar\\\/exito-marc-marquez-fim-cev\\\/#primaryimage\"},\"image\":{\"@id\":\"https:\\\/\\\/www.boxrepsol.com\\\/es\\\/sin-categorizar\\\/exito-marc-marquez-fim-cev\\\/#primaryimage\"},\"thumbnailUrl\":\"https:\\\/\\\/bxrepsol.s3.eu-west-1.amazonaws.com\\\/static\\\/2022\\\/08\\\/29081433\\\/00_marc_marquez_fim_cev_repsol_podio_repsol.jpg\",\"datePublished\":\"2021-05-07T02:00:00+00:00\",\"dateModified\":\"2024-04-12T18:14:55+00:00\",\"description\":\"En 2006 y 2007 un Jovenc\u00edsimo Marc compet\u00eda en el FIM CEV tras haber conseguido dos t\u00edtulos de campe\u00f3n de Catalu\u00f1a. C\u00f3mo le fue al de Cervera el CEV.\",\"breadcrumb\":{\"@id\":\"https:\\\/\\\/www.boxrepsol.com\\\/es\\\/sin-categorizar\\\/exito-marc-marquez-fim-cev\\\/#breadcrumb\"},\"inLanguage\":\"es\",\"potentialAction\":[{\"@type\":\"ReadAction\",\"target\":[\"https:\\\/\\\/www.boxrepsol.com\\\/es\\\/sin-categorizar\\\/exito-marc-marquez-fim-cev\\\/\"]}]},{\"@type\":\"ImageObject\",\"inLanguage\":\"es\",\"@id\":\"https:\\\/\\\/www.boxrepsol.com\\\/es\\\/sin-categorizar\\\/exito-marc-marquez-fim-cev\\\/#primaryimage\",\"url\":\"https:\\\/\\\/bxrepsol.s3.eu-west-1.amazonaws.com\\\/static\\\/2022\\\/08\\\/29081433\\\/00_marc_marquez_fim_cev_repsol_podio_repsol.jpg\",\"contentUrl\":\"https:\\\/\\\/bxrepsol.s3.eu-west-1.amazonaws.com\\\/static\\\/2022\\\/08\\\/29081433\\\/00_marc_marquez_fim_cev_repsol_podio_repsol.jpg\",\"width\":995,\"height\":560,\"caption\":\"Marc M\u00e1rquez subido al podio en una de las pruebas del FIM CEV Repsol\"},{\"@type\":\"BreadcrumbList\",\"@id\":\"https:\\\/\\\/www.boxrepsol.com\\\/es\\\/sin-categorizar\\\/exito-marc-marquez-fim-cev\\\/#breadcrumb\",\"itemListElement\":[{\"@type\":\"ListItem\",\"position\":1,\"name\":\"Home\",\"item\":\"https:\\\/\\\/www.boxrepsol.com\\\/es\\\/\"},{\"@type\":\"ListItem\",\"position\":2,\"name\":\"El \u00e9xito de Marc M\u00e1rquez en el FIM CEV Repsol\"}]},{\"@type\":\"WebSite\",\"@id\":\"https:\\\/\\\/www.boxrepsol.com\\\/es\\\/#website\",\"url\":\"https:\\\/\\\/www.boxrepsol.com\\\/es\\\/\",\"name\":\"Box Repsol\",\"description\":\"Box Repsol Site\",\"publisher\":{\"@id\":\"https:\\\/\\\/www.boxrepsol.com\\\/es\\\/#organization\"},\"potentialAction\":[{\"@type\":\"SearchAction\",\"target\":{\"@type\":\"EntryPoint\",\"urlTemplate\":\"https:\\\/\\\/www.boxrepsol.com\\\/es\\\/?s={search_term_string}\"},\"query-input\":{\"@type\":\"PropertyValueSpecification\",\"valueRequired\":true,\"valueName\":\"search_term_string\"}}],\"inLanguage\":\"es\"},{\"@type\":\"Organization\",\"@id\":\"https:\\\/\\\/www.boxrepsol.com\\\/es\\\/#organization\",\"name\":\"Box Repsol\",\"url\":\"https:\\\/\\\/www.boxrepsol.com\\\/es\\\/\",\"logo\":{\"@type\":\"ImageObject\",\"inLanguage\":\"es\",\"@id\":\"https:\\\/\\\/www.boxrepsol.com\\\/es\\\/#\\\/schema\\\/logo\\\/image\\\/\",\"url\":\"https:\\\/\\\/bxrepsol.s3.eu-west-1.amazonaws.com\\\/static\\\/2025\\\/07\\\/30083337\\\/favicon-96x96-1.png\",\"contentUrl\":\"https:\\\/\\\/bxrepsol.s3.eu-west-1.amazonaws.com\\\/static\\\/2025\\\/07\\\/30083337\\\/favicon-96x96-1.png\",\"width\":96,\"height\":96,\"caption\":\"Box Repsol\"},\"image\":{\"@id\":\"https:\\\/\\\/www.boxrepsol.com\\\/es\\\/#\\\/schema\\\/logo\\\/image\\\/\"},\"sameAs\":[\"https:\\\/\\\/www.facebook.com\\\/BoxRepsol\",\"https:\\\/\\\/x.com\\\/box_repsol\",\"http:\\\/\\\/instagram.com\\\/box_repsol\",\"https:\\\/\\\/www.youtube.com\\\/user\\\/RepsolCompeticion\",\"https:\\\/\\\/www.flickr.com\\\/photos\\\/box_repsol\\\/\"]},{\"@type\":\"Person\",\"@id\":\"https:\\\/\\\/www.boxrepsol.com\\\/es\\\/#\\\/schema\\\/person\\\/c5c2138f2cca251b0ad92b7086bb60b7\",\"name\":\"Redacci\u00f3n Box Repsol\",\"image\":{\"@type\":\"ImageObject\",\"inLanguage\":\"es\",\"@id\":\"https:\\\/\\\/secure.gravatar.com\\\/avatar\\\/adf7b77e38b4419baf32c7e9c21dde01f4e40df611f0978e3006fc4ba0aaab7e?s=96&d=mm&r=g\",\"url\":\"https:\\\/\\\/secure.gravatar.com\\\/avatar\\\/adf7b77e38b4419baf32c7e9c21dde01f4e40df611f0978e3006fc4ba0aaab7e?s=96&d=mm&r=g\",\"contentUrl\":\"https:\\\/\\\/secure.gravatar.com\\\/avatar\\\/adf7b77e38b4419baf32c7e9c21dde01f4e40df611f0978e3006fc4ba0aaab7e?s=96&d=mm&r=g\",\"caption\":\"Redacci\u00f3n Box Repsol\"},\"description\":\"Box Repsol lo forma un equipo de periodistas, community managers, dise\u00f1adores y fot\u00f3grafos con m\u00e1s de 20 a\u00f1os de experiencia en el mundo del motorsport. Hemos vivido el primer mundial de un espa\u00f1ol en la categor\u00eda reina de motociclismo con \u00c1lex Crivill\u00e9, estuvimos en las victorias de Pedrosa y los t\u00edtulos de M\u00e1rquez, acompa\u00f1amos en \u00c1frica a Nani Roma y Marc Coma en sus conquistas del Dakar y hemos vibrado con los t\u00edtulos de Toni Bou en Trial. Adem\u00e1s, en nuestro equipo contamos con expertos en el mundo de las dos y cuatro ruedas tanto de la calle y las carreteras, como de los circuitos. Periodistas que han trabajado en revistas y publicaciones para hacerte llegar desde rutas y consejos de mantenimiento, a curiosidades y trucos de pilotaje.\",\"sameAs\":[\"https:\\\/\\\/www.facebook.com\\\/BoxRepsol\\\/\",\"https:\\\/\\\/www.instagram.com\\\/box_repsol\\\/\",\"https:\\\/\\\/x.com\\\/https:\\\/\\\/twitter.com\\\/box_repsol\",\"https:\\\/\\\/www.youtube.com\\\/@Boxrepsol\"],\"url\":\"https:\\\/\\\/www.boxrepsol.com\\\/es\\\/author\\\/redaccion-box-repsol\\\/\"}]}<\/script>\n<!-- \/ Yoast SEO plugin. -->","yoast_head_json":{"title":"El \u00e9xito de Marc M\u00e1rquez en el FIM CEV Repsol - Box Repsol","description":"En 2006 y 2007 un Jovenc\u00edsimo Marc compet\u00eda en el FIM CEV tras haber conseguido dos t\u00edtulos de campe\u00f3n de Catalu\u00f1a. C\u00f3mo le fue al de Cervera el CEV.","canonical":"https:\/\/www.boxrepsol.com\/es\/sin-categorizar\/exito-marc-marquez-fim-cev\/","og_locale":"es_ES","og_type":"article","og_title":"El \u00e9xito de Marc M\u00e1rquez en el FIM CEV Repsol - Box Repsol","og_description":"En 2006 y 2007 un Jovenc\u00edsimo Marc compet\u00eda en el FIM CEV tras haber conseguido dos t\u00edtulos de campe\u00f3n de Catalu\u00f1a. C\u00f3mo le fue al de Cervera el CEV.","og_url":"https:\/\/www.boxrepsol.com\/es\/sin-categorizar\/exito-marc-marquez-fim-cev\/","og_site_name":"Box Repsol","article_publisher":"https:\/\/www.facebook.com\/BoxRepsol","article_author":"https:\/\/www.facebook.com\/BoxRepsol\/","article_published_time":"2021-05-07T02:00:00+00:00","article_modified_time":"2024-04-12T18:14:55+00:00","og_image":[{"width":995,"height":560,"url":"https:\/\/bxrepsol.s3.eu-west-1.amazonaws.com\/static\/2022\/08\/29081433\/00_marc_marquez_fim_cev_repsol_podio_repsol.jpg","type":"image\/jpeg"}],"author":"Redacci\u00f3n Box Repsol","twitter_card":"summary_large_image","twitter_creator":"@https:\/\/twitter.com\/box_repsol","twitter_site":"@box_repsol","twitter_misc":{"Written by":"Redacci\u00f3n Box Repsol","Est. reading time":"2 minutos"},"schema":{"@context":"https:\/\/schema.org","@graph":[{"@type":"Article","@id":"https:\/\/www.boxrepsol.com\/es\/sin-categorizar\/exito-marc-marquez-fim-cev\/#article","isPartOf":{"@id":"https:\/\/www.boxrepsol.com\/es\/sin-categorizar\/exito-marc-marquez-fim-cev\/"},"author":{"name":"Redacci\u00f3n Box Repsol","@id":"https:\/\/www.boxrepsol.com\/es\/#\/schema\/person\/c5c2138f2cca251b0ad92b7086bb60b7"},"headline":"El \u00e9xito de Marc M\u00e1rquez en el FIM CEV Repsol","datePublished":"2021-05-07T02:00:00+00:00","dateModified":"2024-04-12T18:14:55+00:00","mainEntityOfPage":{"@id":"https:\/\/www.boxrepsol.com\/es\/sin-categorizar\/exito-marc-marquez-fim-cev\/"},"wordCount":503,"commentCount":0,"publisher":{"@id":"https:\/\/www.boxrepsol.com\/es\/#organization"},"image":{"@id":"https:\/\/www.boxrepsol.com\/es\/sin-categorizar\/exito-marc-marquez-fim-cev\/#primaryimage"},"thumbnailUrl":"https:\/\/bxrepsol.s3.eu-west-1.amazonaws.com\/static\/2022\/08\/29081433\/00_marc_marquez_fim_cev_repsol_podio_repsol.jpg","keywords":["Marc M\u00e1rquez"],"articleSection":["Sin categorizar"],"inLanguage":"es","potentialAction":[{"@type":"CommentAction","name":"Comment","target":["https:\/\/www.boxrepsol.com\/es\/sin-categorizar\/exito-marc-marquez-fim-cev\/#respond"]}]},{"@type":"WebPage","@id":"https:\/\/www.boxrepsol.com\/es\/sin-categorizar\/exito-marc-marquez-fim-cev\/","url":"https:\/\/www.boxrepsol.com\/es\/sin-categorizar\/exito-marc-marquez-fim-cev\/","name":"El \u00e9xito de Marc M\u00e1rquez en el FIM CEV Repsol - Box Repsol","isPartOf":{"@id":"https:\/\/www.boxrepsol.com\/es\/#website"},"primaryImageOfPage":{"@id":"https:\/\/www.boxrepsol.com\/es\/sin-categorizar\/exito-marc-marquez-fim-cev\/#primaryimage"},"image":{"@id":"https:\/\/www.boxrepsol.com\/es\/sin-categorizar\/exito-marc-marquez-fim-cev\/#primaryimage"},"thumbnailUrl":"https:\/\/bxrepsol.s3.eu-west-1.amazonaws.com\/static\/2022\/08\/29081433\/00_marc_marquez_fim_cev_repsol_podio_repsol.jpg","datePublished":"2021-05-07T02:00:00+00:00","dateModified":"2024-04-12T18:14:55+00:00","description":"En 2006 y 2007 un Jovenc\u00edsimo Marc compet\u00eda en el FIM CEV tras haber conseguido dos t\u00edtulos de campe\u00f3n de Catalu\u00f1a. C\u00f3mo le fue al de Cervera el CEV.","breadcrumb":{"@id":"https:\/\/www.boxrepsol.com\/es\/sin-categorizar\/exito-marc-marquez-fim-cev\/#breadcrumb"},"inLanguage":"es","potentialAction":[{"@type":"ReadAction","target":["https:\/\/www.boxrepsol.com\/es\/sin-categorizar\/exito-marc-marquez-fim-cev\/"]}]},{"@type":"ImageObject","inLanguage":"es","@id":"https:\/\/www.boxrepsol.com\/es\/sin-categorizar\/exito-marc-marquez-fim-cev\/#primaryimage","url":"https:\/\/bxrepsol.s3.eu-west-1.amazonaws.com\/static\/2022\/08\/29081433\/00_marc_marquez_fim_cev_repsol_podio_repsol.jpg","contentUrl":"https:\/\/bxrepsol.s3.eu-west-1.amazonaws.com\/static\/2022\/08\/29081433\/00_marc_marquez_fim_cev_repsol_podio_repsol.jpg","width":995,"height":560,"caption":"Marc M\u00e1rquez subido al podio en una de las pruebas del FIM CEV Repsol"},{"@type":"BreadcrumbList","@id":"https:\/\/www.boxrepsol.com\/es\/sin-categorizar\/exito-marc-marquez-fim-cev\/#breadcrumb","itemListElement":[{"@type":"ListItem","position":1,"name":"Home","item":"https:\/\/www.boxrepsol.com\/es\/"},{"@type":"ListItem","position":2,"name":"El \u00e9xito de Marc M\u00e1rquez en el FIM CEV Repsol"}]},{"@type":"WebSite","@id":"https:\/\/www.boxrepsol.com\/es\/#website","url":"https:\/\/www.boxrepsol.com\/es\/","name":"Box Repsol","description":"Box Repsol Site","publisher":{"@id":"https:\/\/www.boxrepsol.com\/es\/#organization"},"potentialAction":[{"@type":"SearchAction","target":{"@type":"EntryPoint","urlTemplate":"https:\/\/www.boxrepsol.com\/es\/?s={search_term_string}"},"query-input":{"@type":"PropertyValueSpecification","valueRequired":true,"valueName":"search_term_string"}}],"inLanguage":"es"},{"@type":"Organization","@id":"https:\/\/www.boxrepsol.com\/es\/#organization","name":"Box Repsol","url":"https:\/\/www.boxrepsol.com\/es\/","logo":{"@type":"ImageObject","inLanguage":"es","@id":"https:\/\/www.boxrepsol.com\/es\/#\/schema\/logo\/image\/","url":"https:\/\/bxrepsol.s3.eu-west-1.amazonaws.com\/static\/2025\/07\/30083337\/favicon-96x96-1.png","contentUrl":"https:\/\/bxrepsol.s3.eu-west-1.amazonaws.com\/static\/2025\/07\/30083337\/favicon-96x96-1.png","width":96,"height":96,"caption":"Box Repsol"},"image":{"@id":"https:\/\/www.boxrepsol.com\/es\/#\/schema\/logo\/image\/"},"sameAs":["https:\/\/www.facebook.com\/BoxRepsol","https:\/\/x.com\/box_repsol","http:\/\/instagram.com\/box_repsol","https:\/\/www.youtube.com\/user\/RepsolCompeticion","https:\/\/www.flickr.com\/photos\/box_repsol\/"]},{"@type":"Person","@id":"https:\/\/www.boxrepsol.com\/es\/#\/schema\/person\/c5c2138f2cca251b0ad92b7086bb60b7","name":"Redacci\u00f3n Box Repsol","image":{"@type":"ImageObject","inLanguage":"es","@id":"https:\/\/secure.gravatar.com\/avatar\/adf7b77e38b4419baf32c7e9c21dde01f4e40df611f0978e3006fc4ba0aaab7e?s=96&d=mm&r=g","url":"https:\/\/secure.gravatar.com\/avatar\/adf7b77e38b4419baf32c7e9c21dde01f4e40df611f0978e3006fc4ba0aaab7e?s=96&d=mm&r=g","contentUrl":"https:\/\/secure.gravatar.com\/avatar\/adf7b77e38b4419baf32c7e9c21dde01f4e40df611f0978e3006fc4ba0aaab7e?s=96&d=mm&r=g","caption":"Redacci\u00f3n Box Repsol"},"description":"Box Repsol lo forma un equipo de periodistas, community managers, dise\u00f1adores y fot\u00f3grafos con m\u00e1s de 20 a\u00f1os de experiencia en el mundo del motorsport. Hemos vivido el primer mundial de un espa\u00f1ol en la categor\u00eda reina de motociclismo con \u00c1lex Crivill\u00e9, estuvimos en las victorias de Pedrosa y los t\u00edtulos de M\u00e1rquez, acompa\u00f1amos en \u00c1frica a Nani Roma y Marc Coma en sus conquistas del Dakar y hemos vibrado con los t\u00edtulos de Toni Bou en Trial. Adem\u00e1s, en nuestro equipo contamos con expertos en el mundo de las dos y cuatro ruedas tanto de la calle y las carreteras, como de los circuitos. Periodistas que han trabajado en revistas y publicaciones para hacerte llegar desde rutas y consejos de mantenimiento, a curiosidades y trucos de pilotaje.","sameAs":["https:\/\/www.facebook.com\/BoxRepsol\/","https:\/\/www.instagram.com\/box_repsol\/","https:\/\/x.com\/https:\/\/twitter.com\/box_repsol","https:\/\/www.youtube.com\/@Boxrepsol"],"url":"https:\/\/www.boxrepsol.com\/es\/author\/redaccion-box-repsol\/"}]}},"_links":{"self":[{"href":"https:\/\/www.boxrepsol.com\/es\/wp-json\/wp\/v2\/posts\/93116","targetHints":{"allow":["GET"]}}],"collection":[{"href":"https:\/\/www.boxrepsol.com\/es\/wp-json\/wp\/v2\/posts"}],"about":[{"href":"https:\/\/www.boxrepsol.com\/es\/wp-json\/wp\/v2\/types\/post"}],"author":[{"embeddable":true,"href":"https:\/\/www.boxrepsol.com\/es\/wp-json\/wp\/v2\/users\/43146"}],"replies":[{"embeddable":true,"href":"https:\/\/www.boxrepsol.com\/es\/wp-json\/wp\/v2\/comments?post=93116"}],"version-history":[{"count":1,"href":"https:\/\/www.boxrepsol.com\/es\/wp-json\/wp\/v2\/posts\/93116\/revisions"}],"predecessor-version":[{"id":93117,"href":"https:\/\/www.boxrepsol.com\/es\/wp-json\/wp\/v2\/posts\/93116\/revisions\/93117"}],"wp:featuredmedia":[{"embeddable":true,"href":"https:\/\/www.boxrepsol.com\/es\/wp-json\/wp\/v2\/media\/58146"}],"wp:attachment":[{"href":"https:\/\/www.boxrepsol.com\/es\/wp-json\/wp\/v2\/media?parent=93116"}],"wp:term":[{"taxonomy":"category","embeddable":true,"href":"https:\/\/www.boxrepsol.com\/es\/wp-json\/wp\/v2\/categories?post=93116"},{"taxonomy":"post_tag","embeddable":true,"href":"https:\/\/www.boxrepsol.com\/es\/wp-json\/wp\/v2\/tags?post=93116"}],"curies":[{"name":"wp","href":"https:\/\/api.w.org\/{rel}","templated":true}]}}