{"id":93110,"date":"2018-06-01T00:00:00","date_gmt":"2018-06-01T02:00:00","guid":{"rendered":"http:\/\/pre.boxrepsol.com\/sin-categorizar\/marc-marquez-tercero-primer-dia-mugello\/"},"modified":"2024-05-22T06:32:42","modified_gmt":"2024-05-22T08:32:42","slug":"marc-marquez-tercero-primer-dia-mugello","status":"publish","type":"post","link":"https:\/\/www.boxrepsol.com\/es\/motogp\/marc-marquez-tercero-primer-dia-mugello\/","title":{"rendered":"Marc M\u00e1rquez es tercero el primer d\u00eda en Mugello"},"content":{"rendered":"<blockquote>\n<p>Ma\u00f1ana intentaremos mantener esta l\u00ednea positiva<\/p>\n<p>            <a href=\"http:\/\/twitter.com\/share?text=Ma%C3%B1ana+intentaremos+mantener+esta+l%C3%ADnea+positiva&#038;url=https%3A%2F%2Fwww.boxrepsol.com%2Fes%2F%3Fp%3D20266%2F&#038;hashtags=\" target=\"_blank\" data-datalayer='{\"event\": \"socialInteraction\", \"socialNetwork\": \"Twitter\", \"socialAction\": \"Compartir\", \"socialTarget\": \"Frase\"}' rel=\"noopener\"><br \/>\n            twittear        <\/a><\/p>\n<footer>Marc M\u00e1rquez<\/footer>\n<\/blockquote>\n<p>El<strong> l\u00edder del Mundial<\/strong> ha completado la primera sesi\u00f3n en Mugello en sexta posici\u00f3n y ha mejorado ocho d\u00e9cimas en la segunda, que ha cerrado en tercera plaza con un tiempo de 1 minuto, 47 segundos y 218 mil\u00e9simas.<\/p>\n<p><strong>M\u00e1rquez<\/strong> ha tenido una ca\u00edda cuando ha perdido la adherencia del neum\u00e1tico delantero entrando en la curva 4. Por delante quedaba la mitad de una sesi\u00f3n interrumpida dos veces con bandera roja por una ca\u00edda de Michelle Pirro y la rotura de un motor de Andrea Dovizioso.<\/p>\n<p><strong>Dani Pedrosa<\/strong> ha mejorado 745 mil\u00e9simas entre el primer y el segundo entrenamiento libre, en el que ha parado el cron\u00f3metro en 1 minuto 47 segundos y 924 mil\u00e9simas.<\/p>\n<h3>\n\t\tMarc M\u00e1rquez<br \/>\n\t<\/h3>\n<blockquote>\n<p>La de Mugello es una pista en la que normalmente sufrimos, pero estamos terceros y nuestro ritmo tampoco es tan malo, as\u00ed que nos centramos en los positivo y ma\u00f1ana veremos si logramos seguir mejorando. Sinceramente, esper\u00e1bamos sufrir un poco con el neum\u00e1tico delantero si las temperaturas sub\u00edan en comparaci\u00f3n al test, tal y como ha sucedido hoy, porque el compuesto duro sigue siendo demasiado blando para nosotros. Sin embargo, creo que todav\u00eda tenemos margen de mejora. Adem\u00e1s, en general hemos trabajado bien y nuestros registros de la primera a la segunda sesi\u00f3n han mejorado, as\u00ed que ma\u00f1ana intentaremos mantener esta l\u00ednea positiva.<\/p>\n<\/blockquote>\n<h3>\n\t\tDani Pedrosa<br \/>\n\t<\/h3>\n<blockquote>\n<p>Ha sido un d\u00eda complicado, porque no he podido encontrar buenas sensaciones con el neum\u00e1tico trasero y he sufrido mucho con el agarre. He probado distintos compuestos y tambi\u00e9n ajustes diferentes en la suspensi\u00f3n, pero no hemos conseguido avanzar. Debemos entender si podemos mejorar en la puesta a punto de la moto o si es algo m\u00e1s relacionado con las condiciones de la pista. En cualquier caso, ma\u00f1ana ser\u00e1 importante mantener la concentraci\u00f3n, trabajar bien e intentar solucionar este aspecto de cara al entrenamiento cronometrado y la carrera.<\/p>\n<\/blockquote>\n","protected":false},"excerpt":{"rendered":"<p>El piloto del equipo Repsol Honda termina unos accidentados primeros entrenamientos del Gran Premio de Italia a 483 mil\u00e9simas del m\u00e1s r\u00e1pido, con Pedrosa en decimocuarta posici\u00f3n.<\/p>\n","protected":false},"author":43146,"featured_media":58127,"comment_status":"open","ping_status":"open","sticky":false,"template":"","format":"standard","meta":{"footnotes":""},"categories":[4],"tags":[127],"class_list":["post-93110","post","type-post","status-publish","format-standard","hentry","category-motogp","tag-motogp-italia"],"yoast_head":"<!-- This site is optimized with the Yoast SEO plugin v27.3 - https:\/\/yoast.com\/product\/yoast-seo-wordpress\/ -->\n<title>Marc M\u00e1rquez es tercero el primer d\u00eda en Mugello - Box Repsol<\/title>\n<meta name=\"description\" content=\"El piloto del equipo Repsol Honda termina unos accidentados primeros entrenamientos del Gran Premio de Italia a 483 mil\u00e9simas del m\u00e1s r\u00e1pido.\" \/>\n<link rel=\"canonical\" href=\"https:\/\/www.boxrepsol.com\/es\/motogp\/marc-marquez-tercero-primer-dia-mugello\/\" \/>\n<meta property=\"og:locale\" content=\"es_ES\" \/>\n<meta property=\"og:type\" content=\"article\" \/>\n<meta property=\"og:title\" content=\"Marc M\u00e1rquez es tercero el primer d\u00eda en Mugello - Box Repsol\" \/>\n<meta property=\"og:description\" content=\"El piloto del equipo Repsol Honda termina unos accidentados primeros entrenamientos del Gran Premio de Italia a 483 mil\u00e9simas del m\u00e1s r\u00e1pido.\" \/>\n<meta property=\"og:url\" content=\"https:\/\/www.boxrepsol.com\/es\/motogp\/marc-marquez-tercero-primer-dia-mugello\/\" \/>\n<meta property=\"og:site_name\" content=\"Box Repsol\" \/>\n<meta property=\"article:publisher\" content=\"https:\/\/www.facebook.com\/BoxRepsol\" \/>\n<meta property=\"article:author\" content=\"https:\/\/www.facebook.com\/BoxRepsol\/\" \/>\n<meta property=\"article:published_time\" content=\"2018-06-01T02:00:00+00:00\" \/>\n<meta property=\"article:modified_time\" content=\"2024-05-22T08:32:42+00:00\" \/>\n<meta property=\"og:image\" content=\"https:\/\/bxrepsol.s3.eu-west-1.amazonaws.com\/static\/2022\/08\/29081423\/Marquez-en-Mugello-2018.jpg\" \/>\n\t<meta property=\"og:image:width\" content=\"995\" \/>\n\t<meta property=\"og:image:height\" content=\"560\" \/>\n\t<meta property=\"og:image:type\" content=\"image\/jpeg\" \/>\n<meta name=\"author\" content=\"Redacci\u00f3n Box Repsol\" \/>\n<meta name=\"twitter:card\" content=\"summary_large_image\" \/>\n<meta name=\"twitter:creator\" content=\"@https:\/\/twitter.com\/box_repsol\" \/>\n<meta name=\"twitter:site\" content=\"@box_repsol\" \/>\n<meta name=\"twitter:label1\" content=\"Written by\" \/>\n\t<meta name=\"twitter:data1\" content=\"Redacci\u00f3n Box Repsol\" \/>\n\t<meta name=\"twitter:label2\" content=\"Est. reading time\" \/>\n\t<meta name=\"twitter:data2\" content=\"2 minutos\" \/>\n<script type=\"application\/ld+json\" class=\"yoast-schema-graph\">{\"@context\":\"https:\\\/\\\/schema.org\",\"@graph\":[{\"@type\":\"Article\",\"@id\":\"https:\\\/\\\/www.boxrepsol.com\\\/es\\\/motogp\\\/marc-marquez-tercero-primer-dia-mugello\\\/#article\",\"isPartOf\":{\"@id\":\"https:\\\/\\\/www.boxrepsol.com\\\/es\\\/motogp\\\/marc-marquez-tercero-primer-dia-mugello\\\/\"},\"author\":{\"name\":\"Redacci\u00f3n Box Repsol\",\"@id\":\"https:\\\/\\\/www.boxrepsol.com\\\/es\\\/#\\\/schema\\\/person\\\/c5c2138f2cca251b0ad92b7086bb60b7\"},\"headline\":\"Marc M\u00e1rquez es tercero el primer d\u00eda en Mugello\",\"datePublished\":\"2018-06-01T02:00:00+00:00\",\"dateModified\":\"2024-05-22T08:32:42+00:00\",\"mainEntityOfPage\":{\"@id\":\"https:\\\/\\\/www.boxrepsol.com\\\/es\\\/motogp\\\/marc-marquez-tercero-primer-dia-mugello\\\/\"},\"wordCount\":356,\"commentCount\":0,\"publisher\":{\"@id\":\"https:\\\/\\\/www.boxrepsol.com\\\/es\\\/#organization\"},\"image\":{\"@id\":\"https:\\\/\\\/www.boxrepsol.com\\\/es\\\/motogp\\\/marc-marquez-tercero-primer-dia-mugello\\\/#primaryimage\"},\"thumbnailUrl\":\"https:\\\/\\\/bxrepsol.s3.eu-west-1.amazonaws.com\\\/static\\\/2022\\\/08\\\/29081423\\\/Marquez-en-Mugello-2018.jpg\",\"keywords\":[\"MotoGP Italia\"],\"articleSection\":[\"MotoGP\"],\"inLanguage\":\"es\",\"potentialAction\":[{\"@type\":\"CommentAction\",\"name\":\"Comment\",\"target\":[\"https:\\\/\\\/www.boxrepsol.com\\\/es\\\/motogp\\\/marc-marquez-tercero-primer-dia-mugello\\\/#respond\"]}]},{\"@type\":\"WebPage\",\"@id\":\"https:\\\/\\\/www.boxrepsol.com\\\/es\\\/motogp\\\/marc-marquez-tercero-primer-dia-mugello\\\/\",\"url\":\"https:\\\/\\\/www.boxrepsol.com\\\/es\\\/motogp\\\/marc-marquez-tercero-primer-dia-mugello\\\/\",\"name\":\"Marc M\u00e1rquez es tercero el primer d\u00eda en Mugello - Box Repsol\",\"isPartOf\":{\"@id\":\"https:\\\/\\\/www.boxrepsol.com\\\/es\\\/#website\"},\"primaryImageOfPage\":{\"@id\":\"https:\\\/\\\/www.boxrepsol.com\\\/es\\\/motogp\\\/marc-marquez-tercero-primer-dia-mugello\\\/#primaryimage\"},\"image\":{\"@id\":\"https:\\\/\\\/www.boxrepsol.com\\\/es\\\/motogp\\\/marc-marquez-tercero-primer-dia-mugello\\\/#primaryimage\"},\"thumbnailUrl\":\"https:\\\/\\\/bxrepsol.s3.eu-west-1.amazonaws.com\\\/static\\\/2022\\\/08\\\/29081423\\\/Marquez-en-Mugello-2018.jpg\",\"datePublished\":\"2018-06-01T02:00:00+00:00\",\"dateModified\":\"2024-05-22T08:32:42+00:00\",\"description\":\"El piloto del equipo Repsol Honda termina unos accidentados primeros entrenamientos del Gran Premio de Italia a 483 mil\u00e9simas del m\u00e1s r\u00e1pido.\",\"breadcrumb\":{\"@id\":\"https:\\\/\\\/www.boxrepsol.com\\\/es\\\/motogp\\\/marc-marquez-tercero-primer-dia-mugello\\\/#breadcrumb\"},\"inLanguage\":\"es\",\"potentialAction\":[{\"@type\":\"ReadAction\",\"target\":[\"https:\\\/\\\/www.boxrepsol.com\\\/es\\\/motogp\\\/marc-marquez-tercero-primer-dia-mugello\\\/\"]}]},{\"@type\":\"ImageObject\",\"inLanguage\":\"es\",\"@id\":\"https:\\\/\\\/www.boxrepsol.com\\\/es\\\/motogp\\\/marc-marquez-tercero-primer-dia-mugello\\\/#primaryimage\",\"url\":\"https:\\\/\\\/bxrepsol.s3.eu-west-1.amazonaws.com\\\/static\\\/2022\\\/08\\\/29081423\\\/Marquez-en-Mugello-2018.jpg\",\"contentUrl\":\"https:\\\/\\\/bxrepsol.s3.eu-west-1.amazonaws.com\\\/static\\\/2022\\\/08\\\/29081423\\\/Marquez-en-Mugello-2018.jpg\",\"width\":995,\"height\":560,\"caption\":\"MotoGP, Moto3, Q2, Motociclismo, Mugello, GP de Italia, 2018, Dani Pedrosa, Marc M\u00e1rquez, Equipo Repsol Honda, HRC\"},{\"@type\":\"BreadcrumbList\",\"@id\":\"https:\\\/\\\/www.boxrepsol.com\\\/es\\\/motogp\\\/marc-marquez-tercero-primer-dia-mugello\\\/#breadcrumb\",\"itemListElement\":[{\"@type\":\"ListItem\",\"position\":1,\"name\":\"Home\",\"item\":\"https:\\\/\\\/www.boxrepsol.com\\\/es\\\/\"},{\"@type\":\"ListItem\",\"position\":2,\"name\":\"Marc M\u00e1rquez es tercero el primer d\u00eda en Mugello\"}]},{\"@type\":\"WebSite\",\"@id\":\"https:\\\/\\\/www.boxrepsol.com\\\/es\\\/#website\",\"url\":\"https:\\\/\\\/www.boxrepsol.com\\\/es\\\/\",\"name\":\"Box Repsol\",\"description\":\"Box Repsol Site\",\"publisher\":{\"@id\":\"https:\\\/\\\/www.boxrepsol.com\\\/es\\\/#organization\"},\"potentialAction\":[{\"@type\":\"SearchAction\",\"target\":{\"@type\":\"EntryPoint\",\"urlTemplate\":\"https:\\\/\\\/www.boxrepsol.com\\\/es\\\/?s={search_term_string}\"},\"query-input\":{\"@type\":\"PropertyValueSpecification\",\"valueRequired\":true,\"valueName\":\"search_term_string\"}}],\"inLanguage\":\"es\"},{\"@type\":\"Organization\",\"@id\":\"https:\\\/\\\/www.boxrepsol.com\\\/es\\\/#organization\",\"name\":\"Box Repsol\",\"url\":\"https:\\\/\\\/www.boxrepsol.com\\\/es\\\/\",\"logo\":{\"@type\":\"ImageObject\",\"inLanguage\":\"es\",\"@id\":\"https:\\\/\\\/www.boxrepsol.com\\\/es\\\/#\\\/schema\\\/logo\\\/image\\\/\",\"url\":\"https:\\\/\\\/bxrepsol.s3.eu-west-1.amazonaws.com\\\/static\\\/2025\\\/07\\\/30083337\\\/favicon-96x96-1.png\",\"contentUrl\":\"https:\\\/\\\/bxrepsol.s3.eu-west-1.amazonaws.com\\\/static\\\/2025\\\/07\\\/30083337\\\/favicon-96x96-1.png\",\"width\":96,\"height\":96,\"caption\":\"Box Repsol\"},\"image\":{\"@id\":\"https:\\\/\\\/www.boxrepsol.com\\\/es\\\/#\\\/schema\\\/logo\\\/image\\\/\"},\"sameAs\":[\"https:\\\/\\\/www.facebook.com\\\/BoxRepsol\",\"https:\\\/\\\/x.com\\\/box_repsol\",\"http:\\\/\\\/instagram.com\\\/box_repsol\",\"https:\\\/\\\/www.youtube.com\\\/user\\\/RepsolCompeticion\",\"https:\\\/\\\/www.flickr.com\\\/photos\\\/box_repsol\\\/\"]},{\"@type\":\"Person\",\"@id\":\"https:\\\/\\\/www.boxrepsol.com\\\/es\\\/#\\\/schema\\\/person\\\/c5c2138f2cca251b0ad92b7086bb60b7\",\"name\":\"Redacci\u00f3n Box Repsol\",\"image\":{\"@type\":\"ImageObject\",\"inLanguage\":\"es\",\"@id\":\"https:\\\/\\\/secure.gravatar.com\\\/avatar\\\/adf7b77e38b4419baf32c7e9c21dde01f4e40df611f0978e3006fc4ba0aaab7e?s=96&d=mm&r=g\",\"url\":\"https:\\\/\\\/secure.gravatar.com\\\/avatar\\\/adf7b77e38b4419baf32c7e9c21dde01f4e40df611f0978e3006fc4ba0aaab7e?s=96&d=mm&r=g\",\"contentUrl\":\"https:\\\/\\\/secure.gravatar.com\\\/avatar\\\/adf7b77e38b4419baf32c7e9c21dde01f4e40df611f0978e3006fc4ba0aaab7e?s=96&d=mm&r=g\",\"caption\":\"Redacci\u00f3n Box Repsol\"},\"description\":\"Box Repsol lo forma un equipo de periodistas, community managers, dise\u00f1adores y fot\u00f3grafos con m\u00e1s de 20 a\u00f1os de experiencia en el mundo del motorsport. Hemos vivido el primer mundial de un espa\u00f1ol en la categor\u00eda reina de motociclismo con \u00c1lex Crivill\u00e9, estuvimos en las victorias de Pedrosa y los t\u00edtulos de M\u00e1rquez, acompa\u00f1amos en \u00c1frica a Nani Roma y Marc Coma en sus conquistas del Dakar y hemos vibrado con los t\u00edtulos de Toni Bou en Trial. Adem\u00e1s, en nuestro equipo contamos con expertos en el mundo de las dos y cuatro ruedas tanto de la calle y las carreteras, como de los circuitos. Periodistas que han trabajado en revistas y publicaciones para hacerte llegar desde rutas y consejos de mantenimiento, a curiosidades y trucos de pilotaje.\",\"sameAs\":[\"https:\\\/\\\/www.facebook.com\\\/BoxRepsol\\\/\",\"https:\\\/\\\/www.instagram.com\\\/box_repsol\\\/\",\"https:\\\/\\\/x.com\\\/https:\\\/\\\/twitter.com\\\/box_repsol\",\"https:\\\/\\\/www.youtube.com\\\/@Boxrepsol\"],\"url\":\"https:\\\/\\\/www.boxrepsol.com\\\/es\\\/author\\\/redaccion-box-repsol\\\/\"}]}<\/script>\n<!-- \/ Yoast SEO plugin. -->","yoast_head_json":{"title":"Marc M\u00e1rquez es tercero el primer d\u00eda en Mugello - Box Repsol","description":"El piloto del equipo Repsol Honda termina unos accidentados primeros entrenamientos del Gran Premio de Italia a 483 mil\u00e9simas del m\u00e1s r\u00e1pido.","canonical":"https:\/\/www.boxrepsol.com\/es\/motogp\/marc-marquez-tercero-primer-dia-mugello\/","og_locale":"es_ES","og_type":"article","og_title":"Marc M\u00e1rquez es tercero el primer d\u00eda en Mugello - Box Repsol","og_description":"El piloto del equipo Repsol Honda termina unos accidentados primeros entrenamientos del Gran Premio de Italia a 483 mil\u00e9simas del m\u00e1s r\u00e1pido.","og_url":"https:\/\/www.boxrepsol.com\/es\/motogp\/marc-marquez-tercero-primer-dia-mugello\/","og_site_name":"Box Repsol","article_publisher":"https:\/\/www.facebook.com\/BoxRepsol","article_author":"https:\/\/www.facebook.com\/BoxRepsol\/","article_published_time":"2018-06-01T02:00:00+00:00","article_modified_time":"2024-05-22T08:32:42+00:00","og_image":[{"width":995,"height":560,"url":"https:\/\/bxrepsol.s3.eu-west-1.amazonaws.com\/static\/2022\/08\/29081423\/Marquez-en-Mugello-2018.jpg","type":"image\/jpeg"}],"author":"Redacci\u00f3n Box Repsol","twitter_card":"summary_large_image","twitter_creator":"@https:\/\/twitter.com\/box_repsol","twitter_site":"@box_repsol","twitter_misc":{"Written by":"Redacci\u00f3n Box Repsol","Est. reading time":"2 minutos"},"schema":{"@context":"https:\/\/schema.org","@graph":[{"@type":"Article","@id":"https:\/\/www.boxrepsol.com\/es\/motogp\/marc-marquez-tercero-primer-dia-mugello\/#article","isPartOf":{"@id":"https:\/\/www.boxrepsol.com\/es\/motogp\/marc-marquez-tercero-primer-dia-mugello\/"},"author":{"name":"Redacci\u00f3n Box Repsol","@id":"https:\/\/www.boxrepsol.com\/es\/#\/schema\/person\/c5c2138f2cca251b0ad92b7086bb60b7"},"headline":"Marc M\u00e1rquez es tercero el primer d\u00eda en Mugello","datePublished":"2018-06-01T02:00:00+00:00","dateModified":"2024-05-22T08:32:42+00:00","mainEntityOfPage":{"@id":"https:\/\/www.boxrepsol.com\/es\/motogp\/marc-marquez-tercero-primer-dia-mugello\/"},"wordCount":356,"commentCount":0,"publisher":{"@id":"https:\/\/www.boxrepsol.com\/es\/#organization"},"image":{"@id":"https:\/\/www.boxrepsol.com\/es\/motogp\/marc-marquez-tercero-primer-dia-mugello\/#primaryimage"},"thumbnailUrl":"https:\/\/bxrepsol.s3.eu-west-1.amazonaws.com\/static\/2022\/08\/29081423\/Marquez-en-Mugello-2018.jpg","keywords":["MotoGP Italia"],"articleSection":["MotoGP"],"inLanguage":"es","potentialAction":[{"@type":"CommentAction","name":"Comment","target":["https:\/\/www.boxrepsol.com\/es\/motogp\/marc-marquez-tercero-primer-dia-mugello\/#respond"]}]},{"@type":"WebPage","@id":"https:\/\/www.boxrepsol.com\/es\/motogp\/marc-marquez-tercero-primer-dia-mugello\/","url":"https:\/\/www.boxrepsol.com\/es\/motogp\/marc-marquez-tercero-primer-dia-mugello\/","name":"Marc M\u00e1rquez es tercero el primer d\u00eda en Mugello - Box Repsol","isPartOf":{"@id":"https:\/\/www.boxrepsol.com\/es\/#website"},"primaryImageOfPage":{"@id":"https:\/\/www.boxrepsol.com\/es\/motogp\/marc-marquez-tercero-primer-dia-mugello\/#primaryimage"},"image":{"@id":"https:\/\/www.boxrepsol.com\/es\/motogp\/marc-marquez-tercero-primer-dia-mugello\/#primaryimage"},"thumbnailUrl":"https:\/\/bxrepsol.s3.eu-west-1.amazonaws.com\/static\/2022\/08\/29081423\/Marquez-en-Mugello-2018.jpg","datePublished":"2018-06-01T02:00:00+00:00","dateModified":"2024-05-22T08:32:42+00:00","description":"El piloto del equipo Repsol Honda termina unos accidentados primeros entrenamientos del Gran Premio de Italia a 483 mil\u00e9simas del m\u00e1s r\u00e1pido.","breadcrumb":{"@id":"https:\/\/www.boxrepsol.com\/es\/motogp\/marc-marquez-tercero-primer-dia-mugello\/#breadcrumb"},"inLanguage":"es","potentialAction":[{"@type":"ReadAction","target":["https:\/\/www.boxrepsol.com\/es\/motogp\/marc-marquez-tercero-primer-dia-mugello\/"]}]},{"@type":"ImageObject","inLanguage":"es","@id":"https:\/\/www.boxrepsol.com\/es\/motogp\/marc-marquez-tercero-primer-dia-mugello\/#primaryimage","url":"https:\/\/bxrepsol.s3.eu-west-1.amazonaws.com\/static\/2022\/08\/29081423\/Marquez-en-Mugello-2018.jpg","contentUrl":"https:\/\/bxrepsol.s3.eu-west-1.amazonaws.com\/static\/2022\/08\/29081423\/Marquez-en-Mugello-2018.jpg","width":995,"height":560,"caption":"MotoGP, Moto3, Q2, Motociclismo, Mugello, GP de Italia, 2018, Dani Pedrosa, Marc M\u00e1rquez, Equipo Repsol Honda, HRC"},{"@type":"BreadcrumbList","@id":"https:\/\/www.boxrepsol.com\/es\/motogp\/marc-marquez-tercero-primer-dia-mugello\/#breadcrumb","itemListElement":[{"@type":"ListItem","position":1,"name":"Home","item":"https:\/\/www.boxrepsol.com\/es\/"},{"@type":"ListItem","position":2,"name":"Marc M\u00e1rquez es tercero el primer d\u00eda en Mugello"}]},{"@type":"WebSite","@id":"https:\/\/www.boxrepsol.com\/es\/#website","url":"https:\/\/www.boxrepsol.com\/es\/","name":"Box Repsol","description":"Box Repsol Site","publisher":{"@id":"https:\/\/www.boxrepsol.com\/es\/#organization"},"potentialAction":[{"@type":"SearchAction","target":{"@type":"EntryPoint","urlTemplate":"https:\/\/www.boxrepsol.com\/es\/?s={search_term_string}"},"query-input":{"@type":"PropertyValueSpecification","valueRequired":true,"valueName":"search_term_string"}}],"inLanguage":"es"},{"@type":"Organization","@id":"https:\/\/www.boxrepsol.com\/es\/#organization","name":"Box Repsol","url":"https:\/\/www.boxrepsol.com\/es\/","logo":{"@type":"ImageObject","inLanguage":"es","@id":"https:\/\/www.boxrepsol.com\/es\/#\/schema\/logo\/image\/","url":"https:\/\/bxrepsol.s3.eu-west-1.amazonaws.com\/static\/2025\/07\/30083337\/favicon-96x96-1.png","contentUrl":"https:\/\/bxrepsol.s3.eu-west-1.amazonaws.com\/static\/2025\/07\/30083337\/favicon-96x96-1.png","width":96,"height":96,"caption":"Box Repsol"},"image":{"@id":"https:\/\/www.boxrepsol.com\/es\/#\/schema\/logo\/image\/"},"sameAs":["https:\/\/www.facebook.com\/BoxRepsol","https:\/\/x.com\/box_repsol","http:\/\/instagram.com\/box_repsol","https:\/\/www.youtube.com\/user\/RepsolCompeticion","https:\/\/www.flickr.com\/photos\/box_repsol\/"]},{"@type":"Person","@id":"https:\/\/www.boxrepsol.com\/es\/#\/schema\/person\/c5c2138f2cca251b0ad92b7086bb60b7","name":"Redacci\u00f3n Box Repsol","image":{"@type":"ImageObject","inLanguage":"es","@id":"https:\/\/secure.gravatar.com\/avatar\/adf7b77e38b4419baf32c7e9c21dde01f4e40df611f0978e3006fc4ba0aaab7e?s=96&d=mm&r=g","url":"https:\/\/secure.gravatar.com\/avatar\/adf7b77e38b4419baf32c7e9c21dde01f4e40df611f0978e3006fc4ba0aaab7e?s=96&d=mm&r=g","contentUrl":"https:\/\/secure.gravatar.com\/avatar\/adf7b77e38b4419baf32c7e9c21dde01f4e40df611f0978e3006fc4ba0aaab7e?s=96&d=mm&r=g","caption":"Redacci\u00f3n Box Repsol"},"description":"Box Repsol lo forma un equipo de periodistas, community managers, dise\u00f1adores y fot\u00f3grafos con m\u00e1s de 20 a\u00f1os de experiencia en el mundo del motorsport. Hemos vivido el primer mundial de un espa\u00f1ol en la categor\u00eda reina de motociclismo con \u00c1lex Crivill\u00e9, estuvimos en las victorias de Pedrosa y los t\u00edtulos de M\u00e1rquez, acompa\u00f1amos en \u00c1frica a Nani Roma y Marc Coma en sus conquistas del Dakar y hemos vibrado con los t\u00edtulos de Toni Bou en Trial. Adem\u00e1s, en nuestro equipo contamos con expertos en el mundo de las dos y cuatro ruedas tanto de la calle y las carreteras, como de los circuitos. Periodistas que han trabajado en revistas y publicaciones para hacerte llegar desde rutas y consejos de mantenimiento, a curiosidades y trucos de pilotaje.","sameAs":["https:\/\/www.facebook.com\/BoxRepsol\/","https:\/\/www.instagram.com\/box_repsol\/","https:\/\/x.com\/https:\/\/twitter.com\/box_repsol","https:\/\/www.youtube.com\/@Boxrepsol"],"url":"https:\/\/www.boxrepsol.com\/es\/author\/redaccion-box-repsol\/"}]}},"_links":{"self":[{"href":"https:\/\/www.boxrepsol.com\/es\/wp-json\/wp\/v2\/posts\/93110","targetHints":{"allow":["GET"]}}],"collection":[{"href":"https:\/\/www.boxrepsol.com\/es\/wp-json\/wp\/v2\/posts"}],"about":[{"href":"https:\/\/www.boxrepsol.com\/es\/wp-json\/wp\/v2\/types\/post"}],"author":[{"embeddable":true,"href":"https:\/\/www.boxrepsol.com\/es\/wp-json\/wp\/v2\/users\/43146"}],"replies":[{"embeddable":true,"href":"https:\/\/www.boxrepsol.com\/es\/wp-json\/wp\/v2\/comments?post=93110"}],"version-history":[{"count":1,"href":"https:\/\/www.boxrepsol.com\/es\/wp-json\/wp\/v2\/posts\/93110\/revisions"}],"predecessor-version":[{"id":116546,"href":"https:\/\/www.boxrepsol.com\/es\/wp-json\/wp\/v2\/posts\/93110\/revisions\/116546"}],"wp:featuredmedia":[{"embeddable":true,"href":"https:\/\/www.boxrepsol.com\/es\/wp-json\/wp\/v2\/media\/58127"}],"wp:attachment":[{"href":"https:\/\/www.boxrepsol.com\/es\/wp-json\/wp\/v2\/media?parent=93110"}],"wp:term":[{"taxonomy":"category","embeddable":true,"href":"https:\/\/www.boxrepsol.com\/es\/wp-json\/wp\/v2\/categories?post=93110"},{"taxonomy":"post_tag","embeddable":true,"href":"https:\/\/www.boxrepsol.com\/es\/wp-json\/wp\/v2\/tags?post=93110"}],"curies":[{"name":"wp","href":"https:\/\/api.w.org\/{rel}","templated":true}]}}