{"id":93094,"date":"2018-05-23T00:00:00","date_gmt":"2018-05-23T02:00:00","guid":{"rendered":"http:\/\/pre.boxrepsol.com\/sin-categorizar\/marc-marquez-dani-pedrosa-mandan-animos-juan-velarde\/"},"modified":"2024-05-22T06:26:04","modified_gmt":"2024-05-22T08:26:04","slug":"marc-marquez-dani-pedrosa-mandan-animos-juan-velarde","status":"publish","type":"post","link":"https:\/\/www.boxrepsol.com\/es\/red-bull-air-race\/marc-marquez-dani-pedrosa-mandan-animos-juan-velarde\/","title":{"rendered":"Marc M\u00e1rquez y Dani Pedrosa mandan sus \u00e1nimos a Juan Velarde"},"content":{"rendered":"","protected":false},"excerpt":{"rendered":"<p>Los pilotos del #EquipoRepsol Marc M\u00e1rquez y Dani Pedrosa mandan sus animos a Juan Velarde de cara a una nueva prueba de la Red Bull Air Race en Jap\u00f3n.<\/p>\n","protected":false},"author":43146,"featured_media":58037,"comment_status":"open","ping_status":"open","sticky":false,"template":"","format":"standard","meta":{"footnotes":""},"categories":[159],"tags":[50],"class_list":["post-93094","post","type-post","status-publish","format-standard","hentry","category-red-bull-air-race","tag-equipo-repsol-honda"],"yoast_head":"<!-- This site is optimized with the Yoast SEO plugin v27.3 - https:\/\/yoast.com\/product\/yoast-seo-wordpress\/ -->\n<title>Marc M\u00e1rquez y Dani Pedrosa mandan sus \u00e1nimos a Juan Velarde - Box Repsol<\/title>\n<meta name=\"description\" content=\"Los pilotos del #EquipoRepsol Marc M\u00e1rquez y Dani Pedrosa mandan sus \u00e1nimos a Juan Velarde de cara a una nueva prueba de la Red Bull Air Race en Jap\u00f3n.\" \/>\n<link rel=\"canonical\" href=\"https:\/\/www.boxrepsol.com\/es\/red-bull-air-race\/marc-marquez-dani-pedrosa-mandan-animos-juan-velarde\/\" \/>\n<meta property=\"og:locale\" content=\"es_ES\" \/>\n<meta property=\"og:type\" content=\"article\" \/>\n<meta property=\"og:title\" content=\"Marc M\u00e1rquez y Dani Pedrosa mandan sus \u00e1nimos a Juan Velarde - Box Repsol\" \/>\n<meta property=\"og:description\" content=\"Los pilotos del #EquipoRepsol Marc M\u00e1rquez y Dani Pedrosa mandan sus \u00e1nimos a Juan Velarde de cara a una nueva prueba de la Red Bull Air Race en Jap\u00f3n.\" \/>\n<meta property=\"og:url\" content=\"https:\/\/www.boxrepsol.com\/es\/red-bull-air-race\/marc-marquez-dani-pedrosa-mandan-animos-juan-velarde\/\" \/>\n<meta property=\"og:site_name\" content=\"Box Repsol\" \/>\n<meta property=\"article:publisher\" content=\"https:\/\/www.facebook.com\/BoxRepsol\" \/>\n<meta property=\"article:author\" content=\"https:\/\/www.facebook.com\/BoxRepsol\/\" \/>\n<meta property=\"article:published_time\" content=\"2018-05-23T02:00:00+00:00\" \/>\n<meta property=\"article:modified_time\" content=\"2024-05-22T08:26:04+00:00\" \/>\n<meta property=\"og:image\" content=\"https:\/\/bxrepsol.s3.eu-west-1.amazonaws.com\/static\/2022\/08\/29081325\/20180523_apoyo_velarde_video.jpg\" \/>\n\t<meta property=\"og:image:width\" content=\"995\" \/>\n\t<meta property=\"og:image:height\" content=\"560\" \/>\n\t<meta property=\"og:image:type\" content=\"image\/jpeg\" \/>\n<meta name=\"author\" content=\"Redacci\u00f3n Box Repsol\" \/>\n<meta name=\"twitter:card\" content=\"summary_large_image\" \/>\n<meta name=\"twitter:creator\" content=\"@https:\/\/twitter.com\/box_repsol\" \/>\n<meta name=\"twitter:site\" content=\"@box_repsol\" \/>\n<meta name=\"twitter:label1\" content=\"Written by\" \/>\n\t<meta name=\"twitter:data1\" content=\"Redacci\u00f3n Box Repsol\" \/>\n<script type=\"application\/ld+json\" class=\"yoast-schema-graph\">{\"@context\":\"https:\\\/\\\/schema.org\",\"@graph\":[{\"@type\":\"Article\",\"@id\":\"https:\\\/\\\/www.boxrepsol.com\\\/es\\\/red-bull-air-race\\\/marc-marquez-dani-pedrosa-mandan-animos-juan-velarde\\\/#article\",\"isPartOf\":{\"@id\":\"https:\\\/\\\/www.boxrepsol.com\\\/es\\\/red-bull-air-race\\\/marc-marquez-dani-pedrosa-mandan-animos-juan-velarde\\\/\"},\"author\":{\"name\":\"Redacci\u00f3n Box Repsol\",\"@id\":\"https:\\\/\\\/www.boxrepsol.com\\\/es\\\/#\\\/schema\\\/person\\\/c5c2138f2cca251b0ad92b7086bb60b7\"},\"headline\":\"Marc M\u00e1rquez y Dani Pedrosa mandan sus \u00e1nimos a Juan Velarde\",\"datePublished\":\"2018-05-23T02:00:00+00:00\",\"dateModified\":\"2024-05-22T08:26:04+00:00\",\"mainEntityOfPage\":{\"@id\":\"https:\\\/\\\/www.boxrepsol.com\\\/es\\\/red-bull-air-race\\\/marc-marquez-dani-pedrosa-mandan-animos-juan-velarde\\\/\"},\"wordCount\":12,\"commentCount\":0,\"publisher\":{\"@id\":\"https:\\\/\\\/www.boxrepsol.com\\\/es\\\/#organization\"},\"image\":{\"@id\":\"https:\\\/\\\/www.boxrepsol.com\\\/es\\\/red-bull-air-race\\\/marc-marquez-dani-pedrosa-mandan-animos-juan-velarde\\\/#primaryimage\"},\"thumbnailUrl\":\"https:\\\/\\\/bxrepsol.s3.eu-west-1.amazonaws.com\\\/static\\\/2022\\\/08\\\/29081325\\\/20180523_apoyo_velarde_video.jpg\",\"keywords\":[\"Equipo Repsol Honda\"],\"articleSection\":[\"Red Bull Air Race\"],\"inLanguage\":\"es\",\"potentialAction\":[{\"@type\":\"CommentAction\",\"name\":\"Comment\",\"target\":[\"https:\\\/\\\/www.boxrepsol.com\\\/es\\\/red-bull-air-race\\\/marc-marquez-dani-pedrosa-mandan-animos-juan-velarde\\\/#respond\"]}]},{\"@type\":\"WebPage\",\"@id\":\"https:\\\/\\\/www.boxrepsol.com\\\/es\\\/red-bull-air-race\\\/marc-marquez-dani-pedrosa-mandan-animos-juan-velarde\\\/\",\"url\":\"https:\\\/\\\/www.boxrepsol.com\\\/es\\\/red-bull-air-race\\\/marc-marquez-dani-pedrosa-mandan-animos-juan-velarde\\\/\",\"name\":\"Marc M\u00e1rquez y Dani Pedrosa mandan sus \u00e1nimos a Juan Velarde - Box Repsol\",\"isPartOf\":{\"@id\":\"https:\\\/\\\/www.boxrepsol.com\\\/es\\\/#website\"},\"primaryImageOfPage\":{\"@id\":\"https:\\\/\\\/www.boxrepsol.com\\\/es\\\/red-bull-air-race\\\/marc-marquez-dani-pedrosa-mandan-animos-juan-velarde\\\/#primaryimage\"},\"image\":{\"@id\":\"https:\\\/\\\/www.boxrepsol.com\\\/es\\\/red-bull-air-race\\\/marc-marquez-dani-pedrosa-mandan-animos-juan-velarde\\\/#primaryimage\"},\"thumbnailUrl\":\"https:\\\/\\\/bxrepsol.s3.eu-west-1.amazonaws.com\\\/static\\\/2022\\\/08\\\/29081325\\\/20180523_apoyo_velarde_video.jpg\",\"datePublished\":\"2018-05-23T02:00:00+00:00\",\"dateModified\":\"2024-05-22T08:26:04+00:00\",\"description\":\"Los pilotos del #EquipoRepsol Marc M\u00e1rquez y Dani Pedrosa mandan sus \u00e1nimos a Juan Velarde de cara a una nueva prueba de la Red Bull Air Race en Jap\u00f3n.\",\"breadcrumb\":{\"@id\":\"https:\\\/\\\/www.boxrepsol.com\\\/es\\\/red-bull-air-race\\\/marc-marquez-dani-pedrosa-mandan-animos-juan-velarde\\\/#breadcrumb\"},\"inLanguage\":\"es\",\"potentialAction\":[{\"@type\":\"ReadAction\",\"target\":[\"https:\\\/\\\/www.boxrepsol.com\\\/es\\\/red-bull-air-race\\\/marc-marquez-dani-pedrosa-mandan-animos-juan-velarde\\\/\"]}]},{\"@type\":\"ImageObject\",\"inLanguage\":\"es\",\"@id\":\"https:\\\/\\\/www.boxrepsol.com\\\/es\\\/red-bull-air-race\\\/marc-marquez-dani-pedrosa-mandan-animos-juan-velarde\\\/#primaryimage\",\"url\":\"https:\\\/\\\/bxrepsol.s3.eu-west-1.amazonaws.com\\\/static\\\/2022\\\/08\\\/29081325\\\/20180523_apoyo_velarde_video.jpg\",\"contentUrl\":\"https:\\\/\\\/bxrepsol.s3.eu-west-1.amazonaws.com\\\/static\\\/2022\\\/08\\\/29081325\\\/20180523_apoyo_velarde_video.jpg\",\"width\":995,\"height\":560,\"caption\":\"Dani Pedrosa y Marc M\u00e1rquez animan a Juan Velarde\"},{\"@type\":\"BreadcrumbList\",\"@id\":\"https:\\\/\\\/www.boxrepsol.com\\\/es\\\/red-bull-air-race\\\/marc-marquez-dani-pedrosa-mandan-animos-juan-velarde\\\/#breadcrumb\",\"itemListElement\":[{\"@type\":\"ListItem\",\"position\":1,\"name\":\"Home\",\"item\":\"https:\\\/\\\/www.boxrepsol.com\\\/es\\\/\"},{\"@type\":\"ListItem\",\"position\":2,\"name\":\"Marc M\u00e1rquez y Dani Pedrosa mandan sus \u00e1nimos a Juan Velarde\"}]},{\"@type\":\"WebSite\",\"@id\":\"https:\\\/\\\/www.boxrepsol.com\\\/es\\\/#website\",\"url\":\"https:\\\/\\\/www.boxrepsol.com\\\/es\\\/\",\"name\":\"Box Repsol\",\"description\":\"Box Repsol Site\",\"publisher\":{\"@id\":\"https:\\\/\\\/www.boxrepsol.com\\\/es\\\/#organization\"},\"potentialAction\":[{\"@type\":\"SearchAction\",\"target\":{\"@type\":\"EntryPoint\",\"urlTemplate\":\"https:\\\/\\\/www.boxrepsol.com\\\/es\\\/?s={search_term_string}\"},\"query-input\":{\"@type\":\"PropertyValueSpecification\",\"valueRequired\":true,\"valueName\":\"search_term_string\"}}],\"inLanguage\":\"es\"},{\"@type\":\"Organization\",\"@id\":\"https:\\\/\\\/www.boxrepsol.com\\\/es\\\/#organization\",\"name\":\"Box Repsol\",\"url\":\"https:\\\/\\\/www.boxrepsol.com\\\/es\\\/\",\"logo\":{\"@type\":\"ImageObject\",\"inLanguage\":\"es\",\"@id\":\"https:\\\/\\\/www.boxrepsol.com\\\/es\\\/#\\\/schema\\\/logo\\\/image\\\/\",\"url\":\"https:\\\/\\\/bxrepsol.s3.eu-west-1.amazonaws.com\\\/static\\\/2025\\\/07\\\/30083337\\\/favicon-96x96-1.png\",\"contentUrl\":\"https:\\\/\\\/bxrepsol.s3.eu-west-1.amazonaws.com\\\/static\\\/2025\\\/07\\\/30083337\\\/favicon-96x96-1.png\",\"width\":96,\"height\":96,\"caption\":\"Box Repsol\"},\"image\":{\"@id\":\"https:\\\/\\\/www.boxrepsol.com\\\/es\\\/#\\\/schema\\\/logo\\\/image\\\/\"},\"sameAs\":[\"https:\\\/\\\/www.facebook.com\\\/BoxRepsol\",\"https:\\\/\\\/x.com\\\/box_repsol\",\"http:\\\/\\\/instagram.com\\\/box_repsol\",\"https:\\\/\\\/www.youtube.com\\\/user\\\/RepsolCompeticion\",\"https:\\\/\\\/www.flickr.com\\\/photos\\\/box_repsol\\\/\"]},{\"@type\":\"Person\",\"@id\":\"https:\\\/\\\/www.boxrepsol.com\\\/es\\\/#\\\/schema\\\/person\\\/c5c2138f2cca251b0ad92b7086bb60b7\",\"name\":\"Redacci\u00f3n Box Repsol\",\"image\":{\"@type\":\"ImageObject\",\"inLanguage\":\"es\",\"@id\":\"https:\\\/\\\/secure.gravatar.com\\\/avatar\\\/adf7b77e38b4419baf32c7e9c21dde01f4e40df611f0978e3006fc4ba0aaab7e?s=96&d=mm&r=g\",\"url\":\"https:\\\/\\\/secure.gravatar.com\\\/avatar\\\/adf7b77e38b4419baf32c7e9c21dde01f4e40df611f0978e3006fc4ba0aaab7e?s=96&d=mm&r=g\",\"contentUrl\":\"https:\\\/\\\/secure.gravatar.com\\\/avatar\\\/adf7b77e38b4419baf32c7e9c21dde01f4e40df611f0978e3006fc4ba0aaab7e?s=96&d=mm&r=g\",\"caption\":\"Redacci\u00f3n Box Repsol\"},\"description\":\"Box Repsol lo forma un equipo de periodistas, community managers, dise\u00f1adores y fot\u00f3grafos con m\u00e1s de 20 a\u00f1os de experiencia en el mundo del motorsport. Hemos vivido el primer mundial de un espa\u00f1ol en la categor\u00eda reina de motociclismo con \u00c1lex Crivill\u00e9, estuvimos en las victorias de Pedrosa y los t\u00edtulos de M\u00e1rquez, acompa\u00f1amos en \u00c1frica a Nani Roma y Marc Coma en sus conquistas del Dakar y hemos vibrado con los t\u00edtulos de Toni Bou en Trial. Adem\u00e1s, en nuestro equipo contamos con expertos en el mundo de las dos y cuatro ruedas tanto de la calle y las carreteras, como de los circuitos. Periodistas que han trabajado en revistas y publicaciones para hacerte llegar desde rutas y consejos de mantenimiento, a curiosidades y trucos de pilotaje.\",\"sameAs\":[\"https:\\\/\\\/www.facebook.com\\\/BoxRepsol\\\/\",\"https:\\\/\\\/www.instagram.com\\\/box_repsol\\\/\",\"https:\\\/\\\/x.com\\\/https:\\\/\\\/twitter.com\\\/box_repsol\",\"https:\\\/\\\/www.youtube.com\\\/@Boxrepsol\"],\"url\":\"https:\\\/\\\/www.boxrepsol.com\\\/es\\\/author\\\/redaccion-box-repsol\\\/\"}]}<\/script>\n<!-- \/ Yoast SEO plugin. -->","yoast_head_json":{"title":"Marc M\u00e1rquez y Dani Pedrosa mandan sus \u00e1nimos a Juan Velarde - Box Repsol","description":"Los pilotos del #EquipoRepsol Marc M\u00e1rquez y Dani Pedrosa mandan sus \u00e1nimos a Juan Velarde de cara a una nueva prueba de la Red Bull Air Race en Jap\u00f3n.","canonical":"https:\/\/www.boxrepsol.com\/es\/red-bull-air-race\/marc-marquez-dani-pedrosa-mandan-animos-juan-velarde\/","og_locale":"es_ES","og_type":"article","og_title":"Marc M\u00e1rquez y Dani Pedrosa mandan sus \u00e1nimos a Juan Velarde - Box Repsol","og_description":"Los pilotos del #EquipoRepsol Marc M\u00e1rquez y Dani Pedrosa mandan sus \u00e1nimos a Juan Velarde de cara a una nueva prueba de la Red Bull Air Race en Jap\u00f3n.","og_url":"https:\/\/www.boxrepsol.com\/es\/red-bull-air-race\/marc-marquez-dani-pedrosa-mandan-animos-juan-velarde\/","og_site_name":"Box Repsol","article_publisher":"https:\/\/www.facebook.com\/BoxRepsol","article_author":"https:\/\/www.facebook.com\/BoxRepsol\/","article_published_time":"2018-05-23T02:00:00+00:00","article_modified_time":"2024-05-22T08:26:04+00:00","og_image":[{"width":995,"height":560,"url":"https:\/\/bxrepsol.s3.eu-west-1.amazonaws.com\/static\/2022\/08\/29081325\/20180523_apoyo_velarde_video.jpg","type":"image\/jpeg"}],"author":"Redacci\u00f3n Box Repsol","twitter_card":"summary_large_image","twitter_creator":"@https:\/\/twitter.com\/box_repsol","twitter_site":"@box_repsol","twitter_misc":{"Written by":"Redacci\u00f3n Box Repsol"},"schema":{"@context":"https:\/\/schema.org","@graph":[{"@type":"Article","@id":"https:\/\/www.boxrepsol.com\/es\/red-bull-air-race\/marc-marquez-dani-pedrosa-mandan-animos-juan-velarde\/#article","isPartOf":{"@id":"https:\/\/www.boxrepsol.com\/es\/red-bull-air-race\/marc-marquez-dani-pedrosa-mandan-animos-juan-velarde\/"},"author":{"name":"Redacci\u00f3n Box Repsol","@id":"https:\/\/www.boxrepsol.com\/es\/#\/schema\/person\/c5c2138f2cca251b0ad92b7086bb60b7"},"headline":"Marc M\u00e1rquez y Dani Pedrosa mandan sus \u00e1nimos a Juan Velarde","datePublished":"2018-05-23T02:00:00+00:00","dateModified":"2024-05-22T08:26:04+00:00","mainEntityOfPage":{"@id":"https:\/\/www.boxrepsol.com\/es\/red-bull-air-race\/marc-marquez-dani-pedrosa-mandan-animos-juan-velarde\/"},"wordCount":12,"commentCount":0,"publisher":{"@id":"https:\/\/www.boxrepsol.com\/es\/#organization"},"image":{"@id":"https:\/\/www.boxrepsol.com\/es\/red-bull-air-race\/marc-marquez-dani-pedrosa-mandan-animos-juan-velarde\/#primaryimage"},"thumbnailUrl":"https:\/\/bxrepsol.s3.eu-west-1.amazonaws.com\/static\/2022\/08\/29081325\/20180523_apoyo_velarde_video.jpg","keywords":["Equipo Repsol Honda"],"articleSection":["Red Bull Air Race"],"inLanguage":"es","potentialAction":[{"@type":"CommentAction","name":"Comment","target":["https:\/\/www.boxrepsol.com\/es\/red-bull-air-race\/marc-marquez-dani-pedrosa-mandan-animos-juan-velarde\/#respond"]}]},{"@type":"WebPage","@id":"https:\/\/www.boxrepsol.com\/es\/red-bull-air-race\/marc-marquez-dani-pedrosa-mandan-animos-juan-velarde\/","url":"https:\/\/www.boxrepsol.com\/es\/red-bull-air-race\/marc-marquez-dani-pedrosa-mandan-animos-juan-velarde\/","name":"Marc M\u00e1rquez y Dani Pedrosa mandan sus \u00e1nimos a Juan Velarde - Box Repsol","isPartOf":{"@id":"https:\/\/www.boxrepsol.com\/es\/#website"},"primaryImageOfPage":{"@id":"https:\/\/www.boxrepsol.com\/es\/red-bull-air-race\/marc-marquez-dani-pedrosa-mandan-animos-juan-velarde\/#primaryimage"},"image":{"@id":"https:\/\/www.boxrepsol.com\/es\/red-bull-air-race\/marc-marquez-dani-pedrosa-mandan-animos-juan-velarde\/#primaryimage"},"thumbnailUrl":"https:\/\/bxrepsol.s3.eu-west-1.amazonaws.com\/static\/2022\/08\/29081325\/20180523_apoyo_velarde_video.jpg","datePublished":"2018-05-23T02:00:00+00:00","dateModified":"2024-05-22T08:26:04+00:00","description":"Los pilotos del #EquipoRepsol Marc M\u00e1rquez y Dani Pedrosa mandan sus \u00e1nimos a Juan Velarde de cara a una nueva prueba de la Red Bull Air Race en Jap\u00f3n.","breadcrumb":{"@id":"https:\/\/www.boxrepsol.com\/es\/red-bull-air-race\/marc-marquez-dani-pedrosa-mandan-animos-juan-velarde\/#breadcrumb"},"inLanguage":"es","potentialAction":[{"@type":"ReadAction","target":["https:\/\/www.boxrepsol.com\/es\/red-bull-air-race\/marc-marquez-dani-pedrosa-mandan-animos-juan-velarde\/"]}]},{"@type":"ImageObject","inLanguage":"es","@id":"https:\/\/www.boxrepsol.com\/es\/red-bull-air-race\/marc-marquez-dani-pedrosa-mandan-animos-juan-velarde\/#primaryimage","url":"https:\/\/bxrepsol.s3.eu-west-1.amazonaws.com\/static\/2022\/08\/29081325\/20180523_apoyo_velarde_video.jpg","contentUrl":"https:\/\/bxrepsol.s3.eu-west-1.amazonaws.com\/static\/2022\/08\/29081325\/20180523_apoyo_velarde_video.jpg","width":995,"height":560,"caption":"Dani Pedrosa y Marc M\u00e1rquez animan a Juan Velarde"},{"@type":"BreadcrumbList","@id":"https:\/\/www.boxrepsol.com\/es\/red-bull-air-race\/marc-marquez-dani-pedrosa-mandan-animos-juan-velarde\/#breadcrumb","itemListElement":[{"@type":"ListItem","position":1,"name":"Home","item":"https:\/\/www.boxrepsol.com\/es\/"},{"@type":"ListItem","position":2,"name":"Marc M\u00e1rquez y Dani Pedrosa mandan sus \u00e1nimos a Juan Velarde"}]},{"@type":"WebSite","@id":"https:\/\/www.boxrepsol.com\/es\/#website","url":"https:\/\/www.boxrepsol.com\/es\/","name":"Box Repsol","description":"Box Repsol Site","publisher":{"@id":"https:\/\/www.boxrepsol.com\/es\/#organization"},"potentialAction":[{"@type":"SearchAction","target":{"@type":"EntryPoint","urlTemplate":"https:\/\/www.boxrepsol.com\/es\/?s={search_term_string}"},"query-input":{"@type":"PropertyValueSpecification","valueRequired":true,"valueName":"search_term_string"}}],"inLanguage":"es"},{"@type":"Organization","@id":"https:\/\/www.boxrepsol.com\/es\/#organization","name":"Box Repsol","url":"https:\/\/www.boxrepsol.com\/es\/","logo":{"@type":"ImageObject","inLanguage":"es","@id":"https:\/\/www.boxrepsol.com\/es\/#\/schema\/logo\/image\/","url":"https:\/\/bxrepsol.s3.eu-west-1.amazonaws.com\/static\/2025\/07\/30083337\/favicon-96x96-1.png","contentUrl":"https:\/\/bxrepsol.s3.eu-west-1.amazonaws.com\/static\/2025\/07\/30083337\/favicon-96x96-1.png","width":96,"height":96,"caption":"Box Repsol"},"image":{"@id":"https:\/\/www.boxrepsol.com\/es\/#\/schema\/logo\/image\/"},"sameAs":["https:\/\/www.facebook.com\/BoxRepsol","https:\/\/x.com\/box_repsol","http:\/\/instagram.com\/box_repsol","https:\/\/www.youtube.com\/user\/RepsolCompeticion","https:\/\/www.flickr.com\/photos\/box_repsol\/"]},{"@type":"Person","@id":"https:\/\/www.boxrepsol.com\/es\/#\/schema\/person\/c5c2138f2cca251b0ad92b7086bb60b7","name":"Redacci\u00f3n Box Repsol","image":{"@type":"ImageObject","inLanguage":"es","@id":"https:\/\/secure.gravatar.com\/avatar\/adf7b77e38b4419baf32c7e9c21dde01f4e40df611f0978e3006fc4ba0aaab7e?s=96&d=mm&r=g","url":"https:\/\/secure.gravatar.com\/avatar\/adf7b77e38b4419baf32c7e9c21dde01f4e40df611f0978e3006fc4ba0aaab7e?s=96&d=mm&r=g","contentUrl":"https:\/\/secure.gravatar.com\/avatar\/adf7b77e38b4419baf32c7e9c21dde01f4e40df611f0978e3006fc4ba0aaab7e?s=96&d=mm&r=g","caption":"Redacci\u00f3n Box Repsol"},"description":"Box Repsol lo forma un equipo de periodistas, community managers, dise\u00f1adores y fot\u00f3grafos con m\u00e1s de 20 a\u00f1os de experiencia en el mundo del motorsport. Hemos vivido el primer mundial de un espa\u00f1ol en la categor\u00eda reina de motociclismo con \u00c1lex Crivill\u00e9, estuvimos en las victorias de Pedrosa y los t\u00edtulos de M\u00e1rquez, acompa\u00f1amos en \u00c1frica a Nani Roma y Marc Coma en sus conquistas del Dakar y hemos vibrado con los t\u00edtulos de Toni Bou en Trial. Adem\u00e1s, en nuestro equipo contamos con expertos en el mundo de las dos y cuatro ruedas tanto de la calle y las carreteras, como de los circuitos. Periodistas que han trabajado en revistas y publicaciones para hacerte llegar desde rutas y consejos de mantenimiento, a curiosidades y trucos de pilotaje.","sameAs":["https:\/\/www.facebook.com\/BoxRepsol\/","https:\/\/www.instagram.com\/box_repsol\/","https:\/\/x.com\/https:\/\/twitter.com\/box_repsol","https:\/\/www.youtube.com\/@Boxrepsol"],"url":"https:\/\/www.boxrepsol.com\/es\/author\/redaccion-box-repsol\/"}]}},"_links":{"self":[{"href":"https:\/\/www.boxrepsol.com\/es\/wp-json\/wp\/v2\/posts\/93094","targetHints":{"allow":["GET"]}}],"collection":[{"href":"https:\/\/www.boxrepsol.com\/es\/wp-json\/wp\/v2\/posts"}],"about":[{"href":"https:\/\/www.boxrepsol.com\/es\/wp-json\/wp\/v2\/types\/post"}],"author":[{"embeddable":true,"href":"https:\/\/www.boxrepsol.com\/es\/wp-json\/wp\/v2\/users\/43146"}],"replies":[{"embeddable":true,"href":"https:\/\/www.boxrepsol.com\/es\/wp-json\/wp\/v2\/comments?post=93094"}],"version-history":[{"count":1,"href":"https:\/\/www.boxrepsol.com\/es\/wp-json\/wp\/v2\/posts\/93094\/revisions"}],"predecessor-version":[{"id":116537,"href":"https:\/\/www.boxrepsol.com\/es\/wp-json\/wp\/v2\/posts\/93094\/revisions\/116537"}],"wp:featuredmedia":[{"embeddable":true,"href":"https:\/\/www.boxrepsol.com\/es\/wp-json\/wp\/v2\/media\/58037"}],"wp:attachment":[{"href":"https:\/\/www.boxrepsol.com\/es\/wp-json\/wp\/v2\/media?parent=93094"}],"wp:term":[{"taxonomy":"category","embeddable":true,"href":"https:\/\/www.boxrepsol.com\/es\/wp-json\/wp\/v2\/categories?post=93094"},{"taxonomy":"post_tag","embeddable":true,"href":"https:\/\/www.boxrepsol.com\/es\/wp-json\/wp\/v2\/tags?post=93094"}],"curies":[{"name":"wp","href":"https:\/\/api.w.org\/{rel}","templated":true}]}}