{"id":93084,"date":"2018-05-21T00:00:00","date_gmt":"2018-05-21T02:00:00","guid":{"rendered":"http:\/\/pre.boxrepsol.com\/sin-categorizar\/aleix-viu-logra-primera-victoria-raul-fernandez-amplia-liderato\/"},"modified":"2024-05-22T06:26:14","modified_gmt":"2024-05-22T08:26:14","slug":"aleix-viu-logra-primera-victoria-raul-fernandez-amplia-liderato","status":"publish","type":"post","link":"https:\/\/www.boxrepsol.com\/es\/sin-categorizar\/aleix-viu-logra-primera-victoria-raul-fernandez-amplia-liderato\/","title":{"rendered":"Aleix Viu logra su primera victoria y Ra\u00fal Fern\u00e1ndez ampl\u00eda su liderato"},"content":{"rendered":"<blockquote>\n<p>He podido conseguir mi primera victoria en este campeonato y estoy muy contento<\/p>\n<p>            <a href=\"http:\/\/twitter.com\/share?text=He+podido+conseguir+mi+primera+victoria+en+este+campeonato+y+estoy+muy+contento&#038;url=https%3A%2F%2Fwww.boxrepsol.com%2Fes%2F%3Fp%3D20008%2F&#038;hashtags=\" target=\"_blank\" data-datalayer='{\"event\": \"socialInteraction\", \"socialNetwork\": \"Twitter\", \"socialAction\": \"Compartir\", \"socialTarget\": \"Frase\"}' rel=\"noopener\"><br \/>\n            twittear        <\/a><\/p>\n<footer>Aleix Viu<\/footer>\n<\/blockquote>\n<p>La cuarta carrera del Mundial Junior de Moto3 ha concluido con victoria para Aleix Viu, autor del mejor tiempo de entrenamientos, tras cruzar la l\u00ednea de meta en solitario con m\u00e1s de dos segundos de ventaja sobre sus perseguidores.<\/p>\n<p>Ra\u00fal Fern\u00e1ndez y Ai Ogura, segundo y tercero respectivamente, han completado el podio. Con este resultado, el piloto madrile\u00f1o aumenta a 20 puntos su ventaja al frente de la general del campeonato.<\/p>\n<p>La pr\u00f3xima cita tendr\u00e1 lugar dentro de tres semanas, el 10 de junio, en el Circuit de Barcelona-Catalunya, donde volver\u00e1n a competir las tres categor\u00edas: el Mundial Junior de Moto3 y el Campeonato Europeo de Moto2 \u2013con dos mangas- y la European Talent Cup \u2013con una \u00fanica carrera-.<\/p>\n<p>\t\t\t\t<img decoding=\"async\" src=\"https:\/\/bxrepsol.s3.eu-west-1.amazonaws.com\/static\/2022\/08\/05055523\/00_cev_le_mans_moto3_francia_2018_repsol.jpg\" alt=\"FIM CEV moto3 le mans\" itemprop=\"image\"  \/><\/p>\n<p><strong>ALEIX VIU\u00a0\u2013 GANADOR DE LA CARRERA DE MOTO3<\/strong><\/p>\n<p><em>\u201cEl principio de la carrera ha sido bastante complicado, ya que hab\u00eda muchos pilotos rodando juntos. Hacia la mitad, he intentado aumentar el ritmo para hacer el grupo m\u00e1s peque\u00f1o, pero no esperaba poder escaparme solo, ya que Ra\u00fal [Fern\u00e1ndez] y Ogura estaban muy fuertes. Ha sido dif\u00edcil mantener el ritmo y la concentraci\u00f3n rodando en solitario tantas vueltas. Al final, he podido conseguir mi primera victoria en este campeonato y estoy muy contento\u201d.<\/em><\/p>\n","protected":false},"excerpt":{"rendered":"<p>Aleix Viu logra su primera victoria y ha dominado la quinta visita del FIM CEV Repsol al Circuito de Le Mans logrando su segunda \u201cpole\u201d y su primer triunfo en el Mundial Junior de Moto3.<\/p>\n","protected":false},"author":43146,"featured_media":58002,"comment_status":"open","ping_status":"open","sticky":false,"template":"","format":"standard","meta":{"footnotes":""},"categories":[1],"tags":[130],"class_list":["post-93084","post","type-post","status-publish","format-standard","hentry","category-sin-categorizar","tag-otros-eventos-y-competiciones"],"yoast_head":"<!-- This site is optimized with the Yoast SEO plugin v27.3 - https:\/\/yoast.com\/product\/yoast-seo-wordpress\/ -->\n<title>Aleix Viu logra su primera victoria y Ra\u00fal Fern\u00e1ndez ampl\u00eda su liderato - Box Repsol<\/title>\n<meta name=\"description\" content=\"Aleix Viu logra su primera victoria y ha dominado la quinta visita del FIM CEV Repsol al Circuito de Le Mans logrando su segunda \u201cpole\u201d y su primer triunfo.\" \/>\n<link rel=\"canonical\" href=\"https:\/\/www.boxrepsol.com\/es\/sin-categorizar\/aleix-viu-logra-primera-victoria-raul-fernandez-amplia-liderato\/\" \/>\n<meta property=\"og:locale\" content=\"es_ES\" \/>\n<meta property=\"og:type\" content=\"article\" \/>\n<meta property=\"og:title\" content=\"Aleix Viu logra su primera victoria y Ra\u00fal Fern\u00e1ndez ampl\u00eda su liderato - Box Repsol\" \/>\n<meta property=\"og:description\" content=\"Aleix Viu logra su primera victoria y ha dominado la quinta visita del FIM CEV Repsol al Circuito de Le Mans logrando su segunda \u201cpole\u201d y su primer triunfo.\" \/>\n<meta property=\"og:url\" content=\"https:\/\/www.boxrepsol.com\/es\/sin-categorizar\/aleix-viu-logra-primera-victoria-raul-fernandez-amplia-liderato\/\" \/>\n<meta property=\"og:site_name\" content=\"Box Repsol\" \/>\n<meta property=\"article:publisher\" content=\"https:\/\/www.facebook.com\/BoxRepsol\" \/>\n<meta property=\"article:author\" content=\"https:\/\/www.facebook.com\/BoxRepsol\/\" \/>\n<meta property=\"article:published_time\" content=\"2018-05-21T02:00:00+00:00\" \/>\n<meta property=\"article:modified_time\" content=\"2024-05-22T08:26:14+00:00\" \/>\n<meta property=\"og:image\" content=\"https:\/\/bxrepsol.s3.eu-west-1.amazonaws.com\/static\/2022\/08\/29081305\/00_cev_le_mans_francia_repsol_podio_2018.jpg\" \/>\n\t<meta property=\"og:image:width\" content=\"995\" \/>\n\t<meta property=\"og:image:height\" content=\"560\" \/>\n\t<meta property=\"og:image:type\" content=\"image\/jpeg\" \/>\n<meta name=\"author\" content=\"Redacci\u00f3n Box Repsol\" \/>\n<meta name=\"twitter:card\" content=\"summary_large_image\" \/>\n<meta name=\"twitter:creator\" content=\"@https:\/\/twitter.com\/box_repsol\" \/>\n<meta name=\"twitter:site\" content=\"@box_repsol\" \/>\n<meta name=\"twitter:label1\" content=\"Written by\" \/>\n\t<meta name=\"twitter:data1\" content=\"Redacci\u00f3n Box Repsol\" \/>\n\t<meta name=\"twitter:label2\" content=\"Est. reading time\" \/>\n\t<meta name=\"twitter:data2\" content=\"1 minuto\" \/>\n<script type=\"application\/ld+json\" class=\"yoast-schema-graph\">{\"@context\":\"https:\\\/\\\/schema.org\",\"@graph\":[{\"@type\":\"Article\",\"@id\":\"https:\\\/\\\/www.boxrepsol.com\\\/es\\\/sin-categorizar\\\/aleix-viu-logra-primera-victoria-raul-fernandez-amplia-liderato\\\/#article\",\"isPartOf\":{\"@id\":\"https:\\\/\\\/www.boxrepsol.com\\\/es\\\/sin-categorizar\\\/aleix-viu-logra-primera-victoria-raul-fernandez-amplia-liderato\\\/\"},\"author\":{\"name\":\"Redacci\u00f3n Box Repsol\",\"@id\":\"https:\\\/\\\/www.boxrepsol.com\\\/es\\\/#\\\/schema\\\/person\\\/c5c2138f2cca251b0ad92b7086bb60b7\"},\"headline\":\"Aleix Viu logra su primera victoria y Ra\u00fal Fern\u00e1ndez ampl\u00eda su liderato\",\"datePublished\":\"2018-05-21T02:00:00+00:00\",\"dateModified\":\"2024-05-22T08:26:14+00:00\",\"mainEntityOfPage\":{\"@id\":\"https:\\\/\\\/www.boxrepsol.com\\\/es\\\/sin-categorizar\\\/aleix-viu-logra-primera-victoria-raul-fernandez-amplia-liderato\\\/\"},\"wordCount\":245,\"commentCount\":0,\"publisher\":{\"@id\":\"https:\\\/\\\/www.boxrepsol.com\\\/es\\\/#organization\"},\"image\":{\"@id\":\"https:\\\/\\\/www.boxrepsol.com\\\/es\\\/sin-categorizar\\\/aleix-viu-logra-primera-victoria-raul-fernandez-amplia-liderato\\\/#primaryimage\"},\"thumbnailUrl\":\"https:\\\/\\\/bxrepsol.s3.eu-west-1.amazonaws.com\\\/static\\\/2022\\\/08\\\/29081305\\\/00_cev_le_mans_francia_repsol_podio_2018.jpg\",\"keywords\":[\"otros eventos y competiciones\"],\"articleSection\":[\"Sin categorizar\"],\"inLanguage\":\"es\",\"potentialAction\":[{\"@type\":\"CommentAction\",\"name\":\"Comment\",\"target\":[\"https:\\\/\\\/www.boxrepsol.com\\\/es\\\/sin-categorizar\\\/aleix-viu-logra-primera-victoria-raul-fernandez-amplia-liderato\\\/#respond\"]}]},{\"@type\":\"WebPage\",\"@id\":\"https:\\\/\\\/www.boxrepsol.com\\\/es\\\/sin-categorizar\\\/aleix-viu-logra-primera-victoria-raul-fernandez-amplia-liderato\\\/\",\"url\":\"https:\\\/\\\/www.boxrepsol.com\\\/es\\\/sin-categorizar\\\/aleix-viu-logra-primera-victoria-raul-fernandez-amplia-liderato\\\/\",\"name\":\"Aleix Viu logra su primera victoria y Ra\u00fal Fern\u00e1ndez ampl\u00eda su liderato - Box Repsol\",\"isPartOf\":{\"@id\":\"https:\\\/\\\/www.boxrepsol.com\\\/es\\\/#website\"},\"primaryImageOfPage\":{\"@id\":\"https:\\\/\\\/www.boxrepsol.com\\\/es\\\/sin-categorizar\\\/aleix-viu-logra-primera-victoria-raul-fernandez-amplia-liderato\\\/#primaryimage\"},\"image\":{\"@id\":\"https:\\\/\\\/www.boxrepsol.com\\\/es\\\/sin-categorizar\\\/aleix-viu-logra-primera-victoria-raul-fernandez-amplia-liderato\\\/#primaryimage\"},\"thumbnailUrl\":\"https:\\\/\\\/bxrepsol.s3.eu-west-1.amazonaws.com\\\/static\\\/2022\\\/08\\\/29081305\\\/00_cev_le_mans_francia_repsol_podio_2018.jpg\",\"datePublished\":\"2018-05-21T02:00:00+00:00\",\"dateModified\":\"2024-05-22T08:26:14+00:00\",\"description\":\"Aleix Viu logra su primera victoria y ha dominado la quinta visita del FIM CEV Repsol al Circuito de Le Mans logrando su segunda \u201cpole\u201d y su primer triunfo.\",\"breadcrumb\":{\"@id\":\"https:\\\/\\\/www.boxrepsol.com\\\/es\\\/sin-categorizar\\\/aleix-viu-logra-primera-victoria-raul-fernandez-amplia-liderato\\\/#breadcrumb\"},\"inLanguage\":\"es\",\"potentialAction\":[{\"@type\":\"ReadAction\",\"target\":[\"https:\\\/\\\/www.boxrepsol.com\\\/es\\\/sin-categorizar\\\/aleix-viu-logra-primera-victoria-raul-fernandez-amplia-liderato\\\/\"]}]},{\"@type\":\"ImageObject\",\"inLanguage\":\"es\",\"@id\":\"https:\\\/\\\/www.boxrepsol.com\\\/es\\\/sin-categorizar\\\/aleix-viu-logra-primera-victoria-raul-fernandez-amplia-liderato\\\/#primaryimage\",\"url\":\"https:\\\/\\\/bxrepsol.s3.eu-west-1.amazonaws.com\\\/static\\\/2022\\\/08\\\/29081305\\\/00_cev_le_mans_francia_repsol_podio_2018.jpg\",\"contentUrl\":\"https:\\\/\\\/bxrepsol.s3.eu-west-1.amazonaws.com\\\/static\\\/2022\\\/08\\\/29081305\\\/00_cev_le_mans_francia_repsol_podio_2018.jpg\",\"width\":995,\"height\":560,\"caption\":\"Podio de FIM CEV Repsol Le Mans Francia 2018\"},{\"@type\":\"BreadcrumbList\",\"@id\":\"https:\\\/\\\/www.boxrepsol.com\\\/es\\\/sin-categorizar\\\/aleix-viu-logra-primera-victoria-raul-fernandez-amplia-liderato\\\/#breadcrumb\",\"itemListElement\":[{\"@type\":\"ListItem\",\"position\":1,\"name\":\"Home\",\"item\":\"https:\\\/\\\/www.boxrepsol.com\\\/es\\\/\"},{\"@type\":\"ListItem\",\"position\":2,\"name\":\"Aleix Viu logra su primera victoria y Ra\u00fal Fern\u00e1ndez ampl\u00eda su liderato\"}]},{\"@type\":\"WebSite\",\"@id\":\"https:\\\/\\\/www.boxrepsol.com\\\/es\\\/#website\",\"url\":\"https:\\\/\\\/www.boxrepsol.com\\\/es\\\/\",\"name\":\"Box Repsol\",\"description\":\"Box Repsol Site\",\"publisher\":{\"@id\":\"https:\\\/\\\/www.boxrepsol.com\\\/es\\\/#organization\"},\"potentialAction\":[{\"@type\":\"SearchAction\",\"target\":{\"@type\":\"EntryPoint\",\"urlTemplate\":\"https:\\\/\\\/www.boxrepsol.com\\\/es\\\/?s={search_term_string}\"},\"query-input\":{\"@type\":\"PropertyValueSpecification\",\"valueRequired\":true,\"valueName\":\"search_term_string\"}}],\"inLanguage\":\"es\"},{\"@type\":\"Organization\",\"@id\":\"https:\\\/\\\/www.boxrepsol.com\\\/es\\\/#organization\",\"name\":\"Box Repsol\",\"url\":\"https:\\\/\\\/www.boxrepsol.com\\\/es\\\/\",\"logo\":{\"@type\":\"ImageObject\",\"inLanguage\":\"es\",\"@id\":\"https:\\\/\\\/www.boxrepsol.com\\\/es\\\/#\\\/schema\\\/logo\\\/image\\\/\",\"url\":\"https:\\\/\\\/bxrepsol.s3.eu-west-1.amazonaws.com\\\/static\\\/2025\\\/07\\\/30083337\\\/favicon-96x96-1.png\",\"contentUrl\":\"https:\\\/\\\/bxrepsol.s3.eu-west-1.amazonaws.com\\\/static\\\/2025\\\/07\\\/30083337\\\/favicon-96x96-1.png\",\"width\":96,\"height\":96,\"caption\":\"Box Repsol\"},\"image\":{\"@id\":\"https:\\\/\\\/www.boxrepsol.com\\\/es\\\/#\\\/schema\\\/logo\\\/image\\\/\"},\"sameAs\":[\"https:\\\/\\\/www.facebook.com\\\/BoxRepsol\",\"https:\\\/\\\/x.com\\\/box_repsol\",\"http:\\\/\\\/instagram.com\\\/box_repsol\",\"https:\\\/\\\/www.youtube.com\\\/user\\\/RepsolCompeticion\",\"https:\\\/\\\/www.flickr.com\\\/photos\\\/box_repsol\\\/\"]},{\"@type\":\"Person\",\"@id\":\"https:\\\/\\\/www.boxrepsol.com\\\/es\\\/#\\\/schema\\\/person\\\/c5c2138f2cca251b0ad92b7086bb60b7\",\"name\":\"Redacci\u00f3n Box Repsol\",\"image\":{\"@type\":\"ImageObject\",\"inLanguage\":\"es\",\"@id\":\"https:\\\/\\\/secure.gravatar.com\\\/avatar\\\/adf7b77e38b4419baf32c7e9c21dde01f4e40df611f0978e3006fc4ba0aaab7e?s=96&d=mm&r=g\",\"url\":\"https:\\\/\\\/secure.gravatar.com\\\/avatar\\\/adf7b77e38b4419baf32c7e9c21dde01f4e40df611f0978e3006fc4ba0aaab7e?s=96&d=mm&r=g\",\"contentUrl\":\"https:\\\/\\\/secure.gravatar.com\\\/avatar\\\/adf7b77e38b4419baf32c7e9c21dde01f4e40df611f0978e3006fc4ba0aaab7e?s=96&d=mm&r=g\",\"caption\":\"Redacci\u00f3n Box Repsol\"},\"description\":\"Box Repsol lo forma un equipo de periodistas, community managers, dise\u00f1adores y fot\u00f3grafos con m\u00e1s de 20 a\u00f1os de experiencia en el mundo del motorsport. Hemos vivido el primer mundial de un espa\u00f1ol en la categor\u00eda reina de motociclismo con \u00c1lex Crivill\u00e9, estuvimos en las victorias de Pedrosa y los t\u00edtulos de M\u00e1rquez, acompa\u00f1amos en \u00c1frica a Nani Roma y Marc Coma en sus conquistas del Dakar y hemos vibrado con los t\u00edtulos de Toni Bou en Trial. Adem\u00e1s, en nuestro equipo contamos con expertos en el mundo de las dos y cuatro ruedas tanto de la calle y las carreteras, como de los circuitos. Periodistas que han trabajado en revistas y publicaciones para hacerte llegar desde rutas y consejos de mantenimiento, a curiosidades y trucos de pilotaje.\",\"sameAs\":[\"https:\\\/\\\/www.facebook.com\\\/BoxRepsol\\\/\",\"https:\\\/\\\/www.instagram.com\\\/box_repsol\\\/\",\"https:\\\/\\\/x.com\\\/https:\\\/\\\/twitter.com\\\/box_repsol\",\"https:\\\/\\\/www.youtube.com\\\/@Boxrepsol\"],\"url\":\"https:\\\/\\\/www.boxrepsol.com\\\/es\\\/author\\\/redaccion-box-repsol\\\/\"}]}<\/script>\n<!-- \/ Yoast SEO plugin. -->","yoast_head_json":{"title":"Aleix Viu logra su primera victoria y Ra\u00fal Fern\u00e1ndez ampl\u00eda su liderato - Box Repsol","description":"Aleix Viu logra su primera victoria y ha dominado la quinta visita del FIM CEV Repsol al Circuito de Le Mans logrando su segunda \u201cpole\u201d y su primer triunfo.","canonical":"https:\/\/www.boxrepsol.com\/es\/sin-categorizar\/aleix-viu-logra-primera-victoria-raul-fernandez-amplia-liderato\/","og_locale":"es_ES","og_type":"article","og_title":"Aleix Viu logra su primera victoria y Ra\u00fal Fern\u00e1ndez ampl\u00eda su liderato - Box Repsol","og_description":"Aleix Viu logra su primera victoria y ha dominado la quinta visita del FIM CEV Repsol al Circuito de Le Mans logrando su segunda \u201cpole\u201d y su primer triunfo.","og_url":"https:\/\/www.boxrepsol.com\/es\/sin-categorizar\/aleix-viu-logra-primera-victoria-raul-fernandez-amplia-liderato\/","og_site_name":"Box Repsol","article_publisher":"https:\/\/www.facebook.com\/BoxRepsol","article_author":"https:\/\/www.facebook.com\/BoxRepsol\/","article_published_time":"2018-05-21T02:00:00+00:00","article_modified_time":"2024-05-22T08:26:14+00:00","og_image":[{"width":995,"height":560,"url":"https:\/\/bxrepsol.s3.eu-west-1.amazonaws.com\/static\/2022\/08\/29081305\/00_cev_le_mans_francia_repsol_podio_2018.jpg","type":"image\/jpeg"}],"author":"Redacci\u00f3n Box Repsol","twitter_card":"summary_large_image","twitter_creator":"@https:\/\/twitter.com\/box_repsol","twitter_site":"@box_repsol","twitter_misc":{"Written by":"Redacci\u00f3n Box Repsol","Est. reading time":"1 minuto"},"schema":{"@context":"https:\/\/schema.org","@graph":[{"@type":"Article","@id":"https:\/\/www.boxrepsol.com\/es\/sin-categorizar\/aleix-viu-logra-primera-victoria-raul-fernandez-amplia-liderato\/#article","isPartOf":{"@id":"https:\/\/www.boxrepsol.com\/es\/sin-categorizar\/aleix-viu-logra-primera-victoria-raul-fernandez-amplia-liderato\/"},"author":{"name":"Redacci\u00f3n Box Repsol","@id":"https:\/\/www.boxrepsol.com\/es\/#\/schema\/person\/c5c2138f2cca251b0ad92b7086bb60b7"},"headline":"Aleix Viu logra su primera victoria y Ra\u00fal Fern\u00e1ndez ampl\u00eda su liderato","datePublished":"2018-05-21T02:00:00+00:00","dateModified":"2024-05-22T08:26:14+00:00","mainEntityOfPage":{"@id":"https:\/\/www.boxrepsol.com\/es\/sin-categorizar\/aleix-viu-logra-primera-victoria-raul-fernandez-amplia-liderato\/"},"wordCount":245,"commentCount":0,"publisher":{"@id":"https:\/\/www.boxrepsol.com\/es\/#organization"},"image":{"@id":"https:\/\/www.boxrepsol.com\/es\/sin-categorizar\/aleix-viu-logra-primera-victoria-raul-fernandez-amplia-liderato\/#primaryimage"},"thumbnailUrl":"https:\/\/bxrepsol.s3.eu-west-1.amazonaws.com\/static\/2022\/08\/29081305\/00_cev_le_mans_francia_repsol_podio_2018.jpg","keywords":["otros eventos y competiciones"],"articleSection":["Sin categorizar"],"inLanguage":"es","potentialAction":[{"@type":"CommentAction","name":"Comment","target":["https:\/\/www.boxrepsol.com\/es\/sin-categorizar\/aleix-viu-logra-primera-victoria-raul-fernandez-amplia-liderato\/#respond"]}]},{"@type":"WebPage","@id":"https:\/\/www.boxrepsol.com\/es\/sin-categorizar\/aleix-viu-logra-primera-victoria-raul-fernandez-amplia-liderato\/","url":"https:\/\/www.boxrepsol.com\/es\/sin-categorizar\/aleix-viu-logra-primera-victoria-raul-fernandez-amplia-liderato\/","name":"Aleix Viu logra su primera victoria y Ra\u00fal Fern\u00e1ndez ampl\u00eda su liderato - Box Repsol","isPartOf":{"@id":"https:\/\/www.boxrepsol.com\/es\/#website"},"primaryImageOfPage":{"@id":"https:\/\/www.boxrepsol.com\/es\/sin-categorizar\/aleix-viu-logra-primera-victoria-raul-fernandez-amplia-liderato\/#primaryimage"},"image":{"@id":"https:\/\/www.boxrepsol.com\/es\/sin-categorizar\/aleix-viu-logra-primera-victoria-raul-fernandez-amplia-liderato\/#primaryimage"},"thumbnailUrl":"https:\/\/bxrepsol.s3.eu-west-1.amazonaws.com\/static\/2022\/08\/29081305\/00_cev_le_mans_francia_repsol_podio_2018.jpg","datePublished":"2018-05-21T02:00:00+00:00","dateModified":"2024-05-22T08:26:14+00:00","description":"Aleix Viu logra su primera victoria y ha dominado la quinta visita del FIM CEV Repsol al Circuito de Le Mans logrando su segunda \u201cpole\u201d y su primer triunfo.","breadcrumb":{"@id":"https:\/\/www.boxrepsol.com\/es\/sin-categorizar\/aleix-viu-logra-primera-victoria-raul-fernandez-amplia-liderato\/#breadcrumb"},"inLanguage":"es","potentialAction":[{"@type":"ReadAction","target":["https:\/\/www.boxrepsol.com\/es\/sin-categorizar\/aleix-viu-logra-primera-victoria-raul-fernandez-amplia-liderato\/"]}]},{"@type":"ImageObject","inLanguage":"es","@id":"https:\/\/www.boxrepsol.com\/es\/sin-categorizar\/aleix-viu-logra-primera-victoria-raul-fernandez-amplia-liderato\/#primaryimage","url":"https:\/\/bxrepsol.s3.eu-west-1.amazonaws.com\/static\/2022\/08\/29081305\/00_cev_le_mans_francia_repsol_podio_2018.jpg","contentUrl":"https:\/\/bxrepsol.s3.eu-west-1.amazonaws.com\/static\/2022\/08\/29081305\/00_cev_le_mans_francia_repsol_podio_2018.jpg","width":995,"height":560,"caption":"Podio de FIM CEV Repsol Le Mans Francia 2018"},{"@type":"BreadcrumbList","@id":"https:\/\/www.boxrepsol.com\/es\/sin-categorizar\/aleix-viu-logra-primera-victoria-raul-fernandez-amplia-liderato\/#breadcrumb","itemListElement":[{"@type":"ListItem","position":1,"name":"Home","item":"https:\/\/www.boxrepsol.com\/es\/"},{"@type":"ListItem","position":2,"name":"Aleix Viu logra su primera victoria y Ra\u00fal Fern\u00e1ndez ampl\u00eda su liderato"}]},{"@type":"WebSite","@id":"https:\/\/www.boxrepsol.com\/es\/#website","url":"https:\/\/www.boxrepsol.com\/es\/","name":"Box Repsol","description":"Box Repsol Site","publisher":{"@id":"https:\/\/www.boxrepsol.com\/es\/#organization"},"potentialAction":[{"@type":"SearchAction","target":{"@type":"EntryPoint","urlTemplate":"https:\/\/www.boxrepsol.com\/es\/?s={search_term_string}"},"query-input":{"@type":"PropertyValueSpecification","valueRequired":true,"valueName":"search_term_string"}}],"inLanguage":"es"},{"@type":"Organization","@id":"https:\/\/www.boxrepsol.com\/es\/#organization","name":"Box Repsol","url":"https:\/\/www.boxrepsol.com\/es\/","logo":{"@type":"ImageObject","inLanguage":"es","@id":"https:\/\/www.boxrepsol.com\/es\/#\/schema\/logo\/image\/","url":"https:\/\/bxrepsol.s3.eu-west-1.amazonaws.com\/static\/2025\/07\/30083337\/favicon-96x96-1.png","contentUrl":"https:\/\/bxrepsol.s3.eu-west-1.amazonaws.com\/static\/2025\/07\/30083337\/favicon-96x96-1.png","width":96,"height":96,"caption":"Box Repsol"},"image":{"@id":"https:\/\/www.boxrepsol.com\/es\/#\/schema\/logo\/image\/"},"sameAs":["https:\/\/www.facebook.com\/BoxRepsol","https:\/\/x.com\/box_repsol","http:\/\/instagram.com\/box_repsol","https:\/\/www.youtube.com\/user\/RepsolCompeticion","https:\/\/www.flickr.com\/photos\/box_repsol\/"]},{"@type":"Person","@id":"https:\/\/www.boxrepsol.com\/es\/#\/schema\/person\/c5c2138f2cca251b0ad92b7086bb60b7","name":"Redacci\u00f3n Box Repsol","image":{"@type":"ImageObject","inLanguage":"es","@id":"https:\/\/secure.gravatar.com\/avatar\/adf7b77e38b4419baf32c7e9c21dde01f4e40df611f0978e3006fc4ba0aaab7e?s=96&d=mm&r=g","url":"https:\/\/secure.gravatar.com\/avatar\/adf7b77e38b4419baf32c7e9c21dde01f4e40df611f0978e3006fc4ba0aaab7e?s=96&d=mm&r=g","contentUrl":"https:\/\/secure.gravatar.com\/avatar\/adf7b77e38b4419baf32c7e9c21dde01f4e40df611f0978e3006fc4ba0aaab7e?s=96&d=mm&r=g","caption":"Redacci\u00f3n Box Repsol"},"description":"Box Repsol lo forma un equipo de periodistas, community managers, dise\u00f1adores y fot\u00f3grafos con m\u00e1s de 20 a\u00f1os de experiencia en el mundo del motorsport. Hemos vivido el primer mundial de un espa\u00f1ol en la categor\u00eda reina de motociclismo con \u00c1lex Crivill\u00e9, estuvimos en las victorias de Pedrosa y los t\u00edtulos de M\u00e1rquez, acompa\u00f1amos en \u00c1frica a Nani Roma y Marc Coma en sus conquistas del Dakar y hemos vibrado con los t\u00edtulos de Toni Bou en Trial. Adem\u00e1s, en nuestro equipo contamos con expertos en el mundo de las dos y cuatro ruedas tanto de la calle y las carreteras, como de los circuitos. Periodistas que han trabajado en revistas y publicaciones para hacerte llegar desde rutas y consejos de mantenimiento, a curiosidades y trucos de pilotaje.","sameAs":["https:\/\/www.facebook.com\/BoxRepsol\/","https:\/\/www.instagram.com\/box_repsol\/","https:\/\/x.com\/https:\/\/twitter.com\/box_repsol","https:\/\/www.youtube.com\/@Boxrepsol"],"url":"https:\/\/www.boxrepsol.com\/es\/author\/redaccion-box-repsol\/"}]}},"_links":{"self":[{"href":"https:\/\/www.boxrepsol.com\/es\/wp-json\/wp\/v2\/posts\/93084","targetHints":{"allow":["GET"]}}],"collection":[{"href":"https:\/\/www.boxrepsol.com\/es\/wp-json\/wp\/v2\/posts"}],"about":[{"href":"https:\/\/www.boxrepsol.com\/es\/wp-json\/wp\/v2\/types\/post"}],"author":[{"embeddable":true,"href":"https:\/\/www.boxrepsol.com\/es\/wp-json\/wp\/v2\/users\/43146"}],"replies":[{"embeddable":true,"href":"https:\/\/www.boxrepsol.com\/es\/wp-json\/wp\/v2\/comments?post=93084"}],"version-history":[{"count":1,"href":"https:\/\/www.boxrepsol.com\/es\/wp-json\/wp\/v2\/posts\/93084\/revisions"}],"predecessor-version":[{"id":93085,"href":"https:\/\/www.boxrepsol.com\/es\/wp-json\/wp\/v2\/posts\/93084\/revisions\/93085"}],"wp:featuredmedia":[{"embeddable":true,"href":"https:\/\/www.boxrepsol.com\/es\/wp-json\/wp\/v2\/media\/58002"}],"wp:attachment":[{"href":"https:\/\/www.boxrepsol.com\/es\/wp-json\/wp\/v2\/media?parent=93084"}],"wp:term":[{"taxonomy":"category","embeddable":true,"href":"https:\/\/www.boxrepsol.com\/es\/wp-json\/wp\/v2\/categories?post=93084"},{"taxonomy":"post_tag","embeddable":true,"href":"https:\/\/www.boxrepsol.com\/es\/wp-json\/wp\/v2\/tags?post=93084"}],"curies":[{"name":"wp","href":"https:\/\/api.w.org\/{rel}","templated":true}]}}