{"id":93067,"date":"2018-05-16T00:00:00","date_gmt":"2018-05-16T02:00:00","guid":{"rendered":"http:\/\/pre.boxrepsol.com\/sin-categorizar\/equipo-repsol-honda-esta-dos-tres-escalones-rivales\/"},"modified":"2024-05-22T06:27:44","modified_gmt":"2024-05-22T08:27:44","slug":"equipo-repsol-honda-esta-dos-tres-escalones-rivales","status":"publish","type":"post","link":"https:\/\/www.boxrepsol.com\/es\/motogp\/equipo-repsol-honda-esta-dos-tres-escalones-rivales\/","title":{"rendered":"Gelete Nieto: \u00abRepsol Honda est\u00e1 dos o tres escalones por encima de sus rivales\u201d"},"content":{"rendered":"<blockquote><p>\n\t<a href=\"http:\/\/twitter.com\/share?text=Este+a%C3%B1o+%5BMarc%5D+se+ve+superior+a+sus+rivales+y+lo+aprovech%C3%B3+en+Jerez&#038;url=https%3A%2F%2Fwww.boxrepsol.com%2Fes%2Fmotogp%2Fequipo-repsol-honda-esta-dos-tres-escalones-rivales%2F\" target=\"_blank\" rel=\"noopener\"><\/p>\n<p>Este a\u00f1o [Marc] se ve superior a sus rivales y lo aprovech\u00f3 en Jerez<\/p>\n<p>\t<\/a>\n<\/p><\/blockquote>\n<p><em>Hace dos semanas, tuvo lugar una de las ediciones m\u00e1s emotivas del Gran Premio de Espa\u00f1a, y es que fueron varios los homenajes que tanto el\u00a0paddock\u00a0como la afici\u00f3n le rindieron a \u00c1ngel Nieto, fallecido el a\u00f1o pasado. Su hijo mayor, Gelete Nieto, actualmente Team Manager del Angel Nieto Team MotoGP, nos cuenta c\u00f3mo vivi\u00f3 las diferentes muestras de cari\u00f1o a su padre y analiza la actual temporada antes del Gran Premio de Le Mans.<\/em><\/p>\n<p><strong>\u00bfC\u00f3mo viviste un Gran Premio tan emotivo para tu familia?<br \/>\n<\/strong><\/p>\n<p>Fue un Gran Premio muy especial. Las sensaciones eran tristes, pero a la vez alegres al sentir tanto cari\u00f1o y ver todo lo que hab\u00eda preparado la propia organizaci\u00f3n. Mi padre llevaba muchos a\u00f1os en el Mundial y lo que m\u00e1s nos hubiera gustado a todos es que estuviera con nosotros, pero la vida es as\u00ed. Nos quedamos con los momentos bonitos que hemos vivido: desde la inauguraci\u00f3n del circuito con el nombre de \u00c1ngel Nieto en el\u00a0pitlane\u00a0o la escultura en el acceso, donde estuvimos familiares, amigos y aficionados. \u00a0Fue muy bonito y emocionante. Mi hermano Pablo y yo dimos una vuelta al circuito, llevando las motos de mi padre con las que gan\u00f3 varios mundiales. Los dos sentimos una gran emoci\u00f3n desde que arrancamos los motores hasta que acabamos la vuelta. Nos dimos cuenta de que la afici\u00f3n en todo momento se encontraba muy alegre y nos rindieron un homenaje que nunca vamos a olvidar. Cada vez que pas\u00e1bamos por cualquier curva, se pon\u00edan de pie y nos aplaud\u00edan. Fue un homenaje precioso a\u00a0 mi padre.<\/p>\n<p><strong>En tu nuevo rol como <em>team manager<\/em> del \u00c1ngel Nieto Team, \u00bfsueles ir a la pista para ver a tus pilotos?<br \/>\n<\/strong><\/p>\n<p>En principio mi rol no era ir a pista, pero en ocasiones los pilotos me han pedido que vaya. All\u00ed se pueden ver muchas cosas, sobre todo cuando los pilotos tienen alg\u00fan problema. En la telemetr\u00eda tambi\u00e9n se ve, pero al final te quedas m\u00e1s con la realidad que con algunos par\u00e1metros, es m\u00e1s f\u00e1cil si alguien que entiende de esto te diga que ha visto el problema del que hablas. Es importante que los equipos tengan un\u00a0<em>coach<\/em>, una persona que haya corrido en moto o que sepa del tema, para ayudar y aportar al equipo o al piloto e intentar mejorar.<\/p>\n<p><strong>\u00bfQu\u00e9 nos podr\u00edas decir de lo que ves a pie de pista de las principales marcas y de los pilotos?<br \/>\n<\/strong><\/p>\n<p>En MotoGP, el equipo Repsol Honda est\u00e1 dos o tres escalones por encima de sus rivales. Sobre todo Marc [M\u00e1rquez]. La mayor ventaja que tienen a d\u00eda de hoy es que en las curvas lentas, la moto corta muy bien el viraje. Incluso se suben por encima del piano, por el interior, cosas que otros pilotos no hacen. Tanto Marc como Dani [Pedrosa], levantan la moto muy f\u00e1cilmente a la salida de las curvas. Pero este a\u00f1o veo a Marc m\u00e1s seguro, creo que Honda ha trabajado duro y est\u00e1 convencida de que es superior a sus rivales.<\/p>\n<p>Marc siempre nos tiene a todos con la incertidumbre de qu\u00e9 va a pasar. En muchas ocasiones le vemos en el suelo, pero al final consigue levantar la moto. Eso quiere decir que tiene la moto muy por la mano, conf\u00eda mucho en s\u00ed mismo y en sus posibilidades. A Dani [Pedrosa] la moto no se le mueve tanto, es un piloto muy fino y rapid\u00edsimo. Es cierto que quiz\u00e1s \u00e9l necesita m\u00e1s tener la moto que le gusta para poder dar el cien por cien, en cambio Marc no necesita que vaya tan bien para sacarle el ciento diez por cien.<\/p>\n<p>\t\t\t\t<img decoding=\"async\" src=\"https:\/\/bxrepsol.s3.eu-west-1.amazonaws.com\/static\/2022\/08\/05055452\/00_gelete_moto_125cc_repsol.jpg\" alt=\"Gelete Nieto Rodando con patrimonio Repsol\" itemprop=\"image\"  \/><\/p>\n<p><strong>\u00bfQu\u00e9 te pareci\u00f3 la carrera de Marc en Jerez? \u00bfY la manera en la que la plante\u00f3?<br \/>\n<\/strong><\/p>\n<p>Hizo una carrera brillante, igual que en las dem\u00e1s, muy por encima de sus rivales. Marc se plantea todas las carreras igual y creo que lo va a seguir haciendo durante todo el campeonato. Este a\u00f1o se ve superior a sus rivales y lo aprovech\u00f3 en Jerez, lo aprovechar\u00e1 en Le Mans y en las siguientes carreras. Falta mucho campeonato y pueden pasar much\u00edsimas cosas, pero a d\u00eda de hoy se le ve muy convencido y lo tiene todo bastante controlado.<\/p>\n<p><strong>Tu padre siempre hablaba maravillas de Dani Pedrosa, lo ten\u00eda por un piloto muy especial. \u00bfRecuerdas qu\u00e9 comentaba sobre Dani?<br \/>\n<\/strong><\/p>\n<p>Claro que lo recuerdo. Comentaba que era el piloto m\u00e1s t\u00e9cnico que hab\u00eda en el Mundial, el m\u00e1s fino y quiz\u00e1s el m\u00e1s bonito de ver pilotando una moto. Yo opino muy parecido, creo que Dani es un piloto brillante. Quiz\u00e1s le falte un poco de envergadura, pero es un piloto que en el cuerpo a cuerpo ha ganado a Marc, Valentino y a otros \u00a0grandes pilotos. Ha hecho carreras brutales pero el problema, quiz\u00e1s, es que necesita tener la moto como a \u00e9l le gusta para sacar su cien por cien. Adem\u00e1s de un grand\u00edsimo piloto, le tengo mucho cari\u00f1o como persona y le deseo lo mejor del mundo, porque es un gran amigo.<\/p>\n<p><strong>\u00bfQu\u00e9 opinas de la carrera que hizo en Austin lesionado?<br \/>\n<\/strong><\/p>\n<p>Dani siempre ha hecho un gran campeonato, desde que est\u00e1 corriendo en moto es un piloto que se juega el Mundial y al final acaba en el Top5. Creo que le ha faltado un golpe de suerte, a diferencia de otros pilotos.<\/p>\n<p><strong>\u00bfC\u00f3mo es el circuito de Le Mans? \u00bfQu\u00e9 pilotos y motos se pueden adaptar mejor ah\u00ed?<br \/>\n<\/strong><\/p>\n<p>En ese circuito nos podemos encontrar con lluvia, hay que estar muy atento a la meteorolog\u00eda y aprovechar si no llueve para intentar hacer una buena clasificaci\u00f3n. No es un circuito especialmente dif\u00edcil, es m\u00e1s bien sencillo. El primer parcial quiz\u00e1s es la zona m\u00e1s t\u00e9cnica, pero el resto del circuito no tiene complicaciones, y ah\u00ed es donde normalmente Marc suele ir bastante r\u00e1pido. Pueden pasar tant\u00edsimas cosas, hoy en d\u00eda los pilotos y las motos est\u00e1n muy igualadas. Cualquiera de los que est\u00e1n luchando por subir al podio puede ganar all\u00ed.<\/p>\n<p><strong>\u00bfTe atreves a hacer un pron\u00f3stico del resto del Mundial?<br \/>\n<\/strong><\/p>\n<p>Es muy pronto para decir algo. Las Suzuki han mejorado much\u00edsimo y falta por ver a las Ducati con un poco m\u00e1s de potencial y en posiciones m\u00e1s delanteras; creo que tambi\u00e9n llegar\u00e1n a estar delante. Falta mucho para que acabe y pueden pasar muchas cosas. Si tengo que firmar algo ahora, firmo por Marc.<\/p>\n","protected":false},"excerpt":{"rendered":"<p>El expiloto Repsol vivi\u00f3 de forma muy especial el pasado Gran Premio de Espa\u00f1a, en el que se sucedieron los homenajes a su padre, \u00c1ngel Nieto.<\/p>\n","protected":false},"author":43146,"featured_media":57935,"comment_status":"open","ping_status":"open","sticky":false,"template":"","format":"standard","meta":{"footnotes":""},"categories":[4],"tags":[178],"class_list":["post-93067","post","type-post","status-publish","format-standard","hentry","category-motogp","tag-pilotos-de-motociclismo"],"yoast_head":"<!-- This site is optimized with the Yoast SEO plugin v27.3 - https:\/\/yoast.com\/product\/yoast-seo-wordpress\/ -->\n<title>Gelete Nieto: &quot;Repsol Honda est\u00e1 dos o tres escalones por encima de sus rivales\u201d - Box Repsol<\/title>\n<meta name=\"description\" content=\"El expiloto Repsol, Gelete Nieto, vivi\u00f3 de forma muy especial el pasado GP de Espa\u00f1a, en el que se sucedieron los homenajes a su padre, \u00c1ngel Nieto.\" \/>\n<link rel=\"canonical\" href=\"https:\/\/www.boxrepsol.com\/es\/motogp\/equipo-repsol-honda-esta-dos-tres-escalones-rivales\/\" \/>\n<meta property=\"og:locale\" content=\"es_ES\" \/>\n<meta property=\"og:type\" content=\"article\" \/>\n<meta property=\"og:title\" content=\"Gelete Nieto: &quot;Repsol Honda est\u00e1 dos o tres escalones por encima de sus rivales\u201d - Box Repsol\" \/>\n<meta property=\"og:description\" content=\"El expiloto Repsol, Gelete Nieto, vivi\u00f3 de forma muy especial el pasado GP de Espa\u00f1a, en el que se sucedieron los homenajes a su padre, \u00c1ngel Nieto.\" \/>\n<meta property=\"og:url\" content=\"https:\/\/www.boxrepsol.com\/es\/motogp\/equipo-repsol-honda-esta-dos-tres-escalones-rivales\/\" \/>\n<meta property=\"og:site_name\" content=\"Box Repsol\" \/>\n<meta property=\"article:publisher\" content=\"https:\/\/www.facebook.com\/BoxRepsol\" \/>\n<meta property=\"article:author\" content=\"https:\/\/www.facebook.com\/BoxRepsol\/\" \/>\n<meta property=\"article:published_time\" content=\"2018-05-16T02:00:00+00:00\" \/>\n<meta property=\"article:modified_time\" content=\"2024-05-22T08:27:44+00:00\" \/>\n<meta property=\"og:image\" content=\"https:\/\/bxrepsol.s3.eu-west-1.amazonaws.com\/static\/2022\/08\/29081228\/00_gelete_nieto_balas_rojas_derby.jpg\" \/>\n\t<meta property=\"og:image:width\" content=\"995\" \/>\n\t<meta property=\"og:image:height\" content=\"560\" \/>\n\t<meta property=\"og:image:type\" content=\"image\/jpeg\" \/>\n<meta name=\"author\" content=\"Redacci\u00f3n Box Repsol\" \/>\n<meta name=\"twitter:card\" content=\"summary_large_image\" \/>\n<meta name=\"twitter:creator\" content=\"@https:\/\/twitter.com\/box_repsol\" \/>\n<meta name=\"twitter:site\" content=\"@box_repsol\" \/>\n<meta name=\"twitter:label1\" content=\"Written by\" \/>\n\t<meta name=\"twitter:data1\" content=\"Redacci\u00f3n Box Repsol\" \/>\n\t<meta name=\"twitter:label2\" content=\"Est. reading time\" \/>\n\t<meta name=\"twitter:data2\" content=\"6 minutos\" \/>\n<script type=\"application\/ld+json\" class=\"yoast-schema-graph\">{\"@context\":\"https:\\\/\\\/schema.org\",\"@graph\":[{\"@type\":\"Article\",\"@id\":\"https:\\\/\\\/www.boxrepsol.com\\\/es\\\/motogp\\\/equipo-repsol-honda-esta-dos-tres-escalones-rivales\\\/#article\",\"isPartOf\":{\"@id\":\"https:\\\/\\\/www.boxrepsol.com\\\/es\\\/motogp\\\/equipo-repsol-honda-esta-dos-tres-escalones-rivales\\\/\"},\"author\":{\"name\":\"Redacci\u00f3n Box Repsol\",\"@id\":\"https:\\\/\\\/www.boxrepsol.com\\\/es\\\/#\\\/schema\\\/person\\\/c5c2138f2cca251b0ad92b7086bb60b7\"},\"headline\":\"Gelete Nieto: \u00abRepsol Honda est\u00e1 dos o tres escalones por encima de sus rivales\u201d\",\"datePublished\":\"2018-05-16T02:00:00+00:00\",\"dateModified\":\"2024-05-22T08:27:44+00:00\",\"mainEntityOfPage\":{\"@id\":\"https:\\\/\\\/www.boxrepsol.com\\\/es\\\/motogp\\\/equipo-repsol-honda-esta-dos-tres-escalones-rivales\\\/\"},\"wordCount\":1166,\"commentCount\":0,\"publisher\":{\"@id\":\"https:\\\/\\\/www.boxrepsol.com\\\/es\\\/#organization\"},\"image\":{\"@id\":\"https:\\\/\\\/www.boxrepsol.com\\\/es\\\/motogp\\\/equipo-repsol-honda-esta-dos-tres-escalones-rivales\\\/#primaryimage\"},\"thumbnailUrl\":\"https:\\\/\\\/bxrepsol.s3.eu-west-1.amazonaws.com\\\/static\\\/2022\\\/08\\\/29081228\\\/00_gelete_nieto_balas_rojas_derby.jpg\",\"keywords\":[\"pilotos de motociclismo\"],\"articleSection\":[\"MotoGP\"],\"inLanguage\":\"es\",\"potentialAction\":[{\"@type\":\"CommentAction\",\"name\":\"Comment\",\"target\":[\"https:\\\/\\\/www.boxrepsol.com\\\/es\\\/motogp\\\/equipo-repsol-honda-esta-dos-tres-escalones-rivales\\\/#respond\"]}]},{\"@type\":\"WebPage\",\"@id\":\"https:\\\/\\\/www.boxrepsol.com\\\/es\\\/motogp\\\/equipo-repsol-honda-esta-dos-tres-escalones-rivales\\\/\",\"url\":\"https:\\\/\\\/www.boxrepsol.com\\\/es\\\/motogp\\\/equipo-repsol-honda-esta-dos-tres-escalones-rivales\\\/\",\"name\":\"Gelete Nieto: \\\"Repsol Honda est\u00e1 dos o tres escalones por encima de sus rivales\u201d - Box Repsol\",\"isPartOf\":{\"@id\":\"https:\\\/\\\/www.boxrepsol.com\\\/es\\\/#website\"},\"primaryImageOfPage\":{\"@id\":\"https:\\\/\\\/www.boxrepsol.com\\\/es\\\/motogp\\\/equipo-repsol-honda-esta-dos-tres-escalones-rivales\\\/#primaryimage\"},\"image\":{\"@id\":\"https:\\\/\\\/www.boxrepsol.com\\\/es\\\/motogp\\\/equipo-repsol-honda-esta-dos-tres-escalones-rivales\\\/#primaryimage\"},\"thumbnailUrl\":\"https:\\\/\\\/bxrepsol.s3.eu-west-1.amazonaws.com\\\/static\\\/2022\\\/08\\\/29081228\\\/00_gelete_nieto_balas_rojas_derby.jpg\",\"datePublished\":\"2018-05-16T02:00:00+00:00\",\"dateModified\":\"2024-05-22T08:27:44+00:00\",\"description\":\"El expiloto Repsol, Gelete Nieto, vivi\u00f3 de forma muy especial el pasado GP de Espa\u00f1a, en el que se sucedieron los homenajes a su padre, \u00c1ngel Nieto.\",\"breadcrumb\":{\"@id\":\"https:\\\/\\\/www.boxrepsol.com\\\/es\\\/motogp\\\/equipo-repsol-honda-esta-dos-tres-escalones-rivales\\\/#breadcrumb\"},\"inLanguage\":\"es\",\"potentialAction\":[{\"@type\":\"ReadAction\",\"target\":[\"https:\\\/\\\/www.boxrepsol.com\\\/es\\\/motogp\\\/equipo-repsol-honda-esta-dos-tres-escalones-rivales\\\/\"]}]},{\"@type\":\"ImageObject\",\"inLanguage\":\"es\",\"@id\":\"https:\\\/\\\/www.boxrepsol.com\\\/es\\\/motogp\\\/equipo-repsol-honda-esta-dos-tres-escalones-rivales\\\/#primaryimage\",\"url\":\"https:\\\/\\\/bxrepsol.s3.eu-west-1.amazonaws.com\\\/static\\\/2022\\\/08\\\/29081228\\\/00_gelete_nieto_balas_rojas_derby.jpg\",\"contentUrl\":\"https:\\\/\\\/bxrepsol.s3.eu-west-1.amazonaws.com\\\/static\\\/2022\\\/08\\\/29081228\\\/00_gelete_nieto_balas_rojas_derby.jpg\",\"width\":995,\"height\":560,\"caption\":\"familia nieto\"},{\"@type\":\"BreadcrumbList\",\"@id\":\"https:\\\/\\\/www.boxrepsol.com\\\/es\\\/motogp\\\/equipo-repsol-honda-esta-dos-tres-escalones-rivales\\\/#breadcrumb\",\"itemListElement\":[{\"@type\":\"ListItem\",\"position\":1,\"name\":\"Home\",\"item\":\"https:\\\/\\\/www.boxrepsol.com\\\/es\\\/\"},{\"@type\":\"ListItem\",\"position\":2,\"name\":\"Gelete Nieto: \u00abRepsol Honda est\u00e1 dos o tres escalones por encima de sus rivales\u201d\"}]},{\"@type\":\"WebSite\",\"@id\":\"https:\\\/\\\/www.boxrepsol.com\\\/es\\\/#website\",\"url\":\"https:\\\/\\\/www.boxrepsol.com\\\/es\\\/\",\"name\":\"Box Repsol\",\"description\":\"Box Repsol Site\",\"publisher\":{\"@id\":\"https:\\\/\\\/www.boxrepsol.com\\\/es\\\/#organization\"},\"potentialAction\":[{\"@type\":\"SearchAction\",\"target\":{\"@type\":\"EntryPoint\",\"urlTemplate\":\"https:\\\/\\\/www.boxrepsol.com\\\/es\\\/?s={search_term_string}\"},\"query-input\":{\"@type\":\"PropertyValueSpecification\",\"valueRequired\":true,\"valueName\":\"search_term_string\"}}],\"inLanguage\":\"es\"},{\"@type\":\"Organization\",\"@id\":\"https:\\\/\\\/www.boxrepsol.com\\\/es\\\/#organization\",\"name\":\"Box Repsol\",\"url\":\"https:\\\/\\\/www.boxrepsol.com\\\/es\\\/\",\"logo\":{\"@type\":\"ImageObject\",\"inLanguage\":\"es\",\"@id\":\"https:\\\/\\\/www.boxrepsol.com\\\/es\\\/#\\\/schema\\\/logo\\\/image\\\/\",\"url\":\"https:\\\/\\\/bxrepsol.s3.eu-west-1.amazonaws.com\\\/static\\\/2025\\\/07\\\/30083337\\\/favicon-96x96-1.png\",\"contentUrl\":\"https:\\\/\\\/bxrepsol.s3.eu-west-1.amazonaws.com\\\/static\\\/2025\\\/07\\\/30083337\\\/favicon-96x96-1.png\",\"width\":96,\"height\":96,\"caption\":\"Box Repsol\"},\"image\":{\"@id\":\"https:\\\/\\\/www.boxrepsol.com\\\/es\\\/#\\\/schema\\\/logo\\\/image\\\/\"},\"sameAs\":[\"https:\\\/\\\/www.facebook.com\\\/BoxRepsol\",\"https:\\\/\\\/x.com\\\/box_repsol\",\"http:\\\/\\\/instagram.com\\\/box_repsol\",\"https:\\\/\\\/www.youtube.com\\\/user\\\/RepsolCompeticion\",\"https:\\\/\\\/www.flickr.com\\\/photos\\\/box_repsol\\\/\"]},{\"@type\":\"Person\",\"@id\":\"https:\\\/\\\/www.boxrepsol.com\\\/es\\\/#\\\/schema\\\/person\\\/c5c2138f2cca251b0ad92b7086bb60b7\",\"name\":\"Redacci\u00f3n Box Repsol\",\"image\":{\"@type\":\"ImageObject\",\"inLanguage\":\"es\",\"@id\":\"https:\\\/\\\/secure.gravatar.com\\\/avatar\\\/adf7b77e38b4419baf32c7e9c21dde01f4e40df611f0978e3006fc4ba0aaab7e?s=96&d=mm&r=g\",\"url\":\"https:\\\/\\\/secure.gravatar.com\\\/avatar\\\/adf7b77e38b4419baf32c7e9c21dde01f4e40df611f0978e3006fc4ba0aaab7e?s=96&d=mm&r=g\",\"contentUrl\":\"https:\\\/\\\/secure.gravatar.com\\\/avatar\\\/adf7b77e38b4419baf32c7e9c21dde01f4e40df611f0978e3006fc4ba0aaab7e?s=96&d=mm&r=g\",\"caption\":\"Redacci\u00f3n Box Repsol\"},\"description\":\"Box Repsol lo forma un equipo de periodistas, community managers, dise\u00f1adores y fot\u00f3grafos con m\u00e1s de 20 a\u00f1os de experiencia en el mundo del motorsport. Hemos vivido el primer mundial de un espa\u00f1ol en la categor\u00eda reina de motociclismo con \u00c1lex Crivill\u00e9, estuvimos en las victorias de Pedrosa y los t\u00edtulos de M\u00e1rquez, acompa\u00f1amos en \u00c1frica a Nani Roma y Marc Coma en sus conquistas del Dakar y hemos vibrado con los t\u00edtulos de Toni Bou en Trial. Adem\u00e1s, en nuestro equipo contamos con expertos en el mundo de las dos y cuatro ruedas tanto de la calle y las carreteras, como de los circuitos. Periodistas que han trabajado en revistas y publicaciones para hacerte llegar desde rutas y consejos de mantenimiento, a curiosidades y trucos de pilotaje.\",\"sameAs\":[\"https:\\\/\\\/www.facebook.com\\\/BoxRepsol\\\/\",\"https:\\\/\\\/www.instagram.com\\\/box_repsol\\\/\",\"https:\\\/\\\/x.com\\\/https:\\\/\\\/twitter.com\\\/box_repsol\",\"https:\\\/\\\/www.youtube.com\\\/@Boxrepsol\"],\"url\":\"https:\\\/\\\/www.boxrepsol.com\\\/es\\\/author\\\/redaccion-box-repsol\\\/\"}]}<\/script>\n<!-- \/ Yoast SEO plugin. -->","yoast_head_json":{"title":"Gelete Nieto: \"Repsol Honda est\u00e1 dos o tres escalones por encima de sus rivales\u201d - Box Repsol","description":"El expiloto Repsol, Gelete Nieto, vivi\u00f3 de forma muy especial el pasado GP de Espa\u00f1a, en el que se sucedieron los homenajes a su padre, \u00c1ngel Nieto.","canonical":"https:\/\/www.boxrepsol.com\/es\/motogp\/equipo-repsol-honda-esta-dos-tres-escalones-rivales\/","og_locale":"es_ES","og_type":"article","og_title":"Gelete Nieto: \"Repsol Honda est\u00e1 dos o tres escalones por encima de sus rivales\u201d - Box Repsol","og_description":"El expiloto Repsol, Gelete Nieto, vivi\u00f3 de forma muy especial el pasado GP de Espa\u00f1a, en el que se sucedieron los homenajes a su padre, \u00c1ngel Nieto.","og_url":"https:\/\/www.boxrepsol.com\/es\/motogp\/equipo-repsol-honda-esta-dos-tres-escalones-rivales\/","og_site_name":"Box Repsol","article_publisher":"https:\/\/www.facebook.com\/BoxRepsol","article_author":"https:\/\/www.facebook.com\/BoxRepsol\/","article_published_time":"2018-05-16T02:00:00+00:00","article_modified_time":"2024-05-22T08:27:44+00:00","og_image":[{"width":995,"height":560,"url":"https:\/\/bxrepsol.s3.eu-west-1.amazonaws.com\/static\/2022\/08\/29081228\/00_gelete_nieto_balas_rojas_derby.jpg","type":"image\/jpeg"}],"author":"Redacci\u00f3n Box Repsol","twitter_card":"summary_large_image","twitter_creator":"@https:\/\/twitter.com\/box_repsol","twitter_site":"@box_repsol","twitter_misc":{"Written by":"Redacci\u00f3n Box Repsol","Est. reading time":"6 minutos"},"schema":{"@context":"https:\/\/schema.org","@graph":[{"@type":"Article","@id":"https:\/\/www.boxrepsol.com\/es\/motogp\/equipo-repsol-honda-esta-dos-tres-escalones-rivales\/#article","isPartOf":{"@id":"https:\/\/www.boxrepsol.com\/es\/motogp\/equipo-repsol-honda-esta-dos-tres-escalones-rivales\/"},"author":{"name":"Redacci\u00f3n Box Repsol","@id":"https:\/\/www.boxrepsol.com\/es\/#\/schema\/person\/c5c2138f2cca251b0ad92b7086bb60b7"},"headline":"Gelete Nieto: \u00abRepsol Honda est\u00e1 dos o tres escalones por encima de sus rivales\u201d","datePublished":"2018-05-16T02:00:00+00:00","dateModified":"2024-05-22T08:27:44+00:00","mainEntityOfPage":{"@id":"https:\/\/www.boxrepsol.com\/es\/motogp\/equipo-repsol-honda-esta-dos-tres-escalones-rivales\/"},"wordCount":1166,"commentCount":0,"publisher":{"@id":"https:\/\/www.boxrepsol.com\/es\/#organization"},"image":{"@id":"https:\/\/www.boxrepsol.com\/es\/motogp\/equipo-repsol-honda-esta-dos-tres-escalones-rivales\/#primaryimage"},"thumbnailUrl":"https:\/\/bxrepsol.s3.eu-west-1.amazonaws.com\/static\/2022\/08\/29081228\/00_gelete_nieto_balas_rojas_derby.jpg","keywords":["pilotos de motociclismo"],"articleSection":["MotoGP"],"inLanguage":"es","potentialAction":[{"@type":"CommentAction","name":"Comment","target":["https:\/\/www.boxrepsol.com\/es\/motogp\/equipo-repsol-honda-esta-dos-tres-escalones-rivales\/#respond"]}]},{"@type":"WebPage","@id":"https:\/\/www.boxrepsol.com\/es\/motogp\/equipo-repsol-honda-esta-dos-tres-escalones-rivales\/","url":"https:\/\/www.boxrepsol.com\/es\/motogp\/equipo-repsol-honda-esta-dos-tres-escalones-rivales\/","name":"Gelete Nieto: \"Repsol Honda est\u00e1 dos o tres escalones por encima de sus rivales\u201d - Box Repsol","isPartOf":{"@id":"https:\/\/www.boxrepsol.com\/es\/#website"},"primaryImageOfPage":{"@id":"https:\/\/www.boxrepsol.com\/es\/motogp\/equipo-repsol-honda-esta-dos-tres-escalones-rivales\/#primaryimage"},"image":{"@id":"https:\/\/www.boxrepsol.com\/es\/motogp\/equipo-repsol-honda-esta-dos-tres-escalones-rivales\/#primaryimage"},"thumbnailUrl":"https:\/\/bxrepsol.s3.eu-west-1.amazonaws.com\/static\/2022\/08\/29081228\/00_gelete_nieto_balas_rojas_derby.jpg","datePublished":"2018-05-16T02:00:00+00:00","dateModified":"2024-05-22T08:27:44+00:00","description":"El expiloto Repsol, Gelete Nieto, vivi\u00f3 de forma muy especial el pasado GP de Espa\u00f1a, en el que se sucedieron los homenajes a su padre, \u00c1ngel Nieto.","breadcrumb":{"@id":"https:\/\/www.boxrepsol.com\/es\/motogp\/equipo-repsol-honda-esta-dos-tres-escalones-rivales\/#breadcrumb"},"inLanguage":"es","potentialAction":[{"@type":"ReadAction","target":["https:\/\/www.boxrepsol.com\/es\/motogp\/equipo-repsol-honda-esta-dos-tres-escalones-rivales\/"]}]},{"@type":"ImageObject","inLanguage":"es","@id":"https:\/\/www.boxrepsol.com\/es\/motogp\/equipo-repsol-honda-esta-dos-tres-escalones-rivales\/#primaryimage","url":"https:\/\/bxrepsol.s3.eu-west-1.amazonaws.com\/static\/2022\/08\/29081228\/00_gelete_nieto_balas_rojas_derby.jpg","contentUrl":"https:\/\/bxrepsol.s3.eu-west-1.amazonaws.com\/static\/2022\/08\/29081228\/00_gelete_nieto_balas_rojas_derby.jpg","width":995,"height":560,"caption":"familia nieto"},{"@type":"BreadcrumbList","@id":"https:\/\/www.boxrepsol.com\/es\/motogp\/equipo-repsol-honda-esta-dos-tres-escalones-rivales\/#breadcrumb","itemListElement":[{"@type":"ListItem","position":1,"name":"Home","item":"https:\/\/www.boxrepsol.com\/es\/"},{"@type":"ListItem","position":2,"name":"Gelete Nieto: \u00abRepsol Honda est\u00e1 dos o tres escalones por encima de sus rivales\u201d"}]},{"@type":"WebSite","@id":"https:\/\/www.boxrepsol.com\/es\/#website","url":"https:\/\/www.boxrepsol.com\/es\/","name":"Box Repsol","description":"Box Repsol Site","publisher":{"@id":"https:\/\/www.boxrepsol.com\/es\/#organization"},"potentialAction":[{"@type":"SearchAction","target":{"@type":"EntryPoint","urlTemplate":"https:\/\/www.boxrepsol.com\/es\/?s={search_term_string}"},"query-input":{"@type":"PropertyValueSpecification","valueRequired":true,"valueName":"search_term_string"}}],"inLanguage":"es"},{"@type":"Organization","@id":"https:\/\/www.boxrepsol.com\/es\/#organization","name":"Box Repsol","url":"https:\/\/www.boxrepsol.com\/es\/","logo":{"@type":"ImageObject","inLanguage":"es","@id":"https:\/\/www.boxrepsol.com\/es\/#\/schema\/logo\/image\/","url":"https:\/\/bxrepsol.s3.eu-west-1.amazonaws.com\/static\/2025\/07\/30083337\/favicon-96x96-1.png","contentUrl":"https:\/\/bxrepsol.s3.eu-west-1.amazonaws.com\/static\/2025\/07\/30083337\/favicon-96x96-1.png","width":96,"height":96,"caption":"Box Repsol"},"image":{"@id":"https:\/\/www.boxrepsol.com\/es\/#\/schema\/logo\/image\/"},"sameAs":["https:\/\/www.facebook.com\/BoxRepsol","https:\/\/x.com\/box_repsol","http:\/\/instagram.com\/box_repsol","https:\/\/www.youtube.com\/user\/RepsolCompeticion","https:\/\/www.flickr.com\/photos\/box_repsol\/"]},{"@type":"Person","@id":"https:\/\/www.boxrepsol.com\/es\/#\/schema\/person\/c5c2138f2cca251b0ad92b7086bb60b7","name":"Redacci\u00f3n Box Repsol","image":{"@type":"ImageObject","inLanguage":"es","@id":"https:\/\/secure.gravatar.com\/avatar\/adf7b77e38b4419baf32c7e9c21dde01f4e40df611f0978e3006fc4ba0aaab7e?s=96&d=mm&r=g","url":"https:\/\/secure.gravatar.com\/avatar\/adf7b77e38b4419baf32c7e9c21dde01f4e40df611f0978e3006fc4ba0aaab7e?s=96&d=mm&r=g","contentUrl":"https:\/\/secure.gravatar.com\/avatar\/adf7b77e38b4419baf32c7e9c21dde01f4e40df611f0978e3006fc4ba0aaab7e?s=96&d=mm&r=g","caption":"Redacci\u00f3n Box Repsol"},"description":"Box Repsol lo forma un equipo de periodistas, community managers, dise\u00f1adores y fot\u00f3grafos con m\u00e1s de 20 a\u00f1os de experiencia en el mundo del motorsport. Hemos vivido el primer mundial de un espa\u00f1ol en la categor\u00eda reina de motociclismo con \u00c1lex Crivill\u00e9, estuvimos en las victorias de Pedrosa y los t\u00edtulos de M\u00e1rquez, acompa\u00f1amos en \u00c1frica a Nani Roma y Marc Coma en sus conquistas del Dakar y hemos vibrado con los t\u00edtulos de Toni Bou en Trial. Adem\u00e1s, en nuestro equipo contamos con expertos en el mundo de las dos y cuatro ruedas tanto de la calle y las carreteras, como de los circuitos. Periodistas que han trabajado en revistas y publicaciones para hacerte llegar desde rutas y consejos de mantenimiento, a curiosidades y trucos de pilotaje.","sameAs":["https:\/\/www.facebook.com\/BoxRepsol\/","https:\/\/www.instagram.com\/box_repsol\/","https:\/\/x.com\/https:\/\/twitter.com\/box_repsol","https:\/\/www.youtube.com\/@Boxrepsol"],"url":"https:\/\/www.boxrepsol.com\/es\/author\/redaccion-box-repsol\/"}]}},"_links":{"self":[{"href":"https:\/\/www.boxrepsol.com\/es\/wp-json\/wp\/v2\/posts\/93067","targetHints":{"allow":["GET"]}}],"collection":[{"href":"https:\/\/www.boxrepsol.com\/es\/wp-json\/wp\/v2\/posts"}],"about":[{"href":"https:\/\/www.boxrepsol.com\/es\/wp-json\/wp\/v2\/types\/post"}],"author":[{"embeddable":true,"href":"https:\/\/www.boxrepsol.com\/es\/wp-json\/wp\/v2\/users\/43146"}],"replies":[{"embeddable":true,"href":"https:\/\/www.boxrepsol.com\/es\/wp-json\/wp\/v2\/comments?post=93067"}],"version-history":[{"count":1,"href":"https:\/\/www.boxrepsol.com\/es\/wp-json\/wp\/v2\/posts\/93067\/revisions"}],"predecessor-version":[{"id":93068,"href":"https:\/\/www.boxrepsol.com\/es\/wp-json\/wp\/v2\/posts\/93067\/revisions\/93068"}],"wp:featuredmedia":[{"embeddable":true,"href":"https:\/\/www.boxrepsol.com\/es\/wp-json\/wp\/v2\/media\/57935"}],"wp:attachment":[{"href":"https:\/\/www.boxrepsol.com\/es\/wp-json\/wp\/v2\/media?parent=93067"}],"wp:term":[{"taxonomy":"category","embeddable":true,"href":"https:\/\/www.boxrepsol.com\/es\/wp-json\/wp\/v2\/categories?post=93067"},{"taxonomy":"post_tag","embeddable":true,"href":"https:\/\/www.boxrepsol.com\/es\/wp-json\/wp\/v2\/tags?post=93067"}],"curies":[{"name":"wp","href":"https:\/\/api.w.org\/{rel}","templated":true}]}}