{"id":93054,"date":"2019-03-26T00:00:00","date_gmt":"2019-03-26T02:00:00","guid":{"rendered":"http:\/\/pre.boxrepsol.com\/sin-categorizar\/mantienen-la-calma-los-pilotos-motogp\/"},"modified":"2024-04-25T09:39:38","modified_gmt":"2024-04-25T11:39:38","slug":"mantienen-la-calma-los-pilotos-motogp","status":"publish","type":"post","link":"https:\/\/www.boxrepsol.com\/es\/motogp\/mantienen-la-calma-los-pilotos-motogp\/","title":{"rendered":"\u00bfC\u00f3mo mantienen la calma los pilotos de MotoGP?"},"content":{"rendered":"<blockquote><p>\n\t<a href=\"http:\/\/twitter.com\/share?text=Te+animamos+a+seguir+estos+m%C3%A9todos+para+estar+calmado%2C+centrado+y+en+pleno+control+de+tus+capacidades&#038;url=https%3A%2F%2Fwww.boxrepsol.com%2Fes%2Fmotogp%2Fmantienen-la-calma-los-pilotos-motogp%2F\" target=\"_blank\" rel=\"noopener\"><\/p>\n<p>Te animamos a seguir estos m\u00e9todos para estar calmado, centrado y en pleno control de tus capacidades<\/p>\n<p>\t<\/a>\n<\/p><\/blockquote>\n<p>Desde que llega al circuito hasta que cruza la l\u00ednea de meta, un piloto profesional est\u00e1 sometido a un estricto r\u00e9gimen de <a href=\"https:\/\/www.boxrepsol.com\/es\/motogp\/la-dieta-y-el-ejercicio-piezas-clave-del-entrenamiento\/\">entrenamiento y alimentaci\u00f3n<\/a>. Hacen todo esto para aumentar sus posibilidades en carrera, y como es de esperar, la situaci\u00f3n puede someterlos a una gran presi\u00f3n.<\/p>\n<p>Adem\u00e1s, un piloto de MotoGP tiene que estar centrado. Hay muchas sensaciones que gestionar en pista, y cualquier despiste puede convertirse en una ca\u00edda. Entonces, \u00bfqu\u00e9 trucos usan los pilotos para mantener la calma?<\/p>\n<h3><strong>Respiraci\u00f3n<\/strong><\/h3>\n<p>Como en cualquier deporte, cuidar la respiraci\u00f3n es muy importante cuando estamos sobre una MotoGP. <strong>Ser capaz de inhalar y exhalar de forma r\u00edtmica nos permitir\u00e1 tener el cerebro bien oxigenado<\/strong>, incluso si estamos inmersos en una situaci\u00f3n muy tensa. Una forma de conseguirlo es manteniendo un intervalo de 6 segundos en cada aliento, 3 expirando y 3 inhalando.<\/p>\n<p><a href=\"https:\/\/bxrepsol.s3.eu-west-1.amazonaws.com\/static\/2022\/08\/05055422\/00_jorge_lorenzo_pulgar_motogp_fans_repsol_honda.jpg\" \n   title=\"Jorge Lorenzo en Catar\" \n   data-gallery-thumbnail=\"https:\/\/bxrepsol.s3.eu-west-1.amazonaws.com\/static\/2022\/08\/05055422\/00_jorge_lorenzo_pulgar_motogp_fans_repsol_honda.jpg\"\n   data-gallery-title=\"\"\n   data-gallery><\/p>\n<figure>\n        <picture style=\"padding-bottom: 66.64829106946%; background-image: url(https:\/\/bxrepsol.s3.eu-west-1.amazonaws.com\/static\/2022\/08\/05055422\/00_jorge_lorenzo_pulgar_motogp_fans_repsol_honda.jpg);\">\n            <img decoding=\"async\" src=\"https:\/\/bxrepsol.s3.eu-west-1.amazonaws.com\/static\/2022\/08\/05055422\/00_jorge_lorenzo_pulgar_motogp_fans_repsol_honda.jpg\"><br \/>\n            <img itemprop=\"image\"\n                data-srcset=\"https:\/\/bxrepsol.s3.eu-west-1.amazonaws.com\/static\/2022\/08\/05055422\/00_jorge_lorenzo_pulgar_motogp_fans_repsol_honda.jpg 480w, https:\/\/bxrepsol.s3.eu-west-1.amazonaws.com\/static\/2022\/08\/05055422\/00_jorge_lorenzo_pulgar_motogp_fans_repsol_honda.jpg 600w, https:\/\/bxrepsol.s3.eu-west-1.amazonaws.com\/static\/2022\/08\/05055422\/00_jorge_lorenzo_pulgar_motogp_fans_repsol_honda.jpg 900w, https:\/\/bxrepsol.s3.eu-west-1.amazonaws.com\/static\/2022\/08\/05055422\/00_jorge_lorenzo_pulgar_motogp_fans_repsol_honda.jpg 1280w\"\n                data-src=\"https:\/\/bxrepsol.s3.eu-west-1.amazonaws.com\/static\/2022\/08\/05055422\/00_jorge_lorenzo_pulgar_motogp_fans_repsol_honda.jpg\"\n                alt=\"Jorge Lorenzo en Catar\"\n                title=\"Jorge Lorenzo saluda con el pulgar\"\/><br \/>\n            <noscript><img decoding=\"async\" src=\"https:\/\/bxrepsol.s3.eu-west-1.amazonaws.com\/static\/2022\/08\/05055422\/00_jorge_lorenzo_pulgar_motogp_fans_repsol_honda.jpg\" alt=\"Jorge Lorenzo en Catar\"><\/noscript>\n        <\/picture><figcaption>Jorge Lorenzo en Catar<\/figcaption><\/figure>\n<p><\/a><\/p>\n<h3><strong>\u00a0<\/strong><strong>Descanso<\/strong><\/h3>\n<p>Tal y como recomiendan los expertos, hay que dormir 8 horas al d\u00eda. Esto es especialmente importante si vamos a competir, en cuyo caso lo mejor es tener una rutina de sue\u00f1o adecuada durante al menos una semana. Hay que \u00a0mantener el cuerpo y la mente descansados y para eso, la mejor cura es el sue\u00f1o. Si \u00a0a\u00fan y todo los nervios no nos dejan dormir, lo mejor es estar tumbado en la cama, para que al menos el cuerpo recupere energ\u00edas.<\/p>\n<h3><strong>Planificaci\u00f3n<\/strong><\/h3>\n<p>Durante un fin de semana de GP, la agenda de un piloto est\u00e1 perfectamente planificada. Sabe antes de pisar el <em>paddock<\/em> d\u00f3nde va a estar en cada momento, en que cosiste cada actividad y que se espera de \u00e9l. Esto es muy importante, porque si se llega a la competici\u00f3n sin planificar nada, el estr\u00e9s ser\u00e1 m\u00e1s intenso.<\/p>\n<p><a href=\"https:\/\/bxrepsol.s3.eu-west-1.amazonaws.com\/static\/2022\/08\/05055423\/00_marc_marquez_maturity_smarts_repsol_honda_motogp_rider_cap.jpg\" \n   title=\"Marc M\u00e1rquez se\u00f1alandose la cabeza o la gorra\" \n   data-gallery-thumbnail=\"https:\/\/bxrepsol.s3.eu-west-1.amazonaws.com\/static\/2022\/08\/05055423\/00_marc_marquez_maturity_smarts_repsol_honda_motogp_rider_cap.jpg\"\n   data-gallery-title=\"\"\n   data-gallery><\/p>\n<figure>\n        <picture style=\"padding-bottom: 66.666666666667%; background-image: url(https:\/\/bxrepsol.s3.eu-west-1.amazonaws.com\/static\/2022\/08\/05055423\/00_marc_marquez_maturity_smarts_repsol_honda_motogp_rider_cap.jpg);\">\n            <img decoding=\"async\" src=\"https:\/\/bxrepsol.s3.eu-west-1.amazonaws.com\/static\/2022\/08\/05055423\/00_marc_marquez_maturity_smarts_repsol_honda_motogp_rider_cap.jpg\"><br \/>\n            <img itemprop=\"image\"\n                data-srcset=\"https:\/\/bxrepsol.s3.eu-west-1.amazonaws.com\/static\/2022\/08\/05055423\/00_marc_marquez_maturity_smarts_repsol_honda_motogp_rider_cap.jpg 480w, https:\/\/bxrepsol.s3.eu-west-1.amazonaws.com\/static\/2022\/08\/05055423\/00_marc_marquez_maturity_smarts_repsol_honda_motogp_rider_cap.jpg 600w, https:\/\/bxrepsol.s3.eu-west-1.amazonaws.com\/static\/2022\/08\/05055423\/00_marc_marquez_maturity_smarts_repsol_honda_motogp_rider_cap.jpg 900w, https:\/\/bxrepsol.s3.eu-west-1.amazonaws.com\/static\/2022\/08\/05055423\/00_marc_marquez_maturity_smarts_repsol_honda_motogp_rider_cap.jpg 1280w\"\n                data-src=\"https:\/\/bxrepsol.s3.eu-west-1.amazonaws.com\/static\/2022\/08\/05055423\/00_marc_marquez_maturity_smarts_repsol_honda_motogp_rider_cap.jpg\"\n                alt=\"Marc M\u00e1rquez se\u00f1alandose la cabeza o la gorra\"\n                title=\"Marc M\u00e1rquez no pierde la calma\"\/><br \/>\n            <noscript><img decoding=\"async\" src=\"https:\/\/bxrepsol.s3.eu-west-1.amazonaws.com\/static\/2022\/08\/05055423\/00_marc_marquez_maturity_smarts_repsol_honda_motogp_rider_cap.jpg\" alt=\"Marc M\u00e1rquez se\u00f1alandose la cabeza o la gorra\"><\/noscript>\n        <\/picture><figcaption>Marc M\u00e1rquez se\u00f1alandose la cabeza o la gorra<\/figcaption><\/figure>\n<p><\/a><\/p>\n<h3><strong>Actitud<\/strong><\/h3>\n<p>Es imprescindible mantener una visi\u00f3n optimista sea cual sea la situaci\u00f3n. La motivaci\u00f3n comienza por uno mismo, y por eso siempre debemos afrontar la competici\u00f3n con una sonrisa. Ser positivos nos ayuda a enfrentarnos a las complicaciones que sin duda ir\u00e1n apareciendo en el camino. Tampoco podemos olvidarnos de disfrutar de lo que estamos haciendo, esto es una de las cosas m\u00e1s importantes a la hora de competir.<\/p>\n<h3><strong>Hidrataci\u00f3n<\/strong><\/h3>\n<p><a href=\"https:\/\/www.boxrepsol.com\/es\/motogp\/5-ventajas-una-buena-hidratacion-motogp\/\">Una buena hidrataci\u00f3n<\/a> nos ayudar\u00e1 a mantener la concentraci\u00f3n, especialmente en una actividad tan exigente como una carrera de MotoGP. Adem\u00e1s\u00a0 ofrece muchas otras ventajas, como evitarnos calambres y eliminar toxinas.<\/p>\n<h3><strong>Un entorno acogedor<\/strong><\/h3>\n<p>Estar junto a familiares y amigos siempre ayuda a aliviar los nervios poni\u00e9ndonos en un entorno al que estamos m\u00e1s habituados. En su defecto siempre podemos dar una vuelta, hacer algo de ejercicio ligero, escuchar m\u00fasica o ver una pel\u00edcula para tranquilizar y estimular la mente.<\/p>\n<p><a href=\"https:\/\/bxrepsol.s3.eu-west-1.amazonaws.com\/static\/2022\/08\/05055424\/00_marc_marquez_alex_marquez_familia_motogp_jerez_gp_de_espana.jpg\" \n   title=\"Marc y \u00c1lex M\u00e1rquez en el GP de Jerez\" \n   data-gallery-thumbnail=\"https:\/\/bxrepsol.s3.eu-west-1.amazonaws.com\/static\/2022\/08\/05055424\/00_marc_marquez_alex_marquez_familia_motogp_jerez_gp_de_espana.jpg\"\n   data-gallery-title=\"\"\n   data-gallery><\/p>\n<figure>\n        <picture style=\"padding-bottom: 66.666666666667%; background-image: url(https:\/\/bxrepsol.s3.eu-west-1.amazonaws.com\/static\/2022\/08\/05055424\/00_marc_marquez_alex_marquez_familia_motogp_jerez_gp_de_espana.jpg);\">\n            <img decoding=\"async\" src=\"https:\/\/bxrepsol.s3.eu-west-1.amazonaws.com\/static\/2022\/08\/05055424\/00_marc_marquez_alex_marquez_familia_motogp_jerez_gp_de_espana.jpg\"><br \/>\n            <img itemprop=\"image\"\n                data-srcset=\"https:\/\/bxrepsol.s3.eu-west-1.amazonaws.com\/static\/2022\/08\/05055424\/00_marc_marquez_alex_marquez_familia_motogp_jerez_gp_de_espana.jpg 480w, https:\/\/bxrepsol.s3.eu-west-1.amazonaws.com\/static\/2022\/08\/05055424\/00_marc_marquez_alex_marquez_familia_motogp_jerez_gp_de_espana.jpg 600w, https:\/\/bxrepsol.s3.eu-west-1.amazonaws.com\/static\/2022\/08\/05055424\/00_marc_marquez_alex_marquez_familia_motogp_jerez_gp_de_espana.jpg 900w, https:\/\/bxrepsol.s3.eu-west-1.amazonaws.com\/static\/2022\/08\/05055424\/00_marc_marquez_alex_marquez_familia_motogp_jerez_gp_de_espana.jpg 1280w\"\n                data-src=\"https:\/\/bxrepsol.s3.eu-west-1.amazonaws.com\/static\/2022\/08\/05055424\/00_marc_marquez_alex_marquez_familia_motogp_jerez_gp_de_espana.jpg\"\n                alt=\"Marc y \u00c1lex M\u00e1rquez en el GP de Jerez\"\n                title=\"Marc y \u00c1lex tienen la ventaja de tener a alguien cercano durante los GP\"\/><br \/>\n            <noscript><img decoding=\"async\" src=\"https:\/\/bxrepsol.s3.eu-west-1.amazonaws.com\/static\/2022\/08\/05055424\/00_marc_marquez_alex_marquez_familia_motogp_jerez_gp_de_espana.jpg\" alt=\"Marc y \u00c1lex M\u00e1rquez en el GP de Jerez\"><\/noscript>\n        <\/picture><figcaption>Marc y \u00c1lex M\u00e1rquez en el GP de Jerez<\/figcaption><\/figure>\n<p><\/a><\/p>\n<p>Si t\u00fa tambi\u00e9n tienes que hacer frente a un reto en tu d\u00eda a d\u00eda, que puede ir desde una competici\u00f3n a una entrevista de trabajo, es recomendable hacer como Marc y Jorge. Te animamos a seguir estos m\u00e9todos para estar calmado, centrado, en pleno control de tus capacidades y dispuesto a ofrecer la mejor versi\u00f3n de ti mismo.<\/p>\n","protected":false},"excerpt":{"rendered":"<p>Conocemos muy bien las monturas y el equipo de Marc M\u00e1rquez y Jorge Lorenzo. Los frenos son de carbono y las llantas de magnesio pero los nervios, los tienen de acero. Os explicamos c\u00f3mo mantienen la calma nuestros pilotos durante la competici\u00f3n.<\/p>\n","protected":false},"author":43146,"featured_media":57878,"comment_status":"open","ping_status":"open","sticky":false,"template":"","format":"standard","meta":{"footnotes":""},"categories":[4],"tags":[136],"class_list":["post-93054","post","type-post","status-publish","format-standard","hentry","category-motogp","tag-campeonato-del-mundo-de-motociclismo"],"yoast_head":"<!-- This site is optimized with the Yoast SEO plugin v27.3 - https:\/\/yoast.com\/product\/yoast-seo-wordpress\/ -->\n<title>\u00bfC\u00f3mo mantienen la calma los pilotos de MotoGP? - Box Repsol<\/title>\n<meta name=\"description\" content=\"Conocemos muy bien las monturas y el equipo de Marc M\u00e1rquez y Dani Pedrosa. Pero \u00bfc\u00f3mo mantienen la calma los pilotos?\" \/>\n<link rel=\"canonical\" href=\"https:\/\/www.boxrepsol.com\/es\/motogp\/mantienen-la-calma-los-pilotos-motogp\/\" \/>\n<meta property=\"og:locale\" content=\"es_ES\" \/>\n<meta property=\"og:type\" content=\"article\" \/>\n<meta property=\"og:title\" content=\"\u00bfC\u00f3mo mantienen la calma los pilotos de MotoGP? - Box Repsol\" \/>\n<meta property=\"og:description\" content=\"Conocemos muy bien las monturas y el equipo de Marc M\u00e1rquez y Dani Pedrosa. Pero \u00bfc\u00f3mo mantienen la calma los pilotos?\" \/>\n<meta property=\"og:url\" content=\"https:\/\/www.boxrepsol.com\/es\/motogp\/mantienen-la-calma-los-pilotos-motogp\/\" \/>\n<meta property=\"og:site_name\" content=\"Box Repsol\" \/>\n<meta property=\"article:publisher\" content=\"https:\/\/www.facebook.com\/BoxRepsol\" \/>\n<meta property=\"article:author\" content=\"https:\/\/www.facebook.com\/BoxRepsol\/\" \/>\n<meta property=\"article:published_time\" content=\"2019-03-26T02:00:00+00:00\" \/>\n<meta property=\"article:modified_time\" content=\"2024-04-25T11:39:38+00:00\" \/>\n<meta property=\"og:image\" content=\"https:\/\/bxrepsol.s3.eu-west-1.amazonaws.com\/static\/2022\/08\/29081157\/00_marc_marquez_jorge_lorenzo_motogp_presentacion_repsol_honda.jpg\" \/>\n\t<meta property=\"og:image:width\" content=\"1280\" \/>\n\t<meta property=\"og:image:height\" content=\"600\" \/>\n\t<meta property=\"og:image:type\" content=\"image\/jpeg\" \/>\n<meta name=\"author\" content=\"Redacci\u00f3n Box Repsol\" \/>\n<meta name=\"twitter:card\" content=\"summary_large_image\" \/>\n<meta name=\"twitter:creator\" content=\"@https:\/\/twitter.com\/box_repsol\" \/>\n<meta name=\"twitter:site\" content=\"@box_repsol\" \/>\n<meta name=\"twitter:label1\" content=\"Written by\" \/>\n\t<meta name=\"twitter:data1\" content=\"Redacci\u00f3n Box Repsol\" \/>\n\t<meta name=\"twitter:label2\" content=\"Est. reading time\" \/>\n\t<meta name=\"twitter:data2\" content=\"3 minutos\" \/>\n<script type=\"application\/ld+json\" class=\"yoast-schema-graph\">{\"@context\":\"https:\\\/\\\/schema.org\",\"@graph\":[{\"@type\":\"Article\",\"@id\":\"https:\\\/\\\/www.boxrepsol.com\\\/es\\\/motogp\\\/mantienen-la-calma-los-pilotos-motogp\\\/#article\",\"isPartOf\":{\"@id\":\"https:\\\/\\\/www.boxrepsol.com\\\/es\\\/motogp\\\/mantienen-la-calma-los-pilotos-motogp\\\/\"},\"author\":{\"name\":\"Redacci\u00f3n Box Repsol\",\"@id\":\"https:\\\/\\\/www.boxrepsol.com\\\/es\\\/#\\\/schema\\\/person\\\/c5c2138f2cca251b0ad92b7086bb60b7\"},\"headline\":\"\u00bfC\u00f3mo mantienen la calma los pilotos de MotoGP?\",\"datePublished\":\"2019-03-26T02:00:00+00:00\",\"dateModified\":\"2024-04-25T11:39:38+00:00\",\"mainEntityOfPage\":{\"@id\":\"https:\\\/\\\/www.boxrepsol.com\\\/es\\\/motogp\\\/mantienen-la-calma-los-pilotos-motogp\\\/\"},\"wordCount\":580,\"commentCount\":0,\"publisher\":{\"@id\":\"https:\\\/\\\/www.boxrepsol.com\\\/es\\\/#organization\"},\"image\":{\"@id\":\"https:\\\/\\\/www.boxrepsol.com\\\/es\\\/motogp\\\/mantienen-la-calma-los-pilotos-motogp\\\/#primaryimage\"},\"thumbnailUrl\":\"https:\\\/\\\/bxrepsol.s3.eu-west-1.amazonaws.com\\\/static\\\/2022\\\/08\\\/29081157\\\/00_marc_marquez_jorge_lorenzo_motogp_presentacion_repsol_honda.jpg\",\"keywords\":[\"Campeonato del Mundo de Motociclismo\"],\"articleSection\":[\"MotoGP\"],\"inLanguage\":\"es\",\"potentialAction\":[{\"@type\":\"CommentAction\",\"name\":\"Comment\",\"target\":[\"https:\\\/\\\/www.boxrepsol.com\\\/es\\\/motogp\\\/mantienen-la-calma-los-pilotos-motogp\\\/#respond\"]}]},{\"@type\":\"WebPage\",\"@id\":\"https:\\\/\\\/www.boxrepsol.com\\\/es\\\/motogp\\\/mantienen-la-calma-los-pilotos-motogp\\\/\",\"url\":\"https:\\\/\\\/www.boxrepsol.com\\\/es\\\/motogp\\\/mantienen-la-calma-los-pilotos-motogp\\\/\",\"name\":\"\u00bfC\u00f3mo mantienen la calma los pilotos de MotoGP? - Box Repsol\",\"isPartOf\":{\"@id\":\"https:\\\/\\\/www.boxrepsol.com\\\/es\\\/#website\"},\"primaryImageOfPage\":{\"@id\":\"https:\\\/\\\/www.boxrepsol.com\\\/es\\\/motogp\\\/mantienen-la-calma-los-pilotos-motogp\\\/#primaryimage\"},\"image\":{\"@id\":\"https:\\\/\\\/www.boxrepsol.com\\\/es\\\/motogp\\\/mantienen-la-calma-los-pilotos-motogp\\\/#primaryimage\"},\"thumbnailUrl\":\"https:\\\/\\\/bxrepsol.s3.eu-west-1.amazonaws.com\\\/static\\\/2022\\\/08\\\/29081157\\\/00_marc_marquez_jorge_lorenzo_motogp_presentacion_repsol_honda.jpg\",\"datePublished\":\"2019-03-26T02:00:00+00:00\",\"dateModified\":\"2024-04-25T11:39:38+00:00\",\"description\":\"Conocemos muy bien las monturas y el equipo de Marc M\u00e1rquez y Dani Pedrosa. Pero \u00bfc\u00f3mo mantienen la calma los pilotos?\",\"breadcrumb\":{\"@id\":\"https:\\\/\\\/www.boxrepsol.com\\\/es\\\/motogp\\\/mantienen-la-calma-los-pilotos-motogp\\\/#breadcrumb\"},\"inLanguage\":\"es\",\"potentialAction\":[{\"@type\":\"ReadAction\",\"target\":[\"https:\\\/\\\/www.boxrepsol.com\\\/es\\\/motogp\\\/mantienen-la-calma-los-pilotos-motogp\\\/\"]}]},{\"@type\":\"ImageObject\",\"inLanguage\":\"es\",\"@id\":\"https:\\\/\\\/www.boxrepsol.com\\\/es\\\/motogp\\\/mantienen-la-calma-los-pilotos-motogp\\\/#primaryimage\",\"url\":\"https:\\\/\\\/bxrepsol.s3.eu-west-1.amazonaws.com\\\/static\\\/2022\\\/08\\\/29081157\\\/00_marc_marquez_jorge_lorenzo_motogp_presentacion_repsol_honda.jpg\",\"contentUrl\":\"https:\\\/\\\/bxrepsol.s3.eu-west-1.amazonaws.com\\\/static\\\/2022\\\/08\\\/29081157\\\/00_marc_marquez_jorge_lorenzo_motogp_presentacion_repsol_honda.jpg\",\"width\":1280,\"height\":600},{\"@type\":\"BreadcrumbList\",\"@id\":\"https:\\\/\\\/www.boxrepsol.com\\\/es\\\/motogp\\\/mantienen-la-calma-los-pilotos-motogp\\\/#breadcrumb\",\"itemListElement\":[{\"@type\":\"ListItem\",\"position\":1,\"name\":\"Home\",\"item\":\"https:\\\/\\\/www.boxrepsol.com\\\/es\\\/\"},{\"@type\":\"ListItem\",\"position\":2,\"name\":\"\u00bfC\u00f3mo mantienen la calma los pilotos de MotoGP?\"}]},{\"@type\":\"WebSite\",\"@id\":\"https:\\\/\\\/www.boxrepsol.com\\\/es\\\/#website\",\"url\":\"https:\\\/\\\/www.boxrepsol.com\\\/es\\\/\",\"name\":\"Box Repsol\",\"description\":\"Box Repsol Site\",\"publisher\":{\"@id\":\"https:\\\/\\\/www.boxrepsol.com\\\/es\\\/#organization\"},\"potentialAction\":[{\"@type\":\"SearchAction\",\"target\":{\"@type\":\"EntryPoint\",\"urlTemplate\":\"https:\\\/\\\/www.boxrepsol.com\\\/es\\\/?s={search_term_string}\"},\"query-input\":{\"@type\":\"PropertyValueSpecification\",\"valueRequired\":true,\"valueName\":\"search_term_string\"}}],\"inLanguage\":\"es\"},{\"@type\":\"Organization\",\"@id\":\"https:\\\/\\\/www.boxrepsol.com\\\/es\\\/#organization\",\"name\":\"Box Repsol\",\"url\":\"https:\\\/\\\/www.boxrepsol.com\\\/es\\\/\",\"logo\":{\"@type\":\"ImageObject\",\"inLanguage\":\"es\",\"@id\":\"https:\\\/\\\/www.boxrepsol.com\\\/es\\\/#\\\/schema\\\/logo\\\/image\\\/\",\"url\":\"https:\\\/\\\/bxrepsol.s3.eu-west-1.amazonaws.com\\\/static\\\/2025\\\/07\\\/30083337\\\/favicon-96x96-1.png\",\"contentUrl\":\"https:\\\/\\\/bxrepsol.s3.eu-west-1.amazonaws.com\\\/static\\\/2025\\\/07\\\/30083337\\\/favicon-96x96-1.png\",\"width\":96,\"height\":96,\"caption\":\"Box Repsol\"},\"image\":{\"@id\":\"https:\\\/\\\/www.boxrepsol.com\\\/es\\\/#\\\/schema\\\/logo\\\/image\\\/\"},\"sameAs\":[\"https:\\\/\\\/www.facebook.com\\\/BoxRepsol\",\"https:\\\/\\\/x.com\\\/box_repsol\",\"http:\\\/\\\/instagram.com\\\/box_repsol\",\"https:\\\/\\\/www.youtube.com\\\/user\\\/RepsolCompeticion\",\"https:\\\/\\\/www.flickr.com\\\/photos\\\/box_repsol\\\/\"]},{\"@type\":\"Person\",\"@id\":\"https:\\\/\\\/www.boxrepsol.com\\\/es\\\/#\\\/schema\\\/person\\\/c5c2138f2cca251b0ad92b7086bb60b7\",\"name\":\"Redacci\u00f3n Box Repsol\",\"image\":{\"@type\":\"ImageObject\",\"inLanguage\":\"es\",\"@id\":\"https:\\\/\\\/secure.gravatar.com\\\/avatar\\\/adf7b77e38b4419baf32c7e9c21dde01f4e40df611f0978e3006fc4ba0aaab7e?s=96&d=mm&r=g\",\"url\":\"https:\\\/\\\/secure.gravatar.com\\\/avatar\\\/adf7b77e38b4419baf32c7e9c21dde01f4e40df611f0978e3006fc4ba0aaab7e?s=96&d=mm&r=g\",\"contentUrl\":\"https:\\\/\\\/secure.gravatar.com\\\/avatar\\\/adf7b77e38b4419baf32c7e9c21dde01f4e40df611f0978e3006fc4ba0aaab7e?s=96&d=mm&r=g\",\"caption\":\"Redacci\u00f3n Box Repsol\"},\"description\":\"Box Repsol lo forma un equipo de periodistas, community managers, dise\u00f1adores y fot\u00f3grafos con m\u00e1s de 20 a\u00f1os de experiencia en el mundo del motorsport. Hemos vivido el primer mundial de un espa\u00f1ol en la categor\u00eda reina de motociclismo con \u00c1lex Crivill\u00e9, estuvimos en las victorias de Pedrosa y los t\u00edtulos de M\u00e1rquez, acompa\u00f1amos en \u00c1frica a Nani Roma y Marc Coma en sus conquistas del Dakar y hemos vibrado con los t\u00edtulos de Toni Bou en Trial. Adem\u00e1s, en nuestro equipo contamos con expertos en el mundo de las dos y cuatro ruedas tanto de la calle y las carreteras, como de los circuitos. Periodistas que han trabajado en revistas y publicaciones para hacerte llegar desde rutas y consejos de mantenimiento, a curiosidades y trucos de pilotaje.\",\"sameAs\":[\"https:\\\/\\\/www.facebook.com\\\/BoxRepsol\\\/\",\"https:\\\/\\\/www.instagram.com\\\/box_repsol\\\/\",\"https:\\\/\\\/x.com\\\/https:\\\/\\\/twitter.com\\\/box_repsol\",\"https:\\\/\\\/www.youtube.com\\\/@Boxrepsol\"],\"url\":\"https:\\\/\\\/www.boxrepsol.com\\\/es\\\/author\\\/redaccion-box-repsol\\\/\"}]}<\/script>\n<!-- \/ Yoast SEO plugin. -->","yoast_head_json":{"title":"\u00bfC\u00f3mo mantienen la calma los pilotos de MotoGP? - Box Repsol","description":"Conocemos muy bien las monturas y el equipo de Marc M\u00e1rquez y Dani Pedrosa. Pero \u00bfc\u00f3mo mantienen la calma los pilotos?","canonical":"https:\/\/www.boxrepsol.com\/es\/motogp\/mantienen-la-calma-los-pilotos-motogp\/","og_locale":"es_ES","og_type":"article","og_title":"\u00bfC\u00f3mo mantienen la calma los pilotos de MotoGP? - Box Repsol","og_description":"Conocemos muy bien las monturas y el equipo de Marc M\u00e1rquez y Dani Pedrosa. Pero \u00bfc\u00f3mo mantienen la calma los pilotos?","og_url":"https:\/\/www.boxrepsol.com\/es\/motogp\/mantienen-la-calma-los-pilotos-motogp\/","og_site_name":"Box Repsol","article_publisher":"https:\/\/www.facebook.com\/BoxRepsol","article_author":"https:\/\/www.facebook.com\/BoxRepsol\/","article_published_time":"2019-03-26T02:00:00+00:00","article_modified_time":"2024-04-25T11:39:38+00:00","og_image":[{"width":1280,"height":600,"url":"https:\/\/bxrepsol.s3.eu-west-1.amazonaws.com\/static\/2022\/08\/29081157\/00_marc_marquez_jorge_lorenzo_motogp_presentacion_repsol_honda.jpg","type":"image\/jpeg"}],"author":"Redacci\u00f3n Box Repsol","twitter_card":"summary_large_image","twitter_creator":"@https:\/\/twitter.com\/box_repsol","twitter_site":"@box_repsol","twitter_misc":{"Written by":"Redacci\u00f3n Box Repsol","Est. reading time":"3 minutos"},"schema":{"@context":"https:\/\/schema.org","@graph":[{"@type":"Article","@id":"https:\/\/www.boxrepsol.com\/es\/motogp\/mantienen-la-calma-los-pilotos-motogp\/#article","isPartOf":{"@id":"https:\/\/www.boxrepsol.com\/es\/motogp\/mantienen-la-calma-los-pilotos-motogp\/"},"author":{"name":"Redacci\u00f3n Box Repsol","@id":"https:\/\/www.boxrepsol.com\/es\/#\/schema\/person\/c5c2138f2cca251b0ad92b7086bb60b7"},"headline":"\u00bfC\u00f3mo mantienen la calma los pilotos de MotoGP?","datePublished":"2019-03-26T02:00:00+00:00","dateModified":"2024-04-25T11:39:38+00:00","mainEntityOfPage":{"@id":"https:\/\/www.boxrepsol.com\/es\/motogp\/mantienen-la-calma-los-pilotos-motogp\/"},"wordCount":580,"commentCount":0,"publisher":{"@id":"https:\/\/www.boxrepsol.com\/es\/#organization"},"image":{"@id":"https:\/\/www.boxrepsol.com\/es\/motogp\/mantienen-la-calma-los-pilotos-motogp\/#primaryimage"},"thumbnailUrl":"https:\/\/bxrepsol.s3.eu-west-1.amazonaws.com\/static\/2022\/08\/29081157\/00_marc_marquez_jorge_lorenzo_motogp_presentacion_repsol_honda.jpg","keywords":["Campeonato del Mundo de Motociclismo"],"articleSection":["MotoGP"],"inLanguage":"es","potentialAction":[{"@type":"CommentAction","name":"Comment","target":["https:\/\/www.boxrepsol.com\/es\/motogp\/mantienen-la-calma-los-pilotos-motogp\/#respond"]}]},{"@type":"WebPage","@id":"https:\/\/www.boxrepsol.com\/es\/motogp\/mantienen-la-calma-los-pilotos-motogp\/","url":"https:\/\/www.boxrepsol.com\/es\/motogp\/mantienen-la-calma-los-pilotos-motogp\/","name":"\u00bfC\u00f3mo mantienen la calma los pilotos de MotoGP? - Box Repsol","isPartOf":{"@id":"https:\/\/www.boxrepsol.com\/es\/#website"},"primaryImageOfPage":{"@id":"https:\/\/www.boxrepsol.com\/es\/motogp\/mantienen-la-calma-los-pilotos-motogp\/#primaryimage"},"image":{"@id":"https:\/\/www.boxrepsol.com\/es\/motogp\/mantienen-la-calma-los-pilotos-motogp\/#primaryimage"},"thumbnailUrl":"https:\/\/bxrepsol.s3.eu-west-1.amazonaws.com\/static\/2022\/08\/29081157\/00_marc_marquez_jorge_lorenzo_motogp_presentacion_repsol_honda.jpg","datePublished":"2019-03-26T02:00:00+00:00","dateModified":"2024-04-25T11:39:38+00:00","description":"Conocemos muy bien las monturas y el equipo de Marc M\u00e1rquez y Dani Pedrosa. Pero \u00bfc\u00f3mo mantienen la calma los pilotos?","breadcrumb":{"@id":"https:\/\/www.boxrepsol.com\/es\/motogp\/mantienen-la-calma-los-pilotos-motogp\/#breadcrumb"},"inLanguage":"es","potentialAction":[{"@type":"ReadAction","target":["https:\/\/www.boxrepsol.com\/es\/motogp\/mantienen-la-calma-los-pilotos-motogp\/"]}]},{"@type":"ImageObject","inLanguage":"es","@id":"https:\/\/www.boxrepsol.com\/es\/motogp\/mantienen-la-calma-los-pilotos-motogp\/#primaryimage","url":"https:\/\/bxrepsol.s3.eu-west-1.amazonaws.com\/static\/2022\/08\/29081157\/00_marc_marquez_jorge_lorenzo_motogp_presentacion_repsol_honda.jpg","contentUrl":"https:\/\/bxrepsol.s3.eu-west-1.amazonaws.com\/static\/2022\/08\/29081157\/00_marc_marquez_jorge_lorenzo_motogp_presentacion_repsol_honda.jpg","width":1280,"height":600},{"@type":"BreadcrumbList","@id":"https:\/\/www.boxrepsol.com\/es\/motogp\/mantienen-la-calma-los-pilotos-motogp\/#breadcrumb","itemListElement":[{"@type":"ListItem","position":1,"name":"Home","item":"https:\/\/www.boxrepsol.com\/es\/"},{"@type":"ListItem","position":2,"name":"\u00bfC\u00f3mo mantienen la calma los pilotos de MotoGP?"}]},{"@type":"WebSite","@id":"https:\/\/www.boxrepsol.com\/es\/#website","url":"https:\/\/www.boxrepsol.com\/es\/","name":"Box Repsol","description":"Box Repsol Site","publisher":{"@id":"https:\/\/www.boxrepsol.com\/es\/#organization"},"potentialAction":[{"@type":"SearchAction","target":{"@type":"EntryPoint","urlTemplate":"https:\/\/www.boxrepsol.com\/es\/?s={search_term_string}"},"query-input":{"@type":"PropertyValueSpecification","valueRequired":true,"valueName":"search_term_string"}}],"inLanguage":"es"},{"@type":"Organization","@id":"https:\/\/www.boxrepsol.com\/es\/#organization","name":"Box Repsol","url":"https:\/\/www.boxrepsol.com\/es\/","logo":{"@type":"ImageObject","inLanguage":"es","@id":"https:\/\/www.boxrepsol.com\/es\/#\/schema\/logo\/image\/","url":"https:\/\/bxrepsol.s3.eu-west-1.amazonaws.com\/static\/2025\/07\/30083337\/favicon-96x96-1.png","contentUrl":"https:\/\/bxrepsol.s3.eu-west-1.amazonaws.com\/static\/2025\/07\/30083337\/favicon-96x96-1.png","width":96,"height":96,"caption":"Box Repsol"},"image":{"@id":"https:\/\/www.boxrepsol.com\/es\/#\/schema\/logo\/image\/"},"sameAs":["https:\/\/www.facebook.com\/BoxRepsol","https:\/\/x.com\/box_repsol","http:\/\/instagram.com\/box_repsol","https:\/\/www.youtube.com\/user\/RepsolCompeticion","https:\/\/www.flickr.com\/photos\/box_repsol\/"]},{"@type":"Person","@id":"https:\/\/www.boxrepsol.com\/es\/#\/schema\/person\/c5c2138f2cca251b0ad92b7086bb60b7","name":"Redacci\u00f3n Box Repsol","image":{"@type":"ImageObject","inLanguage":"es","@id":"https:\/\/secure.gravatar.com\/avatar\/adf7b77e38b4419baf32c7e9c21dde01f4e40df611f0978e3006fc4ba0aaab7e?s=96&d=mm&r=g","url":"https:\/\/secure.gravatar.com\/avatar\/adf7b77e38b4419baf32c7e9c21dde01f4e40df611f0978e3006fc4ba0aaab7e?s=96&d=mm&r=g","contentUrl":"https:\/\/secure.gravatar.com\/avatar\/adf7b77e38b4419baf32c7e9c21dde01f4e40df611f0978e3006fc4ba0aaab7e?s=96&d=mm&r=g","caption":"Redacci\u00f3n Box Repsol"},"description":"Box Repsol lo forma un equipo de periodistas, community managers, dise\u00f1adores y fot\u00f3grafos con m\u00e1s de 20 a\u00f1os de experiencia en el mundo del motorsport. Hemos vivido el primer mundial de un espa\u00f1ol en la categor\u00eda reina de motociclismo con \u00c1lex Crivill\u00e9, estuvimos en las victorias de Pedrosa y los t\u00edtulos de M\u00e1rquez, acompa\u00f1amos en \u00c1frica a Nani Roma y Marc Coma en sus conquistas del Dakar y hemos vibrado con los t\u00edtulos de Toni Bou en Trial. Adem\u00e1s, en nuestro equipo contamos con expertos en el mundo de las dos y cuatro ruedas tanto de la calle y las carreteras, como de los circuitos. Periodistas que han trabajado en revistas y publicaciones para hacerte llegar desde rutas y consejos de mantenimiento, a curiosidades y trucos de pilotaje.","sameAs":["https:\/\/www.facebook.com\/BoxRepsol\/","https:\/\/www.instagram.com\/box_repsol\/","https:\/\/x.com\/https:\/\/twitter.com\/box_repsol","https:\/\/www.youtube.com\/@Boxrepsol"],"url":"https:\/\/www.boxrepsol.com\/es\/author\/redaccion-box-repsol\/"}]}},"_links":{"self":[{"href":"https:\/\/www.boxrepsol.com\/es\/wp-json\/wp\/v2\/posts\/93054","targetHints":{"allow":["GET"]}}],"collection":[{"href":"https:\/\/www.boxrepsol.com\/es\/wp-json\/wp\/v2\/posts"}],"about":[{"href":"https:\/\/www.boxrepsol.com\/es\/wp-json\/wp\/v2\/types\/post"}],"author":[{"embeddable":true,"href":"https:\/\/www.boxrepsol.com\/es\/wp-json\/wp\/v2\/users\/43146"}],"replies":[{"embeddable":true,"href":"https:\/\/www.boxrepsol.com\/es\/wp-json\/wp\/v2\/comments?post=93054"}],"version-history":[{"count":1,"href":"https:\/\/www.boxrepsol.com\/es\/wp-json\/wp\/v2\/posts\/93054\/revisions"}],"predecessor-version":[{"id":93055,"href":"https:\/\/www.boxrepsol.com\/es\/wp-json\/wp\/v2\/posts\/93054\/revisions\/93055"}],"wp:featuredmedia":[{"embeddable":true,"href":"https:\/\/www.boxrepsol.com\/es\/wp-json\/wp\/v2\/media\/57878"}],"wp:attachment":[{"href":"https:\/\/www.boxrepsol.com\/es\/wp-json\/wp\/v2\/media?parent=93054"}],"wp:term":[{"taxonomy":"category","embeddable":true,"href":"https:\/\/www.boxrepsol.com\/es\/wp-json\/wp\/v2\/categories?post=93054"},{"taxonomy":"post_tag","embeddable":true,"href":"https:\/\/www.boxrepsol.com\/es\/wp-json\/wp\/v2\/tags?post=93054"}],"curies":[{"name":"wp","href":"https:\/\/api.w.org\/{rel}","templated":true}]}}