{"id":93050,"date":"2020-03-09T00:00:00","date_gmt":"2020-03-09T02:00:00","guid":{"rendered":"http:\/\/pre.boxrepsol.com\/sin-categorizar\/recuerdas-laguna-seca-vertiginoso-sacacorchos\/"},"modified":"2025-06-27T08:25:34","modified_gmt":"2025-06-27T10:25:34","slug":"recuerdas-laguna-seca-vertiginoso-sacacorchos","status":"publish","type":"post","link":"https:\/\/www.boxrepsol.com\/es\/motogp\/recuerdas-laguna-seca-vertiginoso-sacacorchos\/","title":{"rendered":"\u00bfRecuerdas Laguna Seca y su vertiginoso sacacorchos?"},"content":{"rendered":"<blockquote><p>El circuito es uno de los favoritos de los pilotos que llegaron a competir en \u00e9l<\/p><\/blockquote>\n<p>Comencemos por hacer algo de historia. En los a\u00f1os 50, la pen\u00ednsula de Monterrey en California, era el escenario de diversas pruebas de motor que ten\u00edan lugar en las carreteras p\u00fablicas. <strong>La popularidad de estas carreras aument\u00f3 tanto que se hizo necesario trasladar los eventos a un circuito permanente<\/strong>. As\u00ed naci\u00f3 Laguna Seca, creado con la financiaci\u00f3n conjunta de negocios locales e inversores privados. El trazado se estableci\u00f3 en un terreno en el que el ej\u00e9rcito hab\u00eda realizado maniobras y testeo de artiller\u00eda, y que se encontraba en desuso en la \u00e9poca.<\/p>\n<p>Este pintoresco circuito acogi\u00f3 infinidad de pruebas desde su inauguraci\u00f3n. La USRRC, Can-Am, Trans-Am, Formula 5000, IMSA GT, Champ Car, American Le Mans Series, Grand-Am, Mundial de Superbike, MotoGP y la \u201cRolex Monterey Motorsports Reunion\u201d por mencionar algunas. <strong>Se incorpor\u00f3 al Mundial de Motociclismo en 1988<\/strong> tras recibir las modificaciones oportunas que lo adecuaban a la normativa\u00a0 moderna. Con tal de aumentar la seguridad se reemplaz\u00f3 la recta que part\u00eda de la curva 2 por un sector m\u00e1s lento con las que son actualmente las curvas 3, 4 y 5; adem\u00e1s de ampliarse las escapatorias y trampas de grava.<\/p>\n<figure><picture style=\"padding-bottom: 66.541353383459%; background-image: url('https:\/\/bxrepsol.s3.eu-west-1.amazonaws.com\/static\/2022\/08\/05055409\/10Laguna12_TMgp_REPSOL_68-scaled.jpg');\"> <img decoding=\"async\" src=\"https:\/\/bxrepsol.s3.eu-west-1.amazonaws.com\/static\/2022\/08\/05055409\/10Laguna12_TMgp_REPSOL_68-scaled.jpg\" \/><\/picture><noscript><img decoding=\"async\" src=\"https:\/\/bxrepsol.s3.eu-west-1.amazonaws.com\/static\/2022\/08\/05055409\/10Laguna12_TMgp_REPSOL_68-scaled.jpg\" alt=\"Dani Pedrosa y Casey Stoner en Laguna Seca\"><\/noscript><figcaption><\/figcaption><\/figure>\n<p>Laguna seca abandon\u00f3 el mundial de Motociclismo en 1994 para no regresar hasta 2005, justamente en el apogeo de la era de MotoGP. En este periodo de pausa la pista vio un cambio m\u00e1s en el \u00faltimo tramo, retrasando la entrada a la curva 10 y haciendo una recta m\u00e1s larga hasta la 11. <strong>Estas modificaciones hicieron que la distancia por vuelta se ampliase hasta los 3610m actuales<\/strong>. En este trazado se acogieron Grandes Premios hasta 2013, su \u00faltimo a\u00f1o en la competici\u00f3n.<\/p>\n<p>El circuito es uno de los favoritos de los pilotos que llegaron a competir en \u00e9l. Tambi\u00e9n es famoso <strong>por el sector conocido simplemente como \u201cel sacacorchos\u201d<\/strong>. Esta parte del trazado es cuesta abajo, con un desnivel de 33 metros de altura en unos 130 metros de pista hasta la curva 9, lo que equivale aproximadamente a un edificio de 10 pisos. La primera curva a izquierdas presenta una pendiente del 12% que se incrementa a un 18% en la siguiente a derechas. <strong>La complejidad t\u00e9cnica de esta zona la convierte en un punto muy emocionante<\/strong> en el que los espectadores no pueden despegar sus ojos de la carrera y se pueden dar una infinidad de situaciones. Realizar un adelantamiento en este sector es muy complejo y tan solo dos pilotos han conseguido tal haza\u00f1a, uno de ellos fue el mism\u00edsimo Marc M\u00e1rquez en 2013.<\/p>\n<figure><picture style=\"padding-bottom: 66.666666666667%; background-image: url('https:\/\/bxrepsol.s3.eu-west-1.amazonaws.com\/static\/2022\/08\/05055412\/00_nicky_hayden_laguna_seca_repsol_Honda_motogp_2006_kentucky_kid.jpg');\"> <img decoding=\"async\" src=\"https:\/\/bxrepsol.s3.eu-west-1.amazonaws.com\/static\/2022\/08\/05055412\/00_nicky_hayden_laguna_seca_repsol_Honda_motogp_2006_kentucky_kid.jpg\" \/><\/picture> <picture style=\"padding-bottom: 66.666666666667%; background-image: url('https:\/\/bxrepsol.s3.eu-west-1.amazonaws.com\/static\/2022\/08\/05055412\/00_nicky_hayden_laguna_seca_repsol_Honda_motogp_2006_kentucky_kid.jpg');\"><\/picture><noscript><img decoding=\"async\" src=\"https:\/\/bxrepsol.s3.eu-west-1.amazonaws.com\/static\/2022\/08\/05055412\/00_nicky_hayden_laguna_seca_repsol_Honda_motogp_2006_kentucky_kid.jpg\" alt=\"Nicky Hayden en Laguna seca\"><\/noscript><figcaption><\/figcaption><\/figure>\n<p>El Equipo Repsol Honda cuenta con unos n\u00fameros envidiables en el trazado:<\/p>\n<ul>\n<li><strong>6 Victorias:<\/strong> Este fue el trazado en el que Nicky Hayden cosechaba su primera Victoria en 2005, hito que repiti\u00f3 en 2006. Dani Pedrosa obtuvo otra victoria en 2009 y su compa\u00f1ero Casey Stoner logr\u00f3 coronar el podio tanto en 2011 como en 2012. Marc Solo ha corrido en una \u00fanica ocasi\u00f3n, pero cuando lo hizo logr\u00f3 una incre\u00edble victoria que recordamos como unos de sus hitos m\u00e1s sonados.<\/li>\n<li><strong>9 Podios:<\/strong> Adem\u00e1s de las mencionadas victorias, nuestro Samurai particular Dani Pedrosa, ha cosechado 3 podios m\u00e1s para el equipo en 2006, 2011 y 2012.<\/li>\n<li><strong>1 Pole:<\/strong> Est\u00e9 singular hito est\u00e1 en manos del Campe\u00f3n del Mundo Nicky Hayden, lo logr\u00f3 en 2005, junto con su primera victoria.<\/li>\n<li><strong>5 vueltas r\u00e1pidas:<\/strong> Pedrosa acumular tres vueltas r\u00e1pidas en laguna seca, en 2006, 2009 y 2012. Casey la obtuvo en 2011 y Marc, como no pod\u00eda ser de otra forma, en 2013.<\/li>\n<li>En 2013, <strong>Marc M\u00e1rquez<\/strong> adem\u00e1s de la victoria, obtuvo los records de ser <strong>el primer rookie en vencer en el circuito<\/strong> y se convert\u00eda en el <strong>piloto m\u00e1s joven en ganar 2 GP consecutivos<\/strong>.<\/li>\n<\/ul>\n<p>Laguna Seca acab\u00f3 por abandonar el calendario dejando un gran recuerdo a todos los aficionados a este deporte. Un incre\u00edble trazado que no ha sido el \u00fanico en dejar el Mundial, y si quieres poner a prueba tu memoria, te invitamos a que la ejercites con estos viejos conocidos que acogieron Grandes Premios en su momento.<\/p>\n","protected":false},"excerpt":{"rendered":"<p>Este trazado estadounidense debut\u00f3 en el Mundial de Motociclismo en 1988 y ha hecho las delicias de los aficionados de todo el mundo. 2013 fue el \u00faltimo a\u00f1o en el que se disput\u00f3 un GP all\u00ed, dejando a Marc M\u00e1rquez como el \u00faltimo piloto en coronar su podio.<\/p>\n","protected":false},"author":43146,"featured_media":57866,"comment_status":"open","ping_status":"open","sticky":false,"template":"","format":"standard","meta":{"footnotes":""},"categories":[4],"tags":[333],"class_list":["post-93050","post","type-post","status-publish","format-standard","hentry","category-motogp","tag-competicion"],"yoast_head":"<!-- This site is optimized with the Yoast SEO plugin v27.3 - https:\/\/yoast.com\/product\/yoast-seo-wordpress\/ -->\n<title>\u00bfRecuerdas Laguna Seca y su vertiginoso sacacorchos? - Box Repsol<\/title>\n<meta name=\"description\" content=\"El trazado estadounidense Laguna Seca debut\u00f3 en el Mundial de Motociclismo en 1988 y ha hecho las delicias de los aficionados de todo el mundo.\" \/>\n<link rel=\"canonical\" href=\"https:\/\/www.boxrepsol.com\/es\/motogp\/recuerdas-laguna-seca-vertiginoso-sacacorchos\/\" \/>\n<meta property=\"og:locale\" content=\"es_ES\" \/>\n<meta property=\"og:type\" content=\"article\" \/>\n<meta property=\"og:title\" content=\"\u00bfRecuerdas Laguna Seca y su vertiginoso sacacorchos? - Box Repsol\" \/>\n<meta property=\"og:description\" content=\"El trazado estadounidense Laguna Seca debut\u00f3 en el Mundial de Motociclismo en 1988 y ha hecho las delicias de los aficionados de todo el mundo.\" \/>\n<meta property=\"og:url\" content=\"https:\/\/www.boxrepsol.com\/es\/motogp\/recuerdas-laguna-seca-vertiginoso-sacacorchos\/\" \/>\n<meta property=\"og:site_name\" content=\"Box Repsol\" \/>\n<meta property=\"article:publisher\" content=\"https:\/\/www.facebook.com\/BoxRepsol\" \/>\n<meta property=\"article:author\" content=\"https:\/\/www.facebook.com\/BoxRepsol\/\" \/>\n<meta property=\"article:published_time\" content=\"2020-03-09T02:00:00+00:00\" \/>\n<meta property=\"article:modified_time\" content=\"2025-06-27T10:25:34+00:00\" \/>\n<meta property=\"og:image\" content=\"https:\/\/bxrepsol.s3.eu-west-1.amazonaws.com\/static\/2022\/08\/29081146\/00_marc_marquez_laguna_seca_sacacorchos_respol_honda_2103_rc213v_motogp_moto_93_ant.jpg\" \/>\n\t<meta property=\"og:image:width\" content=\"995\" \/>\n\t<meta property=\"og:image:height\" content=\"560\" \/>\n\t<meta property=\"og:image:type\" content=\"image\/jpeg\" \/>\n<meta name=\"author\" content=\"Redacci\u00f3n Box Repsol\" \/>\n<meta name=\"twitter:card\" content=\"summary_large_image\" \/>\n<meta name=\"twitter:creator\" content=\"@https:\/\/twitter.com\/box_repsol\" \/>\n<meta name=\"twitter:site\" content=\"@box_repsol\" \/>\n<meta name=\"twitter:label1\" content=\"Written by\" \/>\n\t<meta name=\"twitter:data1\" content=\"Redacci\u00f3n Box Repsol\" \/>\n\t<meta name=\"twitter:label2\" content=\"Est. reading time\" \/>\n\t<meta name=\"twitter:data2\" content=\"3 minutos\" \/>\n<script type=\"application\/ld+json\" class=\"yoast-schema-graph\">{\"@context\":\"https:\\\/\\\/schema.org\",\"@graph\":[{\"@type\":\"Article\",\"@id\":\"https:\\\/\\\/www.boxrepsol.com\\\/es\\\/motogp\\\/recuerdas-laguna-seca-vertiginoso-sacacorchos\\\/#article\",\"isPartOf\":{\"@id\":\"https:\\\/\\\/www.boxrepsol.com\\\/es\\\/motogp\\\/recuerdas-laguna-seca-vertiginoso-sacacorchos\\\/\"},\"author\":{\"name\":\"Redacci\u00f3n Box Repsol\",\"@id\":\"https:\\\/\\\/www.boxrepsol.com\\\/es\\\/#\\\/schema\\\/person\\\/c5c2138f2cca251b0ad92b7086bb60b7\"},\"headline\":\"\u00bfRecuerdas Laguna Seca y su vertiginoso sacacorchos?\",\"datePublished\":\"2020-03-09T02:00:00+00:00\",\"dateModified\":\"2025-06-27T10:25:34+00:00\",\"mainEntityOfPage\":{\"@id\":\"https:\\\/\\\/www.boxrepsol.com\\\/es\\\/motogp\\\/recuerdas-laguna-seca-vertiginoso-sacacorchos\\\/\"},\"wordCount\":690,\"commentCount\":0,\"publisher\":{\"@id\":\"https:\\\/\\\/www.boxrepsol.com\\\/es\\\/#organization\"},\"image\":{\"@id\":\"https:\\\/\\\/www.boxrepsol.com\\\/es\\\/motogp\\\/recuerdas-laguna-seca-vertiginoso-sacacorchos\\\/#primaryimage\"},\"thumbnailUrl\":\"https:\\\/\\\/bxrepsol.s3.eu-west-1.amazonaws.com\\\/static\\\/2022\\\/08\\\/29081146\\\/00_marc_marquez_laguna_seca_sacacorchos_respol_honda_2103_rc213v_motogp_moto_93_ant.jpg\",\"keywords\":[\"Competici\u00f3n\"],\"articleSection\":[\"MotoGP\"],\"inLanguage\":\"es\",\"potentialAction\":[{\"@type\":\"CommentAction\",\"name\":\"Comment\",\"target\":[\"https:\\\/\\\/www.boxrepsol.com\\\/es\\\/motogp\\\/recuerdas-laguna-seca-vertiginoso-sacacorchos\\\/#respond\"]}]},{\"@type\":\"WebPage\",\"@id\":\"https:\\\/\\\/www.boxrepsol.com\\\/es\\\/motogp\\\/recuerdas-laguna-seca-vertiginoso-sacacorchos\\\/\",\"url\":\"https:\\\/\\\/www.boxrepsol.com\\\/es\\\/motogp\\\/recuerdas-laguna-seca-vertiginoso-sacacorchos\\\/\",\"name\":\"\u00bfRecuerdas Laguna Seca y su vertiginoso sacacorchos? - Box Repsol\",\"isPartOf\":{\"@id\":\"https:\\\/\\\/www.boxrepsol.com\\\/es\\\/#website\"},\"primaryImageOfPage\":{\"@id\":\"https:\\\/\\\/www.boxrepsol.com\\\/es\\\/motogp\\\/recuerdas-laguna-seca-vertiginoso-sacacorchos\\\/#primaryimage\"},\"image\":{\"@id\":\"https:\\\/\\\/www.boxrepsol.com\\\/es\\\/motogp\\\/recuerdas-laguna-seca-vertiginoso-sacacorchos\\\/#primaryimage\"},\"thumbnailUrl\":\"https:\\\/\\\/bxrepsol.s3.eu-west-1.amazonaws.com\\\/static\\\/2022\\\/08\\\/29081146\\\/00_marc_marquez_laguna_seca_sacacorchos_respol_honda_2103_rc213v_motogp_moto_93_ant.jpg\",\"datePublished\":\"2020-03-09T02:00:00+00:00\",\"dateModified\":\"2025-06-27T10:25:34+00:00\",\"description\":\"El trazado estadounidense Laguna Seca debut\u00f3 en el Mundial de Motociclismo en 1988 y ha hecho las delicias de los aficionados de todo el mundo.\",\"breadcrumb\":{\"@id\":\"https:\\\/\\\/www.boxrepsol.com\\\/es\\\/motogp\\\/recuerdas-laguna-seca-vertiginoso-sacacorchos\\\/#breadcrumb\"},\"inLanguage\":\"es\",\"potentialAction\":[{\"@type\":\"ReadAction\",\"target\":[\"https:\\\/\\\/www.boxrepsol.com\\\/es\\\/motogp\\\/recuerdas-laguna-seca-vertiginoso-sacacorchos\\\/\"]}]},{\"@type\":\"ImageObject\",\"inLanguage\":\"es\",\"@id\":\"https:\\\/\\\/www.boxrepsol.com\\\/es\\\/motogp\\\/recuerdas-laguna-seca-vertiginoso-sacacorchos\\\/#primaryimage\",\"url\":\"https:\\\/\\\/bxrepsol.s3.eu-west-1.amazonaws.com\\\/static\\\/2022\\\/08\\\/29081146\\\/00_marc_marquez_laguna_seca_sacacorchos_respol_honda_2103_rc213v_motogp_moto_93_ant.jpg\",\"contentUrl\":\"https:\\\/\\\/bxrepsol.s3.eu-west-1.amazonaws.com\\\/static\\\/2022\\\/08\\\/29081146\\\/00_marc_marquez_laguna_seca_sacacorchos_respol_honda_2103_rc213v_motogp_moto_93_ant.jpg\",\"width\":995,\"height\":560,\"caption\":\"Laguna Seca, Marc M\u00e1rquez en el sacacorchos\"},{\"@type\":\"BreadcrumbList\",\"@id\":\"https:\\\/\\\/www.boxrepsol.com\\\/es\\\/motogp\\\/recuerdas-laguna-seca-vertiginoso-sacacorchos\\\/#breadcrumb\",\"itemListElement\":[{\"@type\":\"ListItem\",\"position\":1,\"name\":\"Home\",\"item\":\"https:\\\/\\\/www.boxrepsol.com\\\/es\\\/\"},{\"@type\":\"ListItem\",\"position\":2,\"name\":\"\u00bfRecuerdas Laguna Seca y su vertiginoso sacacorchos?\"}]},{\"@type\":\"WebSite\",\"@id\":\"https:\\\/\\\/www.boxrepsol.com\\\/es\\\/#website\",\"url\":\"https:\\\/\\\/www.boxrepsol.com\\\/es\\\/\",\"name\":\"Box Repsol\",\"description\":\"Box Repsol Site\",\"publisher\":{\"@id\":\"https:\\\/\\\/www.boxrepsol.com\\\/es\\\/#organization\"},\"potentialAction\":[{\"@type\":\"SearchAction\",\"target\":{\"@type\":\"EntryPoint\",\"urlTemplate\":\"https:\\\/\\\/www.boxrepsol.com\\\/es\\\/?s={search_term_string}\"},\"query-input\":{\"@type\":\"PropertyValueSpecification\",\"valueRequired\":true,\"valueName\":\"search_term_string\"}}],\"inLanguage\":\"es\"},{\"@type\":\"Organization\",\"@id\":\"https:\\\/\\\/www.boxrepsol.com\\\/es\\\/#organization\",\"name\":\"Box Repsol\",\"url\":\"https:\\\/\\\/www.boxrepsol.com\\\/es\\\/\",\"logo\":{\"@type\":\"ImageObject\",\"inLanguage\":\"es\",\"@id\":\"https:\\\/\\\/www.boxrepsol.com\\\/es\\\/#\\\/schema\\\/logo\\\/image\\\/\",\"url\":\"https:\\\/\\\/bxrepsol.s3.eu-west-1.amazonaws.com\\\/static\\\/2025\\\/07\\\/30083337\\\/favicon-96x96-1.png\",\"contentUrl\":\"https:\\\/\\\/bxrepsol.s3.eu-west-1.amazonaws.com\\\/static\\\/2025\\\/07\\\/30083337\\\/favicon-96x96-1.png\",\"width\":96,\"height\":96,\"caption\":\"Box Repsol\"},\"image\":{\"@id\":\"https:\\\/\\\/www.boxrepsol.com\\\/es\\\/#\\\/schema\\\/logo\\\/image\\\/\"},\"sameAs\":[\"https:\\\/\\\/www.facebook.com\\\/BoxRepsol\",\"https:\\\/\\\/x.com\\\/box_repsol\",\"http:\\\/\\\/instagram.com\\\/box_repsol\",\"https:\\\/\\\/www.youtube.com\\\/user\\\/RepsolCompeticion\",\"https:\\\/\\\/www.flickr.com\\\/photos\\\/box_repsol\\\/\"]},{\"@type\":\"Person\",\"@id\":\"https:\\\/\\\/www.boxrepsol.com\\\/es\\\/#\\\/schema\\\/person\\\/c5c2138f2cca251b0ad92b7086bb60b7\",\"name\":\"Redacci\u00f3n Box Repsol\",\"image\":{\"@type\":\"ImageObject\",\"inLanguage\":\"es\",\"@id\":\"https:\\\/\\\/secure.gravatar.com\\\/avatar\\\/adf7b77e38b4419baf32c7e9c21dde01f4e40df611f0978e3006fc4ba0aaab7e?s=96&d=mm&r=g\",\"url\":\"https:\\\/\\\/secure.gravatar.com\\\/avatar\\\/adf7b77e38b4419baf32c7e9c21dde01f4e40df611f0978e3006fc4ba0aaab7e?s=96&d=mm&r=g\",\"contentUrl\":\"https:\\\/\\\/secure.gravatar.com\\\/avatar\\\/adf7b77e38b4419baf32c7e9c21dde01f4e40df611f0978e3006fc4ba0aaab7e?s=96&d=mm&r=g\",\"caption\":\"Redacci\u00f3n Box Repsol\"},\"description\":\"Box Repsol lo forma un equipo de periodistas, community managers, dise\u00f1adores y fot\u00f3grafos con m\u00e1s de 20 a\u00f1os de experiencia en el mundo del motorsport. Hemos vivido el primer mundial de un espa\u00f1ol en la categor\u00eda reina de motociclismo con \u00c1lex Crivill\u00e9, estuvimos en las victorias de Pedrosa y los t\u00edtulos de M\u00e1rquez, acompa\u00f1amos en \u00c1frica a Nani Roma y Marc Coma en sus conquistas del Dakar y hemos vibrado con los t\u00edtulos de Toni Bou en Trial. Adem\u00e1s, en nuestro equipo contamos con expertos en el mundo de las dos y cuatro ruedas tanto de la calle y las carreteras, como de los circuitos. Periodistas que han trabajado en revistas y publicaciones para hacerte llegar desde rutas y consejos de mantenimiento, a curiosidades y trucos de pilotaje.\",\"sameAs\":[\"https:\\\/\\\/www.facebook.com\\\/BoxRepsol\\\/\",\"https:\\\/\\\/www.instagram.com\\\/box_repsol\\\/\",\"https:\\\/\\\/x.com\\\/https:\\\/\\\/twitter.com\\\/box_repsol\",\"https:\\\/\\\/www.youtube.com\\\/@Boxrepsol\"],\"url\":\"https:\\\/\\\/www.boxrepsol.com\\\/es\\\/author\\\/redaccion-box-repsol\\\/\"}]}<\/script>\n<!-- \/ Yoast SEO plugin. -->","yoast_head_json":{"title":"\u00bfRecuerdas Laguna Seca y su vertiginoso sacacorchos? - Box Repsol","description":"El trazado estadounidense Laguna Seca debut\u00f3 en el Mundial de Motociclismo en 1988 y ha hecho las delicias de los aficionados de todo el mundo.","canonical":"https:\/\/www.boxrepsol.com\/es\/motogp\/recuerdas-laguna-seca-vertiginoso-sacacorchos\/","og_locale":"es_ES","og_type":"article","og_title":"\u00bfRecuerdas Laguna Seca y su vertiginoso sacacorchos? - Box Repsol","og_description":"El trazado estadounidense Laguna Seca debut\u00f3 en el Mundial de Motociclismo en 1988 y ha hecho las delicias de los aficionados de todo el mundo.","og_url":"https:\/\/www.boxrepsol.com\/es\/motogp\/recuerdas-laguna-seca-vertiginoso-sacacorchos\/","og_site_name":"Box Repsol","article_publisher":"https:\/\/www.facebook.com\/BoxRepsol","article_author":"https:\/\/www.facebook.com\/BoxRepsol\/","article_published_time":"2020-03-09T02:00:00+00:00","article_modified_time":"2025-06-27T10:25:34+00:00","og_image":[{"width":995,"height":560,"url":"https:\/\/bxrepsol.s3.eu-west-1.amazonaws.com\/static\/2022\/08\/29081146\/00_marc_marquez_laguna_seca_sacacorchos_respol_honda_2103_rc213v_motogp_moto_93_ant.jpg","type":"image\/jpeg"}],"author":"Redacci\u00f3n Box Repsol","twitter_card":"summary_large_image","twitter_creator":"@https:\/\/twitter.com\/box_repsol","twitter_site":"@box_repsol","twitter_misc":{"Written by":"Redacci\u00f3n Box Repsol","Est. reading time":"3 minutos"},"schema":{"@context":"https:\/\/schema.org","@graph":[{"@type":"Article","@id":"https:\/\/www.boxrepsol.com\/es\/motogp\/recuerdas-laguna-seca-vertiginoso-sacacorchos\/#article","isPartOf":{"@id":"https:\/\/www.boxrepsol.com\/es\/motogp\/recuerdas-laguna-seca-vertiginoso-sacacorchos\/"},"author":{"name":"Redacci\u00f3n Box Repsol","@id":"https:\/\/www.boxrepsol.com\/es\/#\/schema\/person\/c5c2138f2cca251b0ad92b7086bb60b7"},"headline":"\u00bfRecuerdas Laguna Seca y su vertiginoso sacacorchos?","datePublished":"2020-03-09T02:00:00+00:00","dateModified":"2025-06-27T10:25:34+00:00","mainEntityOfPage":{"@id":"https:\/\/www.boxrepsol.com\/es\/motogp\/recuerdas-laguna-seca-vertiginoso-sacacorchos\/"},"wordCount":690,"commentCount":0,"publisher":{"@id":"https:\/\/www.boxrepsol.com\/es\/#organization"},"image":{"@id":"https:\/\/www.boxrepsol.com\/es\/motogp\/recuerdas-laguna-seca-vertiginoso-sacacorchos\/#primaryimage"},"thumbnailUrl":"https:\/\/bxrepsol.s3.eu-west-1.amazonaws.com\/static\/2022\/08\/29081146\/00_marc_marquez_laguna_seca_sacacorchos_respol_honda_2103_rc213v_motogp_moto_93_ant.jpg","keywords":["Competici\u00f3n"],"articleSection":["MotoGP"],"inLanguage":"es","potentialAction":[{"@type":"CommentAction","name":"Comment","target":["https:\/\/www.boxrepsol.com\/es\/motogp\/recuerdas-laguna-seca-vertiginoso-sacacorchos\/#respond"]}]},{"@type":"WebPage","@id":"https:\/\/www.boxrepsol.com\/es\/motogp\/recuerdas-laguna-seca-vertiginoso-sacacorchos\/","url":"https:\/\/www.boxrepsol.com\/es\/motogp\/recuerdas-laguna-seca-vertiginoso-sacacorchos\/","name":"\u00bfRecuerdas Laguna Seca y su vertiginoso sacacorchos? - Box Repsol","isPartOf":{"@id":"https:\/\/www.boxrepsol.com\/es\/#website"},"primaryImageOfPage":{"@id":"https:\/\/www.boxrepsol.com\/es\/motogp\/recuerdas-laguna-seca-vertiginoso-sacacorchos\/#primaryimage"},"image":{"@id":"https:\/\/www.boxrepsol.com\/es\/motogp\/recuerdas-laguna-seca-vertiginoso-sacacorchos\/#primaryimage"},"thumbnailUrl":"https:\/\/bxrepsol.s3.eu-west-1.amazonaws.com\/static\/2022\/08\/29081146\/00_marc_marquez_laguna_seca_sacacorchos_respol_honda_2103_rc213v_motogp_moto_93_ant.jpg","datePublished":"2020-03-09T02:00:00+00:00","dateModified":"2025-06-27T10:25:34+00:00","description":"El trazado estadounidense Laguna Seca debut\u00f3 en el Mundial de Motociclismo en 1988 y ha hecho las delicias de los aficionados de todo el mundo.","breadcrumb":{"@id":"https:\/\/www.boxrepsol.com\/es\/motogp\/recuerdas-laguna-seca-vertiginoso-sacacorchos\/#breadcrumb"},"inLanguage":"es","potentialAction":[{"@type":"ReadAction","target":["https:\/\/www.boxrepsol.com\/es\/motogp\/recuerdas-laguna-seca-vertiginoso-sacacorchos\/"]}]},{"@type":"ImageObject","inLanguage":"es","@id":"https:\/\/www.boxrepsol.com\/es\/motogp\/recuerdas-laguna-seca-vertiginoso-sacacorchos\/#primaryimage","url":"https:\/\/bxrepsol.s3.eu-west-1.amazonaws.com\/static\/2022\/08\/29081146\/00_marc_marquez_laguna_seca_sacacorchos_respol_honda_2103_rc213v_motogp_moto_93_ant.jpg","contentUrl":"https:\/\/bxrepsol.s3.eu-west-1.amazonaws.com\/static\/2022\/08\/29081146\/00_marc_marquez_laguna_seca_sacacorchos_respol_honda_2103_rc213v_motogp_moto_93_ant.jpg","width":995,"height":560,"caption":"Laguna Seca, Marc M\u00e1rquez en el sacacorchos"},{"@type":"BreadcrumbList","@id":"https:\/\/www.boxrepsol.com\/es\/motogp\/recuerdas-laguna-seca-vertiginoso-sacacorchos\/#breadcrumb","itemListElement":[{"@type":"ListItem","position":1,"name":"Home","item":"https:\/\/www.boxrepsol.com\/es\/"},{"@type":"ListItem","position":2,"name":"\u00bfRecuerdas Laguna Seca y su vertiginoso sacacorchos?"}]},{"@type":"WebSite","@id":"https:\/\/www.boxrepsol.com\/es\/#website","url":"https:\/\/www.boxrepsol.com\/es\/","name":"Box Repsol","description":"Box Repsol Site","publisher":{"@id":"https:\/\/www.boxrepsol.com\/es\/#organization"},"potentialAction":[{"@type":"SearchAction","target":{"@type":"EntryPoint","urlTemplate":"https:\/\/www.boxrepsol.com\/es\/?s={search_term_string}"},"query-input":{"@type":"PropertyValueSpecification","valueRequired":true,"valueName":"search_term_string"}}],"inLanguage":"es"},{"@type":"Organization","@id":"https:\/\/www.boxrepsol.com\/es\/#organization","name":"Box Repsol","url":"https:\/\/www.boxrepsol.com\/es\/","logo":{"@type":"ImageObject","inLanguage":"es","@id":"https:\/\/www.boxrepsol.com\/es\/#\/schema\/logo\/image\/","url":"https:\/\/bxrepsol.s3.eu-west-1.amazonaws.com\/static\/2025\/07\/30083337\/favicon-96x96-1.png","contentUrl":"https:\/\/bxrepsol.s3.eu-west-1.amazonaws.com\/static\/2025\/07\/30083337\/favicon-96x96-1.png","width":96,"height":96,"caption":"Box Repsol"},"image":{"@id":"https:\/\/www.boxrepsol.com\/es\/#\/schema\/logo\/image\/"},"sameAs":["https:\/\/www.facebook.com\/BoxRepsol","https:\/\/x.com\/box_repsol","http:\/\/instagram.com\/box_repsol","https:\/\/www.youtube.com\/user\/RepsolCompeticion","https:\/\/www.flickr.com\/photos\/box_repsol\/"]},{"@type":"Person","@id":"https:\/\/www.boxrepsol.com\/es\/#\/schema\/person\/c5c2138f2cca251b0ad92b7086bb60b7","name":"Redacci\u00f3n Box Repsol","image":{"@type":"ImageObject","inLanguage":"es","@id":"https:\/\/secure.gravatar.com\/avatar\/adf7b77e38b4419baf32c7e9c21dde01f4e40df611f0978e3006fc4ba0aaab7e?s=96&d=mm&r=g","url":"https:\/\/secure.gravatar.com\/avatar\/adf7b77e38b4419baf32c7e9c21dde01f4e40df611f0978e3006fc4ba0aaab7e?s=96&d=mm&r=g","contentUrl":"https:\/\/secure.gravatar.com\/avatar\/adf7b77e38b4419baf32c7e9c21dde01f4e40df611f0978e3006fc4ba0aaab7e?s=96&d=mm&r=g","caption":"Redacci\u00f3n Box Repsol"},"description":"Box Repsol lo forma un equipo de periodistas, community managers, dise\u00f1adores y fot\u00f3grafos con m\u00e1s de 20 a\u00f1os de experiencia en el mundo del motorsport. Hemos vivido el primer mundial de un espa\u00f1ol en la categor\u00eda reina de motociclismo con \u00c1lex Crivill\u00e9, estuvimos en las victorias de Pedrosa y los t\u00edtulos de M\u00e1rquez, acompa\u00f1amos en \u00c1frica a Nani Roma y Marc Coma en sus conquistas del Dakar y hemos vibrado con los t\u00edtulos de Toni Bou en Trial. Adem\u00e1s, en nuestro equipo contamos con expertos en el mundo de las dos y cuatro ruedas tanto de la calle y las carreteras, como de los circuitos. Periodistas que han trabajado en revistas y publicaciones para hacerte llegar desde rutas y consejos de mantenimiento, a curiosidades y trucos de pilotaje.","sameAs":["https:\/\/www.facebook.com\/BoxRepsol\/","https:\/\/www.instagram.com\/box_repsol\/","https:\/\/x.com\/https:\/\/twitter.com\/box_repsol","https:\/\/www.youtube.com\/@Boxrepsol"],"url":"https:\/\/www.boxrepsol.com\/es\/author\/redaccion-box-repsol\/"}]}},"_links":{"self":[{"href":"https:\/\/www.boxrepsol.com\/es\/wp-json\/wp\/v2\/posts\/93050","targetHints":{"allow":["GET"]}}],"collection":[{"href":"https:\/\/www.boxrepsol.com\/es\/wp-json\/wp\/v2\/posts"}],"about":[{"href":"https:\/\/www.boxrepsol.com\/es\/wp-json\/wp\/v2\/types\/post"}],"author":[{"embeddable":true,"href":"https:\/\/www.boxrepsol.com\/es\/wp-json\/wp\/v2\/users\/43146"}],"replies":[{"embeddable":true,"href":"https:\/\/www.boxrepsol.com\/es\/wp-json\/wp\/v2\/comments?post=93050"}],"version-history":[{"count":3,"href":"https:\/\/www.boxrepsol.com\/es\/wp-json\/wp\/v2\/posts\/93050\/revisions"}],"predecessor-version":[{"id":120277,"href":"https:\/\/www.boxrepsol.com\/es\/wp-json\/wp\/v2\/posts\/93050\/revisions\/120277"}],"wp:featuredmedia":[{"embeddable":true,"href":"https:\/\/www.boxrepsol.com\/es\/wp-json\/wp\/v2\/media\/57866"}],"wp:attachment":[{"href":"https:\/\/www.boxrepsol.com\/es\/wp-json\/wp\/v2\/media?parent=93050"}],"wp:term":[{"taxonomy":"category","embeddable":true,"href":"https:\/\/www.boxrepsol.com\/es\/wp-json\/wp\/v2\/categories?post=93050"},{"taxonomy":"post_tag","embeddable":true,"href":"https:\/\/www.boxrepsol.com\/es\/wp-json\/wp\/v2\/tags?post=93050"}],"curies":[{"name":"wp","href":"https:\/\/api.w.org\/{rel}","templated":true}]}}