{"id":93038,"date":"2018-05-02T00:00:00","date_gmt":"2018-05-02T02:00:00","guid":{"rendered":"http:\/\/pre.boxrepsol.com\/sin-categorizar\/motos-madera-creatividad-excentricidad\/"},"modified":"2024-05-22T06:21:01","modified_gmt":"2024-05-22T08:21:01","slug":"motos-madera-creatividad-excentricidad","status":"publish","type":"post","link":"https:\/\/www.boxrepsol.com\/es\/cultura-motera\/motos-madera-creatividad-excentricidad\/","title":{"rendered":"Motos de madera"},"content":{"rendered":"<p>Las <strong>motos de madera<\/strong> se remontan en la historia de la motocicleta a sus inicios, es decir, a hace unos 130 a\u00f1os.<\/p>\n<p>Durante el Siglo XIX la ingenier\u00eda avanz\u00f3 a pasos agigantados y, a finales de \u00e9ste, comenzaron a aparecer los primeros autom\u00f3viles con motor de combusti\u00f3n interna.<\/p>\n<p>En 1885, <strong>Gottlieb Daimler<\/strong> -el mismo Daimler que en 1899 fabric\u00f3 el primer coche de Mercedes-Benz-, mont\u00f3 un motor de 264 cc de combusti\u00f3n interna sobre un chasis de bicicleta realizado en madera.<\/p>\n<p><a href=\"https:\/\/commons.wikimedia.org\/wiki\/File:Gottlieb_Daimler_1890s2.jpg#\/media\/File:Gottlieb_Daimler_1890s2.jpg\"><img loading=\"lazy\" decoding=\"async\" src=\"https:\/\/bxrepsol.s3.eu-west-1.amazonaws.com\/static\/2022\/08\/29081045\/Gottlieb_Daimler_1890s2-1-scaled.jpg\" alt=\"Gottlieb Daimler 1890s2.jpg\" width=\"704\" height=\"600\" \/><\/a><\/p>\n<p>Gottlieb Daimler (foto: wikipedia)<\/p>\n<p>El empleo de este material tambi\u00e9n alcanzaba a las ruedas y otros componentes. Se considera a la Daimler Einspur, con sus 12 km\/h de velocidad m\u00e1xima, <strong>la primera motocicleta de la historia<\/strong>.<\/p>\n<p><a href=\"https:\/\/commons.wikimedia.org\/wiki\/File:Daimler_Reitwagen_color_drawing_1885_DE_patent_36423.jpg#\/media\/File:Daimler_Reitwagen_color_drawing_1885_DE_patent_36423.jpg\"><img loading=\"lazy\" decoding=\"async\" src=\"https:\/\/bxrepsol.s3.eu-west-1.amazonaws.com\/static\/2022\/08\/29081049\/Daimler_Reitwagen_color_drawing_1885_DE_patent_36423-1.jpg\" alt=\"Daimler Reitwagen color drawing 1885 DE patent 36423.jpg\" width=\"704\" height=\"600\" \/><\/a><br \/>\nGottlieb Daimler &#8211; (foto wikipedia)<\/p>\n<p>La madera fue r\u00e1pidamente sustituida por el metal en la construcci\u00f3n de motos, pero todav\u00eda se puede encontrar a alg\u00fan entusiasta, especialista, o como lo quieras llamar, que utiliza este material en la creaci\u00f3n de sus preparaciones.<\/p>\n<p><a href=\"https:\/\/commons.wikimedia.org\/wiki\/File:Daimler_Reitwagen_front-right_Mercedes-Benz_Museum.jpg#\/media\/File:Daimler_Reitwagen_front-right_Mercedes-Benz_Museum.jpg\"><img loading=\"lazy\" decoding=\"async\" src=\"https:\/\/bxrepsol.s3.eu-west-1.amazonaws.com\/static\/2022\/08\/29081053\/Daimler_Reitwagen_front-right_Mercedes-Benz_Museum-1-scaled.jpg\" alt=\"Daimler Reitwagen front-right Mercedes-Benz Museum.jpg\" width=\"704\" height=\"600\" \/><\/a><br \/>\nBy <a title=\"User:Morio\" href=\"\/\/commons.wikimedia.org\/wiki\/User:Morio\">Morio<\/a> &#8211; (foto wikipedia)<\/p>\n<p><a href=\"https:\/\/commons.wikimedia.org\/wiki\/File:Daimler_Reitwagen.JPG#\/media\/File:Daimler_Reitwagen.JPG\"><img loading=\"lazy\" decoding=\"async\" src=\"https:\/\/bxrepsol.s3.eu-west-1.amazonaws.com\/static\/2022\/08\/29081058\/Daimler_Reitwagen-1-scaled.jpg\" alt=\"Daimler Reitwagen.JPG\" width=\"704\" height=\"500\" \/><\/a><\/p>\n<p>Desde hace ya unos a\u00f1os, en su tiempo libre el ebanista argentino <strong>Leopoldo L\u00f3pez<\/strong> ha encontrado en la madera la mejor forma de diferenciar sus motos, en sustituci\u00f3n de componentes tradicionalmente fabricados en pl\u00e1stico o metal.<\/p>\n<p>En su taller de la localidad argentina de C\u00f3rdoba, Leo se confiesa entusiasta de la motocicleta desde la infancia y hasta ahora ha puesto en marcha <strong>veinte preciosas motos modificadas con madera<\/strong> en buena parte de los componentes de la carrocer\u00eda.<\/p>\n<p>Dep\u00f3sitos, carenados, soportes de alumbrado, tapas de carburador, guardabarros, cubrecadenas y piezas menores son las que sustituye por dise\u00f1os alternativos en madera, por lo que te puedes imaginas el inmaculado aspecto de sus creaciones.<\/p>\n<p><iframe loading=\"lazy\" src=\"https:\/\/assets.pinterest.com\/ext\/embed.html?id=629941066603096212\" width=\"450\" height=\"550\" frameborder=\"0\" scrolling=\"no\"><\/iframe><\/p>\n<p>Todo comenz\u00f3 en 2011, cuando quiso reconstruir una moto antigua a la que le faltaban muchas piezas. Us\u00f3 madera para tallar lo que necesitaba pensando en pintar despu\u00e9s, pero se dio cuenta de que la moto resultaba mucho m\u00e1s chula en su color natural.<\/p>\n<p><strong>Acepta encargos<\/strong> y su obra m\u00e1s importante se ha realizado sobre una aut\u00e9ntica Harley-Davidson. Las motos permiten pleno uso pero, dado lo delicado del material, es mejor reservarlas para ocasiones especiales. Tambi\u00e9n personaliza cascos, emplea l\u00e1minas de madera que se a\u00f1aden sobre la calota homologada, similar al que vemos a continuaci\u00f3n.<\/p>\n<p><iframe loading=\"lazy\" src=\"https:\/\/assets.pinterest.com\/ext\/embed.html?id=333477547394085935\" width=\"450\" height=\"497\" frameborder=\"0\" scrolling=\"no\"><\/iframe><\/p>\n<p>Aparte de motocicletas y cascos, Leopoldo tambi\u00e9n ha construido <strong>distintos modelos de bicicletas en madera<\/strong>. Esta \u00faltima vertiente est\u00e1 bastante m\u00e1s extendida, pues no es dif\u00edcil encontrar en el mercado bicicletas de carretera producidas en este material.<\/p>\n<p>Foto cabecera: Repsol<\/p>\n","protected":false},"excerpt":{"rendered":"<p>Igual no te lo crees, pero las ideas a la hora de preparar motos pueden alcanzar al empleo de los materiales m\u00e1s dispares; incluso madera. S\u00ed, madera, has le\u00eddo bien. Una moto de madera.<\/p>\n","protected":false},"author":43146,"featured_media":57802,"comment_status":"open","ping_status":"open","sticky":false,"template":"","format":"standard","meta":{"footnotes":""},"categories":[160],"tags":[174],"class_list":["post-93038","post","type-post","status-publish","format-standard","hentry","category-cultura-motera","tag-coleccionismo-y-aficiones-moteras"],"yoast_head":"<!-- This site is optimized with the Yoast SEO plugin v27.3 - https:\/\/yoast.com\/product\/yoast-seo-wordpress\/ -->\n<title>Motos de madera: origen, inventor y prototipos - Box Repsol<\/title>\n<meta name=\"description\" content=\"Las motos de madera se remontan en la historia de la motocicleta a sus inicios, es decir, a hace unos 130 a\u00f1os.\" \/>\n<link rel=\"canonical\" href=\"https:\/\/www.boxrepsol.com\/es\/cultura-motera\/motos-madera-creatividad-excentricidad\/\" \/>\n<meta property=\"og:locale\" content=\"es_ES\" \/>\n<meta property=\"og:type\" content=\"article\" \/>\n<meta property=\"og:title\" content=\"Motos de madera: origen, inventor y prototipos - Box Repsol\" \/>\n<meta property=\"og:description\" content=\"Las motos de madera se remontan en la historia de la motocicleta a sus inicios, es decir, a hace unos 130 a\u00f1os.\" \/>\n<meta property=\"og:url\" content=\"https:\/\/www.boxrepsol.com\/es\/cultura-motera\/motos-madera-creatividad-excentricidad\/\" \/>\n<meta property=\"og:site_name\" content=\"Box Repsol\" \/>\n<meta property=\"article:publisher\" content=\"https:\/\/www.facebook.com\/BoxRepsol\" \/>\n<meta property=\"article:author\" content=\"https:\/\/www.facebook.com\/BoxRepsol\/\" \/>\n<meta property=\"article:published_time\" content=\"2018-05-02T02:00:00+00:00\" \/>\n<meta property=\"article:modified_time\" content=\"2024-05-22T08:21:01+00:00\" \/>\n<meta property=\"og:image\" content=\"https:\/\/bxrepsol.s3.eu-west-1.amazonaws.com\/static\/2022\/08\/29081102\/motos_madera-1.jpg\" \/>\n\t<meta property=\"og:image:width\" content=\"986\" \/>\n\t<meta property=\"og:image:height\" content=\"555\" \/>\n\t<meta property=\"og:image:type\" content=\"image\/jpeg\" \/>\n<meta name=\"author\" content=\"Redacci\u00f3n Box Repsol\" \/>\n<meta name=\"twitter:card\" content=\"summary_large_image\" \/>\n<meta name=\"twitter:creator\" content=\"@https:\/\/twitter.com\/box_repsol\" \/>\n<meta name=\"twitter:site\" content=\"@box_repsol\" \/>\n<meta name=\"twitter:label1\" content=\"Written by\" \/>\n\t<meta name=\"twitter:data1\" content=\"Redacci\u00f3n Box Repsol\" \/>\n\t<meta name=\"twitter:label2\" content=\"Est. reading time\" \/>\n\t<meta name=\"twitter:data2\" content=\"2 minutos\" \/>\n<script type=\"application\/ld+json\" class=\"yoast-schema-graph\">{\"@context\":\"https:\\\/\\\/schema.org\",\"@graph\":[{\"@type\":\"Article\",\"@id\":\"https:\\\/\\\/www.boxrepsol.com\\\/es\\\/cultura-motera\\\/motos-madera-creatividad-excentricidad\\\/#article\",\"isPartOf\":{\"@id\":\"https:\\\/\\\/www.boxrepsol.com\\\/es\\\/cultura-motera\\\/motos-madera-creatividad-excentricidad\\\/\"},\"author\":{\"name\":\"Redacci\u00f3n Box Repsol\",\"@id\":\"https:\\\/\\\/www.boxrepsol.com\\\/es\\\/#\\\/schema\\\/person\\\/c5c2138f2cca251b0ad92b7086bb60b7\"},\"headline\":\"Motos de madera\",\"datePublished\":\"2018-05-02T02:00:00+00:00\",\"dateModified\":\"2024-05-22T08:21:01+00:00\",\"mainEntityOfPage\":{\"@id\":\"https:\\\/\\\/www.boxrepsol.com\\\/es\\\/cultura-motera\\\/motos-madera-creatividad-excentricidad\\\/\"},\"wordCount\":439,\"commentCount\":0,\"publisher\":{\"@id\":\"https:\\\/\\\/www.boxrepsol.com\\\/es\\\/#organization\"},\"image\":{\"@id\":\"https:\\\/\\\/www.boxrepsol.com\\\/es\\\/cultura-motera\\\/motos-madera-creatividad-excentricidad\\\/#primaryimage\"},\"thumbnailUrl\":\"https:\\\/\\\/bxrepsol.s3.eu-west-1.amazonaws.com\\\/static\\\/2022\\\/08\\\/29081102\\\/motos_madera-1.jpg\",\"keywords\":[\"coleccionismo y aficiones moteras\"],\"articleSection\":[\"Cultura Motera\"],\"inLanguage\":\"es\",\"potentialAction\":[{\"@type\":\"CommentAction\",\"name\":\"Comment\",\"target\":[\"https:\\\/\\\/www.boxrepsol.com\\\/es\\\/cultura-motera\\\/motos-madera-creatividad-excentricidad\\\/#respond\"]}]},{\"@type\":\"WebPage\",\"@id\":\"https:\\\/\\\/www.boxrepsol.com\\\/es\\\/cultura-motera\\\/motos-madera-creatividad-excentricidad\\\/\",\"url\":\"https:\\\/\\\/www.boxrepsol.com\\\/es\\\/cultura-motera\\\/motos-madera-creatividad-excentricidad\\\/\",\"name\":\"Motos de madera: origen, inventor y prototipos - Box Repsol\",\"isPartOf\":{\"@id\":\"https:\\\/\\\/www.boxrepsol.com\\\/es\\\/#website\"},\"primaryImageOfPage\":{\"@id\":\"https:\\\/\\\/www.boxrepsol.com\\\/es\\\/cultura-motera\\\/motos-madera-creatividad-excentricidad\\\/#primaryimage\"},\"image\":{\"@id\":\"https:\\\/\\\/www.boxrepsol.com\\\/es\\\/cultura-motera\\\/motos-madera-creatividad-excentricidad\\\/#primaryimage\"},\"thumbnailUrl\":\"https:\\\/\\\/bxrepsol.s3.eu-west-1.amazonaws.com\\\/static\\\/2022\\\/08\\\/29081102\\\/motos_madera-1.jpg\",\"datePublished\":\"2018-05-02T02:00:00+00:00\",\"dateModified\":\"2024-05-22T08:21:01+00:00\",\"description\":\"Las motos de madera se remontan en la historia de la motocicleta a sus inicios, es decir, a hace unos 130 a\u00f1os.\",\"breadcrumb\":{\"@id\":\"https:\\\/\\\/www.boxrepsol.com\\\/es\\\/cultura-motera\\\/motos-madera-creatividad-excentricidad\\\/#breadcrumb\"},\"inLanguage\":\"es\",\"potentialAction\":[{\"@type\":\"ReadAction\",\"target\":[\"https:\\\/\\\/www.boxrepsol.com\\\/es\\\/cultura-motera\\\/motos-madera-creatividad-excentricidad\\\/\"]}]},{\"@type\":\"ImageObject\",\"inLanguage\":\"es\",\"@id\":\"https:\\\/\\\/www.boxrepsol.com\\\/es\\\/cultura-motera\\\/motos-madera-creatividad-excentricidad\\\/#primaryimage\",\"url\":\"https:\\\/\\\/bxrepsol.s3.eu-west-1.amazonaws.com\\\/static\\\/2022\\\/08\\\/29081102\\\/motos_madera-1.jpg\",\"contentUrl\":\"https:\\\/\\\/bxrepsol.s3.eu-west-1.amazonaws.com\\\/static\\\/2022\\\/08\\\/29081102\\\/motos_madera-1.jpg\",\"width\":986,\"height\":555,\"caption\":\"Moto de madera con aspecto de artilugio mec\u00e1nico\"},{\"@type\":\"BreadcrumbList\",\"@id\":\"https:\\\/\\\/www.boxrepsol.com\\\/es\\\/cultura-motera\\\/motos-madera-creatividad-excentricidad\\\/#breadcrumb\",\"itemListElement\":[{\"@type\":\"ListItem\",\"position\":1,\"name\":\"Home\",\"item\":\"https:\\\/\\\/www.boxrepsol.com\\\/es\\\/\"},{\"@type\":\"ListItem\",\"position\":2,\"name\":\"Motos de madera\"}]},{\"@type\":\"WebSite\",\"@id\":\"https:\\\/\\\/www.boxrepsol.com\\\/es\\\/#website\",\"url\":\"https:\\\/\\\/www.boxrepsol.com\\\/es\\\/\",\"name\":\"Box Repsol\",\"description\":\"Box Repsol Site\",\"publisher\":{\"@id\":\"https:\\\/\\\/www.boxrepsol.com\\\/es\\\/#organization\"},\"potentialAction\":[{\"@type\":\"SearchAction\",\"target\":{\"@type\":\"EntryPoint\",\"urlTemplate\":\"https:\\\/\\\/www.boxrepsol.com\\\/es\\\/?s={search_term_string}\"},\"query-input\":{\"@type\":\"PropertyValueSpecification\",\"valueRequired\":true,\"valueName\":\"search_term_string\"}}],\"inLanguage\":\"es\"},{\"@type\":\"Organization\",\"@id\":\"https:\\\/\\\/www.boxrepsol.com\\\/es\\\/#organization\",\"name\":\"Box Repsol\",\"url\":\"https:\\\/\\\/www.boxrepsol.com\\\/es\\\/\",\"logo\":{\"@type\":\"ImageObject\",\"inLanguage\":\"es\",\"@id\":\"https:\\\/\\\/www.boxrepsol.com\\\/es\\\/#\\\/schema\\\/logo\\\/image\\\/\",\"url\":\"https:\\\/\\\/bxrepsol.s3.eu-west-1.amazonaws.com\\\/static\\\/2025\\\/07\\\/30083337\\\/favicon-96x96-1.png\",\"contentUrl\":\"https:\\\/\\\/bxrepsol.s3.eu-west-1.amazonaws.com\\\/static\\\/2025\\\/07\\\/30083337\\\/favicon-96x96-1.png\",\"width\":96,\"height\":96,\"caption\":\"Box Repsol\"},\"image\":{\"@id\":\"https:\\\/\\\/www.boxrepsol.com\\\/es\\\/#\\\/schema\\\/logo\\\/image\\\/\"},\"sameAs\":[\"https:\\\/\\\/www.facebook.com\\\/BoxRepsol\",\"https:\\\/\\\/x.com\\\/box_repsol\",\"http:\\\/\\\/instagram.com\\\/box_repsol\",\"https:\\\/\\\/www.youtube.com\\\/user\\\/RepsolCompeticion\",\"https:\\\/\\\/www.flickr.com\\\/photos\\\/box_repsol\\\/\"]},{\"@type\":\"Person\",\"@id\":\"https:\\\/\\\/www.boxrepsol.com\\\/es\\\/#\\\/schema\\\/person\\\/c5c2138f2cca251b0ad92b7086bb60b7\",\"name\":\"Redacci\u00f3n Box Repsol\",\"image\":{\"@type\":\"ImageObject\",\"inLanguage\":\"es\",\"@id\":\"https:\\\/\\\/secure.gravatar.com\\\/avatar\\\/adf7b77e38b4419baf32c7e9c21dde01f4e40df611f0978e3006fc4ba0aaab7e?s=96&d=mm&r=g\",\"url\":\"https:\\\/\\\/secure.gravatar.com\\\/avatar\\\/adf7b77e38b4419baf32c7e9c21dde01f4e40df611f0978e3006fc4ba0aaab7e?s=96&d=mm&r=g\",\"contentUrl\":\"https:\\\/\\\/secure.gravatar.com\\\/avatar\\\/adf7b77e38b4419baf32c7e9c21dde01f4e40df611f0978e3006fc4ba0aaab7e?s=96&d=mm&r=g\",\"caption\":\"Redacci\u00f3n Box Repsol\"},\"description\":\"Box Repsol lo forma un equipo de periodistas, community managers, dise\u00f1adores y fot\u00f3grafos con m\u00e1s de 20 a\u00f1os de experiencia en el mundo del motorsport. Hemos vivido el primer mundial de un espa\u00f1ol en la categor\u00eda reina de motociclismo con \u00c1lex Crivill\u00e9, estuvimos en las victorias de Pedrosa y los t\u00edtulos de M\u00e1rquez, acompa\u00f1amos en \u00c1frica a Nani Roma y Marc Coma en sus conquistas del Dakar y hemos vibrado con los t\u00edtulos de Toni Bou en Trial. Adem\u00e1s, en nuestro equipo contamos con expertos en el mundo de las dos y cuatro ruedas tanto de la calle y las carreteras, como de los circuitos. Periodistas que han trabajado en revistas y publicaciones para hacerte llegar desde rutas y consejos de mantenimiento, a curiosidades y trucos de pilotaje.\",\"sameAs\":[\"https:\\\/\\\/www.facebook.com\\\/BoxRepsol\\\/\",\"https:\\\/\\\/www.instagram.com\\\/box_repsol\\\/\",\"https:\\\/\\\/x.com\\\/https:\\\/\\\/twitter.com\\\/box_repsol\",\"https:\\\/\\\/www.youtube.com\\\/@Boxrepsol\"],\"url\":\"https:\\\/\\\/www.boxrepsol.com\\\/es\\\/author\\\/redaccion-box-repsol\\\/\"}]}<\/script>\n<!-- \/ Yoast SEO plugin. -->","yoast_head_json":{"title":"Motos de madera: origen, inventor y prototipos - Box Repsol","description":"Las motos de madera se remontan en la historia de la motocicleta a sus inicios, es decir, a hace unos 130 a\u00f1os.","canonical":"https:\/\/www.boxrepsol.com\/es\/cultura-motera\/motos-madera-creatividad-excentricidad\/","og_locale":"es_ES","og_type":"article","og_title":"Motos de madera: origen, inventor y prototipos - Box Repsol","og_description":"Las motos de madera se remontan en la historia de la motocicleta a sus inicios, es decir, a hace unos 130 a\u00f1os.","og_url":"https:\/\/www.boxrepsol.com\/es\/cultura-motera\/motos-madera-creatividad-excentricidad\/","og_site_name":"Box Repsol","article_publisher":"https:\/\/www.facebook.com\/BoxRepsol","article_author":"https:\/\/www.facebook.com\/BoxRepsol\/","article_published_time":"2018-05-02T02:00:00+00:00","article_modified_time":"2024-05-22T08:21:01+00:00","og_image":[{"width":986,"height":555,"url":"https:\/\/bxrepsol.s3.eu-west-1.amazonaws.com\/static\/2022\/08\/29081102\/motos_madera-1.jpg","type":"image\/jpeg"}],"author":"Redacci\u00f3n Box Repsol","twitter_card":"summary_large_image","twitter_creator":"@https:\/\/twitter.com\/box_repsol","twitter_site":"@box_repsol","twitter_misc":{"Written by":"Redacci\u00f3n Box Repsol","Est. reading time":"2 minutos"},"schema":{"@context":"https:\/\/schema.org","@graph":[{"@type":"Article","@id":"https:\/\/www.boxrepsol.com\/es\/cultura-motera\/motos-madera-creatividad-excentricidad\/#article","isPartOf":{"@id":"https:\/\/www.boxrepsol.com\/es\/cultura-motera\/motos-madera-creatividad-excentricidad\/"},"author":{"name":"Redacci\u00f3n Box Repsol","@id":"https:\/\/www.boxrepsol.com\/es\/#\/schema\/person\/c5c2138f2cca251b0ad92b7086bb60b7"},"headline":"Motos de madera","datePublished":"2018-05-02T02:00:00+00:00","dateModified":"2024-05-22T08:21:01+00:00","mainEntityOfPage":{"@id":"https:\/\/www.boxrepsol.com\/es\/cultura-motera\/motos-madera-creatividad-excentricidad\/"},"wordCount":439,"commentCount":0,"publisher":{"@id":"https:\/\/www.boxrepsol.com\/es\/#organization"},"image":{"@id":"https:\/\/www.boxrepsol.com\/es\/cultura-motera\/motos-madera-creatividad-excentricidad\/#primaryimage"},"thumbnailUrl":"https:\/\/bxrepsol.s3.eu-west-1.amazonaws.com\/static\/2022\/08\/29081102\/motos_madera-1.jpg","keywords":["coleccionismo y aficiones moteras"],"articleSection":["Cultura Motera"],"inLanguage":"es","potentialAction":[{"@type":"CommentAction","name":"Comment","target":["https:\/\/www.boxrepsol.com\/es\/cultura-motera\/motos-madera-creatividad-excentricidad\/#respond"]}]},{"@type":"WebPage","@id":"https:\/\/www.boxrepsol.com\/es\/cultura-motera\/motos-madera-creatividad-excentricidad\/","url":"https:\/\/www.boxrepsol.com\/es\/cultura-motera\/motos-madera-creatividad-excentricidad\/","name":"Motos de madera: origen, inventor y prototipos - Box Repsol","isPartOf":{"@id":"https:\/\/www.boxrepsol.com\/es\/#website"},"primaryImageOfPage":{"@id":"https:\/\/www.boxrepsol.com\/es\/cultura-motera\/motos-madera-creatividad-excentricidad\/#primaryimage"},"image":{"@id":"https:\/\/www.boxrepsol.com\/es\/cultura-motera\/motos-madera-creatividad-excentricidad\/#primaryimage"},"thumbnailUrl":"https:\/\/bxrepsol.s3.eu-west-1.amazonaws.com\/static\/2022\/08\/29081102\/motos_madera-1.jpg","datePublished":"2018-05-02T02:00:00+00:00","dateModified":"2024-05-22T08:21:01+00:00","description":"Las motos de madera se remontan en la historia de la motocicleta a sus inicios, es decir, a hace unos 130 a\u00f1os.","breadcrumb":{"@id":"https:\/\/www.boxrepsol.com\/es\/cultura-motera\/motos-madera-creatividad-excentricidad\/#breadcrumb"},"inLanguage":"es","potentialAction":[{"@type":"ReadAction","target":["https:\/\/www.boxrepsol.com\/es\/cultura-motera\/motos-madera-creatividad-excentricidad\/"]}]},{"@type":"ImageObject","inLanguage":"es","@id":"https:\/\/www.boxrepsol.com\/es\/cultura-motera\/motos-madera-creatividad-excentricidad\/#primaryimage","url":"https:\/\/bxrepsol.s3.eu-west-1.amazonaws.com\/static\/2022\/08\/29081102\/motos_madera-1.jpg","contentUrl":"https:\/\/bxrepsol.s3.eu-west-1.amazonaws.com\/static\/2022\/08\/29081102\/motos_madera-1.jpg","width":986,"height":555,"caption":"Moto de madera con aspecto de artilugio mec\u00e1nico"},{"@type":"BreadcrumbList","@id":"https:\/\/www.boxrepsol.com\/es\/cultura-motera\/motos-madera-creatividad-excentricidad\/#breadcrumb","itemListElement":[{"@type":"ListItem","position":1,"name":"Home","item":"https:\/\/www.boxrepsol.com\/es\/"},{"@type":"ListItem","position":2,"name":"Motos de madera"}]},{"@type":"WebSite","@id":"https:\/\/www.boxrepsol.com\/es\/#website","url":"https:\/\/www.boxrepsol.com\/es\/","name":"Box Repsol","description":"Box Repsol Site","publisher":{"@id":"https:\/\/www.boxrepsol.com\/es\/#organization"},"potentialAction":[{"@type":"SearchAction","target":{"@type":"EntryPoint","urlTemplate":"https:\/\/www.boxrepsol.com\/es\/?s={search_term_string}"},"query-input":{"@type":"PropertyValueSpecification","valueRequired":true,"valueName":"search_term_string"}}],"inLanguage":"es"},{"@type":"Organization","@id":"https:\/\/www.boxrepsol.com\/es\/#organization","name":"Box Repsol","url":"https:\/\/www.boxrepsol.com\/es\/","logo":{"@type":"ImageObject","inLanguage":"es","@id":"https:\/\/www.boxrepsol.com\/es\/#\/schema\/logo\/image\/","url":"https:\/\/bxrepsol.s3.eu-west-1.amazonaws.com\/static\/2025\/07\/30083337\/favicon-96x96-1.png","contentUrl":"https:\/\/bxrepsol.s3.eu-west-1.amazonaws.com\/static\/2025\/07\/30083337\/favicon-96x96-1.png","width":96,"height":96,"caption":"Box Repsol"},"image":{"@id":"https:\/\/www.boxrepsol.com\/es\/#\/schema\/logo\/image\/"},"sameAs":["https:\/\/www.facebook.com\/BoxRepsol","https:\/\/x.com\/box_repsol","http:\/\/instagram.com\/box_repsol","https:\/\/www.youtube.com\/user\/RepsolCompeticion","https:\/\/www.flickr.com\/photos\/box_repsol\/"]},{"@type":"Person","@id":"https:\/\/www.boxrepsol.com\/es\/#\/schema\/person\/c5c2138f2cca251b0ad92b7086bb60b7","name":"Redacci\u00f3n Box Repsol","image":{"@type":"ImageObject","inLanguage":"es","@id":"https:\/\/secure.gravatar.com\/avatar\/adf7b77e38b4419baf32c7e9c21dde01f4e40df611f0978e3006fc4ba0aaab7e?s=96&d=mm&r=g","url":"https:\/\/secure.gravatar.com\/avatar\/adf7b77e38b4419baf32c7e9c21dde01f4e40df611f0978e3006fc4ba0aaab7e?s=96&d=mm&r=g","contentUrl":"https:\/\/secure.gravatar.com\/avatar\/adf7b77e38b4419baf32c7e9c21dde01f4e40df611f0978e3006fc4ba0aaab7e?s=96&d=mm&r=g","caption":"Redacci\u00f3n Box Repsol"},"description":"Box Repsol lo forma un equipo de periodistas, community managers, dise\u00f1adores y fot\u00f3grafos con m\u00e1s de 20 a\u00f1os de experiencia en el mundo del motorsport. Hemos vivido el primer mundial de un espa\u00f1ol en la categor\u00eda reina de motociclismo con \u00c1lex Crivill\u00e9, estuvimos en las victorias de Pedrosa y los t\u00edtulos de M\u00e1rquez, acompa\u00f1amos en \u00c1frica a Nani Roma y Marc Coma en sus conquistas del Dakar y hemos vibrado con los t\u00edtulos de Toni Bou en Trial. Adem\u00e1s, en nuestro equipo contamos con expertos en el mundo de las dos y cuatro ruedas tanto de la calle y las carreteras, como de los circuitos. Periodistas que han trabajado en revistas y publicaciones para hacerte llegar desde rutas y consejos de mantenimiento, a curiosidades y trucos de pilotaje.","sameAs":["https:\/\/www.facebook.com\/BoxRepsol\/","https:\/\/www.instagram.com\/box_repsol\/","https:\/\/x.com\/https:\/\/twitter.com\/box_repsol","https:\/\/www.youtube.com\/@Boxrepsol"],"url":"https:\/\/www.boxrepsol.com\/es\/author\/redaccion-box-repsol\/"}]}},"_links":{"self":[{"href":"https:\/\/www.boxrepsol.com\/es\/wp-json\/wp\/v2\/posts\/93038","targetHints":{"allow":["GET"]}}],"collection":[{"href":"https:\/\/www.boxrepsol.com\/es\/wp-json\/wp\/v2\/posts"}],"about":[{"href":"https:\/\/www.boxrepsol.com\/es\/wp-json\/wp\/v2\/types\/post"}],"author":[{"embeddable":true,"href":"https:\/\/www.boxrepsol.com\/es\/wp-json\/wp\/v2\/users\/43146"}],"replies":[{"embeddable":true,"href":"https:\/\/www.boxrepsol.com\/es\/wp-json\/wp\/v2\/comments?post=93038"}],"version-history":[{"count":11,"href":"https:\/\/www.boxrepsol.com\/es\/wp-json\/wp\/v2\/posts\/93038\/revisions"}],"predecessor-version":[{"id":113951,"href":"https:\/\/www.boxrepsol.com\/es\/wp-json\/wp\/v2\/posts\/93038\/revisions\/113951"}],"wp:featuredmedia":[{"embeddable":true,"href":"https:\/\/www.boxrepsol.com\/es\/wp-json\/wp\/v2\/media\/57802"}],"wp:attachment":[{"href":"https:\/\/www.boxrepsol.com\/es\/wp-json\/wp\/v2\/media?parent=93038"}],"wp:term":[{"taxonomy":"category","embeddable":true,"href":"https:\/\/www.boxrepsol.com\/es\/wp-json\/wp\/v2\/categories?post=93038"},{"taxonomy":"post_tag","embeddable":true,"href":"https:\/\/www.boxrepsol.com\/es\/wp-json\/wp\/v2\/tags?post=93038"}],"curies":[{"name":"wp","href":"https:\/\/api.w.org\/{rel}","templated":true}]}}