{"id":93036,"date":"2018-05-02T00:00:00","date_gmt":"2018-05-02T02:00:00","guid":{"rendered":"http:\/\/pre.boxrepsol.com\/sin-categorizar\/toni-elias-jerez-veremos-marc-intentando-ganar-la-carrera\/"},"modified":"2024-05-22T06:20:49","modified_gmt":"2024-05-22T08:20:49","slug":"toni-elias-jerez-veremos-marc-intentando-ganar-la-carrera","status":"publish","type":"post","link":"https:\/\/www.boxrepsol.com\/es\/motogp\/toni-elias-jerez-veremos-marc-intentando-ganar-la-carrera\/","title":{"rendered":"Toni El\u00edas: \u00abEn Jerez veremos a Marc intentando ganar la carrera\u00bb"},"content":{"rendered":"<blockquote><p>\n\t<a href=\"http:\/\/twitter.com\/share?text=Hacer+la+carrera+que+hizo+Dani%2C+con+un+solo+brazo%2C+es+incre%C3%ADble&#038;url=https%3A%2F%2Fwww.boxrepsol.com%2Fes%2Fmotogp%2Ftoni-elias-jerez-veremos-marc-intentando-ganar-la-carrera%2F\" target=\"_blank\" rel=\"noopener\"><\/p>\n<p>Hacer la carrera que hizo Dani, con un solo brazo, es incre\u00edble<\/p>\n<p>\t<\/a>\n<\/p><\/blockquote>\n<p>El piloto espa\u00f1ol, que se estren\u00f3 en el Mundial de Motociclismos en el a\u00f1o 1999 y comparti\u00f3 equipo en 2001 con un debutante Dani Pedrosa, fue una de las caras conocidas en la cita celebrada en Estados Unidos. All\u00ed se reencontr\u00f3 con viejos conocidos y fue testigo directo de la \u00faltima exhibici\u00f3n de M\u00e1rquez en un circuito donde lleva seis a\u00f1os seguidos ganando.<\/p>\n<p><strong>En Austin compartiste el fin de semana con el Mundial de MotoGP. \u00bfTuviste ocasi\u00f3n de ir a pie de pista a verles?<\/strong><\/p>\n<p>Estuve en los entrenamientos cronometrados, en el\u00a0<em>warm-up<\/em>\u00a0y en la carrera, y me gust\u00f3 mucho poder verles en algunas curvas concretas. Aprecias la estabilidad que tienen frenando, la velocidad de paso por curva, el agarre y sobre todo la tracci\u00f3n que tienen saliendo de las curvas. Desde fuera se ve\u00eda muy bien los pilotos que realmente estaban rodando r\u00e1pido, como Marc [M\u00e1rquez], porque luego mirabas los tiempos y era el que estaba delante del resto<em>.<\/em><\/p>\n<p><strong>\u00bfQu\u00e9 nos puedes decir del pilotaje de Marc y Dani?<\/strong><\/p>\n<p>Dani [Pedrosa] es un piloto que conozco muy bien desde que fuimos compa\u00f1eros de equipo y le he ido siguiendo con el paso de los a\u00f1os. Tiene un nivel alt\u00edsimo, muy fino, muy elegante y muy r\u00e1pido. Me gusta mucho verle c\u00f3mo lleva la moto. Si hablamos de Marc, es bestial, porque desde fuera se ve que es un frenador. Es rapid\u00edsimo y ves que frena muy tarde, pero tiene un paso por curva muy alto y abre muy pronto. Hace cosas incre\u00edbles. Lo que vimos el s\u00e1bado, cuando se cay\u00f3\u2026 Una cosa es ir en la direcci\u00f3n de la curva, perder la adherencia en la rueda delantera e intentar salvarla, que es algo que no hace nadie, pero \u00e9l la salva. El s\u00e1bado, estaba en el suelo, la moto se gir\u00f3 en direcci\u00f3n contraria al sentido de la curva, y aun as\u00ed estaba intentando levantarla. Justamente estaba con Kenny Roberts Jr. y nos miramos los dos, diciendo que no lo hab\u00edamos visto en la vida. Es impresionante, porque tiene un nivel muy alto y me encanta verle pilotar por la combinaci\u00f3n de velocidad y valor que pone en la pista.<\/p>\n<p><strong>\u00bfQu\u00e9 te pareci\u00f3 la Honda?<\/strong><\/p>\n<p>Lo que m\u00e1s me llam\u00f3 la atenci\u00f3n fue la tracci\u00f3n que tienen. Han hecho un buen trabajo tanto el equipo, como los pilotos y la f\u00e1brica, porque tiene un agarre lateral a m\u00e1xima inclinaci\u00f3n que \u00f3pticamente, desde fuera, se ve bastante. En la secci\u00f3n mixta del tercer parcial del circuito de Austin, Marc aceleraba con la moto inclinada mucho m\u00e1s que el resto, haciendo muchos metros. Eso quiere decir ganar tiempo y me gust\u00f3 ver estos detalles. Cuando pas\u00f3 Dani tambi\u00e9n se ve\u00eda. Creo que han hecho un buen trabajo y mientras que otros a\u00f1os se ve\u00eda que les costaba mucho y poco a poco iban mejorando, esta vez, desde el principio del a\u00f1o tienen un nivel muy superior al que mostraban otras temporadas<em>.<\/em><\/p>\n<p><strong>El domingo tuviste una carrera similar a la de Marc: delante y en solitario desde la primera a la \u00faltima vuelta. \u00bfQu\u00e9 es lo m\u00e1s importante en una carrera as\u00ed?<\/strong><\/p>\n<p>Lo m\u00e1s importante es la concentraci\u00f3n. Cuando antes de salir sabes que tienes un ritmo superior, lo que quieres es concentrarte en salir bien, salir de la primera curva en primera posici\u00f3n, y a partir de ah\u00ed imponer tu ritmo. Sabes que en algunos momentos te puedes relajar, pero lo m\u00e1s importante es concentrarse en ese ritmo que has encontrado en los entrenamientos y que vaya saliendo, dejarlo fluir. Una carrera rodando solo es m\u00e1s aburrida; en esos casos es muy f\u00e1cil perder la concentraci\u00f3n y acabar en el suelo. Son carreras largas, en las que tienes que luchar contra ti mismo, hacer tu ritmo, pulir detalles, controlar que ese ritmo no cambie, adaptar tu pilotaje al agarre decreciente de los neum\u00e1ticos con el paso de las vueltas.<\/p>\n<p><strong>Marc hab\u00eda ganado cinco veces en COTA. \u00bfCrees que ten\u00eda mucha presi\u00f3n por lograr la sexta victoria?<\/strong><\/p>\n<p>Sinceramente, creo que no. No es un piloto al que le afecte demasiado la presi\u00f3n. Al contrario, le encanta. El Circuito de las Am\u00e9ricas es su talism\u00e1n y cuando sales a pista sabiendo que se te da bien, eso te ayuda a ir todav\u00eda m\u00e1s r\u00e1pido. Igual si le das una bicicleta, tambi\u00e9n gana. Es un circuito para un piloto frenador y le encaja como un guante. Lleg\u00f3 contento y motivado, sabiendo que estaba en el patio de su casa, as\u00ed que lloviera o hiciese calor, aunque las cosas se pusieran dif\u00edciles, sab\u00eda que lo ten\u00eda todo para ganar, por eso lo ha hecho tantas veces.<\/p>\n<p>\t\t\t\t<img decoding=\"async\" src=\"https:\/\/bxrepsol.s3.eu-west-1.amazonaws.com\/static\/2022\/08\/05054748\/00_toni_elias_motogp_repsol_moto2.jpg\" alt=\"Toni El\u00edas rodando en pista\" itemprop=\"image\"  \/><\/p>\n<p><strong>Dani volvi\u00f3 a competir apenas 10 d\u00edas despu\u00e9s de operarse. T\u00fa sabes lo que es correr lesionado\u2026 \u00bfQu\u00e9 te pareci\u00f3 su carrera?<\/strong><\/p>\n<p>En estos caso es una situaci\u00f3n dif\u00edcil, porque no est\u00e1s bien, duele y cuando corres, tienes que dar el m\u00e1ximo. Cuando hay dolor, psicol\u00f3gicamente cuesta mucho. Despu\u00e9s de la carrera estuve hablando con \u00e9l y me dijo que se ha lesionado tantas veces, que consigui\u00f3 eliminar de su mente esa parte que estaba rota y reci\u00e9n operada. Es un trabajo mental enorme y hacer la carrera que hizo, con un solo brazo, es incre\u00edble. Coger la cantidad de puntos que consigui\u00f3, terminar tan cerca del grupo delantero, tan pocos d\u00edas despu\u00e9s, no lo esperaba. Despu\u00e9s de una lesi\u00f3n as\u00ed, lo m\u00e1s normal es que despu\u00e9s de tres o cuatro vueltas, tu cabeza te diga que no puedes aguantar ese dolor. Todo el mundo lo habr\u00eda entendido, pero aguant\u00f3, sigui\u00f3 el ritmo, y adem\u00e1s consigui\u00f3 unos puntos important\u00edsimos, que pueden tener su peso si tiene que luchar por el t\u00edtulo.<\/p>\n<p><strong>\u00bfQu\u00e9 podemos esperar de \u00e9l en Jerez, donde gan\u00f3 el a\u00f1o pasado?<\/strong><\/p>\n<p>Dani siempre es un piloto rapid\u00edsimo, con un nivel bestial y va haber fines de semana en los que se va a encontrar bien desde la primera vuelta, en los que es capaz de hacer un carrer\u00f3n y los dem\u00e1s no le ver\u00e1n. Tambi\u00e9n frena muy fuerte, aunque no es su punto fuerte. En Jerez, al correr en Espa\u00f1a, se motiva mucho y siempre tiene un gran ritmo. Habiendo descansado un poco m\u00e1s, seguro que se encuentra mejor y podremos verle m\u00e1s fuerte que en Austin.<\/p>\n<p><strong>\u00bf Y de Marc?<\/strong><\/p>\n<p>La de Jerez es la primera carrera europea del a\u00f1o e hist\u00f3ricamente, despu\u00e9s de haber ido a sitios como Catar o Argentina, donde se ven carreras extra\u00f1as y el resultado no siempre se ajusta totalmente a la realidad, es la primera donde se ve los que est\u00e1n bien o mal, los que est\u00e1n en su sitio o los que tienen que mejorar. No son fines de semana f\u00e1ciles, pero creo que Marc llega bien preparado, el nivel de su moto es superior, as\u00ed que le veremos intentando ganar la carrera.<\/p>\n<p><strong>\u00bfC\u00f3mo has visto las tres primeras carreras del Mundial?<\/strong><\/p>\n<p>En general, creo que es un campeonato donde todav\u00eda no se han puesto las cosas en su sitio. Han sido tres carreras bastante raras. Crutchlow hizo un buen trabajo y pudo llegar l\u00edder a Austin, pero no es lo normal que un piloto de un equipo privado gane una carrera. Ducati empez\u00f3 muy fuerte, con una velocidad bestial, aunque parece que tienen otros problemas. Rossi fue consistente y Maverick [Vi\u00f1ales], tambi\u00e9n. Marc ha recuperado puntos\u2026 Ahora viene Europa y veremos m\u00e1s regularidad.<\/p>\n<p><strong>\u00bfQu\u00e9 crees que nos espera del resto de la temporada?<\/strong><\/p>\n<p>Ya se ha visto que Honda tiene un buen nivel, Yamaha suele adaptarse bien a las carreras de Europa y el a\u00f1o pasado se vio que Ducati tiene potencial. Incluso este a\u00f1o se ha unido a la fiesta Suzuki, que ha logrado dos podios en las primeras carreras. Se pueden ver carreras muy divertidas, con mucha lucha, con mucho color, ojal\u00e1 Aprilia tambi\u00e9n llegue y KTM. Todo esto hace un campeonato interesant\u00edsimo y permite que pasen muchas cosas, as\u00ed que es probable que si siguen as\u00ed, lleven la lucha hasta el final y eso ser\u00e1 muy interesante.<\/p>\n<p><strong>\u00bfC\u00f3mo es tu vida compitiendo en EE UU?\u00bfHay mucha diferencia entre el campeonato en el que compites y el Mundial?<\/strong><\/p>\n<p>Estoy muy contento. Estoy viviendo en Los \u00c1ngeles, una ciudad donde puedes hacer de todo. En mi caso, estoy viviendo al lado de la playa, en un sitio muy surfero y me ha dado por aprender, as\u00ed que cada d\u00eda puedo practicar y mejorar el nivel. Me encanta. Es una ciudad con mucha diversidad, desde opciones de negocio, turismo, ocio\u2026 Hay mucha actividad, un nivel econ\u00f3mico elevado y si eres un poco h\u00e1bil te pueden ir bien las cosas. \u00a0Estoy muy contento, me siento como en casa, en un sitio donde estar muchos a\u00f1os.<\/p>\n<p>El campeonato MotoAm\u00e9rica me trata muy bien, dispongo de una buena moto y un equipo oficial en el que tengo una situaci\u00f3n perfecta. No es f\u00e1cil, porque hay rivales duros y otras f\u00e1bricas que luchan y lo ponen dif\u00edcil, pero las cosas salen bien. Conseguimos ganar el a\u00f1o pasado y empezar ganando tres de las cuatro primeras carreras de esta temporada. Comparar es complicado, porque MotoGP es donde todo el mundo quiere estar, donde hay los mejores pilotos y las mejores motos, pero para m\u00ed la situaci\u00f3n no era favorable como para estar en un equipo oficial, que es la situaci\u00f3n que s\u00ed tengo en Estados Unidos. Me compensa m\u00e1s estar aqu\u00ed y disfrutar, que es lo m\u00e1s importante para un piloto. Tengo 35 a\u00f1os, una edad en la que uno puede empezar a pensar en retirarse y en mi caso, con una situaci\u00f3n tan favorable, es algo que descarto completamente; quiero seguir corriendo y seguir ganando, porque estoy muy motivado y el cuerpo me acompa\u00f1a, as\u00ed que esperemos que dure.<\/p>\n","protected":false},"excerpt":{"rendered":"<p>Toni El\u00edas, Campe\u00f3n del Mundo de Moto2 en 2010 y vigente Campe\u00f3n del certamen MotoAmerica, tuvo ocasi\u00f3n de compartir escenario en Austin con sus antiguos compa\u00f1eros de MotoGP.<\/p>\n","protected":false},"author":43146,"featured_media":57788,"comment_status":"open","ping_status":"open","sticky":false,"template":"","format":"standard","meta":{"footnotes":""},"categories":[4],"tags":[178],"class_list":["post-93036","post","type-post","status-publish","format-standard","hentry","category-motogp","tag-pilotos-de-motociclismo"],"yoast_head":"<!-- This site is optimized with the Yoast SEO plugin v27.3 - https:\/\/yoast.com\/product\/yoast-seo-wordpress\/ -->\n<title>Toni El\u00edas: &quot;En Jerez veremos a Marc intentando ganar la carrera&quot; - Box Repsol<\/title>\n<meta name=\"description\" content=\"Toni El\u00edas, Campe\u00f3n del Mundo de Moto2 en 2010 y vigente Campe\u00f3n del certamen MotoAmerica, comparti\u00f3 escenario en Austin con sus antiguos compa\u00f1eros.\" \/>\n<link rel=\"canonical\" href=\"https:\/\/www.boxrepsol.com\/es\/motogp\/toni-elias-jerez-veremos-marc-intentando-ganar-la-carrera\/\" \/>\n<meta property=\"og:locale\" content=\"es_ES\" \/>\n<meta property=\"og:type\" content=\"article\" \/>\n<meta property=\"og:title\" content=\"Toni El\u00edas: &quot;En Jerez veremos a Marc intentando ganar la carrera&quot; - Box Repsol\" \/>\n<meta property=\"og:description\" content=\"Toni El\u00edas, Campe\u00f3n del Mundo de Moto2 en 2010 y vigente Campe\u00f3n del certamen MotoAmerica, comparti\u00f3 escenario en Austin con sus antiguos compa\u00f1eros.\" \/>\n<meta property=\"og:url\" content=\"https:\/\/www.boxrepsol.com\/es\/motogp\/toni-elias-jerez-veremos-marc-intentando-ganar-la-carrera\/\" \/>\n<meta property=\"og:site_name\" content=\"Box Repsol\" \/>\n<meta property=\"article:publisher\" content=\"https:\/\/www.facebook.com\/BoxRepsol\" \/>\n<meta property=\"article:author\" content=\"https:\/\/www.facebook.com\/BoxRepsol\/\" \/>\n<meta property=\"article:published_time\" content=\"2018-05-02T02:00:00+00:00\" \/>\n<meta property=\"article:modified_time\" content=\"2024-05-22T08:20:49+00:00\" \/>\n<meta property=\"og:image\" content=\"https:\/\/bxrepsol.s3.eu-west-1.amazonaws.com\/static\/2022\/08\/29081039\/00_toni_elias_motogp_repsol.jpg\" \/>\n\t<meta property=\"og:image:width\" content=\"995\" \/>\n\t<meta property=\"og:image:height\" content=\"560\" \/>\n\t<meta property=\"og:image:type\" content=\"image\/jpeg\" \/>\n<meta name=\"author\" content=\"Redacci\u00f3n Box Repsol\" \/>\n<meta name=\"twitter:card\" content=\"summary_large_image\" \/>\n<meta name=\"twitter:creator\" content=\"@https:\/\/twitter.com\/box_repsol\" \/>\n<meta name=\"twitter:site\" content=\"@box_repsol\" \/>\n<meta name=\"twitter:label1\" content=\"Written by\" \/>\n\t<meta name=\"twitter:data1\" content=\"Redacci\u00f3n Box Repsol\" \/>\n\t<meta name=\"twitter:label2\" content=\"Est. reading time\" \/>\n\t<meta name=\"twitter:data2\" content=\"9 minutos\" \/>\n<script type=\"application\/ld+json\" class=\"yoast-schema-graph\">{\"@context\":\"https:\\\/\\\/schema.org\",\"@graph\":[{\"@type\":\"Article\",\"@id\":\"https:\\\/\\\/www.boxrepsol.com\\\/es\\\/motogp\\\/toni-elias-jerez-veremos-marc-intentando-ganar-la-carrera\\\/#article\",\"isPartOf\":{\"@id\":\"https:\\\/\\\/www.boxrepsol.com\\\/es\\\/motogp\\\/toni-elias-jerez-veremos-marc-intentando-ganar-la-carrera\\\/\"},\"author\":{\"name\":\"Redacci\u00f3n Box Repsol\",\"@id\":\"https:\\\/\\\/www.boxrepsol.com\\\/es\\\/#\\\/schema\\\/person\\\/c5c2138f2cca251b0ad92b7086bb60b7\"},\"headline\":\"Toni El\u00edas: \u00abEn Jerez veremos a Marc intentando ganar la carrera\u00bb\",\"datePublished\":\"2018-05-02T02:00:00+00:00\",\"dateModified\":\"2024-05-22T08:20:49+00:00\",\"mainEntityOfPage\":{\"@id\":\"https:\\\/\\\/www.boxrepsol.com\\\/es\\\/motogp\\\/toni-elias-jerez-veremos-marc-intentando-ganar-la-carrera\\\/\"},\"wordCount\":1761,\"commentCount\":0,\"publisher\":{\"@id\":\"https:\\\/\\\/www.boxrepsol.com\\\/es\\\/#organization\"},\"image\":{\"@id\":\"https:\\\/\\\/www.boxrepsol.com\\\/es\\\/motogp\\\/toni-elias-jerez-veremos-marc-intentando-ganar-la-carrera\\\/#primaryimage\"},\"thumbnailUrl\":\"https:\\\/\\\/bxrepsol.s3.eu-west-1.amazonaws.com\\\/static\\\/2022\\\/08\\\/29081039\\\/00_toni_elias_motogp_repsol.jpg\",\"keywords\":[\"pilotos de motociclismo\"],\"articleSection\":[\"MotoGP\"],\"inLanguage\":\"es\",\"potentialAction\":[{\"@type\":\"CommentAction\",\"name\":\"Comment\",\"target\":[\"https:\\\/\\\/www.boxrepsol.com\\\/es\\\/motogp\\\/toni-elias-jerez-veremos-marc-intentando-ganar-la-carrera\\\/#respond\"]}]},{\"@type\":\"WebPage\",\"@id\":\"https:\\\/\\\/www.boxrepsol.com\\\/es\\\/motogp\\\/toni-elias-jerez-veremos-marc-intentando-ganar-la-carrera\\\/\",\"url\":\"https:\\\/\\\/www.boxrepsol.com\\\/es\\\/motogp\\\/toni-elias-jerez-veremos-marc-intentando-ganar-la-carrera\\\/\",\"name\":\"Toni El\u00edas: \\\"En Jerez veremos a Marc intentando ganar la carrera\\\" - Box Repsol\",\"isPartOf\":{\"@id\":\"https:\\\/\\\/www.boxrepsol.com\\\/es\\\/#website\"},\"primaryImageOfPage\":{\"@id\":\"https:\\\/\\\/www.boxrepsol.com\\\/es\\\/motogp\\\/toni-elias-jerez-veremos-marc-intentando-ganar-la-carrera\\\/#primaryimage\"},\"image\":{\"@id\":\"https:\\\/\\\/www.boxrepsol.com\\\/es\\\/motogp\\\/toni-elias-jerez-veremos-marc-intentando-ganar-la-carrera\\\/#primaryimage\"},\"thumbnailUrl\":\"https:\\\/\\\/bxrepsol.s3.eu-west-1.amazonaws.com\\\/static\\\/2022\\\/08\\\/29081039\\\/00_toni_elias_motogp_repsol.jpg\",\"datePublished\":\"2018-05-02T02:00:00+00:00\",\"dateModified\":\"2024-05-22T08:20:49+00:00\",\"description\":\"Toni El\u00edas, Campe\u00f3n del Mundo de Moto2 en 2010 y vigente Campe\u00f3n del certamen MotoAmerica, comparti\u00f3 escenario en Austin con sus antiguos compa\u00f1eros.\",\"breadcrumb\":{\"@id\":\"https:\\\/\\\/www.boxrepsol.com\\\/es\\\/motogp\\\/toni-elias-jerez-veremos-marc-intentando-ganar-la-carrera\\\/#breadcrumb\"},\"inLanguage\":\"es\",\"potentialAction\":[{\"@type\":\"ReadAction\",\"target\":[\"https:\\\/\\\/www.boxrepsol.com\\\/es\\\/motogp\\\/toni-elias-jerez-veremos-marc-intentando-ganar-la-carrera\\\/\"]}]},{\"@type\":\"ImageObject\",\"inLanguage\":\"es\",\"@id\":\"https:\\\/\\\/www.boxrepsol.com\\\/es\\\/motogp\\\/toni-elias-jerez-veremos-marc-intentando-ganar-la-carrera\\\/#primaryimage\",\"url\":\"https:\\\/\\\/bxrepsol.s3.eu-west-1.amazonaws.com\\\/static\\\/2022\\\/08\\\/29081039\\\/00_toni_elias_motogp_repsol.jpg\",\"contentUrl\":\"https:\\\/\\\/bxrepsol.s3.eu-west-1.amazonaws.com\\\/static\\\/2022\\\/08\\\/29081039\\\/00_toni_elias_motogp_repsol.jpg\",\"width\":995,\"height\":560,\"caption\":\"Entrevista Toni El\u00edas\"},{\"@type\":\"BreadcrumbList\",\"@id\":\"https:\\\/\\\/www.boxrepsol.com\\\/es\\\/motogp\\\/toni-elias-jerez-veremos-marc-intentando-ganar-la-carrera\\\/#breadcrumb\",\"itemListElement\":[{\"@type\":\"ListItem\",\"position\":1,\"name\":\"Home\",\"item\":\"https:\\\/\\\/www.boxrepsol.com\\\/es\\\/\"},{\"@type\":\"ListItem\",\"position\":2,\"name\":\"Toni El\u00edas: \u00abEn Jerez veremos a Marc intentando ganar la carrera\u00bb\"}]},{\"@type\":\"WebSite\",\"@id\":\"https:\\\/\\\/www.boxrepsol.com\\\/es\\\/#website\",\"url\":\"https:\\\/\\\/www.boxrepsol.com\\\/es\\\/\",\"name\":\"Box Repsol\",\"description\":\"Box Repsol Site\",\"publisher\":{\"@id\":\"https:\\\/\\\/www.boxrepsol.com\\\/es\\\/#organization\"},\"potentialAction\":[{\"@type\":\"SearchAction\",\"target\":{\"@type\":\"EntryPoint\",\"urlTemplate\":\"https:\\\/\\\/www.boxrepsol.com\\\/es\\\/?s={search_term_string}\"},\"query-input\":{\"@type\":\"PropertyValueSpecification\",\"valueRequired\":true,\"valueName\":\"search_term_string\"}}],\"inLanguage\":\"es\"},{\"@type\":\"Organization\",\"@id\":\"https:\\\/\\\/www.boxrepsol.com\\\/es\\\/#organization\",\"name\":\"Box Repsol\",\"url\":\"https:\\\/\\\/www.boxrepsol.com\\\/es\\\/\",\"logo\":{\"@type\":\"ImageObject\",\"inLanguage\":\"es\",\"@id\":\"https:\\\/\\\/www.boxrepsol.com\\\/es\\\/#\\\/schema\\\/logo\\\/image\\\/\",\"url\":\"https:\\\/\\\/bxrepsol.s3.eu-west-1.amazonaws.com\\\/static\\\/2025\\\/07\\\/30083337\\\/favicon-96x96-1.png\",\"contentUrl\":\"https:\\\/\\\/bxrepsol.s3.eu-west-1.amazonaws.com\\\/static\\\/2025\\\/07\\\/30083337\\\/favicon-96x96-1.png\",\"width\":96,\"height\":96,\"caption\":\"Box Repsol\"},\"image\":{\"@id\":\"https:\\\/\\\/www.boxrepsol.com\\\/es\\\/#\\\/schema\\\/logo\\\/image\\\/\"},\"sameAs\":[\"https:\\\/\\\/www.facebook.com\\\/BoxRepsol\",\"https:\\\/\\\/x.com\\\/box_repsol\",\"http:\\\/\\\/instagram.com\\\/box_repsol\",\"https:\\\/\\\/www.youtube.com\\\/user\\\/RepsolCompeticion\",\"https:\\\/\\\/www.flickr.com\\\/photos\\\/box_repsol\\\/\"]},{\"@type\":\"Person\",\"@id\":\"https:\\\/\\\/www.boxrepsol.com\\\/es\\\/#\\\/schema\\\/person\\\/c5c2138f2cca251b0ad92b7086bb60b7\",\"name\":\"Redacci\u00f3n Box Repsol\",\"image\":{\"@type\":\"ImageObject\",\"inLanguage\":\"es\",\"@id\":\"https:\\\/\\\/secure.gravatar.com\\\/avatar\\\/adf7b77e38b4419baf32c7e9c21dde01f4e40df611f0978e3006fc4ba0aaab7e?s=96&d=mm&r=g\",\"url\":\"https:\\\/\\\/secure.gravatar.com\\\/avatar\\\/adf7b77e38b4419baf32c7e9c21dde01f4e40df611f0978e3006fc4ba0aaab7e?s=96&d=mm&r=g\",\"contentUrl\":\"https:\\\/\\\/secure.gravatar.com\\\/avatar\\\/adf7b77e38b4419baf32c7e9c21dde01f4e40df611f0978e3006fc4ba0aaab7e?s=96&d=mm&r=g\",\"caption\":\"Redacci\u00f3n Box Repsol\"},\"description\":\"Box Repsol lo forma un equipo de periodistas, community managers, dise\u00f1adores y fot\u00f3grafos con m\u00e1s de 20 a\u00f1os de experiencia en el mundo del motorsport. Hemos vivido el primer mundial de un espa\u00f1ol en la categor\u00eda reina de motociclismo con \u00c1lex Crivill\u00e9, estuvimos en las victorias de Pedrosa y los t\u00edtulos de M\u00e1rquez, acompa\u00f1amos en \u00c1frica a Nani Roma y Marc Coma en sus conquistas del Dakar y hemos vibrado con los t\u00edtulos de Toni Bou en Trial. Adem\u00e1s, en nuestro equipo contamos con expertos en el mundo de las dos y cuatro ruedas tanto de la calle y las carreteras, como de los circuitos. Periodistas que han trabajado en revistas y publicaciones para hacerte llegar desde rutas y consejos de mantenimiento, a curiosidades y trucos de pilotaje.\",\"sameAs\":[\"https:\\\/\\\/www.facebook.com\\\/BoxRepsol\\\/\",\"https:\\\/\\\/www.instagram.com\\\/box_repsol\\\/\",\"https:\\\/\\\/x.com\\\/https:\\\/\\\/twitter.com\\\/box_repsol\",\"https:\\\/\\\/www.youtube.com\\\/@Boxrepsol\"],\"url\":\"https:\\\/\\\/www.boxrepsol.com\\\/es\\\/author\\\/redaccion-box-repsol\\\/\"}]}<\/script>\n<!-- \/ Yoast SEO plugin. -->","yoast_head_json":{"title":"Toni El\u00edas: \"En Jerez veremos a Marc intentando ganar la carrera\" - Box Repsol","description":"Toni El\u00edas, Campe\u00f3n del Mundo de Moto2 en 2010 y vigente Campe\u00f3n del certamen MotoAmerica, comparti\u00f3 escenario en Austin con sus antiguos compa\u00f1eros.","canonical":"https:\/\/www.boxrepsol.com\/es\/motogp\/toni-elias-jerez-veremos-marc-intentando-ganar-la-carrera\/","og_locale":"es_ES","og_type":"article","og_title":"Toni El\u00edas: \"En Jerez veremos a Marc intentando ganar la carrera\" - Box Repsol","og_description":"Toni El\u00edas, Campe\u00f3n del Mundo de Moto2 en 2010 y vigente Campe\u00f3n del certamen MotoAmerica, comparti\u00f3 escenario en Austin con sus antiguos compa\u00f1eros.","og_url":"https:\/\/www.boxrepsol.com\/es\/motogp\/toni-elias-jerez-veremos-marc-intentando-ganar-la-carrera\/","og_site_name":"Box Repsol","article_publisher":"https:\/\/www.facebook.com\/BoxRepsol","article_author":"https:\/\/www.facebook.com\/BoxRepsol\/","article_published_time":"2018-05-02T02:00:00+00:00","article_modified_time":"2024-05-22T08:20:49+00:00","og_image":[{"width":995,"height":560,"url":"https:\/\/bxrepsol.s3.eu-west-1.amazonaws.com\/static\/2022\/08\/29081039\/00_toni_elias_motogp_repsol.jpg","type":"image\/jpeg"}],"author":"Redacci\u00f3n Box Repsol","twitter_card":"summary_large_image","twitter_creator":"@https:\/\/twitter.com\/box_repsol","twitter_site":"@box_repsol","twitter_misc":{"Written by":"Redacci\u00f3n Box Repsol","Est. reading time":"9 minutos"},"schema":{"@context":"https:\/\/schema.org","@graph":[{"@type":"Article","@id":"https:\/\/www.boxrepsol.com\/es\/motogp\/toni-elias-jerez-veremos-marc-intentando-ganar-la-carrera\/#article","isPartOf":{"@id":"https:\/\/www.boxrepsol.com\/es\/motogp\/toni-elias-jerez-veremos-marc-intentando-ganar-la-carrera\/"},"author":{"name":"Redacci\u00f3n Box Repsol","@id":"https:\/\/www.boxrepsol.com\/es\/#\/schema\/person\/c5c2138f2cca251b0ad92b7086bb60b7"},"headline":"Toni El\u00edas: \u00abEn Jerez veremos a Marc intentando ganar la carrera\u00bb","datePublished":"2018-05-02T02:00:00+00:00","dateModified":"2024-05-22T08:20:49+00:00","mainEntityOfPage":{"@id":"https:\/\/www.boxrepsol.com\/es\/motogp\/toni-elias-jerez-veremos-marc-intentando-ganar-la-carrera\/"},"wordCount":1761,"commentCount":0,"publisher":{"@id":"https:\/\/www.boxrepsol.com\/es\/#organization"},"image":{"@id":"https:\/\/www.boxrepsol.com\/es\/motogp\/toni-elias-jerez-veremos-marc-intentando-ganar-la-carrera\/#primaryimage"},"thumbnailUrl":"https:\/\/bxrepsol.s3.eu-west-1.amazonaws.com\/static\/2022\/08\/29081039\/00_toni_elias_motogp_repsol.jpg","keywords":["pilotos de motociclismo"],"articleSection":["MotoGP"],"inLanguage":"es","potentialAction":[{"@type":"CommentAction","name":"Comment","target":["https:\/\/www.boxrepsol.com\/es\/motogp\/toni-elias-jerez-veremos-marc-intentando-ganar-la-carrera\/#respond"]}]},{"@type":"WebPage","@id":"https:\/\/www.boxrepsol.com\/es\/motogp\/toni-elias-jerez-veremos-marc-intentando-ganar-la-carrera\/","url":"https:\/\/www.boxrepsol.com\/es\/motogp\/toni-elias-jerez-veremos-marc-intentando-ganar-la-carrera\/","name":"Toni El\u00edas: \"En Jerez veremos a Marc intentando ganar la carrera\" - Box Repsol","isPartOf":{"@id":"https:\/\/www.boxrepsol.com\/es\/#website"},"primaryImageOfPage":{"@id":"https:\/\/www.boxrepsol.com\/es\/motogp\/toni-elias-jerez-veremos-marc-intentando-ganar-la-carrera\/#primaryimage"},"image":{"@id":"https:\/\/www.boxrepsol.com\/es\/motogp\/toni-elias-jerez-veremos-marc-intentando-ganar-la-carrera\/#primaryimage"},"thumbnailUrl":"https:\/\/bxrepsol.s3.eu-west-1.amazonaws.com\/static\/2022\/08\/29081039\/00_toni_elias_motogp_repsol.jpg","datePublished":"2018-05-02T02:00:00+00:00","dateModified":"2024-05-22T08:20:49+00:00","description":"Toni El\u00edas, Campe\u00f3n del Mundo de Moto2 en 2010 y vigente Campe\u00f3n del certamen MotoAmerica, comparti\u00f3 escenario en Austin con sus antiguos compa\u00f1eros.","breadcrumb":{"@id":"https:\/\/www.boxrepsol.com\/es\/motogp\/toni-elias-jerez-veremos-marc-intentando-ganar-la-carrera\/#breadcrumb"},"inLanguage":"es","potentialAction":[{"@type":"ReadAction","target":["https:\/\/www.boxrepsol.com\/es\/motogp\/toni-elias-jerez-veremos-marc-intentando-ganar-la-carrera\/"]}]},{"@type":"ImageObject","inLanguage":"es","@id":"https:\/\/www.boxrepsol.com\/es\/motogp\/toni-elias-jerez-veremos-marc-intentando-ganar-la-carrera\/#primaryimage","url":"https:\/\/bxrepsol.s3.eu-west-1.amazonaws.com\/static\/2022\/08\/29081039\/00_toni_elias_motogp_repsol.jpg","contentUrl":"https:\/\/bxrepsol.s3.eu-west-1.amazonaws.com\/static\/2022\/08\/29081039\/00_toni_elias_motogp_repsol.jpg","width":995,"height":560,"caption":"Entrevista Toni El\u00edas"},{"@type":"BreadcrumbList","@id":"https:\/\/www.boxrepsol.com\/es\/motogp\/toni-elias-jerez-veremos-marc-intentando-ganar-la-carrera\/#breadcrumb","itemListElement":[{"@type":"ListItem","position":1,"name":"Home","item":"https:\/\/www.boxrepsol.com\/es\/"},{"@type":"ListItem","position":2,"name":"Toni El\u00edas: \u00abEn Jerez veremos a Marc intentando ganar la carrera\u00bb"}]},{"@type":"WebSite","@id":"https:\/\/www.boxrepsol.com\/es\/#website","url":"https:\/\/www.boxrepsol.com\/es\/","name":"Box Repsol","description":"Box Repsol Site","publisher":{"@id":"https:\/\/www.boxrepsol.com\/es\/#organization"},"potentialAction":[{"@type":"SearchAction","target":{"@type":"EntryPoint","urlTemplate":"https:\/\/www.boxrepsol.com\/es\/?s={search_term_string}"},"query-input":{"@type":"PropertyValueSpecification","valueRequired":true,"valueName":"search_term_string"}}],"inLanguage":"es"},{"@type":"Organization","@id":"https:\/\/www.boxrepsol.com\/es\/#organization","name":"Box Repsol","url":"https:\/\/www.boxrepsol.com\/es\/","logo":{"@type":"ImageObject","inLanguage":"es","@id":"https:\/\/www.boxrepsol.com\/es\/#\/schema\/logo\/image\/","url":"https:\/\/bxrepsol.s3.eu-west-1.amazonaws.com\/static\/2025\/07\/30083337\/favicon-96x96-1.png","contentUrl":"https:\/\/bxrepsol.s3.eu-west-1.amazonaws.com\/static\/2025\/07\/30083337\/favicon-96x96-1.png","width":96,"height":96,"caption":"Box Repsol"},"image":{"@id":"https:\/\/www.boxrepsol.com\/es\/#\/schema\/logo\/image\/"},"sameAs":["https:\/\/www.facebook.com\/BoxRepsol","https:\/\/x.com\/box_repsol","http:\/\/instagram.com\/box_repsol","https:\/\/www.youtube.com\/user\/RepsolCompeticion","https:\/\/www.flickr.com\/photos\/box_repsol\/"]},{"@type":"Person","@id":"https:\/\/www.boxrepsol.com\/es\/#\/schema\/person\/c5c2138f2cca251b0ad92b7086bb60b7","name":"Redacci\u00f3n Box Repsol","image":{"@type":"ImageObject","inLanguage":"es","@id":"https:\/\/secure.gravatar.com\/avatar\/adf7b77e38b4419baf32c7e9c21dde01f4e40df611f0978e3006fc4ba0aaab7e?s=96&d=mm&r=g","url":"https:\/\/secure.gravatar.com\/avatar\/adf7b77e38b4419baf32c7e9c21dde01f4e40df611f0978e3006fc4ba0aaab7e?s=96&d=mm&r=g","contentUrl":"https:\/\/secure.gravatar.com\/avatar\/adf7b77e38b4419baf32c7e9c21dde01f4e40df611f0978e3006fc4ba0aaab7e?s=96&d=mm&r=g","caption":"Redacci\u00f3n Box Repsol"},"description":"Box Repsol lo forma un equipo de periodistas, community managers, dise\u00f1adores y fot\u00f3grafos con m\u00e1s de 20 a\u00f1os de experiencia en el mundo del motorsport. Hemos vivido el primer mundial de un espa\u00f1ol en la categor\u00eda reina de motociclismo con \u00c1lex Crivill\u00e9, estuvimos en las victorias de Pedrosa y los t\u00edtulos de M\u00e1rquez, acompa\u00f1amos en \u00c1frica a Nani Roma y Marc Coma en sus conquistas del Dakar y hemos vibrado con los t\u00edtulos de Toni Bou en Trial. Adem\u00e1s, en nuestro equipo contamos con expertos en el mundo de las dos y cuatro ruedas tanto de la calle y las carreteras, como de los circuitos. Periodistas que han trabajado en revistas y publicaciones para hacerte llegar desde rutas y consejos de mantenimiento, a curiosidades y trucos de pilotaje.","sameAs":["https:\/\/www.facebook.com\/BoxRepsol\/","https:\/\/www.instagram.com\/box_repsol\/","https:\/\/x.com\/https:\/\/twitter.com\/box_repsol","https:\/\/www.youtube.com\/@Boxrepsol"],"url":"https:\/\/www.boxrepsol.com\/es\/author\/redaccion-box-repsol\/"}]}},"_links":{"self":[{"href":"https:\/\/www.boxrepsol.com\/es\/wp-json\/wp\/v2\/posts\/93036","targetHints":{"allow":["GET"]}}],"collection":[{"href":"https:\/\/www.boxrepsol.com\/es\/wp-json\/wp\/v2\/posts"}],"about":[{"href":"https:\/\/www.boxrepsol.com\/es\/wp-json\/wp\/v2\/types\/post"}],"author":[{"embeddable":true,"href":"https:\/\/www.boxrepsol.com\/es\/wp-json\/wp\/v2\/users\/43146"}],"replies":[{"embeddable":true,"href":"https:\/\/www.boxrepsol.com\/es\/wp-json\/wp\/v2\/comments?post=93036"}],"version-history":[{"count":1,"href":"https:\/\/www.boxrepsol.com\/es\/wp-json\/wp\/v2\/posts\/93036\/revisions"}],"predecessor-version":[{"id":93037,"href":"https:\/\/www.boxrepsol.com\/es\/wp-json\/wp\/v2\/posts\/93036\/revisions\/93037"}],"wp:featuredmedia":[{"embeddable":true,"href":"https:\/\/www.boxrepsol.com\/es\/wp-json\/wp\/v2\/media\/57788"}],"wp:attachment":[{"href":"https:\/\/www.boxrepsol.com\/es\/wp-json\/wp\/v2\/media?parent=93036"}],"wp:term":[{"taxonomy":"category","embeddable":true,"href":"https:\/\/www.boxrepsol.com\/es\/wp-json\/wp\/v2\/categories?post=93036"},{"taxonomy":"post_tag","embeddable":true,"href":"https:\/\/www.boxrepsol.com\/es\/wp-json\/wp\/v2\/tags?post=93036"}],"curies":[{"name":"wp","href":"https:\/\/api.w.org\/{rel}","templated":true}]}}