{"id":93035,"date":"2018-04-30T00:00:00","date_gmt":"2018-04-30T02:00:00","guid":{"rendered":"http:\/\/pre.boxrepsol.com\/sin-categorizar\/victorias-garcia-fernandez-raffin-gomez-patacca-fim-cev-repsol-valecia\/"},"modified":"2024-05-22T06:21:18","modified_gmt":"2024-05-22T08:21:18","slug":"victorias-garcia-fernandez-raffin-gomez-patacca-fim-cev-repsol-valecia","status":"publish","type":"post","link":"https:\/\/www.boxrepsol.com\/es\/sin-categorizar\/victorias-garcia-fernandez-raffin-gomez-patacca-fim-cev-repsol-valecia\/","title":{"rendered":"Victorias para Garc\u00eda, Fern\u00e1ndez, Raffin, G\u00f3mez y Patacca en el FIM CEV Repsol en Valencia"},"content":{"rendered":"<blockquote>\n<p>Ha sido incre\u00edble volver a ganar despu\u00e9s de la temporada tan dif\u00edcil que tuvimos el a\u00f1o pasado.<\/p>\n<p>            <a href=\"http:\/\/twitter.com\/share?text=Ha+sido+incre%C3%ADble+volver+a+ganar+despu%C3%A9s+de+la+temporada+tan+dif%C3%ADcil+que+tuvimos+el+a%C3%B1o+pasado.&#038;url=https%3A%2F%2Fwww.boxrepsol.com%2Fes%2Fcev%2Fvictorias-garcia-fernandez-raffin-gomez-patacca-fim-cev-repsol-valecia%2F&#038;hashtags=\" target=\"_blank\" data-datalayer='{\"event\": \"socialInteraction\", \"socialNetwork\": \"Twitter\", \"socialAction\": \"Compartir\", \"socialTarget\": \"Frase\"}' rel=\"noopener\"><br \/>\n            twittear        <\/a><\/p>\n<footer>Ra\u00fal Fern\u00e1ndez<\/footer>\n<\/blockquote>\n<p>Sergio Garc\u00eda y Ra\u00fal Fern\u00e1ndez han conseguido sendas victorias en Moto3, tras cruzar la l\u00ednea de meta en solitario. El piloto madrile\u00f1o es ahora el nuevo l\u00edder de la general.<\/p>\n<p>La segunda manga del Mundial Junior, se ha recortado a 12 vueltas tras un incidente en el primer giro que ha obligado a parar la carrera y repetir el procedimiento de salida.<\/p>\n<p>Jesko Raffin ha ganado con autoridad la \u00fanica carrera del Campeonato de Europa de Moto2. Con esta nueva victoria, el suizo ampl\u00eda su ventaja al frente del campeonato.<\/p>\n<p>En la European Talent Cup, Francisco G\u00f3mez se ha impuesto en la primera manga y Matteo Patacca en la segunda, situ\u00e1ndose este \u00faltimo l\u00edder de la general.<\/p>\n<p>La primera carrera ha terminado con bandera roja, provocada por un incidente m\u00faltiple a falta de cuatro vueltas para el final.<\/p>\n<p>Las fuertes rachas de viento registradas en el Circuit Ricardo Tormo, han condicionado todas las carreras en esta segunda prueba del FIM CEV Repsol en Valencia.<\/p>\n<p>El campeonato volver\u00e1 a la acci\u00f3n el 19 de mayo en el Circuito de Le Mans -coincidiendo con el Gran Premio de Francia de MotoGP- con la participaci\u00f3n de los pilotos del Mundial Junior de Moto3.<\/p>\n<hr \/>\n<p><strong>SERGIO GARC\u00cdA- GANADOR DE LA PRIMERA CARRERA DE MOTO3<\/strong><\/p>\n<p><em>\u201cHa sido una carrera muy complicada porque, tras la salida, he tenido que esforzarme mucho para mantener la concentraci\u00f3n tirando en solitario y poder dejar atr\u00e1s al grupo perseguidor. Pero ha sido divertido y he disfrutado mucho de esta primera manga\u201d.<\/em><\/p>\n<hr \/>\n<p><strong>RA\u00daL FERN\u00c1NDEZ\u00a0\u2013 GANADOR DE LA SEGUNDA CARRERA DE MOTO3<\/strong><\/p>\n<p><em>\u201cHa sido una carrera muy dif\u00edcil. Hab\u00eda hecho una buena salida, quer\u00eda ponerme primero y tirar, pero entonces he visto la bandera roja. La segunda salida no se me ha dado tan bien; he estado cinco vueltas detr\u00e1s de un piloto y no era capaz de pasarle. Ha sido incre\u00edble volver a ganar despu\u00e9s de la temporada tan dif\u00edcil que tuvimos el a\u00f1o pasado. Quiero agradec\u00e9rselo a todos mis patrocinadores, al equipo que est\u00e1 trabajando muy fuerte y a mi familia\u201d.<\/em><\/p>\n<hr \/>\n<p><strong>JESKO RAFFIN\u00a0\u2013 GANADOR DE LA CARRERA DE MOTO2<\/strong><\/p>\n<p><em>\u201cHa sido una carrera muy dif\u00edcil, ya que el viento era muy fuerte: al principio parec\u00eda que hab\u00eda aflojado, pero durante la carrera ha ido aumentando cada vez m\u00e1s. Era dif\u00edcil mantenerse dentro de la trazada y no cometer errores. Nunca sabes c\u00f3mo va a reaccionar el viento y es muy f\u00e1cil que te saque de la l\u00ednea. Estoy muy contento por esta victoria y quiero dar las gracias al equipo por el buen trabajo que ha hecho\u201d.<\/em><\/p>\n<hr \/>\n<p><strong>FRANCISCO G\u00d3MEZ \u2013 GANADOR DE LA PRIMERA CARRERA DE LA EUROPEAN TALENT CUP<\/strong><\/p>\n<p><em>\u201cHa sido una carrera dif\u00edcil porque part\u00edamos con algo de desventaja. Por suerte, he sabido gestionar bien esa diferencia, aunque casi sufro una ca\u00edda a mitad de carrera. Esta victoria me sabe como si hubiera ganado tres carreras. No me lo esperaba, pensaba que me quedar\u00eda fuera por cuestiones de mec\u00e1nica. Estoy muy contento\u201d.<\/em><\/p>\n<hr \/>\n<p><strong>MATTEO PATACCA \u2013 GANADOR DE LA SEGUNDA CARRERA DE LA EUROPEAN TALENT CUP<\/strong><\/p>\n<p><em>\u201cEstoy muy contento por haber conseguido mi primera victoria. Ha sido una carrera muy dif\u00edcil, pero el equipo ha dado el 100%. La moto iba perfecta y eso me ha permitido ser r\u00e1pido. Quiero dar las gracias a todos y en especial a mi familia\u201d.<\/em><\/p>\n","protected":false},"excerpt":{"rendered":"<p>Sergio Garc\u00eda y Ra\u00fal Fern\u00e1ndez se imponen en las dos carreras del Mundial Junior disputadas en el FIM CEV Repsol en Valencia, Jesko Raffin arrasa en Moto2 y Francisco G\u00f3mez y Matteo Patacca vencen en la European Talent Cup.<\/p>\n","protected":false},"author":43146,"featured_media":57784,"comment_status":"open","ping_status":"open","sticky":false,"template":"","format":"standard","meta":{"footnotes":""},"categories":[1],"tags":[130],"class_list":["post-93035","post","type-post","status-publish","format-standard","hentry","category-sin-categorizar","tag-otros-eventos-y-competiciones"],"yoast_head":"<!-- This site is optimized with the Yoast SEO plugin v27.3 - https:\/\/yoast.com\/product\/yoast-seo-wordpress\/ -->\n<title>Victorias para Garc\u00eda, Fern\u00e1ndez, Raffin, G\u00f3mez y Patacca en el FIM CEV Repsol en Valencia - Box Repsol<\/title>\n<meta name=\"description\" content=\"Sergio Garc\u00eda y Ra\u00fal Fern\u00e1ndez se imponen en las dos carreras del Mundial Junior disputadas en el FIM CEV Repsol en Valencia\" \/>\n<link rel=\"canonical\" href=\"https:\/\/www.boxrepsol.com\/es\/sin-categorizar\/victorias-garcia-fernandez-raffin-gomez-patacca-fim-cev-repsol-valecia\/\" \/>\n<meta property=\"og:locale\" content=\"es_ES\" \/>\n<meta property=\"og:type\" content=\"article\" \/>\n<meta property=\"og:title\" content=\"Victorias para Garc\u00eda, Fern\u00e1ndez, Raffin, G\u00f3mez y Patacca en el FIM CEV Repsol en Valencia - Box Repsol\" \/>\n<meta property=\"og:description\" content=\"Sergio Garc\u00eda y Ra\u00fal Fern\u00e1ndez se imponen en las dos carreras del Mundial Junior disputadas en el FIM CEV Repsol en Valencia\" \/>\n<meta property=\"og:url\" content=\"https:\/\/www.boxrepsol.com\/es\/sin-categorizar\/victorias-garcia-fernandez-raffin-gomez-patacca-fim-cev-repsol-valecia\/\" \/>\n<meta property=\"og:site_name\" content=\"Box Repsol\" \/>\n<meta property=\"article:publisher\" content=\"https:\/\/www.facebook.com\/BoxRepsol\" \/>\n<meta property=\"article:author\" content=\"https:\/\/www.facebook.com\/BoxRepsol\/\" \/>\n<meta property=\"article:published_time\" content=\"2018-04-30T02:00:00+00:00\" \/>\n<meta property=\"article:modified_time\" content=\"2024-05-22T08:21:18+00:00\" \/>\n<meta property=\"og:image\" content=\"https:\/\/bxrepsol.s3.eu-west-1.amazonaws.com\/static\/2022\/08\/29081036\/podio-CVE-Valencia.jpg\" \/>\n\t<meta property=\"og:image:width\" content=\"2500\" \/>\n\t<meta property=\"og:image:height\" content=\"1667\" \/>\n\t<meta property=\"og:image:type\" content=\"image\/jpeg\" \/>\n<meta name=\"author\" content=\"Redacci\u00f3n Box Repsol\" \/>\n<meta name=\"twitter:card\" content=\"summary_large_image\" \/>\n<meta name=\"twitter:creator\" content=\"@https:\/\/twitter.com\/box_repsol\" \/>\n<meta name=\"twitter:site\" content=\"@box_repsol\" \/>\n<meta name=\"twitter:label1\" content=\"Written by\" \/>\n\t<meta name=\"twitter:data1\" content=\"Redacci\u00f3n Box Repsol\" \/>\n\t<meta name=\"twitter:label2\" content=\"Est. reading time\" \/>\n\t<meta name=\"twitter:data2\" content=\"3 minutos\" \/>\n<script type=\"application\/ld+json\" class=\"yoast-schema-graph\">{\"@context\":\"https:\\\/\\\/schema.org\",\"@graph\":[{\"@type\":\"Article\",\"@id\":\"https:\\\/\\\/www.boxrepsol.com\\\/es\\\/sin-categorizar\\\/victorias-garcia-fernandez-raffin-gomez-patacca-fim-cev-repsol-valecia\\\/#article\",\"isPartOf\":{\"@id\":\"https:\\\/\\\/www.boxrepsol.com\\\/es\\\/sin-categorizar\\\/victorias-garcia-fernandez-raffin-gomez-patacca-fim-cev-repsol-valecia\\\/\"},\"author\":{\"name\":\"Redacci\u00f3n Box Repsol\",\"@id\":\"https:\\\/\\\/www.boxrepsol.com\\\/es\\\/#\\\/schema\\\/person\\\/c5c2138f2cca251b0ad92b7086bb60b7\"},\"headline\":\"Victorias para Garc\u00eda, Fern\u00e1ndez, Raffin, G\u00f3mez y Patacca en el FIM CEV Repsol en Valencia\",\"datePublished\":\"2018-04-30T02:00:00+00:00\",\"dateModified\":\"2024-05-22T08:21:18+00:00\",\"mainEntityOfPage\":{\"@id\":\"https:\\\/\\\/www.boxrepsol.com\\\/es\\\/sin-categorizar\\\/victorias-garcia-fernandez-raffin-gomez-patacca-fim-cev-repsol-valecia\\\/\"},\"wordCount\":633,\"commentCount\":0,\"publisher\":{\"@id\":\"https:\\\/\\\/www.boxrepsol.com\\\/es\\\/#organization\"},\"image\":{\"@id\":\"https:\\\/\\\/www.boxrepsol.com\\\/es\\\/sin-categorizar\\\/victorias-garcia-fernandez-raffin-gomez-patacca-fim-cev-repsol-valecia\\\/#primaryimage\"},\"thumbnailUrl\":\"https:\\\/\\\/bxrepsol.s3.eu-west-1.amazonaws.com\\\/static\\\/2022\\\/08\\\/29081036\\\/podio-CVE-Valencia.jpg\",\"keywords\":[\"otros eventos y competiciones\"],\"articleSection\":[\"Sin categorizar\"],\"inLanguage\":\"es\",\"potentialAction\":[{\"@type\":\"CommentAction\",\"name\":\"Comment\",\"target\":[\"https:\\\/\\\/www.boxrepsol.com\\\/es\\\/sin-categorizar\\\/victorias-garcia-fernandez-raffin-gomez-patacca-fim-cev-repsol-valecia\\\/#respond\"]}]},{\"@type\":\"WebPage\",\"@id\":\"https:\\\/\\\/www.boxrepsol.com\\\/es\\\/sin-categorizar\\\/victorias-garcia-fernandez-raffin-gomez-patacca-fim-cev-repsol-valecia\\\/\",\"url\":\"https:\\\/\\\/www.boxrepsol.com\\\/es\\\/sin-categorizar\\\/victorias-garcia-fernandez-raffin-gomez-patacca-fim-cev-repsol-valecia\\\/\",\"name\":\"Victorias para Garc\u00eda, Fern\u00e1ndez, Raffin, G\u00f3mez y Patacca en el FIM CEV Repsol en Valencia - Box Repsol\",\"isPartOf\":{\"@id\":\"https:\\\/\\\/www.boxrepsol.com\\\/es\\\/#website\"},\"primaryImageOfPage\":{\"@id\":\"https:\\\/\\\/www.boxrepsol.com\\\/es\\\/sin-categorizar\\\/victorias-garcia-fernandez-raffin-gomez-patacca-fim-cev-repsol-valecia\\\/#primaryimage\"},\"image\":{\"@id\":\"https:\\\/\\\/www.boxrepsol.com\\\/es\\\/sin-categorizar\\\/victorias-garcia-fernandez-raffin-gomez-patacca-fim-cev-repsol-valecia\\\/#primaryimage\"},\"thumbnailUrl\":\"https:\\\/\\\/bxrepsol.s3.eu-west-1.amazonaws.com\\\/static\\\/2022\\\/08\\\/29081036\\\/podio-CVE-Valencia.jpg\",\"datePublished\":\"2018-04-30T02:00:00+00:00\",\"dateModified\":\"2024-05-22T08:21:18+00:00\",\"description\":\"Sergio Garc\u00eda y Ra\u00fal Fern\u00e1ndez se imponen en las dos carreras del Mundial Junior disputadas en el FIM CEV Repsol en Valencia\",\"breadcrumb\":{\"@id\":\"https:\\\/\\\/www.boxrepsol.com\\\/es\\\/sin-categorizar\\\/victorias-garcia-fernandez-raffin-gomez-patacca-fim-cev-repsol-valecia\\\/#breadcrumb\"},\"inLanguage\":\"es\",\"potentialAction\":[{\"@type\":\"ReadAction\",\"target\":[\"https:\\\/\\\/www.boxrepsol.com\\\/es\\\/sin-categorizar\\\/victorias-garcia-fernandez-raffin-gomez-patacca-fim-cev-repsol-valecia\\\/\"]}]},{\"@type\":\"ImageObject\",\"inLanguage\":\"es\",\"@id\":\"https:\\\/\\\/www.boxrepsol.com\\\/es\\\/sin-categorizar\\\/victorias-garcia-fernandez-raffin-gomez-patacca-fim-cev-repsol-valecia\\\/#primaryimage\",\"url\":\"https:\\\/\\\/bxrepsol.s3.eu-west-1.amazonaws.com\\\/static\\\/2022\\\/08\\\/29081036\\\/podio-CVE-Valencia.jpg\",\"contentUrl\":\"https:\\\/\\\/bxrepsol.s3.eu-west-1.amazonaws.com\\\/static\\\/2022\\\/08\\\/29081036\\\/podio-CVE-Valencia.jpg\",\"width\":2500,\"height\":1667,\"caption\":\"Podio FIM CEV Repsol Valencia\"},{\"@type\":\"BreadcrumbList\",\"@id\":\"https:\\\/\\\/www.boxrepsol.com\\\/es\\\/sin-categorizar\\\/victorias-garcia-fernandez-raffin-gomez-patacca-fim-cev-repsol-valecia\\\/#breadcrumb\",\"itemListElement\":[{\"@type\":\"ListItem\",\"position\":1,\"name\":\"Home\",\"item\":\"https:\\\/\\\/www.boxrepsol.com\\\/es\\\/\"},{\"@type\":\"ListItem\",\"position\":2,\"name\":\"Victorias para Garc\u00eda, Fern\u00e1ndez, Raffin, G\u00f3mez y Patacca en el FIM CEV Repsol en Valencia\"}]},{\"@type\":\"WebSite\",\"@id\":\"https:\\\/\\\/www.boxrepsol.com\\\/es\\\/#website\",\"url\":\"https:\\\/\\\/www.boxrepsol.com\\\/es\\\/\",\"name\":\"Box Repsol\",\"description\":\"Box Repsol Site\",\"publisher\":{\"@id\":\"https:\\\/\\\/www.boxrepsol.com\\\/es\\\/#organization\"},\"potentialAction\":[{\"@type\":\"SearchAction\",\"target\":{\"@type\":\"EntryPoint\",\"urlTemplate\":\"https:\\\/\\\/www.boxrepsol.com\\\/es\\\/?s={search_term_string}\"},\"query-input\":{\"@type\":\"PropertyValueSpecification\",\"valueRequired\":true,\"valueName\":\"search_term_string\"}}],\"inLanguage\":\"es\"},{\"@type\":\"Organization\",\"@id\":\"https:\\\/\\\/www.boxrepsol.com\\\/es\\\/#organization\",\"name\":\"Box Repsol\",\"url\":\"https:\\\/\\\/www.boxrepsol.com\\\/es\\\/\",\"logo\":{\"@type\":\"ImageObject\",\"inLanguage\":\"es\",\"@id\":\"https:\\\/\\\/www.boxrepsol.com\\\/es\\\/#\\\/schema\\\/logo\\\/image\\\/\",\"url\":\"https:\\\/\\\/bxrepsol.s3.eu-west-1.amazonaws.com\\\/static\\\/2025\\\/07\\\/30083337\\\/favicon-96x96-1.png\",\"contentUrl\":\"https:\\\/\\\/bxrepsol.s3.eu-west-1.amazonaws.com\\\/static\\\/2025\\\/07\\\/30083337\\\/favicon-96x96-1.png\",\"width\":96,\"height\":96,\"caption\":\"Box Repsol\"},\"image\":{\"@id\":\"https:\\\/\\\/www.boxrepsol.com\\\/es\\\/#\\\/schema\\\/logo\\\/image\\\/\"},\"sameAs\":[\"https:\\\/\\\/www.facebook.com\\\/BoxRepsol\",\"https:\\\/\\\/x.com\\\/box_repsol\",\"http:\\\/\\\/instagram.com\\\/box_repsol\",\"https:\\\/\\\/www.youtube.com\\\/user\\\/RepsolCompeticion\",\"https:\\\/\\\/www.flickr.com\\\/photos\\\/box_repsol\\\/\"]},{\"@type\":\"Person\",\"@id\":\"https:\\\/\\\/www.boxrepsol.com\\\/es\\\/#\\\/schema\\\/person\\\/c5c2138f2cca251b0ad92b7086bb60b7\",\"name\":\"Redacci\u00f3n Box Repsol\",\"image\":{\"@type\":\"ImageObject\",\"inLanguage\":\"es\",\"@id\":\"https:\\\/\\\/secure.gravatar.com\\\/avatar\\\/adf7b77e38b4419baf32c7e9c21dde01f4e40df611f0978e3006fc4ba0aaab7e?s=96&d=mm&r=g\",\"url\":\"https:\\\/\\\/secure.gravatar.com\\\/avatar\\\/adf7b77e38b4419baf32c7e9c21dde01f4e40df611f0978e3006fc4ba0aaab7e?s=96&d=mm&r=g\",\"contentUrl\":\"https:\\\/\\\/secure.gravatar.com\\\/avatar\\\/adf7b77e38b4419baf32c7e9c21dde01f4e40df611f0978e3006fc4ba0aaab7e?s=96&d=mm&r=g\",\"caption\":\"Redacci\u00f3n Box Repsol\"},\"description\":\"Box Repsol lo forma un equipo de periodistas, community managers, dise\u00f1adores y fot\u00f3grafos con m\u00e1s de 20 a\u00f1os de experiencia en el mundo del motorsport. Hemos vivido el primer mundial de un espa\u00f1ol en la categor\u00eda reina de motociclismo con \u00c1lex Crivill\u00e9, estuvimos en las victorias de Pedrosa y los t\u00edtulos de M\u00e1rquez, acompa\u00f1amos en \u00c1frica a Nani Roma y Marc Coma en sus conquistas del Dakar y hemos vibrado con los t\u00edtulos de Toni Bou en Trial. Adem\u00e1s, en nuestro equipo contamos con expertos en el mundo de las dos y cuatro ruedas tanto de la calle y las carreteras, como de los circuitos. Periodistas que han trabajado en revistas y publicaciones para hacerte llegar desde rutas y consejos de mantenimiento, a curiosidades y trucos de pilotaje.\",\"sameAs\":[\"https:\\\/\\\/www.facebook.com\\\/BoxRepsol\\\/\",\"https:\\\/\\\/www.instagram.com\\\/box_repsol\\\/\",\"https:\\\/\\\/x.com\\\/https:\\\/\\\/twitter.com\\\/box_repsol\",\"https:\\\/\\\/www.youtube.com\\\/@Boxrepsol\"],\"url\":\"https:\\\/\\\/www.boxrepsol.com\\\/es\\\/author\\\/redaccion-box-repsol\\\/\"}]}<\/script>\n<!-- \/ Yoast SEO plugin. -->","yoast_head_json":{"title":"Victorias para Garc\u00eda, Fern\u00e1ndez, Raffin, G\u00f3mez y Patacca en el FIM CEV Repsol en Valencia - Box Repsol","description":"Sergio Garc\u00eda y Ra\u00fal Fern\u00e1ndez se imponen en las dos carreras del Mundial Junior disputadas en el FIM CEV Repsol en Valencia","canonical":"https:\/\/www.boxrepsol.com\/es\/sin-categorizar\/victorias-garcia-fernandez-raffin-gomez-patacca-fim-cev-repsol-valecia\/","og_locale":"es_ES","og_type":"article","og_title":"Victorias para Garc\u00eda, Fern\u00e1ndez, Raffin, G\u00f3mez y Patacca en el FIM CEV Repsol en Valencia - Box Repsol","og_description":"Sergio Garc\u00eda y Ra\u00fal Fern\u00e1ndez se imponen en las dos carreras del Mundial Junior disputadas en el FIM CEV Repsol en Valencia","og_url":"https:\/\/www.boxrepsol.com\/es\/sin-categorizar\/victorias-garcia-fernandez-raffin-gomez-patacca-fim-cev-repsol-valecia\/","og_site_name":"Box Repsol","article_publisher":"https:\/\/www.facebook.com\/BoxRepsol","article_author":"https:\/\/www.facebook.com\/BoxRepsol\/","article_published_time":"2018-04-30T02:00:00+00:00","article_modified_time":"2024-05-22T08:21:18+00:00","og_image":[{"width":2500,"height":1667,"url":"https:\/\/bxrepsol.s3.eu-west-1.amazonaws.com\/static\/2022\/08\/29081036\/podio-CVE-Valencia.jpg","type":"image\/jpeg"}],"author":"Redacci\u00f3n Box Repsol","twitter_card":"summary_large_image","twitter_creator":"@https:\/\/twitter.com\/box_repsol","twitter_site":"@box_repsol","twitter_misc":{"Written by":"Redacci\u00f3n Box Repsol","Est. reading time":"3 minutos"},"schema":{"@context":"https:\/\/schema.org","@graph":[{"@type":"Article","@id":"https:\/\/www.boxrepsol.com\/es\/sin-categorizar\/victorias-garcia-fernandez-raffin-gomez-patacca-fim-cev-repsol-valecia\/#article","isPartOf":{"@id":"https:\/\/www.boxrepsol.com\/es\/sin-categorizar\/victorias-garcia-fernandez-raffin-gomez-patacca-fim-cev-repsol-valecia\/"},"author":{"name":"Redacci\u00f3n Box Repsol","@id":"https:\/\/www.boxrepsol.com\/es\/#\/schema\/person\/c5c2138f2cca251b0ad92b7086bb60b7"},"headline":"Victorias para Garc\u00eda, Fern\u00e1ndez, Raffin, G\u00f3mez y Patacca en el FIM CEV Repsol en Valencia","datePublished":"2018-04-30T02:00:00+00:00","dateModified":"2024-05-22T08:21:18+00:00","mainEntityOfPage":{"@id":"https:\/\/www.boxrepsol.com\/es\/sin-categorizar\/victorias-garcia-fernandez-raffin-gomez-patacca-fim-cev-repsol-valecia\/"},"wordCount":633,"commentCount":0,"publisher":{"@id":"https:\/\/www.boxrepsol.com\/es\/#organization"},"image":{"@id":"https:\/\/www.boxrepsol.com\/es\/sin-categorizar\/victorias-garcia-fernandez-raffin-gomez-patacca-fim-cev-repsol-valecia\/#primaryimage"},"thumbnailUrl":"https:\/\/bxrepsol.s3.eu-west-1.amazonaws.com\/static\/2022\/08\/29081036\/podio-CVE-Valencia.jpg","keywords":["otros eventos y competiciones"],"articleSection":["Sin categorizar"],"inLanguage":"es","potentialAction":[{"@type":"CommentAction","name":"Comment","target":["https:\/\/www.boxrepsol.com\/es\/sin-categorizar\/victorias-garcia-fernandez-raffin-gomez-patacca-fim-cev-repsol-valecia\/#respond"]}]},{"@type":"WebPage","@id":"https:\/\/www.boxrepsol.com\/es\/sin-categorizar\/victorias-garcia-fernandez-raffin-gomez-patacca-fim-cev-repsol-valecia\/","url":"https:\/\/www.boxrepsol.com\/es\/sin-categorizar\/victorias-garcia-fernandez-raffin-gomez-patacca-fim-cev-repsol-valecia\/","name":"Victorias para Garc\u00eda, Fern\u00e1ndez, Raffin, G\u00f3mez y Patacca en el FIM CEV Repsol en Valencia - Box Repsol","isPartOf":{"@id":"https:\/\/www.boxrepsol.com\/es\/#website"},"primaryImageOfPage":{"@id":"https:\/\/www.boxrepsol.com\/es\/sin-categorizar\/victorias-garcia-fernandez-raffin-gomez-patacca-fim-cev-repsol-valecia\/#primaryimage"},"image":{"@id":"https:\/\/www.boxrepsol.com\/es\/sin-categorizar\/victorias-garcia-fernandez-raffin-gomez-patacca-fim-cev-repsol-valecia\/#primaryimage"},"thumbnailUrl":"https:\/\/bxrepsol.s3.eu-west-1.amazonaws.com\/static\/2022\/08\/29081036\/podio-CVE-Valencia.jpg","datePublished":"2018-04-30T02:00:00+00:00","dateModified":"2024-05-22T08:21:18+00:00","description":"Sergio Garc\u00eda y Ra\u00fal Fern\u00e1ndez se imponen en las dos carreras del Mundial Junior disputadas en el FIM CEV Repsol en Valencia","breadcrumb":{"@id":"https:\/\/www.boxrepsol.com\/es\/sin-categorizar\/victorias-garcia-fernandez-raffin-gomez-patacca-fim-cev-repsol-valecia\/#breadcrumb"},"inLanguage":"es","potentialAction":[{"@type":"ReadAction","target":["https:\/\/www.boxrepsol.com\/es\/sin-categorizar\/victorias-garcia-fernandez-raffin-gomez-patacca-fim-cev-repsol-valecia\/"]}]},{"@type":"ImageObject","inLanguage":"es","@id":"https:\/\/www.boxrepsol.com\/es\/sin-categorizar\/victorias-garcia-fernandez-raffin-gomez-patacca-fim-cev-repsol-valecia\/#primaryimage","url":"https:\/\/bxrepsol.s3.eu-west-1.amazonaws.com\/static\/2022\/08\/29081036\/podio-CVE-Valencia.jpg","contentUrl":"https:\/\/bxrepsol.s3.eu-west-1.amazonaws.com\/static\/2022\/08\/29081036\/podio-CVE-Valencia.jpg","width":2500,"height":1667,"caption":"Podio FIM CEV Repsol Valencia"},{"@type":"BreadcrumbList","@id":"https:\/\/www.boxrepsol.com\/es\/sin-categorizar\/victorias-garcia-fernandez-raffin-gomez-patacca-fim-cev-repsol-valecia\/#breadcrumb","itemListElement":[{"@type":"ListItem","position":1,"name":"Home","item":"https:\/\/www.boxrepsol.com\/es\/"},{"@type":"ListItem","position":2,"name":"Victorias para Garc\u00eda, Fern\u00e1ndez, Raffin, G\u00f3mez y Patacca en el FIM CEV Repsol en Valencia"}]},{"@type":"WebSite","@id":"https:\/\/www.boxrepsol.com\/es\/#website","url":"https:\/\/www.boxrepsol.com\/es\/","name":"Box Repsol","description":"Box Repsol Site","publisher":{"@id":"https:\/\/www.boxrepsol.com\/es\/#organization"},"potentialAction":[{"@type":"SearchAction","target":{"@type":"EntryPoint","urlTemplate":"https:\/\/www.boxrepsol.com\/es\/?s={search_term_string}"},"query-input":{"@type":"PropertyValueSpecification","valueRequired":true,"valueName":"search_term_string"}}],"inLanguage":"es"},{"@type":"Organization","@id":"https:\/\/www.boxrepsol.com\/es\/#organization","name":"Box Repsol","url":"https:\/\/www.boxrepsol.com\/es\/","logo":{"@type":"ImageObject","inLanguage":"es","@id":"https:\/\/www.boxrepsol.com\/es\/#\/schema\/logo\/image\/","url":"https:\/\/bxrepsol.s3.eu-west-1.amazonaws.com\/static\/2025\/07\/30083337\/favicon-96x96-1.png","contentUrl":"https:\/\/bxrepsol.s3.eu-west-1.amazonaws.com\/static\/2025\/07\/30083337\/favicon-96x96-1.png","width":96,"height":96,"caption":"Box Repsol"},"image":{"@id":"https:\/\/www.boxrepsol.com\/es\/#\/schema\/logo\/image\/"},"sameAs":["https:\/\/www.facebook.com\/BoxRepsol","https:\/\/x.com\/box_repsol","http:\/\/instagram.com\/box_repsol","https:\/\/www.youtube.com\/user\/RepsolCompeticion","https:\/\/www.flickr.com\/photos\/box_repsol\/"]},{"@type":"Person","@id":"https:\/\/www.boxrepsol.com\/es\/#\/schema\/person\/c5c2138f2cca251b0ad92b7086bb60b7","name":"Redacci\u00f3n Box Repsol","image":{"@type":"ImageObject","inLanguage":"es","@id":"https:\/\/secure.gravatar.com\/avatar\/adf7b77e38b4419baf32c7e9c21dde01f4e40df611f0978e3006fc4ba0aaab7e?s=96&d=mm&r=g","url":"https:\/\/secure.gravatar.com\/avatar\/adf7b77e38b4419baf32c7e9c21dde01f4e40df611f0978e3006fc4ba0aaab7e?s=96&d=mm&r=g","contentUrl":"https:\/\/secure.gravatar.com\/avatar\/adf7b77e38b4419baf32c7e9c21dde01f4e40df611f0978e3006fc4ba0aaab7e?s=96&d=mm&r=g","caption":"Redacci\u00f3n Box Repsol"},"description":"Box Repsol lo forma un equipo de periodistas, community managers, dise\u00f1adores y fot\u00f3grafos con m\u00e1s de 20 a\u00f1os de experiencia en el mundo del motorsport. Hemos vivido el primer mundial de un espa\u00f1ol en la categor\u00eda reina de motociclismo con \u00c1lex Crivill\u00e9, estuvimos en las victorias de Pedrosa y los t\u00edtulos de M\u00e1rquez, acompa\u00f1amos en \u00c1frica a Nani Roma y Marc Coma en sus conquistas del Dakar y hemos vibrado con los t\u00edtulos de Toni Bou en Trial. Adem\u00e1s, en nuestro equipo contamos con expertos en el mundo de las dos y cuatro ruedas tanto de la calle y las carreteras, como de los circuitos. Periodistas que han trabajado en revistas y publicaciones para hacerte llegar desde rutas y consejos de mantenimiento, a curiosidades y trucos de pilotaje.","sameAs":["https:\/\/www.facebook.com\/BoxRepsol\/","https:\/\/www.instagram.com\/box_repsol\/","https:\/\/x.com\/https:\/\/twitter.com\/box_repsol","https:\/\/www.youtube.com\/@Boxrepsol"],"url":"https:\/\/www.boxrepsol.com\/es\/author\/redaccion-box-repsol\/"}]}},"_links":{"self":[{"href":"https:\/\/www.boxrepsol.com\/es\/wp-json\/wp\/v2\/posts\/93035","targetHints":{"allow":["GET"]}}],"collection":[{"href":"https:\/\/www.boxrepsol.com\/es\/wp-json\/wp\/v2\/posts"}],"about":[{"href":"https:\/\/www.boxrepsol.com\/es\/wp-json\/wp\/v2\/types\/post"}],"author":[{"embeddable":true,"href":"https:\/\/www.boxrepsol.com\/es\/wp-json\/wp\/v2\/users\/43146"}],"replies":[{"embeddable":true,"href":"https:\/\/www.boxrepsol.com\/es\/wp-json\/wp\/v2\/comments?post=93035"}],"version-history":[{"count":1,"href":"https:\/\/www.boxrepsol.com\/es\/wp-json\/wp\/v2\/posts\/93035\/revisions"}],"predecessor-version":[{"id":116536,"href":"https:\/\/www.boxrepsol.com\/es\/wp-json\/wp\/v2\/posts\/93035\/revisions\/116536"}],"wp:featuredmedia":[{"embeddable":true,"href":"https:\/\/www.boxrepsol.com\/es\/wp-json\/wp\/v2\/media\/57784"}],"wp:attachment":[{"href":"https:\/\/www.boxrepsol.com\/es\/wp-json\/wp\/v2\/media?parent=93035"}],"wp:term":[{"taxonomy":"category","embeddable":true,"href":"https:\/\/www.boxrepsol.com\/es\/wp-json\/wp\/v2\/categories?post=93035"},{"taxonomy":"post_tag","embeddable":true,"href":"https:\/\/www.boxrepsol.com\/es\/wp-json\/wp\/v2\/tags?post=93035"}],"curies":[{"name":"wp","href":"https:\/\/api.w.org\/{rel}","templated":true}]}}