{"id":93023,"date":"2018-04-25T00:00:00","date_gmt":"2018-04-25T02:00:00","guid":{"rendered":"http:\/\/pre.boxrepsol.com\/sin-categorizar\/alberto-puig-marc-imprimia-ritmo-fuerte-seria-dificil-los-demas-pudieran-seguirle\/"},"modified":"2024-05-22T06:13:27","modified_gmt":"2024-05-22T08:13:27","slug":"alberto-puig-marc-imprimia-ritmo-fuerte-seria-dificil-los-demas-pudieran-seguirle","status":"publish","type":"post","link":"https:\/\/www.boxrepsol.com\/es\/motogp\/alberto-puig-marc-imprimia-ritmo-fuerte-seria-dificil-los-demas-pudieran-seguirle\/","title":{"rendered":"Alberto Puig: \u00bb Sab\u00edamos que si Marc imprim\u00eda un ritmo fuerte, ser\u00eda dif\u00edcil que los dem\u00e1s pudieran seguirle\u00bb"},"content":{"rendered":"<blockquote><p>\n\t<a href=\"http:\/\/twitter.com\/share?text=Fue+una+carrera+positiva+para+Dani+tras+un+fin+de+semana+muy+dif%C3%ADcil+para+%C3%A9l&#038;url=https%3A%2F%2Fwww.boxrepsol.com%2Fes%2Fmotogp%2Falberto-puig-marc-imprimia-ritmo-fuerte-seria-dificil-los-demas-pudieran-seguirle%2F\" target=\"_blank\" rel=\"noopener\"><\/p>\n<p>Fue una carrera positiva para Dani tras un fin de semana muy dif\u00edcil para \u00e9l<\/p>\n<p>\t<\/a>\n<\/p><\/blockquote>\n<p>El Circuito de las Am\u00e9ricas acogi\u00f3 el pasado domingo la tercera prueba del Mundial de MotoGP, donde Marc M\u00e1rquez sum\u00f3 la sexta victoria consecutiva en el trazado tejano. Su compa\u00f1ero en el equipo Repsol Honda, Dani Pedrosa, logr\u00f3 sobreponerse a las molestias f\u00edsicas y consigui\u00f3 una meritoria s\u00e9ptima plaza. Dos actuaciones que Alberto Puig, Team Manager del equipo, ha analizado una vez terminada la prueba.<\/p>\n<p><strong>\u00bfCu\u00e1l fue la estrategia para la carrera del Gran Premio de las Am\u00e9ricas?<br \/>\n<\/strong><\/p>\n<p>La estrategia era empezar bien, evitar cualquier problema e imprimir un ritmo fuerte\u00a0 en solitario. Sab\u00edamos que si Marc [M\u00e1rquez] lo consegu\u00eda, ser\u00eda dif\u00edcil que los dem\u00e1s pudieran seguirle. Escogi\u00f3 un neum\u00e1tico duro atr\u00e1s, por eso pod\u00eda tener m\u00e1s dificultades al inicio de carrera. En el caso de Dani [Pedrosa], el objetivo era acabar la carrera. Tom\u00f3 algunos analg\u00e9sicos y al inicio de carrera fue bien: estaba en un buen grupo y manten\u00eda la distancia con los pilotos de atr\u00e1s. Fue una carrera positiva para Dani tras un fin de semana muy dif\u00edcil para \u00e9l.<\/p>\n<p>\t\t\t\t<img decoding=\"async\" src=\"https:\/\/bxrepsol.s3.eu-west-1.amazonaws.com\/static\/2022\/08\/05054359\/00_alberto_puig_box_repsol_honda_motogp.jpg\" alt=\"Alberto Puig en el box Repsol Honda\" itemprop=\"image\"  \/><\/p>\n<p><strong>\u00bfQu\u00e9 puntos positivos y negativos ves tras la carrera?<br \/>\n<\/strong><\/p>\n<p>Los puntos positivos fueron \u00a0la victoria de Marc y el resultado de Dani. Los dos hicieron una gran carrera. No hubo puntos negativos este fin de semana en Austin.<\/p>\n<p><strong>\u00bfC\u00f3mo se percibi\u00f3 la carrera desde el muro?<br \/>\n<\/strong><\/p>\n<p>Parec\u00eda ser una carrera f\u00e1cil, pero no lo era. \u00a0En el muro nunca puedes estar tranquilo porque, incluso si un piloto como Marc lidera la carrera en solitario, pueden pasar muchas cosas antes de que cruce la l\u00ednea de meta. \u00a1Todo el mundo est\u00e1 nervioso hasta el final!<\/p>\n","protected":false},"excerpt":{"rendered":"<p>El Team manager del Repsol Honda analiza la actuaci\u00f3n de Marc M\u00e1rquez y Dani Pedrosa en el Gran Premio de las Am\u00e9ricas y nos explica la estrategia que siguieron en carrera.<\/p>\n","protected":false},"author":43146,"featured_media":57699,"comment_status":"open","ping_status":"open","sticky":false,"template":"","format":"standard","meta":{"footnotes":""},"categories":[4],"tags":[155],"class_list":["post-93023","post","type-post","status-publish","format-standard","hentry","category-motogp","tag-motogp-americas"],"yoast_head":"<!-- This site is optimized with the Yoast SEO plugin v27.3 - https:\/\/yoast.com\/product\/yoast-seo-wordpress\/ -->\n<title>Alberto Puig: &quot; Sab\u00edamos que si Marc imprim\u00eda un ritmo fuerte, ser\u00eda dif\u00edcil que los dem\u00e1s pudieran seguirle&quot; - Box Repsol<\/title>\n<meta name=\"description\" content=\"Alberto Puig analiza la actuaci\u00f3n de Marc M\u00e1rquez y Dani Pedrosa en el Gran Premio de las Am\u00e9ricas y nos explica la estrategia que siguieron en carrera.\" \/>\n<link rel=\"canonical\" href=\"https:\/\/www.boxrepsol.com\/es\/motogp\/alberto-puig-marc-imprimia-ritmo-fuerte-seria-dificil-los-demas-pudieran-seguirle\/\" \/>\n<meta property=\"og:locale\" content=\"es_ES\" \/>\n<meta property=\"og:type\" content=\"article\" \/>\n<meta property=\"og:title\" content=\"Alberto Puig: &quot; Sab\u00edamos que si Marc imprim\u00eda un ritmo fuerte, ser\u00eda dif\u00edcil que los dem\u00e1s pudieran seguirle&quot; - Box Repsol\" \/>\n<meta property=\"og:description\" content=\"Alberto Puig analiza la actuaci\u00f3n de Marc M\u00e1rquez y Dani Pedrosa en el Gran Premio de las Am\u00e9ricas y nos explica la estrategia que siguieron en carrera.\" \/>\n<meta property=\"og:url\" content=\"https:\/\/www.boxrepsol.com\/es\/motogp\/alberto-puig-marc-imprimia-ritmo-fuerte-seria-dificil-los-demas-pudieran-seguirle\/\" \/>\n<meta property=\"og:site_name\" content=\"Box Repsol\" \/>\n<meta property=\"article:publisher\" content=\"https:\/\/www.facebook.com\/BoxRepsol\" \/>\n<meta property=\"article:author\" content=\"https:\/\/www.facebook.com\/BoxRepsol\/\" \/>\n<meta property=\"article:published_time\" content=\"2018-04-25T02:00:00+00:00\" \/>\n<meta property=\"article:modified_time\" content=\"2024-05-22T08:13:27+00:00\" \/>\n<meta property=\"og:image\" content=\"https:\/\/bxrepsol.s3.eu-west-1.amazonaws.com\/static\/2022\/08\/29080920\/00_alberto_puig_repsol_honda_manager_marc_marquez_austin.jpg\" \/>\n\t<meta property=\"og:image:width\" content=\"995\" \/>\n\t<meta property=\"og:image:height\" content=\"560\" \/>\n\t<meta property=\"og:image:type\" content=\"image\/jpeg\" \/>\n<meta name=\"author\" content=\"Redacci\u00f3n Box Repsol\" \/>\n<meta name=\"twitter:card\" content=\"summary_large_image\" \/>\n<meta name=\"twitter:creator\" content=\"@https:\/\/twitter.com\/box_repsol\" \/>\n<meta name=\"twitter:site\" content=\"@box_repsol\" \/>\n<meta name=\"twitter:label1\" content=\"Written by\" \/>\n\t<meta name=\"twitter:data1\" content=\"Redacci\u00f3n Box Repsol\" \/>\n\t<meta name=\"twitter:label2\" content=\"Est. reading time\" \/>\n\t<meta name=\"twitter:data2\" content=\"2 minutos\" \/>\n<script type=\"application\/ld+json\" class=\"yoast-schema-graph\">{\"@context\":\"https:\\\/\\\/schema.org\",\"@graph\":[{\"@type\":\"Article\",\"@id\":\"https:\\\/\\\/www.boxrepsol.com\\\/es\\\/motogp\\\/alberto-puig-marc-imprimia-ritmo-fuerte-seria-dificil-los-demas-pudieran-seguirle\\\/#article\",\"isPartOf\":{\"@id\":\"https:\\\/\\\/www.boxrepsol.com\\\/es\\\/motogp\\\/alberto-puig-marc-imprimia-ritmo-fuerte-seria-dificil-los-demas-pudieran-seguirle\\\/\"},\"author\":{\"name\":\"Redacci\u00f3n Box Repsol\",\"@id\":\"https:\\\/\\\/www.boxrepsol.com\\\/es\\\/#\\\/schema\\\/person\\\/c5c2138f2cca251b0ad92b7086bb60b7\"},\"headline\":\"Alberto Puig: \u00bb Sab\u00edamos que si Marc imprim\u00eda un ritmo fuerte, ser\u00eda dif\u00edcil que los dem\u00e1s pudieran seguirle\u00bb\",\"datePublished\":\"2018-04-25T02:00:00+00:00\",\"dateModified\":\"2024-05-22T08:13:27+00:00\",\"mainEntityOfPage\":{\"@id\":\"https:\\\/\\\/www.boxrepsol.com\\\/es\\\/motogp\\\/alberto-puig-marc-imprimia-ritmo-fuerte-seria-dificil-los-demas-pudieran-seguirle\\\/\"},\"wordCount\":330,\"commentCount\":0,\"publisher\":{\"@id\":\"https:\\\/\\\/www.boxrepsol.com\\\/es\\\/#organization\"},\"image\":{\"@id\":\"https:\\\/\\\/www.boxrepsol.com\\\/es\\\/motogp\\\/alberto-puig-marc-imprimia-ritmo-fuerte-seria-dificil-los-demas-pudieran-seguirle\\\/#primaryimage\"},\"thumbnailUrl\":\"https:\\\/\\\/bxrepsol.s3.eu-west-1.amazonaws.com\\\/static\\\/2022\\\/08\\\/29080920\\\/00_alberto_puig_repsol_honda_manager_marc_marquez_austin.jpg\",\"keywords\":[\"MotoGP Americas\"],\"articleSection\":[\"MotoGP\"],\"inLanguage\":\"es\",\"potentialAction\":[{\"@type\":\"CommentAction\",\"name\":\"Comment\",\"target\":[\"https:\\\/\\\/www.boxrepsol.com\\\/es\\\/motogp\\\/alberto-puig-marc-imprimia-ritmo-fuerte-seria-dificil-los-demas-pudieran-seguirle\\\/#respond\"]}]},{\"@type\":\"WebPage\",\"@id\":\"https:\\\/\\\/www.boxrepsol.com\\\/es\\\/motogp\\\/alberto-puig-marc-imprimia-ritmo-fuerte-seria-dificil-los-demas-pudieran-seguirle\\\/\",\"url\":\"https:\\\/\\\/www.boxrepsol.com\\\/es\\\/motogp\\\/alberto-puig-marc-imprimia-ritmo-fuerte-seria-dificil-los-demas-pudieran-seguirle\\\/\",\"name\":\"Alberto Puig: \\\" Sab\u00edamos que si Marc imprim\u00eda un ritmo fuerte, ser\u00eda dif\u00edcil que los dem\u00e1s pudieran seguirle\\\" - Box Repsol\",\"isPartOf\":{\"@id\":\"https:\\\/\\\/www.boxrepsol.com\\\/es\\\/#website\"},\"primaryImageOfPage\":{\"@id\":\"https:\\\/\\\/www.boxrepsol.com\\\/es\\\/motogp\\\/alberto-puig-marc-imprimia-ritmo-fuerte-seria-dificil-los-demas-pudieran-seguirle\\\/#primaryimage\"},\"image\":{\"@id\":\"https:\\\/\\\/www.boxrepsol.com\\\/es\\\/motogp\\\/alberto-puig-marc-imprimia-ritmo-fuerte-seria-dificil-los-demas-pudieran-seguirle\\\/#primaryimage\"},\"thumbnailUrl\":\"https:\\\/\\\/bxrepsol.s3.eu-west-1.amazonaws.com\\\/static\\\/2022\\\/08\\\/29080920\\\/00_alberto_puig_repsol_honda_manager_marc_marquez_austin.jpg\",\"datePublished\":\"2018-04-25T02:00:00+00:00\",\"dateModified\":\"2024-05-22T08:13:27+00:00\",\"description\":\"Alberto Puig analiza la actuaci\u00f3n de Marc M\u00e1rquez y Dani Pedrosa en el Gran Premio de las Am\u00e9ricas y nos explica la estrategia que siguieron en carrera.\",\"breadcrumb\":{\"@id\":\"https:\\\/\\\/www.boxrepsol.com\\\/es\\\/motogp\\\/alberto-puig-marc-imprimia-ritmo-fuerte-seria-dificil-los-demas-pudieran-seguirle\\\/#breadcrumb\"},\"inLanguage\":\"es\",\"potentialAction\":[{\"@type\":\"ReadAction\",\"target\":[\"https:\\\/\\\/www.boxrepsol.com\\\/es\\\/motogp\\\/alberto-puig-marc-imprimia-ritmo-fuerte-seria-dificil-los-demas-pudieran-seguirle\\\/\"]}]},{\"@type\":\"ImageObject\",\"inLanguage\":\"es\",\"@id\":\"https:\\\/\\\/www.boxrepsol.com\\\/es\\\/motogp\\\/alberto-puig-marc-imprimia-ritmo-fuerte-seria-dificil-los-demas-pudieran-seguirle\\\/#primaryimage\",\"url\":\"https:\\\/\\\/bxrepsol.s3.eu-west-1.amazonaws.com\\\/static\\\/2022\\\/08\\\/29080920\\\/00_alberto_puig_repsol_honda_manager_marc_marquez_austin.jpg\",\"contentUrl\":\"https:\\\/\\\/bxrepsol.s3.eu-west-1.amazonaws.com\\\/static\\\/2022\\\/08\\\/29080920\\\/00_alberto_puig_repsol_honda_manager_marc_marquez_austin.jpg\",\"width\":995,\"height\":560,\"caption\":\"Alberto Puig en rueda de prensa\"},{\"@type\":\"BreadcrumbList\",\"@id\":\"https:\\\/\\\/www.boxrepsol.com\\\/es\\\/motogp\\\/alberto-puig-marc-imprimia-ritmo-fuerte-seria-dificil-los-demas-pudieran-seguirle\\\/#breadcrumb\",\"itemListElement\":[{\"@type\":\"ListItem\",\"position\":1,\"name\":\"Home\",\"item\":\"https:\\\/\\\/www.boxrepsol.com\\\/es\\\/\"},{\"@type\":\"ListItem\",\"position\":2,\"name\":\"Alberto Puig: \u00bb Sab\u00edamos que si Marc imprim\u00eda un ritmo fuerte, ser\u00eda dif\u00edcil que los dem\u00e1s pudieran seguirle\u00bb\"}]},{\"@type\":\"WebSite\",\"@id\":\"https:\\\/\\\/www.boxrepsol.com\\\/es\\\/#website\",\"url\":\"https:\\\/\\\/www.boxrepsol.com\\\/es\\\/\",\"name\":\"Box Repsol\",\"description\":\"Box Repsol Site\",\"publisher\":{\"@id\":\"https:\\\/\\\/www.boxrepsol.com\\\/es\\\/#organization\"},\"potentialAction\":[{\"@type\":\"SearchAction\",\"target\":{\"@type\":\"EntryPoint\",\"urlTemplate\":\"https:\\\/\\\/www.boxrepsol.com\\\/es\\\/?s={search_term_string}\"},\"query-input\":{\"@type\":\"PropertyValueSpecification\",\"valueRequired\":true,\"valueName\":\"search_term_string\"}}],\"inLanguage\":\"es\"},{\"@type\":\"Organization\",\"@id\":\"https:\\\/\\\/www.boxrepsol.com\\\/es\\\/#organization\",\"name\":\"Box Repsol\",\"url\":\"https:\\\/\\\/www.boxrepsol.com\\\/es\\\/\",\"logo\":{\"@type\":\"ImageObject\",\"inLanguage\":\"es\",\"@id\":\"https:\\\/\\\/www.boxrepsol.com\\\/es\\\/#\\\/schema\\\/logo\\\/image\\\/\",\"url\":\"https:\\\/\\\/bxrepsol.s3.eu-west-1.amazonaws.com\\\/static\\\/2025\\\/07\\\/30083337\\\/favicon-96x96-1.png\",\"contentUrl\":\"https:\\\/\\\/bxrepsol.s3.eu-west-1.amazonaws.com\\\/static\\\/2025\\\/07\\\/30083337\\\/favicon-96x96-1.png\",\"width\":96,\"height\":96,\"caption\":\"Box Repsol\"},\"image\":{\"@id\":\"https:\\\/\\\/www.boxrepsol.com\\\/es\\\/#\\\/schema\\\/logo\\\/image\\\/\"},\"sameAs\":[\"https:\\\/\\\/www.facebook.com\\\/BoxRepsol\",\"https:\\\/\\\/x.com\\\/box_repsol\",\"http:\\\/\\\/instagram.com\\\/box_repsol\",\"https:\\\/\\\/www.youtube.com\\\/user\\\/RepsolCompeticion\",\"https:\\\/\\\/www.flickr.com\\\/photos\\\/box_repsol\\\/\"]},{\"@type\":\"Person\",\"@id\":\"https:\\\/\\\/www.boxrepsol.com\\\/es\\\/#\\\/schema\\\/person\\\/c5c2138f2cca251b0ad92b7086bb60b7\",\"name\":\"Redacci\u00f3n Box Repsol\",\"image\":{\"@type\":\"ImageObject\",\"inLanguage\":\"es\",\"@id\":\"https:\\\/\\\/secure.gravatar.com\\\/avatar\\\/adf7b77e38b4419baf32c7e9c21dde01f4e40df611f0978e3006fc4ba0aaab7e?s=96&d=mm&r=g\",\"url\":\"https:\\\/\\\/secure.gravatar.com\\\/avatar\\\/adf7b77e38b4419baf32c7e9c21dde01f4e40df611f0978e3006fc4ba0aaab7e?s=96&d=mm&r=g\",\"contentUrl\":\"https:\\\/\\\/secure.gravatar.com\\\/avatar\\\/adf7b77e38b4419baf32c7e9c21dde01f4e40df611f0978e3006fc4ba0aaab7e?s=96&d=mm&r=g\",\"caption\":\"Redacci\u00f3n Box Repsol\"},\"description\":\"Box Repsol lo forma un equipo de periodistas, community managers, dise\u00f1adores y fot\u00f3grafos con m\u00e1s de 20 a\u00f1os de experiencia en el mundo del motorsport. Hemos vivido el primer mundial de un espa\u00f1ol en la categor\u00eda reina de motociclismo con \u00c1lex Crivill\u00e9, estuvimos en las victorias de Pedrosa y los t\u00edtulos de M\u00e1rquez, acompa\u00f1amos en \u00c1frica a Nani Roma y Marc Coma en sus conquistas del Dakar y hemos vibrado con los t\u00edtulos de Toni Bou en Trial. Adem\u00e1s, en nuestro equipo contamos con expertos en el mundo de las dos y cuatro ruedas tanto de la calle y las carreteras, como de los circuitos. Periodistas que han trabajado en revistas y publicaciones para hacerte llegar desde rutas y consejos de mantenimiento, a curiosidades y trucos de pilotaje.\",\"sameAs\":[\"https:\\\/\\\/www.facebook.com\\\/BoxRepsol\\\/\",\"https:\\\/\\\/www.instagram.com\\\/box_repsol\\\/\",\"https:\\\/\\\/x.com\\\/https:\\\/\\\/twitter.com\\\/box_repsol\",\"https:\\\/\\\/www.youtube.com\\\/@Boxrepsol\"],\"url\":\"https:\\\/\\\/www.boxrepsol.com\\\/es\\\/author\\\/redaccion-box-repsol\\\/\"}]}<\/script>\n<!-- \/ Yoast SEO plugin. -->","yoast_head_json":{"title":"Alberto Puig: \" Sab\u00edamos que si Marc imprim\u00eda un ritmo fuerte, ser\u00eda dif\u00edcil que los dem\u00e1s pudieran seguirle\" - Box Repsol","description":"Alberto Puig analiza la actuaci\u00f3n de Marc M\u00e1rquez y Dani Pedrosa en el Gran Premio de las Am\u00e9ricas y nos explica la estrategia que siguieron en carrera.","canonical":"https:\/\/www.boxrepsol.com\/es\/motogp\/alberto-puig-marc-imprimia-ritmo-fuerte-seria-dificil-los-demas-pudieran-seguirle\/","og_locale":"es_ES","og_type":"article","og_title":"Alberto Puig: \" Sab\u00edamos que si Marc imprim\u00eda un ritmo fuerte, ser\u00eda dif\u00edcil que los dem\u00e1s pudieran seguirle\" - Box Repsol","og_description":"Alberto Puig analiza la actuaci\u00f3n de Marc M\u00e1rquez y Dani Pedrosa en el Gran Premio de las Am\u00e9ricas y nos explica la estrategia que siguieron en carrera.","og_url":"https:\/\/www.boxrepsol.com\/es\/motogp\/alberto-puig-marc-imprimia-ritmo-fuerte-seria-dificil-los-demas-pudieran-seguirle\/","og_site_name":"Box Repsol","article_publisher":"https:\/\/www.facebook.com\/BoxRepsol","article_author":"https:\/\/www.facebook.com\/BoxRepsol\/","article_published_time":"2018-04-25T02:00:00+00:00","article_modified_time":"2024-05-22T08:13:27+00:00","og_image":[{"width":995,"height":560,"url":"https:\/\/bxrepsol.s3.eu-west-1.amazonaws.com\/static\/2022\/08\/29080920\/00_alberto_puig_repsol_honda_manager_marc_marquez_austin.jpg","type":"image\/jpeg"}],"author":"Redacci\u00f3n Box Repsol","twitter_card":"summary_large_image","twitter_creator":"@https:\/\/twitter.com\/box_repsol","twitter_site":"@box_repsol","twitter_misc":{"Written by":"Redacci\u00f3n Box Repsol","Est. reading time":"2 minutos"},"schema":{"@context":"https:\/\/schema.org","@graph":[{"@type":"Article","@id":"https:\/\/www.boxrepsol.com\/es\/motogp\/alberto-puig-marc-imprimia-ritmo-fuerte-seria-dificil-los-demas-pudieran-seguirle\/#article","isPartOf":{"@id":"https:\/\/www.boxrepsol.com\/es\/motogp\/alberto-puig-marc-imprimia-ritmo-fuerte-seria-dificil-los-demas-pudieran-seguirle\/"},"author":{"name":"Redacci\u00f3n Box Repsol","@id":"https:\/\/www.boxrepsol.com\/es\/#\/schema\/person\/c5c2138f2cca251b0ad92b7086bb60b7"},"headline":"Alberto Puig: \u00bb Sab\u00edamos que si Marc imprim\u00eda un ritmo fuerte, ser\u00eda dif\u00edcil que los dem\u00e1s pudieran seguirle\u00bb","datePublished":"2018-04-25T02:00:00+00:00","dateModified":"2024-05-22T08:13:27+00:00","mainEntityOfPage":{"@id":"https:\/\/www.boxrepsol.com\/es\/motogp\/alberto-puig-marc-imprimia-ritmo-fuerte-seria-dificil-los-demas-pudieran-seguirle\/"},"wordCount":330,"commentCount":0,"publisher":{"@id":"https:\/\/www.boxrepsol.com\/es\/#organization"},"image":{"@id":"https:\/\/www.boxrepsol.com\/es\/motogp\/alberto-puig-marc-imprimia-ritmo-fuerte-seria-dificil-los-demas-pudieran-seguirle\/#primaryimage"},"thumbnailUrl":"https:\/\/bxrepsol.s3.eu-west-1.amazonaws.com\/static\/2022\/08\/29080920\/00_alberto_puig_repsol_honda_manager_marc_marquez_austin.jpg","keywords":["MotoGP Americas"],"articleSection":["MotoGP"],"inLanguage":"es","potentialAction":[{"@type":"CommentAction","name":"Comment","target":["https:\/\/www.boxrepsol.com\/es\/motogp\/alberto-puig-marc-imprimia-ritmo-fuerte-seria-dificil-los-demas-pudieran-seguirle\/#respond"]}]},{"@type":"WebPage","@id":"https:\/\/www.boxrepsol.com\/es\/motogp\/alberto-puig-marc-imprimia-ritmo-fuerte-seria-dificil-los-demas-pudieran-seguirle\/","url":"https:\/\/www.boxrepsol.com\/es\/motogp\/alberto-puig-marc-imprimia-ritmo-fuerte-seria-dificil-los-demas-pudieran-seguirle\/","name":"Alberto Puig: \" Sab\u00edamos que si Marc imprim\u00eda un ritmo fuerte, ser\u00eda dif\u00edcil que los dem\u00e1s pudieran seguirle\" - Box Repsol","isPartOf":{"@id":"https:\/\/www.boxrepsol.com\/es\/#website"},"primaryImageOfPage":{"@id":"https:\/\/www.boxrepsol.com\/es\/motogp\/alberto-puig-marc-imprimia-ritmo-fuerte-seria-dificil-los-demas-pudieran-seguirle\/#primaryimage"},"image":{"@id":"https:\/\/www.boxrepsol.com\/es\/motogp\/alberto-puig-marc-imprimia-ritmo-fuerte-seria-dificil-los-demas-pudieran-seguirle\/#primaryimage"},"thumbnailUrl":"https:\/\/bxrepsol.s3.eu-west-1.amazonaws.com\/static\/2022\/08\/29080920\/00_alberto_puig_repsol_honda_manager_marc_marquez_austin.jpg","datePublished":"2018-04-25T02:00:00+00:00","dateModified":"2024-05-22T08:13:27+00:00","description":"Alberto Puig analiza la actuaci\u00f3n de Marc M\u00e1rquez y Dani Pedrosa en el Gran Premio de las Am\u00e9ricas y nos explica la estrategia que siguieron en carrera.","breadcrumb":{"@id":"https:\/\/www.boxrepsol.com\/es\/motogp\/alberto-puig-marc-imprimia-ritmo-fuerte-seria-dificil-los-demas-pudieran-seguirle\/#breadcrumb"},"inLanguage":"es","potentialAction":[{"@type":"ReadAction","target":["https:\/\/www.boxrepsol.com\/es\/motogp\/alberto-puig-marc-imprimia-ritmo-fuerte-seria-dificil-los-demas-pudieran-seguirle\/"]}]},{"@type":"ImageObject","inLanguage":"es","@id":"https:\/\/www.boxrepsol.com\/es\/motogp\/alberto-puig-marc-imprimia-ritmo-fuerte-seria-dificil-los-demas-pudieran-seguirle\/#primaryimage","url":"https:\/\/bxrepsol.s3.eu-west-1.amazonaws.com\/static\/2022\/08\/29080920\/00_alberto_puig_repsol_honda_manager_marc_marquez_austin.jpg","contentUrl":"https:\/\/bxrepsol.s3.eu-west-1.amazonaws.com\/static\/2022\/08\/29080920\/00_alberto_puig_repsol_honda_manager_marc_marquez_austin.jpg","width":995,"height":560,"caption":"Alberto Puig en rueda de prensa"},{"@type":"BreadcrumbList","@id":"https:\/\/www.boxrepsol.com\/es\/motogp\/alberto-puig-marc-imprimia-ritmo-fuerte-seria-dificil-los-demas-pudieran-seguirle\/#breadcrumb","itemListElement":[{"@type":"ListItem","position":1,"name":"Home","item":"https:\/\/www.boxrepsol.com\/es\/"},{"@type":"ListItem","position":2,"name":"Alberto Puig: \u00bb Sab\u00edamos que si Marc imprim\u00eda un ritmo fuerte, ser\u00eda dif\u00edcil que los dem\u00e1s pudieran seguirle\u00bb"}]},{"@type":"WebSite","@id":"https:\/\/www.boxrepsol.com\/es\/#website","url":"https:\/\/www.boxrepsol.com\/es\/","name":"Box Repsol","description":"Box Repsol Site","publisher":{"@id":"https:\/\/www.boxrepsol.com\/es\/#organization"},"potentialAction":[{"@type":"SearchAction","target":{"@type":"EntryPoint","urlTemplate":"https:\/\/www.boxrepsol.com\/es\/?s={search_term_string}"},"query-input":{"@type":"PropertyValueSpecification","valueRequired":true,"valueName":"search_term_string"}}],"inLanguage":"es"},{"@type":"Organization","@id":"https:\/\/www.boxrepsol.com\/es\/#organization","name":"Box Repsol","url":"https:\/\/www.boxrepsol.com\/es\/","logo":{"@type":"ImageObject","inLanguage":"es","@id":"https:\/\/www.boxrepsol.com\/es\/#\/schema\/logo\/image\/","url":"https:\/\/bxrepsol.s3.eu-west-1.amazonaws.com\/static\/2025\/07\/30083337\/favicon-96x96-1.png","contentUrl":"https:\/\/bxrepsol.s3.eu-west-1.amazonaws.com\/static\/2025\/07\/30083337\/favicon-96x96-1.png","width":96,"height":96,"caption":"Box Repsol"},"image":{"@id":"https:\/\/www.boxrepsol.com\/es\/#\/schema\/logo\/image\/"},"sameAs":["https:\/\/www.facebook.com\/BoxRepsol","https:\/\/x.com\/box_repsol","http:\/\/instagram.com\/box_repsol","https:\/\/www.youtube.com\/user\/RepsolCompeticion","https:\/\/www.flickr.com\/photos\/box_repsol\/"]},{"@type":"Person","@id":"https:\/\/www.boxrepsol.com\/es\/#\/schema\/person\/c5c2138f2cca251b0ad92b7086bb60b7","name":"Redacci\u00f3n Box Repsol","image":{"@type":"ImageObject","inLanguage":"es","@id":"https:\/\/secure.gravatar.com\/avatar\/adf7b77e38b4419baf32c7e9c21dde01f4e40df611f0978e3006fc4ba0aaab7e?s=96&d=mm&r=g","url":"https:\/\/secure.gravatar.com\/avatar\/adf7b77e38b4419baf32c7e9c21dde01f4e40df611f0978e3006fc4ba0aaab7e?s=96&d=mm&r=g","contentUrl":"https:\/\/secure.gravatar.com\/avatar\/adf7b77e38b4419baf32c7e9c21dde01f4e40df611f0978e3006fc4ba0aaab7e?s=96&d=mm&r=g","caption":"Redacci\u00f3n Box Repsol"},"description":"Box Repsol lo forma un equipo de periodistas, community managers, dise\u00f1adores y fot\u00f3grafos con m\u00e1s de 20 a\u00f1os de experiencia en el mundo del motorsport. Hemos vivido el primer mundial de un espa\u00f1ol en la categor\u00eda reina de motociclismo con \u00c1lex Crivill\u00e9, estuvimos en las victorias de Pedrosa y los t\u00edtulos de M\u00e1rquez, acompa\u00f1amos en \u00c1frica a Nani Roma y Marc Coma en sus conquistas del Dakar y hemos vibrado con los t\u00edtulos de Toni Bou en Trial. Adem\u00e1s, en nuestro equipo contamos con expertos en el mundo de las dos y cuatro ruedas tanto de la calle y las carreteras, como de los circuitos. Periodistas que han trabajado en revistas y publicaciones para hacerte llegar desde rutas y consejos de mantenimiento, a curiosidades y trucos de pilotaje.","sameAs":["https:\/\/www.facebook.com\/BoxRepsol\/","https:\/\/www.instagram.com\/box_repsol\/","https:\/\/x.com\/https:\/\/twitter.com\/box_repsol","https:\/\/www.youtube.com\/@Boxrepsol"],"url":"https:\/\/www.boxrepsol.com\/es\/author\/redaccion-box-repsol\/"}]}},"_links":{"self":[{"href":"https:\/\/www.boxrepsol.com\/es\/wp-json\/wp\/v2\/posts\/93023","targetHints":{"allow":["GET"]}}],"collection":[{"href":"https:\/\/www.boxrepsol.com\/es\/wp-json\/wp\/v2\/posts"}],"about":[{"href":"https:\/\/www.boxrepsol.com\/es\/wp-json\/wp\/v2\/types\/post"}],"author":[{"embeddable":true,"href":"https:\/\/www.boxrepsol.com\/es\/wp-json\/wp\/v2\/users\/43146"}],"replies":[{"embeddable":true,"href":"https:\/\/www.boxrepsol.com\/es\/wp-json\/wp\/v2\/comments?post=93023"}],"version-history":[{"count":1,"href":"https:\/\/www.boxrepsol.com\/es\/wp-json\/wp\/v2\/posts\/93023\/revisions"}],"predecessor-version":[{"id":93024,"href":"https:\/\/www.boxrepsol.com\/es\/wp-json\/wp\/v2\/posts\/93023\/revisions\/93024"}],"wp:featuredmedia":[{"embeddable":true,"href":"https:\/\/www.boxrepsol.com\/es\/wp-json\/wp\/v2\/media\/57699"}],"wp:attachment":[{"href":"https:\/\/www.boxrepsol.com\/es\/wp-json\/wp\/v2\/media?parent=93023"}],"wp:term":[{"taxonomy":"category","embeddable":true,"href":"https:\/\/www.boxrepsol.com\/es\/wp-json\/wp\/v2\/categories?post=93023"},{"taxonomy":"post_tag","embeddable":true,"href":"https:\/\/www.boxrepsol.com\/es\/wp-json\/wp\/v2\/tags?post=93023"}],"curies":[{"name":"wp","href":"https:\/\/api.w.org\/{rel}","templated":true}]}}