{"id":93017,"date":"2018-04-21T00:00:00","date_gmt":"2018-04-21T02:00:00","guid":{"rendered":"http:\/\/pre.boxrepsol.com\/sin-categorizar\/marquez-logra-sexta-pole-consecutiva-austin-saldra-cuarto-tras-una-penalizacion\/"},"modified":"2024-05-22T06:13:51","modified_gmt":"2024-05-22T08:13:51","slug":"marquez-logra-sexta-pole-consecutiva-austin-saldra-cuarto-tras-una-penalizacion","status":"publish","type":"post","link":"https:\/\/www.boxrepsol.com\/es\/motogp\/marquez-logra-sexta-pole-consecutiva-austin-saldra-cuarto-tras-una-penalizacion\/","title":{"rendered":"M\u00e1rquez logra su sexta \u2018pole\u2019 consecutiva en Austin, pero saldr\u00e1 cuarto tras una penalizaci\u00f3n"},"content":{"rendered":"<blockquote>\n<p>He logrado clasificarme directamente a la Q2, as\u00ed que ya estaba muy contento por ese motivo. <\/p>\n<p>            <a href=\"http:\/\/twitter.com\/share?text=He+logrado+clasificarme+directamente+a+la+Q2%2C+as%C3%AD+que+ya+estaba+muy+contento+por+ese+motivo.+&#038;url=https%3A%2F%2Fwww.boxrepsol.com%2Fes%2F%3Fp%3D19281%2F&#038;hashtags=\" target=\"_blank\" data-datalayer='{\"event\": \"socialInteraction\", \"socialNetwork\": \"Twitter\", \"socialAction\": \"Compartir\", \"socialTarget\": \"Frase\"}' rel=\"noopener\"><br \/>\n            twittear        <\/a><\/p>\n<footer>Dani Pedrosa<\/footer>\n<\/blockquote>\n<p>Marc M\u00e1rquez ha liderado las 3 sesiones de entrenamientos de hoy y se mantiene como el \u00fanico que logra la\u00a0<em>pole position<\/em>\u00a0en Austin en MotoGP. El vigente campe\u00f3n del Mundo sigue aumentando sus estad\u00edsticas como piloto con m\u00e1s\u00a0<em>pole positions<\/em>\u00a0de la historia: suma 74 en toda su carrera, 46 en MotoGP.<\/p>\n<p>Tras caer en la curva 13 cuando lideraba la sesi\u00f3n cronometrada, M\u00e1rquez ha regresado a pista con su segunda moto para rebajar nuevamente el mejor tiempo y parar el cron\u00f3metro en 2 minutos, 3 segundos y 658 mil\u00e9simas.<\/p>\n<p>Dani Pedrosa se ha asegurado esta ma\u00f1ana entrar directamente en la Q2, sesi\u00f3n en la que ha conseguido un puesto en la tercera l\u00ednea de la parrilla de salida tras marcar el noveno mejor tiempo.<\/p>\n<hr \/>\n<h3>Marc M\u00e1rquez<\/h3>\n<p><em>\u00abHa sido un buen d\u00eda para nosotros, porque hemos sido r\u00e1pidos y hemos hecho una buena sesi\u00f3n cronometrada, y lo m\u00e1s importante, hemos sido capaces de mantener un buen ritmo en el FP3 y en el FP4. La sesi\u00f3n cronometrada ha sido un poco ca\u00f3tica; me he ca\u00eddo y he tenido que salir con mi segunda moto. Al regresar a pista no esperaba que Maverick [Vi\u00f1ales] me atrapara, porque estaba pendiente de Ianonne \u2013que se encontraba delante esperando\u2013 y sab\u00eda que pod\u00eda ir muy r\u00e1pido. \u00a0Me he disculpado con Maverick, pero la verdad es que no sab\u00eda que lo ten\u00eda detr\u00e1s hasta que he escuchado su motor; as\u00ed que ma\u00f1ana saldr\u00e9 cuarto. Ser\u00e1 importante escoger bien los neum\u00e1ticos; hemos trabajado mucho con los gastados y he podido mantener el ritmo durante todas las sesiones, pero esta pista es muy exigente a nivel f\u00edsico y ma\u00f1ana la temperatura ser\u00e1 m\u00e1s alta, as\u00ed que ya veremos. Lo intentaremos y nos mantendremos completamente concentrados\u00bb.<\/em><\/p>\n<hr \/>\n<h3>Dani Pedrosa<\/h3>\n<p><em>\u00abEstoy muy satisfecho, porque \u2013sinceramente\u2013 no me esperaba poder pilotar; este circuito es muy exigente. He logrado clasificarme directamente a la Q2, as\u00ed que ya estaba muy contento por ese motivo. Esta ma\u00f1ana he tenido que hacer un gran esfuerzo y he notado m\u00e1s dolor en comparaci\u00f3n con ayer. Esperaba que hoy lloviera, porque me habr\u00eda permitido estresar menos el brazo y recuperarme m\u00e1s de cara a ma\u00f1ana. Pero desafortunadamente ha sido en seco y hemos tenido que salir. He notado dolor tanto en el FP4 como en el entrenamiento cronometrado. Mi posici\u00f3n en un momento dado de la sesi\u00f3n no era mala, pero no he logrado mejorarla, as\u00ed que he perdido algunos puestos. De todos modos, estoy m\u00e1s que sorprendido por el simple hecho de estar pilotando. Para ma\u00f1ana, veremos si la medicaci\u00f3n me ayuda un poco y si me permite aumentar el esfuerzo, porque ser\u00e1 una carrera larga\u00bb.<\/em><\/p>\n","protected":false},"excerpt":{"rendered":"<p>Dani Pedrosa se sobrepone a sus molestias f\u00edsicas y asegura la tercera l\u00ednea, con el noveno mejor tiempo. M\u00e1rquez ha sido sancionado por situarse en la trazada de otro piloto durante la sesi\u00f3n cronometrada.<\/p>\n","protected":false},"author":43146,"featured_media":57670,"comment_status":"open","ping_status":"open","sticky":false,"template":"","format":"standard","meta":{"footnotes":""},"categories":[4],"tags":[155],"class_list":["post-93017","post","type-post","status-publish","format-standard","hentry","category-motogp","tag-motogp-americas"],"yoast_head":"<!-- This site is optimized with the Yoast SEO plugin v27.3 - https:\/\/yoast.com\/product\/yoast-seo-wordpress\/ -->\n<title>M\u00e1rquez logra su sexta \u2018pole\u2019 consecutiva en Austin, pero saldr\u00e1 cuarto tras una penalizaci\u00f3n - Box Repsol<\/title>\n<meta name=\"description\" content=\"Dani Pedrosa se sobrepone a sus molestias f\u00edsicas y asegura la tercera l\u00ednea, con el noveno mejor tiempo. M\u00e1rquez ha sido sancionado.\" \/>\n<link rel=\"canonical\" href=\"https:\/\/www.boxrepsol.com\/es\/motogp\/marquez-logra-sexta-pole-consecutiva-austin-saldra-cuarto-tras-una-penalizacion\/\" \/>\n<meta property=\"og:locale\" content=\"es_ES\" \/>\n<meta property=\"og:type\" content=\"article\" \/>\n<meta property=\"og:title\" content=\"M\u00e1rquez logra su sexta \u2018pole\u2019 consecutiva en Austin, pero saldr\u00e1 cuarto tras una penalizaci\u00f3n - Box Repsol\" \/>\n<meta property=\"og:description\" content=\"Dani Pedrosa se sobrepone a sus molestias f\u00edsicas y asegura la tercera l\u00ednea, con el noveno mejor tiempo. M\u00e1rquez ha sido sancionado.\" \/>\n<meta property=\"og:url\" content=\"https:\/\/www.boxrepsol.com\/es\/motogp\/marquez-logra-sexta-pole-consecutiva-austin-saldra-cuarto-tras-una-penalizacion\/\" \/>\n<meta property=\"og:site_name\" content=\"Box Repsol\" \/>\n<meta property=\"article:publisher\" content=\"https:\/\/www.facebook.com\/BoxRepsol\" \/>\n<meta property=\"article:author\" content=\"https:\/\/www.facebook.com\/BoxRepsol\/\" \/>\n<meta property=\"article:published_time\" content=\"2018-04-21T02:00:00+00:00\" \/>\n<meta property=\"article:modified_time\" content=\"2024-05-22T08:13:51+00:00\" \/>\n<meta property=\"og:image\" content=\"https:\/\/bxrepsol.s3.eu-west-1.amazonaws.com\/static\/2022\/08\/29080859\/00_marc_marquez_pole_gp_americas_2018_repsol_honda_motogp.jpg\" \/>\n\t<meta property=\"og:image:width\" content=\"995\" \/>\n\t<meta property=\"og:image:height\" content=\"560\" \/>\n\t<meta property=\"og:image:type\" content=\"image\/jpeg\" \/>\n<meta name=\"author\" content=\"Redacci\u00f3n Box Repsol\" \/>\n<meta name=\"twitter:card\" content=\"summary_large_image\" \/>\n<meta name=\"twitter:creator\" content=\"@https:\/\/twitter.com\/box_repsol\" \/>\n<meta name=\"twitter:site\" content=\"@box_repsol\" \/>\n<meta name=\"twitter:label1\" content=\"Written by\" \/>\n\t<meta name=\"twitter:data1\" content=\"Redacci\u00f3n Box Repsol\" \/>\n\t<meta name=\"twitter:label2\" content=\"Est. reading time\" \/>\n\t<meta name=\"twitter:data2\" content=\"2 minutos\" \/>\n<script type=\"application\/ld+json\" class=\"yoast-schema-graph\">{\"@context\":\"https:\\\/\\\/schema.org\",\"@graph\":[{\"@type\":\"Article\",\"@id\":\"https:\\\/\\\/www.boxrepsol.com\\\/es\\\/motogp\\\/marquez-logra-sexta-pole-consecutiva-austin-saldra-cuarto-tras-una-penalizacion\\\/#article\",\"isPartOf\":{\"@id\":\"https:\\\/\\\/www.boxrepsol.com\\\/es\\\/motogp\\\/marquez-logra-sexta-pole-consecutiva-austin-saldra-cuarto-tras-una-penalizacion\\\/\"},\"author\":{\"name\":\"Redacci\u00f3n Box Repsol\",\"@id\":\"https:\\\/\\\/www.boxrepsol.com\\\/es\\\/#\\\/schema\\\/person\\\/c5c2138f2cca251b0ad92b7086bb60b7\"},\"headline\":\"M\u00e1rquez logra su sexta \u2018pole\u2019 consecutiva en Austin, pero saldr\u00e1 cuarto tras una penalizaci\u00f3n\",\"datePublished\":\"2018-04-21T02:00:00+00:00\",\"dateModified\":\"2024-05-22T08:13:51+00:00\",\"mainEntityOfPage\":{\"@id\":\"https:\\\/\\\/www.boxrepsol.com\\\/es\\\/motogp\\\/marquez-logra-sexta-pole-consecutiva-austin-saldra-cuarto-tras-una-penalizacion\\\/\"},\"wordCount\":511,\"commentCount\":0,\"publisher\":{\"@id\":\"https:\\\/\\\/www.boxrepsol.com\\\/es\\\/#organization\"},\"image\":{\"@id\":\"https:\\\/\\\/www.boxrepsol.com\\\/es\\\/motogp\\\/marquez-logra-sexta-pole-consecutiva-austin-saldra-cuarto-tras-una-penalizacion\\\/#primaryimage\"},\"thumbnailUrl\":\"https:\\\/\\\/bxrepsol.s3.eu-west-1.amazonaws.com\\\/static\\\/2022\\\/08\\\/29080859\\\/00_marc_marquez_pole_gp_americas_2018_repsol_honda_motogp.jpg\",\"keywords\":[\"MotoGP Americas\"],\"articleSection\":[\"MotoGP\"],\"inLanguage\":\"es\",\"potentialAction\":[{\"@type\":\"CommentAction\",\"name\":\"Comment\",\"target\":[\"https:\\\/\\\/www.boxrepsol.com\\\/es\\\/motogp\\\/marquez-logra-sexta-pole-consecutiva-austin-saldra-cuarto-tras-una-penalizacion\\\/#respond\"]}]},{\"@type\":\"WebPage\",\"@id\":\"https:\\\/\\\/www.boxrepsol.com\\\/es\\\/motogp\\\/marquez-logra-sexta-pole-consecutiva-austin-saldra-cuarto-tras-una-penalizacion\\\/\",\"url\":\"https:\\\/\\\/www.boxrepsol.com\\\/es\\\/motogp\\\/marquez-logra-sexta-pole-consecutiva-austin-saldra-cuarto-tras-una-penalizacion\\\/\",\"name\":\"M\u00e1rquez logra su sexta \u2018pole\u2019 consecutiva en Austin, pero saldr\u00e1 cuarto tras una penalizaci\u00f3n - Box Repsol\",\"isPartOf\":{\"@id\":\"https:\\\/\\\/www.boxrepsol.com\\\/es\\\/#website\"},\"primaryImageOfPage\":{\"@id\":\"https:\\\/\\\/www.boxrepsol.com\\\/es\\\/motogp\\\/marquez-logra-sexta-pole-consecutiva-austin-saldra-cuarto-tras-una-penalizacion\\\/#primaryimage\"},\"image\":{\"@id\":\"https:\\\/\\\/www.boxrepsol.com\\\/es\\\/motogp\\\/marquez-logra-sexta-pole-consecutiva-austin-saldra-cuarto-tras-una-penalizacion\\\/#primaryimage\"},\"thumbnailUrl\":\"https:\\\/\\\/bxrepsol.s3.eu-west-1.amazonaws.com\\\/static\\\/2022\\\/08\\\/29080859\\\/00_marc_marquez_pole_gp_americas_2018_repsol_honda_motogp.jpg\",\"datePublished\":\"2018-04-21T02:00:00+00:00\",\"dateModified\":\"2024-05-22T08:13:51+00:00\",\"description\":\"Dani Pedrosa se sobrepone a sus molestias f\u00edsicas y asegura la tercera l\u00ednea, con el noveno mejor tiempo. M\u00e1rquez ha sido sancionado.\",\"breadcrumb\":{\"@id\":\"https:\\\/\\\/www.boxrepsol.com\\\/es\\\/motogp\\\/marquez-logra-sexta-pole-consecutiva-austin-saldra-cuarto-tras-una-penalizacion\\\/#breadcrumb\"},\"inLanguage\":\"es\",\"potentialAction\":[{\"@type\":\"ReadAction\",\"target\":[\"https:\\\/\\\/www.boxrepsol.com\\\/es\\\/motogp\\\/marquez-logra-sexta-pole-consecutiva-austin-saldra-cuarto-tras-una-penalizacion\\\/\"]}]},{\"@type\":\"ImageObject\",\"inLanguage\":\"es\",\"@id\":\"https:\\\/\\\/www.boxrepsol.com\\\/es\\\/motogp\\\/marquez-logra-sexta-pole-consecutiva-austin-saldra-cuarto-tras-una-penalizacion\\\/#primaryimage\",\"url\":\"https:\\\/\\\/bxrepsol.s3.eu-west-1.amazonaws.com\\\/static\\\/2022\\\/08\\\/29080859\\\/00_marc_marquez_pole_gp_americas_2018_repsol_honda_motogp.jpg\",\"contentUrl\":\"https:\\\/\\\/bxrepsol.s3.eu-west-1.amazonaws.com\\\/static\\\/2022\\\/08\\\/29080859\\\/00_marc_marquez_pole_gp_americas_2018_repsol_honda_motogp.jpg\",\"width\":995,\"height\":560,\"caption\":\"Marc M\u00e1rquez rodando en COTA\"},{\"@type\":\"BreadcrumbList\",\"@id\":\"https:\\\/\\\/www.boxrepsol.com\\\/es\\\/motogp\\\/marquez-logra-sexta-pole-consecutiva-austin-saldra-cuarto-tras-una-penalizacion\\\/#breadcrumb\",\"itemListElement\":[{\"@type\":\"ListItem\",\"position\":1,\"name\":\"Home\",\"item\":\"https:\\\/\\\/www.boxrepsol.com\\\/es\\\/\"},{\"@type\":\"ListItem\",\"position\":2,\"name\":\"M\u00e1rquez logra su sexta \u2018pole\u2019 consecutiva en Austin, pero saldr\u00e1 cuarto tras una penalizaci\u00f3n\"}]},{\"@type\":\"WebSite\",\"@id\":\"https:\\\/\\\/www.boxrepsol.com\\\/es\\\/#website\",\"url\":\"https:\\\/\\\/www.boxrepsol.com\\\/es\\\/\",\"name\":\"Box Repsol\",\"description\":\"Box Repsol Site\",\"publisher\":{\"@id\":\"https:\\\/\\\/www.boxrepsol.com\\\/es\\\/#organization\"},\"potentialAction\":[{\"@type\":\"SearchAction\",\"target\":{\"@type\":\"EntryPoint\",\"urlTemplate\":\"https:\\\/\\\/www.boxrepsol.com\\\/es\\\/?s={search_term_string}\"},\"query-input\":{\"@type\":\"PropertyValueSpecification\",\"valueRequired\":true,\"valueName\":\"search_term_string\"}}],\"inLanguage\":\"es\"},{\"@type\":\"Organization\",\"@id\":\"https:\\\/\\\/www.boxrepsol.com\\\/es\\\/#organization\",\"name\":\"Box Repsol\",\"url\":\"https:\\\/\\\/www.boxrepsol.com\\\/es\\\/\",\"logo\":{\"@type\":\"ImageObject\",\"inLanguage\":\"es\",\"@id\":\"https:\\\/\\\/www.boxrepsol.com\\\/es\\\/#\\\/schema\\\/logo\\\/image\\\/\",\"url\":\"https:\\\/\\\/bxrepsol.s3.eu-west-1.amazonaws.com\\\/static\\\/2025\\\/07\\\/30083337\\\/favicon-96x96-1.png\",\"contentUrl\":\"https:\\\/\\\/bxrepsol.s3.eu-west-1.amazonaws.com\\\/static\\\/2025\\\/07\\\/30083337\\\/favicon-96x96-1.png\",\"width\":96,\"height\":96,\"caption\":\"Box Repsol\"},\"image\":{\"@id\":\"https:\\\/\\\/www.boxrepsol.com\\\/es\\\/#\\\/schema\\\/logo\\\/image\\\/\"},\"sameAs\":[\"https:\\\/\\\/www.facebook.com\\\/BoxRepsol\",\"https:\\\/\\\/x.com\\\/box_repsol\",\"http:\\\/\\\/instagram.com\\\/box_repsol\",\"https:\\\/\\\/www.youtube.com\\\/user\\\/RepsolCompeticion\",\"https:\\\/\\\/www.flickr.com\\\/photos\\\/box_repsol\\\/\"]},{\"@type\":\"Person\",\"@id\":\"https:\\\/\\\/www.boxrepsol.com\\\/es\\\/#\\\/schema\\\/person\\\/c5c2138f2cca251b0ad92b7086bb60b7\",\"name\":\"Redacci\u00f3n Box Repsol\",\"image\":{\"@type\":\"ImageObject\",\"inLanguage\":\"es\",\"@id\":\"https:\\\/\\\/secure.gravatar.com\\\/avatar\\\/adf7b77e38b4419baf32c7e9c21dde01f4e40df611f0978e3006fc4ba0aaab7e?s=96&d=mm&r=g\",\"url\":\"https:\\\/\\\/secure.gravatar.com\\\/avatar\\\/adf7b77e38b4419baf32c7e9c21dde01f4e40df611f0978e3006fc4ba0aaab7e?s=96&d=mm&r=g\",\"contentUrl\":\"https:\\\/\\\/secure.gravatar.com\\\/avatar\\\/adf7b77e38b4419baf32c7e9c21dde01f4e40df611f0978e3006fc4ba0aaab7e?s=96&d=mm&r=g\",\"caption\":\"Redacci\u00f3n Box Repsol\"},\"description\":\"Box Repsol lo forma un equipo de periodistas, community managers, dise\u00f1adores y fot\u00f3grafos con m\u00e1s de 20 a\u00f1os de experiencia en el mundo del motorsport. Hemos vivido el primer mundial de un espa\u00f1ol en la categor\u00eda reina de motociclismo con \u00c1lex Crivill\u00e9, estuvimos en las victorias de Pedrosa y los t\u00edtulos de M\u00e1rquez, acompa\u00f1amos en \u00c1frica a Nani Roma y Marc Coma en sus conquistas del Dakar y hemos vibrado con los t\u00edtulos de Toni Bou en Trial. Adem\u00e1s, en nuestro equipo contamos con expertos en el mundo de las dos y cuatro ruedas tanto de la calle y las carreteras, como de los circuitos. Periodistas que han trabajado en revistas y publicaciones para hacerte llegar desde rutas y consejos de mantenimiento, a curiosidades y trucos de pilotaje.\",\"sameAs\":[\"https:\\\/\\\/www.facebook.com\\\/BoxRepsol\\\/\",\"https:\\\/\\\/www.instagram.com\\\/box_repsol\\\/\",\"https:\\\/\\\/x.com\\\/https:\\\/\\\/twitter.com\\\/box_repsol\",\"https:\\\/\\\/www.youtube.com\\\/@Boxrepsol\"],\"url\":\"https:\\\/\\\/www.boxrepsol.com\\\/es\\\/author\\\/redaccion-box-repsol\\\/\"}]}<\/script>\n<!-- \/ Yoast SEO plugin. -->","yoast_head_json":{"title":"M\u00e1rquez logra su sexta \u2018pole\u2019 consecutiva en Austin, pero saldr\u00e1 cuarto tras una penalizaci\u00f3n - Box Repsol","description":"Dani Pedrosa se sobrepone a sus molestias f\u00edsicas y asegura la tercera l\u00ednea, con el noveno mejor tiempo. M\u00e1rquez ha sido sancionado.","canonical":"https:\/\/www.boxrepsol.com\/es\/motogp\/marquez-logra-sexta-pole-consecutiva-austin-saldra-cuarto-tras-una-penalizacion\/","og_locale":"es_ES","og_type":"article","og_title":"M\u00e1rquez logra su sexta \u2018pole\u2019 consecutiva en Austin, pero saldr\u00e1 cuarto tras una penalizaci\u00f3n - Box Repsol","og_description":"Dani Pedrosa se sobrepone a sus molestias f\u00edsicas y asegura la tercera l\u00ednea, con el noveno mejor tiempo. M\u00e1rquez ha sido sancionado.","og_url":"https:\/\/www.boxrepsol.com\/es\/motogp\/marquez-logra-sexta-pole-consecutiva-austin-saldra-cuarto-tras-una-penalizacion\/","og_site_name":"Box Repsol","article_publisher":"https:\/\/www.facebook.com\/BoxRepsol","article_author":"https:\/\/www.facebook.com\/BoxRepsol\/","article_published_time":"2018-04-21T02:00:00+00:00","article_modified_time":"2024-05-22T08:13:51+00:00","og_image":[{"width":995,"height":560,"url":"https:\/\/bxrepsol.s3.eu-west-1.amazonaws.com\/static\/2022\/08\/29080859\/00_marc_marquez_pole_gp_americas_2018_repsol_honda_motogp.jpg","type":"image\/jpeg"}],"author":"Redacci\u00f3n Box Repsol","twitter_card":"summary_large_image","twitter_creator":"@https:\/\/twitter.com\/box_repsol","twitter_site":"@box_repsol","twitter_misc":{"Written by":"Redacci\u00f3n Box Repsol","Est. reading time":"2 minutos"},"schema":{"@context":"https:\/\/schema.org","@graph":[{"@type":"Article","@id":"https:\/\/www.boxrepsol.com\/es\/motogp\/marquez-logra-sexta-pole-consecutiva-austin-saldra-cuarto-tras-una-penalizacion\/#article","isPartOf":{"@id":"https:\/\/www.boxrepsol.com\/es\/motogp\/marquez-logra-sexta-pole-consecutiva-austin-saldra-cuarto-tras-una-penalizacion\/"},"author":{"name":"Redacci\u00f3n Box Repsol","@id":"https:\/\/www.boxrepsol.com\/es\/#\/schema\/person\/c5c2138f2cca251b0ad92b7086bb60b7"},"headline":"M\u00e1rquez logra su sexta \u2018pole\u2019 consecutiva en Austin, pero saldr\u00e1 cuarto tras una penalizaci\u00f3n","datePublished":"2018-04-21T02:00:00+00:00","dateModified":"2024-05-22T08:13:51+00:00","mainEntityOfPage":{"@id":"https:\/\/www.boxrepsol.com\/es\/motogp\/marquez-logra-sexta-pole-consecutiva-austin-saldra-cuarto-tras-una-penalizacion\/"},"wordCount":511,"commentCount":0,"publisher":{"@id":"https:\/\/www.boxrepsol.com\/es\/#organization"},"image":{"@id":"https:\/\/www.boxrepsol.com\/es\/motogp\/marquez-logra-sexta-pole-consecutiva-austin-saldra-cuarto-tras-una-penalizacion\/#primaryimage"},"thumbnailUrl":"https:\/\/bxrepsol.s3.eu-west-1.amazonaws.com\/static\/2022\/08\/29080859\/00_marc_marquez_pole_gp_americas_2018_repsol_honda_motogp.jpg","keywords":["MotoGP Americas"],"articleSection":["MotoGP"],"inLanguage":"es","potentialAction":[{"@type":"CommentAction","name":"Comment","target":["https:\/\/www.boxrepsol.com\/es\/motogp\/marquez-logra-sexta-pole-consecutiva-austin-saldra-cuarto-tras-una-penalizacion\/#respond"]}]},{"@type":"WebPage","@id":"https:\/\/www.boxrepsol.com\/es\/motogp\/marquez-logra-sexta-pole-consecutiva-austin-saldra-cuarto-tras-una-penalizacion\/","url":"https:\/\/www.boxrepsol.com\/es\/motogp\/marquez-logra-sexta-pole-consecutiva-austin-saldra-cuarto-tras-una-penalizacion\/","name":"M\u00e1rquez logra su sexta \u2018pole\u2019 consecutiva en Austin, pero saldr\u00e1 cuarto tras una penalizaci\u00f3n - Box Repsol","isPartOf":{"@id":"https:\/\/www.boxrepsol.com\/es\/#website"},"primaryImageOfPage":{"@id":"https:\/\/www.boxrepsol.com\/es\/motogp\/marquez-logra-sexta-pole-consecutiva-austin-saldra-cuarto-tras-una-penalizacion\/#primaryimage"},"image":{"@id":"https:\/\/www.boxrepsol.com\/es\/motogp\/marquez-logra-sexta-pole-consecutiva-austin-saldra-cuarto-tras-una-penalizacion\/#primaryimage"},"thumbnailUrl":"https:\/\/bxrepsol.s3.eu-west-1.amazonaws.com\/static\/2022\/08\/29080859\/00_marc_marquez_pole_gp_americas_2018_repsol_honda_motogp.jpg","datePublished":"2018-04-21T02:00:00+00:00","dateModified":"2024-05-22T08:13:51+00:00","description":"Dani Pedrosa se sobrepone a sus molestias f\u00edsicas y asegura la tercera l\u00ednea, con el noveno mejor tiempo. M\u00e1rquez ha sido sancionado.","breadcrumb":{"@id":"https:\/\/www.boxrepsol.com\/es\/motogp\/marquez-logra-sexta-pole-consecutiva-austin-saldra-cuarto-tras-una-penalizacion\/#breadcrumb"},"inLanguage":"es","potentialAction":[{"@type":"ReadAction","target":["https:\/\/www.boxrepsol.com\/es\/motogp\/marquez-logra-sexta-pole-consecutiva-austin-saldra-cuarto-tras-una-penalizacion\/"]}]},{"@type":"ImageObject","inLanguage":"es","@id":"https:\/\/www.boxrepsol.com\/es\/motogp\/marquez-logra-sexta-pole-consecutiva-austin-saldra-cuarto-tras-una-penalizacion\/#primaryimage","url":"https:\/\/bxrepsol.s3.eu-west-1.amazonaws.com\/static\/2022\/08\/29080859\/00_marc_marquez_pole_gp_americas_2018_repsol_honda_motogp.jpg","contentUrl":"https:\/\/bxrepsol.s3.eu-west-1.amazonaws.com\/static\/2022\/08\/29080859\/00_marc_marquez_pole_gp_americas_2018_repsol_honda_motogp.jpg","width":995,"height":560,"caption":"Marc M\u00e1rquez rodando en COTA"},{"@type":"BreadcrumbList","@id":"https:\/\/www.boxrepsol.com\/es\/motogp\/marquez-logra-sexta-pole-consecutiva-austin-saldra-cuarto-tras-una-penalizacion\/#breadcrumb","itemListElement":[{"@type":"ListItem","position":1,"name":"Home","item":"https:\/\/www.boxrepsol.com\/es\/"},{"@type":"ListItem","position":2,"name":"M\u00e1rquez logra su sexta \u2018pole\u2019 consecutiva en Austin, pero saldr\u00e1 cuarto tras una penalizaci\u00f3n"}]},{"@type":"WebSite","@id":"https:\/\/www.boxrepsol.com\/es\/#website","url":"https:\/\/www.boxrepsol.com\/es\/","name":"Box Repsol","description":"Box Repsol Site","publisher":{"@id":"https:\/\/www.boxrepsol.com\/es\/#organization"},"potentialAction":[{"@type":"SearchAction","target":{"@type":"EntryPoint","urlTemplate":"https:\/\/www.boxrepsol.com\/es\/?s={search_term_string}"},"query-input":{"@type":"PropertyValueSpecification","valueRequired":true,"valueName":"search_term_string"}}],"inLanguage":"es"},{"@type":"Organization","@id":"https:\/\/www.boxrepsol.com\/es\/#organization","name":"Box Repsol","url":"https:\/\/www.boxrepsol.com\/es\/","logo":{"@type":"ImageObject","inLanguage":"es","@id":"https:\/\/www.boxrepsol.com\/es\/#\/schema\/logo\/image\/","url":"https:\/\/bxrepsol.s3.eu-west-1.amazonaws.com\/static\/2025\/07\/30083337\/favicon-96x96-1.png","contentUrl":"https:\/\/bxrepsol.s3.eu-west-1.amazonaws.com\/static\/2025\/07\/30083337\/favicon-96x96-1.png","width":96,"height":96,"caption":"Box Repsol"},"image":{"@id":"https:\/\/www.boxrepsol.com\/es\/#\/schema\/logo\/image\/"},"sameAs":["https:\/\/www.facebook.com\/BoxRepsol","https:\/\/x.com\/box_repsol","http:\/\/instagram.com\/box_repsol","https:\/\/www.youtube.com\/user\/RepsolCompeticion","https:\/\/www.flickr.com\/photos\/box_repsol\/"]},{"@type":"Person","@id":"https:\/\/www.boxrepsol.com\/es\/#\/schema\/person\/c5c2138f2cca251b0ad92b7086bb60b7","name":"Redacci\u00f3n Box Repsol","image":{"@type":"ImageObject","inLanguage":"es","@id":"https:\/\/secure.gravatar.com\/avatar\/adf7b77e38b4419baf32c7e9c21dde01f4e40df611f0978e3006fc4ba0aaab7e?s=96&d=mm&r=g","url":"https:\/\/secure.gravatar.com\/avatar\/adf7b77e38b4419baf32c7e9c21dde01f4e40df611f0978e3006fc4ba0aaab7e?s=96&d=mm&r=g","contentUrl":"https:\/\/secure.gravatar.com\/avatar\/adf7b77e38b4419baf32c7e9c21dde01f4e40df611f0978e3006fc4ba0aaab7e?s=96&d=mm&r=g","caption":"Redacci\u00f3n Box Repsol"},"description":"Box Repsol lo forma un equipo de periodistas, community managers, dise\u00f1adores y fot\u00f3grafos con m\u00e1s de 20 a\u00f1os de experiencia en el mundo del motorsport. Hemos vivido el primer mundial de un espa\u00f1ol en la categor\u00eda reina de motociclismo con \u00c1lex Crivill\u00e9, estuvimos en las victorias de Pedrosa y los t\u00edtulos de M\u00e1rquez, acompa\u00f1amos en \u00c1frica a Nani Roma y Marc Coma en sus conquistas del Dakar y hemos vibrado con los t\u00edtulos de Toni Bou en Trial. Adem\u00e1s, en nuestro equipo contamos con expertos en el mundo de las dos y cuatro ruedas tanto de la calle y las carreteras, como de los circuitos. Periodistas que han trabajado en revistas y publicaciones para hacerte llegar desde rutas y consejos de mantenimiento, a curiosidades y trucos de pilotaje.","sameAs":["https:\/\/www.facebook.com\/BoxRepsol\/","https:\/\/www.instagram.com\/box_repsol\/","https:\/\/x.com\/https:\/\/twitter.com\/box_repsol","https:\/\/www.youtube.com\/@Boxrepsol"],"url":"https:\/\/www.boxrepsol.com\/es\/author\/redaccion-box-repsol\/"}]}},"_links":{"self":[{"href":"https:\/\/www.boxrepsol.com\/es\/wp-json\/wp\/v2\/posts\/93017","targetHints":{"allow":["GET"]}}],"collection":[{"href":"https:\/\/www.boxrepsol.com\/es\/wp-json\/wp\/v2\/posts"}],"about":[{"href":"https:\/\/www.boxrepsol.com\/es\/wp-json\/wp\/v2\/types\/post"}],"author":[{"embeddable":true,"href":"https:\/\/www.boxrepsol.com\/es\/wp-json\/wp\/v2\/users\/43146"}],"replies":[{"embeddable":true,"href":"https:\/\/www.boxrepsol.com\/es\/wp-json\/wp\/v2\/comments?post=93017"}],"version-history":[{"count":1,"href":"https:\/\/www.boxrepsol.com\/es\/wp-json\/wp\/v2\/posts\/93017\/revisions"}],"predecessor-version":[{"id":116531,"href":"https:\/\/www.boxrepsol.com\/es\/wp-json\/wp\/v2\/posts\/93017\/revisions\/116531"}],"wp:featuredmedia":[{"embeddable":true,"href":"https:\/\/www.boxrepsol.com\/es\/wp-json\/wp\/v2\/media\/57670"}],"wp:attachment":[{"href":"https:\/\/www.boxrepsol.com\/es\/wp-json\/wp\/v2\/media?parent=93017"}],"wp:term":[{"taxonomy":"category","embeddable":true,"href":"https:\/\/www.boxrepsol.com\/es\/wp-json\/wp\/v2\/categories?post=93017"},{"taxonomy":"post_tag","embeddable":true,"href":"https:\/\/www.boxrepsol.com\/es\/wp-json\/wp\/v2\/tags?post=93017"}],"curies":[{"name":"wp","href":"https:\/\/api.w.org\/{rel}","templated":true}]}}