{"id":93013,"date":"2018-04-20T00:00:00","date_gmt":"2018-04-20T02:00:00","guid":{"rendered":"http:\/\/pre.boxrepsol.com\/sin-categorizar\/jaime-olivares-o-como-convertir-una-carrera-en-un-relato-fotografico-inolvidable\/"},"modified":"2024-05-22T06:14:02","modified_gmt":"2024-05-22T08:14:02","slug":"jaime-olivares-o-como-convertir-una-carrera-en-un-relato-fotografico-inolvidable","status":"publish","type":"post","link":"https:\/\/www.boxrepsol.com\/es\/motogp\/jaime-olivares-o-como-convertir-una-carrera-en-un-relato-fotografico-inolvidable\/","title":{"rendered":"Jaime Olivares o c\u00f3mo convertir una carrera en un relato fotogr\u00e1fico inolvidable"},"content":{"rendered":"<p><strong>Jaime Olivares<\/strong> vivir\u00e1 en este 2018 su Mundial de Motociclismo n\u00famero 28. Son casi <strong>tres d\u00e9cadas<\/strong> pateando por los circuitos de todo el mundo, lo que le ha permitido desarrollar un <strong>sexto sentido: el de la colocaci\u00f3n<\/strong>. \u201cAhora ya s\u00e9 bien en qu\u00e9 puntos m\u00e1s o menos hay opciones de adelantamiento y en qu\u00e9 lugares es poco probable que pasen cosas\u201d. Por eso<strong> siempre est\u00e1 en el sitio adecuado<\/strong>.<\/p>\n<p>Aunque tambi\u00e9n la casualidad juega un papel importante. Que se lo digan al <strong>fot\u00f3grafo franc\u00e9s<\/strong> que fue el <strong>\u00fanico que capt\u00f3 la salvada de Marc M\u00e1rquez<\/strong> en el \u00faltimo Gran Premio de la temporada, el de la Comunitat Valenciana. El hombre, cuenta Jaime, <strong>se hab\u00eda equivocado de direcci\u00f3n<\/strong> y estaba dando media vuelta cuando los pilotos pasaron frente a \u00e9l y aprovech\u00f3 para tirar unas fotos. Se qued\u00f3 con una de las im\u00e1genes del d\u00eda.<\/p>\n<p>Mientras los pilotos se juegan el Campeonato sobre el trazado, nuestro fot\u00f3grafo, que forma t\u00e1ndem en el <strong>Equipo Repsol Honda<\/strong> con el alem\u00e1n <strong>Friedemann Kirn<\/strong>, va dando vueltas para convertir la carrera, tal y como lo define \u00e9l, \u201cen un <strong>relato que pueda hablar por s\u00ed mismo<\/strong>\u201d.<\/p>\n<p>Se nota que trabaj\u00f3 <strong>m\u00e1s de 20 a\u00f1os en dos de las revistas de referencia<\/strong>, \u2018Motociclismo\u2019 y \u2018Solo Moto\u2019. \u201cMe ha quedado el rasgo period\u00edstico del reportaje, y eso es lo que intento en cada Gran Premio, explicar una historia que seduzca\u201d.<\/p>\n<p><a href=\"https:\/\/bxrepsol.s3.eu-west-1.amazonaws.com\/static\/2022\/08\/29080848\/marquez_holanda_2016_scooter-2.jpg\" title=\"Marc M\u00e1rquez sobre una scooter blanca en el paddock\" data-gallery-thumbnail=\"https:\/\/bxrepsol.s3.eu-west-1.amazonaws.com\/static\/2022\/08\/29080848\/marquez_holanda_2016_scooter-2.jpg\" data-gallery=\"\"><\/a><\/p>\n<p><a href=\"https:\/\/bxrepsol.s3.eu-west-1.amazonaws.com\/static\/2022\/08\/29080848\/marquez_holanda_2016_scooter-2.jpg\" title=\"Marc M\u00e1rquez sobre una scooter blanca en el paddock\" data-gallery-thumbnail=\"https:\/\/bxrepsol.s3.eu-west-1.amazonaws.com\/static\/2022\/08\/29080848\/marquez_holanda_2016_scooter-2.jpg\" data-gallery=\"\"><\/p>\n<figure>\n        <picture style=\"padding-bottom: 63.920454545455%; background-image: url(https:\/\/bxrepsol.s3.eu-west-1.amazonaws.com\/static\/2022\/08\/29080848\/marquez_holanda_2016_scooter-2.jpg);\">\n            <img decoding=\"async\" src=\"https:\/\/bxrepsol.s3.eu-west-1.amazonaws.com\/static\/2022\/08\/29080848\/marquez_holanda_2016_scooter-2.jpg\"><br \/>\n<img itemprop=\"image\" data-srcset=\"https:\/\/bxrepsol.s3.eu-west-1.amazonaws.com\/static\/2022\/08\/29080848\/marquez_holanda_2016_scooter-2.jpg 480w, https:\/\/bxrepsol.s3.eu-west-1.amazonaws.com\/static\/2022\/08\/29080848\/marquez_holanda_2016_scooter-2.jpg 600w\" data-src=\"https:\/\/bxrepsol.s3.eu-west-1.amazonaws.com\/static\/2022\/08\/29080848\/marquez_holanda_2016_scooter-2.jpg\" alt=\"Marc M\u00e1rquez sobre una scooter blanca en el paddock\" title=\"M\u00e1rquez Holanda 2016\"><br \/>\n<noscript><img decoding=\"async\" src=\"https:\/\/bxrepsol.s3.eu-west-1.amazonaws.com\/static\/2022\/08\/29080848\/marquez_holanda_2016_scooter-2.jpg\" alt=\"Marc M\u00e1rquez sobre una scooter blanca en el paddock\"><\/noscript>\n        <\/picture><figcaption>Marc M\u00e1rquez sobre una scooter blanca en el paddock<\/figcaption><\/figure>\n<p><\/a><a href=\"https:\/\/bxrepsol.s3.eu-west-1.amazonaws.com\/static\/2022\/08\/29080848\/marquez_holanda_2016_scooter-2.jpg\" title=\"Marc M\u00e1rquez sobre una scooter blanca en el paddock\" data-gallery-thumbnail=\"https:\/\/bxrepsol.s3.eu-west-1.amazonaws.com\/static\/2022\/08\/29080848\/marquez_holanda_2016_scooter-2.jpg\" data-gallery=\"\"><\/a><\/p>\n<p>Cuenta que su profesi\u00f3n ha cambiado mucho con los <strong>avances tecnol\u00f3gicos<\/strong>. En sus a\u00f1os en las revistas, se volv\u00eda a casa \u201csin tener ni idea de c\u00f3mo hab\u00edan quedado las fotos\u201d. \u201c<strong>Llegaba a Madrid con los carretes en el bolsillo<\/strong>. Los llevaba a revelar y cenaba mientras esperaba una hora y media. Cuando <strong>me daban las diapositivas, cog\u00eda una al azar<\/strong>, si era buena, ya me quedaba tranquilo, no me hac\u00eda falta ver m\u00e1s\u201d.<\/p>\n<p>Las c\u00e1maras digitales han cambiado mucho su manera de trabajar. No solo en cuanto a calidad, tambi\u00e9n por lo que hace referencia al aqu\u00ed y el ahora. Sus fotos, una vez hechas, pueden estar en las redes sociales al cabo de unos pocos minutos. \u201c<strong>Echo un poco de menos la calma de aquellos tiempos<\/strong>, ahora todo sucede a demasiada velocidad\u201d. Tanto fuera como dentro del circuito.<\/p>\n<blockquote data-lang=\"es\">\n<p dir=\"ltr\" lang=\"es\">3er mejor tiempo <a href=\"https:\/\/twitter.com\/marcmarquez93?ref_src=twsrc%5Etfw\">@marcmarquez93<\/a>. Durante Moto2 presencia la ca\u00edda de <a href=\"https:\/\/twitter.com\/alexmarquez73?ref_src=twsrc%5Etfw\">@alexmarquez73<\/a>, sin consecuencias. <a href=\"https:\/\/twitter.com\/CanonEspana?ref_src=twsrc%5Etfw\">@CanonEspana<\/a> <a href=\"https:\/\/twitter.com\/hashtag\/DutchGP?src=hash&amp;ref_src=twsrc%5Etfw\">#DutchGP<\/a> <a href=\"https:\/\/twitter.com\/box_repsol?ref_src=twsrc%5Etfw\">@box_repsol<\/a> <a href=\"https:\/\/t.co\/SYsmXkD7It\">pic.twitter.com\/SYsmXkD7It<\/a><\/p>\n<p>\u2014 Jaime Olivares (@JOlivaresGGPP) <a href=\"https:\/\/twitter.com\/JOlivaresGGPP\/status\/878305692318404628?ref_src=twsrc%5Etfw\">23 de junio de 2017<\/a><\/p><\/blockquote>\n<blockquote data-lang=\"es\">\n<p dir=\"ltr\" lang=\"es\">Con amigos as\u00ed, de los pr\u00f3ximos 50 me paso aqu\u00ed los que haga falta. Gracias de coraz\u00f3n!!! <a href=\"https:\/\/twitter.com\/box_repsol?ref_src=twsrc%5Etfw\">@box_repsol<\/a> <a href=\"https:\/\/t.co\/xa9hkJhqOL\">pic.twitter.com\/xa9hkJhqOL<\/a><\/p>\n<p>\u2014 Jaime Olivares (@JOlivaresGGPP) <a href=\"https:\/\/twitter.com\/JOlivaresGGPP\/status\/779823231670841345?ref_src=twsrc%5Etfw\">24 de septiembre de 2016<\/a><\/p><\/blockquote>\n<p>Jaime se acuerda de una ocasi\u00f3n en la que la m\u00e1quina de revelado se par\u00f3 a medio proceso y <strong>se perdi\u00f3 todo el material<\/strong>. Aquella semana, la revista tuvo que <strong>tirar de fotos de archivo<\/strong> para ilustrar la carrera. Hoy esto ser\u00eda impensable. En cada Gran Premio, Jaime puede llegar a tirar miles de fotos. A <strong>13 fotogramas por segundo<\/strong> (las cintas de cine son a 24), las fotos en r\u00e1faga le permiten <strong>asegurarse que captar\u00e1 el mejor momento<\/strong> de aquel adelantamiento o el retrato m\u00e1s genuino de Dani Pedrosa o de Marc M\u00e1rquez.<\/p>\n<p><a href=\"https:\/\/bxrepsol.s3.eu-west-1.amazonaws.com\/static\/2022\/08\/29080849\/marquez_box_americas_2015-2.jpg\" title=\"Marc M\u00e1rquez se marca una carrera por el pit lane\" data-gallery-thumbnail=\"https:\/\/bxrepsol.s3.eu-west-1.amazonaws.com\/static\/2022\/08\/29080849\/marquez_box_americas_2015-2.jpg\" data-gallery=\"\"><\/a><\/p>\n<p><a href=\"https:\/\/bxrepsol.s3.eu-west-1.amazonaws.com\/static\/2022\/08\/29080849\/marquez_box_americas_2015-2.jpg\" title=\"Marc M\u00e1rquez se marca una carrera por el pit lane\" data-gallery-thumbnail=\"https:\/\/bxrepsol.s3.eu-west-1.amazonaws.com\/static\/2022\/08\/29080849\/marquez_box_americas_2015-2.jpg\" data-gallery=\"\"><\/p>\n<figure>\n        <picture style=\"padding-bottom: 63.920454545455%; background-image: url(https:\/\/bxrepsol.s3.eu-west-1.amazonaws.com\/static\/2022\/08\/29080849\/marquez_box_americas_2015-2.jpg);\">\n            <img decoding=\"async\" src=\"https:\/\/bxrepsol.s3.eu-west-1.amazonaws.com\/static\/2022\/08\/29080849\/marquez_box_americas_2015-2.jpg\"><br \/>\n<img itemprop=\"image\" data-srcset=\"https:\/\/bxrepsol.s3.eu-west-1.amazonaws.com\/static\/2022\/08\/29080849\/marquez_box_americas_2015-2.jpg 480w, https:\/\/bxrepsol.s3.eu-west-1.amazonaws.com\/static\/2022\/08\/29080849\/marquez_box_americas_2015-2.jpg 600w\" data-src=\"https:\/\/bxrepsol.s3.eu-west-1.amazonaws.com\/static\/2022\/08\/29080849\/marquez_box_americas_2015-2.jpg\" alt=\"Marc M\u00e1rquez se marca una carrera por el pit lane\" title=\"Marc M\u00e1rquez cambia de moto\"><br \/>\n<noscript><img decoding=\"async\" src=\"https:\/\/bxrepsol.s3.eu-west-1.amazonaws.com\/static\/2022\/08\/29080849\/marquez_box_americas_2015-2.jpg\" alt=\"Marc M\u00e1rquez se marca una carrera por el pit lane\"><\/noscript>\n        <\/picture><figcaption>Marc M\u00e1rquez se marca una carrera por el pit lane<\/figcaption><\/figure>\n<p><\/a><a href=\"https:\/\/bxrepsol.s3.eu-west-1.amazonaws.com\/static\/2022\/08\/29080849\/marquez_box_americas_2015-2.jpg\" title=\"Marc M\u00e1rquez se marca una carrera por el pit lane\" data-gallery-thumbnail=\"https:\/\/bxrepsol.s3.eu-west-1.amazonaws.com\/static\/2022\/08\/29080849\/marquez_box_americas_2015-2.jpg\" data-gallery=\"\"><\/a><\/p>\n<p>\u00bfY qu\u00e9 es lo que le enamora tanto de la fotograf\u00eda deportiva? Se toma su tiempo para contestar, pero parece tenerlo muy claro. \u201cMi trabajo es hacer un fotoreportaje de un fin de semana en el que unos se\u00f1ores dan vueltas a un circuito. Pero no es solo eso. Este deporte es impredecible, din\u00e1mico y muy pl\u00e1stico.<\/p>\n<p>Y ya no se trata de hacer buenas fotos, porque eso con las m\u00e1quinas actuales ya no es tan complicado. Se trata de seducir con la imagen, de generar ganas de seguir las carreras. Al fin y al cabo, si sientes pasi\u00f3n por algo siempre es m\u00e1s f\u00e1cil conseguir que los otros sientan un poco lo mismo que t\u00fa\u201d.<\/p>\n<p><a href=\"https:\/\/bxrepsol.s3.eu-west-1.amazonaws.com\/static\/2022\/08\/29080849\/pedrosa_jerez_2017-2.jpg\" title=\"Celebraci\u00f3n de Dani Pedrosa en Jerez\" data-gallery-thumbnail=\"https:\/\/bxrepsol.s3.eu-west-1.amazonaws.com\/static\/2022\/08\/29080849\/pedrosa_jerez_2017-2.jpg\" data-gallery=\"\"><\/a><\/p>\n<p><a href=\"https:\/\/bxrepsol.s3.eu-west-1.amazonaws.com\/static\/2022\/08\/29080849\/pedrosa_jerez_2017-2.jpg\" title=\"Celebraci\u00f3n de Dani Pedrosa en Jerez\" data-gallery-thumbnail=\"https:\/\/bxrepsol.s3.eu-west-1.amazonaws.com\/static\/2022\/08\/29080849\/pedrosa_jerez_2017-2.jpg\" data-gallery=\"\"><\/p>\n<figure>\n        <picture style=\"padding-bottom: 63.920454545455%; background-image: url(https:\/\/bxrepsol.s3.eu-west-1.amazonaws.com\/static\/2022\/08\/29080849\/pedrosa_jerez_2017-2.jpg);\">\n            <img decoding=\"async\" src=\"https:\/\/bxrepsol.s3.eu-west-1.amazonaws.com\/static\/2022\/08\/29080849\/pedrosa_jerez_2017-2.jpg\"><br \/>\n<img itemprop=\"image\" data-srcset=\"https:\/\/bxrepsol.s3.eu-west-1.amazonaws.com\/static\/2022\/08\/29080849\/pedrosa_jerez_2017-2.jpg 480w, https:\/\/bxrepsol.s3.eu-west-1.amazonaws.com\/static\/2022\/08\/29080849\/pedrosa_jerez_2017-2.jpg 600w\" data-src=\"https:\/\/bxrepsol.s3.eu-west-1.amazonaws.com\/static\/2022\/08\/29080849\/pedrosa_jerez_2017-2.jpg\" alt=\"Celebraci\u00f3n de Dani Pedrosa en Jerez\" title=\"Victoria de Pedrosa en Jerez 2017\"><br \/>\n<noscript><img decoding=\"async\" src=\"https:\/\/bxrepsol.s3.eu-west-1.amazonaws.com\/static\/2022\/08\/29080849\/pedrosa_jerez_2017-2.jpg\" alt=\"Celebraci\u00f3n de Dani Pedrosa en Jerez\"><\/noscript>\n        <\/picture><figcaption>Celebraci\u00f3n de Dani Pedrosa en Jerez<\/figcaption><\/figure>\n<p><\/a><a href=\"https:\/\/bxrepsol.s3.eu-west-1.amazonaws.com\/static\/2022\/08\/29080849\/pedrosa_jerez_2017-2.jpg\" title=\"Celebraci\u00f3n de Dani Pedrosa en Jerez\" data-gallery-thumbnail=\"https:\/\/bxrepsol.s3.eu-west-1.amazonaws.com\/static\/2022\/08\/29080849\/pedrosa_jerez_2017-2.jpg\" data-gallery=\"\"><\/a><\/p>\n<p>Jaime Olivares, que tiene una relaci\u00f3n muy estrecha con M\u00e1rquez y Pedrosa, <strong>se estren\u00f3 en el circuito de Brno en 1991<\/strong>. Ten\u00eda de cara la m\u00edtica subida del trazado de la Rep\u00fablica Checa. De pronto, apareci\u00f3 el australiano <strong>Wayne Gardner<\/strong> a lomos de su <strong>Honda Rothmans<\/strong> de color azul. \u201cVen\u00eda con la rueda trasera echando humo e intentaba controlar la moto con un contramanillar. Pens\u00e9: si acabo de llegar y ya es as\u00ed, \u00bfc\u00f3mo ser\u00e1 esto en el futuro?\u201d. No mucho despu\u00e9s, en <strong>Donnington Park<\/strong>, presenci\u00f3 una ca\u00edda del m\u00edtico <strong>Kevin Schwantz<\/strong>, que patin\u00f3 con un charco de aceite. El estadounidense se levant\u00f3, le arrebat\u00f3 la bandera al auxiliar y se puso a marcarles la zona de peligro al resto de pilotos. Jaime no se lo pod\u00eda creer.<\/p>\n<p>Esta larga carrera fotografiando Mundiales de Motociclismo ha dejado huella en \u00e9l con an\u00e9cdotas como las anteriormente comentadas, situaciones y emociones que le hacen amar su trabajo, el cual esperamos que siga haciendo as\u00ed de bien por muchos a\u00f1os m\u00e1s.<\/p>\n<p>Foto cabecera: Repsol<\/p>\n","protected":false},"excerpt":{"rendered":"<p>Convertir una d\u00e9cima de segundo en un recuerdo para toda la vida. Eso hace Jaime Olivares, fot\u00f3grafo oficial del Equipo Repsol Honda. \u00bfPero c\u00f3mo lo hace?<\/p>\n","protected":false},"author":43146,"featured_media":57655,"comment_status":"open","ping_status":"open","sticky":false,"template":"","format":"standard","meta":{"footnotes":""},"categories":[4],"tags":[136],"class_list":["post-93013","post","type-post","status-publish","format-standard","hentry","category-motogp","tag-campeonato-del-mundo-de-motociclismo"],"yoast_head":"<!-- This site is optimized with the Yoast SEO plugin v27.3 - https:\/\/yoast.com\/product\/yoast-seo-wordpress\/ -->\n<title>Jaime Olivares: convierte una carrera en un relato fotogr\u00e1fico - Box Repsol<\/title>\n<meta name=\"description\" content=\"Jaime Olivares vivir\u00e1 en este 2018 su Mundial de Motociclismo n\u00famero 28. Son casi tres d\u00e9cadas pateando por los circuitos de todo el mundo, lo que le ha\" \/>\n<link rel=\"canonical\" href=\"https:\/\/www.boxrepsol.com\/es\/motogp\/jaime-olivares-o-como-convertir-una-carrera-en-un-relato-fotografico-inolvidable\/\" \/>\n<meta property=\"og:locale\" content=\"es_ES\" \/>\n<meta property=\"og:type\" content=\"article\" \/>\n<meta property=\"og:title\" content=\"Jaime Olivares: convierte una carrera en un relato fotogr\u00e1fico - Box Repsol\" \/>\n<meta property=\"og:description\" content=\"Jaime Olivares vivir\u00e1 en este 2018 su Mundial de Motociclismo n\u00famero 28. Son casi tres d\u00e9cadas pateando por los circuitos de todo el mundo, lo que le ha\" \/>\n<meta property=\"og:url\" content=\"https:\/\/www.boxrepsol.com\/es\/motogp\/jaime-olivares-o-como-convertir-una-carrera-en-un-relato-fotografico-inolvidable\/\" \/>\n<meta property=\"og:site_name\" content=\"Box Repsol\" \/>\n<meta property=\"article:publisher\" content=\"https:\/\/www.facebook.com\/BoxRepsol\" \/>\n<meta property=\"article:author\" content=\"https:\/\/www.facebook.com\/BoxRepsol\/\" \/>\n<meta property=\"article:published_time\" content=\"2018-04-20T02:00:00+00:00\" \/>\n<meta property=\"article:modified_time\" content=\"2024-05-22T08:14:02+00:00\" \/>\n<meta property=\"og:image\" content=\"https:\/\/bxrepsol.s3.eu-west-1.amazonaws.com\/static\/2022\/08\/29080851\/jaime_olivares_repsol-1.jpg\" \/>\n\t<meta property=\"og:image:width\" content=\"986\" \/>\n\t<meta property=\"og:image:height\" content=\"555\" \/>\n\t<meta property=\"og:image:type\" content=\"image\/jpeg\" \/>\n<meta name=\"author\" content=\"Redacci\u00f3n Box Repsol\" \/>\n<meta name=\"twitter:card\" content=\"summary_large_image\" \/>\n<meta name=\"twitter:creator\" content=\"@https:\/\/twitter.com\/box_repsol\" \/>\n<meta name=\"twitter:site\" content=\"@box_repsol\" \/>\n<meta name=\"twitter:label1\" content=\"Written by\" \/>\n\t<meta name=\"twitter:data1\" content=\"Redacci\u00f3n Box Repsol\" \/>\n\t<meta name=\"twitter:label2\" content=\"Est. reading time\" \/>\n\t<meta name=\"twitter:data2\" content=\"4 minutos\" \/>\n<script type=\"application\/ld+json\" class=\"yoast-schema-graph\">{\"@context\":\"https:\\\/\\\/schema.org\",\"@graph\":[{\"@type\":\"Article\",\"@id\":\"https:\\\/\\\/www.boxrepsol.com\\\/es\\\/motogp\\\/jaime-olivares-o-como-convertir-una-carrera-en-un-relato-fotografico-inolvidable\\\/#article\",\"isPartOf\":{\"@id\":\"https:\\\/\\\/www.boxrepsol.com\\\/es\\\/motogp\\\/jaime-olivares-o-como-convertir-una-carrera-en-un-relato-fotografico-inolvidable\\\/\"},\"author\":{\"name\":\"Redacci\u00f3n Box Repsol\",\"@id\":\"https:\\\/\\\/www.boxrepsol.com\\\/es\\\/#\\\/schema\\\/person\\\/c5c2138f2cca251b0ad92b7086bb60b7\"},\"headline\":\"Jaime Olivares o c\u00f3mo convertir una carrera en un relato fotogr\u00e1fico inolvidable\",\"datePublished\":\"2018-04-20T02:00:00+00:00\",\"dateModified\":\"2024-05-22T08:14:02+00:00\",\"mainEntityOfPage\":{\"@id\":\"https:\\\/\\\/www.boxrepsol.com\\\/es\\\/motogp\\\/jaime-olivares-o-como-convertir-una-carrera-en-un-relato-fotografico-inolvidable\\\/\"},\"wordCount\":907,\"commentCount\":0,\"publisher\":{\"@id\":\"https:\\\/\\\/www.boxrepsol.com\\\/es\\\/#organization\"},\"image\":{\"@id\":\"https:\\\/\\\/www.boxrepsol.com\\\/es\\\/motogp\\\/jaime-olivares-o-como-convertir-una-carrera-en-un-relato-fotografico-inolvidable\\\/#primaryimage\"},\"thumbnailUrl\":\"https:\\\/\\\/bxrepsol.s3.eu-west-1.amazonaws.com\\\/static\\\/2022\\\/08\\\/29080851\\\/jaime_olivares_repsol-1.jpg\",\"keywords\":[\"Campeonato del Mundo de Motociclismo\"],\"articleSection\":[\"MotoGP\"],\"inLanguage\":\"es\",\"potentialAction\":[{\"@type\":\"CommentAction\",\"name\":\"Comment\",\"target\":[\"https:\\\/\\\/www.boxrepsol.com\\\/es\\\/motogp\\\/jaime-olivares-o-como-convertir-una-carrera-en-un-relato-fotografico-inolvidable\\\/#respond\"]}]},{\"@type\":\"WebPage\",\"@id\":\"https:\\\/\\\/www.boxrepsol.com\\\/es\\\/motogp\\\/jaime-olivares-o-como-convertir-una-carrera-en-un-relato-fotografico-inolvidable\\\/\",\"url\":\"https:\\\/\\\/www.boxrepsol.com\\\/es\\\/motogp\\\/jaime-olivares-o-como-convertir-una-carrera-en-un-relato-fotografico-inolvidable\\\/\",\"name\":\"Jaime Olivares: convierte una carrera en un relato fotogr\u00e1fico - Box Repsol\",\"isPartOf\":{\"@id\":\"https:\\\/\\\/www.boxrepsol.com\\\/es\\\/#website\"},\"primaryImageOfPage\":{\"@id\":\"https:\\\/\\\/www.boxrepsol.com\\\/es\\\/motogp\\\/jaime-olivares-o-como-convertir-una-carrera-en-un-relato-fotografico-inolvidable\\\/#primaryimage\"},\"image\":{\"@id\":\"https:\\\/\\\/www.boxrepsol.com\\\/es\\\/motogp\\\/jaime-olivares-o-como-convertir-una-carrera-en-un-relato-fotografico-inolvidable\\\/#primaryimage\"},\"thumbnailUrl\":\"https:\\\/\\\/bxrepsol.s3.eu-west-1.amazonaws.com\\\/static\\\/2022\\\/08\\\/29080851\\\/jaime_olivares_repsol-1.jpg\",\"datePublished\":\"2018-04-20T02:00:00+00:00\",\"dateModified\":\"2024-05-22T08:14:02+00:00\",\"description\":\"Jaime Olivares vivir\u00e1 en este 2018 su Mundial de Motociclismo n\u00famero 28. Son casi tres d\u00e9cadas pateando por los circuitos de todo el mundo, lo que le ha\",\"breadcrumb\":{\"@id\":\"https:\\\/\\\/www.boxrepsol.com\\\/es\\\/motogp\\\/jaime-olivares-o-como-convertir-una-carrera-en-un-relato-fotografico-inolvidable\\\/#breadcrumb\"},\"inLanguage\":\"es\",\"potentialAction\":[{\"@type\":\"ReadAction\",\"target\":[\"https:\\\/\\\/www.boxrepsol.com\\\/es\\\/motogp\\\/jaime-olivares-o-como-convertir-una-carrera-en-un-relato-fotografico-inolvidable\\\/\"]}]},{\"@type\":\"ImageObject\",\"inLanguage\":\"es\",\"@id\":\"https:\\\/\\\/www.boxrepsol.com\\\/es\\\/motogp\\\/jaime-olivares-o-como-convertir-una-carrera-en-un-relato-fotografico-inolvidable\\\/#primaryimage\",\"url\":\"https:\\\/\\\/bxrepsol.s3.eu-west-1.amazonaws.com\\\/static\\\/2022\\\/08\\\/29080851\\\/jaime_olivares_repsol-1.jpg\",\"contentUrl\":\"https:\\\/\\\/bxrepsol.s3.eu-west-1.amazonaws.com\\\/static\\\/2022\\\/08\\\/29080851\\\/jaime_olivares_repsol-1.jpg\",\"width\":986,\"height\":555,\"caption\":\"Composici\u00f3n de Dani Pedrosa y Jaime Olivares\"},{\"@type\":\"BreadcrumbList\",\"@id\":\"https:\\\/\\\/www.boxrepsol.com\\\/es\\\/motogp\\\/jaime-olivares-o-como-convertir-una-carrera-en-un-relato-fotografico-inolvidable\\\/#breadcrumb\",\"itemListElement\":[{\"@type\":\"ListItem\",\"position\":1,\"name\":\"Home\",\"item\":\"https:\\\/\\\/www.boxrepsol.com\\\/es\\\/\"},{\"@type\":\"ListItem\",\"position\":2,\"name\":\"Jaime Olivares o c\u00f3mo convertir una carrera en un relato fotogr\u00e1fico inolvidable\"}]},{\"@type\":\"WebSite\",\"@id\":\"https:\\\/\\\/www.boxrepsol.com\\\/es\\\/#website\",\"url\":\"https:\\\/\\\/www.boxrepsol.com\\\/es\\\/\",\"name\":\"Box Repsol\",\"description\":\"Box Repsol Site\",\"publisher\":{\"@id\":\"https:\\\/\\\/www.boxrepsol.com\\\/es\\\/#organization\"},\"potentialAction\":[{\"@type\":\"SearchAction\",\"target\":{\"@type\":\"EntryPoint\",\"urlTemplate\":\"https:\\\/\\\/www.boxrepsol.com\\\/es\\\/?s={search_term_string}\"},\"query-input\":{\"@type\":\"PropertyValueSpecification\",\"valueRequired\":true,\"valueName\":\"search_term_string\"}}],\"inLanguage\":\"es\"},{\"@type\":\"Organization\",\"@id\":\"https:\\\/\\\/www.boxrepsol.com\\\/es\\\/#organization\",\"name\":\"Box Repsol\",\"url\":\"https:\\\/\\\/www.boxrepsol.com\\\/es\\\/\",\"logo\":{\"@type\":\"ImageObject\",\"inLanguage\":\"es\",\"@id\":\"https:\\\/\\\/www.boxrepsol.com\\\/es\\\/#\\\/schema\\\/logo\\\/image\\\/\",\"url\":\"https:\\\/\\\/bxrepsol.s3.eu-west-1.amazonaws.com\\\/static\\\/2025\\\/07\\\/30083337\\\/favicon-96x96-1.png\",\"contentUrl\":\"https:\\\/\\\/bxrepsol.s3.eu-west-1.amazonaws.com\\\/static\\\/2025\\\/07\\\/30083337\\\/favicon-96x96-1.png\",\"width\":96,\"height\":96,\"caption\":\"Box Repsol\"},\"image\":{\"@id\":\"https:\\\/\\\/www.boxrepsol.com\\\/es\\\/#\\\/schema\\\/logo\\\/image\\\/\"},\"sameAs\":[\"https:\\\/\\\/www.facebook.com\\\/BoxRepsol\",\"https:\\\/\\\/x.com\\\/box_repsol\",\"http:\\\/\\\/instagram.com\\\/box_repsol\",\"https:\\\/\\\/www.youtube.com\\\/user\\\/RepsolCompeticion\",\"https:\\\/\\\/www.flickr.com\\\/photos\\\/box_repsol\\\/\"]},{\"@type\":\"Person\",\"@id\":\"https:\\\/\\\/www.boxrepsol.com\\\/es\\\/#\\\/schema\\\/person\\\/c5c2138f2cca251b0ad92b7086bb60b7\",\"name\":\"Redacci\u00f3n Box Repsol\",\"image\":{\"@type\":\"ImageObject\",\"inLanguage\":\"es\",\"@id\":\"https:\\\/\\\/secure.gravatar.com\\\/avatar\\\/adf7b77e38b4419baf32c7e9c21dde01f4e40df611f0978e3006fc4ba0aaab7e?s=96&d=mm&r=g\",\"url\":\"https:\\\/\\\/secure.gravatar.com\\\/avatar\\\/adf7b77e38b4419baf32c7e9c21dde01f4e40df611f0978e3006fc4ba0aaab7e?s=96&d=mm&r=g\",\"contentUrl\":\"https:\\\/\\\/secure.gravatar.com\\\/avatar\\\/adf7b77e38b4419baf32c7e9c21dde01f4e40df611f0978e3006fc4ba0aaab7e?s=96&d=mm&r=g\",\"caption\":\"Redacci\u00f3n Box Repsol\"},\"description\":\"Box Repsol lo forma un equipo de periodistas, community managers, dise\u00f1adores y fot\u00f3grafos con m\u00e1s de 20 a\u00f1os de experiencia en el mundo del motorsport. Hemos vivido el primer mundial de un espa\u00f1ol en la categor\u00eda reina de motociclismo con \u00c1lex Crivill\u00e9, estuvimos en las victorias de Pedrosa y los t\u00edtulos de M\u00e1rquez, acompa\u00f1amos en \u00c1frica a Nani Roma y Marc Coma en sus conquistas del Dakar y hemos vibrado con los t\u00edtulos de Toni Bou en Trial. Adem\u00e1s, en nuestro equipo contamos con expertos en el mundo de las dos y cuatro ruedas tanto de la calle y las carreteras, como de los circuitos. Periodistas que han trabajado en revistas y publicaciones para hacerte llegar desde rutas y consejos de mantenimiento, a curiosidades y trucos de pilotaje.\",\"sameAs\":[\"https:\\\/\\\/www.facebook.com\\\/BoxRepsol\\\/\",\"https:\\\/\\\/www.instagram.com\\\/box_repsol\\\/\",\"https:\\\/\\\/x.com\\\/https:\\\/\\\/twitter.com\\\/box_repsol\",\"https:\\\/\\\/www.youtube.com\\\/@Boxrepsol\"],\"url\":\"https:\\\/\\\/www.boxrepsol.com\\\/es\\\/author\\\/redaccion-box-repsol\\\/\"}]}<\/script>\n<!-- \/ Yoast SEO plugin. -->","yoast_head_json":{"title":"Jaime Olivares: convierte una carrera en un relato fotogr\u00e1fico - Box Repsol","description":"Jaime Olivares vivir\u00e1 en este 2018 su Mundial de Motociclismo n\u00famero 28. Son casi tres d\u00e9cadas pateando por los circuitos de todo el mundo, lo que le ha","canonical":"https:\/\/www.boxrepsol.com\/es\/motogp\/jaime-olivares-o-como-convertir-una-carrera-en-un-relato-fotografico-inolvidable\/","og_locale":"es_ES","og_type":"article","og_title":"Jaime Olivares: convierte una carrera en un relato fotogr\u00e1fico - Box Repsol","og_description":"Jaime Olivares vivir\u00e1 en este 2018 su Mundial de Motociclismo n\u00famero 28. Son casi tres d\u00e9cadas pateando por los circuitos de todo el mundo, lo que le ha","og_url":"https:\/\/www.boxrepsol.com\/es\/motogp\/jaime-olivares-o-como-convertir-una-carrera-en-un-relato-fotografico-inolvidable\/","og_site_name":"Box Repsol","article_publisher":"https:\/\/www.facebook.com\/BoxRepsol","article_author":"https:\/\/www.facebook.com\/BoxRepsol\/","article_published_time":"2018-04-20T02:00:00+00:00","article_modified_time":"2024-05-22T08:14:02+00:00","og_image":[{"width":986,"height":555,"url":"https:\/\/bxrepsol.s3.eu-west-1.amazonaws.com\/static\/2022\/08\/29080851\/jaime_olivares_repsol-1.jpg","type":"image\/jpeg"}],"author":"Redacci\u00f3n Box Repsol","twitter_card":"summary_large_image","twitter_creator":"@https:\/\/twitter.com\/box_repsol","twitter_site":"@box_repsol","twitter_misc":{"Written by":"Redacci\u00f3n Box Repsol","Est. reading time":"4 minutos"},"schema":{"@context":"https:\/\/schema.org","@graph":[{"@type":"Article","@id":"https:\/\/www.boxrepsol.com\/es\/motogp\/jaime-olivares-o-como-convertir-una-carrera-en-un-relato-fotografico-inolvidable\/#article","isPartOf":{"@id":"https:\/\/www.boxrepsol.com\/es\/motogp\/jaime-olivares-o-como-convertir-una-carrera-en-un-relato-fotografico-inolvidable\/"},"author":{"name":"Redacci\u00f3n Box Repsol","@id":"https:\/\/www.boxrepsol.com\/es\/#\/schema\/person\/c5c2138f2cca251b0ad92b7086bb60b7"},"headline":"Jaime Olivares o c\u00f3mo convertir una carrera en un relato fotogr\u00e1fico inolvidable","datePublished":"2018-04-20T02:00:00+00:00","dateModified":"2024-05-22T08:14:02+00:00","mainEntityOfPage":{"@id":"https:\/\/www.boxrepsol.com\/es\/motogp\/jaime-olivares-o-como-convertir-una-carrera-en-un-relato-fotografico-inolvidable\/"},"wordCount":907,"commentCount":0,"publisher":{"@id":"https:\/\/www.boxrepsol.com\/es\/#organization"},"image":{"@id":"https:\/\/www.boxrepsol.com\/es\/motogp\/jaime-olivares-o-como-convertir-una-carrera-en-un-relato-fotografico-inolvidable\/#primaryimage"},"thumbnailUrl":"https:\/\/bxrepsol.s3.eu-west-1.amazonaws.com\/static\/2022\/08\/29080851\/jaime_olivares_repsol-1.jpg","keywords":["Campeonato del Mundo de Motociclismo"],"articleSection":["MotoGP"],"inLanguage":"es","potentialAction":[{"@type":"CommentAction","name":"Comment","target":["https:\/\/www.boxrepsol.com\/es\/motogp\/jaime-olivares-o-como-convertir-una-carrera-en-un-relato-fotografico-inolvidable\/#respond"]}]},{"@type":"WebPage","@id":"https:\/\/www.boxrepsol.com\/es\/motogp\/jaime-olivares-o-como-convertir-una-carrera-en-un-relato-fotografico-inolvidable\/","url":"https:\/\/www.boxrepsol.com\/es\/motogp\/jaime-olivares-o-como-convertir-una-carrera-en-un-relato-fotografico-inolvidable\/","name":"Jaime Olivares: convierte una carrera en un relato fotogr\u00e1fico - Box Repsol","isPartOf":{"@id":"https:\/\/www.boxrepsol.com\/es\/#website"},"primaryImageOfPage":{"@id":"https:\/\/www.boxrepsol.com\/es\/motogp\/jaime-olivares-o-como-convertir-una-carrera-en-un-relato-fotografico-inolvidable\/#primaryimage"},"image":{"@id":"https:\/\/www.boxrepsol.com\/es\/motogp\/jaime-olivares-o-como-convertir-una-carrera-en-un-relato-fotografico-inolvidable\/#primaryimage"},"thumbnailUrl":"https:\/\/bxrepsol.s3.eu-west-1.amazonaws.com\/static\/2022\/08\/29080851\/jaime_olivares_repsol-1.jpg","datePublished":"2018-04-20T02:00:00+00:00","dateModified":"2024-05-22T08:14:02+00:00","description":"Jaime Olivares vivir\u00e1 en este 2018 su Mundial de Motociclismo n\u00famero 28. Son casi tres d\u00e9cadas pateando por los circuitos de todo el mundo, lo que le ha","breadcrumb":{"@id":"https:\/\/www.boxrepsol.com\/es\/motogp\/jaime-olivares-o-como-convertir-una-carrera-en-un-relato-fotografico-inolvidable\/#breadcrumb"},"inLanguage":"es","potentialAction":[{"@type":"ReadAction","target":["https:\/\/www.boxrepsol.com\/es\/motogp\/jaime-olivares-o-como-convertir-una-carrera-en-un-relato-fotografico-inolvidable\/"]}]},{"@type":"ImageObject","inLanguage":"es","@id":"https:\/\/www.boxrepsol.com\/es\/motogp\/jaime-olivares-o-como-convertir-una-carrera-en-un-relato-fotografico-inolvidable\/#primaryimage","url":"https:\/\/bxrepsol.s3.eu-west-1.amazonaws.com\/static\/2022\/08\/29080851\/jaime_olivares_repsol-1.jpg","contentUrl":"https:\/\/bxrepsol.s3.eu-west-1.amazonaws.com\/static\/2022\/08\/29080851\/jaime_olivares_repsol-1.jpg","width":986,"height":555,"caption":"Composici\u00f3n de Dani Pedrosa y Jaime Olivares"},{"@type":"BreadcrumbList","@id":"https:\/\/www.boxrepsol.com\/es\/motogp\/jaime-olivares-o-como-convertir-una-carrera-en-un-relato-fotografico-inolvidable\/#breadcrumb","itemListElement":[{"@type":"ListItem","position":1,"name":"Home","item":"https:\/\/www.boxrepsol.com\/es\/"},{"@type":"ListItem","position":2,"name":"Jaime Olivares o c\u00f3mo convertir una carrera en un relato fotogr\u00e1fico inolvidable"}]},{"@type":"WebSite","@id":"https:\/\/www.boxrepsol.com\/es\/#website","url":"https:\/\/www.boxrepsol.com\/es\/","name":"Box Repsol","description":"Box Repsol Site","publisher":{"@id":"https:\/\/www.boxrepsol.com\/es\/#organization"},"potentialAction":[{"@type":"SearchAction","target":{"@type":"EntryPoint","urlTemplate":"https:\/\/www.boxrepsol.com\/es\/?s={search_term_string}"},"query-input":{"@type":"PropertyValueSpecification","valueRequired":true,"valueName":"search_term_string"}}],"inLanguage":"es"},{"@type":"Organization","@id":"https:\/\/www.boxrepsol.com\/es\/#organization","name":"Box Repsol","url":"https:\/\/www.boxrepsol.com\/es\/","logo":{"@type":"ImageObject","inLanguage":"es","@id":"https:\/\/www.boxrepsol.com\/es\/#\/schema\/logo\/image\/","url":"https:\/\/bxrepsol.s3.eu-west-1.amazonaws.com\/static\/2025\/07\/30083337\/favicon-96x96-1.png","contentUrl":"https:\/\/bxrepsol.s3.eu-west-1.amazonaws.com\/static\/2025\/07\/30083337\/favicon-96x96-1.png","width":96,"height":96,"caption":"Box Repsol"},"image":{"@id":"https:\/\/www.boxrepsol.com\/es\/#\/schema\/logo\/image\/"},"sameAs":["https:\/\/www.facebook.com\/BoxRepsol","https:\/\/x.com\/box_repsol","http:\/\/instagram.com\/box_repsol","https:\/\/www.youtube.com\/user\/RepsolCompeticion","https:\/\/www.flickr.com\/photos\/box_repsol\/"]},{"@type":"Person","@id":"https:\/\/www.boxrepsol.com\/es\/#\/schema\/person\/c5c2138f2cca251b0ad92b7086bb60b7","name":"Redacci\u00f3n Box Repsol","image":{"@type":"ImageObject","inLanguage":"es","@id":"https:\/\/secure.gravatar.com\/avatar\/adf7b77e38b4419baf32c7e9c21dde01f4e40df611f0978e3006fc4ba0aaab7e?s=96&d=mm&r=g","url":"https:\/\/secure.gravatar.com\/avatar\/adf7b77e38b4419baf32c7e9c21dde01f4e40df611f0978e3006fc4ba0aaab7e?s=96&d=mm&r=g","contentUrl":"https:\/\/secure.gravatar.com\/avatar\/adf7b77e38b4419baf32c7e9c21dde01f4e40df611f0978e3006fc4ba0aaab7e?s=96&d=mm&r=g","caption":"Redacci\u00f3n Box Repsol"},"description":"Box Repsol lo forma un equipo de periodistas, community managers, dise\u00f1adores y fot\u00f3grafos con m\u00e1s de 20 a\u00f1os de experiencia en el mundo del motorsport. Hemos vivido el primer mundial de un espa\u00f1ol en la categor\u00eda reina de motociclismo con \u00c1lex Crivill\u00e9, estuvimos en las victorias de Pedrosa y los t\u00edtulos de M\u00e1rquez, acompa\u00f1amos en \u00c1frica a Nani Roma y Marc Coma en sus conquistas del Dakar y hemos vibrado con los t\u00edtulos de Toni Bou en Trial. Adem\u00e1s, en nuestro equipo contamos con expertos en el mundo de las dos y cuatro ruedas tanto de la calle y las carreteras, como de los circuitos. Periodistas que han trabajado en revistas y publicaciones para hacerte llegar desde rutas y consejos de mantenimiento, a curiosidades y trucos de pilotaje.","sameAs":["https:\/\/www.facebook.com\/BoxRepsol\/","https:\/\/www.instagram.com\/box_repsol\/","https:\/\/x.com\/https:\/\/twitter.com\/box_repsol","https:\/\/www.youtube.com\/@Boxrepsol"],"url":"https:\/\/www.boxrepsol.com\/es\/author\/redaccion-box-repsol\/"}]}},"_links":{"self":[{"href":"https:\/\/www.boxrepsol.com\/es\/wp-json\/wp\/v2\/posts\/93013","targetHints":{"allow":["GET"]}}],"collection":[{"href":"https:\/\/www.boxrepsol.com\/es\/wp-json\/wp\/v2\/posts"}],"about":[{"href":"https:\/\/www.boxrepsol.com\/es\/wp-json\/wp\/v2\/types\/post"}],"author":[{"embeddable":true,"href":"https:\/\/www.boxrepsol.com\/es\/wp-json\/wp\/v2\/users\/43146"}],"replies":[{"embeddable":true,"href":"https:\/\/www.boxrepsol.com\/es\/wp-json\/wp\/v2\/comments?post=93013"}],"version-history":[{"count":2,"href":"https:\/\/www.boxrepsol.com\/es\/wp-json\/wp\/v2\/posts\/93013\/revisions"}],"predecessor-version":[{"id":111027,"href":"https:\/\/www.boxrepsol.com\/es\/wp-json\/wp\/v2\/posts\/93013\/revisions\/111027"}],"wp:featuredmedia":[{"embeddable":true,"href":"https:\/\/www.boxrepsol.com\/es\/wp-json\/wp\/v2\/media\/57655"}],"wp:attachment":[{"href":"https:\/\/www.boxrepsol.com\/es\/wp-json\/wp\/v2\/media?parent=93013"}],"wp:term":[{"taxonomy":"category","embeddable":true,"href":"https:\/\/www.boxrepsol.com\/es\/wp-json\/wp\/v2\/categories?post=93013"},{"taxonomy":"post_tag","embeddable":true,"href":"https:\/\/www.boxrepsol.com\/es\/wp-json\/wp\/v2\/tags?post=93013"}],"curies":[{"name":"wp","href":"https:\/\/api.w.org\/{rel}","templated":true}]}}