{"id":93004,"date":"2018-04-16T00:00:00","date_gmt":"2018-04-16T02:00:00","guid":{"rendered":"http:\/\/pre.boxrepsol.com\/sin-categorizar\/hablar-cota-hablar-marc-marquez\/"},"modified":"2024-05-22T06:14:57","modified_gmt":"2024-05-22T08:14:57","slug":"hablar-cota-hablar-marc-marquez","status":"publish","type":"post","link":"https:\/\/www.boxrepsol.com\/es\/motogp\/hablar-cota-hablar-marc-marquez\/","title":{"rendered":"Hablar de COTA es hablar de Marc M\u00e1rquez"},"content":{"rendered":"<blockquote>\n<p>\u00bfTe apuntas a subirte en la RC213V para comprobar como de bien se le da este circuito a Marc?<\/p>\n<p>            <a href=\"http:\/\/twitter.com\/share?text=%C2%BFTe+apuntas+a+subirte+en+la+RC213V+para+comprobar+como+de+bien+se+le+da+este+circuito+a+Marc%3F&#038;url=https%3A%2F%2Fwww.boxrepsol.com%2Fes%2Fmotogp%2Fhablar-cota-hablar-marc-marquez%2F&#038;hashtags=\" target=\"_blank\" data-datalayer='{\"event\": \"socialInteraction\", \"socialNetwork\": \"Twitter\", \"socialAction\": \"Compartir\", \"socialTarget\": \"Frase\"}' rel=\"noopener\"><br \/>\n            twittear        <\/a>\n        <\/p><\/blockquote>\n<p><strong>100% de victorias, no hay otra forma de describirlo<\/strong>. Cada vez que el 93 pone la goma sobre el circuito es para cruzar la l\u00ednea de meta el primer lugar. A sus 6 victorias las acompa\u00f1an inseparables 6 pole positions, una de ellas conseguida tras ir corriendo por el pit lane con el tiempo en sus talones, para cambiar de moto. La \u00fanica marca en la que no ha completado el pleno es en vueltas r\u00e1pidas, en las cuales tiene 5 de las 6 que han tenido lugar en el circuito. \u00bfQueda algo m\u00e1s por a\u00f1adir? Pues s\u00ed, adem\u00e1s de todo esto, Marc M\u00e1rquez tiene la vuelta m\u00e1s r\u00e1pida (2:02,135 pole de 2015) y el r\u00e9cord de mejor vuelta en carrera (2:03,575 en 2014). \u00bfCu\u00e1l es el secreto? \u00bfC\u00f3mo es posible que el piloto Repsol Honda sea tan infalible en este trazado? Las razones son muchas y muy variadas, pero en Box Repsol vamos a intentar desgranarlas \u00bfPor qu\u00e9 es COTA tan favorable para Marc?<\/p>\n<p>\t\t\t\t<img decoding=\"async\" src=\"https:\/\/bxrepsol.s3.eu-west-1.amazonaws.com\/static\/2022\/08\/05054313\/02Austin15MgpREPSOL_G108113.jpg\" alt=\"Marc m\u00e1rquez corre en pit lane\" itemprop=\"image\"  \/><\/p>\n<h3><strong>\u00bfQu\u00e9 podemos encontrar en el Circuito de las Am\u00e9ricas?<\/strong><\/h3>\n<p>Lo primero que cabe destacar, es que estamos ante un circuito que se corre en sentido anti-horario. Tambi\u00e9n es el que cuenta con mayor n\u00famero de curvas del Campeonato sumando hasta 20, 11 de las cuales son de izquierdas. Todos estos giros todav\u00eda dejan espacio suficiente para la recta m\u00e1s larga del Mundial. En efecto, <strong>el trazado cuenta con una recta que alcanza la impresionante cantidad de 1.200 metros<\/strong>, 59 m\u00e1s que la segunda m\u00e1s larga en Mugello. Otro sector a tener en cuenta es el que va desde la curva 3 hasta la 9, con muchos giros enlazados que exigen un pilotaje preciso y una puesta a punto perfecta para aprovechar el m\u00e1ximo rendimiento de la moto. Para abarcar toda esta variedad de situaciones, el circuito tiene un recorrido de 5.513 metros, lo que lo convierten en el tercero m\u00e1s largo del calendario. Por si esto fuese poco, adem\u00e1s cuenta con un desnivel de 41 m. en la recta de meta. En definitiva, \u00a1es un circuito que requiere una gran diversidad de habilidades y un set-up ajustado al dedillo!<\/p>\n<p>\t\t\t\t<img decoding=\"async\" src=\"https:\/\/bxrepsol.s3.eu-west-1.amazonaws.com\/static\/2022\/08\/05054314\/cota13mgp02.jpg\" alt=\"Marc celebrando con equipo\" itemprop=\"image\"  \/><\/p>\n<h3><strong>\u00bfDamos una vuelta con Marc M\u00e1rquez?<\/strong><\/h3>\n<p>\u00bfTe apuntas a <a href=\"https:\/\/www.youtube.com\/watch?v=ZZM7hXRtp88\">subirte en la RC213V<\/a> para comprobar como de bien se le da este circuito a Marc? \u00a1Prep\u00e1rate porque all\u00e1 vamos! Nada m\u00e1s arrancar nos vamos cuesta arriba hacia la curva 1. Se trata de una curva muy cerrada de izquierdas y un punto de adelantamiento claro por sus muchas opciones de trazada. El final de la curva es cuesta abajo lo que hace que salgamos muy r\u00e1pidos hacia la curva 2, a la que sigue un tramo recto antes de entrar en la zona m\u00e1s revirada del circuito.<\/p>\n<p>Las curvas 3 a 10 son toda una monta\u00f1a rusa de giros y tumbadas, con constantes cambios de inclinaci\u00f3n. El manejo preciso del gas y de los frenos es important\u00edsimo, y como sabemos el 93 es un hacha a la hora de sacar lo mejor de sus frenadas. La puesta a punto es primordial para lograr una buena marca en esta zona, as\u00ed como una buena trazada, especialmente en las curvas 6 a 8 en las que una buena tracci\u00f3n se convierte en protagonista. La curva final de este sector, la 10, es ciega por el cambio de rasante que tiene. Se toma a unos 190Km\/h y conduce en bajada hacia la curva 11 que precede a la recta m\u00e1s larga del mundial.<\/p>\n<p><strong>En esta recta se alcanzan aproximadamente los 345 Km\/h<\/strong> de velocidad, pero es mejor no soltar la maneta del freno, porque acaba con una curva muy cerrada a izquierdas. A continuaci\u00f3n, nos adentramos en un tramo de 3 curvas lentas en las que es fundamental mantener una trazada perfecta. Las siguientes tres en contraste con curvas muy abiertas que pueden considerarse un \u00fanico curv\u00f3n. Por su forma nos invita\u00a0 a acelerar constantemente mientras hace que la moto tienda a tirarse hacia el exterior. El circuito finaliza con dos \u00faltimas curvas antes de volver a l\u00ednea de meta. La misma l\u00ednea que fue testigo de la primera victoria de Marc M\u00e1rquez en MotoGP.<\/p>\n<p>\t\t\t\t<img decoding=\"async\" src=\"https:\/\/bxrepsol.s3.eu-west-1.amazonaws.com\/static\/2022\/08\/05054315\/03Austin16MgpREPSOL_JOC6526.jpg\" alt=\"M\u00e1rc caballito en meta celebra con equipo\" itemprop=\"image\"  \/><\/p>\n<p>En definitiva; el Circuito de las Am\u00e9ricas es un circuito de extremos, en el que un ajuste fino y saber aprovechar lo mejor de las muchas situaciones que se nos presentan es lo m\u00e1s importante. Hace falta ser fino con las trazadas, sensible con el freno y agresivo en las curvas, un equilibrio perfecto que nadie ha sido capaz de lograr como Marc M\u00e1rquez.<\/p>\n","protected":false},"excerpt":{"rendered":"<p>El Circuito de las Am\u00e9ricas solo ha conocido un \u00fanico campe\u00f3n a d\u00eda de hoy y ese campe\u00f3n no es otro que el piloto de Cervera, Marc M\u00e1rquez. \u00bfCu\u00e1les son las claves que lo convierten en el rey  del \u00fanico GP norteamericano del calendario actual?<\/p>\n","protected":false},"author":43146,"featured_media":57616,"comment_status":"open","ping_status":"open","sticky":false,"template":"","format":"standard","meta":{"footnotes":""},"categories":[4],"tags":[155],"class_list":["post-93004","post","type-post","status-publish","format-standard","hentry","category-motogp","tag-motogp-americas"],"yoast_head":"<!-- This site is optimized with the Yoast SEO plugin v27.3 - https:\/\/yoast.com\/product\/yoast-seo-wordpress\/ -->\n<title>Hablar de COTA es hablar de Marc M\u00e1rquez - Box Repsol<\/title>\n<meta name=\"description\" content=\"El Circuito de las Am\u00e9ricas solo ha conocido un \u00fanico campe\u00f3n a d\u00eda de hoy y ese campe\u00f3n no es otro que el piloto de Cervera, Marc M\u00e1rquez.\" \/>\n<link rel=\"canonical\" href=\"https:\/\/www.boxrepsol.com\/es\/motogp\/hablar-cota-hablar-marc-marquez\/\" \/>\n<meta property=\"og:locale\" content=\"es_ES\" \/>\n<meta property=\"og:type\" content=\"article\" \/>\n<meta property=\"og:title\" content=\"Hablar de COTA es hablar de Marc M\u00e1rquez - Box Repsol\" \/>\n<meta property=\"og:description\" content=\"El Circuito de las Am\u00e9ricas solo ha conocido un \u00fanico campe\u00f3n a d\u00eda de hoy y ese campe\u00f3n no es otro que el piloto de Cervera, Marc M\u00e1rquez.\" \/>\n<meta property=\"og:url\" content=\"https:\/\/www.boxrepsol.com\/es\/motogp\/hablar-cota-hablar-marc-marquez\/\" \/>\n<meta property=\"og:site_name\" content=\"Box Repsol\" \/>\n<meta property=\"article:publisher\" content=\"https:\/\/www.facebook.com\/BoxRepsol\" \/>\n<meta property=\"article:author\" content=\"https:\/\/www.facebook.com\/BoxRepsol\/\" \/>\n<meta property=\"article:published_time\" content=\"2018-04-16T02:00:00+00:00\" \/>\n<meta property=\"article:modified_time\" content=\"2024-05-22T08:14:57+00:00\" \/>\n<meta property=\"og:image\" content=\"https:\/\/bxrepsol.s3.eu-west-1.amazonaws.com\/static\/2022\/08\/29080830\/00_marc_marquez_austin_motogp_repsol_honda_cota_gp_americas.jpg\" \/>\n\t<meta property=\"og:image:width\" content=\"995\" \/>\n\t<meta property=\"og:image:height\" content=\"560\" \/>\n\t<meta property=\"og:image:type\" content=\"image\/jpeg\" \/>\n<meta name=\"author\" content=\"Redacci\u00f3n Box Repsol\" \/>\n<meta name=\"twitter:card\" content=\"summary_large_image\" \/>\n<meta name=\"twitter:creator\" content=\"@https:\/\/twitter.com\/box_repsol\" \/>\n<meta name=\"twitter:site\" content=\"@box_repsol\" \/>\n<meta name=\"twitter:label1\" content=\"Written by\" \/>\n\t<meta name=\"twitter:data1\" content=\"Redacci\u00f3n Box Repsol\" \/>\n\t<meta name=\"twitter:label2\" content=\"Est. reading time\" \/>\n\t<meta name=\"twitter:data2\" content=\"4 minutos\" \/>\n<script type=\"application\/ld+json\" class=\"yoast-schema-graph\">{\"@context\":\"https:\\\/\\\/schema.org\",\"@graph\":[{\"@type\":\"Article\",\"@id\":\"https:\\\/\\\/www.boxrepsol.com\\\/es\\\/motogp\\\/hablar-cota-hablar-marc-marquez\\\/#article\",\"isPartOf\":{\"@id\":\"https:\\\/\\\/www.boxrepsol.com\\\/es\\\/motogp\\\/hablar-cota-hablar-marc-marquez\\\/\"},\"author\":{\"name\":\"Redacci\u00f3n Box Repsol\",\"@id\":\"https:\\\/\\\/www.boxrepsol.com\\\/es\\\/#\\\/schema\\\/person\\\/c5c2138f2cca251b0ad92b7086bb60b7\"},\"headline\":\"Hablar de COTA es hablar de Marc M\u00e1rquez\",\"datePublished\":\"2018-04-16T02:00:00+00:00\",\"dateModified\":\"2024-05-22T08:14:57+00:00\",\"mainEntityOfPage\":{\"@id\":\"https:\\\/\\\/www.boxrepsol.com\\\/es\\\/motogp\\\/hablar-cota-hablar-marc-marquez\\\/\"},\"wordCount\":794,\"commentCount\":0,\"publisher\":{\"@id\":\"https:\\\/\\\/www.boxrepsol.com\\\/es\\\/#organization\"},\"image\":{\"@id\":\"https:\\\/\\\/www.boxrepsol.com\\\/es\\\/motogp\\\/hablar-cota-hablar-marc-marquez\\\/#primaryimage\"},\"thumbnailUrl\":\"https:\\\/\\\/bxrepsol.s3.eu-west-1.amazonaws.com\\\/static\\\/2022\\\/08\\\/29080830\\\/00_marc_marquez_austin_motogp_repsol_honda_cota_gp_americas.jpg\",\"keywords\":[\"MotoGP Americas\"],\"articleSection\":[\"MotoGP\"],\"inLanguage\":\"es\",\"potentialAction\":[{\"@type\":\"CommentAction\",\"name\":\"Comment\",\"target\":[\"https:\\\/\\\/www.boxrepsol.com\\\/es\\\/motogp\\\/hablar-cota-hablar-marc-marquez\\\/#respond\"]}]},{\"@type\":\"WebPage\",\"@id\":\"https:\\\/\\\/www.boxrepsol.com\\\/es\\\/motogp\\\/hablar-cota-hablar-marc-marquez\\\/\",\"url\":\"https:\\\/\\\/www.boxrepsol.com\\\/es\\\/motogp\\\/hablar-cota-hablar-marc-marquez\\\/\",\"name\":\"Hablar de COTA es hablar de Marc M\u00e1rquez - Box Repsol\",\"isPartOf\":{\"@id\":\"https:\\\/\\\/www.boxrepsol.com\\\/es\\\/#website\"},\"primaryImageOfPage\":{\"@id\":\"https:\\\/\\\/www.boxrepsol.com\\\/es\\\/motogp\\\/hablar-cota-hablar-marc-marquez\\\/#primaryimage\"},\"image\":{\"@id\":\"https:\\\/\\\/www.boxrepsol.com\\\/es\\\/motogp\\\/hablar-cota-hablar-marc-marquez\\\/#primaryimage\"},\"thumbnailUrl\":\"https:\\\/\\\/bxrepsol.s3.eu-west-1.amazonaws.com\\\/static\\\/2022\\\/08\\\/29080830\\\/00_marc_marquez_austin_motogp_repsol_honda_cota_gp_americas.jpg\",\"datePublished\":\"2018-04-16T02:00:00+00:00\",\"dateModified\":\"2024-05-22T08:14:57+00:00\",\"description\":\"El Circuito de las Am\u00e9ricas solo ha conocido un \u00fanico campe\u00f3n a d\u00eda de hoy y ese campe\u00f3n no es otro que el piloto de Cervera, Marc M\u00e1rquez.\",\"breadcrumb\":{\"@id\":\"https:\\\/\\\/www.boxrepsol.com\\\/es\\\/motogp\\\/hablar-cota-hablar-marc-marquez\\\/#breadcrumb\"},\"inLanguage\":\"es\",\"potentialAction\":[{\"@type\":\"ReadAction\",\"target\":[\"https:\\\/\\\/www.boxrepsol.com\\\/es\\\/motogp\\\/hablar-cota-hablar-marc-marquez\\\/\"]}]},{\"@type\":\"ImageObject\",\"inLanguage\":\"es\",\"@id\":\"https:\\\/\\\/www.boxrepsol.com\\\/es\\\/motogp\\\/hablar-cota-hablar-marc-marquez\\\/#primaryimage\",\"url\":\"https:\\\/\\\/bxrepsol.s3.eu-west-1.amazonaws.com\\\/static\\\/2022\\\/08\\\/29080830\\\/00_marc_marquez_austin_motogp_repsol_honda_cota_gp_americas.jpg\",\"contentUrl\":\"https:\\\/\\\/bxrepsol.s3.eu-west-1.amazonaws.com\\\/static\\\/2022\\\/08\\\/29080830\\\/00_marc_marquez_austin_motogp_repsol_honda_cota_gp_americas.jpg\",\"width\":995,\"height\":560,\"caption\":\"Marc M\u00e1rquez ense\u00f1a casco con placa Sheriff\"},{\"@type\":\"BreadcrumbList\",\"@id\":\"https:\\\/\\\/www.boxrepsol.com\\\/es\\\/motogp\\\/hablar-cota-hablar-marc-marquez\\\/#breadcrumb\",\"itemListElement\":[{\"@type\":\"ListItem\",\"position\":1,\"name\":\"Home\",\"item\":\"https:\\\/\\\/www.boxrepsol.com\\\/es\\\/\"},{\"@type\":\"ListItem\",\"position\":2,\"name\":\"Hablar de COTA es hablar de Marc M\u00e1rquez\"}]},{\"@type\":\"WebSite\",\"@id\":\"https:\\\/\\\/www.boxrepsol.com\\\/es\\\/#website\",\"url\":\"https:\\\/\\\/www.boxrepsol.com\\\/es\\\/\",\"name\":\"Box Repsol\",\"description\":\"Box Repsol Site\",\"publisher\":{\"@id\":\"https:\\\/\\\/www.boxrepsol.com\\\/es\\\/#organization\"},\"potentialAction\":[{\"@type\":\"SearchAction\",\"target\":{\"@type\":\"EntryPoint\",\"urlTemplate\":\"https:\\\/\\\/www.boxrepsol.com\\\/es\\\/?s={search_term_string}\"},\"query-input\":{\"@type\":\"PropertyValueSpecification\",\"valueRequired\":true,\"valueName\":\"search_term_string\"}}],\"inLanguage\":\"es\"},{\"@type\":\"Organization\",\"@id\":\"https:\\\/\\\/www.boxrepsol.com\\\/es\\\/#organization\",\"name\":\"Box Repsol\",\"url\":\"https:\\\/\\\/www.boxrepsol.com\\\/es\\\/\",\"logo\":{\"@type\":\"ImageObject\",\"inLanguage\":\"es\",\"@id\":\"https:\\\/\\\/www.boxrepsol.com\\\/es\\\/#\\\/schema\\\/logo\\\/image\\\/\",\"url\":\"https:\\\/\\\/bxrepsol.s3.eu-west-1.amazonaws.com\\\/static\\\/2025\\\/07\\\/30083337\\\/favicon-96x96-1.png\",\"contentUrl\":\"https:\\\/\\\/bxrepsol.s3.eu-west-1.amazonaws.com\\\/static\\\/2025\\\/07\\\/30083337\\\/favicon-96x96-1.png\",\"width\":96,\"height\":96,\"caption\":\"Box Repsol\"},\"image\":{\"@id\":\"https:\\\/\\\/www.boxrepsol.com\\\/es\\\/#\\\/schema\\\/logo\\\/image\\\/\"},\"sameAs\":[\"https:\\\/\\\/www.facebook.com\\\/BoxRepsol\",\"https:\\\/\\\/x.com\\\/box_repsol\",\"http:\\\/\\\/instagram.com\\\/box_repsol\",\"https:\\\/\\\/www.youtube.com\\\/user\\\/RepsolCompeticion\",\"https:\\\/\\\/www.flickr.com\\\/photos\\\/box_repsol\\\/\"]},{\"@type\":\"Person\",\"@id\":\"https:\\\/\\\/www.boxrepsol.com\\\/es\\\/#\\\/schema\\\/person\\\/c5c2138f2cca251b0ad92b7086bb60b7\",\"name\":\"Redacci\u00f3n Box Repsol\",\"image\":{\"@type\":\"ImageObject\",\"inLanguage\":\"es\",\"@id\":\"https:\\\/\\\/secure.gravatar.com\\\/avatar\\\/adf7b77e38b4419baf32c7e9c21dde01f4e40df611f0978e3006fc4ba0aaab7e?s=96&d=mm&r=g\",\"url\":\"https:\\\/\\\/secure.gravatar.com\\\/avatar\\\/adf7b77e38b4419baf32c7e9c21dde01f4e40df611f0978e3006fc4ba0aaab7e?s=96&d=mm&r=g\",\"contentUrl\":\"https:\\\/\\\/secure.gravatar.com\\\/avatar\\\/adf7b77e38b4419baf32c7e9c21dde01f4e40df611f0978e3006fc4ba0aaab7e?s=96&d=mm&r=g\",\"caption\":\"Redacci\u00f3n Box Repsol\"},\"description\":\"Box Repsol lo forma un equipo de periodistas, community managers, dise\u00f1adores y fot\u00f3grafos con m\u00e1s de 20 a\u00f1os de experiencia en el mundo del motorsport. Hemos vivido el primer mundial de un espa\u00f1ol en la categor\u00eda reina de motociclismo con \u00c1lex Crivill\u00e9, estuvimos en las victorias de Pedrosa y los t\u00edtulos de M\u00e1rquez, acompa\u00f1amos en \u00c1frica a Nani Roma y Marc Coma en sus conquistas del Dakar y hemos vibrado con los t\u00edtulos de Toni Bou en Trial. Adem\u00e1s, en nuestro equipo contamos con expertos en el mundo de las dos y cuatro ruedas tanto de la calle y las carreteras, como de los circuitos. Periodistas que han trabajado en revistas y publicaciones para hacerte llegar desde rutas y consejos de mantenimiento, a curiosidades y trucos de pilotaje.\",\"sameAs\":[\"https:\\\/\\\/www.facebook.com\\\/BoxRepsol\\\/\",\"https:\\\/\\\/www.instagram.com\\\/box_repsol\\\/\",\"https:\\\/\\\/x.com\\\/https:\\\/\\\/twitter.com\\\/box_repsol\",\"https:\\\/\\\/www.youtube.com\\\/@Boxrepsol\"],\"url\":\"https:\\\/\\\/www.boxrepsol.com\\\/es\\\/author\\\/redaccion-box-repsol\\\/\"}]}<\/script>\n<!-- \/ Yoast SEO plugin. -->","yoast_head_json":{"title":"Hablar de COTA es hablar de Marc M\u00e1rquez - Box Repsol","description":"El Circuito de las Am\u00e9ricas solo ha conocido un \u00fanico campe\u00f3n a d\u00eda de hoy y ese campe\u00f3n no es otro que el piloto de Cervera, Marc M\u00e1rquez.","canonical":"https:\/\/www.boxrepsol.com\/es\/motogp\/hablar-cota-hablar-marc-marquez\/","og_locale":"es_ES","og_type":"article","og_title":"Hablar de COTA es hablar de Marc M\u00e1rquez - Box Repsol","og_description":"El Circuito de las Am\u00e9ricas solo ha conocido un \u00fanico campe\u00f3n a d\u00eda de hoy y ese campe\u00f3n no es otro que el piloto de Cervera, Marc M\u00e1rquez.","og_url":"https:\/\/www.boxrepsol.com\/es\/motogp\/hablar-cota-hablar-marc-marquez\/","og_site_name":"Box Repsol","article_publisher":"https:\/\/www.facebook.com\/BoxRepsol","article_author":"https:\/\/www.facebook.com\/BoxRepsol\/","article_published_time":"2018-04-16T02:00:00+00:00","article_modified_time":"2024-05-22T08:14:57+00:00","og_image":[{"width":995,"height":560,"url":"https:\/\/bxrepsol.s3.eu-west-1.amazonaws.com\/static\/2022\/08\/29080830\/00_marc_marquez_austin_motogp_repsol_honda_cota_gp_americas.jpg","type":"image\/jpeg"}],"author":"Redacci\u00f3n Box Repsol","twitter_card":"summary_large_image","twitter_creator":"@https:\/\/twitter.com\/box_repsol","twitter_site":"@box_repsol","twitter_misc":{"Written by":"Redacci\u00f3n Box Repsol","Est. reading time":"4 minutos"},"schema":{"@context":"https:\/\/schema.org","@graph":[{"@type":"Article","@id":"https:\/\/www.boxrepsol.com\/es\/motogp\/hablar-cota-hablar-marc-marquez\/#article","isPartOf":{"@id":"https:\/\/www.boxrepsol.com\/es\/motogp\/hablar-cota-hablar-marc-marquez\/"},"author":{"name":"Redacci\u00f3n Box Repsol","@id":"https:\/\/www.boxrepsol.com\/es\/#\/schema\/person\/c5c2138f2cca251b0ad92b7086bb60b7"},"headline":"Hablar de COTA es hablar de Marc M\u00e1rquez","datePublished":"2018-04-16T02:00:00+00:00","dateModified":"2024-05-22T08:14:57+00:00","mainEntityOfPage":{"@id":"https:\/\/www.boxrepsol.com\/es\/motogp\/hablar-cota-hablar-marc-marquez\/"},"wordCount":794,"commentCount":0,"publisher":{"@id":"https:\/\/www.boxrepsol.com\/es\/#organization"},"image":{"@id":"https:\/\/www.boxrepsol.com\/es\/motogp\/hablar-cota-hablar-marc-marquez\/#primaryimage"},"thumbnailUrl":"https:\/\/bxrepsol.s3.eu-west-1.amazonaws.com\/static\/2022\/08\/29080830\/00_marc_marquez_austin_motogp_repsol_honda_cota_gp_americas.jpg","keywords":["MotoGP Americas"],"articleSection":["MotoGP"],"inLanguage":"es","potentialAction":[{"@type":"CommentAction","name":"Comment","target":["https:\/\/www.boxrepsol.com\/es\/motogp\/hablar-cota-hablar-marc-marquez\/#respond"]}]},{"@type":"WebPage","@id":"https:\/\/www.boxrepsol.com\/es\/motogp\/hablar-cota-hablar-marc-marquez\/","url":"https:\/\/www.boxrepsol.com\/es\/motogp\/hablar-cota-hablar-marc-marquez\/","name":"Hablar de COTA es hablar de Marc M\u00e1rquez - Box Repsol","isPartOf":{"@id":"https:\/\/www.boxrepsol.com\/es\/#website"},"primaryImageOfPage":{"@id":"https:\/\/www.boxrepsol.com\/es\/motogp\/hablar-cota-hablar-marc-marquez\/#primaryimage"},"image":{"@id":"https:\/\/www.boxrepsol.com\/es\/motogp\/hablar-cota-hablar-marc-marquez\/#primaryimage"},"thumbnailUrl":"https:\/\/bxrepsol.s3.eu-west-1.amazonaws.com\/static\/2022\/08\/29080830\/00_marc_marquez_austin_motogp_repsol_honda_cota_gp_americas.jpg","datePublished":"2018-04-16T02:00:00+00:00","dateModified":"2024-05-22T08:14:57+00:00","description":"El Circuito de las Am\u00e9ricas solo ha conocido un \u00fanico campe\u00f3n a d\u00eda de hoy y ese campe\u00f3n no es otro que el piloto de Cervera, Marc M\u00e1rquez.","breadcrumb":{"@id":"https:\/\/www.boxrepsol.com\/es\/motogp\/hablar-cota-hablar-marc-marquez\/#breadcrumb"},"inLanguage":"es","potentialAction":[{"@type":"ReadAction","target":["https:\/\/www.boxrepsol.com\/es\/motogp\/hablar-cota-hablar-marc-marquez\/"]}]},{"@type":"ImageObject","inLanguage":"es","@id":"https:\/\/www.boxrepsol.com\/es\/motogp\/hablar-cota-hablar-marc-marquez\/#primaryimage","url":"https:\/\/bxrepsol.s3.eu-west-1.amazonaws.com\/static\/2022\/08\/29080830\/00_marc_marquez_austin_motogp_repsol_honda_cota_gp_americas.jpg","contentUrl":"https:\/\/bxrepsol.s3.eu-west-1.amazonaws.com\/static\/2022\/08\/29080830\/00_marc_marquez_austin_motogp_repsol_honda_cota_gp_americas.jpg","width":995,"height":560,"caption":"Marc M\u00e1rquez ense\u00f1a casco con placa Sheriff"},{"@type":"BreadcrumbList","@id":"https:\/\/www.boxrepsol.com\/es\/motogp\/hablar-cota-hablar-marc-marquez\/#breadcrumb","itemListElement":[{"@type":"ListItem","position":1,"name":"Home","item":"https:\/\/www.boxrepsol.com\/es\/"},{"@type":"ListItem","position":2,"name":"Hablar de COTA es hablar de Marc M\u00e1rquez"}]},{"@type":"WebSite","@id":"https:\/\/www.boxrepsol.com\/es\/#website","url":"https:\/\/www.boxrepsol.com\/es\/","name":"Box Repsol","description":"Box Repsol Site","publisher":{"@id":"https:\/\/www.boxrepsol.com\/es\/#organization"},"potentialAction":[{"@type":"SearchAction","target":{"@type":"EntryPoint","urlTemplate":"https:\/\/www.boxrepsol.com\/es\/?s={search_term_string}"},"query-input":{"@type":"PropertyValueSpecification","valueRequired":true,"valueName":"search_term_string"}}],"inLanguage":"es"},{"@type":"Organization","@id":"https:\/\/www.boxrepsol.com\/es\/#organization","name":"Box Repsol","url":"https:\/\/www.boxrepsol.com\/es\/","logo":{"@type":"ImageObject","inLanguage":"es","@id":"https:\/\/www.boxrepsol.com\/es\/#\/schema\/logo\/image\/","url":"https:\/\/bxrepsol.s3.eu-west-1.amazonaws.com\/static\/2025\/07\/30083337\/favicon-96x96-1.png","contentUrl":"https:\/\/bxrepsol.s3.eu-west-1.amazonaws.com\/static\/2025\/07\/30083337\/favicon-96x96-1.png","width":96,"height":96,"caption":"Box Repsol"},"image":{"@id":"https:\/\/www.boxrepsol.com\/es\/#\/schema\/logo\/image\/"},"sameAs":["https:\/\/www.facebook.com\/BoxRepsol","https:\/\/x.com\/box_repsol","http:\/\/instagram.com\/box_repsol","https:\/\/www.youtube.com\/user\/RepsolCompeticion","https:\/\/www.flickr.com\/photos\/box_repsol\/"]},{"@type":"Person","@id":"https:\/\/www.boxrepsol.com\/es\/#\/schema\/person\/c5c2138f2cca251b0ad92b7086bb60b7","name":"Redacci\u00f3n Box Repsol","image":{"@type":"ImageObject","inLanguage":"es","@id":"https:\/\/secure.gravatar.com\/avatar\/adf7b77e38b4419baf32c7e9c21dde01f4e40df611f0978e3006fc4ba0aaab7e?s=96&d=mm&r=g","url":"https:\/\/secure.gravatar.com\/avatar\/adf7b77e38b4419baf32c7e9c21dde01f4e40df611f0978e3006fc4ba0aaab7e?s=96&d=mm&r=g","contentUrl":"https:\/\/secure.gravatar.com\/avatar\/adf7b77e38b4419baf32c7e9c21dde01f4e40df611f0978e3006fc4ba0aaab7e?s=96&d=mm&r=g","caption":"Redacci\u00f3n Box Repsol"},"description":"Box Repsol lo forma un equipo de periodistas, community managers, dise\u00f1adores y fot\u00f3grafos con m\u00e1s de 20 a\u00f1os de experiencia en el mundo del motorsport. Hemos vivido el primer mundial de un espa\u00f1ol en la categor\u00eda reina de motociclismo con \u00c1lex Crivill\u00e9, estuvimos en las victorias de Pedrosa y los t\u00edtulos de M\u00e1rquez, acompa\u00f1amos en \u00c1frica a Nani Roma y Marc Coma en sus conquistas del Dakar y hemos vibrado con los t\u00edtulos de Toni Bou en Trial. Adem\u00e1s, en nuestro equipo contamos con expertos en el mundo de las dos y cuatro ruedas tanto de la calle y las carreteras, como de los circuitos. Periodistas que han trabajado en revistas y publicaciones para hacerte llegar desde rutas y consejos de mantenimiento, a curiosidades y trucos de pilotaje.","sameAs":["https:\/\/www.facebook.com\/BoxRepsol\/","https:\/\/www.instagram.com\/box_repsol\/","https:\/\/x.com\/https:\/\/twitter.com\/box_repsol","https:\/\/www.youtube.com\/@Boxrepsol"],"url":"https:\/\/www.boxrepsol.com\/es\/author\/redaccion-box-repsol\/"}]}},"_links":{"self":[{"href":"https:\/\/www.boxrepsol.com\/es\/wp-json\/wp\/v2\/posts\/93004","targetHints":{"allow":["GET"]}}],"collection":[{"href":"https:\/\/www.boxrepsol.com\/es\/wp-json\/wp\/v2\/posts"}],"about":[{"href":"https:\/\/www.boxrepsol.com\/es\/wp-json\/wp\/v2\/types\/post"}],"author":[{"embeddable":true,"href":"https:\/\/www.boxrepsol.com\/es\/wp-json\/wp\/v2\/users\/43146"}],"replies":[{"embeddable":true,"href":"https:\/\/www.boxrepsol.com\/es\/wp-json\/wp\/v2\/comments?post=93004"}],"version-history":[{"count":1,"href":"https:\/\/www.boxrepsol.com\/es\/wp-json\/wp\/v2\/posts\/93004\/revisions"}],"predecessor-version":[{"id":93005,"href":"https:\/\/www.boxrepsol.com\/es\/wp-json\/wp\/v2\/posts\/93004\/revisions\/93005"}],"wp:featuredmedia":[{"embeddable":true,"href":"https:\/\/www.boxrepsol.com\/es\/wp-json\/wp\/v2\/media\/57616"}],"wp:attachment":[{"href":"https:\/\/www.boxrepsol.com\/es\/wp-json\/wp\/v2\/media?parent=93004"}],"wp:term":[{"taxonomy":"category","embeddable":true,"href":"https:\/\/www.boxrepsol.com\/es\/wp-json\/wp\/v2\/categories?post=93004"},{"taxonomy":"post_tag","embeddable":true,"href":"https:\/\/www.boxrepsol.com\/es\/wp-json\/wp\/v2\/tags?post=93004"}],"curies":[{"name":"wp","href":"https:\/\/api.w.org\/{rel}","templated":true}]}}