{"id":92997,"date":"2018-04-08T00:00:00","date_gmt":"2018-04-08T02:00:00","guid":{"rendered":"http:\/\/pre.boxrepsol.com\/sin-categorizar\/podio-liderato-aron-canet-gran-remontada-alonso-lopez-sexto\/"},"modified":"2024-05-22T06:08:13","modified_gmt":"2024-05-22T08:08:13","slug":"podio-liderato-aron-canet-gran-remontada-alonso-lopez-sexto","status":"publish","type":"post","link":"https:\/\/www.boxrepsol.com\/es\/motogp\/podio-liderato-aron-canet-gran-remontada-alonso-lopez-sexto\/","title":{"rendered":"Podio y liderato de Ar\u00f3n Canet y gran remontada de Alonso L\u00f3pez, sexto"},"content":{"rendered":"<blockquote>\n<p>Es un resultado muy positivo<\/p>\n<p>            <a href=\"http:\/\/twitter.com\/share?text=Es+un+resultado+muy+positivo&#038;url=https%3A%2F%2Fwww.boxrepsol.com%2Fes%2F%3Fp%3D18968%2F&#038;hashtags=\" target=\"_blank\" data-datalayer='{\"event\": \"socialInteraction\", \"socialNetwork\": \"Twitter\", \"socialAction\": \"Compartir\", \"socialTarget\": \"Frase\"}' rel=\"noopener\"><br \/>\n            twittear        <\/a><\/p>\n<footer>Ar\u00f3n Canet<\/footer>\n<\/blockquote>\n<p>Segundo podio consecutivo de <strong>Ar\u00f3n Canet<\/strong>, que le permite situarse al frente del Mundial con 40 puntos, diez m\u00e1s que el segundo clasificado.<\/p>\n<p>El piloto Repsol de Moto3 part\u00eda en octava plaza en una carrera que ha empezado con la pista mojada y se ha ido secando r\u00e1pidamente.<\/p>\n<p><strong>Alonso L\u00f3pez<\/strong> part\u00eda vigesimoprimero y ha recuperado ocho posiciones en la primera vuelta. Ha seguido adelantando pilotos hasta cruzar la meta en sexta posici\u00f3n. Gran actuaci\u00f3n en su segunda participaci\u00f3n en el Mundial, de nuevo en un circuito desconocido para \u00e9l.<\/p>\n<h3>\n\t\tAr\u00f3n Canet<br \/>\n\t<\/h3>\n<blockquote>\n<p>Ha sido una carrera para terminar, de estas que marcan un campeonato si cometes un error. Finalmente hemos acertado y creo que en parte se debe a la experiencia de llevar tres a\u00f1os en el Mundial. Hemos decidido salir con neum\u00e1ticos de agua y, cuando al final de carrera la pista ha empezado a secarse m\u00e1s, he forzado un poco el ritmo y me he podido escapar de Fabio [Di Giannantonio]. Igualmente me ha alcanzado en la \u00faltima vuelta y gracias a las pantallas de televisi\u00f3n he podido ver que lo ten\u00eda muy cerca, as\u00ed que en la \u00faltima frenada me he cerrado todo lo que he podido. Finalmente he logrado la segunda posici\u00f3n, que es un resultado muy positivo<\/p>\n<\/blockquote>\n<h3>\n\t\tAlonso L\u00f3pez<br \/>\n\t<\/h3>\n<blockquote>\n<p>Ha sido una carrera para terminar, de estas que marcan un campeonato si cometes un error. Finalmente hemos acertado y creo que en parte se debe a la experiencia de llevar tres a\u00f1os en el Mundial. Hemos decidido salir con neum\u00e1ticos de agua y, cuando al final de carrera la pista ha empezado a secarse m\u00e1s, he forzado un poco el ritmo y me he podido escapar de Fabio [Di Giannantonio]. Igualmente me ha alcanzado en la \u00faltima vuelta y gracias a las pantallas de televisi\u00f3n he podido ver que lo ten\u00eda muy cerca, as\u00ed que en la \u00faltima frenada me he cerrado todo lo que he podido. Finalmente he logrado la segunda posici\u00f3n, que es un resultado muy positivo<\/p>\n<\/blockquote>\n","protected":false},"excerpt":{"rendered":"<p>Segundo puesto para el piloto Repsol en una carrera en la que Alonso L\u00f3pez ha recuperado quince posiciones, logrando una meritoria sexta plaza en su segunda participaci\u00f3n en el Mundial.<\/p>\n","protected":false},"author":43146,"featured_media":57596,"comment_status":"open","ping_status":"open","sticky":false,"template":"","format":"standard","meta":{"footnotes":""},"categories":[4],"tags":[14],"class_list":["post-92997","post","type-post","status-publish","format-standard","hentry","category-motogp","tag-moto3"],"yoast_head":"<!-- This site is optimized with the Yoast SEO plugin v27.3 - https:\/\/yoast.com\/product\/yoast-seo-wordpress\/ -->\n<title>Podio y liderato de Ar\u00f3n Canet y gran remontada de Alonso L\u00f3pez, sexto - Box Repsol<\/title>\n<meta name=\"description\" content=\"Segundo puesto para el piloto Repsol en una carrera en la que Alonso L\u00f3pez ha tenido una remontada de quince posiciones, logrando una meritoria sexta plaza.\" \/>\n<link rel=\"canonical\" href=\"https:\/\/www.boxrepsol.com\/es\/motogp\/podio-liderato-aron-canet-gran-remontada-alonso-lopez-sexto\/\" \/>\n<meta property=\"og:locale\" content=\"es_ES\" \/>\n<meta property=\"og:type\" content=\"article\" \/>\n<meta property=\"og:title\" content=\"Podio y liderato de Ar\u00f3n Canet y gran remontada de Alonso L\u00f3pez, sexto - Box Repsol\" \/>\n<meta property=\"og:description\" content=\"Segundo puesto para el piloto Repsol en una carrera en la que Alonso L\u00f3pez ha tenido una remontada de quince posiciones, logrando una meritoria sexta plaza.\" \/>\n<meta property=\"og:url\" content=\"https:\/\/www.boxrepsol.com\/es\/motogp\/podio-liderato-aron-canet-gran-remontada-alonso-lopez-sexto\/\" \/>\n<meta property=\"og:site_name\" content=\"Box Repsol\" \/>\n<meta property=\"article:publisher\" content=\"https:\/\/www.facebook.com\/BoxRepsol\" \/>\n<meta property=\"article:author\" content=\"https:\/\/www.facebook.com\/BoxRepsol\/\" \/>\n<meta property=\"article:published_time\" content=\"2018-04-08T02:00:00+00:00\" \/>\n<meta property=\"article:modified_time\" content=\"2024-05-22T08:08:13+00:00\" \/>\n<meta property=\"og:image\" content=\"https:\/\/bxrepsol.s3.eu-west-1.amazonaws.com\/static\/2022\/08\/29080815\/Pilotos-de-Moto3-en-el-GP-de-Argentina-2018.jpg\" \/>\n\t<meta property=\"og:image:width\" content=\"995\" \/>\n\t<meta property=\"og:image:height\" content=\"560\" \/>\n\t<meta property=\"og:image:type\" content=\"image\/jpeg\" \/>\n<meta name=\"author\" content=\"Redacci\u00f3n Box Repsol\" \/>\n<meta name=\"twitter:card\" content=\"summary_large_image\" \/>\n<meta name=\"twitter:creator\" content=\"@https:\/\/twitter.com\/box_repsol\" \/>\n<meta name=\"twitter:site\" content=\"@box_repsol\" \/>\n<meta name=\"twitter:label1\" content=\"Written by\" \/>\n\t<meta name=\"twitter:data1\" content=\"Redacci\u00f3n Box Repsol\" \/>\n\t<meta name=\"twitter:label2\" content=\"Est. reading time\" \/>\n\t<meta name=\"twitter:data2\" content=\"2 minutos\" \/>\n<script type=\"application\/ld+json\" class=\"yoast-schema-graph\">{\"@context\":\"https:\\\/\\\/schema.org\",\"@graph\":[{\"@type\":\"Article\",\"@id\":\"https:\\\/\\\/www.boxrepsol.com\\\/es\\\/motogp\\\/podio-liderato-aron-canet-gran-remontada-alonso-lopez-sexto\\\/#article\",\"isPartOf\":{\"@id\":\"https:\\\/\\\/www.boxrepsol.com\\\/es\\\/motogp\\\/podio-liderato-aron-canet-gran-remontada-alonso-lopez-sexto\\\/\"},\"author\":{\"name\":\"Redacci\u00f3n Box Repsol\",\"@id\":\"https:\\\/\\\/www.boxrepsol.com\\\/es\\\/#\\\/schema\\\/person\\\/c5c2138f2cca251b0ad92b7086bb60b7\"},\"headline\":\"Podio y liderato de Ar\u00f3n Canet y gran remontada de Alonso L\u00f3pez, sexto\",\"datePublished\":\"2018-04-08T02:00:00+00:00\",\"dateModified\":\"2024-05-22T08:08:13+00:00\",\"mainEntityOfPage\":{\"@id\":\"https:\\\/\\\/www.boxrepsol.com\\\/es\\\/motogp\\\/podio-liderato-aron-canet-gran-remontada-alonso-lopez-sexto\\\/\"},\"wordCount\":379,\"commentCount\":0,\"publisher\":{\"@id\":\"https:\\\/\\\/www.boxrepsol.com\\\/es\\\/#organization\"},\"image\":{\"@id\":\"https:\\\/\\\/www.boxrepsol.com\\\/es\\\/motogp\\\/podio-liderato-aron-canet-gran-remontada-alonso-lopez-sexto\\\/#primaryimage\"},\"thumbnailUrl\":\"https:\\\/\\\/bxrepsol.s3.eu-west-1.amazonaws.com\\\/static\\\/2022\\\/08\\\/29080815\\\/Pilotos-de-Moto3-en-el-GP-de-Argentina-2018.jpg\",\"keywords\":[\"Moto3\"],\"articleSection\":[\"MotoGP\"],\"inLanguage\":\"es\",\"potentialAction\":[{\"@type\":\"CommentAction\",\"name\":\"Comment\",\"target\":[\"https:\\\/\\\/www.boxrepsol.com\\\/es\\\/motogp\\\/podio-liderato-aron-canet-gran-remontada-alonso-lopez-sexto\\\/#respond\"]}]},{\"@type\":\"WebPage\",\"@id\":\"https:\\\/\\\/www.boxrepsol.com\\\/es\\\/motogp\\\/podio-liderato-aron-canet-gran-remontada-alonso-lopez-sexto\\\/\",\"url\":\"https:\\\/\\\/www.boxrepsol.com\\\/es\\\/motogp\\\/podio-liderato-aron-canet-gran-remontada-alonso-lopez-sexto\\\/\",\"name\":\"Podio y liderato de Ar\u00f3n Canet y gran remontada de Alonso L\u00f3pez, sexto - Box Repsol\",\"isPartOf\":{\"@id\":\"https:\\\/\\\/www.boxrepsol.com\\\/es\\\/#website\"},\"primaryImageOfPage\":{\"@id\":\"https:\\\/\\\/www.boxrepsol.com\\\/es\\\/motogp\\\/podio-liderato-aron-canet-gran-remontada-alonso-lopez-sexto\\\/#primaryimage\"},\"image\":{\"@id\":\"https:\\\/\\\/www.boxrepsol.com\\\/es\\\/motogp\\\/podio-liderato-aron-canet-gran-remontada-alonso-lopez-sexto\\\/#primaryimage\"},\"thumbnailUrl\":\"https:\\\/\\\/bxrepsol.s3.eu-west-1.amazonaws.com\\\/static\\\/2022\\\/08\\\/29080815\\\/Pilotos-de-Moto3-en-el-GP-de-Argentina-2018.jpg\",\"datePublished\":\"2018-04-08T02:00:00+00:00\",\"dateModified\":\"2024-05-22T08:08:13+00:00\",\"description\":\"Segundo puesto para el piloto Repsol en una carrera en la que Alonso L\u00f3pez ha tenido una remontada de quince posiciones, logrando una meritoria sexta plaza.\",\"breadcrumb\":{\"@id\":\"https:\\\/\\\/www.boxrepsol.com\\\/es\\\/motogp\\\/podio-liderato-aron-canet-gran-remontada-alonso-lopez-sexto\\\/#breadcrumb\"},\"inLanguage\":\"es\",\"potentialAction\":[{\"@type\":\"ReadAction\",\"target\":[\"https:\\\/\\\/www.boxrepsol.com\\\/es\\\/motogp\\\/podio-liderato-aron-canet-gran-remontada-alonso-lopez-sexto\\\/\"]}]},{\"@type\":\"ImageObject\",\"inLanguage\":\"es\",\"@id\":\"https:\\\/\\\/www.boxrepsol.com\\\/es\\\/motogp\\\/podio-liderato-aron-canet-gran-remontada-alonso-lopez-sexto\\\/#primaryimage\",\"url\":\"https:\\\/\\\/bxrepsol.s3.eu-west-1.amazonaws.com\\\/static\\\/2022\\\/08\\\/29080815\\\/Pilotos-de-Moto3-en-el-GP-de-Argentina-2018.jpg\",\"contentUrl\":\"https:\\\/\\\/bxrepsol.s3.eu-west-1.amazonaws.com\\\/static\\\/2022\\\/08\\\/29080815\\\/Pilotos-de-Moto3-en-el-GP-de-Argentina-2018.jpg\",\"width\":995,\"height\":560,\"caption\":\"Moto3, Alonso L\u00f3pez, Ar\u00f3n Canet, Marc M\u00e1rquez, Dani Pedrosa, motociclismo, MotoGP, HRC, Equipo Repsol Honda, Termas de R\u00edo Hondo, GP de la Rep\u00fablica Argentina, 2018\"},{\"@type\":\"BreadcrumbList\",\"@id\":\"https:\\\/\\\/www.boxrepsol.com\\\/es\\\/motogp\\\/podio-liderato-aron-canet-gran-remontada-alonso-lopez-sexto\\\/#breadcrumb\",\"itemListElement\":[{\"@type\":\"ListItem\",\"position\":1,\"name\":\"Home\",\"item\":\"https:\\\/\\\/www.boxrepsol.com\\\/es\\\/\"},{\"@type\":\"ListItem\",\"position\":2,\"name\":\"Podio y liderato de Ar\u00f3n Canet y gran remontada de Alonso L\u00f3pez, sexto\"}]},{\"@type\":\"WebSite\",\"@id\":\"https:\\\/\\\/www.boxrepsol.com\\\/es\\\/#website\",\"url\":\"https:\\\/\\\/www.boxrepsol.com\\\/es\\\/\",\"name\":\"Box Repsol\",\"description\":\"Box Repsol Site\",\"publisher\":{\"@id\":\"https:\\\/\\\/www.boxrepsol.com\\\/es\\\/#organization\"},\"potentialAction\":[{\"@type\":\"SearchAction\",\"target\":{\"@type\":\"EntryPoint\",\"urlTemplate\":\"https:\\\/\\\/www.boxrepsol.com\\\/es\\\/?s={search_term_string}\"},\"query-input\":{\"@type\":\"PropertyValueSpecification\",\"valueRequired\":true,\"valueName\":\"search_term_string\"}}],\"inLanguage\":\"es\"},{\"@type\":\"Organization\",\"@id\":\"https:\\\/\\\/www.boxrepsol.com\\\/es\\\/#organization\",\"name\":\"Box Repsol\",\"url\":\"https:\\\/\\\/www.boxrepsol.com\\\/es\\\/\",\"logo\":{\"@type\":\"ImageObject\",\"inLanguage\":\"es\",\"@id\":\"https:\\\/\\\/www.boxrepsol.com\\\/es\\\/#\\\/schema\\\/logo\\\/image\\\/\",\"url\":\"https:\\\/\\\/bxrepsol.s3.eu-west-1.amazonaws.com\\\/static\\\/2025\\\/07\\\/30083337\\\/favicon-96x96-1.png\",\"contentUrl\":\"https:\\\/\\\/bxrepsol.s3.eu-west-1.amazonaws.com\\\/static\\\/2025\\\/07\\\/30083337\\\/favicon-96x96-1.png\",\"width\":96,\"height\":96,\"caption\":\"Box Repsol\"},\"image\":{\"@id\":\"https:\\\/\\\/www.boxrepsol.com\\\/es\\\/#\\\/schema\\\/logo\\\/image\\\/\"},\"sameAs\":[\"https:\\\/\\\/www.facebook.com\\\/BoxRepsol\",\"https:\\\/\\\/x.com\\\/box_repsol\",\"http:\\\/\\\/instagram.com\\\/box_repsol\",\"https:\\\/\\\/www.youtube.com\\\/user\\\/RepsolCompeticion\",\"https:\\\/\\\/www.flickr.com\\\/photos\\\/box_repsol\\\/\"]},{\"@type\":\"Person\",\"@id\":\"https:\\\/\\\/www.boxrepsol.com\\\/es\\\/#\\\/schema\\\/person\\\/c5c2138f2cca251b0ad92b7086bb60b7\",\"name\":\"Redacci\u00f3n Box Repsol\",\"image\":{\"@type\":\"ImageObject\",\"inLanguage\":\"es\",\"@id\":\"https:\\\/\\\/secure.gravatar.com\\\/avatar\\\/adf7b77e38b4419baf32c7e9c21dde01f4e40df611f0978e3006fc4ba0aaab7e?s=96&d=mm&r=g\",\"url\":\"https:\\\/\\\/secure.gravatar.com\\\/avatar\\\/adf7b77e38b4419baf32c7e9c21dde01f4e40df611f0978e3006fc4ba0aaab7e?s=96&d=mm&r=g\",\"contentUrl\":\"https:\\\/\\\/secure.gravatar.com\\\/avatar\\\/adf7b77e38b4419baf32c7e9c21dde01f4e40df611f0978e3006fc4ba0aaab7e?s=96&d=mm&r=g\",\"caption\":\"Redacci\u00f3n Box Repsol\"},\"description\":\"Box Repsol lo forma un equipo de periodistas, community managers, dise\u00f1adores y fot\u00f3grafos con m\u00e1s de 20 a\u00f1os de experiencia en el mundo del motorsport. Hemos vivido el primer mundial de un espa\u00f1ol en la categor\u00eda reina de motociclismo con \u00c1lex Crivill\u00e9, estuvimos en las victorias de Pedrosa y los t\u00edtulos de M\u00e1rquez, acompa\u00f1amos en \u00c1frica a Nani Roma y Marc Coma en sus conquistas del Dakar y hemos vibrado con los t\u00edtulos de Toni Bou en Trial. Adem\u00e1s, en nuestro equipo contamos con expertos en el mundo de las dos y cuatro ruedas tanto de la calle y las carreteras, como de los circuitos. Periodistas que han trabajado en revistas y publicaciones para hacerte llegar desde rutas y consejos de mantenimiento, a curiosidades y trucos de pilotaje.\",\"sameAs\":[\"https:\\\/\\\/www.facebook.com\\\/BoxRepsol\\\/\",\"https:\\\/\\\/www.instagram.com\\\/box_repsol\\\/\",\"https:\\\/\\\/x.com\\\/https:\\\/\\\/twitter.com\\\/box_repsol\",\"https:\\\/\\\/www.youtube.com\\\/@Boxrepsol\"],\"url\":\"https:\\\/\\\/www.boxrepsol.com\\\/es\\\/author\\\/redaccion-box-repsol\\\/\"}]}<\/script>\n<!-- \/ Yoast SEO plugin. -->","yoast_head_json":{"title":"Podio y liderato de Ar\u00f3n Canet y gran remontada de Alonso L\u00f3pez, sexto - Box Repsol","description":"Segundo puesto para el piloto Repsol en una carrera en la que Alonso L\u00f3pez ha tenido una remontada de quince posiciones, logrando una meritoria sexta plaza.","canonical":"https:\/\/www.boxrepsol.com\/es\/motogp\/podio-liderato-aron-canet-gran-remontada-alonso-lopez-sexto\/","og_locale":"es_ES","og_type":"article","og_title":"Podio y liderato de Ar\u00f3n Canet y gran remontada de Alonso L\u00f3pez, sexto - Box Repsol","og_description":"Segundo puesto para el piloto Repsol en una carrera en la que Alonso L\u00f3pez ha tenido una remontada de quince posiciones, logrando una meritoria sexta plaza.","og_url":"https:\/\/www.boxrepsol.com\/es\/motogp\/podio-liderato-aron-canet-gran-remontada-alonso-lopez-sexto\/","og_site_name":"Box Repsol","article_publisher":"https:\/\/www.facebook.com\/BoxRepsol","article_author":"https:\/\/www.facebook.com\/BoxRepsol\/","article_published_time":"2018-04-08T02:00:00+00:00","article_modified_time":"2024-05-22T08:08:13+00:00","og_image":[{"width":995,"height":560,"url":"https:\/\/bxrepsol.s3.eu-west-1.amazonaws.com\/static\/2022\/08\/29080815\/Pilotos-de-Moto3-en-el-GP-de-Argentina-2018.jpg","type":"image\/jpeg"}],"author":"Redacci\u00f3n Box Repsol","twitter_card":"summary_large_image","twitter_creator":"@https:\/\/twitter.com\/box_repsol","twitter_site":"@box_repsol","twitter_misc":{"Written by":"Redacci\u00f3n Box Repsol","Est. reading time":"2 minutos"},"schema":{"@context":"https:\/\/schema.org","@graph":[{"@type":"Article","@id":"https:\/\/www.boxrepsol.com\/es\/motogp\/podio-liderato-aron-canet-gran-remontada-alonso-lopez-sexto\/#article","isPartOf":{"@id":"https:\/\/www.boxrepsol.com\/es\/motogp\/podio-liderato-aron-canet-gran-remontada-alonso-lopez-sexto\/"},"author":{"name":"Redacci\u00f3n Box Repsol","@id":"https:\/\/www.boxrepsol.com\/es\/#\/schema\/person\/c5c2138f2cca251b0ad92b7086bb60b7"},"headline":"Podio y liderato de Ar\u00f3n Canet y gran remontada de Alonso L\u00f3pez, sexto","datePublished":"2018-04-08T02:00:00+00:00","dateModified":"2024-05-22T08:08:13+00:00","mainEntityOfPage":{"@id":"https:\/\/www.boxrepsol.com\/es\/motogp\/podio-liderato-aron-canet-gran-remontada-alonso-lopez-sexto\/"},"wordCount":379,"commentCount":0,"publisher":{"@id":"https:\/\/www.boxrepsol.com\/es\/#organization"},"image":{"@id":"https:\/\/www.boxrepsol.com\/es\/motogp\/podio-liderato-aron-canet-gran-remontada-alonso-lopez-sexto\/#primaryimage"},"thumbnailUrl":"https:\/\/bxrepsol.s3.eu-west-1.amazonaws.com\/static\/2022\/08\/29080815\/Pilotos-de-Moto3-en-el-GP-de-Argentina-2018.jpg","keywords":["Moto3"],"articleSection":["MotoGP"],"inLanguage":"es","potentialAction":[{"@type":"CommentAction","name":"Comment","target":["https:\/\/www.boxrepsol.com\/es\/motogp\/podio-liderato-aron-canet-gran-remontada-alonso-lopez-sexto\/#respond"]}]},{"@type":"WebPage","@id":"https:\/\/www.boxrepsol.com\/es\/motogp\/podio-liderato-aron-canet-gran-remontada-alonso-lopez-sexto\/","url":"https:\/\/www.boxrepsol.com\/es\/motogp\/podio-liderato-aron-canet-gran-remontada-alonso-lopez-sexto\/","name":"Podio y liderato de Ar\u00f3n Canet y gran remontada de Alonso L\u00f3pez, sexto - Box Repsol","isPartOf":{"@id":"https:\/\/www.boxrepsol.com\/es\/#website"},"primaryImageOfPage":{"@id":"https:\/\/www.boxrepsol.com\/es\/motogp\/podio-liderato-aron-canet-gran-remontada-alonso-lopez-sexto\/#primaryimage"},"image":{"@id":"https:\/\/www.boxrepsol.com\/es\/motogp\/podio-liderato-aron-canet-gran-remontada-alonso-lopez-sexto\/#primaryimage"},"thumbnailUrl":"https:\/\/bxrepsol.s3.eu-west-1.amazonaws.com\/static\/2022\/08\/29080815\/Pilotos-de-Moto3-en-el-GP-de-Argentina-2018.jpg","datePublished":"2018-04-08T02:00:00+00:00","dateModified":"2024-05-22T08:08:13+00:00","description":"Segundo puesto para el piloto Repsol en una carrera en la que Alonso L\u00f3pez ha tenido una remontada de quince posiciones, logrando una meritoria sexta plaza.","breadcrumb":{"@id":"https:\/\/www.boxrepsol.com\/es\/motogp\/podio-liderato-aron-canet-gran-remontada-alonso-lopez-sexto\/#breadcrumb"},"inLanguage":"es","potentialAction":[{"@type":"ReadAction","target":["https:\/\/www.boxrepsol.com\/es\/motogp\/podio-liderato-aron-canet-gran-remontada-alonso-lopez-sexto\/"]}]},{"@type":"ImageObject","inLanguage":"es","@id":"https:\/\/www.boxrepsol.com\/es\/motogp\/podio-liderato-aron-canet-gran-remontada-alonso-lopez-sexto\/#primaryimage","url":"https:\/\/bxrepsol.s3.eu-west-1.amazonaws.com\/static\/2022\/08\/29080815\/Pilotos-de-Moto3-en-el-GP-de-Argentina-2018.jpg","contentUrl":"https:\/\/bxrepsol.s3.eu-west-1.amazonaws.com\/static\/2022\/08\/29080815\/Pilotos-de-Moto3-en-el-GP-de-Argentina-2018.jpg","width":995,"height":560,"caption":"Moto3, Alonso L\u00f3pez, Ar\u00f3n Canet, Marc M\u00e1rquez, Dani Pedrosa, motociclismo, MotoGP, HRC, Equipo Repsol Honda, Termas de R\u00edo Hondo, GP de la Rep\u00fablica Argentina, 2018"},{"@type":"BreadcrumbList","@id":"https:\/\/www.boxrepsol.com\/es\/motogp\/podio-liderato-aron-canet-gran-remontada-alonso-lopez-sexto\/#breadcrumb","itemListElement":[{"@type":"ListItem","position":1,"name":"Home","item":"https:\/\/www.boxrepsol.com\/es\/"},{"@type":"ListItem","position":2,"name":"Podio y liderato de Ar\u00f3n Canet y gran remontada de Alonso L\u00f3pez, sexto"}]},{"@type":"WebSite","@id":"https:\/\/www.boxrepsol.com\/es\/#website","url":"https:\/\/www.boxrepsol.com\/es\/","name":"Box Repsol","description":"Box Repsol Site","publisher":{"@id":"https:\/\/www.boxrepsol.com\/es\/#organization"},"potentialAction":[{"@type":"SearchAction","target":{"@type":"EntryPoint","urlTemplate":"https:\/\/www.boxrepsol.com\/es\/?s={search_term_string}"},"query-input":{"@type":"PropertyValueSpecification","valueRequired":true,"valueName":"search_term_string"}}],"inLanguage":"es"},{"@type":"Organization","@id":"https:\/\/www.boxrepsol.com\/es\/#organization","name":"Box Repsol","url":"https:\/\/www.boxrepsol.com\/es\/","logo":{"@type":"ImageObject","inLanguage":"es","@id":"https:\/\/www.boxrepsol.com\/es\/#\/schema\/logo\/image\/","url":"https:\/\/bxrepsol.s3.eu-west-1.amazonaws.com\/static\/2025\/07\/30083337\/favicon-96x96-1.png","contentUrl":"https:\/\/bxrepsol.s3.eu-west-1.amazonaws.com\/static\/2025\/07\/30083337\/favicon-96x96-1.png","width":96,"height":96,"caption":"Box Repsol"},"image":{"@id":"https:\/\/www.boxrepsol.com\/es\/#\/schema\/logo\/image\/"},"sameAs":["https:\/\/www.facebook.com\/BoxRepsol","https:\/\/x.com\/box_repsol","http:\/\/instagram.com\/box_repsol","https:\/\/www.youtube.com\/user\/RepsolCompeticion","https:\/\/www.flickr.com\/photos\/box_repsol\/"]},{"@type":"Person","@id":"https:\/\/www.boxrepsol.com\/es\/#\/schema\/person\/c5c2138f2cca251b0ad92b7086bb60b7","name":"Redacci\u00f3n Box Repsol","image":{"@type":"ImageObject","inLanguage":"es","@id":"https:\/\/secure.gravatar.com\/avatar\/adf7b77e38b4419baf32c7e9c21dde01f4e40df611f0978e3006fc4ba0aaab7e?s=96&d=mm&r=g","url":"https:\/\/secure.gravatar.com\/avatar\/adf7b77e38b4419baf32c7e9c21dde01f4e40df611f0978e3006fc4ba0aaab7e?s=96&d=mm&r=g","contentUrl":"https:\/\/secure.gravatar.com\/avatar\/adf7b77e38b4419baf32c7e9c21dde01f4e40df611f0978e3006fc4ba0aaab7e?s=96&d=mm&r=g","caption":"Redacci\u00f3n Box Repsol"},"description":"Box Repsol lo forma un equipo de periodistas, community managers, dise\u00f1adores y fot\u00f3grafos con m\u00e1s de 20 a\u00f1os de experiencia en el mundo del motorsport. Hemos vivido el primer mundial de un espa\u00f1ol en la categor\u00eda reina de motociclismo con \u00c1lex Crivill\u00e9, estuvimos en las victorias de Pedrosa y los t\u00edtulos de M\u00e1rquez, acompa\u00f1amos en \u00c1frica a Nani Roma y Marc Coma en sus conquistas del Dakar y hemos vibrado con los t\u00edtulos de Toni Bou en Trial. Adem\u00e1s, en nuestro equipo contamos con expertos en el mundo de las dos y cuatro ruedas tanto de la calle y las carreteras, como de los circuitos. Periodistas que han trabajado en revistas y publicaciones para hacerte llegar desde rutas y consejos de mantenimiento, a curiosidades y trucos de pilotaje.","sameAs":["https:\/\/www.facebook.com\/BoxRepsol\/","https:\/\/www.instagram.com\/box_repsol\/","https:\/\/x.com\/https:\/\/twitter.com\/box_repsol","https:\/\/www.youtube.com\/@Boxrepsol"],"url":"https:\/\/www.boxrepsol.com\/es\/author\/redaccion-box-repsol\/"}]}},"_links":{"self":[{"href":"https:\/\/www.boxrepsol.com\/es\/wp-json\/wp\/v2\/posts\/92997","targetHints":{"allow":["GET"]}}],"collection":[{"href":"https:\/\/www.boxrepsol.com\/es\/wp-json\/wp\/v2\/posts"}],"about":[{"href":"https:\/\/www.boxrepsol.com\/es\/wp-json\/wp\/v2\/types\/post"}],"author":[{"embeddable":true,"href":"https:\/\/www.boxrepsol.com\/es\/wp-json\/wp\/v2\/users\/43146"}],"replies":[{"embeddable":true,"href":"https:\/\/www.boxrepsol.com\/es\/wp-json\/wp\/v2\/comments?post=92997"}],"version-history":[{"count":1,"href":"https:\/\/www.boxrepsol.com\/es\/wp-json\/wp\/v2\/posts\/92997\/revisions"}],"predecessor-version":[{"id":116524,"href":"https:\/\/www.boxrepsol.com\/es\/wp-json\/wp\/v2\/posts\/92997\/revisions\/116524"}],"wp:featuredmedia":[{"embeddable":true,"href":"https:\/\/www.boxrepsol.com\/es\/wp-json\/wp\/v2\/media\/57596"}],"wp:attachment":[{"href":"https:\/\/www.boxrepsol.com\/es\/wp-json\/wp\/v2\/media?parent=92997"}],"wp:term":[{"taxonomy":"category","embeddable":true,"href":"https:\/\/www.boxrepsol.com\/es\/wp-json\/wp\/v2\/categories?post=92997"},{"taxonomy":"post_tag","embeddable":true,"href":"https:\/\/www.boxrepsol.com\/es\/wp-json\/wp\/v2\/tags?post=92997"}],"curies":[{"name":"wp","href":"https:\/\/api.w.org\/{rel}","templated":true}]}}