{"id":92991,"date":"2018-04-04T00:00:00","date_gmt":"2018-04-04T02:00:00","guid":{"rendered":"http:\/\/pre.boxrepsol.com\/sin-categorizar\/alex-criville-marc-le-pondria-nueve\/"},"modified":"2024-05-22T06:09:04","modified_gmt":"2024-05-22T08:09:04","slug":"alex-criville-marc-le-pondria-nueve","status":"publish","type":"post","link":"https:\/\/www.boxrepsol.com\/es\/motogp\/alex-criville-marc-le-pondria-nueve\/","title":{"rendered":"\u00c1lex Crivill\u00e9: \u201cA Marc le pondr\u00eda un nueve\u201d"},"content":{"rendered":"<blockquote><p>\n\t<a href=\"http:\/\/twitter.com\/share?text=Este+a%C3%B1o+Dani+%5BPedrosa%5D+nos+puede+dar+muchas+sorpresas&#038;url=https%3A%2F%2Fwww.boxrepsol.com%2Fes%2Fmotogp%2Falex-criville-marc-le-pondria-nueve%2F\" target=\"_blank\" rel=\"noopener\"><\/p>\n<p>Este a\u00f1o Dani [Pedrosa] nos puede dar muchas sorpresas<\/p>\n<p>\t<\/a>\n<\/p><\/blockquote>\n<p>El inicio de la temporada de MotoGP en Catar nos regal\u00f3 un duelo por la victoria hasta la \u00faltima curva y hasta siete pilotos cruzando la meta en menos de cinco segundos. Unos ingredientes que elevaron la emoci\u00f3n de MotoGP al mismo nivel en el que termin\u00f3 el a\u00f1o pasado. \u00c1lex Crivill\u00e9, Campe\u00f3n del Mundo de 500 cc con el equipo Repsol Honda en 1999, sigui\u00f3 muy de cerca la competici\u00f3n desde su posici\u00f3n de comentarista de televisi\u00f3n. Con esta entrevista iniciamos un ciclo a trav\u00e9s del cual queremos dar voz a pilotos referentes en la historia de Repsol en el mundo de la competici\u00f3n, que se remonta a 1969.<\/p>\n<p><strong>\u00bfQu\u00e9 valoraci\u00f3n har\u00edas de lo que se vio en la pista de Catar el domingo por la noche?<br \/>\n<\/strong><strong><br \/>\n<\/strong>Fue un inicio muy bueno, con dos pilotos de dos f\u00e1bricas distintas buscando la victoria hasta la \u00faltima curva, aunque ya parec\u00eda durante los entrenamientos que Dovizioso estaba trabajando de cara a la carrera. Creo que este a\u00f1o veremos algo parecido a lo que sucedi\u00f3 la temporada pasada, una lucha de Marc [M\u00e1rquez] y \u2018Dovi\u2019, pero con un abanico mayor de pilotos con posibilidades y menos diferencias entre ellos. Hay diez o doce corredores que en un momento dado se pueden encontrar c\u00f3modos en un circuito y tener opciones de luchar por la victoria.<\/p>\n<p><strong>\u00bfC\u00f3mo has visto las Honda este a\u00f1o?<\/strong><\/p>\n<p>Se ha visto que en cuanto a velocidad punta est\u00e1n un escal\u00f3n por encima de donde estaban el a\u00f1o pasado y han mejorado mucho la aceleraci\u00f3n. Durante el invierno, en Honda han hecho un buen trabajo y una buena evoluci\u00f3n. Creo que una cosa positiva de este a\u00f1o es que empiezan mejor que el pasado, y tanto Marc [M\u00e1rquez] como Dani [Pedrosa] est\u00e1n contentos con su moto.<\/p>\n<p><strong>\u00bfAlg\u00fan piloto de la parrilla que te haya sorprendido en este primer Gran Premio?<\/strong><\/p>\n<p>Esper\u00e1bamos que \u2018Dovi\u2019 y Marc estuvieran delante, pero creo que uno de los pilotos que ha dado un paso adelante es \u00c1lex Rins. El a\u00f1o pasado tuvo mala suerte con la lesi\u00f3n, pero ha hecho unos entrenamientos muy buenos y en la carrera, aunque se cay\u00f3, demostr\u00f3 que tiene potencial para luchar por subir al podio y, por qu\u00e9 no, intentar ganar un Gran Premio.<\/p>\n<p><strong>\u00bfCrees que podemos volver a vivir una temporada como la de 2016, en la que nueve pilotos distintos lograron una victoria?<\/strong><\/p>\n<p>No me atrever\u00eda a decir nueve pilotos, porque a d\u00eda de hoy es muy dif\u00edcil ganar a un M\u00e1rquez o un \u2018Dovi\u2019, pero seis o siete podr\u00eda ser. Pedrosa, Rossi, Vi\u00f1ales, Lorenzo, Rins, Zarco\u2026 Van a estar ah\u00ed. Quiz\u00e1s tambi\u00e9n Crutchlow puede volver a despuntar puntualmente en alguna carrera. No ser\u00eda una sorpresa llegar a la cifra de 2016 y, aunque es dif\u00edcil, la igualdad que hemos visto nos hace pensar que es posible.<\/p>\n<p>\t\t\t\t<img decoding=\"async\" src=\"https:\/\/bxrepsol.s3.eu-west-1.amazonaws.com\/static\/2022\/08\/05054251\/01_criville_3_motogp_repsol_honda_500cc_alex.jpg\" alt=\"\u00c1lex crivill\u00e9 en moto NSR500 con numero 3\" itemprop=\"image\"  \/><\/p>\n<p><strong>Con actuaciones como la de Johann Zarco, \u00bfdir\u00edas que un piloto de un equipo sat\u00e9lite puede ganar a los oficiales?<\/strong><\/p>\n<p>Es cierto que Zarco est\u00e1 en un gran momento y est\u00e1 pilotando muy bien, pero creo que es de los pocos pilotos que puede ganar a los oficiales, porque Petrucci o Crutchlow al final llevan motos de f\u00e1brica, o casi. Lo veo dif\u00edcil, aunque no se puede descartar que aparte de \u00e9l, un d\u00eda de lluvia o de condiciones dif\u00edciles, pueda salir Miller o alguna otra sorpresa.<\/p>\n<p><strong>\u00bfQu\u00e9 nota le pondr\u00edas a Marc? \u00bfQu\u00e9 opinas de su acci\u00f3n en la \u00faltima curva?<\/strong><\/p>\n<p>Una nota muy alta, seguramente a Marc le pondr\u00eda un nueve, porque hizo una gran carrera en la que no se conform\u00f3. Era complicado ganar y aun as\u00ed lo intent\u00f3. La maniobra en la \u00faltima curva era muy dif\u00edcil, porque pudo adelantarle, pero para entrar en la curva tuvo que parar mucho la moto. En cambio \u2018Dovi\u2019 traz\u00f3 muy bien, cogi\u00f3 m\u00e1s inercia y pudo salir m\u00e1s r\u00e1pido en la aceleraci\u00f3n. Est\u00e1 bien que lo intentase, pero al levantar las motos ya se ve\u00eda que una sal\u00eda con m\u00e1s velocidad que la otra. Dovizioso ya sab\u00eda que Marc lo intentar\u00eda, se conocen en el cuerpo a cuerpo.<\/p>\n<p><strong>\u00bfC\u00f3mo valoras que Dani Pedrosa, a pesar de tener problemas con el neum\u00e1tico trasero, terminara solo a 4.5 segundos del vencedor?<\/strong><\/p>\n<p>Creo que este a\u00f1o Dani nos puede dar muchas sorpresas, porque est\u00e1 fuerte, en un buen momento y se siente a gusto con la moto. Tuvo problemas de neum\u00e1ticos, pero podr\u00eda haber estado luchando por el podio y seguro que vendr\u00e1n circuitos mejores en los que podr\u00e1 correr demostrando su potencial.<\/p>\n<p><strong>Ahora toca la cita de Argentina. \u00bfQu\u00e9 crees que veremos en la segunda cita del campeonato?<\/strong><\/p>\n<p>Argentina ser\u00e1 otro cap\u00edtulo, otra carrera, aunque la referencia volver\u00e1n a ser Marc y \u2018Dovi\u2019, un poco como la temporada pasada. Honda volver\u00e1 a estar delante, pero tanto las Yamaha como Ducati estar\u00e1n ah\u00ed. En los primeros entrenamientos veremos c\u00f3mo se adapta cada marca, pero seguro que Dani, Rossi y Vi\u00f1ales pueden hacerlo bien, y creo que Jorge [Lorenzo] tiene que dar un paso al frente, porque si est\u00e1 su compa\u00f1ero, seguro que \u00e9l tambi\u00e9n puede. Luego veremos los invitados, como Zarco, Rins y Petrucci, pero volveremos a ver una gran carrera, con pocas diferencias entre todos ellos.<\/p>\n","protected":false},"excerpt":{"rendered":"<p>El primer Campe\u00f3n del Mundo espa\u00f1ol de la categor\u00eda reina analiza lo que sucedi\u00f3 en el Gran Premio de Catar y nos ofrece su visi\u00f3n sobre el Mundial de MotoGP 2018.<\/p>\n","protected":false},"author":43146,"featured_media":57579,"comment_status":"open","ping_status":"open","sticky":false,"template":"","format":"standard","meta":{"footnotes":""},"categories":[4],"tags":[186],"class_list":["post-92991","post","type-post","status-publish","format-standard","hentry","category-motogp","tag-alex-criville"],"yoast_head":"<!-- This site is optimized with the Yoast SEO plugin v27.3 - https:\/\/yoast.com\/product\/yoast-seo-wordpress\/ -->\n<title>\u00c1lex Crivill\u00e9: \u201cA Marc le pondr\u00eda un nueve\u201d - Box Repsol<\/title>\n<meta name=\"description\" content=\"Crivill\u00e9, Campe\u00f3n del Mundo espa\u00f1ol de la categor\u00eda reina analiza lo que sucedi\u00f3 en el Gran Premio de Catar y nos ofrece su visi\u00f3n sobre el Mundial.\" \/>\n<link rel=\"canonical\" href=\"https:\/\/www.boxrepsol.com\/es\/motogp\/alex-criville-marc-le-pondria-nueve\/\" \/>\n<meta property=\"og:locale\" content=\"es_ES\" \/>\n<meta property=\"og:type\" content=\"article\" \/>\n<meta property=\"og:title\" content=\"\u00c1lex Crivill\u00e9: \u201cA Marc le pondr\u00eda un nueve\u201d - Box Repsol\" \/>\n<meta property=\"og:description\" content=\"Crivill\u00e9, Campe\u00f3n del Mundo espa\u00f1ol de la categor\u00eda reina analiza lo que sucedi\u00f3 en el Gran Premio de Catar y nos ofrece su visi\u00f3n sobre el Mundial.\" \/>\n<meta property=\"og:url\" content=\"https:\/\/www.boxrepsol.com\/es\/motogp\/alex-criville-marc-le-pondria-nueve\/\" \/>\n<meta property=\"og:site_name\" content=\"Box Repsol\" \/>\n<meta property=\"article:publisher\" content=\"https:\/\/www.facebook.com\/BoxRepsol\" \/>\n<meta property=\"article:author\" content=\"https:\/\/www.facebook.com\/BoxRepsol\/\" \/>\n<meta property=\"article:published_time\" content=\"2018-04-04T02:00:00+00:00\" \/>\n<meta property=\"article:modified_time\" content=\"2024-05-22T08:09:04+00:00\" \/>\n<meta property=\"og:image\" content=\"https:\/\/bxrepsol.s3.eu-west-1.amazonaws.com\/static\/2022\/08\/29080805\/00_alex_criville_repsol_honda_1999_2018_motogp_5cc_entrevista.jpg\" \/>\n\t<meta property=\"og:image:width\" content=\"995\" \/>\n\t<meta property=\"og:image:height\" content=\"560\" \/>\n\t<meta property=\"og:image:type\" content=\"image\/jpeg\" \/>\n<meta name=\"author\" content=\"Redacci\u00f3n Box Repsol\" \/>\n<meta name=\"twitter:card\" content=\"summary_large_image\" \/>\n<meta name=\"twitter:creator\" content=\"@https:\/\/twitter.com\/box_repsol\" \/>\n<meta name=\"twitter:site\" content=\"@box_repsol\" \/>\n<meta name=\"twitter:label1\" content=\"Written by\" \/>\n\t<meta name=\"twitter:data1\" content=\"Redacci\u00f3n Box Repsol\" \/>\n\t<meta name=\"twitter:label2\" content=\"Est. reading time\" \/>\n\t<meta name=\"twitter:data2\" content=\"5 minutos\" \/>\n<script type=\"application\/ld+json\" class=\"yoast-schema-graph\">{\"@context\":\"https:\\\/\\\/schema.org\",\"@graph\":[{\"@type\":\"Article\",\"@id\":\"https:\\\/\\\/www.boxrepsol.com\\\/es\\\/motogp\\\/alex-criville-marc-le-pondria-nueve\\\/#article\",\"isPartOf\":{\"@id\":\"https:\\\/\\\/www.boxrepsol.com\\\/es\\\/motogp\\\/alex-criville-marc-le-pondria-nueve\\\/\"},\"author\":{\"name\":\"Redacci\u00f3n Box Repsol\",\"@id\":\"https:\\\/\\\/www.boxrepsol.com\\\/es\\\/#\\\/schema\\\/person\\\/c5c2138f2cca251b0ad92b7086bb60b7\"},\"headline\":\"\u00c1lex Crivill\u00e9: \u201cA Marc le pondr\u00eda un nueve\u201d\",\"datePublished\":\"2018-04-04T02:00:00+00:00\",\"dateModified\":\"2024-05-22T08:09:04+00:00\",\"mainEntityOfPage\":{\"@id\":\"https:\\\/\\\/www.boxrepsol.com\\\/es\\\/motogp\\\/alex-criville-marc-le-pondria-nueve\\\/\"},\"wordCount\":949,\"commentCount\":0,\"publisher\":{\"@id\":\"https:\\\/\\\/www.boxrepsol.com\\\/es\\\/#organization\"},\"image\":{\"@id\":\"https:\\\/\\\/www.boxrepsol.com\\\/es\\\/motogp\\\/alex-criville-marc-le-pondria-nueve\\\/#primaryimage\"},\"thumbnailUrl\":\"https:\\\/\\\/bxrepsol.s3.eu-west-1.amazonaws.com\\\/static\\\/2022\\\/08\\\/29080805\\\/00_alex_criville_repsol_honda_1999_2018_motogp_5cc_entrevista.jpg\",\"keywords\":[\"\u00c1lex Crivill\u00e9\"],\"articleSection\":[\"MotoGP\"],\"inLanguage\":\"es\",\"potentialAction\":[{\"@type\":\"CommentAction\",\"name\":\"Comment\",\"target\":[\"https:\\\/\\\/www.boxrepsol.com\\\/es\\\/motogp\\\/alex-criville-marc-le-pondria-nueve\\\/#respond\"]}]},{\"@type\":\"WebPage\",\"@id\":\"https:\\\/\\\/www.boxrepsol.com\\\/es\\\/motogp\\\/alex-criville-marc-le-pondria-nueve\\\/\",\"url\":\"https:\\\/\\\/www.boxrepsol.com\\\/es\\\/motogp\\\/alex-criville-marc-le-pondria-nueve\\\/\",\"name\":\"\u00c1lex Crivill\u00e9: \u201cA Marc le pondr\u00eda un nueve\u201d - Box Repsol\",\"isPartOf\":{\"@id\":\"https:\\\/\\\/www.boxrepsol.com\\\/es\\\/#website\"},\"primaryImageOfPage\":{\"@id\":\"https:\\\/\\\/www.boxrepsol.com\\\/es\\\/motogp\\\/alex-criville-marc-le-pondria-nueve\\\/#primaryimage\"},\"image\":{\"@id\":\"https:\\\/\\\/www.boxrepsol.com\\\/es\\\/motogp\\\/alex-criville-marc-le-pondria-nueve\\\/#primaryimage\"},\"thumbnailUrl\":\"https:\\\/\\\/bxrepsol.s3.eu-west-1.amazonaws.com\\\/static\\\/2022\\\/08\\\/29080805\\\/00_alex_criville_repsol_honda_1999_2018_motogp_5cc_entrevista.jpg\",\"datePublished\":\"2018-04-04T02:00:00+00:00\",\"dateModified\":\"2024-05-22T08:09:04+00:00\",\"description\":\"Crivill\u00e9, Campe\u00f3n del Mundo espa\u00f1ol de la categor\u00eda reina analiza lo que sucedi\u00f3 en el Gran Premio de Catar y nos ofrece su visi\u00f3n sobre el Mundial.\",\"breadcrumb\":{\"@id\":\"https:\\\/\\\/www.boxrepsol.com\\\/es\\\/motogp\\\/alex-criville-marc-le-pondria-nueve\\\/#breadcrumb\"},\"inLanguage\":\"es\",\"potentialAction\":[{\"@type\":\"ReadAction\",\"target\":[\"https:\\\/\\\/www.boxrepsol.com\\\/es\\\/motogp\\\/alex-criville-marc-le-pondria-nueve\\\/\"]}]},{\"@type\":\"ImageObject\",\"inLanguage\":\"es\",\"@id\":\"https:\\\/\\\/www.boxrepsol.com\\\/es\\\/motogp\\\/alex-criville-marc-le-pondria-nueve\\\/#primaryimage\",\"url\":\"https:\\\/\\\/bxrepsol.s3.eu-west-1.amazonaws.com\\\/static\\\/2022\\\/08\\\/29080805\\\/00_alex_criville_repsol_honda_1999_2018_motogp_5cc_entrevista.jpg\",\"contentUrl\":\"https:\\\/\\\/bxrepsol.s3.eu-west-1.amazonaws.com\\\/static\\\/2022\\\/08\\\/29080805\\\/00_alex_criville_repsol_honda_1999_2018_motogp_5cc_entrevista.jpg\",\"width\":995,\"height\":560,\"caption\":\"\u00c1lex Criville en el podio sosteniendo un trofeo\"},{\"@type\":\"BreadcrumbList\",\"@id\":\"https:\\\/\\\/www.boxrepsol.com\\\/es\\\/motogp\\\/alex-criville-marc-le-pondria-nueve\\\/#breadcrumb\",\"itemListElement\":[{\"@type\":\"ListItem\",\"position\":1,\"name\":\"Home\",\"item\":\"https:\\\/\\\/www.boxrepsol.com\\\/es\\\/\"},{\"@type\":\"ListItem\",\"position\":2,\"name\":\"\u00c1lex Crivill\u00e9: \u201cA Marc le pondr\u00eda un nueve\u201d\"}]},{\"@type\":\"WebSite\",\"@id\":\"https:\\\/\\\/www.boxrepsol.com\\\/es\\\/#website\",\"url\":\"https:\\\/\\\/www.boxrepsol.com\\\/es\\\/\",\"name\":\"Box Repsol\",\"description\":\"Box Repsol Site\",\"publisher\":{\"@id\":\"https:\\\/\\\/www.boxrepsol.com\\\/es\\\/#organization\"},\"potentialAction\":[{\"@type\":\"SearchAction\",\"target\":{\"@type\":\"EntryPoint\",\"urlTemplate\":\"https:\\\/\\\/www.boxrepsol.com\\\/es\\\/?s={search_term_string}\"},\"query-input\":{\"@type\":\"PropertyValueSpecification\",\"valueRequired\":true,\"valueName\":\"search_term_string\"}}],\"inLanguage\":\"es\"},{\"@type\":\"Organization\",\"@id\":\"https:\\\/\\\/www.boxrepsol.com\\\/es\\\/#organization\",\"name\":\"Box Repsol\",\"url\":\"https:\\\/\\\/www.boxrepsol.com\\\/es\\\/\",\"logo\":{\"@type\":\"ImageObject\",\"inLanguage\":\"es\",\"@id\":\"https:\\\/\\\/www.boxrepsol.com\\\/es\\\/#\\\/schema\\\/logo\\\/image\\\/\",\"url\":\"https:\\\/\\\/bxrepsol.s3.eu-west-1.amazonaws.com\\\/static\\\/2025\\\/07\\\/30083337\\\/favicon-96x96-1.png\",\"contentUrl\":\"https:\\\/\\\/bxrepsol.s3.eu-west-1.amazonaws.com\\\/static\\\/2025\\\/07\\\/30083337\\\/favicon-96x96-1.png\",\"width\":96,\"height\":96,\"caption\":\"Box Repsol\"},\"image\":{\"@id\":\"https:\\\/\\\/www.boxrepsol.com\\\/es\\\/#\\\/schema\\\/logo\\\/image\\\/\"},\"sameAs\":[\"https:\\\/\\\/www.facebook.com\\\/BoxRepsol\",\"https:\\\/\\\/x.com\\\/box_repsol\",\"http:\\\/\\\/instagram.com\\\/box_repsol\",\"https:\\\/\\\/www.youtube.com\\\/user\\\/RepsolCompeticion\",\"https:\\\/\\\/www.flickr.com\\\/photos\\\/box_repsol\\\/\"]},{\"@type\":\"Person\",\"@id\":\"https:\\\/\\\/www.boxrepsol.com\\\/es\\\/#\\\/schema\\\/person\\\/c5c2138f2cca251b0ad92b7086bb60b7\",\"name\":\"Redacci\u00f3n Box Repsol\",\"image\":{\"@type\":\"ImageObject\",\"inLanguage\":\"es\",\"@id\":\"https:\\\/\\\/secure.gravatar.com\\\/avatar\\\/adf7b77e38b4419baf32c7e9c21dde01f4e40df611f0978e3006fc4ba0aaab7e?s=96&d=mm&r=g\",\"url\":\"https:\\\/\\\/secure.gravatar.com\\\/avatar\\\/adf7b77e38b4419baf32c7e9c21dde01f4e40df611f0978e3006fc4ba0aaab7e?s=96&d=mm&r=g\",\"contentUrl\":\"https:\\\/\\\/secure.gravatar.com\\\/avatar\\\/adf7b77e38b4419baf32c7e9c21dde01f4e40df611f0978e3006fc4ba0aaab7e?s=96&d=mm&r=g\",\"caption\":\"Redacci\u00f3n Box Repsol\"},\"description\":\"Box Repsol lo forma un equipo de periodistas, community managers, dise\u00f1adores y fot\u00f3grafos con m\u00e1s de 20 a\u00f1os de experiencia en el mundo del motorsport. Hemos vivido el primer mundial de un espa\u00f1ol en la categor\u00eda reina de motociclismo con \u00c1lex Crivill\u00e9, estuvimos en las victorias de Pedrosa y los t\u00edtulos de M\u00e1rquez, acompa\u00f1amos en \u00c1frica a Nani Roma y Marc Coma en sus conquistas del Dakar y hemos vibrado con los t\u00edtulos de Toni Bou en Trial. Adem\u00e1s, en nuestro equipo contamos con expertos en el mundo de las dos y cuatro ruedas tanto de la calle y las carreteras, como de los circuitos. Periodistas que han trabajado en revistas y publicaciones para hacerte llegar desde rutas y consejos de mantenimiento, a curiosidades y trucos de pilotaje.\",\"sameAs\":[\"https:\\\/\\\/www.facebook.com\\\/BoxRepsol\\\/\",\"https:\\\/\\\/www.instagram.com\\\/box_repsol\\\/\",\"https:\\\/\\\/x.com\\\/https:\\\/\\\/twitter.com\\\/box_repsol\",\"https:\\\/\\\/www.youtube.com\\\/@Boxrepsol\"],\"url\":\"https:\\\/\\\/www.boxrepsol.com\\\/es\\\/author\\\/redaccion-box-repsol\\\/\"}]}<\/script>\n<!-- \/ Yoast SEO plugin. -->","yoast_head_json":{"title":"\u00c1lex Crivill\u00e9: \u201cA Marc le pondr\u00eda un nueve\u201d - Box Repsol","description":"Crivill\u00e9, Campe\u00f3n del Mundo espa\u00f1ol de la categor\u00eda reina analiza lo que sucedi\u00f3 en el Gran Premio de Catar y nos ofrece su visi\u00f3n sobre el Mundial.","canonical":"https:\/\/www.boxrepsol.com\/es\/motogp\/alex-criville-marc-le-pondria-nueve\/","og_locale":"es_ES","og_type":"article","og_title":"\u00c1lex Crivill\u00e9: \u201cA Marc le pondr\u00eda un nueve\u201d - Box Repsol","og_description":"Crivill\u00e9, Campe\u00f3n del Mundo espa\u00f1ol de la categor\u00eda reina analiza lo que sucedi\u00f3 en el Gran Premio de Catar y nos ofrece su visi\u00f3n sobre el Mundial.","og_url":"https:\/\/www.boxrepsol.com\/es\/motogp\/alex-criville-marc-le-pondria-nueve\/","og_site_name":"Box Repsol","article_publisher":"https:\/\/www.facebook.com\/BoxRepsol","article_author":"https:\/\/www.facebook.com\/BoxRepsol\/","article_published_time":"2018-04-04T02:00:00+00:00","article_modified_time":"2024-05-22T08:09:04+00:00","og_image":[{"width":995,"height":560,"url":"https:\/\/bxrepsol.s3.eu-west-1.amazonaws.com\/static\/2022\/08\/29080805\/00_alex_criville_repsol_honda_1999_2018_motogp_5cc_entrevista.jpg","type":"image\/jpeg"}],"author":"Redacci\u00f3n Box Repsol","twitter_card":"summary_large_image","twitter_creator":"@https:\/\/twitter.com\/box_repsol","twitter_site":"@box_repsol","twitter_misc":{"Written by":"Redacci\u00f3n Box Repsol","Est. reading time":"5 minutos"},"schema":{"@context":"https:\/\/schema.org","@graph":[{"@type":"Article","@id":"https:\/\/www.boxrepsol.com\/es\/motogp\/alex-criville-marc-le-pondria-nueve\/#article","isPartOf":{"@id":"https:\/\/www.boxrepsol.com\/es\/motogp\/alex-criville-marc-le-pondria-nueve\/"},"author":{"name":"Redacci\u00f3n Box Repsol","@id":"https:\/\/www.boxrepsol.com\/es\/#\/schema\/person\/c5c2138f2cca251b0ad92b7086bb60b7"},"headline":"\u00c1lex Crivill\u00e9: \u201cA Marc le pondr\u00eda un nueve\u201d","datePublished":"2018-04-04T02:00:00+00:00","dateModified":"2024-05-22T08:09:04+00:00","mainEntityOfPage":{"@id":"https:\/\/www.boxrepsol.com\/es\/motogp\/alex-criville-marc-le-pondria-nueve\/"},"wordCount":949,"commentCount":0,"publisher":{"@id":"https:\/\/www.boxrepsol.com\/es\/#organization"},"image":{"@id":"https:\/\/www.boxrepsol.com\/es\/motogp\/alex-criville-marc-le-pondria-nueve\/#primaryimage"},"thumbnailUrl":"https:\/\/bxrepsol.s3.eu-west-1.amazonaws.com\/static\/2022\/08\/29080805\/00_alex_criville_repsol_honda_1999_2018_motogp_5cc_entrevista.jpg","keywords":["\u00c1lex Crivill\u00e9"],"articleSection":["MotoGP"],"inLanguage":"es","potentialAction":[{"@type":"CommentAction","name":"Comment","target":["https:\/\/www.boxrepsol.com\/es\/motogp\/alex-criville-marc-le-pondria-nueve\/#respond"]}]},{"@type":"WebPage","@id":"https:\/\/www.boxrepsol.com\/es\/motogp\/alex-criville-marc-le-pondria-nueve\/","url":"https:\/\/www.boxrepsol.com\/es\/motogp\/alex-criville-marc-le-pondria-nueve\/","name":"\u00c1lex Crivill\u00e9: \u201cA Marc le pondr\u00eda un nueve\u201d - Box Repsol","isPartOf":{"@id":"https:\/\/www.boxrepsol.com\/es\/#website"},"primaryImageOfPage":{"@id":"https:\/\/www.boxrepsol.com\/es\/motogp\/alex-criville-marc-le-pondria-nueve\/#primaryimage"},"image":{"@id":"https:\/\/www.boxrepsol.com\/es\/motogp\/alex-criville-marc-le-pondria-nueve\/#primaryimage"},"thumbnailUrl":"https:\/\/bxrepsol.s3.eu-west-1.amazonaws.com\/static\/2022\/08\/29080805\/00_alex_criville_repsol_honda_1999_2018_motogp_5cc_entrevista.jpg","datePublished":"2018-04-04T02:00:00+00:00","dateModified":"2024-05-22T08:09:04+00:00","description":"Crivill\u00e9, Campe\u00f3n del Mundo espa\u00f1ol de la categor\u00eda reina analiza lo que sucedi\u00f3 en el Gran Premio de Catar y nos ofrece su visi\u00f3n sobre el Mundial.","breadcrumb":{"@id":"https:\/\/www.boxrepsol.com\/es\/motogp\/alex-criville-marc-le-pondria-nueve\/#breadcrumb"},"inLanguage":"es","potentialAction":[{"@type":"ReadAction","target":["https:\/\/www.boxrepsol.com\/es\/motogp\/alex-criville-marc-le-pondria-nueve\/"]}]},{"@type":"ImageObject","inLanguage":"es","@id":"https:\/\/www.boxrepsol.com\/es\/motogp\/alex-criville-marc-le-pondria-nueve\/#primaryimage","url":"https:\/\/bxrepsol.s3.eu-west-1.amazonaws.com\/static\/2022\/08\/29080805\/00_alex_criville_repsol_honda_1999_2018_motogp_5cc_entrevista.jpg","contentUrl":"https:\/\/bxrepsol.s3.eu-west-1.amazonaws.com\/static\/2022\/08\/29080805\/00_alex_criville_repsol_honda_1999_2018_motogp_5cc_entrevista.jpg","width":995,"height":560,"caption":"\u00c1lex Criville en el podio sosteniendo un trofeo"},{"@type":"BreadcrumbList","@id":"https:\/\/www.boxrepsol.com\/es\/motogp\/alex-criville-marc-le-pondria-nueve\/#breadcrumb","itemListElement":[{"@type":"ListItem","position":1,"name":"Home","item":"https:\/\/www.boxrepsol.com\/es\/"},{"@type":"ListItem","position":2,"name":"\u00c1lex Crivill\u00e9: \u201cA Marc le pondr\u00eda un nueve\u201d"}]},{"@type":"WebSite","@id":"https:\/\/www.boxrepsol.com\/es\/#website","url":"https:\/\/www.boxrepsol.com\/es\/","name":"Box Repsol","description":"Box Repsol Site","publisher":{"@id":"https:\/\/www.boxrepsol.com\/es\/#organization"},"potentialAction":[{"@type":"SearchAction","target":{"@type":"EntryPoint","urlTemplate":"https:\/\/www.boxrepsol.com\/es\/?s={search_term_string}"},"query-input":{"@type":"PropertyValueSpecification","valueRequired":true,"valueName":"search_term_string"}}],"inLanguage":"es"},{"@type":"Organization","@id":"https:\/\/www.boxrepsol.com\/es\/#organization","name":"Box Repsol","url":"https:\/\/www.boxrepsol.com\/es\/","logo":{"@type":"ImageObject","inLanguage":"es","@id":"https:\/\/www.boxrepsol.com\/es\/#\/schema\/logo\/image\/","url":"https:\/\/bxrepsol.s3.eu-west-1.amazonaws.com\/static\/2025\/07\/30083337\/favicon-96x96-1.png","contentUrl":"https:\/\/bxrepsol.s3.eu-west-1.amazonaws.com\/static\/2025\/07\/30083337\/favicon-96x96-1.png","width":96,"height":96,"caption":"Box Repsol"},"image":{"@id":"https:\/\/www.boxrepsol.com\/es\/#\/schema\/logo\/image\/"},"sameAs":["https:\/\/www.facebook.com\/BoxRepsol","https:\/\/x.com\/box_repsol","http:\/\/instagram.com\/box_repsol","https:\/\/www.youtube.com\/user\/RepsolCompeticion","https:\/\/www.flickr.com\/photos\/box_repsol\/"]},{"@type":"Person","@id":"https:\/\/www.boxrepsol.com\/es\/#\/schema\/person\/c5c2138f2cca251b0ad92b7086bb60b7","name":"Redacci\u00f3n Box Repsol","image":{"@type":"ImageObject","inLanguage":"es","@id":"https:\/\/secure.gravatar.com\/avatar\/adf7b77e38b4419baf32c7e9c21dde01f4e40df611f0978e3006fc4ba0aaab7e?s=96&d=mm&r=g","url":"https:\/\/secure.gravatar.com\/avatar\/adf7b77e38b4419baf32c7e9c21dde01f4e40df611f0978e3006fc4ba0aaab7e?s=96&d=mm&r=g","contentUrl":"https:\/\/secure.gravatar.com\/avatar\/adf7b77e38b4419baf32c7e9c21dde01f4e40df611f0978e3006fc4ba0aaab7e?s=96&d=mm&r=g","caption":"Redacci\u00f3n Box Repsol"},"description":"Box Repsol lo forma un equipo de periodistas, community managers, dise\u00f1adores y fot\u00f3grafos con m\u00e1s de 20 a\u00f1os de experiencia en el mundo del motorsport. Hemos vivido el primer mundial de un espa\u00f1ol en la categor\u00eda reina de motociclismo con \u00c1lex Crivill\u00e9, estuvimos en las victorias de Pedrosa y los t\u00edtulos de M\u00e1rquez, acompa\u00f1amos en \u00c1frica a Nani Roma y Marc Coma en sus conquistas del Dakar y hemos vibrado con los t\u00edtulos de Toni Bou en Trial. Adem\u00e1s, en nuestro equipo contamos con expertos en el mundo de las dos y cuatro ruedas tanto de la calle y las carreteras, como de los circuitos. Periodistas que han trabajado en revistas y publicaciones para hacerte llegar desde rutas y consejos de mantenimiento, a curiosidades y trucos de pilotaje.","sameAs":["https:\/\/www.facebook.com\/BoxRepsol\/","https:\/\/www.instagram.com\/box_repsol\/","https:\/\/x.com\/https:\/\/twitter.com\/box_repsol","https:\/\/www.youtube.com\/@Boxrepsol"],"url":"https:\/\/www.boxrepsol.com\/es\/author\/redaccion-box-repsol\/"}]}},"_links":{"self":[{"href":"https:\/\/www.boxrepsol.com\/es\/wp-json\/wp\/v2\/posts\/92991","targetHints":{"allow":["GET"]}}],"collection":[{"href":"https:\/\/www.boxrepsol.com\/es\/wp-json\/wp\/v2\/posts"}],"about":[{"href":"https:\/\/www.boxrepsol.com\/es\/wp-json\/wp\/v2\/types\/post"}],"author":[{"embeddable":true,"href":"https:\/\/www.boxrepsol.com\/es\/wp-json\/wp\/v2\/users\/43146"}],"replies":[{"embeddable":true,"href":"https:\/\/www.boxrepsol.com\/es\/wp-json\/wp\/v2\/comments?post=92991"}],"version-history":[{"count":1,"href":"https:\/\/www.boxrepsol.com\/es\/wp-json\/wp\/v2\/posts\/92991\/revisions"}],"predecessor-version":[{"id":92992,"href":"https:\/\/www.boxrepsol.com\/es\/wp-json\/wp\/v2\/posts\/92991\/revisions\/92992"}],"wp:featuredmedia":[{"embeddable":true,"href":"https:\/\/www.boxrepsol.com\/es\/wp-json\/wp\/v2\/media\/57579"}],"wp:attachment":[{"href":"https:\/\/www.boxrepsol.com\/es\/wp-json\/wp\/v2\/media?parent=92991"}],"wp:term":[{"taxonomy":"category","embeddable":true,"href":"https:\/\/www.boxrepsol.com\/es\/wp-json\/wp\/v2\/categories?post=92991"},{"taxonomy":"post_tag","embeddable":true,"href":"https:\/\/www.boxrepsol.com\/es\/wp-json\/wp\/v2\/tags?post=92991"}],"curies":[{"name":"wp","href":"https:\/\/api.w.org\/{rel}","templated":true}]}}